{"id":169,"date":"2026-02-03T03:45:33","date_gmt":"2026-02-03T03:45:33","guid":{"rendered":"https:\/\/lavozdelagente.com.ar\/index\/?p=169"},"modified":"2026-02-03T03:45:33","modified_gmt":"2026-02-03T03:45:33","slug":"el-gobernador-dio-instrucciones-al-jefe-de-gabinete-con-el-fin-de-convocar-a-sectores-que-conforman-la-mesa-de-dialago-y-trabajo","status":"publish","type":"post","link":"https:\/\/lavozdelagente.com.ar\/index\/2026\/02\/03\/el-gobernador-dio-instrucciones-al-jefe-de-gabinete-con-el-fin-de-convocar-a-sectores-que-conforman-la-mesa-de-dialago-y-trabajo\/","title":{"rendered":"EL GOBERNADOR DIO INSTRUCCIONES AL JEFE DE GABINETE CON EL FIN DE CONVOCAR A SECTORES QUE CONFORMAN LA MESA DE DI\u00c1LAGO Y TRABAJO"},"content":{"rendered":"<p>Tras la firma de convenios de cooperaci\u00f3n celebrados con las autoridades de la Unse y la Ucse, para la capacitaci\u00f3n de j\u00f3venes a trav\u00e9s del programa \u201cSantiago crece con vos\u201d, el gobernador El\u00edas Su\u00e1rez inform\u00f3 que dio instrucciones al Jefe de gabinete Victor Araujo para convocar a los sectores que conforman la Mesa de Di\u00e1logo y Trabajo con el fin de escuchar a los sectores gremiales e iniciar conversaciones para definir la pauta salarial, la que ser\u00e1 oficialmente anunciada antes del mi\u00e9rcoles 18 de febrero, d\u00eda que los docentes santiague\u00f1os regresar\u00e1n a las aulas.<br \/>\nEn ese sentido, Su\u00e1rez dijo que dio precisas instrucciones al jefe de Gabinete, V\u00edctor Aruajo, para que durante los pr\u00f3ximos d\u00edas \u201cpuedan debatir, discutir y conversar sobre las distintas alternativas que existen para la pauta salarial de este a\u00f1o y que todo lo que all\u00ed se resuelva\u201d.<br \/>\nRemarc\u00f3 tambi\u00e9n que la informaci\u00f3n oficial sobre este tema ser\u00e1 dada a conocer \u201csolamente a trav\u00e9s de las p\u00e1ginas del gobierno y a trav\u00e9s de todos los sitios web oficiales\u201d.<\/p>\n","protected":false},"excerpt":{"rendered":"<p>Tras la firma de convenios de cooperaci\u00f3n celebrados con las autoridades de la Unse y la Ucse, para la capacitaci\u00f3n<\/p>\n","protected":false},"author":2,"featured_media":170,"comment_status":"open","ping_status":"open","sticky":false,"template":"","format":"standard","meta":{"colormag_page_container_layout":"default_layout","colormag_page_sidebar_layout":"default_layout","_crdt_document":"","om_disable_all_campaigns":false,"_monsterinsights_skip_tracking":false,"_monsterinsights_sitenote_active":false,"_monsterinsights_sitenote_note":"","_monsterinsights_sitenote_category":0,"footnotes":""},"categories":[2],"tags":[],"class_list":["post-169","post","type-post","status-publish","format-standard","has-post-thumbnail","hentry","category-santiago"],"aioseo_notices":[],"rttpg_featured_image_url":{"full":["https:\/\/lavozdelagente.com.ar\/wp-content\/uploads\/2026\/02\/anuncios.jpeg",1280,853,false],"landscape":["https:\/\/lavozdelagente.com.ar\/wp-content\/uploads\/2026\/02\/anuncios.jpeg",1280,853,false],"portraits":["https:\/\/lavozdelagente.com.ar\/wp-content\/uploads\/2026\/02\/anuncios.jpeg",1280,853,false],"thumbnail":["https:\/\/lavozdelagente.com.ar\/wp-content\/uploads\/2026\/02\/anuncios-150x150.jpeg",150,150,true],"medium":["https:\/\/lavozdelagente.com.ar\/wp-content\/uploads\/2026\/02\/anuncios-300x200.jpeg",300,200,true],"large":["https:\/\/lavozdelagente.com.ar\/wp-content\/uploads\/2026\/02\/anuncios-1024x682.jpeg",800,533,true],"1536x1536":["https:\/\/lavozdelagente.com.ar\/wp-content\/uploads\/2026\/02\/anuncios.jpeg",1280,853,false],"2048x2048":["https:\/\/lavozdelagente.com.ar\/wp-content\/uploads\/2026\/02\/anuncios.jpeg",1280,853,false],"colormag-highlighted-post":["https:\/\/lavozdelagente.com.ar\/wp-content\/uploads\/2026\/02\/anuncios-392x272.jpeg",392,272,true],"colormag-featured-post-medium":["https:\/\/lavozdelagente.com.ar\/wp-content\/uploads\/2026\/02\/anuncios-390x205.jpeg",390,205,true],"colormag-featured-post-small":["https:\/\/lavozdelagente.com.ar\/wp-content\/uploads\/2026\/02\/anuncios-130x90.jpeg",130,90,true],"colormag-featured-image":["https:\/\/lavozdelagente.com.ar\/wp-content\/uploads\/2026\/02\/anuncios-800x445.jpeg",800,445,true],"colormag-default-news":["https:\/\/lavozdelagente.com.ar\/wp-content\/uploads\/2026\/02\/anuncios-150x150.jpeg",150,150,true],"colormag-featured-image-large":["https:\/\/lavozdelagente.com.ar\/wp-content\/uploads\/2026\/02\/anuncios-1280x600.jpeg",1280,600,true]},"rttpg_author":{"display_name":"rober","author_link":"https:\/\/lavozdelagente.com.ar\/index\/author\/rober\/"},"rttpg_comment":0,"rttpg_category":"<a href=\"https:\/\/lavozdelagente.com.ar\/index\/category\/santiago\/\" rel=\"category tag\">Santiago<\/a>","rttpg_excerpt":"Tras la firma de convenios de cooperaci\u00f3n celebrados con las autoridades de la Unse y la Ucse, para la capacitaci\u00f3n","_links":{"self":[{"href":"https:\/\/lavozdelagente.com.ar\/index\/wp-json\/wp\/v2\/posts\/169","targetHints":{"allow":["GET"]}}],"collection":[{"href":"https:\/\/lavozdelagente.com.ar\/index\/wp-json\/wp\/v2\/posts"}],"about":[{"href":"https:\/\/lavozdelagente.com.ar\/index\/wp-json\/wp\/v2\/types\/post"}],"author":[{"embeddable":true,"href":"https:\/\/lavozdelagente.com.ar\/index\/wp-json\/wp\/v2\/users\/2"}],"replies":[{"embeddable":true,"href":"https:\/\/lavozdelagente.com.ar\/index\/wp-json\/wp\/v2\/comments?post=169"}],"version-history":[{"count":1,"href":"https:\/\/lavozdelagente.com.ar\/index\/wp-json\/wp\/v2\/posts\/169\/revisions"}],"predecessor-version":[{"id":171,"href":"https:\/\/lavozdelagente.com.ar\/index\/wp-json\/wp\/v2\/posts\/169\/revisions\/171"}],"wp:featuredmedia":[{"embeddable":true,"href":"https:\/\/lavozdelagente.com.ar\/index\/wp-json\/wp\/v2\/media\/170"}],"wp:attachment":[{"href":"https:\/\/lavozdelagente.com.ar\/index\/wp-json\/wp\/v2\/media?parent=169"}],"wp:term":[{"taxonomy":"category","embeddable":true,"href":"https:\/\/lavozdelagente.com.ar\/index\/wp-json\/wp\/v2\/categories?post=169"},{"taxonomy":"post_tag","embeddable":true,"href":"https:\/\/lavozdelagente.com.ar\/index\/wp-json\/wp\/v2\/tags?post=169"}],"curies":[{"name":"wp","href":"https:\/\/api.w.org\/{rel}","templated":true}]}}