{"id":172,"date":"2026-02-03T04:17:30","date_gmt":"2026-02-03T04:17:30","guid":{"rendered":"https:\/\/lavozdelagente.com.ar\/index\/?p=172"},"modified":"2026-02-03T04:17:30","modified_gmt":"2026-02-03T04:17:30","slug":"repercusiones-del-santiago-crece-con-vos","status":"publish","type":"post","link":"https:\/\/lavozdelagente.com.ar\/index\/2026\/02\/03\/repercusiones-del-santiago-crece-con-vos\/","title":{"rendered":"Repercusiones del Santiago Crece con Vos"},"content":{"rendered":"<p>&nbsp;<\/p>\n<p>\u00abLa educaci\u00f3n y la formaci\u00f3n siempre es estrat\u00e9gico, pero cuando a eso se le suma adem\u00e1s la oportunidad de visibilizar ese trabajo para poder ofrecerlo, bueno se potencia y esa es la idea del gobernador en esto\u00bb &#8211; Matilde Omill (Ministra de Justicia y DDHH)<\/p>\n<p>\u00abHemos centrado nosotros muchos esfuerzos para este a\u00f1o para lograr que nuestros j\u00f3venes de entre 18 y 35 a\u00f1os puedan acceder a una formaci\u00f3n de calidad que los habilite calificadamente al mundo laboral\u00bb &#8211; Mariela Nassif (Ministra de Educaci\u00f3n)<\/p>\n<p>\u00abEste programa tan importante vincula tres ejes fundamentales para m\u00ed, que son educaci\u00f3n, trabajo y juventud, porque es un programa que quiere formar recursos humanos j\u00f3venes prepar\u00e1ndolos a trav\u00e9s de la educaci\u00f3n para la incorporaci\u00f3n a los puestos de trabajo\u00bb &#8211; Angel Niccolai (Ministro de Desarrollo Social)<\/p>\n<p>\u00abEs muy importante porque no solo tiende a la capacitaci\u00f3n y a la formaci\u00f3n profesional de los j\u00f3venes, sino tambi\u00e9n tiene que ver con el desarraigo, evitar ese desarraigo y que sean las instituciones quienes van al interior a capacitar a los j\u00f3venes\u00bb &#8211; Bernardo Herrera (Ministro de Gobierno)<\/p>\n","protected":false},"excerpt":{"rendered":"<p>&nbsp; \u00abLa educaci\u00f3n y la formaci\u00f3n siempre es estrat\u00e9gico, pero cuando a eso se le suma adem\u00e1s la oportunidad de<\/p>\n","protected":false},"author":2,"featured_media":173,"comment_status":"open","ping_status":"open","sticky":false,"template":"","format":"standard","meta":{"colormag_page_container_layout":"default_layout","colormag_page_sidebar_layout":"default_layout","_crdt_document":"","om_disable_all_campaigns":false,"_monsterinsights_skip_tracking":false,"_monsterinsights_sitenote_active":false,"_monsterinsights_sitenote_note":"","_monsterinsights_sitenote_category":0,"footnotes":""},"categories":[2],"tags":[],"class_list":["post-172","post","type-post","status-publish","format-standard","has-post-thumbnail","hentry","category-santiago"],"aioseo_notices":[],"rttpg_featured_image_url":{"full":["https:\/\/lavozdelagente.com.ar\/wp-content\/uploads\/2026\/02\/repercuciones.jpeg",1280,853,false],"landscape":["https:\/\/lavozdelagente.com.ar\/wp-content\/uploads\/2026\/02\/repercuciones.jpeg",1280,853,false],"portraits":["https:\/\/lavozdelagente.com.ar\/wp-content\/uploads\/2026\/02\/repercuciones.jpeg",1280,853,false],"thumbnail":["https:\/\/lavozdelagente.com.ar\/wp-content\/uploads\/2026\/02\/repercuciones-150x150.jpeg",150,150,true],"medium":["https:\/\/lavozdelagente.com.ar\/wp-content\/uploads\/2026\/02\/repercuciones-300x200.jpeg",300,200,true],"large":["https:\/\/lavozdelagente.com.ar\/wp-content\/uploads\/2026\/02\/repercuciones-1024x682.jpeg",800,533,true],"1536x1536":["https:\/\/lavozdelagente.com.ar\/wp-content\/uploads\/2026\/02\/repercuciones.jpeg",1280,853,false],"2048x2048":["https:\/\/lavozdelagente.com.ar\/wp-content\/uploads\/2026\/02\/repercuciones.jpeg",1280,853,false],"colormag-highlighted-post":["https:\/\/lavozdelagente.com.ar\/wp-content\/uploads\/2026\/02\/repercuciones-392x272.jpeg",392,272,true],"colormag-featured-post-medium":["https:\/\/lavozdelagente.com.ar\/wp-content\/uploads\/2026\/02\/repercuciones-390x205.jpeg",390,205,true],"colormag-featured-post-small":["https:\/\/lavozdelagente.com.ar\/wp-content\/uploads\/2026\/02\/repercuciones-130x90.jpeg",130,90,true],"colormag-featured-image":["https:\/\/lavozdelagente.com.ar\/wp-content\/uploads\/2026\/02\/repercuciones-800x445.jpeg",800,445,true],"colormag-default-news":["https:\/\/lavozdelagente.com.ar\/wp-content\/uploads\/2026\/02\/repercuciones-150x150.jpeg",150,150,true],"colormag-featured-image-large":["https:\/\/lavozdelagente.com.ar\/wp-content\/uploads\/2026\/02\/repercuciones-1280x600.jpeg",1280,600,true]},"rttpg_author":{"display_name":"rober","author_link":"https:\/\/lavozdelagente.com.ar\/index\/author\/rober\/"},"rttpg_comment":0,"rttpg_category":"<a href=\"https:\/\/lavozdelagente.com.ar\/index\/category\/santiago\/\" rel=\"category tag\">Santiago<\/a>","rttpg_excerpt":"&nbsp; \u00abLa educaci\u00f3n y la formaci\u00f3n siempre es estrat\u00e9gico, pero cuando a eso se le suma adem\u00e1s la oportunidad de","_links":{"self":[{"href":"https:\/\/lavozdelagente.com.ar\/index\/wp-json\/wp\/v2\/posts\/172","targetHints":{"allow":["GET"]}}],"collection":[{"href":"https:\/\/lavozdelagente.com.ar\/index\/wp-json\/wp\/v2\/posts"}],"about":[{"href":"https:\/\/lavozdelagente.com.ar\/index\/wp-json\/wp\/v2\/types\/post"}],"author":[{"embeddable":true,"href":"https:\/\/lavozdelagente.com.ar\/index\/wp-json\/wp\/v2\/users\/2"}],"replies":[{"embeddable":true,"href":"https:\/\/lavozdelagente.com.ar\/index\/wp-json\/wp\/v2\/comments?post=172"}],"version-history":[{"count":1,"href":"https:\/\/lavozdelagente.com.ar\/index\/wp-json\/wp\/v2\/posts\/172\/revisions"}],"predecessor-version":[{"id":174,"href":"https:\/\/lavozdelagente.com.ar\/index\/wp-json\/wp\/v2\/posts\/172\/revisions\/174"}],"wp:featuredmedia":[{"embeddable":true,"href":"https:\/\/lavozdelagente.com.ar\/index\/wp-json\/wp\/v2\/media\/173"}],"wp:attachment":[{"href":"https:\/\/lavozdelagente.com.ar\/index\/wp-json\/wp\/v2\/media?parent=172"}],"wp:term":[{"taxonomy":"category","embeddable":true,"href":"https:\/\/lavozdelagente.com.ar\/index\/wp-json\/wp\/v2\/categories?post=172"},{"taxonomy":"post_tag","embeddable":true,"href":"https:\/\/lavozdelagente.com.ar\/index\/wp-json\/wp\/v2\/tags?post=172"}],"curies":[{"name":"wp","href":"https:\/\/api.w.org\/{rel}","templated":true}]}}