{"id":175,"date":"2026-02-03T04:21:45","date_gmt":"2026-02-03T04:21:45","guid":{"rendered":"https:\/\/lavozdelagente.com.ar\/index\/?p=175"},"modified":"2026-02-03T04:21:45","modified_gmt":"2026-02-03T04:21:45","slug":"la-intendente-fuentes-asistio-a-la-firma-de-convenios-entre-el-gobernador-suarez-y-las-universidades-locales","status":"publish","type":"post","link":"https:\/\/lavozdelagente.com.ar\/index\/2026\/02\/03\/la-intendente-fuentes-asistio-a-la-firma-de-convenios-entre-el-gobernador-suarez-y-las-universidades-locales\/","title":{"rendered":"La intendente Fuentes asisti\u00f3 a la firma de convenios entre el gobernador Su\u00e1rez y las universidades locales"},"content":{"rendered":"<p>&nbsp;<\/p>\n<p>La intendente, Ing. Norma Fuentes, asisti\u00f3 a la firma del convenio entre el gobernador, El\u00edas Su\u00e1rez, y las universidades locales para la implementaci\u00f3n y puesta en marcha del programa \u00abSantiago crece con vos\u00bb.<br \/>\nRubricaron el documento adem\u00e1s el rector de la UNSE, Marcelino Ledesma y el rector de la UCSE, Luis Lucena.<br \/>\nTambi\u00e9n participaron de la ceremonia el vicegobernador, Carlos Silva Neder y la ministra de Educaci\u00f3n, Mariela Nassif; entre otras autoridades.<br \/>\n\u00abSantiago crece con vos\u00bb es una iniciativa de desarrollo social y productivo enfocada en generar oportunidades para j\u00f3venes de entre 18 y 35 a\u00f1os a trav\u00e9s de cursos de formaci\u00f3n, pr\u00e1cticas laborales y apoyo econ\u00f3mico.<br \/>\nEl programa propone un recorrido formativo que articula saberes t\u00e9cnicos, digitales y profesionales con la terminalidad de la educaci\u00f3n secundaria, ampliando las oportunidades de inserci\u00f3n laboral y de desarrollo personal de los j\u00f3venes santiague\u00f1os.<\/p>\n","protected":false},"excerpt":{"rendered":"<p>&nbsp; La intendente, Ing. Norma Fuentes, asisti\u00f3 a la firma del convenio entre el gobernador, El\u00edas Su\u00e1rez, y las universidades<\/p>\n","protected":false},"author":2,"featured_media":176,"comment_status":"open","ping_status":"open","sticky":false,"template":"","format":"standard","meta":{"colormag_page_container_layout":"default_layout","colormag_page_sidebar_layout":"default_layout","_crdt_document":"","om_disable_all_campaigns":false,"_monsterinsights_skip_tracking":false,"_monsterinsights_sitenote_active":false,"_monsterinsights_sitenote_note":"","_monsterinsights_sitenote_category":0,"footnotes":""},"categories":[2],"tags":[],"class_list":["post-175","post","type-post","status-publish","format-standard","has-post-thumbnail","hentry","category-santiago"],"aioseo_notices":[],"rttpg_featured_image_url":{"full":["https:\/\/lavozdelagente.com.ar\/wp-content\/uploads\/2026\/02\/presencia_firma.jpeg",1600,1066,false],"landscape":["https:\/\/lavozdelagente.com.ar\/wp-content\/uploads\/2026\/02\/presencia_firma.jpeg",1600,1066,false],"portraits":["https:\/\/lavozdelagente.com.ar\/wp-content\/uploads\/2026\/02\/presencia_firma.jpeg",1600,1066,false],"thumbnail":["https:\/\/lavozdelagente.com.ar\/wp-content\/uploads\/2026\/02\/presencia_firma-150x150.jpeg",150,150,true],"medium":["https:\/\/lavozdelagente.com.ar\/wp-content\/uploads\/2026\/02\/presencia_firma-300x200.jpeg",300,200,true],"large":["https:\/\/lavozdelagente.com.ar\/wp-content\/uploads\/2026\/02\/presencia_firma-1024x682.jpeg",800,533,true],"1536x1536":["https:\/\/lavozdelagente.com.ar\/wp-content\/uploads\/2026\/02\/presencia_firma-1536x1023.jpeg",1536,1023,true],"2048x2048":["https:\/\/lavozdelagente.com.ar\/wp-content\/uploads\/2026\/02\/presencia_firma.jpeg",1600,1066,false],"colormag-highlighted-post":["https:\/\/lavozdelagente.com.ar\/wp-content\/uploads\/2026\/02\/presencia_firma-392x272.jpeg",392,272,true],"colormag-featured-post-medium":["https:\/\/lavozdelagente.com.ar\/wp-content\/uploads\/2026\/02\/presencia_firma-390x205.jpeg",390,205,true],"colormag-featured-post-small":["https:\/\/lavozdelagente.com.ar\/wp-content\/uploads\/2026\/02\/presencia_firma-130x90.jpeg",130,90,true],"colormag-featured-image":["https:\/\/lavozdelagente.com.ar\/wp-content\/uploads\/2026\/02\/presencia_firma-800x445.jpeg",800,445,true],"colormag-default-news":["https:\/\/lavozdelagente.com.ar\/wp-content\/uploads\/2026\/02\/presencia_firma-150x150.jpeg",150,150,true],"colormag-featured-image-large":["https:\/\/lavozdelagente.com.ar\/wp-content\/uploads\/2026\/02\/presencia_firma-1400x600.jpeg",1400,600,true]},"rttpg_author":{"display_name":"rober","author_link":"https:\/\/lavozdelagente.com.ar\/index\/author\/rober\/"},"rttpg_comment":0,"rttpg_category":"<a href=\"https:\/\/lavozdelagente.com.ar\/index\/category\/santiago\/\" rel=\"category tag\">Santiago<\/a>","rttpg_excerpt":"&nbsp; La intendente, Ing. Norma Fuentes, asisti\u00f3 a la firma del convenio entre el gobernador, El\u00edas Su\u00e1rez, y las universidades","_links":{"self":[{"href":"https:\/\/lavozdelagente.com.ar\/index\/wp-json\/wp\/v2\/posts\/175","targetHints":{"allow":["GET"]}}],"collection":[{"href":"https:\/\/lavozdelagente.com.ar\/index\/wp-json\/wp\/v2\/posts"}],"about":[{"href":"https:\/\/lavozdelagente.com.ar\/index\/wp-json\/wp\/v2\/types\/post"}],"author":[{"embeddable":true,"href":"https:\/\/lavozdelagente.com.ar\/index\/wp-json\/wp\/v2\/users\/2"}],"replies":[{"embeddable":true,"href":"https:\/\/lavozdelagente.com.ar\/index\/wp-json\/wp\/v2\/comments?post=175"}],"version-history":[{"count":1,"href":"https:\/\/lavozdelagente.com.ar\/index\/wp-json\/wp\/v2\/posts\/175\/revisions"}],"predecessor-version":[{"id":177,"href":"https:\/\/lavozdelagente.com.ar\/index\/wp-json\/wp\/v2\/posts\/175\/revisions\/177"}],"wp:featuredmedia":[{"embeddable":true,"href":"https:\/\/lavozdelagente.com.ar\/index\/wp-json\/wp\/v2\/media\/176"}],"wp:attachment":[{"href":"https:\/\/lavozdelagente.com.ar\/index\/wp-json\/wp\/v2\/media?parent=175"}],"wp:term":[{"taxonomy":"category","embeddable":true,"href":"https:\/\/lavozdelagente.com.ar\/index\/wp-json\/wp\/v2\/categories?post=175"},{"taxonomy":"post_tag","embeddable":true,"href":"https:\/\/lavozdelagente.com.ar\/index\/wp-json\/wp\/v2\/tags?post=175"}],"curies":[{"name":"wp","href":"https:\/\/api.w.org\/{rel}","templated":true}]}}