{"id":3327,"date":"2026-08-06T13:18:08","date_gmt":"2026-08-06T13:18:08","guid":{"rendered":"https:\/\/lavozdelagente.com.ar\/index\/?p=3327"},"modified":"2026-08-06T13:18:36","modified_gmt":"2026-08-06T13:18:36","slug":"continuan-los-trabajos-preventivos-en-los-rios-dulce-y-salado","status":"publish","type":"post","link":"https:\/\/lavozdelagente.com.ar\/index\/2026\/08\/06\/continuan-los-trabajos-preventivos-en-los-rios-dulce-y-salado\/","title":{"rendered":"Contin\u00faan los trabajos preventivos en los r\u00edos Dulce y Salado"},"content":{"rendered":"<blockquote><p>El Gobierno de Santiago del Estero contin\u00faa desarrollando un amplio operativo de obras preventivas en distintos sectores de los r\u00edos Dulce y Salado y en la regi\u00f3n de los Bajos Submeridionales, con el objetivo de fortalecer la infraestructura h\u00eddrica de la provincia y minimizar el impacto de las precipitaciones que podr\u00edan registrarse como consecuencia del fen\u00f3meno de El Ni\u00f1o.<\/p><\/blockquote>\n<p>Las tareas comprenden la construcci\u00f3n de bordos de contenci\u00f3n, la limpieza y adecuaci\u00f3n de cauces, adem\u00e1s de la ejecuci\u00f3n de defensas estrat\u00e9gicas en distintos puntos del territorio, con el prop\u00f3sito de optimizar el escurrimiento del agua, reducir el riesgo de desbordes y proteger a las poblaciones, la infraestructura y las \u00e1reas productivas.<\/p>\n<p>Estas intervenciones forman parte de una planificaci\u00f3n permanente impulsada por el gobernador El\u00edas Su\u00e1rez para anticiparse a posibles contingencias clim\u00e1ticas, mediante obras de prevenci\u00f3n que permitan dar una respuesta eficiente frente a escenarios de lluvias intensas.<\/p>\n<p>Los trabajos continuar\u00e1n ejecut\u00e1ndose en distintos sectores considerados prioritarios, como parte de una pol\u00edtica sostenida de inversi\u00f3n en infraestructura h\u00eddrica destinada a preservar a las comunidades y acompa\u00f1ar el desarrollo de toda la provincia.<\/p>\n","protected":false},"excerpt":{"rendered":"<p>El Gobierno de Santiago del Estero contin\u00faa desarrollando un amplio operativo de obras preventivas en distintos sectores de los r\u00edos<\/p>\n","protected":false},"author":2,"featured_media":3328,"comment_status":"open","ping_status":"open","sticky":false,"template":"","format":"standard","meta":{"colormag_page_container_layout":"default_layout","colormag_page_sidebar_layout":"default_layout","om_disable_all_campaigns":false,"_monsterinsights_skip_tracking":false,"footnotes":""},"categories":[2],"tags":[],"class_list":["post-3327","post","type-post","status-publish","format-standard","has-post-thumbnail","hentry","category-santiago"],"aioseo_notices":[],"aioseo_head":"\n\t\t<!-- All in One SEO 5.0.1.1 - aioseo.com -->\n\t<meta name=\"description\" content=\"El Gobierno de Santiago del Estero contin\u00faa desarrollando un amplio operativo de obras preventivas en distintos sectores de los r\u00edos Dulce y Salado y en la regi\u00f3n de los Bajos Submeridionales, con el objetivo de fortalecer la infraestructura h\u00eddrica de la provincia y minimizar el impacto de las precipitaciones que podr\u00edan registrarse como consecuencia del\" \/>\n\t<meta name=\"robots\" content=\"max-image-preview:large\" \/>\n\t<meta name=\"author\" content=\"rober\"\/>\n\t<meta name=\"google-site-verification\" content=\"dJHDh1fUzR1o-UwpFfn1JyiF-0R1LCNFZReSb-gbgcE\" \/>\n\t<link rel=\"canonical\" href=\"https:\/\/lavozdelagente.com.ar\/index\/2026\/08\/06\/continuan-los-trabajos-preventivos-en-los-rios-dulce-y-salado\/\" \/>\n\t<meta name=\"generator\" content=\"All in One SEO (AIOSEO) 5.0.1.1\" \/>\n\t\t<meta property=\"og:locale\" content=\"es_ES\" \/>\n\t\t<meta property=\"og:site_name\" content=\"LA VOZ DE LA GENTE - SDE\" \/>\n\t\t<meta property=\"og:type\" content=\"article\" \/>\n\t\t<meta property=\"og:title\" content=\"Contin\u00faan los trabajos preventivos en los r\u00edos Dulce y Salado - LA VOZ DE LA GENTE\" \/>\n\t\t<meta property=\"og:description\" content=\"El Gobierno de Santiago del Estero contin\u00faa desarrollando un amplio operativo de obras preventivas en distintos sectores de los r\u00edos Dulce y Salado y en la regi\u00f3n de los Bajos Submeridionales, con el objetivo de fortalecer la infraestructura h\u00eddrica de la provincia y minimizar el impacto de las precipitaciones que podr\u00edan registrarse como consecuencia del\" \/>\n\t\t<meta property=\"og:url\" content=\"https:\/\/lavozdelagente.com.ar\/index\/2026\/08\/06\/continuan-los-trabajos-preventivos-en-los-rios-dulce-y-salado\/\" \/>\n\t\t<meta property=\"article:published_time\" content=\"2026-08-06T13:18:08+00:00\" \/>\n\t\t<meta property=\"article:modified_time\" content=\"2026-08-06T13:18:36+00:00\" \/>\n\t\t<meta name=\"twitter:card\" content=\"summary_large_image\" \/>\n\t\t<meta name=\"twitter:title\" content=\"Contin\u00faan los trabajos preventivos en los r\u00edos Dulce y Salado - LA VOZ DE LA GENTE\" \/>\n\t\t<meta name=\"twitter:description\" content=\"El Gobierno de Santiago del Estero contin\u00faa desarrollando un amplio operativo de obras preventivas en distintos sectores de los r\u00edos Dulce y Salado y en la regi\u00f3n de los Bajos Submeridionales, con el objetivo de fortalecer la infraestructura h\u00eddrica de la provincia y minimizar el impacto de las precipitaciones que podr\u00edan registrarse como consecuencia del\" \/>\n\t\t<script type=\"application\/ld+json\" class=\"aioseo-schema\">\n\t\t\t{\"@context\":\"https:\\\/\\\/schema.org\",\"@graph\":[{\"@type\":\"BlogPosting\",\"@id\":\"https:\\\/\\\/lavozdelagente.com.ar\\\/index\\\/2026\\\/08\\\/06\\\/continuan-los-trabajos-preventivos-en-los-rios-dulce-y-salado\\\/#blogposting\",\"name\":\"Contin\\u00faan los trabajos preventivos en los r\\u00edos Dulce y Salado - LA VOZ DE LA GENTE\",\"headline\":\"Contin\\u00faan los trabajos preventivos en los r\\u00edos Dulce y Salado\",\"author\":{\"@id\":\"https:\\\/\\\/lavozdelagente.com.ar\\\/index\\\/author\\\/rober\\\/#author\"},\"publisher\":{\"@id\":\"https:\\\/\\\/lavozdelagente.com.ar\\\/index\\\/#person\"},\"image\":{\"@type\":\"ImageObject\",\"url\":\"https:\\\/\\\/lavozdelagente.com.ar\\\/wp-content\\\/uploads\\\/2026\\\/08\\\/IMG-20260806-WA0017.jpg\",\"width\":720,\"height\":1280},\"datePublished\":\"2026-08-06T13:18:08+00:00\",\"dateModified\":\"2026-08-06T13:18:36+00:00\",\"inLanguage\":\"es-ES\",\"mainEntityOfPage\":{\"@id\":\"https:\\\/\\\/lavozdelagente.com.ar\\\/index\\\/2026\\\/08\\\/06\\\/continuan-los-trabajos-preventivos-en-los-rios-dulce-y-salado\\\/#webpage\"},\"isPartOf\":{\"@id\":\"https:\\\/\\\/lavozdelagente.com.ar\\\/index\\\/2026\\\/08\\\/06\\\/continuan-los-trabajos-preventivos-en-los-rios-dulce-y-salado\\\/#webpage\"},\"articleSection\":\"Santiago\"},{\"@type\":\"BreadcrumbList\",\"@id\":\"https:\\\/\\\/lavozdelagente.com.ar\\\/index\\\/2026\\\/08\\\/06\\\/continuan-los-trabajos-preventivos-en-los-rios-dulce-y-salado\\\/#breadcrumblist\",\"itemListElement\":[{\"@type\":\"ListItem\",\"@id\":\"https:\\\/\\\/lavozdelagente.com.ar\\\/index#listItem\",\"position\":1,\"name\":\"Home\",\"item\":\"https:\\\/\\\/lavozdelagente.com.ar\\\/index\",\"nextItem\":{\"@type\":\"ListItem\",\"@id\":\"https:\\\/\\\/lavozdelagente.com.ar\\\/index\\\/category\\\/santiago\\\/#listItem\",\"name\":\"Santiago\"}},{\"@type\":\"ListItem\",\"@id\":\"https:\\\/\\\/lavozdelagente.com.ar\\\/index\\\/category\\\/santiago\\\/#listItem\",\"position\":2,\"name\":\"Santiago\",\"item\":\"https:\\\/\\\/lavozdelagente.com.ar\\\/index\\\/category\\\/santiago\\\/\",\"nextItem\":{\"@type\":\"ListItem\",\"@id\":\"https:\\\/\\\/lavozdelagente.com.ar\\\/index\\\/2026\\\/08\\\/06\\\/continuan-los-trabajos-preventivos-en-los-rios-dulce-y-salado\\\/#listItem\",\"name\":\"Contin\\u00faan los trabajos preventivos en los r\\u00edos Dulce y Salado\"},\"previousItem\":{\"@type\":\"ListItem\",\"@id\":\"https:\\\/\\\/lavozdelagente.com.ar\\\/index#listItem\",\"name\":\"Home\"}},{\"@type\":\"ListItem\",\"@id\":\"https:\\\/\\\/lavozdelagente.com.ar\\\/index\\\/2026\\\/08\\\/06\\\/continuan-los-trabajos-preventivos-en-los-rios-dulce-y-salado\\\/#listItem\",\"position\":3,\"name\":\"Contin\\u00faan los trabajos preventivos en los r\\u00edos Dulce y Salado\",\"previousItem\":{\"@type\":\"ListItem\",\"@id\":\"https:\\\/\\\/lavozdelagente.com.ar\\\/index\\\/category\\\/santiago\\\/#listItem\",\"name\":\"Santiago\"}}]},{\"@type\":\"Person\",\"@id\":\"https:\\\/\\\/lavozdelagente.com.ar\\\/index\\\/author\\\/rober\\\/#author\",\"url\":\"https:\\\/\\\/lavozdelagente.com.ar\\\/index\\\/author\\\/rober\\\/\",\"name\":\"rober\",\"image\":{\"@type\":\"ImageObject\",\"@id\":\"https:\\\/\\\/lavozdelagente.com.ar\\\/index\\\/2026\\\/08\\\/06\\\/continuan-los-trabajos-preventivos-en-los-rios-dulce-y-salado\\\/#authorImage\",\"url\":\"https:\\\/\\\/secure.gravatar.com\\\/avatar\\\/901a62cd098b11a08c5fe38d2de0f8ad6b745f5d4f6413ad71e1630ac07766e0?s=96&d=mm&r=g\",\"width\":96,\"height\":96,\"caption\":\"rober\"}},{\"@type\":\"WebPage\",\"@id\":\"https:\\\/\\\/lavozdelagente.com.ar\\\/index\\\/2026\\\/08\\\/06\\\/continuan-los-trabajos-preventivos-en-los-rios-dulce-y-salado\\\/#webpage\",\"url\":\"https:\\\/\\\/lavozdelagente.com.ar\\\/index\\\/2026\\\/08\\\/06\\\/continuan-los-trabajos-preventivos-en-los-rios-dulce-y-salado\\\/\",\"name\":\"Contin\\u00faan los trabajos preventivos en los r\\u00edos Dulce y Salado - LA VOZ DE LA GENTE\",\"description\":\"El Gobierno de Santiago del Estero contin\\u00faa desarrollando un amplio operativo de obras preventivas en distintos sectores de los r\\u00edos Dulce y Salado y en la regi\\u00f3n de los Bajos Submeridionales, con el objetivo de fortalecer la infraestructura h\\u00eddrica de la provincia y minimizar el impacto de las precipitaciones que podr\\u00edan registrarse como consecuencia del\",\"inLanguage\":\"es-ES\",\"isPartOf\":{\"@id\":\"https:\\\/\\\/lavozdelagente.com.ar\\\/index\\\/#website\"},\"breadcrumb\":{\"@id\":\"https:\\\/\\\/lavozdelagente.com.ar\\\/index\\\/2026\\\/08\\\/06\\\/continuan-los-trabajos-preventivos-en-los-rios-dulce-y-salado\\\/#breadcrumblist\"},\"author\":{\"@id\":\"https:\\\/\\\/lavozdelagente.com.ar\\\/index\\\/author\\\/rober\\\/#author\"},\"creator\":{\"@id\":\"https:\\\/\\\/lavozdelagente.com.ar\\\/index\\\/author\\\/rober\\\/#author\"},\"image\":{\"@type\":\"ImageObject\",\"url\":\"https:\\\/\\\/lavozdelagente.com.ar\\\/wp-content\\\/uploads\\\/2026\\\/08\\\/IMG-20260806-WA0017.jpg\",\"@id\":\"https:\\\/\\\/lavozdelagente.com.ar\\\/index\\\/2026\\\/08\\\/06\\\/continuan-los-trabajos-preventivos-en-los-rios-dulce-y-salado\\\/#mainImage\",\"width\":720,\"height\":1280},\"primaryImageOfPage\":{\"@id\":\"https:\\\/\\\/lavozdelagente.com.ar\\\/index\\\/2026\\\/08\\\/06\\\/continuan-los-trabajos-preventivos-en-los-rios-dulce-y-salado\\\/#mainImage\"},\"datePublished\":\"2026-08-06T13:18:08+00:00\",\"dateModified\":\"2026-08-06T13:18:36+00:00\"},{\"@type\":\"WebSite\",\"@id\":\"https:\\\/\\\/lavozdelagente.com.ar\\\/index\\\/#website\",\"url\":\"https:\\\/\\\/lavozdelagente.com.ar\\\/index\\\/\",\"name\":\"LA VOZ DE LA GENTE\",\"description\":\"SDE\",\"inLanguage\":\"es-ES\",\"publisher\":{\"@id\":\"https:\\\/\\\/lavozdelagente.com.ar\\\/index\\\/#person\"}}]}\n\t\t<\/script>\n\t\t<!-- All in One SEO -->\n\n","aioseo_head_json":{"title":"Contin\u00faan los trabajos preventivos en los r\u00edos Dulce y Salado - LA VOZ DE LA GENTE","description":"El Gobierno de Santiago del Estero contin\u00faa desarrollando un amplio operativo de obras preventivas en distintos sectores de los r\u00edos Dulce y Salado y en la regi\u00f3n de los Bajos Submeridionales, con el objetivo de fortalecer la infraestructura h\u00eddrica de la provincia y minimizar el impacto de las precipitaciones que podr\u00edan registrarse como consecuencia del","canonical_url":"https:\/\/lavozdelagente.com.ar\/index\/2026\/08\/06\/continuan-los-trabajos-preventivos-en-los-rios-dulce-y-salado\/","robots":"max-image-preview:large","keywords":"","webmasterTools":{"google-site-verification":"dJHDh1fUzR1o-UwpFfn1JyiF-0R1LCNFZReSb-gbgcE","miscellaneous":""},"schema":{"@context":"https:\/\/schema.org","@graph":[{"@type":"BlogPosting","@id":"https:\/\/lavozdelagente.com.ar\/index\/2026\/08\/06\/continuan-los-trabajos-preventivos-en-los-rios-dulce-y-salado\/#blogposting","name":"Contin\u00faan los trabajos preventivos en los r\u00edos Dulce y Salado - LA VOZ DE LA GENTE","headline":"Contin\u00faan los trabajos preventivos en los r\u00edos Dulce y Salado","author":{"@id":"https:\/\/lavozdelagente.com.ar\/index\/author\/rober\/#author"},"publisher":{"@id":"https:\/\/lavozdelagente.com.ar\/index\/#person"},"image":{"@type":"ImageObject","url":"https:\/\/lavozdelagente.com.ar\/wp-content\/uploads\/2026\/08\/IMG-20260806-WA0017.jpg","width":720,"height":1280},"datePublished":"2026-08-06T13:18:08+00:00","dateModified":"2026-08-06T13:18:36+00:00","inLanguage":"es-ES","mainEntityOfPage":{"@id":"https:\/\/lavozdelagente.com.ar\/index\/2026\/08\/06\/continuan-los-trabajos-preventivos-en-los-rios-dulce-y-salado\/#webpage"},"isPartOf":{"@id":"https:\/\/lavozdelagente.com.ar\/index\/2026\/08\/06\/continuan-los-trabajos-preventivos-en-los-rios-dulce-y-salado\/#webpage"},"articleSection":"Santiago"},{"@type":"BreadcrumbList","@id":"https:\/\/lavozdelagente.com.ar\/index\/2026\/08\/06\/continuan-los-trabajos-preventivos-en-los-rios-dulce-y-salado\/#breadcrumblist","itemListElement":[{"@type":"ListItem","@id":"https:\/\/lavozdelagente.com.ar\/index#listItem","position":1,"name":"Home","item":"https:\/\/lavozdelagente.com.ar\/index","nextItem":{"@type":"ListItem","@id":"https:\/\/lavozdelagente.com.ar\/index\/category\/santiago\/#listItem","name":"Santiago"}},{"@type":"ListItem","@id":"https:\/\/lavozdelagente.com.ar\/index\/category\/santiago\/#listItem","position":2,"name":"Santiago","item":"https:\/\/lavozdelagente.com.ar\/index\/category\/santiago\/","nextItem":{"@type":"ListItem","@id":"https:\/\/lavozdelagente.com.ar\/index\/2026\/08\/06\/continuan-los-trabajos-preventivos-en-los-rios-dulce-y-salado\/#listItem","name":"Contin\u00faan los trabajos preventivos en los r\u00edos Dulce y Salado"},"previousItem":{"@type":"ListItem","@id":"https:\/\/lavozdelagente.com.ar\/index#listItem","name":"Home"}},{"@type":"ListItem","@id":"https:\/\/lavozdelagente.com.ar\/index\/2026\/08\/06\/continuan-los-trabajos-preventivos-en-los-rios-dulce-y-salado\/#listItem","position":3,"name":"Contin\u00faan los trabajos preventivos en los r\u00edos Dulce y Salado","previousItem":{"@type":"ListItem","@id":"https:\/\/lavozdelagente.com.ar\/index\/category\/santiago\/#listItem","name":"Santiago"}}]},{"@type":"Person","@id":"https:\/\/lavozdelagente.com.ar\/index\/author\/rober\/#author","url":"https:\/\/lavozdelagente.com.ar\/index\/author\/rober\/","name":"rober","image":{"@type":"ImageObject","@id":"https:\/\/lavozdelagente.com.ar\/index\/2026\/08\/06\/continuan-los-trabajos-preventivos-en-los-rios-dulce-y-salado\/#authorImage","url":"https:\/\/secure.gravatar.com\/avatar\/901a62cd098b11a08c5fe38d2de0f8ad6b745f5d4f6413ad71e1630ac07766e0?s=96&d=mm&r=g","width":96,"height":96,"caption":"rober"}},{"@type":"WebPage","@id":"https:\/\/lavozdelagente.com.ar\/index\/2026\/08\/06\/continuan-los-trabajos-preventivos-en-los-rios-dulce-y-salado\/#webpage","url":"https:\/\/lavozdelagente.com.ar\/index\/2026\/08\/06\/continuan-los-trabajos-preventivos-en-los-rios-dulce-y-salado\/","name":"Contin\u00faan los trabajos preventivos en los r\u00edos Dulce y Salado - LA VOZ DE LA GENTE","description":"El Gobierno de Santiago del Estero contin\u00faa desarrollando un amplio operativo de obras preventivas en distintos sectores de los r\u00edos Dulce y Salado y en la regi\u00f3n de los Bajos Submeridionales, con el objetivo de fortalecer la infraestructura h\u00eddrica de la provincia y minimizar el impacto de las precipitaciones que podr\u00edan registrarse como consecuencia del","inLanguage":"es-ES","isPartOf":{"@id":"https:\/\/lavozdelagente.com.ar\/index\/#website"},"breadcrumb":{"@id":"https:\/\/lavozdelagente.com.ar\/index\/2026\/08\/06\/continuan-los-trabajos-preventivos-en-los-rios-dulce-y-salado\/#breadcrumblist"},"author":{"@id":"https:\/\/lavozdelagente.com.ar\/index\/author\/rober\/#author"},"creator":{"@id":"https:\/\/lavozdelagente.com.ar\/index\/author\/rober\/#author"},"image":{"@type":"ImageObject","url":"https:\/\/lavozdelagente.com.ar\/wp-content\/uploads\/2026\/08\/IMG-20260806-WA0017.jpg","@id":"https:\/\/lavozdelagente.com.ar\/index\/2026\/08\/06\/continuan-los-trabajos-preventivos-en-los-rios-dulce-y-salado\/#mainImage","width":720,"height":1280},"primaryImageOfPage":{"@id":"https:\/\/lavozdelagente.com.ar\/index\/2026\/08\/06\/continuan-los-trabajos-preventivos-en-los-rios-dulce-y-salado\/#mainImage"},"datePublished":"2026-08-06T13:18:08+00:00","dateModified":"2026-08-06T13:18:36+00:00"},{"@type":"WebSite","@id":"https:\/\/lavozdelagente.com.ar\/index\/#website","url":"https:\/\/lavozdelagente.com.ar\/index\/","name":"LA VOZ DE LA GENTE","description":"SDE","inLanguage":"es-ES","publisher":{"@id":"https:\/\/lavozdelagente.com.ar\/index\/#person"}}]},"og:locale":"es_ES","og:site_name":"LA VOZ DE LA GENTE - SDE","og:type":"article","og:title":"Contin\u00faan los trabajos preventivos en los r\u00edos Dulce y Salado - LA VOZ DE LA GENTE","og:description":"El Gobierno de Santiago del Estero contin\u00faa desarrollando un amplio operativo de obras preventivas en distintos sectores de los r\u00edos Dulce y Salado y en la regi\u00f3n de los Bajos Submeridionales, con el objetivo de fortalecer la infraestructura h\u00eddrica de la provincia y minimizar el impacto de las precipitaciones que podr\u00edan registrarse como consecuencia del","og:url":"https:\/\/lavozdelagente.com.ar\/index\/2026\/08\/06\/continuan-los-trabajos-preventivos-en-los-rios-dulce-y-salado\/","article:published_time":"2026-08-06T13:18:08+00:00","article:modified_time":"2026-08-06T13:18:36+00:00","twitter:card":"summary_large_image","twitter:title":"Contin\u00faan los trabajos preventivos en los r\u00edos Dulce y Salado - LA VOZ DE LA GENTE","twitter:description":"El Gobierno de Santiago del Estero contin\u00faa desarrollando un amplio operativo de obras preventivas en distintos sectores de los r\u00edos Dulce y Salado y en la regi\u00f3n de los Bajos Submeridionales, con el objetivo de fortalecer la infraestructura h\u00eddrica de la provincia y minimizar el impacto de las precipitaciones que podr\u00edan registrarse como consecuencia del"},"aioseo_meta_data":{"post_id":"3327","title":null,"description":null,"keywords":null,"keyphrases":{"focus":{"keyphrase":"","score":0,"analysis":{"keyphraseInTitle":{"score":0,"maxScore":9,"error":1}}},"additional":[]},"primary_term":null,"canonical_url":null,"og_title":null,"og_description":null,"og_object_type":"default","og_image_type":"default","og_image_url":null,"og_image_width":null,"og_image_height":null,"og_image_custom_url":null,"og_image_custom_fields":null,"og_video":"","og_custom_url":null,"og_article_section":null,"og_article_tags":null,"twitter_use_og":false,"twitter_card":"default","twitter_image_type":"default","twitter_image_url":null,"twitter_image_custom_url":null,"twitter_image_custom_fields":null,"twitter_title":null,"twitter_description":null,"schema":{"blockGraphs":[],"customGraphs":[],"default":{"data":{"Article":[],"Course":[],"Dataset":[],"FAQPage":[],"Movie":[],"Person":[],"Product":[],"ProductReview":[],"Car":[],"Recipe":[],"Service":[],"SoftwareApplication":[],"WebPage":[]},"graphName":"BlogPosting","isEnabled":true},"graphs":[]},"schema_type":"default","schema_type_options":null,"pillar_content":false,"robots_default":true,"robots_noindex":false,"robots_noarchive":false,"robots_nosnippet":false,"robots_nofollow":false,"robots_noimageindex":false,"robots_noodp":false,"robots_notranslate":false,"robots_max_snippet":"-1","robots_max_videopreview":"-1","robots_max_imagepreview":"large","priority":null,"frequency":"default","local_seo":null,"breadcrumb_settings":null,"limit_modified_date":false,"ai":{"faqs":[],"keyPoints":[],"schemas":[],"titles":[],"descriptions":[],"socialPosts":{"email":{"subject":"","preview":"","content":""},"linkedin":[],"twitter":[],"facebook":[],"instagram":[]}},"created":"2026-08-06 13:18:08","updated":"2026-08-06 18:21:35","seo_analyzer_scan_date":null,"focus_keyword":null,"additional_keywords":null,"truseo_locale":null},"aioseo_breadcrumb":"<div class=\"aioseo-breadcrumbs\"><span class=\"aioseo-breadcrumb\">\n\t\t\t<a href=\"https:\/\/lavozdelagente.com.ar\/index\" title=\"Home\">Home<\/a>\n\t\t<\/span><span class=\"aioseo-breadcrumb-separator\">&raquo;<\/span><span class=\"aioseo-breadcrumb\">\n\t\t\t<a href=\"https:\/\/lavozdelagente.com.ar\/index\/category\/santiago\/\" title=\"Santiago\">Santiago<\/a>\n\t\t<\/span><span class=\"aioseo-breadcrumb-separator\">&raquo;<\/span><span class=\"aioseo-breadcrumb\">\n\t\t\tContin\u00faan los trabajos preventivos en los r\u00edos Dulce y Salado\n\t\t<\/span><\/div>","aioseo_breadcrumb_json":[{"label":"Home","link":"https:\/\/lavozdelagente.com.ar\/index"},{"label":"Santiago","link":"https:\/\/lavozdelagente.com.ar\/index\/category\/santiago\/"},{"label":"Contin\u00faan los trabajos preventivos en los r\u00edos Dulce y Salado","link":"https:\/\/lavozdelagente.com.ar\/index\/2026\/08\/06\/continuan-los-trabajos-preventivos-en-los-rios-dulce-y-salado\/"}],"rttpg_featured_image_url":{"full":["https:\/\/lavozdelagente.com.ar\/wp-content\/uploads\/2026\/08\/IMG-20260806-WA0017.jpg",720,1280,false],"landscape":["https:\/\/lavozdelagente.com.ar\/wp-content\/uploads\/2026\/08\/IMG-20260806-WA0017.jpg",720,1280,false],"portraits":["https:\/\/lavozdelagente.com.ar\/wp-content\/uploads\/2026\/08\/IMG-20260806-WA0017.jpg",720,1280,false],"thumbnail":["https:\/\/lavozdelagente.com.ar\/wp-content\/uploads\/2026\/08\/IMG-20260806-WA0017-150x150.jpg",150,150,true],"medium":["https:\/\/lavozdelagente.com.ar\/wp-content\/uploads\/2026\/08\/IMG-20260806-WA0017-169x300.jpg",169,300,true],"large":["https:\/\/lavozdelagente.com.ar\/wp-content\/uploads\/2026\/08\/IMG-20260806-WA0017-576x1024.jpg",576,1024,true],"1536x1536":["https:\/\/lavozdelagente.com.ar\/wp-content\/uploads\/2026\/08\/IMG-20260806-WA0017.jpg",720,1280,false],"2048x2048":["https:\/\/lavozdelagente.com.ar\/wp-content\/uploads\/2026\/08\/IMG-20260806-WA0017.jpg",720,1280,false],"colormag-highlighted-post":["https:\/\/lavozdelagente.com.ar\/wp-content\/uploads\/2026\/08\/IMG-20260806-WA0017-392x272.jpg",392,272,true],"colormag-featured-post-medium":["https:\/\/lavozdelagente.com.ar\/wp-content\/uploads\/2026\/08\/IMG-20260806-WA0017-390x205.jpg",390,205,true],"colormag-featured-post-small":["https:\/\/lavozdelagente.com.ar\/wp-content\/uploads\/2026\/08\/IMG-20260806-WA0017-130x90.jpg",130,90,true],"colormag-featured-image":["https:\/\/lavozdelagente.com.ar\/wp-content\/uploads\/2026\/08\/IMG-20260806-WA0017-720x445.jpg",720,445,true],"colormag-default-news":["https:\/\/lavozdelagente.com.ar\/wp-content\/uploads\/2026\/08\/IMG-20260806-WA0017-150x150.jpg",150,150,true],"colormag-featured-image-large":["https:\/\/lavozdelagente.com.ar\/wp-content\/uploads\/2026\/08\/IMG-20260806-WA0017-720x600.jpg",720,600,true]},"rttpg_author":{"display_name":"rober","author_link":"https:\/\/lavozdelagente.com.ar\/index\/author\/rober\/"},"rttpg_comment":0,"rttpg_category":"<a href=\"https:\/\/lavozdelagente.com.ar\/index\/category\/santiago\/\" rel=\"category tag\">Santiago<\/a>","rttpg_excerpt":"El Gobierno de Santiago del Estero contin\u00faa desarrollando un amplio operativo de obras preventivas en distintos sectores de los r\u00edos","_links":{"self":[{"href":"https:\/\/lavozdelagente.com.ar\/index\/wp-json\/wp\/v2\/posts\/3327","targetHints":{"allow":["GET"]}}],"collection":[{"href":"https:\/\/lavozdelagente.com.ar\/index\/wp-json\/wp\/v2\/posts"}],"about":[{"href":"https:\/\/lavozdelagente.com.ar\/index\/wp-json\/wp\/v2\/types\/post"}],"author":[{"embeddable":true,"href":"https:\/\/lavozdelagente.com.ar\/index\/wp-json\/wp\/v2\/users\/2"}],"replies":[{"embeddable":true,"href":"https:\/\/lavozdelagente.com.ar\/index\/wp-json\/wp\/v2\/comments?post=3327"}],"version-history":[{"count":2,"href":"https:\/\/lavozdelagente.com.ar\/index\/wp-json\/wp\/v2\/posts\/3327\/revisions"}],"predecessor-version":[{"id":3330,"href":"https:\/\/lavozdelagente.com.ar\/index\/wp-json\/wp\/v2\/posts\/3327\/revisions\/3330"}],"wp:featuredmedia":[{"embeddable":true,"href":"https:\/\/lavozdelagente.com.ar\/index\/wp-json\/wp\/v2\/media\/3328"}],"wp:attachment":[{"href":"https:\/\/lavozdelagente.com.ar\/index\/wp-json\/wp\/v2\/media?parent=3327"}],"wp:term":[{"taxonomy":"category","embeddable":true,"href":"https:\/\/lavozdelagente.com.ar\/index\/wp-json\/wp\/v2\/categories?post=3327"},{"taxonomy":"post_tag","embeddable":true,"href":"https:\/\/lavozdelagente.com.ar\/index\/wp-json\/wp\/v2\/tags?post=3327"}],"curies":[{"name":"wp","href":"https:\/\/api.w.org\/{rel}","templated":true}]}}