{"id":3338,"date":"2026-08-06T18:26:01","date_gmt":"2026-08-06T18:26:01","guid":{"rendered":"https:\/\/lavozdelagente.com.ar\/index\/?p=3338"},"modified":"2026-08-06T18:26:01","modified_gmt":"2026-08-06T18:26:01","slug":"la-uefa-mantiene-su-postura-contra-la-fifa-y-rechazo-el-pedido-de-disculpas","status":"publish","type":"post","link":"https:\/\/lavozdelagente.com.ar\/index\/2026\/08\/06\/la-uefa-mantiene-su-postura-contra-la-fifa-y-rechazo-el-pedido-de-disculpas\/","title":{"rendered":"La UEFA mantiene su postura contra la FIFA y rechaz\u00f3 el pedido de disculpas"},"content":{"rendered":"<p>La Uni\u00f3n de Asociaciones Europeas de F\u00fatbol (UEFA) no cambi\u00f3 de postura ante el pedido de disculpas por parte de la Federaci\u00f3n Internacional de F\u00fatbol Asociado (FIFA) y su presidente Gianni Infantino.<\/p>\n<p>Seg\u00fan pudo saber la Agencia Noticias Argentinas, la Confederaci\u00f3n europea envi\u00f3 su respuesta con un comunicado a distintos medios del continente para advertir y reiterar sus amenazas hacia la casa madre del f\u00fatbol: \u201cEl anuncio de que algunas personas empleadas por el presidente de la FIFA (y cuyas carreras dependen de su favor) est\u00e1n de acuerdo con \u00e9l, no cambia nada.\u201d<\/p>\n<p>Adem\u00e1s, de manera desafiante expres\u00f3: \u00abLas asociaciones de la UEFA fueron muy claras respecto a las condiciones vinculadas a su no participaci\u00f3n en las competiciones de la FIFA\u00bb.<\/p>\n<p>La FIFA pidi\u00f3 disculpas por el fallido proyecto para sumar inversores privados a los Mundiales<br \/>\nA su vez, volvi\u00f3 a demostrar la desconfianza en el liderazgo del titular, Gianni Infantino, debido a estos acontecimientos: \u00abEn primer lugar, deb\u00edan retirarse las propuestas para privatizar las principales competiciones y, en segundo lugar, deb\u00edan darse garant\u00edas de que tales intentos de desfigurar el juego de esta manera nunca volver\u00edan a repetirse\u00bb.<\/p>\n<p>Por su parte, la FIFA pidi\u00f3 disculpas este jueves por los errores cometidos en la elaboraci\u00f3n y comunicaci\u00f3n del proyecto que pretend\u00eda incorporar inversores privados a los negocios comerciales de sus principales torneos, durante una reuni\u00f3n de emergencia celebrada en Rabat, Marruecos, aunque simult\u00e1neamente advirti\u00f3 que defender\u00e1 su \u201cintegridad, buen gobierno y debido proceso\u201d frente a nuevas cr\u00edticas.<\/p>\n<p>El plan preve\u00eda recaudar hasta 4.200 millones de d\u00f3lares mediante la venta de una participaci\u00f3n minoritaria a fondos privados, sobre una valuaci\u00f3n inicial de 20.000 millones, mientras la FIFA conservar\u00eda la mayor\u00eda accionaria y el control de las decisiones deportivas.<\/p>\n<p>Sin embargo, el fuerte rechazo de federaciones, confederaciones, futbolistas y distintos actores del f\u00fatbol internacional oblig\u00f3 a Gianni Infantino a retirar la propuesta pocos d\u00edas despu\u00e9s de haberla presentado.<\/p>\n<p>Agencia NA<\/p>\n","protected":false},"excerpt":{"rendered":"<p>La Uni\u00f3n de Asociaciones Europeas de F\u00fatbol (UEFA) no cambi\u00f3 de postura ante el pedido de disculpas por parte de<\/p>\n","protected":false},"author":2,"featured_media":3339,"comment_status":"open","ping_status":"open","sticky":false,"template":"","format":"standard","meta":{"colormag_page_container_layout":"default_layout","colormag_page_sidebar_layout":"default_layout","om_disable_all_campaigns":false,"_monsterinsights_skip_tracking":false,"footnotes":""},"categories":[5],"tags":[],"class_list":["post-3338","post","type-post","status-publish","format-standard","has-post-thumbnail","hentry","category-deportes"],"aioseo_notices":[],"aioseo_head":"\n\t\t<!-- All in One SEO 5.0.1.1 - aioseo.com -->\n\t<meta name=\"description\" content=\"La Uni\u00f3n de Asociaciones Europeas de F\u00fatbol (UEFA) no cambi\u00f3 de postura ante el pedido de disculpas por parte de la Federaci\u00f3n Internacional de F\u00fatbol Asociado (FIFA) y su presidente Gianni Infantino. Seg\u00fan pudo saber la Agencia Noticias Argentinas, la Confederaci\u00f3n europea envi\u00f3 su respuesta con un comunicado a distintos medios del continente para advertir\" \/>\n\t<meta name=\"robots\" content=\"max-image-preview:large\" \/>\n\t<meta name=\"author\" content=\"rober\"\/>\n\t<meta name=\"google-site-verification\" content=\"dJHDh1fUzR1o-UwpFfn1JyiF-0R1LCNFZReSb-gbgcE\" \/>\n\t<link rel=\"canonical\" href=\"https:\/\/lavozdelagente.com.ar\/index\/2026\/08\/06\/la-uefa-mantiene-su-postura-contra-la-fifa-y-rechazo-el-pedido-de-disculpas\/\" \/>\n\t<meta name=\"generator\" content=\"All in One SEO (AIOSEO) 5.0.1.1\" \/>\n\t\t<meta property=\"og:locale\" content=\"es_ES\" \/>\n\t\t<meta property=\"og:site_name\" content=\"LA VOZ DE LA GENTE - SDE\" \/>\n\t\t<meta property=\"og:type\" content=\"article\" \/>\n\t\t<meta property=\"og:title\" content=\"La UEFA mantiene su postura contra la FIFA y rechaz\u00f3 el pedido de disculpas - LA VOZ DE LA GENTE\" \/>\n\t\t<meta property=\"og:description\" content=\"La Uni\u00f3n de Asociaciones Europeas de F\u00fatbol (UEFA) no cambi\u00f3 de postura ante el pedido de disculpas por parte de la Federaci\u00f3n Internacional de F\u00fatbol Asociado (FIFA) y su presidente Gianni Infantino. Seg\u00fan pudo saber la Agencia Noticias Argentinas, la Confederaci\u00f3n europea envi\u00f3 su respuesta con un comunicado a distintos medios del continente para advertir\" \/>\n\t\t<meta property=\"og:url\" content=\"https:\/\/lavozdelagente.com.ar\/index\/2026\/08\/06\/la-uefa-mantiene-su-postura-contra-la-fifa-y-rechazo-el-pedido-de-disculpas\/\" \/>\n\t\t<meta property=\"article:published_time\" content=\"2026-08-06T18:26:01+00:00\" \/>\n\t\t<meta property=\"article:modified_time\" content=\"2026-08-06T18:26:01+00:00\" \/>\n\t\t<meta name=\"twitter:card\" content=\"summary_large_image\" \/>\n\t\t<meta name=\"twitter:title\" content=\"La UEFA mantiene su postura contra la FIFA y rechaz\u00f3 el pedido de disculpas - LA VOZ DE LA GENTE\" \/>\n\t\t<meta name=\"twitter:description\" content=\"La Uni\u00f3n de Asociaciones Europeas de F\u00fatbol (UEFA) no cambi\u00f3 de postura ante el pedido de disculpas por parte de la Federaci\u00f3n Internacional de F\u00fatbol Asociado (FIFA) y su presidente Gianni Infantino. Seg\u00fan pudo saber la Agencia Noticias Argentinas, la Confederaci\u00f3n europea envi\u00f3 su respuesta con un comunicado a distintos medios del continente para advertir\" \/>\n\t\t<script type=\"application\/ld+json\" class=\"aioseo-schema\">\n\t\t\t{\"@context\":\"https:\\\/\\\/schema.org\",\"@graph\":[{\"@type\":\"BlogPosting\",\"@id\":\"https:\\\/\\\/lavozdelagente.com.ar\\\/index\\\/2026\\\/08\\\/06\\\/la-uefa-mantiene-su-postura-contra-la-fifa-y-rechazo-el-pedido-de-disculpas\\\/#blogposting\",\"name\":\"La UEFA mantiene su postura contra la FIFA y rechaz\\u00f3 el pedido de disculpas - LA VOZ DE LA GENTE\",\"headline\":\"La UEFA mantiene su postura contra la FIFA y rechaz\\u00f3 el pedido de disculpas\",\"author\":{\"@id\":\"https:\\\/\\\/lavozdelagente.com.ar\\\/index\\\/author\\\/rober\\\/#author\"},\"publisher\":{\"@id\":\"https:\\\/\\\/lavozdelagente.com.ar\\\/index\\\/#person\"},\"image\":{\"@type\":\"ImageObject\",\"url\":\"https:\\\/\\\/lavozdelagente.com.ar\\\/wp-content\\\/uploads\\\/2026\\\/08\\\/UEFA.avif\",\"width\":811,\"height\":540},\"datePublished\":\"2026-08-06T18:26:01+00:00\",\"dateModified\":\"2026-08-06T18:26:01+00:00\",\"inLanguage\":\"es-ES\",\"mainEntityOfPage\":{\"@id\":\"https:\\\/\\\/lavozdelagente.com.ar\\\/index\\\/2026\\\/08\\\/06\\\/la-uefa-mantiene-su-postura-contra-la-fifa-y-rechazo-el-pedido-de-disculpas\\\/#webpage\"},\"isPartOf\":{\"@id\":\"https:\\\/\\\/lavozdelagente.com.ar\\\/index\\\/2026\\\/08\\\/06\\\/la-uefa-mantiene-su-postura-contra-la-fifa-y-rechazo-el-pedido-de-disculpas\\\/#webpage\"},\"articleSection\":\"Deportes\"},{\"@type\":\"BreadcrumbList\",\"@id\":\"https:\\\/\\\/lavozdelagente.com.ar\\\/index\\\/2026\\\/08\\\/06\\\/la-uefa-mantiene-su-postura-contra-la-fifa-y-rechazo-el-pedido-de-disculpas\\\/#breadcrumblist\",\"itemListElement\":[{\"@type\":\"ListItem\",\"@id\":\"https:\\\/\\\/lavozdelagente.com.ar\\\/index#listItem\",\"position\":1,\"name\":\"Home\",\"item\":\"https:\\\/\\\/lavozdelagente.com.ar\\\/index\",\"nextItem\":{\"@type\":\"ListItem\",\"@id\":\"https:\\\/\\\/lavozdelagente.com.ar\\\/index\\\/category\\\/deportes\\\/#listItem\",\"name\":\"Deportes\"}},{\"@type\":\"ListItem\",\"@id\":\"https:\\\/\\\/lavozdelagente.com.ar\\\/index\\\/category\\\/deportes\\\/#listItem\",\"position\":2,\"name\":\"Deportes\",\"item\":\"https:\\\/\\\/lavozdelagente.com.ar\\\/index\\\/category\\\/deportes\\\/\",\"nextItem\":{\"@type\":\"ListItem\",\"@id\":\"https:\\\/\\\/lavozdelagente.com.ar\\\/index\\\/2026\\\/08\\\/06\\\/la-uefa-mantiene-su-postura-contra-la-fifa-y-rechazo-el-pedido-de-disculpas\\\/#listItem\",\"name\":\"La UEFA mantiene su postura contra la FIFA y rechaz\\u00f3 el pedido de disculpas\"},\"previousItem\":{\"@type\":\"ListItem\",\"@id\":\"https:\\\/\\\/lavozdelagente.com.ar\\\/index#listItem\",\"name\":\"Home\"}},{\"@type\":\"ListItem\",\"@id\":\"https:\\\/\\\/lavozdelagente.com.ar\\\/index\\\/2026\\\/08\\\/06\\\/la-uefa-mantiene-su-postura-contra-la-fifa-y-rechazo-el-pedido-de-disculpas\\\/#listItem\",\"position\":3,\"name\":\"La UEFA mantiene su postura contra la FIFA y rechaz\\u00f3 el pedido de disculpas\",\"previousItem\":{\"@type\":\"ListItem\",\"@id\":\"https:\\\/\\\/lavozdelagente.com.ar\\\/index\\\/category\\\/deportes\\\/#listItem\",\"name\":\"Deportes\"}}]},{\"@type\":\"Person\",\"@id\":\"https:\\\/\\\/lavozdelagente.com.ar\\\/index\\\/author\\\/rober\\\/#author\",\"url\":\"https:\\\/\\\/lavozdelagente.com.ar\\\/index\\\/author\\\/rober\\\/\",\"name\":\"rober\",\"image\":{\"@type\":\"ImageObject\",\"@id\":\"https:\\\/\\\/lavozdelagente.com.ar\\\/index\\\/2026\\\/08\\\/06\\\/la-uefa-mantiene-su-postura-contra-la-fifa-y-rechazo-el-pedido-de-disculpas\\\/#authorImage\",\"url\":\"https:\\\/\\\/secure.gravatar.com\\\/avatar\\\/901a62cd098b11a08c5fe38d2de0f8ad6b745f5d4f6413ad71e1630ac07766e0?s=96&d=mm&r=g\",\"width\":96,\"height\":96,\"caption\":\"rober\"}},{\"@type\":\"WebPage\",\"@id\":\"https:\\\/\\\/lavozdelagente.com.ar\\\/index\\\/2026\\\/08\\\/06\\\/la-uefa-mantiene-su-postura-contra-la-fifa-y-rechazo-el-pedido-de-disculpas\\\/#webpage\",\"url\":\"https:\\\/\\\/lavozdelagente.com.ar\\\/index\\\/2026\\\/08\\\/06\\\/la-uefa-mantiene-su-postura-contra-la-fifa-y-rechazo-el-pedido-de-disculpas\\\/\",\"name\":\"La UEFA mantiene su postura contra la FIFA y rechaz\\u00f3 el pedido de disculpas - LA VOZ DE LA GENTE\",\"description\":\"La Uni\\u00f3n de Asociaciones Europeas de F\\u00fatbol (UEFA) no cambi\\u00f3 de postura ante el pedido de disculpas por parte de la Federaci\\u00f3n Internacional de F\\u00fatbol Asociado (FIFA) y su presidente Gianni Infantino. Seg\\u00fan pudo saber la Agencia Noticias Argentinas, la Confederaci\\u00f3n europea envi\\u00f3 su respuesta con un comunicado a distintos medios del continente para advertir\",\"inLanguage\":\"es-ES\",\"isPartOf\":{\"@id\":\"https:\\\/\\\/lavozdelagente.com.ar\\\/index\\\/#website\"},\"breadcrumb\":{\"@id\":\"https:\\\/\\\/lavozdelagente.com.ar\\\/index\\\/2026\\\/08\\\/06\\\/la-uefa-mantiene-su-postura-contra-la-fifa-y-rechazo-el-pedido-de-disculpas\\\/#breadcrumblist\"},\"author\":{\"@id\":\"https:\\\/\\\/lavozdelagente.com.ar\\\/index\\\/author\\\/rober\\\/#author\"},\"creator\":{\"@id\":\"https:\\\/\\\/lavozdelagente.com.ar\\\/index\\\/author\\\/rober\\\/#author\"},\"image\":{\"@type\":\"ImageObject\",\"url\":\"https:\\\/\\\/lavozdelagente.com.ar\\\/wp-content\\\/uploads\\\/2026\\\/08\\\/UEFA.avif\",\"@id\":\"https:\\\/\\\/lavozdelagente.com.ar\\\/index\\\/2026\\\/08\\\/06\\\/la-uefa-mantiene-su-postura-contra-la-fifa-y-rechazo-el-pedido-de-disculpas\\\/#mainImage\",\"width\":811,\"height\":540},\"primaryImageOfPage\":{\"@id\":\"https:\\\/\\\/lavozdelagente.com.ar\\\/index\\\/2026\\\/08\\\/06\\\/la-uefa-mantiene-su-postura-contra-la-fifa-y-rechazo-el-pedido-de-disculpas\\\/#mainImage\"},\"datePublished\":\"2026-08-06T18:26:01+00:00\",\"dateModified\":\"2026-08-06T18:26:01+00:00\"},{\"@type\":\"WebSite\",\"@id\":\"https:\\\/\\\/lavozdelagente.com.ar\\\/index\\\/#website\",\"url\":\"https:\\\/\\\/lavozdelagente.com.ar\\\/index\\\/\",\"name\":\"LA VOZ DE LA GENTE\",\"description\":\"SDE\",\"inLanguage\":\"es-ES\",\"publisher\":{\"@id\":\"https:\\\/\\\/lavozdelagente.com.ar\\\/index\\\/#person\"}}]}\n\t\t<\/script>\n\t\t<!-- All in One SEO -->\n\n","aioseo_head_json":{"title":"La UEFA mantiene su postura contra la FIFA y rechaz\u00f3 el pedido de disculpas - LA VOZ DE LA GENTE","description":"La Uni\u00f3n de Asociaciones Europeas de F\u00fatbol (UEFA) no cambi\u00f3 de postura ante el pedido de disculpas por parte de la Federaci\u00f3n Internacional de F\u00fatbol Asociado (FIFA) y su presidente Gianni Infantino. Seg\u00fan pudo saber la Agencia Noticias Argentinas, la Confederaci\u00f3n europea envi\u00f3 su respuesta con un comunicado a distintos medios del continente para advertir","canonical_url":"https:\/\/lavozdelagente.com.ar\/index\/2026\/08\/06\/la-uefa-mantiene-su-postura-contra-la-fifa-y-rechazo-el-pedido-de-disculpas\/","robots":"max-image-preview:large","keywords":"","webmasterTools":{"google-site-verification":"dJHDh1fUzR1o-UwpFfn1JyiF-0R1LCNFZReSb-gbgcE","miscellaneous":""},"schema":{"@context":"https:\/\/schema.org","@graph":[{"@type":"BlogPosting","@id":"https:\/\/lavozdelagente.com.ar\/index\/2026\/08\/06\/la-uefa-mantiene-su-postura-contra-la-fifa-y-rechazo-el-pedido-de-disculpas\/#blogposting","name":"La UEFA mantiene su postura contra la FIFA y rechaz\u00f3 el pedido de disculpas - LA VOZ DE LA GENTE","headline":"La UEFA mantiene su postura contra la FIFA y rechaz\u00f3 el pedido de disculpas","author":{"@id":"https:\/\/lavozdelagente.com.ar\/index\/author\/rober\/#author"},"publisher":{"@id":"https:\/\/lavozdelagente.com.ar\/index\/#person"},"image":{"@type":"ImageObject","url":"https:\/\/lavozdelagente.com.ar\/wp-content\/uploads\/2026\/08\/UEFA.avif","width":811,"height":540},"datePublished":"2026-08-06T18:26:01+00:00","dateModified":"2026-08-06T18:26:01+00:00","inLanguage":"es-ES","mainEntityOfPage":{"@id":"https:\/\/lavozdelagente.com.ar\/index\/2026\/08\/06\/la-uefa-mantiene-su-postura-contra-la-fifa-y-rechazo-el-pedido-de-disculpas\/#webpage"},"isPartOf":{"@id":"https:\/\/lavozdelagente.com.ar\/index\/2026\/08\/06\/la-uefa-mantiene-su-postura-contra-la-fifa-y-rechazo-el-pedido-de-disculpas\/#webpage"},"articleSection":"Deportes"},{"@type":"BreadcrumbList","@id":"https:\/\/lavozdelagente.com.ar\/index\/2026\/08\/06\/la-uefa-mantiene-su-postura-contra-la-fifa-y-rechazo-el-pedido-de-disculpas\/#breadcrumblist","itemListElement":[{"@type":"ListItem","@id":"https:\/\/lavozdelagente.com.ar\/index#listItem","position":1,"name":"Home","item":"https:\/\/lavozdelagente.com.ar\/index","nextItem":{"@type":"ListItem","@id":"https:\/\/lavozdelagente.com.ar\/index\/category\/deportes\/#listItem","name":"Deportes"}},{"@type":"ListItem","@id":"https:\/\/lavozdelagente.com.ar\/index\/category\/deportes\/#listItem","position":2,"name":"Deportes","item":"https:\/\/lavozdelagente.com.ar\/index\/category\/deportes\/","nextItem":{"@type":"ListItem","@id":"https:\/\/lavozdelagente.com.ar\/index\/2026\/08\/06\/la-uefa-mantiene-su-postura-contra-la-fifa-y-rechazo-el-pedido-de-disculpas\/#listItem","name":"La UEFA mantiene su postura contra la FIFA y rechaz\u00f3 el pedido de disculpas"},"previousItem":{"@type":"ListItem","@id":"https:\/\/lavozdelagente.com.ar\/index#listItem","name":"Home"}},{"@type":"ListItem","@id":"https:\/\/lavozdelagente.com.ar\/index\/2026\/08\/06\/la-uefa-mantiene-su-postura-contra-la-fifa-y-rechazo-el-pedido-de-disculpas\/#listItem","position":3,"name":"La UEFA mantiene su postura contra la FIFA y rechaz\u00f3 el pedido de disculpas","previousItem":{"@type":"ListItem","@id":"https:\/\/lavozdelagente.com.ar\/index\/category\/deportes\/#listItem","name":"Deportes"}}]},{"@type":"Person","@id":"https:\/\/lavozdelagente.com.ar\/index\/author\/rober\/#author","url":"https:\/\/lavozdelagente.com.ar\/index\/author\/rober\/","name":"rober","image":{"@type":"ImageObject","@id":"https:\/\/lavozdelagente.com.ar\/index\/2026\/08\/06\/la-uefa-mantiene-su-postura-contra-la-fifa-y-rechazo-el-pedido-de-disculpas\/#authorImage","url":"https:\/\/secure.gravatar.com\/avatar\/901a62cd098b11a08c5fe38d2de0f8ad6b745f5d4f6413ad71e1630ac07766e0?s=96&d=mm&r=g","width":96,"height":96,"caption":"rober"}},{"@type":"WebPage","@id":"https:\/\/lavozdelagente.com.ar\/index\/2026\/08\/06\/la-uefa-mantiene-su-postura-contra-la-fifa-y-rechazo-el-pedido-de-disculpas\/#webpage","url":"https:\/\/lavozdelagente.com.ar\/index\/2026\/08\/06\/la-uefa-mantiene-su-postura-contra-la-fifa-y-rechazo-el-pedido-de-disculpas\/","name":"La UEFA mantiene su postura contra la FIFA y rechaz\u00f3 el pedido de disculpas - LA VOZ DE LA GENTE","description":"La Uni\u00f3n de Asociaciones Europeas de F\u00fatbol (UEFA) no cambi\u00f3 de postura ante el pedido de disculpas por parte de la Federaci\u00f3n Internacional de F\u00fatbol Asociado (FIFA) y su presidente Gianni Infantino. Seg\u00fan pudo saber la Agencia Noticias Argentinas, la Confederaci\u00f3n europea envi\u00f3 su respuesta con un comunicado a distintos medios del continente para advertir","inLanguage":"es-ES","isPartOf":{"@id":"https:\/\/lavozdelagente.com.ar\/index\/#website"},"breadcrumb":{"@id":"https:\/\/lavozdelagente.com.ar\/index\/2026\/08\/06\/la-uefa-mantiene-su-postura-contra-la-fifa-y-rechazo-el-pedido-de-disculpas\/#breadcrumblist"},"author":{"@id":"https:\/\/lavozdelagente.com.ar\/index\/author\/rober\/#author"},"creator":{"@id":"https:\/\/lavozdelagente.com.ar\/index\/author\/rober\/#author"},"image":{"@type":"ImageObject","url":"https:\/\/lavozdelagente.com.ar\/wp-content\/uploads\/2026\/08\/UEFA.avif","@id":"https:\/\/lavozdelagente.com.ar\/index\/2026\/08\/06\/la-uefa-mantiene-su-postura-contra-la-fifa-y-rechazo-el-pedido-de-disculpas\/#mainImage","width":811,"height":540},"primaryImageOfPage":{"@id":"https:\/\/lavozdelagente.com.ar\/index\/2026\/08\/06\/la-uefa-mantiene-su-postura-contra-la-fifa-y-rechazo-el-pedido-de-disculpas\/#mainImage"},"datePublished":"2026-08-06T18:26:01+00:00","dateModified":"2026-08-06T18:26:01+00:00"},{"@type":"WebSite","@id":"https:\/\/lavozdelagente.com.ar\/index\/#website","url":"https:\/\/lavozdelagente.com.ar\/index\/","name":"LA VOZ DE LA GENTE","description":"SDE","inLanguage":"es-ES","publisher":{"@id":"https:\/\/lavozdelagente.com.ar\/index\/#person"}}]},"og:locale":"es_ES","og:site_name":"LA VOZ DE LA GENTE - SDE","og:type":"article","og:title":"La UEFA mantiene su postura contra la FIFA y rechaz\u00f3 el pedido de disculpas - LA VOZ DE LA GENTE","og:description":"La Uni\u00f3n de Asociaciones Europeas de F\u00fatbol (UEFA) no cambi\u00f3 de postura ante el pedido de disculpas por parte de la Federaci\u00f3n Internacional de F\u00fatbol Asociado (FIFA) y su presidente Gianni Infantino. Seg\u00fan pudo saber la Agencia Noticias Argentinas, la Confederaci\u00f3n europea envi\u00f3 su respuesta con un comunicado a distintos medios del continente para advertir","og:url":"https:\/\/lavozdelagente.com.ar\/index\/2026\/08\/06\/la-uefa-mantiene-su-postura-contra-la-fifa-y-rechazo-el-pedido-de-disculpas\/","article:published_time":"2026-08-06T18:26:01+00:00","article:modified_time":"2026-08-06T18:26:01+00:00","twitter:card":"summary_large_image","twitter:title":"La UEFA mantiene su postura contra la FIFA y rechaz\u00f3 el pedido de disculpas - LA VOZ DE LA GENTE","twitter:description":"La Uni\u00f3n de Asociaciones Europeas de F\u00fatbol (UEFA) no cambi\u00f3 de postura ante el pedido de disculpas por parte de la Federaci\u00f3n Internacional de F\u00fatbol Asociado (FIFA) y su presidente Gianni Infantino. Seg\u00fan pudo saber la Agencia Noticias Argentinas, la Confederaci\u00f3n europea envi\u00f3 su respuesta con un comunicado a distintos medios del continente para advertir"},"aioseo_meta_data":{"post_id":"3338","title":null,"description":null,"keywords":null,"keyphrases":{"focus":{"keyphrase":"","score":0,"analysis":{"keyphraseInTitle":{"score":0,"maxScore":9,"error":1}}},"additional":[]},"primary_term":null,"canonical_url":null,"og_title":null,"og_description":null,"og_object_type":"default","og_image_type":"default","og_image_url":null,"og_image_width":null,"og_image_height":null,"og_image_custom_url":null,"og_image_custom_fields":null,"og_video":"","og_custom_url":null,"og_article_section":null,"og_article_tags":null,"twitter_use_og":false,"twitter_card":"default","twitter_image_type":"default","twitter_image_url":null,"twitter_image_custom_url":null,"twitter_image_custom_fields":null,"twitter_title":null,"twitter_description":null,"schema":{"blockGraphs":[],"customGraphs":[],"default":{"data":{"Article":[],"Course":[],"Dataset":[],"FAQPage":[],"Movie":[],"Person":[],"Product":[],"ProductReview":[],"Car":[],"Recipe":[],"Service":[],"SoftwareApplication":[],"WebPage":[]},"graphName":"BlogPosting","isEnabled":true},"graphs":[]},"schema_type":"default","schema_type_options":null,"pillar_content":false,"robots_default":true,"robots_noindex":false,"robots_noarchive":false,"robots_nosnippet":false,"robots_nofollow":false,"robots_noimageindex":false,"robots_noodp":false,"robots_notranslate":false,"robots_max_snippet":"-1","robots_max_videopreview":"-1","robots_max_imagepreview":"large","priority":null,"frequency":"default","local_seo":null,"breadcrumb_settings":null,"limit_modified_date":false,"ai":{"faqs":[],"keyPoints":[],"schemas":[],"titles":[],"descriptions":[],"socialPosts":{"email":{"subject":"","preview":"","content":""},"linkedin":[],"twitter":[],"facebook":[],"instagram":[]}},"created":"2026-08-06 18:26:01","updated":"2026-08-06 18:26:38","seo_analyzer_scan_date":null,"focus_keyword":null,"additional_keywords":null,"truseo_locale":null},"aioseo_breadcrumb":"<div class=\"aioseo-breadcrumbs\"><span class=\"aioseo-breadcrumb\">\n\t\t\t<a href=\"https:\/\/lavozdelagente.com.ar\/index\" title=\"Home\">Home<\/a>\n\t\t<\/span><span class=\"aioseo-breadcrumb-separator\">&raquo;<\/span><span class=\"aioseo-breadcrumb\">\n\t\t\t<a href=\"https:\/\/lavozdelagente.com.ar\/index\/category\/deportes\/\" title=\"Deportes\">Deportes<\/a>\n\t\t<\/span><span class=\"aioseo-breadcrumb-separator\">&raquo;<\/span><span class=\"aioseo-breadcrumb\">\n\t\t\tLa UEFA mantiene su postura contra la FIFA y rechaz\u00f3 el pedido de disculpas\n\t\t<\/span><\/div>","aioseo_breadcrumb_json":[{"label":"Home","link":"https:\/\/lavozdelagente.com.ar\/index"},{"label":"Deportes","link":"https:\/\/lavozdelagente.com.ar\/index\/category\/deportes\/"},{"label":"La UEFA mantiene su postura contra la FIFA y rechaz\u00f3 el pedido de disculpas","link":"https:\/\/lavozdelagente.com.ar\/index\/2026\/08\/06\/la-uefa-mantiene-su-postura-contra-la-fifa-y-rechazo-el-pedido-de-disculpas\/"}],"rttpg_featured_image_url":{"full":["https:\/\/lavozdelagente.com.ar\/wp-content\/uploads\/2026\/08\/UEFA.avif",811,540,false],"landscape":["https:\/\/lavozdelagente.com.ar\/wp-content\/uploads\/2026\/08\/UEFA.avif",811,540,false],"portraits":["https:\/\/lavozdelagente.com.ar\/wp-content\/uploads\/2026\/08\/UEFA.avif",811,540,false],"thumbnail":["https:\/\/lavozdelagente.com.ar\/wp-content\/uploads\/2026\/08\/UEFA-150x150.avif",150,150,true],"medium":["https:\/\/lavozdelagente.com.ar\/wp-content\/uploads\/2026\/08\/UEFA-300x200.avif",300,200,true],"large":["https:\/\/lavozdelagente.com.ar\/wp-content\/uploads\/2026\/08\/UEFA.avif",800,533,false],"1536x1536":["https:\/\/lavozdelagente.com.ar\/wp-content\/uploads\/2026\/08\/UEFA.avif",811,540,false],"2048x2048":["https:\/\/lavozdelagente.com.ar\/wp-content\/uploads\/2026\/08\/UEFA.avif",811,540,false],"colormag-highlighted-post":["https:\/\/lavozdelagente.com.ar\/wp-content\/uploads\/2026\/08\/UEFA-392x272.avif",392,272,true],"colormag-featured-post-medium":["https:\/\/lavozdelagente.com.ar\/wp-content\/uploads\/2026\/08\/UEFA-390x205.avif",390,205,true],"colormag-featured-post-small":["https:\/\/lavozdelagente.com.ar\/wp-content\/uploads\/2026\/08\/UEFA-130x90.avif",130,90,true],"colormag-featured-image":["https:\/\/lavozdelagente.com.ar\/wp-content\/uploads\/2026\/08\/UEFA-800x445.avif",800,445,true],"colormag-default-news":["https:\/\/lavozdelagente.com.ar\/wp-content\/uploads\/2026\/08\/UEFA-150x150.avif",150,150,true],"colormag-featured-image-large":["https:\/\/lavozdelagente.com.ar\/wp-content\/uploads\/2026\/08\/UEFA.avif",811,540,false]},"rttpg_author":{"display_name":"rober","author_link":"https:\/\/lavozdelagente.com.ar\/index\/author\/rober\/"},"rttpg_comment":0,"rttpg_category":"<a href=\"https:\/\/lavozdelagente.com.ar\/index\/category\/deportes\/\" rel=\"category tag\">Deportes<\/a>","rttpg_excerpt":"La Uni\u00f3n de Asociaciones Europeas de F\u00fatbol (UEFA) no cambi\u00f3 de postura ante el pedido de disculpas por parte de","_links":{"self":[{"href":"https:\/\/lavozdelagente.com.ar\/index\/wp-json\/wp\/v2\/posts\/3338","targetHints":{"allow":["GET"]}}],"collection":[{"href":"https:\/\/lavozdelagente.com.ar\/index\/wp-json\/wp\/v2\/posts"}],"about":[{"href":"https:\/\/lavozdelagente.com.ar\/index\/wp-json\/wp\/v2\/types\/post"}],"author":[{"embeddable":true,"href":"https:\/\/lavozdelagente.com.ar\/index\/wp-json\/wp\/v2\/users\/2"}],"replies":[{"embeddable":true,"href":"https:\/\/lavozdelagente.com.ar\/index\/wp-json\/wp\/v2\/comments?post=3338"}],"version-history":[{"count":2,"href":"https:\/\/lavozdelagente.com.ar\/index\/wp-json\/wp\/v2\/posts\/3338\/revisions"}],"predecessor-version":[{"id":3341,"href":"https:\/\/lavozdelagente.com.ar\/index\/wp-json\/wp\/v2\/posts\/3338\/revisions\/3341"}],"wp:featuredmedia":[{"embeddable":true,"href":"https:\/\/lavozdelagente.com.ar\/index\/wp-json\/wp\/v2\/media\/3339"}],"wp:attachment":[{"href":"https:\/\/lavozdelagente.com.ar\/index\/wp-json\/wp\/v2\/media?parent=3338"}],"wp:term":[{"taxonomy":"category","embeddable":true,"href":"https:\/\/lavozdelagente.com.ar\/index\/wp-json\/wp\/v2\/categories?post=3338"},{"taxonomy":"post_tag","embeddable":true,"href":"https:\/\/lavozdelagente.com.ar\/index\/wp-json\/wp\/v2\/tags?post=3338"}],"curies":[{"name":"wp","href":"https:\/\/api.w.org\/{rel}","templated":true}]}}