{"id":3345,"date":"2026-08-06T18:28:11","date_gmt":"2026-08-06T18:28:11","guid":{"rendered":"https:\/\/lavozdelagente.com.ar\/index\/?p=3345"},"modified":"2026-08-06T18:28:11","modified_gmt":"2026-08-06T18:28:11","slug":"inflacion-dolar-y-otras-variables-que-espera-el-mercado-en-el-nuevo-rem-del-banco-central","status":"publish","type":"post","link":"https:\/\/lavozdelagente.com.ar\/index\/2026\/08\/06\/inflacion-dolar-y-otras-variables-que-espera-el-mercado-en-el-nuevo-rem-del-banco-central\/","title":{"rendered":"Inflaci\u00f3n, d\u00f3lar y otras variables: qu\u00e9 espera el mercado en el nuevo REM del Banco Central"},"content":{"rendered":"<p>El Banco Central de la Rep\u00fablica Argentina (BCRA) difundir\u00e1 este jueves el Relevamiento de Expectativas de Mercado (REM) de julio, en el que los principales analistas estiman sus proyecciones sobre las variables macroecon\u00f3micas.<\/p>\n<p>Seg\u00fan supo la Agencia Noticias Argentinas, el informe se produce en base a proyecciones del BCRA y es generado a partir de una encuesta realizada a personas especializadas, del pa\u00eds y del extranjero: 45 participantes, entre 33 consultoras y centros de investigaci\u00f3n locales e internacionales y 12 entidades financieras de Argentina.<\/p>\n<p>Se realiza los \u00faltimos 3 d\u00edas h\u00e1biles de cada mes sobre las expectativas de los precios minoristas, la tasa de inter\u00e9s y el tipo de cambio nominal.<\/p>\n<p>Adem\u00e1s, se pronostica el nivel de actividad econ\u00f3mica, el resultado primario del sector p\u00fablico nacional no financiero, la tasa de desocupaci\u00f3n abierta, las exportaciones de bienes (FOB) y las importaciones de bienes (CIF).<\/p>\n<p>Los \u00faltimos datos<br \/>\nEn el \u00faltimo REM, correspondiente a junio, los participantes del REM ajustaron levemente a la baja sus previsiones para junio y ubicaron la inflaci\u00f3n mensual en 2%, una d\u00e9cima menos que en el relevamiento anterior. En materia cambiaria, estimaron que el d\u00f3lar oficial cerrar\u00e1 el a\u00f1o en torno a los $1.673.<\/p>\n<p>Finalmente, el \u00cdndice de Precios al Consumidor (IPC) del sexto mes fue de 1,9% y marc\u00f3 el valor m\u00e1s bajo en diez meses.<\/p>\n<p>Agencia NA<\/p>\n","protected":false},"excerpt":{"rendered":"<p>El Banco Central de la Rep\u00fablica Argentina (BCRA) difundir\u00e1 este jueves el Relevamiento de Expectativas de Mercado (REM) de julio,<\/p>\n","protected":false},"author":2,"featured_media":3228,"comment_status":"open","ping_status":"open","sticky":false,"template":"","format":"standard","meta":{"colormag_page_container_layout":"default_layout","colormag_page_sidebar_layout":"default_layout","om_disable_all_campaigns":false,"_monsterinsights_skip_tracking":false,"footnotes":""},"categories":[4],"tags":[],"class_list":["post-3345","post","type-post","status-publish","format-standard","has-post-thumbnail","hentry","category-politica"],"aioseo_notices":[],"aioseo_head":"\n\t\t<!-- All in One SEO 5.0.1.1 - aioseo.com -->\n\t<meta name=\"description\" content=\"El Banco Central de la Rep\u00fablica Argentina (BCRA) difundir\u00e1 este jueves el Relevamiento de Expectativas de Mercado (REM) de julio, en el que los principales analistas estiman sus proyecciones sobre las variables macroecon\u00f3micas. Seg\u00fan supo la Agencia Noticias Argentinas, el informe se produce en base a proyecciones del BCRA y es generado a partir de\" \/>\n\t<meta name=\"robots\" content=\"max-image-preview:large\" \/>\n\t<meta name=\"author\" content=\"rober\"\/>\n\t<meta name=\"google-site-verification\" content=\"dJHDh1fUzR1o-UwpFfn1JyiF-0R1LCNFZReSb-gbgcE\" \/>\n\t<link rel=\"canonical\" href=\"https:\/\/lavozdelagente.com.ar\/index\/2026\/08\/06\/inflacion-dolar-y-otras-variables-que-espera-el-mercado-en-el-nuevo-rem-del-banco-central\/\" \/>\n\t<meta name=\"generator\" content=\"All in One SEO (AIOSEO) 5.0.1.1\" \/>\n\t\t<meta property=\"og:locale\" content=\"es_ES\" \/>\n\t\t<meta property=\"og:site_name\" content=\"LA VOZ DE LA GENTE - SDE\" \/>\n\t\t<meta property=\"og:type\" content=\"article\" \/>\n\t\t<meta property=\"og:title\" content=\"Inflaci\u00f3n, d\u00f3lar y otras variables: qu\u00e9 espera el mercado en el nuevo REM del Banco Central - LA VOZ DE LA GENTE\" \/>\n\t\t<meta property=\"og:description\" content=\"El Banco Central de la Rep\u00fablica Argentina (BCRA) difundir\u00e1 este jueves el Relevamiento de Expectativas de Mercado (REM) de julio, en el que los principales analistas estiman sus proyecciones sobre las variables macroecon\u00f3micas. Seg\u00fan supo la Agencia Noticias Argentinas, el informe se produce en base a proyecciones del BCRA y es generado a partir de\" \/>\n\t\t<meta property=\"og:url\" content=\"https:\/\/lavozdelagente.com.ar\/index\/2026\/08\/06\/inflacion-dolar-y-otras-variables-que-espera-el-mercado-en-el-nuevo-rem-del-banco-central\/\" \/>\n\t\t<meta property=\"article:published_time\" content=\"2026-08-06T18:28:11+00:00\" \/>\n\t\t<meta property=\"article:modified_time\" content=\"2026-08-06T18:28:11+00:00\" \/>\n\t\t<meta name=\"twitter:card\" content=\"summary_large_image\" \/>\n\t\t<meta name=\"twitter:title\" content=\"Inflaci\u00f3n, d\u00f3lar y otras variables: qu\u00e9 espera el mercado en el nuevo REM del Banco Central - LA VOZ DE LA GENTE\" \/>\n\t\t<meta name=\"twitter:description\" content=\"El Banco Central de la Rep\u00fablica Argentina (BCRA) difundir\u00e1 este jueves el Relevamiento de Expectativas de Mercado (REM) de julio, en el que los principales analistas estiman sus proyecciones sobre las variables macroecon\u00f3micas. Seg\u00fan supo la Agencia Noticias Argentinas, el informe se produce en base a proyecciones del BCRA y es generado a partir de\" \/>\n\t\t<script type=\"application\/ld+json\" class=\"aioseo-schema\">\n\t\t\t{\"@context\":\"https:\\\/\\\/schema.org\",\"@graph\":[{\"@type\":\"BlogPosting\",\"@id\":\"https:\\\/\\\/lavozdelagente.com.ar\\\/index\\\/2026\\\/08\\\/06\\\/inflacion-dolar-y-otras-variables-que-espera-el-mercado-en-el-nuevo-rem-del-banco-central\\\/#blogposting\",\"name\":\"Inflaci\\u00f3n, d\\u00f3lar y otras variables: qu\\u00e9 espera el mercado en el nuevo REM del Banco Central - LA VOZ DE LA GENTE\",\"headline\":\"Inflaci\\u00f3n, d\\u00f3lar y otras variables: qu\\u00e9 espera el mercado en el nuevo REM del Banco Central\",\"author\":{\"@id\":\"https:\\\/\\\/lavozdelagente.com.ar\\\/index\\\/author\\\/rober\\\/#author\"},\"publisher\":{\"@id\":\"https:\\\/\\\/lavozdelagente.com.ar\\\/index\\\/#person\"},\"image\":{\"@type\":\"ImageObject\",\"url\":\"https:\\\/\\\/lavozdelagente.com.ar\\\/wp-content\\\/uploads\\\/2026\\\/07\\\/bcra.jpg\",\"width\":1600,\"height\":1200},\"datePublished\":\"2026-08-06T18:28:11+00:00\",\"dateModified\":\"2026-08-06T18:28:11+00:00\",\"inLanguage\":\"es-ES\",\"mainEntityOfPage\":{\"@id\":\"https:\\\/\\\/lavozdelagente.com.ar\\\/index\\\/2026\\\/08\\\/06\\\/inflacion-dolar-y-otras-variables-que-espera-el-mercado-en-el-nuevo-rem-del-banco-central\\\/#webpage\"},\"isPartOf\":{\"@id\":\"https:\\\/\\\/lavozdelagente.com.ar\\\/index\\\/2026\\\/08\\\/06\\\/inflacion-dolar-y-otras-variables-que-espera-el-mercado-en-el-nuevo-rem-del-banco-central\\\/#webpage\"},\"articleSection\":\"Pol\\u00edtica\"},{\"@type\":\"BreadcrumbList\",\"@id\":\"https:\\\/\\\/lavozdelagente.com.ar\\\/index\\\/2026\\\/08\\\/06\\\/inflacion-dolar-y-otras-variables-que-espera-el-mercado-en-el-nuevo-rem-del-banco-central\\\/#breadcrumblist\",\"itemListElement\":[{\"@type\":\"ListItem\",\"@id\":\"https:\\\/\\\/lavozdelagente.com.ar\\\/index#listItem\",\"position\":1,\"name\":\"Home\",\"item\":\"https:\\\/\\\/lavozdelagente.com.ar\\\/index\",\"nextItem\":{\"@type\":\"ListItem\",\"@id\":\"https:\\\/\\\/lavozdelagente.com.ar\\\/index\\\/category\\\/politica\\\/#listItem\",\"name\":\"Pol\\u00edtica\"}},{\"@type\":\"ListItem\",\"@id\":\"https:\\\/\\\/lavozdelagente.com.ar\\\/index\\\/category\\\/politica\\\/#listItem\",\"position\":2,\"name\":\"Pol\\u00edtica\",\"item\":\"https:\\\/\\\/lavozdelagente.com.ar\\\/index\\\/category\\\/politica\\\/\",\"nextItem\":{\"@type\":\"ListItem\",\"@id\":\"https:\\\/\\\/lavozdelagente.com.ar\\\/index\\\/2026\\\/08\\\/06\\\/inflacion-dolar-y-otras-variables-que-espera-el-mercado-en-el-nuevo-rem-del-banco-central\\\/#listItem\",\"name\":\"Inflaci\\u00f3n, d\\u00f3lar y otras variables: qu\\u00e9 espera el mercado en el nuevo REM del Banco Central\"},\"previousItem\":{\"@type\":\"ListItem\",\"@id\":\"https:\\\/\\\/lavozdelagente.com.ar\\\/index#listItem\",\"name\":\"Home\"}},{\"@type\":\"ListItem\",\"@id\":\"https:\\\/\\\/lavozdelagente.com.ar\\\/index\\\/2026\\\/08\\\/06\\\/inflacion-dolar-y-otras-variables-que-espera-el-mercado-en-el-nuevo-rem-del-banco-central\\\/#listItem\",\"position\":3,\"name\":\"Inflaci\\u00f3n, d\\u00f3lar y otras variables: qu\\u00e9 espera el mercado en el nuevo REM del Banco Central\",\"previousItem\":{\"@type\":\"ListItem\",\"@id\":\"https:\\\/\\\/lavozdelagente.com.ar\\\/index\\\/category\\\/politica\\\/#listItem\",\"name\":\"Pol\\u00edtica\"}}]},{\"@type\":\"Person\",\"@id\":\"https:\\\/\\\/lavozdelagente.com.ar\\\/index\\\/author\\\/rober\\\/#author\",\"url\":\"https:\\\/\\\/lavozdelagente.com.ar\\\/index\\\/author\\\/rober\\\/\",\"name\":\"rober\",\"image\":{\"@type\":\"ImageObject\",\"@id\":\"https:\\\/\\\/lavozdelagente.com.ar\\\/index\\\/2026\\\/08\\\/06\\\/inflacion-dolar-y-otras-variables-que-espera-el-mercado-en-el-nuevo-rem-del-banco-central\\\/#authorImage\",\"url\":\"https:\\\/\\\/secure.gravatar.com\\\/avatar\\\/901a62cd098b11a08c5fe38d2de0f8ad6b745f5d4f6413ad71e1630ac07766e0?s=96&d=mm&r=g\",\"width\":96,\"height\":96,\"caption\":\"rober\"}},{\"@type\":\"WebPage\",\"@id\":\"https:\\\/\\\/lavozdelagente.com.ar\\\/index\\\/2026\\\/08\\\/06\\\/inflacion-dolar-y-otras-variables-que-espera-el-mercado-en-el-nuevo-rem-del-banco-central\\\/#webpage\",\"url\":\"https:\\\/\\\/lavozdelagente.com.ar\\\/index\\\/2026\\\/08\\\/06\\\/inflacion-dolar-y-otras-variables-que-espera-el-mercado-en-el-nuevo-rem-del-banco-central\\\/\",\"name\":\"Inflaci\\u00f3n, d\\u00f3lar y otras variables: qu\\u00e9 espera el mercado en el nuevo REM del Banco Central - LA VOZ DE LA GENTE\",\"description\":\"El Banco Central de la Rep\\u00fablica Argentina (BCRA) difundir\\u00e1 este jueves el Relevamiento de Expectativas de Mercado (REM) de julio, en el que los principales analistas estiman sus proyecciones sobre las variables macroecon\\u00f3micas. Seg\\u00fan supo la Agencia Noticias Argentinas, el informe se produce en base a proyecciones del BCRA y es generado a partir de\",\"inLanguage\":\"es-ES\",\"isPartOf\":{\"@id\":\"https:\\\/\\\/lavozdelagente.com.ar\\\/index\\\/#website\"},\"breadcrumb\":{\"@id\":\"https:\\\/\\\/lavozdelagente.com.ar\\\/index\\\/2026\\\/08\\\/06\\\/inflacion-dolar-y-otras-variables-que-espera-el-mercado-en-el-nuevo-rem-del-banco-central\\\/#breadcrumblist\"},\"author\":{\"@id\":\"https:\\\/\\\/lavozdelagente.com.ar\\\/index\\\/author\\\/rober\\\/#author\"},\"creator\":{\"@id\":\"https:\\\/\\\/lavozdelagente.com.ar\\\/index\\\/author\\\/rober\\\/#author\"},\"image\":{\"@type\":\"ImageObject\",\"url\":\"https:\\\/\\\/lavozdelagente.com.ar\\\/wp-content\\\/uploads\\\/2026\\\/07\\\/bcra.jpg\",\"@id\":\"https:\\\/\\\/lavozdelagente.com.ar\\\/index\\\/2026\\\/08\\\/06\\\/inflacion-dolar-y-otras-variables-que-espera-el-mercado-en-el-nuevo-rem-del-banco-central\\\/#mainImage\",\"width\":1600,\"height\":1200},\"primaryImageOfPage\":{\"@id\":\"https:\\\/\\\/lavozdelagente.com.ar\\\/index\\\/2026\\\/08\\\/06\\\/inflacion-dolar-y-otras-variables-que-espera-el-mercado-en-el-nuevo-rem-del-banco-central\\\/#mainImage\"},\"datePublished\":\"2026-08-06T18:28:11+00:00\",\"dateModified\":\"2026-08-06T18:28:11+00:00\"},{\"@type\":\"WebSite\",\"@id\":\"https:\\\/\\\/lavozdelagente.com.ar\\\/index\\\/#website\",\"url\":\"https:\\\/\\\/lavozdelagente.com.ar\\\/index\\\/\",\"name\":\"LA VOZ DE LA GENTE\",\"description\":\"SDE\",\"inLanguage\":\"es-ES\",\"publisher\":{\"@id\":\"https:\\\/\\\/lavozdelagente.com.ar\\\/index\\\/#person\"}}]}\n\t\t<\/script>\n\t\t<!-- All in One SEO -->\n\n","aioseo_head_json":{"title":"Inflaci\u00f3n, d\u00f3lar y otras variables: qu\u00e9 espera el mercado en el nuevo REM del Banco Central - LA VOZ DE LA GENTE","description":"El Banco Central de la Rep\u00fablica Argentina (BCRA) difundir\u00e1 este jueves el Relevamiento de Expectativas de Mercado (REM) de julio, en el que los principales analistas estiman sus proyecciones sobre las variables macroecon\u00f3micas. Seg\u00fan supo la Agencia Noticias Argentinas, el informe se produce en base a proyecciones del BCRA y es generado a partir de","canonical_url":"https:\/\/lavozdelagente.com.ar\/index\/2026\/08\/06\/inflacion-dolar-y-otras-variables-que-espera-el-mercado-en-el-nuevo-rem-del-banco-central\/","robots":"max-image-preview:large","keywords":"","webmasterTools":{"google-site-verification":"dJHDh1fUzR1o-UwpFfn1JyiF-0R1LCNFZReSb-gbgcE","miscellaneous":""},"schema":{"@context":"https:\/\/schema.org","@graph":[{"@type":"BlogPosting","@id":"https:\/\/lavozdelagente.com.ar\/index\/2026\/08\/06\/inflacion-dolar-y-otras-variables-que-espera-el-mercado-en-el-nuevo-rem-del-banco-central\/#blogposting","name":"Inflaci\u00f3n, d\u00f3lar y otras variables: qu\u00e9 espera el mercado en el nuevo REM del Banco Central - LA VOZ DE LA GENTE","headline":"Inflaci\u00f3n, d\u00f3lar y otras variables: qu\u00e9 espera el mercado en el nuevo REM del Banco Central","author":{"@id":"https:\/\/lavozdelagente.com.ar\/index\/author\/rober\/#author"},"publisher":{"@id":"https:\/\/lavozdelagente.com.ar\/index\/#person"},"image":{"@type":"ImageObject","url":"https:\/\/lavozdelagente.com.ar\/wp-content\/uploads\/2026\/07\/bcra.jpg","width":1600,"height":1200},"datePublished":"2026-08-06T18:28:11+00:00","dateModified":"2026-08-06T18:28:11+00:00","inLanguage":"es-ES","mainEntityOfPage":{"@id":"https:\/\/lavozdelagente.com.ar\/index\/2026\/08\/06\/inflacion-dolar-y-otras-variables-que-espera-el-mercado-en-el-nuevo-rem-del-banco-central\/#webpage"},"isPartOf":{"@id":"https:\/\/lavozdelagente.com.ar\/index\/2026\/08\/06\/inflacion-dolar-y-otras-variables-que-espera-el-mercado-en-el-nuevo-rem-del-banco-central\/#webpage"},"articleSection":"Pol\u00edtica"},{"@type":"BreadcrumbList","@id":"https:\/\/lavozdelagente.com.ar\/index\/2026\/08\/06\/inflacion-dolar-y-otras-variables-que-espera-el-mercado-en-el-nuevo-rem-del-banco-central\/#breadcrumblist","itemListElement":[{"@type":"ListItem","@id":"https:\/\/lavozdelagente.com.ar\/index#listItem","position":1,"name":"Home","item":"https:\/\/lavozdelagente.com.ar\/index","nextItem":{"@type":"ListItem","@id":"https:\/\/lavozdelagente.com.ar\/index\/category\/politica\/#listItem","name":"Pol\u00edtica"}},{"@type":"ListItem","@id":"https:\/\/lavozdelagente.com.ar\/index\/category\/politica\/#listItem","position":2,"name":"Pol\u00edtica","item":"https:\/\/lavozdelagente.com.ar\/index\/category\/politica\/","nextItem":{"@type":"ListItem","@id":"https:\/\/lavozdelagente.com.ar\/index\/2026\/08\/06\/inflacion-dolar-y-otras-variables-que-espera-el-mercado-en-el-nuevo-rem-del-banco-central\/#listItem","name":"Inflaci\u00f3n, d\u00f3lar y otras variables: qu\u00e9 espera el mercado en el nuevo REM del Banco Central"},"previousItem":{"@type":"ListItem","@id":"https:\/\/lavozdelagente.com.ar\/index#listItem","name":"Home"}},{"@type":"ListItem","@id":"https:\/\/lavozdelagente.com.ar\/index\/2026\/08\/06\/inflacion-dolar-y-otras-variables-que-espera-el-mercado-en-el-nuevo-rem-del-banco-central\/#listItem","position":3,"name":"Inflaci\u00f3n, d\u00f3lar y otras variables: qu\u00e9 espera el mercado en el nuevo REM del Banco Central","previousItem":{"@type":"ListItem","@id":"https:\/\/lavozdelagente.com.ar\/index\/category\/politica\/#listItem","name":"Pol\u00edtica"}}]},{"@type":"Person","@id":"https:\/\/lavozdelagente.com.ar\/index\/author\/rober\/#author","url":"https:\/\/lavozdelagente.com.ar\/index\/author\/rober\/","name":"rober","image":{"@type":"ImageObject","@id":"https:\/\/lavozdelagente.com.ar\/index\/2026\/08\/06\/inflacion-dolar-y-otras-variables-que-espera-el-mercado-en-el-nuevo-rem-del-banco-central\/#authorImage","url":"https:\/\/secure.gravatar.com\/avatar\/901a62cd098b11a08c5fe38d2de0f8ad6b745f5d4f6413ad71e1630ac07766e0?s=96&d=mm&r=g","width":96,"height":96,"caption":"rober"}},{"@type":"WebPage","@id":"https:\/\/lavozdelagente.com.ar\/index\/2026\/08\/06\/inflacion-dolar-y-otras-variables-que-espera-el-mercado-en-el-nuevo-rem-del-banco-central\/#webpage","url":"https:\/\/lavozdelagente.com.ar\/index\/2026\/08\/06\/inflacion-dolar-y-otras-variables-que-espera-el-mercado-en-el-nuevo-rem-del-banco-central\/","name":"Inflaci\u00f3n, d\u00f3lar y otras variables: qu\u00e9 espera el mercado en el nuevo REM del Banco Central - LA VOZ DE LA GENTE","description":"El Banco Central de la Rep\u00fablica Argentina (BCRA) difundir\u00e1 este jueves el Relevamiento de Expectativas de Mercado (REM) de julio, en el que los principales analistas estiman sus proyecciones sobre las variables macroecon\u00f3micas. Seg\u00fan supo la Agencia Noticias Argentinas, el informe se produce en base a proyecciones del BCRA y es generado a partir de","inLanguage":"es-ES","isPartOf":{"@id":"https:\/\/lavozdelagente.com.ar\/index\/#website"},"breadcrumb":{"@id":"https:\/\/lavozdelagente.com.ar\/index\/2026\/08\/06\/inflacion-dolar-y-otras-variables-que-espera-el-mercado-en-el-nuevo-rem-del-banco-central\/#breadcrumblist"},"author":{"@id":"https:\/\/lavozdelagente.com.ar\/index\/author\/rober\/#author"},"creator":{"@id":"https:\/\/lavozdelagente.com.ar\/index\/author\/rober\/#author"},"image":{"@type":"ImageObject","url":"https:\/\/lavozdelagente.com.ar\/wp-content\/uploads\/2026\/07\/bcra.jpg","@id":"https:\/\/lavozdelagente.com.ar\/index\/2026\/08\/06\/inflacion-dolar-y-otras-variables-que-espera-el-mercado-en-el-nuevo-rem-del-banco-central\/#mainImage","width":1600,"height":1200},"primaryImageOfPage":{"@id":"https:\/\/lavozdelagente.com.ar\/index\/2026\/08\/06\/inflacion-dolar-y-otras-variables-que-espera-el-mercado-en-el-nuevo-rem-del-banco-central\/#mainImage"},"datePublished":"2026-08-06T18:28:11+00:00","dateModified":"2026-08-06T18:28:11+00:00"},{"@type":"WebSite","@id":"https:\/\/lavozdelagente.com.ar\/index\/#website","url":"https:\/\/lavozdelagente.com.ar\/index\/","name":"LA VOZ DE LA GENTE","description":"SDE","inLanguage":"es-ES","publisher":{"@id":"https:\/\/lavozdelagente.com.ar\/index\/#person"}}]},"og:locale":"es_ES","og:site_name":"LA VOZ DE LA GENTE - SDE","og:type":"article","og:title":"Inflaci\u00f3n, d\u00f3lar y otras variables: qu\u00e9 espera el mercado en el nuevo REM del Banco Central - LA VOZ DE LA GENTE","og:description":"El Banco Central de la Rep\u00fablica Argentina (BCRA) difundir\u00e1 este jueves el Relevamiento de Expectativas de Mercado (REM) de julio, en el que los principales analistas estiman sus proyecciones sobre las variables macroecon\u00f3micas. Seg\u00fan supo la Agencia Noticias Argentinas, el informe se produce en base a proyecciones del BCRA y es generado a partir de","og:url":"https:\/\/lavozdelagente.com.ar\/index\/2026\/08\/06\/inflacion-dolar-y-otras-variables-que-espera-el-mercado-en-el-nuevo-rem-del-banco-central\/","article:published_time":"2026-08-06T18:28:11+00:00","article:modified_time":"2026-08-06T18:28:11+00:00","twitter:card":"summary_large_image","twitter:title":"Inflaci\u00f3n, d\u00f3lar y otras variables: qu\u00e9 espera el mercado en el nuevo REM del Banco Central - LA VOZ DE LA GENTE","twitter:description":"El Banco Central de la Rep\u00fablica Argentina (BCRA) difundir\u00e1 este jueves el Relevamiento de Expectativas de Mercado (REM) de julio, en el que los principales analistas estiman sus proyecciones sobre las variables macroecon\u00f3micas. Seg\u00fan supo la Agencia Noticias Argentinas, el informe se produce en base a proyecciones del BCRA y es generado a partir de"},"aioseo_meta_data":{"post_id":"3345","title":null,"description":null,"keywords":null,"keyphrases":{"focus":{"keyphrase":"","score":0,"analysis":{"keyphraseInTitle":{"score":0,"maxScore":9,"error":1}}},"additional":[]},"primary_term":null,"canonical_url":null,"og_title":null,"og_description":null,"og_object_type":"default","og_image_type":"default","og_image_url":null,"og_image_width":null,"og_image_height":null,"og_image_custom_url":null,"og_image_custom_fields":null,"og_video":"","og_custom_url":null,"og_article_section":null,"og_article_tags":null,"twitter_use_og":false,"twitter_card":"default","twitter_image_type":"default","twitter_image_url":null,"twitter_image_custom_url":null,"twitter_image_custom_fields":null,"twitter_title":null,"twitter_description":null,"schema":{"blockGraphs":[],"customGraphs":[],"default":{"data":{"Article":[],"Course":[],"Dataset":[],"FAQPage":[],"Movie":[],"Person":[],"Product":[],"ProductReview":[],"Car":[],"Recipe":[],"Service":[],"SoftwareApplication":[],"WebPage":[]},"graphName":"BlogPosting","isEnabled":true},"graphs":[]},"schema_type":"default","schema_type_options":null,"pillar_content":false,"robots_default":true,"robots_noindex":false,"robots_noarchive":false,"robots_nosnippet":false,"robots_nofollow":false,"robots_noimageindex":false,"robots_noodp":false,"robots_notranslate":false,"robots_max_snippet":"-1","robots_max_videopreview":"-1","robots_max_imagepreview":"large","priority":null,"frequency":"default","local_seo":null,"breadcrumb_settings":null,"limit_modified_date":false,"ai":{"faqs":[],"keyPoints":[],"schemas":[],"titles":[],"descriptions":[],"socialPosts":{"email":{"subject":"","preview":"","content":""},"linkedin":[],"twitter":[],"facebook":[],"instagram":[]}},"created":"2026-08-06 18:28:11","updated":"2026-08-06 18:41:41","seo_analyzer_scan_date":null,"focus_keyword":null,"additional_keywords":null,"truseo_locale":null},"aioseo_breadcrumb":"<div class=\"aioseo-breadcrumbs\"><span class=\"aioseo-breadcrumb\">\n\t\t\t<a href=\"https:\/\/lavozdelagente.com.ar\/index\" title=\"Home\">Home<\/a>\n\t\t<\/span><span class=\"aioseo-breadcrumb-separator\">&raquo;<\/span><span class=\"aioseo-breadcrumb\">\n\t\t\t<a href=\"https:\/\/lavozdelagente.com.ar\/index\/category\/politica\/\" title=\"Pol\u00edtica\">Pol\u00edtica<\/a>\n\t\t<\/span><span class=\"aioseo-breadcrumb-separator\">&raquo;<\/span><span class=\"aioseo-breadcrumb\">\n\t\t\tInflaci\u00f3n, d\u00f3lar y otras variables: qu\u00e9 espera el mercado en el nuevo REM del Banco Central\n\t\t<\/span><\/div>","aioseo_breadcrumb_json":[{"label":"Home","link":"https:\/\/lavozdelagente.com.ar\/index"},{"label":"Pol\u00edtica","link":"https:\/\/lavozdelagente.com.ar\/index\/category\/politica\/"},{"label":"Inflaci\u00f3n, d\u00f3lar y otras variables: qu\u00e9 espera el mercado en el nuevo REM del Banco Central","link":"https:\/\/lavozdelagente.com.ar\/index\/2026\/08\/06\/inflacion-dolar-y-otras-variables-que-espera-el-mercado-en-el-nuevo-rem-del-banco-central\/"}],"rttpg_featured_image_url":{"full":["https:\/\/lavozdelagente.com.ar\/wp-content\/uploads\/2026\/07\/bcra.jpg",1600,1200,false],"landscape":["https:\/\/lavozdelagente.com.ar\/wp-content\/uploads\/2026\/07\/bcra.jpg",1600,1200,false],"portraits":["https:\/\/lavozdelagente.com.ar\/wp-content\/uploads\/2026\/07\/bcra.jpg",1600,1200,false],"thumbnail":["https:\/\/lavozdelagente.com.ar\/wp-content\/uploads\/2026\/07\/bcra-150x150.jpg",150,150,true],"medium":["https:\/\/lavozdelagente.com.ar\/wp-content\/uploads\/2026\/07\/bcra-300x225.jpg",300,225,true],"large":["https:\/\/lavozdelagente.com.ar\/wp-content\/uploads\/2026\/07\/bcra-1024x768.jpg",800,600,true],"1536x1536":["https:\/\/lavozdelagente.com.ar\/wp-content\/uploads\/2026\/07\/bcra-1536x1152.jpg",1536,1152,true],"2048x2048":["https:\/\/lavozdelagente.com.ar\/wp-content\/uploads\/2026\/07\/bcra.jpg",1600,1200,false],"colormag-highlighted-post":["https:\/\/lavozdelagente.com.ar\/wp-content\/uploads\/2026\/07\/bcra-392x272.jpg",392,272,true],"colormag-featured-post-medium":["https:\/\/lavozdelagente.com.ar\/wp-content\/uploads\/2026\/07\/bcra-390x205.jpg",390,205,true],"colormag-featured-post-small":["https:\/\/lavozdelagente.com.ar\/wp-content\/uploads\/2026\/07\/bcra-130x90.jpg",130,90,true],"colormag-featured-image":["https:\/\/lavozdelagente.com.ar\/wp-content\/uploads\/2026\/07\/bcra-800x445.jpg",800,445,true],"colormag-default-news":["https:\/\/lavozdelagente.com.ar\/wp-content\/uploads\/2026\/07\/bcra-150x150.jpg",150,150,true],"colormag-featured-image-large":["https:\/\/lavozdelagente.com.ar\/wp-content\/uploads\/2026\/07\/bcra-1400x600.jpg",1400,600,true]},"rttpg_author":{"display_name":"rober","author_link":"https:\/\/lavozdelagente.com.ar\/index\/author\/rober\/"},"rttpg_comment":0,"rttpg_category":"<a href=\"https:\/\/lavozdelagente.com.ar\/index\/category\/politica\/\" rel=\"category tag\">Pol\u00edtica<\/a>","rttpg_excerpt":"El Banco Central de la Rep\u00fablica Argentina (BCRA) difundir\u00e1 este jueves el Relevamiento de Expectativas de Mercado (REM) de julio,","_links":{"self":[{"href":"https:\/\/lavozdelagente.com.ar\/index\/wp-json\/wp\/v2\/posts\/3345","targetHints":{"allow":["GET"]}}],"collection":[{"href":"https:\/\/lavozdelagente.com.ar\/index\/wp-json\/wp\/v2\/posts"}],"about":[{"href":"https:\/\/lavozdelagente.com.ar\/index\/wp-json\/wp\/v2\/types\/post"}],"author":[{"embeddable":true,"href":"https:\/\/lavozdelagente.com.ar\/index\/wp-json\/wp\/v2\/users\/2"}],"replies":[{"embeddable":true,"href":"https:\/\/lavozdelagente.com.ar\/index\/wp-json\/wp\/v2\/comments?post=3345"}],"version-history":[{"count":1,"href":"https:\/\/lavozdelagente.com.ar\/index\/wp-json\/wp\/v2\/posts\/3345\/revisions"}],"predecessor-version":[{"id":3346,"href":"https:\/\/lavozdelagente.com.ar\/index\/wp-json\/wp\/v2\/posts\/3345\/revisions\/3346"}],"wp:featuredmedia":[{"embeddable":true,"href":"https:\/\/lavozdelagente.com.ar\/index\/wp-json\/wp\/v2\/media\/3228"}],"wp:attachment":[{"href":"https:\/\/lavozdelagente.com.ar\/index\/wp-json\/wp\/v2\/media?parent=3345"}],"wp:term":[{"taxonomy":"category","embeddable":true,"href":"https:\/\/lavozdelagente.com.ar\/index\/wp-json\/wp\/v2\/categories?post=3345"},{"taxonomy":"post_tag","embeddable":true,"href":"https:\/\/lavozdelagente.com.ar\/index\/wp-json\/wp\/v2\/tags?post=3345"}],"curies":[{"name":"wp","href":"https:\/\/api.w.org\/{rel}","templated":true}]}}