{"id":3347,"date":"2026-08-06T20:31:15","date_gmt":"2026-08-06T20:31:15","guid":{"rendered":"https:\/\/lavozdelagente.com.ar\/index\/?p=3347"},"modified":"2026-08-06T20:31:15","modified_gmt":"2026-08-06T20:31:15","slug":"el-cis-banda-reafirma-su-liderazgo-en-la-promocion-de-la-lactancia-materna-y-atencion-materno-infantil-de-calidad","status":"publish","type":"post","link":"https:\/\/lavozdelagente.com.ar\/index\/2026\/08\/06\/el-cis-banda-reafirma-su-liderazgo-en-la-promocion-de-la-lactancia-materna-y-atencion-materno-infantil-de-calidad\/","title":{"rendered":"El CIS Banda reafirma su liderazgo en la promoci\u00f3n de la lactancia materna y atenci\u00f3n materno infantil de calidad"},"content":{"rendered":"<p>En el marco de la Semana Mundial de la Lactancia Materna, la ministra de Salud, Natividad Nassif, recorri\u00f3 los servicios de Maternidad y Neonatolog\u00eda del Centro Integral de Salud Banda, primer Hospital Amigo de la Lactancia Materna de la provincia y referente en la promoci\u00f3n, protecci\u00f3n y acompa\u00f1amiento de esta pr\u00e1ctica.<br \/>\nDurante la visita, la ministra fue recibida por el director del CIS Banda, Dr. Dar\u00edo Ocaranza; el director de Maternidad y Neonatolog\u00eda, Dr. Horacio Fuentes Costilla; el director M\u00e9dico y de Servicios T\u00e9cnicos, Dr. Luis Sgoifo; la directora de Pediatr\u00eda y Redes Hospitalarias, Dra. Mar\u00eda de los \u00c1ngeles Pereyra; y el director de Administraci\u00f3n, Dr. Ignacio Simonetti.<br \/>\nTambi\u00e9n participaron la directora de Docencia y Capacitaci\u00f3n, Lic. Daniela Bravo; el coordinador de Neonatolog\u00eda, Dr. Jorge Gramajo; la coordinadora de Maternidad, Dra. Gabriela Nader; y la referente de Lactancia Materna del CIS Banda, Lic. Liliana Adamo.<\/p>\n<p>El CIS Banda fue pionero en incorporar la lactancia materna como una pol\u00edtica transversal en la atenci\u00f3n de la madre y el reci\u00e9n nacido. Desde el embarazo hasta el alta hospitalaria, sus equipos priorizan el contacto temprano, el inicio de la lactancia durante la primera hora de vida, el acompa\u00f1amiento profesional y la capacitaci\u00f3n permanente de las familias y del personal de salud.<br \/>\nAdem\u00e1s cuenta adem\u00e1s con lactario, equipos de extracci\u00f3n de leche y personal especialmente capacitado. Durante esta semana se realizan talleres para familias y profesionales, con el objetivo de seguir fortaleciendo una pr\u00e1ctica que protege la salud desde el comienzo de la vida.<\/p>\n","protected":false},"excerpt":{"rendered":"<p>En el marco de la Semana Mundial de la Lactancia Materna, la ministra de Salud, Natividad Nassif, recorri\u00f3 los servicios<\/p>\n","protected":false},"author":2,"featured_media":3348,"comment_status":"open","ping_status":"open","sticky":false,"template":"","format":"standard","meta":{"colormag_page_container_layout":"default_layout","colormag_page_sidebar_layout":"default_layout","om_disable_all_campaigns":false,"_monsterinsights_skip_tracking":false,"footnotes":""},"categories":[2],"tags":[],"class_list":["post-3347","post","type-post","status-publish","format-standard","has-post-thumbnail","hentry","category-santiago"],"aioseo_notices":[],"aioseo_head":"\n\t\t<!-- All in One SEO 5.0.1.1 - aioseo.com -->\n\t<meta name=\"description\" content=\"En el marco de la Semana Mundial de la Lactancia Materna, la ministra de Salud, Natividad Nassif, recorri\u00f3 los servicios de Maternidad y Neonatolog\u00eda del Centro Integral de Salud Banda, primer Hospital Amigo de la Lactancia Materna de la provincia y referente en la promoci\u00f3n, protecci\u00f3n y acompa\u00f1amiento de esta pr\u00e1ctica. Durante la visita, la\" \/>\n\t<meta name=\"robots\" content=\"max-image-preview:large\" \/>\n\t<meta name=\"author\" content=\"rober\"\/>\n\t<meta name=\"google-site-verification\" content=\"dJHDh1fUzR1o-UwpFfn1JyiF-0R1LCNFZReSb-gbgcE\" \/>\n\t<link rel=\"canonical\" href=\"https:\/\/lavozdelagente.com.ar\/index\/2026\/08\/06\/el-cis-banda-reafirma-su-liderazgo-en-la-promocion-de-la-lactancia-materna-y-atencion-materno-infantil-de-calidad\/\" \/>\n\t<meta name=\"generator\" content=\"All in One SEO (AIOSEO) 5.0.1.1\" \/>\n\t\t<meta property=\"og:locale\" content=\"es_ES\" \/>\n\t\t<meta property=\"og:site_name\" content=\"LA VOZ DE LA GENTE - SDE\" \/>\n\t\t<meta property=\"og:type\" content=\"article\" \/>\n\t\t<meta property=\"og:title\" content=\"El CIS Banda reafirma su liderazgo en la promoci\u00f3n de la lactancia materna y atenci\u00f3n materno infantil de calidad - LA VOZ DE LA GENTE\" \/>\n\t\t<meta property=\"og:description\" content=\"En el marco de la Semana Mundial de la Lactancia Materna, la ministra de Salud, Natividad Nassif, recorri\u00f3 los servicios de Maternidad y Neonatolog\u00eda del Centro Integral de Salud Banda, primer Hospital Amigo de la Lactancia Materna de la provincia y referente en la promoci\u00f3n, protecci\u00f3n y acompa\u00f1amiento de esta pr\u00e1ctica. Durante la visita, la\" \/>\n\t\t<meta property=\"og:url\" content=\"https:\/\/lavozdelagente.com.ar\/index\/2026\/08\/06\/el-cis-banda-reafirma-su-liderazgo-en-la-promocion-de-la-lactancia-materna-y-atencion-materno-infantil-de-calidad\/\" \/>\n\t\t<meta property=\"article:published_time\" content=\"2026-08-06T20:31:15+00:00\" \/>\n\t\t<meta property=\"article:modified_time\" content=\"2026-08-06T20:31:15+00:00\" \/>\n\t\t<meta name=\"twitter:card\" content=\"summary_large_image\" \/>\n\t\t<meta name=\"twitter:title\" content=\"El CIS Banda reafirma su liderazgo en la promoci\u00f3n de la lactancia materna y atenci\u00f3n materno infantil de calidad - LA VOZ DE LA GENTE\" \/>\n\t\t<meta name=\"twitter:description\" content=\"En el marco de la Semana Mundial de la Lactancia Materna, la ministra de Salud, Natividad Nassif, recorri\u00f3 los servicios de Maternidad y Neonatolog\u00eda del Centro Integral de Salud Banda, primer Hospital Amigo de la Lactancia Materna de la provincia y referente en la promoci\u00f3n, protecci\u00f3n y acompa\u00f1amiento de esta pr\u00e1ctica. Durante la visita, la\" \/>\n\t\t<script type=\"application\/ld+json\" class=\"aioseo-schema\">\n\t\t\t{\"@context\":\"https:\\\/\\\/schema.org\",\"@graph\":[{\"@type\":\"BlogPosting\",\"@id\":\"https:\\\/\\\/lavozdelagente.com.ar\\\/index\\\/2026\\\/08\\\/06\\\/el-cis-banda-reafirma-su-liderazgo-en-la-promocion-de-la-lactancia-materna-y-atencion-materno-infantil-de-calidad\\\/#blogposting\",\"name\":\"El CIS Banda reafirma su liderazgo en la promoci\\u00f3n de la lactancia materna y atenci\\u00f3n materno infantil de calidad - LA VOZ DE LA GENTE\",\"headline\":\"El CIS Banda reafirma su liderazgo en la promoci\\u00f3n de la lactancia materna y atenci\\u00f3n materno infantil de calidad\",\"author\":{\"@id\":\"https:\\\/\\\/lavozdelagente.com.ar\\\/index\\\/author\\\/rober\\\/#author\"},\"publisher\":{\"@id\":\"https:\\\/\\\/lavozdelagente.com.ar\\\/index\\\/#person\"},\"image\":{\"@type\":\"ImageObject\",\"url\":\"https:\\\/\\\/lavozdelagente.com.ar\\\/wp-content\\\/uploads\\\/2026\\\/08\\\/IMG-20260806-WA0050.jpg\",\"width\":1600,\"height\":1066},\"datePublished\":\"2026-08-06T20:31:15+00:00\",\"dateModified\":\"2026-08-06T20:31:15+00:00\",\"inLanguage\":\"es-ES\",\"mainEntityOfPage\":{\"@id\":\"https:\\\/\\\/lavozdelagente.com.ar\\\/index\\\/2026\\\/08\\\/06\\\/el-cis-banda-reafirma-su-liderazgo-en-la-promocion-de-la-lactancia-materna-y-atencion-materno-infantil-de-calidad\\\/#webpage\"},\"isPartOf\":{\"@id\":\"https:\\\/\\\/lavozdelagente.com.ar\\\/index\\\/2026\\\/08\\\/06\\\/el-cis-banda-reafirma-su-liderazgo-en-la-promocion-de-la-lactancia-materna-y-atencion-materno-infantil-de-calidad\\\/#webpage\"},\"articleSection\":\"Santiago\"},{\"@type\":\"BreadcrumbList\",\"@id\":\"https:\\\/\\\/lavozdelagente.com.ar\\\/index\\\/2026\\\/08\\\/06\\\/el-cis-banda-reafirma-su-liderazgo-en-la-promocion-de-la-lactancia-materna-y-atencion-materno-infantil-de-calidad\\\/#breadcrumblist\",\"itemListElement\":[{\"@type\":\"ListItem\",\"@id\":\"https:\\\/\\\/lavozdelagente.com.ar\\\/index#listItem\",\"position\":1,\"name\":\"Home\",\"item\":\"https:\\\/\\\/lavozdelagente.com.ar\\\/index\",\"nextItem\":{\"@type\":\"ListItem\",\"@id\":\"https:\\\/\\\/lavozdelagente.com.ar\\\/index\\\/category\\\/santiago\\\/#listItem\",\"name\":\"Santiago\"}},{\"@type\":\"ListItem\",\"@id\":\"https:\\\/\\\/lavozdelagente.com.ar\\\/index\\\/category\\\/santiago\\\/#listItem\",\"position\":2,\"name\":\"Santiago\",\"item\":\"https:\\\/\\\/lavozdelagente.com.ar\\\/index\\\/category\\\/santiago\\\/\",\"nextItem\":{\"@type\":\"ListItem\",\"@id\":\"https:\\\/\\\/lavozdelagente.com.ar\\\/index\\\/2026\\\/08\\\/06\\\/el-cis-banda-reafirma-su-liderazgo-en-la-promocion-de-la-lactancia-materna-y-atencion-materno-infantil-de-calidad\\\/#listItem\",\"name\":\"El CIS Banda reafirma su liderazgo en la promoci\\u00f3n de la lactancia materna y atenci\\u00f3n materno infantil de calidad\"},\"previousItem\":{\"@type\":\"ListItem\",\"@id\":\"https:\\\/\\\/lavozdelagente.com.ar\\\/index#listItem\",\"name\":\"Home\"}},{\"@type\":\"ListItem\",\"@id\":\"https:\\\/\\\/lavozdelagente.com.ar\\\/index\\\/2026\\\/08\\\/06\\\/el-cis-banda-reafirma-su-liderazgo-en-la-promocion-de-la-lactancia-materna-y-atencion-materno-infantil-de-calidad\\\/#listItem\",\"position\":3,\"name\":\"El CIS Banda reafirma su liderazgo en la promoci\\u00f3n de la lactancia materna y atenci\\u00f3n materno infantil de calidad\",\"previousItem\":{\"@type\":\"ListItem\",\"@id\":\"https:\\\/\\\/lavozdelagente.com.ar\\\/index\\\/category\\\/santiago\\\/#listItem\",\"name\":\"Santiago\"}}]},{\"@type\":\"Person\",\"@id\":\"https:\\\/\\\/lavozdelagente.com.ar\\\/index\\\/author\\\/rober\\\/#author\",\"url\":\"https:\\\/\\\/lavozdelagente.com.ar\\\/index\\\/author\\\/rober\\\/\",\"name\":\"rober\",\"image\":{\"@type\":\"ImageObject\",\"@id\":\"https:\\\/\\\/lavozdelagente.com.ar\\\/index\\\/2026\\\/08\\\/06\\\/el-cis-banda-reafirma-su-liderazgo-en-la-promocion-de-la-lactancia-materna-y-atencion-materno-infantil-de-calidad\\\/#authorImage\",\"url\":\"https:\\\/\\\/secure.gravatar.com\\\/avatar\\\/901a62cd098b11a08c5fe38d2de0f8ad6b745f5d4f6413ad71e1630ac07766e0?s=96&d=mm&r=g\",\"width\":96,\"height\":96,\"caption\":\"rober\"}},{\"@type\":\"WebPage\",\"@id\":\"https:\\\/\\\/lavozdelagente.com.ar\\\/index\\\/2026\\\/08\\\/06\\\/el-cis-banda-reafirma-su-liderazgo-en-la-promocion-de-la-lactancia-materna-y-atencion-materno-infantil-de-calidad\\\/#webpage\",\"url\":\"https:\\\/\\\/lavozdelagente.com.ar\\\/index\\\/2026\\\/08\\\/06\\\/el-cis-banda-reafirma-su-liderazgo-en-la-promocion-de-la-lactancia-materna-y-atencion-materno-infantil-de-calidad\\\/\",\"name\":\"El CIS Banda reafirma su liderazgo en la promoci\\u00f3n de la lactancia materna y atenci\\u00f3n materno infantil de calidad - LA VOZ DE LA GENTE\",\"description\":\"En el marco de la Semana Mundial de la Lactancia Materna, la ministra de Salud, Natividad Nassif, recorri\\u00f3 los servicios de Maternidad y Neonatolog\\u00eda del Centro Integral de Salud Banda, primer Hospital Amigo de la Lactancia Materna de la provincia y referente en la promoci\\u00f3n, protecci\\u00f3n y acompa\\u00f1amiento de esta pr\\u00e1ctica. Durante la visita, la\",\"inLanguage\":\"es-ES\",\"isPartOf\":{\"@id\":\"https:\\\/\\\/lavozdelagente.com.ar\\\/index\\\/#website\"},\"breadcrumb\":{\"@id\":\"https:\\\/\\\/lavozdelagente.com.ar\\\/index\\\/2026\\\/08\\\/06\\\/el-cis-banda-reafirma-su-liderazgo-en-la-promocion-de-la-lactancia-materna-y-atencion-materno-infantil-de-calidad\\\/#breadcrumblist\"},\"author\":{\"@id\":\"https:\\\/\\\/lavozdelagente.com.ar\\\/index\\\/author\\\/rober\\\/#author\"},\"creator\":{\"@id\":\"https:\\\/\\\/lavozdelagente.com.ar\\\/index\\\/author\\\/rober\\\/#author\"},\"image\":{\"@type\":\"ImageObject\",\"url\":\"https:\\\/\\\/lavozdelagente.com.ar\\\/wp-content\\\/uploads\\\/2026\\\/08\\\/IMG-20260806-WA0050.jpg\",\"@id\":\"https:\\\/\\\/lavozdelagente.com.ar\\\/index\\\/2026\\\/08\\\/06\\\/el-cis-banda-reafirma-su-liderazgo-en-la-promocion-de-la-lactancia-materna-y-atencion-materno-infantil-de-calidad\\\/#mainImage\",\"width\":1600,\"height\":1066},\"primaryImageOfPage\":{\"@id\":\"https:\\\/\\\/lavozdelagente.com.ar\\\/index\\\/2026\\\/08\\\/06\\\/el-cis-banda-reafirma-su-liderazgo-en-la-promocion-de-la-lactancia-materna-y-atencion-materno-infantil-de-calidad\\\/#mainImage\"},\"datePublished\":\"2026-08-06T20:31:15+00:00\",\"dateModified\":\"2026-08-06T20:31:15+00:00\"},{\"@type\":\"WebSite\",\"@id\":\"https:\\\/\\\/lavozdelagente.com.ar\\\/index\\\/#website\",\"url\":\"https:\\\/\\\/lavozdelagente.com.ar\\\/index\\\/\",\"name\":\"LA VOZ DE LA GENTE\",\"description\":\"SDE\",\"inLanguage\":\"es-ES\",\"publisher\":{\"@id\":\"https:\\\/\\\/lavozdelagente.com.ar\\\/index\\\/#person\"}}]}\n\t\t<\/script>\n\t\t<!-- All in One SEO -->\n\n","aioseo_head_json":{"title":"El CIS Banda reafirma su liderazgo en la promoci\u00f3n de la lactancia materna y atenci\u00f3n materno infantil de calidad - LA VOZ DE LA GENTE","description":"En el marco de la Semana Mundial de la Lactancia Materna, la ministra de Salud, Natividad Nassif, recorri\u00f3 los servicios de Maternidad y Neonatolog\u00eda del Centro Integral de Salud Banda, primer Hospital Amigo de la Lactancia Materna de la provincia y referente en la promoci\u00f3n, protecci\u00f3n y acompa\u00f1amiento de esta pr\u00e1ctica. Durante la visita, la","canonical_url":"https:\/\/lavozdelagente.com.ar\/index\/2026\/08\/06\/el-cis-banda-reafirma-su-liderazgo-en-la-promocion-de-la-lactancia-materna-y-atencion-materno-infantil-de-calidad\/","robots":"max-image-preview:large","keywords":"","webmasterTools":{"google-site-verification":"dJHDh1fUzR1o-UwpFfn1JyiF-0R1LCNFZReSb-gbgcE","miscellaneous":""},"schema":{"@context":"https:\/\/schema.org","@graph":[{"@type":"BlogPosting","@id":"https:\/\/lavozdelagente.com.ar\/index\/2026\/08\/06\/el-cis-banda-reafirma-su-liderazgo-en-la-promocion-de-la-lactancia-materna-y-atencion-materno-infantil-de-calidad\/#blogposting","name":"El CIS Banda reafirma su liderazgo en la promoci\u00f3n de la lactancia materna y atenci\u00f3n materno infantil de calidad - LA VOZ DE LA GENTE","headline":"El CIS Banda reafirma su liderazgo en la promoci\u00f3n de la lactancia materna y atenci\u00f3n materno infantil de calidad","author":{"@id":"https:\/\/lavozdelagente.com.ar\/index\/author\/rober\/#author"},"publisher":{"@id":"https:\/\/lavozdelagente.com.ar\/index\/#person"},"image":{"@type":"ImageObject","url":"https:\/\/lavozdelagente.com.ar\/wp-content\/uploads\/2026\/08\/IMG-20260806-WA0050.jpg","width":1600,"height":1066},"datePublished":"2026-08-06T20:31:15+00:00","dateModified":"2026-08-06T20:31:15+00:00","inLanguage":"es-ES","mainEntityOfPage":{"@id":"https:\/\/lavozdelagente.com.ar\/index\/2026\/08\/06\/el-cis-banda-reafirma-su-liderazgo-en-la-promocion-de-la-lactancia-materna-y-atencion-materno-infantil-de-calidad\/#webpage"},"isPartOf":{"@id":"https:\/\/lavozdelagente.com.ar\/index\/2026\/08\/06\/el-cis-banda-reafirma-su-liderazgo-en-la-promocion-de-la-lactancia-materna-y-atencion-materno-infantil-de-calidad\/#webpage"},"articleSection":"Santiago"},{"@type":"BreadcrumbList","@id":"https:\/\/lavozdelagente.com.ar\/index\/2026\/08\/06\/el-cis-banda-reafirma-su-liderazgo-en-la-promocion-de-la-lactancia-materna-y-atencion-materno-infantil-de-calidad\/#breadcrumblist","itemListElement":[{"@type":"ListItem","@id":"https:\/\/lavozdelagente.com.ar\/index#listItem","position":1,"name":"Home","item":"https:\/\/lavozdelagente.com.ar\/index","nextItem":{"@type":"ListItem","@id":"https:\/\/lavozdelagente.com.ar\/index\/category\/santiago\/#listItem","name":"Santiago"}},{"@type":"ListItem","@id":"https:\/\/lavozdelagente.com.ar\/index\/category\/santiago\/#listItem","position":2,"name":"Santiago","item":"https:\/\/lavozdelagente.com.ar\/index\/category\/santiago\/","nextItem":{"@type":"ListItem","@id":"https:\/\/lavozdelagente.com.ar\/index\/2026\/08\/06\/el-cis-banda-reafirma-su-liderazgo-en-la-promocion-de-la-lactancia-materna-y-atencion-materno-infantil-de-calidad\/#listItem","name":"El CIS Banda reafirma su liderazgo en la promoci\u00f3n de la lactancia materna y atenci\u00f3n materno infantil de calidad"},"previousItem":{"@type":"ListItem","@id":"https:\/\/lavozdelagente.com.ar\/index#listItem","name":"Home"}},{"@type":"ListItem","@id":"https:\/\/lavozdelagente.com.ar\/index\/2026\/08\/06\/el-cis-banda-reafirma-su-liderazgo-en-la-promocion-de-la-lactancia-materna-y-atencion-materno-infantil-de-calidad\/#listItem","position":3,"name":"El CIS Banda reafirma su liderazgo en la promoci\u00f3n de la lactancia materna y atenci\u00f3n materno infantil de calidad","previousItem":{"@type":"ListItem","@id":"https:\/\/lavozdelagente.com.ar\/index\/category\/santiago\/#listItem","name":"Santiago"}}]},{"@type":"Person","@id":"https:\/\/lavozdelagente.com.ar\/index\/author\/rober\/#author","url":"https:\/\/lavozdelagente.com.ar\/index\/author\/rober\/","name":"rober","image":{"@type":"ImageObject","@id":"https:\/\/lavozdelagente.com.ar\/index\/2026\/08\/06\/el-cis-banda-reafirma-su-liderazgo-en-la-promocion-de-la-lactancia-materna-y-atencion-materno-infantil-de-calidad\/#authorImage","url":"https:\/\/secure.gravatar.com\/avatar\/901a62cd098b11a08c5fe38d2de0f8ad6b745f5d4f6413ad71e1630ac07766e0?s=96&d=mm&r=g","width":96,"height":96,"caption":"rober"}},{"@type":"WebPage","@id":"https:\/\/lavozdelagente.com.ar\/index\/2026\/08\/06\/el-cis-banda-reafirma-su-liderazgo-en-la-promocion-de-la-lactancia-materna-y-atencion-materno-infantil-de-calidad\/#webpage","url":"https:\/\/lavozdelagente.com.ar\/index\/2026\/08\/06\/el-cis-banda-reafirma-su-liderazgo-en-la-promocion-de-la-lactancia-materna-y-atencion-materno-infantil-de-calidad\/","name":"El CIS Banda reafirma su liderazgo en la promoci\u00f3n de la lactancia materna y atenci\u00f3n materno infantil de calidad - LA VOZ DE LA GENTE","description":"En el marco de la Semana Mundial de la Lactancia Materna, la ministra de Salud, Natividad Nassif, recorri\u00f3 los servicios de Maternidad y Neonatolog\u00eda del Centro Integral de Salud Banda, primer Hospital Amigo de la Lactancia Materna de la provincia y referente en la promoci\u00f3n, protecci\u00f3n y acompa\u00f1amiento de esta pr\u00e1ctica. Durante la visita, la","inLanguage":"es-ES","isPartOf":{"@id":"https:\/\/lavozdelagente.com.ar\/index\/#website"},"breadcrumb":{"@id":"https:\/\/lavozdelagente.com.ar\/index\/2026\/08\/06\/el-cis-banda-reafirma-su-liderazgo-en-la-promocion-de-la-lactancia-materna-y-atencion-materno-infantil-de-calidad\/#breadcrumblist"},"author":{"@id":"https:\/\/lavozdelagente.com.ar\/index\/author\/rober\/#author"},"creator":{"@id":"https:\/\/lavozdelagente.com.ar\/index\/author\/rober\/#author"},"image":{"@type":"ImageObject","url":"https:\/\/lavozdelagente.com.ar\/wp-content\/uploads\/2026\/08\/IMG-20260806-WA0050.jpg","@id":"https:\/\/lavozdelagente.com.ar\/index\/2026\/08\/06\/el-cis-banda-reafirma-su-liderazgo-en-la-promocion-de-la-lactancia-materna-y-atencion-materno-infantil-de-calidad\/#mainImage","width":1600,"height":1066},"primaryImageOfPage":{"@id":"https:\/\/lavozdelagente.com.ar\/index\/2026\/08\/06\/el-cis-banda-reafirma-su-liderazgo-en-la-promocion-de-la-lactancia-materna-y-atencion-materno-infantil-de-calidad\/#mainImage"},"datePublished":"2026-08-06T20:31:15+00:00","dateModified":"2026-08-06T20:31:15+00:00"},{"@type":"WebSite","@id":"https:\/\/lavozdelagente.com.ar\/index\/#website","url":"https:\/\/lavozdelagente.com.ar\/index\/","name":"LA VOZ DE LA GENTE","description":"SDE","inLanguage":"es-ES","publisher":{"@id":"https:\/\/lavozdelagente.com.ar\/index\/#person"}}]},"og:locale":"es_ES","og:site_name":"LA VOZ DE LA GENTE - SDE","og:type":"article","og:title":"El CIS Banda reafirma su liderazgo en la promoci\u00f3n de la lactancia materna y atenci\u00f3n materno infantil de calidad - LA VOZ DE LA GENTE","og:description":"En el marco de la Semana Mundial de la Lactancia Materna, la ministra de Salud, Natividad Nassif, recorri\u00f3 los servicios de Maternidad y Neonatolog\u00eda del Centro Integral de Salud Banda, primer Hospital Amigo de la Lactancia Materna de la provincia y referente en la promoci\u00f3n, protecci\u00f3n y acompa\u00f1amiento de esta pr\u00e1ctica. Durante la visita, la","og:url":"https:\/\/lavozdelagente.com.ar\/index\/2026\/08\/06\/el-cis-banda-reafirma-su-liderazgo-en-la-promocion-de-la-lactancia-materna-y-atencion-materno-infantil-de-calidad\/","article:published_time":"2026-08-06T20:31:15+00:00","article:modified_time":"2026-08-06T20:31:15+00:00","twitter:card":"summary_large_image","twitter:title":"El CIS Banda reafirma su liderazgo en la promoci\u00f3n de la lactancia materna y atenci\u00f3n materno infantil de calidad - LA VOZ DE LA GENTE","twitter:description":"En el marco de la Semana Mundial de la Lactancia Materna, la ministra de Salud, Natividad Nassif, recorri\u00f3 los servicios de Maternidad y Neonatolog\u00eda del Centro Integral de Salud Banda, primer Hospital Amigo de la Lactancia Materna de la provincia y referente en la promoci\u00f3n, protecci\u00f3n y acompa\u00f1amiento de esta pr\u00e1ctica. Durante la visita, la"},"aioseo_meta_data":{"post_id":"3347","title":null,"description":null,"keywords":null,"keyphrases":{"focus":{"keyphrase":"","score":0,"analysis":{"keyphraseInTitle":{"score":0,"maxScore":9,"error":1}}},"additional":[]},"primary_term":null,"canonical_url":null,"og_title":null,"og_description":null,"og_object_type":"default","og_image_type":"default","og_image_url":null,"og_image_width":null,"og_image_height":null,"og_image_custom_url":null,"og_image_custom_fields":null,"og_video":"","og_custom_url":null,"og_article_section":null,"og_article_tags":null,"twitter_use_og":false,"twitter_card":"default","twitter_image_type":"default","twitter_image_url":null,"twitter_image_custom_url":null,"twitter_image_custom_fields":null,"twitter_title":null,"twitter_description":null,"schema":{"blockGraphs":[],"customGraphs":[],"default":{"data":{"Article":[],"Course":[],"Dataset":[],"FAQPage":[],"Movie":[],"Person":[],"Product":[],"ProductReview":[],"Car":[],"Recipe":[],"Service":[],"SoftwareApplication":[],"WebPage":[]},"graphName":"BlogPosting","isEnabled":true},"graphs":[]},"schema_type":"default","schema_type_options":null,"pillar_content":false,"robots_default":true,"robots_noindex":false,"robots_noarchive":false,"robots_nosnippet":false,"robots_nofollow":false,"robots_noimageindex":false,"robots_noodp":false,"robots_notranslate":false,"robots_max_snippet":"-1","robots_max_videopreview":"-1","robots_max_imagepreview":"large","priority":null,"frequency":"default","local_seo":null,"breadcrumb_settings":null,"limit_modified_date":false,"ai":{"faqs":[],"keyPoints":[],"schemas":[],"titles":[],"descriptions":[],"socialPosts":{"email":{"subject":"","preview":"","content":""},"linkedin":[],"twitter":[],"facebook":[],"instagram":[]}},"created":"2026-08-06 20:31:15","updated":"2026-08-07 15:48:34","seo_analyzer_scan_date":null,"focus_keyword":null,"additional_keywords":null,"truseo_locale":null},"aioseo_breadcrumb":"<div class=\"aioseo-breadcrumbs\"><span class=\"aioseo-breadcrumb\">\n\t\t\t<a href=\"https:\/\/lavozdelagente.com.ar\/index\" title=\"Home\">Home<\/a>\n\t\t<\/span><span class=\"aioseo-breadcrumb-separator\">&raquo;<\/span><span class=\"aioseo-breadcrumb\">\n\t\t\t<a href=\"https:\/\/lavozdelagente.com.ar\/index\/category\/santiago\/\" title=\"Santiago\">Santiago<\/a>\n\t\t<\/span><span class=\"aioseo-breadcrumb-separator\">&raquo;<\/span><span class=\"aioseo-breadcrumb\">\n\t\t\tEl CIS Banda reafirma su liderazgo en la promoci\u00f3n de la lactancia materna y atenci\u00f3n materno infantil de calidad\n\t\t<\/span><\/div>","aioseo_breadcrumb_json":[{"label":"Home","link":"https:\/\/lavozdelagente.com.ar\/index"},{"label":"Santiago","link":"https:\/\/lavozdelagente.com.ar\/index\/category\/santiago\/"},{"label":"El CIS Banda reafirma su liderazgo en la promoci\u00f3n de la lactancia materna y atenci\u00f3n materno infantil de calidad","link":"https:\/\/lavozdelagente.com.ar\/index\/2026\/08\/06\/el-cis-banda-reafirma-su-liderazgo-en-la-promocion-de-la-lactancia-materna-y-atencion-materno-infantil-de-calidad\/"}],"rttpg_featured_image_url":{"full":["https:\/\/lavozdelagente.com.ar\/wp-content\/uploads\/2026\/08\/IMG-20260806-WA0050.jpg",1600,1066,false],"landscape":["https:\/\/lavozdelagente.com.ar\/wp-content\/uploads\/2026\/08\/IMG-20260806-WA0050.jpg",1600,1066,false],"portraits":["https:\/\/lavozdelagente.com.ar\/wp-content\/uploads\/2026\/08\/IMG-20260806-WA0050.jpg",1600,1066,false],"thumbnail":["https:\/\/lavozdelagente.com.ar\/wp-content\/uploads\/2026\/08\/IMG-20260806-WA0050-150x150.jpg",150,150,true],"medium":["https:\/\/lavozdelagente.com.ar\/wp-content\/uploads\/2026\/08\/IMG-20260806-WA0050-300x200.jpg",300,200,true],"large":["https:\/\/lavozdelagente.com.ar\/wp-content\/uploads\/2026\/08\/IMG-20260806-WA0050-1024x682.jpg",800,533,true],"1536x1536":["https:\/\/lavozdelagente.com.ar\/wp-content\/uploads\/2026\/08\/IMG-20260806-WA0050-1536x1023.jpg",1536,1023,true],"2048x2048":["https:\/\/lavozdelagente.com.ar\/wp-content\/uploads\/2026\/08\/IMG-20260806-WA0050.jpg",1600,1066,false],"colormag-highlighted-post":["https:\/\/lavozdelagente.com.ar\/wp-content\/uploads\/2026\/08\/IMG-20260806-WA0050-392x272.jpg",392,272,true],"colormag-featured-post-medium":["https:\/\/lavozdelagente.com.ar\/wp-content\/uploads\/2026\/08\/IMG-20260806-WA0050-390x205.jpg",390,205,true],"colormag-featured-post-small":["https:\/\/lavozdelagente.com.ar\/wp-content\/uploads\/2026\/08\/IMG-20260806-WA0050-130x90.jpg",130,90,true],"colormag-featured-image":["https:\/\/lavozdelagente.com.ar\/wp-content\/uploads\/2026\/08\/IMG-20260806-WA0050-800x445.jpg",800,445,true],"colormag-default-news":["https:\/\/lavozdelagente.com.ar\/wp-content\/uploads\/2026\/08\/IMG-20260806-WA0050-150x150.jpg",150,150,true],"colormag-featured-image-large":["https:\/\/lavozdelagente.com.ar\/wp-content\/uploads\/2026\/08\/IMG-20260806-WA0050-1400x600.jpg",1400,600,true]},"rttpg_author":{"display_name":"rober","author_link":"https:\/\/lavozdelagente.com.ar\/index\/author\/rober\/"},"rttpg_comment":0,"rttpg_category":"<a href=\"https:\/\/lavozdelagente.com.ar\/index\/category\/santiago\/\" rel=\"category tag\">Santiago<\/a>","rttpg_excerpt":"En el marco de la Semana Mundial de la Lactancia Materna, la ministra de Salud, Natividad Nassif, recorri\u00f3 los servicios","_links":{"self":[{"href":"https:\/\/lavozdelagente.com.ar\/index\/wp-json\/wp\/v2\/posts\/3347","targetHints":{"allow":["GET"]}}],"collection":[{"href":"https:\/\/lavozdelagente.com.ar\/index\/wp-json\/wp\/v2\/posts"}],"about":[{"href":"https:\/\/lavozdelagente.com.ar\/index\/wp-json\/wp\/v2\/types\/post"}],"author":[{"embeddable":true,"href":"https:\/\/lavozdelagente.com.ar\/index\/wp-json\/wp\/v2\/users\/2"}],"replies":[{"embeddable":true,"href":"https:\/\/lavozdelagente.com.ar\/index\/wp-json\/wp\/v2\/comments?post=3347"}],"version-history":[{"count":1,"href":"https:\/\/lavozdelagente.com.ar\/index\/wp-json\/wp\/v2\/posts\/3347\/revisions"}],"predecessor-version":[{"id":3349,"href":"https:\/\/lavozdelagente.com.ar\/index\/wp-json\/wp\/v2\/posts\/3347\/revisions\/3349"}],"wp:featuredmedia":[{"embeddable":true,"href":"https:\/\/lavozdelagente.com.ar\/index\/wp-json\/wp\/v2\/media\/3348"}],"wp:attachment":[{"href":"https:\/\/lavozdelagente.com.ar\/index\/wp-json\/wp\/v2\/media?parent=3347"}],"wp:term":[{"taxonomy":"category","embeddable":true,"href":"https:\/\/lavozdelagente.com.ar\/index\/wp-json\/wp\/v2\/categories?post=3347"},{"taxonomy":"post_tag","embeddable":true,"href":"https:\/\/lavozdelagente.com.ar\/index\/wp-json\/wp\/v2\/tags?post=3347"}],"curies":[{"name":"wp","href":"https:\/\/api.w.org\/{rel}","templated":true}]}}