{"id":3359,"date":"2026-08-10T22:31:27","date_gmt":"2026-08-10T22:31:27","guid":{"rendered":"https:\/\/lavozdelagente.com.ar\/index\/?p=3359"},"modified":"2026-08-10T22:31:27","modified_gmt":"2026-08-10T22:31:27","slug":"con-gran-exito-finalizo-el-track-day-en-el-autodromo-de-las-termas","status":"publish","type":"post","link":"https:\/\/lavozdelagente.com.ar\/index\/2026\/08\/10\/con-gran-exito-finalizo-el-track-day-en-el-autodromo-de-las-termas\/","title":{"rendered":"Con gran \u00e9xito finaliz\u00f3 el Track Day en el Aut\u00f3dromo de Las Termas"},"content":{"rendered":"<p>&nbsp;<\/p>\n<p>Fan\u00e1ticos del deporte motor de distintos puntos del pa\u00eds disfrutaron este fin de semana en el Aut\u00f3dromo de Las Termas de R\u00edo Hondo de una nueva edici\u00f3n del Track Day Argentina, con la participaci\u00f3n de m\u00e1s de 100 autos de alta gama.<\/p>\n<p>Con el rugido de los motores como protagonista, el evento ofreci\u00f3 una combinaci\u00f3n de velocidad y entretenimiento donde se destacaron nuevos Ford Mustang, junto a Ferrari, Porsche, Nissan GT-R, Toyota GR, Audi, BMW M, Mercedes-AMG y Chevrolet Camaro.<\/p>\n<p>La actividad no se limit\u00f3 a la pista, ya que el p\u00fablico recorri\u00f3 el paddock y observ\u00f3 de cerca los veh\u00edculos para conocer sus caracter\u00edsticas y vivir una experiencia con los autos m\u00e1s exclusivos y potentes que circulan por el pa\u00eds.<\/p>\n<p>&nbsp;<\/p>\n","protected":false},"excerpt":{"rendered":"<p>&nbsp; Fan\u00e1ticos del deporte motor de distintos puntos del pa\u00eds disfrutaron este fin de semana en el Aut\u00f3dromo de Las<\/p>\n","protected":false},"author":2,"featured_media":3360,"comment_status":"open","ping_status":"open","sticky":false,"template":"","format":"standard","meta":{"colormag_page_container_layout":"default_layout","colormag_page_sidebar_layout":"default_layout","om_disable_all_campaigns":false,"_monsterinsights_skip_tracking":false,"footnotes":""},"categories":[5],"tags":[],"class_list":["post-3359","post","type-post","status-publish","format-standard","has-post-thumbnail","hentry","category-deportes"],"aioseo_notices":[],"aioseo_head":"\n\t\t<!-- All in One SEO 5.0.1.1 - aioseo.com -->\n\t<meta name=\"description\" content=\"Fan\u00e1ticos del deporte motor de distintos puntos del pa\u00eds disfrutaron este fin de semana en el Aut\u00f3dromo de Las Termas de R\u00edo Hondo de una nueva edici\u00f3n del Track Day Argentina, con la participaci\u00f3n de m\u00e1s de 100 autos de alta gama. Con el rugido de los motores como protagonista, el evento ofreci\u00f3 una\" \/>\n\t<meta name=\"robots\" content=\"max-image-preview:large\" \/>\n\t<meta name=\"author\" content=\"rober\"\/>\n\t<meta name=\"google-site-verification\" content=\"dJHDh1fUzR1o-UwpFfn1JyiF-0R1LCNFZReSb-gbgcE\" \/>\n\t<link rel=\"canonical\" href=\"https:\/\/lavozdelagente.com.ar\/index\/2026\/08\/10\/con-gran-exito-finalizo-el-track-day-en-el-autodromo-de-las-termas\/\" \/>\n\t<meta name=\"generator\" content=\"All in One SEO (AIOSEO) 5.0.1.1\" \/>\n\t\t<meta property=\"og:locale\" content=\"es_ES\" \/>\n\t\t<meta property=\"og:site_name\" content=\"LA VOZ DE LA GENTE - SDE\" \/>\n\t\t<meta property=\"og:type\" content=\"article\" \/>\n\t\t<meta property=\"og:title\" content=\"Con gran \u00e9xito finaliz\u00f3 el Track Day en el Aut\u00f3dromo de Las Termas - LA VOZ DE LA GENTE\" \/>\n\t\t<meta property=\"og:description\" content=\"Fan\u00e1ticos del deporte motor de distintos puntos del pa\u00eds disfrutaron este fin de semana en el Aut\u00f3dromo de Las Termas de R\u00edo Hondo de una nueva edici\u00f3n del Track Day Argentina, con la participaci\u00f3n de m\u00e1s de 100 autos de alta gama. Con el rugido de los motores como protagonista, el evento ofreci\u00f3 una\" \/>\n\t\t<meta property=\"og:url\" content=\"https:\/\/lavozdelagente.com.ar\/index\/2026\/08\/10\/con-gran-exito-finalizo-el-track-day-en-el-autodromo-de-las-termas\/\" \/>\n\t\t<meta property=\"article:published_time\" content=\"2026-08-10T22:31:27+00:00\" \/>\n\t\t<meta property=\"article:modified_time\" content=\"2026-08-10T22:31:27+00:00\" \/>\n\t\t<meta name=\"twitter:card\" content=\"summary_large_image\" \/>\n\t\t<meta name=\"twitter:title\" content=\"Con gran \u00e9xito finaliz\u00f3 el Track Day en el Aut\u00f3dromo de Las Termas - LA VOZ DE LA GENTE\" \/>\n\t\t<meta name=\"twitter:description\" content=\"Fan\u00e1ticos del deporte motor de distintos puntos del pa\u00eds disfrutaron este fin de semana en el Aut\u00f3dromo de Las Termas de R\u00edo Hondo de una nueva edici\u00f3n del Track Day Argentina, con la participaci\u00f3n de m\u00e1s de 100 autos de alta gama. Con el rugido de los motores como protagonista, el evento ofreci\u00f3 una\" \/>\n\t\t<script type=\"application\/ld+json\" class=\"aioseo-schema\">\n\t\t\t{\"@context\":\"https:\\\/\\\/schema.org\",\"@graph\":[{\"@type\":\"BlogPosting\",\"@id\":\"https:\\\/\\\/lavozdelagente.com.ar\\\/index\\\/2026\\\/08\\\/10\\\/con-gran-exito-finalizo-el-track-day-en-el-autodromo-de-las-termas\\\/#blogposting\",\"name\":\"Con gran \\u00e9xito finaliz\\u00f3 el Track Day en el Aut\\u00f3dromo de Las Termas - LA VOZ DE LA GENTE\",\"headline\":\"Con gran \\u00e9xito finaliz\\u00f3 el Track Day en el Aut\\u00f3dromo de Las Termas\",\"author\":{\"@id\":\"https:\\\/\\\/lavozdelagente.com.ar\\\/index\\\/author\\\/rober\\\/#author\"},\"publisher\":{\"@id\":\"https:\\\/\\\/lavozdelagente.com.ar\\\/index\\\/#person\"},\"image\":{\"@type\":\"ImageObject\",\"url\":\"https:\\\/\\\/lavozdelagente.com.ar\\\/wp-content\\\/uploads\\\/2026\\\/08\\\/IMG-20260809-WA0017-768x512-1.jpg\",\"width\":768,\"height\":512},\"datePublished\":\"2026-08-10T22:31:27+00:00\",\"dateModified\":\"2026-08-10T22:31:27+00:00\",\"inLanguage\":\"es-ES\",\"mainEntityOfPage\":{\"@id\":\"https:\\\/\\\/lavozdelagente.com.ar\\\/index\\\/2026\\\/08\\\/10\\\/con-gran-exito-finalizo-el-track-day-en-el-autodromo-de-las-termas\\\/#webpage\"},\"isPartOf\":{\"@id\":\"https:\\\/\\\/lavozdelagente.com.ar\\\/index\\\/2026\\\/08\\\/10\\\/con-gran-exito-finalizo-el-track-day-en-el-autodromo-de-las-termas\\\/#webpage\"},\"articleSection\":\"Deportes\"},{\"@type\":\"BreadcrumbList\",\"@id\":\"https:\\\/\\\/lavozdelagente.com.ar\\\/index\\\/2026\\\/08\\\/10\\\/con-gran-exito-finalizo-el-track-day-en-el-autodromo-de-las-termas\\\/#breadcrumblist\",\"itemListElement\":[{\"@type\":\"ListItem\",\"@id\":\"https:\\\/\\\/lavozdelagente.com.ar\\\/index#listItem\",\"position\":1,\"name\":\"Home\",\"item\":\"https:\\\/\\\/lavozdelagente.com.ar\\\/index\",\"nextItem\":{\"@type\":\"ListItem\",\"@id\":\"https:\\\/\\\/lavozdelagente.com.ar\\\/index\\\/category\\\/deportes\\\/#listItem\",\"name\":\"Deportes\"}},{\"@type\":\"ListItem\",\"@id\":\"https:\\\/\\\/lavozdelagente.com.ar\\\/index\\\/category\\\/deportes\\\/#listItem\",\"position\":2,\"name\":\"Deportes\",\"item\":\"https:\\\/\\\/lavozdelagente.com.ar\\\/index\\\/category\\\/deportes\\\/\",\"nextItem\":{\"@type\":\"ListItem\",\"@id\":\"https:\\\/\\\/lavozdelagente.com.ar\\\/index\\\/2026\\\/08\\\/10\\\/con-gran-exito-finalizo-el-track-day-en-el-autodromo-de-las-termas\\\/#listItem\",\"name\":\"Con gran \\u00e9xito finaliz\\u00f3 el Track Day en el Aut\\u00f3dromo de Las Termas\"},\"previousItem\":{\"@type\":\"ListItem\",\"@id\":\"https:\\\/\\\/lavozdelagente.com.ar\\\/index#listItem\",\"name\":\"Home\"}},{\"@type\":\"ListItem\",\"@id\":\"https:\\\/\\\/lavozdelagente.com.ar\\\/index\\\/2026\\\/08\\\/10\\\/con-gran-exito-finalizo-el-track-day-en-el-autodromo-de-las-termas\\\/#listItem\",\"position\":3,\"name\":\"Con gran \\u00e9xito finaliz\\u00f3 el Track Day en el Aut\\u00f3dromo de Las Termas\",\"previousItem\":{\"@type\":\"ListItem\",\"@id\":\"https:\\\/\\\/lavozdelagente.com.ar\\\/index\\\/category\\\/deportes\\\/#listItem\",\"name\":\"Deportes\"}}]},{\"@type\":\"Person\",\"@id\":\"https:\\\/\\\/lavozdelagente.com.ar\\\/index\\\/author\\\/rober\\\/#author\",\"url\":\"https:\\\/\\\/lavozdelagente.com.ar\\\/index\\\/author\\\/rober\\\/\",\"name\":\"rober\",\"image\":{\"@type\":\"ImageObject\",\"@id\":\"https:\\\/\\\/lavozdelagente.com.ar\\\/index\\\/2026\\\/08\\\/10\\\/con-gran-exito-finalizo-el-track-day-en-el-autodromo-de-las-termas\\\/#authorImage\",\"url\":\"https:\\\/\\\/secure.gravatar.com\\\/avatar\\\/901a62cd098b11a08c5fe38d2de0f8ad6b745f5d4f6413ad71e1630ac07766e0?s=96&d=mm&r=g\",\"width\":96,\"height\":96,\"caption\":\"rober\"}},{\"@type\":\"WebPage\",\"@id\":\"https:\\\/\\\/lavozdelagente.com.ar\\\/index\\\/2026\\\/08\\\/10\\\/con-gran-exito-finalizo-el-track-day-en-el-autodromo-de-las-termas\\\/#webpage\",\"url\":\"https:\\\/\\\/lavozdelagente.com.ar\\\/index\\\/2026\\\/08\\\/10\\\/con-gran-exito-finalizo-el-track-day-en-el-autodromo-de-las-termas\\\/\",\"name\":\"Con gran \\u00e9xito finaliz\\u00f3 el Track Day en el Aut\\u00f3dromo de Las Termas - LA VOZ DE LA GENTE\",\"description\":\"Fan\\u00e1ticos del deporte motor de distintos puntos del pa\\u00eds disfrutaron este fin de semana en el Aut\\u00f3dromo de Las Termas de R\\u00edo Hondo de una nueva edici\\u00f3n del Track Day Argentina, con la participaci\\u00f3n de m\\u00e1s de 100 autos de alta gama. Con el rugido de los motores como protagonista, el evento ofreci\\u00f3 una\",\"inLanguage\":\"es-ES\",\"isPartOf\":{\"@id\":\"https:\\\/\\\/lavozdelagente.com.ar\\\/index\\\/#website\"},\"breadcrumb\":{\"@id\":\"https:\\\/\\\/lavozdelagente.com.ar\\\/index\\\/2026\\\/08\\\/10\\\/con-gran-exito-finalizo-el-track-day-en-el-autodromo-de-las-termas\\\/#breadcrumblist\"},\"author\":{\"@id\":\"https:\\\/\\\/lavozdelagente.com.ar\\\/index\\\/author\\\/rober\\\/#author\"},\"creator\":{\"@id\":\"https:\\\/\\\/lavozdelagente.com.ar\\\/index\\\/author\\\/rober\\\/#author\"},\"image\":{\"@type\":\"ImageObject\",\"url\":\"https:\\\/\\\/lavozdelagente.com.ar\\\/wp-content\\\/uploads\\\/2026\\\/08\\\/IMG-20260809-WA0017-768x512-1.jpg\",\"@id\":\"https:\\\/\\\/lavozdelagente.com.ar\\\/index\\\/2026\\\/08\\\/10\\\/con-gran-exito-finalizo-el-track-day-en-el-autodromo-de-las-termas\\\/#mainImage\",\"width\":768,\"height\":512},\"primaryImageOfPage\":{\"@id\":\"https:\\\/\\\/lavozdelagente.com.ar\\\/index\\\/2026\\\/08\\\/10\\\/con-gran-exito-finalizo-el-track-day-en-el-autodromo-de-las-termas\\\/#mainImage\"},\"datePublished\":\"2026-08-10T22:31:27+00:00\",\"dateModified\":\"2026-08-10T22:31:27+00:00\"},{\"@type\":\"WebSite\",\"@id\":\"https:\\\/\\\/lavozdelagente.com.ar\\\/index\\\/#website\",\"url\":\"https:\\\/\\\/lavozdelagente.com.ar\\\/index\\\/\",\"name\":\"LA VOZ DE LA GENTE\",\"description\":\"SDE\",\"inLanguage\":\"es-ES\",\"publisher\":{\"@id\":\"https:\\\/\\\/lavozdelagente.com.ar\\\/index\\\/#person\"}}]}\n\t\t<\/script>\n\t\t<!-- All in One SEO -->\n\n","aioseo_head_json":{"title":"Con gran \u00e9xito finaliz\u00f3 el Track Day en el Aut\u00f3dromo de Las Termas - LA VOZ DE LA GENTE","description":"Fan\u00e1ticos del deporte motor de distintos puntos del pa\u00eds disfrutaron este fin de semana en el Aut\u00f3dromo de Las Termas de R\u00edo Hondo de una nueva edici\u00f3n del Track Day Argentina, con la participaci\u00f3n de m\u00e1s de 100 autos de alta gama. Con el rugido de los motores como protagonista, el evento ofreci\u00f3 una","canonical_url":"https:\/\/lavozdelagente.com.ar\/index\/2026\/08\/10\/con-gran-exito-finalizo-el-track-day-en-el-autodromo-de-las-termas\/","robots":"max-image-preview:large","keywords":"","webmasterTools":{"google-site-verification":"dJHDh1fUzR1o-UwpFfn1JyiF-0R1LCNFZReSb-gbgcE","miscellaneous":""},"schema":{"@context":"https:\/\/schema.org","@graph":[{"@type":"BlogPosting","@id":"https:\/\/lavozdelagente.com.ar\/index\/2026\/08\/10\/con-gran-exito-finalizo-el-track-day-en-el-autodromo-de-las-termas\/#blogposting","name":"Con gran \u00e9xito finaliz\u00f3 el Track Day en el Aut\u00f3dromo de Las Termas - LA VOZ DE LA GENTE","headline":"Con gran \u00e9xito finaliz\u00f3 el Track Day en el Aut\u00f3dromo de Las Termas","author":{"@id":"https:\/\/lavozdelagente.com.ar\/index\/author\/rober\/#author"},"publisher":{"@id":"https:\/\/lavozdelagente.com.ar\/index\/#person"},"image":{"@type":"ImageObject","url":"https:\/\/lavozdelagente.com.ar\/wp-content\/uploads\/2026\/08\/IMG-20260809-WA0017-768x512-1.jpg","width":768,"height":512},"datePublished":"2026-08-10T22:31:27+00:00","dateModified":"2026-08-10T22:31:27+00:00","inLanguage":"es-ES","mainEntityOfPage":{"@id":"https:\/\/lavozdelagente.com.ar\/index\/2026\/08\/10\/con-gran-exito-finalizo-el-track-day-en-el-autodromo-de-las-termas\/#webpage"},"isPartOf":{"@id":"https:\/\/lavozdelagente.com.ar\/index\/2026\/08\/10\/con-gran-exito-finalizo-el-track-day-en-el-autodromo-de-las-termas\/#webpage"},"articleSection":"Deportes"},{"@type":"BreadcrumbList","@id":"https:\/\/lavozdelagente.com.ar\/index\/2026\/08\/10\/con-gran-exito-finalizo-el-track-day-en-el-autodromo-de-las-termas\/#breadcrumblist","itemListElement":[{"@type":"ListItem","@id":"https:\/\/lavozdelagente.com.ar\/index#listItem","position":1,"name":"Home","item":"https:\/\/lavozdelagente.com.ar\/index","nextItem":{"@type":"ListItem","@id":"https:\/\/lavozdelagente.com.ar\/index\/category\/deportes\/#listItem","name":"Deportes"}},{"@type":"ListItem","@id":"https:\/\/lavozdelagente.com.ar\/index\/category\/deportes\/#listItem","position":2,"name":"Deportes","item":"https:\/\/lavozdelagente.com.ar\/index\/category\/deportes\/","nextItem":{"@type":"ListItem","@id":"https:\/\/lavozdelagente.com.ar\/index\/2026\/08\/10\/con-gran-exito-finalizo-el-track-day-en-el-autodromo-de-las-termas\/#listItem","name":"Con gran \u00e9xito finaliz\u00f3 el Track Day en el Aut\u00f3dromo de Las Termas"},"previousItem":{"@type":"ListItem","@id":"https:\/\/lavozdelagente.com.ar\/index#listItem","name":"Home"}},{"@type":"ListItem","@id":"https:\/\/lavozdelagente.com.ar\/index\/2026\/08\/10\/con-gran-exito-finalizo-el-track-day-en-el-autodromo-de-las-termas\/#listItem","position":3,"name":"Con gran \u00e9xito finaliz\u00f3 el Track Day en el Aut\u00f3dromo de Las Termas","previousItem":{"@type":"ListItem","@id":"https:\/\/lavozdelagente.com.ar\/index\/category\/deportes\/#listItem","name":"Deportes"}}]},{"@type":"Person","@id":"https:\/\/lavozdelagente.com.ar\/index\/author\/rober\/#author","url":"https:\/\/lavozdelagente.com.ar\/index\/author\/rober\/","name":"rober","image":{"@type":"ImageObject","@id":"https:\/\/lavozdelagente.com.ar\/index\/2026\/08\/10\/con-gran-exito-finalizo-el-track-day-en-el-autodromo-de-las-termas\/#authorImage","url":"https:\/\/secure.gravatar.com\/avatar\/901a62cd098b11a08c5fe38d2de0f8ad6b745f5d4f6413ad71e1630ac07766e0?s=96&d=mm&r=g","width":96,"height":96,"caption":"rober"}},{"@type":"WebPage","@id":"https:\/\/lavozdelagente.com.ar\/index\/2026\/08\/10\/con-gran-exito-finalizo-el-track-day-en-el-autodromo-de-las-termas\/#webpage","url":"https:\/\/lavozdelagente.com.ar\/index\/2026\/08\/10\/con-gran-exito-finalizo-el-track-day-en-el-autodromo-de-las-termas\/","name":"Con gran \u00e9xito finaliz\u00f3 el Track Day en el Aut\u00f3dromo de Las Termas - LA VOZ DE LA GENTE","description":"Fan\u00e1ticos del deporte motor de distintos puntos del pa\u00eds disfrutaron este fin de semana en el Aut\u00f3dromo de Las Termas de R\u00edo Hondo de una nueva edici\u00f3n del Track Day Argentina, con la participaci\u00f3n de m\u00e1s de 100 autos de alta gama. Con el rugido de los motores como protagonista, el evento ofreci\u00f3 una","inLanguage":"es-ES","isPartOf":{"@id":"https:\/\/lavozdelagente.com.ar\/index\/#website"},"breadcrumb":{"@id":"https:\/\/lavozdelagente.com.ar\/index\/2026\/08\/10\/con-gran-exito-finalizo-el-track-day-en-el-autodromo-de-las-termas\/#breadcrumblist"},"author":{"@id":"https:\/\/lavozdelagente.com.ar\/index\/author\/rober\/#author"},"creator":{"@id":"https:\/\/lavozdelagente.com.ar\/index\/author\/rober\/#author"},"image":{"@type":"ImageObject","url":"https:\/\/lavozdelagente.com.ar\/wp-content\/uploads\/2026\/08\/IMG-20260809-WA0017-768x512-1.jpg","@id":"https:\/\/lavozdelagente.com.ar\/index\/2026\/08\/10\/con-gran-exito-finalizo-el-track-day-en-el-autodromo-de-las-termas\/#mainImage","width":768,"height":512},"primaryImageOfPage":{"@id":"https:\/\/lavozdelagente.com.ar\/index\/2026\/08\/10\/con-gran-exito-finalizo-el-track-day-en-el-autodromo-de-las-termas\/#mainImage"},"datePublished":"2026-08-10T22:31:27+00:00","dateModified":"2026-08-10T22:31:27+00:00"},{"@type":"WebSite","@id":"https:\/\/lavozdelagente.com.ar\/index\/#website","url":"https:\/\/lavozdelagente.com.ar\/index\/","name":"LA VOZ DE LA GENTE","description":"SDE","inLanguage":"es-ES","publisher":{"@id":"https:\/\/lavozdelagente.com.ar\/index\/#person"}}]},"og:locale":"es_ES","og:site_name":"LA VOZ DE LA GENTE - SDE","og:type":"article","og:title":"Con gran \u00e9xito finaliz\u00f3 el Track Day en el Aut\u00f3dromo de Las Termas - LA VOZ DE LA GENTE","og:description":"Fan\u00e1ticos del deporte motor de distintos puntos del pa\u00eds disfrutaron este fin de semana en el Aut\u00f3dromo de Las Termas de R\u00edo Hondo de una nueva edici\u00f3n del Track Day Argentina, con la participaci\u00f3n de m\u00e1s de 100 autos de alta gama. Con el rugido de los motores como protagonista, el evento ofreci\u00f3 una","og:url":"https:\/\/lavozdelagente.com.ar\/index\/2026\/08\/10\/con-gran-exito-finalizo-el-track-day-en-el-autodromo-de-las-termas\/","article:published_time":"2026-08-10T22:31:27+00:00","article:modified_time":"2026-08-10T22:31:27+00:00","twitter:card":"summary_large_image","twitter:title":"Con gran \u00e9xito finaliz\u00f3 el Track Day en el Aut\u00f3dromo de Las Termas - LA VOZ DE LA GENTE","twitter:description":"Fan\u00e1ticos del deporte motor de distintos puntos del pa\u00eds disfrutaron este fin de semana en el Aut\u00f3dromo de Las Termas de R\u00edo Hondo de una nueva edici\u00f3n del Track Day Argentina, con la participaci\u00f3n de m\u00e1s de 100 autos de alta gama. Con el rugido de los motores como protagonista, el evento ofreci\u00f3 una"},"aioseo_meta_data":{"post_id":"3359","title":null,"description":null,"keywords":null,"keyphrases":{"focus":{"keyphrase":"","score":0,"analysis":{"keyphraseInTitle":{"score":0,"maxScore":9,"error":1}}},"additional":[]},"primary_term":null,"canonical_url":null,"og_title":null,"og_description":null,"og_object_type":"default","og_image_type":"default","og_image_url":null,"og_image_width":null,"og_image_height":null,"og_image_custom_url":null,"og_image_custom_fields":null,"og_video":"","og_custom_url":null,"og_article_section":null,"og_article_tags":null,"twitter_use_og":false,"twitter_card":"default","twitter_image_type":"default","twitter_image_url":null,"twitter_image_custom_url":null,"twitter_image_custom_fields":null,"twitter_title":null,"twitter_description":null,"schema":{"blockGraphs":[],"customGraphs":[],"default":{"data":{"Article":[],"Course":[],"Dataset":[],"FAQPage":[],"Movie":[],"Person":[],"Product":[],"ProductReview":[],"Car":[],"Recipe":[],"Service":[],"SoftwareApplication":[],"WebPage":[]},"graphName":"BlogPosting","isEnabled":true},"graphs":[]},"schema_type":"default","schema_type_options":null,"pillar_content":false,"robots_default":true,"robots_noindex":false,"robots_noarchive":false,"robots_nosnippet":false,"robots_nofollow":false,"robots_noimageindex":false,"robots_noodp":false,"robots_notranslate":false,"robots_max_snippet":"-1","robots_max_videopreview":"-1","robots_max_imagepreview":"large","priority":null,"frequency":"default","local_seo":null,"breadcrumb_settings":null,"limit_modified_date":false,"ai":{"faqs":[],"keyPoints":[],"schemas":[],"titles":[],"descriptions":[],"socialPosts":{"email":{"subject":"","preview":"","content":""},"linkedin":[],"twitter":[],"facebook":[],"instagram":[]}},"created":"2026-08-10 22:31:27","updated":"2026-08-11 18:20:39","seo_analyzer_scan_date":null,"focus_keyword":null,"additional_keywords":null,"truseo_locale":null},"aioseo_breadcrumb":"<div class=\"aioseo-breadcrumbs\"><span class=\"aioseo-breadcrumb\">\n\t\t\t<a href=\"https:\/\/lavozdelagente.com.ar\/index\" title=\"Home\">Home<\/a>\n\t\t<\/span><span class=\"aioseo-breadcrumb-separator\">&raquo;<\/span><span class=\"aioseo-breadcrumb\">\n\t\t\t<a href=\"https:\/\/lavozdelagente.com.ar\/index\/category\/deportes\/\" title=\"Deportes\">Deportes<\/a>\n\t\t<\/span><span class=\"aioseo-breadcrumb-separator\">&raquo;<\/span><span class=\"aioseo-breadcrumb\">\n\t\t\tCon gran \u00e9xito finaliz\u00f3 el Track Day en el Aut\u00f3dromo de Las Termas\n\t\t<\/span><\/div>","aioseo_breadcrumb_json":[{"label":"Home","link":"https:\/\/lavozdelagente.com.ar\/index"},{"label":"Deportes","link":"https:\/\/lavozdelagente.com.ar\/index\/category\/deportes\/"},{"label":"Con gran \u00e9xito finaliz\u00f3 el Track Day en el Aut\u00f3dromo de Las Termas","link":"https:\/\/lavozdelagente.com.ar\/index\/2026\/08\/10\/con-gran-exito-finalizo-el-track-day-en-el-autodromo-de-las-termas\/"}],"rttpg_featured_image_url":{"full":["https:\/\/lavozdelagente.com.ar\/wp-content\/uploads\/2026\/08\/IMG-20260809-WA0017-768x512-1.jpg",768,512,false],"landscape":["https:\/\/lavozdelagente.com.ar\/wp-content\/uploads\/2026\/08\/IMG-20260809-WA0017-768x512-1.jpg",768,512,false],"portraits":["https:\/\/lavozdelagente.com.ar\/wp-content\/uploads\/2026\/08\/IMG-20260809-WA0017-768x512-1.jpg",768,512,false],"thumbnail":["https:\/\/lavozdelagente.com.ar\/wp-content\/uploads\/2026\/08\/IMG-20260809-WA0017-768x512-1-150x150.jpg",150,150,true],"medium":["https:\/\/lavozdelagente.com.ar\/wp-content\/uploads\/2026\/08\/IMG-20260809-WA0017-768x512-1-300x200.jpg",300,200,true],"large":["https:\/\/lavozdelagente.com.ar\/wp-content\/uploads\/2026\/08\/IMG-20260809-WA0017-768x512-1.jpg",768,512,false],"1536x1536":["https:\/\/lavozdelagente.com.ar\/wp-content\/uploads\/2026\/08\/IMG-20260809-WA0017-768x512-1.jpg",768,512,false],"2048x2048":["https:\/\/lavozdelagente.com.ar\/wp-content\/uploads\/2026\/08\/IMG-20260809-WA0017-768x512-1.jpg",768,512,false],"colormag-highlighted-post":["https:\/\/lavozdelagente.com.ar\/wp-content\/uploads\/2026\/08\/IMG-20260809-WA0017-768x512-1-392x272.jpg",392,272,true],"colormag-featured-post-medium":["https:\/\/lavozdelagente.com.ar\/wp-content\/uploads\/2026\/08\/IMG-20260809-WA0017-768x512-1-390x205.jpg",390,205,true],"colormag-featured-post-small":["https:\/\/lavozdelagente.com.ar\/wp-content\/uploads\/2026\/08\/IMG-20260809-WA0017-768x512-1-130x90.jpg",130,90,true],"colormag-featured-image":["https:\/\/lavozdelagente.com.ar\/wp-content\/uploads\/2026\/08\/IMG-20260809-WA0017-768x512-1-768x445.jpg",768,445,true],"colormag-default-news":["https:\/\/lavozdelagente.com.ar\/wp-content\/uploads\/2026\/08\/IMG-20260809-WA0017-768x512-1-150x150.jpg",150,150,true],"colormag-featured-image-large":["https:\/\/lavozdelagente.com.ar\/wp-content\/uploads\/2026\/08\/IMG-20260809-WA0017-768x512-1.jpg",768,512,false]},"rttpg_author":{"display_name":"rober","author_link":"https:\/\/lavozdelagente.com.ar\/index\/author\/rober\/"},"rttpg_comment":0,"rttpg_category":"<a href=\"https:\/\/lavozdelagente.com.ar\/index\/category\/deportes\/\" rel=\"category tag\">Deportes<\/a>","rttpg_excerpt":"&nbsp; Fan\u00e1ticos del deporte motor de distintos puntos del pa\u00eds disfrutaron este fin de semana en el Aut\u00f3dromo de Las","_links":{"self":[{"href":"https:\/\/lavozdelagente.com.ar\/index\/wp-json\/wp\/v2\/posts\/3359","targetHints":{"allow":["GET"]}}],"collection":[{"href":"https:\/\/lavozdelagente.com.ar\/index\/wp-json\/wp\/v2\/posts"}],"about":[{"href":"https:\/\/lavozdelagente.com.ar\/index\/wp-json\/wp\/v2\/types\/post"}],"author":[{"embeddable":true,"href":"https:\/\/lavozdelagente.com.ar\/index\/wp-json\/wp\/v2\/users\/2"}],"replies":[{"embeddable":true,"href":"https:\/\/lavozdelagente.com.ar\/index\/wp-json\/wp\/v2\/comments?post=3359"}],"version-history":[{"count":2,"href":"https:\/\/lavozdelagente.com.ar\/index\/wp-json\/wp\/v2\/posts\/3359\/revisions"}],"predecessor-version":[{"id":3362,"href":"https:\/\/lavozdelagente.com.ar\/index\/wp-json\/wp\/v2\/posts\/3359\/revisions\/3362"}],"wp:featuredmedia":[{"embeddable":true,"href":"https:\/\/lavozdelagente.com.ar\/index\/wp-json\/wp\/v2\/media\/3360"}],"wp:attachment":[{"href":"https:\/\/lavozdelagente.com.ar\/index\/wp-json\/wp\/v2\/media?parent=3359"}],"wp:term":[{"taxonomy":"category","embeddable":true,"href":"https:\/\/lavozdelagente.com.ar\/index\/wp-json\/wp\/v2\/categories?post=3359"},{"taxonomy":"post_tag","embeddable":true,"href":"https:\/\/lavozdelagente.com.ar\/index\/wp-json\/wp\/v2\/tags?post=3359"}],"curies":[{"name":"wp","href":"https:\/\/api.w.org\/{rel}","templated":true}]}}