{"id":3363,"date":"2026-08-10T22:32:12","date_gmt":"2026-08-10T22:32:12","guid":{"rendered":"https:\/\/lavozdelagente.com.ar\/index\/?p=3363"},"modified":"2026-08-10T22:32:12","modified_gmt":"2026-08-10T22:32:12","slug":"colombia-fue-sacudida-por-un-terremoto-de-magnitud-74-hay-al-menos-111-muertos","status":"publish","type":"post","link":"https:\/\/lavozdelagente.com.ar\/index\/2026\/08\/10\/colombia-fue-sacudida-por-un-terremoto-de-magnitud-74-hay-al-menos-111-muertos\/","title":{"rendered":"Colombia fue sacudida por un terremoto de magnitud 7,4: hay al menos 111 muertos"},"content":{"rendered":"<p>Al menos 111 personas murieron el lunes a causa de un fuerte terremoto de magnitud 7,4 que sacudi\u00f3 el oeste de Colombia y afect\u00f3 varios departamentos del pa\u00eds, y el Gobierno declar\u00f3 situaci\u00f3n de \u201cdesastre nacional\u201d con el objetivo de agilizar la movilizaci\u00f3n de recursos para asistir a los damnificados y evaluar las infraestructuras afectadas.<\/p>\n<p>El presidente de Colombia, Abelardo de la Espriella, dio a conocer la cifra oficial de v\u00edctimas y da\u00f1os, que incluye 87 heridos y 1575 viviendas afectadas.<\/p>\n<p>\u201cEl Gobierno Nacional desplegar\u00e1 todas sus capacidades para defender la vida, atender a los necesitados\u201d, asegur\u00f3 el mandatario en su informe oficial con datos de las 12.30, hora local (las 14.30 de Argentina).<\/p>\n<p>Tambi\u00e9n dijo que \u00e9l mismo estar\u00e1 al frente de la respuesta a la emergencia y har\u00e1 presencia \u201cen todos los territorios\u201d afectados. Adelant\u00f3 que dar\u00e1 reportes similares cada dos o tres horas y pidi\u00f3 a las autoridades regionales que canalicen con el Gobierno nacional las actualizaciones, report\u00f3 la cadena CNN y supo la Agencia Noticias Argentinas.<\/p>\n<p>Adem\u00e1s, destac\u00f3 la respuesta de la comunidad internacional: \u201cTodos nuestros aliados alrededor del mundo han manifestado su intenci\u00f3n de ayudar con lo que se requiera\u201d.<\/p>\n<p>\u201cAnte la emergencia, el Estado responde: unidos, coordinados y en acci\u00f3n para proteger la vida de los colombianos\u201d, expres\u00f3 previamente en la red X el mandatario colombiano.<\/p>\n<p>\u201cEstoy al frente de la situaci\u00f3n. Me duele profundamente lo que est\u00e1n viviendo las familias y las regiones afectadas. Colombia est\u00e1 unida y saldremos adelante juntos\u201d, agrega el mensaje del presidente De la Espriella.<\/p>\n<p>Las im\u00e1genes m\u00e1s impactantes del terremoto de magnitud 7,4 en Colombia<br \/>\nAnte la magnitud de la emergencia ocasionada por el epicentro en Choc\u00f3, el Comit\u00e9 Extraordinario para el Manejo de Desastres, liderado por el flamante presidente Abelardo De la Espriella, anunci\u00f3 la declaraci\u00f3n de \u201cdesastre\u201d con el objetivo de agilizar la movilizaci\u00f3n de recursos para asistir a los damnificados y evaluar las infraestructuras afectadas.<\/p>\n<p>El sismo provoc\u00f3 evacuaciones incluso en Bogot\u00e1. Testigos informaron haber sentido el temblor en toda la capital y hasta la costa de Barranquilla, as\u00ed como en el vecino Ecuador, al sur.<\/p>\n<p>El alcalde de Cali, Alejandro Eder, inform\u00f3 sobre \u201cafectaciones graves\u201d que est\u00e1n siendo monitoreadas con drones, y medios locales difundieron im\u00e1genes de fachadas de edificios ca\u00eddos.<\/p>\n<p>Seg\u00fan el sitio RFI, que complementa la informaci\u00f3n internacional transmitida por la agencia Xinhua, el movimiento s\u00edsmico tambi\u00e9n se sinti\u00f3 en Ecuador y Panam\u00e1.<\/p>\n<p>\u201cSe presentan afectaciones en los aeropuertos de Pereira, Manizales, Quibd\u00f3, Armenia, Cartago y Buenaventura. Por seguridad, las operaciones a\u00e9reas en estas terminales permanecen suspendidas hasta evaluar da\u00f1os estructurales en la infraestructura\u201d, indic\u00f3 el Centro de Redes Sismol\u00f3gicas de China (CENC, siglas en ingl\u00e9s) en X, tras el sismo de magnitud 7,4.<\/p>\n<p>Se registaron 21 r\u00e9plicas<br \/>\nEl Servicio Geol\u00f3gico Colombiano actualiz\u00f3 la informaci\u00f3n sobre el sismo ocurrido en San Jos\u00e9 del Palmar, Choc\u00f3.<\/p>\n<p>El sismo fue de magnitud 7,4 y tuvo epicentro en San Jos\u00e9 del Palmar (Choc\u00f3), a una profundidad de 103 km.<\/p>\n<p>Se trata del evento s\u00edsmico de mayor magnitud registrada en Colombia en el siglo XXI. Hasta este momento, han ocurrido 21 r\u00e9plicas, y es probable que contin\u00faen ocurriendo, dice la entidad.<\/p>\n<p>Anteriormente hab\u00eda publicado que se trataba del sismo \u00abm\u00e1s fuerte que se ha sentido en la \u00faltima d\u00e9cada en el pa\u00eds y para esa zona hay antecedentes de sismos, particularmente, el 23 de noviembre de 1979 hubo un terremoto de magnitud 7,2\u201d, indic\u00f3 el director del SGC, Julio Fierro Morales.<\/p>\n<p>El sismo activ\u00f3 los protocolos de emergencia y evacuaci\u00f3n en oficinas, centros comerciales, instituciones educativas y complejos residenciales en distintas regiones del pa\u00eds, mientras los organismos de gesti\u00f3n del riesgo contin\u00faan evaluando posibles afectaciones.<\/p>\n<p>Las autoridades mantienen el monitoreo de la situaci\u00f3n y realizan inspecciones en infraestructuras estrat\u00e9gicas para determinar el alcance de los da\u00f1os ocasionados por el temblor.<\/p>\n<p>XM, administrador del Sistema Interconectado Nacional (SIN), report\u00f3 que, debido al temblor, se registraron interrupciones en el suministro de electricidad en departamentos del suroccidente del pa\u00eds: Caldas, Caquet\u00e1, Cauca, Choc\u00f3, Huila, Nari\u00f1o, Putumayo, Quind\u00edo, Risaralda, Tolima y Valle.<\/p>\n<p>Gobierno agradece solidaridad de la comunidad internacional<br \/>\nEl Ministerio de Relaciones Exteriores de Colombia expres\u00f3 su agradecimiento a la comunidad internacional por su solidaridad, luego de los fuertes temblores que afectaron al pa\u00eds este lunes.<\/p>\n<p>\u201cSiguiendo indicaciones del presidente Abelardo De La Espriella, el canciller Omar Bula ha estado en contacto permanente con representantes de diversos pa\u00edses que han ofrecido su apoyo al gobierno y al pueblo colombiano ante la emergencia\u201d, expresa un comunicado oficial.<\/p>\n<p>Los gobiernos de Estados Unidos, Brasil, M\u00e9xico, Italia, Espa\u00f1a, Per\u00fa, Israel, Ucrania, Guatemala, El Salvador , Chile, Ecuador, Panam\u00e1 y Venezuela fueron los primeros en expresar su solidaridad tras el potente terremoto que sacudi\u00f3 Colombia y en ofrecer apoyo.<\/p>\n<p>El m\u00e1s potente de la \u00faltima d\u00e9cada<br \/>\nEl Servicio Geol\u00f3gico Colombiano confirm\u00f3 este lunes que el sismo registrado en las \u00faltimas horas en el pa\u00eds suramericano fue uno de los episodios m\u00e1s fuertes percibidos en la \u00faltima d\u00e9cada.<\/p>\n<p>\u201cEs el sismo m\u00e1s fuerte que se ha sentido en la \u00faltima d\u00e9cada en el pa\u00eds y para esa zona hay antecedentes de sismos, particularmente, el 23 de noviembre de 1979 hubo un terremoto de magnitud 7,2\u201d, indic\u00f3 el director del SGC, Julio Fierro Morales.<\/p>\n<p>Fierro Morales precis\u00f3 que se registraron dos r\u00e9plicas, una de magnitud 2,8 y otra de 4,8 \u201cque se sinti\u00f3 recientemente\u201d.<\/p>\n<p>El sismo activ\u00f3 los protocolos de emergencia y evacuaci\u00f3n en oficinas, centros comerciales, instituciones educativas y complejos residenciales en distintas regiones del pa\u00eds, mientras los organismos de gesti\u00f3n del riesgo contin\u00faan evaluando posibles afectaciones.<\/p>\n<p>Terremoto en Colombia: qu\u00e9 puede pasar con el partido de River ante Independiente Santa Fe por Copa Sudamericana<br \/>\nLas autoridades mantienen el monitoreo de la situaci\u00f3n y realizan inspecciones en infraestructuras estrat\u00e9gicas para determinar el alcance de los da\u00f1os ocasionados por el temblor.<\/p>\n<p>XM, administrador del Sistema Interconectado Nacional (SIN) report\u00f3 que, debido al temblor, se registraron interrupciones en el suministro de electricidad en departamentos del suroccidente del pa\u00eds: Caldas, Caquet\u00e1, Cauca, Choc\u00f3, Huila, Nari\u00f1o, Putumayo, Quind\u00edo, Risaralda, Tolima y Valle.<\/p>\n<p>El f\u00fatbol colombiano suspende los partidos programados para este lunes<br \/>\nLa Divisi\u00f3n Mayor del F\u00fatbol Colombiano (DIMAYOR) anunci\u00f3 tras el terremoto la suspensi\u00f3n de los partidos programados para este lunes, que se disputar\u00e1n ma\u00f1ana, mientras que los que se iban a jugar el martes se realizar\u00e1n el mi\u00e9rcoles.<\/p>\n<p>\u201cEn representaci\u00f3n de los 36 clubes del F\u00fatbol Profesional Colombiano, enviamos un mensaje de acompa\u00f1amiento, fortaleza y solidaridad a las familias y comunidades que atraviesan momentos de preocupaci\u00f3n y dificultad como consecuencia de este hecho\u201d, indic\u00f3 el organismo en un comunicado.<\/p>\n<p>Agencia NA<\/p>\n","protected":false},"excerpt":{"rendered":"<p>Al menos 111 personas murieron el lunes a causa de un fuerte terremoto de magnitud 7,4 que sacudi\u00f3 el oeste<\/p>\n","protected":false},"author":2,"featured_media":3364,"comment_status":"open","ping_status":"open","sticky":false,"template":"","format":"standard","meta":{"colormag_page_container_layout":"default_layout","colormag_page_sidebar_layout":"default_layout","om_disable_all_campaigns":false,"_monsterinsights_skip_tracking":false,"footnotes":""},"categories":[6],"tags":[],"class_list":["post-3363","post","type-post","status-publish","format-standard","has-post-thumbnail","hentry","category-varios"],"aioseo_notices":[],"aioseo_head":"\n\t\t<!-- All in One SEO 5.0.1.1 - aioseo.com -->\n\t<meta name=\"description\" content=\"Al menos 111 personas murieron el lunes a causa de un fuerte terremoto de magnitud 7,4 que sacudi\u00f3 el oeste de Colombia y afect\u00f3 varios departamentos del pa\u00eds, y el Gobierno declar\u00f3 situaci\u00f3n de \u201cdesastre nacional\u201d con el objetivo de agilizar la movilizaci\u00f3n de recursos para asistir a los damnificados y evaluar las infraestructuras afectadas.\" \/>\n\t<meta name=\"robots\" content=\"max-image-preview:large\" \/>\n\t<meta name=\"author\" content=\"rober\"\/>\n\t<meta name=\"google-site-verification\" content=\"dJHDh1fUzR1o-UwpFfn1JyiF-0R1LCNFZReSb-gbgcE\" \/>\n\t<link rel=\"canonical\" href=\"https:\/\/lavozdelagente.com.ar\/index\/2026\/08\/10\/colombia-fue-sacudida-por-un-terremoto-de-magnitud-74-hay-al-menos-111-muertos\/\" \/>\n\t<meta name=\"generator\" content=\"All in One SEO (AIOSEO) 5.0.1.1\" \/>\n\t\t<meta property=\"og:locale\" content=\"es_ES\" \/>\n\t\t<meta property=\"og:site_name\" content=\"LA VOZ DE LA GENTE - SDE\" \/>\n\t\t<meta property=\"og:type\" content=\"article\" \/>\n\t\t<meta property=\"og:title\" content=\"Colombia fue sacudida por un terremoto de magnitud 7,4: hay al menos 111 muertos - LA VOZ DE LA GENTE\" \/>\n\t\t<meta property=\"og:description\" content=\"Al menos 111 personas murieron el lunes a causa de un fuerte terremoto de magnitud 7,4 que sacudi\u00f3 el oeste de Colombia y afect\u00f3 varios departamentos del pa\u00eds, y el Gobierno declar\u00f3 situaci\u00f3n de \u201cdesastre nacional\u201d con el objetivo de agilizar la movilizaci\u00f3n de recursos para asistir a los damnificados y evaluar las infraestructuras afectadas.\" \/>\n\t\t<meta property=\"og:url\" content=\"https:\/\/lavozdelagente.com.ar\/index\/2026\/08\/10\/colombia-fue-sacudida-por-un-terremoto-de-magnitud-74-hay-al-menos-111-muertos\/\" \/>\n\t\t<meta property=\"article:published_time\" content=\"2026-08-10T22:32:12+00:00\" \/>\n\t\t<meta property=\"article:modified_time\" content=\"2026-08-10T22:32:12+00:00\" \/>\n\t\t<meta name=\"twitter:card\" content=\"summary_large_image\" \/>\n\t\t<meta name=\"twitter:title\" content=\"Colombia fue sacudida por un terremoto de magnitud 7,4: hay al menos 111 muertos - LA VOZ DE LA GENTE\" \/>\n\t\t<meta name=\"twitter:description\" content=\"Al menos 111 personas murieron el lunes a causa de un fuerte terremoto de magnitud 7,4 que sacudi\u00f3 el oeste de Colombia y afect\u00f3 varios departamentos del pa\u00eds, y el Gobierno declar\u00f3 situaci\u00f3n de \u201cdesastre nacional\u201d con el objetivo de agilizar la movilizaci\u00f3n de recursos para asistir a los damnificados y evaluar las infraestructuras afectadas.\" \/>\n\t\t<script type=\"application\/ld+json\" class=\"aioseo-schema\">\n\t\t\t{\"@context\":\"https:\\\/\\\/schema.org\",\"@graph\":[{\"@type\":\"BlogPosting\",\"@id\":\"https:\\\/\\\/lavozdelagente.com.ar\\\/index\\\/2026\\\/08\\\/10\\\/colombia-fue-sacudida-por-un-terremoto-de-magnitud-74-hay-al-menos-111-muertos\\\/#blogposting\",\"name\":\"Colombia fue sacudida por un terremoto de magnitud 7,4: hay al menos 111 muertos - LA VOZ DE LA GENTE\",\"headline\":\"Colombia fue sacudida por un terremoto de magnitud 7,4: hay al menos 111 muertos\",\"author\":{\"@id\":\"https:\\\/\\\/lavozdelagente.com.ar\\\/index\\\/author\\\/rober\\\/#author\"},\"publisher\":{\"@id\":\"https:\\\/\\\/lavozdelagente.com.ar\\\/index\\\/#person\"},\"image\":{\"@type\":\"ImageObject\",\"url\":\"https:\\\/\\\/lavozdelagente.com.ar\\\/wp-content\\\/uploads\\\/2026\\\/08\\\/terremoto-colob.avif\",\"width\":958,\"height\":540},\"datePublished\":\"2026-08-10T22:32:12+00:00\",\"dateModified\":\"2026-08-10T22:32:12+00:00\",\"inLanguage\":\"es-ES\",\"mainEntityOfPage\":{\"@id\":\"https:\\\/\\\/lavozdelagente.com.ar\\\/index\\\/2026\\\/08\\\/10\\\/colombia-fue-sacudida-por-un-terremoto-de-magnitud-74-hay-al-menos-111-muertos\\\/#webpage\"},\"isPartOf\":{\"@id\":\"https:\\\/\\\/lavozdelagente.com.ar\\\/index\\\/2026\\\/08\\\/10\\\/colombia-fue-sacudida-por-un-terremoto-de-magnitud-74-hay-al-menos-111-muertos\\\/#webpage\"},\"articleSection\":\"Varios\"},{\"@type\":\"BreadcrumbList\",\"@id\":\"https:\\\/\\\/lavozdelagente.com.ar\\\/index\\\/2026\\\/08\\\/10\\\/colombia-fue-sacudida-por-un-terremoto-de-magnitud-74-hay-al-menos-111-muertos\\\/#breadcrumblist\",\"itemListElement\":[{\"@type\":\"ListItem\",\"@id\":\"https:\\\/\\\/lavozdelagente.com.ar\\\/index#listItem\",\"position\":1,\"name\":\"Home\",\"item\":\"https:\\\/\\\/lavozdelagente.com.ar\\\/index\",\"nextItem\":{\"@type\":\"ListItem\",\"@id\":\"https:\\\/\\\/lavozdelagente.com.ar\\\/index\\\/category\\\/varios\\\/#listItem\",\"name\":\"Varios\"}},{\"@type\":\"ListItem\",\"@id\":\"https:\\\/\\\/lavozdelagente.com.ar\\\/index\\\/category\\\/varios\\\/#listItem\",\"position\":2,\"name\":\"Varios\",\"item\":\"https:\\\/\\\/lavozdelagente.com.ar\\\/index\\\/category\\\/varios\\\/\",\"nextItem\":{\"@type\":\"ListItem\",\"@id\":\"https:\\\/\\\/lavozdelagente.com.ar\\\/index\\\/2026\\\/08\\\/10\\\/colombia-fue-sacudida-por-un-terremoto-de-magnitud-74-hay-al-menos-111-muertos\\\/#listItem\",\"name\":\"Colombia fue sacudida por un terremoto de magnitud 7,4: hay al menos 111 muertos\"},\"previousItem\":{\"@type\":\"ListItem\",\"@id\":\"https:\\\/\\\/lavozdelagente.com.ar\\\/index#listItem\",\"name\":\"Home\"}},{\"@type\":\"ListItem\",\"@id\":\"https:\\\/\\\/lavozdelagente.com.ar\\\/index\\\/2026\\\/08\\\/10\\\/colombia-fue-sacudida-por-un-terremoto-de-magnitud-74-hay-al-menos-111-muertos\\\/#listItem\",\"position\":3,\"name\":\"Colombia fue sacudida por un terremoto de magnitud 7,4: hay al menos 111 muertos\",\"previousItem\":{\"@type\":\"ListItem\",\"@id\":\"https:\\\/\\\/lavozdelagente.com.ar\\\/index\\\/category\\\/varios\\\/#listItem\",\"name\":\"Varios\"}}]},{\"@type\":\"Person\",\"@id\":\"https:\\\/\\\/lavozdelagente.com.ar\\\/index\\\/author\\\/rober\\\/#author\",\"url\":\"https:\\\/\\\/lavozdelagente.com.ar\\\/index\\\/author\\\/rober\\\/\",\"name\":\"rober\",\"image\":{\"@type\":\"ImageObject\",\"@id\":\"https:\\\/\\\/lavozdelagente.com.ar\\\/index\\\/2026\\\/08\\\/10\\\/colombia-fue-sacudida-por-un-terremoto-de-magnitud-74-hay-al-menos-111-muertos\\\/#authorImage\",\"url\":\"https:\\\/\\\/secure.gravatar.com\\\/avatar\\\/901a62cd098b11a08c5fe38d2de0f8ad6b745f5d4f6413ad71e1630ac07766e0?s=96&d=mm&r=g\",\"width\":96,\"height\":96,\"caption\":\"rober\"}},{\"@type\":\"WebPage\",\"@id\":\"https:\\\/\\\/lavozdelagente.com.ar\\\/index\\\/2026\\\/08\\\/10\\\/colombia-fue-sacudida-por-un-terremoto-de-magnitud-74-hay-al-menos-111-muertos\\\/#webpage\",\"url\":\"https:\\\/\\\/lavozdelagente.com.ar\\\/index\\\/2026\\\/08\\\/10\\\/colombia-fue-sacudida-por-un-terremoto-de-magnitud-74-hay-al-menos-111-muertos\\\/\",\"name\":\"Colombia fue sacudida por un terremoto de magnitud 7,4: hay al menos 111 muertos - LA VOZ DE LA GENTE\",\"description\":\"Al menos 111 personas murieron el lunes a causa de un fuerte terremoto de magnitud 7,4 que sacudi\\u00f3 el oeste de Colombia y afect\\u00f3 varios departamentos del pa\\u00eds, y el Gobierno declar\\u00f3 situaci\\u00f3n de \\u201cdesastre nacional\\u201d con el objetivo de agilizar la movilizaci\\u00f3n de recursos para asistir a los damnificados y evaluar las infraestructuras afectadas.\",\"inLanguage\":\"es-ES\",\"isPartOf\":{\"@id\":\"https:\\\/\\\/lavozdelagente.com.ar\\\/index\\\/#website\"},\"breadcrumb\":{\"@id\":\"https:\\\/\\\/lavozdelagente.com.ar\\\/index\\\/2026\\\/08\\\/10\\\/colombia-fue-sacudida-por-un-terremoto-de-magnitud-74-hay-al-menos-111-muertos\\\/#breadcrumblist\"},\"author\":{\"@id\":\"https:\\\/\\\/lavozdelagente.com.ar\\\/index\\\/author\\\/rober\\\/#author\"},\"creator\":{\"@id\":\"https:\\\/\\\/lavozdelagente.com.ar\\\/index\\\/author\\\/rober\\\/#author\"},\"image\":{\"@type\":\"ImageObject\",\"url\":\"https:\\\/\\\/lavozdelagente.com.ar\\\/wp-content\\\/uploads\\\/2026\\\/08\\\/terremoto-colob.avif\",\"@id\":\"https:\\\/\\\/lavozdelagente.com.ar\\\/index\\\/2026\\\/08\\\/10\\\/colombia-fue-sacudida-por-un-terremoto-de-magnitud-74-hay-al-menos-111-muertos\\\/#mainImage\",\"width\":958,\"height\":540},\"primaryImageOfPage\":{\"@id\":\"https:\\\/\\\/lavozdelagente.com.ar\\\/index\\\/2026\\\/08\\\/10\\\/colombia-fue-sacudida-por-un-terremoto-de-magnitud-74-hay-al-menos-111-muertos\\\/#mainImage\"},\"datePublished\":\"2026-08-10T22:32:12+00:00\",\"dateModified\":\"2026-08-10T22:32:12+00:00\"},{\"@type\":\"WebSite\",\"@id\":\"https:\\\/\\\/lavozdelagente.com.ar\\\/index\\\/#website\",\"url\":\"https:\\\/\\\/lavozdelagente.com.ar\\\/index\\\/\",\"name\":\"LA VOZ DE LA GENTE\",\"description\":\"SDE\",\"inLanguage\":\"es-ES\",\"publisher\":{\"@id\":\"https:\\\/\\\/lavozdelagente.com.ar\\\/index\\\/#person\"}}]}\n\t\t<\/script>\n\t\t<!-- All in One SEO -->\n\n","aioseo_head_json":{"title":"Colombia fue sacudida por un terremoto de magnitud 7,4: hay al menos 111 muertos - LA VOZ DE LA GENTE","description":"Al menos 111 personas murieron el lunes a causa de un fuerte terremoto de magnitud 7,4 que sacudi\u00f3 el oeste de Colombia y afect\u00f3 varios departamentos del pa\u00eds, y el Gobierno declar\u00f3 situaci\u00f3n de \u201cdesastre nacional\u201d con el objetivo de agilizar la movilizaci\u00f3n de recursos para asistir a los damnificados y evaluar las infraestructuras afectadas.","canonical_url":"https:\/\/lavozdelagente.com.ar\/index\/2026\/08\/10\/colombia-fue-sacudida-por-un-terremoto-de-magnitud-74-hay-al-menos-111-muertos\/","robots":"max-image-preview:large","keywords":"","webmasterTools":{"google-site-verification":"dJHDh1fUzR1o-UwpFfn1JyiF-0R1LCNFZReSb-gbgcE","miscellaneous":""},"schema":{"@context":"https:\/\/schema.org","@graph":[{"@type":"BlogPosting","@id":"https:\/\/lavozdelagente.com.ar\/index\/2026\/08\/10\/colombia-fue-sacudida-por-un-terremoto-de-magnitud-74-hay-al-menos-111-muertos\/#blogposting","name":"Colombia fue sacudida por un terremoto de magnitud 7,4: hay al menos 111 muertos - LA VOZ DE LA GENTE","headline":"Colombia fue sacudida por un terremoto de magnitud 7,4: hay al menos 111 muertos","author":{"@id":"https:\/\/lavozdelagente.com.ar\/index\/author\/rober\/#author"},"publisher":{"@id":"https:\/\/lavozdelagente.com.ar\/index\/#person"},"image":{"@type":"ImageObject","url":"https:\/\/lavozdelagente.com.ar\/wp-content\/uploads\/2026\/08\/terremoto-colob.avif","width":958,"height":540},"datePublished":"2026-08-10T22:32:12+00:00","dateModified":"2026-08-10T22:32:12+00:00","inLanguage":"es-ES","mainEntityOfPage":{"@id":"https:\/\/lavozdelagente.com.ar\/index\/2026\/08\/10\/colombia-fue-sacudida-por-un-terremoto-de-magnitud-74-hay-al-menos-111-muertos\/#webpage"},"isPartOf":{"@id":"https:\/\/lavozdelagente.com.ar\/index\/2026\/08\/10\/colombia-fue-sacudida-por-un-terremoto-de-magnitud-74-hay-al-menos-111-muertos\/#webpage"},"articleSection":"Varios"},{"@type":"BreadcrumbList","@id":"https:\/\/lavozdelagente.com.ar\/index\/2026\/08\/10\/colombia-fue-sacudida-por-un-terremoto-de-magnitud-74-hay-al-menos-111-muertos\/#breadcrumblist","itemListElement":[{"@type":"ListItem","@id":"https:\/\/lavozdelagente.com.ar\/index#listItem","position":1,"name":"Home","item":"https:\/\/lavozdelagente.com.ar\/index","nextItem":{"@type":"ListItem","@id":"https:\/\/lavozdelagente.com.ar\/index\/category\/varios\/#listItem","name":"Varios"}},{"@type":"ListItem","@id":"https:\/\/lavozdelagente.com.ar\/index\/category\/varios\/#listItem","position":2,"name":"Varios","item":"https:\/\/lavozdelagente.com.ar\/index\/category\/varios\/","nextItem":{"@type":"ListItem","@id":"https:\/\/lavozdelagente.com.ar\/index\/2026\/08\/10\/colombia-fue-sacudida-por-un-terremoto-de-magnitud-74-hay-al-menos-111-muertos\/#listItem","name":"Colombia fue sacudida por un terremoto de magnitud 7,4: hay al menos 111 muertos"},"previousItem":{"@type":"ListItem","@id":"https:\/\/lavozdelagente.com.ar\/index#listItem","name":"Home"}},{"@type":"ListItem","@id":"https:\/\/lavozdelagente.com.ar\/index\/2026\/08\/10\/colombia-fue-sacudida-por-un-terremoto-de-magnitud-74-hay-al-menos-111-muertos\/#listItem","position":3,"name":"Colombia fue sacudida por un terremoto de magnitud 7,4: hay al menos 111 muertos","previousItem":{"@type":"ListItem","@id":"https:\/\/lavozdelagente.com.ar\/index\/category\/varios\/#listItem","name":"Varios"}}]},{"@type":"Person","@id":"https:\/\/lavozdelagente.com.ar\/index\/author\/rober\/#author","url":"https:\/\/lavozdelagente.com.ar\/index\/author\/rober\/","name":"rober","image":{"@type":"ImageObject","@id":"https:\/\/lavozdelagente.com.ar\/index\/2026\/08\/10\/colombia-fue-sacudida-por-un-terremoto-de-magnitud-74-hay-al-menos-111-muertos\/#authorImage","url":"https:\/\/secure.gravatar.com\/avatar\/901a62cd098b11a08c5fe38d2de0f8ad6b745f5d4f6413ad71e1630ac07766e0?s=96&d=mm&r=g","width":96,"height":96,"caption":"rober"}},{"@type":"WebPage","@id":"https:\/\/lavozdelagente.com.ar\/index\/2026\/08\/10\/colombia-fue-sacudida-por-un-terremoto-de-magnitud-74-hay-al-menos-111-muertos\/#webpage","url":"https:\/\/lavozdelagente.com.ar\/index\/2026\/08\/10\/colombia-fue-sacudida-por-un-terremoto-de-magnitud-74-hay-al-menos-111-muertos\/","name":"Colombia fue sacudida por un terremoto de magnitud 7,4: hay al menos 111 muertos - LA VOZ DE LA GENTE","description":"Al menos 111 personas murieron el lunes a causa de un fuerte terremoto de magnitud 7,4 que sacudi\u00f3 el oeste de Colombia y afect\u00f3 varios departamentos del pa\u00eds, y el Gobierno declar\u00f3 situaci\u00f3n de \u201cdesastre nacional\u201d con el objetivo de agilizar la movilizaci\u00f3n de recursos para asistir a los damnificados y evaluar las infraestructuras afectadas.","inLanguage":"es-ES","isPartOf":{"@id":"https:\/\/lavozdelagente.com.ar\/index\/#website"},"breadcrumb":{"@id":"https:\/\/lavozdelagente.com.ar\/index\/2026\/08\/10\/colombia-fue-sacudida-por-un-terremoto-de-magnitud-74-hay-al-menos-111-muertos\/#breadcrumblist"},"author":{"@id":"https:\/\/lavozdelagente.com.ar\/index\/author\/rober\/#author"},"creator":{"@id":"https:\/\/lavozdelagente.com.ar\/index\/author\/rober\/#author"},"image":{"@type":"ImageObject","url":"https:\/\/lavozdelagente.com.ar\/wp-content\/uploads\/2026\/08\/terremoto-colob.avif","@id":"https:\/\/lavozdelagente.com.ar\/index\/2026\/08\/10\/colombia-fue-sacudida-por-un-terremoto-de-magnitud-74-hay-al-menos-111-muertos\/#mainImage","width":958,"height":540},"primaryImageOfPage":{"@id":"https:\/\/lavozdelagente.com.ar\/index\/2026\/08\/10\/colombia-fue-sacudida-por-un-terremoto-de-magnitud-74-hay-al-menos-111-muertos\/#mainImage"},"datePublished":"2026-08-10T22:32:12+00:00","dateModified":"2026-08-10T22:32:12+00:00"},{"@type":"WebSite","@id":"https:\/\/lavozdelagente.com.ar\/index\/#website","url":"https:\/\/lavozdelagente.com.ar\/index\/","name":"LA VOZ DE LA GENTE","description":"SDE","inLanguage":"es-ES","publisher":{"@id":"https:\/\/lavozdelagente.com.ar\/index\/#person"}}]},"og:locale":"es_ES","og:site_name":"LA VOZ DE LA GENTE - SDE","og:type":"article","og:title":"Colombia fue sacudida por un terremoto de magnitud 7,4: hay al menos 111 muertos - LA VOZ DE LA GENTE","og:description":"Al menos 111 personas murieron el lunes a causa de un fuerte terremoto de magnitud 7,4 que sacudi\u00f3 el oeste de Colombia y afect\u00f3 varios departamentos del pa\u00eds, y el Gobierno declar\u00f3 situaci\u00f3n de \u201cdesastre nacional\u201d con el objetivo de agilizar la movilizaci\u00f3n de recursos para asistir a los damnificados y evaluar las infraestructuras afectadas.","og:url":"https:\/\/lavozdelagente.com.ar\/index\/2026\/08\/10\/colombia-fue-sacudida-por-un-terremoto-de-magnitud-74-hay-al-menos-111-muertos\/","article:published_time":"2026-08-10T22:32:12+00:00","article:modified_time":"2026-08-10T22:32:12+00:00","twitter:card":"summary_large_image","twitter:title":"Colombia fue sacudida por un terremoto de magnitud 7,4: hay al menos 111 muertos - LA VOZ DE LA GENTE","twitter:description":"Al menos 111 personas murieron el lunes a causa de un fuerte terremoto de magnitud 7,4 que sacudi\u00f3 el oeste de Colombia y afect\u00f3 varios departamentos del pa\u00eds, y el Gobierno declar\u00f3 situaci\u00f3n de \u201cdesastre nacional\u201d con el objetivo de agilizar la movilizaci\u00f3n de recursos para asistir a los damnificados y evaluar las infraestructuras afectadas."},"aioseo_meta_data":{"post_id":"3363","title":null,"description":null,"keywords":null,"keyphrases":{"focus":{"keyphrase":"","score":0,"analysis":{"keyphraseInTitle":{"score":0,"maxScore":9,"error":1}}},"additional":[]},"primary_term":null,"canonical_url":null,"og_title":null,"og_description":null,"og_object_type":"default","og_image_type":"default","og_image_url":null,"og_image_width":null,"og_image_height":null,"og_image_custom_url":null,"og_image_custom_fields":null,"og_video":"","og_custom_url":null,"og_article_section":null,"og_article_tags":null,"twitter_use_og":false,"twitter_card":"default","twitter_image_type":"default","twitter_image_url":null,"twitter_image_custom_url":null,"twitter_image_custom_fields":null,"twitter_title":null,"twitter_description":null,"schema":{"blockGraphs":[],"customGraphs":[],"default":{"data":{"Article":[],"Course":[],"Dataset":[],"FAQPage":[],"Movie":[],"Person":[],"Product":[],"ProductReview":[],"Car":[],"Recipe":[],"Service":[],"SoftwareApplication":[],"WebPage":[]},"graphName":"BlogPosting","isEnabled":true},"graphs":[]},"schema_type":"default","schema_type_options":null,"pillar_content":false,"robots_default":true,"robots_noindex":false,"robots_noarchive":false,"robots_nosnippet":false,"robots_nofollow":false,"robots_noimageindex":false,"robots_noodp":false,"robots_notranslate":false,"robots_max_snippet":"-1","robots_max_videopreview":"-1","robots_max_imagepreview":"large","priority":null,"frequency":"default","local_seo":null,"breadcrumb_settings":null,"limit_modified_date":false,"ai":{"faqs":[],"keyPoints":[],"schemas":[],"titles":[],"descriptions":[],"socialPosts":{"email":{"subject":"","preview":"","content":""},"linkedin":[],"twitter":[],"facebook":[],"instagram":[]}},"created":"2026-08-10 22:32:12","updated":"2026-08-11 18:20:39","seo_analyzer_scan_date":null,"focus_keyword":null,"additional_keywords":null,"truseo_locale":null},"aioseo_breadcrumb":"<div class=\"aioseo-breadcrumbs\"><span class=\"aioseo-breadcrumb\">\n\t\t\t<a href=\"https:\/\/lavozdelagente.com.ar\/index\" title=\"Home\">Home<\/a>\n\t\t<\/span><span class=\"aioseo-breadcrumb-separator\">&raquo;<\/span><span class=\"aioseo-breadcrumb\">\n\t\t\t<a href=\"https:\/\/lavozdelagente.com.ar\/index\/category\/varios\/\" title=\"Varios\">Varios<\/a>\n\t\t<\/span><span class=\"aioseo-breadcrumb-separator\">&raquo;<\/span><span class=\"aioseo-breadcrumb\">\n\t\t\tColombia fue sacudida por un terremoto de magnitud 7,4: hay al menos 111 muertos\n\t\t<\/span><\/div>","aioseo_breadcrumb_json":[{"label":"Home","link":"https:\/\/lavozdelagente.com.ar\/index"},{"label":"Varios","link":"https:\/\/lavozdelagente.com.ar\/index\/category\/varios\/"},{"label":"Colombia fue sacudida por un terremoto de magnitud 7,4: hay al menos 111 muertos","link":"https:\/\/lavozdelagente.com.ar\/index\/2026\/08\/10\/colombia-fue-sacudida-por-un-terremoto-de-magnitud-74-hay-al-menos-111-muertos\/"}],"rttpg_featured_image_url":{"full":["https:\/\/lavozdelagente.com.ar\/wp-content\/uploads\/2026\/08\/terremoto-colob.avif",958,540,false],"landscape":["https:\/\/lavozdelagente.com.ar\/wp-content\/uploads\/2026\/08\/terremoto-colob.avif",958,540,false],"portraits":["https:\/\/lavozdelagente.com.ar\/wp-content\/uploads\/2026\/08\/terremoto-colob.avif",958,540,false],"thumbnail":["https:\/\/lavozdelagente.com.ar\/wp-content\/uploads\/2026\/08\/terremoto-colob-150x150.avif",150,150,true],"medium":["https:\/\/lavozdelagente.com.ar\/wp-content\/uploads\/2026\/08\/terremoto-colob-300x169.avif",300,169,true],"large":["https:\/\/lavozdelagente.com.ar\/wp-content\/uploads\/2026\/08\/terremoto-colob.avif",800,451,false],"1536x1536":["https:\/\/lavozdelagente.com.ar\/wp-content\/uploads\/2026\/08\/terremoto-colob.avif",958,540,false],"2048x2048":["https:\/\/lavozdelagente.com.ar\/wp-content\/uploads\/2026\/08\/terremoto-colob.avif",958,540,false],"colormag-highlighted-post":["https:\/\/lavozdelagente.com.ar\/wp-content\/uploads\/2026\/08\/terremoto-colob-392x272.avif",392,272,true],"colormag-featured-post-medium":["https:\/\/lavozdelagente.com.ar\/wp-content\/uploads\/2026\/08\/terremoto-colob-390x205.avif",390,205,true],"colormag-featured-post-small":["https:\/\/lavozdelagente.com.ar\/wp-content\/uploads\/2026\/08\/terremoto-colob-130x90.avif",130,90,true],"colormag-featured-image":["https:\/\/lavozdelagente.com.ar\/wp-content\/uploads\/2026\/08\/terremoto-colob-800x445.avif",800,445,true],"colormag-default-news":["https:\/\/lavozdelagente.com.ar\/wp-content\/uploads\/2026\/08\/terremoto-colob-150x150.avif",150,150,true],"colormag-featured-image-large":["https:\/\/lavozdelagente.com.ar\/wp-content\/uploads\/2026\/08\/terremoto-colob.avif",958,540,false]},"rttpg_author":{"display_name":"rober","author_link":"https:\/\/lavozdelagente.com.ar\/index\/author\/rober\/"},"rttpg_comment":0,"rttpg_category":"<a href=\"https:\/\/lavozdelagente.com.ar\/index\/category\/varios\/\" rel=\"category tag\">Varios<\/a>","rttpg_excerpt":"Al menos 111 personas murieron el lunes a causa de un fuerte terremoto de magnitud 7,4 que sacudi\u00f3 el oeste","_links":{"self":[{"href":"https:\/\/lavozdelagente.com.ar\/index\/wp-json\/wp\/v2\/posts\/3363","targetHints":{"allow":["GET"]}}],"collection":[{"href":"https:\/\/lavozdelagente.com.ar\/index\/wp-json\/wp\/v2\/posts"}],"about":[{"href":"https:\/\/lavozdelagente.com.ar\/index\/wp-json\/wp\/v2\/types\/post"}],"author":[{"embeddable":true,"href":"https:\/\/lavozdelagente.com.ar\/index\/wp-json\/wp\/v2\/users\/2"}],"replies":[{"embeddable":true,"href":"https:\/\/lavozdelagente.com.ar\/index\/wp-json\/wp\/v2\/comments?post=3363"}],"version-history":[{"count":2,"href":"https:\/\/lavozdelagente.com.ar\/index\/wp-json\/wp\/v2\/posts\/3363\/revisions"}],"predecessor-version":[{"id":3366,"href":"https:\/\/lavozdelagente.com.ar\/index\/wp-json\/wp\/v2\/posts\/3363\/revisions\/3366"}],"wp:featuredmedia":[{"embeddable":true,"href":"https:\/\/lavozdelagente.com.ar\/index\/wp-json\/wp\/v2\/media\/3364"}],"wp:attachment":[{"href":"https:\/\/lavozdelagente.com.ar\/index\/wp-json\/wp\/v2\/media?parent=3363"}],"wp:term":[{"taxonomy":"category","embeddable":true,"href":"https:\/\/lavozdelagente.com.ar\/index\/wp-json\/wp\/v2\/categories?post=3363"},{"taxonomy":"post_tag","embeddable":true,"href":"https:\/\/lavozdelagente.com.ar\/index\/wp-json\/wp\/v2\/tags?post=3363"}],"curies":[{"name":"wp","href":"https:\/\/api.w.org\/{rel}","templated":true}]}}