{"id":3371,"date":"2026-08-10T22:35:07","date_gmt":"2026-08-10T22:35:07","guid":{"rendered":"https:\/\/lavozdelagente.com.ar\/index\/?p=3371"},"modified":"2026-08-10T22:35:07","modified_gmt":"2026-08-10T22:35:07","slug":"el-gobierno-retoma-su-agenda-con-los-gobernadores-y-confia-en-la-sancion-de-zonas-frias","status":"publish","type":"post","link":"https:\/\/lavozdelagente.com.ar\/index\/2026\/08\/10\/el-gobierno-retoma-su-agenda-con-los-gobernadores-y-confia-en-la-sancion-de-zonas-frias\/","title":{"rendered":"El Gobierno retoma su agenda con los gobernadores y conf\u00eda en la sanci\u00f3n de Zonas Fr\u00edas"},"content":{"rendered":"<p>Luego de la sanci\u00f3n de una Ley de Propiedad Privada recortada pese a las negociaciones a \u00faltimo momento, el Gobierno comenz\u00f3 la semana retomando agenda con los gobernadores y una muestra de que el di\u00e1logo no se resquebraj\u00f3 es que en la Casa Rosada anticipan que habr\u00e1 respaldo al proyecto que impulsa denominado Zonas Fr\u00edas.<\/p>\n<p>La iniciativa que modifica subsidios al gas en distintos puntos de la Argentina cuenta con media sanci\u00f3n en Diputados y resta su debate en el Senado, pero desde el 22 de mayo no se registra avances.<\/p>\n<p>En el oficialismo responden ante la consulta de Agencia Noticias Argentinas que en los pr\u00f3ximos d\u00edas habr\u00e1 novedades porque ya hubo conversaciones con los mandatarios sobre la iniciativa.<\/p>\n<p>\u201cVan a acompa\u00f1ar\u201d, dicen de modo optimista desde un despacho de Balcarce 50. A este dato se a\u00f1ade hay una ventana de trabajo en conjunto sobre el proyecto de Zonas C\u00e1lidas, que alude a un esquema de asistencias estatales para distritos con altos niveles de consumo el\u00e9ctrico durante el verano.<\/p>\n<p>\u201cHay total normalidad y acuerdo sobre el tema\u201d, graficaron sobre el estado de charlas. Del lado de los gobernadores le dan veracidad a las palabras y ratifican que s\u00ed, que hay entendimientos. Aunque quieren que Naci\u00f3n cumpla con los compromisos \u201cpreviamente asumidos\u201d para aprobar nuevos textos.<\/p>\n<p>En este marco, en el Gobierno tambi\u00e9n aseguran que el jefe de Gabinete, Diego Santilli, y el ministro de Econom\u00eda Luis Caputo viajar\u00e1n a Catamarca para reunirse con el gobernador de la provincia Ra\u00fal Jalil y el mandatario de Santiago del Estero, El\u00edas Su\u00e1rez.<\/p>\n<p>Es un viaje que los funcionarios iban a realizar la semana pasada y que no pudieron concretar por factores clim\u00e1ticos. Este lunes, en Casa Rosada confirmaron que se producir\u00e1 este jueves, bajo el objetivo de poner en marcha la Red de Acueductos y Plantas Potabilizadoras Albigasta.<\/p>\n<p>El Gobierno Nacional avanz\u00f3 con la delegaci\u00f3n de la gesti\u00f3n de rutas nacionales a San Juan<br \/>\n\u201cLa obra, financiada con un cr\u00e9dito del BID, demandar\u00e1 una inversi\u00f3n de $99.769 millones, tendr\u00e1 un plazo de ejecuci\u00f3n de 36 meses y beneficiar\u00e1 a 35.900 habitantes de Catamarca y Santiago del Estero mediante la construcci\u00f3n de dos plantas potabilizadoras y 50 kil\u00f3metros de acueducto\u201d, precisaron fuentes oficiales.<\/p>\n<p>Hubo otro gesto en la jornada del lunes: Santilli y Caputo se reunieron con el gobernador de San Juan, Marcelo Orrego, para firmar un convenio mediante el cual el Estado Nacional deleg\u00f3 en la provincia la gesti\u00f3n integral de distintos tramos de rutas nacionales estrat\u00e9gicas.<\/p>\n<p>La provincia de San Juan se encargar\u00e1 del financiamiento, la conservaci\u00f3n, mejoramiento, mantenimiento y ejecuci\u00f3n de obras en las rutas nacionales 40, 20, 153, 150 y 149, adem\u00e1s de intervenciones en el Nudo Vial de las rutas 40 y A014, se inform\u00f3 en un comunicado.<\/p>\n<p>Por otra parte, el convenio tiene una vigencia de 20 a\u00f1os, las rutas continuar\u00e1n integrando la Red Vial Nacional y las obras ejecutadas pasar\u00e1n al patrimonio de Vialidad Nacional una vez finalizadas.<br \/>\nAgencia NA<\/p>\n","protected":false},"excerpt":{"rendered":"<p>Luego de la sanci\u00f3n de una Ley de Propiedad Privada recortada pese a las negociaciones a \u00faltimo momento, el Gobierno<\/p>\n","protected":false},"author":2,"featured_media":2172,"comment_status":"open","ping_status":"open","sticky":false,"template":"","format":"standard","meta":{"colormag_page_container_layout":"default_layout","colormag_page_sidebar_layout":"default_layout","om_disable_all_campaigns":false,"_monsterinsights_skip_tracking":false,"footnotes":""},"categories":[4],"tags":[],"class_list":["post-3371","post","type-post","status-publish","format-standard","has-post-thumbnail","hentry","category-politica"],"aioseo_notices":[],"aioseo_head":"\n\t\t<!-- All in One SEO 5.0.1.1 - aioseo.com -->\n\t<meta name=\"description\" content=\"Luego de la sanci\u00f3n de una Ley de Propiedad Privada recortada pese a las negociaciones a \u00faltimo momento, el Gobierno comenz\u00f3 la semana retomando agenda con los gobernadores y una muestra de que el di\u00e1logo no se resquebraj\u00f3 es que en la Casa Rosada anticipan que habr\u00e1 respaldo al proyecto que impulsa denominado Zonas Fr\u00edas.\" \/>\n\t<meta name=\"robots\" content=\"max-image-preview:large\" \/>\n\t<meta name=\"author\" content=\"rober\"\/>\n\t<meta name=\"google-site-verification\" content=\"dJHDh1fUzR1o-UwpFfn1JyiF-0R1LCNFZReSb-gbgcE\" \/>\n\t<link rel=\"canonical\" href=\"https:\/\/lavozdelagente.com.ar\/index\/2026\/08\/10\/el-gobierno-retoma-su-agenda-con-los-gobernadores-y-confia-en-la-sancion-de-zonas-frias\/\" \/>\n\t<meta name=\"generator\" content=\"All in One SEO (AIOSEO) 5.0.1.1\" \/>\n\t\t<meta property=\"og:locale\" content=\"es_ES\" \/>\n\t\t<meta property=\"og:site_name\" content=\"LA VOZ DE LA GENTE - SDE\" \/>\n\t\t<meta property=\"og:type\" content=\"article\" \/>\n\t\t<meta property=\"og:title\" content=\"El Gobierno retoma su agenda con los gobernadores y conf\u00eda en la sanci\u00f3n de Zonas Fr\u00edas - LA VOZ DE LA GENTE\" \/>\n\t\t<meta property=\"og:description\" content=\"Luego de la sanci\u00f3n de una Ley de Propiedad Privada recortada pese a las negociaciones a \u00faltimo momento, el Gobierno comenz\u00f3 la semana retomando agenda con los gobernadores y una muestra de que el di\u00e1logo no se resquebraj\u00f3 es que en la Casa Rosada anticipan que habr\u00e1 respaldo al proyecto que impulsa denominado Zonas Fr\u00edas.\" \/>\n\t\t<meta property=\"og:url\" content=\"https:\/\/lavozdelagente.com.ar\/index\/2026\/08\/10\/el-gobierno-retoma-su-agenda-con-los-gobernadores-y-confia-en-la-sancion-de-zonas-frias\/\" \/>\n\t\t<meta property=\"article:published_time\" content=\"2026-08-10T22:35:07+00:00\" \/>\n\t\t<meta property=\"article:modified_time\" content=\"2026-08-10T22:35:07+00:00\" \/>\n\t\t<meta name=\"twitter:card\" content=\"summary_large_image\" \/>\n\t\t<meta name=\"twitter:title\" content=\"El Gobierno retoma su agenda con los gobernadores y conf\u00eda en la sanci\u00f3n de Zonas Fr\u00edas - LA VOZ DE LA GENTE\" \/>\n\t\t<meta name=\"twitter:description\" content=\"Luego de la sanci\u00f3n de una Ley de Propiedad Privada recortada pese a las negociaciones a \u00faltimo momento, el Gobierno comenz\u00f3 la semana retomando agenda con los gobernadores y una muestra de que el di\u00e1logo no se resquebraj\u00f3 es que en la Casa Rosada anticipan que habr\u00e1 respaldo al proyecto que impulsa denominado Zonas Fr\u00edas.\" \/>\n\t\t<script type=\"application\/ld+json\" class=\"aioseo-schema\">\n\t\t\t{\"@context\":\"https:\\\/\\\/schema.org\",\"@graph\":[{\"@type\":\"BlogPosting\",\"@id\":\"https:\\\/\\\/lavozdelagente.com.ar\\\/index\\\/2026\\\/08\\\/10\\\/el-gobierno-retoma-su-agenda-con-los-gobernadores-y-confia-en-la-sancion-de-zonas-frias\\\/#blogposting\",\"name\":\"El Gobierno retoma su agenda con los gobernadores y conf\\u00eda en la sanci\\u00f3n de Zonas Fr\\u00edas - LA VOZ DE LA GENTE\",\"headline\":\"El Gobierno retoma su agenda con los gobernadores y conf\\u00eda en la sanci\\u00f3n de Zonas Fr\\u00edas\",\"author\":{\"@id\":\"https:\\\/\\\/lavozdelagente.com.ar\\\/index\\\/author\\\/rober\\\/#author\"},\"publisher\":{\"@id\":\"https:\\\/\\\/lavozdelagente.com.ar\\\/index\\\/#person\"},\"image\":{\"@type\":\"ImageObject\",\"url\":\"https:\\\/\\\/lavozdelagente.com.ar\\\/wp-content\\\/uploads\\\/2026\\\/05\\\/milei.jpg\",\"width\":300,\"height\":168},\"datePublished\":\"2026-08-10T22:35:07+00:00\",\"dateModified\":\"2026-08-10T22:35:07+00:00\",\"inLanguage\":\"es-ES\",\"mainEntityOfPage\":{\"@id\":\"https:\\\/\\\/lavozdelagente.com.ar\\\/index\\\/2026\\\/08\\\/10\\\/el-gobierno-retoma-su-agenda-con-los-gobernadores-y-confia-en-la-sancion-de-zonas-frias\\\/#webpage\"},\"isPartOf\":{\"@id\":\"https:\\\/\\\/lavozdelagente.com.ar\\\/index\\\/2026\\\/08\\\/10\\\/el-gobierno-retoma-su-agenda-con-los-gobernadores-y-confia-en-la-sancion-de-zonas-frias\\\/#webpage\"},\"articleSection\":\"Pol\\u00edtica\"},{\"@type\":\"BreadcrumbList\",\"@id\":\"https:\\\/\\\/lavozdelagente.com.ar\\\/index\\\/2026\\\/08\\\/10\\\/el-gobierno-retoma-su-agenda-con-los-gobernadores-y-confia-en-la-sancion-de-zonas-frias\\\/#breadcrumblist\",\"itemListElement\":[{\"@type\":\"ListItem\",\"@id\":\"https:\\\/\\\/lavozdelagente.com.ar\\\/index#listItem\",\"position\":1,\"name\":\"Home\",\"item\":\"https:\\\/\\\/lavozdelagente.com.ar\\\/index\",\"nextItem\":{\"@type\":\"ListItem\",\"@id\":\"https:\\\/\\\/lavozdelagente.com.ar\\\/index\\\/category\\\/politica\\\/#listItem\",\"name\":\"Pol\\u00edtica\"}},{\"@type\":\"ListItem\",\"@id\":\"https:\\\/\\\/lavozdelagente.com.ar\\\/index\\\/category\\\/politica\\\/#listItem\",\"position\":2,\"name\":\"Pol\\u00edtica\",\"item\":\"https:\\\/\\\/lavozdelagente.com.ar\\\/index\\\/category\\\/politica\\\/\",\"nextItem\":{\"@type\":\"ListItem\",\"@id\":\"https:\\\/\\\/lavozdelagente.com.ar\\\/index\\\/2026\\\/08\\\/10\\\/el-gobierno-retoma-su-agenda-con-los-gobernadores-y-confia-en-la-sancion-de-zonas-frias\\\/#listItem\",\"name\":\"El Gobierno retoma su agenda con los gobernadores y conf\\u00eda en la sanci\\u00f3n de Zonas Fr\\u00edas\"},\"previousItem\":{\"@type\":\"ListItem\",\"@id\":\"https:\\\/\\\/lavozdelagente.com.ar\\\/index#listItem\",\"name\":\"Home\"}},{\"@type\":\"ListItem\",\"@id\":\"https:\\\/\\\/lavozdelagente.com.ar\\\/index\\\/2026\\\/08\\\/10\\\/el-gobierno-retoma-su-agenda-con-los-gobernadores-y-confia-en-la-sancion-de-zonas-frias\\\/#listItem\",\"position\":3,\"name\":\"El Gobierno retoma su agenda con los gobernadores y conf\\u00eda en la sanci\\u00f3n de Zonas Fr\\u00edas\",\"previousItem\":{\"@type\":\"ListItem\",\"@id\":\"https:\\\/\\\/lavozdelagente.com.ar\\\/index\\\/category\\\/politica\\\/#listItem\",\"name\":\"Pol\\u00edtica\"}}]},{\"@type\":\"Person\",\"@id\":\"https:\\\/\\\/lavozdelagente.com.ar\\\/index\\\/author\\\/rober\\\/#author\",\"url\":\"https:\\\/\\\/lavozdelagente.com.ar\\\/index\\\/author\\\/rober\\\/\",\"name\":\"rober\",\"image\":{\"@type\":\"ImageObject\",\"@id\":\"https:\\\/\\\/lavozdelagente.com.ar\\\/index\\\/2026\\\/08\\\/10\\\/el-gobierno-retoma-su-agenda-con-los-gobernadores-y-confia-en-la-sancion-de-zonas-frias\\\/#authorImage\",\"url\":\"https:\\\/\\\/secure.gravatar.com\\\/avatar\\\/901a62cd098b11a08c5fe38d2de0f8ad6b745f5d4f6413ad71e1630ac07766e0?s=96&d=mm&r=g\",\"width\":96,\"height\":96,\"caption\":\"rober\"}},{\"@type\":\"WebPage\",\"@id\":\"https:\\\/\\\/lavozdelagente.com.ar\\\/index\\\/2026\\\/08\\\/10\\\/el-gobierno-retoma-su-agenda-con-los-gobernadores-y-confia-en-la-sancion-de-zonas-frias\\\/#webpage\",\"url\":\"https:\\\/\\\/lavozdelagente.com.ar\\\/index\\\/2026\\\/08\\\/10\\\/el-gobierno-retoma-su-agenda-con-los-gobernadores-y-confia-en-la-sancion-de-zonas-frias\\\/\",\"name\":\"El Gobierno retoma su agenda con los gobernadores y conf\\u00eda en la sanci\\u00f3n de Zonas Fr\\u00edas - LA VOZ DE LA GENTE\",\"description\":\"Luego de la sanci\\u00f3n de una Ley de Propiedad Privada recortada pese a las negociaciones a \\u00faltimo momento, el Gobierno comenz\\u00f3 la semana retomando agenda con los gobernadores y una muestra de que el di\\u00e1logo no se resquebraj\\u00f3 es que en la Casa Rosada anticipan que habr\\u00e1 respaldo al proyecto que impulsa denominado Zonas Fr\\u00edas.\",\"inLanguage\":\"es-ES\",\"isPartOf\":{\"@id\":\"https:\\\/\\\/lavozdelagente.com.ar\\\/index\\\/#website\"},\"breadcrumb\":{\"@id\":\"https:\\\/\\\/lavozdelagente.com.ar\\\/index\\\/2026\\\/08\\\/10\\\/el-gobierno-retoma-su-agenda-con-los-gobernadores-y-confia-en-la-sancion-de-zonas-frias\\\/#breadcrumblist\"},\"author\":{\"@id\":\"https:\\\/\\\/lavozdelagente.com.ar\\\/index\\\/author\\\/rober\\\/#author\"},\"creator\":{\"@id\":\"https:\\\/\\\/lavozdelagente.com.ar\\\/index\\\/author\\\/rober\\\/#author\"},\"image\":{\"@type\":\"ImageObject\",\"url\":\"https:\\\/\\\/lavozdelagente.com.ar\\\/wp-content\\\/uploads\\\/2026\\\/05\\\/milei.jpg\",\"@id\":\"https:\\\/\\\/lavozdelagente.com.ar\\\/index\\\/2026\\\/08\\\/10\\\/el-gobierno-retoma-su-agenda-con-los-gobernadores-y-confia-en-la-sancion-de-zonas-frias\\\/#mainImage\",\"width\":300,\"height\":168},\"primaryImageOfPage\":{\"@id\":\"https:\\\/\\\/lavozdelagente.com.ar\\\/index\\\/2026\\\/08\\\/10\\\/el-gobierno-retoma-su-agenda-con-los-gobernadores-y-confia-en-la-sancion-de-zonas-frias\\\/#mainImage\"},\"datePublished\":\"2026-08-10T22:35:07+00:00\",\"dateModified\":\"2026-08-10T22:35:07+00:00\"},{\"@type\":\"WebSite\",\"@id\":\"https:\\\/\\\/lavozdelagente.com.ar\\\/index\\\/#website\",\"url\":\"https:\\\/\\\/lavozdelagente.com.ar\\\/index\\\/\",\"name\":\"LA VOZ DE LA GENTE\",\"description\":\"SDE\",\"inLanguage\":\"es-ES\",\"publisher\":{\"@id\":\"https:\\\/\\\/lavozdelagente.com.ar\\\/index\\\/#person\"}}]}\n\t\t<\/script>\n\t\t<!-- All in One SEO -->\n\n","aioseo_head_json":{"title":"El Gobierno retoma su agenda con los gobernadores y conf\u00eda en la sanci\u00f3n de Zonas Fr\u00edas - LA VOZ DE LA GENTE","description":"Luego de la sanci\u00f3n de una Ley de Propiedad Privada recortada pese a las negociaciones a \u00faltimo momento, el Gobierno comenz\u00f3 la semana retomando agenda con los gobernadores y una muestra de que el di\u00e1logo no se resquebraj\u00f3 es que en la Casa Rosada anticipan que habr\u00e1 respaldo al proyecto que impulsa denominado Zonas Fr\u00edas.","canonical_url":"https:\/\/lavozdelagente.com.ar\/index\/2026\/08\/10\/el-gobierno-retoma-su-agenda-con-los-gobernadores-y-confia-en-la-sancion-de-zonas-frias\/","robots":"max-image-preview:large","keywords":"","webmasterTools":{"google-site-verification":"dJHDh1fUzR1o-UwpFfn1JyiF-0R1LCNFZReSb-gbgcE","miscellaneous":""},"schema":{"@context":"https:\/\/schema.org","@graph":[{"@type":"BlogPosting","@id":"https:\/\/lavozdelagente.com.ar\/index\/2026\/08\/10\/el-gobierno-retoma-su-agenda-con-los-gobernadores-y-confia-en-la-sancion-de-zonas-frias\/#blogposting","name":"El Gobierno retoma su agenda con los gobernadores y conf\u00eda en la sanci\u00f3n de Zonas Fr\u00edas - LA VOZ DE LA GENTE","headline":"El Gobierno retoma su agenda con los gobernadores y conf\u00eda en la sanci\u00f3n de Zonas Fr\u00edas","author":{"@id":"https:\/\/lavozdelagente.com.ar\/index\/author\/rober\/#author"},"publisher":{"@id":"https:\/\/lavozdelagente.com.ar\/index\/#person"},"image":{"@type":"ImageObject","url":"https:\/\/lavozdelagente.com.ar\/wp-content\/uploads\/2026\/05\/milei.jpg","width":300,"height":168},"datePublished":"2026-08-10T22:35:07+00:00","dateModified":"2026-08-10T22:35:07+00:00","inLanguage":"es-ES","mainEntityOfPage":{"@id":"https:\/\/lavozdelagente.com.ar\/index\/2026\/08\/10\/el-gobierno-retoma-su-agenda-con-los-gobernadores-y-confia-en-la-sancion-de-zonas-frias\/#webpage"},"isPartOf":{"@id":"https:\/\/lavozdelagente.com.ar\/index\/2026\/08\/10\/el-gobierno-retoma-su-agenda-con-los-gobernadores-y-confia-en-la-sancion-de-zonas-frias\/#webpage"},"articleSection":"Pol\u00edtica"},{"@type":"BreadcrumbList","@id":"https:\/\/lavozdelagente.com.ar\/index\/2026\/08\/10\/el-gobierno-retoma-su-agenda-con-los-gobernadores-y-confia-en-la-sancion-de-zonas-frias\/#breadcrumblist","itemListElement":[{"@type":"ListItem","@id":"https:\/\/lavozdelagente.com.ar\/index#listItem","position":1,"name":"Home","item":"https:\/\/lavozdelagente.com.ar\/index","nextItem":{"@type":"ListItem","@id":"https:\/\/lavozdelagente.com.ar\/index\/category\/politica\/#listItem","name":"Pol\u00edtica"}},{"@type":"ListItem","@id":"https:\/\/lavozdelagente.com.ar\/index\/category\/politica\/#listItem","position":2,"name":"Pol\u00edtica","item":"https:\/\/lavozdelagente.com.ar\/index\/category\/politica\/","nextItem":{"@type":"ListItem","@id":"https:\/\/lavozdelagente.com.ar\/index\/2026\/08\/10\/el-gobierno-retoma-su-agenda-con-los-gobernadores-y-confia-en-la-sancion-de-zonas-frias\/#listItem","name":"El Gobierno retoma su agenda con los gobernadores y conf\u00eda en la sanci\u00f3n de Zonas Fr\u00edas"},"previousItem":{"@type":"ListItem","@id":"https:\/\/lavozdelagente.com.ar\/index#listItem","name":"Home"}},{"@type":"ListItem","@id":"https:\/\/lavozdelagente.com.ar\/index\/2026\/08\/10\/el-gobierno-retoma-su-agenda-con-los-gobernadores-y-confia-en-la-sancion-de-zonas-frias\/#listItem","position":3,"name":"El Gobierno retoma su agenda con los gobernadores y conf\u00eda en la sanci\u00f3n de Zonas Fr\u00edas","previousItem":{"@type":"ListItem","@id":"https:\/\/lavozdelagente.com.ar\/index\/category\/politica\/#listItem","name":"Pol\u00edtica"}}]},{"@type":"Person","@id":"https:\/\/lavozdelagente.com.ar\/index\/author\/rober\/#author","url":"https:\/\/lavozdelagente.com.ar\/index\/author\/rober\/","name":"rober","image":{"@type":"ImageObject","@id":"https:\/\/lavozdelagente.com.ar\/index\/2026\/08\/10\/el-gobierno-retoma-su-agenda-con-los-gobernadores-y-confia-en-la-sancion-de-zonas-frias\/#authorImage","url":"https:\/\/secure.gravatar.com\/avatar\/901a62cd098b11a08c5fe38d2de0f8ad6b745f5d4f6413ad71e1630ac07766e0?s=96&d=mm&r=g","width":96,"height":96,"caption":"rober"}},{"@type":"WebPage","@id":"https:\/\/lavozdelagente.com.ar\/index\/2026\/08\/10\/el-gobierno-retoma-su-agenda-con-los-gobernadores-y-confia-en-la-sancion-de-zonas-frias\/#webpage","url":"https:\/\/lavozdelagente.com.ar\/index\/2026\/08\/10\/el-gobierno-retoma-su-agenda-con-los-gobernadores-y-confia-en-la-sancion-de-zonas-frias\/","name":"El Gobierno retoma su agenda con los gobernadores y conf\u00eda en la sanci\u00f3n de Zonas Fr\u00edas - LA VOZ DE LA GENTE","description":"Luego de la sanci\u00f3n de una Ley de Propiedad Privada recortada pese a las negociaciones a \u00faltimo momento, el Gobierno comenz\u00f3 la semana retomando agenda con los gobernadores y una muestra de que el di\u00e1logo no se resquebraj\u00f3 es que en la Casa Rosada anticipan que habr\u00e1 respaldo al proyecto que impulsa denominado Zonas Fr\u00edas.","inLanguage":"es-ES","isPartOf":{"@id":"https:\/\/lavozdelagente.com.ar\/index\/#website"},"breadcrumb":{"@id":"https:\/\/lavozdelagente.com.ar\/index\/2026\/08\/10\/el-gobierno-retoma-su-agenda-con-los-gobernadores-y-confia-en-la-sancion-de-zonas-frias\/#breadcrumblist"},"author":{"@id":"https:\/\/lavozdelagente.com.ar\/index\/author\/rober\/#author"},"creator":{"@id":"https:\/\/lavozdelagente.com.ar\/index\/author\/rober\/#author"},"image":{"@type":"ImageObject","url":"https:\/\/lavozdelagente.com.ar\/wp-content\/uploads\/2026\/05\/milei.jpg","@id":"https:\/\/lavozdelagente.com.ar\/index\/2026\/08\/10\/el-gobierno-retoma-su-agenda-con-los-gobernadores-y-confia-en-la-sancion-de-zonas-frias\/#mainImage","width":300,"height":168},"primaryImageOfPage":{"@id":"https:\/\/lavozdelagente.com.ar\/index\/2026\/08\/10\/el-gobierno-retoma-su-agenda-con-los-gobernadores-y-confia-en-la-sancion-de-zonas-frias\/#mainImage"},"datePublished":"2026-08-10T22:35:07+00:00","dateModified":"2026-08-10T22:35:07+00:00"},{"@type":"WebSite","@id":"https:\/\/lavozdelagente.com.ar\/index\/#website","url":"https:\/\/lavozdelagente.com.ar\/index\/","name":"LA VOZ DE LA GENTE","description":"SDE","inLanguage":"es-ES","publisher":{"@id":"https:\/\/lavozdelagente.com.ar\/index\/#person"}}]},"og:locale":"es_ES","og:site_name":"LA VOZ DE LA GENTE - SDE","og:type":"article","og:title":"El Gobierno retoma su agenda con los gobernadores y conf\u00eda en la sanci\u00f3n de Zonas Fr\u00edas - LA VOZ DE LA GENTE","og:description":"Luego de la sanci\u00f3n de una Ley de Propiedad Privada recortada pese a las negociaciones a \u00faltimo momento, el Gobierno comenz\u00f3 la semana retomando agenda con los gobernadores y una muestra de que el di\u00e1logo no se resquebraj\u00f3 es que en la Casa Rosada anticipan que habr\u00e1 respaldo al proyecto que impulsa denominado Zonas Fr\u00edas.","og:url":"https:\/\/lavozdelagente.com.ar\/index\/2026\/08\/10\/el-gobierno-retoma-su-agenda-con-los-gobernadores-y-confia-en-la-sancion-de-zonas-frias\/","article:published_time":"2026-08-10T22:35:07+00:00","article:modified_time":"2026-08-10T22:35:07+00:00","twitter:card":"summary_large_image","twitter:title":"El Gobierno retoma su agenda con los gobernadores y conf\u00eda en la sanci\u00f3n de Zonas Fr\u00edas - LA VOZ DE LA GENTE","twitter:description":"Luego de la sanci\u00f3n de una Ley de Propiedad Privada recortada pese a las negociaciones a \u00faltimo momento, el Gobierno comenz\u00f3 la semana retomando agenda con los gobernadores y una muestra de que el di\u00e1logo no se resquebraj\u00f3 es que en la Casa Rosada anticipan que habr\u00e1 respaldo al proyecto que impulsa denominado Zonas Fr\u00edas."},"aioseo_meta_data":{"post_id":"3371","title":null,"description":null,"keywords":null,"keyphrases":{"focus":{"keyphrase":"","score":0,"analysis":{"keyphraseInTitle":{"score":0,"maxScore":9,"error":1}}},"additional":[]},"primary_term":null,"canonical_url":null,"og_title":null,"og_description":null,"og_object_type":"default","og_image_type":"default","og_image_url":null,"og_image_width":null,"og_image_height":null,"og_image_custom_url":null,"og_image_custom_fields":null,"og_video":"","og_custom_url":null,"og_article_section":null,"og_article_tags":null,"twitter_use_og":false,"twitter_card":"default","twitter_image_type":"default","twitter_image_url":null,"twitter_image_custom_url":null,"twitter_image_custom_fields":null,"twitter_title":null,"twitter_description":null,"schema":{"blockGraphs":[],"customGraphs":[],"default":{"data":{"Article":[],"Course":[],"Dataset":[],"FAQPage":[],"Movie":[],"Person":[],"Product":[],"ProductReview":[],"Car":[],"Recipe":[],"Service":[],"SoftwareApplication":[],"WebPage":[]},"graphName":"BlogPosting","isEnabled":true},"graphs":[]},"schema_type":"default","schema_type_options":null,"pillar_content":false,"robots_default":true,"robots_noindex":false,"robots_noarchive":false,"robots_nosnippet":false,"robots_nofollow":false,"robots_noimageindex":false,"robots_noodp":false,"robots_notranslate":false,"robots_max_snippet":"-1","robots_max_videopreview":"-1","robots_max_imagepreview":"large","priority":null,"frequency":"default","local_seo":null,"breadcrumb_settings":null,"limit_modified_date":false,"ai":{"faqs":[],"keyPoints":[],"schemas":[],"titles":[],"descriptions":[],"socialPosts":{"email":{"subject":"","preview":"","content":""},"linkedin":[],"twitter":[],"facebook":[],"instagram":[]}},"created":"2026-08-10 22:35:07","updated":"2026-08-11 18:20:39","seo_analyzer_scan_date":null,"focus_keyword":null,"additional_keywords":null,"truseo_locale":null},"aioseo_breadcrumb":"<div class=\"aioseo-breadcrumbs\"><span class=\"aioseo-breadcrumb\">\n\t\t\t<a href=\"https:\/\/lavozdelagente.com.ar\/index\" title=\"Home\">Home<\/a>\n\t\t<\/span><span class=\"aioseo-breadcrumb-separator\">&raquo;<\/span><span class=\"aioseo-breadcrumb\">\n\t\t\t<a href=\"https:\/\/lavozdelagente.com.ar\/index\/category\/politica\/\" title=\"Pol\u00edtica\">Pol\u00edtica<\/a>\n\t\t<\/span><span class=\"aioseo-breadcrumb-separator\">&raquo;<\/span><span class=\"aioseo-breadcrumb\">\n\t\t\tEl Gobierno retoma su agenda con los gobernadores y conf\u00eda en la sanci\u00f3n de Zonas Fr\u00edas\n\t\t<\/span><\/div>","aioseo_breadcrumb_json":[{"label":"Home","link":"https:\/\/lavozdelagente.com.ar\/index"},{"label":"Pol\u00edtica","link":"https:\/\/lavozdelagente.com.ar\/index\/category\/politica\/"},{"label":"El Gobierno retoma su agenda con los gobernadores y conf\u00eda en la sanci\u00f3n de Zonas Fr\u00edas","link":"https:\/\/lavozdelagente.com.ar\/index\/2026\/08\/10\/el-gobierno-retoma-su-agenda-con-los-gobernadores-y-confia-en-la-sancion-de-zonas-frias\/"}],"rttpg_featured_image_url":{"full":["https:\/\/lavozdelagente.com.ar\/wp-content\/uploads\/2026\/05\/milei.jpg",300,168,false],"landscape":["https:\/\/lavozdelagente.com.ar\/wp-content\/uploads\/2026\/05\/milei.jpg",300,168,false],"portraits":["https:\/\/lavozdelagente.com.ar\/wp-content\/uploads\/2026\/05\/milei.jpg",300,168,false],"thumbnail":["https:\/\/lavozdelagente.com.ar\/wp-content\/uploads\/2026\/05\/milei-150x150.jpg",150,150,true],"medium":["https:\/\/lavozdelagente.com.ar\/wp-content\/uploads\/2026\/05\/milei.jpg",300,168,false],"large":["https:\/\/lavozdelagente.com.ar\/wp-content\/uploads\/2026\/05\/milei.jpg",300,168,false],"1536x1536":["https:\/\/lavozdelagente.com.ar\/wp-content\/uploads\/2026\/05\/milei.jpg",300,168,false],"2048x2048":["https:\/\/lavozdelagente.com.ar\/wp-content\/uploads\/2026\/05\/milei.jpg",300,168,false],"colormag-highlighted-post":["https:\/\/lavozdelagente.com.ar\/wp-content\/uploads\/2026\/05\/milei.jpg",300,168,false],"colormag-featured-post-medium":["https:\/\/lavozdelagente.com.ar\/wp-content\/uploads\/2026\/05\/milei.jpg",300,168,false],"colormag-featured-post-small":["https:\/\/lavozdelagente.com.ar\/wp-content\/uploads\/2026\/05\/milei-130x90.jpg",130,90,true],"colormag-featured-image":["https:\/\/lavozdelagente.com.ar\/wp-content\/uploads\/2026\/05\/milei.jpg",300,168,false],"colormag-default-news":["https:\/\/lavozdelagente.com.ar\/wp-content\/uploads\/2026\/05\/milei-150x150.jpg",150,150,true],"colormag-featured-image-large":["https:\/\/lavozdelagente.com.ar\/wp-content\/uploads\/2026\/05\/milei.jpg",300,168,false]},"rttpg_author":{"display_name":"rober","author_link":"https:\/\/lavozdelagente.com.ar\/index\/author\/rober\/"},"rttpg_comment":0,"rttpg_category":"<a href=\"https:\/\/lavozdelagente.com.ar\/index\/category\/politica\/\" rel=\"category tag\">Pol\u00edtica<\/a>","rttpg_excerpt":"Luego de la sanci\u00f3n de una Ley de Propiedad Privada recortada pese a las negociaciones a \u00faltimo momento, el Gobierno","_links":{"self":[{"href":"https:\/\/lavozdelagente.com.ar\/index\/wp-json\/wp\/v2\/posts\/3371","targetHints":{"allow":["GET"]}}],"collection":[{"href":"https:\/\/lavozdelagente.com.ar\/index\/wp-json\/wp\/v2\/posts"}],"about":[{"href":"https:\/\/lavozdelagente.com.ar\/index\/wp-json\/wp\/v2\/types\/post"}],"author":[{"embeddable":true,"href":"https:\/\/lavozdelagente.com.ar\/index\/wp-json\/wp\/v2\/users\/2"}],"replies":[{"embeddable":true,"href":"https:\/\/lavozdelagente.com.ar\/index\/wp-json\/wp\/v2\/comments?post=3371"}],"version-history":[{"count":2,"href":"https:\/\/lavozdelagente.com.ar\/index\/wp-json\/wp\/v2\/posts\/3371\/revisions"}],"predecessor-version":[{"id":3373,"href":"https:\/\/lavozdelagente.com.ar\/index\/wp-json\/wp\/v2\/posts\/3371\/revisions\/3373"}],"wp:featuredmedia":[{"embeddable":true,"href":"https:\/\/lavozdelagente.com.ar\/index\/wp-json\/wp\/v2\/media\/2172"}],"wp:attachment":[{"href":"https:\/\/lavozdelagente.com.ar\/index\/wp-json\/wp\/v2\/media?parent=3371"}],"wp:term":[{"taxonomy":"category","embeddable":true,"href":"https:\/\/lavozdelagente.com.ar\/index\/wp-json\/wp\/v2\/categories?post=3371"},{"taxonomy":"post_tag","embeddable":true,"href":"https:\/\/lavozdelagente.com.ar\/index\/wp-json\/wp\/v2\/tags?post=3371"}],"curies":[{"name":"wp","href":"https:\/\/api.w.org\/{rel}","templated":true}]}}