{"id":3378,"date":"2026-08-11T22:04:44","date_gmt":"2026-08-11T22:04:44","guid":{"rendered":"https:\/\/lavozdelagente.com.ar\/index\/?p=3378"},"modified":"2026-08-11T22:04:44","modified_gmt":"2026-08-11T22:04:44","slug":"anunciaron-la-iii-jornada-geopacha-en-el-nodo-tecnologico","status":"publish","type":"post","link":"https:\/\/lavozdelagente.com.ar\/index\/2026\/08\/11\/anunciaron-la-iii-jornada-geopacha-en-el-nodo-tecnologico\/","title":{"rendered":"Anunciaron la III Jornada Geopacha en el Nodo Tecnol\u00f3gico"},"content":{"rendered":"<p>La III Jornada Geopacha se desarrollar\u00e1 el pr\u00f3ximo 10 de septiembre, de 8 a 14, en las instalaciones del Nodo Tecnol\u00f3gico de La Banda.<br \/>\nEl anuncio fue realizado por el secretario de Ciencia y Tecnolog\u00eda, Adri\u00e1n Su\u00e1rez, junto con los organizadores Gisell Escobar, t\u00e9cnica del Instituto Nacional de Tecnolog\u00eda Agropecuaria (Inta), y \u00c1lvaro Brunet, docente del Instituto Superior Mar\u00eda Auxiliadora.<br \/>\nSu\u00e1rez destac\u00f3 el acompa\u00f1amiento del Gobierno de la provincia a este evento \u00abque tiene como centralidad la geograf\u00eda; un proceso donde los docentes trabajan con alumnos del nivel medio y los capacitan en identificar las principales problem\u00e1ticas, en c\u00f3mo escribir un trabajo, una publicaci\u00f3n t\u00e9cnica, elaborar un p\u00f3ster y trabajar en talleres\u00bb.<br \/>\nResalt\u00f3 la participaci\u00f3n de los alumnos y la producci\u00f3n t\u00e9cnico-cient\u00edfica de estudiantes del secundario.<br \/>\nPor su parte, Brunet dijo: \u201cLa jornada est\u00e1 organizada en seis ejes tem\u00e1ticos vinculados al territorio, al ambiente y sustentabilidad; geotecnolog\u00edas, cartograf\u00edas, e inteligencia territorial; educaci\u00f3n, ciudadan\u00eda y acci\u00f3n territorial; recursos naturales, producci\u00f3n y desarrollo territorial; agua, clima, biodiversidad, cuidado ambiental, entre otros\u00bb.<br \/>\nLos estudiantes y sus profesores pueden elegir alguna tem\u00e1tica de investigaci\u00f3n o proyecto de intervenci\u00f3n-acci\u00f3n que se enmarque en alguna de estas tem\u00e1ticas y hacer su presentaci\u00f3n el 10 de septiembre en el Nodo.<br \/>\nFinalmente, Escobar recalc\u00f3: \u201cSon varios los organismos y las instituciones que acompa\u00f1amos este proceso de la Geopacha. Desde el Inta nos interesamos fundamentalmente en el proceso de elaboraci\u00f3n de los trabajos y de investigaci\u00f3n que presentan los estudiantes de las escuelas secundarias que est\u00e1n comprometidos con el territorio y con cuestiones ambientales que afectan al mismo. Vamos generando un circuito en donde tambi\u00e9n los organismos p\u00fablicos est\u00e1n atentos a lo que sucede y a lo que producen los estudiantes a nivel secundario de la provincia en general, porque nos parece interesante que haya desde un instituto de formaci\u00f3n docente esta generaci\u00f3n de sinergias territoriales\u201d.<br \/>\nPor inscripciones, consultar en las redes sociales del Instituto Superior Mar\u00eda Auxiliadora<br \/>\nhttps:\/\/www.instagram.com\/iesmariaauxiliadora\/p\/Dbo0u5uRXOk\/<\/p>\n<p>&nbsp;<\/p>\n","protected":false},"excerpt":{"rendered":"<p>La III Jornada Geopacha se desarrollar\u00e1 el pr\u00f3ximo 10 de septiembre, de 8 a 14, en las instalaciones del Nodo<\/p>\n","protected":false},"author":2,"featured_media":3379,"comment_status":"open","ping_status":"open","sticky":false,"template":"","format":"standard","meta":{"colormag_page_container_layout":"default_layout","colormag_page_sidebar_layout":"default_layout","om_disable_all_campaigns":false,"_monsterinsights_skip_tracking":false,"footnotes":""},"categories":[2],"tags":[],"class_list":["post-3378","post","type-post","status-publish","format-standard","has-post-thumbnail","hentry","category-santiago"],"aioseo_notices":[],"aioseo_head":"\n\t\t<!-- All in One SEO 5.0.1.1 - aioseo.com -->\n\t<meta name=\"description\" content=\"La III Jornada Geopacha se desarrollar\u00e1 el pr\u00f3ximo 10 de septiembre, de 8 a 14, en las instalaciones del Nodo Tecnol\u00f3gico de La Banda. El anuncio fue realizado por el secretario de Ciencia y Tecnolog\u00eda, Adri\u00e1n Su\u00e1rez, junto con los organizadores Gisell Escobar, t\u00e9cnica del Instituto Nacional de Tecnolog\u00eda Agropecuaria (Inta), y \u00c1lvaro Brunet, docente\" \/>\n\t<meta name=\"robots\" content=\"max-image-preview:large\" \/>\n\t<meta name=\"author\" content=\"rober\"\/>\n\t<meta name=\"google-site-verification\" content=\"dJHDh1fUzR1o-UwpFfn1JyiF-0R1LCNFZReSb-gbgcE\" \/>\n\t<link rel=\"canonical\" href=\"https:\/\/lavozdelagente.com.ar\/index\/2026\/08\/11\/anunciaron-la-iii-jornada-geopacha-en-el-nodo-tecnologico\/\" \/>\n\t<meta name=\"generator\" content=\"All in One SEO (AIOSEO) 5.0.1.1\" \/>\n\t\t<meta property=\"og:locale\" content=\"es_ES\" \/>\n\t\t<meta property=\"og:site_name\" content=\"LA VOZ DE LA GENTE - SDE\" \/>\n\t\t<meta property=\"og:type\" content=\"article\" \/>\n\t\t<meta property=\"og:title\" content=\"Anunciaron la III Jornada Geopacha en el Nodo Tecnol\u00f3gico - LA VOZ DE LA GENTE\" \/>\n\t\t<meta property=\"og:description\" content=\"La III Jornada Geopacha se desarrollar\u00e1 el pr\u00f3ximo 10 de septiembre, de 8 a 14, en las instalaciones del Nodo Tecnol\u00f3gico de La Banda. El anuncio fue realizado por el secretario de Ciencia y Tecnolog\u00eda, Adri\u00e1n Su\u00e1rez, junto con los organizadores Gisell Escobar, t\u00e9cnica del Instituto Nacional de Tecnolog\u00eda Agropecuaria (Inta), y \u00c1lvaro Brunet, docente\" \/>\n\t\t<meta property=\"og:url\" content=\"https:\/\/lavozdelagente.com.ar\/index\/2026\/08\/11\/anunciaron-la-iii-jornada-geopacha-en-el-nodo-tecnologico\/\" \/>\n\t\t<meta property=\"article:published_time\" content=\"2026-08-11T22:04:44+00:00\" \/>\n\t\t<meta property=\"article:modified_time\" content=\"2026-08-11T22:04:44+00:00\" \/>\n\t\t<meta name=\"twitter:card\" content=\"summary_large_image\" \/>\n\t\t<meta name=\"twitter:title\" content=\"Anunciaron la III Jornada Geopacha en el Nodo Tecnol\u00f3gico - LA VOZ DE LA GENTE\" \/>\n\t\t<meta name=\"twitter:description\" content=\"La III Jornada Geopacha se desarrollar\u00e1 el pr\u00f3ximo 10 de septiembre, de 8 a 14, en las instalaciones del Nodo Tecnol\u00f3gico de La Banda. El anuncio fue realizado por el secretario de Ciencia y Tecnolog\u00eda, Adri\u00e1n Su\u00e1rez, junto con los organizadores Gisell Escobar, t\u00e9cnica del Instituto Nacional de Tecnolog\u00eda Agropecuaria (Inta), y \u00c1lvaro Brunet, docente\" \/>\n\t\t<script type=\"application\/ld+json\" class=\"aioseo-schema\">\n\t\t\t{\"@context\":\"https:\\\/\\\/schema.org\",\"@graph\":[{\"@type\":\"BlogPosting\",\"@id\":\"https:\\\/\\\/lavozdelagente.com.ar\\\/index\\\/2026\\\/08\\\/11\\\/anunciaron-la-iii-jornada-geopacha-en-el-nodo-tecnologico\\\/#blogposting\",\"name\":\"Anunciaron la III Jornada Geopacha en el Nodo Tecnol\\u00f3gico - LA VOZ DE LA GENTE\",\"headline\":\"Anunciaron la III Jornada Geopacha en el Nodo Tecnol\\u00f3gico\",\"author\":{\"@id\":\"https:\\\/\\\/lavozdelagente.com.ar\\\/index\\\/author\\\/rober\\\/#author\"},\"publisher\":{\"@id\":\"https:\\\/\\\/lavozdelagente.com.ar\\\/index\\\/#person\"},\"image\":{\"@type\":\"ImageObject\",\"url\":\"https:\\\/\\\/lavozdelagente.com.ar\\\/wp-content\\\/uploads\\\/2026\\\/08\\\/geo.jpeg\",\"width\":1000,\"height\":666},\"datePublished\":\"2026-08-11T22:04:44+00:00\",\"dateModified\":\"2026-08-11T22:04:44+00:00\",\"inLanguage\":\"es-ES\",\"mainEntityOfPage\":{\"@id\":\"https:\\\/\\\/lavozdelagente.com.ar\\\/index\\\/2026\\\/08\\\/11\\\/anunciaron-la-iii-jornada-geopacha-en-el-nodo-tecnologico\\\/#webpage\"},\"isPartOf\":{\"@id\":\"https:\\\/\\\/lavozdelagente.com.ar\\\/index\\\/2026\\\/08\\\/11\\\/anunciaron-la-iii-jornada-geopacha-en-el-nodo-tecnologico\\\/#webpage\"},\"articleSection\":\"Santiago\"},{\"@type\":\"BreadcrumbList\",\"@id\":\"https:\\\/\\\/lavozdelagente.com.ar\\\/index\\\/2026\\\/08\\\/11\\\/anunciaron-la-iii-jornada-geopacha-en-el-nodo-tecnologico\\\/#breadcrumblist\",\"itemListElement\":[{\"@type\":\"ListItem\",\"@id\":\"https:\\\/\\\/lavozdelagente.com.ar\\\/index#listItem\",\"position\":1,\"name\":\"Home\",\"item\":\"https:\\\/\\\/lavozdelagente.com.ar\\\/index\",\"nextItem\":{\"@type\":\"ListItem\",\"@id\":\"https:\\\/\\\/lavozdelagente.com.ar\\\/index\\\/category\\\/santiago\\\/#listItem\",\"name\":\"Santiago\"}},{\"@type\":\"ListItem\",\"@id\":\"https:\\\/\\\/lavozdelagente.com.ar\\\/index\\\/category\\\/santiago\\\/#listItem\",\"position\":2,\"name\":\"Santiago\",\"item\":\"https:\\\/\\\/lavozdelagente.com.ar\\\/index\\\/category\\\/santiago\\\/\",\"nextItem\":{\"@type\":\"ListItem\",\"@id\":\"https:\\\/\\\/lavozdelagente.com.ar\\\/index\\\/2026\\\/08\\\/11\\\/anunciaron-la-iii-jornada-geopacha-en-el-nodo-tecnologico\\\/#listItem\",\"name\":\"Anunciaron la III Jornada Geopacha en el Nodo Tecnol\\u00f3gico\"},\"previousItem\":{\"@type\":\"ListItem\",\"@id\":\"https:\\\/\\\/lavozdelagente.com.ar\\\/index#listItem\",\"name\":\"Home\"}},{\"@type\":\"ListItem\",\"@id\":\"https:\\\/\\\/lavozdelagente.com.ar\\\/index\\\/2026\\\/08\\\/11\\\/anunciaron-la-iii-jornada-geopacha-en-el-nodo-tecnologico\\\/#listItem\",\"position\":3,\"name\":\"Anunciaron la III Jornada Geopacha en el Nodo Tecnol\\u00f3gico\",\"previousItem\":{\"@type\":\"ListItem\",\"@id\":\"https:\\\/\\\/lavozdelagente.com.ar\\\/index\\\/category\\\/santiago\\\/#listItem\",\"name\":\"Santiago\"}}]},{\"@type\":\"Person\",\"@id\":\"https:\\\/\\\/lavozdelagente.com.ar\\\/index\\\/author\\\/rober\\\/#author\",\"url\":\"https:\\\/\\\/lavozdelagente.com.ar\\\/index\\\/author\\\/rober\\\/\",\"name\":\"rober\",\"image\":{\"@type\":\"ImageObject\",\"@id\":\"https:\\\/\\\/lavozdelagente.com.ar\\\/index\\\/2026\\\/08\\\/11\\\/anunciaron-la-iii-jornada-geopacha-en-el-nodo-tecnologico\\\/#authorImage\",\"url\":\"https:\\\/\\\/secure.gravatar.com\\\/avatar\\\/901a62cd098b11a08c5fe38d2de0f8ad6b745f5d4f6413ad71e1630ac07766e0?s=96&d=mm&r=g\",\"width\":96,\"height\":96,\"caption\":\"rober\"}},{\"@type\":\"WebPage\",\"@id\":\"https:\\\/\\\/lavozdelagente.com.ar\\\/index\\\/2026\\\/08\\\/11\\\/anunciaron-la-iii-jornada-geopacha-en-el-nodo-tecnologico\\\/#webpage\",\"url\":\"https:\\\/\\\/lavozdelagente.com.ar\\\/index\\\/2026\\\/08\\\/11\\\/anunciaron-la-iii-jornada-geopacha-en-el-nodo-tecnologico\\\/\",\"name\":\"Anunciaron la III Jornada Geopacha en el Nodo Tecnol\\u00f3gico - LA VOZ DE LA GENTE\",\"description\":\"La III Jornada Geopacha se desarrollar\\u00e1 el pr\\u00f3ximo 10 de septiembre, de 8 a 14, en las instalaciones del Nodo Tecnol\\u00f3gico de La Banda. El anuncio fue realizado por el secretario de Ciencia y Tecnolog\\u00eda, Adri\\u00e1n Su\\u00e1rez, junto con los organizadores Gisell Escobar, t\\u00e9cnica del Instituto Nacional de Tecnolog\\u00eda Agropecuaria (Inta), y \\u00c1lvaro Brunet, docente\",\"inLanguage\":\"es-ES\",\"isPartOf\":{\"@id\":\"https:\\\/\\\/lavozdelagente.com.ar\\\/index\\\/#website\"},\"breadcrumb\":{\"@id\":\"https:\\\/\\\/lavozdelagente.com.ar\\\/index\\\/2026\\\/08\\\/11\\\/anunciaron-la-iii-jornada-geopacha-en-el-nodo-tecnologico\\\/#breadcrumblist\"},\"author\":{\"@id\":\"https:\\\/\\\/lavozdelagente.com.ar\\\/index\\\/author\\\/rober\\\/#author\"},\"creator\":{\"@id\":\"https:\\\/\\\/lavozdelagente.com.ar\\\/index\\\/author\\\/rober\\\/#author\"},\"image\":{\"@type\":\"ImageObject\",\"url\":\"https:\\\/\\\/lavozdelagente.com.ar\\\/wp-content\\\/uploads\\\/2026\\\/08\\\/geo.jpeg\",\"@id\":\"https:\\\/\\\/lavozdelagente.com.ar\\\/index\\\/2026\\\/08\\\/11\\\/anunciaron-la-iii-jornada-geopacha-en-el-nodo-tecnologico\\\/#mainImage\",\"width\":1000,\"height\":666},\"primaryImageOfPage\":{\"@id\":\"https:\\\/\\\/lavozdelagente.com.ar\\\/index\\\/2026\\\/08\\\/11\\\/anunciaron-la-iii-jornada-geopacha-en-el-nodo-tecnologico\\\/#mainImage\"},\"datePublished\":\"2026-08-11T22:04:44+00:00\",\"dateModified\":\"2026-08-11T22:04:44+00:00\"},{\"@type\":\"WebSite\",\"@id\":\"https:\\\/\\\/lavozdelagente.com.ar\\\/index\\\/#website\",\"url\":\"https:\\\/\\\/lavozdelagente.com.ar\\\/index\\\/\",\"name\":\"LA VOZ DE LA GENTE\",\"description\":\"SDE\",\"inLanguage\":\"es-ES\",\"publisher\":{\"@id\":\"https:\\\/\\\/lavozdelagente.com.ar\\\/index\\\/#person\"}}]}\n\t\t<\/script>\n\t\t<!-- All in One SEO -->\n\n","aioseo_head_json":{"title":"Anunciaron la III Jornada Geopacha en el Nodo Tecnol\u00f3gico - LA VOZ DE LA GENTE","description":"La III Jornada Geopacha se desarrollar\u00e1 el pr\u00f3ximo 10 de septiembre, de 8 a 14, en las instalaciones del Nodo Tecnol\u00f3gico de La Banda. El anuncio fue realizado por el secretario de Ciencia y Tecnolog\u00eda, Adri\u00e1n Su\u00e1rez, junto con los organizadores Gisell Escobar, t\u00e9cnica del Instituto Nacional de Tecnolog\u00eda Agropecuaria (Inta), y \u00c1lvaro Brunet, docente","canonical_url":"https:\/\/lavozdelagente.com.ar\/index\/2026\/08\/11\/anunciaron-la-iii-jornada-geopacha-en-el-nodo-tecnologico\/","robots":"max-image-preview:large","keywords":"","webmasterTools":{"google-site-verification":"dJHDh1fUzR1o-UwpFfn1JyiF-0R1LCNFZReSb-gbgcE","miscellaneous":""},"schema":{"@context":"https:\/\/schema.org","@graph":[{"@type":"BlogPosting","@id":"https:\/\/lavozdelagente.com.ar\/index\/2026\/08\/11\/anunciaron-la-iii-jornada-geopacha-en-el-nodo-tecnologico\/#blogposting","name":"Anunciaron la III Jornada Geopacha en el Nodo Tecnol\u00f3gico - LA VOZ DE LA GENTE","headline":"Anunciaron la III Jornada Geopacha en el Nodo Tecnol\u00f3gico","author":{"@id":"https:\/\/lavozdelagente.com.ar\/index\/author\/rober\/#author"},"publisher":{"@id":"https:\/\/lavozdelagente.com.ar\/index\/#person"},"image":{"@type":"ImageObject","url":"https:\/\/lavozdelagente.com.ar\/wp-content\/uploads\/2026\/08\/geo.jpeg","width":1000,"height":666},"datePublished":"2026-08-11T22:04:44+00:00","dateModified":"2026-08-11T22:04:44+00:00","inLanguage":"es-ES","mainEntityOfPage":{"@id":"https:\/\/lavozdelagente.com.ar\/index\/2026\/08\/11\/anunciaron-la-iii-jornada-geopacha-en-el-nodo-tecnologico\/#webpage"},"isPartOf":{"@id":"https:\/\/lavozdelagente.com.ar\/index\/2026\/08\/11\/anunciaron-la-iii-jornada-geopacha-en-el-nodo-tecnologico\/#webpage"},"articleSection":"Santiago"},{"@type":"BreadcrumbList","@id":"https:\/\/lavozdelagente.com.ar\/index\/2026\/08\/11\/anunciaron-la-iii-jornada-geopacha-en-el-nodo-tecnologico\/#breadcrumblist","itemListElement":[{"@type":"ListItem","@id":"https:\/\/lavozdelagente.com.ar\/index#listItem","position":1,"name":"Home","item":"https:\/\/lavozdelagente.com.ar\/index","nextItem":{"@type":"ListItem","@id":"https:\/\/lavozdelagente.com.ar\/index\/category\/santiago\/#listItem","name":"Santiago"}},{"@type":"ListItem","@id":"https:\/\/lavozdelagente.com.ar\/index\/category\/santiago\/#listItem","position":2,"name":"Santiago","item":"https:\/\/lavozdelagente.com.ar\/index\/category\/santiago\/","nextItem":{"@type":"ListItem","@id":"https:\/\/lavozdelagente.com.ar\/index\/2026\/08\/11\/anunciaron-la-iii-jornada-geopacha-en-el-nodo-tecnologico\/#listItem","name":"Anunciaron la III Jornada Geopacha en el Nodo Tecnol\u00f3gico"},"previousItem":{"@type":"ListItem","@id":"https:\/\/lavozdelagente.com.ar\/index#listItem","name":"Home"}},{"@type":"ListItem","@id":"https:\/\/lavozdelagente.com.ar\/index\/2026\/08\/11\/anunciaron-la-iii-jornada-geopacha-en-el-nodo-tecnologico\/#listItem","position":3,"name":"Anunciaron la III Jornada Geopacha en el Nodo Tecnol\u00f3gico","previousItem":{"@type":"ListItem","@id":"https:\/\/lavozdelagente.com.ar\/index\/category\/santiago\/#listItem","name":"Santiago"}}]},{"@type":"Person","@id":"https:\/\/lavozdelagente.com.ar\/index\/author\/rober\/#author","url":"https:\/\/lavozdelagente.com.ar\/index\/author\/rober\/","name":"rober","image":{"@type":"ImageObject","@id":"https:\/\/lavozdelagente.com.ar\/index\/2026\/08\/11\/anunciaron-la-iii-jornada-geopacha-en-el-nodo-tecnologico\/#authorImage","url":"https:\/\/secure.gravatar.com\/avatar\/901a62cd098b11a08c5fe38d2de0f8ad6b745f5d4f6413ad71e1630ac07766e0?s=96&d=mm&r=g","width":96,"height":96,"caption":"rober"}},{"@type":"WebPage","@id":"https:\/\/lavozdelagente.com.ar\/index\/2026\/08\/11\/anunciaron-la-iii-jornada-geopacha-en-el-nodo-tecnologico\/#webpage","url":"https:\/\/lavozdelagente.com.ar\/index\/2026\/08\/11\/anunciaron-la-iii-jornada-geopacha-en-el-nodo-tecnologico\/","name":"Anunciaron la III Jornada Geopacha en el Nodo Tecnol\u00f3gico - LA VOZ DE LA GENTE","description":"La III Jornada Geopacha se desarrollar\u00e1 el pr\u00f3ximo 10 de septiembre, de 8 a 14, en las instalaciones del Nodo Tecnol\u00f3gico de La Banda. El anuncio fue realizado por el secretario de Ciencia y Tecnolog\u00eda, Adri\u00e1n Su\u00e1rez, junto con los organizadores Gisell Escobar, t\u00e9cnica del Instituto Nacional de Tecnolog\u00eda Agropecuaria (Inta), y \u00c1lvaro Brunet, docente","inLanguage":"es-ES","isPartOf":{"@id":"https:\/\/lavozdelagente.com.ar\/index\/#website"},"breadcrumb":{"@id":"https:\/\/lavozdelagente.com.ar\/index\/2026\/08\/11\/anunciaron-la-iii-jornada-geopacha-en-el-nodo-tecnologico\/#breadcrumblist"},"author":{"@id":"https:\/\/lavozdelagente.com.ar\/index\/author\/rober\/#author"},"creator":{"@id":"https:\/\/lavozdelagente.com.ar\/index\/author\/rober\/#author"},"image":{"@type":"ImageObject","url":"https:\/\/lavozdelagente.com.ar\/wp-content\/uploads\/2026\/08\/geo.jpeg","@id":"https:\/\/lavozdelagente.com.ar\/index\/2026\/08\/11\/anunciaron-la-iii-jornada-geopacha-en-el-nodo-tecnologico\/#mainImage","width":1000,"height":666},"primaryImageOfPage":{"@id":"https:\/\/lavozdelagente.com.ar\/index\/2026\/08\/11\/anunciaron-la-iii-jornada-geopacha-en-el-nodo-tecnologico\/#mainImage"},"datePublished":"2026-08-11T22:04:44+00:00","dateModified":"2026-08-11T22:04:44+00:00"},{"@type":"WebSite","@id":"https:\/\/lavozdelagente.com.ar\/index\/#website","url":"https:\/\/lavozdelagente.com.ar\/index\/","name":"LA VOZ DE LA GENTE","description":"SDE","inLanguage":"es-ES","publisher":{"@id":"https:\/\/lavozdelagente.com.ar\/index\/#person"}}]},"og:locale":"es_ES","og:site_name":"LA VOZ DE LA GENTE - SDE","og:type":"article","og:title":"Anunciaron la III Jornada Geopacha en el Nodo Tecnol\u00f3gico - LA VOZ DE LA GENTE","og:description":"La III Jornada Geopacha se desarrollar\u00e1 el pr\u00f3ximo 10 de septiembre, de 8 a 14, en las instalaciones del Nodo Tecnol\u00f3gico de La Banda. El anuncio fue realizado por el secretario de Ciencia y Tecnolog\u00eda, Adri\u00e1n Su\u00e1rez, junto con los organizadores Gisell Escobar, t\u00e9cnica del Instituto Nacional de Tecnolog\u00eda Agropecuaria (Inta), y \u00c1lvaro Brunet, docente","og:url":"https:\/\/lavozdelagente.com.ar\/index\/2026\/08\/11\/anunciaron-la-iii-jornada-geopacha-en-el-nodo-tecnologico\/","article:published_time":"2026-08-11T22:04:44+00:00","article:modified_time":"2026-08-11T22:04:44+00:00","twitter:card":"summary_large_image","twitter:title":"Anunciaron la III Jornada Geopacha en el Nodo Tecnol\u00f3gico - LA VOZ DE LA GENTE","twitter:description":"La III Jornada Geopacha se desarrollar\u00e1 el pr\u00f3ximo 10 de septiembre, de 8 a 14, en las instalaciones del Nodo Tecnol\u00f3gico de La Banda. El anuncio fue realizado por el secretario de Ciencia y Tecnolog\u00eda, Adri\u00e1n Su\u00e1rez, junto con los organizadores Gisell Escobar, t\u00e9cnica del Instituto Nacional de Tecnolog\u00eda Agropecuaria (Inta), y \u00c1lvaro Brunet, docente"},"aioseo_meta_data":{"post_id":"3378","title":null,"description":null,"keywords":null,"keyphrases":{"focus":{"keyphrase":"","score":0,"analysis":{"keyphraseInTitle":{"score":0,"maxScore":9,"error":1}}},"additional":[]},"primary_term":null,"canonical_url":null,"og_title":null,"og_description":null,"og_object_type":"default","og_image_type":"default","og_image_url":null,"og_image_width":null,"og_image_height":null,"og_image_custom_url":null,"og_image_custom_fields":null,"og_video":"","og_custom_url":null,"og_article_section":null,"og_article_tags":null,"twitter_use_og":false,"twitter_card":"default","twitter_image_type":"default","twitter_image_url":null,"twitter_image_custom_url":null,"twitter_image_custom_fields":null,"twitter_title":null,"twitter_description":null,"schema":{"blockGraphs":[],"customGraphs":[],"default":{"data":{"Article":[],"Course":[],"Dataset":[],"FAQPage":[],"Movie":[],"Person":[],"Product":[],"ProductReview":[],"Car":[],"Recipe":[],"Service":[],"SoftwareApplication":[],"WebPage":[]},"graphName":"BlogPosting","isEnabled":true},"graphs":[]},"schema_type":"default","schema_type_options":null,"pillar_content":false,"robots_default":true,"robots_noindex":false,"robots_noarchive":false,"robots_nosnippet":false,"robots_nofollow":false,"robots_noimageindex":false,"robots_noodp":false,"robots_notranslate":false,"robots_max_snippet":"-1","robots_max_videopreview":"-1","robots_max_imagepreview":"large","priority":null,"frequency":"default","local_seo":null,"breadcrumb_settings":null,"limit_modified_date":false,"ai":{"faqs":[],"keyPoints":[],"schemas":[],"titles":[],"descriptions":[],"socialPosts":{"email":{"subject":"","preview":"","content":""},"linkedin":[],"twitter":[],"facebook":[],"instagram":[]}},"created":"2026-08-11 22:04:44","updated":"2026-08-12 19:35:32","seo_analyzer_scan_date":null,"focus_keyword":null,"additional_keywords":null,"truseo_locale":null},"aioseo_breadcrumb":"<div class=\"aioseo-breadcrumbs\"><span class=\"aioseo-breadcrumb\">\n\t\t\t<a href=\"https:\/\/lavozdelagente.com.ar\/index\" title=\"Home\">Home<\/a>\n\t\t<\/span><span class=\"aioseo-breadcrumb-separator\">&raquo;<\/span><span class=\"aioseo-breadcrumb\">\n\t\t\t<a href=\"https:\/\/lavozdelagente.com.ar\/index\/category\/santiago\/\" title=\"Santiago\">Santiago<\/a>\n\t\t<\/span><span class=\"aioseo-breadcrumb-separator\">&raquo;<\/span><span class=\"aioseo-breadcrumb\">\n\t\t\tAnunciaron la III Jornada Geopacha en el Nodo Tecnol\u00f3gico\n\t\t<\/span><\/div>","aioseo_breadcrumb_json":[{"label":"Home","link":"https:\/\/lavozdelagente.com.ar\/index"},{"label":"Santiago","link":"https:\/\/lavozdelagente.com.ar\/index\/category\/santiago\/"},{"label":"Anunciaron la III Jornada Geopacha en el Nodo Tecnol\u00f3gico","link":"https:\/\/lavozdelagente.com.ar\/index\/2026\/08\/11\/anunciaron-la-iii-jornada-geopacha-en-el-nodo-tecnologico\/"}],"rttpg_featured_image_url":{"full":["https:\/\/lavozdelagente.com.ar\/wp-content\/uploads\/2026\/08\/geo.jpeg",1000,666,false],"landscape":["https:\/\/lavozdelagente.com.ar\/wp-content\/uploads\/2026\/08\/geo.jpeg",1000,666,false],"portraits":["https:\/\/lavozdelagente.com.ar\/wp-content\/uploads\/2026\/08\/geo.jpeg",1000,666,false],"thumbnail":["https:\/\/lavozdelagente.com.ar\/wp-content\/uploads\/2026\/08\/geo-150x150.jpeg",150,150,true],"medium":["https:\/\/lavozdelagente.com.ar\/wp-content\/uploads\/2026\/08\/geo-300x200.jpeg",300,200,true],"large":["https:\/\/lavozdelagente.com.ar\/wp-content\/uploads\/2026\/08\/geo.jpeg",800,533,false],"1536x1536":["https:\/\/lavozdelagente.com.ar\/wp-content\/uploads\/2026\/08\/geo.jpeg",1000,666,false],"2048x2048":["https:\/\/lavozdelagente.com.ar\/wp-content\/uploads\/2026\/08\/geo.jpeg",1000,666,false],"colormag-highlighted-post":["https:\/\/lavozdelagente.com.ar\/wp-content\/uploads\/2026\/08\/geo-392x272.jpeg",392,272,true],"colormag-featured-post-medium":["https:\/\/lavozdelagente.com.ar\/wp-content\/uploads\/2026\/08\/geo-390x205.jpeg",390,205,true],"colormag-featured-post-small":["https:\/\/lavozdelagente.com.ar\/wp-content\/uploads\/2026\/08\/geo-130x90.jpeg",130,90,true],"colormag-featured-image":["https:\/\/lavozdelagente.com.ar\/wp-content\/uploads\/2026\/08\/geo-800x445.jpeg",800,445,true],"colormag-default-news":["https:\/\/lavozdelagente.com.ar\/wp-content\/uploads\/2026\/08\/geo-150x150.jpeg",150,150,true],"colormag-featured-image-large":["https:\/\/lavozdelagente.com.ar\/wp-content\/uploads\/2026\/08\/geo-1000x600.jpeg",1000,600,true]},"rttpg_author":{"display_name":"rober","author_link":"https:\/\/lavozdelagente.com.ar\/index\/author\/rober\/"},"rttpg_comment":0,"rttpg_category":"<a href=\"https:\/\/lavozdelagente.com.ar\/index\/category\/santiago\/\" rel=\"category tag\">Santiago<\/a>","rttpg_excerpt":"La III Jornada Geopacha se desarrollar\u00e1 el pr\u00f3ximo 10 de septiembre, de 8 a 14, en las instalaciones del Nodo","_links":{"self":[{"href":"https:\/\/lavozdelagente.com.ar\/index\/wp-json\/wp\/v2\/posts\/3378","targetHints":{"allow":["GET"]}}],"collection":[{"href":"https:\/\/lavozdelagente.com.ar\/index\/wp-json\/wp\/v2\/posts"}],"about":[{"href":"https:\/\/lavozdelagente.com.ar\/index\/wp-json\/wp\/v2\/types\/post"}],"author":[{"embeddable":true,"href":"https:\/\/lavozdelagente.com.ar\/index\/wp-json\/wp\/v2\/users\/2"}],"replies":[{"embeddable":true,"href":"https:\/\/lavozdelagente.com.ar\/index\/wp-json\/wp\/v2\/comments?post=3378"}],"version-history":[{"count":1,"href":"https:\/\/lavozdelagente.com.ar\/index\/wp-json\/wp\/v2\/posts\/3378\/revisions"}],"predecessor-version":[{"id":3380,"href":"https:\/\/lavozdelagente.com.ar\/index\/wp-json\/wp\/v2\/posts\/3378\/revisions\/3380"}],"wp:featuredmedia":[{"embeddable":true,"href":"https:\/\/lavozdelagente.com.ar\/index\/wp-json\/wp\/v2\/media\/3379"}],"wp:attachment":[{"href":"https:\/\/lavozdelagente.com.ar\/index\/wp-json\/wp\/v2\/media?parent=3378"}],"wp:term":[{"taxonomy":"category","embeddable":true,"href":"https:\/\/lavozdelagente.com.ar\/index\/wp-json\/wp\/v2\/categories?post=3378"},{"taxonomy":"post_tag","embeddable":true,"href":"https:\/\/lavozdelagente.com.ar\/index\/wp-json\/wp\/v2\/tags?post=3378"}],"curies":[{"name":"wp","href":"https:\/\/api.w.org\/{rel}","templated":true}]}}