{"id":3387,"date":"2026-08-12T19:36:38","date_gmt":"2026-08-12T19:36:38","guid":{"rendered":"https:\/\/lavozdelagente.com.ar\/index\/?p=3387"},"modified":"2026-08-12T19:36:38","modified_gmt":"2026-08-12T19:36:38","slug":"el-programa-conociendo-mi-provincia-retomo-sus-actividades","status":"publish","type":"post","link":"https:\/\/lavozdelagente.com.ar\/index\/2026\/08\/12\/el-programa-conociendo-mi-provincia-retomo-sus-actividades\/","title":{"rendered":"El programa \u00abConociendo mi provincia\u00bb, retom\u00f3 sus actividades"},"content":{"rendered":"<p>&nbsp;<\/p>\n<p>El jefe de Gabinete de Ministros, V\u00edctor Araujo, recibi\u00f3 este mi\u00e9rcoles en Casa de Gobierno la visita de alumnos del Colegio Agrot\u00e9cnico N\u00b0 7 \u201cLeandro Vicente Taboada\u201d de Bandera Bajada; de la Escuela Secundaria de Villa Figueroa, y del Agrupamiento N\u00b0 86.117\/118 de Machajuay Huanchina, ubicados en el departamento Figueroa. Tambi\u00e9n a delegaciones del Agrupamiento N\u00b0 86.019 de Santo Domingo, Dpto. Pellegrini, y del Agrupamiento N\u00b0 86.057 de La Candelaria, Dpto. Copo.<br \/>\nCon esta visita el programa \u201cConociendo mi provincia\u201d retom\u00f3 las actividades que buscan fortalecer el sentido de pertenencia y acercar, especialmente a los estudiantes del interior, a la historia, la cultura y el patrimonio Santiago del Estero a trav\u00e9s de recorridos y experiencias educativas en la ciudad Capital, Las Termas y Villa La Punta.<br \/>\nAraujo, en representaci\u00f3n del gobernador El\u00edas Su\u00e1rez, dio la bienvenida a los alumnos y a sus profesores, a quienes dijo: \u201cEntendemos que las distancias a veces hay que contrarrestarlas y una de las formas es a trav\u00e9s de programas que permiten acercar a los chicos y que muchos de ellos puedan conocer, tanto la Capital como otras instituciones emblem\u00e1ticas de nuestra provincia\u201d.<br \/>\nTambi\u00e9n destac\u00f3 la decisi\u00f3n del gobernador de darle continuidad a este programa \u201cporque entiende cu\u00e1les son sus beneficios y la importancia que tiene para nuestros chicos\u201d.<br \/>\nResalt\u00f3 que el \u201cConociendo mi provincia\u201d se mantiene vigente a\u00fan \u201cen momentos econ\u00f3micos dif\u00edciles, donde los ingresos provinciales caen y el Estado debe sostener con mucho equilibrio pol\u00edticas fundamentales como la salud, la educaci\u00f3n, la seguridad y la producci\u00f3n\u201d.<\/p>\n<p>&nbsp;<\/p>\n","protected":false},"excerpt":{"rendered":"<p>&nbsp; El jefe de Gabinete de Ministros, V\u00edctor Araujo, recibi\u00f3 este mi\u00e9rcoles en Casa de Gobierno la visita de alumnos<\/p>\n","protected":false},"author":2,"featured_media":3388,"comment_status":"open","ping_status":"open","sticky":false,"template":"","format":"standard","meta":{"colormag_page_container_layout":"default_layout","colormag_page_sidebar_layout":"default_layout","om_disable_all_campaigns":false,"_monsterinsights_skip_tracking":false,"footnotes":""},"categories":[2],"tags":[],"class_list":["post-3387","post","type-post","status-publish","format-standard","has-post-thumbnail","hentry","category-santiago"],"aioseo_notices":[],"aioseo_head":"\n\t\t<!-- All in One SEO 5.0.1.1 - aioseo.com -->\n\t<meta name=\"description\" content=\"El jefe de Gabinete de Ministros, V\u00edctor Araujo, recibi\u00f3 este mi\u00e9rcoles en Casa de Gobierno la visita de alumnos del Colegio Agrot\u00e9cnico N\u00b0 7 \u201cLeandro Vicente Taboada\u201d de Bandera Bajada; de la Escuela Secundaria de Villa Figueroa, y del Agrupamiento N\u00b0 86.117\/118 de Machajuay Huanchina, ubicados en el departamento Figueroa. Tambi\u00e9n a delegaciones del\" \/>\n\t<meta name=\"robots\" content=\"max-image-preview:large\" \/>\n\t<meta name=\"author\" content=\"rober\"\/>\n\t<meta name=\"google-site-verification\" content=\"dJHDh1fUzR1o-UwpFfn1JyiF-0R1LCNFZReSb-gbgcE\" \/>\n\t<link rel=\"canonical\" href=\"https:\/\/lavozdelagente.com.ar\/index\/2026\/08\/12\/el-programa-conociendo-mi-provincia-retomo-sus-actividades\/\" \/>\n\t<meta name=\"generator\" content=\"All in One SEO (AIOSEO) 5.0.1.1\" \/>\n\t\t<meta property=\"og:locale\" content=\"es_ES\" \/>\n\t\t<meta property=\"og:site_name\" content=\"LA VOZ DE LA GENTE - SDE\" \/>\n\t\t<meta property=\"og:type\" content=\"article\" \/>\n\t\t<meta property=\"og:title\" content=\"El programa \u00abConociendo mi provincia\u00bb, retom\u00f3 sus actividades - LA VOZ DE LA GENTE\" \/>\n\t\t<meta property=\"og:description\" content=\"El jefe de Gabinete de Ministros, V\u00edctor Araujo, recibi\u00f3 este mi\u00e9rcoles en Casa de Gobierno la visita de alumnos del Colegio Agrot\u00e9cnico N\u00b0 7 \u201cLeandro Vicente Taboada\u201d de Bandera Bajada; de la Escuela Secundaria de Villa Figueroa, y del Agrupamiento N\u00b0 86.117\/118 de Machajuay Huanchina, ubicados en el departamento Figueroa. Tambi\u00e9n a delegaciones del\" \/>\n\t\t<meta property=\"og:url\" content=\"https:\/\/lavozdelagente.com.ar\/index\/2026\/08\/12\/el-programa-conociendo-mi-provincia-retomo-sus-actividades\/\" \/>\n\t\t<meta property=\"article:published_time\" content=\"2026-08-12T19:36:38+00:00\" \/>\n\t\t<meta property=\"article:modified_time\" content=\"2026-08-12T19:36:38+00:00\" \/>\n\t\t<meta name=\"twitter:card\" content=\"summary_large_image\" \/>\n\t\t<meta name=\"twitter:title\" content=\"El programa \u00abConociendo mi provincia\u00bb, retom\u00f3 sus actividades - LA VOZ DE LA GENTE\" \/>\n\t\t<meta name=\"twitter:description\" content=\"El jefe de Gabinete de Ministros, V\u00edctor Araujo, recibi\u00f3 este mi\u00e9rcoles en Casa de Gobierno la visita de alumnos del Colegio Agrot\u00e9cnico N\u00b0 7 \u201cLeandro Vicente Taboada\u201d de Bandera Bajada; de la Escuela Secundaria de Villa Figueroa, y del Agrupamiento N\u00b0 86.117\/118 de Machajuay Huanchina, ubicados en el departamento Figueroa. Tambi\u00e9n a delegaciones del\" \/>\n\t\t<script type=\"application\/ld+json\" class=\"aioseo-schema\">\n\t\t\t{\"@context\":\"https:\\\/\\\/schema.org\",\"@graph\":[{\"@type\":\"BlogPosting\",\"@id\":\"https:\\\/\\\/lavozdelagente.com.ar\\\/index\\\/2026\\\/08\\\/12\\\/el-programa-conociendo-mi-provincia-retomo-sus-actividades\\\/#blogposting\",\"name\":\"El programa \\u00abConociendo mi provincia\\u00bb, retom\\u00f3 sus actividades - LA VOZ DE LA GENTE\",\"headline\":\"El programa \\u00abConociendo mi provincia\\u00bb, retom\\u00f3 sus actividades\",\"author\":{\"@id\":\"https:\\\/\\\/lavozdelagente.com.ar\\\/index\\\/author\\\/rober\\\/#author\"},\"publisher\":{\"@id\":\"https:\\\/\\\/lavozdelagente.com.ar\\\/index\\\/#person\"},\"image\":{\"@type\":\"ImageObject\",\"url\":\"https:\\\/\\\/lavozdelagente.com.ar\\\/wp-content\\\/uploads\\\/2026\\\/08\\\/recorriendo.jpeg\",\"width\":1600,\"height\":1066},\"datePublished\":\"2026-08-12T19:36:38+00:00\",\"dateModified\":\"2026-08-12T19:36:38+00:00\",\"inLanguage\":\"es-ES\",\"mainEntityOfPage\":{\"@id\":\"https:\\\/\\\/lavozdelagente.com.ar\\\/index\\\/2026\\\/08\\\/12\\\/el-programa-conociendo-mi-provincia-retomo-sus-actividades\\\/#webpage\"},\"isPartOf\":{\"@id\":\"https:\\\/\\\/lavozdelagente.com.ar\\\/index\\\/2026\\\/08\\\/12\\\/el-programa-conociendo-mi-provincia-retomo-sus-actividades\\\/#webpage\"},\"articleSection\":\"Santiago\"},{\"@type\":\"BreadcrumbList\",\"@id\":\"https:\\\/\\\/lavozdelagente.com.ar\\\/index\\\/2026\\\/08\\\/12\\\/el-programa-conociendo-mi-provincia-retomo-sus-actividades\\\/#breadcrumblist\",\"itemListElement\":[{\"@type\":\"ListItem\",\"@id\":\"https:\\\/\\\/lavozdelagente.com.ar\\\/index#listItem\",\"position\":1,\"name\":\"Home\",\"item\":\"https:\\\/\\\/lavozdelagente.com.ar\\\/index\",\"nextItem\":{\"@type\":\"ListItem\",\"@id\":\"https:\\\/\\\/lavozdelagente.com.ar\\\/index\\\/category\\\/santiago\\\/#listItem\",\"name\":\"Santiago\"}},{\"@type\":\"ListItem\",\"@id\":\"https:\\\/\\\/lavozdelagente.com.ar\\\/index\\\/category\\\/santiago\\\/#listItem\",\"position\":2,\"name\":\"Santiago\",\"item\":\"https:\\\/\\\/lavozdelagente.com.ar\\\/index\\\/category\\\/santiago\\\/\",\"nextItem\":{\"@type\":\"ListItem\",\"@id\":\"https:\\\/\\\/lavozdelagente.com.ar\\\/index\\\/2026\\\/08\\\/12\\\/el-programa-conociendo-mi-provincia-retomo-sus-actividades\\\/#listItem\",\"name\":\"El programa \\u00abConociendo mi provincia\\u00bb, retom\\u00f3 sus actividades\"},\"previousItem\":{\"@type\":\"ListItem\",\"@id\":\"https:\\\/\\\/lavozdelagente.com.ar\\\/index#listItem\",\"name\":\"Home\"}},{\"@type\":\"ListItem\",\"@id\":\"https:\\\/\\\/lavozdelagente.com.ar\\\/index\\\/2026\\\/08\\\/12\\\/el-programa-conociendo-mi-provincia-retomo-sus-actividades\\\/#listItem\",\"position\":3,\"name\":\"El programa \\u00abConociendo mi provincia\\u00bb, retom\\u00f3 sus actividades\",\"previousItem\":{\"@type\":\"ListItem\",\"@id\":\"https:\\\/\\\/lavozdelagente.com.ar\\\/index\\\/category\\\/santiago\\\/#listItem\",\"name\":\"Santiago\"}}]},{\"@type\":\"Person\",\"@id\":\"https:\\\/\\\/lavozdelagente.com.ar\\\/index\\\/author\\\/rober\\\/#author\",\"url\":\"https:\\\/\\\/lavozdelagente.com.ar\\\/index\\\/author\\\/rober\\\/\",\"name\":\"rober\",\"image\":{\"@type\":\"ImageObject\",\"@id\":\"https:\\\/\\\/lavozdelagente.com.ar\\\/index\\\/2026\\\/08\\\/12\\\/el-programa-conociendo-mi-provincia-retomo-sus-actividades\\\/#authorImage\",\"url\":\"https:\\\/\\\/secure.gravatar.com\\\/avatar\\\/901a62cd098b11a08c5fe38d2de0f8ad6b745f5d4f6413ad71e1630ac07766e0?s=96&d=mm&r=g\",\"width\":96,\"height\":96,\"caption\":\"rober\"}},{\"@type\":\"WebPage\",\"@id\":\"https:\\\/\\\/lavozdelagente.com.ar\\\/index\\\/2026\\\/08\\\/12\\\/el-programa-conociendo-mi-provincia-retomo-sus-actividades\\\/#webpage\",\"url\":\"https:\\\/\\\/lavozdelagente.com.ar\\\/index\\\/2026\\\/08\\\/12\\\/el-programa-conociendo-mi-provincia-retomo-sus-actividades\\\/\",\"name\":\"El programa \\u00abConociendo mi provincia\\u00bb, retom\\u00f3 sus actividades - LA VOZ DE LA GENTE\",\"description\":\"El jefe de Gabinete de Ministros, V\\u00edctor Araujo, recibi\\u00f3 este mi\\u00e9rcoles en Casa de Gobierno la visita de alumnos del Colegio Agrot\\u00e9cnico N\\u00b0 7 \\u201cLeandro Vicente Taboada\\u201d de Bandera Bajada; de la Escuela Secundaria de Villa Figueroa, y del Agrupamiento N\\u00b0 86.117\\\/118 de Machajuay Huanchina, ubicados en el departamento Figueroa. Tambi\\u00e9n a delegaciones del\",\"inLanguage\":\"es-ES\",\"isPartOf\":{\"@id\":\"https:\\\/\\\/lavozdelagente.com.ar\\\/index\\\/#website\"},\"breadcrumb\":{\"@id\":\"https:\\\/\\\/lavozdelagente.com.ar\\\/index\\\/2026\\\/08\\\/12\\\/el-programa-conociendo-mi-provincia-retomo-sus-actividades\\\/#breadcrumblist\"},\"author\":{\"@id\":\"https:\\\/\\\/lavozdelagente.com.ar\\\/index\\\/author\\\/rober\\\/#author\"},\"creator\":{\"@id\":\"https:\\\/\\\/lavozdelagente.com.ar\\\/index\\\/author\\\/rober\\\/#author\"},\"image\":{\"@type\":\"ImageObject\",\"url\":\"https:\\\/\\\/lavozdelagente.com.ar\\\/wp-content\\\/uploads\\\/2026\\\/08\\\/recorriendo.jpeg\",\"@id\":\"https:\\\/\\\/lavozdelagente.com.ar\\\/index\\\/2026\\\/08\\\/12\\\/el-programa-conociendo-mi-provincia-retomo-sus-actividades\\\/#mainImage\",\"width\":1600,\"height\":1066},\"primaryImageOfPage\":{\"@id\":\"https:\\\/\\\/lavozdelagente.com.ar\\\/index\\\/2026\\\/08\\\/12\\\/el-programa-conociendo-mi-provincia-retomo-sus-actividades\\\/#mainImage\"},\"datePublished\":\"2026-08-12T19:36:38+00:00\",\"dateModified\":\"2026-08-12T19:36:38+00:00\"},{\"@type\":\"WebSite\",\"@id\":\"https:\\\/\\\/lavozdelagente.com.ar\\\/index\\\/#website\",\"url\":\"https:\\\/\\\/lavozdelagente.com.ar\\\/index\\\/\",\"name\":\"LA VOZ DE LA GENTE\",\"description\":\"SDE\",\"inLanguage\":\"es-ES\",\"publisher\":{\"@id\":\"https:\\\/\\\/lavozdelagente.com.ar\\\/index\\\/#person\"}}]}\n\t\t<\/script>\n\t\t<!-- All in One SEO -->\n\n","aioseo_head_json":{"title":"El programa \u00abConociendo mi provincia\u00bb, retom\u00f3 sus actividades - LA VOZ DE LA GENTE","description":"El jefe de Gabinete de Ministros, V\u00edctor Araujo, recibi\u00f3 este mi\u00e9rcoles en Casa de Gobierno la visita de alumnos del Colegio Agrot\u00e9cnico N\u00b0 7 \u201cLeandro Vicente Taboada\u201d de Bandera Bajada; de la Escuela Secundaria de Villa Figueroa, y del Agrupamiento N\u00b0 86.117\/118 de Machajuay Huanchina, ubicados en el departamento Figueroa. Tambi\u00e9n a delegaciones del","canonical_url":"https:\/\/lavozdelagente.com.ar\/index\/2026\/08\/12\/el-programa-conociendo-mi-provincia-retomo-sus-actividades\/","robots":"max-image-preview:large","keywords":"","webmasterTools":{"google-site-verification":"dJHDh1fUzR1o-UwpFfn1JyiF-0R1LCNFZReSb-gbgcE","miscellaneous":""},"schema":{"@context":"https:\/\/schema.org","@graph":[{"@type":"BlogPosting","@id":"https:\/\/lavozdelagente.com.ar\/index\/2026\/08\/12\/el-programa-conociendo-mi-provincia-retomo-sus-actividades\/#blogposting","name":"El programa \u00abConociendo mi provincia\u00bb, retom\u00f3 sus actividades - LA VOZ DE LA GENTE","headline":"El programa \u00abConociendo mi provincia\u00bb, retom\u00f3 sus actividades","author":{"@id":"https:\/\/lavozdelagente.com.ar\/index\/author\/rober\/#author"},"publisher":{"@id":"https:\/\/lavozdelagente.com.ar\/index\/#person"},"image":{"@type":"ImageObject","url":"https:\/\/lavozdelagente.com.ar\/wp-content\/uploads\/2026\/08\/recorriendo.jpeg","width":1600,"height":1066},"datePublished":"2026-08-12T19:36:38+00:00","dateModified":"2026-08-12T19:36:38+00:00","inLanguage":"es-ES","mainEntityOfPage":{"@id":"https:\/\/lavozdelagente.com.ar\/index\/2026\/08\/12\/el-programa-conociendo-mi-provincia-retomo-sus-actividades\/#webpage"},"isPartOf":{"@id":"https:\/\/lavozdelagente.com.ar\/index\/2026\/08\/12\/el-programa-conociendo-mi-provincia-retomo-sus-actividades\/#webpage"},"articleSection":"Santiago"},{"@type":"BreadcrumbList","@id":"https:\/\/lavozdelagente.com.ar\/index\/2026\/08\/12\/el-programa-conociendo-mi-provincia-retomo-sus-actividades\/#breadcrumblist","itemListElement":[{"@type":"ListItem","@id":"https:\/\/lavozdelagente.com.ar\/index#listItem","position":1,"name":"Home","item":"https:\/\/lavozdelagente.com.ar\/index","nextItem":{"@type":"ListItem","@id":"https:\/\/lavozdelagente.com.ar\/index\/category\/santiago\/#listItem","name":"Santiago"}},{"@type":"ListItem","@id":"https:\/\/lavozdelagente.com.ar\/index\/category\/santiago\/#listItem","position":2,"name":"Santiago","item":"https:\/\/lavozdelagente.com.ar\/index\/category\/santiago\/","nextItem":{"@type":"ListItem","@id":"https:\/\/lavozdelagente.com.ar\/index\/2026\/08\/12\/el-programa-conociendo-mi-provincia-retomo-sus-actividades\/#listItem","name":"El programa \u00abConociendo mi provincia\u00bb, retom\u00f3 sus actividades"},"previousItem":{"@type":"ListItem","@id":"https:\/\/lavozdelagente.com.ar\/index#listItem","name":"Home"}},{"@type":"ListItem","@id":"https:\/\/lavozdelagente.com.ar\/index\/2026\/08\/12\/el-programa-conociendo-mi-provincia-retomo-sus-actividades\/#listItem","position":3,"name":"El programa \u00abConociendo mi provincia\u00bb, retom\u00f3 sus actividades","previousItem":{"@type":"ListItem","@id":"https:\/\/lavozdelagente.com.ar\/index\/category\/santiago\/#listItem","name":"Santiago"}}]},{"@type":"Person","@id":"https:\/\/lavozdelagente.com.ar\/index\/author\/rober\/#author","url":"https:\/\/lavozdelagente.com.ar\/index\/author\/rober\/","name":"rober","image":{"@type":"ImageObject","@id":"https:\/\/lavozdelagente.com.ar\/index\/2026\/08\/12\/el-programa-conociendo-mi-provincia-retomo-sus-actividades\/#authorImage","url":"https:\/\/secure.gravatar.com\/avatar\/901a62cd098b11a08c5fe38d2de0f8ad6b745f5d4f6413ad71e1630ac07766e0?s=96&d=mm&r=g","width":96,"height":96,"caption":"rober"}},{"@type":"WebPage","@id":"https:\/\/lavozdelagente.com.ar\/index\/2026\/08\/12\/el-programa-conociendo-mi-provincia-retomo-sus-actividades\/#webpage","url":"https:\/\/lavozdelagente.com.ar\/index\/2026\/08\/12\/el-programa-conociendo-mi-provincia-retomo-sus-actividades\/","name":"El programa \u00abConociendo mi provincia\u00bb, retom\u00f3 sus actividades - LA VOZ DE LA GENTE","description":"El jefe de Gabinete de Ministros, V\u00edctor Araujo, recibi\u00f3 este mi\u00e9rcoles en Casa de Gobierno la visita de alumnos del Colegio Agrot\u00e9cnico N\u00b0 7 \u201cLeandro Vicente Taboada\u201d de Bandera Bajada; de la Escuela Secundaria de Villa Figueroa, y del Agrupamiento N\u00b0 86.117\/118 de Machajuay Huanchina, ubicados en el departamento Figueroa. Tambi\u00e9n a delegaciones del","inLanguage":"es-ES","isPartOf":{"@id":"https:\/\/lavozdelagente.com.ar\/index\/#website"},"breadcrumb":{"@id":"https:\/\/lavozdelagente.com.ar\/index\/2026\/08\/12\/el-programa-conociendo-mi-provincia-retomo-sus-actividades\/#breadcrumblist"},"author":{"@id":"https:\/\/lavozdelagente.com.ar\/index\/author\/rober\/#author"},"creator":{"@id":"https:\/\/lavozdelagente.com.ar\/index\/author\/rober\/#author"},"image":{"@type":"ImageObject","url":"https:\/\/lavozdelagente.com.ar\/wp-content\/uploads\/2026\/08\/recorriendo.jpeg","@id":"https:\/\/lavozdelagente.com.ar\/index\/2026\/08\/12\/el-programa-conociendo-mi-provincia-retomo-sus-actividades\/#mainImage","width":1600,"height":1066},"primaryImageOfPage":{"@id":"https:\/\/lavozdelagente.com.ar\/index\/2026\/08\/12\/el-programa-conociendo-mi-provincia-retomo-sus-actividades\/#mainImage"},"datePublished":"2026-08-12T19:36:38+00:00","dateModified":"2026-08-12T19:36:38+00:00"},{"@type":"WebSite","@id":"https:\/\/lavozdelagente.com.ar\/index\/#website","url":"https:\/\/lavozdelagente.com.ar\/index\/","name":"LA VOZ DE LA GENTE","description":"SDE","inLanguage":"es-ES","publisher":{"@id":"https:\/\/lavozdelagente.com.ar\/index\/#person"}}]},"og:locale":"es_ES","og:site_name":"LA VOZ DE LA GENTE - SDE","og:type":"article","og:title":"El programa \u00abConociendo mi provincia\u00bb, retom\u00f3 sus actividades - LA VOZ DE LA GENTE","og:description":"El jefe de Gabinete de Ministros, V\u00edctor Araujo, recibi\u00f3 este mi\u00e9rcoles en Casa de Gobierno la visita de alumnos del Colegio Agrot\u00e9cnico N\u00b0 7 \u201cLeandro Vicente Taboada\u201d de Bandera Bajada; de la Escuela Secundaria de Villa Figueroa, y del Agrupamiento N\u00b0 86.117\/118 de Machajuay Huanchina, ubicados en el departamento Figueroa. Tambi\u00e9n a delegaciones del","og:url":"https:\/\/lavozdelagente.com.ar\/index\/2026\/08\/12\/el-programa-conociendo-mi-provincia-retomo-sus-actividades\/","article:published_time":"2026-08-12T19:36:38+00:00","article:modified_time":"2026-08-12T19:36:38+00:00","twitter:card":"summary_large_image","twitter:title":"El programa \u00abConociendo mi provincia\u00bb, retom\u00f3 sus actividades - LA VOZ DE LA GENTE","twitter:description":"El jefe de Gabinete de Ministros, V\u00edctor Araujo, recibi\u00f3 este mi\u00e9rcoles en Casa de Gobierno la visita de alumnos del Colegio Agrot\u00e9cnico N\u00b0 7 \u201cLeandro Vicente Taboada\u201d de Bandera Bajada; de la Escuela Secundaria de Villa Figueroa, y del Agrupamiento N\u00b0 86.117\/118 de Machajuay Huanchina, ubicados en el departamento Figueroa. Tambi\u00e9n a delegaciones del"},"aioseo_meta_data":{"post_id":"3387","title":null,"description":null,"keywords":null,"keyphrases":{"focus":{"keyphrase":"","score":0,"analysis":{"keyphraseInTitle":{"score":0,"maxScore":9,"error":1}}},"additional":[]},"primary_term":null,"canonical_url":null,"og_title":null,"og_description":null,"og_object_type":"default","og_image_type":"default","og_image_url":null,"og_image_width":null,"og_image_height":null,"og_image_custom_url":null,"og_image_custom_fields":null,"og_video":"","og_custom_url":null,"og_article_section":null,"og_article_tags":null,"twitter_use_og":false,"twitter_card":"default","twitter_image_type":"default","twitter_image_url":null,"twitter_image_custom_url":null,"twitter_image_custom_fields":null,"twitter_title":null,"twitter_description":null,"schema":{"blockGraphs":[],"customGraphs":[],"default":{"data":{"Article":[],"Course":[],"Dataset":[],"FAQPage":[],"Movie":[],"Person":[],"Product":[],"ProductReview":[],"Car":[],"Recipe":[],"Service":[],"SoftwareApplication":[],"WebPage":[]},"graphName":"BlogPosting","isEnabled":true},"graphs":[]},"schema_type":"default","schema_type_options":null,"pillar_content":false,"robots_default":true,"robots_noindex":false,"robots_noarchive":false,"robots_nosnippet":false,"robots_nofollow":false,"robots_noimageindex":false,"robots_noodp":false,"robots_notranslate":false,"robots_max_snippet":"-1","robots_max_videopreview":"-1","robots_max_imagepreview":"large","priority":null,"frequency":"default","local_seo":null,"breadcrumb_settings":null,"limit_modified_date":false,"ai":{"faqs":[],"keyPoints":[],"schemas":[],"titles":[],"descriptions":[],"socialPosts":{"email":{"subject":"","preview":"","content":""},"linkedin":[],"twitter":[],"facebook":[],"instagram":[]}},"created":"2026-08-12 19:36:38","updated":"2026-08-12 19:37:35","seo_analyzer_scan_date":null,"focus_keyword":null,"additional_keywords":null,"truseo_locale":null},"aioseo_breadcrumb":"<div class=\"aioseo-breadcrumbs\"><span class=\"aioseo-breadcrumb\">\n\t\t\t<a href=\"https:\/\/lavozdelagente.com.ar\/index\" title=\"Home\">Home<\/a>\n\t\t<\/span><span class=\"aioseo-breadcrumb-separator\">&raquo;<\/span><span class=\"aioseo-breadcrumb\">\n\t\t\t<a href=\"https:\/\/lavozdelagente.com.ar\/index\/category\/santiago\/\" title=\"Santiago\">Santiago<\/a>\n\t\t<\/span><span class=\"aioseo-breadcrumb-separator\">&raquo;<\/span><span class=\"aioseo-breadcrumb\">\n\t\t\tEl programa \u00abConociendo mi provincia\u00bb, retom\u00f3 sus actividades\n\t\t<\/span><\/div>","aioseo_breadcrumb_json":[{"label":"Home","link":"https:\/\/lavozdelagente.com.ar\/index"},{"label":"Santiago","link":"https:\/\/lavozdelagente.com.ar\/index\/category\/santiago\/"},{"label":"El programa \u00abConociendo mi provincia\u00bb, retom\u00f3 sus actividades","link":"https:\/\/lavozdelagente.com.ar\/index\/2026\/08\/12\/el-programa-conociendo-mi-provincia-retomo-sus-actividades\/"}],"rttpg_featured_image_url":{"full":["https:\/\/lavozdelagente.com.ar\/wp-content\/uploads\/2026\/08\/recorriendo.jpeg",1600,1066,false],"landscape":["https:\/\/lavozdelagente.com.ar\/wp-content\/uploads\/2026\/08\/recorriendo.jpeg",1600,1066,false],"portraits":["https:\/\/lavozdelagente.com.ar\/wp-content\/uploads\/2026\/08\/recorriendo.jpeg",1600,1066,false],"thumbnail":["https:\/\/lavozdelagente.com.ar\/wp-content\/uploads\/2026\/08\/recorriendo-150x150.jpeg",150,150,true],"medium":["https:\/\/lavozdelagente.com.ar\/wp-content\/uploads\/2026\/08\/recorriendo-300x200.jpeg",300,200,true],"large":["https:\/\/lavozdelagente.com.ar\/wp-content\/uploads\/2026\/08\/recorriendo-1024x682.jpeg",800,533,true],"1536x1536":["https:\/\/lavozdelagente.com.ar\/wp-content\/uploads\/2026\/08\/recorriendo-1536x1023.jpeg",1536,1023,true],"2048x2048":["https:\/\/lavozdelagente.com.ar\/wp-content\/uploads\/2026\/08\/recorriendo.jpeg",1600,1066,false],"colormag-highlighted-post":["https:\/\/lavozdelagente.com.ar\/wp-content\/uploads\/2026\/08\/recorriendo-392x272.jpeg",392,272,true],"colormag-featured-post-medium":["https:\/\/lavozdelagente.com.ar\/wp-content\/uploads\/2026\/08\/recorriendo-390x205.jpeg",390,205,true],"colormag-featured-post-small":["https:\/\/lavozdelagente.com.ar\/wp-content\/uploads\/2026\/08\/recorriendo-130x90.jpeg",130,90,true],"colormag-featured-image":["https:\/\/lavozdelagente.com.ar\/wp-content\/uploads\/2026\/08\/recorriendo-800x445.jpeg",800,445,true],"colormag-default-news":["https:\/\/lavozdelagente.com.ar\/wp-content\/uploads\/2026\/08\/recorriendo-150x150.jpeg",150,150,true],"colormag-featured-image-large":["https:\/\/lavozdelagente.com.ar\/wp-content\/uploads\/2026\/08\/recorriendo-1400x600.jpeg",1400,600,true]},"rttpg_author":{"display_name":"rober","author_link":"https:\/\/lavozdelagente.com.ar\/index\/author\/rober\/"},"rttpg_comment":0,"rttpg_category":"<a href=\"https:\/\/lavozdelagente.com.ar\/index\/category\/santiago\/\" rel=\"category tag\">Santiago<\/a>","rttpg_excerpt":"&nbsp; El jefe de Gabinete de Ministros, V\u00edctor Araujo, recibi\u00f3 este mi\u00e9rcoles en Casa de Gobierno la visita de alumnos","_links":{"self":[{"href":"https:\/\/lavozdelagente.com.ar\/index\/wp-json\/wp\/v2\/posts\/3387","targetHints":{"allow":["GET"]}}],"collection":[{"href":"https:\/\/lavozdelagente.com.ar\/index\/wp-json\/wp\/v2\/posts"}],"about":[{"href":"https:\/\/lavozdelagente.com.ar\/index\/wp-json\/wp\/v2\/types\/post"}],"author":[{"embeddable":true,"href":"https:\/\/lavozdelagente.com.ar\/index\/wp-json\/wp\/v2\/users\/2"}],"replies":[{"embeddable":true,"href":"https:\/\/lavozdelagente.com.ar\/index\/wp-json\/wp\/v2\/comments?post=3387"}],"version-history":[{"count":2,"href":"https:\/\/lavozdelagente.com.ar\/index\/wp-json\/wp\/v2\/posts\/3387\/revisions"}],"predecessor-version":[{"id":3390,"href":"https:\/\/lavozdelagente.com.ar\/index\/wp-json\/wp\/v2\/posts\/3387\/revisions\/3390"}],"wp:featuredmedia":[{"embeddable":true,"href":"https:\/\/lavozdelagente.com.ar\/index\/wp-json\/wp\/v2\/media\/3388"}],"wp:attachment":[{"href":"https:\/\/lavozdelagente.com.ar\/index\/wp-json\/wp\/v2\/media?parent=3387"}],"wp:term":[{"taxonomy":"category","embeddable":true,"href":"https:\/\/lavozdelagente.com.ar\/index\/wp-json\/wp\/v2\/categories?post=3387"},{"taxonomy":"post_tag","embeddable":true,"href":"https:\/\/lavozdelagente.com.ar\/index\/wp-json\/wp\/v2\/tags?post=3387"}],"curies":[{"name":"wp","href":"https:\/\/api.w.org\/{rel}","templated":true}]}}