{"id":3398,"date":"2026-08-12T20:51:12","date_gmt":"2026-08-12T20:51:12","guid":{"rendered":"https:\/\/lavozdelagente.com.ar\/index\/?p=3398"},"modified":"2026-08-12T20:51:12","modified_gmt":"2026-08-12T20:51:12","slug":"el-consumo-privado-descendio-12-interanual-en-julio","status":"publish","type":"post","link":"https:\/\/lavozdelagente.com.ar\/index\/2026\/08\/12\/el-consumo-privado-descendio-12-interanual-en-julio\/","title":{"rendered":"El consumo privado descendi\u00f3 1,2% interanual en julio"},"content":{"rendered":"<p>El consumo privado registr\u00f3 en julio bajas del 1,2% interanual y 0,2% con relaci\u00f3n a junio, seg\u00fan un estudio privado.<\/p>\n<p>En el acumulado de los primeros siete meses del a\u00f1o, la retracci\u00f3n del gasto de los hogares alcanza el 1,5%.<\/p>\n<p>En la medici\u00f3n desestacionalizada, el \u00edndice marc\u00f3 una disminuci\u00f3n del 0,2% respecto a junio y sum\u00f3 ocho meses consecutivos de ca\u00eddas.<\/p>\n<p>Seg\u00fan el informe, tras el incremento registrado el mes previo, los n\u00fameros de julio volvieron a mostrar \u00abse\u00f1ales de estancamiento en la comparaci\u00f3n mensual\u00bb.<\/p>\n<p>La tendencia actual consolida un escenario de debilidad en la demanda interna de bienes y servicios.<\/p>\n<p>Los datos corresponden al \u00cdndice de Consumo Privado (ICP-UP), elaborado de manera mensual por la Facultad de Negocios de la Universidad de Palermo (UP).<\/p>\n<p>Al desglosar el \u00edndice por categor\u00edas, el rubro de consumo masivo \u2014que representa el 50% del gasto total de los hogares\u2014 present\u00f3 una ca\u00edda del 1,7% interanual.<\/p>\n<p>Dentro de este segmento, el consumo de carne vacuna baj\u00f3 1,8%, acumulando \u00ab12 meses consecutivos de baja\u00bb.<\/p>\n<p>Por el contrario, el consumo de carne porcina y aviar subi\u00f3 un 22,1% y 15,8% respectivamente en julio.<\/p>\n<p>Encuesta: una diputada lidera en imagen positiva y Milei no est\u00e1 entre los tres primeros<br \/>\nEn el sector de los bienes durables, el comportamiento fue dispar. Si bien la categor\u00eda creci\u00f3 un 3,0% interanual, el patentamiento de autos cay\u00f3 un 31,2% en julio.<\/p>\n<p>Esta baja fue compensada estad\u00edsticamente por el incremento en el patentamiento de motos, que ascendi\u00f3 un 31,2% interanual y acumula un alza del 43,1% en lo que va del a\u00f1o.<\/p>\n<p>Los bienes semidurables mostraron una suba interanual del 12,9%.<\/p>\n<p>El informe detalla que en este rubro \u00ablas ventas de ropa y calzado a precios constantes en shoppings subieron 17,0% interanual\u00bb.<\/p>\n<p>En tanto, el sector de servicios recreativos no present\u00f3 variaciones, aunque el consumo en restaurantes tradicionales de la Ciudad de Buenos Aires registr\u00f3 una baja del 7,6% interanual, marcando su quinta ca\u00edda consecutiva.<\/p>\n<p>Respecto a los indicadores financieros, las compras con tarjeta de cr\u00e9dito se contrajeron un 4,6% en julio y los pr\u00e9stamos personales cayeron un 4,9%.<\/p>\n<p>Como dato contrapuesto, la recaudaci\u00f3n del IVA en t\u00e9rminos reales mostr\u00f3 un alza del 5,9% interanual luego de seis meses de resultados negativos.<\/p>\n<p>El informe metodol\u00f3gico aclara que, dado que el \u00edndice se basa en una selecci\u00f3n de indicadores, los resultados \u00abdeben interpretarse como una medida orientativa de la variaci\u00f3n del gasto por rubro\u00bb.<\/p>\n<p>Agencia NA<\/p>\n","protected":false},"excerpt":{"rendered":"<p>El consumo privado registr\u00f3 en julio bajas del 1,2% interanual y 0,2% con relaci\u00f3n a junio, seg\u00fan un estudio privado.<\/p>\n","protected":false},"author":2,"featured_media":3399,"comment_status":"open","ping_status":"open","sticky":false,"template":"","format":"standard","meta":{"colormag_page_container_layout":"default_layout","colormag_page_sidebar_layout":"default_layout","om_disable_all_campaigns":false,"_monsterinsights_skip_tracking":false,"footnotes":""},"categories":[4],"tags":[],"class_list":["post-3398","post","type-post","status-publish","format-standard","has-post-thumbnail","hentry","category-politica"],"aioseo_notices":[],"aioseo_head":"\n\t\t<!-- All in One SEO 5.0.1.1 - aioseo.com -->\n\t<meta name=\"description\" content=\"El consumo privado registr\u00f3 en julio bajas del 1,2% interanual y 0,2% con relaci\u00f3n a junio, seg\u00fan un estudio privado. En el acumulado de los primeros siete meses del a\u00f1o, la retracci\u00f3n del gasto de los hogares alcanza el 1,5%. En la medici\u00f3n desestacionalizada, el \u00edndice marc\u00f3 una disminuci\u00f3n del 0,2% respecto a junio y\" \/>\n\t<meta name=\"robots\" content=\"max-image-preview:large\" \/>\n\t<meta name=\"author\" content=\"rober\"\/>\n\t<meta name=\"google-site-verification\" content=\"dJHDh1fUzR1o-UwpFfn1JyiF-0R1LCNFZReSb-gbgcE\" \/>\n\t<link rel=\"canonical\" href=\"https:\/\/lavozdelagente.com.ar\/index\/2026\/08\/12\/el-consumo-privado-descendio-12-interanual-en-julio\/\" \/>\n\t<meta name=\"generator\" content=\"All in One SEO (AIOSEO) 5.0.1.1\" \/>\n\t\t<meta property=\"og:locale\" content=\"es_ES\" \/>\n\t\t<meta property=\"og:site_name\" content=\"LA VOZ DE LA GENTE - SDE\" \/>\n\t\t<meta property=\"og:type\" content=\"article\" \/>\n\t\t<meta property=\"og:title\" content=\"El consumo privado descendi\u00f3 1,2% interanual en julio - LA VOZ DE LA GENTE\" \/>\n\t\t<meta property=\"og:description\" content=\"El consumo privado registr\u00f3 en julio bajas del 1,2% interanual y 0,2% con relaci\u00f3n a junio, seg\u00fan un estudio privado. En el acumulado de los primeros siete meses del a\u00f1o, la retracci\u00f3n del gasto de los hogares alcanza el 1,5%. En la medici\u00f3n desestacionalizada, el \u00edndice marc\u00f3 una disminuci\u00f3n del 0,2% respecto a junio y\" \/>\n\t\t<meta property=\"og:url\" content=\"https:\/\/lavozdelagente.com.ar\/index\/2026\/08\/12\/el-consumo-privado-descendio-12-interanual-en-julio\/\" \/>\n\t\t<meta property=\"article:published_time\" content=\"2026-08-12T20:51:12+00:00\" \/>\n\t\t<meta property=\"article:modified_time\" content=\"2026-08-12T20:51:12+00:00\" \/>\n\t\t<meta name=\"twitter:card\" content=\"summary_large_image\" \/>\n\t\t<meta name=\"twitter:title\" content=\"El consumo privado descendi\u00f3 1,2% interanual en julio - LA VOZ DE LA GENTE\" \/>\n\t\t<meta name=\"twitter:description\" content=\"El consumo privado registr\u00f3 en julio bajas del 1,2% interanual y 0,2% con relaci\u00f3n a junio, seg\u00fan un estudio privado. En el acumulado de los primeros siete meses del a\u00f1o, la retracci\u00f3n del gasto de los hogares alcanza el 1,5%. En la medici\u00f3n desestacionalizada, el \u00edndice marc\u00f3 una disminuci\u00f3n del 0,2% respecto a junio y\" \/>\n\t\t<script type=\"application\/ld+json\" class=\"aioseo-schema\">\n\t\t\t{\"@context\":\"https:\\\/\\\/schema.org\",\"@graph\":[{\"@type\":\"BlogPosting\",\"@id\":\"https:\\\/\\\/lavozdelagente.com.ar\\\/index\\\/2026\\\/08\\\/12\\\/el-consumo-privado-descendio-12-interanual-en-julio\\\/#blogposting\",\"name\":\"El consumo privado descendi\\u00f3 1,2% interanual en julio - LA VOZ DE LA GENTE\",\"headline\":\"El consumo privado descendi\\u00f3 1,2% interanual en julio\",\"author\":{\"@id\":\"https:\\\/\\\/lavozdelagente.com.ar\\\/index\\\/author\\\/rober\\\/#author\"},\"publisher\":{\"@id\":\"https:\\\/\\\/lavozdelagente.com.ar\\\/index\\\/#person\"},\"image\":{\"@type\":\"ImageObject\",\"url\":\"https:\\\/\\\/lavozdelagente.com.ar\\\/wp-content\\\/uploads\\\/2026\\\/08\\\/consumo.jpg\",\"width\":1024,\"height\":768},\"datePublished\":\"2026-08-12T20:51:12+00:00\",\"dateModified\":\"2026-08-12T20:51:12+00:00\",\"inLanguage\":\"es-ES\",\"mainEntityOfPage\":{\"@id\":\"https:\\\/\\\/lavozdelagente.com.ar\\\/index\\\/2026\\\/08\\\/12\\\/el-consumo-privado-descendio-12-interanual-en-julio\\\/#webpage\"},\"isPartOf\":{\"@id\":\"https:\\\/\\\/lavozdelagente.com.ar\\\/index\\\/2026\\\/08\\\/12\\\/el-consumo-privado-descendio-12-interanual-en-julio\\\/#webpage\"},\"articleSection\":\"Pol\\u00edtica\"},{\"@type\":\"BreadcrumbList\",\"@id\":\"https:\\\/\\\/lavozdelagente.com.ar\\\/index\\\/2026\\\/08\\\/12\\\/el-consumo-privado-descendio-12-interanual-en-julio\\\/#breadcrumblist\",\"itemListElement\":[{\"@type\":\"ListItem\",\"@id\":\"https:\\\/\\\/lavozdelagente.com.ar\\\/index#listItem\",\"position\":1,\"name\":\"Home\",\"item\":\"https:\\\/\\\/lavozdelagente.com.ar\\\/index\",\"nextItem\":{\"@type\":\"ListItem\",\"@id\":\"https:\\\/\\\/lavozdelagente.com.ar\\\/index\\\/category\\\/politica\\\/#listItem\",\"name\":\"Pol\\u00edtica\"}},{\"@type\":\"ListItem\",\"@id\":\"https:\\\/\\\/lavozdelagente.com.ar\\\/index\\\/category\\\/politica\\\/#listItem\",\"position\":2,\"name\":\"Pol\\u00edtica\",\"item\":\"https:\\\/\\\/lavozdelagente.com.ar\\\/index\\\/category\\\/politica\\\/\",\"nextItem\":{\"@type\":\"ListItem\",\"@id\":\"https:\\\/\\\/lavozdelagente.com.ar\\\/index\\\/2026\\\/08\\\/12\\\/el-consumo-privado-descendio-12-interanual-en-julio\\\/#listItem\",\"name\":\"El consumo privado descendi\\u00f3 1,2% interanual en julio\"},\"previousItem\":{\"@type\":\"ListItem\",\"@id\":\"https:\\\/\\\/lavozdelagente.com.ar\\\/index#listItem\",\"name\":\"Home\"}},{\"@type\":\"ListItem\",\"@id\":\"https:\\\/\\\/lavozdelagente.com.ar\\\/index\\\/2026\\\/08\\\/12\\\/el-consumo-privado-descendio-12-interanual-en-julio\\\/#listItem\",\"position\":3,\"name\":\"El consumo privado descendi\\u00f3 1,2% interanual en julio\",\"previousItem\":{\"@type\":\"ListItem\",\"@id\":\"https:\\\/\\\/lavozdelagente.com.ar\\\/index\\\/category\\\/politica\\\/#listItem\",\"name\":\"Pol\\u00edtica\"}}]},{\"@type\":\"Person\",\"@id\":\"https:\\\/\\\/lavozdelagente.com.ar\\\/index\\\/author\\\/rober\\\/#author\",\"url\":\"https:\\\/\\\/lavozdelagente.com.ar\\\/index\\\/author\\\/rober\\\/\",\"name\":\"rober\",\"image\":{\"@type\":\"ImageObject\",\"@id\":\"https:\\\/\\\/lavozdelagente.com.ar\\\/index\\\/2026\\\/08\\\/12\\\/el-consumo-privado-descendio-12-interanual-en-julio\\\/#authorImage\",\"url\":\"https:\\\/\\\/secure.gravatar.com\\\/avatar\\\/901a62cd098b11a08c5fe38d2de0f8ad6b745f5d4f6413ad71e1630ac07766e0?s=96&d=mm&r=g\",\"width\":96,\"height\":96,\"caption\":\"rober\"}},{\"@type\":\"WebPage\",\"@id\":\"https:\\\/\\\/lavozdelagente.com.ar\\\/index\\\/2026\\\/08\\\/12\\\/el-consumo-privado-descendio-12-interanual-en-julio\\\/#webpage\",\"url\":\"https:\\\/\\\/lavozdelagente.com.ar\\\/index\\\/2026\\\/08\\\/12\\\/el-consumo-privado-descendio-12-interanual-en-julio\\\/\",\"name\":\"El consumo privado descendi\\u00f3 1,2% interanual en julio - LA VOZ DE LA GENTE\",\"description\":\"El consumo privado registr\\u00f3 en julio bajas del 1,2% interanual y 0,2% con relaci\\u00f3n a junio, seg\\u00fan un estudio privado. En el acumulado de los primeros siete meses del a\\u00f1o, la retracci\\u00f3n del gasto de los hogares alcanza el 1,5%. En la medici\\u00f3n desestacionalizada, el \\u00edndice marc\\u00f3 una disminuci\\u00f3n del 0,2% respecto a junio y\",\"inLanguage\":\"es-ES\",\"isPartOf\":{\"@id\":\"https:\\\/\\\/lavozdelagente.com.ar\\\/index\\\/#website\"},\"breadcrumb\":{\"@id\":\"https:\\\/\\\/lavozdelagente.com.ar\\\/index\\\/2026\\\/08\\\/12\\\/el-consumo-privado-descendio-12-interanual-en-julio\\\/#breadcrumblist\"},\"author\":{\"@id\":\"https:\\\/\\\/lavozdelagente.com.ar\\\/index\\\/author\\\/rober\\\/#author\"},\"creator\":{\"@id\":\"https:\\\/\\\/lavozdelagente.com.ar\\\/index\\\/author\\\/rober\\\/#author\"},\"image\":{\"@type\":\"ImageObject\",\"url\":\"https:\\\/\\\/lavozdelagente.com.ar\\\/wp-content\\\/uploads\\\/2026\\\/08\\\/consumo.jpg\",\"@id\":\"https:\\\/\\\/lavozdelagente.com.ar\\\/index\\\/2026\\\/08\\\/12\\\/el-consumo-privado-descendio-12-interanual-en-julio\\\/#mainImage\",\"width\":1024,\"height\":768},\"primaryImageOfPage\":{\"@id\":\"https:\\\/\\\/lavozdelagente.com.ar\\\/index\\\/2026\\\/08\\\/12\\\/el-consumo-privado-descendio-12-interanual-en-julio\\\/#mainImage\"},\"datePublished\":\"2026-08-12T20:51:12+00:00\",\"dateModified\":\"2026-08-12T20:51:12+00:00\"},{\"@type\":\"WebSite\",\"@id\":\"https:\\\/\\\/lavozdelagente.com.ar\\\/index\\\/#website\",\"url\":\"https:\\\/\\\/lavozdelagente.com.ar\\\/index\\\/\",\"name\":\"LA VOZ DE LA GENTE\",\"description\":\"SDE\",\"inLanguage\":\"es-ES\",\"publisher\":{\"@id\":\"https:\\\/\\\/lavozdelagente.com.ar\\\/index\\\/#person\"}}]}\n\t\t<\/script>\n\t\t<!-- All in One SEO -->\n\n","aioseo_head_json":{"title":"El consumo privado descendi\u00f3 1,2% interanual en julio - LA VOZ DE LA GENTE","description":"El consumo privado registr\u00f3 en julio bajas del 1,2% interanual y 0,2% con relaci\u00f3n a junio, seg\u00fan un estudio privado. En el acumulado de los primeros siete meses del a\u00f1o, la retracci\u00f3n del gasto de los hogares alcanza el 1,5%. En la medici\u00f3n desestacionalizada, el \u00edndice marc\u00f3 una disminuci\u00f3n del 0,2% respecto a junio y","canonical_url":"https:\/\/lavozdelagente.com.ar\/index\/2026\/08\/12\/el-consumo-privado-descendio-12-interanual-en-julio\/","robots":"max-image-preview:large","keywords":"","webmasterTools":{"google-site-verification":"dJHDh1fUzR1o-UwpFfn1JyiF-0R1LCNFZReSb-gbgcE","miscellaneous":""},"schema":{"@context":"https:\/\/schema.org","@graph":[{"@type":"BlogPosting","@id":"https:\/\/lavozdelagente.com.ar\/index\/2026\/08\/12\/el-consumo-privado-descendio-12-interanual-en-julio\/#blogposting","name":"El consumo privado descendi\u00f3 1,2% interanual en julio - LA VOZ DE LA GENTE","headline":"El consumo privado descendi\u00f3 1,2% interanual en julio","author":{"@id":"https:\/\/lavozdelagente.com.ar\/index\/author\/rober\/#author"},"publisher":{"@id":"https:\/\/lavozdelagente.com.ar\/index\/#person"},"image":{"@type":"ImageObject","url":"https:\/\/lavozdelagente.com.ar\/wp-content\/uploads\/2026\/08\/consumo.jpg","width":1024,"height":768},"datePublished":"2026-08-12T20:51:12+00:00","dateModified":"2026-08-12T20:51:12+00:00","inLanguage":"es-ES","mainEntityOfPage":{"@id":"https:\/\/lavozdelagente.com.ar\/index\/2026\/08\/12\/el-consumo-privado-descendio-12-interanual-en-julio\/#webpage"},"isPartOf":{"@id":"https:\/\/lavozdelagente.com.ar\/index\/2026\/08\/12\/el-consumo-privado-descendio-12-interanual-en-julio\/#webpage"},"articleSection":"Pol\u00edtica"},{"@type":"BreadcrumbList","@id":"https:\/\/lavozdelagente.com.ar\/index\/2026\/08\/12\/el-consumo-privado-descendio-12-interanual-en-julio\/#breadcrumblist","itemListElement":[{"@type":"ListItem","@id":"https:\/\/lavozdelagente.com.ar\/index#listItem","position":1,"name":"Home","item":"https:\/\/lavozdelagente.com.ar\/index","nextItem":{"@type":"ListItem","@id":"https:\/\/lavozdelagente.com.ar\/index\/category\/politica\/#listItem","name":"Pol\u00edtica"}},{"@type":"ListItem","@id":"https:\/\/lavozdelagente.com.ar\/index\/category\/politica\/#listItem","position":2,"name":"Pol\u00edtica","item":"https:\/\/lavozdelagente.com.ar\/index\/category\/politica\/","nextItem":{"@type":"ListItem","@id":"https:\/\/lavozdelagente.com.ar\/index\/2026\/08\/12\/el-consumo-privado-descendio-12-interanual-en-julio\/#listItem","name":"El consumo privado descendi\u00f3 1,2% interanual en julio"},"previousItem":{"@type":"ListItem","@id":"https:\/\/lavozdelagente.com.ar\/index#listItem","name":"Home"}},{"@type":"ListItem","@id":"https:\/\/lavozdelagente.com.ar\/index\/2026\/08\/12\/el-consumo-privado-descendio-12-interanual-en-julio\/#listItem","position":3,"name":"El consumo privado descendi\u00f3 1,2% interanual en julio","previousItem":{"@type":"ListItem","@id":"https:\/\/lavozdelagente.com.ar\/index\/category\/politica\/#listItem","name":"Pol\u00edtica"}}]},{"@type":"Person","@id":"https:\/\/lavozdelagente.com.ar\/index\/author\/rober\/#author","url":"https:\/\/lavozdelagente.com.ar\/index\/author\/rober\/","name":"rober","image":{"@type":"ImageObject","@id":"https:\/\/lavozdelagente.com.ar\/index\/2026\/08\/12\/el-consumo-privado-descendio-12-interanual-en-julio\/#authorImage","url":"https:\/\/secure.gravatar.com\/avatar\/901a62cd098b11a08c5fe38d2de0f8ad6b745f5d4f6413ad71e1630ac07766e0?s=96&d=mm&r=g","width":96,"height":96,"caption":"rober"}},{"@type":"WebPage","@id":"https:\/\/lavozdelagente.com.ar\/index\/2026\/08\/12\/el-consumo-privado-descendio-12-interanual-en-julio\/#webpage","url":"https:\/\/lavozdelagente.com.ar\/index\/2026\/08\/12\/el-consumo-privado-descendio-12-interanual-en-julio\/","name":"El consumo privado descendi\u00f3 1,2% interanual en julio - LA VOZ DE LA GENTE","description":"El consumo privado registr\u00f3 en julio bajas del 1,2% interanual y 0,2% con relaci\u00f3n a junio, seg\u00fan un estudio privado. En el acumulado de los primeros siete meses del a\u00f1o, la retracci\u00f3n del gasto de los hogares alcanza el 1,5%. En la medici\u00f3n desestacionalizada, el \u00edndice marc\u00f3 una disminuci\u00f3n del 0,2% respecto a junio y","inLanguage":"es-ES","isPartOf":{"@id":"https:\/\/lavozdelagente.com.ar\/index\/#website"},"breadcrumb":{"@id":"https:\/\/lavozdelagente.com.ar\/index\/2026\/08\/12\/el-consumo-privado-descendio-12-interanual-en-julio\/#breadcrumblist"},"author":{"@id":"https:\/\/lavozdelagente.com.ar\/index\/author\/rober\/#author"},"creator":{"@id":"https:\/\/lavozdelagente.com.ar\/index\/author\/rober\/#author"},"image":{"@type":"ImageObject","url":"https:\/\/lavozdelagente.com.ar\/wp-content\/uploads\/2026\/08\/consumo.jpg","@id":"https:\/\/lavozdelagente.com.ar\/index\/2026\/08\/12\/el-consumo-privado-descendio-12-interanual-en-julio\/#mainImage","width":1024,"height":768},"primaryImageOfPage":{"@id":"https:\/\/lavozdelagente.com.ar\/index\/2026\/08\/12\/el-consumo-privado-descendio-12-interanual-en-julio\/#mainImage"},"datePublished":"2026-08-12T20:51:12+00:00","dateModified":"2026-08-12T20:51:12+00:00"},{"@type":"WebSite","@id":"https:\/\/lavozdelagente.com.ar\/index\/#website","url":"https:\/\/lavozdelagente.com.ar\/index\/","name":"LA VOZ DE LA GENTE","description":"SDE","inLanguage":"es-ES","publisher":{"@id":"https:\/\/lavozdelagente.com.ar\/index\/#person"}}]},"og:locale":"es_ES","og:site_name":"LA VOZ DE LA GENTE - SDE","og:type":"article","og:title":"El consumo privado descendi\u00f3 1,2% interanual en julio - LA VOZ DE LA GENTE","og:description":"El consumo privado registr\u00f3 en julio bajas del 1,2% interanual y 0,2% con relaci\u00f3n a junio, seg\u00fan un estudio privado. En el acumulado de los primeros siete meses del a\u00f1o, la retracci\u00f3n del gasto de los hogares alcanza el 1,5%. En la medici\u00f3n desestacionalizada, el \u00edndice marc\u00f3 una disminuci\u00f3n del 0,2% respecto a junio y","og:url":"https:\/\/lavozdelagente.com.ar\/index\/2026\/08\/12\/el-consumo-privado-descendio-12-interanual-en-julio\/","article:published_time":"2026-08-12T20:51:12+00:00","article:modified_time":"2026-08-12T20:51:12+00:00","twitter:card":"summary_large_image","twitter:title":"El consumo privado descendi\u00f3 1,2% interanual en julio - LA VOZ DE LA GENTE","twitter:description":"El consumo privado registr\u00f3 en julio bajas del 1,2% interanual y 0,2% con relaci\u00f3n a junio, seg\u00fan un estudio privado. En el acumulado de los primeros siete meses del a\u00f1o, la retracci\u00f3n del gasto de los hogares alcanza el 1,5%. En la medici\u00f3n desestacionalizada, el \u00edndice marc\u00f3 una disminuci\u00f3n del 0,2% respecto a junio y"},"aioseo_meta_data":{"post_id":"3398","title":null,"description":null,"keywords":null,"keyphrases":{"focus":{"keyphrase":"","score":0,"analysis":{"keyphraseInTitle":{"score":0,"maxScore":9,"error":1}}},"additional":[]},"primary_term":null,"canonical_url":null,"og_title":null,"og_description":null,"og_object_type":"default","og_image_type":"default","og_image_url":null,"og_image_width":null,"og_image_height":null,"og_image_custom_url":null,"og_image_custom_fields":null,"og_video":"","og_custom_url":null,"og_article_section":null,"og_article_tags":null,"twitter_use_og":false,"twitter_card":"default","twitter_image_type":"default","twitter_image_url":null,"twitter_image_custom_url":null,"twitter_image_custom_fields":null,"twitter_title":null,"twitter_description":null,"schema":{"blockGraphs":[],"customGraphs":[],"default":{"data":{"Article":[],"Course":[],"Dataset":[],"FAQPage":[],"Movie":[],"Person":[],"Product":[],"ProductReview":[],"Car":[],"Recipe":[],"Service":[],"SoftwareApplication":[],"WebPage":[]},"graphName":"BlogPosting","isEnabled":true},"graphs":[]},"schema_type":"default","schema_type_options":null,"pillar_content":false,"robots_default":true,"robots_noindex":false,"robots_noarchive":false,"robots_nosnippet":false,"robots_nofollow":false,"robots_noimageindex":false,"robots_noodp":false,"robots_notranslate":false,"robots_max_snippet":"-1","robots_max_videopreview":"-1","robots_max_imagepreview":"large","priority":null,"frequency":"default","local_seo":null,"breadcrumb_settings":null,"limit_modified_date":false,"ai":{"faqs":[],"keyPoints":[],"schemas":[],"titles":[],"descriptions":[],"socialPosts":{"email":{"subject":"","preview":"","content":""},"linkedin":[],"twitter":[],"facebook":[],"instagram":[]}},"created":"2026-08-12 20:51:12","updated":"2026-08-13 20:21:40","seo_analyzer_scan_date":null,"focus_keyword":null,"additional_keywords":null,"truseo_locale":null},"aioseo_breadcrumb":"<div class=\"aioseo-breadcrumbs\"><span class=\"aioseo-breadcrumb\">\n\t\t\t<a href=\"https:\/\/lavozdelagente.com.ar\/index\" title=\"Home\">Home<\/a>\n\t\t<\/span><span class=\"aioseo-breadcrumb-separator\">&raquo;<\/span><span class=\"aioseo-breadcrumb\">\n\t\t\t<a href=\"https:\/\/lavozdelagente.com.ar\/index\/category\/politica\/\" title=\"Pol\u00edtica\">Pol\u00edtica<\/a>\n\t\t<\/span><span class=\"aioseo-breadcrumb-separator\">&raquo;<\/span><span class=\"aioseo-breadcrumb\">\n\t\t\tEl consumo privado descendi\u00f3 1,2% interanual en julio\n\t\t<\/span><\/div>","aioseo_breadcrumb_json":[{"label":"Home","link":"https:\/\/lavozdelagente.com.ar\/index"},{"label":"Pol\u00edtica","link":"https:\/\/lavozdelagente.com.ar\/index\/category\/politica\/"},{"label":"El consumo privado descendi\u00f3 1,2% interanual en julio","link":"https:\/\/lavozdelagente.com.ar\/index\/2026\/08\/12\/el-consumo-privado-descendio-12-interanual-en-julio\/"}],"rttpg_featured_image_url":{"full":["https:\/\/lavozdelagente.com.ar\/wp-content\/uploads\/2026\/08\/consumo.jpg",1024,768,false],"landscape":["https:\/\/lavozdelagente.com.ar\/wp-content\/uploads\/2026\/08\/consumo.jpg",1024,768,false],"portraits":["https:\/\/lavozdelagente.com.ar\/wp-content\/uploads\/2026\/08\/consumo.jpg",1024,768,false],"thumbnail":["https:\/\/lavozdelagente.com.ar\/wp-content\/uploads\/2026\/08\/consumo-150x150.jpg",150,150,true],"medium":["https:\/\/lavozdelagente.com.ar\/wp-content\/uploads\/2026\/08\/consumo-300x225.jpg",300,225,true],"large":["https:\/\/lavozdelagente.com.ar\/wp-content\/uploads\/2026\/08\/consumo.jpg",800,600,false],"1536x1536":["https:\/\/lavozdelagente.com.ar\/wp-content\/uploads\/2026\/08\/consumo.jpg",1024,768,false],"2048x2048":["https:\/\/lavozdelagente.com.ar\/wp-content\/uploads\/2026\/08\/consumo.jpg",1024,768,false],"colormag-highlighted-post":["https:\/\/lavozdelagente.com.ar\/wp-content\/uploads\/2026\/08\/consumo-392x272.jpg",392,272,true],"colormag-featured-post-medium":["https:\/\/lavozdelagente.com.ar\/wp-content\/uploads\/2026\/08\/consumo-390x205.jpg",390,205,true],"colormag-featured-post-small":["https:\/\/lavozdelagente.com.ar\/wp-content\/uploads\/2026\/08\/consumo-130x90.jpg",130,90,true],"colormag-featured-image":["https:\/\/lavozdelagente.com.ar\/wp-content\/uploads\/2026\/08\/consumo-800x445.jpg",800,445,true],"colormag-default-news":["https:\/\/lavozdelagente.com.ar\/wp-content\/uploads\/2026\/08\/consumo-150x150.jpg",150,150,true],"colormag-featured-image-large":["https:\/\/lavozdelagente.com.ar\/wp-content\/uploads\/2026\/08\/consumo-1024x600.jpg",1024,600,true]},"rttpg_author":{"display_name":"rober","author_link":"https:\/\/lavozdelagente.com.ar\/index\/author\/rober\/"},"rttpg_comment":0,"rttpg_category":"<a href=\"https:\/\/lavozdelagente.com.ar\/index\/category\/politica\/\" rel=\"category tag\">Pol\u00edtica<\/a>","rttpg_excerpt":"El consumo privado registr\u00f3 en julio bajas del 1,2% interanual y 0,2% con relaci\u00f3n a junio, seg\u00fan un estudio privado.","_links":{"self":[{"href":"https:\/\/lavozdelagente.com.ar\/index\/wp-json\/wp\/v2\/posts\/3398","targetHints":{"allow":["GET"]}}],"collection":[{"href":"https:\/\/lavozdelagente.com.ar\/index\/wp-json\/wp\/v2\/posts"}],"about":[{"href":"https:\/\/lavozdelagente.com.ar\/index\/wp-json\/wp\/v2\/types\/post"}],"author":[{"embeddable":true,"href":"https:\/\/lavozdelagente.com.ar\/index\/wp-json\/wp\/v2\/users\/2"}],"replies":[{"embeddable":true,"href":"https:\/\/lavozdelagente.com.ar\/index\/wp-json\/wp\/v2\/comments?post=3398"}],"version-history":[{"count":2,"href":"https:\/\/lavozdelagente.com.ar\/index\/wp-json\/wp\/v2\/posts\/3398\/revisions"}],"predecessor-version":[{"id":3401,"href":"https:\/\/lavozdelagente.com.ar\/index\/wp-json\/wp\/v2\/posts\/3398\/revisions\/3401"}],"wp:featuredmedia":[{"embeddable":true,"href":"https:\/\/lavozdelagente.com.ar\/index\/wp-json\/wp\/v2\/media\/3399"}],"wp:attachment":[{"href":"https:\/\/lavozdelagente.com.ar\/index\/wp-json\/wp\/v2\/media?parent=3398"}],"wp:term":[{"taxonomy":"category","embeddable":true,"href":"https:\/\/lavozdelagente.com.ar\/index\/wp-json\/wp\/v2\/categories?post=3398"},{"taxonomy":"post_tag","embeddable":true,"href":"https:\/\/lavozdelagente.com.ar\/index\/wp-json\/wp\/v2\/tags?post=3398"}],"curies":[{"name":"wp","href":"https:\/\/api.w.org\/{rel}","templated":true}]}}