{"id":3405,"date":"2026-08-12T20:56:00","date_gmt":"2026-08-12T20:56:00","guid":{"rendered":"https:\/\/lavozdelagente.com.ar\/index\/?p=3405"},"modified":"2026-08-12T20:56:00","modified_gmt":"2026-08-12T20:56:00","slug":"brasil-prepara-medidas-ante-los-posibles-impactos-de-el-nino","status":"publish","type":"post","link":"https:\/\/lavozdelagente.com.ar\/index\/2026\/08\/12\/brasil-prepara-medidas-ante-los-posibles-impactos-de-el-nino\/","title":{"rendered":"Brasil prepara medidas ante los posibles impactos de El Ni\u00f1o"},"content":{"rendered":"<p>El Gobierno de Brasil prepara medidas para hacer frente a los distintos impactos que podr\u00eda provocar el fen\u00f3meno de El Ni\u00f1o en los pr\u00f3ximos meses, entre ellos lluvias intensas, sequ\u00edas, problemas de abastecimiento, riesgos para la log\u00edstica y el suministro energ\u00e9tico, as\u00ed como un posible aumento de enfermedades transmitidas por mosquitos, seg\u00fan un informe divulgado este mi\u00e9rcoles por la Casa Civil de la Presidencia.<\/p>\n<p>Bajo la coordinaci\u00f3n de la Casa Civil, la Sala de Situaci\u00f3n sobre El Ni\u00f1o celebr\u00f3 el lunes su tercera reuni\u00f3n, en la que actualiz\u00f3 los escenarios clim\u00e1ticos y revis\u00f3 las acciones de preparaci\u00f3n para responder a los diferentes efectos previstos en el territorio brasile\u00f1o.<\/p>\n<p>Seg\u00fan el Instituto Nacional de Meteorolog\u00eda, las temperaturas de las aguas del oc\u00e9ano Pac\u00edfico se mantienen por encima de la media.<\/p>\n<p>Espa\u00f1a observ\u00f3 el primer eclipse solar total en m\u00e1s de un siglo<br \/>\n\u00abSe continuar\u00e1 dando seguimiento a la evoluci\u00f3n de este calentamiento para evaluar la intensidad del fen\u00f3meno y sus posibles efectos sobre el pa\u00eds. Para el Sur, los pron\u00f3sticos a corto plazo indican vol\u00famenes elevados de lluvia, que podr\u00edan alcanzar los 200 mil\u00edmetros en siete d\u00edas en algunas \u00e1reas\u00bb, se\u00f1al\u00f3 la nota.<\/p>\n<p>En las zonas sujetas a sequ\u00edas y al riesgo de aislamiento de comunidades, tambi\u00e9n se preparan medidas relacionadas con el abastecimiento y la seguridad alimentaria, con especial atenci\u00f3n a las poblaciones ribere\u00f1as e ind\u00edgenas.<\/p>\n<p>En el \u00e1mbito de energ\u00eda y log\u00edstica, se eval\u00faan medidas de anticipaci\u00f3n de las existencias de combustibles en localidades y corredores log\u00edsticos que puedan verse afectados por la reducci\u00f3n de los niveles de los r\u00edos.<\/p>\n<p>El presidente de Colombia decreta tres d\u00edas de duelo nacional por el terremoto<br \/>\nEn salud, el seguimiento contempla, entre otros factores, el riesgo de aumento en la circulaci\u00f3n de arbovirus, como el dengue, el zika y el chikungunya, as\u00ed como los efectos de eventos clim\u00e1ticos extremos.<\/p>\n<p>El lunes, el secretario nacional de Defensa Civil, Wolney Wolff, afirm\u00f3 que Brasil ya est\u00e1 sufriendo los efectos del fen\u00f3meno clim\u00e1tico de El Ni\u00f1o, con lluvias intensas y vientos extremos en el sur y se\u00f1ales de sequ\u00eda y escasez h\u00eddrica en la Amazonia y el \u00e1rido nordeste.<\/p>\n<p>Agencia NA<\/p>\n","protected":false},"excerpt":{"rendered":"<p>El Gobierno de Brasil prepara medidas para hacer frente a los distintos impactos que podr\u00eda provocar el fen\u00f3meno de El<\/p>\n","protected":false},"author":2,"featured_media":3406,"comment_status":"open","ping_status":"open","sticky":false,"template":"","format":"standard","meta":{"colormag_page_container_layout":"default_layout","colormag_page_sidebar_layout":"default_layout","om_disable_all_campaigns":false,"_monsterinsights_skip_tracking":false,"footnotes":""},"categories":[6],"tags":[],"class_list":["post-3405","post","type-post","status-publish","format-standard","has-post-thumbnail","hentry","category-varios"],"aioseo_notices":[],"aioseo_head":"\n\t\t<!-- All in One SEO 5.0.1.1 - aioseo.com -->\n\t<meta name=\"description\" content=\"El Gobierno de Brasil prepara medidas para hacer frente a los distintos impactos que podr\u00eda provocar el fen\u00f3meno de El Ni\u00f1o en los pr\u00f3ximos meses, entre ellos lluvias intensas, sequ\u00edas, problemas de abastecimiento, riesgos para la log\u00edstica y el suministro energ\u00e9tico, as\u00ed como un posible aumento de enfermedades transmitidas por mosquitos, seg\u00fan un informe divulgado\" \/>\n\t<meta name=\"robots\" content=\"max-image-preview:large\" \/>\n\t<meta name=\"author\" content=\"rober\"\/>\n\t<meta name=\"google-site-verification\" content=\"dJHDh1fUzR1o-UwpFfn1JyiF-0R1LCNFZReSb-gbgcE\" \/>\n\t<link rel=\"canonical\" href=\"https:\/\/lavozdelagente.com.ar\/index\/2026\/08\/12\/brasil-prepara-medidas-ante-los-posibles-impactos-de-el-nino\/\" \/>\n\t<meta name=\"generator\" content=\"All in One SEO (AIOSEO) 5.0.1.1\" \/>\n\t\t<meta property=\"og:locale\" content=\"es_ES\" \/>\n\t\t<meta property=\"og:site_name\" content=\"LA VOZ DE LA GENTE - SDE\" \/>\n\t\t<meta property=\"og:type\" content=\"article\" \/>\n\t\t<meta property=\"og:title\" content=\"Brasil prepara medidas ante los posibles impactos de El Ni\u00f1o - LA VOZ DE LA GENTE\" \/>\n\t\t<meta property=\"og:description\" content=\"El Gobierno de Brasil prepara medidas para hacer frente a los distintos impactos que podr\u00eda provocar el fen\u00f3meno de El Ni\u00f1o en los pr\u00f3ximos meses, entre ellos lluvias intensas, sequ\u00edas, problemas de abastecimiento, riesgos para la log\u00edstica y el suministro energ\u00e9tico, as\u00ed como un posible aumento de enfermedades transmitidas por mosquitos, seg\u00fan un informe divulgado\" \/>\n\t\t<meta property=\"og:url\" content=\"https:\/\/lavozdelagente.com.ar\/index\/2026\/08\/12\/brasil-prepara-medidas-ante-los-posibles-impactos-de-el-nino\/\" \/>\n\t\t<meta property=\"article:published_time\" content=\"2026-08-12T20:56:00+00:00\" \/>\n\t\t<meta property=\"article:modified_time\" content=\"2026-08-12T20:56:00+00:00\" \/>\n\t\t<meta name=\"twitter:card\" content=\"summary_large_image\" \/>\n\t\t<meta name=\"twitter:title\" content=\"Brasil prepara medidas ante los posibles impactos de El Ni\u00f1o - LA VOZ DE LA GENTE\" \/>\n\t\t<meta name=\"twitter:description\" content=\"El Gobierno de Brasil prepara medidas para hacer frente a los distintos impactos que podr\u00eda provocar el fen\u00f3meno de El Ni\u00f1o en los pr\u00f3ximos meses, entre ellos lluvias intensas, sequ\u00edas, problemas de abastecimiento, riesgos para la log\u00edstica y el suministro energ\u00e9tico, as\u00ed como un posible aumento de enfermedades transmitidas por mosquitos, seg\u00fan un informe divulgado\" \/>\n\t\t<script type=\"application\/ld+json\" class=\"aioseo-schema\">\n\t\t\t{\"@context\":\"https:\\\/\\\/schema.org\",\"@graph\":[{\"@type\":\"BlogPosting\",\"@id\":\"https:\\\/\\\/lavozdelagente.com.ar\\\/index\\\/2026\\\/08\\\/12\\\/brasil-prepara-medidas-ante-los-posibles-impactos-de-el-nino\\\/#blogposting\",\"name\":\"Brasil prepara medidas ante los posibles impactos de El Ni\\u00f1o - LA VOZ DE LA GENTE\",\"headline\":\"Brasil prepara medidas ante los posibles impactos de El Ni\\u00f1o\",\"author\":{\"@id\":\"https:\\\/\\\/lavozdelagente.com.ar\\\/index\\\/author\\\/rober\\\/#author\"},\"publisher\":{\"@id\":\"https:\\\/\\\/lavozdelagente.com.ar\\\/index\\\/#person\"},\"image\":{\"@type\":\"ImageObject\",\"url\":\"https:\\\/\\\/lavozdelagente.com.ar\\\/wp-content\\\/uploads\\\/2026\\\/08\\\/impactos.avif\",\"width\":960,\"height\":540},\"datePublished\":\"2026-08-12T20:56:00+00:00\",\"dateModified\":\"2026-08-12T20:56:00+00:00\",\"inLanguage\":\"es-ES\",\"mainEntityOfPage\":{\"@id\":\"https:\\\/\\\/lavozdelagente.com.ar\\\/index\\\/2026\\\/08\\\/12\\\/brasil-prepara-medidas-ante-los-posibles-impactos-de-el-nino\\\/#webpage\"},\"isPartOf\":{\"@id\":\"https:\\\/\\\/lavozdelagente.com.ar\\\/index\\\/2026\\\/08\\\/12\\\/brasil-prepara-medidas-ante-los-posibles-impactos-de-el-nino\\\/#webpage\"},\"articleSection\":\"Varios\"},{\"@type\":\"BreadcrumbList\",\"@id\":\"https:\\\/\\\/lavozdelagente.com.ar\\\/index\\\/2026\\\/08\\\/12\\\/brasil-prepara-medidas-ante-los-posibles-impactos-de-el-nino\\\/#breadcrumblist\",\"itemListElement\":[{\"@type\":\"ListItem\",\"@id\":\"https:\\\/\\\/lavozdelagente.com.ar\\\/index#listItem\",\"position\":1,\"name\":\"Home\",\"item\":\"https:\\\/\\\/lavozdelagente.com.ar\\\/index\",\"nextItem\":{\"@type\":\"ListItem\",\"@id\":\"https:\\\/\\\/lavozdelagente.com.ar\\\/index\\\/category\\\/varios\\\/#listItem\",\"name\":\"Varios\"}},{\"@type\":\"ListItem\",\"@id\":\"https:\\\/\\\/lavozdelagente.com.ar\\\/index\\\/category\\\/varios\\\/#listItem\",\"position\":2,\"name\":\"Varios\",\"item\":\"https:\\\/\\\/lavozdelagente.com.ar\\\/index\\\/category\\\/varios\\\/\",\"nextItem\":{\"@type\":\"ListItem\",\"@id\":\"https:\\\/\\\/lavozdelagente.com.ar\\\/index\\\/2026\\\/08\\\/12\\\/brasil-prepara-medidas-ante-los-posibles-impactos-de-el-nino\\\/#listItem\",\"name\":\"Brasil prepara medidas ante los posibles impactos de El Ni\\u00f1o\"},\"previousItem\":{\"@type\":\"ListItem\",\"@id\":\"https:\\\/\\\/lavozdelagente.com.ar\\\/index#listItem\",\"name\":\"Home\"}},{\"@type\":\"ListItem\",\"@id\":\"https:\\\/\\\/lavozdelagente.com.ar\\\/index\\\/2026\\\/08\\\/12\\\/brasil-prepara-medidas-ante-los-posibles-impactos-de-el-nino\\\/#listItem\",\"position\":3,\"name\":\"Brasil prepara medidas ante los posibles impactos de El Ni\\u00f1o\",\"previousItem\":{\"@type\":\"ListItem\",\"@id\":\"https:\\\/\\\/lavozdelagente.com.ar\\\/index\\\/category\\\/varios\\\/#listItem\",\"name\":\"Varios\"}}]},{\"@type\":\"Person\",\"@id\":\"https:\\\/\\\/lavozdelagente.com.ar\\\/index\\\/author\\\/rober\\\/#author\",\"url\":\"https:\\\/\\\/lavozdelagente.com.ar\\\/index\\\/author\\\/rober\\\/\",\"name\":\"rober\",\"image\":{\"@type\":\"ImageObject\",\"@id\":\"https:\\\/\\\/lavozdelagente.com.ar\\\/index\\\/2026\\\/08\\\/12\\\/brasil-prepara-medidas-ante-los-posibles-impactos-de-el-nino\\\/#authorImage\",\"url\":\"https:\\\/\\\/secure.gravatar.com\\\/avatar\\\/901a62cd098b11a08c5fe38d2de0f8ad6b745f5d4f6413ad71e1630ac07766e0?s=96&d=mm&r=g\",\"width\":96,\"height\":96,\"caption\":\"rober\"}},{\"@type\":\"WebPage\",\"@id\":\"https:\\\/\\\/lavozdelagente.com.ar\\\/index\\\/2026\\\/08\\\/12\\\/brasil-prepara-medidas-ante-los-posibles-impactos-de-el-nino\\\/#webpage\",\"url\":\"https:\\\/\\\/lavozdelagente.com.ar\\\/index\\\/2026\\\/08\\\/12\\\/brasil-prepara-medidas-ante-los-posibles-impactos-de-el-nino\\\/\",\"name\":\"Brasil prepara medidas ante los posibles impactos de El Ni\\u00f1o - LA VOZ DE LA GENTE\",\"description\":\"El Gobierno de Brasil prepara medidas para hacer frente a los distintos impactos que podr\\u00eda provocar el fen\\u00f3meno de El Ni\\u00f1o en los pr\\u00f3ximos meses, entre ellos lluvias intensas, sequ\\u00edas, problemas de abastecimiento, riesgos para la log\\u00edstica y el suministro energ\\u00e9tico, as\\u00ed como un posible aumento de enfermedades transmitidas por mosquitos, seg\\u00fan un informe divulgado\",\"inLanguage\":\"es-ES\",\"isPartOf\":{\"@id\":\"https:\\\/\\\/lavozdelagente.com.ar\\\/index\\\/#website\"},\"breadcrumb\":{\"@id\":\"https:\\\/\\\/lavozdelagente.com.ar\\\/index\\\/2026\\\/08\\\/12\\\/brasil-prepara-medidas-ante-los-posibles-impactos-de-el-nino\\\/#breadcrumblist\"},\"author\":{\"@id\":\"https:\\\/\\\/lavozdelagente.com.ar\\\/index\\\/author\\\/rober\\\/#author\"},\"creator\":{\"@id\":\"https:\\\/\\\/lavozdelagente.com.ar\\\/index\\\/author\\\/rober\\\/#author\"},\"image\":{\"@type\":\"ImageObject\",\"url\":\"https:\\\/\\\/lavozdelagente.com.ar\\\/wp-content\\\/uploads\\\/2026\\\/08\\\/impactos.avif\",\"@id\":\"https:\\\/\\\/lavozdelagente.com.ar\\\/index\\\/2026\\\/08\\\/12\\\/brasil-prepara-medidas-ante-los-posibles-impactos-de-el-nino\\\/#mainImage\",\"width\":960,\"height\":540},\"primaryImageOfPage\":{\"@id\":\"https:\\\/\\\/lavozdelagente.com.ar\\\/index\\\/2026\\\/08\\\/12\\\/brasil-prepara-medidas-ante-los-posibles-impactos-de-el-nino\\\/#mainImage\"},\"datePublished\":\"2026-08-12T20:56:00+00:00\",\"dateModified\":\"2026-08-12T20:56:00+00:00\"},{\"@type\":\"WebSite\",\"@id\":\"https:\\\/\\\/lavozdelagente.com.ar\\\/index\\\/#website\",\"url\":\"https:\\\/\\\/lavozdelagente.com.ar\\\/index\\\/\",\"name\":\"LA VOZ DE LA GENTE\",\"description\":\"SDE\",\"inLanguage\":\"es-ES\",\"publisher\":{\"@id\":\"https:\\\/\\\/lavozdelagente.com.ar\\\/index\\\/#person\"}}]}\n\t\t<\/script>\n\t\t<!-- All in One SEO -->\n\n","aioseo_head_json":{"title":"Brasil prepara medidas ante los posibles impactos de El Ni\u00f1o - LA VOZ DE LA GENTE","description":"El Gobierno de Brasil prepara medidas para hacer frente a los distintos impactos que podr\u00eda provocar el fen\u00f3meno de El Ni\u00f1o en los pr\u00f3ximos meses, entre ellos lluvias intensas, sequ\u00edas, problemas de abastecimiento, riesgos para la log\u00edstica y el suministro energ\u00e9tico, as\u00ed como un posible aumento de enfermedades transmitidas por mosquitos, seg\u00fan un informe divulgado","canonical_url":"https:\/\/lavozdelagente.com.ar\/index\/2026\/08\/12\/brasil-prepara-medidas-ante-los-posibles-impactos-de-el-nino\/","robots":"max-image-preview:large","keywords":"","webmasterTools":{"google-site-verification":"dJHDh1fUzR1o-UwpFfn1JyiF-0R1LCNFZReSb-gbgcE","miscellaneous":""},"schema":{"@context":"https:\/\/schema.org","@graph":[{"@type":"BlogPosting","@id":"https:\/\/lavozdelagente.com.ar\/index\/2026\/08\/12\/brasil-prepara-medidas-ante-los-posibles-impactos-de-el-nino\/#blogposting","name":"Brasil prepara medidas ante los posibles impactos de El Ni\u00f1o - LA VOZ DE LA GENTE","headline":"Brasil prepara medidas ante los posibles impactos de El Ni\u00f1o","author":{"@id":"https:\/\/lavozdelagente.com.ar\/index\/author\/rober\/#author"},"publisher":{"@id":"https:\/\/lavozdelagente.com.ar\/index\/#person"},"image":{"@type":"ImageObject","url":"https:\/\/lavozdelagente.com.ar\/wp-content\/uploads\/2026\/08\/impactos.avif","width":960,"height":540},"datePublished":"2026-08-12T20:56:00+00:00","dateModified":"2026-08-12T20:56:00+00:00","inLanguage":"es-ES","mainEntityOfPage":{"@id":"https:\/\/lavozdelagente.com.ar\/index\/2026\/08\/12\/brasil-prepara-medidas-ante-los-posibles-impactos-de-el-nino\/#webpage"},"isPartOf":{"@id":"https:\/\/lavozdelagente.com.ar\/index\/2026\/08\/12\/brasil-prepara-medidas-ante-los-posibles-impactos-de-el-nino\/#webpage"},"articleSection":"Varios"},{"@type":"BreadcrumbList","@id":"https:\/\/lavozdelagente.com.ar\/index\/2026\/08\/12\/brasil-prepara-medidas-ante-los-posibles-impactos-de-el-nino\/#breadcrumblist","itemListElement":[{"@type":"ListItem","@id":"https:\/\/lavozdelagente.com.ar\/index#listItem","position":1,"name":"Home","item":"https:\/\/lavozdelagente.com.ar\/index","nextItem":{"@type":"ListItem","@id":"https:\/\/lavozdelagente.com.ar\/index\/category\/varios\/#listItem","name":"Varios"}},{"@type":"ListItem","@id":"https:\/\/lavozdelagente.com.ar\/index\/category\/varios\/#listItem","position":2,"name":"Varios","item":"https:\/\/lavozdelagente.com.ar\/index\/category\/varios\/","nextItem":{"@type":"ListItem","@id":"https:\/\/lavozdelagente.com.ar\/index\/2026\/08\/12\/brasil-prepara-medidas-ante-los-posibles-impactos-de-el-nino\/#listItem","name":"Brasil prepara medidas ante los posibles impactos de El Ni\u00f1o"},"previousItem":{"@type":"ListItem","@id":"https:\/\/lavozdelagente.com.ar\/index#listItem","name":"Home"}},{"@type":"ListItem","@id":"https:\/\/lavozdelagente.com.ar\/index\/2026\/08\/12\/brasil-prepara-medidas-ante-los-posibles-impactos-de-el-nino\/#listItem","position":3,"name":"Brasil prepara medidas ante los posibles impactos de El Ni\u00f1o","previousItem":{"@type":"ListItem","@id":"https:\/\/lavozdelagente.com.ar\/index\/category\/varios\/#listItem","name":"Varios"}}]},{"@type":"Person","@id":"https:\/\/lavozdelagente.com.ar\/index\/author\/rober\/#author","url":"https:\/\/lavozdelagente.com.ar\/index\/author\/rober\/","name":"rober","image":{"@type":"ImageObject","@id":"https:\/\/lavozdelagente.com.ar\/index\/2026\/08\/12\/brasil-prepara-medidas-ante-los-posibles-impactos-de-el-nino\/#authorImage","url":"https:\/\/secure.gravatar.com\/avatar\/901a62cd098b11a08c5fe38d2de0f8ad6b745f5d4f6413ad71e1630ac07766e0?s=96&d=mm&r=g","width":96,"height":96,"caption":"rober"}},{"@type":"WebPage","@id":"https:\/\/lavozdelagente.com.ar\/index\/2026\/08\/12\/brasil-prepara-medidas-ante-los-posibles-impactos-de-el-nino\/#webpage","url":"https:\/\/lavozdelagente.com.ar\/index\/2026\/08\/12\/brasil-prepara-medidas-ante-los-posibles-impactos-de-el-nino\/","name":"Brasil prepara medidas ante los posibles impactos de El Ni\u00f1o - LA VOZ DE LA GENTE","description":"El Gobierno de Brasil prepara medidas para hacer frente a los distintos impactos que podr\u00eda provocar el fen\u00f3meno de El Ni\u00f1o en los pr\u00f3ximos meses, entre ellos lluvias intensas, sequ\u00edas, problemas de abastecimiento, riesgos para la log\u00edstica y el suministro energ\u00e9tico, as\u00ed como un posible aumento de enfermedades transmitidas por mosquitos, seg\u00fan un informe divulgado","inLanguage":"es-ES","isPartOf":{"@id":"https:\/\/lavozdelagente.com.ar\/index\/#website"},"breadcrumb":{"@id":"https:\/\/lavozdelagente.com.ar\/index\/2026\/08\/12\/brasil-prepara-medidas-ante-los-posibles-impactos-de-el-nino\/#breadcrumblist"},"author":{"@id":"https:\/\/lavozdelagente.com.ar\/index\/author\/rober\/#author"},"creator":{"@id":"https:\/\/lavozdelagente.com.ar\/index\/author\/rober\/#author"},"image":{"@type":"ImageObject","url":"https:\/\/lavozdelagente.com.ar\/wp-content\/uploads\/2026\/08\/impactos.avif","@id":"https:\/\/lavozdelagente.com.ar\/index\/2026\/08\/12\/brasil-prepara-medidas-ante-los-posibles-impactos-de-el-nino\/#mainImage","width":960,"height":540},"primaryImageOfPage":{"@id":"https:\/\/lavozdelagente.com.ar\/index\/2026\/08\/12\/brasil-prepara-medidas-ante-los-posibles-impactos-de-el-nino\/#mainImage"},"datePublished":"2026-08-12T20:56:00+00:00","dateModified":"2026-08-12T20:56:00+00:00"},{"@type":"WebSite","@id":"https:\/\/lavozdelagente.com.ar\/index\/#website","url":"https:\/\/lavozdelagente.com.ar\/index\/","name":"LA VOZ DE LA GENTE","description":"SDE","inLanguage":"es-ES","publisher":{"@id":"https:\/\/lavozdelagente.com.ar\/index\/#person"}}]},"og:locale":"es_ES","og:site_name":"LA VOZ DE LA GENTE - SDE","og:type":"article","og:title":"Brasil prepara medidas ante los posibles impactos de El Ni\u00f1o - LA VOZ DE LA GENTE","og:description":"El Gobierno de Brasil prepara medidas para hacer frente a los distintos impactos que podr\u00eda provocar el fen\u00f3meno de El Ni\u00f1o en los pr\u00f3ximos meses, entre ellos lluvias intensas, sequ\u00edas, problemas de abastecimiento, riesgos para la log\u00edstica y el suministro energ\u00e9tico, as\u00ed como un posible aumento de enfermedades transmitidas por mosquitos, seg\u00fan un informe divulgado","og:url":"https:\/\/lavozdelagente.com.ar\/index\/2026\/08\/12\/brasil-prepara-medidas-ante-los-posibles-impactos-de-el-nino\/","article:published_time":"2026-08-12T20:56:00+00:00","article:modified_time":"2026-08-12T20:56:00+00:00","twitter:card":"summary_large_image","twitter:title":"Brasil prepara medidas ante los posibles impactos de El Ni\u00f1o - LA VOZ DE LA GENTE","twitter:description":"El Gobierno de Brasil prepara medidas para hacer frente a los distintos impactos que podr\u00eda provocar el fen\u00f3meno de El Ni\u00f1o en los pr\u00f3ximos meses, entre ellos lluvias intensas, sequ\u00edas, problemas de abastecimiento, riesgos para la log\u00edstica y el suministro energ\u00e9tico, as\u00ed como un posible aumento de enfermedades transmitidas por mosquitos, seg\u00fan un informe divulgado"},"aioseo_meta_data":{"post_id":"3405","title":null,"description":null,"keywords":null,"keyphrases":{"focus":{"keyphrase":"","score":0,"analysis":{"keyphraseInTitle":{"score":0,"maxScore":9,"error":1}}},"additional":[]},"primary_term":null,"canonical_url":null,"og_title":null,"og_description":null,"og_object_type":"default","og_image_type":"default","og_image_url":null,"og_image_width":null,"og_image_height":null,"og_image_custom_url":null,"og_image_custom_fields":null,"og_video":"","og_custom_url":null,"og_article_section":null,"og_article_tags":null,"twitter_use_og":false,"twitter_card":"default","twitter_image_type":"default","twitter_image_url":null,"twitter_image_custom_url":null,"twitter_image_custom_fields":null,"twitter_title":null,"twitter_description":null,"schema":{"blockGraphs":[],"customGraphs":[],"default":{"data":{"Article":[],"Course":[],"Dataset":[],"FAQPage":[],"Movie":[],"Person":[],"Product":[],"ProductReview":[],"Car":[],"Recipe":[],"Service":[],"SoftwareApplication":[],"WebPage":[]},"graphName":"BlogPosting","isEnabled":true},"graphs":[]},"schema_type":"default","schema_type_options":null,"pillar_content":false,"robots_default":true,"robots_noindex":false,"robots_noarchive":false,"robots_nosnippet":false,"robots_nofollow":false,"robots_noimageindex":false,"robots_noodp":false,"robots_notranslate":false,"robots_max_snippet":"-1","robots_max_videopreview":"-1","robots_max_imagepreview":"large","priority":null,"frequency":"default","local_seo":null,"breadcrumb_settings":null,"limit_modified_date":false,"ai":{"faqs":[],"keyPoints":[],"schemas":[],"titles":[],"descriptions":[],"socialPosts":{"email":{"subject":"","preview":"","content":""},"linkedin":[],"twitter":[],"facebook":[],"instagram":[]}},"created":"2026-08-12 20:56:00","updated":"2026-08-13 20:21:40","seo_analyzer_scan_date":null,"focus_keyword":null,"additional_keywords":null,"truseo_locale":null},"aioseo_breadcrumb":"<div class=\"aioseo-breadcrumbs\"><span class=\"aioseo-breadcrumb\">\n\t\t\t<a href=\"https:\/\/lavozdelagente.com.ar\/index\" title=\"Home\">Home<\/a>\n\t\t<\/span><span class=\"aioseo-breadcrumb-separator\">&raquo;<\/span><span class=\"aioseo-breadcrumb\">\n\t\t\t<a href=\"https:\/\/lavozdelagente.com.ar\/index\/category\/varios\/\" title=\"Varios\">Varios<\/a>\n\t\t<\/span><span class=\"aioseo-breadcrumb-separator\">&raquo;<\/span><span class=\"aioseo-breadcrumb\">\n\t\t\tBrasil prepara medidas ante los posibles impactos de El Ni\u00f1o\n\t\t<\/span><\/div>","aioseo_breadcrumb_json":[{"label":"Home","link":"https:\/\/lavozdelagente.com.ar\/index"},{"label":"Varios","link":"https:\/\/lavozdelagente.com.ar\/index\/category\/varios\/"},{"label":"Brasil prepara medidas ante los posibles impactos de El Ni\u00f1o","link":"https:\/\/lavozdelagente.com.ar\/index\/2026\/08\/12\/brasil-prepara-medidas-ante-los-posibles-impactos-de-el-nino\/"}],"rttpg_featured_image_url":{"full":["https:\/\/lavozdelagente.com.ar\/wp-content\/uploads\/2026\/08\/impactos.avif",960,540,false],"landscape":["https:\/\/lavozdelagente.com.ar\/wp-content\/uploads\/2026\/08\/impactos.avif",960,540,false],"portraits":["https:\/\/lavozdelagente.com.ar\/wp-content\/uploads\/2026\/08\/impactos.avif",960,540,false],"thumbnail":["https:\/\/lavozdelagente.com.ar\/wp-content\/uploads\/2026\/08\/impactos-150x150.avif",150,150,true],"medium":["https:\/\/lavozdelagente.com.ar\/wp-content\/uploads\/2026\/08\/impactos-300x169.avif",300,169,true],"large":["https:\/\/lavozdelagente.com.ar\/wp-content\/uploads\/2026\/08\/impactos.avif",800,450,false],"1536x1536":["https:\/\/lavozdelagente.com.ar\/wp-content\/uploads\/2026\/08\/impactos.avif",960,540,false],"2048x2048":["https:\/\/lavozdelagente.com.ar\/wp-content\/uploads\/2026\/08\/impactos.avif",960,540,false],"colormag-highlighted-post":["https:\/\/lavozdelagente.com.ar\/wp-content\/uploads\/2026\/08\/impactos-392x272.avif",392,272,true],"colormag-featured-post-medium":["https:\/\/lavozdelagente.com.ar\/wp-content\/uploads\/2026\/08\/impactos-390x205.avif",390,205,true],"colormag-featured-post-small":["https:\/\/lavozdelagente.com.ar\/wp-content\/uploads\/2026\/08\/impactos-130x90.avif",130,90,true],"colormag-featured-image":["https:\/\/lavozdelagente.com.ar\/wp-content\/uploads\/2026\/08\/impactos-800x445.avif",800,445,true],"colormag-default-news":["https:\/\/lavozdelagente.com.ar\/wp-content\/uploads\/2026\/08\/impactos-150x150.avif",150,150,true],"colormag-featured-image-large":["https:\/\/lavozdelagente.com.ar\/wp-content\/uploads\/2026\/08\/impactos.avif",960,540,false]},"rttpg_author":{"display_name":"rober","author_link":"https:\/\/lavozdelagente.com.ar\/index\/author\/rober\/"},"rttpg_comment":0,"rttpg_category":"<a href=\"https:\/\/lavozdelagente.com.ar\/index\/category\/varios\/\" rel=\"category tag\">Varios<\/a>","rttpg_excerpt":"El Gobierno de Brasil prepara medidas para hacer frente a los distintos impactos que podr\u00eda provocar el fen\u00f3meno de El","_links":{"self":[{"href":"https:\/\/lavozdelagente.com.ar\/index\/wp-json\/wp\/v2\/posts\/3405","targetHints":{"allow":["GET"]}}],"collection":[{"href":"https:\/\/lavozdelagente.com.ar\/index\/wp-json\/wp\/v2\/posts"}],"about":[{"href":"https:\/\/lavozdelagente.com.ar\/index\/wp-json\/wp\/v2\/types\/post"}],"author":[{"embeddable":true,"href":"https:\/\/lavozdelagente.com.ar\/index\/wp-json\/wp\/v2\/users\/2"}],"replies":[{"embeddable":true,"href":"https:\/\/lavozdelagente.com.ar\/index\/wp-json\/wp\/v2\/comments?post=3405"}],"version-history":[{"count":1,"href":"https:\/\/lavozdelagente.com.ar\/index\/wp-json\/wp\/v2\/posts\/3405\/revisions"}],"predecessor-version":[{"id":3407,"href":"https:\/\/lavozdelagente.com.ar\/index\/wp-json\/wp\/v2\/posts\/3405\/revisions\/3407"}],"wp:featuredmedia":[{"embeddable":true,"href":"https:\/\/lavozdelagente.com.ar\/index\/wp-json\/wp\/v2\/media\/3406"}],"wp:attachment":[{"href":"https:\/\/lavozdelagente.com.ar\/index\/wp-json\/wp\/v2\/media?parent=3405"}],"wp:term":[{"taxonomy":"category","embeddable":true,"href":"https:\/\/lavozdelagente.com.ar\/index\/wp-json\/wp\/v2\/categories?post=3405"},{"taxonomy":"post_tag","embeddable":true,"href":"https:\/\/lavozdelagente.com.ar\/index\/wp-json\/wp\/v2\/tags?post=3405"}],"curies":[{"name":"wp","href":"https:\/\/api.w.org\/{rel}","templated":true}]}}