{"id":3416,"date":"2026-08-13T20:27:10","date_gmt":"2026-08-13T20:27:10","guid":{"rendered":"https:\/\/lavozdelagente.com.ar\/index\/?p=3416"},"modified":"2026-08-13T20:27:10","modified_gmt":"2026-08-13T20:27:10","slug":"la-caf-respaldo-a-infantino-y-pidio-que-decidan-su-continuidad-en-las-elecciones-de-2027","status":"publish","type":"post","link":"https:\/\/lavozdelagente.com.ar\/index\/2026\/08\/13\/la-caf-respaldo-a-infantino-y-pidio-que-decidan-su-continuidad-en-las-elecciones-de-2027\/","title":{"rendered":"La CAF respald\u00f3 a Infantino y pidi\u00f3 que decidan su continuidad en las elecciones de 2027"},"content":{"rendered":"<p>El presidente de la Confederaci\u00f3n Africana de F\u00fatbol (CAF), Patrice Motsepe, volvi\u00f3 a respaldar a Gianni Infantino en medio de la creciente disputa por el futuro de la FIFA y pidi\u00f3 que cualquier intento de desplazar al actual titular del organismo se resuelva mediante las elecciones previstas para marzo de 2027.<\/p>\n<p>\u201cSi alguien tiene un problema con quien sea, ya sea Gianni o cualquier otro, que siga los procesos de la FIFA, es tan simple como eso\u201d, afirm\u00f3 Motsepe en di\u00e1logo con Sky News.<\/p>\n<p>A su vez, Motsepe agreg\u00f3: \u201cSi quieren destituirlo, hay que pasar por las elecciones. Dejen que las 211 asociaciones miembro (de la FIFA) decidan\u201d.<\/p>\n<p>Los tres candidatos para reemplazar a Quinteros en Independiente<br \/>\nLa postura del dirigente sudafricano se produce mientras la UEFA, la Concacaf y la Confederaci\u00f3n Asi\u00e1tica de F\u00fatbol (AFC) cuestionaron el rumbo de Infantino y reclaman cambios en la conducci\u00f3n de la FIFA.<\/p>\n<p>El proyecto Forward Enterprise, que contempla la incorporaci\u00f3n de inversores privados a la estructura del organismo, provoc\u00f3 un fuerte rechazo entre distintos sectores del f\u00fatbol internacional.<\/p>\n<p>En ese escenario, Motsepe pidi\u00f3 cautela y record\u00f3 la proximidad de las elecciones: \u201cHay que ser muy prudente. Hay elecciones el a\u00f1o que viene. \u00bfNo deber\u00edamos dejar que el proceso siga su curso?\u201d, sostuvo.<\/p>\n<p>La votaci\u00f3n se realizar\u00e1 en marzo en Rabat, Marruecos, y, por ahora, Infantino es el \u00fanico candidato declarado, a pesar de los rumores sobre otros posibles opositores.<\/p>\n<p>\u201cEsta fue mi Copa del Mundo\u201d: el dardo de Omar Artan a la FIFA tras arbitrar la Supercopa de Europa<br \/>\nEl presidente de la FIFA tambi\u00e9n recibi\u00f3 el respaldo de Donald Trump, quien afirm\u00f3 en sus redes sociales que \u201cla FIFA cometer\u00eda un terrible error si, por cualquier motivo, siquiera considerara reemplazar al Presidente Gianni Infantino\u201d y destac\u00f3 el Mundial 2026, disputado en Estados Unidos, M\u00e9xico y Canad\u00e1.<\/p>\n<p>Trump sostuvo que Infantino \u201cpresidi\u00f3 justo el Mundial m\u00e1s exitoso\u201d y advirti\u00f3: \u201cSi \u00e9l se va, \u00a1nunca volver\u00e1 a ser tan exitoso o rentable!\u201d.<\/p>\n<p>La Federaci\u00f3n Irlandesa fue la \u00faltima asociaci\u00f3n nacional en retirar p\u00fablicamente su respaldo a Infantino.<\/p>\n<p>Varias federaciones europeas tambi\u00e9n apoyan la postura de la UEFA, que incluso analiza boicotear competencias de la FIFA mientras el suizo-italiano contin\u00fae al frente.<\/p>\n<p>Para renovar su mandato por cuatro a\u00f1os, Infantino deber\u00e1 obtener la mayor\u00eda de los 211 votos.<\/p>\n<p>AgenciaNA<\/p>\n","protected":false},"excerpt":{"rendered":"<p>El presidente de la Confederaci\u00f3n Africana de F\u00fatbol (CAF), Patrice Motsepe, volvi\u00f3 a respaldar a Gianni Infantino en medio de<\/p>\n","protected":false},"author":2,"featured_media":3417,"comment_status":"open","ping_status":"open","sticky":false,"template":"","format":"standard","meta":{"colormag_page_container_layout":"default_layout","colormag_page_sidebar_layout":"default_layout","om_disable_all_campaigns":false,"_monsterinsights_skip_tracking":false,"footnotes":""},"categories":[5],"tags":[],"class_list":["post-3416","post","type-post","status-publish","format-standard","has-post-thumbnail","hentry","category-deportes"],"aioseo_notices":[],"aioseo_head":"\n\t\t<!-- All in One SEO 5.0.1.1 - aioseo.com -->\n\t<meta name=\"description\" content=\"El presidente de la Confederaci\u00f3n Africana de F\u00fatbol (CAF), Patrice Motsepe, volvi\u00f3 a respaldar a Gianni Infantino en medio de la creciente disputa por el futuro de la FIFA y pidi\u00f3 que cualquier intento de desplazar al actual titular del organismo se resuelva mediante las elecciones previstas para marzo de 2027. \u201cSi alguien tiene un\" \/>\n\t<meta name=\"robots\" content=\"max-image-preview:large\" \/>\n\t<meta name=\"author\" content=\"rober\"\/>\n\t<meta name=\"google-site-verification\" content=\"dJHDh1fUzR1o-UwpFfn1JyiF-0R1LCNFZReSb-gbgcE\" \/>\n\t<link rel=\"canonical\" href=\"https:\/\/lavozdelagente.com.ar\/index\/2026\/08\/13\/la-caf-respaldo-a-infantino-y-pidio-que-decidan-su-continuidad-en-las-elecciones-de-2027\/\" \/>\n\t<meta name=\"generator\" content=\"All in One SEO (AIOSEO) 5.0.1.1\" \/>\n\t\t<meta property=\"og:locale\" content=\"es_ES\" \/>\n\t\t<meta property=\"og:site_name\" content=\"LA VOZ DE LA GENTE - SDE\" \/>\n\t\t<meta property=\"og:type\" content=\"article\" \/>\n\t\t<meta property=\"og:title\" content=\"La CAF respald\u00f3 a Infantino y pidi\u00f3 que decidan su continuidad en las elecciones de 2027 - LA VOZ DE LA GENTE\" \/>\n\t\t<meta property=\"og:description\" content=\"El presidente de la Confederaci\u00f3n Africana de F\u00fatbol (CAF), Patrice Motsepe, volvi\u00f3 a respaldar a Gianni Infantino en medio de la creciente disputa por el futuro de la FIFA y pidi\u00f3 que cualquier intento de desplazar al actual titular del organismo se resuelva mediante las elecciones previstas para marzo de 2027. \u201cSi alguien tiene un\" \/>\n\t\t<meta property=\"og:url\" content=\"https:\/\/lavozdelagente.com.ar\/index\/2026\/08\/13\/la-caf-respaldo-a-infantino-y-pidio-que-decidan-su-continuidad-en-las-elecciones-de-2027\/\" \/>\n\t\t<meta property=\"article:published_time\" content=\"2026-08-13T20:27:10+00:00\" \/>\n\t\t<meta property=\"article:modified_time\" content=\"2026-08-13T20:27:10+00:00\" \/>\n\t\t<meta name=\"twitter:card\" content=\"summary_large_image\" \/>\n\t\t<meta name=\"twitter:title\" content=\"La CAF respald\u00f3 a Infantino y pidi\u00f3 que decidan su continuidad en las elecciones de 2027 - LA VOZ DE LA GENTE\" \/>\n\t\t<meta name=\"twitter:description\" content=\"El presidente de la Confederaci\u00f3n Africana de F\u00fatbol (CAF), Patrice Motsepe, volvi\u00f3 a respaldar a Gianni Infantino en medio de la creciente disputa por el futuro de la FIFA y pidi\u00f3 que cualquier intento de desplazar al actual titular del organismo se resuelva mediante las elecciones previstas para marzo de 2027. \u201cSi alguien tiene un\" \/>\n\t\t<script type=\"application\/ld+json\" class=\"aioseo-schema\">\n\t\t\t{\"@context\":\"https:\\\/\\\/schema.org\",\"@graph\":[{\"@type\":\"BlogPosting\",\"@id\":\"https:\\\/\\\/lavozdelagente.com.ar\\\/index\\\/2026\\\/08\\\/13\\\/la-caf-respaldo-a-infantino-y-pidio-que-decidan-su-continuidad-en-las-elecciones-de-2027\\\/#blogposting\",\"name\":\"La CAF respald\\u00f3 a Infantino y pidi\\u00f3 que decidan su continuidad en las elecciones de 2027 - LA VOZ DE LA GENTE\",\"headline\":\"La CAF respald\\u00f3 a Infantino y pidi\\u00f3 que decidan su continuidad en las elecciones de 2027\",\"author\":{\"@id\":\"https:\\\/\\\/lavozdelagente.com.ar\\\/index\\\/author\\\/rober\\\/#author\"},\"publisher\":{\"@id\":\"https:\\\/\\\/lavozdelagente.com.ar\\\/index\\\/#person\"},\"image\":{\"@type\":\"ImageObject\",\"url\":\"https:\\\/\\\/lavozdelagente.com.ar\\\/wp-content\\\/uploads\\\/2026\\\/08\\\/Infantino.avif\",\"width\":640,\"height\":360},\"datePublished\":\"2026-08-13T20:27:10+00:00\",\"dateModified\":\"2026-08-13T20:27:10+00:00\",\"inLanguage\":\"es-ES\",\"mainEntityOfPage\":{\"@id\":\"https:\\\/\\\/lavozdelagente.com.ar\\\/index\\\/2026\\\/08\\\/13\\\/la-caf-respaldo-a-infantino-y-pidio-que-decidan-su-continuidad-en-las-elecciones-de-2027\\\/#webpage\"},\"isPartOf\":{\"@id\":\"https:\\\/\\\/lavozdelagente.com.ar\\\/index\\\/2026\\\/08\\\/13\\\/la-caf-respaldo-a-infantino-y-pidio-que-decidan-su-continuidad-en-las-elecciones-de-2027\\\/#webpage\"},\"articleSection\":\"Deportes\"},{\"@type\":\"BreadcrumbList\",\"@id\":\"https:\\\/\\\/lavozdelagente.com.ar\\\/index\\\/2026\\\/08\\\/13\\\/la-caf-respaldo-a-infantino-y-pidio-que-decidan-su-continuidad-en-las-elecciones-de-2027\\\/#breadcrumblist\",\"itemListElement\":[{\"@type\":\"ListItem\",\"@id\":\"https:\\\/\\\/lavozdelagente.com.ar\\\/index#listItem\",\"position\":1,\"name\":\"Home\",\"item\":\"https:\\\/\\\/lavozdelagente.com.ar\\\/index\",\"nextItem\":{\"@type\":\"ListItem\",\"@id\":\"https:\\\/\\\/lavozdelagente.com.ar\\\/index\\\/category\\\/deportes\\\/#listItem\",\"name\":\"Deportes\"}},{\"@type\":\"ListItem\",\"@id\":\"https:\\\/\\\/lavozdelagente.com.ar\\\/index\\\/category\\\/deportes\\\/#listItem\",\"position\":2,\"name\":\"Deportes\",\"item\":\"https:\\\/\\\/lavozdelagente.com.ar\\\/index\\\/category\\\/deportes\\\/\",\"nextItem\":{\"@type\":\"ListItem\",\"@id\":\"https:\\\/\\\/lavozdelagente.com.ar\\\/index\\\/2026\\\/08\\\/13\\\/la-caf-respaldo-a-infantino-y-pidio-que-decidan-su-continuidad-en-las-elecciones-de-2027\\\/#listItem\",\"name\":\"La CAF respald\\u00f3 a Infantino y pidi\\u00f3 que decidan su continuidad en las elecciones de 2027\"},\"previousItem\":{\"@type\":\"ListItem\",\"@id\":\"https:\\\/\\\/lavozdelagente.com.ar\\\/index#listItem\",\"name\":\"Home\"}},{\"@type\":\"ListItem\",\"@id\":\"https:\\\/\\\/lavozdelagente.com.ar\\\/index\\\/2026\\\/08\\\/13\\\/la-caf-respaldo-a-infantino-y-pidio-que-decidan-su-continuidad-en-las-elecciones-de-2027\\\/#listItem\",\"position\":3,\"name\":\"La CAF respald\\u00f3 a Infantino y pidi\\u00f3 que decidan su continuidad en las elecciones de 2027\",\"previousItem\":{\"@type\":\"ListItem\",\"@id\":\"https:\\\/\\\/lavozdelagente.com.ar\\\/index\\\/category\\\/deportes\\\/#listItem\",\"name\":\"Deportes\"}}]},{\"@type\":\"Person\",\"@id\":\"https:\\\/\\\/lavozdelagente.com.ar\\\/index\\\/author\\\/rober\\\/#author\",\"url\":\"https:\\\/\\\/lavozdelagente.com.ar\\\/index\\\/author\\\/rober\\\/\",\"name\":\"rober\",\"image\":{\"@type\":\"ImageObject\",\"@id\":\"https:\\\/\\\/lavozdelagente.com.ar\\\/index\\\/2026\\\/08\\\/13\\\/la-caf-respaldo-a-infantino-y-pidio-que-decidan-su-continuidad-en-las-elecciones-de-2027\\\/#authorImage\",\"url\":\"https:\\\/\\\/secure.gravatar.com\\\/avatar\\\/901a62cd098b11a08c5fe38d2de0f8ad6b745f5d4f6413ad71e1630ac07766e0?s=96&d=mm&r=g\",\"width\":96,\"height\":96,\"caption\":\"rober\"}},{\"@type\":\"WebPage\",\"@id\":\"https:\\\/\\\/lavozdelagente.com.ar\\\/index\\\/2026\\\/08\\\/13\\\/la-caf-respaldo-a-infantino-y-pidio-que-decidan-su-continuidad-en-las-elecciones-de-2027\\\/#webpage\",\"url\":\"https:\\\/\\\/lavozdelagente.com.ar\\\/index\\\/2026\\\/08\\\/13\\\/la-caf-respaldo-a-infantino-y-pidio-que-decidan-su-continuidad-en-las-elecciones-de-2027\\\/\",\"name\":\"La CAF respald\\u00f3 a Infantino y pidi\\u00f3 que decidan su continuidad en las elecciones de 2027 - LA VOZ DE LA GENTE\",\"description\":\"El presidente de la Confederaci\\u00f3n Africana de F\\u00fatbol (CAF), Patrice Motsepe, volvi\\u00f3 a respaldar a Gianni Infantino en medio de la creciente disputa por el futuro de la FIFA y pidi\\u00f3 que cualquier intento de desplazar al actual titular del organismo se resuelva mediante las elecciones previstas para marzo de 2027. \\u201cSi alguien tiene un\",\"inLanguage\":\"es-ES\",\"isPartOf\":{\"@id\":\"https:\\\/\\\/lavozdelagente.com.ar\\\/index\\\/#website\"},\"breadcrumb\":{\"@id\":\"https:\\\/\\\/lavozdelagente.com.ar\\\/index\\\/2026\\\/08\\\/13\\\/la-caf-respaldo-a-infantino-y-pidio-que-decidan-su-continuidad-en-las-elecciones-de-2027\\\/#breadcrumblist\"},\"author\":{\"@id\":\"https:\\\/\\\/lavozdelagente.com.ar\\\/index\\\/author\\\/rober\\\/#author\"},\"creator\":{\"@id\":\"https:\\\/\\\/lavozdelagente.com.ar\\\/index\\\/author\\\/rober\\\/#author\"},\"image\":{\"@type\":\"ImageObject\",\"url\":\"https:\\\/\\\/lavozdelagente.com.ar\\\/wp-content\\\/uploads\\\/2026\\\/08\\\/Infantino.avif\",\"@id\":\"https:\\\/\\\/lavozdelagente.com.ar\\\/index\\\/2026\\\/08\\\/13\\\/la-caf-respaldo-a-infantino-y-pidio-que-decidan-su-continuidad-en-las-elecciones-de-2027\\\/#mainImage\",\"width\":640,\"height\":360},\"primaryImageOfPage\":{\"@id\":\"https:\\\/\\\/lavozdelagente.com.ar\\\/index\\\/2026\\\/08\\\/13\\\/la-caf-respaldo-a-infantino-y-pidio-que-decidan-su-continuidad-en-las-elecciones-de-2027\\\/#mainImage\"},\"datePublished\":\"2026-08-13T20:27:10+00:00\",\"dateModified\":\"2026-08-13T20:27:10+00:00\"},{\"@type\":\"WebSite\",\"@id\":\"https:\\\/\\\/lavozdelagente.com.ar\\\/index\\\/#website\",\"url\":\"https:\\\/\\\/lavozdelagente.com.ar\\\/index\\\/\",\"name\":\"LA VOZ DE LA GENTE\",\"description\":\"SDE\",\"inLanguage\":\"es-ES\",\"publisher\":{\"@id\":\"https:\\\/\\\/lavozdelagente.com.ar\\\/index\\\/#person\"}}]}\n\t\t<\/script>\n\t\t<!-- All in One SEO -->\n\n","aioseo_head_json":{"title":"La CAF respald\u00f3 a Infantino y pidi\u00f3 que decidan su continuidad en las elecciones de 2027 - LA VOZ DE LA GENTE","description":"El presidente de la Confederaci\u00f3n Africana de F\u00fatbol (CAF), Patrice Motsepe, volvi\u00f3 a respaldar a Gianni Infantino en medio de la creciente disputa por el futuro de la FIFA y pidi\u00f3 que cualquier intento de desplazar al actual titular del organismo se resuelva mediante las elecciones previstas para marzo de 2027. \u201cSi alguien tiene un","canonical_url":"https:\/\/lavozdelagente.com.ar\/index\/2026\/08\/13\/la-caf-respaldo-a-infantino-y-pidio-que-decidan-su-continuidad-en-las-elecciones-de-2027\/","robots":"max-image-preview:large","keywords":"","webmasterTools":{"google-site-verification":"dJHDh1fUzR1o-UwpFfn1JyiF-0R1LCNFZReSb-gbgcE","miscellaneous":""},"schema":{"@context":"https:\/\/schema.org","@graph":[{"@type":"BlogPosting","@id":"https:\/\/lavozdelagente.com.ar\/index\/2026\/08\/13\/la-caf-respaldo-a-infantino-y-pidio-que-decidan-su-continuidad-en-las-elecciones-de-2027\/#blogposting","name":"La CAF respald\u00f3 a Infantino y pidi\u00f3 que decidan su continuidad en las elecciones de 2027 - LA VOZ DE LA GENTE","headline":"La CAF respald\u00f3 a Infantino y pidi\u00f3 que decidan su continuidad en las elecciones de 2027","author":{"@id":"https:\/\/lavozdelagente.com.ar\/index\/author\/rober\/#author"},"publisher":{"@id":"https:\/\/lavozdelagente.com.ar\/index\/#person"},"image":{"@type":"ImageObject","url":"https:\/\/lavozdelagente.com.ar\/wp-content\/uploads\/2026\/08\/Infantino.avif","width":640,"height":360},"datePublished":"2026-08-13T20:27:10+00:00","dateModified":"2026-08-13T20:27:10+00:00","inLanguage":"es-ES","mainEntityOfPage":{"@id":"https:\/\/lavozdelagente.com.ar\/index\/2026\/08\/13\/la-caf-respaldo-a-infantino-y-pidio-que-decidan-su-continuidad-en-las-elecciones-de-2027\/#webpage"},"isPartOf":{"@id":"https:\/\/lavozdelagente.com.ar\/index\/2026\/08\/13\/la-caf-respaldo-a-infantino-y-pidio-que-decidan-su-continuidad-en-las-elecciones-de-2027\/#webpage"},"articleSection":"Deportes"},{"@type":"BreadcrumbList","@id":"https:\/\/lavozdelagente.com.ar\/index\/2026\/08\/13\/la-caf-respaldo-a-infantino-y-pidio-que-decidan-su-continuidad-en-las-elecciones-de-2027\/#breadcrumblist","itemListElement":[{"@type":"ListItem","@id":"https:\/\/lavozdelagente.com.ar\/index#listItem","position":1,"name":"Home","item":"https:\/\/lavozdelagente.com.ar\/index","nextItem":{"@type":"ListItem","@id":"https:\/\/lavozdelagente.com.ar\/index\/category\/deportes\/#listItem","name":"Deportes"}},{"@type":"ListItem","@id":"https:\/\/lavozdelagente.com.ar\/index\/category\/deportes\/#listItem","position":2,"name":"Deportes","item":"https:\/\/lavozdelagente.com.ar\/index\/category\/deportes\/","nextItem":{"@type":"ListItem","@id":"https:\/\/lavozdelagente.com.ar\/index\/2026\/08\/13\/la-caf-respaldo-a-infantino-y-pidio-que-decidan-su-continuidad-en-las-elecciones-de-2027\/#listItem","name":"La CAF respald\u00f3 a Infantino y pidi\u00f3 que decidan su continuidad en las elecciones de 2027"},"previousItem":{"@type":"ListItem","@id":"https:\/\/lavozdelagente.com.ar\/index#listItem","name":"Home"}},{"@type":"ListItem","@id":"https:\/\/lavozdelagente.com.ar\/index\/2026\/08\/13\/la-caf-respaldo-a-infantino-y-pidio-que-decidan-su-continuidad-en-las-elecciones-de-2027\/#listItem","position":3,"name":"La CAF respald\u00f3 a Infantino y pidi\u00f3 que decidan su continuidad en las elecciones de 2027","previousItem":{"@type":"ListItem","@id":"https:\/\/lavozdelagente.com.ar\/index\/category\/deportes\/#listItem","name":"Deportes"}}]},{"@type":"Person","@id":"https:\/\/lavozdelagente.com.ar\/index\/author\/rober\/#author","url":"https:\/\/lavozdelagente.com.ar\/index\/author\/rober\/","name":"rober","image":{"@type":"ImageObject","@id":"https:\/\/lavozdelagente.com.ar\/index\/2026\/08\/13\/la-caf-respaldo-a-infantino-y-pidio-que-decidan-su-continuidad-en-las-elecciones-de-2027\/#authorImage","url":"https:\/\/secure.gravatar.com\/avatar\/901a62cd098b11a08c5fe38d2de0f8ad6b745f5d4f6413ad71e1630ac07766e0?s=96&d=mm&r=g","width":96,"height":96,"caption":"rober"}},{"@type":"WebPage","@id":"https:\/\/lavozdelagente.com.ar\/index\/2026\/08\/13\/la-caf-respaldo-a-infantino-y-pidio-que-decidan-su-continuidad-en-las-elecciones-de-2027\/#webpage","url":"https:\/\/lavozdelagente.com.ar\/index\/2026\/08\/13\/la-caf-respaldo-a-infantino-y-pidio-que-decidan-su-continuidad-en-las-elecciones-de-2027\/","name":"La CAF respald\u00f3 a Infantino y pidi\u00f3 que decidan su continuidad en las elecciones de 2027 - LA VOZ DE LA GENTE","description":"El presidente de la Confederaci\u00f3n Africana de F\u00fatbol (CAF), Patrice Motsepe, volvi\u00f3 a respaldar a Gianni Infantino en medio de la creciente disputa por el futuro de la FIFA y pidi\u00f3 que cualquier intento de desplazar al actual titular del organismo se resuelva mediante las elecciones previstas para marzo de 2027. \u201cSi alguien tiene un","inLanguage":"es-ES","isPartOf":{"@id":"https:\/\/lavozdelagente.com.ar\/index\/#website"},"breadcrumb":{"@id":"https:\/\/lavozdelagente.com.ar\/index\/2026\/08\/13\/la-caf-respaldo-a-infantino-y-pidio-que-decidan-su-continuidad-en-las-elecciones-de-2027\/#breadcrumblist"},"author":{"@id":"https:\/\/lavozdelagente.com.ar\/index\/author\/rober\/#author"},"creator":{"@id":"https:\/\/lavozdelagente.com.ar\/index\/author\/rober\/#author"},"image":{"@type":"ImageObject","url":"https:\/\/lavozdelagente.com.ar\/wp-content\/uploads\/2026\/08\/Infantino.avif","@id":"https:\/\/lavozdelagente.com.ar\/index\/2026\/08\/13\/la-caf-respaldo-a-infantino-y-pidio-que-decidan-su-continuidad-en-las-elecciones-de-2027\/#mainImage","width":640,"height":360},"primaryImageOfPage":{"@id":"https:\/\/lavozdelagente.com.ar\/index\/2026\/08\/13\/la-caf-respaldo-a-infantino-y-pidio-que-decidan-su-continuidad-en-las-elecciones-de-2027\/#mainImage"},"datePublished":"2026-08-13T20:27:10+00:00","dateModified":"2026-08-13T20:27:10+00:00"},{"@type":"WebSite","@id":"https:\/\/lavozdelagente.com.ar\/index\/#website","url":"https:\/\/lavozdelagente.com.ar\/index\/","name":"LA VOZ DE LA GENTE","description":"SDE","inLanguage":"es-ES","publisher":{"@id":"https:\/\/lavozdelagente.com.ar\/index\/#person"}}]},"og:locale":"es_ES","og:site_name":"LA VOZ DE LA GENTE - SDE","og:type":"article","og:title":"La CAF respald\u00f3 a Infantino y pidi\u00f3 que decidan su continuidad en las elecciones de 2027 - LA VOZ DE LA GENTE","og:description":"El presidente de la Confederaci\u00f3n Africana de F\u00fatbol (CAF), Patrice Motsepe, volvi\u00f3 a respaldar a Gianni Infantino en medio de la creciente disputa por el futuro de la FIFA y pidi\u00f3 que cualquier intento de desplazar al actual titular del organismo se resuelva mediante las elecciones previstas para marzo de 2027. \u201cSi alguien tiene un","og:url":"https:\/\/lavozdelagente.com.ar\/index\/2026\/08\/13\/la-caf-respaldo-a-infantino-y-pidio-que-decidan-su-continuidad-en-las-elecciones-de-2027\/","article:published_time":"2026-08-13T20:27:10+00:00","article:modified_time":"2026-08-13T20:27:10+00:00","twitter:card":"summary_large_image","twitter:title":"La CAF respald\u00f3 a Infantino y pidi\u00f3 que decidan su continuidad en las elecciones de 2027 - LA VOZ DE LA GENTE","twitter:description":"El presidente de la Confederaci\u00f3n Africana de F\u00fatbol (CAF), Patrice Motsepe, volvi\u00f3 a respaldar a Gianni Infantino en medio de la creciente disputa por el futuro de la FIFA y pidi\u00f3 que cualquier intento de desplazar al actual titular del organismo se resuelva mediante las elecciones previstas para marzo de 2027. \u201cSi alguien tiene un"},"aioseo_meta_data":{"post_id":"3416","title":null,"description":null,"keywords":null,"keyphrases":{"focus":{"keyphrase":"","score":0,"analysis":{"keyphraseInTitle":{"score":0,"maxScore":9,"error":1}}},"additional":[]},"primary_term":null,"canonical_url":null,"og_title":null,"og_description":null,"og_object_type":"default","og_image_type":"default","og_image_url":null,"og_image_width":null,"og_image_height":null,"og_image_custom_url":null,"og_image_custom_fields":null,"og_video":"","og_custom_url":null,"og_article_section":null,"og_article_tags":null,"twitter_use_og":false,"twitter_card":"default","twitter_image_type":"default","twitter_image_url":null,"twitter_image_custom_url":null,"twitter_image_custom_fields":null,"twitter_title":null,"twitter_description":null,"schema":{"blockGraphs":[],"customGraphs":[],"default":{"data":{"Article":[],"Course":[],"Dataset":[],"FAQPage":[],"Movie":[],"Person":[],"Product":[],"ProductReview":[],"Car":[],"Recipe":[],"Service":[],"SoftwareApplication":[],"WebPage":[]},"graphName":"BlogPosting","isEnabled":true},"graphs":[]},"schema_type":"default","schema_type_options":null,"pillar_content":false,"robots_default":true,"robots_noindex":false,"robots_noarchive":false,"robots_nosnippet":false,"robots_nofollow":false,"robots_noimageindex":false,"robots_noodp":false,"robots_notranslate":false,"robots_max_snippet":"-1","robots_max_videopreview":"-1","robots_max_imagepreview":"large","priority":null,"frequency":"default","local_seo":null,"breadcrumb_settings":null,"limit_modified_date":false,"ai":{"faqs":[],"keyPoints":[],"schemas":[],"titles":[],"descriptions":[],"socialPosts":{"email":{"subject":"","preview":"","content":""},"linkedin":[],"twitter":[],"facebook":[],"instagram":[]}},"created":"2026-08-13 20:27:10","updated":"2026-08-14 19:03:34","seo_analyzer_scan_date":null,"focus_keyword":null,"additional_keywords":null,"truseo_locale":null},"aioseo_breadcrumb":"<div class=\"aioseo-breadcrumbs\"><span class=\"aioseo-breadcrumb\">\n\t\t\t<a href=\"https:\/\/lavozdelagente.com.ar\/index\" title=\"Home\">Home<\/a>\n\t\t<\/span><span class=\"aioseo-breadcrumb-separator\">&raquo;<\/span><span class=\"aioseo-breadcrumb\">\n\t\t\t<a href=\"https:\/\/lavozdelagente.com.ar\/index\/category\/deportes\/\" title=\"Deportes\">Deportes<\/a>\n\t\t<\/span><span class=\"aioseo-breadcrumb-separator\">&raquo;<\/span><span class=\"aioseo-breadcrumb\">\n\t\t\tLa CAF respald\u00f3 a Infantino y pidi\u00f3 que decidan su continuidad en las elecciones de 2027\n\t\t<\/span><\/div>","aioseo_breadcrumb_json":[{"label":"Home","link":"https:\/\/lavozdelagente.com.ar\/index"},{"label":"Deportes","link":"https:\/\/lavozdelagente.com.ar\/index\/category\/deportes\/"},{"label":"La CAF respald\u00f3 a Infantino y pidi\u00f3 que decidan su continuidad en las elecciones de 2027","link":"https:\/\/lavozdelagente.com.ar\/index\/2026\/08\/13\/la-caf-respaldo-a-infantino-y-pidio-que-decidan-su-continuidad-en-las-elecciones-de-2027\/"}],"rttpg_featured_image_url":{"full":["https:\/\/lavozdelagente.com.ar\/wp-content\/uploads\/2026\/08\/Infantino.avif",640,360,false],"landscape":["https:\/\/lavozdelagente.com.ar\/wp-content\/uploads\/2026\/08\/Infantino.avif",640,360,false],"portraits":["https:\/\/lavozdelagente.com.ar\/wp-content\/uploads\/2026\/08\/Infantino.avif",640,360,false],"thumbnail":["https:\/\/lavozdelagente.com.ar\/wp-content\/uploads\/2026\/08\/Infantino-150x150.avif",150,150,true],"medium":["https:\/\/lavozdelagente.com.ar\/wp-content\/uploads\/2026\/08\/Infantino-300x169.avif",300,169,true],"large":["https:\/\/lavozdelagente.com.ar\/wp-content\/uploads\/2026\/08\/Infantino.avif",640,360,false],"1536x1536":["https:\/\/lavozdelagente.com.ar\/wp-content\/uploads\/2026\/08\/Infantino.avif",640,360,false],"2048x2048":["https:\/\/lavozdelagente.com.ar\/wp-content\/uploads\/2026\/08\/Infantino.avif",640,360,false],"colormag-highlighted-post":["https:\/\/lavozdelagente.com.ar\/wp-content\/uploads\/2026\/08\/Infantino-392x272.avif",392,272,true],"colormag-featured-post-medium":["https:\/\/lavozdelagente.com.ar\/wp-content\/uploads\/2026\/08\/Infantino-390x205.avif",390,205,true],"colormag-featured-post-small":["https:\/\/lavozdelagente.com.ar\/wp-content\/uploads\/2026\/08\/Infantino-130x90.avif",130,90,true],"colormag-featured-image":["https:\/\/lavozdelagente.com.ar\/wp-content\/uploads\/2026\/08\/Infantino.avif",640,360,false],"colormag-default-news":["https:\/\/lavozdelagente.com.ar\/wp-content\/uploads\/2026\/08\/Infantino-150x150.avif",150,150,true],"colormag-featured-image-large":["https:\/\/lavozdelagente.com.ar\/wp-content\/uploads\/2026\/08\/Infantino.avif",640,360,false]},"rttpg_author":{"display_name":"rober","author_link":"https:\/\/lavozdelagente.com.ar\/index\/author\/rober\/"},"rttpg_comment":0,"rttpg_category":"<a href=\"https:\/\/lavozdelagente.com.ar\/index\/category\/deportes\/\" rel=\"category tag\">Deportes<\/a>","rttpg_excerpt":"El presidente de la Confederaci\u00f3n Africana de F\u00fatbol (CAF), Patrice Motsepe, volvi\u00f3 a respaldar a Gianni Infantino en medio de","_links":{"self":[{"href":"https:\/\/lavozdelagente.com.ar\/index\/wp-json\/wp\/v2\/posts\/3416","targetHints":{"allow":["GET"]}}],"collection":[{"href":"https:\/\/lavozdelagente.com.ar\/index\/wp-json\/wp\/v2\/posts"}],"about":[{"href":"https:\/\/lavozdelagente.com.ar\/index\/wp-json\/wp\/v2\/types\/post"}],"author":[{"embeddable":true,"href":"https:\/\/lavozdelagente.com.ar\/index\/wp-json\/wp\/v2\/users\/2"}],"replies":[{"embeddable":true,"href":"https:\/\/lavozdelagente.com.ar\/index\/wp-json\/wp\/v2\/comments?post=3416"}],"version-history":[{"count":1,"href":"https:\/\/lavozdelagente.com.ar\/index\/wp-json\/wp\/v2\/posts\/3416\/revisions"}],"predecessor-version":[{"id":3418,"href":"https:\/\/lavozdelagente.com.ar\/index\/wp-json\/wp\/v2\/posts\/3416\/revisions\/3418"}],"wp:featuredmedia":[{"embeddable":true,"href":"https:\/\/lavozdelagente.com.ar\/index\/wp-json\/wp\/v2\/media\/3417"}],"wp:attachment":[{"href":"https:\/\/lavozdelagente.com.ar\/index\/wp-json\/wp\/v2\/media?parent=3416"}],"wp:term":[{"taxonomy":"category","embeddable":true,"href":"https:\/\/lavozdelagente.com.ar\/index\/wp-json\/wp\/v2\/categories?post=3416"},{"taxonomy":"post_tag","embeddable":true,"href":"https:\/\/lavozdelagente.com.ar\/index\/wp-json\/wp\/v2\/tags?post=3416"}],"curies":[{"name":"wp","href":"https:\/\/api.w.org\/{rel}","templated":true}]}}