{"id":3429,"date":"2026-08-14T19:04:56","date_gmt":"2026-08-14T19:04:56","guid":{"rendered":"https:\/\/lavozdelagente.com.ar\/index\/?p=3429"},"modified":"2026-08-14T19:04:56","modified_gmt":"2026-08-14T19:04:56","slug":"anunciaron-la-adjudicacion-de-la-obra-del-acueducto-bi-provincial-catamarca-santiago-del-estero","status":"publish","type":"post","link":"https:\/\/lavozdelagente.com.ar\/index\/2026\/08\/14\/anunciaron-la-adjudicacion-de-la-obra-del-acueducto-bi-provincial-catamarca-santiago-del-estero\/","title":{"rendered":"Anunciaron la adjudicaci\u00f3n de la obra del Acueducto Bi Provincial Catamarca \u2013 Santiago del Estero"},"content":{"rendered":"<p>El gobernador El\u00edas Su\u00e1rez, junto a su par de Catamarca, Ra\u00fal Jalil, y los ministros nacionales Diego Santilli y Luis Caputo, confirmaron la adjudicaci\u00f3n de la obra del Acueducto Bi Provincial Catamarca \u2013 Santiago del Estero, para el aprovechamiento del R\u00edo Albigasta. La licitaci\u00f3n se realiz\u00f3 durante el mes de noviembre de 2025.<\/p>\n<p>El proyecto beneficiar\u00e1 al Departamento Choya y a parte del Departamento Guasay\u00e1n. La obra tiene como fuente el Dique y Embalse El Bols\u00f3n, sobre el R\u00edo Albigasta, y contempla:<\/p>\n<p>\u2022 Cabecera de ca\u00f1er\u00eda troncal compartida con la provincia de Catamarca, de 7.900 metros de longitud, desde la Presa El Bols\u00f3n hasta la localidad de Vallecito, con un di\u00e1metro de 1.000 mm.<br \/>\n\u2022 Ca\u00f1er\u00eda Vallecito \u2013 Fr\u00edas, de 12.829 metros de longitud, con di\u00e1metro variable entre 500 mm y 350 mm hasta su llegada a la planta potabilizadora de Fr\u00edas.<br \/>\n\u2022 Planta de tratamiento de agua con capacidad de 400 m\u00b3\/hora, en la localidad de Fr\u00edas.<\/p>\n<p>La obra permitir\u00e1 abastecer a una poblaci\u00f3n actual de 43.400 habitantes, con una proyecci\u00f3n de 66.300 habitantes hacia el horizonte del proyecto, comprendiendo las localidades de Fr\u00edas, Tapso, Lavalle y los parajes del \u00e1rea de influencia. Asimismo, se prev\u00e9 suministro para la producci\u00f3n, lo que contribuir\u00e1 a mejorar la actividad ganadera de la regi\u00f3n.<\/p>\n<p>En conferencia de prensa el gobernador El\u00edas Su\u00e1rez, resalt\u00f3 que \u201clos gobernadores tenemos la obligaci\u00f3n de gestionar obras estrat\u00e9gicas para el desarrollo y mantener el orden administrativo y el equilibrio presupuestario\u201d.<\/p>\n<p>&nbsp;<\/p>\n","protected":false},"excerpt":{"rendered":"<p>El gobernador El\u00edas Su\u00e1rez, junto a su par de Catamarca, Ra\u00fal Jalil, y los ministros nacionales Diego Santilli y Luis<\/p>\n","protected":false},"author":2,"featured_media":3430,"comment_status":"open","ping_status":"open","sticky":false,"template":"","format":"standard","meta":{"colormag_page_container_layout":"default_layout","colormag_page_sidebar_layout":"default_layout","om_disable_all_campaigns":false,"_monsterinsights_skip_tracking":false,"footnotes":""},"categories":[2],"tags":[],"class_list":["post-3429","post","type-post","status-publish","format-standard","has-post-thumbnail","hentry","category-santiago"],"aioseo_notices":[],"aioseo_head":"\n\t\t<!-- All in One SEO 5.0.1.1 - aioseo.com -->\n\t<meta name=\"description\" content=\"El gobernador El\u00edas Su\u00e1rez, junto a su par de Catamarca, Ra\u00fal Jalil, y los ministros nacionales Diego Santilli y Luis Caputo, confirmaron la adjudicaci\u00f3n de la obra del Acueducto Bi Provincial Catamarca \u2013 Santiago del Estero, para el aprovechamiento del R\u00edo Albigasta. La licitaci\u00f3n se realiz\u00f3 durante el mes de noviembre de 2025. El proyecto\" \/>\n\t<meta name=\"robots\" content=\"max-image-preview:large\" \/>\n\t<meta name=\"author\" content=\"rober\"\/>\n\t<meta name=\"google-site-verification\" content=\"dJHDh1fUzR1o-UwpFfn1JyiF-0R1LCNFZReSb-gbgcE\" \/>\n\t<link rel=\"canonical\" href=\"https:\/\/lavozdelagente.com.ar\/index\/2026\/08\/14\/anunciaron-la-adjudicacion-de-la-obra-del-acueducto-bi-provincial-catamarca-santiago-del-estero\/\" \/>\n\t<meta name=\"generator\" content=\"All in One SEO (AIOSEO) 5.0.1.1\" \/>\n\t\t<meta property=\"og:locale\" content=\"es_ES\" \/>\n\t\t<meta property=\"og:site_name\" content=\"LA VOZ DE LA GENTE - SDE\" \/>\n\t\t<meta property=\"og:type\" content=\"article\" \/>\n\t\t<meta property=\"og:title\" content=\"Anunciaron la adjudicaci\u00f3n de la obra del Acueducto Bi Provincial Catamarca \u2013 Santiago del Estero - LA VOZ DE LA GENTE\" \/>\n\t\t<meta property=\"og:description\" content=\"El gobernador El\u00edas Su\u00e1rez, junto a su par de Catamarca, Ra\u00fal Jalil, y los ministros nacionales Diego Santilli y Luis Caputo, confirmaron la adjudicaci\u00f3n de la obra del Acueducto Bi Provincial Catamarca \u2013 Santiago del Estero, para el aprovechamiento del R\u00edo Albigasta. La licitaci\u00f3n se realiz\u00f3 durante el mes de noviembre de 2025. El proyecto\" \/>\n\t\t<meta property=\"og:url\" content=\"https:\/\/lavozdelagente.com.ar\/index\/2026\/08\/14\/anunciaron-la-adjudicacion-de-la-obra-del-acueducto-bi-provincial-catamarca-santiago-del-estero\/\" \/>\n\t\t<meta property=\"article:published_time\" content=\"2026-08-14T19:04:56+00:00\" \/>\n\t\t<meta property=\"article:modified_time\" content=\"2026-08-14T19:04:56+00:00\" \/>\n\t\t<meta name=\"twitter:card\" content=\"summary_large_image\" \/>\n\t\t<meta name=\"twitter:title\" content=\"Anunciaron la adjudicaci\u00f3n de la obra del Acueducto Bi Provincial Catamarca \u2013 Santiago del Estero - LA VOZ DE LA GENTE\" \/>\n\t\t<meta name=\"twitter:description\" content=\"El gobernador El\u00edas Su\u00e1rez, junto a su par de Catamarca, Ra\u00fal Jalil, y los ministros nacionales Diego Santilli y Luis Caputo, confirmaron la adjudicaci\u00f3n de la obra del Acueducto Bi Provincial Catamarca \u2013 Santiago del Estero, para el aprovechamiento del R\u00edo Albigasta. La licitaci\u00f3n se realiz\u00f3 durante el mes de noviembre de 2025. El proyecto\" \/>\n\t\t<script type=\"application\/ld+json\" class=\"aioseo-schema\">\n\t\t\t{\"@context\":\"https:\\\/\\\/schema.org\",\"@graph\":[{\"@type\":\"BlogPosting\",\"@id\":\"https:\\\/\\\/lavozdelagente.com.ar\\\/index\\\/2026\\\/08\\\/14\\\/anunciaron-la-adjudicacion-de-la-obra-del-acueducto-bi-provincial-catamarca-santiago-del-estero\\\/#blogposting\",\"name\":\"Anunciaron la adjudicaci\\u00f3n de la obra del Acueducto Bi Provincial Catamarca \\u2013 Santiago del Estero - LA VOZ DE LA GENTE\",\"headline\":\"Anunciaron la adjudicaci\\u00f3n de la obra del Acueducto Bi Provincial Catamarca \\u2013 Santiago del Estero\",\"author\":{\"@id\":\"https:\\\/\\\/lavozdelagente.com.ar\\\/index\\\/author\\\/rober\\\/#author\"},\"publisher\":{\"@id\":\"https:\\\/\\\/lavozdelagente.com.ar\\\/index\\\/#person\"},\"image\":{\"@type\":\"ImageObject\",\"url\":\"https:\\\/\\\/lavozdelagente.com.ar\\\/wp-content\\\/uploads\\\/2026\\\/08\\\/acueducto.jpeg\",\"width\":1280,\"height\":954},\"datePublished\":\"2026-08-14T19:04:56+00:00\",\"dateModified\":\"2026-08-14T19:04:56+00:00\",\"inLanguage\":\"es-ES\",\"mainEntityOfPage\":{\"@id\":\"https:\\\/\\\/lavozdelagente.com.ar\\\/index\\\/2026\\\/08\\\/14\\\/anunciaron-la-adjudicacion-de-la-obra-del-acueducto-bi-provincial-catamarca-santiago-del-estero\\\/#webpage\"},\"isPartOf\":{\"@id\":\"https:\\\/\\\/lavozdelagente.com.ar\\\/index\\\/2026\\\/08\\\/14\\\/anunciaron-la-adjudicacion-de-la-obra-del-acueducto-bi-provincial-catamarca-santiago-del-estero\\\/#webpage\"},\"articleSection\":\"Santiago\"},{\"@type\":\"BreadcrumbList\",\"@id\":\"https:\\\/\\\/lavozdelagente.com.ar\\\/index\\\/2026\\\/08\\\/14\\\/anunciaron-la-adjudicacion-de-la-obra-del-acueducto-bi-provincial-catamarca-santiago-del-estero\\\/#breadcrumblist\",\"itemListElement\":[{\"@type\":\"ListItem\",\"@id\":\"https:\\\/\\\/lavozdelagente.com.ar\\\/index#listItem\",\"position\":1,\"name\":\"Home\",\"item\":\"https:\\\/\\\/lavozdelagente.com.ar\\\/index\",\"nextItem\":{\"@type\":\"ListItem\",\"@id\":\"https:\\\/\\\/lavozdelagente.com.ar\\\/index\\\/category\\\/santiago\\\/#listItem\",\"name\":\"Santiago\"}},{\"@type\":\"ListItem\",\"@id\":\"https:\\\/\\\/lavozdelagente.com.ar\\\/index\\\/category\\\/santiago\\\/#listItem\",\"position\":2,\"name\":\"Santiago\",\"item\":\"https:\\\/\\\/lavozdelagente.com.ar\\\/index\\\/category\\\/santiago\\\/\",\"nextItem\":{\"@type\":\"ListItem\",\"@id\":\"https:\\\/\\\/lavozdelagente.com.ar\\\/index\\\/2026\\\/08\\\/14\\\/anunciaron-la-adjudicacion-de-la-obra-del-acueducto-bi-provincial-catamarca-santiago-del-estero\\\/#listItem\",\"name\":\"Anunciaron la adjudicaci\\u00f3n de la obra del Acueducto Bi Provincial Catamarca \\u2013 Santiago del Estero\"},\"previousItem\":{\"@type\":\"ListItem\",\"@id\":\"https:\\\/\\\/lavozdelagente.com.ar\\\/index#listItem\",\"name\":\"Home\"}},{\"@type\":\"ListItem\",\"@id\":\"https:\\\/\\\/lavozdelagente.com.ar\\\/index\\\/2026\\\/08\\\/14\\\/anunciaron-la-adjudicacion-de-la-obra-del-acueducto-bi-provincial-catamarca-santiago-del-estero\\\/#listItem\",\"position\":3,\"name\":\"Anunciaron la adjudicaci\\u00f3n de la obra del Acueducto Bi Provincial Catamarca \\u2013 Santiago del Estero\",\"previousItem\":{\"@type\":\"ListItem\",\"@id\":\"https:\\\/\\\/lavozdelagente.com.ar\\\/index\\\/category\\\/santiago\\\/#listItem\",\"name\":\"Santiago\"}}]},{\"@type\":\"Person\",\"@id\":\"https:\\\/\\\/lavozdelagente.com.ar\\\/index\\\/author\\\/rober\\\/#author\",\"url\":\"https:\\\/\\\/lavozdelagente.com.ar\\\/index\\\/author\\\/rober\\\/\",\"name\":\"rober\",\"image\":{\"@type\":\"ImageObject\",\"@id\":\"https:\\\/\\\/lavozdelagente.com.ar\\\/index\\\/2026\\\/08\\\/14\\\/anunciaron-la-adjudicacion-de-la-obra-del-acueducto-bi-provincial-catamarca-santiago-del-estero\\\/#authorImage\",\"url\":\"https:\\\/\\\/secure.gravatar.com\\\/avatar\\\/901a62cd098b11a08c5fe38d2de0f8ad6b745f5d4f6413ad71e1630ac07766e0?s=96&d=mm&r=g\",\"width\":96,\"height\":96,\"caption\":\"rober\"}},{\"@type\":\"WebPage\",\"@id\":\"https:\\\/\\\/lavozdelagente.com.ar\\\/index\\\/2026\\\/08\\\/14\\\/anunciaron-la-adjudicacion-de-la-obra-del-acueducto-bi-provincial-catamarca-santiago-del-estero\\\/#webpage\",\"url\":\"https:\\\/\\\/lavozdelagente.com.ar\\\/index\\\/2026\\\/08\\\/14\\\/anunciaron-la-adjudicacion-de-la-obra-del-acueducto-bi-provincial-catamarca-santiago-del-estero\\\/\",\"name\":\"Anunciaron la adjudicaci\\u00f3n de la obra del Acueducto Bi Provincial Catamarca \\u2013 Santiago del Estero - LA VOZ DE LA GENTE\",\"description\":\"El gobernador El\\u00edas Su\\u00e1rez, junto a su par de Catamarca, Ra\\u00fal Jalil, y los ministros nacionales Diego Santilli y Luis Caputo, confirmaron la adjudicaci\\u00f3n de la obra del Acueducto Bi Provincial Catamarca \\u2013 Santiago del Estero, para el aprovechamiento del R\\u00edo Albigasta. La licitaci\\u00f3n se realiz\\u00f3 durante el mes de noviembre de 2025. El proyecto\",\"inLanguage\":\"es-ES\",\"isPartOf\":{\"@id\":\"https:\\\/\\\/lavozdelagente.com.ar\\\/index\\\/#website\"},\"breadcrumb\":{\"@id\":\"https:\\\/\\\/lavozdelagente.com.ar\\\/index\\\/2026\\\/08\\\/14\\\/anunciaron-la-adjudicacion-de-la-obra-del-acueducto-bi-provincial-catamarca-santiago-del-estero\\\/#breadcrumblist\"},\"author\":{\"@id\":\"https:\\\/\\\/lavozdelagente.com.ar\\\/index\\\/author\\\/rober\\\/#author\"},\"creator\":{\"@id\":\"https:\\\/\\\/lavozdelagente.com.ar\\\/index\\\/author\\\/rober\\\/#author\"},\"image\":{\"@type\":\"ImageObject\",\"url\":\"https:\\\/\\\/lavozdelagente.com.ar\\\/wp-content\\\/uploads\\\/2026\\\/08\\\/acueducto.jpeg\",\"@id\":\"https:\\\/\\\/lavozdelagente.com.ar\\\/index\\\/2026\\\/08\\\/14\\\/anunciaron-la-adjudicacion-de-la-obra-del-acueducto-bi-provincial-catamarca-santiago-del-estero\\\/#mainImage\",\"width\":1280,\"height\":954},\"primaryImageOfPage\":{\"@id\":\"https:\\\/\\\/lavozdelagente.com.ar\\\/index\\\/2026\\\/08\\\/14\\\/anunciaron-la-adjudicacion-de-la-obra-del-acueducto-bi-provincial-catamarca-santiago-del-estero\\\/#mainImage\"},\"datePublished\":\"2026-08-14T19:04:56+00:00\",\"dateModified\":\"2026-08-14T19:04:56+00:00\"},{\"@type\":\"WebSite\",\"@id\":\"https:\\\/\\\/lavozdelagente.com.ar\\\/index\\\/#website\",\"url\":\"https:\\\/\\\/lavozdelagente.com.ar\\\/index\\\/\",\"name\":\"LA VOZ DE LA GENTE\",\"description\":\"SDE\",\"inLanguage\":\"es-ES\",\"publisher\":{\"@id\":\"https:\\\/\\\/lavozdelagente.com.ar\\\/index\\\/#person\"}}]}\n\t\t<\/script>\n\t\t<!-- All in One SEO -->\n\n","aioseo_head_json":{"title":"Anunciaron la adjudicaci\u00f3n de la obra del Acueducto Bi Provincial Catamarca \u2013 Santiago del Estero - LA VOZ DE LA GENTE","description":"El gobernador El\u00edas Su\u00e1rez, junto a su par de Catamarca, Ra\u00fal Jalil, y los ministros nacionales Diego Santilli y Luis Caputo, confirmaron la adjudicaci\u00f3n de la obra del Acueducto Bi Provincial Catamarca \u2013 Santiago del Estero, para el aprovechamiento del R\u00edo Albigasta. La licitaci\u00f3n se realiz\u00f3 durante el mes de noviembre de 2025. El proyecto","canonical_url":"https:\/\/lavozdelagente.com.ar\/index\/2026\/08\/14\/anunciaron-la-adjudicacion-de-la-obra-del-acueducto-bi-provincial-catamarca-santiago-del-estero\/","robots":"max-image-preview:large","keywords":"","webmasterTools":{"google-site-verification":"dJHDh1fUzR1o-UwpFfn1JyiF-0R1LCNFZReSb-gbgcE","miscellaneous":""},"schema":{"@context":"https:\/\/schema.org","@graph":[{"@type":"BlogPosting","@id":"https:\/\/lavozdelagente.com.ar\/index\/2026\/08\/14\/anunciaron-la-adjudicacion-de-la-obra-del-acueducto-bi-provincial-catamarca-santiago-del-estero\/#blogposting","name":"Anunciaron la adjudicaci\u00f3n de la obra del Acueducto Bi Provincial Catamarca \u2013 Santiago del Estero - LA VOZ DE LA GENTE","headline":"Anunciaron la adjudicaci\u00f3n de la obra del Acueducto Bi Provincial Catamarca \u2013 Santiago del Estero","author":{"@id":"https:\/\/lavozdelagente.com.ar\/index\/author\/rober\/#author"},"publisher":{"@id":"https:\/\/lavozdelagente.com.ar\/index\/#person"},"image":{"@type":"ImageObject","url":"https:\/\/lavozdelagente.com.ar\/wp-content\/uploads\/2026\/08\/acueducto.jpeg","width":1280,"height":954},"datePublished":"2026-08-14T19:04:56+00:00","dateModified":"2026-08-14T19:04:56+00:00","inLanguage":"es-ES","mainEntityOfPage":{"@id":"https:\/\/lavozdelagente.com.ar\/index\/2026\/08\/14\/anunciaron-la-adjudicacion-de-la-obra-del-acueducto-bi-provincial-catamarca-santiago-del-estero\/#webpage"},"isPartOf":{"@id":"https:\/\/lavozdelagente.com.ar\/index\/2026\/08\/14\/anunciaron-la-adjudicacion-de-la-obra-del-acueducto-bi-provincial-catamarca-santiago-del-estero\/#webpage"},"articleSection":"Santiago"},{"@type":"BreadcrumbList","@id":"https:\/\/lavozdelagente.com.ar\/index\/2026\/08\/14\/anunciaron-la-adjudicacion-de-la-obra-del-acueducto-bi-provincial-catamarca-santiago-del-estero\/#breadcrumblist","itemListElement":[{"@type":"ListItem","@id":"https:\/\/lavozdelagente.com.ar\/index#listItem","position":1,"name":"Home","item":"https:\/\/lavozdelagente.com.ar\/index","nextItem":{"@type":"ListItem","@id":"https:\/\/lavozdelagente.com.ar\/index\/category\/santiago\/#listItem","name":"Santiago"}},{"@type":"ListItem","@id":"https:\/\/lavozdelagente.com.ar\/index\/category\/santiago\/#listItem","position":2,"name":"Santiago","item":"https:\/\/lavozdelagente.com.ar\/index\/category\/santiago\/","nextItem":{"@type":"ListItem","@id":"https:\/\/lavozdelagente.com.ar\/index\/2026\/08\/14\/anunciaron-la-adjudicacion-de-la-obra-del-acueducto-bi-provincial-catamarca-santiago-del-estero\/#listItem","name":"Anunciaron la adjudicaci\u00f3n de la obra del Acueducto Bi Provincial Catamarca \u2013 Santiago del Estero"},"previousItem":{"@type":"ListItem","@id":"https:\/\/lavozdelagente.com.ar\/index#listItem","name":"Home"}},{"@type":"ListItem","@id":"https:\/\/lavozdelagente.com.ar\/index\/2026\/08\/14\/anunciaron-la-adjudicacion-de-la-obra-del-acueducto-bi-provincial-catamarca-santiago-del-estero\/#listItem","position":3,"name":"Anunciaron la adjudicaci\u00f3n de la obra del Acueducto Bi Provincial Catamarca \u2013 Santiago del Estero","previousItem":{"@type":"ListItem","@id":"https:\/\/lavozdelagente.com.ar\/index\/category\/santiago\/#listItem","name":"Santiago"}}]},{"@type":"Person","@id":"https:\/\/lavozdelagente.com.ar\/index\/author\/rober\/#author","url":"https:\/\/lavozdelagente.com.ar\/index\/author\/rober\/","name":"rober","image":{"@type":"ImageObject","@id":"https:\/\/lavozdelagente.com.ar\/index\/2026\/08\/14\/anunciaron-la-adjudicacion-de-la-obra-del-acueducto-bi-provincial-catamarca-santiago-del-estero\/#authorImage","url":"https:\/\/secure.gravatar.com\/avatar\/901a62cd098b11a08c5fe38d2de0f8ad6b745f5d4f6413ad71e1630ac07766e0?s=96&d=mm&r=g","width":96,"height":96,"caption":"rober"}},{"@type":"WebPage","@id":"https:\/\/lavozdelagente.com.ar\/index\/2026\/08\/14\/anunciaron-la-adjudicacion-de-la-obra-del-acueducto-bi-provincial-catamarca-santiago-del-estero\/#webpage","url":"https:\/\/lavozdelagente.com.ar\/index\/2026\/08\/14\/anunciaron-la-adjudicacion-de-la-obra-del-acueducto-bi-provincial-catamarca-santiago-del-estero\/","name":"Anunciaron la adjudicaci\u00f3n de la obra del Acueducto Bi Provincial Catamarca \u2013 Santiago del Estero - LA VOZ DE LA GENTE","description":"El gobernador El\u00edas Su\u00e1rez, junto a su par de Catamarca, Ra\u00fal Jalil, y los ministros nacionales Diego Santilli y Luis Caputo, confirmaron la adjudicaci\u00f3n de la obra del Acueducto Bi Provincial Catamarca \u2013 Santiago del Estero, para el aprovechamiento del R\u00edo Albigasta. La licitaci\u00f3n se realiz\u00f3 durante el mes de noviembre de 2025. El proyecto","inLanguage":"es-ES","isPartOf":{"@id":"https:\/\/lavozdelagente.com.ar\/index\/#website"},"breadcrumb":{"@id":"https:\/\/lavozdelagente.com.ar\/index\/2026\/08\/14\/anunciaron-la-adjudicacion-de-la-obra-del-acueducto-bi-provincial-catamarca-santiago-del-estero\/#breadcrumblist"},"author":{"@id":"https:\/\/lavozdelagente.com.ar\/index\/author\/rober\/#author"},"creator":{"@id":"https:\/\/lavozdelagente.com.ar\/index\/author\/rober\/#author"},"image":{"@type":"ImageObject","url":"https:\/\/lavozdelagente.com.ar\/wp-content\/uploads\/2026\/08\/acueducto.jpeg","@id":"https:\/\/lavozdelagente.com.ar\/index\/2026\/08\/14\/anunciaron-la-adjudicacion-de-la-obra-del-acueducto-bi-provincial-catamarca-santiago-del-estero\/#mainImage","width":1280,"height":954},"primaryImageOfPage":{"@id":"https:\/\/lavozdelagente.com.ar\/index\/2026\/08\/14\/anunciaron-la-adjudicacion-de-la-obra-del-acueducto-bi-provincial-catamarca-santiago-del-estero\/#mainImage"},"datePublished":"2026-08-14T19:04:56+00:00","dateModified":"2026-08-14T19:04:56+00:00"},{"@type":"WebSite","@id":"https:\/\/lavozdelagente.com.ar\/index\/#website","url":"https:\/\/lavozdelagente.com.ar\/index\/","name":"LA VOZ DE LA GENTE","description":"SDE","inLanguage":"es-ES","publisher":{"@id":"https:\/\/lavozdelagente.com.ar\/index\/#person"}}]},"og:locale":"es_ES","og:site_name":"LA VOZ DE LA GENTE - SDE","og:type":"article","og:title":"Anunciaron la adjudicaci\u00f3n de la obra del Acueducto Bi Provincial Catamarca \u2013 Santiago del Estero - LA VOZ DE LA GENTE","og:description":"El gobernador El\u00edas Su\u00e1rez, junto a su par de Catamarca, Ra\u00fal Jalil, y los ministros nacionales Diego Santilli y Luis Caputo, confirmaron la adjudicaci\u00f3n de la obra del Acueducto Bi Provincial Catamarca \u2013 Santiago del Estero, para el aprovechamiento del R\u00edo Albigasta. La licitaci\u00f3n se realiz\u00f3 durante el mes de noviembre de 2025. El proyecto","og:url":"https:\/\/lavozdelagente.com.ar\/index\/2026\/08\/14\/anunciaron-la-adjudicacion-de-la-obra-del-acueducto-bi-provincial-catamarca-santiago-del-estero\/","article:published_time":"2026-08-14T19:04:56+00:00","article:modified_time":"2026-08-14T19:04:56+00:00","twitter:card":"summary_large_image","twitter:title":"Anunciaron la adjudicaci\u00f3n de la obra del Acueducto Bi Provincial Catamarca \u2013 Santiago del Estero - LA VOZ DE LA GENTE","twitter:description":"El gobernador El\u00edas Su\u00e1rez, junto a su par de Catamarca, Ra\u00fal Jalil, y los ministros nacionales Diego Santilli y Luis Caputo, confirmaron la adjudicaci\u00f3n de la obra del Acueducto Bi Provincial Catamarca \u2013 Santiago del Estero, para el aprovechamiento del R\u00edo Albigasta. La licitaci\u00f3n se realiz\u00f3 durante el mes de noviembre de 2025. El proyecto"},"aioseo_meta_data":{"post_id":"3429","title":null,"description":null,"keywords":null,"keyphrases":{"focus":{"keyphrase":"","score":0,"analysis":{"keyphraseInTitle":{"score":0,"maxScore":9,"error":1}}},"additional":[]},"primary_term":null,"canonical_url":null,"og_title":null,"og_description":null,"og_object_type":"default","og_image_type":"default","og_image_url":null,"og_image_width":null,"og_image_height":null,"og_image_custom_url":null,"og_image_custom_fields":null,"og_video":"","og_custom_url":null,"og_article_section":null,"og_article_tags":null,"twitter_use_og":false,"twitter_card":"default","twitter_image_type":"default","twitter_image_url":null,"twitter_image_custom_url":null,"twitter_image_custom_fields":null,"twitter_title":null,"twitter_description":null,"schema":{"blockGraphs":[],"customGraphs":[],"default":{"data":{"Article":[],"Course":[],"Dataset":[],"FAQPage":[],"Movie":[],"Person":[],"Product":[],"ProductReview":[],"Car":[],"Recipe":[],"Service":[],"SoftwareApplication":[],"WebPage":[]},"graphName":"BlogPosting","isEnabled":true},"graphs":[]},"schema_type":"default","schema_type_options":null,"pillar_content":false,"robots_default":true,"robots_noindex":false,"robots_noarchive":false,"robots_nosnippet":false,"robots_nofollow":false,"robots_noimageindex":false,"robots_noodp":false,"robots_notranslate":false,"robots_max_snippet":"-1","robots_max_videopreview":"-1","robots_max_imagepreview":"large","priority":null,"frequency":"default","local_seo":null,"breadcrumb_settings":null,"limit_modified_date":false,"ai":{"faqs":[],"keyPoints":[],"schemas":[],"titles":[],"descriptions":[],"socialPosts":{"email":{"subject":"","preview":"","content":""},"linkedin":[],"twitter":[],"facebook":[],"instagram":[]}},"created":"2026-08-14 19:04:56","updated":"2026-08-14 19:05:38","seo_analyzer_scan_date":null,"focus_keyword":null,"additional_keywords":null,"truseo_locale":null},"aioseo_breadcrumb":"<div class=\"aioseo-breadcrumbs\"><span class=\"aioseo-breadcrumb\">\n\t\t\t<a href=\"https:\/\/lavozdelagente.com.ar\/index\" title=\"Home\">Home<\/a>\n\t\t<\/span><span class=\"aioseo-breadcrumb-separator\">&raquo;<\/span><span class=\"aioseo-breadcrumb\">\n\t\t\t<a href=\"https:\/\/lavozdelagente.com.ar\/index\/category\/santiago\/\" title=\"Santiago\">Santiago<\/a>\n\t\t<\/span><span class=\"aioseo-breadcrumb-separator\">&raquo;<\/span><span class=\"aioseo-breadcrumb\">\n\t\t\tAnunciaron la adjudicaci\u00f3n de la obra del Acueducto Bi Provincial Catamarca \u2013 Santiago del Estero\n\t\t<\/span><\/div>","aioseo_breadcrumb_json":[{"label":"Home","link":"https:\/\/lavozdelagente.com.ar\/index"},{"label":"Santiago","link":"https:\/\/lavozdelagente.com.ar\/index\/category\/santiago\/"},{"label":"Anunciaron la adjudicaci\u00f3n de la obra del Acueducto Bi Provincial Catamarca \u2013 Santiago del Estero","link":"https:\/\/lavozdelagente.com.ar\/index\/2026\/08\/14\/anunciaron-la-adjudicacion-de-la-obra-del-acueducto-bi-provincial-catamarca-santiago-del-estero\/"}],"rttpg_featured_image_url":{"full":["https:\/\/lavozdelagente.com.ar\/wp-content\/uploads\/2026\/08\/acueducto.jpeg",1280,954,false],"landscape":["https:\/\/lavozdelagente.com.ar\/wp-content\/uploads\/2026\/08\/acueducto.jpeg",1280,954,false],"portraits":["https:\/\/lavozdelagente.com.ar\/wp-content\/uploads\/2026\/08\/acueducto.jpeg",1280,954,false],"thumbnail":["https:\/\/lavozdelagente.com.ar\/wp-content\/uploads\/2026\/08\/acueducto-150x150.jpeg",150,150,true],"medium":["https:\/\/lavozdelagente.com.ar\/wp-content\/uploads\/2026\/08\/acueducto-300x224.jpeg",300,224,true],"large":["https:\/\/lavozdelagente.com.ar\/wp-content\/uploads\/2026\/08\/acueducto-1024x763.jpeg",800,596,true],"1536x1536":["https:\/\/lavozdelagente.com.ar\/wp-content\/uploads\/2026\/08\/acueducto.jpeg",1280,954,false],"2048x2048":["https:\/\/lavozdelagente.com.ar\/wp-content\/uploads\/2026\/08\/acueducto.jpeg",1280,954,false],"colormag-highlighted-post":["https:\/\/lavozdelagente.com.ar\/wp-content\/uploads\/2026\/08\/acueducto-392x272.jpeg",392,272,true],"colormag-featured-post-medium":["https:\/\/lavozdelagente.com.ar\/wp-content\/uploads\/2026\/08\/acueducto-390x205.jpeg",390,205,true],"colormag-featured-post-small":["https:\/\/lavozdelagente.com.ar\/wp-content\/uploads\/2026\/08\/acueducto-130x90.jpeg",130,90,true],"colormag-featured-image":["https:\/\/lavozdelagente.com.ar\/wp-content\/uploads\/2026\/08\/acueducto-800x445.jpeg",800,445,true],"colormag-default-news":["https:\/\/lavozdelagente.com.ar\/wp-content\/uploads\/2026\/08\/acueducto-150x150.jpeg",150,150,true],"colormag-featured-image-large":["https:\/\/lavozdelagente.com.ar\/wp-content\/uploads\/2026\/08\/acueducto-1280x600.jpeg",1280,600,true]},"rttpg_author":{"display_name":"rober","author_link":"https:\/\/lavozdelagente.com.ar\/index\/author\/rober\/"},"rttpg_comment":0,"rttpg_category":"<a href=\"https:\/\/lavozdelagente.com.ar\/index\/category\/santiago\/\" rel=\"category tag\">Santiago<\/a>","rttpg_excerpt":"El gobernador El\u00edas Su\u00e1rez, junto a su par de Catamarca, Ra\u00fal Jalil, y los ministros nacionales Diego Santilli y Luis","_links":{"self":[{"href":"https:\/\/lavozdelagente.com.ar\/index\/wp-json\/wp\/v2\/posts\/3429","targetHints":{"allow":["GET"]}}],"collection":[{"href":"https:\/\/lavozdelagente.com.ar\/index\/wp-json\/wp\/v2\/posts"}],"about":[{"href":"https:\/\/lavozdelagente.com.ar\/index\/wp-json\/wp\/v2\/types\/post"}],"author":[{"embeddable":true,"href":"https:\/\/lavozdelagente.com.ar\/index\/wp-json\/wp\/v2\/users\/2"}],"replies":[{"embeddable":true,"href":"https:\/\/lavozdelagente.com.ar\/index\/wp-json\/wp\/v2\/comments?post=3429"}],"version-history":[{"count":1,"href":"https:\/\/lavozdelagente.com.ar\/index\/wp-json\/wp\/v2\/posts\/3429\/revisions"}],"predecessor-version":[{"id":3431,"href":"https:\/\/lavozdelagente.com.ar\/index\/wp-json\/wp\/v2\/posts\/3429\/revisions\/3431"}],"wp:featuredmedia":[{"embeddable":true,"href":"https:\/\/lavozdelagente.com.ar\/index\/wp-json\/wp\/v2\/media\/3430"}],"wp:attachment":[{"href":"https:\/\/lavozdelagente.com.ar\/index\/wp-json\/wp\/v2\/media?parent=3429"}],"wp:term":[{"taxonomy":"category","embeddable":true,"href":"https:\/\/lavozdelagente.com.ar\/index\/wp-json\/wp\/v2\/categories?post=3429"},{"taxonomy":"post_tag","embeddable":true,"href":"https:\/\/lavozdelagente.com.ar\/index\/wp-json\/wp\/v2\/tags?post=3429"}],"curies":[{"name":"wp","href":"https:\/\/api.w.org\/{rel}","templated":true}]}}