{"id":3435,"date":"2026-08-14T20:04:41","date_gmt":"2026-08-14T20:04:41","guid":{"rendered":"https:\/\/lavozdelagente.com.ar\/index\/?p=3435"},"modified":"2026-08-14T20:04:41","modified_gmt":"2026-08-14T20:04:41","slug":"manogasta-homenajeo-a-san-martin-con-una-emotiva-caminata-y-acto-en-el-historico-camino-real","status":"publish","type":"post","link":"https:\/\/lavozdelagente.com.ar\/index\/2026\/08\/14\/manogasta-homenajeo-a-san-martin-con-una-emotiva-caminata-y-acto-en-el-historico-camino-real\/","title":{"rendered":"Manogasta homenaje\u00f3 a San Mart\u00edn con una emotiva caminata y acto en el hist\u00f3rico Camino Real"},"content":{"rendered":"<p>&nbsp;<\/p>\n<p>Con la presencia del vicegobernador Carlos Silva Neder, se realiz\u00f3 este viernes el acto por el 176\u00b0 aniversario del paso a la inmortalidad del general Jos\u00e9 de San Mart\u00edn, en Manogasta, departamento San Mart\u00edn, en el sitio donde se encuentra el \u00e1rbol hist\u00f3rico de esta localidad, en el antiguo Camino Real.<br \/>\nAcompa\u00f1ado por el comisionado local, Gustavo G\u00f3mez, el vicegobernador particip\u00f3 de la tradicional caminata con alumnos de la Escuela N\u00ba 101, del Jard\u00edn de Infantes \u201cCaracol Travieso\u201d y del Agrupamiento N\u00ba 86.125 \u201cJuan N\u00fa\u00f1ez del Prado\u201d. Junto a sus docentes y vecinos, los chicos partieron desde Upianita hasta llegar al \u00e1rbol hist\u00f3rico, en una iniciativa que se realiza desde el a\u00f1o 2.000 para conmemorar la lucha del general San Mart\u00edn por la independencia argentina.<br \/>\nDe la ceremonia tambi\u00e9n participaron diputados provinciales, comisionados municipales y representantes de instituciones de la zona.<br \/>\nLuego de la entonaci\u00f3n del Himno Nacional, se hizo un minuto de silencio y la colocaci\u00f3n de ofrendas florales al pie del monumento del Padre de la Patria.<br \/>\nLas palabras alusivas estuvieron a cargo del Lic. Horacio Casta\u00f1o, quien destac\u00f3 la figura del general y la importancia de transmitir a las nuevas generaciones sus valores, ideales y compromiso con la libertad de los pueblos.<br \/>\nFinalmente, hizo un llamado a ejercer el patriotismo en el d\u00eda a d\u00eda; superando el ego\u00edsmo y la indiferencia \u201ca trav\u00e9s del trabajo en equipo, el estudio, el respeto y la solidaridad desde las aulas y los hogares\u201d.<br \/>\nEl acto concluy\u00f3 con la exposici\u00f3n de la muestra de maquetas que trabajaron los alumnos y el desfile c\u00edvico militar.<\/p>\n","protected":false},"excerpt":{"rendered":"<p>&nbsp; Con la presencia del vicegobernador Carlos Silva Neder, se realiz\u00f3 este viernes el acto por el 176\u00b0 aniversario del<\/p>\n","protected":false},"author":2,"featured_media":3436,"comment_status":"open","ping_status":"open","sticky":false,"template":"","format":"standard","meta":{"colormag_page_container_layout":"default_layout","colormag_page_sidebar_layout":"default_layout","om_disable_all_campaigns":false,"_monsterinsights_skip_tracking":false,"footnotes":""},"categories":[2],"tags":[],"class_list":["post-3435","post","type-post","status-publish","format-standard","has-post-thumbnail","hentry","category-santiago"],"aioseo_notices":[],"aioseo_head":"\n\t\t<!-- All in One SEO 5.0.1.1 - aioseo.com -->\n\t<meta name=\"description\" content=\"Con la presencia del vicegobernador Carlos Silva Neder, se realiz\u00f3 este viernes el acto por el 176\u00b0 aniversario del paso a la inmortalidad del general Jos\u00e9 de San Mart\u00edn, en Manogasta, departamento San Mart\u00edn, en el sitio donde se encuentra el \u00e1rbol hist\u00f3rico de esta localidad, en el antiguo Camino Real. Acompa\u00f1ado por el\" \/>\n\t<meta name=\"robots\" content=\"max-image-preview:large\" \/>\n\t<meta name=\"author\" content=\"rober\"\/>\n\t<meta name=\"google-site-verification\" content=\"dJHDh1fUzR1o-UwpFfn1JyiF-0R1LCNFZReSb-gbgcE\" \/>\n\t<link rel=\"canonical\" href=\"https:\/\/lavozdelagente.com.ar\/index\/2026\/08\/14\/manogasta-homenajeo-a-san-martin-con-una-emotiva-caminata-y-acto-en-el-historico-camino-real\/\" \/>\n\t<meta name=\"generator\" content=\"All in One SEO (AIOSEO) 5.0.1.1\" \/>\n\t\t<meta property=\"og:locale\" content=\"es_ES\" \/>\n\t\t<meta property=\"og:site_name\" content=\"LA VOZ DE LA GENTE - SDE\" \/>\n\t\t<meta property=\"og:type\" content=\"article\" \/>\n\t\t<meta property=\"og:title\" content=\"Manogasta homenaje\u00f3 a San Mart\u00edn con una emotiva caminata y acto en el hist\u00f3rico Camino Real - LA VOZ DE LA GENTE\" \/>\n\t\t<meta property=\"og:description\" content=\"Con la presencia del vicegobernador Carlos Silva Neder, se realiz\u00f3 este viernes el acto por el 176\u00b0 aniversario del paso a la inmortalidad del general Jos\u00e9 de San Mart\u00edn, en Manogasta, departamento San Mart\u00edn, en el sitio donde se encuentra el \u00e1rbol hist\u00f3rico de esta localidad, en el antiguo Camino Real. Acompa\u00f1ado por el\" \/>\n\t\t<meta property=\"og:url\" content=\"https:\/\/lavozdelagente.com.ar\/index\/2026\/08\/14\/manogasta-homenajeo-a-san-martin-con-una-emotiva-caminata-y-acto-en-el-historico-camino-real\/\" \/>\n\t\t<meta property=\"article:published_time\" content=\"2026-08-14T20:04:41+00:00\" \/>\n\t\t<meta property=\"article:modified_time\" content=\"2026-08-14T20:04:41+00:00\" \/>\n\t\t<meta name=\"twitter:card\" content=\"summary_large_image\" \/>\n\t\t<meta name=\"twitter:title\" content=\"Manogasta homenaje\u00f3 a San Mart\u00edn con una emotiva caminata y acto en el hist\u00f3rico Camino Real - LA VOZ DE LA GENTE\" \/>\n\t\t<meta name=\"twitter:description\" content=\"Con la presencia del vicegobernador Carlos Silva Neder, se realiz\u00f3 este viernes el acto por el 176\u00b0 aniversario del paso a la inmortalidad del general Jos\u00e9 de San Mart\u00edn, en Manogasta, departamento San Mart\u00edn, en el sitio donde se encuentra el \u00e1rbol hist\u00f3rico de esta localidad, en el antiguo Camino Real. Acompa\u00f1ado por el\" \/>\n\t\t<script type=\"application\/ld+json\" class=\"aioseo-schema\">\n\t\t\t{\"@context\":\"https:\\\/\\\/schema.org\",\"@graph\":[{\"@type\":\"BlogPosting\",\"@id\":\"https:\\\/\\\/lavozdelagente.com.ar\\\/index\\\/2026\\\/08\\\/14\\\/manogasta-homenajeo-a-san-martin-con-una-emotiva-caminata-y-acto-en-el-historico-camino-real\\\/#blogposting\",\"name\":\"Manogasta homenaje\\u00f3 a San Mart\\u00edn con una emotiva caminata y acto en el hist\\u00f3rico Camino Real - LA VOZ DE LA GENTE\",\"headline\":\"Manogasta homenaje\\u00f3 a San Mart\\u00edn con una emotiva caminata y acto en el hist\\u00f3rico Camino Real\",\"author\":{\"@id\":\"https:\\\/\\\/lavozdelagente.com.ar\\\/index\\\/author\\\/rober\\\/#author\"},\"publisher\":{\"@id\":\"https:\\\/\\\/lavozdelagente.com.ar\\\/index\\\/#person\"},\"image\":{\"@type\":\"ImageObject\",\"url\":\"https:\\\/\\\/lavozdelagente.com.ar\\\/wp-content\\\/uploads\\\/2026\\\/08\\\/manogasta.jpeg\",\"width\":1000,\"height\":666},\"datePublished\":\"2026-08-14T20:04:41+00:00\",\"dateModified\":\"2026-08-14T20:04:41+00:00\",\"inLanguage\":\"es-ES\",\"mainEntityOfPage\":{\"@id\":\"https:\\\/\\\/lavozdelagente.com.ar\\\/index\\\/2026\\\/08\\\/14\\\/manogasta-homenajeo-a-san-martin-con-una-emotiva-caminata-y-acto-en-el-historico-camino-real\\\/#webpage\"},\"isPartOf\":{\"@id\":\"https:\\\/\\\/lavozdelagente.com.ar\\\/index\\\/2026\\\/08\\\/14\\\/manogasta-homenajeo-a-san-martin-con-una-emotiva-caminata-y-acto-en-el-historico-camino-real\\\/#webpage\"},\"articleSection\":\"Santiago\"},{\"@type\":\"BreadcrumbList\",\"@id\":\"https:\\\/\\\/lavozdelagente.com.ar\\\/index\\\/2026\\\/08\\\/14\\\/manogasta-homenajeo-a-san-martin-con-una-emotiva-caminata-y-acto-en-el-historico-camino-real\\\/#breadcrumblist\",\"itemListElement\":[{\"@type\":\"ListItem\",\"@id\":\"https:\\\/\\\/lavozdelagente.com.ar\\\/index#listItem\",\"position\":1,\"name\":\"Home\",\"item\":\"https:\\\/\\\/lavozdelagente.com.ar\\\/index\",\"nextItem\":{\"@type\":\"ListItem\",\"@id\":\"https:\\\/\\\/lavozdelagente.com.ar\\\/index\\\/category\\\/santiago\\\/#listItem\",\"name\":\"Santiago\"}},{\"@type\":\"ListItem\",\"@id\":\"https:\\\/\\\/lavozdelagente.com.ar\\\/index\\\/category\\\/santiago\\\/#listItem\",\"position\":2,\"name\":\"Santiago\",\"item\":\"https:\\\/\\\/lavozdelagente.com.ar\\\/index\\\/category\\\/santiago\\\/\",\"nextItem\":{\"@type\":\"ListItem\",\"@id\":\"https:\\\/\\\/lavozdelagente.com.ar\\\/index\\\/2026\\\/08\\\/14\\\/manogasta-homenajeo-a-san-martin-con-una-emotiva-caminata-y-acto-en-el-historico-camino-real\\\/#listItem\",\"name\":\"Manogasta homenaje\\u00f3 a San Mart\\u00edn con una emotiva caminata y acto en el hist\\u00f3rico Camino Real\"},\"previousItem\":{\"@type\":\"ListItem\",\"@id\":\"https:\\\/\\\/lavozdelagente.com.ar\\\/index#listItem\",\"name\":\"Home\"}},{\"@type\":\"ListItem\",\"@id\":\"https:\\\/\\\/lavozdelagente.com.ar\\\/index\\\/2026\\\/08\\\/14\\\/manogasta-homenajeo-a-san-martin-con-una-emotiva-caminata-y-acto-en-el-historico-camino-real\\\/#listItem\",\"position\":3,\"name\":\"Manogasta homenaje\\u00f3 a San Mart\\u00edn con una emotiva caminata y acto en el hist\\u00f3rico Camino Real\",\"previousItem\":{\"@type\":\"ListItem\",\"@id\":\"https:\\\/\\\/lavozdelagente.com.ar\\\/index\\\/category\\\/santiago\\\/#listItem\",\"name\":\"Santiago\"}}]},{\"@type\":\"Person\",\"@id\":\"https:\\\/\\\/lavozdelagente.com.ar\\\/index\\\/author\\\/rober\\\/#author\",\"url\":\"https:\\\/\\\/lavozdelagente.com.ar\\\/index\\\/author\\\/rober\\\/\",\"name\":\"rober\",\"image\":{\"@type\":\"ImageObject\",\"@id\":\"https:\\\/\\\/lavozdelagente.com.ar\\\/index\\\/2026\\\/08\\\/14\\\/manogasta-homenajeo-a-san-martin-con-una-emotiva-caminata-y-acto-en-el-historico-camino-real\\\/#authorImage\",\"url\":\"https:\\\/\\\/secure.gravatar.com\\\/avatar\\\/901a62cd098b11a08c5fe38d2de0f8ad6b745f5d4f6413ad71e1630ac07766e0?s=96&d=mm&r=g\",\"width\":96,\"height\":96,\"caption\":\"rober\"}},{\"@type\":\"WebPage\",\"@id\":\"https:\\\/\\\/lavozdelagente.com.ar\\\/index\\\/2026\\\/08\\\/14\\\/manogasta-homenajeo-a-san-martin-con-una-emotiva-caminata-y-acto-en-el-historico-camino-real\\\/#webpage\",\"url\":\"https:\\\/\\\/lavozdelagente.com.ar\\\/index\\\/2026\\\/08\\\/14\\\/manogasta-homenajeo-a-san-martin-con-una-emotiva-caminata-y-acto-en-el-historico-camino-real\\\/\",\"name\":\"Manogasta homenaje\\u00f3 a San Mart\\u00edn con una emotiva caminata y acto en el hist\\u00f3rico Camino Real - LA VOZ DE LA GENTE\",\"description\":\"Con la presencia del vicegobernador Carlos Silva Neder, se realiz\\u00f3 este viernes el acto por el 176\\u00b0 aniversario del paso a la inmortalidad del general Jos\\u00e9 de San Mart\\u00edn, en Manogasta, departamento San Mart\\u00edn, en el sitio donde se encuentra el \\u00e1rbol hist\\u00f3rico de esta localidad, en el antiguo Camino Real. Acompa\\u00f1ado por el\",\"inLanguage\":\"es-ES\",\"isPartOf\":{\"@id\":\"https:\\\/\\\/lavozdelagente.com.ar\\\/index\\\/#website\"},\"breadcrumb\":{\"@id\":\"https:\\\/\\\/lavozdelagente.com.ar\\\/index\\\/2026\\\/08\\\/14\\\/manogasta-homenajeo-a-san-martin-con-una-emotiva-caminata-y-acto-en-el-historico-camino-real\\\/#breadcrumblist\"},\"author\":{\"@id\":\"https:\\\/\\\/lavozdelagente.com.ar\\\/index\\\/author\\\/rober\\\/#author\"},\"creator\":{\"@id\":\"https:\\\/\\\/lavozdelagente.com.ar\\\/index\\\/author\\\/rober\\\/#author\"},\"image\":{\"@type\":\"ImageObject\",\"url\":\"https:\\\/\\\/lavozdelagente.com.ar\\\/wp-content\\\/uploads\\\/2026\\\/08\\\/manogasta.jpeg\",\"@id\":\"https:\\\/\\\/lavozdelagente.com.ar\\\/index\\\/2026\\\/08\\\/14\\\/manogasta-homenajeo-a-san-martin-con-una-emotiva-caminata-y-acto-en-el-historico-camino-real\\\/#mainImage\",\"width\":1000,\"height\":666},\"primaryImageOfPage\":{\"@id\":\"https:\\\/\\\/lavozdelagente.com.ar\\\/index\\\/2026\\\/08\\\/14\\\/manogasta-homenajeo-a-san-martin-con-una-emotiva-caminata-y-acto-en-el-historico-camino-real\\\/#mainImage\"},\"datePublished\":\"2026-08-14T20:04:41+00:00\",\"dateModified\":\"2026-08-14T20:04:41+00:00\"},{\"@type\":\"WebSite\",\"@id\":\"https:\\\/\\\/lavozdelagente.com.ar\\\/index\\\/#website\",\"url\":\"https:\\\/\\\/lavozdelagente.com.ar\\\/index\\\/\",\"name\":\"LA VOZ DE LA GENTE\",\"description\":\"SDE\",\"inLanguage\":\"es-ES\",\"publisher\":{\"@id\":\"https:\\\/\\\/lavozdelagente.com.ar\\\/index\\\/#person\"}}]}\n\t\t<\/script>\n\t\t<!-- All in One SEO -->\n\n","aioseo_head_json":{"title":"Manogasta homenaje\u00f3 a San Mart\u00edn con una emotiva caminata y acto en el hist\u00f3rico Camino Real - LA VOZ DE LA GENTE","description":"Con la presencia del vicegobernador Carlos Silva Neder, se realiz\u00f3 este viernes el acto por el 176\u00b0 aniversario del paso a la inmortalidad del general Jos\u00e9 de San Mart\u00edn, en Manogasta, departamento San Mart\u00edn, en el sitio donde se encuentra el \u00e1rbol hist\u00f3rico de esta localidad, en el antiguo Camino Real. Acompa\u00f1ado por el","canonical_url":"https:\/\/lavozdelagente.com.ar\/index\/2026\/08\/14\/manogasta-homenajeo-a-san-martin-con-una-emotiva-caminata-y-acto-en-el-historico-camino-real\/","robots":"max-image-preview:large","keywords":"","webmasterTools":{"google-site-verification":"dJHDh1fUzR1o-UwpFfn1JyiF-0R1LCNFZReSb-gbgcE","miscellaneous":""},"schema":{"@context":"https:\/\/schema.org","@graph":[{"@type":"BlogPosting","@id":"https:\/\/lavozdelagente.com.ar\/index\/2026\/08\/14\/manogasta-homenajeo-a-san-martin-con-una-emotiva-caminata-y-acto-en-el-historico-camino-real\/#blogposting","name":"Manogasta homenaje\u00f3 a San Mart\u00edn con una emotiva caminata y acto en el hist\u00f3rico Camino Real - LA VOZ DE LA GENTE","headline":"Manogasta homenaje\u00f3 a San Mart\u00edn con una emotiva caminata y acto en el hist\u00f3rico Camino Real","author":{"@id":"https:\/\/lavozdelagente.com.ar\/index\/author\/rober\/#author"},"publisher":{"@id":"https:\/\/lavozdelagente.com.ar\/index\/#person"},"image":{"@type":"ImageObject","url":"https:\/\/lavozdelagente.com.ar\/wp-content\/uploads\/2026\/08\/manogasta.jpeg","width":1000,"height":666},"datePublished":"2026-08-14T20:04:41+00:00","dateModified":"2026-08-14T20:04:41+00:00","inLanguage":"es-ES","mainEntityOfPage":{"@id":"https:\/\/lavozdelagente.com.ar\/index\/2026\/08\/14\/manogasta-homenajeo-a-san-martin-con-una-emotiva-caminata-y-acto-en-el-historico-camino-real\/#webpage"},"isPartOf":{"@id":"https:\/\/lavozdelagente.com.ar\/index\/2026\/08\/14\/manogasta-homenajeo-a-san-martin-con-una-emotiva-caminata-y-acto-en-el-historico-camino-real\/#webpage"},"articleSection":"Santiago"},{"@type":"BreadcrumbList","@id":"https:\/\/lavozdelagente.com.ar\/index\/2026\/08\/14\/manogasta-homenajeo-a-san-martin-con-una-emotiva-caminata-y-acto-en-el-historico-camino-real\/#breadcrumblist","itemListElement":[{"@type":"ListItem","@id":"https:\/\/lavozdelagente.com.ar\/index#listItem","position":1,"name":"Home","item":"https:\/\/lavozdelagente.com.ar\/index","nextItem":{"@type":"ListItem","@id":"https:\/\/lavozdelagente.com.ar\/index\/category\/santiago\/#listItem","name":"Santiago"}},{"@type":"ListItem","@id":"https:\/\/lavozdelagente.com.ar\/index\/category\/santiago\/#listItem","position":2,"name":"Santiago","item":"https:\/\/lavozdelagente.com.ar\/index\/category\/santiago\/","nextItem":{"@type":"ListItem","@id":"https:\/\/lavozdelagente.com.ar\/index\/2026\/08\/14\/manogasta-homenajeo-a-san-martin-con-una-emotiva-caminata-y-acto-en-el-historico-camino-real\/#listItem","name":"Manogasta homenaje\u00f3 a San Mart\u00edn con una emotiva caminata y acto en el hist\u00f3rico Camino Real"},"previousItem":{"@type":"ListItem","@id":"https:\/\/lavozdelagente.com.ar\/index#listItem","name":"Home"}},{"@type":"ListItem","@id":"https:\/\/lavozdelagente.com.ar\/index\/2026\/08\/14\/manogasta-homenajeo-a-san-martin-con-una-emotiva-caminata-y-acto-en-el-historico-camino-real\/#listItem","position":3,"name":"Manogasta homenaje\u00f3 a San Mart\u00edn con una emotiva caminata y acto en el hist\u00f3rico Camino Real","previousItem":{"@type":"ListItem","@id":"https:\/\/lavozdelagente.com.ar\/index\/category\/santiago\/#listItem","name":"Santiago"}}]},{"@type":"Person","@id":"https:\/\/lavozdelagente.com.ar\/index\/author\/rober\/#author","url":"https:\/\/lavozdelagente.com.ar\/index\/author\/rober\/","name":"rober","image":{"@type":"ImageObject","@id":"https:\/\/lavozdelagente.com.ar\/index\/2026\/08\/14\/manogasta-homenajeo-a-san-martin-con-una-emotiva-caminata-y-acto-en-el-historico-camino-real\/#authorImage","url":"https:\/\/secure.gravatar.com\/avatar\/901a62cd098b11a08c5fe38d2de0f8ad6b745f5d4f6413ad71e1630ac07766e0?s=96&d=mm&r=g","width":96,"height":96,"caption":"rober"}},{"@type":"WebPage","@id":"https:\/\/lavozdelagente.com.ar\/index\/2026\/08\/14\/manogasta-homenajeo-a-san-martin-con-una-emotiva-caminata-y-acto-en-el-historico-camino-real\/#webpage","url":"https:\/\/lavozdelagente.com.ar\/index\/2026\/08\/14\/manogasta-homenajeo-a-san-martin-con-una-emotiva-caminata-y-acto-en-el-historico-camino-real\/","name":"Manogasta homenaje\u00f3 a San Mart\u00edn con una emotiva caminata y acto en el hist\u00f3rico Camino Real - LA VOZ DE LA GENTE","description":"Con la presencia del vicegobernador Carlos Silva Neder, se realiz\u00f3 este viernes el acto por el 176\u00b0 aniversario del paso a la inmortalidad del general Jos\u00e9 de San Mart\u00edn, en Manogasta, departamento San Mart\u00edn, en el sitio donde se encuentra el \u00e1rbol hist\u00f3rico de esta localidad, en el antiguo Camino Real. Acompa\u00f1ado por el","inLanguage":"es-ES","isPartOf":{"@id":"https:\/\/lavozdelagente.com.ar\/index\/#website"},"breadcrumb":{"@id":"https:\/\/lavozdelagente.com.ar\/index\/2026\/08\/14\/manogasta-homenajeo-a-san-martin-con-una-emotiva-caminata-y-acto-en-el-historico-camino-real\/#breadcrumblist"},"author":{"@id":"https:\/\/lavozdelagente.com.ar\/index\/author\/rober\/#author"},"creator":{"@id":"https:\/\/lavozdelagente.com.ar\/index\/author\/rober\/#author"},"image":{"@type":"ImageObject","url":"https:\/\/lavozdelagente.com.ar\/wp-content\/uploads\/2026\/08\/manogasta.jpeg","@id":"https:\/\/lavozdelagente.com.ar\/index\/2026\/08\/14\/manogasta-homenajeo-a-san-martin-con-una-emotiva-caminata-y-acto-en-el-historico-camino-real\/#mainImage","width":1000,"height":666},"primaryImageOfPage":{"@id":"https:\/\/lavozdelagente.com.ar\/index\/2026\/08\/14\/manogasta-homenajeo-a-san-martin-con-una-emotiva-caminata-y-acto-en-el-historico-camino-real\/#mainImage"},"datePublished":"2026-08-14T20:04:41+00:00","dateModified":"2026-08-14T20:04:41+00:00"},{"@type":"WebSite","@id":"https:\/\/lavozdelagente.com.ar\/index\/#website","url":"https:\/\/lavozdelagente.com.ar\/index\/","name":"LA VOZ DE LA GENTE","description":"SDE","inLanguage":"es-ES","publisher":{"@id":"https:\/\/lavozdelagente.com.ar\/index\/#person"}}]},"og:locale":"es_ES","og:site_name":"LA VOZ DE LA GENTE - SDE","og:type":"article","og:title":"Manogasta homenaje\u00f3 a San Mart\u00edn con una emotiva caminata y acto en el hist\u00f3rico Camino Real - LA VOZ DE LA GENTE","og:description":"Con la presencia del vicegobernador Carlos Silva Neder, se realiz\u00f3 este viernes el acto por el 176\u00b0 aniversario del paso a la inmortalidad del general Jos\u00e9 de San Mart\u00edn, en Manogasta, departamento San Mart\u00edn, en el sitio donde se encuentra el \u00e1rbol hist\u00f3rico de esta localidad, en el antiguo Camino Real. Acompa\u00f1ado por el","og:url":"https:\/\/lavozdelagente.com.ar\/index\/2026\/08\/14\/manogasta-homenajeo-a-san-martin-con-una-emotiva-caminata-y-acto-en-el-historico-camino-real\/","article:published_time":"2026-08-14T20:04:41+00:00","article:modified_time":"2026-08-14T20:04:41+00:00","twitter:card":"summary_large_image","twitter:title":"Manogasta homenaje\u00f3 a San Mart\u00edn con una emotiva caminata y acto en el hist\u00f3rico Camino Real - LA VOZ DE LA GENTE","twitter:description":"Con la presencia del vicegobernador Carlos Silva Neder, se realiz\u00f3 este viernes el acto por el 176\u00b0 aniversario del paso a la inmortalidad del general Jos\u00e9 de San Mart\u00edn, en Manogasta, departamento San Mart\u00edn, en el sitio donde se encuentra el \u00e1rbol hist\u00f3rico de esta localidad, en el antiguo Camino Real. Acompa\u00f1ado por el"},"aioseo_meta_data":{"post_id":"3435","title":null,"description":null,"keywords":null,"keyphrases":{"focus":{"keyphrase":"","score":0,"analysis":{"keyphraseInTitle":{"score":0,"maxScore":9,"error":1}}},"additional":[]},"primary_term":null,"canonical_url":null,"og_title":null,"og_description":null,"og_object_type":"default","og_image_type":"default","og_image_url":null,"og_image_width":null,"og_image_height":null,"og_image_custom_url":null,"og_image_custom_fields":null,"og_video":"","og_custom_url":null,"og_article_section":null,"og_article_tags":null,"twitter_use_og":false,"twitter_card":"default","twitter_image_type":"default","twitter_image_url":null,"twitter_image_custom_url":null,"twitter_image_custom_fields":null,"twitter_title":null,"twitter_description":null,"schema":{"blockGraphs":[],"customGraphs":[],"default":{"data":{"Article":[],"Course":[],"Dataset":[],"FAQPage":[],"Movie":[],"Person":[],"Product":[],"ProductReview":[],"Car":[],"Recipe":[],"Service":[],"SoftwareApplication":[],"WebPage":[]},"graphName":"BlogPosting","isEnabled":true},"graphs":[]},"schema_type":"default","schema_type_options":null,"pillar_content":false,"robots_default":true,"robots_noindex":false,"robots_noarchive":false,"robots_nosnippet":false,"robots_nofollow":false,"robots_noimageindex":false,"robots_noodp":false,"robots_notranslate":false,"robots_max_snippet":"-1","robots_max_videopreview":"-1","robots_max_imagepreview":"large","priority":null,"frequency":"default","local_seo":null,"breadcrumb_settings":null,"limit_modified_date":false,"ai":{"faqs":[],"keyPoints":[],"schemas":[],"titles":[],"descriptions":[],"socialPosts":{"email":{"subject":"","preview":"","content":""},"linkedin":[],"twitter":[],"facebook":[],"instagram":[]}},"created":"2026-08-14 20:04:41","updated":"2026-08-16 07:43:46","seo_analyzer_scan_date":null,"focus_keyword":null,"additional_keywords":null,"truseo_locale":null},"aioseo_breadcrumb":"<div class=\"aioseo-breadcrumbs\"><span class=\"aioseo-breadcrumb\">\n\t\t\t<a href=\"https:\/\/lavozdelagente.com.ar\/index\" title=\"Home\">Home<\/a>\n\t\t<\/span><span class=\"aioseo-breadcrumb-separator\">&raquo;<\/span><span class=\"aioseo-breadcrumb\">\n\t\t\t<a href=\"https:\/\/lavozdelagente.com.ar\/index\/category\/santiago\/\" title=\"Santiago\">Santiago<\/a>\n\t\t<\/span><span class=\"aioseo-breadcrumb-separator\">&raquo;<\/span><span class=\"aioseo-breadcrumb\">\n\t\t\tManogasta homenaje\u00f3 a San Mart\u00edn con una emotiva caminata y acto en el hist\u00f3rico Camino Real\n\t\t<\/span><\/div>","aioseo_breadcrumb_json":[{"label":"Home","link":"https:\/\/lavozdelagente.com.ar\/index"},{"label":"Santiago","link":"https:\/\/lavozdelagente.com.ar\/index\/category\/santiago\/"},{"label":"Manogasta homenaje\u00f3 a San Mart\u00edn con una emotiva caminata y acto en el hist\u00f3rico Camino Real","link":"https:\/\/lavozdelagente.com.ar\/index\/2026\/08\/14\/manogasta-homenajeo-a-san-martin-con-una-emotiva-caminata-y-acto-en-el-historico-camino-real\/"}],"rttpg_featured_image_url":{"full":["https:\/\/lavozdelagente.com.ar\/wp-content\/uploads\/2026\/08\/manogasta.jpeg",1000,666,false],"landscape":["https:\/\/lavozdelagente.com.ar\/wp-content\/uploads\/2026\/08\/manogasta.jpeg",1000,666,false],"portraits":["https:\/\/lavozdelagente.com.ar\/wp-content\/uploads\/2026\/08\/manogasta.jpeg",1000,666,false],"thumbnail":["https:\/\/lavozdelagente.com.ar\/wp-content\/uploads\/2026\/08\/manogasta-150x150.jpeg",150,150,true],"medium":["https:\/\/lavozdelagente.com.ar\/wp-content\/uploads\/2026\/08\/manogasta-300x200.jpeg",300,200,true],"large":["https:\/\/lavozdelagente.com.ar\/wp-content\/uploads\/2026\/08\/manogasta.jpeg",800,533,false],"1536x1536":["https:\/\/lavozdelagente.com.ar\/wp-content\/uploads\/2026\/08\/manogasta.jpeg",1000,666,false],"2048x2048":["https:\/\/lavozdelagente.com.ar\/wp-content\/uploads\/2026\/08\/manogasta.jpeg",1000,666,false],"colormag-highlighted-post":["https:\/\/lavozdelagente.com.ar\/wp-content\/uploads\/2026\/08\/manogasta-392x272.jpeg",392,272,true],"colormag-featured-post-medium":["https:\/\/lavozdelagente.com.ar\/wp-content\/uploads\/2026\/08\/manogasta-390x205.jpeg",390,205,true],"colormag-featured-post-small":["https:\/\/lavozdelagente.com.ar\/wp-content\/uploads\/2026\/08\/manogasta-130x90.jpeg",130,90,true],"colormag-featured-image":["https:\/\/lavozdelagente.com.ar\/wp-content\/uploads\/2026\/08\/manogasta-800x445.jpeg",800,445,true],"colormag-default-news":["https:\/\/lavozdelagente.com.ar\/wp-content\/uploads\/2026\/08\/manogasta-150x150.jpeg",150,150,true],"colormag-featured-image-large":["https:\/\/lavozdelagente.com.ar\/wp-content\/uploads\/2026\/08\/manogasta-1000x600.jpeg",1000,600,true]},"rttpg_author":{"display_name":"rober","author_link":"https:\/\/lavozdelagente.com.ar\/index\/author\/rober\/"},"rttpg_comment":0,"rttpg_category":"<a href=\"https:\/\/lavozdelagente.com.ar\/index\/category\/santiago\/\" rel=\"category tag\">Santiago<\/a>","rttpg_excerpt":"&nbsp; Con la presencia del vicegobernador Carlos Silva Neder, se realiz\u00f3 este viernes el acto por el 176\u00b0 aniversario del","_links":{"self":[{"href":"https:\/\/lavozdelagente.com.ar\/index\/wp-json\/wp\/v2\/posts\/3435","targetHints":{"allow":["GET"]}}],"collection":[{"href":"https:\/\/lavozdelagente.com.ar\/index\/wp-json\/wp\/v2\/posts"}],"about":[{"href":"https:\/\/lavozdelagente.com.ar\/index\/wp-json\/wp\/v2\/types\/post"}],"author":[{"embeddable":true,"href":"https:\/\/lavozdelagente.com.ar\/index\/wp-json\/wp\/v2\/users\/2"}],"replies":[{"embeddable":true,"href":"https:\/\/lavozdelagente.com.ar\/index\/wp-json\/wp\/v2\/comments?post=3435"}],"version-history":[{"count":1,"href":"https:\/\/lavozdelagente.com.ar\/index\/wp-json\/wp\/v2\/posts\/3435\/revisions"}],"predecessor-version":[{"id":3437,"href":"https:\/\/lavozdelagente.com.ar\/index\/wp-json\/wp\/v2\/posts\/3435\/revisions\/3437"}],"wp:featuredmedia":[{"embeddable":true,"href":"https:\/\/lavozdelagente.com.ar\/index\/wp-json\/wp\/v2\/media\/3436"}],"wp:attachment":[{"href":"https:\/\/lavozdelagente.com.ar\/index\/wp-json\/wp\/v2\/media?parent=3435"}],"wp:term":[{"taxonomy":"category","embeddable":true,"href":"https:\/\/lavozdelagente.com.ar\/index\/wp-json\/wp\/v2\/categories?post=3435"},{"taxonomy":"post_tag","embeddable":true,"href":"https:\/\/lavozdelagente.com.ar\/index\/wp-json\/wp\/v2\/tags?post=3435"}],"curies":[{"name":"wp","href":"https:\/\/api.w.org\/{rel}","templated":true}]}}