{"id":3438,"date":"2026-08-17T18:25:09","date_gmt":"2026-08-17T18:25:09","guid":{"rendered":"https:\/\/lavozdelagente.com.ar\/index\/?p=3438"},"modified":"2026-08-17T18:25:09","modified_gmt":"2026-08-17T18:25:09","slug":"vence-el-plazo-establecido-en-el-memorando-de-entendimiento-firmado-entre-iran-y-estados-unidos","status":"publish","type":"post","link":"https:\/\/lavozdelagente.com.ar\/index\/2026\/08\/17\/vence-el-plazo-establecido-en-el-memorando-de-entendimiento-firmado-entre-iran-y-estados-unidos\/","title":{"rendered":"Vence el plazo establecido en el memorando de entendimiento firmado entre Ir\u00e1n y Estados Unidos"},"content":{"rendered":"<p>Ir\u00e1n afirm\u00f3 este lunes que no le preocupa el vencimiento del plazo establecido en el memorando de entendimiento firmado con Estados Unidos para negociar un acuerdo de paz permanente, debido a las violaciones estadounidenses de los compromisos adquiridos en el texto, constat\u00f3 la Agencia Noticias Argentinas.<\/p>\n<p>\u00abEl plazo de 60 d\u00edas para las conversaciones es irrelevante\u00bb, declar\u00f3 el portavoz del Ministerio de Exteriores iran\u00ed, Ismail Bagaei, en una rueda de prensa recogida por la agencia IRNA.<\/p>\n<p>El diplom\u00e1tico indic\u00f3 que \u00abla aplicaci\u00f3n (del acuerdo) se encuentra totalmente paralizada por las flagrantes violaciones\u00bb de Estados Unidos del memorando de entendimiento firmado el 17 de junio.<\/p>\n<p>El memorando de entendimiento establec\u00eda el fin de las hostilidades, la reapertura del estrecho de Ormuz, el levantamiento de la prohibici\u00f3n de la venta de petr\u00f3leo iran\u00ed en los mercados internacionales y el fin del bloqueo a los puertos y buques iran\u00edes, entre otras cuestiones.<\/p>\n<p>Un texto de 14 puntos<br \/>\nEl texto de 14 puntos establec\u00eda adem\u00e1s un periodo de 60 d\u00edas para negociar un acuerdo definitivo sobre el programa nuclear iran\u00ed y el levantamiento total de sanciones.<\/p>\n<p>\u00abLas negociaciones nunca llegaron a iniciarse porque Estados Unidos, apenas unas semanas despu\u00e9s de firmar el memor\u00e1ndum de entendimiento, cometi\u00f3 violaciones flagrantes y generalizadas de su texto, por lo que el plazo de 60 d\u00edas para las conversaciones ya no es pertinente\u00bb, a\u00f1adi\u00f3 Bagaei.<\/p>\n<p>Ir\u00e1n podr\u00eda pasar a la \u00abofensiva\u00bb<br \/>\nEn una entrevista con la televisi\u00f3n iran\u00ed recogida este lunes por la agencia IRNA, un alto comandante de la Guardia Revolucionaria de Ir\u00e1n (IRGC, por sus siglas en ingl\u00e9s) abog\u00f3 la noche del domingo por una \u00abreorganizaci\u00f3n, modernizaci\u00f3n y desarrollo de la doctrina de defensa de la Rep\u00fablica Isl\u00e1mica\u00bb.<\/p>\n<p>\u00abDe ahora en adelante, toda acci\u00f3n que emprendamos, incluso si es defensiva, debe tener un car\u00e1cter ofensivo\u00bb, asever\u00f3 el subcomandante de la IRGC para Asuntos Pol\u00edticos, Yadollah Javani.<\/p>\n<p>Finalmente se\u00f1al\u00f3 que las fuerzas armadas iran\u00edes \u00abadoptar\u00e1n enfoques transformadores\u00bb, seg\u00fan un informe del sitio DW.<\/p>\n<p>Agencia NA<\/p>\n","protected":false},"excerpt":{"rendered":"<p>Ir\u00e1n afirm\u00f3 este lunes que no le preocupa el vencimiento del plazo establecido en el memorando de entendimiento firmado con<\/p>\n","protected":false},"author":2,"featured_media":3439,"comment_status":"open","ping_status":"open","sticky":false,"template":"","format":"standard","meta":{"colormag_page_container_layout":"default_layout","colormag_page_sidebar_layout":"default_layout","om_disable_all_campaigns":false,"_monsterinsights_skip_tracking":false,"footnotes":""},"categories":[6],"tags":[],"class_list":["post-3438","post","type-post","status-publish","format-standard","has-post-thumbnail","hentry","category-varios"],"aioseo_notices":[],"aioseo_head":"\n\t\t<!-- All in One SEO 5.0.1.1 - aioseo.com -->\n\t<meta name=\"description\" content=\"Ir\u00e1n afirm\u00f3 este lunes que no le preocupa el vencimiento del plazo establecido en el memorando de entendimiento firmado con Estados Unidos para negociar un acuerdo de paz permanente, debido a las violaciones estadounidenses de los compromisos adquiridos en el texto, constat\u00f3 la Agencia Noticias Argentinas. &quot;El plazo de 60 d\u00edas para las conversaciones es\" \/>\n\t<meta name=\"robots\" content=\"max-image-preview:large\" \/>\n\t<meta name=\"author\" content=\"rober\"\/>\n\t<meta name=\"google-site-verification\" content=\"dJHDh1fUzR1o-UwpFfn1JyiF-0R1LCNFZReSb-gbgcE\" \/>\n\t<link rel=\"canonical\" href=\"https:\/\/lavozdelagente.com.ar\/index\/2026\/08\/17\/vence-el-plazo-establecido-en-el-memorando-de-entendimiento-firmado-entre-iran-y-estados-unidos\/\" \/>\n\t<meta name=\"generator\" content=\"All in One SEO (AIOSEO) 5.0.1.1\" \/>\n\t\t<meta property=\"og:locale\" content=\"es_ES\" \/>\n\t\t<meta property=\"og:site_name\" content=\"LA VOZ DE LA GENTE - SDE\" \/>\n\t\t<meta property=\"og:type\" content=\"article\" \/>\n\t\t<meta property=\"og:title\" content=\"Vence el plazo establecido en el memorando de entendimiento firmado entre Ir\u00e1n y Estados Unidos - LA VOZ DE LA GENTE\" \/>\n\t\t<meta property=\"og:description\" content=\"Ir\u00e1n afirm\u00f3 este lunes que no le preocupa el vencimiento del plazo establecido en el memorando de entendimiento firmado con Estados Unidos para negociar un acuerdo de paz permanente, debido a las violaciones estadounidenses de los compromisos adquiridos en el texto, constat\u00f3 la Agencia Noticias Argentinas. &quot;El plazo de 60 d\u00edas para las conversaciones es\" \/>\n\t\t<meta property=\"og:url\" content=\"https:\/\/lavozdelagente.com.ar\/index\/2026\/08\/17\/vence-el-plazo-establecido-en-el-memorando-de-entendimiento-firmado-entre-iran-y-estados-unidos\/\" \/>\n\t\t<meta property=\"article:published_time\" content=\"2026-08-17T18:25:09+00:00\" \/>\n\t\t<meta property=\"article:modified_time\" content=\"2026-08-17T18:25:09+00:00\" \/>\n\t\t<meta name=\"twitter:card\" content=\"summary_large_image\" \/>\n\t\t<meta name=\"twitter:title\" content=\"Vence el plazo establecido en el memorando de entendimiento firmado entre Ir\u00e1n y Estados Unidos - LA VOZ DE LA GENTE\" \/>\n\t\t<meta name=\"twitter:description\" content=\"Ir\u00e1n afirm\u00f3 este lunes que no le preocupa el vencimiento del plazo establecido en el memorando de entendimiento firmado con Estados Unidos para negociar un acuerdo de paz permanente, debido a las violaciones estadounidenses de los compromisos adquiridos en el texto, constat\u00f3 la Agencia Noticias Argentinas. &quot;El plazo de 60 d\u00edas para las conversaciones es\" \/>\n\t\t<script type=\"application\/ld+json\" class=\"aioseo-schema\">\n\t\t\t{\"@context\":\"https:\\\/\\\/schema.org\",\"@graph\":[{\"@type\":\"BlogPosting\",\"@id\":\"https:\\\/\\\/lavozdelagente.com.ar\\\/index\\\/2026\\\/08\\\/17\\\/vence-el-plazo-establecido-en-el-memorando-de-entendimiento-firmado-entre-iran-y-estados-unidos\\\/#blogposting\",\"name\":\"Vence el plazo establecido en el memorando de entendimiento firmado entre Ir\\u00e1n y Estados Unidos - LA VOZ DE LA GENTE\",\"headline\":\"Vence el plazo establecido en el memorando de entendimiento firmado entre Ir\\u00e1n y Estados Unidos\",\"author\":{\"@id\":\"https:\\\/\\\/lavozdelagente.com.ar\\\/index\\\/author\\\/rober\\\/#author\"},\"publisher\":{\"@id\":\"https:\\\/\\\/lavozdelagente.com.ar\\\/index\\\/#person\"},\"image\":{\"@type\":\"ImageObject\",\"url\":\"https:\\\/\\\/lavozdelagente.com.ar\\\/wp-content\\\/uploads\\\/2026\\\/08\\\/theram.avif\",\"width\":811,\"height\":540},\"datePublished\":\"2026-08-17T18:25:09+00:00\",\"dateModified\":\"2026-08-17T18:25:09+00:00\",\"inLanguage\":\"es-ES\",\"mainEntityOfPage\":{\"@id\":\"https:\\\/\\\/lavozdelagente.com.ar\\\/index\\\/2026\\\/08\\\/17\\\/vence-el-plazo-establecido-en-el-memorando-de-entendimiento-firmado-entre-iran-y-estados-unidos\\\/#webpage\"},\"isPartOf\":{\"@id\":\"https:\\\/\\\/lavozdelagente.com.ar\\\/index\\\/2026\\\/08\\\/17\\\/vence-el-plazo-establecido-en-el-memorando-de-entendimiento-firmado-entre-iran-y-estados-unidos\\\/#webpage\"},\"articleSection\":\"Varios\"},{\"@type\":\"BreadcrumbList\",\"@id\":\"https:\\\/\\\/lavozdelagente.com.ar\\\/index\\\/2026\\\/08\\\/17\\\/vence-el-plazo-establecido-en-el-memorando-de-entendimiento-firmado-entre-iran-y-estados-unidos\\\/#breadcrumblist\",\"itemListElement\":[{\"@type\":\"ListItem\",\"@id\":\"https:\\\/\\\/lavozdelagente.com.ar\\\/index#listItem\",\"position\":1,\"name\":\"Home\",\"item\":\"https:\\\/\\\/lavozdelagente.com.ar\\\/index\",\"nextItem\":{\"@type\":\"ListItem\",\"@id\":\"https:\\\/\\\/lavozdelagente.com.ar\\\/index\\\/category\\\/varios\\\/#listItem\",\"name\":\"Varios\"}},{\"@type\":\"ListItem\",\"@id\":\"https:\\\/\\\/lavozdelagente.com.ar\\\/index\\\/category\\\/varios\\\/#listItem\",\"position\":2,\"name\":\"Varios\",\"item\":\"https:\\\/\\\/lavozdelagente.com.ar\\\/index\\\/category\\\/varios\\\/\",\"nextItem\":{\"@type\":\"ListItem\",\"@id\":\"https:\\\/\\\/lavozdelagente.com.ar\\\/index\\\/2026\\\/08\\\/17\\\/vence-el-plazo-establecido-en-el-memorando-de-entendimiento-firmado-entre-iran-y-estados-unidos\\\/#listItem\",\"name\":\"Vence el plazo establecido en el memorando de entendimiento firmado entre Ir\\u00e1n y Estados Unidos\"},\"previousItem\":{\"@type\":\"ListItem\",\"@id\":\"https:\\\/\\\/lavozdelagente.com.ar\\\/index#listItem\",\"name\":\"Home\"}},{\"@type\":\"ListItem\",\"@id\":\"https:\\\/\\\/lavozdelagente.com.ar\\\/index\\\/2026\\\/08\\\/17\\\/vence-el-plazo-establecido-en-el-memorando-de-entendimiento-firmado-entre-iran-y-estados-unidos\\\/#listItem\",\"position\":3,\"name\":\"Vence el plazo establecido en el memorando de entendimiento firmado entre Ir\\u00e1n y Estados Unidos\",\"previousItem\":{\"@type\":\"ListItem\",\"@id\":\"https:\\\/\\\/lavozdelagente.com.ar\\\/index\\\/category\\\/varios\\\/#listItem\",\"name\":\"Varios\"}}]},{\"@type\":\"Person\",\"@id\":\"https:\\\/\\\/lavozdelagente.com.ar\\\/index\\\/author\\\/rober\\\/#author\",\"url\":\"https:\\\/\\\/lavozdelagente.com.ar\\\/index\\\/author\\\/rober\\\/\",\"name\":\"rober\",\"image\":{\"@type\":\"ImageObject\",\"@id\":\"https:\\\/\\\/lavozdelagente.com.ar\\\/index\\\/2026\\\/08\\\/17\\\/vence-el-plazo-establecido-en-el-memorando-de-entendimiento-firmado-entre-iran-y-estados-unidos\\\/#authorImage\",\"url\":\"https:\\\/\\\/secure.gravatar.com\\\/avatar\\\/901a62cd098b11a08c5fe38d2de0f8ad6b745f5d4f6413ad71e1630ac07766e0?s=96&d=mm&r=g\",\"width\":96,\"height\":96,\"caption\":\"rober\"}},{\"@type\":\"WebPage\",\"@id\":\"https:\\\/\\\/lavozdelagente.com.ar\\\/index\\\/2026\\\/08\\\/17\\\/vence-el-plazo-establecido-en-el-memorando-de-entendimiento-firmado-entre-iran-y-estados-unidos\\\/#webpage\",\"url\":\"https:\\\/\\\/lavozdelagente.com.ar\\\/index\\\/2026\\\/08\\\/17\\\/vence-el-plazo-establecido-en-el-memorando-de-entendimiento-firmado-entre-iran-y-estados-unidos\\\/\",\"name\":\"Vence el plazo establecido en el memorando de entendimiento firmado entre Ir\\u00e1n y Estados Unidos - LA VOZ DE LA GENTE\",\"description\":\"Ir\\u00e1n afirm\\u00f3 este lunes que no le preocupa el vencimiento del plazo establecido en el memorando de entendimiento firmado con Estados Unidos para negociar un acuerdo de paz permanente, debido a las violaciones estadounidenses de los compromisos adquiridos en el texto, constat\\u00f3 la Agencia Noticias Argentinas. \\\"El plazo de 60 d\\u00edas para las conversaciones es\",\"inLanguage\":\"es-ES\",\"isPartOf\":{\"@id\":\"https:\\\/\\\/lavozdelagente.com.ar\\\/index\\\/#website\"},\"breadcrumb\":{\"@id\":\"https:\\\/\\\/lavozdelagente.com.ar\\\/index\\\/2026\\\/08\\\/17\\\/vence-el-plazo-establecido-en-el-memorando-de-entendimiento-firmado-entre-iran-y-estados-unidos\\\/#breadcrumblist\"},\"author\":{\"@id\":\"https:\\\/\\\/lavozdelagente.com.ar\\\/index\\\/author\\\/rober\\\/#author\"},\"creator\":{\"@id\":\"https:\\\/\\\/lavozdelagente.com.ar\\\/index\\\/author\\\/rober\\\/#author\"},\"image\":{\"@type\":\"ImageObject\",\"url\":\"https:\\\/\\\/lavozdelagente.com.ar\\\/wp-content\\\/uploads\\\/2026\\\/08\\\/theram.avif\",\"@id\":\"https:\\\/\\\/lavozdelagente.com.ar\\\/index\\\/2026\\\/08\\\/17\\\/vence-el-plazo-establecido-en-el-memorando-de-entendimiento-firmado-entre-iran-y-estados-unidos\\\/#mainImage\",\"width\":811,\"height\":540},\"primaryImageOfPage\":{\"@id\":\"https:\\\/\\\/lavozdelagente.com.ar\\\/index\\\/2026\\\/08\\\/17\\\/vence-el-plazo-establecido-en-el-memorando-de-entendimiento-firmado-entre-iran-y-estados-unidos\\\/#mainImage\"},\"datePublished\":\"2026-08-17T18:25:09+00:00\",\"dateModified\":\"2026-08-17T18:25:09+00:00\"},{\"@type\":\"WebSite\",\"@id\":\"https:\\\/\\\/lavozdelagente.com.ar\\\/index\\\/#website\",\"url\":\"https:\\\/\\\/lavozdelagente.com.ar\\\/index\\\/\",\"name\":\"LA VOZ DE LA GENTE\",\"description\":\"SDE\",\"inLanguage\":\"es-ES\",\"publisher\":{\"@id\":\"https:\\\/\\\/lavozdelagente.com.ar\\\/index\\\/#person\"}}]}\n\t\t<\/script>\n\t\t<!-- All in One SEO -->\n\n","aioseo_head_json":{"title":"Vence el plazo establecido en el memorando de entendimiento firmado entre Ir\u00e1n y Estados Unidos - LA VOZ DE LA GENTE","description":"Ir\u00e1n afirm\u00f3 este lunes que no le preocupa el vencimiento del plazo establecido en el memorando de entendimiento firmado con Estados Unidos para negociar un acuerdo de paz permanente, debido a las violaciones estadounidenses de los compromisos adquiridos en el texto, constat\u00f3 la Agencia Noticias Argentinas. \"El plazo de 60 d\u00edas para las conversaciones es","canonical_url":"https:\/\/lavozdelagente.com.ar\/index\/2026\/08\/17\/vence-el-plazo-establecido-en-el-memorando-de-entendimiento-firmado-entre-iran-y-estados-unidos\/","robots":"max-image-preview:large","keywords":"","webmasterTools":{"google-site-verification":"dJHDh1fUzR1o-UwpFfn1JyiF-0R1LCNFZReSb-gbgcE","miscellaneous":""},"schema":{"@context":"https:\/\/schema.org","@graph":[{"@type":"BlogPosting","@id":"https:\/\/lavozdelagente.com.ar\/index\/2026\/08\/17\/vence-el-plazo-establecido-en-el-memorando-de-entendimiento-firmado-entre-iran-y-estados-unidos\/#blogposting","name":"Vence el plazo establecido en el memorando de entendimiento firmado entre Ir\u00e1n y Estados Unidos - LA VOZ DE LA GENTE","headline":"Vence el plazo establecido en el memorando de entendimiento firmado entre Ir\u00e1n y Estados Unidos","author":{"@id":"https:\/\/lavozdelagente.com.ar\/index\/author\/rober\/#author"},"publisher":{"@id":"https:\/\/lavozdelagente.com.ar\/index\/#person"},"image":{"@type":"ImageObject","url":"https:\/\/lavozdelagente.com.ar\/wp-content\/uploads\/2026\/08\/theram.avif","width":811,"height":540},"datePublished":"2026-08-17T18:25:09+00:00","dateModified":"2026-08-17T18:25:09+00:00","inLanguage":"es-ES","mainEntityOfPage":{"@id":"https:\/\/lavozdelagente.com.ar\/index\/2026\/08\/17\/vence-el-plazo-establecido-en-el-memorando-de-entendimiento-firmado-entre-iran-y-estados-unidos\/#webpage"},"isPartOf":{"@id":"https:\/\/lavozdelagente.com.ar\/index\/2026\/08\/17\/vence-el-plazo-establecido-en-el-memorando-de-entendimiento-firmado-entre-iran-y-estados-unidos\/#webpage"},"articleSection":"Varios"},{"@type":"BreadcrumbList","@id":"https:\/\/lavozdelagente.com.ar\/index\/2026\/08\/17\/vence-el-plazo-establecido-en-el-memorando-de-entendimiento-firmado-entre-iran-y-estados-unidos\/#breadcrumblist","itemListElement":[{"@type":"ListItem","@id":"https:\/\/lavozdelagente.com.ar\/index#listItem","position":1,"name":"Home","item":"https:\/\/lavozdelagente.com.ar\/index","nextItem":{"@type":"ListItem","@id":"https:\/\/lavozdelagente.com.ar\/index\/category\/varios\/#listItem","name":"Varios"}},{"@type":"ListItem","@id":"https:\/\/lavozdelagente.com.ar\/index\/category\/varios\/#listItem","position":2,"name":"Varios","item":"https:\/\/lavozdelagente.com.ar\/index\/category\/varios\/","nextItem":{"@type":"ListItem","@id":"https:\/\/lavozdelagente.com.ar\/index\/2026\/08\/17\/vence-el-plazo-establecido-en-el-memorando-de-entendimiento-firmado-entre-iran-y-estados-unidos\/#listItem","name":"Vence el plazo establecido en el memorando de entendimiento firmado entre Ir\u00e1n y Estados Unidos"},"previousItem":{"@type":"ListItem","@id":"https:\/\/lavozdelagente.com.ar\/index#listItem","name":"Home"}},{"@type":"ListItem","@id":"https:\/\/lavozdelagente.com.ar\/index\/2026\/08\/17\/vence-el-plazo-establecido-en-el-memorando-de-entendimiento-firmado-entre-iran-y-estados-unidos\/#listItem","position":3,"name":"Vence el plazo establecido en el memorando de entendimiento firmado entre Ir\u00e1n y Estados Unidos","previousItem":{"@type":"ListItem","@id":"https:\/\/lavozdelagente.com.ar\/index\/category\/varios\/#listItem","name":"Varios"}}]},{"@type":"Person","@id":"https:\/\/lavozdelagente.com.ar\/index\/author\/rober\/#author","url":"https:\/\/lavozdelagente.com.ar\/index\/author\/rober\/","name":"rober","image":{"@type":"ImageObject","@id":"https:\/\/lavozdelagente.com.ar\/index\/2026\/08\/17\/vence-el-plazo-establecido-en-el-memorando-de-entendimiento-firmado-entre-iran-y-estados-unidos\/#authorImage","url":"https:\/\/secure.gravatar.com\/avatar\/901a62cd098b11a08c5fe38d2de0f8ad6b745f5d4f6413ad71e1630ac07766e0?s=96&d=mm&r=g","width":96,"height":96,"caption":"rober"}},{"@type":"WebPage","@id":"https:\/\/lavozdelagente.com.ar\/index\/2026\/08\/17\/vence-el-plazo-establecido-en-el-memorando-de-entendimiento-firmado-entre-iran-y-estados-unidos\/#webpage","url":"https:\/\/lavozdelagente.com.ar\/index\/2026\/08\/17\/vence-el-plazo-establecido-en-el-memorando-de-entendimiento-firmado-entre-iran-y-estados-unidos\/","name":"Vence el plazo establecido en el memorando de entendimiento firmado entre Ir\u00e1n y Estados Unidos - LA VOZ DE LA GENTE","description":"Ir\u00e1n afirm\u00f3 este lunes que no le preocupa el vencimiento del plazo establecido en el memorando de entendimiento firmado con Estados Unidos para negociar un acuerdo de paz permanente, debido a las violaciones estadounidenses de los compromisos adquiridos en el texto, constat\u00f3 la Agencia Noticias Argentinas. \"El plazo de 60 d\u00edas para las conversaciones es","inLanguage":"es-ES","isPartOf":{"@id":"https:\/\/lavozdelagente.com.ar\/index\/#website"},"breadcrumb":{"@id":"https:\/\/lavozdelagente.com.ar\/index\/2026\/08\/17\/vence-el-plazo-establecido-en-el-memorando-de-entendimiento-firmado-entre-iran-y-estados-unidos\/#breadcrumblist"},"author":{"@id":"https:\/\/lavozdelagente.com.ar\/index\/author\/rober\/#author"},"creator":{"@id":"https:\/\/lavozdelagente.com.ar\/index\/author\/rober\/#author"},"image":{"@type":"ImageObject","url":"https:\/\/lavozdelagente.com.ar\/wp-content\/uploads\/2026\/08\/theram.avif","@id":"https:\/\/lavozdelagente.com.ar\/index\/2026\/08\/17\/vence-el-plazo-establecido-en-el-memorando-de-entendimiento-firmado-entre-iran-y-estados-unidos\/#mainImage","width":811,"height":540},"primaryImageOfPage":{"@id":"https:\/\/lavozdelagente.com.ar\/index\/2026\/08\/17\/vence-el-plazo-establecido-en-el-memorando-de-entendimiento-firmado-entre-iran-y-estados-unidos\/#mainImage"},"datePublished":"2026-08-17T18:25:09+00:00","dateModified":"2026-08-17T18:25:09+00:00"},{"@type":"WebSite","@id":"https:\/\/lavozdelagente.com.ar\/index\/#website","url":"https:\/\/lavozdelagente.com.ar\/index\/","name":"LA VOZ DE LA GENTE","description":"SDE","inLanguage":"es-ES","publisher":{"@id":"https:\/\/lavozdelagente.com.ar\/index\/#person"}}]},"og:locale":"es_ES","og:site_name":"LA VOZ DE LA GENTE - SDE","og:type":"article","og:title":"Vence el plazo establecido en el memorando de entendimiento firmado entre Ir\u00e1n y Estados Unidos - LA VOZ DE LA GENTE","og:description":"Ir\u00e1n afirm\u00f3 este lunes que no le preocupa el vencimiento del plazo establecido en el memorando de entendimiento firmado con Estados Unidos para negociar un acuerdo de paz permanente, debido a las violaciones estadounidenses de los compromisos adquiridos en el texto, constat\u00f3 la Agencia Noticias Argentinas. &quot;El plazo de 60 d\u00edas para las conversaciones es","og:url":"https:\/\/lavozdelagente.com.ar\/index\/2026\/08\/17\/vence-el-plazo-establecido-en-el-memorando-de-entendimiento-firmado-entre-iran-y-estados-unidos\/","article:published_time":"2026-08-17T18:25:09+00:00","article:modified_time":"2026-08-17T18:25:09+00:00","twitter:card":"summary_large_image","twitter:title":"Vence el plazo establecido en el memorando de entendimiento firmado entre Ir\u00e1n y Estados Unidos - LA VOZ DE LA GENTE","twitter:description":"Ir\u00e1n afirm\u00f3 este lunes que no le preocupa el vencimiento del plazo establecido en el memorando de entendimiento firmado con Estados Unidos para negociar un acuerdo de paz permanente, debido a las violaciones estadounidenses de los compromisos adquiridos en el texto, constat\u00f3 la Agencia Noticias Argentinas. &quot;El plazo de 60 d\u00edas para las conversaciones es"},"aioseo_meta_data":{"post_id":"3438","title":null,"description":null,"keywords":null,"keyphrases":{"focus":{"keyphrase":"","score":0,"analysis":{"keyphraseInTitle":{"score":0,"maxScore":9,"error":1}}},"additional":[]},"primary_term":null,"canonical_url":null,"og_title":null,"og_description":null,"og_object_type":"default","og_image_type":"default","og_image_url":null,"og_image_width":null,"og_image_height":null,"og_image_custom_url":null,"og_image_custom_fields":null,"og_video":"","og_custom_url":null,"og_article_section":null,"og_article_tags":null,"twitter_use_og":false,"twitter_card":"default","twitter_image_type":"default","twitter_image_url":null,"twitter_image_custom_url":null,"twitter_image_custom_fields":null,"twitter_title":null,"twitter_description":null,"schema":{"blockGraphs":[],"customGraphs":[],"default":{"data":{"Article":[],"Course":[],"Dataset":[],"FAQPage":[],"Movie":[],"Person":[],"Product":[],"ProductReview":[],"Car":[],"Recipe":[],"Service":[],"SoftwareApplication":[],"WebPage":[]},"graphName":"BlogPosting","isEnabled":true},"graphs":[]},"schema_type":"default","schema_type_options":null,"pillar_content":false,"robots_default":true,"robots_noindex":false,"robots_noarchive":false,"robots_nosnippet":false,"robots_nofollow":false,"robots_noimageindex":false,"robots_noodp":false,"robots_notranslate":false,"robots_max_snippet":"-1","robots_max_videopreview":"-1","robots_max_imagepreview":"large","priority":null,"frequency":"default","local_seo":null,"breadcrumb_settings":null,"limit_modified_date":false,"ai":{"faqs":[],"keyPoints":[],"schemas":[],"titles":[],"descriptions":[],"socialPosts":{"email":{"subject":"","preview":"","content":""},"linkedin":[],"twitter":[],"facebook":[],"instagram":[]}},"created":"2026-08-17 18:25:09","updated":"2026-08-18 14:25:34","seo_analyzer_scan_date":null,"focus_keyword":null,"additional_keywords":null,"truseo_locale":null},"aioseo_breadcrumb":"<div class=\"aioseo-breadcrumbs\"><span class=\"aioseo-breadcrumb\">\n\t\t\t<a href=\"https:\/\/lavozdelagente.com.ar\/index\" title=\"Home\">Home<\/a>\n\t\t<\/span><span class=\"aioseo-breadcrumb-separator\">&raquo;<\/span><span class=\"aioseo-breadcrumb\">\n\t\t\t<a href=\"https:\/\/lavozdelagente.com.ar\/index\/category\/varios\/\" title=\"Varios\">Varios<\/a>\n\t\t<\/span><span class=\"aioseo-breadcrumb-separator\">&raquo;<\/span><span class=\"aioseo-breadcrumb\">\n\t\t\tVence el plazo establecido en el memorando de entendimiento firmado entre Ir\u00e1n y Estados Unidos\n\t\t<\/span><\/div>","aioseo_breadcrumb_json":[{"label":"Home","link":"https:\/\/lavozdelagente.com.ar\/index"},{"label":"Varios","link":"https:\/\/lavozdelagente.com.ar\/index\/category\/varios\/"},{"label":"Vence el plazo establecido en el memorando de entendimiento firmado entre Ir\u00e1n y Estados Unidos","link":"https:\/\/lavozdelagente.com.ar\/index\/2026\/08\/17\/vence-el-plazo-establecido-en-el-memorando-de-entendimiento-firmado-entre-iran-y-estados-unidos\/"}],"rttpg_featured_image_url":{"full":["https:\/\/lavozdelagente.com.ar\/wp-content\/uploads\/2026\/08\/theram.avif",811,540,false],"landscape":["https:\/\/lavozdelagente.com.ar\/wp-content\/uploads\/2026\/08\/theram.avif",811,540,false],"portraits":["https:\/\/lavozdelagente.com.ar\/wp-content\/uploads\/2026\/08\/theram.avif",811,540,false],"thumbnail":["https:\/\/lavozdelagente.com.ar\/wp-content\/uploads\/2026\/08\/theram-150x150.avif",150,150,true],"medium":["https:\/\/lavozdelagente.com.ar\/wp-content\/uploads\/2026\/08\/theram-300x200.avif",300,200,true],"large":["https:\/\/lavozdelagente.com.ar\/wp-content\/uploads\/2026\/08\/theram.avif",800,533,false],"1536x1536":["https:\/\/lavozdelagente.com.ar\/wp-content\/uploads\/2026\/08\/theram.avif",811,540,false],"2048x2048":["https:\/\/lavozdelagente.com.ar\/wp-content\/uploads\/2026\/08\/theram.avif",811,540,false],"colormag-highlighted-post":["https:\/\/lavozdelagente.com.ar\/wp-content\/uploads\/2026\/08\/theram-392x272.avif",392,272,true],"colormag-featured-post-medium":["https:\/\/lavozdelagente.com.ar\/wp-content\/uploads\/2026\/08\/theram-390x205.avif",390,205,true],"colormag-featured-post-small":["https:\/\/lavozdelagente.com.ar\/wp-content\/uploads\/2026\/08\/theram-130x90.avif",130,90,true],"colormag-featured-image":["https:\/\/lavozdelagente.com.ar\/wp-content\/uploads\/2026\/08\/theram-800x445.avif",800,445,true],"colormag-default-news":["https:\/\/lavozdelagente.com.ar\/wp-content\/uploads\/2026\/08\/theram-150x150.avif",150,150,true],"colormag-featured-image-large":["https:\/\/lavozdelagente.com.ar\/wp-content\/uploads\/2026\/08\/theram.avif",811,540,false]},"rttpg_author":{"display_name":"rober","author_link":"https:\/\/lavozdelagente.com.ar\/index\/author\/rober\/"},"rttpg_comment":0,"rttpg_category":"<a href=\"https:\/\/lavozdelagente.com.ar\/index\/category\/varios\/\" rel=\"category tag\">Varios<\/a>","rttpg_excerpt":"Ir\u00e1n afirm\u00f3 este lunes que no le preocupa el vencimiento del plazo establecido en el memorando de entendimiento firmado con","_links":{"self":[{"href":"https:\/\/lavozdelagente.com.ar\/index\/wp-json\/wp\/v2\/posts\/3438","targetHints":{"allow":["GET"]}}],"collection":[{"href":"https:\/\/lavozdelagente.com.ar\/index\/wp-json\/wp\/v2\/posts"}],"about":[{"href":"https:\/\/lavozdelagente.com.ar\/index\/wp-json\/wp\/v2\/types\/post"}],"author":[{"embeddable":true,"href":"https:\/\/lavozdelagente.com.ar\/index\/wp-json\/wp\/v2\/users\/2"}],"replies":[{"embeddable":true,"href":"https:\/\/lavozdelagente.com.ar\/index\/wp-json\/wp\/v2\/comments?post=3438"}],"version-history":[{"count":2,"href":"https:\/\/lavozdelagente.com.ar\/index\/wp-json\/wp\/v2\/posts\/3438\/revisions"}],"predecessor-version":[{"id":3441,"href":"https:\/\/lavozdelagente.com.ar\/index\/wp-json\/wp\/v2\/posts\/3438\/revisions\/3441"}],"wp:featuredmedia":[{"embeddable":true,"href":"https:\/\/lavozdelagente.com.ar\/index\/wp-json\/wp\/v2\/media\/3439"}],"wp:attachment":[{"href":"https:\/\/lavozdelagente.com.ar\/index\/wp-json\/wp\/v2\/media?parent=3438"}],"wp:term":[{"taxonomy":"category","embeddable":true,"href":"https:\/\/lavozdelagente.com.ar\/index\/wp-json\/wp\/v2\/categories?post=3438"},{"taxonomy":"post_tag","embeddable":true,"href":"https:\/\/lavozdelagente.com.ar\/index\/wp-json\/wp\/v2\/tags?post=3438"}],"curies":[{"name":"wp","href":"https:\/\/api.w.org\/{rel}","templated":true}]}}