{"id":3442,"date":"2026-08-17T18:26:29","date_gmt":"2026-08-17T18:26:29","guid":{"rendered":"https:\/\/lavozdelagente.com.ar\/index\/?p=3442"},"modified":"2026-08-17T18:26:29","modified_gmt":"2026-08-17T18:26:29","slug":"duhalde-critico-a-milei-y-al-peronismo-y-dijo-que-kicillof-le-gusta-como-candidato","status":"publish","type":"post","link":"https:\/\/lavozdelagente.com.ar\/index\/2026\/08\/17\/duhalde-critico-a-milei-y-al-peronismo-y-dijo-que-kicillof-le-gusta-como-candidato\/","title":{"rendered":"Duhalde critic\u00f3 a Milei y al peronismo y dijo que Kicillof le gusta como candidato"},"content":{"rendered":"<p>El ex mandatario Eduardo Duhalde analiz\u00f3 la escena pol\u00edtica argentina de cara a las elecciones de 2027 y sobre el presidente Javier Milei, sostuvo: \u00abLo que yo quiero es que este se\u00f1or cambie, que entienda en alg\u00fan momento que as\u00ed al pa\u00eds le va a ir cada vez peor\u00bb.<\/p>\n<p>Lo dijo en referencia a su manera confrontativa, pero dej\u00f3 en claro que no busca que abandone el cargo.<\/p>\n<p>En ese sentido, defini\u00f3 a la gesti\u00f3n libertaria como \u00abun gobierno de pelea\u00bb, por lo que consider\u00f3 que se encuentra \u00abequivocado en su manera de manejarse\u00bb.<\/p>\n<p>No es la primera vez que el ex gobernador de la provincia de Buenos Aires apunta contra el jefe de Estado. \u00abEl Presidente no tiene las condiciones para gobernar. Es una persona que tiene un car\u00e1cter de mierda. No se puede vivir peleando\u00bb, sostuvo en mayo pasado en una entrevista radial.<\/p>\n<p>\u00abAL PERONISMO LO VEO MAL\u00bb<\/p>\n<p>En declaraciones a la prensa, el exmandatario tambi\u00e9n evalu\u00f3 la situaci\u00f3n del peronismo y fue categ\u00f3rico: \u00abLo veo mal\u00bb.<\/p>\n<p>\u00abVeo mal a los partidos, veo mal a todos los partidos. Inclusive, al partido del Gobierno lo veo mal\u00bb, desarroll\u00f3.<\/p>\n<p>Encuesta nacional: escasa diferencia entre el peronismo y LLA y un curioso empate en el tercer lugar<br \/>\nAnte este panorama, anunci\u00f3 que est\u00e1 trabajando en un proyecto pol\u00edtico propio: \u00abCreo que hay que armar una cosa distinta y la estamos armando\u00bb.<\/p>\n<p>Y a continuaci\u00f3n, especific\u00f3: \u00abEstamos armando el Movimiento Productivo Argentino como partido pol\u00edtico, con los instrumentos radicales y justicialistas\u00bb.<\/p>\n<p>Indic\u00f3 que el objetivo es competir en los tres niveles: nacional, provincial y municipal con una prioridad ya definida \u00abel programa para terminar con la corrupci\u00f3n estructural\u00bb.<\/p>\n<p>DUHALDE: DESCART\u00d3 SER CANDIDATO Y APOY\u00d3 A KICILLOF<\/p>\n<p>A la posibilidad de ser candidato en los comicios del a\u00f1o que viene, Duhalde descart\u00f3 esa posibilidad: \u00abNo, no. Yo ya tengo 84 a\u00f1os y, a esta edad, no est\u00e1 uno para gobernar, pero estoy para ayudar\u00bb, manifest\u00f3.<\/p>\n<p>Respecto a qu\u00e9 dirigente ve para pelear en las elecciones del 2027, respald\u00f3 al gobernador de la provincia de Buenos Aires, Axel Kicillof, al calificarlo como una persona \u00abhonesta\u00bb. \u00abKicillof me parece un hombre honesto y obviamente el Gobierno lo tiene cortito\u00bb.<\/p>\n<p>\u00abMe gusta como candidato, me gusta el candidato\u00bb, reforz\u00f3.<\/p>\n","protected":false},"excerpt":{"rendered":"<p>El ex mandatario Eduardo Duhalde analiz\u00f3 la escena pol\u00edtica argentina de cara a las elecciones de 2027 y sobre el<\/p>\n","protected":false},"author":2,"featured_media":3443,"comment_status":"open","ping_status":"open","sticky":false,"template":"","format":"standard","meta":{"colormag_page_container_layout":"default_layout","colormag_page_sidebar_layout":"default_layout","om_disable_all_campaigns":false,"_monsterinsights_skip_tracking":false,"footnotes":""},"categories":[4],"tags":[],"class_list":["post-3442","post","type-post","status-publish","format-standard","has-post-thumbnail","hentry","category-politica"],"aioseo_notices":[],"aioseo_head":"\n\t\t<!-- All in One SEO 5.0.1.1 - aioseo.com -->\n\t<meta name=\"description\" content=\"El ex mandatario Eduardo Duhalde analiz\u00f3 la escena pol\u00edtica argentina de cara a las elecciones de 2027 y sobre el presidente Javier Milei, sostuvo: &quot;Lo que yo quiero es que este se\u00f1or cambie, que entienda en alg\u00fan momento que as\u00ed al pa\u00eds le va a ir cada vez peor&quot;. Lo dijo en referencia a su\" \/>\n\t<meta name=\"robots\" content=\"max-image-preview:large\" \/>\n\t<meta name=\"author\" content=\"rober\"\/>\n\t<meta name=\"google-site-verification\" content=\"dJHDh1fUzR1o-UwpFfn1JyiF-0R1LCNFZReSb-gbgcE\" \/>\n\t<link rel=\"canonical\" href=\"https:\/\/lavozdelagente.com.ar\/index\/2026\/08\/17\/duhalde-critico-a-milei-y-al-peronismo-y-dijo-que-kicillof-le-gusta-como-candidato\/\" \/>\n\t<meta name=\"generator\" content=\"All in One SEO (AIOSEO) 5.0.1.1\" \/>\n\t\t<meta property=\"og:locale\" content=\"es_ES\" \/>\n\t\t<meta property=\"og:site_name\" content=\"LA VOZ DE LA GENTE - SDE\" \/>\n\t\t<meta property=\"og:type\" content=\"article\" \/>\n\t\t<meta property=\"og:title\" content=\"Duhalde critic\u00f3 a Milei y al peronismo y dijo que Kicillof le gusta como candidato - LA VOZ DE LA GENTE\" \/>\n\t\t<meta property=\"og:description\" content=\"El ex mandatario Eduardo Duhalde analiz\u00f3 la escena pol\u00edtica argentina de cara a las elecciones de 2027 y sobre el presidente Javier Milei, sostuvo: &quot;Lo que yo quiero es que este se\u00f1or cambie, que entienda en alg\u00fan momento que as\u00ed al pa\u00eds le va a ir cada vez peor&quot;. Lo dijo en referencia a su\" \/>\n\t\t<meta property=\"og:url\" content=\"https:\/\/lavozdelagente.com.ar\/index\/2026\/08\/17\/duhalde-critico-a-milei-y-al-peronismo-y-dijo-que-kicillof-le-gusta-como-candidato\/\" \/>\n\t\t<meta property=\"article:published_time\" content=\"2026-08-17T18:26:29+00:00\" \/>\n\t\t<meta property=\"article:modified_time\" content=\"2026-08-17T18:26:29+00:00\" \/>\n\t\t<meta name=\"twitter:card\" content=\"summary_large_image\" \/>\n\t\t<meta name=\"twitter:title\" content=\"Duhalde critic\u00f3 a Milei y al peronismo y dijo que Kicillof le gusta como candidato - LA VOZ DE LA GENTE\" \/>\n\t\t<meta name=\"twitter:description\" content=\"El ex mandatario Eduardo Duhalde analiz\u00f3 la escena pol\u00edtica argentina de cara a las elecciones de 2027 y sobre el presidente Javier Milei, sostuvo: &quot;Lo que yo quiero es que este se\u00f1or cambie, que entienda en alg\u00fan momento que as\u00ed al pa\u00eds le va a ir cada vez peor&quot;. Lo dijo en referencia a su\" \/>\n\t\t<script type=\"application\/ld+json\" class=\"aioseo-schema\">\n\t\t\t{\"@context\":\"https:\\\/\\\/schema.org\",\"@graph\":[{\"@type\":\"BlogPosting\",\"@id\":\"https:\\\/\\\/lavozdelagente.com.ar\\\/index\\\/2026\\\/08\\\/17\\\/duhalde-critico-a-milei-y-al-peronismo-y-dijo-que-kicillof-le-gusta-como-candidato\\\/#blogposting\",\"name\":\"Duhalde critic\\u00f3 a Milei y al peronismo y dijo que Kicillof le gusta como candidato - LA VOZ DE LA GENTE\",\"headline\":\"Duhalde critic\\u00f3 a Milei y al peronismo y dijo que Kicillof le gusta como candidato\",\"author\":{\"@id\":\"https:\\\/\\\/lavozdelagente.com.ar\\\/index\\\/author\\\/rober\\\/#author\"},\"publisher\":{\"@id\":\"https:\\\/\\\/lavozdelagente.com.ar\\\/index\\\/#person\"},\"image\":{\"@type\":\"ImageObject\",\"url\":\"https:\\\/\\\/lavozdelagente.com.ar\\\/wp-content\\\/uploads\\\/2026\\\/08\\\/Duhalde.jpg\",\"width\":1024,\"height\":718},\"datePublished\":\"2026-08-17T18:26:29+00:00\",\"dateModified\":\"2026-08-17T18:26:29+00:00\",\"inLanguage\":\"es-ES\",\"mainEntityOfPage\":{\"@id\":\"https:\\\/\\\/lavozdelagente.com.ar\\\/index\\\/2026\\\/08\\\/17\\\/duhalde-critico-a-milei-y-al-peronismo-y-dijo-que-kicillof-le-gusta-como-candidato\\\/#webpage\"},\"isPartOf\":{\"@id\":\"https:\\\/\\\/lavozdelagente.com.ar\\\/index\\\/2026\\\/08\\\/17\\\/duhalde-critico-a-milei-y-al-peronismo-y-dijo-que-kicillof-le-gusta-como-candidato\\\/#webpage\"},\"articleSection\":\"Pol\\u00edtica\"},{\"@type\":\"BreadcrumbList\",\"@id\":\"https:\\\/\\\/lavozdelagente.com.ar\\\/index\\\/2026\\\/08\\\/17\\\/duhalde-critico-a-milei-y-al-peronismo-y-dijo-que-kicillof-le-gusta-como-candidato\\\/#breadcrumblist\",\"itemListElement\":[{\"@type\":\"ListItem\",\"@id\":\"https:\\\/\\\/lavozdelagente.com.ar\\\/index#listItem\",\"position\":1,\"name\":\"Home\",\"item\":\"https:\\\/\\\/lavozdelagente.com.ar\\\/index\",\"nextItem\":{\"@type\":\"ListItem\",\"@id\":\"https:\\\/\\\/lavozdelagente.com.ar\\\/index\\\/category\\\/politica\\\/#listItem\",\"name\":\"Pol\\u00edtica\"}},{\"@type\":\"ListItem\",\"@id\":\"https:\\\/\\\/lavozdelagente.com.ar\\\/index\\\/category\\\/politica\\\/#listItem\",\"position\":2,\"name\":\"Pol\\u00edtica\",\"item\":\"https:\\\/\\\/lavozdelagente.com.ar\\\/index\\\/category\\\/politica\\\/\",\"nextItem\":{\"@type\":\"ListItem\",\"@id\":\"https:\\\/\\\/lavozdelagente.com.ar\\\/index\\\/2026\\\/08\\\/17\\\/duhalde-critico-a-milei-y-al-peronismo-y-dijo-que-kicillof-le-gusta-como-candidato\\\/#listItem\",\"name\":\"Duhalde critic\\u00f3 a Milei y al peronismo y dijo que Kicillof le gusta como candidato\"},\"previousItem\":{\"@type\":\"ListItem\",\"@id\":\"https:\\\/\\\/lavozdelagente.com.ar\\\/index#listItem\",\"name\":\"Home\"}},{\"@type\":\"ListItem\",\"@id\":\"https:\\\/\\\/lavozdelagente.com.ar\\\/index\\\/2026\\\/08\\\/17\\\/duhalde-critico-a-milei-y-al-peronismo-y-dijo-que-kicillof-le-gusta-como-candidato\\\/#listItem\",\"position\":3,\"name\":\"Duhalde critic\\u00f3 a Milei y al peronismo y dijo que Kicillof le gusta como candidato\",\"previousItem\":{\"@type\":\"ListItem\",\"@id\":\"https:\\\/\\\/lavozdelagente.com.ar\\\/index\\\/category\\\/politica\\\/#listItem\",\"name\":\"Pol\\u00edtica\"}}]},{\"@type\":\"Person\",\"@id\":\"https:\\\/\\\/lavozdelagente.com.ar\\\/index\\\/author\\\/rober\\\/#author\",\"url\":\"https:\\\/\\\/lavozdelagente.com.ar\\\/index\\\/author\\\/rober\\\/\",\"name\":\"rober\",\"image\":{\"@type\":\"ImageObject\",\"@id\":\"https:\\\/\\\/lavozdelagente.com.ar\\\/index\\\/2026\\\/08\\\/17\\\/duhalde-critico-a-milei-y-al-peronismo-y-dijo-que-kicillof-le-gusta-como-candidato\\\/#authorImage\",\"url\":\"https:\\\/\\\/secure.gravatar.com\\\/avatar\\\/901a62cd098b11a08c5fe38d2de0f8ad6b745f5d4f6413ad71e1630ac07766e0?s=96&d=mm&r=g\",\"width\":96,\"height\":96,\"caption\":\"rober\"}},{\"@type\":\"WebPage\",\"@id\":\"https:\\\/\\\/lavozdelagente.com.ar\\\/index\\\/2026\\\/08\\\/17\\\/duhalde-critico-a-milei-y-al-peronismo-y-dijo-que-kicillof-le-gusta-como-candidato\\\/#webpage\",\"url\":\"https:\\\/\\\/lavozdelagente.com.ar\\\/index\\\/2026\\\/08\\\/17\\\/duhalde-critico-a-milei-y-al-peronismo-y-dijo-que-kicillof-le-gusta-como-candidato\\\/\",\"name\":\"Duhalde critic\\u00f3 a Milei y al peronismo y dijo que Kicillof le gusta como candidato - LA VOZ DE LA GENTE\",\"description\":\"El ex mandatario Eduardo Duhalde analiz\\u00f3 la escena pol\\u00edtica argentina de cara a las elecciones de 2027 y sobre el presidente Javier Milei, sostuvo: \\\"Lo que yo quiero es que este se\\u00f1or cambie, que entienda en alg\\u00fan momento que as\\u00ed al pa\\u00eds le va a ir cada vez peor\\\". Lo dijo en referencia a su\",\"inLanguage\":\"es-ES\",\"isPartOf\":{\"@id\":\"https:\\\/\\\/lavozdelagente.com.ar\\\/index\\\/#website\"},\"breadcrumb\":{\"@id\":\"https:\\\/\\\/lavozdelagente.com.ar\\\/index\\\/2026\\\/08\\\/17\\\/duhalde-critico-a-milei-y-al-peronismo-y-dijo-que-kicillof-le-gusta-como-candidato\\\/#breadcrumblist\"},\"author\":{\"@id\":\"https:\\\/\\\/lavozdelagente.com.ar\\\/index\\\/author\\\/rober\\\/#author\"},\"creator\":{\"@id\":\"https:\\\/\\\/lavozdelagente.com.ar\\\/index\\\/author\\\/rober\\\/#author\"},\"image\":{\"@type\":\"ImageObject\",\"url\":\"https:\\\/\\\/lavozdelagente.com.ar\\\/wp-content\\\/uploads\\\/2026\\\/08\\\/Duhalde.jpg\",\"@id\":\"https:\\\/\\\/lavozdelagente.com.ar\\\/index\\\/2026\\\/08\\\/17\\\/duhalde-critico-a-milei-y-al-peronismo-y-dijo-que-kicillof-le-gusta-como-candidato\\\/#mainImage\",\"width\":1024,\"height\":718},\"primaryImageOfPage\":{\"@id\":\"https:\\\/\\\/lavozdelagente.com.ar\\\/index\\\/2026\\\/08\\\/17\\\/duhalde-critico-a-milei-y-al-peronismo-y-dijo-que-kicillof-le-gusta-como-candidato\\\/#mainImage\"},\"datePublished\":\"2026-08-17T18:26:29+00:00\",\"dateModified\":\"2026-08-17T18:26:29+00:00\"},{\"@type\":\"WebSite\",\"@id\":\"https:\\\/\\\/lavozdelagente.com.ar\\\/index\\\/#website\",\"url\":\"https:\\\/\\\/lavozdelagente.com.ar\\\/index\\\/\",\"name\":\"LA VOZ DE LA GENTE\",\"description\":\"SDE\",\"inLanguage\":\"es-ES\",\"publisher\":{\"@id\":\"https:\\\/\\\/lavozdelagente.com.ar\\\/index\\\/#person\"}}]}\n\t\t<\/script>\n\t\t<!-- All in One SEO -->\n\n","aioseo_head_json":{"title":"Duhalde critic\u00f3 a Milei y al peronismo y dijo que Kicillof le gusta como candidato - LA VOZ DE LA GENTE","description":"El ex mandatario Eduardo Duhalde analiz\u00f3 la escena pol\u00edtica argentina de cara a las elecciones de 2027 y sobre el presidente Javier Milei, sostuvo: \"Lo que yo quiero es que este se\u00f1or cambie, que entienda en alg\u00fan momento que as\u00ed al pa\u00eds le va a ir cada vez peor\". Lo dijo en referencia a su","canonical_url":"https:\/\/lavozdelagente.com.ar\/index\/2026\/08\/17\/duhalde-critico-a-milei-y-al-peronismo-y-dijo-que-kicillof-le-gusta-como-candidato\/","robots":"max-image-preview:large","keywords":"","webmasterTools":{"google-site-verification":"dJHDh1fUzR1o-UwpFfn1JyiF-0R1LCNFZReSb-gbgcE","miscellaneous":""},"schema":{"@context":"https:\/\/schema.org","@graph":[{"@type":"BlogPosting","@id":"https:\/\/lavozdelagente.com.ar\/index\/2026\/08\/17\/duhalde-critico-a-milei-y-al-peronismo-y-dijo-que-kicillof-le-gusta-como-candidato\/#blogposting","name":"Duhalde critic\u00f3 a Milei y al peronismo y dijo que Kicillof le gusta como candidato - LA VOZ DE LA GENTE","headline":"Duhalde critic\u00f3 a Milei y al peronismo y dijo que Kicillof le gusta como candidato","author":{"@id":"https:\/\/lavozdelagente.com.ar\/index\/author\/rober\/#author"},"publisher":{"@id":"https:\/\/lavozdelagente.com.ar\/index\/#person"},"image":{"@type":"ImageObject","url":"https:\/\/lavozdelagente.com.ar\/wp-content\/uploads\/2026\/08\/Duhalde.jpg","width":1024,"height":718},"datePublished":"2026-08-17T18:26:29+00:00","dateModified":"2026-08-17T18:26:29+00:00","inLanguage":"es-ES","mainEntityOfPage":{"@id":"https:\/\/lavozdelagente.com.ar\/index\/2026\/08\/17\/duhalde-critico-a-milei-y-al-peronismo-y-dijo-que-kicillof-le-gusta-como-candidato\/#webpage"},"isPartOf":{"@id":"https:\/\/lavozdelagente.com.ar\/index\/2026\/08\/17\/duhalde-critico-a-milei-y-al-peronismo-y-dijo-que-kicillof-le-gusta-como-candidato\/#webpage"},"articleSection":"Pol\u00edtica"},{"@type":"BreadcrumbList","@id":"https:\/\/lavozdelagente.com.ar\/index\/2026\/08\/17\/duhalde-critico-a-milei-y-al-peronismo-y-dijo-que-kicillof-le-gusta-como-candidato\/#breadcrumblist","itemListElement":[{"@type":"ListItem","@id":"https:\/\/lavozdelagente.com.ar\/index#listItem","position":1,"name":"Home","item":"https:\/\/lavozdelagente.com.ar\/index","nextItem":{"@type":"ListItem","@id":"https:\/\/lavozdelagente.com.ar\/index\/category\/politica\/#listItem","name":"Pol\u00edtica"}},{"@type":"ListItem","@id":"https:\/\/lavozdelagente.com.ar\/index\/category\/politica\/#listItem","position":2,"name":"Pol\u00edtica","item":"https:\/\/lavozdelagente.com.ar\/index\/category\/politica\/","nextItem":{"@type":"ListItem","@id":"https:\/\/lavozdelagente.com.ar\/index\/2026\/08\/17\/duhalde-critico-a-milei-y-al-peronismo-y-dijo-que-kicillof-le-gusta-como-candidato\/#listItem","name":"Duhalde critic\u00f3 a Milei y al peronismo y dijo que Kicillof le gusta como candidato"},"previousItem":{"@type":"ListItem","@id":"https:\/\/lavozdelagente.com.ar\/index#listItem","name":"Home"}},{"@type":"ListItem","@id":"https:\/\/lavozdelagente.com.ar\/index\/2026\/08\/17\/duhalde-critico-a-milei-y-al-peronismo-y-dijo-que-kicillof-le-gusta-como-candidato\/#listItem","position":3,"name":"Duhalde critic\u00f3 a Milei y al peronismo y dijo que Kicillof le gusta como candidato","previousItem":{"@type":"ListItem","@id":"https:\/\/lavozdelagente.com.ar\/index\/category\/politica\/#listItem","name":"Pol\u00edtica"}}]},{"@type":"Person","@id":"https:\/\/lavozdelagente.com.ar\/index\/author\/rober\/#author","url":"https:\/\/lavozdelagente.com.ar\/index\/author\/rober\/","name":"rober","image":{"@type":"ImageObject","@id":"https:\/\/lavozdelagente.com.ar\/index\/2026\/08\/17\/duhalde-critico-a-milei-y-al-peronismo-y-dijo-que-kicillof-le-gusta-como-candidato\/#authorImage","url":"https:\/\/secure.gravatar.com\/avatar\/901a62cd098b11a08c5fe38d2de0f8ad6b745f5d4f6413ad71e1630ac07766e0?s=96&d=mm&r=g","width":96,"height":96,"caption":"rober"}},{"@type":"WebPage","@id":"https:\/\/lavozdelagente.com.ar\/index\/2026\/08\/17\/duhalde-critico-a-milei-y-al-peronismo-y-dijo-que-kicillof-le-gusta-como-candidato\/#webpage","url":"https:\/\/lavozdelagente.com.ar\/index\/2026\/08\/17\/duhalde-critico-a-milei-y-al-peronismo-y-dijo-que-kicillof-le-gusta-como-candidato\/","name":"Duhalde critic\u00f3 a Milei y al peronismo y dijo que Kicillof le gusta como candidato - LA VOZ DE LA GENTE","description":"El ex mandatario Eduardo Duhalde analiz\u00f3 la escena pol\u00edtica argentina de cara a las elecciones de 2027 y sobre el presidente Javier Milei, sostuvo: \"Lo que yo quiero es que este se\u00f1or cambie, que entienda en alg\u00fan momento que as\u00ed al pa\u00eds le va a ir cada vez peor\". Lo dijo en referencia a su","inLanguage":"es-ES","isPartOf":{"@id":"https:\/\/lavozdelagente.com.ar\/index\/#website"},"breadcrumb":{"@id":"https:\/\/lavozdelagente.com.ar\/index\/2026\/08\/17\/duhalde-critico-a-milei-y-al-peronismo-y-dijo-que-kicillof-le-gusta-como-candidato\/#breadcrumblist"},"author":{"@id":"https:\/\/lavozdelagente.com.ar\/index\/author\/rober\/#author"},"creator":{"@id":"https:\/\/lavozdelagente.com.ar\/index\/author\/rober\/#author"},"image":{"@type":"ImageObject","url":"https:\/\/lavozdelagente.com.ar\/wp-content\/uploads\/2026\/08\/Duhalde.jpg","@id":"https:\/\/lavozdelagente.com.ar\/index\/2026\/08\/17\/duhalde-critico-a-milei-y-al-peronismo-y-dijo-que-kicillof-le-gusta-como-candidato\/#mainImage","width":1024,"height":718},"primaryImageOfPage":{"@id":"https:\/\/lavozdelagente.com.ar\/index\/2026\/08\/17\/duhalde-critico-a-milei-y-al-peronismo-y-dijo-que-kicillof-le-gusta-como-candidato\/#mainImage"},"datePublished":"2026-08-17T18:26:29+00:00","dateModified":"2026-08-17T18:26:29+00:00"},{"@type":"WebSite","@id":"https:\/\/lavozdelagente.com.ar\/index\/#website","url":"https:\/\/lavozdelagente.com.ar\/index\/","name":"LA VOZ DE LA GENTE","description":"SDE","inLanguage":"es-ES","publisher":{"@id":"https:\/\/lavozdelagente.com.ar\/index\/#person"}}]},"og:locale":"es_ES","og:site_name":"LA VOZ DE LA GENTE - SDE","og:type":"article","og:title":"Duhalde critic\u00f3 a Milei y al peronismo y dijo que Kicillof le gusta como candidato - LA VOZ DE LA GENTE","og:description":"El ex mandatario Eduardo Duhalde analiz\u00f3 la escena pol\u00edtica argentina de cara a las elecciones de 2027 y sobre el presidente Javier Milei, sostuvo: &quot;Lo que yo quiero es que este se\u00f1or cambie, que entienda en alg\u00fan momento que as\u00ed al pa\u00eds le va a ir cada vez peor&quot;. Lo dijo en referencia a su","og:url":"https:\/\/lavozdelagente.com.ar\/index\/2026\/08\/17\/duhalde-critico-a-milei-y-al-peronismo-y-dijo-que-kicillof-le-gusta-como-candidato\/","article:published_time":"2026-08-17T18:26:29+00:00","article:modified_time":"2026-08-17T18:26:29+00:00","twitter:card":"summary_large_image","twitter:title":"Duhalde critic\u00f3 a Milei y al peronismo y dijo que Kicillof le gusta como candidato - LA VOZ DE LA GENTE","twitter:description":"El ex mandatario Eduardo Duhalde analiz\u00f3 la escena pol\u00edtica argentina de cara a las elecciones de 2027 y sobre el presidente Javier Milei, sostuvo: &quot;Lo que yo quiero es que este se\u00f1or cambie, que entienda en alg\u00fan momento que as\u00ed al pa\u00eds le va a ir cada vez peor&quot;. Lo dijo en referencia a su"},"aioseo_meta_data":{"post_id":"3442","title":null,"description":null,"keywords":null,"keyphrases":{"focus":{"keyphrase":"","score":0,"analysis":{"keyphraseInTitle":{"score":0,"maxScore":9,"error":1}}},"additional":[]},"primary_term":null,"canonical_url":null,"og_title":null,"og_description":null,"og_object_type":"default","og_image_type":"default","og_image_url":null,"og_image_width":null,"og_image_height":null,"og_image_custom_url":null,"og_image_custom_fields":null,"og_video":"","og_custom_url":null,"og_article_section":null,"og_article_tags":null,"twitter_use_og":false,"twitter_card":"default","twitter_image_type":"default","twitter_image_url":null,"twitter_image_custom_url":null,"twitter_image_custom_fields":null,"twitter_title":null,"twitter_description":null,"schema":{"blockGraphs":[],"customGraphs":[],"default":{"data":{"Article":[],"Course":[],"Dataset":[],"FAQPage":[],"Movie":[],"Person":[],"Product":[],"ProductReview":[],"Car":[],"Recipe":[],"Service":[],"SoftwareApplication":[],"WebPage":[]},"graphName":"BlogPosting","isEnabled":true},"graphs":[]},"schema_type":"default","schema_type_options":null,"pillar_content":false,"robots_default":true,"robots_noindex":false,"robots_noarchive":false,"robots_nosnippet":false,"robots_nofollow":false,"robots_noimageindex":false,"robots_noodp":false,"robots_notranslate":false,"robots_max_snippet":"-1","robots_max_videopreview":"-1","robots_max_imagepreview":"large","priority":null,"frequency":"default","local_seo":null,"breadcrumb_settings":null,"limit_modified_date":false,"ai":{"faqs":[],"keyPoints":[],"schemas":[],"titles":[],"descriptions":[],"socialPosts":{"email":{"subject":"","preview":"","content":""},"linkedin":[],"twitter":[],"facebook":[],"instagram":[]}},"created":"2026-08-17 18:26:29","updated":"2026-08-18 14:25:35","seo_analyzer_scan_date":null,"focus_keyword":null,"additional_keywords":null,"truseo_locale":null},"aioseo_breadcrumb":"<div class=\"aioseo-breadcrumbs\"><span class=\"aioseo-breadcrumb\">\n\t\t\t<a href=\"https:\/\/lavozdelagente.com.ar\/index\" title=\"Home\">Home<\/a>\n\t\t<\/span><span class=\"aioseo-breadcrumb-separator\">&raquo;<\/span><span class=\"aioseo-breadcrumb\">\n\t\t\t<a href=\"https:\/\/lavozdelagente.com.ar\/index\/category\/politica\/\" title=\"Pol\u00edtica\">Pol\u00edtica<\/a>\n\t\t<\/span><span class=\"aioseo-breadcrumb-separator\">&raquo;<\/span><span class=\"aioseo-breadcrumb\">\n\t\t\tDuhalde critic\u00f3 a Milei y al peronismo y dijo que Kicillof le gusta como candidato\n\t\t<\/span><\/div>","aioseo_breadcrumb_json":[{"label":"Home","link":"https:\/\/lavozdelagente.com.ar\/index"},{"label":"Pol\u00edtica","link":"https:\/\/lavozdelagente.com.ar\/index\/category\/politica\/"},{"label":"Duhalde critic\u00f3 a Milei y al peronismo y dijo que Kicillof le gusta como candidato","link":"https:\/\/lavozdelagente.com.ar\/index\/2026\/08\/17\/duhalde-critico-a-milei-y-al-peronismo-y-dijo-que-kicillof-le-gusta-como-candidato\/"}],"rttpg_featured_image_url":{"full":["https:\/\/lavozdelagente.com.ar\/wp-content\/uploads\/2026\/08\/Duhalde.jpg",1024,718,false],"landscape":["https:\/\/lavozdelagente.com.ar\/wp-content\/uploads\/2026\/08\/Duhalde.jpg",1024,718,false],"portraits":["https:\/\/lavozdelagente.com.ar\/wp-content\/uploads\/2026\/08\/Duhalde.jpg",1024,718,false],"thumbnail":["https:\/\/lavozdelagente.com.ar\/wp-content\/uploads\/2026\/08\/Duhalde-150x150.jpg",150,150,true],"medium":["https:\/\/lavozdelagente.com.ar\/wp-content\/uploads\/2026\/08\/Duhalde-300x210.jpg",300,210,true],"large":["https:\/\/lavozdelagente.com.ar\/wp-content\/uploads\/2026\/08\/Duhalde.jpg",800,561,false],"1536x1536":["https:\/\/lavozdelagente.com.ar\/wp-content\/uploads\/2026\/08\/Duhalde.jpg",1024,718,false],"2048x2048":["https:\/\/lavozdelagente.com.ar\/wp-content\/uploads\/2026\/08\/Duhalde.jpg",1024,718,false],"colormag-highlighted-post":["https:\/\/lavozdelagente.com.ar\/wp-content\/uploads\/2026\/08\/Duhalde-392x272.jpg",392,272,true],"colormag-featured-post-medium":["https:\/\/lavozdelagente.com.ar\/wp-content\/uploads\/2026\/08\/Duhalde-390x205.jpg",390,205,true],"colormag-featured-post-small":["https:\/\/lavozdelagente.com.ar\/wp-content\/uploads\/2026\/08\/Duhalde-130x90.jpg",130,90,true],"colormag-featured-image":["https:\/\/lavozdelagente.com.ar\/wp-content\/uploads\/2026\/08\/Duhalde-800x445.jpg",800,445,true],"colormag-default-news":["https:\/\/lavozdelagente.com.ar\/wp-content\/uploads\/2026\/08\/Duhalde-150x150.jpg",150,150,true],"colormag-featured-image-large":["https:\/\/lavozdelagente.com.ar\/wp-content\/uploads\/2026\/08\/Duhalde-1024x600.jpg",1024,600,true]},"rttpg_author":{"display_name":"rober","author_link":"https:\/\/lavozdelagente.com.ar\/index\/author\/rober\/"},"rttpg_comment":0,"rttpg_category":"<a href=\"https:\/\/lavozdelagente.com.ar\/index\/category\/politica\/\" rel=\"category tag\">Pol\u00edtica<\/a>","rttpg_excerpt":"El ex mandatario Eduardo Duhalde analiz\u00f3 la escena pol\u00edtica argentina de cara a las elecciones de 2027 y sobre el","_links":{"self":[{"href":"https:\/\/lavozdelagente.com.ar\/index\/wp-json\/wp\/v2\/posts\/3442","targetHints":{"allow":["GET"]}}],"collection":[{"href":"https:\/\/lavozdelagente.com.ar\/index\/wp-json\/wp\/v2\/posts"}],"about":[{"href":"https:\/\/lavozdelagente.com.ar\/index\/wp-json\/wp\/v2\/types\/post"}],"author":[{"embeddable":true,"href":"https:\/\/lavozdelagente.com.ar\/index\/wp-json\/wp\/v2\/users\/2"}],"replies":[{"embeddable":true,"href":"https:\/\/lavozdelagente.com.ar\/index\/wp-json\/wp\/v2\/comments?post=3442"}],"version-history":[{"count":1,"href":"https:\/\/lavozdelagente.com.ar\/index\/wp-json\/wp\/v2\/posts\/3442\/revisions"}],"predecessor-version":[{"id":3444,"href":"https:\/\/lavozdelagente.com.ar\/index\/wp-json\/wp\/v2\/posts\/3442\/revisions\/3444"}],"wp:featuredmedia":[{"embeddable":true,"href":"https:\/\/lavozdelagente.com.ar\/index\/wp-json\/wp\/v2\/media\/3443"}],"wp:attachment":[{"href":"https:\/\/lavozdelagente.com.ar\/index\/wp-json\/wp\/v2\/media?parent=3442"}],"wp:term":[{"taxonomy":"category","embeddable":true,"href":"https:\/\/lavozdelagente.com.ar\/index\/wp-json\/wp\/v2\/categories?post=3442"},{"taxonomy":"post_tag","embeddable":true,"href":"https:\/\/lavozdelagente.com.ar\/index\/wp-json\/wp\/v2\/tags?post=3442"}],"curies":[{"name":"wp","href":"https:\/\/api.w.org\/{rel}","templated":true}]}}