{"id":3448,"date":"2026-08-17T18:30:37","date_gmt":"2026-08-17T18:30:37","guid":{"rendered":"https:\/\/lavozdelagente.com.ar\/index\/?p=3448"},"modified":"2026-08-17T18:30:37","modified_gmt":"2026-08-17T18:30:37","slug":"milei-homenajeo-a-san-martin-tenemos-la-libertad-como-mandato-y-seguir-el-camino-de-nuestro-padre-fundador","status":"publish","type":"post","link":"https:\/\/lavozdelagente.com.ar\/index\/2026\/08\/17\/milei-homenajeo-a-san-martin-tenemos-la-libertad-como-mandato-y-seguir-el-camino-de-nuestro-padre-fundador\/","title":{"rendered":"Milei homenaje\u00f3 a San Mart\u00edn: \u201cTenemos la libertad como mandato y seguir el camino de nuestro padre fundador\u201c"},"content":{"rendered":"<p>El presidente Javier Milei encabez\u00f3 el acto en conmemoraci\u00f3n de la muerte de Jos\u00e9 de San Mart\u00edn y sostuvo: \u00abNo tenemos un pasado al que regresar porque ya sabemos a donde nos conduce, tenemos la libertad como mandato y seguir el camino de nuestro padre fundador\u00bb.<\/p>\n<p>En el acto que encabez\u00f3 en Plaza San Mart\u00edn, Milei remarc\u00f3 que San Mart\u00edn \u00abfue quien nos liber\u00f3 del yugo espa\u00f1ol\u00bb y \u00abnos dej\u00f3 un legado inmortal a trav\u00e9s de una frase: seamos libres que lo dem\u00e1s no importa nada\u00bb.<\/p>\n<p>Destac\u00f3 adem\u00e1s \u00absu gesta esfuerzo y sacrificio\u00bb y dijo que \u00abla grandeza de San Mart\u00edn se vio en haber tomado las armas y liberar a medio continente\u00bb<\/p>\n<p>Previamente, coloc\u00f3 una ofrenda floral a los pies del monumento del Padre de la Patria.<\/p>\n<p>De esta forma, Milei volvi\u00f3 a encabezar una actividad oficial tras nueve d\u00edas.<\/p>\n","protected":false},"excerpt":{"rendered":"<p>El presidente Javier Milei encabez\u00f3 el acto en conmemoraci\u00f3n de la muerte de Jos\u00e9 de San Mart\u00edn y sostuvo: \u00abNo<\/p>\n","protected":false},"author":2,"featured_media":3449,"comment_status":"open","ping_status":"open","sticky":false,"template":"","format":"standard","meta":{"colormag_page_container_layout":"default_layout","colormag_page_sidebar_layout":"default_layout","om_disable_all_campaigns":false,"_monsterinsights_skip_tracking":false,"footnotes":""},"categories":[6],"tags":[],"class_list":["post-3448","post","type-post","status-publish","format-standard","has-post-thumbnail","hentry","category-varios"],"aioseo_notices":[],"aioseo_head":"\n\t\t<!-- All in One SEO 5.0.1.1 - aioseo.com -->\n\t<meta name=\"description\" content=\"El presidente Javier Milei encabez\u00f3 el acto en conmemoraci\u00f3n de la muerte de Jos\u00e9 de San Mart\u00edn y sostuvo: &quot;No tenemos un pasado al que regresar porque ya sabemos a donde nos conduce, tenemos la libertad como mandato y seguir el camino de nuestro padre fundador&quot;. En el acto que encabez\u00f3 en Plaza San Mart\u00edn,\" \/>\n\t<meta name=\"robots\" content=\"max-image-preview:large\" \/>\n\t<meta name=\"author\" content=\"rober\"\/>\n\t<meta name=\"google-site-verification\" content=\"dJHDh1fUzR1o-UwpFfn1JyiF-0R1LCNFZReSb-gbgcE\" \/>\n\t<link rel=\"canonical\" href=\"https:\/\/lavozdelagente.com.ar\/index\/2026\/08\/17\/milei-homenajeo-a-san-martin-tenemos-la-libertad-como-mandato-y-seguir-el-camino-de-nuestro-padre-fundador\/\" \/>\n\t<meta name=\"generator\" content=\"All in One SEO (AIOSEO) 5.0.1.1\" \/>\n\t\t<meta property=\"og:locale\" content=\"es_ES\" \/>\n\t\t<meta property=\"og:site_name\" content=\"LA VOZ DE LA GENTE - SDE\" \/>\n\t\t<meta property=\"og:type\" content=\"article\" \/>\n\t\t<meta property=\"og:title\" content=\"Milei homenaje\u00f3 a San Mart\u00edn: \u201cTenemos la libertad como mandato y seguir el camino de nuestro padre fundador\u201c - LA VOZ DE LA GENTE\" \/>\n\t\t<meta property=\"og:description\" content=\"El presidente Javier Milei encabez\u00f3 el acto en conmemoraci\u00f3n de la muerte de Jos\u00e9 de San Mart\u00edn y sostuvo: &quot;No tenemos un pasado al que regresar porque ya sabemos a donde nos conduce, tenemos la libertad como mandato y seguir el camino de nuestro padre fundador&quot;. En el acto que encabez\u00f3 en Plaza San Mart\u00edn,\" \/>\n\t\t<meta property=\"og:url\" content=\"https:\/\/lavozdelagente.com.ar\/index\/2026\/08\/17\/milei-homenajeo-a-san-martin-tenemos-la-libertad-como-mandato-y-seguir-el-camino-de-nuestro-padre-fundador\/\" \/>\n\t\t<meta property=\"article:published_time\" content=\"2026-08-17T18:30:37+00:00\" \/>\n\t\t<meta property=\"article:modified_time\" content=\"2026-08-17T18:30:37+00:00\" \/>\n\t\t<meta name=\"twitter:card\" content=\"summary_large_image\" \/>\n\t\t<meta name=\"twitter:title\" content=\"Milei homenaje\u00f3 a San Mart\u00edn: \u201cTenemos la libertad como mandato y seguir el camino de nuestro padre fundador\u201c - LA VOZ DE LA GENTE\" \/>\n\t\t<meta name=\"twitter:description\" content=\"El presidente Javier Milei encabez\u00f3 el acto en conmemoraci\u00f3n de la muerte de Jos\u00e9 de San Mart\u00edn y sostuvo: &quot;No tenemos un pasado al que regresar porque ya sabemos a donde nos conduce, tenemos la libertad como mandato y seguir el camino de nuestro padre fundador&quot;. En el acto que encabez\u00f3 en Plaza San Mart\u00edn,\" \/>\n\t\t<script type=\"application\/ld+json\" class=\"aioseo-schema\">\n\t\t\t{\"@context\":\"https:\\\/\\\/schema.org\",\"@graph\":[{\"@type\":\"BlogPosting\",\"@id\":\"https:\\\/\\\/lavozdelagente.com.ar\\\/index\\\/2026\\\/08\\\/17\\\/milei-homenajeo-a-san-martin-tenemos-la-libertad-como-mandato-y-seguir-el-camino-de-nuestro-padre-fundador\\\/#blogposting\",\"name\":\"Milei homenaje\\u00f3 a San Mart\\u00edn: \\u201cTenemos la libertad como mandato y seguir el camino de nuestro padre fundador\\u201c - LA VOZ DE LA GENTE\",\"headline\":\"Milei homenaje\\u00f3 a San Mart\\u00edn: \\u201cTenemos la libertad como mandato y seguir el camino de nuestro padre fundador\\u201c\",\"author\":{\"@id\":\"https:\\\/\\\/lavozdelagente.com.ar\\\/index\\\/author\\\/rober\\\/#author\"},\"publisher\":{\"@id\":\"https:\\\/\\\/lavozdelagente.com.ar\\\/index\\\/#person\"},\"image\":{\"@type\":\"ImageObject\",\"url\":\"https:\\\/\\\/lavozdelagente.com.ar\\\/wp-content\\\/uploads\\\/2026\\\/08\\\/homenaje.avif\",\"width\":810,\"height\":540},\"datePublished\":\"2026-08-17T18:30:37+00:00\",\"dateModified\":\"2026-08-17T18:30:37+00:00\",\"inLanguage\":\"es-ES\",\"mainEntityOfPage\":{\"@id\":\"https:\\\/\\\/lavozdelagente.com.ar\\\/index\\\/2026\\\/08\\\/17\\\/milei-homenajeo-a-san-martin-tenemos-la-libertad-como-mandato-y-seguir-el-camino-de-nuestro-padre-fundador\\\/#webpage\"},\"isPartOf\":{\"@id\":\"https:\\\/\\\/lavozdelagente.com.ar\\\/index\\\/2026\\\/08\\\/17\\\/milei-homenajeo-a-san-martin-tenemos-la-libertad-como-mandato-y-seguir-el-camino-de-nuestro-padre-fundador\\\/#webpage\"},\"articleSection\":\"Varios\"},{\"@type\":\"BreadcrumbList\",\"@id\":\"https:\\\/\\\/lavozdelagente.com.ar\\\/index\\\/2026\\\/08\\\/17\\\/milei-homenajeo-a-san-martin-tenemos-la-libertad-como-mandato-y-seguir-el-camino-de-nuestro-padre-fundador\\\/#breadcrumblist\",\"itemListElement\":[{\"@type\":\"ListItem\",\"@id\":\"https:\\\/\\\/lavozdelagente.com.ar\\\/index#listItem\",\"position\":1,\"name\":\"Home\",\"item\":\"https:\\\/\\\/lavozdelagente.com.ar\\\/index\",\"nextItem\":{\"@type\":\"ListItem\",\"@id\":\"https:\\\/\\\/lavozdelagente.com.ar\\\/index\\\/category\\\/varios\\\/#listItem\",\"name\":\"Varios\"}},{\"@type\":\"ListItem\",\"@id\":\"https:\\\/\\\/lavozdelagente.com.ar\\\/index\\\/category\\\/varios\\\/#listItem\",\"position\":2,\"name\":\"Varios\",\"item\":\"https:\\\/\\\/lavozdelagente.com.ar\\\/index\\\/category\\\/varios\\\/\",\"nextItem\":{\"@type\":\"ListItem\",\"@id\":\"https:\\\/\\\/lavozdelagente.com.ar\\\/index\\\/2026\\\/08\\\/17\\\/milei-homenajeo-a-san-martin-tenemos-la-libertad-como-mandato-y-seguir-el-camino-de-nuestro-padre-fundador\\\/#listItem\",\"name\":\"Milei homenaje\\u00f3 a San Mart\\u00edn: \\u201cTenemos la libertad como mandato y seguir el camino de nuestro padre fundador\\u201c\"},\"previousItem\":{\"@type\":\"ListItem\",\"@id\":\"https:\\\/\\\/lavozdelagente.com.ar\\\/index#listItem\",\"name\":\"Home\"}},{\"@type\":\"ListItem\",\"@id\":\"https:\\\/\\\/lavozdelagente.com.ar\\\/index\\\/2026\\\/08\\\/17\\\/milei-homenajeo-a-san-martin-tenemos-la-libertad-como-mandato-y-seguir-el-camino-de-nuestro-padre-fundador\\\/#listItem\",\"position\":3,\"name\":\"Milei homenaje\\u00f3 a San Mart\\u00edn: \\u201cTenemos la libertad como mandato y seguir el camino de nuestro padre fundador\\u201c\",\"previousItem\":{\"@type\":\"ListItem\",\"@id\":\"https:\\\/\\\/lavozdelagente.com.ar\\\/index\\\/category\\\/varios\\\/#listItem\",\"name\":\"Varios\"}}]},{\"@type\":\"Person\",\"@id\":\"https:\\\/\\\/lavozdelagente.com.ar\\\/index\\\/author\\\/rober\\\/#author\",\"url\":\"https:\\\/\\\/lavozdelagente.com.ar\\\/index\\\/author\\\/rober\\\/\",\"name\":\"rober\",\"image\":{\"@type\":\"ImageObject\",\"@id\":\"https:\\\/\\\/lavozdelagente.com.ar\\\/index\\\/2026\\\/08\\\/17\\\/milei-homenajeo-a-san-martin-tenemos-la-libertad-como-mandato-y-seguir-el-camino-de-nuestro-padre-fundador\\\/#authorImage\",\"url\":\"https:\\\/\\\/secure.gravatar.com\\\/avatar\\\/901a62cd098b11a08c5fe38d2de0f8ad6b745f5d4f6413ad71e1630ac07766e0?s=96&d=mm&r=g\",\"width\":96,\"height\":96,\"caption\":\"rober\"}},{\"@type\":\"WebPage\",\"@id\":\"https:\\\/\\\/lavozdelagente.com.ar\\\/index\\\/2026\\\/08\\\/17\\\/milei-homenajeo-a-san-martin-tenemos-la-libertad-como-mandato-y-seguir-el-camino-de-nuestro-padre-fundador\\\/#webpage\",\"url\":\"https:\\\/\\\/lavozdelagente.com.ar\\\/index\\\/2026\\\/08\\\/17\\\/milei-homenajeo-a-san-martin-tenemos-la-libertad-como-mandato-y-seguir-el-camino-de-nuestro-padre-fundador\\\/\",\"name\":\"Milei homenaje\\u00f3 a San Mart\\u00edn: \\u201cTenemos la libertad como mandato y seguir el camino de nuestro padre fundador\\u201c - LA VOZ DE LA GENTE\",\"description\":\"El presidente Javier Milei encabez\\u00f3 el acto en conmemoraci\\u00f3n de la muerte de Jos\\u00e9 de San Mart\\u00edn y sostuvo: \\\"No tenemos un pasado al que regresar porque ya sabemos a donde nos conduce, tenemos la libertad como mandato y seguir el camino de nuestro padre fundador\\\". En el acto que encabez\\u00f3 en Plaza San Mart\\u00edn,\",\"inLanguage\":\"es-ES\",\"isPartOf\":{\"@id\":\"https:\\\/\\\/lavozdelagente.com.ar\\\/index\\\/#website\"},\"breadcrumb\":{\"@id\":\"https:\\\/\\\/lavozdelagente.com.ar\\\/index\\\/2026\\\/08\\\/17\\\/milei-homenajeo-a-san-martin-tenemos-la-libertad-como-mandato-y-seguir-el-camino-de-nuestro-padre-fundador\\\/#breadcrumblist\"},\"author\":{\"@id\":\"https:\\\/\\\/lavozdelagente.com.ar\\\/index\\\/author\\\/rober\\\/#author\"},\"creator\":{\"@id\":\"https:\\\/\\\/lavozdelagente.com.ar\\\/index\\\/author\\\/rober\\\/#author\"},\"image\":{\"@type\":\"ImageObject\",\"url\":\"https:\\\/\\\/lavozdelagente.com.ar\\\/wp-content\\\/uploads\\\/2026\\\/08\\\/homenaje.avif\",\"@id\":\"https:\\\/\\\/lavozdelagente.com.ar\\\/index\\\/2026\\\/08\\\/17\\\/milei-homenajeo-a-san-martin-tenemos-la-libertad-como-mandato-y-seguir-el-camino-de-nuestro-padre-fundador\\\/#mainImage\",\"width\":810,\"height\":540},\"primaryImageOfPage\":{\"@id\":\"https:\\\/\\\/lavozdelagente.com.ar\\\/index\\\/2026\\\/08\\\/17\\\/milei-homenajeo-a-san-martin-tenemos-la-libertad-como-mandato-y-seguir-el-camino-de-nuestro-padre-fundador\\\/#mainImage\"},\"datePublished\":\"2026-08-17T18:30:37+00:00\",\"dateModified\":\"2026-08-17T18:30:37+00:00\"},{\"@type\":\"WebSite\",\"@id\":\"https:\\\/\\\/lavozdelagente.com.ar\\\/index\\\/#website\",\"url\":\"https:\\\/\\\/lavozdelagente.com.ar\\\/index\\\/\",\"name\":\"LA VOZ DE LA GENTE\",\"description\":\"SDE\",\"inLanguage\":\"es-ES\",\"publisher\":{\"@id\":\"https:\\\/\\\/lavozdelagente.com.ar\\\/index\\\/#person\"}}]}\n\t\t<\/script>\n\t\t<!-- All in One SEO -->\n\n","aioseo_head_json":{"title":"Milei homenaje\u00f3 a San Mart\u00edn: \u201cTenemos la libertad como mandato y seguir el camino de nuestro padre fundador\u201c - LA VOZ DE LA GENTE","description":"El presidente Javier Milei encabez\u00f3 el acto en conmemoraci\u00f3n de la muerte de Jos\u00e9 de San Mart\u00edn y sostuvo: \"No tenemos un pasado al que regresar porque ya sabemos a donde nos conduce, tenemos la libertad como mandato y seguir el camino de nuestro padre fundador\". En el acto que encabez\u00f3 en Plaza San Mart\u00edn,","canonical_url":"https:\/\/lavozdelagente.com.ar\/index\/2026\/08\/17\/milei-homenajeo-a-san-martin-tenemos-la-libertad-como-mandato-y-seguir-el-camino-de-nuestro-padre-fundador\/","robots":"max-image-preview:large","keywords":"","webmasterTools":{"google-site-verification":"dJHDh1fUzR1o-UwpFfn1JyiF-0R1LCNFZReSb-gbgcE","miscellaneous":""},"schema":{"@context":"https:\/\/schema.org","@graph":[{"@type":"BlogPosting","@id":"https:\/\/lavozdelagente.com.ar\/index\/2026\/08\/17\/milei-homenajeo-a-san-martin-tenemos-la-libertad-como-mandato-y-seguir-el-camino-de-nuestro-padre-fundador\/#blogposting","name":"Milei homenaje\u00f3 a San Mart\u00edn: \u201cTenemos la libertad como mandato y seguir el camino de nuestro padre fundador\u201c - LA VOZ DE LA GENTE","headline":"Milei homenaje\u00f3 a San Mart\u00edn: \u201cTenemos la libertad como mandato y seguir el camino de nuestro padre fundador\u201c","author":{"@id":"https:\/\/lavozdelagente.com.ar\/index\/author\/rober\/#author"},"publisher":{"@id":"https:\/\/lavozdelagente.com.ar\/index\/#person"},"image":{"@type":"ImageObject","url":"https:\/\/lavozdelagente.com.ar\/wp-content\/uploads\/2026\/08\/homenaje.avif","width":810,"height":540},"datePublished":"2026-08-17T18:30:37+00:00","dateModified":"2026-08-17T18:30:37+00:00","inLanguage":"es-ES","mainEntityOfPage":{"@id":"https:\/\/lavozdelagente.com.ar\/index\/2026\/08\/17\/milei-homenajeo-a-san-martin-tenemos-la-libertad-como-mandato-y-seguir-el-camino-de-nuestro-padre-fundador\/#webpage"},"isPartOf":{"@id":"https:\/\/lavozdelagente.com.ar\/index\/2026\/08\/17\/milei-homenajeo-a-san-martin-tenemos-la-libertad-como-mandato-y-seguir-el-camino-de-nuestro-padre-fundador\/#webpage"},"articleSection":"Varios"},{"@type":"BreadcrumbList","@id":"https:\/\/lavozdelagente.com.ar\/index\/2026\/08\/17\/milei-homenajeo-a-san-martin-tenemos-la-libertad-como-mandato-y-seguir-el-camino-de-nuestro-padre-fundador\/#breadcrumblist","itemListElement":[{"@type":"ListItem","@id":"https:\/\/lavozdelagente.com.ar\/index#listItem","position":1,"name":"Home","item":"https:\/\/lavozdelagente.com.ar\/index","nextItem":{"@type":"ListItem","@id":"https:\/\/lavozdelagente.com.ar\/index\/category\/varios\/#listItem","name":"Varios"}},{"@type":"ListItem","@id":"https:\/\/lavozdelagente.com.ar\/index\/category\/varios\/#listItem","position":2,"name":"Varios","item":"https:\/\/lavozdelagente.com.ar\/index\/category\/varios\/","nextItem":{"@type":"ListItem","@id":"https:\/\/lavozdelagente.com.ar\/index\/2026\/08\/17\/milei-homenajeo-a-san-martin-tenemos-la-libertad-como-mandato-y-seguir-el-camino-de-nuestro-padre-fundador\/#listItem","name":"Milei homenaje\u00f3 a San Mart\u00edn: \u201cTenemos la libertad como mandato y seguir el camino de nuestro padre fundador\u201c"},"previousItem":{"@type":"ListItem","@id":"https:\/\/lavozdelagente.com.ar\/index#listItem","name":"Home"}},{"@type":"ListItem","@id":"https:\/\/lavozdelagente.com.ar\/index\/2026\/08\/17\/milei-homenajeo-a-san-martin-tenemos-la-libertad-como-mandato-y-seguir-el-camino-de-nuestro-padre-fundador\/#listItem","position":3,"name":"Milei homenaje\u00f3 a San Mart\u00edn: \u201cTenemos la libertad como mandato y seguir el camino de nuestro padre fundador\u201c","previousItem":{"@type":"ListItem","@id":"https:\/\/lavozdelagente.com.ar\/index\/category\/varios\/#listItem","name":"Varios"}}]},{"@type":"Person","@id":"https:\/\/lavozdelagente.com.ar\/index\/author\/rober\/#author","url":"https:\/\/lavozdelagente.com.ar\/index\/author\/rober\/","name":"rober","image":{"@type":"ImageObject","@id":"https:\/\/lavozdelagente.com.ar\/index\/2026\/08\/17\/milei-homenajeo-a-san-martin-tenemos-la-libertad-como-mandato-y-seguir-el-camino-de-nuestro-padre-fundador\/#authorImage","url":"https:\/\/secure.gravatar.com\/avatar\/901a62cd098b11a08c5fe38d2de0f8ad6b745f5d4f6413ad71e1630ac07766e0?s=96&d=mm&r=g","width":96,"height":96,"caption":"rober"}},{"@type":"WebPage","@id":"https:\/\/lavozdelagente.com.ar\/index\/2026\/08\/17\/milei-homenajeo-a-san-martin-tenemos-la-libertad-como-mandato-y-seguir-el-camino-de-nuestro-padre-fundador\/#webpage","url":"https:\/\/lavozdelagente.com.ar\/index\/2026\/08\/17\/milei-homenajeo-a-san-martin-tenemos-la-libertad-como-mandato-y-seguir-el-camino-de-nuestro-padre-fundador\/","name":"Milei homenaje\u00f3 a San Mart\u00edn: \u201cTenemos la libertad como mandato y seguir el camino de nuestro padre fundador\u201c - LA VOZ DE LA GENTE","description":"El presidente Javier Milei encabez\u00f3 el acto en conmemoraci\u00f3n de la muerte de Jos\u00e9 de San Mart\u00edn y sostuvo: \"No tenemos un pasado al que regresar porque ya sabemos a donde nos conduce, tenemos la libertad como mandato y seguir el camino de nuestro padre fundador\". En el acto que encabez\u00f3 en Plaza San Mart\u00edn,","inLanguage":"es-ES","isPartOf":{"@id":"https:\/\/lavozdelagente.com.ar\/index\/#website"},"breadcrumb":{"@id":"https:\/\/lavozdelagente.com.ar\/index\/2026\/08\/17\/milei-homenajeo-a-san-martin-tenemos-la-libertad-como-mandato-y-seguir-el-camino-de-nuestro-padre-fundador\/#breadcrumblist"},"author":{"@id":"https:\/\/lavozdelagente.com.ar\/index\/author\/rober\/#author"},"creator":{"@id":"https:\/\/lavozdelagente.com.ar\/index\/author\/rober\/#author"},"image":{"@type":"ImageObject","url":"https:\/\/lavozdelagente.com.ar\/wp-content\/uploads\/2026\/08\/homenaje.avif","@id":"https:\/\/lavozdelagente.com.ar\/index\/2026\/08\/17\/milei-homenajeo-a-san-martin-tenemos-la-libertad-como-mandato-y-seguir-el-camino-de-nuestro-padre-fundador\/#mainImage","width":810,"height":540},"primaryImageOfPage":{"@id":"https:\/\/lavozdelagente.com.ar\/index\/2026\/08\/17\/milei-homenajeo-a-san-martin-tenemos-la-libertad-como-mandato-y-seguir-el-camino-de-nuestro-padre-fundador\/#mainImage"},"datePublished":"2026-08-17T18:30:37+00:00","dateModified":"2026-08-17T18:30:37+00:00"},{"@type":"WebSite","@id":"https:\/\/lavozdelagente.com.ar\/index\/#website","url":"https:\/\/lavozdelagente.com.ar\/index\/","name":"LA VOZ DE LA GENTE","description":"SDE","inLanguage":"es-ES","publisher":{"@id":"https:\/\/lavozdelagente.com.ar\/index\/#person"}}]},"og:locale":"es_ES","og:site_name":"LA VOZ DE LA GENTE - SDE","og:type":"article","og:title":"Milei homenaje\u00f3 a San Mart\u00edn: \u201cTenemos la libertad como mandato y seguir el camino de nuestro padre fundador\u201c - LA VOZ DE LA GENTE","og:description":"El presidente Javier Milei encabez\u00f3 el acto en conmemoraci\u00f3n de la muerte de Jos\u00e9 de San Mart\u00edn y sostuvo: &quot;No tenemos un pasado al que regresar porque ya sabemos a donde nos conduce, tenemos la libertad como mandato y seguir el camino de nuestro padre fundador&quot;. En el acto que encabez\u00f3 en Plaza San Mart\u00edn,","og:url":"https:\/\/lavozdelagente.com.ar\/index\/2026\/08\/17\/milei-homenajeo-a-san-martin-tenemos-la-libertad-como-mandato-y-seguir-el-camino-de-nuestro-padre-fundador\/","article:published_time":"2026-08-17T18:30:37+00:00","article:modified_time":"2026-08-17T18:30:37+00:00","twitter:card":"summary_large_image","twitter:title":"Milei homenaje\u00f3 a San Mart\u00edn: \u201cTenemos la libertad como mandato y seguir el camino de nuestro padre fundador\u201c - LA VOZ DE LA GENTE","twitter:description":"El presidente Javier Milei encabez\u00f3 el acto en conmemoraci\u00f3n de la muerte de Jos\u00e9 de San Mart\u00edn y sostuvo: &quot;No tenemos un pasado al que regresar porque ya sabemos a donde nos conduce, tenemos la libertad como mandato y seguir el camino de nuestro padre fundador&quot;. En el acto que encabez\u00f3 en Plaza San Mart\u00edn,"},"aioseo_meta_data":{"post_id":"3448","title":null,"description":null,"keywords":null,"keyphrases":{"focus":{"keyphrase":"","score":0,"analysis":{"keyphraseInTitle":{"score":0,"maxScore":9,"error":1}}},"additional":[]},"primary_term":null,"canonical_url":null,"og_title":null,"og_description":null,"og_object_type":"default","og_image_type":"default","og_image_url":null,"og_image_width":null,"og_image_height":null,"og_image_custom_url":null,"og_image_custom_fields":null,"og_video":"","og_custom_url":null,"og_article_section":null,"og_article_tags":null,"twitter_use_og":false,"twitter_card":"default","twitter_image_type":"default","twitter_image_url":null,"twitter_image_custom_url":null,"twitter_image_custom_fields":null,"twitter_title":null,"twitter_description":null,"schema":{"blockGraphs":[],"customGraphs":[],"default":{"data":{"Article":[],"Course":[],"Dataset":[],"FAQPage":[],"Movie":[],"Person":[],"Product":[],"ProductReview":[],"Car":[],"Recipe":[],"Service":[],"SoftwareApplication":[],"WebPage":[]},"graphName":"BlogPosting","isEnabled":true},"graphs":[]},"schema_type":"default","schema_type_options":null,"pillar_content":false,"robots_default":true,"robots_noindex":false,"robots_noarchive":false,"robots_nosnippet":false,"robots_nofollow":false,"robots_noimageindex":false,"robots_noodp":false,"robots_notranslate":false,"robots_max_snippet":"-1","robots_max_videopreview":"-1","robots_max_imagepreview":"large","priority":null,"frequency":"default","local_seo":null,"breadcrumb_settings":null,"limit_modified_date":false,"ai":{"faqs":[],"keyPoints":[],"schemas":[],"titles":[],"descriptions":[],"socialPosts":{"email":{"subject":"","preview":"","content":""},"linkedin":[],"twitter":[],"facebook":[],"instagram":[]}},"created":"2026-08-17 18:30:37","updated":"2026-08-18 14:25:35","seo_analyzer_scan_date":null,"focus_keyword":null,"additional_keywords":null,"truseo_locale":null},"aioseo_breadcrumb":"<div class=\"aioseo-breadcrumbs\"><span class=\"aioseo-breadcrumb\">\n\t\t\t<a href=\"https:\/\/lavozdelagente.com.ar\/index\" title=\"Home\">Home<\/a>\n\t\t<\/span><span class=\"aioseo-breadcrumb-separator\">&raquo;<\/span><span class=\"aioseo-breadcrumb\">\n\t\t\t<a href=\"https:\/\/lavozdelagente.com.ar\/index\/category\/varios\/\" title=\"Varios\">Varios<\/a>\n\t\t<\/span><span class=\"aioseo-breadcrumb-separator\">&raquo;<\/span><span class=\"aioseo-breadcrumb\">\n\t\t\tMilei homenaje\u00f3 a San Mart\u00edn: \u201cTenemos la libertad como mandato y seguir el camino de nuestro padre fundador\u201c\n\t\t<\/span><\/div>","aioseo_breadcrumb_json":[{"label":"Home","link":"https:\/\/lavozdelagente.com.ar\/index"},{"label":"Varios","link":"https:\/\/lavozdelagente.com.ar\/index\/category\/varios\/"},{"label":"Milei homenaje\u00f3 a San Mart\u00edn: \u201cTenemos la libertad como mandato y seguir el camino de nuestro padre fundador\u201c","link":"https:\/\/lavozdelagente.com.ar\/index\/2026\/08\/17\/milei-homenajeo-a-san-martin-tenemos-la-libertad-como-mandato-y-seguir-el-camino-de-nuestro-padre-fundador\/"}],"rttpg_featured_image_url":{"full":["https:\/\/lavozdelagente.com.ar\/wp-content\/uploads\/2026\/08\/homenaje.avif",810,540,false],"landscape":["https:\/\/lavozdelagente.com.ar\/wp-content\/uploads\/2026\/08\/homenaje.avif",810,540,false],"portraits":["https:\/\/lavozdelagente.com.ar\/wp-content\/uploads\/2026\/08\/homenaje.avif",810,540,false],"thumbnail":["https:\/\/lavozdelagente.com.ar\/wp-content\/uploads\/2026\/08\/homenaje-150x150.avif",150,150,true],"medium":["https:\/\/lavozdelagente.com.ar\/wp-content\/uploads\/2026\/08\/homenaje-300x200.avif",300,200,true],"large":["https:\/\/lavozdelagente.com.ar\/wp-content\/uploads\/2026\/08\/homenaje.avif",800,533,false],"1536x1536":["https:\/\/lavozdelagente.com.ar\/wp-content\/uploads\/2026\/08\/homenaje.avif",810,540,false],"2048x2048":["https:\/\/lavozdelagente.com.ar\/wp-content\/uploads\/2026\/08\/homenaje.avif",810,540,false],"colormag-highlighted-post":["https:\/\/lavozdelagente.com.ar\/wp-content\/uploads\/2026\/08\/homenaje-392x272.avif",392,272,true],"colormag-featured-post-medium":["https:\/\/lavozdelagente.com.ar\/wp-content\/uploads\/2026\/08\/homenaje-390x205.avif",390,205,true],"colormag-featured-post-small":["https:\/\/lavozdelagente.com.ar\/wp-content\/uploads\/2026\/08\/homenaje-130x90.avif",130,90,true],"colormag-featured-image":["https:\/\/lavozdelagente.com.ar\/wp-content\/uploads\/2026\/08\/homenaje-800x445.avif",800,445,true],"colormag-default-news":["https:\/\/lavozdelagente.com.ar\/wp-content\/uploads\/2026\/08\/homenaje-150x150.avif",150,150,true],"colormag-featured-image-large":["https:\/\/lavozdelagente.com.ar\/wp-content\/uploads\/2026\/08\/homenaje.avif",810,540,false]},"rttpg_author":{"display_name":"rober","author_link":"https:\/\/lavozdelagente.com.ar\/index\/author\/rober\/"},"rttpg_comment":0,"rttpg_category":"<a href=\"https:\/\/lavozdelagente.com.ar\/index\/category\/varios\/\" rel=\"category tag\">Varios<\/a>","rttpg_excerpt":"El presidente Javier Milei encabez\u00f3 el acto en conmemoraci\u00f3n de la muerte de Jos\u00e9 de San Mart\u00edn y sostuvo: \u00abNo","_links":{"self":[{"href":"https:\/\/lavozdelagente.com.ar\/index\/wp-json\/wp\/v2\/posts\/3448","targetHints":{"allow":["GET"]}}],"collection":[{"href":"https:\/\/lavozdelagente.com.ar\/index\/wp-json\/wp\/v2\/posts"}],"about":[{"href":"https:\/\/lavozdelagente.com.ar\/index\/wp-json\/wp\/v2\/types\/post"}],"author":[{"embeddable":true,"href":"https:\/\/lavozdelagente.com.ar\/index\/wp-json\/wp\/v2\/users\/2"}],"replies":[{"embeddable":true,"href":"https:\/\/lavozdelagente.com.ar\/index\/wp-json\/wp\/v2\/comments?post=3448"}],"version-history":[{"count":2,"href":"https:\/\/lavozdelagente.com.ar\/index\/wp-json\/wp\/v2\/posts\/3448\/revisions"}],"predecessor-version":[{"id":3451,"href":"https:\/\/lavozdelagente.com.ar\/index\/wp-json\/wp\/v2\/posts\/3448\/revisions\/3451"}],"wp:featuredmedia":[{"embeddable":true,"href":"https:\/\/lavozdelagente.com.ar\/index\/wp-json\/wp\/v2\/media\/3449"}],"wp:attachment":[{"href":"https:\/\/lavozdelagente.com.ar\/index\/wp-json\/wp\/v2\/media?parent=3448"}],"wp:term":[{"taxonomy":"category","embeddable":true,"href":"https:\/\/lavozdelagente.com.ar\/index\/wp-json\/wp\/v2\/categories?post=3448"},{"taxonomy":"post_tag","embeddable":true,"href":"https:\/\/lavozdelagente.com.ar\/index\/wp-json\/wp\/v2\/tags?post=3448"}],"curies":[{"name":"wp","href":"https:\/\/api.w.org\/{rel}","templated":true}]}}