{"id":3452,"date":"2026-08-18T14:25:59","date_gmt":"2026-08-18T14:25:59","guid":{"rendered":"https:\/\/lavozdelagente.com.ar\/index\/?p=3452"},"modified":"2026-08-18T14:25:59","modified_gmt":"2026-08-18T14:25:59","slug":"emotivo-acto-a-176-anos-del-fallecimiento-del-general-san-martin","status":"publish","type":"post","link":"https:\/\/lavozdelagente.com.ar\/index\/2026\/08\/18\/emotivo-acto-a-176-anos-del-fallecimiento-del-general-san-martin\/","title":{"rendered":"Emotivo acto a 176 a\u00f1os del fallecimiento del General San Mart\u00edn"},"content":{"rendered":"<p>El vicegobernador Carlos Silva Neder, acompa\u00f1ado por el senador Gerardo Zamora encabez\u00f3 este lunes en horas de la siesta la ceremonia por el 176\u00b0 aniversario del paso a la inmortalidad del general Jos\u00e9 de San Mart\u00edn.<\/p>\n<p>&nbsp;<\/p>\n<p>El acto, realizado en la plaza que lleva el nombre del libertador, frente a Casa de Gobierno, tambi\u00e9n cont\u00f3 con la presencia, la intendente de la Capital, Norma Fuentes; el presidente del Superior Tribunal de Justicia, Eduardo L\u00f3pez Alzogaray, entre otros funcionarios provinciales y municipales, diputados, concejales, ex combatientes de Malvinas y representantes de las fuerzas de seguridad y de instituciones educativas e intermedias.<\/p>\n<p>&nbsp;<\/p>\n<p>Tras el saludo a los miembros de la Agrupaci\u00f3n \u201c17 de Agosto\u201d y la entonaci\u00f3n del Himno Nacional, el padre Luis Cruz realiz\u00f3 la invocaci\u00f3n religiosa.<\/p>\n<p>Las palabras alusivas estuvieron a cargo del presidente de la Asociaci\u00f3n Cultural Sanmartiniana, Prof. Clemente Di Lullo, quien destac\u00f3 el legado del general Jos\u00e9 de San Mart\u00edn como m\u00e1ximo ejemplo de grandeza moral y \u00e9tica, especialmente por sus valores de humildad, sacrificio, honestidad y servicio al bien com\u00fan. Tambi\u00e9n resalt\u00f3 la importancia de transmitir sus ense\u00f1anzas a las nuevas generaciones, entendiendo que su legado debe mantenerse vigente en la formaci\u00f3n intelectual, el trabajo honesto y el compromiso con la sociedad.<\/p>\n<p>Posteriormente se realiz\u00f3 la colocaci\u00f3n de ofrendas florales al pie del monumento al general San Mart\u00edn, tras un minuto de silencio.<\/p>\n<p>El acto finaliz\u00f3 con la Marcha de San Lorenzo, interpretada por la Banda de M\u00fasica de la Polic\u00eda.<\/p>\n<p>&nbsp;<\/p>\n","protected":false},"excerpt":{"rendered":"<p>El vicegobernador Carlos Silva Neder, acompa\u00f1ado por el senador Gerardo Zamora encabez\u00f3 este lunes en horas de la siesta la<\/p>\n","protected":false},"author":2,"featured_media":3453,"comment_status":"open","ping_status":"open","sticky":false,"template":"","format":"standard","meta":{"colormag_page_container_layout":"default_layout","colormag_page_sidebar_layout":"default_layout","om_disable_all_campaigns":false,"_monsterinsights_skip_tracking":false,"footnotes":""},"categories":[2],"tags":[],"class_list":["post-3452","post","type-post","status-publish","format-standard","has-post-thumbnail","hentry","category-santiago"],"aioseo_notices":[],"aioseo_head":"\n\t\t<!-- All in One SEO 5.0.1.1 - aioseo.com -->\n\t<meta name=\"description\" content=\"El vicegobernador Carlos Silva Neder, acompa\u00f1ado por el senador Gerardo Zamora encabez\u00f3 este lunes en horas de la siesta la ceremonia por el 176\u00b0 aniversario del paso a la inmortalidad del general Jos\u00e9 de San Mart\u00edn. El acto, realizado en la plaza que lleva el nombre del libertador, frente a Casa de Gobierno, tambi\u00e9n\" \/>\n\t<meta name=\"robots\" content=\"max-image-preview:large\" \/>\n\t<meta name=\"author\" content=\"rober\"\/>\n\t<meta name=\"google-site-verification\" content=\"dJHDh1fUzR1o-UwpFfn1JyiF-0R1LCNFZReSb-gbgcE\" \/>\n\t<link rel=\"canonical\" href=\"https:\/\/lavozdelagente.com.ar\/index\/2026\/08\/18\/emotivo-acto-a-176-anos-del-fallecimiento-del-general-san-martin\/\" \/>\n\t<meta name=\"generator\" content=\"All in One SEO (AIOSEO) 5.0.1.1\" \/>\n\t\t<meta property=\"og:locale\" content=\"es_ES\" \/>\n\t\t<meta property=\"og:site_name\" content=\"LA VOZ DE LA GENTE - SDE\" \/>\n\t\t<meta property=\"og:type\" content=\"article\" \/>\n\t\t<meta property=\"og:title\" content=\"Emotivo acto a 176 a\u00f1os del fallecimiento del General San Mart\u00edn - LA VOZ DE LA GENTE\" \/>\n\t\t<meta property=\"og:description\" content=\"El vicegobernador Carlos Silva Neder, acompa\u00f1ado por el senador Gerardo Zamora encabez\u00f3 este lunes en horas de la siesta la ceremonia por el 176\u00b0 aniversario del paso a la inmortalidad del general Jos\u00e9 de San Mart\u00edn. El acto, realizado en la plaza que lleva el nombre del libertador, frente a Casa de Gobierno, tambi\u00e9n\" \/>\n\t\t<meta property=\"og:url\" content=\"https:\/\/lavozdelagente.com.ar\/index\/2026\/08\/18\/emotivo-acto-a-176-anos-del-fallecimiento-del-general-san-martin\/\" \/>\n\t\t<meta property=\"article:published_time\" content=\"2026-08-18T14:25:59+00:00\" \/>\n\t\t<meta property=\"article:modified_time\" content=\"2026-08-18T14:25:59+00:00\" \/>\n\t\t<meta name=\"twitter:card\" content=\"summary_large_image\" \/>\n\t\t<meta name=\"twitter:title\" content=\"Emotivo acto a 176 a\u00f1os del fallecimiento del General San Mart\u00edn - LA VOZ DE LA GENTE\" \/>\n\t\t<meta name=\"twitter:description\" content=\"El vicegobernador Carlos Silva Neder, acompa\u00f1ado por el senador Gerardo Zamora encabez\u00f3 este lunes en horas de la siesta la ceremonia por el 176\u00b0 aniversario del paso a la inmortalidad del general Jos\u00e9 de San Mart\u00edn. El acto, realizado en la plaza que lleva el nombre del libertador, frente a Casa de Gobierno, tambi\u00e9n\" \/>\n\t\t<script type=\"application\/ld+json\" class=\"aioseo-schema\">\n\t\t\t{\"@context\":\"https:\\\/\\\/schema.org\",\"@graph\":[{\"@type\":\"BlogPosting\",\"@id\":\"https:\\\/\\\/lavozdelagente.com.ar\\\/index\\\/2026\\\/08\\\/18\\\/emotivo-acto-a-176-anos-del-fallecimiento-del-general-san-martin\\\/#blogposting\",\"name\":\"Emotivo acto a 176 a\\u00f1os del fallecimiento del General San Mart\\u00edn - LA VOZ DE LA GENTE\",\"headline\":\"Emotivo acto a 176 a\\u00f1os del fallecimiento del General San Mart\\u00edn\",\"author\":{\"@id\":\"https:\\\/\\\/lavozdelagente.com.ar\\\/index\\\/author\\\/rober\\\/#author\"},\"publisher\":{\"@id\":\"https:\\\/\\\/lavozdelagente.com.ar\\\/index\\\/#person\"},\"image\":{\"@type\":\"ImageObject\",\"url\":\"https:\\\/\\\/lavozdelagente.com.ar\\\/wp-content\\\/uploads\\\/2026\\\/08\\\/IMG-20260817-WA0165-768x511-1.jpg\",\"width\":768,\"height\":511},\"datePublished\":\"2026-08-18T14:25:59+00:00\",\"dateModified\":\"2026-08-18T14:25:59+00:00\",\"inLanguage\":\"es-ES\",\"mainEntityOfPage\":{\"@id\":\"https:\\\/\\\/lavozdelagente.com.ar\\\/index\\\/2026\\\/08\\\/18\\\/emotivo-acto-a-176-anos-del-fallecimiento-del-general-san-martin\\\/#webpage\"},\"isPartOf\":{\"@id\":\"https:\\\/\\\/lavozdelagente.com.ar\\\/index\\\/2026\\\/08\\\/18\\\/emotivo-acto-a-176-anos-del-fallecimiento-del-general-san-martin\\\/#webpage\"},\"articleSection\":\"Santiago\"},{\"@type\":\"BreadcrumbList\",\"@id\":\"https:\\\/\\\/lavozdelagente.com.ar\\\/index\\\/2026\\\/08\\\/18\\\/emotivo-acto-a-176-anos-del-fallecimiento-del-general-san-martin\\\/#breadcrumblist\",\"itemListElement\":[{\"@type\":\"ListItem\",\"@id\":\"https:\\\/\\\/lavozdelagente.com.ar\\\/index#listItem\",\"position\":1,\"name\":\"Home\",\"item\":\"https:\\\/\\\/lavozdelagente.com.ar\\\/index\",\"nextItem\":{\"@type\":\"ListItem\",\"@id\":\"https:\\\/\\\/lavozdelagente.com.ar\\\/index\\\/category\\\/santiago\\\/#listItem\",\"name\":\"Santiago\"}},{\"@type\":\"ListItem\",\"@id\":\"https:\\\/\\\/lavozdelagente.com.ar\\\/index\\\/category\\\/santiago\\\/#listItem\",\"position\":2,\"name\":\"Santiago\",\"item\":\"https:\\\/\\\/lavozdelagente.com.ar\\\/index\\\/category\\\/santiago\\\/\",\"nextItem\":{\"@type\":\"ListItem\",\"@id\":\"https:\\\/\\\/lavozdelagente.com.ar\\\/index\\\/2026\\\/08\\\/18\\\/emotivo-acto-a-176-anos-del-fallecimiento-del-general-san-martin\\\/#listItem\",\"name\":\"Emotivo acto a 176 a\\u00f1os del fallecimiento del General San Mart\\u00edn\"},\"previousItem\":{\"@type\":\"ListItem\",\"@id\":\"https:\\\/\\\/lavozdelagente.com.ar\\\/index#listItem\",\"name\":\"Home\"}},{\"@type\":\"ListItem\",\"@id\":\"https:\\\/\\\/lavozdelagente.com.ar\\\/index\\\/2026\\\/08\\\/18\\\/emotivo-acto-a-176-anos-del-fallecimiento-del-general-san-martin\\\/#listItem\",\"position\":3,\"name\":\"Emotivo acto a 176 a\\u00f1os del fallecimiento del General San Mart\\u00edn\",\"previousItem\":{\"@type\":\"ListItem\",\"@id\":\"https:\\\/\\\/lavozdelagente.com.ar\\\/index\\\/category\\\/santiago\\\/#listItem\",\"name\":\"Santiago\"}}]},{\"@type\":\"Person\",\"@id\":\"https:\\\/\\\/lavozdelagente.com.ar\\\/index\\\/author\\\/rober\\\/#author\",\"url\":\"https:\\\/\\\/lavozdelagente.com.ar\\\/index\\\/author\\\/rober\\\/\",\"name\":\"rober\",\"image\":{\"@type\":\"ImageObject\",\"@id\":\"https:\\\/\\\/lavozdelagente.com.ar\\\/index\\\/2026\\\/08\\\/18\\\/emotivo-acto-a-176-anos-del-fallecimiento-del-general-san-martin\\\/#authorImage\",\"url\":\"https:\\\/\\\/secure.gravatar.com\\\/avatar\\\/901a62cd098b11a08c5fe38d2de0f8ad6b745f5d4f6413ad71e1630ac07766e0?s=96&d=mm&r=g\",\"width\":96,\"height\":96,\"caption\":\"rober\"}},{\"@type\":\"WebPage\",\"@id\":\"https:\\\/\\\/lavozdelagente.com.ar\\\/index\\\/2026\\\/08\\\/18\\\/emotivo-acto-a-176-anos-del-fallecimiento-del-general-san-martin\\\/#webpage\",\"url\":\"https:\\\/\\\/lavozdelagente.com.ar\\\/index\\\/2026\\\/08\\\/18\\\/emotivo-acto-a-176-anos-del-fallecimiento-del-general-san-martin\\\/\",\"name\":\"Emotivo acto a 176 a\\u00f1os del fallecimiento del General San Mart\\u00edn - LA VOZ DE LA GENTE\",\"description\":\"El vicegobernador Carlos Silva Neder, acompa\\u00f1ado por el senador Gerardo Zamora encabez\\u00f3 este lunes en horas de la siesta la ceremonia por el 176\\u00b0 aniversario del paso a la inmortalidad del general Jos\\u00e9 de San Mart\\u00edn. El acto, realizado en la plaza que lleva el nombre del libertador, frente a Casa de Gobierno, tambi\\u00e9n\",\"inLanguage\":\"es-ES\",\"isPartOf\":{\"@id\":\"https:\\\/\\\/lavozdelagente.com.ar\\\/index\\\/#website\"},\"breadcrumb\":{\"@id\":\"https:\\\/\\\/lavozdelagente.com.ar\\\/index\\\/2026\\\/08\\\/18\\\/emotivo-acto-a-176-anos-del-fallecimiento-del-general-san-martin\\\/#breadcrumblist\"},\"author\":{\"@id\":\"https:\\\/\\\/lavozdelagente.com.ar\\\/index\\\/author\\\/rober\\\/#author\"},\"creator\":{\"@id\":\"https:\\\/\\\/lavozdelagente.com.ar\\\/index\\\/author\\\/rober\\\/#author\"},\"image\":{\"@type\":\"ImageObject\",\"url\":\"https:\\\/\\\/lavozdelagente.com.ar\\\/wp-content\\\/uploads\\\/2026\\\/08\\\/IMG-20260817-WA0165-768x511-1.jpg\",\"@id\":\"https:\\\/\\\/lavozdelagente.com.ar\\\/index\\\/2026\\\/08\\\/18\\\/emotivo-acto-a-176-anos-del-fallecimiento-del-general-san-martin\\\/#mainImage\",\"width\":768,\"height\":511},\"primaryImageOfPage\":{\"@id\":\"https:\\\/\\\/lavozdelagente.com.ar\\\/index\\\/2026\\\/08\\\/18\\\/emotivo-acto-a-176-anos-del-fallecimiento-del-general-san-martin\\\/#mainImage\"},\"datePublished\":\"2026-08-18T14:25:59+00:00\",\"dateModified\":\"2026-08-18T14:25:59+00:00\"},{\"@type\":\"WebSite\",\"@id\":\"https:\\\/\\\/lavozdelagente.com.ar\\\/index\\\/#website\",\"url\":\"https:\\\/\\\/lavozdelagente.com.ar\\\/index\\\/\",\"name\":\"LA VOZ DE LA GENTE\",\"description\":\"SDE\",\"inLanguage\":\"es-ES\",\"publisher\":{\"@id\":\"https:\\\/\\\/lavozdelagente.com.ar\\\/index\\\/#person\"}}]}\n\t\t<\/script>\n\t\t<!-- All in One SEO -->\n\n","aioseo_head_json":{"title":"Emotivo acto a 176 a\u00f1os del fallecimiento del General San Mart\u00edn - LA VOZ DE LA GENTE","description":"El vicegobernador Carlos Silva Neder, acompa\u00f1ado por el senador Gerardo Zamora encabez\u00f3 este lunes en horas de la siesta la ceremonia por el 176\u00b0 aniversario del paso a la inmortalidad del general Jos\u00e9 de San Mart\u00edn. El acto, realizado en la plaza que lleva el nombre del libertador, frente a Casa de Gobierno, tambi\u00e9n","canonical_url":"https:\/\/lavozdelagente.com.ar\/index\/2026\/08\/18\/emotivo-acto-a-176-anos-del-fallecimiento-del-general-san-martin\/","robots":"max-image-preview:large","keywords":"","webmasterTools":{"google-site-verification":"dJHDh1fUzR1o-UwpFfn1JyiF-0R1LCNFZReSb-gbgcE","miscellaneous":""},"schema":{"@context":"https:\/\/schema.org","@graph":[{"@type":"BlogPosting","@id":"https:\/\/lavozdelagente.com.ar\/index\/2026\/08\/18\/emotivo-acto-a-176-anos-del-fallecimiento-del-general-san-martin\/#blogposting","name":"Emotivo acto a 176 a\u00f1os del fallecimiento del General San Mart\u00edn - LA VOZ DE LA GENTE","headline":"Emotivo acto a 176 a\u00f1os del fallecimiento del General San Mart\u00edn","author":{"@id":"https:\/\/lavozdelagente.com.ar\/index\/author\/rober\/#author"},"publisher":{"@id":"https:\/\/lavozdelagente.com.ar\/index\/#person"},"image":{"@type":"ImageObject","url":"https:\/\/lavozdelagente.com.ar\/wp-content\/uploads\/2026\/08\/IMG-20260817-WA0165-768x511-1.jpg","width":768,"height":511},"datePublished":"2026-08-18T14:25:59+00:00","dateModified":"2026-08-18T14:25:59+00:00","inLanguage":"es-ES","mainEntityOfPage":{"@id":"https:\/\/lavozdelagente.com.ar\/index\/2026\/08\/18\/emotivo-acto-a-176-anos-del-fallecimiento-del-general-san-martin\/#webpage"},"isPartOf":{"@id":"https:\/\/lavozdelagente.com.ar\/index\/2026\/08\/18\/emotivo-acto-a-176-anos-del-fallecimiento-del-general-san-martin\/#webpage"},"articleSection":"Santiago"},{"@type":"BreadcrumbList","@id":"https:\/\/lavozdelagente.com.ar\/index\/2026\/08\/18\/emotivo-acto-a-176-anos-del-fallecimiento-del-general-san-martin\/#breadcrumblist","itemListElement":[{"@type":"ListItem","@id":"https:\/\/lavozdelagente.com.ar\/index#listItem","position":1,"name":"Home","item":"https:\/\/lavozdelagente.com.ar\/index","nextItem":{"@type":"ListItem","@id":"https:\/\/lavozdelagente.com.ar\/index\/category\/santiago\/#listItem","name":"Santiago"}},{"@type":"ListItem","@id":"https:\/\/lavozdelagente.com.ar\/index\/category\/santiago\/#listItem","position":2,"name":"Santiago","item":"https:\/\/lavozdelagente.com.ar\/index\/category\/santiago\/","nextItem":{"@type":"ListItem","@id":"https:\/\/lavozdelagente.com.ar\/index\/2026\/08\/18\/emotivo-acto-a-176-anos-del-fallecimiento-del-general-san-martin\/#listItem","name":"Emotivo acto a 176 a\u00f1os del fallecimiento del General San Mart\u00edn"},"previousItem":{"@type":"ListItem","@id":"https:\/\/lavozdelagente.com.ar\/index#listItem","name":"Home"}},{"@type":"ListItem","@id":"https:\/\/lavozdelagente.com.ar\/index\/2026\/08\/18\/emotivo-acto-a-176-anos-del-fallecimiento-del-general-san-martin\/#listItem","position":3,"name":"Emotivo acto a 176 a\u00f1os del fallecimiento del General San Mart\u00edn","previousItem":{"@type":"ListItem","@id":"https:\/\/lavozdelagente.com.ar\/index\/category\/santiago\/#listItem","name":"Santiago"}}]},{"@type":"Person","@id":"https:\/\/lavozdelagente.com.ar\/index\/author\/rober\/#author","url":"https:\/\/lavozdelagente.com.ar\/index\/author\/rober\/","name":"rober","image":{"@type":"ImageObject","@id":"https:\/\/lavozdelagente.com.ar\/index\/2026\/08\/18\/emotivo-acto-a-176-anos-del-fallecimiento-del-general-san-martin\/#authorImage","url":"https:\/\/secure.gravatar.com\/avatar\/901a62cd098b11a08c5fe38d2de0f8ad6b745f5d4f6413ad71e1630ac07766e0?s=96&d=mm&r=g","width":96,"height":96,"caption":"rober"}},{"@type":"WebPage","@id":"https:\/\/lavozdelagente.com.ar\/index\/2026\/08\/18\/emotivo-acto-a-176-anos-del-fallecimiento-del-general-san-martin\/#webpage","url":"https:\/\/lavozdelagente.com.ar\/index\/2026\/08\/18\/emotivo-acto-a-176-anos-del-fallecimiento-del-general-san-martin\/","name":"Emotivo acto a 176 a\u00f1os del fallecimiento del General San Mart\u00edn - LA VOZ DE LA GENTE","description":"El vicegobernador Carlos Silva Neder, acompa\u00f1ado por el senador Gerardo Zamora encabez\u00f3 este lunes en horas de la siesta la ceremonia por el 176\u00b0 aniversario del paso a la inmortalidad del general Jos\u00e9 de San Mart\u00edn. El acto, realizado en la plaza que lleva el nombre del libertador, frente a Casa de Gobierno, tambi\u00e9n","inLanguage":"es-ES","isPartOf":{"@id":"https:\/\/lavozdelagente.com.ar\/index\/#website"},"breadcrumb":{"@id":"https:\/\/lavozdelagente.com.ar\/index\/2026\/08\/18\/emotivo-acto-a-176-anos-del-fallecimiento-del-general-san-martin\/#breadcrumblist"},"author":{"@id":"https:\/\/lavozdelagente.com.ar\/index\/author\/rober\/#author"},"creator":{"@id":"https:\/\/lavozdelagente.com.ar\/index\/author\/rober\/#author"},"image":{"@type":"ImageObject","url":"https:\/\/lavozdelagente.com.ar\/wp-content\/uploads\/2026\/08\/IMG-20260817-WA0165-768x511-1.jpg","@id":"https:\/\/lavozdelagente.com.ar\/index\/2026\/08\/18\/emotivo-acto-a-176-anos-del-fallecimiento-del-general-san-martin\/#mainImage","width":768,"height":511},"primaryImageOfPage":{"@id":"https:\/\/lavozdelagente.com.ar\/index\/2026\/08\/18\/emotivo-acto-a-176-anos-del-fallecimiento-del-general-san-martin\/#mainImage"},"datePublished":"2026-08-18T14:25:59+00:00","dateModified":"2026-08-18T14:25:59+00:00"},{"@type":"WebSite","@id":"https:\/\/lavozdelagente.com.ar\/index\/#website","url":"https:\/\/lavozdelagente.com.ar\/index\/","name":"LA VOZ DE LA GENTE","description":"SDE","inLanguage":"es-ES","publisher":{"@id":"https:\/\/lavozdelagente.com.ar\/index\/#person"}}]},"og:locale":"es_ES","og:site_name":"LA VOZ DE LA GENTE - SDE","og:type":"article","og:title":"Emotivo acto a 176 a\u00f1os del fallecimiento del General San Mart\u00edn - LA VOZ DE LA GENTE","og:description":"El vicegobernador Carlos Silva Neder, acompa\u00f1ado por el senador Gerardo Zamora encabez\u00f3 este lunes en horas de la siesta la ceremonia por el 176\u00b0 aniversario del paso a la inmortalidad del general Jos\u00e9 de San Mart\u00edn. El acto, realizado en la plaza que lleva el nombre del libertador, frente a Casa de Gobierno, tambi\u00e9n","og:url":"https:\/\/lavozdelagente.com.ar\/index\/2026\/08\/18\/emotivo-acto-a-176-anos-del-fallecimiento-del-general-san-martin\/","article:published_time":"2026-08-18T14:25:59+00:00","article:modified_time":"2026-08-18T14:25:59+00:00","twitter:card":"summary_large_image","twitter:title":"Emotivo acto a 176 a\u00f1os del fallecimiento del General San Mart\u00edn - LA VOZ DE LA GENTE","twitter:description":"El vicegobernador Carlos Silva Neder, acompa\u00f1ado por el senador Gerardo Zamora encabez\u00f3 este lunes en horas de la siesta la ceremonia por el 176\u00b0 aniversario del paso a la inmortalidad del general Jos\u00e9 de San Mart\u00edn. El acto, realizado en la plaza que lleva el nombre del libertador, frente a Casa de Gobierno, tambi\u00e9n"},"aioseo_meta_data":{"post_id":"3452","title":null,"description":null,"keywords":null,"keyphrases":{"focus":{"keyphrase":"","score":0,"analysis":{"keyphraseInTitle":{"score":0,"maxScore":9,"error":1}}},"additional":[]},"primary_term":null,"canonical_url":null,"og_title":null,"og_description":null,"og_object_type":"default","og_image_type":"default","og_image_url":null,"og_image_width":null,"og_image_height":null,"og_image_custom_url":null,"og_image_custom_fields":null,"og_video":"","og_custom_url":null,"og_article_section":null,"og_article_tags":null,"twitter_use_og":false,"twitter_card":"default","twitter_image_type":"default","twitter_image_url":null,"twitter_image_custom_url":null,"twitter_image_custom_fields":null,"twitter_title":null,"twitter_description":null,"schema":{"blockGraphs":[],"customGraphs":[],"default":{"data":{"Article":[],"Course":[],"Dataset":[],"FAQPage":[],"Movie":[],"Person":[],"Product":[],"ProductReview":[],"Car":[],"Recipe":[],"Service":[],"SoftwareApplication":[],"WebPage":[]},"graphName":"BlogPosting","isEnabled":true},"graphs":[]},"schema_type":"default","schema_type_options":null,"pillar_content":false,"robots_default":true,"robots_noindex":false,"robots_noarchive":false,"robots_nosnippet":false,"robots_nofollow":false,"robots_noimageindex":false,"robots_noodp":false,"robots_notranslate":false,"robots_max_snippet":"-1","robots_max_videopreview":"-1","robots_max_imagepreview":"large","priority":null,"frequency":"default","local_seo":null,"breadcrumb_settings":null,"limit_modified_date":false,"ai":{"faqs":[],"keyPoints":[],"schemas":[],"titles":[],"descriptions":[],"socialPosts":{"email":{"subject":"","preview":"","content":""},"linkedin":[],"twitter":[],"facebook":[],"instagram":[]}},"created":"2026-08-18 14:25:59","updated":"2026-08-18 14:26:38","seo_analyzer_scan_date":null,"focus_keyword":null,"additional_keywords":null,"truseo_locale":null},"aioseo_breadcrumb":"<div class=\"aioseo-breadcrumbs\"><span class=\"aioseo-breadcrumb\">\n\t\t\t<a href=\"https:\/\/lavozdelagente.com.ar\/index\" title=\"Home\">Home<\/a>\n\t\t<\/span><span class=\"aioseo-breadcrumb-separator\">&raquo;<\/span><span class=\"aioseo-breadcrumb\">\n\t\t\t<a href=\"https:\/\/lavozdelagente.com.ar\/index\/category\/santiago\/\" title=\"Santiago\">Santiago<\/a>\n\t\t<\/span><span class=\"aioseo-breadcrumb-separator\">&raquo;<\/span><span class=\"aioseo-breadcrumb\">\n\t\t\tEmotivo acto a 176 a\u00f1os del fallecimiento del General San Mart\u00edn\n\t\t<\/span><\/div>","aioseo_breadcrumb_json":[{"label":"Home","link":"https:\/\/lavozdelagente.com.ar\/index"},{"label":"Santiago","link":"https:\/\/lavozdelagente.com.ar\/index\/category\/santiago\/"},{"label":"Emotivo acto a 176 a\u00f1os del fallecimiento del General San Mart\u00edn","link":"https:\/\/lavozdelagente.com.ar\/index\/2026\/08\/18\/emotivo-acto-a-176-anos-del-fallecimiento-del-general-san-martin\/"}],"rttpg_featured_image_url":{"full":["https:\/\/lavozdelagente.com.ar\/wp-content\/uploads\/2026\/08\/IMG-20260817-WA0165-768x511-1.jpg",768,511,false],"landscape":["https:\/\/lavozdelagente.com.ar\/wp-content\/uploads\/2026\/08\/IMG-20260817-WA0165-768x511-1.jpg",768,511,false],"portraits":["https:\/\/lavozdelagente.com.ar\/wp-content\/uploads\/2026\/08\/IMG-20260817-WA0165-768x511-1.jpg",768,511,false],"thumbnail":["https:\/\/lavozdelagente.com.ar\/wp-content\/uploads\/2026\/08\/IMG-20260817-WA0165-768x511-1-150x150.jpg",150,150,true],"medium":["https:\/\/lavozdelagente.com.ar\/wp-content\/uploads\/2026\/08\/IMG-20260817-WA0165-768x511-1-300x200.jpg",300,200,true],"large":["https:\/\/lavozdelagente.com.ar\/wp-content\/uploads\/2026\/08\/IMG-20260817-WA0165-768x511-1.jpg",768,511,false],"1536x1536":["https:\/\/lavozdelagente.com.ar\/wp-content\/uploads\/2026\/08\/IMG-20260817-WA0165-768x511-1.jpg",768,511,false],"2048x2048":["https:\/\/lavozdelagente.com.ar\/wp-content\/uploads\/2026\/08\/IMG-20260817-WA0165-768x511-1.jpg",768,511,false],"colormag-highlighted-post":["https:\/\/lavozdelagente.com.ar\/wp-content\/uploads\/2026\/08\/IMG-20260817-WA0165-768x511-1-392x272.jpg",392,272,true],"colormag-featured-post-medium":["https:\/\/lavozdelagente.com.ar\/wp-content\/uploads\/2026\/08\/IMG-20260817-WA0165-768x511-1-390x205.jpg",390,205,true],"colormag-featured-post-small":["https:\/\/lavozdelagente.com.ar\/wp-content\/uploads\/2026\/08\/IMG-20260817-WA0165-768x511-1-130x90.jpg",130,90,true],"colormag-featured-image":["https:\/\/lavozdelagente.com.ar\/wp-content\/uploads\/2026\/08\/IMG-20260817-WA0165-768x511-1-768x445.jpg",768,445,true],"colormag-default-news":["https:\/\/lavozdelagente.com.ar\/wp-content\/uploads\/2026\/08\/IMG-20260817-WA0165-768x511-1-150x150.jpg",150,150,true],"colormag-featured-image-large":["https:\/\/lavozdelagente.com.ar\/wp-content\/uploads\/2026\/08\/IMG-20260817-WA0165-768x511-1.jpg",768,511,false]},"rttpg_author":{"display_name":"rober","author_link":"https:\/\/lavozdelagente.com.ar\/index\/author\/rober\/"},"rttpg_comment":0,"rttpg_category":"<a href=\"https:\/\/lavozdelagente.com.ar\/index\/category\/santiago\/\" rel=\"category tag\">Santiago<\/a>","rttpg_excerpt":"El vicegobernador Carlos Silva Neder, acompa\u00f1ado por el senador Gerardo Zamora encabez\u00f3 este lunes en horas de la siesta la","_links":{"self":[{"href":"https:\/\/lavozdelagente.com.ar\/index\/wp-json\/wp\/v2\/posts\/3452","targetHints":{"allow":["GET"]}}],"collection":[{"href":"https:\/\/lavozdelagente.com.ar\/index\/wp-json\/wp\/v2\/posts"}],"about":[{"href":"https:\/\/lavozdelagente.com.ar\/index\/wp-json\/wp\/v2\/types\/post"}],"author":[{"embeddable":true,"href":"https:\/\/lavozdelagente.com.ar\/index\/wp-json\/wp\/v2\/users\/2"}],"replies":[{"embeddable":true,"href":"https:\/\/lavozdelagente.com.ar\/index\/wp-json\/wp\/v2\/comments?post=3452"}],"version-history":[{"count":2,"href":"https:\/\/lavozdelagente.com.ar\/index\/wp-json\/wp\/v2\/posts\/3452\/revisions"}],"predecessor-version":[{"id":3455,"href":"https:\/\/lavozdelagente.com.ar\/index\/wp-json\/wp\/v2\/posts\/3452\/revisions\/3455"}],"wp:featuredmedia":[{"embeddable":true,"href":"https:\/\/lavozdelagente.com.ar\/index\/wp-json\/wp\/v2\/media\/3453"}],"wp:attachment":[{"href":"https:\/\/lavozdelagente.com.ar\/index\/wp-json\/wp\/v2\/media?parent=3452"}],"wp:term":[{"taxonomy":"category","embeddable":true,"href":"https:\/\/lavozdelagente.com.ar\/index\/wp-json\/wp\/v2\/categories?post=3452"},{"taxonomy":"post_tag","embeddable":true,"href":"https:\/\/lavozdelagente.com.ar\/index\/wp-json\/wp\/v2\/tags?post=3452"}],"curies":[{"name":"wp","href":"https:\/\/api.w.org\/{rel}","templated":true}]}}