{"id":3466,"date":"2026-08-19T14:51:06","date_gmt":"2026-08-19T14:51:06","guid":{"rendered":"https:\/\/lavozdelagente.com.ar\/index\/?p=3466"},"modified":"2026-08-19T21:54:44","modified_gmt":"2026-08-19T21:54:44","slug":"el-gobernador-elias-suarez-inauguro-el-renovado-edificio-del-hospital-de-beltran-y-entrego-viviendas-sociales","status":"publish","type":"post","link":"https:\/\/lavozdelagente.com.ar\/index\/2026\/08\/19\/el-gobernador-elias-suarez-inauguro-el-renovado-edificio-del-hospital-de-beltran-y-entrego-viviendas-sociales\/","title":{"rendered":"El Gobernador El\u00edas Su\u00e1rez inaugur\u00f3 el renovado edificio del Hospital de Beltr\u00e1n y entrego viviendas sociales"},"content":{"rendered":"<p>&nbsp;<\/p>\n<p>El gobernador El\u00edas Su\u00e1rez junto al senador Nacional, Gerardo Zamora participan de la inauguraci\u00f3n refacci\u00f3n, remodelaci\u00f3n y ampliaci\u00f3n del Hospital de tr\u00e1nsito \u00abDr. Salvador Retondo\u00bb de la ciudad de Beltr\u00e1n.<\/p>\n<p>Del acto participaron el vicegobernador Carlos Silva Neder, el jefe de gabinete, V\u00edctor Araujo, acompa\u00f1ados por ministros del gabinete provincial, el intendente Victorio \u201cBuga\u201d Formini.<\/p>\n<p>Durante la jornada, el mandatario provincial tambi\u00e9n entregar\u00e1 viviendas sociales a familias de la zona, como parte de las pol\u00edticas impulsadas por el Gobierno provincial para facilitar el acceso a una vivienda digna.<\/p>\n<p>Su\u00e1rez fue recibido por el intendente de Beltr\u00e1n, Victorio Formini, quien destac\u00f3 el impacto que tendr\u00e1n las obras para la comunidad y para las localidades cercanas. Del acto tambi\u00e9n participaron el senador Gerardo Zamora y la ministra de Salud Natividad Nassif.<\/p>\n<p>El nuevo centro de salud cuenta con equipamiento y tecnolog\u00eda de avanzada y permitir\u00e1 ampliar la capacidad de atenci\u00f3n y los servicios disponibles para la poblaci\u00f3n.<\/p>\n<p>La habilitaci\u00f3n del hospital se enmarca en un programa de inversi\u00f3n provincial que durante el \u00faltimo a\u00f1o permiti\u00f3 avanzar con la inauguraci\u00f3n y puesta en funcionamiento de distintos centros sanitarios en localidades del interior santiague\u00f1o.<\/p>\n<p>Desde el Gobierno provincial destacaron que el fortalecimiento de la salud p\u00fablica constituye una de las prioridades de la gesti\u00f3n y se\u00f1alaron que las inversiones en infraestructura sanitaria buscan acercar servicios de mayor complejidad y calidad a los habitantes del interior.<\/p>\n<p>&nbsp;<\/p>\n","protected":false},"excerpt":{"rendered":"<p>&nbsp; El gobernador El\u00edas Su\u00e1rez junto al senador Nacional, Gerardo Zamora participan de la inauguraci\u00f3n refacci\u00f3n, remodelaci\u00f3n y ampliaci\u00f3n del<\/p>\n","protected":false},"author":2,"featured_media":3472,"comment_status":"open","ping_status":"open","sticky":false,"template":"","format":"standard","meta":{"colormag_page_container_layout":"default_layout","colormag_page_sidebar_layout":"default_layout","om_disable_all_campaigns":false,"_monsterinsights_skip_tracking":false,"footnotes":""},"categories":[2],"tags":[],"class_list":["post-3466","post","type-post","status-publish","format-standard","has-post-thumbnail","hentry","category-santiago"],"aioseo_notices":[],"aioseo_head":"\n\t\t<!-- All in One SEO 5.0.1.1 - aioseo.com -->\n\t<meta name=\"description\" content=\"El gobernador El\u00edas Su\u00e1rez junto al senador Nacional, Gerardo Zamora participan de la inauguraci\u00f3n refacci\u00f3n, remodelaci\u00f3n y ampliaci\u00f3n del Hospital de tr\u00e1nsito \u00abDr. Salvador Retondo\u00bb de la ciudad de Beltr\u00e1n. Del acto participaron el vicegobernador Carlos Silva Neder, el jefe de gabinete, V\u00edctor Araujo, acompa\u00f1ados por ministros del gabinete provincial, el intendente Victorio \u201cBuga\u201d\" \/>\n\t<meta name=\"robots\" content=\"max-image-preview:large\" \/>\n\t<meta name=\"author\" content=\"rober\"\/>\n\t<meta name=\"google-site-verification\" content=\"dJHDh1fUzR1o-UwpFfn1JyiF-0R1LCNFZReSb-gbgcE\" \/>\n\t<link rel=\"canonical\" href=\"https:\/\/lavozdelagente.com.ar\/index\/2026\/08\/19\/el-gobernador-elias-suarez-inauguro-el-renovado-edificio-del-hospital-de-beltran-y-entrego-viviendas-sociales\/\" \/>\n\t<meta name=\"generator\" content=\"All in One SEO (AIOSEO) 5.0.1.1\" \/>\n\t\t<meta property=\"og:locale\" content=\"es_ES\" \/>\n\t\t<meta property=\"og:site_name\" content=\"LA VOZ DE LA GENTE - SDE\" \/>\n\t\t<meta property=\"og:type\" content=\"article\" \/>\n\t\t<meta property=\"og:title\" content=\"El Gobernador El\u00edas Su\u00e1rez inaugur\u00f3 el renovado edificio del Hospital de Beltr\u00e1n y entrego viviendas sociales - LA VOZ DE LA GENTE\" \/>\n\t\t<meta property=\"og:description\" content=\"El gobernador El\u00edas Su\u00e1rez junto al senador Nacional, Gerardo Zamora participan de la inauguraci\u00f3n refacci\u00f3n, remodelaci\u00f3n y ampliaci\u00f3n del Hospital de tr\u00e1nsito \u00abDr. Salvador Retondo\u00bb de la ciudad de Beltr\u00e1n. Del acto participaron el vicegobernador Carlos Silva Neder, el jefe de gabinete, V\u00edctor Araujo, acompa\u00f1ados por ministros del gabinete provincial, el intendente Victorio \u201cBuga\u201d\" \/>\n\t\t<meta property=\"og:url\" content=\"https:\/\/lavozdelagente.com.ar\/index\/2026\/08\/19\/el-gobernador-elias-suarez-inauguro-el-renovado-edificio-del-hospital-de-beltran-y-entrego-viviendas-sociales\/\" \/>\n\t\t<meta property=\"article:published_time\" content=\"2026-08-19T14:51:06+00:00\" \/>\n\t\t<meta property=\"article:modified_time\" content=\"2026-08-19T21:54:44+00:00\" \/>\n\t\t<meta name=\"twitter:card\" content=\"summary_large_image\" \/>\n\t\t<meta name=\"twitter:title\" content=\"El Gobernador El\u00edas Su\u00e1rez inaugur\u00f3 el renovado edificio del Hospital de Beltr\u00e1n y entrego viviendas sociales - LA VOZ DE LA GENTE\" \/>\n\t\t<meta name=\"twitter:description\" content=\"El gobernador El\u00edas Su\u00e1rez junto al senador Nacional, Gerardo Zamora participan de la inauguraci\u00f3n refacci\u00f3n, remodelaci\u00f3n y ampliaci\u00f3n del Hospital de tr\u00e1nsito \u00abDr. Salvador Retondo\u00bb de la ciudad de Beltr\u00e1n. Del acto participaron el vicegobernador Carlos Silva Neder, el jefe de gabinete, V\u00edctor Araujo, acompa\u00f1ados por ministros del gabinete provincial, el intendente Victorio \u201cBuga\u201d\" \/>\n\t\t<script type=\"application\/ld+json\" class=\"aioseo-schema\">\n\t\t\t{\"@context\":\"https:\\\/\\\/schema.org\",\"@graph\":[{\"@type\":\"BlogPosting\",\"@id\":\"https:\\\/\\\/lavozdelagente.com.ar\\\/index\\\/2026\\\/08\\\/19\\\/el-gobernador-elias-suarez-inauguro-el-renovado-edificio-del-hospital-de-beltran-y-entrego-viviendas-sociales\\\/#blogposting\",\"name\":\"El Gobernador El\\u00edas Su\\u00e1rez inaugur\\u00f3 el renovado edificio del Hospital de Beltr\\u00e1n y entrego viviendas sociales - LA VOZ DE LA GENTE\",\"headline\":\"El Gobernador El\\u00edas Su\\u00e1rez inaugur\\u00f3 el renovado edificio del Hospital de Beltr\\u00e1n y entrego viviendas sociales\",\"author\":{\"@id\":\"https:\\\/\\\/lavozdelagente.com.ar\\\/index\\\/author\\\/rober\\\/#author\"},\"publisher\":{\"@id\":\"https:\\\/\\\/lavozdelagente.com.ar\\\/index\\\/#person\"},\"image\":{\"@type\":\"ImageObject\",\"url\":\"https:\\\/\\\/lavozdelagente.com.ar\\\/wp-content\\\/uploads\\\/2026\\\/08\\\/IMG-20260819-WA0033-1536x1024-1.jpg\",\"width\":1536,\"height\":1024},\"datePublished\":\"2026-08-19T14:51:06+00:00\",\"dateModified\":\"2026-08-19T21:54:44+00:00\",\"inLanguage\":\"es-ES\",\"mainEntityOfPage\":{\"@id\":\"https:\\\/\\\/lavozdelagente.com.ar\\\/index\\\/2026\\\/08\\\/19\\\/el-gobernador-elias-suarez-inauguro-el-renovado-edificio-del-hospital-de-beltran-y-entrego-viviendas-sociales\\\/#webpage\"},\"isPartOf\":{\"@id\":\"https:\\\/\\\/lavozdelagente.com.ar\\\/index\\\/2026\\\/08\\\/19\\\/el-gobernador-elias-suarez-inauguro-el-renovado-edificio-del-hospital-de-beltran-y-entrego-viviendas-sociales\\\/#webpage\"},\"articleSection\":\"Santiago\"},{\"@type\":\"BreadcrumbList\",\"@id\":\"https:\\\/\\\/lavozdelagente.com.ar\\\/index\\\/2026\\\/08\\\/19\\\/el-gobernador-elias-suarez-inauguro-el-renovado-edificio-del-hospital-de-beltran-y-entrego-viviendas-sociales\\\/#breadcrumblist\",\"itemListElement\":[{\"@type\":\"ListItem\",\"@id\":\"https:\\\/\\\/lavozdelagente.com.ar\\\/index#listItem\",\"position\":1,\"name\":\"Home\",\"item\":\"https:\\\/\\\/lavozdelagente.com.ar\\\/index\",\"nextItem\":{\"@type\":\"ListItem\",\"@id\":\"https:\\\/\\\/lavozdelagente.com.ar\\\/index\\\/category\\\/santiago\\\/#listItem\",\"name\":\"Santiago\"}},{\"@type\":\"ListItem\",\"@id\":\"https:\\\/\\\/lavozdelagente.com.ar\\\/index\\\/category\\\/santiago\\\/#listItem\",\"position\":2,\"name\":\"Santiago\",\"item\":\"https:\\\/\\\/lavozdelagente.com.ar\\\/index\\\/category\\\/santiago\\\/\",\"nextItem\":{\"@type\":\"ListItem\",\"@id\":\"https:\\\/\\\/lavozdelagente.com.ar\\\/index\\\/2026\\\/08\\\/19\\\/el-gobernador-elias-suarez-inauguro-el-renovado-edificio-del-hospital-de-beltran-y-entrego-viviendas-sociales\\\/#listItem\",\"name\":\"El Gobernador El\\u00edas Su\\u00e1rez inaugur\\u00f3 el renovado edificio del Hospital de Beltr\\u00e1n y entrego viviendas sociales\"},\"previousItem\":{\"@type\":\"ListItem\",\"@id\":\"https:\\\/\\\/lavozdelagente.com.ar\\\/index#listItem\",\"name\":\"Home\"}},{\"@type\":\"ListItem\",\"@id\":\"https:\\\/\\\/lavozdelagente.com.ar\\\/index\\\/2026\\\/08\\\/19\\\/el-gobernador-elias-suarez-inauguro-el-renovado-edificio-del-hospital-de-beltran-y-entrego-viviendas-sociales\\\/#listItem\",\"position\":3,\"name\":\"El Gobernador El\\u00edas Su\\u00e1rez inaugur\\u00f3 el renovado edificio del Hospital de Beltr\\u00e1n y entrego viviendas sociales\",\"previousItem\":{\"@type\":\"ListItem\",\"@id\":\"https:\\\/\\\/lavozdelagente.com.ar\\\/index\\\/category\\\/santiago\\\/#listItem\",\"name\":\"Santiago\"}}]},{\"@type\":\"Person\",\"@id\":\"https:\\\/\\\/lavozdelagente.com.ar\\\/index\\\/author\\\/rober\\\/#author\",\"url\":\"https:\\\/\\\/lavozdelagente.com.ar\\\/index\\\/author\\\/rober\\\/\",\"name\":\"rober\",\"image\":{\"@type\":\"ImageObject\",\"@id\":\"https:\\\/\\\/lavozdelagente.com.ar\\\/index\\\/2026\\\/08\\\/19\\\/el-gobernador-elias-suarez-inauguro-el-renovado-edificio-del-hospital-de-beltran-y-entrego-viviendas-sociales\\\/#authorImage\",\"url\":\"https:\\\/\\\/secure.gravatar.com\\\/avatar\\\/901a62cd098b11a08c5fe38d2de0f8ad6b745f5d4f6413ad71e1630ac07766e0?s=96&d=mm&r=g\",\"width\":96,\"height\":96,\"caption\":\"rober\"}},{\"@type\":\"WebPage\",\"@id\":\"https:\\\/\\\/lavozdelagente.com.ar\\\/index\\\/2026\\\/08\\\/19\\\/el-gobernador-elias-suarez-inauguro-el-renovado-edificio-del-hospital-de-beltran-y-entrego-viviendas-sociales\\\/#webpage\",\"url\":\"https:\\\/\\\/lavozdelagente.com.ar\\\/index\\\/2026\\\/08\\\/19\\\/el-gobernador-elias-suarez-inauguro-el-renovado-edificio-del-hospital-de-beltran-y-entrego-viviendas-sociales\\\/\",\"name\":\"El Gobernador El\\u00edas Su\\u00e1rez inaugur\\u00f3 el renovado edificio del Hospital de Beltr\\u00e1n y entrego viviendas sociales - LA VOZ DE LA GENTE\",\"description\":\"El gobernador El\\u00edas Su\\u00e1rez junto al senador Nacional, Gerardo Zamora participan de la inauguraci\\u00f3n refacci\\u00f3n, remodelaci\\u00f3n y ampliaci\\u00f3n del Hospital de tr\\u00e1nsito \\u00abDr. Salvador Retondo\\u00bb de la ciudad de Beltr\\u00e1n. Del acto participaron el vicegobernador Carlos Silva Neder, el jefe de gabinete, V\\u00edctor Araujo, acompa\\u00f1ados por ministros del gabinete provincial, el intendente Victorio \\u201cBuga\\u201d\",\"inLanguage\":\"es-ES\",\"isPartOf\":{\"@id\":\"https:\\\/\\\/lavozdelagente.com.ar\\\/index\\\/#website\"},\"breadcrumb\":{\"@id\":\"https:\\\/\\\/lavozdelagente.com.ar\\\/index\\\/2026\\\/08\\\/19\\\/el-gobernador-elias-suarez-inauguro-el-renovado-edificio-del-hospital-de-beltran-y-entrego-viviendas-sociales\\\/#breadcrumblist\"},\"author\":{\"@id\":\"https:\\\/\\\/lavozdelagente.com.ar\\\/index\\\/author\\\/rober\\\/#author\"},\"creator\":{\"@id\":\"https:\\\/\\\/lavozdelagente.com.ar\\\/index\\\/author\\\/rober\\\/#author\"},\"image\":{\"@type\":\"ImageObject\",\"url\":\"https:\\\/\\\/lavozdelagente.com.ar\\\/wp-content\\\/uploads\\\/2026\\\/08\\\/IMG-20260819-WA0033-1536x1024-1.jpg\",\"@id\":\"https:\\\/\\\/lavozdelagente.com.ar\\\/index\\\/2026\\\/08\\\/19\\\/el-gobernador-elias-suarez-inauguro-el-renovado-edificio-del-hospital-de-beltran-y-entrego-viviendas-sociales\\\/#mainImage\",\"width\":1536,\"height\":1024},\"primaryImageOfPage\":{\"@id\":\"https:\\\/\\\/lavozdelagente.com.ar\\\/index\\\/2026\\\/08\\\/19\\\/el-gobernador-elias-suarez-inauguro-el-renovado-edificio-del-hospital-de-beltran-y-entrego-viviendas-sociales\\\/#mainImage\"},\"datePublished\":\"2026-08-19T14:51:06+00:00\",\"dateModified\":\"2026-08-19T21:54:44+00:00\"},{\"@type\":\"WebSite\",\"@id\":\"https:\\\/\\\/lavozdelagente.com.ar\\\/index\\\/#website\",\"url\":\"https:\\\/\\\/lavozdelagente.com.ar\\\/index\\\/\",\"name\":\"LA VOZ DE LA GENTE\",\"description\":\"SDE\",\"inLanguage\":\"es-ES\",\"publisher\":{\"@id\":\"https:\\\/\\\/lavozdelagente.com.ar\\\/index\\\/#person\"}}]}\n\t\t<\/script>\n\t\t<!-- All in One SEO -->\n\n","aioseo_head_json":{"title":"El Gobernador El\u00edas Su\u00e1rez inaugur\u00f3 el renovado edificio del Hospital de Beltr\u00e1n y entrego viviendas sociales - LA VOZ DE LA GENTE","description":"El gobernador El\u00edas Su\u00e1rez junto al senador Nacional, Gerardo Zamora participan de la inauguraci\u00f3n refacci\u00f3n, remodelaci\u00f3n y ampliaci\u00f3n del Hospital de tr\u00e1nsito \u00abDr. Salvador Retondo\u00bb de la ciudad de Beltr\u00e1n. Del acto participaron el vicegobernador Carlos Silva Neder, el jefe de gabinete, V\u00edctor Araujo, acompa\u00f1ados por ministros del gabinete provincial, el intendente Victorio \u201cBuga\u201d","canonical_url":"https:\/\/lavozdelagente.com.ar\/index\/2026\/08\/19\/el-gobernador-elias-suarez-inauguro-el-renovado-edificio-del-hospital-de-beltran-y-entrego-viviendas-sociales\/","robots":"max-image-preview:large","keywords":"","webmasterTools":{"google-site-verification":"dJHDh1fUzR1o-UwpFfn1JyiF-0R1LCNFZReSb-gbgcE","miscellaneous":""},"schema":{"@context":"https:\/\/schema.org","@graph":[{"@type":"BlogPosting","@id":"https:\/\/lavozdelagente.com.ar\/index\/2026\/08\/19\/el-gobernador-elias-suarez-inauguro-el-renovado-edificio-del-hospital-de-beltran-y-entrego-viviendas-sociales\/#blogposting","name":"El Gobernador El\u00edas Su\u00e1rez inaugur\u00f3 el renovado edificio del Hospital de Beltr\u00e1n y entrego viviendas sociales - LA VOZ DE LA GENTE","headline":"El Gobernador El\u00edas Su\u00e1rez inaugur\u00f3 el renovado edificio del Hospital de Beltr\u00e1n y entrego viviendas sociales","author":{"@id":"https:\/\/lavozdelagente.com.ar\/index\/author\/rober\/#author"},"publisher":{"@id":"https:\/\/lavozdelagente.com.ar\/index\/#person"},"image":{"@type":"ImageObject","url":"https:\/\/lavozdelagente.com.ar\/wp-content\/uploads\/2026\/08\/IMG-20260819-WA0033-1536x1024-1.jpg","width":1536,"height":1024},"datePublished":"2026-08-19T14:51:06+00:00","dateModified":"2026-08-19T21:54:44+00:00","inLanguage":"es-ES","mainEntityOfPage":{"@id":"https:\/\/lavozdelagente.com.ar\/index\/2026\/08\/19\/el-gobernador-elias-suarez-inauguro-el-renovado-edificio-del-hospital-de-beltran-y-entrego-viviendas-sociales\/#webpage"},"isPartOf":{"@id":"https:\/\/lavozdelagente.com.ar\/index\/2026\/08\/19\/el-gobernador-elias-suarez-inauguro-el-renovado-edificio-del-hospital-de-beltran-y-entrego-viviendas-sociales\/#webpage"},"articleSection":"Santiago"},{"@type":"BreadcrumbList","@id":"https:\/\/lavozdelagente.com.ar\/index\/2026\/08\/19\/el-gobernador-elias-suarez-inauguro-el-renovado-edificio-del-hospital-de-beltran-y-entrego-viviendas-sociales\/#breadcrumblist","itemListElement":[{"@type":"ListItem","@id":"https:\/\/lavozdelagente.com.ar\/index#listItem","position":1,"name":"Home","item":"https:\/\/lavozdelagente.com.ar\/index","nextItem":{"@type":"ListItem","@id":"https:\/\/lavozdelagente.com.ar\/index\/category\/santiago\/#listItem","name":"Santiago"}},{"@type":"ListItem","@id":"https:\/\/lavozdelagente.com.ar\/index\/category\/santiago\/#listItem","position":2,"name":"Santiago","item":"https:\/\/lavozdelagente.com.ar\/index\/category\/santiago\/","nextItem":{"@type":"ListItem","@id":"https:\/\/lavozdelagente.com.ar\/index\/2026\/08\/19\/el-gobernador-elias-suarez-inauguro-el-renovado-edificio-del-hospital-de-beltran-y-entrego-viviendas-sociales\/#listItem","name":"El Gobernador El\u00edas Su\u00e1rez inaugur\u00f3 el renovado edificio del Hospital de Beltr\u00e1n y entrego viviendas sociales"},"previousItem":{"@type":"ListItem","@id":"https:\/\/lavozdelagente.com.ar\/index#listItem","name":"Home"}},{"@type":"ListItem","@id":"https:\/\/lavozdelagente.com.ar\/index\/2026\/08\/19\/el-gobernador-elias-suarez-inauguro-el-renovado-edificio-del-hospital-de-beltran-y-entrego-viviendas-sociales\/#listItem","position":3,"name":"El Gobernador El\u00edas Su\u00e1rez inaugur\u00f3 el renovado edificio del Hospital de Beltr\u00e1n y entrego viviendas sociales","previousItem":{"@type":"ListItem","@id":"https:\/\/lavozdelagente.com.ar\/index\/category\/santiago\/#listItem","name":"Santiago"}}]},{"@type":"Person","@id":"https:\/\/lavozdelagente.com.ar\/index\/author\/rober\/#author","url":"https:\/\/lavozdelagente.com.ar\/index\/author\/rober\/","name":"rober","image":{"@type":"ImageObject","@id":"https:\/\/lavozdelagente.com.ar\/index\/2026\/08\/19\/el-gobernador-elias-suarez-inauguro-el-renovado-edificio-del-hospital-de-beltran-y-entrego-viviendas-sociales\/#authorImage","url":"https:\/\/secure.gravatar.com\/avatar\/901a62cd098b11a08c5fe38d2de0f8ad6b745f5d4f6413ad71e1630ac07766e0?s=96&d=mm&r=g","width":96,"height":96,"caption":"rober"}},{"@type":"WebPage","@id":"https:\/\/lavozdelagente.com.ar\/index\/2026\/08\/19\/el-gobernador-elias-suarez-inauguro-el-renovado-edificio-del-hospital-de-beltran-y-entrego-viviendas-sociales\/#webpage","url":"https:\/\/lavozdelagente.com.ar\/index\/2026\/08\/19\/el-gobernador-elias-suarez-inauguro-el-renovado-edificio-del-hospital-de-beltran-y-entrego-viviendas-sociales\/","name":"El Gobernador El\u00edas Su\u00e1rez inaugur\u00f3 el renovado edificio del Hospital de Beltr\u00e1n y entrego viviendas sociales - LA VOZ DE LA GENTE","description":"El gobernador El\u00edas Su\u00e1rez junto al senador Nacional, Gerardo Zamora participan de la inauguraci\u00f3n refacci\u00f3n, remodelaci\u00f3n y ampliaci\u00f3n del Hospital de tr\u00e1nsito \u00abDr. Salvador Retondo\u00bb de la ciudad de Beltr\u00e1n. Del acto participaron el vicegobernador Carlos Silva Neder, el jefe de gabinete, V\u00edctor Araujo, acompa\u00f1ados por ministros del gabinete provincial, el intendente Victorio \u201cBuga\u201d","inLanguage":"es-ES","isPartOf":{"@id":"https:\/\/lavozdelagente.com.ar\/index\/#website"},"breadcrumb":{"@id":"https:\/\/lavozdelagente.com.ar\/index\/2026\/08\/19\/el-gobernador-elias-suarez-inauguro-el-renovado-edificio-del-hospital-de-beltran-y-entrego-viviendas-sociales\/#breadcrumblist"},"author":{"@id":"https:\/\/lavozdelagente.com.ar\/index\/author\/rober\/#author"},"creator":{"@id":"https:\/\/lavozdelagente.com.ar\/index\/author\/rober\/#author"},"image":{"@type":"ImageObject","url":"https:\/\/lavozdelagente.com.ar\/wp-content\/uploads\/2026\/08\/IMG-20260819-WA0033-1536x1024-1.jpg","@id":"https:\/\/lavozdelagente.com.ar\/index\/2026\/08\/19\/el-gobernador-elias-suarez-inauguro-el-renovado-edificio-del-hospital-de-beltran-y-entrego-viviendas-sociales\/#mainImage","width":1536,"height":1024},"primaryImageOfPage":{"@id":"https:\/\/lavozdelagente.com.ar\/index\/2026\/08\/19\/el-gobernador-elias-suarez-inauguro-el-renovado-edificio-del-hospital-de-beltran-y-entrego-viviendas-sociales\/#mainImage"},"datePublished":"2026-08-19T14:51:06+00:00","dateModified":"2026-08-19T21:54:44+00:00"},{"@type":"WebSite","@id":"https:\/\/lavozdelagente.com.ar\/index\/#website","url":"https:\/\/lavozdelagente.com.ar\/index\/","name":"LA VOZ DE LA GENTE","description":"SDE","inLanguage":"es-ES","publisher":{"@id":"https:\/\/lavozdelagente.com.ar\/index\/#person"}}]},"og:locale":"es_ES","og:site_name":"LA VOZ DE LA GENTE - SDE","og:type":"article","og:title":"El Gobernador El\u00edas Su\u00e1rez inaugur\u00f3 el renovado edificio del Hospital de Beltr\u00e1n y entrego viviendas sociales - LA VOZ DE LA GENTE","og:description":"El gobernador El\u00edas Su\u00e1rez junto al senador Nacional, Gerardo Zamora participan de la inauguraci\u00f3n refacci\u00f3n, remodelaci\u00f3n y ampliaci\u00f3n del Hospital de tr\u00e1nsito \u00abDr. Salvador Retondo\u00bb de la ciudad de Beltr\u00e1n. Del acto participaron el vicegobernador Carlos Silva Neder, el jefe de gabinete, V\u00edctor Araujo, acompa\u00f1ados por ministros del gabinete provincial, el intendente Victorio \u201cBuga\u201d","og:url":"https:\/\/lavozdelagente.com.ar\/index\/2026\/08\/19\/el-gobernador-elias-suarez-inauguro-el-renovado-edificio-del-hospital-de-beltran-y-entrego-viviendas-sociales\/","article:published_time":"2026-08-19T14:51:06+00:00","article:modified_time":"2026-08-19T21:54:44+00:00","twitter:card":"summary_large_image","twitter:title":"El Gobernador El\u00edas Su\u00e1rez inaugur\u00f3 el renovado edificio del Hospital de Beltr\u00e1n y entrego viviendas sociales - LA VOZ DE LA GENTE","twitter:description":"El gobernador El\u00edas Su\u00e1rez junto al senador Nacional, Gerardo Zamora participan de la inauguraci\u00f3n refacci\u00f3n, remodelaci\u00f3n y ampliaci\u00f3n del Hospital de tr\u00e1nsito \u00abDr. Salvador Retondo\u00bb de la ciudad de Beltr\u00e1n. Del acto participaron el vicegobernador Carlos Silva Neder, el jefe de gabinete, V\u00edctor Araujo, acompa\u00f1ados por ministros del gabinete provincial, el intendente Victorio \u201cBuga\u201d"},"aioseo_meta_data":{"post_id":"3466","title":null,"description":null,"keywords":null,"keyphrases":{"focus":{"keyphrase":"","score":0,"analysis":{"keyphraseInTitle":{"score":0,"maxScore":9,"error":1}}},"additional":[]},"primary_term":null,"canonical_url":null,"og_title":null,"og_description":null,"og_object_type":"default","og_image_type":"default","og_image_url":null,"og_image_width":null,"og_image_height":null,"og_image_custom_url":null,"og_image_custom_fields":null,"og_video":"","og_custom_url":null,"og_article_section":null,"og_article_tags":null,"twitter_use_og":false,"twitter_card":"default","twitter_image_type":"default","twitter_image_url":null,"twitter_image_custom_url":null,"twitter_image_custom_fields":null,"twitter_title":null,"twitter_description":null,"schema":{"blockGraphs":[],"customGraphs":[],"default":{"data":{"Article":[],"Course":[],"Dataset":[],"FAQPage":[],"Movie":[],"Person":[],"Product":[],"ProductReview":[],"Car":[],"Recipe":[],"Service":[],"SoftwareApplication":[],"WebPage":[]},"graphName":"BlogPosting","isEnabled":true},"graphs":[]},"schema_type":"default","schema_type_options":null,"pillar_content":false,"robots_default":true,"robots_noindex":false,"robots_noarchive":false,"robots_nosnippet":false,"robots_nofollow":false,"robots_noimageindex":false,"robots_noodp":false,"robots_notranslate":false,"robots_max_snippet":"-1","robots_max_videopreview":"-1","robots_max_imagepreview":"large","priority":null,"frequency":"default","local_seo":null,"breadcrumb_settings":null,"limit_modified_date":false,"ai":{"faqs":[],"keyPoints":[],"schemas":[],"titles":[],"descriptions":[],"socialPosts":{"email":{"subject":"","preview":"","content":""},"linkedin":[],"twitter":[],"facebook":[],"instagram":[]}},"created":"2026-08-19 14:51:06","updated":"2026-08-19 21:56:15","seo_analyzer_scan_date":null,"focus_keyword":null,"additional_keywords":null,"truseo_locale":null},"aioseo_breadcrumb":"<div class=\"aioseo-breadcrumbs\"><span class=\"aioseo-breadcrumb\">\n\t\t\t<a href=\"https:\/\/lavozdelagente.com.ar\/index\" title=\"Home\">Home<\/a>\n\t\t<\/span><span class=\"aioseo-breadcrumb-separator\">&raquo;<\/span><span class=\"aioseo-breadcrumb\">\n\t\t\t<a href=\"https:\/\/lavozdelagente.com.ar\/index\/category\/santiago\/\" title=\"Santiago\">Santiago<\/a>\n\t\t<\/span><span class=\"aioseo-breadcrumb-separator\">&raquo;<\/span><span class=\"aioseo-breadcrumb\">\n\t\t\tEl Gobernador El\u00edas Su\u00e1rez inaugur\u00f3 el renovado edificio del Hospital de Beltr\u00e1n y entrego viviendas sociales\n\t\t<\/span><\/div>","aioseo_breadcrumb_json":[{"label":"Home","link":"https:\/\/lavozdelagente.com.ar\/index"},{"label":"Santiago","link":"https:\/\/lavozdelagente.com.ar\/index\/category\/santiago\/"},{"label":"El Gobernador El\u00edas Su\u00e1rez inaugur\u00f3 el renovado edificio del Hospital de Beltr\u00e1n y entrego viviendas sociales","link":"https:\/\/lavozdelagente.com.ar\/index\/2026\/08\/19\/el-gobernador-elias-suarez-inauguro-el-renovado-edificio-del-hospital-de-beltran-y-entrego-viviendas-sociales\/"}],"rttpg_featured_image_url":{"full":["https:\/\/lavozdelagente.com.ar\/wp-content\/uploads\/2026\/08\/IMG-20260819-WA0033-1536x1024-1.jpg",1536,1024,false],"landscape":["https:\/\/lavozdelagente.com.ar\/wp-content\/uploads\/2026\/08\/IMG-20260819-WA0033-1536x1024-1.jpg",1536,1024,false],"portraits":["https:\/\/lavozdelagente.com.ar\/wp-content\/uploads\/2026\/08\/IMG-20260819-WA0033-1536x1024-1.jpg",1536,1024,false],"thumbnail":["https:\/\/lavozdelagente.com.ar\/wp-content\/uploads\/2026\/08\/IMG-20260819-WA0033-1536x1024-1-150x150.jpg",150,150,true],"medium":["https:\/\/lavozdelagente.com.ar\/wp-content\/uploads\/2026\/08\/IMG-20260819-WA0033-1536x1024-1-300x200.jpg",300,200,true],"large":["https:\/\/lavozdelagente.com.ar\/wp-content\/uploads\/2026\/08\/IMG-20260819-WA0033-1536x1024-1-1024x683.jpg",800,534,true],"1536x1536":["https:\/\/lavozdelagente.com.ar\/wp-content\/uploads\/2026\/08\/IMG-20260819-WA0033-1536x1024-1.jpg",1536,1024,false],"2048x2048":["https:\/\/lavozdelagente.com.ar\/wp-content\/uploads\/2026\/08\/IMG-20260819-WA0033-1536x1024-1.jpg",1536,1024,false],"colormag-highlighted-post":["https:\/\/lavozdelagente.com.ar\/wp-content\/uploads\/2026\/08\/IMG-20260819-WA0033-1536x1024-1-392x272.jpg",392,272,true],"colormag-featured-post-medium":["https:\/\/lavozdelagente.com.ar\/wp-content\/uploads\/2026\/08\/IMG-20260819-WA0033-1536x1024-1-390x205.jpg",390,205,true],"colormag-featured-post-small":["https:\/\/lavozdelagente.com.ar\/wp-content\/uploads\/2026\/08\/IMG-20260819-WA0033-1536x1024-1-130x90.jpg",130,90,true],"colormag-featured-image":["https:\/\/lavozdelagente.com.ar\/wp-content\/uploads\/2026\/08\/IMG-20260819-WA0033-1536x1024-1-800x445.jpg",800,445,true],"colormag-default-news":["https:\/\/lavozdelagente.com.ar\/wp-content\/uploads\/2026\/08\/IMG-20260819-WA0033-1536x1024-1-150x150.jpg",150,150,true],"colormag-featured-image-large":["https:\/\/lavozdelagente.com.ar\/wp-content\/uploads\/2026\/08\/IMG-20260819-WA0033-1536x1024-1-1400x600.jpg",1400,600,true]},"rttpg_author":{"display_name":"rober","author_link":"https:\/\/lavozdelagente.com.ar\/index\/author\/rober\/"},"rttpg_comment":0,"rttpg_category":"<a href=\"https:\/\/lavozdelagente.com.ar\/index\/category\/santiago\/\" rel=\"category tag\">Santiago<\/a>","rttpg_excerpt":"&nbsp; El gobernador El\u00edas Su\u00e1rez junto al senador Nacional, Gerardo Zamora participan de la inauguraci\u00f3n refacci\u00f3n, remodelaci\u00f3n y ampliaci\u00f3n del","_links":{"self":[{"href":"https:\/\/lavozdelagente.com.ar\/index\/wp-json\/wp\/v2\/posts\/3466","targetHints":{"allow":["GET"]}}],"collection":[{"href":"https:\/\/lavozdelagente.com.ar\/index\/wp-json\/wp\/v2\/posts"}],"about":[{"href":"https:\/\/lavozdelagente.com.ar\/index\/wp-json\/wp\/v2\/types\/post"}],"author":[{"embeddable":true,"href":"https:\/\/lavozdelagente.com.ar\/index\/wp-json\/wp\/v2\/users\/2"}],"replies":[{"embeddable":true,"href":"https:\/\/lavozdelagente.com.ar\/index\/wp-json\/wp\/v2\/comments?post=3466"}],"version-history":[{"count":3,"href":"https:\/\/lavozdelagente.com.ar\/index\/wp-json\/wp\/v2\/posts\/3466\/revisions"}],"predecessor-version":[{"id":3482,"href":"https:\/\/lavozdelagente.com.ar\/index\/wp-json\/wp\/v2\/posts\/3466\/revisions\/3482"}],"wp:featuredmedia":[{"embeddable":true,"href":"https:\/\/lavozdelagente.com.ar\/index\/wp-json\/wp\/v2\/media\/3472"}],"wp:attachment":[{"href":"https:\/\/lavozdelagente.com.ar\/index\/wp-json\/wp\/v2\/media?parent=3466"}],"wp:term":[{"taxonomy":"category","embeddable":true,"href":"https:\/\/lavozdelagente.com.ar\/index\/wp-json\/wp\/v2\/categories?post=3466"},{"taxonomy":"post_tag","embeddable":true,"href":"https:\/\/lavozdelagente.com.ar\/index\/wp-json\/wp\/v2\/tags?post=3466"}],"curies":[{"name":"wp","href":"https:\/\/api.w.org\/{rel}","templated":true}]}}