{"id":3469,"date":"2026-08-19T20:47:26","date_gmt":"2026-08-19T20:47:26","guid":{"rendered":"https:\/\/lavozdelagente.com.ar\/index\/?p=3469"},"modified":"2026-08-19T20:47:26","modified_gmt":"2026-08-19T20:47:26","slug":"estudiantes-de-loreto-y-fernandez-fueron-recibidos-en-casa-de-gobierno-por-el-jefe-de-gabinete","status":"publish","type":"post","link":"https:\/\/lavozdelagente.com.ar\/index\/2026\/08\/19\/estudiantes-de-loreto-y-fernandez-fueron-recibidos-en-casa-de-gobierno-por-el-jefe-de-gabinete\/","title":{"rendered":"Estudiantes de Loreto y Fern\u00e1ndez fueron recibidos en Casa de Gobierno por el Jefe de Gabinete"},"content":{"rendered":"<p>&nbsp;<\/p>\n<p>En representaci\u00f3n del gobernador El\u00edas Su\u00e1rez, el jefe de Gabinete de Ministros, V\u00edctor Araujo, recibi\u00f3 este mi\u00e9rcoles al mediod\u00eda en Casa de Gobierno a estudiantes del Colegio Secundario \u201cPedro Francisco de Uriarte\u201d de la ciudad de Loreto y de la Escuela Piloto N\u00b0 1 \u201cMaximio S. Victoria\u201d de la ciudad de Fern\u00e1ndez, departamento Robles.<\/p>\n<p>La visita forma parte de las actividades realizadas a trav\u00e9s del programa \u201cConociendo mi provincia\u201d, destinado a chicos que cursan el \u00faltimo a\u00f1o del secundario en instituciones del interior.<\/p>\n<p>En este marco, los alumnos pudieron recorrer la Capital, Las Termas de R\u00edo Hondo, Villa La Punta, en una experiencia de aprendizaje y recreaci\u00f3n que tiene como objetivo lograr que los j\u00f3venes revaloricen el patrimonio hist\u00f3rico y cultural de Santiago del Estero, adem\u00e1s de ampliar su mirada sobre la provincia.<\/p>\n<p>En esta ocasi\u00f3n, el jefe de Gabinete dijo: \u201cEste es un programa al cual el gobernador El\u00edas Su\u00e1rez le ha dado continuidad porque entiende la importancia que tiene para los chicos del interior. En tiempos como los actuales, donde hay que priorizar recursos y tomar muchas decisiones, mantener vigente este programa es una decisi\u00f3n pol\u00edtica muy acertada porque les permite complementar lo aprendido en el aula con vivencias y experiencias, conocer lugares emblem\u00e1ticos de nuestra provincia y sobre todo, achicar las distancias\u201d.<\/p>\n<p>&nbsp;<\/p>\n","protected":false},"excerpt":{"rendered":"<p>&nbsp; En representaci\u00f3n del gobernador El\u00edas Su\u00e1rez, el jefe de Gabinete de Ministros, V\u00edctor Araujo, recibi\u00f3 este mi\u00e9rcoles al mediod\u00eda<\/p>\n","protected":false},"author":2,"featured_media":3470,"comment_status":"open","ping_status":"open","sticky":false,"template":"","format":"standard","meta":{"colormag_page_container_layout":"default_layout","colormag_page_sidebar_layout":"default_layout","om_disable_all_campaigns":false,"_monsterinsights_skip_tracking":false,"footnotes":""},"categories":[2],"tags":[],"class_list":["post-3469","post","type-post","status-publish","format-standard","has-post-thumbnail","hentry","category-santiago"],"aioseo_notices":[],"aioseo_head":"\n\t\t<!-- All in One SEO 5.0.1.1 - aioseo.com -->\n\t<meta name=\"description\" content=\"En representaci\u00f3n del gobernador El\u00edas Su\u00e1rez, el jefe de Gabinete de Ministros, V\u00edctor Araujo, recibi\u00f3 este mi\u00e9rcoles al mediod\u00eda en Casa de Gobierno a estudiantes del Colegio Secundario \u201cPedro Francisco de Uriarte\u201d de la ciudad de Loreto y de la Escuela Piloto N\u00b0 1 \u201cMaximio S. Victoria\u201d de la ciudad de Fern\u00e1ndez, departamento Robles.\" \/>\n\t<meta name=\"robots\" content=\"max-image-preview:large\" \/>\n\t<meta name=\"author\" content=\"rober\"\/>\n\t<meta name=\"google-site-verification\" content=\"dJHDh1fUzR1o-UwpFfn1JyiF-0R1LCNFZReSb-gbgcE\" \/>\n\t<link rel=\"canonical\" href=\"https:\/\/lavozdelagente.com.ar\/index\/2026\/08\/19\/estudiantes-de-loreto-y-fernandez-fueron-recibidos-en-casa-de-gobierno-por-el-jefe-de-gabinete\/\" \/>\n\t<meta name=\"generator\" content=\"All in One SEO (AIOSEO) 5.0.1.1\" \/>\n\t\t<meta property=\"og:locale\" content=\"es_ES\" \/>\n\t\t<meta property=\"og:site_name\" content=\"LA VOZ DE LA GENTE - SDE\" \/>\n\t\t<meta property=\"og:type\" content=\"article\" \/>\n\t\t<meta property=\"og:title\" content=\"Estudiantes de Loreto y Fern\u00e1ndez fueron recibidos en Casa de Gobierno por el Jefe de Gabinete - LA VOZ DE LA GENTE\" \/>\n\t\t<meta property=\"og:description\" content=\"En representaci\u00f3n del gobernador El\u00edas Su\u00e1rez, el jefe de Gabinete de Ministros, V\u00edctor Araujo, recibi\u00f3 este mi\u00e9rcoles al mediod\u00eda en Casa de Gobierno a estudiantes del Colegio Secundario \u201cPedro Francisco de Uriarte\u201d de la ciudad de Loreto y de la Escuela Piloto N\u00b0 1 \u201cMaximio S. Victoria\u201d de la ciudad de Fern\u00e1ndez, departamento Robles.\" \/>\n\t\t<meta property=\"og:url\" content=\"https:\/\/lavozdelagente.com.ar\/index\/2026\/08\/19\/estudiantes-de-loreto-y-fernandez-fueron-recibidos-en-casa-de-gobierno-por-el-jefe-de-gabinete\/\" \/>\n\t\t<meta property=\"article:published_time\" content=\"2026-08-19T20:47:26+00:00\" \/>\n\t\t<meta property=\"article:modified_time\" content=\"2026-08-19T20:47:26+00:00\" \/>\n\t\t<meta name=\"twitter:card\" content=\"summary_large_image\" \/>\n\t\t<meta name=\"twitter:title\" content=\"Estudiantes de Loreto y Fern\u00e1ndez fueron recibidos en Casa de Gobierno por el Jefe de Gabinete - LA VOZ DE LA GENTE\" \/>\n\t\t<meta name=\"twitter:description\" content=\"En representaci\u00f3n del gobernador El\u00edas Su\u00e1rez, el jefe de Gabinete de Ministros, V\u00edctor Araujo, recibi\u00f3 este mi\u00e9rcoles al mediod\u00eda en Casa de Gobierno a estudiantes del Colegio Secundario \u201cPedro Francisco de Uriarte\u201d de la ciudad de Loreto y de la Escuela Piloto N\u00b0 1 \u201cMaximio S. Victoria\u201d de la ciudad de Fern\u00e1ndez, departamento Robles.\" \/>\n\t\t<script type=\"application\/ld+json\" class=\"aioseo-schema\">\n\t\t\t{\"@context\":\"https:\\\/\\\/schema.org\",\"@graph\":[{\"@type\":\"BlogPosting\",\"@id\":\"https:\\\/\\\/lavozdelagente.com.ar\\\/index\\\/2026\\\/08\\\/19\\\/estudiantes-de-loreto-y-fernandez-fueron-recibidos-en-casa-de-gobierno-por-el-jefe-de-gabinete\\\/#blogposting\",\"name\":\"Estudiantes de Loreto y Fern\\u00e1ndez fueron recibidos en Casa de Gobierno por el Jefe de Gabinete - LA VOZ DE LA GENTE\",\"headline\":\"Estudiantes de Loreto y Fern\\u00e1ndez fueron recibidos en Casa de Gobierno por el Jefe de Gabinete\",\"author\":{\"@id\":\"https:\\\/\\\/lavozdelagente.com.ar\\\/index\\\/author\\\/rober\\\/#author\"},\"publisher\":{\"@id\":\"https:\\\/\\\/lavozdelagente.com.ar\\\/index\\\/#person\"},\"image\":{\"@type\":\"ImageObject\",\"url\":\"https:\\\/\\\/lavozdelagente.com.ar\\\/wp-content\\\/uploads\\\/2026\\\/08\\\/IMG-20260819-WA0059-768x511-1.jpg\",\"width\":768,\"height\":511},\"datePublished\":\"2026-08-19T20:47:26+00:00\",\"dateModified\":\"2026-08-19T20:47:26+00:00\",\"inLanguage\":\"es-ES\",\"mainEntityOfPage\":{\"@id\":\"https:\\\/\\\/lavozdelagente.com.ar\\\/index\\\/2026\\\/08\\\/19\\\/estudiantes-de-loreto-y-fernandez-fueron-recibidos-en-casa-de-gobierno-por-el-jefe-de-gabinete\\\/#webpage\"},\"isPartOf\":{\"@id\":\"https:\\\/\\\/lavozdelagente.com.ar\\\/index\\\/2026\\\/08\\\/19\\\/estudiantes-de-loreto-y-fernandez-fueron-recibidos-en-casa-de-gobierno-por-el-jefe-de-gabinete\\\/#webpage\"},\"articleSection\":\"Santiago\"},{\"@type\":\"BreadcrumbList\",\"@id\":\"https:\\\/\\\/lavozdelagente.com.ar\\\/index\\\/2026\\\/08\\\/19\\\/estudiantes-de-loreto-y-fernandez-fueron-recibidos-en-casa-de-gobierno-por-el-jefe-de-gabinete\\\/#breadcrumblist\",\"itemListElement\":[{\"@type\":\"ListItem\",\"@id\":\"https:\\\/\\\/lavozdelagente.com.ar\\\/index#listItem\",\"position\":1,\"name\":\"Home\",\"item\":\"https:\\\/\\\/lavozdelagente.com.ar\\\/index\",\"nextItem\":{\"@type\":\"ListItem\",\"@id\":\"https:\\\/\\\/lavozdelagente.com.ar\\\/index\\\/category\\\/santiago\\\/#listItem\",\"name\":\"Santiago\"}},{\"@type\":\"ListItem\",\"@id\":\"https:\\\/\\\/lavozdelagente.com.ar\\\/index\\\/category\\\/santiago\\\/#listItem\",\"position\":2,\"name\":\"Santiago\",\"item\":\"https:\\\/\\\/lavozdelagente.com.ar\\\/index\\\/category\\\/santiago\\\/\",\"nextItem\":{\"@type\":\"ListItem\",\"@id\":\"https:\\\/\\\/lavozdelagente.com.ar\\\/index\\\/2026\\\/08\\\/19\\\/estudiantes-de-loreto-y-fernandez-fueron-recibidos-en-casa-de-gobierno-por-el-jefe-de-gabinete\\\/#listItem\",\"name\":\"Estudiantes de Loreto y Fern\\u00e1ndez fueron recibidos en Casa de Gobierno por el Jefe de Gabinete\"},\"previousItem\":{\"@type\":\"ListItem\",\"@id\":\"https:\\\/\\\/lavozdelagente.com.ar\\\/index#listItem\",\"name\":\"Home\"}},{\"@type\":\"ListItem\",\"@id\":\"https:\\\/\\\/lavozdelagente.com.ar\\\/index\\\/2026\\\/08\\\/19\\\/estudiantes-de-loreto-y-fernandez-fueron-recibidos-en-casa-de-gobierno-por-el-jefe-de-gabinete\\\/#listItem\",\"position\":3,\"name\":\"Estudiantes de Loreto y Fern\\u00e1ndez fueron recibidos en Casa de Gobierno por el Jefe de Gabinete\",\"previousItem\":{\"@type\":\"ListItem\",\"@id\":\"https:\\\/\\\/lavozdelagente.com.ar\\\/index\\\/category\\\/santiago\\\/#listItem\",\"name\":\"Santiago\"}}]},{\"@type\":\"Person\",\"@id\":\"https:\\\/\\\/lavozdelagente.com.ar\\\/index\\\/author\\\/rober\\\/#author\",\"url\":\"https:\\\/\\\/lavozdelagente.com.ar\\\/index\\\/author\\\/rober\\\/\",\"name\":\"rober\",\"image\":{\"@type\":\"ImageObject\",\"@id\":\"https:\\\/\\\/lavozdelagente.com.ar\\\/index\\\/2026\\\/08\\\/19\\\/estudiantes-de-loreto-y-fernandez-fueron-recibidos-en-casa-de-gobierno-por-el-jefe-de-gabinete\\\/#authorImage\",\"url\":\"https:\\\/\\\/secure.gravatar.com\\\/avatar\\\/901a62cd098b11a08c5fe38d2de0f8ad6b745f5d4f6413ad71e1630ac07766e0?s=96&d=mm&r=g\",\"width\":96,\"height\":96,\"caption\":\"rober\"}},{\"@type\":\"WebPage\",\"@id\":\"https:\\\/\\\/lavozdelagente.com.ar\\\/index\\\/2026\\\/08\\\/19\\\/estudiantes-de-loreto-y-fernandez-fueron-recibidos-en-casa-de-gobierno-por-el-jefe-de-gabinete\\\/#webpage\",\"url\":\"https:\\\/\\\/lavozdelagente.com.ar\\\/index\\\/2026\\\/08\\\/19\\\/estudiantes-de-loreto-y-fernandez-fueron-recibidos-en-casa-de-gobierno-por-el-jefe-de-gabinete\\\/\",\"name\":\"Estudiantes de Loreto y Fern\\u00e1ndez fueron recibidos en Casa de Gobierno por el Jefe de Gabinete - LA VOZ DE LA GENTE\",\"description\":\"En representaci\\u00f3n del gobernador El\\u00edas Su\\u00e1rez, el jefe de Gabinete de Ministros, V\\u00edctor Araujo, recibi\\u00f3 este mi\\u00e9rcoles al mediod\\u00eda en Casa de Gobierno a estudiantes del Colegio Secundario \\u201cPedro Francisco de Uriarte\\u201d de la ciudad de Loreto y de la Escuela Piloto N\\u00b0 1 \\u201cMaximio S. Victoria\\u201d de la ciudad de Fern\\u00e1ndez, departamento Robles.\",\"inLanguage\":\"es-ES\",\"isPartOf\":{\"@id\":\"https:\\\/\\\/lavozdelagente.com.ar\\\/index\\\/#website\"},\"breadcrumb\":{\"@id\":\"https:\\\/\\\/lavozdelagente.com.ar\\\/index\\\/2026\\\/08\\\/19\\\/estudiantes-de-loreto-y-fernandez-fueron-recibidos-en-casa-de-gobierno-por-el-jefe-de-gabinete\\\/#breadcrumblist\"},\"author\":{\"@id\":\"https:\\\/\\\/lavozdelagente.com.ar\\\/index\\\/author\\\/rober\\\/#author\"},\"creator\":{\"@id\":\"https:\\\/\\\/lavozdelagente.com.ar\\\/index\\\/author\\\/rober\\\/#author\"},\"image\":{\"@type\":\"ImageObject\",\"url\":\"https:\\\/\\\/lavozdelagente.com.ar\\\/wp-content\\\/uploads\\\/2026\\\/08\\\/IMG-20260819-WA0059-768x511-1.jpg\",\"@id\":\"https:\\\/\\\/lavozdelagente.com.ar\\\/index\\\/2026\\\/08\\\/19\\\/estudiantes-de-loreto-y-fernandez-fueron-recibidos-en-casa-de-gobierno-por-el-jefe-de-gabinete\\\/#mainImage\",\"width\":768,\"height\":511},\"primaryImageOfPage\":{\"@id\":\"https:\\\/\\\/lavozdelagente.com.ar\\\/index\\\/2026\\\/08\\\/19\\\/estudiantes-de-loreto-y-fernandez-fueron-recibidos-en-casa-de-gobierno-por-el-jefe-de-gabinete\\\/#mainImage\"},\"datePublished\":\"2026-08-19T20:47:26+00:00\",\"dateModified\":\"2026-08-19T20:47:26+00:00\"},{\"@type\":\"WebSite\",\"@id\":\"https:\\\/\\\/lavozdelagente.com.ar\\\/index\\\/#website\",\"url\":\"https:\\\/\\\/lavozdelagente.com.ar\\\/index\\\/\",\"name\":\"LA VOZ DE LA GENTE\",\"description\":\"SDE\",\"inLanguage\":\"es-ES\",\"publisher\":{\"@id\":\"https:\\\/\\\/lavozdelagente.com.ar\\\/index\\\/#person\"}}]}\n\t\t<\/script>\n\t\t<!-- All in One SEO -->\n\n","aioseo_head_json":{"title":"Estudiantes de Loreto y Fern\u00e1ndez fueron recibidos en Casa de Gobierno por el Jefe de Gabinete - LA VOZ DE LA GENTE","description":"En representaci\u00f3n del gobernador El\u00edas Su\u00e1rez, el jefe de Gabinete de Ministros, V\u00edctor Araujo, recibi\u00f3 este mi\u00e9rcoles al mediod\u00eda en Casa de Gobierno a estudiantes del Colegio Secundario \u201cPedro Francisco de Uriarte\u201d de la ciudad de Loreto y de la Escuela Piloto N\u00b0 1 \u201cMaximio S. Victoria\u201d de la ciudad de Fern\u00e1ndez, departamento Robles.","canonical_url":"https:\/\/lavozdelagente.com.ar\/index\/2026\/08\/19\/estudiantes-de-loreto-y-fernandez-fueron-recibidos-en-casa-de-gobierno-por-el-jefe-de-gabinete\/","robots":"max-image-preview:large","keywords":"","webmasterTools":{"google-site-verification":"dJHDh1fUzR1o-UwpFfn1JyiF-0R1LCNFZReSb-gbgcE","miscellaneous":""},"schema":{"@context":"https:\/\/schema.org","@graph":[{"@type":"BlogPosting","@id":"https:\/\/lavozdelagente.com.ar\/index\/2026\/08\/19\/estudiantes-de-loreto-y-fernandez-fueron-recibidos-en-casa-de-gobierno-por-el-jefe-de-gabinete\/#blogposting","name":"Estudiantes de Loreto y Fern\u00e1ndez fueron recibidos en Casa de Gobierno por el Jefe de Gabinete - LA VOZ DE LA GENTE","headline":"Estudiantes de Loreto y Fern\u00e1ndez fueron recibidos en Casa de Gobierno por el Jefe de Gabinete","author":{"@id":"https:\/\/lavozdelagente.com.ar\/index\/author\/rober\/#author"},"publisher":{"@id":"https:\/\/lavozdelagente.com.ar\/index\/#person"},"image":{"@type":"ImageObject","url":"https:\/\/lavozdelagente.com.ar\/wp-content\/uploads\/2026\/08\/IMG-20260819-WA0059-768x511-1.jpg","width":768,"height":511},"datePublished":"2026-08-19T20:47:26+00:00","dateModified":"2026-08-19T20:47:26+00:00","inLanguage":"es-ES","mainEntityOfPage":{"@id":"https:\/\/lavozdelagente.com.ar\/index\/2026\/08\/19\/estudiantes-de-loreto-y-fernandez-fueron-recibidos-en-casa-de-gobierno-por-el-jefe-de-gabinete\/#webpage"},"isPartOf":{"@id":"https:\/\/lavozdelagente.com.ar\/index\/2026\/08\/19\/estudiantes-de-loreto-y-fernandez-fueron-recibidos-en-casa-de-gobierno-por-el-jefe-de-gabinete\/#webpage"},"articleSection":"Santiago"},{"@type":"BreadcrumbList","@id":"https:\/\/lavozdelagente.com.ar\/index\/2026\/08\/19\/estudiantes-de-loreto-y-fernandez-fueron-recibidos-en-casa-de-gobierno-por-el-jefe-de-gabinete\/#breadcrumblist","itemListElement":[{"@type":"ListItem","@id":"https:\/\/lavozdelagente.com.ar\/index#listItem","position":1,"name":"Home","item":"https:\/\/lavozdelagente.com.ar\/index","nextItem":{"@type":"ListItem","@id":"https:\/\/lavozdelagente.com.ar\/index\/category\/santiago\/#listItem","name":"Santiago"}},{"@type":"ListItem","@id":"https:\/\/lavozdelagente.com.ar\/index\/category\/santiago\/#listItem","position":2,"name":"Santiago","item":"https:\/\/lavozdelagente.com.ar\/index\/category\/santiago\/","nextItem":{"@type":"ListItem","@id":"https:\/\/lavozdelagente.com.ar\/index\/2026\/08\/19\/estudiantes-de-loreto-y-fernandez-fueron-recibidos-en-casa-de-gobierno-por-el-jefe-de-gabinete\/#listItem","name":"Estudiantes de Loreto y Fern\u00e1ndez fueron recibidos en Casa de Gobierno por el Jefe de Gabinete"},"previousItem":{"@type":"ListItem","@id":"https:\/\/lavozdelagente.com.ar\/index#listItem","name":"Home"}},{"@type":"ListItem","@id":"https:\/\/lavozdelagente.com.ar\/index\/2026\/08\/19\/estudiantes-de-loreto-y-fernandez-fueron-recibidos-en-casa-de-gobierno-por-el-jefe-de-gabinete\/#listItem","position":3,"name":"Estudiantes de Loreto y Fern\u00e1ndez fueron recibidos en Casa de Gobierno por el Jefe de Gabinete","previousItem":{"@type":"ListItem","@id":"https:\/\/lavozdelagente.com.ar\/index\/category\/santiago\/#listItem","name":"Santiago"}}]},{"@type":"Person","@id":"https:\/\/lavozdelagente.com.ar\/index\/author\/rober\/#author","url":"https:\/\/lavozdelagente.com.ar\/index\/author\/rober\/","name":"rober","image":{"@type":"ImageObject","@id":"https:\/\/lavozdelagente.com.ar\/index\/2026\/08\/19\/estudiantes-de-loreto-y-fernandez-fueron-recibidos-en-casa-de-gobierno-por-el-jefe-de-gabinete\/#authorImage","url":"https:\/\/secure.gravatar.com\/avatar\/901a62cd098b11a08c5fe38d2de0f8ad6b745f5d4f6413ad71e1630ac07766e0?s=96&d=mm&r=g","width":96,"height":96,"caption":"rober"}},{"@type":"WebPage","@id":"https:\/\/lavozdelagente.com.ar\/index\/2026\/08\/19\/estudiantes-de-loreto-y-fernandez-fueron-recibidos-en-casa-de-gobierno-por-el-jefe-de-gabinete\/#webpage","url":"https:\/\/lavozdelagente.com.ar\/index\/2026\/08\/19\/estudiantes-de-loreto-y-fernandez-fueron-recibidos-en-casa-de-gobierno-por-el-jefe-de-gabinete\/","name":"Estudiantes de Loreto y Fern\u00e1ndez fueron recibidos en Casa de Gobierno por el Jefe de Gabinete - LA VOZ DE LA GENTE","description":"En representaci\u00f3n del gobernador El\u00edas Su\u00e1rez, el jefe de Gabinete de Ministros, V\u00edctor Araujo, recibi\u00f3 este mi\u00e9rcoles al mediod\u00eda en Casa de Gobierno a estudiantes del Colegio Secundario \u201cPedro Francisco de Uriarte\u201d de la ciudad de Loreto y de la Escuela Piloto N\u00b0 1 \u201cMaximio S. Victoria\u201d de la ciudad de Fern\u00e1ndez, departamento Robles.","inLanguage":"es-ES","isPartOf":{"@id":"https:\/\/lavozdelagente.com.ar\/index\/#website"},"breadcrumb":{"@id":"https:\/\/lavozdelagente.com.ar\/index\/2026\/08\/19\/estudiantes-de-loreto-y-fernandez-fueron-recibidos-en-casa-de-gobierno-por-el-jefe-de-gabinete\/#breadcrumblist"},"author":{"@id":"https:\/\/lavozdelagente.com.ar\/index\/author\/rober\/#author"},"creator":{"@id":"https:\/\/lavozdelagente.com.ar\/index\/author\/rober\/#author"},"image":{"@type":"ImageObject","url":"https:\/\/lavozdelagente.com.ar\/wp-content\/uploads\/2026\/08\/IMG-20260819-WA0059-768x511-1.jpg","@id":"https:\/\/lavozdelagente.com.ar\/index\/2026\/08\/19\/estudiantes-de-loreto-y-fernandez-fueron-recibidos-en-casa-de-gobierno-por-el-jefe-de-gabinete\/#mainImage","width":768,"height":511},"primaryImageOfPage":{"@id":"https:\/\/lavozdelagente.com.ar\/index\/2026\/08\/19\/estudiantes-de-loreto-y-fernandez-fueron-recibidos-en-casa-de-gobierno-por-el-jefe-de-gabinete\/#mainImage"},"datePublished":"2026-08-19T20:47:26+00:00","dateModified":"2026-08-19T20:47:26+00:00"},{"@type":"WebSite","@id":"https:\/\/lavozdelagente.com.ar\/index\/#website","url":"https:\/\/lavozdelagente.com.ar\/index\/","name":"LA VOZ DE LA GENTE","description":"SDE","inLanguage":"es-ES","publisher":{"@id":"https:\/\/lavozdelagente.com.ar\/index\/#person"}}]},"og:locale":"es_ES","og:site_name":"LA VOZ DE LA GENTE - SDE","og:type":"article","og:title":"Estudiantes de Loreto y Fern\u00e1ndez fueron recibidos en Casa de Gobierno por el Jefe de Gabinete - LA VOZ DE LA GENTE","og:description":"En representaci\u00f3n del gobernador El\u00edas Su\u00e1rez, el jefe de Gabinete de Ministros, V\u00edctor Araujo, recibi\u00f3 este mi\u00e9rcoles al mediod\u00eda en Casa de Gobierno a estudiantes del Colegio Secundario \u201cPedro Francisco de Uriarte\u201d de la ciudad de Loreto y de la Escuela Piloto N\u00b0 1 \u201cMaximio S. Victoria\u201d de la ciudad de Fern\u00e1ndez, departamento Robles.","og:url":"https:\/\/lavozdelagente.com.ar\/index\/2026\/08\/19\/estudiantes-de-loreto-y-fernandez-fueron-recibidos-en-casa-de-gobierno-por-el-jefe-de-gabinete\/","article:published_time":"2026-08-19T20:47:26+00:00","article:modified_time":"2026-08-19T20:47:26+00:00","twitter:card":"summary_large_image","twitter:title":"Estudiantes de Loreto y Fern\u00e1ndez fueron recibidos en Casa de Gobierno por el Jefe de Gabinete - LA VOZ DE LA GENTE","twitter:description":"En representaci\u00f3n del gobernador El\u00edas Su\u00e1rez, el jefe de Gabinete de Ministros, V\u00edctor Araujo, recibi\u00f3 este mi\u00e9rcoles al mediod\u00eda en Casa de Gobierno a estudiantes del Colegio Secundario \u201cPedro Francisco de Uriarte\u201d de la ciudad de Loreto y de la Escuela Piloto N\u00b0 1 \u201cMaximio S. Victoria\u201d de la ciudad de Fern\u00e1ndez, departamento Robles."},"aioseo_meta_data":{"post_id":"3469","title":null,"description":null,"keywords":null,"keyphrases":{"focus":{"keyphrase":"","score":0,"analysis":{"keyphraseInTitle":{"score":0,"maxScore":9,"error":1}}},"additional":[]},"primary_term":null,"canonical_url":null,"og_title":null,"og_description":null,"og_object_type":"default","og_image_type":"default","og_image_url":null,"og_image_width":null,"og_image_height":null,"og_image_custom_url":null,"og_image_custom_fields":null,"og_video":"","og_custom_url":null,"og_article_section":null,"og_article_tags":null,"twitter_use_og":false,"twitter_card":"default","twitter_image_type":"default","twitter_image_url":null,"twitter_image_custom_url":null,"twitter_image_custom_fields":null,"twitter_title":null,"twitter_description":null,"schema":{"blockGraphs":[],"customGraphs":[],"default":{"data":{"Article":[],"Course":[],"Dataset":[],"FAQPage":[],"Movie":[],"Person":[],"Product":[],"ProductReview":[],"Car":[],"Recipe":[],"Service":[],"SoftwareApplication":[],"WebPage":[]},"graphName":"BlogPosting","isEnabled":true},"graphs":[]},"schema_type":"default","schema_type_options":null,"pillar_content":false,"robots_default":true,"robots_noindex":false,"robots_noarchive":false,"robots_nosnippet":false,"robots_nofollow":false,"robots_noimageindex":false,"robots_noodp":false,"robots_notranslate":false,"robots_max_snippet":"-1","robots_max_videopreview":"-1","robots_max_imagepreview":"large","priority":null,"frequency":"default","local_seo":null,"breadcrumb_settings":null,"limit_modified_date":false,"ai":{"faqs":[],"keyPoints":[],"schemas":[],"titles":[],"descriptions":[],"socialPosts":{"email":{"subject":"","preview":"","content":""},"linkedin":[],"twitter":[],"facebook":[],"instagram":[]}},"created":"2026-08-19 20:47:26","updated":"2026-08-19 20:47:40","seo_analyzer_scan_date":null,"focus_keyword":null,"additional_keywords":null,"truseo_locale":null},"aioseo_breadcrumb":"<div class=\"aioseo-breadcrumbs\"><span class=\"aioseo-breadcrumb\">\n\t\t\t<a href=\"https:\/\/lavozdelagente.com.ar\/index\" title=\"Home\">Home<\/a>\n\t\t<\/span><span class=\"aioseo-breadcrumb-separator\">&raquo;<\/span><span class=\"aioseo-breadcrumb\">\n\t\t\t<a href=\"https:\/\/lavozdelagente.com.ar\/index\/category\/santiago\/\" title=\"Santiago\">Santiago<\/a>\n\t\t<\/span><span class=\"aioseo-breadcrumb-separator\">&raquo;<\/span><span class=\"aioseo-breadcrumb\">\n\t\t\tEstudiantes de Loreto y Fern\u00e1ndez fueron recibidos en Casa de Gobierno por el Jefe de Gabinete\n\t\t<\/span><\/div>","aioseo_breadcrumb_json":[{"label":"Home","link":"https:\/\/lavozdelagente.com.ar\/index"},{"label":"Santiago","link":"https:\/\/lavozdelagente.com.ar\/index\/category\/santiago\/"},{"label":"Estudiantes de Loreto y Fern\u00e1ndez fueron recibidos en Casa de Gobierno por el Jefe de Gabinete","link":"https:\/\/lavozdelagente.com.ar\/index\/2026\/08\/19\/estudiantes-de-loreto-y-fernandez-fueron-recibidos-en-casa-de-gobierno-por-el-jefe-de-gabinete\/"}],"rttpg_featured_image_url":{"full":["https:\/\/lavozdelagente.com.ar\/wp-content\/uploads\/2026\/08\/IMG-20260819-WA0059-768x511-1.jpg",768,511,false],"landscape":["https:\/\/lavozdelagente.com.ar\/wp-content\/uploads\/2026\/08\/IMG-20260819-WA0059-768x511-1.jpg",768,511,false],"portraits":["https:\/\/lavozdelagente.com.ar\/wp-content\/uploads\/2026\/08\/IMG-20260819-WA0059-768x511-1.jpg",768,511,false],"thumbnail":["https:\/\/lavozdelagente.com.ar\/wp-content\/uploads\/2026\/08\/IMG-20260819-WA0059-768x511-1-150x150.jpg",150,150,true],"medium":["https:\/\/lavozdelagente.com.ar\/wp-content\/uploads\/2026\/08\/IMG-20260819-WA0059-768x511-1-300x200.jpg",300,200,true],"large":["https:\/\/lavozdelagente.com.ar\/wp-content\/uploads\/2026\/08\/IMG-20260819-WA0059-768x511-1.jpg",768,511,false],"1536x1536":["https:\/\/lavozdelagente.com.ar\/wp-content\/uploads\/2026\/08\/IMG-20260819-WA0059-768x511-1.jpg",768,511,false],"2048x2048":["https:\/\/lavozdelagente.com.ar\/wp-content\/uploads\/2026\/08\/IMG-20260819-WA0059-768x511-1.jpg",768,511,false],"colormag-highlighted-post":["https:\/\/lavozdelagente.com.ar\/wp-content\/uploads\/2026\/08\/IMG-20260819-WA0059-768x511-1-392x272.jpg",392,272,true],"colormag-featured-post-medium":["https:\/\/lavozdelagente.com.ar\/wp-content\/uploads\/2026\/08\/IMG-20260819-WA0059-768x511-1-390x205.jpg",390,205,true],"colormag-featured-post-small":["https:\/\/lavozdelagente.com.ar\/wp-content\/uploads\/2026\/08\/IMG-20260819-WA0059-768x511-1-130x90.jpg",130,90,true],"colormag-featured-image":["https:\/\/lavozdelagente.com.ar\/wp-content\/uploads\/2026\/08\/IMG-20260819-WA0059-768x511-1-768x445.jpg",768,445,true],"colormag-default-news":["https:\/\/lavozdelagente.com.ar\/wp-content\/uploads\/2026\/08\/IMG-20260819-WA0059-768x511-1-150x150.jpg",150,150,true],"colormag-featured-image-large":["https:\/\/lavozdelagente.com.ar\/wp-content\/uploads\/2026\/08\/IMG-20260819-WA0059-768x511-1.jpg",768,511,false]},"rttpg_author":{"display_name":"rober","author_link":"https:\/\/lavozdelagente.com.ar\/index\/author\/rober\/"},"rttpg_comment":0,"rttpg_category":"<a href=\"https:\/\/lavozdelagente.com.ar\/index\/category\/santiago\/\" rel=\"category tag\">Santiago<\/a>","rttpg_excerpt":"&nbsp; En representaci\u00f3n del gobernador El\u00edas Su\u00e1rez, el jefe de Gabinete de Ministros, V\u00edctor Araujo, recibi\u00f3 este mi\u00e9rcoles al mediod\u00eda","_links":{"self":[{"href":"https:\/\/lavozdelagente.com.ar\/index\/wp-json\/wp\/v2\/posts\/3469","targetHints":{"allow":["GET"]}}],"collection":[{"href":"https:\/\/lavozdelagente.com.ar\/index\/wp-json\/wp\/v2\/posts"}],"about":[{"href":"https:\/\/lavozdelagente.com.ar\/index\/wp-json\/wp\/v2\/types\/post"}],"author":[{"embeddable":true,"href":"https:\/\/lavozdelagente.com.ar\/index\/wp-json\/wp\/v2\/users\/2"}],"replies":[{"embeddable":true,"href":"https:\/\/lavozdelagente.com.ar\/index\/wp-json\/wp\/v2\/comments?post=3469"}],"version-history":[{"count":1,"href":"https:\/\/lavozdelagente.com.ar\/index\/wp-json\/wp\/v2\/posts\/3469\/revisions"}],"predecessor-version":[{"id":3471,"href":"https:\/\/lavozdelagente.com.ar\/index\/wp-json\/wp\/v2\/posts\/3469\/revisions\/3471"}],"wp:featuredmedia":[{"embeddable":true,"href":"https:\/\/lavozdelagente.com.ar\/index\/wp-json\/wp\/v2\/media\/3470"}],"wp:attachment":[{"href":"https:\/\/lavozdelagente.com.ar\/index\/wp-json\/wp\/v2\/media?parent=3469"}],"wp:term":[{"taxonomy":"category","embeddable":true,"href":"https:\/\/lavozdelagente.com.ar\/index\/wp-json\/wp\/v2\/categories?post=3469"},{"taxonomy":"post_tag","embeddable":true,"href":"https:\/\/lavozdelagente.com.ar\/index\/wp-json\/wp\/v2\/tags?post=3469"}],"curies":[{"name":"wp","href":"https:\/\/api.w.org\/{rel}","templated":true}]}}