{"id":3474,"date":"2026-08-19T20:54:39","date_gmt":"2026-08-19T20:54:39","guid":{"rendered":"https:\/\/lavozdelagente.com.ar\/index\/?p=3474"},"modified":"2026-08-19T20:54:39","modified_gmt":"2026-08-19T20:54:39","slug":"nuevo-ranking-de-gobernadores-de-agosto-quien-quedo-primero-y-quien-termino-ultimo","status":"publish","type":"post","link":"https:\/\/lavozdelagente.com.ar\/index\/2026\/08\/19\/nuevo-ranking-de-gobernadores-de-agosto-quien-quedo-primero-y-quien-termino-ultimo\/","title":{"rendered":"Nuevo ranking de gobernadores de agosto: \u00bfqui\u00e9n qued\u00f3 primero y qui\u00e9n termin\u00f3 \u00faltimo?"},"content":{"rendered":"<p>El gobernador de Formosa, Gildo Insfr\u00e1n, qued\u00f3 \u00faltimo en agosto en el ranking mensual de mandatarios provinciales elaborado por CB Global Data, con un 40,7% de imagen positiva, mientras que el neuquino Rolando Figueroa encabez\u00f3 la medici\u00f3n con 55,7%.<\/p>\n<p>Detr\u00e1s de Figueroa, el segundo lugar correspondi\u00f3 al gobernador de Tucum\u00e1n, Osvaldo Jaldo, con 55,1% de imagen positiva, y el tercero a Hugo Passalacqua, de Misiones, con 53,4%, seg\u00fan el relevamiento realizado en las 23 provincias y la Ciudad de Buenos Aires.<\/p>\n<p>Sorpresa en el ranking de gobernadores: qui\u00e9n lidera y qui\u00e9n cay\u00f3 al \u00faltimo lugar en junio<br \/>\nSe trata de un sondeo realizado sobre un universo de entre 890 y 1.180 casos por provincia, con un margen de error de +\/- 2,9% a 3,3%, en el que cada encuestado opina sobre la imagen que tiene de su gobernador.<\/p>\n<p>En el extremo inferior de la tabla, por encima de Insfr\u00e1n se ubicaron el riojano Ricardo Quintela, con 42,6%, y el bonaerense Axel Kicillof, con 44,2% de imagen positiva. Los tres pertenecen al Partido Justicialista.<\/p>\n<p>Santilli escuch\u00f3 los reclamos de gobernadores en Misiones y busca recomponer el v\u00ednculo<br \/>\nEl informe se\u00f1al\u00f3 adem\u00e1s que Figueroa fue el mandatario que registr\u00f3 el mayor crecimiento respecto de la medici\u00f3n anterior, con una mejora de 2,2 puntos porcentuales en su nivel de aprobaci\u00f3n.<\/p>\n<p>En tanto que Insfr\u00e1n protagoniz\u00f3 la mayor ca\u00edda del mes, al registrar un descenso de 2,9 puntos porcentuales en su imagen positiva.<\/p>\n<p>Milei vuelve a caer: qu\u00e9 lugar ocupa en el nuevo ranking de presidentes de Am\u00e9rica Latina<br \/>\nCB Global Data publica mes a mes, adem\u00e1s, un ranking con la imagen de los 18 presidentes de Am\u00e9rica Latina, y mide tambi\u00e9n a los alcaldes de las capitales de la regi\u00f3n, entre otros trabajos.<\/p>\n<p>Agencia NA<\/p>\n","protected":false},"excerpt":{"rendered":"<p>El gobernador de Formosa, Gildo Insfr\u00e1n, qued\u00f3 \u00faltimo en agosto en el ranking mensual de mandatarios provinciales elaborado por CB<\/p>\n","protected":false},"author":2,"featured_media":3475,"comment_status":"open","ping_status":"open","sticky":false,"template":"","format":"standard","meta":{"colormag_page_container_layout":"default_layout","colormag_page_sidebar_layout":"default_layout","om_disable_all_campaigns":false,"_monsterinsights_skip_tracking":false,"footnotes":""},"categories":[4],"tags":[],"class_list":["post-3474","post","type-post","status-publish","format-standard","has-post-thumbnail","hentry","category-politica"],"aioseo_notices":[],"aioseo_head":"\n\t\t<!-- All in One SEO 5.0.1.1 - aioseo.com -->\n\t<meta name=\"description\" content=\"El gobernador de Formosa, Gildo Insfr\u00e1n, qued\u00f3 \u00faltimo en agosto en el ranking mensual de mandatarios provinciales elaborado por CB Global Data, con un 40,7% de imagen positiva, mientras que el neuquino Rolando Figueroa encabez\u00f3 la medici\u00f3n con 55,7%. Detr\u00e1s de Figueroa, el segundo lugar correspondi\u00f3 al gobernador de Tucum\u00e1n, Osvaldo Jaldo, con 55,1% de\" \/>\n\t<meta name=\"robots\" content=\"max-image-preview:large\" \/>\n\t<meta name=\"author\" content=\"rober\"\/>\n\t<meta name=\"google-site-verification\" content=\"dJHDh1fUzR1o-UwpFfn1JyiF-0R1LCNFZReSb-gbgcE\" \/>\n\t<link rel=\"canonical\" href=\"https:\/\/lavozdelagente.com.ar\/index\/2026\/08\/19\/nuevo-ranking-de-gobernadores-de-agosto-quien-quedo-primero-y-quien-termino-ultimo\/\" \/>\n\t<meta name=\"generator\" content=\"All in One SEO (AIOSEO) 5.0.1.1\" \/>\n\t\t<meta property=\"og:locale\" content=\"es_ES\" \/>\n\t\t<meta property=\"og:site_name\" content=\"LA VOZ DE LA GENTE - SDE\" \/>\n\t\t<meta property=\"og:type\" content=\"article\" \/>\n\t\t<meta property=\"og:title\" content=\"Nuevo ranking de gobernadores de agosto: \u00bfqui\u00e9n qued\u00f3 primero y qui\u00e9n termin\u00f3 \u00faltimo? - LA VOZ DE LA GENTE\" \/>\n\t\t<meta property=\"og:description\" content=\"El gobernador de Formosa, Gildo Insfr\u00e1n, qued\u00f3 \u00faltimo en agosto en el ranking mensual de mandatarios provinciales elaborado por CB Global Data, con un 40,7% de imagen positiva, mientras que el neuquino Rolando Figueroa encabez\u00f3 la medici\u00f3n con 55,7%. Detr\u00e1s de Figueroa, el segundo lugar correspondi\u00f3 al gobernador de Tucum\u00e1n, Osvaldo Jaldo, con 55,1% de\" \/>\n\t\t<meta property=\"og:url\" content=\"https:\/\/lavozdelagente.com.ar\/index\/2026\/08\/19\/nuevo-ranking-de-gobernadores-de-agosto-quien-quedo-primero-y-quien-termino-ultimo\/\" \/>\n\t\t<meta property=\"article:published_time\" content=\"2026-08-19T20:54:39+00:00\" \/>\n\t\t<meta property=\"article:modified_time\" content=\"2026-08-19T20:54:39+00:00\" \/>\n\t\t<meta name=\"twitter:card\" content=\"summary_large_image\" \/>\n\t\t<meta name=\"twitter:title\" content=\"Nuevo ranking de gobernadores de agosto: \u00bfqui\u00e9n qued\u00f3 primero y qui\u00e9n termin\u00f3 \u00faltimo? - LA VOZ DE LA GENTE\" \/>\n\t\t<meta name=\"twitter:description\" content=\"El gobernador de Formosa, Gildo Insfr\u00e1n, qued\u00f3 \u00faltimo en agosto en el ranking mensual de mandatarios provinciales elaborado por CB Global Data, con un 40,7% de imagen positiva, mientras que el neuquino Rolando Figueroa encabez\u00f3 la medici\u00f3n con 55,7%. Detr\u00e1s de Figueroa, el segundo lugar correspondi\u00f3 al gobernador de Tucum\u00e1n, Osvaldo Jaldo, con 55,1% de\" \/>\n\t\t<script type=\"application\/ld+json\" class=\"aioseo-schema\">\n\t\t\t{\"@context\":\"https:\\\/\\\/schema.org\",\"@graph\":[{\"@type\":\"BlogPosting\",\"@id\":\"https:\\\/\\\/lavozdelagente.com.ar\\\/index\\\/2026\\\/08\\\/19\\\/nuevo-ranking-de-gobernadores-de-agosto-quien-quedo-primero-y-quien-termino-ultimo\\\/#blogposting\",\"name\":\"Nuevo ranking de gobernadores de agosto: \\u00bfqui\\u00e9n qued\\u00f3 primero y qui\\u00e9n termin\\u00f3 \\u00faltimo? - LA VOZ DE LA GENTE\",\"headline\":\"Nuevo ranking de gobernadores de agosto: \\u00bfqui\\u00e9n qued\\u00f3 primero y qui\\u00e9n termin\\u00f3 \\u00faltimo?\",\"author\":{\"@id\":\"https:\\\/\\\/lavozdelagente.com.ar\\\/index\\\/author\\\/rober\\\/#author\"},\"publisher\":{\"@id\":\"https:\\\/\\\/lavozdelagente.com.ar\\\/index\\\/#person\"},\"image\":{\"@type\":\"ImageObject\",\"url\":\"https:\\\/\\\/lavozdelagente.com.ar\\\/wp-content\\\/uploads\\\/2026\\\/08\\\/ranking.avif\",\"width\":837,\"height\":540},\"datePublished\":\"2026-08-19T20:54:39+00:00\",\"dateModified\":\"2026-08-19T20:54:39+00:00\",\"inLanguage\":\"es-ES\",\"mainEntityOfPage\":{\"@id\":\"https:\\\/\\\/lavozdelagente.com.ar\\\/index\\\/2026\\\/08\\\/19\\\/nuevo-ranking-de-gobernadores-de-agosto-quien-quedo-primero-y-quien-termino-ultimo\\\/#webpage\"},\"isPartOf\":{\"@id\":\"https:\\\/\\\/lavozdelagente.com.ar\\\/index\\\/2026\\\/08\\\/19\\\/nuevo-ranking-de-gobernadores-de-agosto-quien-quedo-primero-y-quien-termino-ultimo\\\/#webpage\"},\"articleSection\":\"Pol\\u00edtica\"},{\"@type\":\"BreadcrumbList\",\"@id\":\"https:\\\/\\\/lavozdelagente.com.ar\\\/index\\\/2026\\\/08\\\/19\\\/nuevo-ranking-de-gobernadores-de-agosto-quien-quedo-primero-y-quien-termino-ultimo\\\/#breadcrumblist\",\"itemListElement\":[{\"@type\":\"ListItem\",\"@id\":\"https:\\\/\\\/lavozdelagente.com.ar\\\/index#listItem\",\"position\":1,\"name\":\"Home\",\"item\":\"https:\\\/\\\/lavozdelagente.com.ar\\\/index\",\"nextItem\":{\"@type\":\"ListItem\",\"@id\":\"https:\\\/\\\/lavozdelagente.com.ar\\\/index\\\/category\\\/politica\\\/#listItem\",\"name\":\"Pol\\u00edtica\"}},{\"@type\":\"ListItem\",\"@id\":\"https:\\\/\\\/lavozdelagente.com.ar\\\/index\\\/category\\\/politica\\\/#listItem\",\"position\":2,\"name\":\"Pol\\u00edtica\",\"item\":\"https:\\\/\\\/lavozdelagente.com.ar\\\/index\\\/category\\\/politica\\\/\",\"nextItem\":{\"@type\":\"ListItem\",\"@id\":\"https:\\\/\\\/lavozdelagente.com.ar\\\/index\\\/2026\\\/08\\\/19\\\/nuevo-ranking-de-gobernadores-de-agosto-quien-quedo-primero-y-quien-termino-ultimo\\\/#listItem\",\"name\":\"Nuevo ranking de gobernadores de agosto: \\u00bfqui\\u00e9n qued\\u00f3 primero y qui\\u00e9n termin\\u00f3 \\u00faltimo?\"},\"previousItem\":{\"@type\":\"ListItem\",\"@id\":\"https:\\\/\\\/lavozdelagente.com.ar\\\/index#listItem\",\"name\":\"Home\"}},{\"@type\":\"ListItem\",\"@id\":\"https:\\\/\\\/lavozdelagente.com.ar\\\/index\\\/2026\\\/08\\\/19\\\/nuevo-ranking-de-gobernadores-de-agosto-quien-quedo-primero-y-quien-termino-ultimo\\\/#listItem\",\"position\":3,\"name\":\"Nuevo ranking de gobernadores de agosto: \\u00bfqui\\u00e9n qued\\u00f3 primero y qui\\u00e9n termin\\u00f3 \\u00faltimo?\",\"previousItem\":{\"@type\":\"ListItem\",\"@id\":\"https:\\\/\\\/lavozdelagente.com.ar\\\/index\\\/category\\\/politica\\\/#listItem\",\"name\":\"Pol\\u00edtica\"}}]},{\"@type\":\"Person\",\"@id\":\"https:\\\/\\\/lavozdelagente.com.ar\\\/index\\\/author\\\/rober\\\/#author\",\"url\":\"https:\\\/\\\/lavozdelagente.com.ar\\\/index\\\/author\\\/rober\\\/\",\"name\":\"rober\",\"image\":{\"@type\":\"ImageObject\",\"@id\":\"https:\\\/\\\/lavozdelagente.com.ar\\\/index\\\/2026\\\/08\\\/19\\\/nuevo-ranking-de-gobernadores-de-agosto-quien-quedo-primero-y-quien-termino-ultimo\\\/#authorImage\",\"url\":\"https:\\\/\\\/secure.gravatar.com\\\/avatar\\\/901a62cd098b11a08c5fe38d2de0f8ad6b745f5d4f6413ad71e1630ac07766e0?s=96&d=mm&r=g\",\"width\":96,\"height\":96,\"caption\":\"rober\"}},{\"@type\":\"WebPage\",\"@id\":\"https:\\\/\\\/lavozdelagente.com.ar\\\/index\\\/2026\\\/08\\\/19\\\/nuevo-ranking-de-gobernadores-de-agosto-quien-quedo-primero-y-quien-termino-ultimo\\\/#webpage\",\"url\":\"https:\\\/\\\/lavozdelagente.com.ar\\\/index\\\/2026\\\/08\\\/19\\\/nuevo-ranking-de-gobernadores-de-agosto-quien-quedo-primero-y-quien-termino-ultimo\\\/\",\"name\":\"Nuevo ranking de gobernadores de agosto: \\u00bfqui\\u00e9n qued\\u00f3 primero y qui\\u00e9n termin\\u00f3 \\u00faltimo? - LA VOZ DE LA GENTE\",\"description\":\"El gobernador de Formosa, Gildo Insfr\\u00e1n, qued\\u00f3 \\u00faltimo en agosto en el ranking mensual de mandatarios provinciales elaborado por CB Global Data, con un 40,7% de imagen positiva, mientras que el neuquino Rolando Figueroa encabez\\u00f3 la medici\\u00f3n con 55,7%. Detr\\u00e1s de Figueroa, el segundo lugar correspondi\\u00f3 al gobernador de Tucum\\u00e1n, Osvaldo Jaldo, con 55,1% de\",\"inLanguage\":\"es-ES\",\"isPartOf\":{\"@id\":\"https:\\\/\\\/lavozdelagente.com.ar\\\/index\\\/#website\"},\"breadcrumb\":{\"@id\":\"https:\\\/\\\/lavozdelagente.com.ar\\\/index\\\/2026\\\/08\\\/19\\\/nuevo-ranking-de-gobernadores-de-agosto-quien-quedo-primero-y-quien-termino-ultimo\\\/#breadcrumblist\"},\"author\":{\"@id\":\"https:\\\/\\\/lavozdelagente.com.ar\\\/index\\\/author\\\/rober\\\/#author\"},\"creator\":{\"@id\":\"https:\\\/\\\/lavozdelagente.com.ar\\\/index\\\/author\\\/rober\\\/#author\"},\"image\":{\"@type\":\"ImageObject\",\"url\":\"https:\\\/\\\/lavozdelagente.com.ar\\\/wp-content\\\/uploads\\\/2026\\\/08\\\/ranking.avif\",\"@id\":\"https:\\\/\\\/lavozdelagente.com.ar\\\/index\\\/2026\\\/08\\\/19\\\/nuevo-ranking-de-gobernadores-de-agosto-quien-quedo-primero-y-quien-termino-ultimo\\\/#mainImage\",\"width\":837,\"height\":540},\"primaryImageOfPage\":{\"@id\":\"https:\\\/\\\/lavozdelagente.com.ar\\\/index\\\/2026\\\/08\\\/19\\\/nuevo-ranking-de-gobernadores-de-agosto-quien-quedo-primero-y-quien-termino-ultimo\\\/#mainImage\"},\"datePublished\":\"2026-08-19T20:54:39+00:00\",\"dateModified\":\"2026-08-19T20:54:39+00:00\"},{\"@type\":\"WebSite\",\"@id\":\"https:\\\/\\\/lavozdelagente.com.ar\\\/index\\\/#website\",\"url\":\"https:\\\/\\\/lavozdelagente.com.ar\\\/index\\\/\",\"name\":\"LA VOZ DE LA GENTE\",\"description\":\"SDE\",\"inLanguage\":\"es-ES\",\"publisher\":{\"@id\":\"https:\\\/\\\/lavozdelagente.com.ar\\\/index\\\/#person\"}}]}\n\t\t<\/script>\n\t\t<!-- All in One SEO -->\n\n","aioseo_head_json":{"title":"Nuevo ranking de gobernadores de agosto: \u00bfqui\u00e9n qued\u00f3 primero y qui\u00e9n termin\u00f3 \u00faltimo? - LA VOZ DE LA GENTE","description":"El gobernador de Formosa, Gildo Insfr\u00e1n, qued\u00f3 \u00faltimo en agosto en el ranking mensual de mandatarios provinciales elaborado por CB Global Data, con un 40,7% de imagen positiva, mientras que el neuquino Rolando Figueroa encabez\u00f3 la medici\u00f3n con 55,7%. Detr\u00e1s de Figueroa, el segundo lugar correspondi\u00f3 al gobernador de Tucum\u00e1n, Osvaldo Jaldo, con 55,1% de","canonical_url":"https:\/\/lavozdelagente.com.ar\/index\/2026\/08\/19\/nuevo-ranking-de-gobernadores-de-agosto-quien-quedo-primero-y-quien-termino-ultimo\/","robots":"max-image-preview:large","keywords":"","webmasterTools":{"google-site-verification":"dJHDh1fUzR1o-UwpFfn1JyiF-0R1LCNFZReSb-gbgcE","miscellaneous":""},"schema":{"@context":"https:\/\/schema.org","@graph":[{"@type":"BlogPosting","@id":"https:\/\/lavozdelagente.com.ar\/index\/2026\/08\/19\/nuevo-ranking-de-gobernadores-de-agosto-quien-quedo-primero-y-quien-termino-ultimo\/#blogposting","name":"Nuevo ranking de gobernadores de agosto: \u00bfqui\u00e9n qued\u00f3 primero y qui\u00e9n termin\u00f3 \u00faltimo? - LA VOZ DE LA GENTE","headline":"Nuevo ranking de gobernadores de agosto: \u00bfqui\u00e9n qued\u00f3 primero y qui\u00e9n termin\u00f3 \u00faltimo?","author":{"@id":"https:\/\/lavozdelagente.com.ar\/index\/author\/rober\/#author"},"publisher":{"@id":"https:\/\/lavozdelagente.com.ar\/index\/#person"},"image":{"@type":"ImageObject","url":"https:\/\/lavozdelagente.com.ar\/wp-content\/uploads\/2026\/08\/ranking.avif","width":837,"height":540},"datePublished":"2026-08-19T20:54:39+00:00","dateModified":"2026-08-19T20:54:39+00:00","inLanguage":"es-ES","mainEntityOfPage":{"@id":"https:\/\/lavozdelagente.com.ar\/index\/2026\/08\/19\/nuevo-ranking-de-gobernadores-de-agosto-quien-quedo-primero-y-quien-termino-ultimo\/#webpage"},"isPartOf":{"@id":"https:\/\/lavozdelagente.com.ar\/index\/2026\/08\/19\/nuevo-ranking-de-gobernadores-de-agosto-quien-quedo-primero-y-quien-termino-ultimo\/#webpage"},"articleSection":"Pol\u00edtica"},{"@type":"BreadcrumbList","@id":"https:\/\/lavozdelagente.com.ar\/index\/2026\/08\/19\/nuevo-ranking-de-gobernadores-de-agosto-quien-quedo-primero-y-quien-termino-ultimo\/#breadcrumblist","itemListElement":[{"@type":"ListItem","@id":"https:\/\/lavozdelagente.com.ar\/index#listItem","position":1,"name":"Home","item":"https:\/\/lavozdelagente.com.ar\/index","nextItem":{"@type":"ListItem","@id":"https:\/\/lavozdelagente.com.ar\/index\/category\/politica\/#listItem","name":"Pol\u00edtica"}},{"@type":"ListItem","@id":"https:\/\/lavozdelagente.com.ar\/index\/category\/politica\/#listItem","position":2,"name":"Pol\u00edtica","item":"https:\/\/lavozdelagente.com.ar\/index\/category\/politica\/","nextItem":{"@type":"ListItem","@id":"https:\/\/lavozdelagente.com.ar\/index\/2026\/08\/19\/nuevo-ranking-de-gobernadores-de-agosto-quien-quedo-primero-y-quien-termino-ultimo\/#listItem","name":"Nuevo ranking de gobernadores de agosto: \u00bfqui\u00e9n qued\u00f3 primero y qui\u00e9n termin\u00f3 \u00faltimo?"},"previousItem":{"@type":"ListItem","@id":"https:\/\/lavozdelagente.com.ar\/index#listItem","name":"Home"}},{"@type":"ListItem","@id":"https:\/\/lavozdelagente.com.ar\/index\/2026\/08\/19\/nuevo-ranking-de-gobernadores-de-agosto-quien-quedo-primero-y-quien-termino-ultimo\/#listItem","position":3,"name":"Nuevo ranking de gobernadores de agosto: \u00bfqui\u00e9n qued\u00f3 primero y qui\u00e9n termin\u00f3 \u00faltimo?","previousItem":{"@type":"ListItem","@id":"https:\/\/lavozdelagente.com.ar\/index\/category\/politica\/#listItem","name":"Pol\u00edtica"}}]},{"@type":"Person","@id":"https:\/\/lavozdelagente.com.ar\/index\/author\/rober\/#author","url":"https:\/\/lavozdelagente.com.ar\/index\/author\/rober\/","name":"rober","image":{"@type":"ImageObject","@id":"https:\/\/lavozdelagente.com.ar\/index\/2026\/08\/19\/nuevo-ranking-de-gobernadores-de-agosto-quien-quedo-primero-y-quien-termino-ultimo\/#authorImage","url":"https:\/\/secure.gravatar.com\/avatar\/901a62cd098b11a08c5fe38d2de0f8ad6b745f5d4f6413ad71e1630ac07766e0?s=96&d=mm&r=g","width":96,"height":96,"caption":"rober"}},{"@type":"WebPage","@id":"https:\/\/lavozdelagente.com.ar\/index\/2026\/08\/19\/nuevo-ranking-de-gobernadores-de-agosto-quien-quedo-primero-y-quien-termino-ultimo\/#webpage","url":"https:\/\/lavozdelagente.com.ar\/index\/2026\/08\/19\/nuevo-ranking-de-gobernadores-de-agosto-quien-quedo-primero-y-quien-termino-ultimo\/","name":"Nuevo ranking de gobernadores de agosto: \u00bfqui\u00e9n qued\u00f3 primero y qui\u00e9n termin\u00f3 \u00faltimo? - LA VOZ DE LA GENTE","description":"El gobernador de Formosa, Gildo Insfr\u00e1n, qued\u00f3 \u00faltimo en agosto en el ranking mensual de mandatarios provinciales elaborado por CB Global Data, con un 40,7% de imagen positiva, mientras que el neuquino Rolando Figueroa encabez\u00f3 la medici\u00f3n con 55,7%. Detr\u00e1s de Figueroa, el segundo lugar correspondi\u00f3 al gobernador de Tucum\u00e1n, Osvaldo Jaldo, con 55,1% de","inLanguage":"es-ES","isPartOf":{"@id":"https:\/\/lavozdelagente.com.ar\/index\/#website"},"breadcrumb":{"@id":"https:\/\/lavozdelagente.com.ar\/index\/2026\/08\/19\/nuevo-ranking-de-gobernadores-de-agosto-quien-quedo-primero-y-quien-termino-ultimo\/#breadcrumblist"},"author":{"@id":"https:\/\/lavozdelagente.com.ar\/index\/author\/rober\/#author"},"creator":{"@id":"https:\/\/lavozdelagente.com.ar\/index\/author\/rober\/#author"},"image":{"@type":"ImageObject","url":"https:\/\/lavozdelagente.com.ar\/wp-content\/uploads\/2026\/08\/ranking.avif","@id":"https:\/\/lavozdelagente.com.ar\/index\/2026\/08\/19\/nuevo-ranking-de-gobernadores-de-agosto-quien-quedo-primero-y-quien-termino-ultimo\/#mainImage","width":837,"height":540},"primaryImageOfPage":{"@id":"https:\/\/lavozdelagente.com.ar\/index\/2026\/08\/19\/nuevo-ranking-de-gobernadores-de-agosto-quien-quedo-primero-y-quien-termino-ultimo\/#mainImage"},"datePublished":"2026-08-19T20:54:39+00:00","dateModified":"2026-08-19T20:54:39+00:00"},{"@type":"WebSite","@id":"https:\/\/lavozdelagente.com.ar\/index\/#website","url":"https:\/\/lavozdelagente.com.ar\/index\/","name":"LA VOZ DE LA GENTE","description":"SDE","inLanguage":"es-ES","publisher":{"@id":"https:\/\/lavozdelagente.com.ar\/index\/#person"}}]},"og:locale":"es_ES","og:site_name":"LA VOZ DE LA GENTE - SDE","og:type":"article","og:title":"Nuevo ranking de gobernadores de agosto: \u00bfqui\u00e9n qued\u00f3 primero y qui\u00e9n termin\u00f3 \u00faltimo? - LA VOZ DE LA GENTE","og:description":"El gobernador de Formosa, Gildo Insfr\u00e1n, qued\u00f3 \u00faltimo en agosto en el ranking mensual de mandatarios provinciales elaborado por CB Global Data, con un 40,7% de imagen positiva, mientras que el neuquino Rolando Figueroa encabez\u00f3 la medici\u00f3n con 55,7%. Detr\u00e1s de Figueroa, el segundo lugar correspondi\u00f3 al gobernador de Tucum\u00e1n, Osvaldo Jaldo, con 55,1% de","og:url":"https:\/\/lavozdelagente.com.ar\/index\/2026\/08\/19\/nuevo-ranking-de-gobernadores-de-agosto-quien-quedo-primero-y-quien-termino-ultimo\/","article:published_time":"2026-08-19T20:54:39+00:00","article:modified_time":"2026-08-19T20:54:39+00:00","twitter:card":"summary_large_image","twitter:title":"Nuevo ranking de gobernadores de agosto: \u00bfqui\u00e9n qued\u00f3 primero y qui\u00e9n termin\u00f3 \u00faltimo? - LA VOZ DE LA GENTE","twitter:description":"El gobernador de Formosa, Gildo Insfr\u00e1n, qued\u00f3 \u00faltimo en agosto en el ranking mensual de mandatarios provinciales elaborado por CB Global Data, con un 40,7% de imagen positiva, mientras que el neuquino Rolando Figueroa encabez\u00f3 la medici\u00f3n con 55,7%. Detr\u00e1s de Figueroa, el segundo lugar correspondi\u00f3 al gobernador de Tucum\u00e1n, Osvaldo Jaldo, con 55,1% de"},"aioseo_meta_data":{"post_id":"3474","title":null,"description":null,"keywords":null,"keyphrases":{"focus":{"keyphrase":"","score":0,"analysis":{"keyphraseInTitle":{"score":0,"maxScore":9,"error":1}}},"additional":[]},"primary_term":null,"canonical_url":null,"og_title":null,"og_description":null,"og_object_type":"default","og_image_type":"default","og_image_url":null,"og_image_width":null,"og_image_height":null,"og_image_custom_url":null,"og_image_custom_fields":null,"og_video":"","og_custom_url":null,"og_article_section":null,"og_article_tags":null,"twitter_use_og":false,"twitter_card":"default","twitter_image_type":"default","twitter_image_url":null,"twitter_image_custom_url":null,"twitter_image_custom_fields":null,"twitter_title":null,"twitter_description":null,"schema":{"blockGraphs":[],"customGraphs":[],"default":{"data":{"Article":[],"Course":[],"Dataset":[],"FAQPage":[],"Movie":[],"Person":[],"Product":[],"ProductReview":[],"Car":[],"Recipe":[],"Service":[],"SoftwareApplication":[],"WebPage":[]},"graphName":"BlogPosting","isEnabled":true},"graphs":[]},"schema_type":"default","schema_type_options":null,"pillar_content":false,"robots_default":true,"robots_noindex":false,"robots_noarchive":false,"robots_nosnippet":false,"robots_nofollow":false,"robots_noimageindex":false,"robots_noodp":false,"robots_notranslate":false,"robots_max_snippet":"-1","robots_max_videopreview":"-1","robots_max_imagepreview":"large","priority":null,"frequency":"default","local_seo":null,"breadcrumb_settings":null,"limit_modified_date":false,"ai":{"faqs":[],"keyPoints":[],"schemas":[],"titles":[],"descriptions":[],"socialPosts":{"email":{"subject":"","preview":"","content":""},"linkedin":[],"twitter":[],"facebook":[],"instagram":[]}},"created":"2026-08-19 20:54:39","updated":"2026-08-19 21:54:32","seo_analyzer_scan_date":null,"focus_keyword":null,"additional_keywords":null,"truseo_locale":null},"aioseo_breadcrumb":"<div class=\"aioseo-breadcrumbs\"><span class=\"aioseo-breadcrumb\">\n\t\t\t<a href=\"https:\/\/lavozdelagente.com.ar\/index\" title=\"Home\">Home<\/a>\n\t\t<\/span><span class=\"aioseo-breadcrumb-separator\">&raquo;<\/span><span class=\"aioseo-breadcrumb\">\n\t\t\t<a href=\"https:\/\/lavozdelagente.com.ar\/index\/category\/politica\/\" title=\"Pol\u00edtica\">Pol\u00edtica<\/a>\n\t\t<\/span><span class=\"aioseo-breadcrumb-separator\">&raquo;<\/span><span class=\"aioseo-breadcrumb\">\n\t\t\tNuevo ranking de gobernadores de agosto: \u00bfqui\u00e9n qued\u00f3 primero y qui\u00e9n termin\u00f3 \u00faltimo?\n\t\t<\/span><\/div>","aioseo_breadcrumb_json":[{"label":"Home","link":"https:\/\/lavozdelagente.com.ar\/index"},{"label":"Pol\u00edtica","link":"https:\/\/lavozdelagente.com.ar\/index\/category\/politica\/"},{"label":"Nuevo ranking de gobernadores de agosto: \u00bfqui\u00e9n qued\u00f3 primero y qui\u00e9n termin\u00f3 \u00faltimo?","link":"https:\/\/lavozdelagente.com.ar\/index\/2026\/08\/19\/nuevo-ranking-de-gobernadores-de-agosto-quien-quedo-primero-y-quien-termino-ultimo\/"}],"rttpg_featured_image_url":{"full":["https:\/\/lavozdelagente.com.ar\/wp-content\/uploads\/2026\/08\/ranking.avif",837,540,false],"landscape":["https:\/\/lavozdelagente.com.ar\/wp-content\/uploads\/2026\/08\/ranking.avif",837,540,false],"portraits":["https:\/\/lavozdelagente.com.ar\/wp-content\/uploads\/2026\/08\/ranking.avif",837,540,false],"thumbnail":["https:\/\/lavozdelagente.com.ar\/wp-content\/uploads\/2026\/08\/ranking-150x150.avif",150,150,true],"medium":["https:\/\/lavozdelagente.com.ar\/wp-content\/uploads\/2026\/08\/ranking-300x194.avif",300,194,true],"large":["https:\/\/lavozdelagente.com.ar\/wp-content\/uploads\/2026\/08\/ranking.avif",800,516,false],"1536x1536":["https:\/\/lavozdelagente.com.ar\/wp-content\/uploads\/2026\/08\/ranking.avif",837,540,false],"2048x2048":["https:\/\/lavozdelagente.com.ar\/wp-content\/uploads\/2026\/08\/ranking.avif",837,540,false],"colormag-highlighted-post":["https:\/\/lavozdelagente.com.ar\/wp-content\/uploads\/2026\/08\/ranking-392x272.avif",392,272,true],"colormag-featured-post-medium":["https:\/\/lavozdelagente.com.ar\/wp-content\/uploads\/2026\/08\/ranking-390x205.avif",390,205,true],"colormag-featured-post-small":["https:\/\/lavozdelagente.com.ar\/wp-content\/uploads\/2026\/08\/ranking-130x90.avif",130,90,true],"colormag-featured-image":["https:\/\/lavozdelagente.com.ar\/wp-content\/uploads\/2026\/08\/ranking-800x445.avif",800,445,true],"colormag-default-news":["https:\/\/lavozdelagente.com.ar\/wp-content\/uploads\/2026\/08\/ranking-150x150.avif",150,150,true],"colormag-featured-image-large":["https:\/\/lavozdelagente.com.ar\/wp-content\/uploads\/2026\/08\/ranking.avif",837,540,false]},"rttpg_author":{"display_name":"rober","author_link":"https:\/\/lavozdelagente.com.ar\/index\/author\/rober\/"},"rttpg_comment":0,"rttpg_category":"<a href=\"https:\/\/lavozdelagente.com.ar\/index\/category\/politica\/\" rel=\"category tag\">Pol\u00edtica<\/a>","rttpg_excerpt":"El gobernador de Formosa, Gildo Insfr\u00e1n, qued\u00f3 \u00faltimo en agosto en el ranking mensual de mandatarios provinciales elaborado por CB","_links":{"self":[{"href":"https:\/\/lavozdelagente.com.ar\/index\/wp-json\/wp\/v2\/posts\/3474","targetHints":{"allow":["GET"]}}],"collection":[{"href":"https:\/\/lavozdelagente.com.ar\/index\/wp-json\/wp\/v2\/posts"}],"about":[{"href":"https:\/\/lavozdelagente.com.ar\/index\/wp-json\/wp\/v2\/types\/post"}],"author":[{"embeddable":true,"href":"https:\/\/lavozdelagente.com.ar\/index\/wp-json\/wp\/v2\/users\/2"}],"replies":[{"embeddable":true,"href":"https:\/\/lavozdelagente.com.ar\/index\/wp-json\/wp\/v2\/comments?post=3474"}],"version-history":[{"count":1,"href":"https:\/\/lavozdelagente.com.ar\/index\/wp-json\/wp\/v2\/posts\/3474\/revisions"}],"predecessor-version":[{"id":3476,"href":"https:\/\/lavozdelagente.com.ar\/index\/wp-json\/wp\/v2\/posts\/3474\/revisions\/3476"}],"wp:featuredmedia":[{"embeddable":true,"href":"https:\/\/lavozdelagente.com.ar\/index\/wp-json\/wp\/v2\/media\/3475"}],"wp:attachment":[{"href":"https:\/\/lavozdelagente.com.ar\/index\/wp-json\/wp\/v2\/media?parent=3474"}],"wp:term":[{"taxonomy":"category","embeddable":true,"href":"https:\/\/lavozdelagente.com.ar\/index\/wp-json\/wp\/v2\/categories?post=3474"},{"taxonomy":"post_tag","embeddable":true,"href":"https:\/\/lavozdelagente.com.ar\/index\/wp-json\/wp\/v2\/tags?post=3474"}],"curies":[{"name":"wp","href":"https:\/\/api.w.org\/{rel}","templated":true}]}}