{"id":3486,"date":"2026-08-20T23:01:01","date_gmt":"2026-08-20T23:01:01","guid":{"rendered":"https:\/\/lavozdelagente.com.ar\/index\/?p=3486"},"modified":"2026-08-20T23:01:01","modified_gmt":"2026-08-20T23:01:01","slug":"atilio-chara-renuncio-al-ministerio-de-economia-de-santiago-del-estero","status":"publish","type":"post","link":"https:\/\/lavozdelagente.com.ar\/index\/2026\/08\/20\/atilio-chara-renuncio-al-ministerio-de-economia-de-santiago-del-estero\/","title":{"rendered":"Atilio Chara renunci\u00f3 al Ministerio de Econom\u00eda de Santiago del Estero"},"content":{"rendered":"<p>El Gobierno de la Provincia de Santiago del Estero informa que el contador p\u00fablico nacional Atilio Chara present\u00f3 formalmente su renuncia al cargo de Ministro de Econom\u00eda, con efecto a partir de la fecha.<\/p>\n<p>La decisi\u00f3n responde a razones de salud de car\u00e1cter personal que requieren, en este momento, priorizar su cuidado y recuperaci\u00f3n, seg\u00fan lo expresado en la nota elevada al gobernador El\u00edas Miguel Su\u00e1rez.<\/p>\n<p>Desde el Gobierno de la Provincia se agradece profundamente a Atilio Chara por el compromiso, la responsabilidad y el trabajo institucional desarrollado durante todos estos a\u00f1os al servicio de Santiago del Estero.<\/p>\n<p>Asimismo, se destaca especialmente su trayectoria de m\u00e1s de dos d\u00e9cadas de trabajo en el Gobierno provincial, durante las cuales se desempe\u00f1\u00f3 como ministro de Econom\u00eda y realiz\u00f3 un valioso aporte al cumplimiento de los objetivos de la gesti\u00f3n y al desarrollo de las pol\u00edticas p\u00fablicas de la Provincia.<\/p>\n<p>El Gobierno provincial reconoce y valora su dedicaci\u00f3n y profesionalismo, y le expresa sus mejores deseos en esta nueva etapa, acompa\u00f1\u00e1ndolo especialmente en este momento en el que debe priorizar su salud y recuperaci\u00f3n.<\/p>\n<p>En consecuencia asumir\u00e1 el cargo de Ministro de Econom\u00eda de la provincia el CPN Jorge Gustavo Murad.<\/p>\n<p>&nbsp;<\/p>\n","protected":false},"excerpt":{"rendered":"<p>El Gobierno de la Provincia de Santiago del Estero informa que el contador p\u00fablico nacional Atilio Chara present\u00f3 formalmente su<\/p>\n","protected":false},"author":2,"featured_media":3487,"comment_status":"open","ping_status":"open","sticky":false,"template":"","format":"standard","meta":{"colormag_page_container_layout":"default_layout","colormag_page_sidebar_layout":"default_layout","om_disable_all_campaigns":false,"_monsterinsights_skip_tracking":false,"footnotes":""},"categories":[2],"tags":[],"class_list":["post-3486","post","type-post","status-publish","format-standard","has-post-thumbnail","hentry","category-santiago"],"aioseo_notices":[],"aioseo_head":"\n\t\t<!-- All in One SEO 5.0.1.1 - aioseo.com -->\n\t<meta name=\"description\" content=\"El Gobierno de la Provincia de Santiago del Estero informa que el contador p\u00fablico nacional Atilio Chara present\u00f3 formalmente su renuncia al cargo de Ministro de Econom\u00eda, con efecto a partir de la fecha. La decisi\u00f3n responde a razones de salud de car\u00e1cter personal que requieren, en este momento, priorizar su cuidado y recuperaci\u00f3n, seg\u00fan\" \/>\n\t<meta name=\"robots\" content=\"max-image-preview:large\" \/>\n\t<meta name=\"author\" content=\"rober\"\/>\n\t<meta name=\"google-site-verification\" content=\"dJHDh1fUzR1o-UwpFfn1JyiF-0R1LCNFZReSb-gbgcE\" \/>\n\t<link rel=\"canonical\" href=\"https:\/\/lavozdelagente.com.ar\/index\/2026\/08\/20\/atilio-chara-renuncio-al-ministerio-de-economia-de-santiago-del-estero\/\" \/>\n\t<meta name=\"generator\" content=\"All in One SEO (AIOSEO) 5.0.1.1\" \/>\n\t\t<meta property=\"og:locale\" content=\"es_ES\" \/>\n\t\t<meta property=\"og:site_name\" content=\"LA VOZ DE LA GENTE - SDE\" \/>\n\t\t<meta property=\"og:type\" content=\"article\" \/>\n\t\t<meta property=\"og:title\" content=\"Atilio Chara renunci\u00f3 al Ministerio de Econom\u00eda de Santiago del Estero - LA VOZ DE LA GENTE\" \/>\n\t\t<meta property=\"og:description\" content=\"El Gobierno de la Provincia de Santiago del Estero informa que el contador p\u00fablico nacional Atilio Chara present\u00f3 formalmente su renuncia al cargo de Ministro de Econom\u00eda, con efecto a partir de la fecha. La decisi\u00f3n responde a razones de salud de car\u00e1cter personal que requieren, en este momento, priorizar su cuidado y recuperaci\u00f3n, seg\u00fan\" \/>\n\t\t<meta property=\"og:url\" content=\"https:\/\/lavozdelagente.com.ar\/index\/2026\/08\/20\/atilio-chara-renuncio-al-ministerio-de-economia-de-santiago-del-estero\/\" \/>\n\t\t<meta property=\"article:published_time\" content=\"2026-08-20T23:01:01+00:00\" \/>\n\t\t<meta property=\"article:modified_time\" content=\"2026-08-20T23:01:01+00:00\" \/>\n\t\t<meta name=\"twitter:card\" content=\"summary_large_image\" \/>\n\t\t<meta name=\"twitter:title\" content=\"Atilio Chara renunci\u00f3 al Ministerio de Econom\u00eda de Santiago del Estero - LA VOZ DE LA GENTE\" \/>\n\t\t<meta name=\"twitter:description\" content=\"El Gobierno de la Provincia de Santiago del Estero informa que el contador p\u00fablico nacional Atilio Chara present\u00f3 formalmente su renuncia al cargo de Ministro de Econom\u00eda, con efecto a partir de la fecha. La decisi\u00f3n responde a razones de salud de car\u00e1cter personal que requieren, en este momento, priorizar su cuidado y recuperaci\u00f3n, seg\u00fan\" \/>\n\t\t<script type=\"application\/ld+json\" class=\"aioseo-schema\">\n\t\t\t{\"@context\":\"https:\\\/\\\/schema.org\",\"@graph\":[{\"@type\":\"BlogPosting\",\"@id\":\"https:\\\/\\\/lavozdelagente.com.ar\\\/index\\\/2026\\\/08\\\/20\\\/atilio-chara-renuncio-al-ministerio-de-economia-de-santiago-del-estero\\\/#blogposting\",\"name\":\"Atilio Chara renunci\\u00f3 al Ministerio de Econom\\u00eda de Santiago del Estero - LA VOZ DE LA GENTE\",\"headline\":\"Atilio Chara renunci\\u00f3 al Ministerio de Econom\\u00eda de Santiago del Estero\",\"author\":{\"@id\":\"https:\\\/\\\/lavozdelagente.com.ar\\\/index\\\/author\\\/rober\\\/#author\"},\"publisher\":{\"@id\":\"https:\\\/\\\/lavozdelagente.com.ar\\\/index\\\/#person\"},\"image\":{\"@type\":\"ImageObject\",\"url\":\"https:\\\/\\\/lavozdelagente.com.ar\\\/wp-content\\\/uploads\\\/2026\\\/08\\\/Atiliochara.jpg\",\"width\":1010,\"height\":567},\"datePublished\":\"2026-08-20T23:01:01+00:00\",\"dateModified\":\"2026-08-20T23:01:01+00:00\",\"inLanguage\":\"es-ES\",\"mainEntityOfPage\":{\"@id\":\"https:\\\/\\\/lavozdelagente.com.ar\\\/index\\\/2026\\\/08\\\/20\\\/atilio-chara-renuncio-al-ministerio-de-economia-de-santiago-del-estero\\\/#webpage\"},\"isPartOf\":{\"@id\":\"https:\\\/\\\/lavozdelagente.com.ar\\\/index\\\/2026\\\/08\\\/20\\\/atilio-chara-renuncio-al-ministerio-de-economia-de-santiago-del-estero\\\/#webpage\"},\"articleSection\":\"Santiago\"},{\"@type\":\"BreadcrumbList\",\"@id\":\"https:\\\/\\\/lavozdelagente.com.ar\\\/index\\\/2026\\\/08\\\/20\\\/atilio-chara-renuncio-al-ministerio-de-economia-de-santiago-del-estero\\\/#breadcrumblist\",\"itemListElement\":[{\"@type\":\"ListItem\",\"@id\":\"https:\\\/\\\/lavozdelagente.com.ar\\\/index#listItem\",\"position\":1,\"name\":\"Home\",\"item\":\"https:\\\/\\\/lavozdelagente.com.ar\\\/index\",\"nextItem\":{\"@type\":\"ListItem\",\"@id\":\"https:\\\/\\\/lavozdelagente.com.ar\\\/index\\\/category\\\/santiago\\\/#listItem\",\"name\":\"Santiago\"}},{\"@type\":\"ListItem\",\"@id\":\"https:\\\/\\\/lavozdelagente.com.ar\\\/index\\\/category\\\/santiago\\\/#listItem\",\"position\":2,\"name\":\"Santiago\",\"item\":\"https:\\\/\\\/lavozdelagente.com.ar\\\/index\\\/category\\\/santiago\\\/\",\"nextItem\":{\"@type\":\"ListItem\",\"@id\":\"https:\\\/\\\/lavozdelagente.com.ar\\\/index\\\/2026\\\/08\\\/20\\\/atilio-chara-renuncio-al-ministerio-de-economia-de-santiago-del-estero\\\/#listItem\",\"name\":\"Atilio Chara renunci\\u00f3 al Ministerio de Econom\\u00eda de Santiago del Estero\"},\"previousItem\":{\"@type\":\"ListItem\",\"@id\":\"https:\\\/\\\/lavozdelagente.com.ar\\\/index#listItem\",\"name\":\"Home\"}},{\"@type\":\"ListItem\",\"@id\":\"https:\\\/\\\/lavozdelagente.com.ar\\\/index\\\/2026\\\/08\\\/20\\\/atilio-chara-renuncio-al-ministerio-de-economia-de-santiago-del-estero\\\/#listItem\",\"position\":3,\"name\":\"Atilio Chara renunci\\u00f3 al Ministerio de Econom\\u00eda de Santiago del Estero\",\"previousItem\":{\"@type\":\"ListItem\",\"@id\":\"https:\\\/\\\/lavozdelagente.com.ar\\\/index\\\/category\\\/santiago\\\/#listItem\",\"name\":\"Santiago\"}}]},{\"@type\":\"Person\",\"@id\":\"https:\\\/\\\/lavozdelagente.com.ar\\\/index\\\/author\\\/rober\\\/#author\",\"url\":\"https:\\\/\\\/lavozdelagente.com.ar\\\/index\\\/author\\\/rober\\\/\",\"name\":\"rober\",\"image\":{\"@type\":\"ImageObject\",\"@id\":\"https:\\\/\\\/lavozdelagente.com.ar\\\/index\\\/2026\\\/08\\\/20\\\/atilio-chara-renuncio-al-ministerio-de-economia-de-santiago-del-estero\\\/#authorImage\",\"url\":\"https:\\\/\\\/secure.gravatar.com\\\/avatar\\\/901a62cd098b11a08c5fe38d2de0f8ad6b745f5d4f6413ad71e1630ac07766e0?s=96&d=mm&r=g\",\"width\":96,\"height\":96,\"caption\":\"rober\"}},{\"@type\":\"WebPage\",\"@id\":\"https:\\\/\\\/lavozdelagente.com.ar\\\/index\\\/2026\\\/08\\\/20\\\/atilio-chara-renuncio-al-ministerio-de-economia-de-santiago-del-estero\\\/#webpage\",\"url\":\"https:\\\/\\\/lavozdelagente.com.ar\\\/index\\\/2026\\\/08\\\/20\\\/atilio-chara-renuncio-al-ministerio-de-economia-de-santiago-del-estero\\\/\",\"name\":\"Atilio Chara renunci\\u00f3 al Ministerio de Econom\\u00eda de Santiago del Estero - LA VOZ DE LA GENTE\",\"description\":\"El Gobierno de la Provincia de Santiago del Estero informa que el contador p\\u00fablico nacional Atilio Chara present\\u00f3 formalmente su renuncia al cargo de Ministro de Econom\\u00eda, con efecto a partir de la fecha. La decisi\\u00f3n responde a razones de salud de car\\u00e1cter personal que requieren, en este momento, priorizar su cuidado y recuperaci\\u00f3n, seg\\u00fan\",\"inLanguage\":\"es-ES\",\"isPartOf\":{\"@id\":\"https:\\\/\\\/lavozdelagente.com.ar\\\/index\\\/#website\"},\"breadcrumb\":{\"@id\":\"https:\\\/\\\/lavozdelagente.com.ar\\\/index\\\/2026\\\/08\\\/20\\\/atilio-chara-renuncio-al-ministerio-de-economia-de-santiago-del-estero\\\/#breadcrumblist\"},\"author\":{\"@id\":\"https:\\\/\\\/lavozdelagente.com.ar\\\/index\\\/author\\\/rober\\\/#author\"},\"creator\":{\"@id\":\"https:\\\/\\\/lavozdelagente.com.ar\\\/index\\\/author\\\/rober\\\/#author\"},\"image\":{\"@type\":\"ImageObject\",\"url\":\"https:\\\/\\\/lavozdelagente.com.ar\\\/wp-content\\\/uploads\\\/2026\\\/08\\\/Atiliochara.jpg\",\"@id\":\"https:\\\/\\\/lavozdelagente.com.ar\\\/index\\\/2026\\\/08\\\/20\\\/atilio-chara-renuncio-al-ministerio-de-economia-de-santiago-del-estero\\\/#mainImage\",\"width\":1010,\"height\":567},\"primaryImageOfPage\":{\"@id\":\"https:\\\/\\\/lavozdelagente.com.ar\\\/index\\\/2026\\\/08\\\/20\\\/atilio-chara-renuncio-al-ministerio-de-economia-de-santiago-del-estero\\\/#mainImage\"},\"datePublished\":\"2026-08-20T23:01:01+00:00\",\"dateModified\":\"2026-08-20T23:01:01+00:00\"},{\"@type\":\"WebSite\",\"@id\":\"https:\\\/\\\/lavozdelagente.com.ar\\\/index\\\/#website\",\"url\":\"https:\\\/\\\/lavozdelagente.com.ar\\\/index\\\/\",\"name\":\"LA VOZ DE LA GENTE\",\"description\":\"SDE\",\"inLanguage\":\"es-ES\",\"publisher\":{\"@id\":\"https:\\\/\\\/lavozdelagente.com.ar\\\/index\\\/#person\"}}]}\n\t\t<\/script>\n\t\t<!-- All in One SEO -->\n\n","aioseo_head_json":{"title":"Atilio Chara renunci\u00f3 al Ministerio de Econom\u00eda de Santiago del Estero - LA VOZ DE LA GENTE","description":"El Gobierno de la Provincia de Santiago del Estero informa que el contador p\u00fablico nacional Atilio Chara present\u00f3 formalmente su renuncia al cargo de Ministro de Econom\u00eda, con efecto a partir de la fecha. La decisi\u00f3n responde a razones de salud de car\u00e1cter personal que requieren, en este momento, priorizar su cuidado y recuperaci\u00f3n, seg\u00fan","canonical_url":"https:\/\/lavozdelagente.com.ar\/index\/2026\/08\/20\/atilio-chara-renuncio-al-ministerio-de-economia-de-santiago-del-estero\/","robots":"max-image-preview:large","keywords":"","webmasterTools":{"google-site-verification":"dJHDh1fUzR1o-UwpFfn1JyiF-0R1LCNFZReSb-gbgcE","miscellaneous":""},"schema":{"@context":"https:\/\/schema.org","@graph":[{"@type":"BlogPosting","@id":"https:\/\/lavozdelagente.com.ar\/index\/2026\/08\/20\/atilio-chara-renuncio-al-ministerio-de-economia-de-santiago-del-estero\/#blogposting","name":"Atilio Chara renunci\u00f3 al Ministerio de Econom\u00eda de Santiago del Estero - LA VOZ DE LA GENTE","headline":"Atilio Chara renunci\u00f3 al Ministerio de Econom\u00eda de Santiago del Estero","author":{"@id":"https:\/\/lavozdelagente.com.ar\/index\/author\/rober\/#author"},"publisher":{"@id":"https:\/\/lavozdelagente.com.ar\/index\/#person"},"image":{"@type":"ImageObject","url":"https:\/\/lavozdelagente.com.ar\/wp-content\/uploads\/2026\/08\/Atiliochara.jpg","width":1010,"height":567},"datePublished":"2026-08-20T23:01:01+00:00","dateModified":"2026-08-20T23:01:01+00:00","inLanguage":"es-ES","mainEntityOfPage":{"@id":"https:\/\/lavozdelagente.com.ar\/index\/2026\/08\/20\/atilio-chara-renuncio-al-ministerio-de-economia-de-santiago-del-estero\/#webpage"},"isPartOf":{"@id":"https:\/\/lavozdelagente.com.ar\/index\/2026\/08\/20\/atilio-chara-renuncio-al-ministerio-de-economia-de-santiago-del-estero\/#webpage"},"articleSection":"Santiago"},{"@type":"BreadcrumbList","@id":"https:\/\/lavozdelagente.com.ar\/index\/2026\/08\/20\/atilio-chara-renuncio-al-ministerio-de-economia-de-santiago-del-estero\/#breadcrumblist","itemListElement":[{"@type":"ListItem","@id":"https:\/\/lavozdelagente.com.ar\/index#listItem","position":1,"name":"Home","item":"https:\/\/lavozdelagente.com.ar\/index","nextItem":{"@type":"ListItem","@id":"https:\/\/lavozdelagente.com.ar\/index\/category\/santiago\/#listItem","name":"Santiago"}},{"@type":"ListItem","@id":"https:\/\/lavozdelagente.com.ar\/index\/category\/santiago\/#listItem","position":2,"name":"Santiago","item":"https:\/\/lavozdelagente.com.ar\/index\/category\/santiago\/","nextItem":{"@type":"ListItem","@id":"https:\/\/lavozdelagente.com.ar\/index\/2026\/08\/20\/atilio-chara-renuncio-al-ministerio-de-economia-de-santiago-del-estero\/#listItem","name":"Atilio Chara renunci\u00f3 al Ministerio de Econom\u00eda de Santiago del Estero"},"previousItem":{"@type":"ListItem","@id":"https:\/\/lavozdelagente.com.ar\/index#listItem","name":"Home"}},{"@type":"ListItem","@id":"https:\/\/lavozdelagente.com.ar\/index\/2026\/08\/20\/atilio-chara-renuncio-al-ministerio-de-economia-de-santiago-del-estero\/#listItem","position":3,"name":"Atilio Chara renunci\u00f3 al Ministerio de Econom\u00eda de Santiago del Estero","previousItem":{"@type":"ListItem","@id":"https:\/\/lavozdelagente.com.ar\/index\/category\/santiago\/#listItem","name":"Santiago"}}]},{"@type":"Person","@id":"https:\/\/lavozdelagente.com.ar\/index\/author\/rober\/#author","url":"https:\/\/lavozdelagente.com.ar\/index\/author\/rober\/","name":"rober","image":{"@type":"ImageObject","@id":"https:\/\/lavozdelagente.com.ar\/index\/2026\/08\/20\/atilio-chara-renuncio-al-ministerio-de-economia-de-santiago-del-estero\/#authorImage","url":"https:\/\/secure.gravatar.com\/avatar\/901a62cd098b11a08c5fe38d2de0f8ad6b745f5d4f6413ad71e1630ac07766e0?s=96&d=mm&r=g","width":96,"height":96,"caption":"rober"}},{"@type":"WebPage","@id":"https:\/\/lavozdelagente.com.ar\/index\/2026\/08\/20\/atilio-chara-renuncio-al-ministerio-de-economia-de-santiago-del-estero\/#webpage","url":"https:\/\/lavozdelagente.com.ar\/index\/2026\/08\/20\/atilio-chara-renuncio-al-ministerio-de-economia-de-santiago-del-estero\/","name":"Atilio Chara renunci\u00f3 al Ministerio de Econom\u00eda de Santiago del Estero - LA VOZ DE LA GENTE","description":"El Gobierno de la Provincia de Santiago del Estero informa que el contador p\u00fablico nacional Atilio Chara present\u00f3 formalmente su renuncia al cargo de Ministro de Econom\u00eda, con efecto a partir de la fecha. La decisi\u00f3n responde a razones de salud de car\u00e1cter personal que requieren, en este momento, priorizar su cuidado y recuperaci\u00f3n, seg\u00fan","inLanguage":"es-ES","isPartOf":{"@id":"https:\/\/lavozdelagente.com.ar\/index\/#website"},"breadcrumb":{"@id":"https:\/\/lavozdelagente.com.ar\/index\/2026\/08\/20\/atilio-chara-renuncio-al-ministerio-de-economia-de-santiago-del-estero\/#breadcrumblist"},"author":{"@id":"https:\/\/lavozdelagente.com.ar\/index\/author\/rober\/#author"},"creator":{"@id":"https:\/\/lavozdelagente.com.ar\/index\/author\/rober\/#author"},"image":{"@type":"ImageObject","url":"https:\/\/lavozdelagente.com.ar\/wp-content\/uploads\/2026\/08\/Atiliochara.jpg","@id":"https:\/\/lavozdelagente.com.ar\/index\/2026\/08\/20\/atilio-chara-renuncio-al-ministerio-de-economia-de-santiago-del-estero\/#mainImage","width":1010,"height":567},"primaryImageOfPage":{"@id":"https:\/\/lavozdelagente.com.ar\/index\/2026\/08\/20\/atilio-chara-renuncio-al-ministerio-de-economia-de-santiago-del-estero\/#mainImage"},"datePublished":"2026-08-20T23:01:01+00:00","dateModified":"2026-08-20T23:01:01+00:00"},{"@type":"WebSite","@id":"https:\/\/lavozdelagente.com.ar\/index\/#website","url":"https:\/\/lavozdelagente.com.ar\/index\/","name":"LA VOZ DE LA GENTE","description":"SDE","inLanguage":"es-ES","publisher":{"@id":"https:\/\/lavozdelagente.com.ar\/index\/#person"}}]},"og:locale":"es_ES","og:site_name":"LA VOZ DE LA GENTE - SDE","og:type":"article","og:title":"Atilio Chara renunci\u00f3 al Ministerio de Econom\u00eda de Santiago del Estero - LA VOZ DE LA GENTE","og:description":"El Gobierno de la Provincia de Santiago del Estero informa que el contador p\u00fablico nacional Atilio Chara present\u00f3 formalmente su renuncia al cargo de Ministro de Econom\u00eda, con efecto a partir de la fecha. La decisi\u00f3n responde a razones de salud de car\u00e1cter personal que requieren, en este momento, priorizar su cuidado y recuperaci\u00f3n, seg\u00fan","og:url":"https:\/\/lavozdelagente.com.ar\/index\/2026\/08\/20\/atilio-chara-renuncio-al-ministerio-de-economia-de-santiago-del-estero\/","article:published_time":"2026-08-20T23:01:01+00:00","article:modified_time":"2026-08-20T23:01:01+00:00","twitter:card":"summary_large_image","twitter:title":"Atilio Chara renunci\u00f3 al Ministerio de Econom\u00eda de Santiago del Estero - LA VOZ DE LA GENTE","twitter:description":"El Gobierno de la Provincia de Santiago del Estero informa que el contador p\u00fablico nacional Atilio Chara present\u00f3 formalmente su renuncia al cargo de Ministro de Econom\u00eda, con efecto a partir de la fecha. La decisi\u00f3n responde a razones de salud de car\u00e1cter personal que requieren, en este momento, priorizar su cuidado y recuperaci\u00f3n, seg\u00fan"},"aioseo_meta_data":{"post_id":"3486","title":null,"description":null,"keywords":null,"keyphrases":{"focus":{"keyphrase":"","score":0,"analysis":{"keyphraseInTitle":{"score":0,"maxScore":9,"error":1}}},"additional":[]},"primary_term":null,"canonical_url":null,"og_title":null,"og_description":null,"og_object_type":"default","og_image_type":"default","og_image_url":null,"og_image_width":null,"og_image_height":null,"og_image_custom_url":null,"og_image_custom_fields":null,"og_video":"","og_custom_url":null,"og_article_section":null,"og_article_tags":null,"twitter_use_og":false,"twitter_card":"default","twitter_image_type":"default","twitter_image_url":null,"twitter_image_custom_url":null,"twitter_image_custom_fields":null,"twitter_title":null,"twitter_description":null,"schema":{"blockGraphs":[],"customGraphs":[],"default":{"data":{"Article":[],"Course":[],"Dataset":[],"FAQPage":[],"Movie":[],"Person":[],"Product":[],"ProductReview":[],"Car":[],"Recipe":[],"Service":[],"SoftwareApplication":[],"WebPage":[]},"graphName":"BlogPosting","isEnabled":true},"graphs":[]},"schema_type":"default","schema_type_options":null,"pillar_content":false,"robots_default":true,"robots_noindex":false,"robots_noarchive":false,"robots_nosnippet":false,"robots_nofollow":false,"robots_noimageindex":false,"robots_noodp":false,"robots_notranslate":false,"robots_max_snippet":"-1","robots_max_videopreview":"-1","robots_max_imagepreview":"large","priority":null,"frequency":"default","local_seo":null,"breadcrumb_settings":null,"limit_modified_date":false,"ai":{"faqs":[],"keyPoints":[],"schemas":[],"titles":[],"descriptions":[],"socialPosts":{"email":{"subject":"","preview":"","content":""},"linkedin":[],"twitter":[],"facebook":[],"instagram":[]}},"created":"2026-08-20 23:01:01","updated":"2026-08-21 14:59:32","seo_analyzer_scan_date":null,"focus_keyword":null,"additional_keywords":null,"truseo_locale":null},"aioseo_breadcrumb":"<div class=\"aioseo-breadcrumbs\"><span class=\"aioseo-breadcrumb\">\n\t\t\t<a href=\"https:\/\/lavozdelagente.com.ar\/index\" title=\"Home\">Home<\/a>\n\t\t<\/span><span class=\"aioseo-breadcrumb-separator\">&raquo;<\/span><span class=\"aioseo-breadcrumb\">\n\t\t\t<a href=\"https:\/\/lavozdelagente.com.ar\/index\/category\/santiago\/\" title=\"Santiago\">Santiago<\/a>\n\t\t<\/span><span class=\"aioseo-breadcrumb-separator\">&raquo;<\/span><span class=\"aioseo-breadcrumb\">\n\t\t\tAtilio Chara renunci\u00f3 al Ministerio de Econom\u00eda de Santiago del Estero\n\t\t<\/span><\/div>","aioseo_breadcrumb_json":[{"label":"Home","link":"https:\/\/lavozdelagente.com.ar\/index"},{"label":"Santiago","link":"https:\/\/lavozdelagente.com.ar\/index\/category\/santiago\/"},{"label":"Atilio Chara renunci\u00f3 al Ministerio de Econom\u00eda de Santiago del Estero","link":"https:\/\/lavozdelagente.com.ar\/index\/2026\/08\/20\/atilio-chara-renuncio-al-ministerio-de-economia-de-santiago-del-estero\/"}],"rttpg_featured_image_url":{"full":["https:\/\/lavozdelagente.com.ar\/wp-content\/uploads\/2026\/08\/Atiliochara.jpg",1010,567,false],"landscape":["https:\/\/lavozdelagente.com.ar\/wp-content\/uploads\/2026\/08\/Atiliochara.jpg",1010,567,false],"portraits":["https:\/\/lavozdelagente.com.ar\/wp-content\/uploads\/2026\/08\/Atiliochara.jpg",1010,567,false],"thumbnail":["https:\/\/lavozdelagente.com.ar\/wp-content\/uploads\/2026\/08\/Atiliochara-150x150.jpg",150,150,true],"medium":["https:\/\/lavozdelagente.com.ar\/wp-content\/uploads\/2026\/08\/Atiliochara-300x168.jpg",300,168,true],"large":["https:\/\/lavozdelagente.com.ar\/wp-content\/uploads\/2026\/08\/Atiliochara.jpg",800,449,false],"1536x1536":["https:\/\/lavozdelagente.com.ar\/wp-content\/uploads\/2026\/08\/Atiliochara.jpg",1010,567,false],"2048x2048":["https:\/\/lavozdelagente.com.ar\/wp-content\/uploads\/2026\/08\/Atiliochara.jpg",1010,567,false],"colormag-highlighted-post":["https:\/\/lavozdelagente.com.ar\/wp-content\/uploads\/2026\/08\/Atiliochara-392x272.jpg",392,272,true],"colormag-featured-post-medium":["https:\/\/lavozdelagente.com.ar\/wp-content\/uploads\/2026\/08\/Atiliochara-390x205.jpg",390,205,true],"colormag-featured-post-small":["https:\/\/lavozdelagente.com.ar\/wp-content\/uploads\/2026\/08\/Atiliochara-130x90.jpg",130,90,true],"colormag-featured-image":["https:\/\/lavozdelagente.com.ar\/wp-content\/uploads\/2026\/08\/Atiliochara-800x445.jpg",800,445,true],"colormag-default-news":["https:\/\/lavozdelagente.com.ar\/wp-content\/uploads\/2026\/08\/Atiliochara-150x150.jpg",150,150,true],"colormag-featured-image-large":["https:\/\/lavozdelagente.com.ar\/wp-content\/uploads\/2026\/08\/Atiliochara.jpg",1010,567,false]},"rttpg_author":{"display_name":"rober","author_link":"https:\/\/lavozdelagente.com.ar\/index\/author\/rober\/"},"rttpg_comment":0,"rttpg_category":"<a href=\"https:\/\/lavozdelagente.com.ar\/index\/category\/santiago\/\" rel=\"category tag\">Santiago<\/a>","rttpg_excerpt":"El Gobierno de la Provincia de Santiago del Estero informa que el contador p\u00fablico nacional Atilio Chara present\u00f3 formalmente su","_links":{"self":[{"href":"https:\/\/lavozdelagente.com.ar\/index\/wp-json\/wp\/v2\/posts\/3486","targetHints":{"allow":["GET"]}}],"collection":[{"href":"https:\/\/lavozdelagente.com.ar\/index\/wp-json\/wp\/v2\/posts"}],"about":[{"href":"https:\/\/lavozdelagente.com.ar\/index\/wp-json\/wp\/v2\/types\/post"}],"author":[{"embeddable":true,"href":"https:\/\/lavozdelagente.com.ar\/index\/wp-json\/wp\/v2\/users\/2"}],"replies":[{"embeddable":true,"href":"https:\/\/lavozdelagente.com.ar\/index\/wp-json\/wp\/v2\/comments?post=3486"}],"version-history":[{"count":1,"href":"https:\/\/lavozdelagente.com.ar\/index\/wp-json\/wp\/v2\/posts\/3486\/revisions"}],"predecessor-version":[{"id":3488,"href":"https:\/\/lavozdelagente.com.ar\/index\/wp-json\/wp\/v2\/posts\/3486\/revisions\/3488"}],"wp:featuredmedia":[{"embeddable":true,"href":"https:\/\/lavozdelagente.com.ar\/index\/wp-json\/wp\/v2\/media\/3487"}],"wp:attachment":[{"href":"https:\/\/lavozdelagente.com.ar\/index\/wp-json\/wp\/v2\/media?parent=3486"}],"wp:term":[{"taxonomy":"category","embeddable":true,"href":"https:\/\/lavozdelagente.com.ar\/index\/wp-json\/wp\/v2\/categories?post=3486"},{"taxonomy":"post_tag","embeddable":true,"href":"https:\/\/lavozdelagente.com.ar\/index\/wp-json\/wp\/v2\/tags?post=3486"}],"curies":[{"name":"wp","href":"https:\/\/api.w.org\/{rel}","templated":true}]}}