{"id":3491,"date":"2026-08-21T14:59:18","date_gmt":"2026-08-21T14:59:18","guid":{"rendered":"https:\/\/lavozdelagente.com.ar\/index\/?p=3491"},"modified":"2026-08-21T14:59:18","modified_gmt":"2026-08-21T14:59:18","slug":"asi-es-el-cronograma-de-pago-de-los-planes-de-emergencia-de-la-provincia","status":"publish","type":"post","link":"https:\/\/lavozdelagente.com.ar\/index\/2026\/08\/21\/asi-es-el-cronograma-de-pago-de-los-planes-de-emergencia-de-la-provincia\/","title":{"rendered":"As\u00ed es el cronograma de pago de los Planes de Emergencia de la Provincia"},"content":{"rendered":"<p>El pr\u00f3ximo lunes 24 se iniciar\u00e1 el pago de los Planes de Emergencia de la provincia correspondiente al mes de agosto.<\/p>\n<p>As\u00ed lo inform\u00f3 el Ministerio de Justicia y Derechos Humanos, que dio a conocer el cronograma de pago presencial para todos los beneficiarios que no poseen tarjeta y que tienen domicilio en ciudad Capital y La Banda.<\/p>\n<p>Se recuerda que deben concurrir el d\u00eda correspondiente a su terminaci\u00f3n del DNI a la sucursal m\u00e1s cercana a su domicilio del Banco Santiago del Estero en horario de atenci\u00f3n al p\u00fablico.<\/p>\n<p>El lunes 24 se habilitar\u00e1 el pago para las personas con documentos finalizados en 0, 1, 2 o 3; el martes 25 para quienes tienen DNI terminados en 4, 5 o 6 y el mi\u00e9rcoles 26 los beneficiarios que tienen como \u00faltimo d\u00edgito los n\u00fameros 7, 8 o 9.<\/p>\n<p>En las sucursales del resto de la provincia el pago se har\u00e1 sin cronograma a partir del lunes 24 de agosto.<\/p>\n<p>&nbsp;<\/p>\n","protected":false},"excerpt":{"rendered":"<p>El pr\u00f3ximo lunes 24 se iniciar\u00e1 el pago de los Planes de Emergencia de la provincia correspondiente al mes de<\/p>\n","protected":false},"author":2,"featured_media":3492,"comment_status":"open","ping_status":"open","sticky":false,"template":"","format":"standard","meta":{"colormag_page_container_layout":"default_layout","colormag_page_sidebar_layout":"default_layout","om_disable_all_campaigns":false,"_monsterinsights_skip_tracking":false,"footnotes":""},"categories":[2],"tags":[],"class_list":["post-3491","post","type-post","status-publish","format-standard","has-post-thumbnail","hentry","category-santiago"],"aioseo_notices":[],"aioseo_head":"\n\t\t<!-- All in One SEO 5.0.1.1 - aioseo.com -->\n\t<meta name=\"description\" content=\"El pr\u00f3ximo lunes 24 se iniciar\u00e1 el pago de los Planes de Emergencia de la provincia correspondiente al mes de agosto. As\u00ed lo inform\u00f3 el Ministerio de Justicia y Derechos Humanos, que dio a conocer el cronograma de pago presencial para todos los beneficiarios que no poseen tarjeta y que tienen domicilio en ciudad Capital\" \/>\n\t<meta name=\"robots\" content=\"max-image-preview:large\" \/>\n\t<meta name=\"author\" content=\"rober\"\/>\n\t<meta name=\"google-site-verification\" content=\"dJHDh1fUzR1o-UwpFfn1JyiF-0R1LCNFZReSb-gbgcE\" \/>\n\t<link rel=\"canonical\" href=\"https:\/\/lavozdelagente.com.ar\/index\/2026\/08\/21\/asi-es-el-cronograma-de-pago-de-los-planes-de-emergencia-de-la-provincia\/\" \/>\n\t<meta name=\"generator\" content=\"All in One SEO (AIOSEO) 5.0.1.1\" \/>\n\t\t<meta property=\"og:locale\" content=\"es_ES\" \/>\n\t\t<meta property=\"og:site_name\" content=\"LA VOZ DE LA GENTE - SDE\" \/>\n\t\t<meta property=\"og:type\" content=\"article\" \/>\n\t\t<meta property=\"og:title\" content=\"As\u00ed es el cronograma de pago de los Planes de Emergencia de la Provincia - LA VOZ DE LA GENTE\" \/>\n\t\t<meta property=\"og:description\" content=\"El pr\u00f3ximo lunes 24 se iniciar\u00e1 el pago de los Planes de Emergencia de la provincia correspondiente al mes de agosto. As\u00ed lo inform\u00f3 el Ministerio de Justicia y Derechos Humanos, que dio a conocer el cronograma de pago presencial para todos los beneficiarios que no poseen tarjeta y que tienen domicilio en ciudad Capital\" \/>\n\t\t<meta property=\"og:url\" content=\"https:\/\/lavozdelagente.com.ar\/index\/2026\/08\/21\/asi-es-el-cronograma-de-pago-de-los-planes-de-emergencia-de-la-provincia\/\" \/>\n\t\t<meta property=\"article:published_time\" content=\"2026-08-21T14:59:18+00:00\" \/>\n\t\t<meta property=\"article:modified_time\" content=\"2026-08-21T14:59:18+00:00\" \/>\n\t\t<meta name=\"twitter:card\" content=\"summary_large_image\" \/>\n\t\t<meta name=\"twitter:title\" content=\"As\u00ed es el cronograma de pago de los Planes de Emergencia de la Provincia - LA VOZ DE LA GENTE\" \/>\n\t\t<meta name=\"twitter:description\" content=\"El pr\u00f3ximo lunes 24 se iniciar\u00e1 el pago de los Planes de Emergencia de la provincia correspondiente al mes de agosto. As\u00ed lo inform\u00f3 el Ministerio de Justicia y Derechos Humanos, que dio a conocer el cronograma de pago presencial para todos los beneficiarios que no poseen tarjeta y que tienen domicilio en ciudad Capital\" \/>\n\t\t<script type=\"application\/ld+json\" class=\"aioseo-schema\">\n\t\t\t{\"@context\":\"https:\\\/\\\/schema.org\",\"@graph\":[{\"@type\":\"BlogPosting\",\"@id\":\"https:\\\/\\\/lavozdelagente.com.ar\\\/index\\\/2026\\\/08\\\/21\\\/asi-es-el-cronograma-de-pago-de-los-planes-de-emergencia-de-la-provincia\\\/#blogposting\",\"name\":\"As\\u00ed es el cronograma de pago de los Planes de Emergencia de la Provincia - LA VOZ DE LA GENTE\",\"headline\":\"As\\u00ed es el cronograma de pago de los Planes de Emergencia de la Provincia\",\"author\":{\"@id\":\"https:\\\/\\\/lavozdelagente.com.ar\\\/index\\\/author\\\/rober\\\/#author\"},\"publisher\":{\"@id\":\"https:\\\/\\\/lavozdelagente.com.ar\\\/index\\\/#person\"},\"image\":{\"@type\":\"ImageObject\",\"url\":\"https:\\\/\\\/lavozdelagente.com.ar\\\/wp-content\\\/uploads\\\/2026\\\/08\\\/cajero-dinero-plata-sueldos-pagos.jpg\",\"width\":711,\"height\":400},\"datePublished\":\"2026-08-21T14:59:18+00:00\",\"dateModified\":\"2026-08-21T14:59:18+00:00\",\"inLanguage\":\"es-ES\",\"mainEntityOfPage\":{\"@id\":\"https:\\\/\\\/lavozdelagente.com.ar\\\/index\\\/2026\\\/08\\\/21\\\/asi-es-el-cronograma-de-pago-de-los-planes-de-emergencia-de-la-provincia\\\/#webpage\"},\"isPartOf\":{\"@id\":\"https:\\\/\\\/lavozdelagente.com.ar\\\/index\\\/2026\\\/08\\\/21\\\/asi-es-el-cronograma-de-pago-de-los-planes-de-emergencia-de-la-provincia\\\/#webpage\"},\"articleSection\":\"Santiago\"},{\"@type\":\"BreadcrumbList\",\"@id\":\"https:\\\/\\\/lavozdelagente.com.ar\\\/index\\\/2026\\\/08\\\/21\\\/asi-es-el-cronograma-de-pago-de-los-planes-de-emergencia-de-la-provincia\\\/#breadcrumblist\",\"itemListElement\":[{\"@type\":\"ListItem\",\"@id\":\"https:\\\/\\\/lavozdelagente.com.ar\\\/index#listItem\",\"position\":1,\"name\":\"Home\",\"item\":\"https:\\\/\\\/lavozdelagente.com.ar\\\/index\",\"nextItem\":{\"@type\":\"ListItem\",\"@id\":\"https:\\\/\\\/lavozdelagente.com.ar\\\/index\\\/category\\\/santiago\\\/#listItem\",\"name\":\"Santiago\"}},{\"@type\":\"ListItem\",\"@id\":\"https:\\\/\\\/lavozdelagente.com.ar\\\/index\\\/category\\\/santiago\\\/#listItem\",\"position\":2,\"name\":\"Santiago\",\"item\":\"https:\\\/\\\/lavozdelagente.com.ar\\\/index\\\/category\\\/santiago\\\/\",\"nextItem\":{\"@type\":\"ListItem\",\"@id\":\"https:\\\/\\\/lavozdelagente.com.ar\\\/index\\\/2026\\\/08\\\/21\\\/asi-es-el-cronograma-de-pago-de-los-planes-de-emergencia-de-la-provincia\\\/#listItem\",\"name\":\"As\\u00ed es el cronograma de pago de los Planes de Emergencia de la Provincia\"},\"previousItem\":{\"@type\":\"ListItem\",\"@id\":\"https:\\\/\\\/lavozdelagente.com.ar\\\/index#listItem\",\"name\":\"Home\"}},{\"@type\":\"ListItem\",\"@id\":\"https:\\\/\\\/lavozdelagente.com.ar\\\/index\\\/2026\\\/08\\\/21\\\/asi-es-el-cronograma-de-pago-de-los-planes-de-emergencia-de-la-provincia\\\/#listItem\",\"position\":3,\"name\":\"As\\u00ed es el cronograma de pago de los Planes de Emergencia de la Provincia\",\"previousItem\":{\"@type\":\"ListItem\",\"@id\":\"https:\\\/\\\/lavozdelagente.com.ar\\\/index\\\/category\\\/santiago\\\/#listItem\",\"name\":\"Santiago\"}}]},{\"@type\":\"Person\",\"@id\":\"https:\\\/\\\/lavozdelagente.com.ar\\\/index\\\/author\\\/rober\\\/#author\",\"url\":\"https:\\\/\\\/lavozdelagente.com.ar\\\/index\\\/author\\\/rober\\\/\",\"name\":\"rober\",\"image\":{\"@type\":\"ImageObject\",\"@id\":\"https:\\\/\\\/lavozdelagente.com.ar\\\/index\\\/2026\\\/08\\\/21\\\/asi-es-el-cronograma-de-pago-de-los-planes-de-emergencia-de-la-provincia\\\/#authorImage\",\"url\":\"https:\\\/\\\/secure.gravatar.com\\\/avatar\\\/901a62cd098b11a08c5fe38d2de0f8ad6b745f5d4f6413ad71e1630ac07766e0?s=96&d=mm&r=g\",\"width\":96,\"height\":96,\"caption\":\"rober\"}},{\"@type\":\"WebPage\",\"@id\":\"https:\\\/\\\/lavozdelagente.com.ar\\\/index\\\/2026\\\/08\\\/21\\\/asi-es-el-cronograma-de-pago-de-los-planes-de-emergencia-de-la-provincia\\\/#webpage\",\"url\":\"https:\\\/\\\/lavozdelagente.com.ar\\\/index\\\/2026\\\/08\\\/21\\\/asi-es-el-cronograma-de-pago-de-los-planes-de-emergencia-de-la-provincia\\\/\",\"name\":\"As\\u00ed es el cronograma de pago de los Planes de Emergencia de la Provincia - LA VOZ DE LA GENTE\",\"description\":\"El pr\\u00f3ximo lunes 24 se iniciar\\u00e1 el pago de los Planes de Emergencia de la provincia correspondiente al mes de agosto. As\\u00ed lo inform\\u00f3 el Ministerio de Justicia y Derechos Humanos, que dio a conocer el cronograma de pago presencial para todos los beneficiarios que no poseen tarjeta y que tienen domicilio en ciudad Capital\",\"inLanguage\":\"es-ES\",\"isPartOf\":{\"@id\":\"https:\\\/\\\/lavozdelagente.com.ar\\\/index\\\/#website\"},\"breadcrumb\":{\"@id\":\"https:\\\/\\\/lavozdelagente.com.ar\\\/index\\\/2026\\\/08\\\/21\\\/asi-es-el-cronograma-de-pago-de-los-planes-de-emergencia-de-la-provincia\\\/#breadcrumblist\"},\"author\":{\"@id\":\"https:\\\/\\\/lavozdelagente.com.ar\\\/index\\\/author\\\/rober\\\/#author\"},\"creator\":{\"@id\":\"https:\\\/\\\/lavozdelagente.com.ar\\\/index\\\/author\\\/rober\\\/#author\"},\"image\":{\"@type\":\"ImageObject\",\"url\":\"https:\\\/\\\/lavozdelagente.com.ar\\\/wp-content\\\/uploads\\\/2026\\\/08\\\/cajero-dinero-plata-sueldos-pagos.jpg\",\"@id\":\"https:\\\/\\\/lavozdelagente.com.ar\\\/index\\\/2026\\\/08\\\/21\\\/asi-es-el-cronograma-de-pago-de-los-planes-de-emergencia-de-la-provincia\\\/#mainImage\",\"width\":711,\"height\":400},\"primaryImageOfPage\":{\"@id\":\"https:\\\/\\\/lavozdelagente.com.ar\\\/index\\\/2026\\\/08\\\/21\\\/asi-es-el-cronograma-de-pago-de-los-planes-de-emergencia-de-la-provincia\\\/#mainImage\"},\"datePublished\":\"2026-08-21T14:59:18+00:00\",\"dateModified\":\"2026-08-21T14:59:18+00:00\"},{\"@type\":\"WebSite\",\"@id\":\"https:\\\/\\\/lavozdelagente.com.ar\\\/index\\\/#website\",\"url\":\"https:\\\/\\\/lavozdelagente.com.ar\\\/index\\\/\",\"name\":\"LA VOZ DE LA GENTE\",\"description\":\"SDE\",\"inLanguage\":\"es-ES\",\"publisher\":{\"@id\":\"https:\\\/\\\/lavozdelagente.com.ar\\\/index\\\/#person\"}}]}\n\t\t<\/script>\n\t\t<!-- All in One SEO -->\n\n","aioseo_head_json":{"title":"As\u00ed es el cronograma de pago de los Planes de Emergencia de la Provincia - LA VOZ DE LA GENTE","description":"El pr\u00f3ximo lunes 24 se iniciar\u00e1 el pago de los Planes de Emergencia de la provincia correspondiente al mes de agosto. As\u00ed lo inform\u00f3 el Ministerio de Justicia y Derechos Humanos, que dio a conocer el cronograma de pago presencial para todos los beneficiarios que no poseen tarjeta y que tienen domicilio en ciudad Capital","canonical_url":"https:\/\/lavozdelagente.com.ar\/index\/2026\/08\/21\/asi-es-el-cronograma-de-pago-de-los-planes-de-emergencia-de-la-provincia\/","robots":"max-image-preview:large","keywords":"","webmasterTools":{"google-site-verification":"dJHDh1fUzR1o-UwpFfn1JyiF-0R1LCNFZReSb-gbgcE","miscellaneous":""},"schema":{"@context":"https:\/\/schema.org","@graph":[{"@type":"BlogPosting","@id":"https:\/\/lavozdelagente.com.ar\/index\/2026\/08\/21\/asi-es-el-cronograma-de-pago-de-los-planes-de-emergencia-de-la-provincia\/#blogposting","name":"As\u00ed es el cronograma de pago de los Planes de Emergencia de la Provincia - LA VOZ DE LA GENTE","headline":"As\u00ed es el cronograma de pago de los Planes de Emergencia de la Provincia","author":{"@id":"https:\/\/lavozdelagente.com.ar\/index\/author\/rober\/#author"},"publisher":{"@id":"https:\/\/lavozdelagente.com.ar\/index\/#person"},"image":{"@type":"ImageObject","url":"https:\/\/lavozdelagente.com.ar\/wp-content\/uploads\/2026\/08\/cajero-dinero-plata-sueldos-pagos.jpg","width":711,"height":400},"datePublished":"2026-08-21T14:59:18+00:00","dateModified":"2026-08-21T14:59:18+00:00","inLanguage":"es-ES","mainEntityOfPage":{"@id":"https:\/\/lavozdelagente.com.ar\/index\/2026\/08\/21\/asi-es-el-cronograma-de-pago-de-los-planes-de-emergencia-de-la-provincia\/#webpage"},"isPartOf":{"@id":"https:\/\/lavozdelagente.com.ar\/index\/2026\/08\/21\/asi-es-el-cronograma-de-pago-de-los-planes-de-emergencia-de-la-provincia\/#webpage"},"articleSection":"Santiago"},{"@type":"BreadcrumbList","@id":"https:\/\/lavozdelagente.com.ar\/index\/2026\/08\/21\/asi-es-el-cronograma-de-pago-de-los-planes-de-emergencia-de-la-provincia\/#breadcrumblist","itemListElement":[{"@type":"ListItem","@id":"https:\/\/lavozdelagente.com.ar\/index#listItem","position":1,"name":"Home","item":"https:\/\/lavozdelagente.com.ar\/index","nextItem":{"@type":"ListItem","@id":"https:\/\/lavozdelagente.com.ar\/index\/category\/santiago\/#listItem","name":"Santiago"}},{"@type":"ListItem","@id":"https:\/\/lavozdelagente.com.ar\/index\/category\/santiago\/#listItem","position":2,"name":"Santiago","item":"https:\/\/lavozdelagente.com.ar\/index\/category\/santiago\/","nextItem":{"@type":"ListItem","@id":"https:\/\/lavozdelagente.com.ar\/index\/2026\/08\/21\/asi-es-el-cronograma-de-pago-de-los-planes-de-emergencia-de-la-provincia\/#listItem","name":"As\u00ed es el cronograma de pago de los Planes de Emergencia de la Provincia"},"previousItem":{"@type":"ListItem","@id":"https:\/\/lavozdelagente.com.ar\/index#listItem","name":"Home"}},{"@type":"ListItem","@id":"https:\/\/lavozdelagente.com.ar\/index\/2026\/08\/21\/asi-es-el-cronograma-de-pago-de-los-planes-de-emergencia-de-la-provincia\/#listItem","position":3,"name":"As\u00ed es el cronograma de pago de los Planes de Emergencia de la Provincia","previousItem":{"@type":"ListItem","@id":"https:\/\/lavozdelagente.com.ar\/index\/category\/santiago\/#listItem","name":"Santiago"}}]},{"@type":"Person","@id":"https:\/\/lavozdelagente.com.ar\/index\/author\/rober\/#author","url":"https:\/\/lavozdelagente.com.ar\/index\/author\/rober\/","name":"rober","image":{"@type":"ImageObject","@id":"https:\/\/lavozdelagente.com.ar\/index\/2026\/08\/21\/asi-es-el-cronograma-de-pago-de-los-planes-de-emergencia-de-la-provincia\/#authorImage","url":"https:\/\/secure.gravatar.com\/avatar\/901a62cd098b11a08c5fe38d2de0f8ad6b745f5d4f6413ad71e1630ac07766e0?s=96&d=mm&r=g","width":96,"height":96,"caption":"rober"}},{"@type":"WebPage","@id":"https:\/\/lavozdelagente.com.ar\/index\/2026\/08\/21\/asi-es-el-cronograma-de-pago-de-los-planes-de-emergencia-de-la-provincia\/#webpage","url":"https:\/\/lavozdelagente.com.ar\/index\/2026\/08\/21\/asi-es-el-cronograma-de-pago-de-los-planes-de-emergencia-de-la-provincia\/","name":"As\u00ed es el cronograma de pago de los Planes de Emergencia de la Provincia - LA VOZ DE LA GENTE","description":"El pr\u00f3ximo lunes 24 se iniciar\u00e1 el pago de los Planes de Emergencia de la provincia correspondiente al mes de agosto. As\u00ed lo inform\u00f3 el Ministerio de Justicia y Derechos Humanos, que dio a conocer el cronograma de pago presencial para todos los beneficiarios que no poseen tarjeta y que tienen domicilio en ciudad Capital","inLanguage":"es-ES","isPartOf":{"@id":"https:\/\/lavozdelagente.com.ar\/index\/#website"},"breadcrumb":{"@id":"https:\/\/lavozdelagente.com.ar\/index\/2026\/08\/21\/asi-es-el-cronograma-de-pago-de-los-planes-de-emergencia-de-la-provincia\/#breadcrumblist"},"author":{"@id":"https:\/\/lavozdelagente.com.ar\/index\/author\/rober\/#author"},"creator":{"@id":"https:\/\/lavozdelagente.com.ar\/index\/author\/rober\/#author"},"image":{"@type":"ImageObject","url":"https:\/\/lavozdelagente.com.ar\/wp-content\/uploads\/2026\/08\/cajero-dinero-plata-sueldos-pagos.jpg","@id":"https:\/\/lavozdelagente.com.ar\/index\/2026\/08\/21\/asi-es-el-cronograma-de-pago-de-los-planes-de-emergencia-de-la-provincia\/#mainImage","width":711,"height":400},"primaryImageOfPage":{"@id":"https:\/\/lavozdelagente.com.ar\/index\/2026\/08\/21\/asi-es-el-cronograma-de-pago-de-los-planes-de-emergencia-de-la-provincia\/#mainImage"},"datePublished":"2026-08-21T14:59:18+00:00","dateModified":"2026-08-21T14:59:18+00:00"},{"@type":"WebSite","@id":"https:\/\/lavozdelagente.com.ar\/index\/#website","url":"https:\/\/lavozdelagente.com.ar\/index\/","name":"LA VOZ DE LA GENTE","description":"SDE","inLanguage":"es-ES","publisher":{"@id":"https:\/\/lavozdelagente.com.ar\/index\/#person"}}]},"og:locale":"es_ES","og:site_name":"LA VOZ DE LA GENTE - SDE","og:type":"article","og:title":"As\u00ed es el cronograma de pago de los Planes de Emergencia de la Provincia - LA VOZ DE LA GENTE","og:description":"El pr\u00f3ximo lunes 24 se iniciar\u00e1 el pago de los Planes de Emergencia de la provincia correspondiente al mes de agosto. As\u00ed lo inform\u00f3 el Ministerio de Justicia y Derechos Humanos, que dio a conocer el cronograma de pago presencial para todos los beneficiarios que no poseen tarjeta y que tienen domicilio en ciudad Capital","og:url":"https:\/\/lavozdelagente.com.ar\/index\/2026\/08\/21\/asi-es-el-cronograma-de-pago-de-los-planes-de-emergencia-de-la-provincia\/","article:published_time":"2026-08-21T14:59:18+00:00","article:modified_time":"2026-08-21T14:59:18+00:00","twitter:card":"summary_large_image","twitter:title":"As\u00ed es el cronograma de pago de los Planes de Emergencia de la Provincia - LA VOZ DE LA GENTE","twitter:description":"El pr\u00f3ximo lunes 24 se iniciar\u00e1 el pago de los Planes de Emergencia de la provincia correspondiente al mes de agosto. As\u00ed lo inform\u00f3 el Ministerio de Justicia y Derechos Humanos, que dio a conocer el cronograma de pago presencial para todos los beneficiarios que no poseen tarjeta y que tienen domicilio en ciudad Capital"},"aioseo_meta_data":{"post_id":"3491","title":null,"description":null,"keywords":null,"keyphrases":{"focus":{"keyphrase":"","score":0,"analysis":{"keyphraseInTitle":{"score":0,"maxScore":9,"error":1}}},"additional":[]},"primary_term":null,"canonical_url":null,"og_title":null,"og_description":null,"og_object_type":"default","og_image_type":"default","og_image_url":null,"og_image_width":null,"og_image_height":null,"og_image_custom_url":null,"og_image_custom_fields":null,"og_video":"","og_custom_url":null,"og_article_section":null,"og_article_tags":null,"twitter_use_og":false,"twitter_card":"default","twitter_image_type":"default","twitter_image_url":null,"twitter_image_custom_url":null,"twitter_image_custom_fields":null,"twitter_title":null,"twitter_description":null,"schema":{"blockGraphs":[],"customGraphs":[],"default":{"data":{"Article":[],"Course":[],"Dataset":[],"FAQPage":[],"Movie":[],"Person":[],"Product":[],"ProductReview":[],"Car":[],"Recipe":[],"Service":[],"SoftwareApplication":[],"WebPage":[]},"graphName":"BlogPosting","isEnabled":true},"graphs":[]},"schema_type":"default","schema_type_options":null,"pillar_content":false,"robots_default":true,"robots_noindex":false,"robots_noarchive":false,"robots_nosnippet":false,"robots_nofollow":false,"robots_noimageindex":false,"robots_noodp":false,"robots_notranslate":false,"robots_max_snippet":"-1","robots_max_videopreview":"-1","robots_max_imagepreview":"large","priority":null,"frequency":"default","local_seo":null,"breadcrumb_settings":null,"limit_modified_date":false,"ai":{"faqs":[],"keyPoints":[],"schemas":[],"titles":[],"descriptions":[],"socialPosts":{"email":{"subject":"","preview":"","content":""},"linkedin":[],"twitter":[],"facebook":[],"instagram":[]}},"created":"2026-08-21 14:59:18","updated":"2026-08-21 14:59:32","seo_analyzer_scan_date":null,"focus_keyword":null,"additional_keywords":null,"truseo_locale":null},"aioseo_breadcrumb":"<div class=\"aioseo-breadcrumbs\"><span class=\"aioseo-breadcrumb\">\n\t\t\t<a href=\"https:\/\/lavozdelagente.com.ar\/index\" title=\"Home\">Home<\/a>\n\t\t<\/span><span class=\"aioseo-breadcrumb-separator\">&raquo;<\/span><span class=\"aioseo-breadcrumb\">\n\t\t\t<a href=\"https:\/\/lavozdelagente.com.ar\/index\/category\/santiago\/\" title=\"Santiago\">Santiago<\/a>\n\t\t<\/span><span class=\"aioseo-breadcrumb-separator\">&raquo;<\/span><span class=\"aioseo-breadcrumb\">\n\t\t\tAs\u00ed es el cronograma de pago de los Planes de Emergencia de la Provincia\n\t\t<\/span><\/div>","aioseo_breadcrumb_json":[{"label":"Home","link":"https:\/\/lavozdelagente.com.ar\/index"},{"label":"Santiago","link":"https:\/\/lavozdelagente.com.ar\/index\/category\/santiago\/"},{"label":"As\u00ed es el cronograma de pago de los Planes de Emergencia de la Provincia","link":"https:\/\/lavozdelagente.com.ar\/index\/2026\/08\/21\/asi-es-el-cronograma-de-pago-de-los-planes-de-emergencia-de-la-provincia\/"}],"rttpg_featured_image_url":{"full":["https:\/\/lavozdelagente.com.ar\/wp-content\/uploads\/2026\/08\/cajero-dinero-plata-sueldos-pagos.jpg",711,400,false],"landscape":["https:\/\/lavozdelagente.com.ar\/wp-content\/uploads\/2026\/08\/cajero-dinero-plata-sueldos-pagos.jpg",711,400,false],"portraits":["https:\/\/lavozdelagente.com.ar\/wp-content\/uploads\/2026\/08\/cajero-dinero-plata-sueldos-pagos.jpg",711,400,false],"thumbnail":["https:\/\/lavozdelagente.com.ar\/wp-content\/uploads\/2026\/08\/cajero-dinero-plata-sueldos-pagos-150x150.jpg",150,150,true],"medium":["https:\/\/lavozdelagente.com.ar\/wp-content\/uploads\/2026\/08\/cajero-dinero-plata-sueldos-pagos-300x169.jpg",300,169,true],"large":["https:\/\/lavozdelagente.com.ar\/wp-content\/uploads\/2026\/08\/cajero-dinero-plata-sueldos-pagos.jpg",711,400,false],"1536x1536":["https:\/\/lavozdelagente.com.ar\/wp-content\/uploads\/2026\/08\/cajero-dinero-plata-sueldos-pagos.jpg",711,400,false],"2048x2048":["https:\/\/lavozdelagente.com.ar\/wp-content\/uploads\/2026\/08\/cajero-dinero-plata-sueldos-pagos.jpg",711,400,false],"colormag-highlighted-post":["https:\/\/lavozdelagente.com.ar\/wp-content\/uploads\/2026\/08\/cajero-dinero-plata-sueldos-pagos-392x272.jpg",392,272,true],"colormag-featured-post-medium":["https:\/\/lavozdelagente.com.ar\/wp-content\/uploads\/2026\/08\/cajero-dinero-plata-sueldos-pagos-390x205.jpg",390,205,true],"colormag-featured-post-small":["https:\/\/lavozdelagente.com.ar\/wp-content\/uploads\/2026\/08\/cajero-dinero-plata-sueldos-pagos-130x90.jpg",130,90,true],"colormag-featured-image":["https:\/\/lavozdelagente.com.ar\/wp-content\/uploads\/2026\/08\/cajero-dinero-plata-sueldos-pagos.jpg",711,400,false],"colormag-default-news":["https:\/\/lavozdelagente.com.ar\/wp-content\/uploads\/2026\/08\/cajero-dinero-plata-sueldos-pagos-150x150.jpg",150,150,true],"colormag-featured-image-large":["https:\/\/lavozdelagente.com.ar\/wp-content\/uploads\/2026\/08\/cajero-dinero-plata-sueldos-pagos.jpg",711,400,false]},"rttpg_author":{"display_name":"rober","author_link":"https:\/\/lavozdelagente.com.ar\/index\/author\/rober\/"},"rttpg_comment":0,"rttpg_category":"<a href=\"https:\/\/lavozdelagente.com.ar\/index\/category\/santiago\/\" rel=\"category tag\">Santiago<\/a>","rttpg_excerpt":"El pr\u00f3ximo lunes 24 se iniciar\u00e1 el pago de los Planes de Emergencia de la provincia correspondiente al mes de","_links":{"self":[{"href":"https:\/\/lavozdelagente.com.ar\/index\/wp-json\/wp\/v2\/posts\/3491","targetHints":{"allow":["GET"]}}],"collection":[{"href":"https:\/\/lavozdelagente.com.ar\/index\/wp-json\/wp\/v2\/posts"}],"about":[{"href":"https:\/\/lavozdelagente.com.ar\/index\/wp-json\/wp\/v2\/types\/post"}],"author":[{"embeddable":true,"href":"https:\/\/lavozdelagente.com.ar\/index\/wp-json\/wp\/v2\/users\/2"}],"replies":[{"embeddable":true,"href":"https:\/\/lavozdelagente.com.ar\/index\/wp-json\/wp\/v2\/comments?post=3491"}],"version-history":[{"count":1,"href":"https:\/\/lavozdelagente.com.ar\/index\/wp-json\/wp\/v2\/posts\/3491\/revisions"}],"predecessor-version":[{"id":3493,"href":"https:\/\/lavozdelagente.com.ar\/index\/wp-json\/wp\/v2\/posts\/3491\/revisions\/3493"}],"wp:featuredmedia":[{"embeddable":true,"href":"https:\/\/lavozdelagente.com.ar\/index\/wp-json\/wp\/v2\/media\/3492"}],"wp:attachment":[{"href":"https:\/\/lavozdelagente.com.ar\/index\/wp-json\/wp\/v2\/media?parent=3491"}],"wp:term":[{"taxonomy":"category","embeddable":true,"href":"https:\/\/lavozdelagente.com.ar\/index\/wp-json\/wp\/v2\/categories?post=3491"},{"taxonomy":"post_tag","embeddable":true,"href":"https:\/\/lavozdelagente.com.ar\/index\/wp-json\/wp\/v2\/tags?post=3491"}],"curies":[{"name":"wp","href":"https:\/\/api.w.org\/{rel}","templated":true}]}}