{"id":3513,"date":"2026-08-24T23:33:03","date_gmt":"2026-08-24T23:33:03","guid":{"rendered":"https:\/\/lavozdelagente.com.ar\/index\/?p=3513"},"modified":"2026-08-24T23:33:03","modified_gmt":"2026-08-24T23:33:03","slug":"santiago-del-estero-sera-sede-de-la-2-edicion-de-los-grob-games-2026","status":"publish","type":"post","link":"https:\/\/lavozdelagente.com.ar\/index\/2026\/08\/24\/santiago-del-estero-sera-sede-de-la-2-edicion-de-los-grob-games-2026\/","title":{"rendered":"Santiago del Estero ser\u00e1 sede de la 2\u00b0 edici\u00f3n de los Grob Games 2026"},"content":{"rendered":"<p>Desde la sede de la Secretar\u00eda de Deportes de la Provincia se anunci\u00f3 oficialmente la realizaci\u00f3n de la segunda edici\u00f3n de los Grob Games 2026, competencia de fitness que se desarrollar\u00e1 el 3 y 4 de octubre en el Nodo Tecnol\u00f3gico y que se consolida como una de las propuestas deportivas de crecimiento en la regi\u00f3n.<br \/>\nDe la conferencia de prensa participaron el secretario de Deportes y Recreaci\u00f3n, Carlos Dapello; el director de Gesti\u00f3n P\u00fablica de la provincia, Ricardo Montenegro, y los organizadores del evento, Sebasti\u00e1n Gelid y Diego Mulki. Tambi\u00e9n acompa\u00f1\u00f3 el referente de la organizaci\u00f3n de pruebas de atletismo, Federico Vittar.<br \/>\nLos Grob Games se presentan como la antesala de la Freedom Battle, uno de los grandes eventos de crossfit de la regi\u00f3n. En esta oportunidad, la competencia incorporar\u00e1 por primera vez la disciplina Hybrid Individual y tendr\u00e1 lugar exclusivamente el s\u00e1bado 3 de octubre, mientras que las restantes categor\u00edas se desarrollar\u00e1n durante el fin de semana.<br \/>\nSe estima que participen m\u00e1s de 200 atletas del NOA, NEA, C\u00f3rdoba y La Rioja para seguir posicionando a Santiago del Estero como sede de competencias deportivas de alcance regional, promoviendo el crecimiento del fitness y generando un espacio de encuentro para atletas y aficionados de distintas provincias.<br \/>\nOtro de los aspectos destacados ser\u00e1 el aporte de m\u00e1quinas y elementos de primer nivel de ILUS como sponsor principal, marca de reconocida trayectoria en Chile que recientemente desembarc\u00f3 en Argentina y eligi\u00f3 a Santiago del Estero como una de sus principales sedes de venta y distribuci\u00f3n.<br \/>\nEl titular de la secretaria de Deportes manifest\u00f3 que \u201ceste evento se encuentra enmarcado en la pol\u00edtica deportiva que lleva adelante el Gobierno de El\u00edas Miguel Su\u00e1rez, donde apoyamos todas las manifestaciones deportivas y en esta ocasi\u00f3n, una prueba novedosa que seguramente va a reunir muchos seguidores de esta disciplina\u201d.<br \/>\nSeguidamente, Mulki dijo: \u201cComo novedad que se a\u00f1ade una nueva categor\u00eda, que es la categor\u00eda h\u00edbrida, un tipo de entrenamiento que a nivel mundial est\u00e1 siendo tendencia y furor, creemos que puede sumar a la gente del running, a los que hacen entrenamiento funcional porque fusiona esas disciplinas\u201d.<br \/>\nA su turno, Gelid resalt\u00f3 que \u201cen esta oportunidad son dos d\u00edas los que compiten en lo que es la disciplina CrossFit, s\u00e1bado y domingo, y lo que es la categor\u00eda h\u00edbrida es solo el s\u00e1bado\u201d.<br \/>\n\u201cEst\u00e1 competencia est\u00e1 dirigida a todo p\u00fablico y al entrar esta nueva categor\u00eda, creemos que pueden participar tambi\u00e9n la gente del running y los de funcional. Tambi\u00e9n tenemos categor\u00edas iniciados para los que est\u00e1n empezando o los que hacen un entrenamiento funcional y no tanto relacionado al CrossFit .Esto es una antesala, la vemos as\u00ed, como para que la gente de la regi\u00f3n, se empiece a preparar para la Freedom, aunque es una competencia m\u00e1s grande y justamente el a\u00f1o que viene va a ser de cuatro d\u00edas por primera vez, esto es algo m\u00e1s chico, pero no deja de ser desafiante\u201d, se\u00f1al\u00f3.<br \/>\nPor su parte, Montenegro destac\u00f3 que \u201ces un evento privado, con apoyo de la provincia, que genera turismo, movimiento econ\u00f3mico y permite que Santiago del Estero siga siendo sede de competencias deportivas de esta magnitud tambi\u00e9n nos muestra la capacidad del empresariado local de generar este tipo de acontecimientos\u201d.<\/p>\n<p>&nbsp;<\/p>\n","protected":false},"excerpt":{"rendered":"<p>Desde la sede de la Secretar\u00eda de Deportes de la Provincia se anunci\u00f3 oficialmente la realizaci\u00f3n de la segunda edici\u00f3n<\/p>\n","protected":false},"author":2,"featured_media":3514,"comment_status":"open","ping_status":"open","sticky":false,"template":"","format":"standard","meta":{"colormag_page_container_layout":"default_layout","colormag_page_sidebar_layout":"default_layout","om_disable_all_campaigns":false,"_monsterinsights_skip_tracking":false,"footnotes":""},"categories":[5],"tags":[],"class_list":["post-3513","post","type-post","status-publish","format-standard","has-post-thumbnail","hentry","category-deportes"],"aioseo_notices":[],"aioseo_head":"\n\t\t<!-- All in One SEO 5.0.1.1 - aioseo.com -->\n\t<meta name=\"description\" content=\"Desde la sede de la Secretar\u00eda de Deportes de la Provincia se anunci\u00f3 oficialmente la realizaci\u00f3n de la segunda edici\u00f3n de los Grob Games 2026, competencia de fitness que se desarrollar\u00e1 el 3 y 4 de octubre en el Nodo Tecnol\u00f3gico y que se consolida como una de las propuestas deportivas de crecimiento en la\" \/>\n\t<meta name=\"robots\" content=\"max-image-preview:large\" \/>\n\t<meta name=\"author\" content=\"rober\"\/>\n\t<meta name=\"google-site-verification\" content=\"dJHDh1fUzR1o-UwpFfn1JyiF-0R1LCNFZReSb-gbgcE\" \/>\n\t<link rel=\"canonical\" href=\"https:\/\/lavozdelagente.com.ar\/index\/2026\/08\/24\/santiago-del-estero-sera-sede-de-la-2-edicion-de-los-grob-games-2026\/\" \/>\n\t<meta name=\"generator\" content=\"All in One SEO (AIOSEO) 5.0.1.1\" \/>\n\t\t<meta property=\"og:locale\" content=\"es_ES\" \/>\n\t\t<meta property=\"og:site_name\" content=\"LA VOZ DE LA GENTE - SDE\" \/>\n\t\t<meta property=\"og:type\" content=\"article\" \/>\n\t\t<meta property=\"og:title\" content=\"Santiago del Estero ser\u00e1 sede de la 2\u00b0 edici\u00f3n de los Grob Games 2026 - LA VOZ DE LA GENTE\" \/>\n\t\t<meta property=\"og:description\" content=\"Desde la sede de la Secretar\u00eda de Deportes de la Provincia se anunci\u00f3 oficialmente la realizaci\u00f3n de la segunda edici\u00f3n de los Grob Games 2026, competencia de fitness que se desarrollar\u00e1 el 3 y 4 de octubre en el Nodo Tecnol\u00f3gico y que se consolida como una de las propuestas deportivas de crecimiento en la\" \/>\n\t\t<meta property=\"og:url\" content=\"https:\/\/lavozdelagente.com.ar\/index\/2026\/08\/24\/santiago-del-estero-sera-sede-de-la-2-edicion-de-los-grob-games-2026\/\" \/>\n\t\t<meta property=\"article:published_time\" content=\"2026-08-24T23:33:03+00:00\" \/>\n\t\t<meta property=\"article:modified_time\" content=\"2026-08-24T23:33:03+00:00\" \/>\n\t\t<meta name=\"twitter:card\" content=\"summary_large_image\" \/>\n\t\t<meta name=\"twitter:title\" content=\"Santiago del Estero ser\u00e1 sede de la 2\u00b0 edici\u00f3n de los Grob Games 2026 - LA VOZ DE LA GENTE\" \/>\n\t\t<meta name=\"twitter:description\" content=\"Desde la sede de la Secretar\u00eda de Deportes de la Provincia se anunci\u00f3 oficialmente la realizaci\u00f3n de la segunda edici\u00f3n de los Grob Games 2026, competencia de fitness que se desarrollar\u00e1 el 3 y 4 de octubre en el Nodo Tecnol\u00f3gico y que se consolida como una de las propuestas deportivas de crecimiento en la\" \/>\n\t\t<script type=\"application\/ld+json\" class=\"aioseo-schema\">\n\t\t\t{\"@context\":\"https:\\\/\\\/schema.org\",\"@graph\":[{\"@type\":\"BlogPosting\",\"@id\":\"https:\\\/\\\/lavozdelagente.com.ar\\\/index\\\/2026\\\/08\\\/24\\\/santiago-del-estero-sera-sede-de-la-2-edicion-de-los-grob-games-2026\\\/#blogposting\",\"name\":\"Santiago del Estero ser\\u00e1 sede de la 2\\u00b0 edici\\u00f3n de los Grob Games 2026 - LA VOZ DE LA GENTE\",\"headline\":\"Santiago del Estero ser\\u00e1 sede de la 2\\u00b0 edici\\u00f3n de los Grob Games 2026\",\"author\":{\"@id\":\"https:\\\/\\\/lavozdelagente.com.ar\\\/index\\\/author\\\/rober\\\/#author\"},\"publisher\":{\"@id\":\"https:\\\/\\\/lavozdelagente.com.ar\\\/index\\\/#person\"},\"image\":{\"@type\":\"ImageObject\",\"url\":\"https:\\\/\\\/lavozdelagente.com.ar\\\/wp-content\\\/uploads\\\/2026\\\/08\\\/gamrs26.jpeg\",\"width\":1000,\"height\":666},\"datePublished\":\"2026-08-24T23:33:03+00:00\",\"dateModified\":\"2026-08-24T23:33:03+00:00\",\"inLanguage\":\"es-ES\",\"mainEntityOfPage\":{\"@id\":\"https:\\\/\\\/lavozdelagente.com.ar\\\/index\\\/2026\\\/08\\\/24\\\/santiago-del-estero-sera-sede-de-la-2-edicion-de-los-grob-games-2026\\\/#webpage\"},\"isPartOf\":{\"@id\":\"https:\\\/\\\/lavozdelagente.com.ar\\\/index\\\/2026\\\/08\\\/24\\\/santiago-del-estero-sera-sede-de-la-2-edicion-de-los-grob-games-2026\\\/#webpage\"},\"articleSection\":\"Deportes\"},{\"@type\":\"BreadcrumbList\",\"@id\":\"https:\\\/\\\/lavozdelagente.com.ar\\\/index\\\/2026\\\/08\\\/24\\\/santiago-del-estero-sera-sede-de-la-2-edicion-de-los-grob-games-2026\\\/#breadcrumblist\",\"itemListElement\":[{\"@type\":\"ListItem\",\"@id\":\"https:\\\/\\\/lavozdelagente.com.ar\\\/index#listItem\",\"position\":1,\"name\":\"Home\",\"item\":\"https:\\\/\\\/lavozdelagente.com.ar\\\/index\",\"nextItem\":{\"@type\":\"ListItem\",\"@id\":\"https:\\\/\\\/lavozdelagente.com.ar\\\/index\\\/category\\\/deportes\\\/#listItem\",\"name\":\"Deportes\"}},{\"@type\":\"ListItem\",\"@id\":\"https:\\\/\\\/lavozdelagente.com.ar\\\/index\\\/category\\\/deportes\\\/#listItem\",\"position\":2,\"name\":\"Deportes\",\"item\":\"https:\\\/\\\/lavozdelagente.com.ar\\\/index\\\/category\\\/deportes\\\/\",\"nextItem\":{\"@type\":\"ListItem\",\"@id\":\"https:\\\/\\\/lavozdelagente.com.ar\\\/index\\\/2026\\\/08\\\/24\\\/santiago-del-estero-sera-sede-de-la-2-edicion-de-los-grob-games-2026\\\/#listItem\",\"name\":\"Santiago del Estero ser\\u00e1 sede de la 2\\u00b0 edici\\u00f3n de los Grob Games 2026\"},\"previousItem\":{\"@type\":\"ListItem\",\"@id\":\"https:\\\/\\\/lavozdelagente.com.ar\\\/index#listItem\",\"name\":\"Home\"}},{\"@type\":\"ListItem\",\"@id\":\"https:\\\/\\\/lavozdelagente.com.ar\\\/index\\\/2026\\\/08\\\/24\\\/santiago-del-estero-sera-sede-de-la-2-edicion-de-los-grob-games-2026\\\/#listItem\",\"position\":3,\"name\":\"Santiago del Estero ser\\u00e1 sede de la 2\\u00b0 edici\\u00f3n de los Grob Games 2026\",\"previousItem\":{\"@type\":\"ListItem\",\"@id\":\"https:\\\/\\\/lavozdelagente.com.ar\\\/index\\\/category\\\/deportes\\\/#listItem\",\"name\":\"Deportes\"}}]},{\"@type\":\"Person\",\"@id\":\"https:\\\/\\\/lavozdelagente.com.ar\\\/index\\\/author\\\/rober\\\/#author\",\"url\":\"https:\\\/\\\/lavozdelagente.com.ar\\\/index\\\/author\\\/rober\\\/\",\"name\":\"rober\",\"image\":{\"@type\":\"ImageObject\",\"@id\":\"https:\\\/\\\/lavozdelagente.com.ar\\\/index\\\/2026\\\/08\\\/24\\\/santiago-del-estero-sera-sede-de-la-2-edicion-de-los-grob-games-2026\\\/#authorImage\",\"url\":\"https:\\\/\\\/secure.gravatar.com\\\/avatar\\\/901a62cd098b11a08c5fe38d2de0f8ad6b745f5d4f6413ad71e1630ac07766e0?s=96&d=mm&r=g\",\"width\":96,\"height\":96,\"caption\":\"rober\"}},{\"@type\":\"WebPage\",\"@id\":\"https:\\\/\\\/lavozdelagente.com.ar\\\/index\\\/2026\\\/08\\\/24\\\/santiago-del-estero-sera-sede-de-la-2-edicion-de-los-grob-games-2026\\\/#webpage\",\"url\":\"https:\\\/\\\/lavozdelagente.com.ar\\\/index\\\/2026\\\/08\\\/24\\\/santiago-del-estero-sera-sede-de-la-2-edicion-de-los-grob-games-2026\\\/\",\"name\":\"Santiago del Estero ser\\u00e1 sede de la 2\\u00b0 edici\\u00f3n de los Grob Games 2026 - LA VOZ DE LA GENTE\",\"description\":\"Desde la sede de la Secretar\\u00eda de Deportes de la Provincia se anunci\\u00f3 oficialmente la realizaci\\u00f3n de la segunda edici\\u00f3n de los Grob Games 2026, competencia de fitness que se desarrollar\\u00e1 el 3 y 4 de octubre en el Nodo Tecnol\\u00f3gico y que se consolida como una de las propuestas deportivas de crecimiento en la\",\"inLanguage\":\"es-ES\",\"isPartOf\":{\"@id\":\"https:\\\/\\\/lavozdelagente.com.ar\\\/index\\\/#website\"},\"breadcrumb\":{\"@id\":\"https:\\\/\\\/lavozdelagente.com.ar\\\/index\\\/2026\\\/08\\\/24\\\/santiago-del-estero-sera-sede-de-la-2-edicion-de-los-grob-games-2026\\\/#breadcrumblist\"},\"author\":{\"@id\":\"https:\\\/\\\/lavozdelagente.com.ar\\\/index\\\/author\\\/rober\\\/#author\"},\"creator\":{\"@id\":\"https:\\\/\\\/lavozdelagente.com.ar\\\/index\\\/author\\\/rober\\\/#author\"},\"image\":{\"@type\":\"ImageObject\",\"url\":\"https:\\\/\\\/lavozdelagente.com.ar\\\/wp-content\\\/uploads\\\/2026\\\/08\\\/gamrs26.jpeg\",\"@id\":\"https:\\\/\\\/lavozdelagente.com.ar\\\/index\\\/2026\\\/08\\\/24\\\/santiago-del-estero-sera-sede-de-la-2-edicion-de-los-grob-games-2026\\\/#mainImage\",\"width\":1000,\"height\":666},\"primaryImageOfPage\":{\"@id\":\"https:\\\/\\\/lavozdelagente.com.ar\\\/index\\\/2026\\\/08\\\/24\\\/santiago-del-estero-sera-sede-de-la-2-edicion-de-los-grob-games-2026\\\/#mainImage\"},\"datePublished\":\"2026-08-24T23:33:03+00:00\",\"dateModified\":\"2026-08-24T23:33:03+00:00\"},{\"@type\":\"WebSite\",\"@id\":\"https:\\\/\\\/lavozdelagente.com.ar\\\/index\\\/#website\",\"url\":\"https:\\\/\\\/lavozdelagente.com.ar\\\/index\\\/\",\"name\":\"LA VOZ DE LA GENTE\",\"description\":\"SDE\",\"inLanguage\":\"es-ES\",\"publisher\":{\"@id\":\"https:\\\/\\\/lavozdelagente.com.ar\\\/index\\\/#person\"}}]}\n\t\t<\/script>\n\t\t<!-- All in One SEO -->\n\n","aioseo_head_json":{"title":"Santiago del Estero ser\u00e1 sede de la 2\u00b0 edici\u00f3n de los Grob Games 2026 - LA VOZ DE LA GENTE","description":"Desde la sede de la Secretar\u00eda de Deportes de la Provincia se anunci\u00f3 oficialmente la realizaci\u00f3n de la segunda edici\u00f3n de los Grob Games 2026, competencia de fitness que se desarrollar\u00e1 el 3 y 4 de octubre en el Nodo Tecnol\u00f3gico y que se consolida como una de las propuestas deportivas de crecimiento en la","canonical_url":"https:\/\/lavozdelagente.com.ar\/index\/2026\/08\/24\/santiago-del-estero-sera-sede-de-la-2-edicion-de-los-grob-games-2026\/","robots":"max-image-preview:large","keywords":"","webmasterTools":{"google-site-verification":"dJHDh1fUzR1o-UwpFfn1JyiF-0R1LCNFZReSb-gbgcE","miscellaneous":""},"schema":{"@context":"https:\/\/schema.org","@graph":[{"@type":"BlogPosting","@id":"https:\/\/lavozdelagente.com.ar\/index\/2026\/08\/24\/santiago-del-estero-sera-sede-de-la-2-edicion-de-los-grob-games-2026\/#blogposting","name":"Santiago del Estero ser\u00e1 sede de la 2\u00b0 edici\u00f3n de los Grob Games 2026 - LA VOZ DE LA GENTE","headline":"Santiago del Estero ser\u00e1 sede de la 2\u00b0 edici\u00f3n de los Grob Games 2026","author":{"@id":"https:\/\/lavozdelagente.com.ar\/index\/author\/rober\/#author"},"publisher":{"@id":"https:\/\/lavozdelagente.com.ar\/index\/#person"},"image":{"@type":"ImageObject","url":"https:\/\/lavozdelagente.com.ar\/wp-content\/uploads\/2026\/08\/gamrs26.jpeg","width":1000,"height":666},"datePublished":"2026-08-24T23:33:03+00:00","dateModified":"2026-08-24T23:33:03+00:00","inLanguage":"es-ES","mainEntityOfPage":{"@id":"https:\/\/lavozdelagente.com.ar\/index\/2026\/08\/24\/santiago-del-estero-sera-sede-de-la-2-edicion-de-los-grob-games-2026\/#webpage"},"isPartOf":{"@id":"https:\/\/lavozdelagente.com.ar\/index\/2026\/08\/24\/santiago-del-estero-sera-sede-de-la-2-edicion-de-los-grob-games-2026\/#webpage"},"articleSection":"Deportes"},{"@type":"BreadcrumbList","@id":"https:\/\/lavozdelagente.com.ar\/index\/2026\/08\/24\/santiago-del-estero-sera-sede-de-la-2-edicion-de-los-grob-games-2026\/#breadcrumblist","itemListElement":[{"@type":"ListItem","@id":"https:\/\/lavozdelagente.com.ar\/index#listItem","position":1,"name":"Home","item":"https:\/\/lavozdelagente.com.ar\/index","nextItem":{"@type":"ListItem","@id":"https:\/\/lavozdelagente.com.ar\/index\/category\/deportes\/#listItem","name":"Deportes"}},{"@type":"ListItem","@id":"https:\/\/lavozdelagente.com.ar\/index\/category\/deportes\/#listItem","position":2,"name":"Deportes","item":"https:\/\/lavozdelagente.com.ar\/index\/category\/deportes\/","nextItem":{"@type":"ListItem","@id":"https:\/\/lavozdelagente.com.ar\/index\/2026\/08\/24\/santiago-del-estero-sera-sede-de-la-2-edicion-de-los-grob-games-2026\/#listItem","name":"Santiago del Estero ser\u00e1 sede de la 2\u00b0 edici\u00f3n de los Grob Games 2026"},"previousItem":{"@type":"ListItem","@id":"https:\/\/lavozdelagente.com.ar\/index#listItem","name":"Home"}},{"@type":"ListItem","@id":"https:\/\/lavozdelagente.com.ar\/index\/2026\/08\/24\/santiago-del-estero-sera-sede-de-la-2-edicion-de-los-grob-games-2026\/#listItem","position":3,"name":"Santiago del Estero ser\u00e1 sede de la 2\u00b0 edici\u00f3n de los Grob Games 2026","previousItem":{"@type":"ListItem","@id":"https:\/\/lavozdelagente.com.ar\/index\/category\/deportes\/#listItem","name":"Deportes"}}]},{"@type":"Person","@id":"https:\/\/lavozdelagente.com.ar\/index\/author\/rober\/#author","url":"https:\/\/lavozdelagente.com.ar\/index\/author\/rober\/","name":"rober","image":{"@type":"ImageObject","@id":"https:\/\/lavozdelagente.com.ar\/index\/2026\/08\/24\/santiago-del-estero-sera-sede-de-la-2-edicion-de-los-grob-games-2026\/#authorImage","url":"https:\/\/secure.gravatar.com\/avatar\/901a62cd098b11a08c5fe38d2de0f8ad6b745f5d4f6413ad71e1630ac07766e0?s=96&d=mm&r=g","width":96,"height":96,"caption":"rober"}},{"@type":"WebPage","@id":"https:\/\/lavozdelagente.com.ar\/index\/2026\/08\/24\/santiago-del-estero-sera-sede-de-la-2-edicion-de-los-grob-games-2026\/#webpage","url":"https:\/\/lavozdelagente.com.ar\/index\/2026\/08\/24\/santiago-del-estero-sera-sede-de-la-2-edicion-de-los-grob-games-2026\/","name":"Santiago del Estero ser\u00e1 sede de la 2\u00b0 edici\u00f3n de los Grob Games 2026 - LA VOZ DE LA GENTE","description":"Desde la sede de la Secretar\u00eda de Deportes de la Provincia se anunci\u00f3 oficialmente la realizaci\u00f3n de la segunda edici\u00f3n de los Grob Games 2026, competencia de fitness que se desarrollar\u00e1 el 3 y 4 de octubre en el Nodo Tecnol\u00f3gico y que se consolida como una de las propuestas deportivas de crecimiento en la","inLanguage":"es-ES","isPartOf":{"@id":"https:\/\/lavozdelagente.com.ar\/index\/#website"},"breadcrumb":{"@id":"https:\/\/lavozdelagente.com.ar\/index\/2026\/08\/24\/santiago-del-estero-sera-sede-de-la-2-edicion-de-los-grob-games-2026\/#breadcrumblist"},"author":{"@id":"https:\/\/lavozdelagente.com.ar\/index\/author\/rober\/#author"},"creator":{"@id":"https:\/\/lavozdelagente.com.ar\/index\/author\/rober\/#author"},"image":{"@type":"ImageObject","url":"https:\/\/lavozdelagente.com.ar\/wp-content\/uploads\/2026\/08\/gamrs26.jpeg","@id":"https:\/\/lavozdelagente.com.ar\/index\/2026\/08\/24\/santiago-del-estero-sera-sede-de-la-2-edicion-de-los-grob-games-2026\/#mainImage","width":1000,"height":666},"primaryImageOfPage":{"@id":"https:\/\/lavozdelagente.com.ar\/index\/2026\/08\/24\/santiago-del-estero-sera-sede-de-la-2-edicion-de-los-grob-games-2026\/#mainImage"},"datePublished":"2026-08-24T23:33:03+00:00","dateModified":"2026-08-24T23:33:03+00:00"},{"@type":"WebSite","@id":"https:\/\/lavozdelagente.com.ar\/index\/#website","url":"https:\/\/lavozdelagente.com.ar\/index\/","name":"LA VOZ DE LA GENTE","description":"SDE","inLanguage":"es-ES","publisher":{"@id":"https:\/\/lavozdelagente.com.ar\/index\/#person"}}]},"og:locale":"es_ES","og:site_name":"LA VOZ DE LA GENTE - SDE","og:type":"article","og:title":"Santiago del Estero ser\u00e1 sede de la 2\u00b0 edici\u00f3n de los Grob Games 2026 - LA VOZ DE LA GENTE","og:description":"Desde la sede de la Secretar\u00eda de Deportes de la Provincia se anunci\u00f3 oficialmente la realizaci\u00f3n de la segunda edici\u00f3n de los Grob Games 2026, competencia de fitness que se desarrollar\u00e1 el 3 y 4 de octubre en el Nodo Tecnol\u00f3gico y que se consolida como una de las propuestas deportivas de crecimiento en la","og:url":"https:\/\/lavozdelagente.com.ar\/index\/2026\/08\/24\/santiago-del-estero-sera-sede-de-la-2-edicion-de-los-grob-games-2026\/","article:published_time":"2026-08-24T23:33:03+00:00","article:modified_time":"2026-08-24T23:33:03+00:00","twitter:card":"summary_large_image","twitter:title":"Santiago del Estero ser\u00e1 sede de la 2\u00b0 edici\u00f3n de los Grob Games 2026 - LA VOZ DE LA GENTE","twitter:description":"Desde la sede de la Secretar\u00eda de Deportes de la Provincia se anunci\u00f3 oficialmente la realizaci\u00f3n de la segunda edici\u00f3n de los Grob Games 2026, competencia de fitness que se desarrollar\u00e1 el 3 y 4 de octubre en el Nodo Tecnol\u00f3gico y que se consolida como una de las propuestas deportivas de crecimiento en la"},"aioseo_meta_data":{"post_id":"3513","title":null,"description":null,"keywords":null,"keyphrases":{"focus":{"keyphrase":"","score":0,"analysis":{"keyphraseInTitle":{"score":0,"maxScore":9,"error":1}}},"additional":[]},"primary_term":null,"canonical_url":null,"og_title":null,"og_description":null,"og_object_type":"default","og_image_type":"default","og_image_url":null,"og_image_width":null,"og_image_height":null,"og_image_custom_url":null,"og_image_custom_fields":null,"og_video":"","og_custom_url":null,"og_article_section":null,"og_article_tags":null,"twitter_use_og":false,"twitter_card":"default","twitter_image_type":"default","twitter_image_url":null,"twitter_image_custom_url":null,"twitter_image_custom_fields":null,"twitter_title":null,"twitter_description":null,"schema":{"blockGraphs":[],"customGraphs":[],"default":{"data":{"Article":[],"Course":[],"Dataset":[],"FAQPage":[],"Movie":[],"Person":[],"Product":[],"ProductReview":[],"Car":[],"Recipe":[],"Service":[],"SoftwareApplication":[],"WebPage":[]},"graphName":"BlogPosting","isEnabled":true},"graphs":[]},"schema_type":"default","schema_type_options":null,"pillar_content":false,"robots_default":true,"robots_noindex":false,"robots_noarchive":false,"robots_nosnippet":false,"robots_nofollow":false,"robots_noimageindex":false,"robots_noodp":false,"robots_notranslate":false,"robots_max_snippet":"-1","robots_max_videopreview":"-1","robots_max_imagepreview":"large","priority":null,"frequency":"default","local_seo":null,"breadcrumb_settings":null,"limit_modified_date":false,"ai":{"faqs":[],"keyPoints":[],"schemas":[],"titles":[],"descriptions":[],"socialPosts":{"email":{"subject":"","preview":"","content":""},"linkedin":[],"twitter":[],"facebook":[],"instagram":[]}},"created":"2026-08-24 23:33:03","updated":"2026-08-24 23:33:30","seo_analyzer_scan_date":null,"focus_keyword":null,"additional_keywords":null,"truseo_locale":null},"aioseo_breadcrumb":"<div class=\"aioseo-breadcrumbs\"><span class=\"aioseo-breadcrumb\">\n\t\t\t<a href=\"https:\/\/lavozdelagente.com.ar\/index\" title=\"Home\">Home<\/a>\n\t\t<\/span><span class=\"aioseo-breadcrumb-separator\">&raquo;<\/span><span class=\"aioseo-breadcrumb\">\n\t\t\t<a href=\"https:\/\/lavozdelagente.com.ar\/index\/category\/deportes\/\" title=\"Deportes\">Deportes<\/a>\n\t\t<\/span><span class=\"aioseo-breadcrumb-separator\">&raquo;<\/span><span class=\"aioseo-breadcrumb\">\n\t\t\tSantiago del Estero ser\u00e1 sede de la 2\u00b0 edici\u00f3n de los Grob Games 2026\n\t\t<\/span><\/div>","aioseo_breadcrumb_json":[{"label":"Home","link":"https:\/\/lavozdelagente.com.ar\/index"},{"label":"Deportes","link":"https:\/\/lavozdelagente.com.ar\/index\/category\/deportes\/"},{"label":"Santiago del Estero ser\u00e1 sede de la 2\u00b0 edici\u00f3n de los Grob Games 2026","link":"https:\/\/lavozdelagente.com.ar\/index\/2026\/08\/24\/santiago-del-estero-sera-sede-de-la-2-edicion-de-los-grob-games-2026\/"}],"rttpg_featured_image_url":{"full":["https:\/\/lavozdelagente.com.ar\/wp-content\/uploads\/2026\/08\/gamrs26.jpeg",1000,666,false],"landscape":["https:\/\/lavozdelagente.com.ar\/wp-content\/uploads\/2026\/08\/gamrs26.jpeg",1000,666,false],"portraits":["https:\/\/lavozdelagente.com.ar\/wp-content\/uploads\/2026\/08\/gamrs26.jpeg",1000,666,false],"thumbnail":["https:\/\/lavozdelagente.com.ar\/wp-content\/uploads\/2026\/08\/gamrs26-150x150.jpeg",150,150,true],"medium":["https:\/\/lavozdelagente.com.ar\/wp-content\/uploads\/2026\/08\/gamrs26-300x200.jpeg",300,200,true],"large":["https:\/\/lavozdelagente.com.ar\/wp-content\/uploads\/2026\/08\/gamrs26.jpeg",800,533,false],"1536x1536":["https:\/\/lavozdelagente.com.ar\/wp-content\/uploads\/2026\/08\/gamrs26.jpeg",1000,666,false],"2048x2048":["https:\/\/lavozdelagente.com.ar\/wp-content\/uploads\/2026\/08\/gamrs26.jpeg",1000,666,false],"colormag-highlighted-post":["https:\/\/lavozdelagente.com.ar\/wp-content\/uploads\/2026\/08\/gamrs26-392x272.jpeg",392,272,true],"colormag-featured-post-medium":["https:\/\/lavozdelagente.com.ar\/wp-content\/uploads\/2026\/08\/gamrs26-390x205.jpeg",390,205,true],"colormag-featured-post-small":["https:\/\/lavozdelagente.com.ar\/wp-content\/uploads\/2026\/08\/gamrs26-130x90.jpeg",130,90,true],"colormag-featured-image":["https:\/\/lavozdelagente.com.ar\/wp-content\/uploads\/2026\/08\/gamrs26-800x445.jpeg",800,445,true],"colormag-default-news":["https:\/\/lavozdelagente.com.ar\/wp-content\/uploads\/2026\/08\/gamrs26-150x150.jpeg",150,150,true],"colormag-featured-image-large":["https:\/\/lavozdelagente.com.ar\/wp-content\/uploads\/2026\/08\/gamrs26-1000x600.jpeg",1000,600,true]},"rttpg_author":{"display_name":"rober","author_link":"https:\/\/lavozdelagente.com.ar\/index\/author\/rober\/"},"rttpg_comment":0,"rttpg_category":"<a href=\"https:\/\/lavozdelagente.com.ar\/index\/category\/deportes\/\" rel=\"category tag\">Deportes<\/a>","rttpg_excerpt":"Desde la sede de la Secretar\u00eda de Deportes de la Provincia se anunci\u00f3 oficialmente la realizaci\u00f3n de la segunda edici\u00f3n","_links":{"self":[{"href":"https:\/\/lavozdelagente.com.ar\/index\/wp-json\/wp\/v2\/posts\/3513","targetHints":{"allow":["GET"]}}],"collection":[{"href":"https:\/\/lavozdelagente.com.ar\/index\/wp-json\/wp\/v2\/posts"}],"about":[{"href":"https:\/\/lavozdelagente.com.ar\/index\/wp-json\/wp\/v2\/types\/post"}],"author":[{"embeddable":true,"href":"https:\/\/lavozdelagente.com.ar\/index\/wp-json\/wp\/v2\/users\/2"}],"replies":[{"embeddable":true,"href":"https:\/\/lavozdelagente.com.ar\/index\/wp-json\/wp\/v2\/comments?post=3513"}],"version-history":[{"count":1,"href":"https:\/\/lavozdelagente.com.ar\/index\/wp-json\/wp\/v2\/posts\/3513\/revisions"}],"predecessor-version":[{"id":3515,"href":"https:\/\/lavozdelagente.com.ar\/index\/wp-json\/wp\/v2\/posts\/3513\/revisions\/3515"}],"wp:featuredmedia":[{"embeddable":true,"href":"https:\/\/lavozdelagente.com.ar\/index\/wp-json\/wp\/v2\/media\/3514"}],"wp:attachment":[{"href":"https:\/\/lavozdelagente.com.ar\/index\/wp-json\/wp\/v2\/media?parent=3513"}],"wp:term":[{"taxonomy":"category","embeddable":true,"href":"https:\/\/lavozdelagente.com.ar\/index\/wp-json\/wp\/v2\/categories?post=3513"},{"taxonomy":"post_tag","embeddable":true,"href":"https:\/\/lavozdelagente.com.ar\/index\/wp-json\/wp\/v2\/tags?post=3513"}],"curies":[{"name":"wp","href":"https:\/\/api.w.org\/{rel}","templated":true}]}}