{"id":3516,"date":"2026-08-25T14:09:49","date_gmt":"2026-08-25T14:09:49","guid":{"rendered":"https:\/\/lavozdelagente.com.ar\/index\/?p=3516"},"modified":"2026-08-25T14:09:49","modified_gmt":"2026-08-25T14:09:49","slug":"el-gobernador-elias-suarez-tomo-juramento-a-la-nueva-secretaria-de-estado-de-gestion-economica","status":"publish","type":"post","link":"https:\/\/lavozdelagente.com.ar\/index\/2026\/08\/25\/el-gobernador-elias-suarez-tomo-juramento-a-la-nueva-secretaria-de-estado-de-gestion-economica\/","title":{"rendered":"El gobernador El\u00edas Su\u00e1rez tom\u00f3 juramento a la nueva secretaria de Estado de Gesti\u00f3n Econ\u00f3mica"},"content":{"rendered":"<p>El gobernador de la Provincia, El\u00edas Su\u00e1rez, tom\u00f3 juramento a la Dra. Mar\u00eda de los \u00c1ngeles Montenegro, quien asumi\u00f3 como nueva Secretaria de Estado de Gesti\u00f3n Econ\u00f3mica, durante un acto desarrollado en el Sal\u00f3n de Acuerdos de Casa de Gobierno. Anteriormente se desempe\u00f1aba como Directora de Asuntos Jur\u00eddicos en la Jefatura de Gabinete de Ministros.<\/p>\n<p>La ceremonia cont\u00f3 con la presencia del vicegobernador Carlos Silva Neder, ministros, funcionarios y autoridades de distintas \u00e1reas del Gobierno provincial.<\/p>\n<p>La Secretar\u00eda de Estado de Gesti\u00f3n Econ\u00f3mica tiene entre sus principales objetivos fortalecer la gesti\u00f3n administrativa, el an\u00e1lisis y el seguimiento de informaci\u00f3n y variables econ\u00f3micas y la estad\u00edstica de la Provincia, como herramientas para la planificaci\u00f3n y la toma de decisiones en materia econ\u00f3mica.<\/p>\n<p>En este marco, el gobernador El\u00edas Su\u00e1rez tambi\u00e9n dispuso la cobertura de cargos directivos ya existentes en el organigrama del Estado, para \u00e1reas estrat\u00e9gicas del Ministerio de Salud y del Ministerio de Obras y Servicios P\u00fablicos, espec\u00edficamente en Vialidad y en el Instituto Provincial de Vivienda y Urbanismo (IPVU).<\/p>\n<p>Las medidas tienen como objetivo garantizar el adecuado funcionamiento y control de estos organismos, fortalecer sus estructuras de gesti\u00f3n y continuar consolidando una administraci\u00f3n p\u00fablica eficiente, con equilibrio presupuestario y orientada al cumplimiento de las funciones esenciales del Estado.<\/p>\n","protected":false},"excerpt":{"rendered":"<p>El gobernador de la Provincia, El\u00edas Su\u00e1rez, tom\u00f3 juramento a la Dra. Mar\u00eda de los \u00c1ngeles Montenegro, quien asumi\u00f3 como<\/p>\n","protected":false},"author":2,"featured_media":3517,"comment_status":"open","ping_status":"open","sticky":false,"template":"","format":"standard","meta":{"colormag_page_container_layout":"default_layout","colormag_page_sidebar_layout":"default_layout","om_disable_all_campaigns":false,"_monsterinsights_skip_tracking":false,"footnotes":""},"categories":[2],"tags":[],"class_list":["post-3516","post","type-post","status-publish","format-standard","has-post-thumbnail","hentry","category-santiago"],"aioseo_notices":[],"aioseo_head":"\n\t\t<!-- All in One SEO 5.0.1.1 - aioseo.com -->\n\t<meta name=\"description\" content=\"El gobernador de la Provincia, El\u00edas Su\u00e1rez, tom\u00f3 juramento a la Dra. Mar\u00eda de los \u00c1ngeles Montenegro, quien asumi\u00f3 como nueva Secretaria de Estado de Gesti\u00f3n Econ\u00f3mica, durante un acto desarrollado en el Sal\u00f3n de Acuerdos de Casa de Gobierno. Anteriormente se desempe\u00f1aba como Directora de Asuntos Jur\u00eddicos en la Jefatura de Gabinete de Ministros.\" \/>\n\t<meta name=\"robots\" content=\"max-image-preview:large\" \/>\n\t<meta name=\"author\" content=\"rober\"\/>\n\t<meta name=\"google-site-verification\" content=\"dJHDh1fUzR1o-UwpFfn1JyiF-0R1LCNFZReSb-gbgcE\" \/>\n\t<link rel=\"canonical\" href=\"https:\/\/lavozdelagente.com.ar\/index\/2026\/08\/25\/el-gobernador-elias-suarez-tomo-juramento-a-la-nueva-secretaria-de-estado-de-gestion-economica\/\" \/>\n\t<meta name=\"generator\" content=\"All in One SEO (AIOSEO) 5.0.1.1\" \/>\n\t\t<meta property=\"og:locale\" content=\"es_ES\" \/>\n\t\t<meta property=\"og:site_name\" content=\"LA VOZ DE LA GENTE - SDE\" \/>\n\t\t<meta property=\"og:type\" content=\"article\" \/>\n\t\t<meta property=\"og:title\" content=\"El gobernador El\u00edas Su\u00e1rez tom\u00f3 juramento a la nueva secretaria de Estado de Gesti\u00f3n Econ\u00f3mica - LA VOZ DE LA GENTE\" \/>\n\t\t<meta property=\"og:description\" content=\"El gobernador de la Provincia, El\u00edas Su\u00e1rez, tom\u00f3 juramento a la Dra. Mar\u00eda de los \u00c1ngeles Montenegro, quien asumi\u00f3 como nueva Secretaria de Estado de Gesti\u00f3n Econ\u00f3mica, durante un acto desarrollado en el Sal\u00f3n de Acuerdos de Casa de Gobierno. Anteriormente se desempe\u00f1aba como Directora de Asuntos Jur\u00eddicos en la Jefatura de Gabinete de Ministros.\" \/>\n\t\t<meta property=\"og:url\" content=\"https:\/\/lavozdelagente.com.ar\/index\/2026\/08\/25\/el-gobernador-elias-suarez-tomo-juramento-a-la-nueva-secretaria-de-estado-de-gestion-economica\/\" \/>\n\t\t<meta property=\"article:published_time\" content=\"2026-08-25T14:09:49+00:00\" \/>\n\t\t<meta property=\"article:modified_time\" content=\"2026-08-25T14:09:49+00:00\" \/>\n\t\t<meta name=\"twitter:card\" content=\"summary_large_image\" \/>\n\t\t<meta name=\"twitter:title\" content=\"El gobernador El\u00edas Su\u00e1rez tom\u00f3 juramento a la nueva secretaria de Estado de Gesti\u00f3n Econ\u00f3mica - LA VOZ DE LA GENTE\" \/>\n\t\t<meta name=\"twitter:description\" content=\"El gobernador de la Provincia, El\u00edas Su\u00e1rez, tom\u00f3 juramento a la Dra. Mar\u00eda de los \u00c1ngeles Montenegro, quien asumi\u00f3 como nueva Secretaria de Estado de Gesti\u00f3n Econ\u00f3mica, durante un acto desarrollado en el Sal\u00f3n de Acuerdos de Casa de Gobierno. Anteriormente se desempe\u00f1aba como Directora de Asuntos Jur\u00eddicos en la Jefatura de Gabinete de Ministros.\" \/>\n\t\t<script type=\"application\/ld+json\" class=\"aioseo-schema\">\n\t\t\t{\"@context\":\"https:\\\/\\\/schema.org\",\"@graph\":[{\"@type\":\"BlogPosting\",\"@id\":\"https:\\\/\\\/lavozdelagente.com.ar\\\/index\\\/2026\\\/08\\\/25\\\/el-gobernador-elias-suarez-tomo-juramento-a-la-nueva-secretaria-de-estado-de-gestion-economica\\\/#blogposting\",\"name\":\"El gobernador El\\u00edas Su\\u00e1rez tom\\u00f3 juramento a la nueva secretaria de Estado de Gesti\\u00f3n Econ\\u00f3mica - LA VOZ DE LA GENTE\",\"headline\":\"El gobernador El\\u00edas Su\\u00e1rez tom\\u00f3 juramento a la nueva secretaria de Estado de Gesti\\u00f3n Econ\\u00f3mica\",\"author\":{\"@id\":\"https:\\\/\\\/lavozdelagente.com.ar\\\/index\\\/author\\\/rober\\\/#author\"},\"publisher\":{\"@id\":\"https:\\\/\\\/lavozdelagente.com.ar\\\/index\\\/#person\"},\"image\":{\"@type\":\"ImageObject\",\"url\":\"https:\\\/\\\/lavozdelagente.com.ar\\\/wp-content\\\/uploads\\\/2026\\\/08\\\/juramontenegro.jpeg\",\"width\":1600,\"height\":1066},\"datePublished\":\"2026-08-25T14:09:49+00:00\",\"dateModified\":\"2026-08-25T14:09:49+00:00\",\"inLanguage\":\"es-ES\",\"mainEntityOfPage\":{\"@id\":\"https:\\\/\\\/lavozdelagente.com.ar\\\/index\\\/2026\\\/08\\\/25\\\/el-gobernador-elias-suarez-tomo-juramento-a-la-nueva-secretaria-de-estado-de-gestion-economica\\\/#webpage\"},\"isPartOf\":{\"@id\":\"https:\\\/\\\/lavozdelagente.com.ar\\\/index\\\/2026\\\/08\\\/25\\\/el-gobernador-elias-suarez-tomo-juramento-a-la-nueva-secretaria-de-estado-de-gestion-economica\\\/#webpage\"},\"articleSection\":\"Santiago\"},{\"@type\":\"BreadcrumbList\",\"@id\":\"https:\\\/\\\/lavozdelagente.com.ar\\\/index\\\/2026\\\/08\\\/25\\\/el-gobernador-elias-suarez-tomo-juramento-a-la-nueva-secretaria-de-estado-de-gestion-economica\\\/#breadcrumblist\",\"itemListElement\":[{\"@type\":\"ListItem\",\"@id\":\"https:\\\/\\\/lavozdelagente.com.ar\\\/index#listItem\",\"position\":1,\"name\":\"Home\",\"item\":\"https:\\\/\\\/lavozdelagente.com.ar\\\/index\",\"nextItem\":{\"@type\":\"ListItem\",\"@id\":\"https:\\\/\\\/lavozdelagente.com.ar\\\/index\\\/category\\\/santiago\\\/#listItem\",\"name\":\"Santiago\"}},{\"@type\":\"ListItem\",\"@id\":\"https:\\\/\\\/lavozdelagente.com.ar\\\/index\\\/category\\\/santiago\\\/#listItem\",\"position\":2,\"name\":\"Santiago\",\"item\":\"https:\\\/\\\/lavozdelagente.com.ar\\\/index\\\/category\\\/santiago\\\/\",\"nextItem\":{\"@type\":\"ListItem\",\"@id\":\"https:\\\/\\\/lavozdelagente.com.ar\\\/index\\\/2026\\\/08\\\/25\\\/el-gobernador-elias-suarez-tomo-juramento-a-la-nueva-secretaria-de-estado-de-gestion-economica\\\/#listItem\",\"name\":\"El gobernador El\\u00edas Su\\u00e1rez tom\\u00f3 juramento a la nueva secretaria de Estado de Gesti\\u00f3n Econ\\u00f3mica\"},\"previousItem\":{\"@type\":\"ListItem\",\"@id\":\"https:\\\/\\\/lavozdelagente.com.ar\\\/index#listItem\",\"name\":\"Home\"}},{\"@type\":\"ListItem\",\"@id\":\"https:\\\/\\\/lavozdelagente.com.ar\\\/index\\\/2026\\\/08\\\/25\\\/el-gobernador-elias-suarez-tomo-juramento-a-la-nueva-secretaria-de-estado-de-gestion-economica\\\/#listItem\",\"position\":3,\"name\":\"El gobernador El\\u00edas Su\\u00e1rez tom\\u00f3 juramento a la nueva secretaria de Estado de Gesti\\u00f3n Econ\\u00f3mica\",\"previousItem\":{\"@type\":\"ListItem\",\"@id\":\"https:\\\/\\\/lavozdelagente.com.ar\\\/index\\\/category\\\/santiago\\\/#listItem\",\"name\":\"Santiago\"}}]},{\"@type\":\"Person\",\"@id\":\"https:\\\/\\\/lavozdelagente.com.ar\\\/index\\\/author\\\/rober\\\/#author\",\"url\":\"https:\\\/\\\/lavozdelagente.com.ar\\\/index\\\/author\\\/rober\\\/\",\"name\":\"rober\",\"image\":{\"@type\":\"ImageObject\",\"@id\":\"https:\\\/\\\/lavozdelagente.com.ar\\\/index\\\/2026\\\/08\\\/25\\\/el-gobernador-elias-suarez-tomo-juramento-a-la-nueva-secretaria-de-estado-de-gestion-economica\\\/#authorImage\",\"url\":\"https:\\\/\\\/secure.gravatar.com\\\/avatar\\\/901a62cd098b11a08c5fe38d2de0f8ad6b745f5d4f6413ad71e1630ac07766e0?s=96&d=mm&r=g\",\"width\":96,\"height\":96,\"caption\":\"rober\"}},{\"@type\":\"WebPage\",\"@id\":\"https:\\\/\\\/lavozdelagente.com.ar\\\/index\\\/2026\\\/08\\\/25\\\/el-gobernador-elias-suarez-tomo-juramento-a-la-nueva-secretaria-de-estado-de-gestion-economica\\\/#webpage\",\"url\":\"https:\\\/\\\/lavozdelagente.com.ar\\\/index\\\/2026\\\/08\\\/25\\\/el-gobernador-elias-suarez-tomo-juramento-a-la-nueva-secretaria-de-estado-de-gestion-economica\\\/\",\"name\":\"El gobernador El\\u00edas Su\\u00e1rez tom\\u00f3 juramento a la nueva secretaria de Estado de Gesti\\u00f3n Econ\\u00f3mica - LA VOZ DE LA GENTE\",\"description\":\"El gobernador de la Provincia, El\\u00edas Su\\u00e1rez, tom\\u00f3 juramento a la Dra. Mar\\u00eda de los \\u00c1ngeles Montenegro, quien asumi\\u00f3 como nueva Secretaria de Estado de Gesti\\u00f3n Econ\\u00f3mica, durante un acto desarrollado en el Sal\\u00f3n de Acuerdos de Casa de Gobierno. Anteriormente se desempe\\u00f1aba como Directora de Asuntos Jur\\u00eddicos en la Jefatura de Gabinete de Ministros.\",\"inLanguage\":\"es-ES\",\"isPartOf\":{\"@id\":\"https:\\\/\\\/lavozdelagente.com.ar\\\/index\\\/#website\"},\"breadcrumb\":{\"@id\":\"https:\\\/\\\/lavozdelagente.com.ar\\\/index\\\/2026\\\/08\\\/25\\\/el-gobernador-elias-suarez-tomo-juramento-a-la-nueva-secretaria-de-estado-de-gestion-economica\\\/#breadcrumblist\"},\"author\":{\"@id\":\"https:\\\/\\\/lavozdelagente.com.ar\\\/index\\\/author\\\/rober\\\/#author\"},\"creator\":{\"@id\":\"https:\\\/\\\/lavozdelagente.com.ar\\\/index\\\/author\\\/rober\\\/#author\"},\"image\":{\"@type\":\"ImageObject\",\"url\":\"https:\\\/\\\/lavozdelagente.com.ar\\\/wp-content\\\/uploads\\\/2026\\\/08\\\/juramontenegro.jpeg\",\"@id\":\"https:\\\/\\\/lavozdelagente.com.ar\\\/index\\\/2026\\\/08\\\/25\\\/el-gobernador-elias-suarez-tomo-juramento-a-la-nueva-secretaria-de-estado-de-gestion-economica\\\/#mainImage\",\"width\":1600,\"height\":1066},\"primaryImageOfPage\":{\"@id\":\"https:\\\/\\\/lavozdelagente.com.ar\\\/index\\\/2026\\\/08\\\/25\\\/el-gobernador-elias-suarez-tomo-juramento-a-la-nueva-secretaria-de-estado-de-gestion-economica\\\/#mainImage\"},\"datePublished\":\"2026-08-25T14:09:49+00:00\",\"dateModified\":\"2026-08-25T14:09:49+00:00\"},{\"@type\":\"WebSite\",\"@id\":\"https:\\\/\\\/lavozdelagente.com.ar\\\/index\\\/#website\",\"url\":\"https:\\\/\\\/lavozdelagente.com.ar\\\/index\\\/\",\"name\":\"LA VOZ DE LA GENTE\",\"description\":\"SDE\",\"inLanguage\":\"es-ES\",\"publisher\":{\"@id\":\"https:\\\/\\\/lavozdelagente.com.ar\\\/index\\\/#person\"}}]}\n\t\t<\/script>\n\t\t<!-- All in One SEO -->\n\n","aioseo_head_json":{"title":"El gobernador El\u00edas Su\u00e1rez tom\u00f3 juramento a la nueva secretaria de Estado de Gesti\u00f3n Econ\u00f3mica - LA VOZ DE LA GENTE","description":"El gobernador de la Provincia, El\u00edas Su\u00e1rez, tom\u00f3 juramento a la Dra. Mar\u00eda de los \u00c1ngeles Montenegro, quien asumi\u00f3 como nueva Secretaria de Estado de Gesti\u00f3n Econ\u00f3mica, durante un acto desarrollado en el Sal\u00f3n de Acuerdos de Casa de Gobierno. Anteriormente se desempe\u00f1aba como Directora de Asuntos Jur\u00eddicos en la Jefatura de Gabinete de Ministros.","canonical_url":"https:\/\/lavozdelagente.com.ar\/index\/2026\/08\/25\/el-gobernador-elias-suarez-tomo-juramento-a-la-nueva-secretaria-de-estado-de-gestion-economica\/","robots":"max-image-preview:large","keywords":"","webmasterTools":{"google-site-verification":"dJHDh1fUzR1o-UwpFfn1JyiF-0R1LCNFZReSb-gbgcE","miscellaneous":""},"schema":{"@context":"https:\/\/schema.org","@graph":[{"@type":"BlogPosting","@id":"https:\/\/lavozdelagente.com.ar\/index\/2026\/08\/25\/el-gobernador-elias-suarez-tomo-juramento-a-la-nueva-secretaria-de-estado-de-gestion-economica\/#blogposting","name":"El gobernador El\u00edas Su\u00e1rez tom\u00f3 juramento a la nueva secretaria de Estado de Gesti\u00f3n Econ\u00f3mica - LA VOZ DE LA GENTE","headline":"El gobernador El\u00edas Su\u00e1rez tom\u00f3 juramento a la nueva secretaria de Estado de Gesti\u00f3n Econ\u00f3mica","author":{"@id":"https:\/\/lavozdelagente.com.ar\/index\/author\/rober\/#author"},"publisher":{"@id":"https:\/\/lavozdelagente.com.ar\/index\/#person"},"image":{"@type":"ImageObject","url":"https:\/\/lavozdelagente.com.ar\/wp-content\/uploads\/2026\/08\/juramontenegro.jpeg","width":1600,"height":1066},"datePublished":"2026-08-25T14:09:49+00:00","dateModified":"2026-08-25T14:09:49+00:00","inLanguage":"es-ES","mainEntityOfPage":{"@id":"https:\/\/lavozdelagente.com.ar\/index\/2026\/08\/25\/el-gobernador-elias-suarez-tomo-juramento-a-la-nueva-secretaria-de-estado-de-gestion-economica\/#webpage"},"isPartOf":{"@id":"https:\/\/lavozdelagente.com.ar\/index\/2026\/08\/25\/el-gobernador-elias-suarez-tomo-juramento-a-la-nueva-secretaria-de-estado-de-gestion-economica\/#webpage"},"articleSection":"Santiago"},{"@type":"BreadcrumbList","@id":"https:\/\/lavozdelagente.com.ar\/index\/2026\/08\/25\/el-gobernador-elias-suarez-tomo-juramento-a-la-nueva-secretaria-de-estado-de-gestion-economica\/#breadcrumblist","itemListElement":[{"@type":"ListItem","@id":"https:\/\/lavozdelagente.com.ar\/index#listItem","position":1,"name":"Home","item":"https:\/\/lavozdelagente.com.ar\/index","nextItem":{"@type":"ListItem","@id":"https:\/\/lavozdelagente.com.ar\/index\/category\/santiago\/#listItem","name":"Santiago"}},{"@type":"ListItem","@id":"https:\/\/lavozdelagente.com.ar\/index\/category\/santiago\/#listItem","position":2,"name":"Santiago","item":"https:\/\/lavozdelagente.com.ar\/index\/category\/santiago\/","nextItem":{"@type":"ListItem","@id":"https:\/\/lavozdelagente.com.ar\/index\/2026\/08\/25\/el-gobernador-elias-suarez-tomo-juramento-a-la-nueva-secretaria-de-estado-de-gestion-economica\/#listItem","name":"El gobernador El\u00edas Su\u00e1rez tom\u00f3 juramento a la nueva secretaria de Estado de Gesti\u00f3n Econ\u00f3mica"},"previousItem":{"@type":"ListItem","@id":"https:\/\/lavozdelagente.com.ar\/index#listItem","name":"Home"}},{"@type":"ListItem","@id":"https:\/\/lavozdelagente.com.ar\/index\/2026\/08\/25\/el-gobernador-elias-suarez-tomo-juramento-a-la-nueva-secretaria-de-estado-de-gestion-economica\/#listItem","position":3,"name":"El gobernador El\u00edas Su\u00e1rez tom\u00f3 juramento a la nueva secretaria de Estado de Gesti\u00f3n Econ\u00f3mica","previousItem":{"@type":"ListItem","@id":"https:\/\/lavozdelagente.com.ar\/index\/category\/santiago\/#listItem","name":"Santiago"}}]},{"@type":"Person","@id":"https:\/\/lavozdelagente.com.ar\/index\/author\/rober\/#author","url":"https:\/\/lavozdelagente.com.ar\/index\/author\/rober\/","name":"rober","image":{"@type":"ImageObject","@id":"https:\/\/lavozdelagente.com.ar\/index\/2026\/08\/25\/el-gobernador-elias-suarez-tomo-juramento-a-la-nueva-secretaria-de-estado-de-gestion-economica\/#authorImage","url":"https:\/\/secure.gravatar.com\/avatar\/901a62cd098b11a08c5fe38d2de0f8ad6b745f5d4f6413ad71e1630ac07766e0?s=96&d=mm&r=g","width":96,"height":96,"caption":"rober"}},{"@type":"WebPage","@id":"https:\/\/lavozdelagente.com.ar\/index\/2026\/08\/25\/el-gobernador-elias-suarez-tomo-juramento-a-la-nueva-secretaria-de-estado-de-gestion-economica\/#webpage","url":"https:\/\/lavozdelagente.com.ar\/index\/2026\/08\/25\/el-gobernador-elias-suarez-tomo-juramento-a-la-nueva-secretaria-de-estado-de-gestion-economica\/","name":"El gobernador El\u00edas Su\u00e1rez tom\u00f3 juramento a la nueva secretaria de Estado de Gesti\u00f3n Econ\u00f3mica - LA VOZ DE LA GENTE","description":"El gobernador de la Provincia, El\u00edas Su\u00e1rez, tom\u00f3 juramento a la Dra. Mar\u00eda de los \u00c1ngeles Montenegro, quien asumi\u00f3 como nueva Secretaria de Estado de Gesti\u00f3n Econ\u00f3mica, durante un acto desarrollado en el Sal\u00f3n de Acuerdos de Casa de Gobierno. Anteriormente se desempe\u00f1aba como Directora de Asuntos Jur\u00eddicos en la Jefatura de Gabinete de Ministros.","inLanguage":"es-ES","isPartOf":{"@id":"https:\/\/lavozdelagente.com.ar\/index\/#website"},"breadcrumb":{"@id":"https:\/\/lavozdelagente.com.ar\/index\/2026\/08\/25\/el-gobernador-elias-suarez-tomo-juramento-a-la-nueva-secretaria-de-estado-de-gestion-economica\/#breadcrumblist"},"author":{"@id":"https:\/\/lavozdelagente.com.ar\/index\/author\/rober\/#author"},"creator":{"@id":"https:\/\/lavozdelagente.com.ar\/index\/author\/rober\/#author"},"image":{"@type":"ImageObject","url":"https:\/\/lavozdelagente.com.ar\/wp-content\/uploads\/2026\/08\/juramontenegro.jpeg","@id":"https:\/\/lavozdelagente.com.ar\/index\/2026\/08\/25\/el-gobernador-elias-suarez-tomo-juramento-a-la-nueva-secretaria-de-estado-de-gestion-economica\/#mainImage","width":1600,"height":1066},"primaryImageOfPage":{"@id":"https:\/\/lavozdelagente.com.ar\/index\/2026\/08\/25\/el-gobernador-elias-suarez-tomo-juramento-a-la-nueva-secretaria-de-estado-de-gestion-economica\/#mainImage"},"datePublished":"2026-08-25T14:09:49+00:00","dateModified":"2026-08-25T14:09:49+00:00"},{"@type":"WebSite","@id":"https:\/\/lavozdelagente.com.ar\/index\/#website","url":"https:\/\/lavozdelagente.com.ar\/index\/","name":"LA VOZ DE LA GENTE","description":"SDE","inLanguage":"es-ES","publisher":{"@id":"https:\/\/lavozdelagente.com.ar\/index\/#person"}}]},"og:locale":"es_ES","og:site_name":"LA VOZ DE LA GENTE - SDE","og:type":"article","og:title":"El gobernador El\u00edas Su\u00e1rez tom\u00f3 juramento a la nueva secretaria de Estado de Gesti\u00f3n Econ\u00f3mica - LA VOZ DE LA GENTE","og:description":"El gobernador de la Provincia, El\u00edas Su\u00e1rez, tom\u00f3 juramento a la Dra. Mar\u00eda de los \u00c1ngeles Montenegro, quien asumi\u00f3 como nueva Secretaria de Estado de Gesti\u00f3n Econ\u00f3mica, durante un acto desarrollado en el Sal\u00f3n de Acuerdos de Casa de Gobierno. Anteriormente se desempe\u00f1aba como Directora de Asuntos Jur\u00eddicos en la Jefatura de Gabinete de Ministros.","og:url":"https:\/\/lavozdelagente.com.ar\/index\/2026\/08\/25\/el-gobernador-elias-suarez-tomo-juramento-a-la-nueva-secretaria-de-estado-de-gestion-economica\/","article:published_time":"2026-08-25T14:09:49+00:00","article:modified_time":"2026-08-25T14:09:49+00:00","twitter:card":"summary_large_image","twitter:title":"El gobernador El\u00edas Su\u00e1rez tom\u00f3 juramento a la nueva secretaria de Estado de Gesti\u00f3n Econ\u00f3mica - LA VOZ DE LA GENTE","twitter:description":"El gobernador de la Provincia, El\u00edas Su\u00e1rez, tom\u00f3 juramento a la Dra. Mar\u00eda de los \u00c1ngeles Montenegro, quien asumi\u00f3 como nueva Secretaria de Estado de Gesti\u00f3n Econ\u00f3mica, durante un acto desarrollado en el Sal\u00f3n de Acuerdos de Casa de Gobierno. Anteriormente se desempe\u00f1aba como Directora de Asuntos Jur\u00eddicos en la Jefatura de Gabinete de Ministros."},"aioseo_meta_data":{"post_id":"3516","title":null,"description":null,"keywords":null,"keyphrases":{"focus":{"keyphrase":"","score":0,"analysis":{"keyphraseInTitle":{"score":0,"maxScore":9,"error":1}}},"additional":[]},"primary_term":null,"canonical_url":null,"og_title":null,"og_description":null,"og_object_type":"default","og_image_type":"default","og_image_url":null,"og_image_width":null,"og_image_height":null,"og_image_custom_url":null,"og_image_custom_fields":null,"og_video":"","og_custom_url":null,"og_article_section":null,"og_article_tags":null,"twitter_use_og":false,"twitter_card":"default","twitter_image_type":"default","twitter_image_url":null,"twitter_image_custom_url":null,"twitter_image_custom_fields":null,"twitter_title":null,"twitter_description":null,"schema":{"blockGraphs":[],"customGraphs":[],"default":{"data":{"Article":[],"Course":[],"Dataset":[],"FAQPage":[],"Movie":[],"Person":[],"Product":[],"ProductReview":[],"Car":[],"Recipe":[],"Service":[],"SoftwareApplication":[],"WebPage":[]},"graphName":"BlogPosting","isEnabled":true},"graphs":[]},"schema_type":"default","schema_type_options":null,"pillar_content":false,"robots_default":true,"robots_noindex":false,"robots_noarchive":false,"robots_nosnippet":false,"robots_nofollow":false,"robots_noimageindex":false,"robots_noodp":false,"robots_notranslate":false,"robots_max_snippet":"-1","robots_max_videopreview":"-1","robots_max_imagepreview":"large","priority":null,"frequency":"default","local_seo":null,"breadcrumb_settings":null,"limit_modified_date":false,"ai":{"faqs":[],"keyPoints":[],"schemas":[],"titles":[],"descriptions":[],"socialPosts":{"email":{"subject":"","preview":"","content":""},"linkedin":[],"twitter":[],"facebook":[],"instagram":[]}},"created":"2026-08-25 14:09:49","updated":"2026-08-25 21:14:27","seo_analyzer_scan_date":null,"focus_keyword":null,"additional_keywords":null,"truseo_locale":null},"aioseo_breadcrumb":"<div class=\"aioseo-breadcrumbs\"><span class=\"aioseo-breadcrumb\">\n\t\t\t<a href=\"https:\/\/lavozdelagente.com.ar\/index\" title=\"Home\">Home<\/a>\n\t\t<\/span><span class=\"aioseo-breadcrumb-separator\">&raquo;<\/span><span class=\"aioseo-breadcrumb\">\n\t\t\t<a href=\"https:\/\/lavozdelagente.com.ar\/index\/category\/santiago\/\" title=\"Santiago\">Santiago<\/a>\n\t\t<\/span><span class=\"aioseo-breadcrumb-separator\">&raquo;<\/span><span class=\"aioseo-breadcrumb\">\n\t\t\tEl gobernador El\u00edas Su\u00e1rez tom\u00f3 juramento a la nueva secretaria de Estado de Gesti\u00f3n Econ\u00f3mica\n\t\t<\/span><\/div>","aioseo_breadcrumb_json":[{"label":"Home","link":"https:\/\/lavozdelagente.com.ar\/index"},{"label":"Santiago","link":"https:\/\/lavozdelagente.com.ar\/index\/category\/santiago\/"},{"label":"El gobernador El\u00edas Su\u00e1rez tom\u00f3 juramento a la nueva secretaria de Estado de Gesti\u00f3n Econ\u00f3mica","link":"https:\/\/lavozdelagente.com.ar\/index\/2026\/08\/25\/el-gobernador-elias-suarez-tomo-juramento-a-la-nueva-secretaria-de-estado-de-gestion-economica\/"}],"rttpg_featured_image_url":{"full":["https:\/\/lavozdelagente.com.ar\/wp-content\/uploads\/2026\/08\/juramontenegro.jpeg",1600,1066,false],"landscape":["https:\/\/lavozdelagente.com.ar\/wp-content\/uploads\/2026\/08\/juramontenegro.jpeg",1600,1066,false],"portraits":["https:\/\/lavozdelagente.com.ar\/wp-content\/uploads\/2026\/08\/juramontenegro.jpeg",1600,1066,false],"thumbnail":["https:\/\/lavozdelagente.com.ar\/wp-content\/uploads\/2026\/08\/juramontenegro-150x150.jpeg",150,150,true],"medium":["https:\/\/lavozdelagente.com.ar\/wp-content\/uploads\/2026\/08\/juramontenegro-300x200.jpeg",300,200,true],"large":["https:\/\/lavozdelagente.com.ar\/wp-content\/uploads\/2026\/08\/juramontenegro-1024x682.jpeg",800,533,true],"1536x1536":["https:\/\/lavozdelagente.com.ar\/wp-content\/uploads\/2026\/08\/juramontenegro-1536x1023.jpeg",1536,1023,true],"2048x2048":["https:\/\/lavozdelagente.com.ar\/wp-content\/uploads\/2026\/08\/juramontenegro.jpeg",1600,1066,false],"colormag-highlighted-post":["https:\/\/lavozdelagente.com.ar\/wp-content\/uploads\/2026\/08\/juramontenegro-392x272.jpeg",392,272,true],"colormag-featured-post-medium":["https:\/\/lavozdelagente.com.ar\/wp-content\/uploads\/2026\/08\/juramontenegro-390x205.jpeg",390,205,true],"colormag-featured-post-small":["https:\/\/lavozdelagente.com.ar\/wp-content\/uploads\/2026\/08\/juramontenegro-130x90.jpeg",130,90,true],"colormag-featured-image":["https:\/\/lavozdelagente.com.ar\/wp-content\/uploads\/2026\/08\/juramontenegro-800x445.jpeg",800,445,true],"colormag-default-news":["https:\/\/lavozdelagente.com.ar\/wp-content\/uploads\/2026\/08\/juramontenegro-150x150.jpeg",150,150,true],"colormag-featured-image-large":["https:\/\/lavozdelagente.com.ar\/wp-content\/uploads\/2026\/08\/juramontenegro-1400x600.jpeg",1400,600,true]},"rttpg_author":{"display_name":"rober","author_link":"https:\/\/lavozdelagente.com.ar\/index\/author\/rober\/"},"rttpg_comment":0,"rttpg_category":"<a href=\"https:\/\/lavozdelagente.com.ar\/index\/category\/santiago\/\" rel=\"category tag\">Santiago<\/a>","rttpg_excerpt":"El gobernador de la Provincia, El\u00edas Su\u00e1rez, tom\u00f3 juramento a la Dra. Mar\u00eda de los \u00c1ngeles Montenegro, quien asumi\u00f3 como","_links":{"self":[{"href":"https:\/\/lavozdelagente.com.ar\/index\/wp-json\/wp\/v2\/posts\/3516","targetHints":{"allow":["GET"]}}],"collection":[{"href":"https:\/\/lavozdelagente.com.ar\/index\/wp-json\/wp\/v2\/posts"}],"about":[{"href":"https:\/\/lavozdelagente.com.ar\/index\/wp-json\/wp\/v2\/types\/post"}],"author":[{"embeddable":true,"href":"https:\/\/lavozdelagente.com.ar\/index\/wp-json\/wp\/v2\/users\/2"}],"replies":[{"embeddable":true,"href":"https:\/\/lavozdelagente.com.ar\/index\/wp-json\/wp\/v2\/comments?post=3516"}],"version-history":[{"count":1,"href":"https:\/\/lavozdelagente.com.ar\/index\/wp-json\/wp\/v2\/posts\/3516\/revisions"}],"predecessor-version":[{"id":3518,"href":"https:\/\/lavozdelagente.com.ar\/index\/wp-json\/wp\/v2\/posts\/3516\/revisions\/3518"}],"wp:featuredmedia":[{"embeddable":true,"href":"https:\/\/lavozdelagente.com.ar\/index\/wp-json\/wp\/v2\/media\/3517"}],"wp:attachment":[{"href":"https:\/\/lavozdelagente.com.ar\/index\/wp-json\/wp\/v2\/media?parent=3516"}],"wp:term":[{"taxonomy":"category","embeddable":true,"href":"https:\/\/lavozdelagente.com.ar\/index\/wp-json\/wp\/v2\/categories?post=3516"},{"taxonomy":"post_tag","embeddable":true,"href":"https:\/\/lavozdelagente.com.ar\/index\/wp-json\/wp\/v2\/tags?post=3516"}],"curies":[{"name":"wp","href":"https:\/\/api.w.org\/{rel}","templated":true}]}}