{"id":3519,"date":"2026-08-25T14:12:47","date_gmt":"2026-08-25T14:12:47","guid":{"rendered":"https:\/\/lavozdelagente.com.ar\/index\/?p=3519"},"modified":"2026-08-25T14:12:47","modified_gmt":"2026-08-25T14:12:47","slug":"preocupacion-en-el-gobierno-por-el-repunte-economico-en-la-micro-por-que-milei-sostiene-lo-contrario","status":"publish","type":"post","link":"https:\/\/lavozdelagente.com.ar\/index\/2026\/08\/25\/preocupacion-en-el-gobierno-por-el-repunte-economico-en-la-micro-por-que-milei-sostiene-lo-contrario\/","title":{"rendered":"Preocupaci\u00f3n en el Gobierno por el repunte econ\u00f3mico en la micro: \u00bfpor qu\u00e9 Milei sostiene lo contrario?"},"content":{"rendered":"<p>No resulta para nada casual que el debate en torno a la situaci\u00f3n econ\u00f3mica haya copado gran parte del temario de la reuni\u00f3n de Gabinete del lunes. En las tribus libertarias, a excepci\u00f3n del presidente Javier Milei, coinciden respecto de la necesidad de que el repunte de la actividad tenga impacto directo en la micro con la mira en 2027.<\/p>\n<p>Signo del diagn\u00f3stico se tradujo en el discurso con algunas autocr\u00edticas que pronunci\u00f3 el mandatario el pasado lunes, con motivo del acto por el paso a la inmortalidad del general San Mart\u00edn. El mismo fue escrito en colaboraci\u00f3n con el asesor presidencial, Santiago Caputo, para la ocasi\u00f3n.<\/p>\n<p>\u00abSabemos que la gente pide por mejoras econ\u00f3micas. Adem\u00e1s, dicen que el Presidente no tiene contacto con la realidad y qued\u00f3 demostrado que no es as\u00ed\u00bb, expres\u00f3 un ladero del consultor para explicar los lineamientos de la breve alocuci\u00f3n en la que Milei asegur\u00f3 que la libertad deber\u00eda mostrar \u00absus frutos\u00bb como \u00abel bienestar y la prosperidad econ\u00f3mica\u00bb.<\/p>\n<p>Llamativamente otra de las que se expidi\u00f3 en coincidencia con la l\u00ednea fue la senadora Patricia Bullrich, quien utiliz\u00f3 sus \u00faltimas apariciones en redes sociales para pedir \u201cm\u00e1s velocidad en los resultados\u201d econ\u00f3micos.<\/p>\n<p>Asimismo, desde el karinismo opinan similar, aunque reina el optimismo respecto al operativo electoral desplegado para 2027. \u00abTodos queremos que la micro activa m\u00e1s r\u00e1pido. Est\u00e1bamos mal, ahora nadie percibe la recuperaci\u00f3n porque es menor, pero para fin de a\u00f1o se va a vivir otro clima\u00bb, prometi\u00f3 un hombre que responde a la secretaria general de la Presidencia, Karina Milei.<\/p>\n<p>Casi a contramano de sus propias palabras y con distancia de lo que expresan sus funcionarios, Javier Milei neg\u00f3 que la gente no llegue a fin de mes y ratific\u00f3 el programa econ\u00f3mico al cierre de la semana pasada. Algo similar hizo durante la reuni\u00f3n de Gabinete, en la que pese a las mediciones, rechaz\u00f3 que haya una crisis en torno a los altos niveles de mora.<\/p>\n<p>Asimismo, rechaz\u00f3 la posibilidad de habilitar medidas econ\u00f3micas con perspectivas electorales al asegurar que \u00abal populismo no se le gana con m\u00e1s populismo\u00bb y reafirm\u00f3 el rumbo. Milei les dijo a sus ministros y colaboradores que \u00abpara ganar no se hacen trampas y que no va a traicionar sus ideas en pos de resultados electorales\u00bb.<\/p>\n<p>El presidente Javier Milei. Foto: Agencia NA (archivo).<br \/>\nEl presidente Javier Milei. Foto: Agencia NA (archivo).<br \/>\nFOTO Agencia NA: DANIEL VIDES<br \/>\nD\u00edas antes, ante empresarios hab\u00eda calificado de \u00abestupideces\u00bb los planteos que sostiene que la gente no llega a fin de mes, rechaz\u00f3 que haya destrucci\u00f3n de empleo. \u00ab\u00bfFalta? S\u00ed, claro que falta un mont\u00f3n. La foto sigue siendo horrible, pero la pel\u00edcula sigue siendo la mejor pel\u00edcula de la historia argentina\u00bb, expres\u00f3 en el Council de las Am\u00e9ricas.<\/p>\n<p>Sus dichos no fueron bien recibidos entre los asistentes. E incluso, internamente, hay quienes aseguran que el tono del discurso, que \u00e9l mismo redact\u00f3, en soledad, no fue el adecuado.<\/p>\n<p>En la misma l\u00ednea se expresa en redes, donde se apoya en los videos que arma el cineasta, Santiago Oria, quien gan\u00f3 terreno en un \u00e1rea de disputa que antes ten\u00eda fuerte predominio de Las Fuerzas del Cielo que comanda Santiago Caputo. \u00abCae a pedazos la estupidez may\u00fascula de \u00abla gente no llega a fin de mes\u00bb, sentenci\u00f3 el libertario desde sus redes.<\/p>\n<p>Javier Milei, presidente de la Naci\u00f3n.<br \/>\nJavier Milei, presidente de la Naci\u00f3n.<br \/>\nFoto: Agencia NA\/ Daniel Vides<br \/>\nA m\u00e1s de un a\u00f1o para las elecciones, en el oficialismo se esperanzan con una mejor\u00eda en los bolsillos de la sociedad y aseguran que la recuperaci\u00f3n ser\u00e1 del 4% para fin de a\u00f1o, con la que buscan poder llegar con aire a los comicios presidenciales.<\/p>\n<p>En el mientras tanto, varios de ellos aspiran a sobrellevar el tema que irrumpi\u00f3 en las \u00faltimas mediciones como una de las principales preocupaciones.<\/p>\n<p>Agencia NA<\/p>\n","protected":false},"excerpt":{"rendered":"<p>No resulta para nada casual que el debate en torno a la situaci\u00f3n econ\u00f3mica haya copado gran parte del temario<\/p>\n","protected":false},"author":2,"featured_media":3520,"comment_status":"open","ping_status":"open","sticky":false,"template":"","format":"standard","meta":{"colormag_page_container_layout":"default_layout","colormag_page_sidebar_layout":"default_layout","om_disable_all_campaigns":false,"_monsterinsights_skip_tracking":false,"footnotes":""},"categories":[4],"tags":[],"class_list":["post-3519","post","type-post","status-publish","format-standard","has-post-thumbnail","hentry","category-politica"],"aioseo_notices":[],"aioseo_head":"\n\t\t<!-- All in One SEO 5.0.1.1 - aioseo.com -->\n\t<meta name=\"description\" content=\"No resulta para nada casual que el debate en torno a la situaci\u00f3n econ\u00f3mica haya copado gran parte del temario de la reuni\u00f3n de Gabinete del lunes. En las tribus libertarias, a excepci\u00f3n del presidente Javier Milei, coinciden respecto de la necesidad de que el repunte de la actividad tenga impacto directo en la micro\" \/>\n\t<meta name=\"robots\" content=\"max-image-preview:large\" \/>\n\t<meta name=\"author\" content=\"rober\"\/>\n\t<meta name=\"google-site-verification\" content=\"dJHDh1fUzR1o-UwpFfn1JyiF-0R1LCNFZReSb-gbgcE\" \/>\n\t<link rel=\"canonical\" href=\"https:\/\/lavozdelagente.com.ar\/index\/2026\/08\/25\/preocupacion-en-el-gobierno-por-el-repunte-economico-en-la-micro-por-que-milei-sostiene-lo-contrario\/\" \/>\n\t<meta name=\"generator\" content=\"All in One SEO (AIOSEO) 5.0.1.1\" \/>\n\t\t<meta property=\"og:locale\" content=\"es_ES\" \/>\n\t\t<meta property=\"og:site_name\" content=\"LA VOZ DE LA GENTE - SDE\" \/>\n\t\t<meta property=\"og:type\" content=\"article\" \/>\n\t\t<meta property=\"og:title\" content=\"Preocupaci\u00f3n en el Gobierno por el repunte econ\u00f3mico en la micro: \u00bfpor qu\u00e9 Milei sostiene lo contrario? - LA VOZ DE LA GENTE\" \/>\n\t\t<meta property=\"og:description\" content=\"No resulta para nada casual que el debate en torno a la situaci\u00f3n econ\u00f3mica haya copado gran parte del temario de la reuni\u00f3n de Gabinete del lunes. En las tribus libertarias, a excepci\u00f3n del presidente Javier Milei, coinciden respecto de la necesidad de que el repunte de la actividad tenga impacto directo en la micro\" \/>\n\t\t<meta property=\"og:url\" content=\"https:\/\/lavozdelagente.com.ar\/index\/2026\/08\/25\/preocupacion-en-el-gobierno-por-el-repunte-economico-en-la-micro-por-que-milei-sostiene-lo-contrario\/\" \/>\n\t\t<meta property=\"article:published_time\" content=\"2026-08-25T14:12:47+00:00\" \/>\n\t\t<meta property=\"article:modified_time\" content=\"2026-08-25T14:12:47+00:00\" \/>\n\t\t<meta name=\"twitter:card\" content=\"summary_large_image\" \/>\n\t\t<meta name=\"twitter:title\" content=\"Preocupaci\u00f3n en el Gobierno por el repunte econ\u00f3mico en la micro: \u00bfpor qu\u00e9 Milei sostiene lo contrario? - LA VOZ DE LA GENTE\" \/>\n\t\t<meta name=\"twitter:description\" content=\"No resulta para nada casual que el debate en torno a la situaci\u00f3n econ\u00f3mica haya copado gran parte del temario de la reuni\u00f3n de Gabinete del lunes. En las tribus libertarias, a excepci\u00f3n del presidente Javier Milei, coinciden respecto de la necesidad de que el repunte de la actividad tenga impacto directo en la micro\" \/>\n\t\t<script type=\"application\/ld+json\" class=\"aioseo-schema\">\n\t\t\t{\"@context\":\"https:\\\/\\\/schema.org\",\"@graph\":[{\"@type\":\"BlogPosting\",\"@id\":\"https:\\\/\\\/lavozdelagente.com.ar\\\/index\\\/2026\\\/08\\\/25\\\/preocupacion-en-el-gobierno-por-el-repunte-economico-en-la-micro-por-que-milei-sostiene-lo-contrario\\\/#blogposting\",\"name\":\"Preocupaci\\u00f3n en el Gobierno por el repunte econ\\u00f3mico en la micro: \\u00bfpor qu\\u00e9 Milei sostiene lo contrario? - LA VOZ DE LA GENTE\",\"headline\":\"Preocupaci\\u00f3n en el Gobierno por el repunte econ\\u00f3mico en la micro: \\u00bfpor qu\\u00e9 Milei sostiene lo contrario?\",\"author\":{\"@id\":\"https:\\\/\\\/lavozdelagente.com.ar\\\/index\\\/author\\\/rober\\\/#author\"},\"publisher\":{\"@id\":\"https:\\\/\\\/lavozdelagente.com.ar\\\/index\\\/#person\"},\"image\":{\"@type\":\"ImageObject\",\"url\":\"https:\\\/\\\/lavozdelagente.com.ar\\\/wp-content\\\/uploads\\\/2026\\\/08\\\/contrdictorio.avif\",\"width\":998,\"height\":720},\"datePublished\":\"2026-08-25T14:12:47+00:00\",\"dateModified\":\"2026-08-25T14:12:47+00:00\",\"inLanguage\":\"es-ES\",\"mainEntityOfPage\":{\"@id\":\"https:\\\/\\\/lavozdelagente.com.ar\\\/index\\\/2026\\\/08\\\/25\\\/preocupacion-en-el-gobierno-por-el-repunte-economico-en-la-micro-por-que-milei-sostiene-lo-contrario\\\/#webpage\"},\"isPartOf\":{\"@id\":\"https:\\\/\\\/lavozdelagente.com.ar\\\/index\\\/2026\\\/08\\\/25\\\/preocupacion-en-el-gobierno-por-el-repunte-economico-en-la-micro-por-que-milei-sostiene-lo-contrario\\\/#webpage\"},\"articleSection\":\"Pol\\u00edtica\"},{\"@type\":\"BreadcrumbList\",\"@id\":\"https:\\\/\\\/lavozdelagente.com.ar\\\/index\\\/2026\\\/08\\\/25\\\/preocupacion-en-el-gobierno-por-el-repunte-economico-en-la-micro-por-que-milei-sostiene-lo-contrario\\\/#breadcrumblist\",\"itemListElement\":[{\"@type\":\"ListItem\",\"@id\":\"https:\\\/\\\/lavozdelagente.com.ar\\\/index#listItem\",\"position\":1,\"name\":\"Home\",\"item\":\"https:\\\/\\\/lavozdelagente.com.ar\\\/index\",\"nextItem\":{\"@type\":\"ListItem\",\"@id\":\"https:\\\/\\\/lavozdelagente.com.ar\\\/index\\\/category\\\/politica\\\/#listItem\",\"name\":\"Pol\\u00edtica\"}},{\"@type\":\"ListItem\",\"@id\":\"https:\\\/\\\/lavozdelagente.com.ar\\\/index\\\/category\\\/politica\\\/#listItem\",\"position\":2,\"name\":\"Pol\\u00edtica\",\"item\":\"https:\\\/\\\/lavozdelagente.com.ar\\\/index\\\/category\\\/politica\\\/\",\"nextItem\":{\"@type\":\"ListItem\",\"@id\":\"https:\\\/\\\/lavozdelagente.com.ar\\\/index\\\/2026\\\/08\\\/25\\\/preocupacion-en-el-gobierno-por-el-repunte-economico-en-la-micro-por-que-milei-sostiene-lo-contrario\\\/#listItem\",\"name\":\"Preocupaci\\u00f3n en el Gobierno por el repunte econ\\u00f3mico en la micro: \\u00bfpor qu\\u00e9 Milei sostiene lo contrario?\"},\"previousItem\":{\"@type\":\"ListItem\",\"@id\":\"https:\\\/\\\/lavozdelagente.com.ar\\\/index#listItem\",\"name\":\"Home\"}},{\"@type\":\"ListItem\",\"@id\":\"https:\\\/\\\/lavozdelagente.com.ar\\\/index\\\/2026\\\/08\\\/25\\\/preocupacion-en-el-gobierno-por-el-repunte-economico-en-la-micro-por-que-milei-sostiene-lo-contrario\\\/#listItem\",\"position\":3,\"name\":\"Preocupaci\\u00f3n en el Gobierno por el repunte econ\\u00f3mico en la micro: \\u00bfpor qu\\u00e9 Milei sostiene lo contrario?\",\"previousItem\":{\"@type\":\"ListItem\",\"@id\":\"https:\\\/\\\/lavozdelagente.com.ar\\\/index\\\/category\\\/politica\\\/#listItem\",\"name\":\"Pol\\u00edtica\"}}]},{\"@type\":\"Person\",\"@id\":\"https:\\\/\\\/lavozdelagente.com.ar\\\/index\\\/author\\\/rober\\\/#author\",\"url\":\"https:\\\/\\\/lavozdelagente.com.ar\\\/index\\\/author\\\/rober\\\/\",\"name\":\"rober\",\"image\":{\"@type\":\"ImageObject\",\"@id\":\"https:\\\/\\\/lavozdelagente.com.ar\\\/index\\\/2026\\\/08\\\/25\\\/preocupacion-en-el-gobierno-por-el-repunte-economico-en-la-micro-por-que-milei-sostiene-lo-contrario\\\/#authorImage\",\"url\":\"https:\\\/\\\/secure.gravatar.com\\\/avatar\\\/901a62cd098b11a08c5fe38d2de0f8ad6b745f5d4f6413ad71e1630ac07766e0?s=96&d=mm&r=g\",\"width\":96,\"height\":96,\"caption\":\"rober\"}},{\"@type\":\"WebPage\",\"@id\":\"https:\\\/\\\/lavozdelagente.com.ar\\\/index\\\/2026\\\/08\\\/25\\\/preocupacion-en-el-gobierno-por-el-repunte-economico-en-la-micro-por-que-milei-sostiene-lo-contrario\\\/#webpage\",\"url\":\"https:\\\/\\\/lavozdelagente.com.ar\\\/index\\\/2026\\\/08\\\/25\\\/preocupacion-en-el-gobierno-por-el-repunte-economico-en-la-micro-por-que-milei-sostiene-lo-contrario\\\/\",\"name\":\"Preocupaci\\u00f3n en el Gobierno por el repunte econ\\u00f3mico en la micro: \\u00bfpor qu\\u00e9 Milei sostiene lo contrario? - LA VOZ DE LA GENTE\",\"description\":\"No resulta para nada casual que el debate en torno a la situaci\\u00f3n econ\\u00f3mica haya copado gran parte del temario de la reuni\\u00f3n de Gabinete del lunes. En las tribus libertarias, a excepci\\u00f3n del presidente Javier Milei, coinciden respecto de la necesidad de que el repunte de la actividad tenga impacto directo en la micro\",\"inLanguage\":\"es-ES\",\"isPartOf\":{\"@id\":\"https:\\\/\\\/lavozdelagente.com.ar\\\/index\\\/#website\"},\"breadcrumb\":{\"@id\":\"https:\\\/\\\/lavozdelagente.com.ar\\\/index\\\/2026\\\/08\\\/25\\\/preocupacion-en-el-gobierno-por-el-repunte-economico-en-la-micro-por-que-milei-sostiene-lo-contrario\\\/#breadcrumblist\"},\"author\":{\"@id\":\"https:\\\/\\\/lavozdelagente.com.ar\\\/index\\\/author\\\/rober\\\/#author\"},\"creator\":{\"@id\":\"https:\\\/\\\/lavozdelagente.com.ar\\\/index\\\/author\\\/rober\\\/#author\"},\"image\":{\"@type\":\"ImageObject\",\"url\":\"https:\\\/\\\/lavozdelagente.com.ar\\\/wp-content\\\/uploads\\\/2026\\\/08\\\/contrdictorio.avif\",\"@id\":\"https:\\\/\\\/lavozdelagente.com.ar\\\/index\\\/2026\\\/08\\\/25\\\/preocupacion-en-el-gobierno-por-el-repunte-economico-en-la-micro-por-que-milei-sostiene-lo-contrario\\\/#mainImage\",\"width\":998,\"height\":720},\"primaryImageOfPage\":{\"@id\":\"https:\\\/\\\/lavozdelagente.com.ar\\\/index\\\/2026\\\/08\\\/25\\\/preocupacion-en-el-gobierno-por-el-repunte-economico-en-la-micro-por-que-milei-sostiene-lo-contrario\\\/#mainImage\"},\"datePublished\":\"2026-08-25T14:12:47+00:00\",\"dateModified\":\"2026-08-25T14:12:47+00:00\"},{\"@type\":\"WebSite\",\"@id\":\"https:\\\/\\\/lavozdelagente.com.ar\\\/index\\\/#website\",\"url\":\"https:\\\/\\\/lavozdelagente.com.ar\\\/index\\\/\",\"name\":\"LA VOZ DE LA GENTE\",\"description\":\"SDE\",\"inLanguage\":\"es-ES\",\"publisher\":{\"@id\":\"https:\\\/\\\/lavozdelagente.com.ar\\\/index\\\/#person\"}}]}\n\t\t<\/script>\n\t\t<!-- All in One SEO -->\n\n","aioseo_head_json":{"title":"Preocupaci\u00f3n en el Gobierno por el repunte econ\u00f3mico en la micro: \u00bfpor qu\u00e9 Milei sostiene lo contrario? - LA VOZ DE LA GENTE","description":"No resulta para nada casual que el debate en torno a la situaci\u00f3n econ\u00f3mica haya copado gran parte del temario de la reuni\u00f3n de Gabinete del lunes. En las tribus libertarias, a excepci\u00f3n del presidente Javier Milei, coinciden respecto de la necesidad de que el repunte de la actividad tenga impacto directo en la micro","canonical_url":"https:\/\/lavozdelagente.com.ar\/index\/2026\/08\/25\/preocupacion-en-el-gobierno-por-el-repunte-economico-en-la-micro-por-que-milei-sostiene-lo-contrario\/","robots":"max-image-preview:large","keywords":"","webmasterTools":{"google-site-verification":"dJHDh1fUzR1o-UwpFfn1JyiF-0R1LCNFZReSb-gbgcE","miscellaneous":""},"schema":{"@context":"https:\/\/schema.org","@graph":[{"@type":"BlogPosting","@id":"https:\/\/lavozdelagente.com.ar\/index\/2026\/08\/25\/preocupacion-en-el-gobierno-por-el-repunte-economico-en-la-micro-por-que-milei-sostiene-lo-contrario\/#blogposting","name":"Preocupaci\u00f3n en el Gobierno por el repunte econ\u00f3mico en la micro: \u00bfpor qu\u00e9 Milei sostiene lo contrario? - LA VOZ DE LA GENTE","headline":"Preocupaci\u00f3n en el Gobierno por el repunte econ\u00f3mico en la micro: \u00bfpor qu\u00e9 Milei sostiene lo contrario?","author":{"@id":"https:\/\/lavozdelagente.com.ar\/index\/author\/rober\/#author"},"publisher":{"@id":"https:\/\/lavozdelagente.com.ar\/index\/#person"},"image":{"@type":"ImageObject","url":"https:\/\/lavozdelagente.com.ar\/wp-content\/uploads\/2026\/08\/contrdictorio.avif","width":998,"height":720},"datePublished":"2026-08-25T14:12:47+00:00","dateModified":"2026-08-25T14:12:47+00:00","inLanguage":"es-ES","mainEntityOfPage":{"@id":"https:\/\/lavozdelagente.com.ar\/index\/2026\/08\/25\/preocupacion-en-el-gobierno-por-el-repunte-economico-en-la-micro-por-que-milei-sostiene-lo-contrario\/#webpage"},"isPartOf":{"@id":"https:\/\/lavozdelagente.com.ar\/index\/2026\/08\/25\/preocupacion-en-el-gobierno-por-el-repunte-economico-en-la-micro-por-que-milei-sostiene-lo-contrario\/#webpage"},"articleSection":"Pol\u00edtica"},{"@type":"BreadcrumbList","@id":"https:\/\/lavozdelagente.com.ar\/index\/2026\/08\/25\/preocupacion-en-el-gobierno-por-el-repunte-economico-en-la-micro-por-que-milei-sostiene-lo-contrario\/#breadcrumblist","itemListElement":[{"@type":"ListItem","@id":"https:\/\/lavozdelagente.com.ar\/index#listItem","position":1,"name":"Home","item":"https:\/\/lavozdelagente.com.ar\/index","nextItem":{"@type":"ListItem","@id":"https:\/\/lavozdelagente.com.ar\/index\/category\/politica\/#listItem","name":"Pol\u00edtica"}},{"@type":"ListItem","@id":"https:\/\/lavozdelagente.com.ar\/index\/category\/politica\/#listItem","position":2,"name":"Pol\u00edtica","item":"https:\/\/lavozdelagente.com.ar\/index\/category\/politica\/","nextItem":{"@type":"ListItem","@id":"https:\/\/lavozdelagente.com.ar\/index\/2026\/08\/25\/preocupacion-en-el-gobierno-por-el-repunte-economico-en-la-micro-por-que-milei-sostiene-lo-contrario\/#listItem","name":"Preocupaci\u00f3n en el Gobierno por el repunte econ\u00f3mico en la micro: \u00bfpor qu\u00e9 Milei sostiene lo contrario?"},"previousItem":{"@type":"ListItem","@id":"https:\/\/lavozdelagente.com.ar\/index#listItem","name":"Home"}},{"@type":"ListItem","@id":"https:\/\/lavozdelagente.com.ar\/index\/2026\/08\/25\/preocupacion-en-el-gobierno-por-el-repunte-economico-en-la-micro-por-que-milei-sostiene-lo-contrario\/#listItem","position":3,"name":"Preocupaci\u00f3n en el Gobierno por el repunte econ\u00f3mico en la micro: \u00bfpor qu\u00e9 Milei sostiene lo contrario?","previousItem":{"@type":"ListItem","@id":"https:\/\/lavozdelagente.com.ar\/index\/category\/politica\/#listItem","name":"Pol\u00edtica"}}]},{"@type":"Person","@id":"https:\/\/lavozdelagente.com.ar\/index\/author\/rober\/#author","url":"https:\/\/lavozdelagente.com.ar\/index\/author\/rober\/","name":"rober","image":{"@type":"ImageObject","@id":"https:\/\/lavozdelagente.com.ar\/index\/2026\/08\/25\/preocupacion-en-el-gobierno-por-el-repunte-economico-en-la-micro-por-que-milei-sostiene-lo-contrario\/#authorImage","url":"https:\/\/secure.gravatar.com\/avatar\/901a62cd098b11a08c5fe38d2de0f8ad6b745f5d4f6413ad71e1630ac07766e0?s=96&d=mm&r=g","width":96,"height":96,"caption":"rober"}},{"@type":"WebPage","@id":"https:\/\/lavozdelagente.com.ar\/index\/2026\/08\/25\/preocupacion-en-el-gobierno-por-el-repunte-economico-en-la-micro-por-que-milei-sostiene-lo-contrario\/#webpage","url":"https:\/\/lavozdelagente.com.ar\/index\/2026\/08\/25\/preocupacion-en-el-gobierno-por-el-repunte-economico-en-la-micro-por-que-milei-sostiene-lo-contrario\/","name":"Preocupaci\u00f3n en el Gobierno por el repunte econ\u00f3mico en la micro: \u00bfpor qu\u00e9 Milei sostiene lo contrario? - LA VOZ DE LA GENTE","description":"No resulta para nada casual que el debate en torno a la situaci\u00f3n econ\u00f3mica haya copado gran parte del temario de la reuni\u00f3n de Gabinete del lunes. En las tribus libertarias, a excepci\u00f3n del presidente Javier Milei, coinciden respecto de la necesidad de que el repunte de la actividad tenga impacto directo en la micro","inLanguage":"es-ES","isPartOf":{"@id":"https:\/\/lavozdelagente.com.ar\/index\/#website"},"breadcrumb":{"@id":"https:\/\/lavozdelagente.com.ar\/index\/2026\/08\/25\/preocupacion-en-el-gobierno-por-el-repunte-economico-en-la-micro-por-que-milei-sostiene-lo-contrario\/#breadcrumblist"},"author":{"@id":"https:\/\/lavozdelagente.com.ar\/index\/author\/rober\/#author"},"creator":{"@id":"https:\/\/lavozdelagente.com.ar\/index\/author\/rober\/#author"},"image":{"@type":"ImageObject","url":"https:\/\/lavozdelagente.com.ar\/wp-content\/uploads\/2026\/08\/contrdictorio.avif","@id":"https:\/\/lavozdelagente.com.ar\/index\/2026\/08\/25\/preocupacion-en-el-gobierno-por-el-repunte-economico-en-la-micro-por-que-milei-sostiene-lo-contrario\/#mainImage","width":998,"height":720},"primaryImageOfPage":{"@id":"https:\/\/lavozdelagente.com.ar\/index\/2026\/08\/25\/preocupacion-en-el-gobierno-por-el-repunte-economico-en-la-micro-por-que-milei-sostiene-lo-contrario\/#mainImage"},"datePublished":"2026-08-25T14:12:47+00:00","dateModified":"2026-08-25T14:12:47+00:00"},{"@type":"WebSite","@id":"https:\/\/lavozdelagente.com.ar\/index\/#website","url":"https:\/\/lavozdelagente.com.ar\/index\/","name":"LA VOZ DE LA GENTE","description":"SDE","inLanguage":"es-ES","publisher":{"@id":"https:\/\/lavozdelagente.com.ar\/index\/#person"}}]},"og:locale":"es_ES","og:site_name":"LA VOZ DE LA GENTE - SDE","og:type":"article","og:title":"Preocupaci\u00f3n en el Gobierno por el repunte econ\u00f3mico en la micro: \u00bfpor qu\u00e9 Milei sostiene lo contrario? - LA VOZ DE LA GENTE","og:description":"No resulta para nada casual que el debate en torno a la situaci\u00f3n econ\u00f3mica haya copado gran parte del temario de la reuni\u00f3n de Gabinete del lunes. En las tribus libertarias, a excepci\u00f3n del presidente Javier Milei, coinciden respecto de la necesidad de que el repunte de la actividad tenga impacto directo en la micro","og:url":"https:\/\/lavozdelagente.com.ar\/index\/2026\/08\/25\/preocupacion-en-el-gobierno-por-el-repunte-economico-en-la-micro-por-que-milei-sostiene-lo-contrario\/","article:published_time":"2026-08-25T14:12:47+00:00","article:modified_time":"2026-08-25T14:12:47+00:00","twitter:card":"summary_large_image","twitter:title":"Preocupaci\u00f3n en el Gobierno por el repunte econ\u00f3mico en la micro: \u00bfpor qu\u00e9 Milei sostiene lo contrario? - LA VOZ DE LA GENTE","twitter:description":"No resulta para nada casual que el debate en torno a la situaci\u00f3n econ\u00f3mica haya copado gran parte del temario de la reuni\u00f3n de Gabinete del lunes. En las tribus libertarias, a excepci\u00f3n del presidente Javier Milei, coinciden respecto de la necesidad de que el repunte de la actividad tenga impacto directo en la micro"},"aioseo_meta_data":{"post_id":"3519","title":null,"description":null,"keywords":null,"keyphrases":{"focus":{"keyphrase":"","score":0,"analysis":{"keyphraseInTitle":{"score":0,"maxScore":9,"error":1}}},"additional":[]},"primary_term":null,"canonical_url":null,"og_title":null,"og_description":null,"og_object_type":"default","og_image_type":"default","og_image_url":null,"og_image_width":null,"og_image_height":null,"og_image_custom_url":null,"og_image_custom_fields":null,"og_video":"","og_custom_url":null,"og_article_section":null,"og_article_tags":null,"twitter_use_og":false,"twitter_card":"default","twitter_image_type":"default","twitter_image_url":null,"twitter_image_custom_url":null,"twitter_image_custom_fields":null,"twitter_title":null,"twitter_description":null,"schema":{"blockGraphs":[],"customGraphs":[],"default":{"data":{"Article":[],"Course":[],"Dataset":[],"FAQPage":[],"Movie":[],"Person":[],"Product":[],"ProductReview":[],"Car":[],"Recipe":[],"Service":[],"SoftwareApplication":[],"WebPage":[]},"graphName":"BlogPosting","isEnabled":true},"graphs":[]},"schema_type":"default","schema_type_options":null,"pillar_content":false,"robots_default":true,"robots_noindex":false,"robots_noarchive":false,"robots_nosnippet":false,"robots_nofollow":false,"robots_noimageindex":false,"robots_noodp":false,"robots_notranslate":false,"robots_max_snippet":"-1","robots_max_videopreview":"-1","robots_max_imagepreview":"large","priority":null,"frequency":"default","local_seo":null,"breadcrumb_settings":null,"limit_modified_date":false,"ai":{"faqs":[],"keyPoints":[],"schemas":[],"titles":[],"descriptions":[],"socialPosts":{"email":{"subject":"","preview":"","content":""},"linkedin":[],"twitter":[],"facebook":[],"instagram":[]}},"created":"2026-08-25 14:12:48","updated":"2026-08-25 21:14:27","seo_analyzer_scan_date":null,"focus_keyword":null,"additional_keywords":null,"truseo_locale":null},"aioseo_breadcrumb":"<div class=\"aioseo-breadcrumbs\"><span class=\"aioseo-breadcrumb\">\n\t\t\t<a href=\"https:\/\/lavozdelagente.com.ar\/index\" title=\"Home\">Home<\/a>\n\t\t<\/span><span class=\"aioseo-breadcrumb-separator\">&raquo;<\/span><span class=\"aioseo-breadcrumb\">\n\t\t\t<a href=\"https:\/\/lavozdelagente.com.ar\/index\/category\/politica\/\" title=\"Pol\u00edtica\">Pol\u00edtica<\/a>\n\t\t<\/span><span class=\"aioseo-breadcrumb-separator\">&raquo;<\/span><span class=\"aioseo-breadcrumb\">\n\t\t\tPreocupaci\u00f3n en el Gobierno por el repunte econ\u00f3mico en la micro: \u00bfpor qu\u00e9 Milei sostiene lo contrario?\n\t\t<\/span><\/div>","aioseo_breadcrumb_json":[{"label":"Home","link":"https:\/\/lavozdelagente.com.ar\/index"},{"label":"Pol\u00edtica","link":"https:\/\/lavozdelagente.com.ar\/index\/category\/politica\/"},{"label":"Preocupaci\u00f3n en el Gobierno por el repunte econ\u00f3mico en la micro: \u00bfpor qu\u00e9 Milei sostiene lo contrario?","link":"https:\/\/lavozdelagente.com.ar\/index\/2026\/08\/25\/preocupacion-en-el-gobierno-por-el-repunte-economico-en-la-micro-por-que-milei-sostiene-lo-contrario\/"}],"rttpg_featured_image_url":{"full":["https:\/\/lavozdelagente.com.ar\/wp-content\/uploads\/2026\/08\/contrdictorio.avif",998,720,false],"landscape":["https:\/\/lavozdelagente.com.ar\/wp-content\/uploads\/2026\/08\/contrdictorio.avif",998,720,false],"portraits":["https:\/\/lavozdelagente.com.ar\/wp-content\/uploads\/2026\/08\/contrdictorio.avif",998,720,false],"thumbnail":["https:\/\/lavozdelagente.com.ar\/wp-content\/uploads\/2026\/08\/contrdictorio-150x150.avif",150,150,true],"medium":["https:\/\/lavozdelagente.com.ar\/wp-content\/uploads\/2026\/08\/contrdictorio-300x216.avif",300,216,true],"large":["https:\/\/lavozdelagente.com.ar\/wp-content\/uploads\/2026\/08\/contrdictorio.avif",800,577,false],"1536x1536":["https:\/\/lavozdelagente.com.ar\/wp-content\/uploads\/2026\/08\/contrdictorio.avif",998,720,false],"2048x2048":["https:\/\/lavozdelagente.com.ar\/wp-content\/uploads\/2026\/08\/contrdictorio.avif",998,720,false],"colormag-highlighted-post":["https:\/\/lavozdelagente.com.ar\/wp-content\/uploads\/2026\/08\/contrdictorio-392x272.avif",392,272,true],"colormag-featured-post-medium":["https:\/\/lavozdelagente.com.ar\/wp-content\/uploads\/2026\/08\/contrdictorio-390x205.avif",390,205,true],"colormag-featured-post-small":["https:\/\/lavozdelagente.com.ar\/wp-content\/uploads\/2026\/08\/contrdictorio-130x90.avif",130,90,true],"colormag-featured-image":["https:\/\/lavozdelagente.com.ar\/wp-content\/uploads\/2026\/08\/contrdictorio-800x445.avif",800,445,true],"colormag-default-news":["https:\/\/lavozdelagente.com.ar\/wp-content\/uploads\/2026\/08\/contrdictorio-150x150.avif",150,150,true],"colormag-featured-image-large":["https:\/\/lavozdelagente.com.ar\/wp-content\/uploads\/2026\/08\/contrdictorio-998x600.avif",998,600,true]},"rttpg_author":{"display_name":"rober","author_link":"https:\/\/lavozdelagente.com.ar\/index\/author\/rober\/"},"rttpg_comment":0,"rttpg_category":"<a href=\"https:\/\/lavozdelagente.com.ar\/index\/category\/politica\/\" rel=\"category tag\">Pol\u00edtica<\/a>","rttpg_excerpt":"No resulta para nada casual que el debate en torno a la situaci\u00f3n econ\u00f3mica haya copado gran parte del temario","_links":{"self":[{"href":"https:\/\/lavozdelagente.com.ar\/index\/wp-json\/wp\/v2\/posts\/3519","targetHints":{"allow":["GET"]}}],"collection":[{"href":"https:\/\/lavozdelagente.com.ar\/index\/wp-json\/wp\/v2\/posts"}],"about":[{"href":"https:\/\/lavozdelagente.com.ar\/index\/wp-json\/wp\/v2\/types\/post"}],"author":[{"embeddable":true,"href":"https:\/\/lavozdelagente.com.ar\/index\/wp-json\/wp\/v2\/users\/2"}],"replies":[{"embeddable":true,"href":"https:\/\/lavozdelagente.com.ar\/index\/wp-json\/wp\/v2\/comments?post=3519"}],"version-history":[{"count":2,"href":"https:\/\/lavozdelagente.com.ar\/index\/wp-json\/wp\/v2\/posts\/3519\/revisions"}],"predecessor-version":[{"id":3522,"href":"https:\/\/lavozdelagente.com.ar\/index\/wp-json\/wp\/v2\/posts\/3519\/revisions\/3522"}],"wp:featuredmedia":[{"embeddable":true,"href":"https:\/\/lavozdelagente.com.ar\/index\/wp-json\/wp\/v2\/media\/3520"}],"wp:attachment":[{"href":"https:\/\/lavozdelagente.com.ar\/index\/wp-json\/wp\/v2\/media?parent=3519"}],"wp:term":[{"taxonomy":"category","embeddable":true,"href":"https:\/\/lavozdelagente.com.ar\/index\/wp-json\/wp\/v2\/categories?post=3519"},{"taxonomy":"post_tag","embeddable":true,"href":"https:\/\/lavozdelagente.com.ar\/index\/wp-json\/wp\/v2\/tags?post=3519"}],"curies":[{"name":"wp","href":"https:\/\/api.w.org\/{rel}","templated":true}]}}