{"id":3523,"date":"2026-08-25T14:13:45","date_gmt":"2026-08-25T14:13:45","guid":{"rendered":"https:\/\/lavozdelagente.com.ar\/index\/?p=3523"},"modified":"2026-08-25T14:13:45","modified_gmt":"2026-08-25T14:13:45","slug":"arca-volvio-a-prorrogar-la-presentacion-de-ganancias-cual-es-la-nueva-fecha-limite","status":"publish","type":"post","link":"https:\/\/lavozdelagente.com.ar\/index\/2026\/08\/25\/arca-volvio-a-prorrogar-la-presentacion-de-ganancias-cual-es-la-nueva-fecha-limite\/","title":{"rendered":"ARCA volvi\u00f3 a prorrogar la presentaci\u00f3n de Ganancias: cu\u00e1l es la nueva fecha l\u00edmite"},"content":{"rendered":"<p>La Agencia de Recaudaci\u00f3n y Control Aduanero (ARCA) volvi\u00f3 a prorrogar la presentaci\u00f3n de la declaraci\u00f3n jurada del Impuesto a las Ganancias del 2025 y posterg\u00f3 el ingreso del primer anticipo de la obligaci\u00f3n correspondiente al per\u00edodo fiscal 2026.<\/p>\n<p>La medida implementada este martes mediante la Resoluci\u00f3n General 5890\/2026, publicada en el Bolet\u00edn Oficial, responde a \u201crazones de administraci\u00f3n tributaria\u201d que buscan facilitar el cumplimiento de las obligaciones de los contribuyentes.<\/p>\n<p>La nueva extensi\u00f3n del plazo para presentar la declaraci\u00f3n jurada no afecta la fecha del vencimiento del pago que tuvo lugar a finales de julio. De esta forma, se mantiene la disociaci\u00f3n de las fechas de vencimiento que se hab\u00eda producido con la pr\u00f3rroga anterior.<\/p>\n<p>La normativa determina que las obligaciones de las personas humanas y sucesiones indivisas (tanto del r\u00e9gimen general como del simplificado) podr\u00e1n cumplirse excepcionalmente en las siguientes fechas:<\/p>\n<p>Presentaci\u00f3n de la declaraci\u00f3n jurada de Ganancias 2025: se extendi\u00f3 el plazo hasta el 22 de septiembre de 2026.<br \/>\nPago del saldo resultante: se mantiene sin cambios para el 27 de julio de 2026.<br \/>\nPor otro lado, la resoluci\u00f3n volvi\u00f3 a aclarar que no hay pr\u00f3rroga para el Impuesto sobre los Bienes Personales. En este caso, tanto la presentaci\u00f3n de las declaraciones juradas como el pago vencieron el 27 de julio de 2026.<\/p>\n<p>Postergaci\u00f3n del primer anticipo de Ganancias 2026<br \/>\nAsimismo, a trav\u00e9s de la modificaci\u00f3n del art\u00edculo 2 de la Resoluci\u00f3n General 5.876, el organismo tributario prorrog\u00f3 el ingreso del primer anticipo del Impuesto a las Ganancias para el per\u00edodo fiscal 2026.<\/p>\n<p>De esta forma, la obligaci\u00f3n para personas humanas y sucesiones indivisas, cuyo vencimiento original correspond\u00eda al mes de agosto, podr\u00e1 cancelarse excepcionalmente hasta el 24 de septiembre de 2026, inclusive.<\/p>\n<p>Agencia NA<\/p>\n","protected":false},"excerpt":{"rendered":"<p>La Agencia de Recaudaci\u00f3n y Control Aduanero (ARCA) volvi\u00f3 a prorrogar la presentaci\u00f3n de la declaraci\u00f3n jurada del Impuesto a<\/p>\n","protected":false},"author":2,"featured_media":3524,"comment_status":"open","ping_status":"open","sticky":false,"template":"","format":"standard","meta":{"colormag_page_container_layout":"default_layout","colormag_page_sidebar_layout":"default_layout","om_disable_all_campaigns":false,"_monsterinsights_skip_tracking":false,"footnotes":""},"categories":[4],"tags":[],"class_list":["post-3523","post","type-post","status-publish","format-standard","has-post-thumbnail","hentry","category-politica"],"aioseo_notices":[],"aioseo_head":"\n\t\t<!-- All in One SEO 5.0.1.1 - aioseo.com -->\n\t<meta name=\"description\" content=\"La Agencia de Recaudaci\u00f3n y Control Aduanero (ARCA) volvi\u00f3 a prorrogar la presentaci\u00f3n de la declaraci\u00f3n jurada del Impuesto a las Ganancias del 2025 y posterg\u00f3 el ingreso del primer anticipo de la obligaci\u00f3n correspondiente al per\u00edodo fiscal 2026. La medida implementada este martes mediante la Resoluci\u00f3n General 5890\/2026, publicada en el Bolet\u00edn Oficial, responde\" \/>\n\t<meta name=\"robots\" content=\"max-image-preview:large\" \/>\n\t<meta name=\"author\" content=\"rober\"\/>\n\t<meta name=\"google-site-verification\" content=\"dJHDh1fUzR1o-UwpFfn1JyiF-0R1LCNFZReSb-gbgcE\" \/>\n\t<link rel=\"canonical\" href=\"https:\/\/lavozdelagente.com.ar\/index\/2026\/08\/25\/arca-volvio-a-prorrogar-la-presentacion-de-ganancias-cual-es-la-nueva-fecha-limite\/\" \/>\n\t<meta name=\"generator\" content=\"All in One SEO (AIOSEO) 5.0.1.1\" \/>\n\t\t<meta property=\"og:locale\" content=\"es_ES\" \/>\n\t\t<meta property=\"og:site_name\" content=\"LA VOZ DE LA GENTE - SDE\" \/>\n\t\t<meta property=\"og:type\" content=\"article\" \/>\n\t\t<meta property=\"og:title\" content=\"ARCA volvi\u00f3 a prorrogar la presentaci\u00f3n de Ganancias: cu\u00e1l es la nueva fecha l\u00edmite - LA VOZ DE LA GENTE\" \/>\n\t\t<meta property=\"og:description\" content=\"La Agencia de Recaudaci\u00f3n y Control Aduanero (ARCA) volvi\u00f3 a prorrogar la presentaci\u00f3n de la declaraci\u00f3n jurada del Impuesto a las Ganancias del 2025 y posterg\u00f3 el ingreso del primer anticipo de la obligaci\u00f3n correspondiente al per\u00edodo fiscal 2026. La medida implementada este martes mediante la Resoluci\u00f3n General 5890\/2026, publicada en el Bolet\u00edn Oficial, responde\" \/>\n\t\t<meta property=\"og:url\" content=\"https:\/\/lavozdelagente.com.ar\/index\/2026\/08\/25\/arca-volvio-a-prorrogar-la-presentacion-de-ganancias-cual-es-la-nueva-fecha-limite\/\" \/>\n\t\t<meta property=\"article:published_time\" content=\"2026-08-25T14:13:45+00:00\" \/>\n\t\t<meta property=\"article:modified_time\" content=\"2026-08-25T14:13:45+00:00\" \/>\n\t\t<meta name=\"twitter:card\" content=\"summary_large_image\" \/>\n\t\t<meta name=\"twitter:title\" content=\"ARCA volvi\u00f3 a prorrogar la presentaci\u00f3n de Ganancias: cu\u00e1l es la nueva fecha l\u00edmite - LA VOZ DE LA GENTE\" \/>\n\t\t<meta name=\"twitter:description\" content=\"La Agencia de Recaudaci\u00f3n y Control Aduanero (ARCA) volvi\u00f3 a prorrogar la presentaci\u00f3n de la declaraci\u00f3n jurada del Impuesto a las Ganancias del 2025 y posterg\u00f3 el ingreso del primer anticipo de la obligaci\u00f3n correspondiente al per\u00edodo fiscal 2026. La medida implementada este martes mediante la Resoluci\u00f3n General 5890\/2026, publicada en el Bolet\u00edn Oficial, responde\" \/>\n\t\t<script type=\"application\/ld+json\" class=\"aioseo-schema\">\n\t\t\t{\"@context\":\"https:\\\/\\\/schema.org\",\"@graph\":[{\"@type\":\"BlogPosting\",\"@id\":\"https:\\\/\\\/lavozdelagente.com.ar\\\/index\\\/2026\\\/08\\\/25\\\/arca-volvio-a-prorrogar-la-presentacion-de-ganancias-cual-es-la-nueva-fecha-limite\\\/#blogposting\",\"name\":\"ARCA volvi\\u00f3 a prorrogar la presentaci\\u00f3n de Ganancias: cu\\u00e1l es la nueva fecha l\\u00edmite - LA VOZ DE LA GENTE\",\"headline\":\"ARCA volvi\\u00f3 a prorrogar la presentaci\\u00f3n de Ganancias: cu\\u00e1l es la nueva fecha l\\u00edmite\",\"author\":{\"@id\":\"https:\\\/\\\/lavozdelagente.com.ar\\\/index\\\/author\\\/rober\\\/#author\"},\"publisher\":{\"@id\":\"https:\\\/\\\/lavozdelagente.com.ar\\\/index\\\/#person\"},\"image\":{\"@type\":\"ImageObject\",\"url\":\"https:\\\/\\\/lavozdelagente.com.ar\\\/wp-content\\\/uploads\\\/2026\\\/08\\\/ARCA.webp\",\"width\":1280,\"height\":720},\"datePublished\":\"2026-08-25T14:13:45+00:00\",\"dateModified\":\"2026-08-25T14:13:45+00:00\",\"inLanguage\":\"es-ES\",\"mainEntityOfPage\":{\"@id\":\"https:\\\/\\\/lavozdelagente.com.ar\\\/index\\\/2026\\\/08\\\/25\\\/arca-volvio-a-prorrogar-la-presentacion-de-ganancias-cual-es-la-nueva-fecha-limite\\\/#webpage\"},\"isPartOf\":{\"@id\":\"https:\\\/\\\/lavozdelagente.com.ar\\\/index\\\/2026\\\/08\\\/25\\\/arca-volvio-a-prorrogar-la-presentacion-de-ganancias-cual-es-la-nueva-fecha-limite\\\/#webpage\"},\"articleSection\":\"Pol\\u00edtica\"},{\"@type\":\"BreadcrumbList\",\"@id\":\"https:\\\/\\\/lavozdelagente.com.ar\\\/index\\\/2026\\\/08\\\/25\\\/arca-volvio-a-prorrogar-la-presentacion-de-ganancias-cual-es-la-nueva-fecha-limite\\\/#breadcrumblist\",\"itemListElement\":[{\"@type\":\"ListItem\",\"@id\":\"https:\\\/\\\/lavozdelagente.com.ar\\\/index#listItem\",\"position\":1,\"name\":\"Home\",\"item\":\"https:\\\/\\\/lavozdelagente.com.ar\\\/index\",\"nextItem\":{\"@type\":\"ListItem\",\"@id\":\"https:\\\/\\\/lavozdelagente.com.ar\\\/index\\\/category\\\/politica\\\/#listItem\",\"name\":\"Pol\\u00edtica\"}},{\"@type\":\"ListItem\",\"@id\":\"https:\\\/\\\/lavozdelagente.com.ar\\\/index\\\/category\\\/politica\\\/#listItem\",\"position\":2,\"name\":\"Pol\\u00edtica\",\"item\":\"https:\\\/\\\/lavozdelagente.com.ar\\\/index\\\/category\\\/politica\\\/\",\"nextItem\":{\"@type\":\"ListItem\",\"@id\":\"https:\\\/\\\/lavozdelagente.com.ar\\\/index\\\/2026\\\/08\\\/25\\\/arca-volvio-a-prorrogar-la-presentacion-de-ganancias-cual-es-la-nueva-fecha-limite\\\/#listItem\",\"name\":\"ARCA volvi\\u00f3 a prorrogar la presentaci\\u00f3n de Ganancias: cu\\u00e1l es la nueva fecha l\\u00edmite\"},\"previousItem\":{\"@type\":\"ListItem\",\"@id\":\"https:\\\/\\\/lavozdelagente.com.ar\\\/index#listItem\",\"name\":\"Home\"}},{\"@type\":\"ListItem\",\"@id\":\"https:\\\/\\\/lavozdelagente.com.ar\\\/index\\\/2026\\\/08\\\/25\\\/arca-volvio-a-prorrogar-la-presentacion-de-ganancias-cual-es-la-nueva-fecha-limite\\\/#listItem\",\"position\":3,\"name\":\"ARCA volvi\\u00f3 a prorrogar la presentaci\\u00f3n de Ganancias: cu\\u00e1l es la nueva fecha l\\u00edmite\",\"previousItem\":{\"@type\":\"ListItem\",\"@id\":\"https:\\\/\\\/lavozdelagente.com.ar\\\/index\\\/category\\\/politica\\\/#listItem\",\"name\":\"Pol\\u00edtica\"}}]},{\"@type\":\"Person\",\"@id\":\"https:\\\/\\\/lavozdelagente.com.ar\\\/index\\\/author\\\/rober\\\/#author\",\"url\":\"https:\\\/\\\/lavozdelagente.com.ar\\\/index\\\/author\\\/rober\\\/\",\"name\":\"rober\",\"image\":{\"@type\":\"ImageObject\",\"@id\":\"https:\\\/\\\/lavozdelagente.com.ar\\\/index\\\/2026\\\/08\\\/25\\\/arca-volvio-a-prorrogar-la-presentacion-de-ganancias-cual-es-la-nueva-fecha-limite\\\/#authorImage\",\"url\":\"https:\\\/\\\/secure.gravatar.com\\\/avatar\\\/901a62cd098b11a08c5fe38d2de0f8ad6b745f5d4f6413ad71e1630ac07766e0?s=96&d=mm&r=g\",\"width\":96,\"height\":96,\"caption\":\"rober\"}},{\"@type\":\"WebPage\",\"@id\":\"https:\\\/\\\/lavozdelagente.com.ar\\\/index\\\/2026\\\/08\\\/25\\\/arca-volvio-a-prorrogar-la-presentacion-de-ganancias-cual-es-la-nueva-fecha-limite\\\/#webpage\",\"url\":\"https:\\\/\\\/lavozdelagente.com.ar\\\/index\\\/2026\\\/08\\\/25\\\/arca-volvio-a-prorrogar-la-presentacion-de-ganancias-cual-es-la-nueva-fecha-limite\\\/\",\"name\":\"ARCA volvi\\u00f3 a prorrogar la presentaci\\u00f3n de Ganancias: cu\\u00e1l es la nueva fecha l\\u00edmite - LA VOZ DE LA GENTE\",\"description\":\"La Agencia de Recaudaci\\u00f3n y Control Aduanero (ARCA) volvi\\u00f3 a prorrogar la presentaci\\u00f3n de la declaraci\\u00f3n jurada del Impuesto a las Ganancias del 2025 y posterg\\u00f3 el ingreso del primer anticipo de la obligaci\\u00f3n correspondiente al per\\u00edodo fiscal 2026. La medida implementada este martes mediante la Resoluci\\u00f3n General 5890\\\/2026, publicada en el Bolet\\u00edn Oficial, responde\",\"inLanguage\":\"es-ES\",\"isPartOf\":{\"@id\":\"https:\\\/\\\/lavozdelagente.com.ar\\\/index\\\/#website\"},\"breadcrumb\":{\"@id\":\"https:\\\/\\\/lavozdelagente.com.ar\\\/index\\\/2026\\\/08\\\/25\\\/arca-volvio-a-prorrogar-la-presentacion-de-ganancias-cual-es-la-nueva-fecha-limite\\\/#breadcrumblist\"},\"author\":{\"@id\":\"https:\\\/\\\/lavozdelagente.com.ar\\\/index\\\/author\\\/rober\\\/#author\"},\"creator\":{\"@id\":\"https:\\\/\\\/lavozdelagente.com.ar\\\/index\\\/author\\\/rober\\\/#author\"},\"image\":{\"@type\":\"ImageObject\",\"url\":\"https:\\\/\\\/lavozdelagente.com.ar\\\/wp-content\\\/uploads\\\/2026\\\/08\\\/ARCA.webp\",\"@id\":\"https:\\\/\\\/lavozdelagente.com.ar\\\/index\\\/2026\\\/08\\\/25\\\/arca-volvio-a-prorrogar-la-presentacion-de-ganancias-cual-es-la-nueva-fecha-limite\\\/#mainImage\",\"width\":1280,\"height\":720},\"primaryImageOfPage\":{\"@id\":\"https:\\\/\\\/lavozdelagente.com.ar\\\/index\\\/2026\\\/08\\\/25\\\/arca-volvio-a-prorrogar-la-presentacion-de-ganancias-cual-es-la-nueva-fecha-limite\\\/#mainImage\"},\"datePublished\":\"2026-08-25T14:13:45+00:00\",\"dateModified\":\"2026-08-25T14:13:45+00:00\"},{\"@type\":\"WebSite\",\"@id\":\"https:\\\/\\\/lavozdelagente.com.ar\\\/index\\\/#website\",\"url\":\"https:\\\/\\\/lavozdelagente.com.ar\\\/index\\\/\",\"name\":\"LA VOZ DE LA GENTE\",\"description\":\"SDE\",\"inLanguage\":\"es-ES\",\"publisher\":{\"@id\":\"https:\\\/\\\/lavozdelagente.com.ar\\\/index\\\/#person\"}}]}\n\t\t<\/script>\n\t\t<!-- All in One SEO -->\n\n","aioseo_head_json":{"title":"ARCA volvi\u00f3 a prorrogar la presentaci\u00f3n de Ganancias: cu\u00e1l es la nueva fecha l\u00edmite - LA VOZ DE LA GENTE","description":"La Agencia de Recaudaci\u00f3n y Control Aduanero (ARCA) volvi\u00f3 a prorrogar la presentaci\u00f3n de la declaraci\u00f3n jurada del Impuesto a las Ganancias del 2025 y posterg\u00f3 el ingreso del primer anticipo de la obligaci\u00f3n correspondiente al per\u00edodo fiscal 2026. La medida implementada este martes mediante la Resoluci\u00f3n General 5890\/2026, publicada en el Bolet\u00edn Oficial, responde","canonical_url":"https:\/\/lavozdelagente.com.ar\/index\/2026\/08\/25\/arca-volvio-a-prorrogar-la-presentacion-de-ganancias-cual-es-la-nueva-fecha-limite\/","robots":"max-image-preview:large","keywords":"","webmasterTools":{"google-site-verification":"dJHDh1fUzR1o-UwpFfn1JyiF-0R1LCNFZReSb-gbgcE","miscellaneous":""},"schema":{"@context":"https:\/\/schema.org","@graph":[{"@type":"BlogPosting","@id":"https:\/\/lavozdelagente.com.ar\/index\/2026\/08\/25\/arca-volvio-a-prorrogar-la-presentacion-de-ganancias-cual-es-la-nueva-fecha-limite\/#blogposting","name":"ARCA volvi\u00f3 a prorrogar la presentaci\u00f3n de Ganancias: cu\u00e1l es la nueva fecha l\u00edmite - LA VOZ DE LA GENTE","headline":"ARCA volvi\u00f3 a prorrogar la presentaci\u00f3n de Ganancias: cu\u00e1l es la nueva fecha l\u00edmite","author":{"@id":"https:\/\/lavozdelagente.com.ar\/index\/author\/rober\/#author"},"publisher":{"@id":"https:\/\/lavozdelagente.com.ar\/index\/#person"},"image":{"@type":"ImageObject","url":"https:\/\/lavozdelagente.com.ar\/wp-content\/uploads\/2026\/08\/ARCA.webp","width":1280,"height":720},"datePublished":"2026-08-25T14:13:45+00:00","dateModified":"2026-08-25T14:13:45+00:00","inLanguage":"es-ES","mainEntityOfPage":{"@id":"https:\/\/lavozdelagente.com.ar\/index\/2026\/08\/25\/arca-volvio-a-prorrogar-la-presentacion-de-ganancias-cual-es-la-nueva-fecha-limite\/#webpage"},"isPartOf":{"@id":"https:\/\/lavozdelagente.com.ar\/index\/2026\/08\/25\/arca-volvio-a-prorrogar-la-presentacion-de-ganancias-cual-es-la-nueva-fecha-limite\/#webpage"},"articleSection":"Pol\u00edtica"},{"@type":"BreadcrumbList","@id":"https:\/\/lavozdelagente.com.ar\/index\/2026\/08\/25\/arca-volvio-a-prorrogar-la-presentacion-de-ganancias-cual-es-la-nueva-fecha-limite\/#breadcrumblist","itemListElement":[{"@type":"ListItem","@id":"https:\/\/lavozdelagente.com.ar\/index#listItem","position":1,"name":"Home","item":"https:\/\/lavozdelagente.com.ar\/index","nextItem":{"@type":"ListItem","@id":"https:\/\/lavozdelagente.com.ar\/index\/category\/politica\/#listItem","name":"Pol\u00edtica"}},{"@type":"ListItem","@id":"https:\/\/lavozdelagente.com.ar\/index\/category\/politica\/#listItem","position":2,"name":"Pol\u00edtica","item":"https:\/\/lavozdelagente.com.ar\/index\/category\/politica\/","nextItem":{"@type":"ListItem","@id":"https:\/\/lavozdelagente.com.ar\/index\/2026\/08\/25\/arca-volvio-a-prorrogar-la-presentacion-de-ganancias-cual-es-la-nueva-fecha-limite\/#listItem","name":"ARCA volvi\u00f3 a prorrogar la presentaci\u00f3n de Ganancias: cu\u00e1l es la nueva fecha l\u00edmite"},"previousItem":{"@type":"ListItem","@id":"https:\/\/lavozdelagente.com.ar\/index#listItem","name":"Home"}},{"@type":"ListItem","@id":"https:\/\/lavozdelagente.com.ar\/index\/2026\/08\/25\/arca-volvio-a-prorrogar-la-presentacion-de-ganancias-cual-es-la-nueva-fecha-limite\/#listItem","position":3,"name":"ARCA volvi\u00f3 a prorrogar la presentaci\u00f3n de Ganancias: cu\u00e1l es la nueva fecha l\u00edmite","previousItem":{"@type":"ListItem","@id":"https:\/\/lavozdelagente.com.ar\/index\/category\/politica\/#listItem","name":"Pol\u00edtica"}}]},{"@type":"Person","@id":"https:\/\/lavozdelagente.com.ar\/index\/author\/rober\/#author","url":"https:\/\/lavozdelagente.com.ar\/index\/author\/rober\/","name":"rober","image":{"@type":"ImageObject","@id":"https:\/\/lavozdelagente.com.ar\/index\/2026\/08\/25\/arca-volvio-a-prorrogar-la-presentacion-de-ganancias-cual-es-la-nueva-fecha-limite\/#authorImage","url":"https:\/\/secure.gravatar.com\/avatar\/901a62cd098b11a08c5fe38d2de0f8ad6b745f5d4f6413ad71e1630ac07766e0?s=96&d=mm&r=g","width":96,"height":96,"caption":"rober"}},{"@type":"WebPage","@id":"https:\/\/lavozdelagente.com.ar\/index\/2026\/08\/25\/arca-volvio-a-prorrogar-la-presentacion-de-ganancias-cual-es-la-nueva-fecha-limite\/#webpage","url":"https:\/\/lavozdelagente.com.ar\/index\/2026\/08\/25\/arca-volvio-a-prorrogar-la-presentacion-de-ganancias-cual-es-la-nueva-fecha-limite\/","name":"ARCA volvi\u00f3 a prorrogar la presentaci\u00f3n de Ganancias: cu\u00e1l es la nueva fecha l\u00edmite - LA VOZ DE LA GENTE","description":"La Agencia de Recaudaci\u00f3n y Control Aduanero (ARCA) volvi\u00f3 a prorrogar la presentaci\u00f3n de la declaraci\u00f3n jurada del Impuesto a las Ganancias del 2025 y posterg\u00f3 el ingreso del primer anticipo de la obligaci\u00f3n correspondiente al per\u00edodo fiscal 2026. La medida implementada este martes mediante la Resoluci\u00f3n General 5890\/2026, publicada en el Bolet\u00edn Oficial, responde","inLanguage":"es-ES","isPartOf":{"@id":"https:\/\/lavozdelagente.com.ar\/index\/#website"},"breadcrumb":{"@id":"https:\/\/lavozdelagente.com.ar\/index\/2026\/08\/25\/arca-volvio-a-prorrogar-la-presentacion-de-ganancias-cual-es-la-nueva-fecha-limite\/#breadcrumblist"},"author":{"@id":"https:\/\/lavozdelagente.com.ar\/index\/author\/rober\/#author"},"creator":{"@id":"https:\/\/lavozdelagente.com.ar\/index\/author\/rober\/#author"},"image":{"@type":"ImageObject","url":"https:\/\/lavozdelagente.com.ar\/wp-content\/uploads\/2026\/08\/ARCA.webp","@id":"https:\/\/lavozdelagente.com.ar\/index\/2026\/08\/25\/arca-volvio-a-prorrogar-la-presentacion-de-ganancias-cual-es-la-nueva-fecha-limite\/#mainImage","width":1280,"height":720},"primaryImageOfPage":{"@id":"https:\/\/lavozdelagente.com.ar\/index\/2026\/08\/25\/arca-volvio-a-prorrogar-la-presentacion-de-ganancias-cual-es-la-nueva-fecha-limite\/#mainImage"},"datePublished":"2026-08-25T14:13:45+00:00","dateModified":"2026-08-25T14:13:45+00:00"},{"@type":"WebSite","@id":"https:\/\/lavozdelagente.com.ar\/index\/#website","url":"https:\/\/lavozdelagente.com.ar\/index\/","name":"LA VOZ DE LA GENTE","description":"SDE","inLanguage":"es-ES","publisher":{"@id":"https:\/\/lavozdelagente.com.ar\/index\/#person"}}]},"og:locale":"es_ES","og:site_name":"LA VOZ DE LA GENTE - SDE","og:type":"article","og:title":"ARCA volvi\u00f3 a prorrogar la presentaci\u00f3n de Ganancias: cu\u00e1l es la nueva fecha l\u00edmite - LA VOZ DE LA GENTE","og:description":"La Agencia de Recaudaci\u00f3n y Control Aduanero (ARCA) volvi\u00f3 a prorrogar la presentaci\u00f3n de la declaraci\u00f3n jurada del Impuesto a las Ganancias del 2025 y posterg\u00f3 el ingreso del primer anticipo de la obligaci\u00f3n correspondiente al per\u00edodo fiscal 2026. La medida implementada este martes mediante la Resoluci\u00f3n General 5890\/2026, publicada en el Bolet\u00edn Oficial, responde","og:url":"https:\/\/lavozdelagente.com.ar\/index\/2026\/08\/25\/arca-volvio-a-prorrogar-la-presentacion-de-ganancias-cual-es-la-nueva-fecha-limite\/","article:published_time":"2026-08-25T14:13:45+00:00","article:modified_time":"2026-08-25T14:13:45+00:00","twitter:card":"summary_large_image","twitter:title":"ARCA volvi\u00f3 a prorrogar la presentaci\u00f3n de Ganancias: cu\u00e1l es la nueva fecha l\u00edmite - LA VOZ DE LA GENTE","twitter:description":"La Agencia de Recaudaci\u00f3n y Control Aduanero (ARCA) volvi\u00f3 a prorrogar la presentaci\u00f3n de la declaraci\u00f3n jurada del Impuesto a las Ganancias del 2025 y posterg\u00f3 el ingreso del primer anticipo de la obligaci\u00f3n correspondiente al per\u00edodo fiscal 2026. La medida implementada este martes mediante la Resoluci\u00f3n General 5890\/2026, publicada en el Bolet\u00edn Oficial, responde"},"aioseo_meta_data":{"post_id":"3523","title":null,"description":null,"keywords":null,"keyphrases":{"focus":{"keyphrase":"","score":0,"analysis":{"keyphraseInTitle":{"score":0,"maxScore":9,"error":1}}},"additional":[]},"primary_term":null,"canonical_url":null,"og_title":null,"og_description":null,"og_object_type":"default","og_image_type":"default","og_image_url":null,"og_image_width":null,"og_image_height":null,"og_image_custom_url":null,"og_image_custom_fields":null,"og_video":"","og_custom_url":null,"og_article_section":null,"og_article_tags":null,"twitter_use_og":false,"twitter_card":"default","twitter_image_type":"default","twitter_image_url":null,"twitter_image_custom_url":null,"twitter_image_custom_fields":null,"twitter_title":null,"twitter_description":null,"schema":{"blockGraphs":[],"customGraphs":[],"default":{"data":{"Article":[],"Course":[],"Dataset":[],"FAQPage":[],"Movie":[],"Person":[],"Product":[],"ProductReview":[],"Car":[],"Recipe":[],"Service":[],"SoftwareApplication":[],"WebPage":[]},"graphName":"BlogPosting","isEnabled":true},"graphs":[]},"schema_type":"default","schema_type_options":null,"pillar_content":false,"robots_default":true,"robots_noindex":false,"robots_noarchive":false,"robots_nosnippet":false,"robots_nofollow":false,"robots_noimageindex":false,"robots_noodp":false,"robots_notranslate":false,"robots_max_snippet":"-1","robots_max_videopreview":"-1","robots_max_imagepreview":"large","priority":null,"frequency":"default","local_seo":null,"breadcrumb_settings":null,"limit_modified_date":false,"ai":{"faqs":[],"keyPoints":[],"schemas":[],"titles":[],"descriptions":[],"socialPosts":{"email":{"subject":"","preview":"","content":""},"linkedin":[],"twitter":[],"facebook":[],"instagram":[]}},"created":"2026-08-25 14:13:45","updated":"2026-08-25 21:14:27","seo_analyzer_scan_date":null,"focus_keyword":null,"additional_keywords":null,"truseo_locale":null},"aioseo_breadcrumb":"<div class=\"aioseo-breadcrumbs\"><span class=\"aioseo-breadcrumb\">\n\t\t\t<a href=\"https:\/\/lavozdelagente.com.ar\/index\" title=\"Home\">Home<\/a>\n\t\t<\/span><span class=\"aioseo-breadcrumb-separator\">&raquo;<\/span><span class=\"aioseo-breadcrumb\">\n\t\t\t<a href=\"https:\/\/lavozdelagente.com.ar\/index\/category\/politica\/\" title=\"Pol\u00edtica\">Pol\u00edtica<\/a>\n\t\t<\/span><span class=\"aioseo-breadcrumb-separator\">&raquo;<\/span><span class=\"aioseo-breadcrumb\">\n\t\t\tARCA volvi\u00f3 a prorrogar la presentaci\u00f3n de Ganancias: cu\u00e1l es la nueva fecha l\u00edmite\n\t\t<\/span><\/div>","aioseo_breadcrumb_json":[{"label":"Home","link":"https:\/\/lavozdelagente.com.ar\/index"},{"label":"Pol\u00edtica","link":"https:\/\/lavozdelagente.com.ar\/index\/category\/politica\/"},{"label":"ARCA volvi\u00f3 a prorrogar la presentaci\u00f3n de Ganancias: cu\u00e1l es la nueva fecha l\u00edmite","link":"https:\/\/lavozdelagente.com.ar\/index\/2026\/08\/25\/arca-volvio-a-prorrogar-la-presentacion-de-ganancias-cual-es-la-nueva-fecha-limite\/"}],"rttpg_featured_image_url":{"full":["https:\/\/lavozdelagente.com.ar\/wp-content\/uploads\/2026\/08\/ARCA.webp",1280,720,false],"landscape":["https:\/\/lavozdelagente.com.ar\/wp-content\/uploads\/2026\/08\/ARCA.webp",1280,720,false],"portraits":["https:\/\/lavozdelagente.com.ar\/wp-content\/uploads\/2026\/08\/ARCA.webp",1280,720,false],"thumbnail":["https:\/\/lavozdelagente.com.ar\/wp-content\/uploads\/2026\/08\/ARCA-150x150.webp",150,150,true],"medium":["https:\/\/lavozdelagente.com.ar\/wp-content\/uploads\/2026\/08\/ARCA-300x169.webp",300,169,true],"large":["https:\/\/lavozdelagente.com.ar\/wp-content\/uploads\/2026\/08\/ARCA-1024x576.webp",800,450,true],"1536x1536":["https:\/\/lavozdelagente.com.ar\/wp-content\/uploads\/2026\/08\/ARCA.webp",1280,720,false],"2048x2048":["https:\/\/lavozdelagente.com.ar\/wp-content\/uploads\/2026\/08\/ARCA.webp",1280,720,false],"colormag-highlighted-post":["https:\/\/lavozdelagente.com.ar\/wp-content\/uploads\/2026\/08\/ARCA-392x272.webp",392,272,true],"colormag-featured-post-medium":["https:\/\/lavozdelagente.com.ar\/wp-content\/uploads\/2026\/08\/ARCA-390x205.webp",390,205,true],"colormag-featured-post-small":["https:\/\/lavozdelagente.com.ar\/wp-content\/uploads\/2026\/08\/ARCA-130x90.webp",130,90,true],"colormag-featured-image":["https:\/\/lavozdelagente.com.ar\/wp-content\/uploads\/2026\/08\/ARCA-800x445.webp",800,445,true],"colormag-default-news":["https:\/\/lavozdelagente.com.ar\/wp-content\/uploads\/2026\/08\/ARCA-150x150.webp",150,150,true],"colormag-featured-image-large":["https:\/\/lavozdelagente.com.ar\/wp-content\/uploads\/2026\/08\/ARCA-1280x600.webp",1280,600,true]},"rttpg_author":{"display_name":"rober","author_link":"https:\/\/lavozdelagente.com.ar\/index\/author\/rober\/"},"rttpg_comment":0,"rttpg_category":"<a href=\"https:\/\/lavozdelagente.com.ar\/index\/category\/politica\/\" rel=\"category tag\">Pol\u00edtica<\/a>","rttpg_excerpt":"La Agencia de Recaudaci\u00f3n y Control Aduanero (ARCA) volvi\u00f3 a prorrogar la presentaci\u00f3n de la declaraci\u00f3n jurada del Impuesto a","_links":{"self":[{"href":"https:\/\/lavozdelagente.com.ar\/index\/wp-json\/wp\/v2\/posts\/3523","targetHints":{"allow":["GET"]}}],"collection":[{"href":"https:\/\/lavozdelagente.com.ar\/index\/wp-json\/wp\/v2\/posts"}],"about":[{"href":"https:\/\/lavozdelagente.com.ar\/index\/wp-json\/wp\/v2\/types\/post"}],"author":[{"embeddable":true,"href":"https:\/\/lavozdelagente.com.ar\/index\/wp-json\/wp\/v2\/users\/2"}],"replies":[{"embeddable":true,"href":"https:\/\/lavozdelagente.com.ar\/index\/wp-json\/wp\/v2\/comments?post=3523"}],"version-history":[{"count":1,"href":"https:\/\/lavozdelagente.com.ar\/index\/wp-json\/wp\/v2\/posts\/3523\/revisions"}],"predecessor-version":[{"id":3525,"href":"https:\/\/lavozdelagente.com.ar\/index\/wp-json\/wp\/v2\/posts\/3523\/revisions\/3525"}],"wp:featuredmedia":[{"embeddable":true,"href":"https:\/\/lavozdelagente.com.ar\/index\/wp-json\/wp\/v2\/media\/3524"}],"wp:attachment":[{"href":"https:\/\/lavozdelagente.com.ar\/index\/wp-json\/wp\/v2\/media?parent=3523"}],"wp:term":[{"taxonomy":"category","embeddable":true,"href":"https:\/\/lavozdelagente.com.ar\/index\/wp-json\/wp\/v2\/categories?post=3523"},{"taxonomy":"post_tag","embeddable":true,"href":"https:\/\/lavozdelagente.com.ar\/index\/wp-json\/wp\/v2\/tags?post=3523"}],"curies":[{"name":"wp","href":"https:\/\/api.w.org\/{rel}","templated":true}]}}