{"id":3528,"date":"2026-08-25T14:19:18","date_gmt":"2026-08-25T14:19:18","guid":{"rendered":"https:\/\/lavozdelagente.com.ar\/index\/?p=3528"},"modified":"2026-08-25T14:19:18","modified_gmt":"2026-08-25T14:19:18","slug":"brasil-el-estado-dispuso-el-salvataje-de-empresas","status":"publish","type":"post","link":"https:\/\/lavozdelagente.com.ar\/index\/2026\/08\/25\/brasil-el-estado-dispuso-el-salvataje-de-empresas\/","title":{"rendered":"Brasil: el Estado dispuso el salvataje de empresas"},"content":{"rendered":"<p>El Gobierno de Brasil public\u00f3 en el Diario Oficial de la Uni\u00f3n el dictamen que aprueba la distribuci\u00f3n de 13.500 millones de reales (unos 2.620 millones de d\u00f3lares) en l\u00edneas de cr\u00e9dito para empresas afectadas por los aranceles impuestos por Estados Unidos y por los efectos de conflictos internacionales, dentro de una nueva etapa del programa Brasil Soberano.<\/p>\n<p>Del total, 5.000 millones de reales (unos 970 millones de d\u00f3lares) ser\u00e1n destinados a exportadores y proveedores afectados por las nuevas sobretasas estadounidenses sobre productos brasile\u00f1os.<\/p>\n<p>Otros 3.500 millones de reales (unos 790 millones de d\u00f3lares) financiar\u00e1n a empresas y proveedores vinculados a las exportaciones hacia pa\u00edses del golfo P\u00e9rsico afectados por los impactos de conflictos e inestabilidad internacional.<\/p>\n<p>Los 5.000 millones de reales restantes se dividir\u00e1n entre sectores considerados estrat\u00e9gicos para la econom\u00eda brasile\u00f1a, como fertilizantes e insumos, minerales cr\u00edticos y estrat\u00e9gicos, y sectores industriales relevantes para el comercio exterior.<\/p>\n<p>Tercera fase del programa Brasil Soberano<br \/>\nLa medida forma parte de la tercera fase del programa Brasil Soberano, impulsado por el Gobierno brasile\u00f1o para reducir los efectos sobre la econom\u00eda nacional de las medidas comerciales adoptadas por Estados Unidos y de otros factores de inestabilidad internacional, verific\u00f3 la Agencia Noticias Argentinas.<\/p>\n<p>Las nuevas l\u00edneas de cr\u00e9dito podr\u00e1n ser utilizadas para capital de giro, compra de m\u00e1quinas y equipos, ampliaci\u00f3n de la capacidad productiva, innovaci\u00f3n tecnol\u00f3gica, adaptaci\u00f3n de productos y fortalecimiento de las cadenas productivas.<\/p>\n<p>Adem\u00e1s de los 13.500 millones de reales del Tesoro Nacional, el Banco Nacional de Desarrollo Econ\u00f3mico y Social (BNDES) aportar\u00e1 otros 5.000 millones de reales con recursos propios, elevando el volumen total de la nueva etapa del Brasil Soberano a 18.500 millones de reales (unos 3.591 millones de d\u00f3lares).<\/p>\n<p>La distribuci\u00f3n de los recursos fue definida por el Consejo Interministerial del programa y podr\u00e1 ser revisada de acuerdo con el ritmo de utilizaci\u00f3n de los cr\u00e9ditos y las prioridades establecidas por el Gobierno, detall\u00f3 Xinhua.<\/p>\n<p>La decisi\u00f3n se produce mientras Brasil mantiene negociaciones con Estados Unidos para intentar revertir las nuevas barreras comerciales, al tiempo que busca proteger a los sectores afectados y fortalecer \u00e1reas consideradas estrat\u00e9gicas para la autonom\u00eda econ\u00f3mica y la inserci\u00f3n internacional del pa\u00eds.<\/p>\n<p>Agencia NA<\/p>\n","protected":false},"excerpt":{"rendered":"<p>El Gobierno de Brasil public\u00f3 en el Diario Oficial de la Uni\u00f3n el dictamen que aprueba la distribuci\u00f3n de 13.500<\/p>\n","protected":false},"author":2,"featured_media":3529,"comment_status":"open","ping_status":"open","sticky":false,"template":"","format":"standard","meta":{"colormag_page_container_layout":"default_layout","colormag_page_sidebar_layout":"default_layout","om_disable_all_campaigns":false,"_monsterinsights_skip_tracking":false,"footnotes":""},"categories":[6],"tags":[],"class_list":["post-3528","post","type-post","status-publish","format-standard","has-post-thumbnail","hentry","category-varios"],"aioseo_notices":[],"aioseo_head":"\n\t\t<!-- All in One SEO 5.0.1.1 - aioseo.com -->\n\t<meta name=\"description\" content=\"El Gobierno de Brasil public\u00f3 en el Diario Oficial de la Uni\u00f3n el dictamen que aprueba la distribuci\u00f3n de 13.500 millones de reales (unos 2.620 millones de d\u00f3lares) en l\u00edneas de cr\u00e9dito para empresas afectadas por los aranceles impuestos por Estados Unidos y por los efectos de conflictos internacionales, dentro de una nueva etapa del\" \/>\n\t<meta name=\"robots\" content=\"max-image-preview:large\" \/>\n\t<meta name=\"author\" content=\"rober\"\/>\n\t<meta name=\"google-site-verification\" content=\"dJHDh1fUzR1o-UwpFfn1JyiF-0R1LCNFZReSb-gbgcE\" \/>\n\t<link rel=\"canonical\" href=\"https:\/\/lavozdelagente.com.ar\/index\/2026\/08\/25\/brasil-el-estado-dispuso-el-salvataje-de-empresas\/\" \/>\n\t<meta name=\"generator\" content=\"All in One SEO (AIOSEO) 5.0.1.1\" \/>\n\t\t<meta property=\"og:locale\" content=\"es_ES\" \/>\n\t\t<meta property=\"og:site_name\" content=\"LA VOZ DE LA GENTE - SDE\" \/>\n\t\t<meta property=\"og:type\" content=\"article\" \/>\n\t\t<meta property=\"og:title\" content=\"Brasil: el Estado dispuso el salvataje de empresas - LA VOZ DE LA GENTE\" \/>\n\t\t<meta property=\"og:description\" content=\"El Gobierno de Brasil public\u00f3 en el Diario Oficial de la Uni\u00f3n el dictamen que aprueba la distribuci\u00f3n de 13.500 millones de reales (unos 2.620 millones de d\u00f3lares) en l\u00edneas de cr\u00e9dito para empresas afectadas por los aranceles impuestos por Estados Unidos y por los efectos de conflictos internacionales, dentro de una nueva etapa del\" \/>\n\t\t<meta property=\"og:url\" content=\"https:\/\/lavozdelagente.com.ar\/index\/2026\/08\/25\/brasil-el-estado-dispuso-el-salvataje-de-empresas\/\" \/>\n\t\t<meta property=\"article:published_time\" content=\"2026-08-25T14:19:18+00:00\" \/>\n\t\t<meta property=\"article:modified_time\" content=\"2026-08-25T14:19:18+00:00\" \/>\n\t\t<meta name=\"twitter:card\" content=\"summary_large_image\" \/>\n\t\t<meta name=\"twitter:title\" content=\"Brasil: el Estado dispuso el salvataje de empresas - LA VOZ DE LA GENTE\" \/>\n\t\t<meta name=\"twitter:description\" content=\"El Gobierno de Brasil public\u00f3 en el Diario Oficial de la Uni\u00f3n el dictamen que aprueba la distribuci\u00f3n de 13.500 millones de reales (unos 2.620 millones de d\u00f3lares) en l\u00edneas de cr\u00e9dito para empresas afectadas por los aranceles impuestos por Estados Unidos y por los efectos de conflictos internacionales, dentro de una nueva etapa del\" \/>\n\t\t<script type=\"application\/ld+json\" class=\"aioseo-schema\">\n\t\t\t{\"@context\":\"https:\\\/\\\/schema.org\",\"@graph\":[{\"@type\":\"BlogPosting\",\"@id\":\"https:\\\/\\\/lavozdelagente.com.ar\\\/index\\\/2026\\\/08\\\/25\\\/brasil-el-estado-dispuso-el-salvataje-de-empresas\\\/#blogposting\",\"name\":\"Brasil: el Estado dispuso el salvataje de empresas - LA VOZ DE LA GENTE\",\"headline\":\"Brasil: el Estado dispuso el salvataje de empresas\",\"author\":{\"@id\":\"https:\\\/\\\/lavozdelagente.com.ar\\\/index\\\/author\\\/rober\\\/#author\"},\"publisher\":{\"@id\":\"https:\\\/\\\/lavozdelagente.com.ar\\\/index\\\/#person\"},\"image\":{\"@type\":\"ImageObject\",\"url\":\"https:\\\/\\\/lavozdelagente.com.ar\\\/wp-content\\\/uploads\\\/2026\\\/08\\\/lula.avif\",\"width\":811,\"height\":540},\"datePublished\":\"2026-08-25T14:19:18+00:00\",\"dateModified\":\"2026-08-25T14:19:18+00:00\",\"inLanguage\":\"es-ES\",\"mainEntityOfPage\":{\"@id\":\"https:\\\/\\\/lavozdelagente.com.ar\\\/index\\\/2026\\\/08\\\/25\\\/brasil-el-estado-dispuso-el-salvataje-de-empresas\\\/#webpage\"},\"isPartOf\":{\"@id\":\"https:\\\/\\\/lavozdelagente.com.ar\\\/index\\\/2026\\\/08\\\/25\\\/brasil-el-estado-dispuso-el-salvataje-de-empresas\\\/#webpage\"},\"articleSection\":\"Varios\"},{\"@type\":\"BreadcrumbList\",\"@id\":\"https:\\\/\\\/lavozdelagente.com.ar\\\/index\\\/2026\\\/08\\\/25\\\/brasil-el-estado-dispuso-el-salvataje-de-empresas\\\/#breadcrumblist\",\"itemListElement\":[{\"@type\":\"ListItem\",\"@id\":\"https:\\\/\\\/lavozdelagente.com.ar\\\/index#listItem\",\"position\":1,\"name\":\"Home\",\"item\":\"https:\\\/\\\/lavozdelagente.com.ar\\\/index\",\"nextItem\":{\"@type\":\"ListItem\",\"@id\":\"https:\\\/\\\/lavozdelagente.com.ar\\\/index\\\/category\\\/varios\\\/#listItem\",\"name\":\"Varios\"}},{\"@type\":\"ListItem\",\"@id\":\"https:\\\/\\\/lavozdelagente.com.ar\\\/index\\\/category\\\/varios\\\/#listItem\",\"position\":2,\"name\":\"Varios\",\"item\":\"https:\\\/\\\/lavozdelagente.com.ar\\\/index\\\/category\\\/varios\\\/\",\"nextItem\":{\"@type\":\"ListItem\",\"@id\":\"https:\\\/\\\/lavozdelagente.com.ar\\\/index\\\/2026\\\/08\\\/25\\\/brasil-el-estado-dispuso-el-salvataje-de-empresas\\\/#listItem\",\"name\":\"Brasil: el Estado dispuso el salvataje de empresas\"},\"previousItem\":{\"@type\":\"ListItem\",\"@id\":\"https:\\\/\\\/lavozdelagente.com.ar\\\/index#listItem\",\"name\":\"Home\"}},{\"@type\":\"ListItem\",\"@id\":\"https:\\\/\\\/lavozdelagente.com.ar\\\/index\\\/2026\\\/08\\\/25\\\/brasil-el-estado-dispuso-el-salvataje-de-empresas\\\/#listItem\",\"position\":3,\"name\":\"Brasil: el Estado dispuso el salvataje de empresas\",\"previousItem\":{\"@type\":\"ListItem\",\"@id\":\"https:\\\/\\\/lavozdelagente.com.ar\\\/index\\\/category\\\/varios\\\/#listItem\",\"name\":\"Varios\"}}]},{\"@type\":\"Person\",\"@id\":\"https:\\\/\\\/lavozdelagente.com.ar\\\/index\\\/author\\\/rober\\\/#author\",\"url\":\"https:\\\/\\\/lavozdelagente.com.ar\\\/index\\\/author\\\/rober\\\/\",\"name\":\"rober\",\"image\":{\"@type\":\"ImageObject\",\"@id\":\"https:\\\/\\\/lavozdelagente.com.ar\\\/index\\\/2026\\\/08\\\/25\\\/brasil-el-estado-dispuso-el-salvataje-de-empresas\\\/#authorImage\",\"url\":\"https:\\\/\\\/secure.gravatar.com\\\/avatar\\\/901a62cd098b11a08c5fe38d2de0f8ad6b745f5d4f6413ad71e1630ac07766e0?s=96&d=mm&r=g\",\"width\":96,\"height\":96,\"caption\":\"rober\"}},{\"@type\":\"WebPage\",\"@id\":\"https:\\\/\\\/lavozdelagente.com.ar\\\/index\\\/2026\\\/08\\\/25\\\/brasil-el-estado-dispuso-el-salvataje-de-empresas\\\/#webpage\",\"url\":\"https:\\\/\\\/lavozdelagente.com.ar\\\/index\\\/2026\\\/08\\\/25\\\/brasil-el-estado-dispuso-el-salvataje-de-empresas\\\/\",\"name\":\"Brasil: el Estado dispuso el salvataje de empresas - LA VOZ DE LA GENTE\",\"description\":\"El Gobierno de Brasil public\\u00f3 en el Diario Oficial de la Uni\\u00f3n el dictamen que aprueba la distribuci\\u00f3n de 13.500 millones de reales (unos 2.620 millones de d\\u00f3lares) en l\\u00edneas de cr\\u00e9dito para empresas afectadas por los aranceles impuestos por Estados Unidos y por los efectos de conflictos internacionales, dentro de una nueva etapa del\",\"inLanguage\":\"es-ES\",\"isPartOf\":{\"@id\":\"https:\\\/\\\/lavozdelagente.com.ar\\\/index\\\/#website\"},\"breadcrumb\":{\"@id\":\"https:\\\/\\\/lavozdelagente.com.ar\\\/index\\\/2026\\\/08\\\/25\\\/brasil-el-estado-dispuso-el-salvataje-de-empresas\\\/#breadcrumblist\"},\"author\":{\"@id\":\"https:\\\/\\\/lavozdelagente.com.ar\\\/index\\\/author\\\/rober\\\/#author\"},\"creator\":{\"@id\":\"https:\\\/\\\/lavozdelagente.com.ar\\\/index\\\/author\\\/rober\\\/#author\"},\"image\":{\"@type\":\"ImageObject\",\"url\":\"https:\\\/\\\/lavozdelagente.com.ar\\\/wp-content\\\/uploads\\\/2026\\\/08\\\/lula.avif\",\"@id\":\"https:\\\/\\\/lavozdelagente.com.ar\\\/index\\\/2026\\\/08\\\/25\\\/brasil-el-estado-dispuso-el-salvataje-de-empresas\\\/#mainImage\",\"width\":811,\"height\":540},\"primaryImageOfPage\":{\"@id\":\"https:\\\/\\\/lavozdelagente.com.ar\\\/index\\\/2026\\\/08\\\/25\\\/brasil-el-estado-dispuso-el-salvataje-de-empresas\\\/#mainImage\"},\"datePublished\":\"2026-08-25T14:19:18+00:00\",\"dateModified\":\"2026-08-25T14:19:18+00:00\"},{\"@type\":\"WebSite\",\"@id\":\"https:\\\/\\\/lavozdelagente.com.ar\\\/index\\\/#website\",\"url\":\"https:\\\/\\\/lavozdelagente.com.ar\\\/index\\\/\",\"name\":\"LA VOZ DE LA GENTE\",\"description\":\"SDE\",\"inLanguage\":\"es-ES\",\"publisher\":{\"@id\":\"https:\\\/\\\/lavozdelagente.com.ar\\\/index\\\/#person\"}}]}\n\t\t<\/script>\n\t\t<!-- All in One SEO -->\n\n","aioseo_head_json":{"title":"Brasil: el Estado dispuso el salvataje de empresas - LA VOZ DE LA GENTE","description":"El Gobierno de Brasil public\u00f3 en el Diario Oficial de la Uni\u00f3n el dictamen que aprueba la distribuci\u00f3n de 13.500 millones de reales (unos 2.620 millones de d\u00f3lares) en l\u00edneas de cr\u00e9dito para empresas afectadas por los aranceles impuestos por Estados Unidos y por los efectos de conflictos internacionales, dentro de una nueva etapa del","canonical_url":"https:\/\/lavozdelagente.com.ar\/index\/2026\/08\/25\/brasil-el-estado-dispuso-el-salvataje-de-empresas\/","robots":"max-image-preview:large","keywords":"","webmasterTools":{"google-site-verification":"dJHDh1fUzR1o-UwpFfn1JyiF-0R1LCNFZReSb-gbgcE","miscellaneous":""},"schema":{"@context":"https:\/\/schema.org","@graph":[{"@type":"BlogPosting","@id":"https:\/\/lavozdelagente.com.ar\/index\/2026\/08\/25\/brasil-el-estado-dispuso-el-salvataje-de-empresas\/#blogposting","name":"Brasil: el Estado dispuso el salvataje de empresas - LA VOZ DE LA GENTE","headline":"Brasil: el Estado dispuso el salvataje de empresas","author":{"@id":"https:\/\/lavozdelagente.com.ar\/index\/author\/rober\/#author"},"publisher":{"@id":"https:\/\/lavozdelagente.com.ar\/index\/#person"},"image":{"@type":"ImageObject","url":"https:\/\/lavozdelagente.com.ar\/wp-content\/uploads\/2026\/08\/lula.avif","width":811,"height":540},"datePublished":"2026-08-25T14:19:18+00:00","dateModified":"2026-08-25T14:19:18+00:00","inLanguage":"es-ES","mainEntityOfPage":{"@id":"https:\/\/lavozdelagente.com.ar\/index\/2026\/08\/25\/brasil-el-estado-dispuso-el-salvataje-de-empresas\/#webpage"},"isPartOf":{"@id":"https:\/\/lavozdelagente.com.ar\/index\/2026\/08\/25\/brasil-el-estado-dispuso-el-salvataje-de-empresas\/#webpage"},"articleSection":"Varios"},{"@type":"BreadcrumbList","@id":"https:\/\/lavozdelagente.com.ar\/index\/2026\/08\/25\/brasil-el-estado-dispuso-el-salvataje-de-empresas\/#breadcrumblist","itemListElement":[{"@type":"ListItem","@id":"https:\/\/lavozdelagente.com.ar\/index#listItem","position":1,"name":"Home","item":"https:\/\/lavozdelagente.com.ar\/index","nextItem":{"@type":"ListItem","@id":"https:\/\/lavozdelagente.com.ar\/index\/category\/varios\/#listItem","name":"Varios"}},{"@type":"ListItem","@id":"https:\/\/lavozdelagente.com.ar\/index\/category\/varios\/#listItem","position":2,"name":"Varios","item":"https:\/\/lavozdelagente.com.ar\/index\/category\/varios\/","nextItem":{"@type":"ListItem","@id":"https:\/\/lavozdelagente.com.ar\/index\/2026\/08\/25\/brasil-el-estado-dispuso-el-salvataje-de-empresas\/#listItem","name":"Brasil: el Estado dispuso el salvataje de empresas"},"previousItem":{"@type":"ListItem","@id":"https:\/\/lavozdelagente.com.ar\/index#listItem","name":"Home"}},{"@type":"ListItem","@id":"https:\/\/lavozdelagente.com.ar\/index\/2026\/08\/25\/brasil-el-estado-dispuso-el-salvataje-de-empresas\/#listItem","position":3,"name":"Brasil: el Estado dispuso el salvataje de empresas","previousItem":{"@type":"ListItem","@id":"https:\/\/lavozdelagente.com.ar\/index\/category\/varios\/#listItem","name":"Varios"}}]},{"@type":"Person","@id":"https:\/\/lavozdelagente.com.ar\/index\/author\/rober\/#author","url":"https:\/\/lavozdelagente.com.ar\/index\/author\/rober\/","name":"rober","image":{"@type":"ImageObject","@id":"https:\/\/lavozdelagente.com.ar\/index\/2026\/08\/25\/brasil-el-estado-dispuso-el-salvataje-de-empresas\/#authorImage","url":"https:\/\/secure.gravatar.com\/avatar\/901a62cd098b11a08c5fe38d2de0f8ad6b745f5d4f6413ad71e1630ac07766e0?s=96&d=mm&r=g","width":96,"height":96,"caption":"rober"}},{"@type":"WebPage","@id":"https:\/\/lavozdelagente.com.ar\/index\/2026\/08\/25\/brasil-el-estado-dispuso-el-salvataje-de-empresas\/#webpage","url":"https:\/\/lavozdelagente.com.ar\/index\/2026\/08\/25\/brasil-el-estado-dispuso-el-salvataje-de-empresas\/","name":"Brasil: el Estado dispuso el salvataje de empresas - LA VOZ DE LA GENTE","description":"El Gobierno de Brasil public\u00f3 en el Diario Oficial de la Uni\u00f3n el dictamen que aprueba la distribuci\u00f3n de 13.500 millones de reales (unos 2.620 millones de d\u00f3lares) en l\u00edneas de cr\u00e9dito para empresas afectadas por los aranceles impuestos por Estados Unidos y por los efectos de conflictos internacionales, dentro de una nueva etapa del","inLanguage":"es-ES","isPartOf":{"@id":"https:\/\/lavozdelagente.com.ar\/index\/#website"},"breadcrumb":{"@id":"https:\/\/lavozdelagente.com.ar\/index\/2026\/08\/25\/brasil-el-estado-dispuso-el-salvataje-de-empresas\/#breadcrumblist"},"author":{"@id":"https:\/\/lavozdelagente.com.ar\/index\/author\/rober\/#author"},"creator":{"@id":"https:\/\/lavozdelagente.com.ar\/index\/author\/rober\/#author"},"image":{"@type":"ImageObject","url":"https:\/\/lavozdelagente.com.ar\/wp-content\/uploads\/2026\/08\/lula.avif","@id":"https:\/\/lavozdelagente.com.ar\/index\/2026\/08\/25\/brasil-el-estado-dispuso-el-salvataje-de-empresas\/#mainImage","width":811,"height":540},"primaryImageOfPage":{"@id":"https:\/\/lavozdelagente.com.ar\/index\/2026\/08\/25\/brasil-el-estado-dispuso-el-salvataje-de-empresas\/#mainImage"},"datePublished":"2026-08-25T14:19:18+00:00","dateModified":"2026-08-25T14:19:18+00:00"},{"@type":"WebSite","@id":"https:\/\/lavozdelagente.com.ar\/index\/#website","url":"https:\/\/lavozdelagente.com.ar\/index\/","name":"LA VOZ DE LA GENTE","description":"SDE","inLanguage":"es-ES","publisher":{"@id":"https:\/\/lavozdelagente.com.ar\/index\/#person"}}]},"og:locale":"es_ES","og:site_name":"LA VOZ DE LA GENTE - SDE","og:type":"article","og:title":"Brasil: el Estado dispuso el salvataje de empresas - LA VOZ DE LA GENTE","og:description":"El Gobierno de Brasil public\u00f3 en el Diario Oficial de la Uni\u00f3n el dictamen que aprueba la distribuci\u00f3n de 13.500 millones de reales (unos 2.620 millones de d\u00f3lares) en l\u00edneas de cr\u00e9dito para empresas afectadas por los aranceles impuestos por Estados Unidos y por los efectos de conflictos internacionales, dentro de una nueva etapa del","og:url":"https:\/\/lavozdelagente.com.ar\/index\/2026\/08\/25\/brasil-el-estado-dispuso-el-salvataje-de-empresas\/","article:published_time":"2026-08-25T14:19:18+00:00","article:modified_time":"2026-08-25T14:19:18+00:00","twitter:card":"summary_large_image","twitter:title":"Brasil: el Estado dispuso el salvataje de empresas - LA VOZ DE LA GENTE","twitter:description":"El Gobierno de Brasil public\u00f3 en el Diario Oficial de la Uni\u00f3n el dictamen que aprueba la distribuci\u00f3n de 13.500 millones de reales (unos 2.620 millones de d\u00f3lares) en l\u00edneas de cr\u00e9dito para empresas afectadas por los aranceles impuestos por Estados Unidos y por los efectos de conflictos internacionales, dentro de una nueva etapa del"},"aioseo_meta_data":{"post_id":"3528","title":null,"description":null,"keywords":null,"keyphrases":{"focus":{"keyphrase":"","score":0,"analysis":{"keyphraseInTitle":{"score":0,"maxScore":9,"error":1}}},"additional":[]},"primary_term":null,"canonical_url":null,"og_title":null,"og_description":null,"og_object_type":"default","og_image_type":"default","og_image_url":null,"og_image_width":null,"og_image_height":null,"og_image_custom_url":null,"og_image_custom_fields":null,"og_video":"","og_custom_url":null,"og_article_section":null,"og_article_tags":null,"twitter_use_og":false,"twitter_card":"default","twitter_image_type":"default","twitter_image_url":null,"twitter_image_custom_url":null,"twitter_image_custom_fields":null,"twitter_title":null,"twitter_description":null,"schema":{"blockGraphs":[],"customGraphs":[],"default":{"data":{"Article":[],"Course":[],"Dataset":[],"FAQPage":[],"Movie":[],"Person":[],"Product":[],"ProductReview":[],"Car":[],"Recipe":[],"Service":[],"SoftwareApplication":[],"WebPage":[]},"graphName":"BlogPosting","isEnabled":true},"graphs":[]},"schema_type":"default","schema_type_options":null,"pillar_content":false,"robots_default":true,"robots_noindex":false,"robots_noarchive":false,"robots_nosnippet":false,"robots_nofollow":false,"robots_noimageindex":false,"robots_noodp":false,"robots_notranslate":false,"robots_max_snippet":"-1","robots_max_videopreview":"-1","robots_max_imagepreview":"large","priority":null,"frequency":"default","local_seo":null,"breadcrumb_settings":null,"limit_modified_date":false,"ai":{"faqs":[],"keyPoints":[],"schemas":[],"titles":[],"descriptions":[],"socialPosts":{"email":{"subject":"","preview":"","content":""},"linkedin":[],"twitter":[],"facebook":[],"instagram":[]}},"created":"2026-08-25 14:19:18","updated":"2026-08-25 21:14:27","seo_analyzer_scan_date":null,"focus_keyword":null,"additional_keywords":null,"truseo_locale":null},"aioseo_breadcrumb":"<div class=\"aioseo-breadcrumbs\"><span class=\"aioseo-breadcrumb\">\n\t\t\t<a href=\"https:\/\/lavozdelagente.com.ar\/index\" title=\"Home\">Home<\/a>\n\t\t<\/span><span class=\"aioseo-breadcrumb-separator\">&raquo;<\/span><span class=\"aioseo-breadcrumb\">\n\t\t\t<a href=\"https:\/\/lavozdelagente.com.ar\/index\/category\/varios\/\" title=\"Varios\">Varios<\/a>\n\t\t<\/span><span class=\"aioseo-breadcrumb-separator\">&raquo;<\/span><span class=\"aioseo-breadcrumb\">\n\t\t\tBrasil: el Estado dispuso el salvataje de empresas\n\t\t<\/span><\/div>","aioseo_breadcrumb_json":[{"label":"Home","link":"https:\/\/lavozdelagente.com.ar\/index"},{"label":"Varios","link":"https:\/\/lavozdelagente.com.ar\/index\/category\/varios\/"},{"label":"Brasil: el Estado dispuso el salvataje de empresas","link":"https:\/\/lavozdelagente.com.ar\/index\/2026\/08\/25\/brasil-el-estado-dispuso-el-salvataje-de-empresas\/"}],"rttpg_featured_image_url":{"full":["https:\/\/lavozdelagente.com.ar\/wp-content\/uploads\/2026\/08\/lula.avif",811,540,false],"landscape":["https:\/\/lavozdelagente.com.ar\/wp-content\/uploads\/2026\/08\/lula.avif",811,540,false],"portraits":["https:\/\/lavozdelagente.com.ar\/wp-content\/uploads\/2026\/08\/lula.avif",811,540,false],"thumbnail":["https:\/\/lavozdelagente.com.ar\/wp-content\/uploads\/2026\/08\/lula-150x150.avif",150,150,true],"medium":["https:\/\/lavozdelagente.com.ar\/wp-content\/uploads\/2026\/08\/lula-300x200.avif",300,200,true],"large":["https:\/\/lavozdelagente.com.ar\/wp-content\/uploads\/2026\/08\/lula.avif",800,533,false],"1536x1536":["https:\/\/lavozdelagente.com.ar\/wp-content\/uploads\/2026\/08\/lula.avif",811,540,false],"2048x2048":["https:\/\/lavozdelagente.com.ar\/wp-content\/uploads\/2026\/08\/lula.avif",811,540,false],"colormag-highlighted-post":["https:\/\/lavozdelagente.com.ar\/wp-content\/uploads\/2026\/08\/lula-392x272.avif",392,272,true],"colormag-featured-post-medium":["https:\/\/lavozdelagente.com.ar\/wp-content\/uploads\/2026\/08\/lula-390x205.avif",390,205,true],"colormag-featured-post-small":["https:\/\/lavozdelagente.com.ar\/wp-content\/uploads\/2026\/08\/lula-130x90.avif",130,90,true],"colormag-featured-image":["https:\/\/lavozdelagente.com.ar\/wp-content\/uploads\/2026\/08\/lula-800x445.avif",800,445,true],"colormag-default-news":["https:\/\/lavozdelagente.com.ar\/wp-content\/uploads\/2026\/08\/lula-150x150.avif",150,150,true],"colormag-featured-image-large":["https:\/\/lavozdelagente.com.ar\/wp-content\/uploads\/2026\/08\/lula.avif",811,540,false]},"rttpg_author":{"display_name":"rober","author_link":"https:\/\/lavozdelagente.com.ar\/index\/author\/rober\/"},"rttpg_comment":0,"rttpg_category":"<a href=\"https:\/\/lavozdelagente.com.ar\/index\/category\/varios\/\" rel=\"category tag\">Varios<\/a>","rttpg_excerpt":"El Gobierno de Brasil public\u00f3 en el Diario Oficial de la Uni\u00f3n el dictamen que aprueba la distribuci\u00f3n de 13.500","_links":{"self":[{"href":"https:\/\/lavozdelagente.com.ar\/index\/wp-json\/wp\/v2\/posts\/3528","targetHints":{"allow":["GET"]}}],"collection":[{"href":"https:\/\/lavozdelagente.com.ar\/index\/wp-json\/wp\/v2\/posts"}],"about":[{"href":"https:\/\/lavozdelagente.com.ar\/index\/wp-json\/wp\/v2\/types\/post"}],"author":[{"embeddable":true,"href":"https:\/\/lavozdelagente.com.ar\/index\/wp-json\/wp\/v2\/users\/2"}],"replies":[{"embeddable":true,"href":"https:\/\/lavozdelagente.com.ar\/index\/wp-json\/wp\/v2\/comments?post=3528"}],"version-history":[{"count":1,"href":"https:\/\/lavozdelagente.com.ar\/index\/wp-json\/wp\/v2\/posts\/3528\/revisions"}],"predecessor-version":[{"id":3530,"href":"https:\/\/lavozdelagente.com.ar\/index\/wp-json\/wp\/v2\/posts\/3528\/revisions\/3530"}],"wp:featuredmedia":[{"embeddable":true,"href":"https:\/\/lavozdelagente.com.ar\/index\/wp-json\/wp\/v2\/media\/3529"}],"wp:attachment":[{"href":"https:\/\/lavozdelagente.com.ar\/index\/wp-json\/wp\/v2\/media?parent=3528"}],"wp:term":[{"taxonomy":"category","embeddable":true,"href":"https:\/\/lavozdelagente.com.ar\/index\/wp-json\/wp\/v2\/categories?post=3528"},{"taxonomy":"post_tag","embeddable":true,"href":"https:\/\/lavozdelagente.com.ar\/index\/wp-json\/wp\/v2\/tags?post=3528"}],"curies":[{"name":"wp","href":"https:\/\/api.w.org\/{rel}","templated":true}]}}