{"id":3534,"date":"2026-08-25T21:19:03","date_gmt":"2026-08-25T21:19:03","guid":{"rendered":"https:\/\/lavozdelagente.com.ar\/index\/?p=3534"},"modified":"2026-08-25T21:19:03","modified_gmt":"2026-08-25T21:19:03","slug":"el-gobierno-provincial-y-el-consejo-profesional-de-ingenieria-firmaron-un-convenio","status":"publish","type":"post","link":"https:\/\/lavozdelagente.com.ar\/index\/2026\/08\/25\/el-gobierno-provincial-y-el-consejo-profesional-de-ingenieria-firmaron-un-convenio\/","title":{"rendered":"El gobierno provincial y el consejo profesional de ingenier\u00eda firmaron un convenio"},"content":{"rendered":"<p>El Gobierno de la provincia, mediante un trabajo articulado entre la Jefatura de Gabinete y el Ministerio de Obras, Servicios P\u00fablicos y Agua, concret\u00f3 la firma de un protocolo de trabajo junto al Consejo Profesional de Ingenier\u00eda y Afines y el Centro de Ingenieros Civiles para realizar un estudio integral de la red de caminos terciarios, vecinales y rurales de la provincia.<br \/>\nSe trata de una labor t\u00e9cnica especializada que permitir\u00e1 contar con informaci\u00f3n precisa y actualizada para la planificaci\u00f3n estrat\u00e9gica, la asignaci\u00f3n eficiente de recursos y la toma de decisiones para los pr\u00f3ximos a\u00f1os.<br \/>\nEl convenio fue suscripto por el jefe de Gabinete de Ministros, V\u00edctor Araujo; el ministerio de Obras, Servicios P\u00fablicos y Agua, Aldo Hid; el secretario ejecutivo del Consejo Econ\u00f3mico Social, Miguel \u00c1ngel Mandrille, y el presidente interventor del Consejo Provincial de Vialidad, Jos\u00e9 Ram\u00f3n Herrera. En representaci\u00f3n del Consejo Profesional de Ingenier\u00eda y Afines de Santiago del Estero, firm\u00f3 su presidente, Mario Hugo Mondino, y el ingeniero civil Facundo Moya Cocco.<br \/>\nEl plan de acci\u00f3n contempla un abordaje t\u00e9cnico, social, econ\u00f3mico y ambiental mediante el uso de tecnolog\u00eda satelital y la inspecci\u00f3n directa sobre el terreno en una extensi\u00f3n estimada de 10.000 kil\u00f3metros de caminos de relevancia.<br \/>\nA partir de estas tareas se determinar\u00e1 el estado actual de las v\u00edas diferenciado por regiones y departamentos, lo que permitir\u00e1 confeccionar un mapa actualizado de la red terciaria y definir un plan de priorizaci\u00f3n para futuras obras viales. El proyecto contempla un di\u00e1logo entre las \u00e1reas ministeriales y los representantes de cada localidad para diagnosticar las necesidades m\u00e1s urgentes e integrar las demandas territoriales a los diagramas de costos proyectados.<br \/>\nEn referencia a la firma, Mondino dijo que el trabajo se plante\u00f3 en etapas: \u201cLa primera es el reconocimiento de la red vecinal rural m\u00e1s conocida como la red terciaria o la red que utiliza los medios de transportes rurales. En el segundo caso, un an\u00e1lisis m\u00e1s detallado por regiones y por departamentos de los principales caminos terciarios rurales, a eso lo vamos a transferir a un mapa de caminos; y la cuarta etapa est\u00e1 relacionada con las posibilidades de inversi\u00f3n y ver cu\u00e1les ser\u00edan las necesarias para agilizar los medios de transporte\u201d.<br \/>\n\u201cEsto va a ser muy importante porque nos va a dar una realidad que se necesita mucho para miles de caminos para transferir la producci\u00f3n hacia los grandes centros de distribuci\u00f3n o inclusive de industrializaci\u00f3n\u201d, fundament\u00f3.<br \/>\nPor su parte, Araujo expres\u00f3: \u201cEs un paso m\u00e1s, muy importante en base al convenio marco que ha firmado la provincia con los distintos consejos y colegios profesionales. A trav\u00e9s de este convenio con el Consejo de Ingenieros y Afines se van a realizar relevamientos, estudios que permitan de alguna manera ver el estado actual de los caminos terciarios, de la red vial pero tambi\u00e9n que facilite la toma de decisiones inteligentes y planificadas, de manera ordenada, en los pr\u00f3ximos a\u00f1os, haciendo un uso m\u00e1s eficiente de los recursos de que se pueda disponer\u201d.<br \/>\n\u201cLa intenci\u00f3n del gobernador El\u00edas Su\u00e1rez \u2013explic\u00f3- es tratar de llegar con este tipo de decisiones impactando en todo el territorio provincial por la importancia tanto econ\u00f3mica, pero tambi\u00e9n social. Tenemos una provincia que es muy extensa y es muy dispersa en su en su poblaci\u00f3n y que, si bien, se ha trabajado much\u00edsimo en los \u00faltimos a\u00f1os y se ha avanzado en la red vial, la enorme extensi\u00f3n que tiene nuestra provincia demanda un trabajo permanente y tambi\u00e9n inversiones en la medida de las posibilidades, inversiones importantes y permanentes\u201d.<\/p>\n","protected":false},"excerpt":{"rendered":"<p>El Gobierno de la provincia, mediante un trabajo articulado entre la Jefatura de Gabinete y el Ministerio de Obras, Servicios<\/p>\n","protected":false},"author":2,"featured_media":3535,"comment_status":"open","ping_status":"open","sticky":false,"template":"","format":"standard","meta":{"colormag_page_container_layout":"default_layout","colormag_page_sidebar_layout":"default_layout","om_disable_all_campaigns":false,"_monsterinsights_skip_tracking":false,"footnotes":""},"categories":[2],"tags":[],"class_list":["post-3534","post","type-post","status-publish","format-standard","has-post-thumbnail","hentry","category-santiago"],"aioseo_notices":[],"aioseo_head":"\n\t\t<!-- All in One SEO 5.0.1.1 - aioseo.com -->\n\t<meta name=\"description\" content=\"El Gobierno de la provincia, mediante un trabajo articulado entre la Jefatura de Gabinete y el Ministerio de Obras, Servicios P\u00fablicos y Agua, concret\u00f3 la firma de un protocolo de trabajo junto al Consejo Profesional de Ingenier\u00eda y Afines y el Centro de Ingenieros Civiles para realizar un estudio integral de la red de caminos\" \/>\n\t<meta name=\"robots\" content=\"max-image-preview:large\" \/>\n\t<meta name=\"author\" content=\"rober\"\/>\n\t<meta name=\"google-site-verification\" content=\"dJHDh1fUzR1o-UwpFfn1JyiF-0R1LCNFZReSb-gbgcE\" \/>\n\t<link rel=\"canonical\" href=\"https:\/\/lavozdelagente.com.ar\/index\/2026\/08\/25\/el-gobierno-provincial-y-el-consejo-profesional-de-ingenieria-firmaron-un-convenio\/\" \/>\n\t<meta name=\"generator\" content=\"All in One SEO (AIOSEO) 5.0.1.1\" \/>\n\t\t<meta property=\"og:locale\" content=\"es_ES\" \/>\n\t\t<meta property=\"og:site_name\" content=\"LA VOZ DE LA GENTE - SDE\" \/>\n\t\t<meta property=\"og:type\" content=\"article\" \/>\n\t\t<meta property=\"og:title\" content=\"El gobierno provincial y el consejo profesional de ingenier\u00eda firmaron un convenio - LA VOZ DE LA GENTE\" \/>\n\t\t<meta property=\"og:description\" content=\"El Gobierno de la provincia, mediante un trabajo articulado entre la Jefatura de Gabinete y el Ministerio de Obras, Servicios P\u00fablicos y Agua, concret\u00f3 la firma de un protocolo de trabajo junto al Consejo Profesional de Ingenier\u00eda y Afines y el Centro de Ingenieros Civiles para realizar un estudio integral de la red de caminos\" \/>\n\t\t<meta property=\"og:url\" content=\"https:\/\/lavozdelagente.com.ar\/index\/2026\/08\/25\/el-gobierno-provincial-y-el-consejo-profesional-de-ingenieria-firmaron-un-convenio\/\" \/>\n\t\t<meta property=\"article:published_time\" content=\"2026-08-25T21:19:03+00:00\" \/>\n\t\t<meta property=\"article:modified_time\" content=\"2026-08-25T21:19:03+00:00\" \/>\n\t\t<meta name=\"twitter:card\" content=\"summary_large_image\" \/>\n\t\t<meta name=\"twitter:title\" content=\"El gobierno provincial y el consejo profesional de ingenier\u00eda firmaron un convenio - LA VOZ DE LA GENTE\" \/>\n\t\t<meta name=\"twitter:description\" content=\"El Gobierno de la provincia, mediante un trabajo articulado entre la Jefatura de Gabinete y el Ministerio de Obras, Servicios P\u00fablicos y Agua, concret\u00f3 la firma de un protocolo de trabajo junto al Consejo Profesional de Ingenier\u00eda y Afines y el Centro de Ingenieros Civiles para realizar un estudio integral de la red de caminos\" \/>\n\t\t<script type=\"application\/ld+json\" class=\"aioseo-schema\">\n\t\t\t{\"@context\":\"https:\\\/\\\/schema.org\",\"@graph\":[{\"@type\":\"BlogPosting\",\"@id\":\"https:\\\/\\\/lavozdelagente.com.ar\\\/index\\\/2026\\\/08\\\/25\\\/el-gobierno-provincial-y-el-consejo-profesional-de-ingenieria-firmaron-un-convenio\\\/#blogposting\",\"name\":\"El gobierno provincial y el consejo profesional de ingenier\\u00eda firmaron un convenio - LA VOZ DE LA GENTE\",\"headline\":\"El gobierno provincial y el consejo profesional de ingenier\\u00eda firmaron un convenio\",\"author\":{\"@id\":\"https:\\\/\\\/lavozdelagente.com.ar\\\/index\\\/author\\\/rober\\\/#author\"},\"publisher\":{\"@id\":\"https:\\\/\\\/lavozdelagente.com.ar\\\/index\\\/#person\"},\"image\":{\"@type\":\"ImageObject\",\"url\":\"https:\\\/\\\/lavozdelagente.com.ar\\\/wp-content\\\/uploads\\\/2026\\\/08\\\/convenio-1.jpeg\",\"width\":1000,\"height\":666},\"datePublished\":\"2026-08-25T21:19:03+00:00\",\"dateModified\":\"2026-08-25T21:19:03+00:00\",\"inLanguage\":\"es-ES\",\"mainEntityOfPage\":{\"@id\":\"https:\\\/\\\/lavozdelagente.com.ar\\\/index\\\/2026\\\/08\\\/25\\\/el-gobierno-provincial-y-el-consejo-profesional-de-ingenieria-firmaron-un-convenio\\\/#webpage\"},\"isPartOf\":{\"@id\":\"https:\\\/\\\/lavozdelagente.com.ar\\\/index\\\/2026\\\/08\\\/25\\\/el-gobierno-provincial-y-el-consejo-profesional-de-ingenieria-firmaron-un-convenio\\\/#webpage\"},\"articleSection\":\"Santiago\"},{\"@type\":\"BreadcrumbList\",\"@id\":\"https:\\\/\\\/lavozdelagente.com.ar\\\/index\\\/2026\\\/08\\\/25\\\/el-gobierno-provincial-y-el-consejo-profesional-de-ingenieria-firmaron-un-convenio\\\/#breadcrumblist\",\"itemListElement\":[{\"@type\":\"ListItem\",\"@id\":\"https:\\\/\\\/lavozdelagente.com.ar\\\/index#listItem\",\"position\":1,\"name\":\"Home\",\"item\":\"https:\\\/\\\/lavozdelagente.com.ar\\\/index\",\"nextItem\":{\"@type\":\"ListItem\",\"@id\":\"https:\\\/\\\/lavozdelagente.com.ar\\\/index\\\/category\\\/santiago\\\/#listItem\",\"name\":\"Santiago\"}},{\"@type\":\"ListItem\",\"@id\":\"https:\\\/\\\/lavozdelagente.com.ar\\\/index\\\/category\\\/santiago\\\/#listItem\",\"position\":2,\"name\":\"Santiago\",\"item\":\"https:\\\/\\\/lavozdelagente.com.ar\\\/index\\\/category\\\/santiago\\\/\",\"nextItem\":{\"@type\":\"ListItem\",\"@id\":\"https:\\\/\\\/lavozdelagente.com.ar\\\/index\\\/2026\\\/08\\\/25\\\/el-gobierno-provincial-y-el-consejo-profesional-de-ingenieria-firmaron-un-convenio\\\/#listItem\",\"name\":\"El gobierno provincial y el consejo profesional de ingenier\\u00eda firmaron un convenio\"},\"previousItem\":{\"@type\":\"ListItem\",\"@id\":\"https:\\\/\\\/lavozdelagente.com.ar\\\/index#listItem\",\"name\":\"Home\"}},{\"@type\":\"ListItem\",\"@id\":\"https:\\\/\\\/lavozdelagente.com.ar\\\/index\\\/2026\\\/08\\\/25\\\/el-gobierno-provincial-y-el-consejo-profesional-de-ingenieria-firmaron-un-convenio\\\/#listItem\",\"position\":3,\"name\":\"El gobierno provincial y el consejo profesional de ingenier\\u00eda firmaron un convenio\",\"previousItem\":{\"@type\":\"ListItem\",\"@id\":\"https:\\\/\\\/lavozdelagente.com.ar\\\/index\\\/category\\\/santiago\\\/#listItem\",\"name\":\"Santiago\"}}]},{\"@type\":\"Person\",\"@id\":\"https:\\\/\\\/lavozdelagente.com.ar\\\/index\\\/author\\\/rober\\\/#author\",\"url\":\"https:\\\/\\\/lavozdelagente.com.ar\\\/index\\\/author\\\/rober\\\/\",\"name\":\"rober\",\"image\":{\"@type\":\"ImageObject\",\"@id\":\"https:\\\/\\\/lavozdelagente.com.ar\\\/index\\\/2026\\\/08\\\/25\\\/el-gobierno-provincial-y-el-consejo-profesional-de-ingenieria-firmaron-un-convenio\\\/#authorImage\",\"url\":\"https:\\\/\\\/secure.gravatar.com\\\/avatar\\\/901a62cd098b11a08c5fe38d2de0f8ad6b745f5d4f6413ad71e1630ac07766e0?s=96&d=mm&r=g\",\"width\":96,\"height\":96,\"caption\":\"rober\"}},{\"@type\":\"WebPage\",\"@id\":\"https:\\\/\\\/lavozdelagente.com.ar\\\/index\\\/2026\\\/08\\\/25\\\/el-gobierno-provincial-y-el-consejo-profesional-de-ingenieria-firmaron-un-convenio\\\/#webpage\",\"url\":\"https:\\\/\\\/lavozdelagente.com.ar\\\/index\\\/2026\\\/08\\\/25\\\/el-gobierno-provincial-y-el-consejo-profesional-de-ingenieria-firmaron-un-convenio\\\/\",\"name\":\"El gobierno provincial y el consejo profesional de ingenier\\u00eda firmaron un convenio - LA VOZ DE LA GENTE\",\"description\":\"El Gobierno de la provincia, mediante un trabajo articulado entre la Jefatura de Gabinete y el Ministerio de Obras, Servicios P\\u00fablicos y Agua, concret\\u00f3 la firma de un protocolo de trabajo junto al Consejo Profesional de Ingenier\\u00eda y Afines y el Centro de Ingenieros Civiles para realizar un estudio integral de la red de caminos\",\"inLanguage\":\"es-ES\",\"isPartOf\":{\"@id\":\"https:\\\/\\\/lavozdelagente.com.ar\\\/index\\\/#website\"},\"breadcrumb\":{\"@id\":\"https:\\\/\\\/lavozdelagente.com.ar\\\/index\\\/2026\\\/08\\\/25\\\/el-gobierno-provincial-y-el-consejo-profesional-de-ingenieria-firmaron-un-convenio\\\/#breadcrumblist\"},\"author\":{\"@id\":\"https:\\\/\\\/lavozdelagente.com.ar\\\/index\\\/author\\\/rober\\\/#author\"},\"creator\":{\"@id\":\"https:\\\/\\\/lavozdelagente.com.ar\\\/index\\\/author\\\/rober\\\/#author\"},\"image\":{\"@type\":\"ImageObject\",\"url\":\"https:\\\/\\\/lavozdelagente.com.ar\\\/wp-content\\\/uploads\\\/2026\\\/08\\\/convenio-1.jpeg\",\"@id\":\"https:\\\/\\\/lavozdelagente.com.ar\\\/index\\\/2026\\\/08\\\/25\\\/el-gobierno-provincial-y-el-consejo-profesional-de-ingenieria-firmaron-un-convenio\\\/#mainImage\",\"width\":1000,\"height\":666},\"primaryImageOfPage\":{\"@id\":\"https:\\\/\\\/lavozdelagente.com.ar\\\/index\\\/2026\\\/08\\\/25\\\/el-gobierno-provincial-y-el-consejo-profesional-de-ingenieria-firmaron-un-convenio\\\/#mainImage\"},\"datePublished\":\"2026-08-25T21:19:03+00:00\",\"dateModified\":\"2026-08-25T21:19:03+00:00\"},{\"@type\":\"WebSite\",\"@id\":\"https:\\\/\\\/lavozdelagente.com.ar\\\/index\\\/#website\",\"url\":\"https:\\\/\\\/lavozdelagente.com.ar\\\/index\\\/\",\"name\":\"LA VOZ DE LA GENTE\",\"description\":\"SDE\",\"inLanguage\":\"es-ES\",\"publisher\":{\"@id\":\"https:\\\/\\\/lavozdelagente.com.ar\\\/index\\\/#person\"}}]}\n\t\t<\/script>\n\t\t<!-- All in One SEO -->\n\n","aioseo_head_json":{"title":"El gobierno provincial y el consejo profesional de ingenier\u00eda firmaron un convenio - LA VOZ DE LA GENTE","description":"El Gobierno de la provincia, mediante un trabajo articulado entre la Jefatura de Gabinete y el Ministerio de Obras, Servicios P\u00fablicos y Agua, concret\u00f3 la firma de un protocolo de trabajo junto al Consejo Profesional de Ingenier\u00eda y Afines y el Centro de Ingenieros Civiles para realizar un estudio integral de la red de caminos","canonical_url":"https:\/\/lavozdelagente.com.ar\/index\/2026\/08\/25\/el-gobierno-provincial-y-el-consejo-profesional-de-ingenieria-firmaron-un-convenio\/","robots":"max-image-preview:large","keywords":"","webmasterTools":{"google-site-verification":"dJHDh1fUzR1o-UwpFfn1JyiF-0R1LCNFZReSb-gbgcE","miscellaneous":""},"schema":{"@context":"https:\/\/schema.org","@graph":[{"@type":"BlogPosting","@id":"https:\/\/lavozdelagente.com.ar\/index\/2026\/08\/25\/el-gobierno-provincial-y-el-consejo-profesional-de-ingenieria-firmaron-un-convenio\/#blogposting","name":"El gobierno provincial y el consejo profesional de ingenier\u00eda firmaron un convenio - LA VOZ DE LA GENTE","headline":"El gobierno provincial y el consejo profesional de ingenier\u00eda firmaron un convenio","author":{"@id":"https:\/\/lavozdelagente.com.ar\/index\/author\/rober\/#author"},"publisher":{"@id":"https:\/\/lavozdelagente.com.ar\/index\/#person"},"image":{"@type":"ImageObject","url":"https:\/\/lavozdelagente.com.ar\/wp-content\/uploads\/2026\/08\/convenio-1.jpeg","width":1000,"height":666},"datePublished":"2026-08-25T21:19:03+00:00","dateModified":"2026-08-25T21:19:03+00:00","inLanguage":"es-ES","mainEntityOfPage":{"@id":"https:\/\/lavozdelagente.com.ar\/index\/2026\/08\/25\/el-gobierno-provincial-y-el-consejo-profesional-de-ingenieria-firmaron-un-convenio\/#webpage"},"isPartOf":{"@id":"https:\/\/lavozdelagente.com.ar\/index\/2026\/08\/25\/el-gobierno-provincial-y-el-consejo-profesional-de-ingenieria-firmaron-un-convenio\/#webpage"},"articleSection":"Santiago"},{"@type":"BreadcrumbList","@id":"https:\/\/lavozdelagente.com.ar\/index\/2026\/08\/25\/el-gobierno-provincial-y-el-consejo-profesional-de-ingenieria-firmaron-un-convenio\/#breadcrumblist","itemListElement":[{"@type":"ListItem","@id":"https:\/\/lavozdelagente.com.ar\/index#listItem","position":1,"name":"Home","item":"https:\/\/lavozdelagente.com.ar\/index","nextItem":{"@type":"ListItem","@id":"https:\/\/lavozdelagente.com.ar\/index\/category\/santiago\/#listItem","name":"Santiago"}},{"@type":"ListItem","@id":"https:\/\/lavozdelagente.com.ar\/index\/category\/santiago\/#listItem","position":2,"name":"Santiago","item":"https:\/\/lavozdelagente.com.ar\/index\/category\/santiago\/","nextItem":{"@type":"ListItem","@id":"https:\/\/lavozdelagente.com.ar\/index\/2026\/08\/25\/el-gobierno-provincial-y-el-consejo-profesional-de-ingenieria-firmaron-un-convenio\/#listItem","name":"El gobierno provincial y el consejo profesional de ingenier\u00eda firmaron un convenio"},"previousItem":{"@type":"ListItem","@id":"https:\/\/lavozdelagente.com.ar\/index#listItem","name":"Home"}},{"@type":"ListItem","@id":"https:\/\/lavozdelagente.com.ar\/index\/2026\/08\/25\/el-gobierno-provincial-y-el-consejo-profesional-de-ingenieria-firmaron-un-convenio\/#listItem","position":3,"name":"El gobierno provincial y el consejo profesional de ingenier\u00eda firmaron un convenio","previousItem":{"@type":"ListItem","@id":"https:\/\/lavozdelagente.com.ar\/index\/category\/santiago\/#listItem","name":"Santiago"}}]},{"@type":"Person","@id":"https:\/\/lavozdelagente.com.ar\/index\/author\/rober\/#author","url":"https:\/\/lavozdelagente.com.ar\/index\/author\/rober\/","name":"rober","image":{"@type":"ImageObject","@id":"https:\/\/lavozdelagente.com.ar\/index\/2026\/08\/25\/el-gobierno-provincial-y-el-consejo-profesional-de-ingenieria-firmaron-un-convenio\/#authorImage","url":"https:\/\/secure.gravatar.com\/avatar\/901a62cd098b11a08c5fe38d2de0f8ad6b745f5d4f6413ad71e1630ac07766e0?s=96&d=mm&r=g","width":96,"height":96,"caption":"rober"}},{"@type":"WebPage","@id":"https:\/\/lavozdelagente.com.ar\/index\/2026\/08\/25\/el-gobierno-provincial-y-el-consejo-profesional-de-ingenieria-firmaron-un-convenio\/#webpage","url":"https:\/\/lavozdelagente.com.ar\/index\/2026\/08\/25\/el-gobierno-provincial-y-el-consejo-profesional-de-ingenieria-firmaron-un-convenio\/","name":"El gobierno provincial y el consejo profesional de ingenier\u00eda firmaron un convenio - LA VOZ DE LA GENTE","description":"El Gobierno de la provincia, mediante un trabajo articulado entre la Jefatura de Gabinete y el Ministerio de Obras, Servicios P\u00fablicos y Agua, concret\u00f3 la firma de un protocolo de trabajo junto al Consejo Profesional de Ingenier\u00eda y Afines y el Centro de Ingenieros Civiles para realizar un estudio integral de la red de caminos","inLanguage":"es-ES","isPartOf":{"@id":"https:\/\/lavozdelagente.com.ar\/index\/#website"},"breadcrumb":{"@id":"https:\/\/lavozdelagente.com.ar\/index\/2026\/08\/25\/el-gobierno-provincial-y-el-consejo-profesional-de-ingenieria-firmaron-un-convenio\/#breadcrumblist"},"author":{"@id":"https:\/\/lavozdelagente.com.ar\/index\/author\/rober\/#author"},"creator":{"@id":"https:\/\/lavozdelagente.com.ar\/index\/author\/rober\/#author"},"image":{"@type":"ImageObject","url":"https:\/\/lavozdelagente.com.ar\/wp-content\/uploads\/2026\/08\/convenio-1.jpeg","@id":"https:\/\/lavozdelagente.com.ar\/index\/2026\/08\/25\/el-gobierno-provincial-y-el-consejo-profesional-de-ingenieria-firmaron-un-convenio\/#mainImage","width":1000,"height":666},"primaryImageOfPage":{"@id":"https:\/\/lavozdelagente.com.ar\/index\/2026\/08\/25\/el-gobierno-provincial-y-el-consejo-profesional-de-ingenieria-firmaron-un-convenio\/#mainImage"},"datePublished":"2026-08-25T21:19:03+00:00","dateModified":"2026-08-25T21:19:03+00:00"},{"@type":"WebSite","@id":"https:\/\/lavozdelagente.com.ar\/index\/#website","url":"https:\/\/lavozdelagente.com.ar\/index\/","name":"LA VOZ DE LA GENTE","description":"SDE","inLanguage":"es-ES","publisher":{"@id":"https:\/\/lavozdelagente.com.ar\/index\/#person"}}]},"og:locale":"es_ES","og:site_name":"LA VOZ DE LA GENTE - SDE","og:type":"article","og:title":"El gobierno provincial y el consejo profesional de ingenier\u00eda firmaron un convenio - LA VOZ DE LA GENTE","og:description":"El Gobierno de la provincia, mediante un trabajo articulado entre la Jefatura de Gabinete y el Ministerio de Obras, Servicios P\u00fablicos y Agua, concret\u00f3 la firma de un protocolo de trabajo junto al Consejo Profesional de Ingenier\u00eda y Afines y el Centro de Ingenieros Civiles para realizar un estudio integral de la red de caminos","og:url":"https:\/\/lavozdelagente.com.ar\/index\/2026\/08\/25\/el-gobierno-provincial-y-el-consejo-profesional-de-ingenieria-firmaron-un-convenio\/","article:published_time":"2026-08-25T21:19:03+00:00","article:modified_time":"2026-08-25T21:19:03+00:00","twitter:card":"summary_large_image","twitter:title":"El gobierno provincial y el consejo profesional de ingenier\u00eda firmaron un convenio - LA VOZ DE LA GENTE","twitter:description":"El Gobierno de la provincia, mediante un trabajo articulado entre la Jefatura de Gabinete y el Ministerio de Obras, Servicios P\u00fablicos y Agua, concret\u00f3 la firma de un protocolo de trabajo junto al Consejo Profesional de Ingenier\u00eda y Afines y el Centro de Ingenieros Civiles para realizar un estudio integral de la red de caminos"},"aioseo_meta_data":{"post_id":"3534","title":null,"description":null,"keywords":null,"keyphrases":{"focus":{"keyphrase":"","score":0,"analysis":{"keyphraseInTitle":{"score":0,"maxScore":9,"error":1}}},"additional":[]},"primary_term":null,"canonical_url":null,"og_title":null,"og_description":null,"og_object_type":"default","og_image_type":"default","og_image_url":null,"og_image_width":null,"og_image_height":null,"og_image_custom_url":null,"og_image_custom_fields":null,"og_video":"","og_custom_url":null,"og_article_section":null,"og_article_tags":null,"twitter_use_og":false,"twitter_card":"default","twitter_image_type":"default","twitter_image_url":null,"twitter_image_custom_url":null,"twitter_image_custom_fields":null,"twitter_title":null,"twitter_description":null,"schema":{"blockGraphs":[],"customGraphs":[],"default":{"data":{"Article":[],"Course":[],"Dataset":[],"FAQPage":[],"Movie":[],"Person":[],"Product":[],"ProductReview":[],"Car":[],"Recipe":[],"Service":[],"SoftwareApplication":[],"WebPage":[]},"graphName":"BlogPosting","isEnabled":true},"graphs":[]},"schema_type":"default","schema_type_options":null,"pillar_content":false,"robots_default":true,"robots_noindex":false,"robots_noarchive":false,"robots_nosnippet":false,"robots_nofollow":false,"robots_noimageindex":false,"robots_noodp":false,"robots_notranslate":false,"robots_max_snippet":"-1","robots_max_videopreview":"-1","robots_max_imagepreview":"large","priority":null,"frequency":"default","local_seo":null,"breadcrumb_settings":null,"limit_modified_date":false,"ai":{"faqs":[],"keyPoints":[],"schemas":[],"titles":[],"descriptions":[],"socialPosts":{"email":{"subject":"","preview":"","content":""},"linkedin":[],"twitter":[],"facebook":[],"instagram":[]}},"created":"2026-08-25 21:19:03","updated":"2026-08-26 01:54:29","seo_analyzer_scan_date":null,"focus_keyword":null,"additional_keywords":null,"truseo_locale":null},"aioseo_breadcrumb":"<div class=\"aioseo-breadcrumbs\"><span class=\"aioseo-breadcrumb\">\n\t\t\t<a href=\"https:\/\/lavozdelagente.com.ar\/index\" title=\"Home\">Home<\/a>\n\t\t<\/span><span class=\"aioseo-breadcrumb-separator\">&raquo;<\/span><span class=\"aioseo-breadcrumb\">\n\t\t\t<a href=\"https:\/\/lavozdelagente.com.ar\/index\/category\/santiago\/\" title=\"Santiago\">Santiago<\/a>\n\t\t<\/span><span class=\"aioseo-breadcrumb-separator\">&raquo;<\/span><span class=\"aioseo-breadcrumb\">\n\t\t\tEl gobierno provincial y el consejo profesional de ingenier\u00eda firmaron un convenio\n\t\t<\/span><\/div>","aioseo_breadcrumb_json":[{"label":"Home","link":"https:\/\/lavozdelagente.com.ar\/index"},{"label":"Santiago","link":"https:\/\/lavozdelagente.com.ar\/index\/category\/santiago\/"},{"label":"El gobierno provincial y el consejo profesional de ingenier\u00eda firmaron un convenio","link":"https:\/\/lavozdelagente.com.ar\/index\/2026\/08\/25\/el-gobierno-provincial-y-el-consejo-profesional-de-ingenieria-firmaron-un-convenio\/"}],"rttpg_featured_image_url":{"full":["https:\/\/lavozdelagente.com.ar\/wp-content\/uploads\/2026\/08\/convenio-1.jpeg",1000,666,false],"landscape":["https:\/\/lavozdelagente.com.ar\/wp-content\/uploads\/2026\/08\/convenio-1.jpeg",1000,666,false],"portraits":["https:\/\/lavozdelagente.com.ar\/wp-content\/uploads\/2026\/08\/convenio-1.jpeg",1000,666,false],"thumbnail":["https:\/\/lavozdelagente.com.ar\/wp-content\/uploads\/2026\/08\/convenio-1-150x150.jpeg",150,150,true],"medium":["https:\/\/lavozdelagente.com.ar\/wp-content\/uploads\/2026\/08\/convenio-1-300x200.jpeg",300,200,true],"large":["https:\/\/lavozdelagente.com.ar\/wp-content\/uploads\/2026\/08\/convenio-1.jpeg",800,533,false],"1536x1536":["https:\/\/lavozdelagente.com.ar\/wp-content\/uploads\/2026\/08\/convenio-1.jpeg",1000,666,false],"2048x2048":["https:\/\/lavozdelagente.com.ar\/wp-content\/uploads\/2026\/08\/convenio-1.jpeg",1000,666,false],"colormag-highlighted-post":["https:\/\/lavozdelagente.com.ar\/wp-content\/uploads\/2026\/08\/convenio-1-392x272.jpeg",392,272,true],"colormag-featured-post-medium":["https:\/\/lavozdelagente.com.ar\/wp-content\/uploads\/2026\/08\/convenio-1-390x205.jpeg",390,205,true],"colormag-featured-post-small":["https:\/\/lavozdelagente.com.ar\/wp-content\/uploads\/2026\/08\/convenio-1-130x90.jpeg",130,90,true],"colormag-featured-image":["https:\/\/lavozdelagente.com.ar\/wp-content\/uploads\/2026\/08\/convenio-1-800x445.jpeg",800,445,true],"colormag-default-news":["https:\/\/lavozdelagente.com.ar\/wp-content\/uploads\/2026\/08\/convenio-1-150x150.jpeg",150,150,true],"colormag-featured-image-large":["https:\/\/lavozdelagente.com.ar\/wp-content\/uploads\/2026\/08\/convenio-1-1000x600.jpeg",1000,600,true]},"rttpg_author":{"display_name":"rober","author_link":"https:\/\/lavozdelagente.com.ar\/index\/author\/rober\/"},"rttpg_comment":0,"rttpg_category":"<a href=\"https:\/\/lavozdelagente.com.ar\/index\/category\/santiago\/\" rel=\"category tag\">Santiago<\/a>","rttpg_excerpt":"El Gobierno de la provincia, mediante un trabajo articulado entre la Jefatura de Gabinete y el Ministerio de Obras, Servicios","_links":{"self":[{"href":"https:\/\/lavozdelagente.com.ar\/index\/wp-json\/wp\/v2\/posts\/3534","targetHints":{"allow":["GET"]}}],"collection":[{"href":"https:\/\/lavozdelagente.com.ar\/index\/wp-json\/wp\/v2\/posts"}],"about":[{"href":"https:\/\/lavozdelagente.com.ar\/index\/wp-json\/wp\/v2\/types\/post"}],"author":[{"embeddable":true,"href":"https:\/\/lavozdelagente.com.ar\/index\/wp-json\/wp\/v2\/users\/2"}],"replies":[{"embeddable":true,"href":"https:\/\/lavozdelagente.com.ar\/index\/wp-json\/wp\/v2\/comments?post=3534"}],"version-history":[{"count":2,"href":"https:\/\/lavozdelagente.com.ar\/index\/wp-json\/wp\/v2\/posts\/3534\/revisions"}],"predecessor-version":[{"id":3537,"href":"https:\/\/lavozdelagente.com.ar\/index\/wp-json\/wp\/v2\/posts\/3534\/revisions\/3537"}],"wp:featuredmedia":[{"embeddable":true,"href":"https:\/\/lavozdelagente.com.ar\/index\/wp-json\/wp\/v2\/media\/3535"}],"wp:attachment":[{"href":"https:\/\/lavozdelagente.com.ar\/index\/wp-json\/wp\/v2\/media?parent=3534"}],"wp:term":[{"taxonomy":"category","embeddable":true,"href":"https:\/\/lavozdelagente.com.ar\/index\/wp-json\/wp\/v2\/categories?post=3534"},{"taxonomy":"post_tag","embeddable":true,"href":"https:\/\/lavozdelagente.com.ar\/index\/wp-json\/wp\/v2\/tags?post=3534"}],"curies":[{"name":"wp","href":"https:\/\/api.w.org\/{rel}","templated":true}]}}