{"id":3548,"date":"2026-08-26T13:49:01","date_gmt":"2026-08-26T13:49:01","guid":{"rendered":"https:\/\/lavozdelagente.com.ar\/index\/?p=3548"},"modified":"2026-08-26T13:49:01","modified_gmt":"2026-08-26T13:49:01","slug":"otro-sintoma-del-estancamiento-sigue-la-caida-en-la-venta-de-combustible","status":"publish","type":"post","link":"https:\/\/lavozdelagente.com.ar\/index\/2026\/08\/26\/otro-sintoma-del-estancamiento-sigue-la-caida-en-la-venta-de-combustible\/","title":{"rendered":"Otro s\u00edntoma del estancamiento: sigue la ca\u00edda en la venta de combustible"},"content":{"rendered":"<p>La venta de combustibles al p\u00fablico en estaciones de servicio alcanz\u00f3 un total de 1.368.722 metros c\u00fabicos en julio, lo que representa un retroceso del 6,4% en comparaci\u00f3n con el mismo mes del a\u00f1o pasado.<\/p>\n<p>La contracci\u00f3n marca la sexta ca\u00edda consecutiva interanual del indicador, lo que evidencia la debilidad de la actividad comercial general de la econom\u00eda nacional.<\/p>\n<p>El retroceso afect\u00f3 a los dos grandes segmentos del mercado, ya que las ventas de naftas bajaron un 7,4% interanual, debido a la ca\u00edda del 7,8% en la variedad s\u00faper y del 6,4% en la l\u00ednea premium.<\/p>\n<p>Por su parte, la comercializaci\u00f3n de gasoil descendi\u00f3 un 5,1% en el mismo periodo, traccionada por una merma del 7,0% en el tipo com\u00fan y del 1,9% en el premium.<\/p>\n<p>Los datos surgen de un informe elaborado por la consultora Politikon Chaco sobre la base de registros de la Secretar\u00eda de Energ\u00eda de la Naci\u00f3n, que proces\u00f3 Agencia Noticias Argentinas.<\/p>\n<p>Seg\u00fan detalla el documento, en el acumulado de los primeros siete meses del a\u00f1o, las ventas en el pa\u00eds totalizaron 9,58 millones de metros c\u00fabicos, \u00abel menor volumen para un primer semestre desde 2021.<\/p>\n<p>Frente al mismo lapso de 2025, muestra un descenso del 2,1% con bajas tanto en gasoil (-2,3%) y en naftas (-1,9%).<\/p>\n<p>En la divisi\u00f3n por marcas, las principales petroleras registraron mermas en sus despachos de julio.<\/p>\n<p>YPF, firma que lidera el mercado con una participaci\u00f3n del 55,7%, tuvo una variaci\u00f3n negativa del 5,2%, que es \u00abla mayor desde febrero de 2025\u00bb.<\/p>\n<p>Shell disminuy\u00f3 un 7,0% sus ventas interanuales, mientras que Axion retrocedi\u00f3 un 3,8%.<\/p>\n<p>El declive es generalizado a nivel geogr\u00e1fico, ya que solo tres de las 24 jurisdicciones del pa\u00eds evitaron terreno negativo: La Pampa (con una suba de 0,7%), Neuqu\u00e9n (con 0,5%) y Santiago del Estero (con 0,2%).<\/p>\n<p>En contraste, 21 distritos sufrieron ca\u00eddas interanuales, registr\u00e1ndose bajas de doble d\u00edgito en ocho de ellos.<\/p>\n<p>Las provincias m\u00e1s afectadas en el volumen comercializado fueron Salta con un descenso de 15,9%, Jujuy con 16,4% y Tucum\u00e1n con un retroceso de 22,4%.<\/p>\n<p>Agencia NA<\/p>\n","protected":false},"excerpt":{"rendered":"<p>La venta de combustibles al p\u00fablico en estaciones de servicio alcanz\u00f3 un total de 1.368.722 metros c\u00fabicos en julio, lo<\/p>\n","protected":false},"author":2,"featured_media":3549,"comment_status":"open","ping_status":"open","sticky":false,"template":"","format":"standard","meta":{"colormag_page_container_layout":"default_layout","colormag_page_sidebar_layout":"default_layout","om_disable_all_campaigns":false,"_monsterinsights_skip_tracking":false,"footnotes":""},"categories":[4],"tags":[],"class_list":["post-3548","post","type-post","status-publish","format-standard","has-post-thumbnail","hentry","category-politica"],"aioseo_notices":[],"aioseo_head":"\n\t\t<!-- All in One SEO 5.0.1.1 - aioseo.com -->\n\t<meta name=\"description\" content=\"La venta de combustibles al p\u00fablico en estaciones de servicio alcanz\u00f3 un total de 1.368.722 metros c\u00fabicos en julio, lo que representa un retroceso del 6,4% en comparaci\u00f3n con el mismo mes del a\u00f1o pasado. La contracci\u00f3n marca la sexta ca\u00edda consecutiva interanual del indicador, lo que evidencia la debilidad de la actividad comercial general\" \/>\n\t<meta name=\"robots\" content=\"max-image-preview:large\" \/>\n\t<meta name=\"author\" content=\"rober\"\/>\n\t<meta name=\"google-site-verification\" content=\"dJHDh1fUzR1o-UwpFfn1JyiF-0R1LCNFZReSb-gbgcE\" \/>\n\t<link rel=\"canonical\" href=\"https:\/\/lavozdelagente.com.ar\/index\/2026\/08\/26\/otro-sintoma-del-estancamiento-sigue-la-caida-en-la-venta-de-combustible\/\" \/>\n\t<meta name=\"generator\" content=\"All in One SEO (AIOSEO) 5.0.1.1\" \/>\n\t\t<meta property=\"og:locale\" content=\"es_ES\" \/>\n\t\t<meta property=\"og:site_name\" content=\"LA VOZ DE LA GENTE - SDE\" \/>\n\t\t<meta property=\"og:type\" content=\"article\" \/>\n\t\t<meta property=\"og:title\" content=\"Otro s\u00edntoma del estancamiento: sigue la ca\u00edda en la venta de combustible - LA VOZ DE LA GENTE\" \/>\n\t\t<meta property=\"og:description\" content=\"La venta de combustibles al p\u00fablico en estaciones de servicio alcanz\u00f3 un total de 1.368.722 metros c\u00fabicos en julio, lo que representa un retroceso del 6,4% en comparaci\u00f3n con el mismo mes del a\u00f1o pasado. La contracci\u00f3n marca la sexta ca\u00edda consecutiva interanual del indicador, lo que evidencia la debilidad de la actividad comercial general\" \/>\n\t\t<meta property=\"og:url\" content=\"https:\/\/lavozdelagente.com.ar\/index\/2026\/08\/26\/otro-sintoma-del-estancamiento-sigue-la-caida-en-la-venta-de-combustible\/\" \/>\n\t\t<meta property=\"article:published_time\" content=\"2026-08-26T13:49:01+00:00\" \/>\n\t\t<meta property=\"article:modified_time\" content=\"2026-08-26T13:49:01+00:00\" \/>\n\t\t<meta name=\"twitter:card\" content=\"summary_large_image\" \/>\n\t\t<meta name=\"twitter:title\" content=\"Otro s\u00edntoma del estancamiento: sigue la ca\u00edda en la venta de combustible - LA VOZ DE LA GENTE\" \/>\n\t\t<meta name=\"twitter:description\" content=\"La venta de combustibles al p\u00fablico en estaciones de servicio alcanz\u00f3 un total de 1.368.722 metros c\u00fabicos en julio, lo que representa un retroceso del 6,4% en comparaci\u00f3n con el mismo mes del a\u00f1o pasado. La contracci\u00f3n marca la sexta ca\u00edda consecutiva interanual del indicador, lo que evidencia la debilidad de la actividad comercial general\" \/>\n\t\t<script type=\"application\/ld+json\" class=\"aioseo-schema\">\n\t\t\t{\"@context\":\"https:\\\/\\\/schema.org\",\"@graph\":[{\"@type\":\"BlogPosting\",\"@id\":\"https:\\\/\\\/lavozdelagente.com.ar\\\/index\\\/2026\\\/08\\\/26\\\/otro-sintoma-del-estancamiento-sigue-la-caida-en-la-venta-de-combustible\\\/#blogposting\",\"name\":\"Otro s\\u00edntoma del estancamiento: sigue la ca\\u00edda en la venta de combustible - LA VOZ DE LA GENTE\",\"headline\":\"Otro s\\u00edntoma del estancamiento: sigue la ca\\u00edda en la venta de combustible\",\"author\":{\"@id\":\"https:\\\/\\\/lavozdelagente.com.ar\\\/index\\\/author\\\/rober\\\/#author\"},\"publisher\":{\"@id\":\"https:\\\/\\\/lavozdelagente.com.ar\\\/index\\\/#person\"},\"image\":{\"@type\":\"ImageObject\",\"url\":\"https:\\\/\\\/lavozdelagente.com.ar\\\/wp-content\\\/uploads\\\/2026\\\/08\\\/estancamiento.avif\",\"width\":959,\"height\":540},\"datePublished\":\"2026-08-26T13:49:01+00:00\",\"dateModified\":\"2026-08-26T13:49:01+00:00\",\"inLanguage\":\"es-ES\",\"mainEntityOfPage\":{\"@id\":\"https:\\\/\\\/lavozdelagente.com.ar\\\/index\\\/2026\\\/08\\\/26\\\/otro-sintoma-del-estancamiento-sigue-la-caida-en-la-venta-de-combustible\\\/#webpage\"},\"isPartOf\":{\"@id\":\"https:\\\/\\\/lavozdelagente.com.ar\\\/index\\\/2026\\\/08\\\/26\\\/otro-sintoma-del-estancamiento-sigue-la-caida-en-la-venta-de-combustible\\\/#webpage\"},\"articleSection\":\"Pol\\u00edtica\"},{\"@type\":\"BreadcrumbList\",\"@id\":\"https:\\\/\\\/lavozdelagente.com.ar\\\/index\\\/2026\\\/08\\\/26\\\/otro-sintoma-del-estancamiento-sigue-la-caida-en-la-venta-de-combustible\\\/#breadcrumblist\",\"itemListElement\":[{\"@type\":\"ListItem\",\"@id\":\"https:\\\/\\\/lavozdelagente.com.ar\\\/index#listItem\",\"position\":1,\"name\":\"Home\",\"item\":\"https:\\\/\\\/lavozdelagente.com.ar\\\/index\",\"nextItem\":{\"@type\":\"ListItem\",\"@id\":\"https:\\\/\\\/lavozdelagente.com.ar\\\/index\\\/category\\\/politica\\\/#listItem\",\"name\":\"Pol\\u00edtica\"}},{\"@type\":\"ListItem\",\"@id\":\"https:\\\/\\\/lavozdelagente.com.ar\\\/index\\\/category\\\/politica\\\/#listItem\",\"position\":2,\"name\":\"Pol\\u00edtica\",\"item\":\"https:\\\/\\\/lavozdelagente.com.ar\\\/index\\\/category\\\/politica\\\/\",\"nextItem\":{\"@type\":\"ListItem\",\"@id\":\"https:\\\/\\\/lavozdelagente.com.ar\\\/index\\\/2026\\\/08\\\/26\\\/otro-sintoma-del-estancamiento-sigue-la-caida-en-la-venta-de-combustible\\\/#listItem\",\"name\":\"Otro s\\u00edntoma del estancamiento: sigue la ca\\u00edda en la venta de combustible\"},\"previousItem\":{\"@type\":\"ListItem\",\"@id\":\"https:\\\/\\\/lavozdelagente.com.ar\\\/index#listItem\",\"name\":\"Home\"}},{\"@type\":\"ListItem\",\"@id\":\"https:\\\/\\\/lavozdelagente.com.ar\\\/index\\\/2026\\\/08\\\/26\\\/otro-sintoma-del-estancamiento-sigue-la-caida-en-la-venta-de-combustible\\\/#listItem\",\"position\":3,\"name\":\"Otro s\\u00edntoma del estancamiento: sigue la ca\\u00edda en la venta de combustible\",\"previousItem\":{\"@type\":\"ListItem\",\"@id\":\"https:\\\/\\\/lavozdelagente.com.ar\\\/index\\\/category\\\/politica\\\/#listItem\",\"name\":\"Pol\\u00edtica\"}}]},{\"@type\":\"Person\",\"@id\":\"https:\\\/\\\/lavozdelagente.com.ar\\\/index\\\/author\\\/rober\\\/#author\",\"url\":\"https:\\\/\\\/lavozdelagente.com.ar\\\/index\\\/author\\\/rober\\\/\",\"name\":\"rober\",\"image\":{\"@type\":\"ImageObject\",\"@id\":\"https:\\\/\\\/lavozdelagente.com.ar\\\/index\\\/2026\\\/08\\\/26\\\/otro-sintoma-del-estancamiento-sigue-la-caida-en-la-venta-de-combustible\\\/#authorImage\",\"url\":\"https:\\\/\\\/secure.gravatar.com\\\/avatar\\\/901a62cd098b11a08c5fe38d2de0f8ad6b745f5d4f6413ad71e1630ac07766e0?s=96&d=mm&r=g\",\"width\":96,\"height\":96,\"caption\":\"rober\"}},{\"@type\":\"WebPage\",\"@id\":\"https:\\\/\\\/lavozdelagente.com.ar\\\/index\\\/2026\\\/08\\\/26\\\/otro-sintoma-del-estancamiento-sigue-la-caida-en-la-venta-de-combustible\\\/#webpage\",\"url\":\"https:\\\/\\\/lavozdelagente.com.ar\\\/index\\\/2026\\\/08\\\/26\\\/otro-sintoma-del-estancamiento-sigue-la-caida-en-la-venta-de-combustible\\\/\",\"name\":\"Otro s\\u00edntoma del estancamiento: sigue la ca\\u00edda en la venta de combustible - LA VOZ DE LA GENTE\",\"description\":\"La venta de combustibles al p\\u00fablico en estaciones de servicio alcanz\\u00f3 un total de 1.368.722 metros c\\u00fabicos en julio, lo que representa un retroceso del 6,4% en comparaci\\u00f3n con el mismo mes del a\\u00f1o pasado. La contracci\\u00f3n marca la sexta ca\\u00edda consecutiva interanual del indicador, lo que evidencia la debilidad de la actividad comercial general\",\"inLanguage\":\"es-ES\",\"isPartOf\":{\"@id\":\"https:\\\/\\\/lavozdelagente.com.ar\\\/index\\\/#website\"},\"breadcrumb\":{\"@id\":\"https:\\\/\\\/lavozdelagente.com.ar\\\/index\\\/2026\\\/08\\\/26\\\/otro-sintoma-del-estancamiento-sigue-la-caida-en-la-venta-de-combustible\\\/#breadcrumblist\"},\"author\":{\"@id\":\"https:\\\/\\\/lavozdelagente.com.ar\\\/index\\\/author\\\/rober\\\/#author\"},\"creator\":{\"@id\":\"https:\\\/\\\/lavozdelagente.com.ar\\\/index\\\/author\\\/rober\\\/#author\"},\"image\":{\"@type\":\"ImageObject\",\"url\":\"https:\\\/\\\/lavozdelagente.com.ar\\\/wp-content\\\/uploads\\\/2026\\\/08\\\/estancamiento.avif\",\"@id\":\"https:\\\/\\\/lavozdelagente.com.ar\\\/index\\\/2026\\\/08\\\/26\\\/otro-sintoma-del-estancamiento-sigue-la-caida-en-la-venta-de-combustible\\\/#mainImage\",\"width\":959,\"height\":540},\"primaryImageOfPage\":{\"@id\":\"https:\\\/\\\/lavozdelagente.com.ar\\\/index\\\/2026\\\/08\\\/26\\\/otro-sintoma-del-estancamiento-sigue-la-caida-en-la-venta-de-combustible\\\/#mainImage\"},\"datePublished\":\"2026-08-26T13:49:01+00:00\",\"dateModified\":\"2026-08-26T13:49:01+00:00\"},{\"@type\":\"WebSite\",\"@id\":\"https:\\\/\\\/lavozdelagente.com.ar\\\/index\\\/#website\",\"url\":\"https:\\\/\\\/lavozdelagente.com.ar\\\/index\\\/\",\"name\":\"LA VOZ DE LA GENTE\",\"description\":\"SDE\",\"inLanguage\":\"es-ES\",\"publisher\":{\"@id\":\"https:\\\/\\\/lavozdelagente.com.ar\\\/index\\\/#person\"}}]}\n\t\t<\/script>\n\t\t<!-- All in One SEO -->\n\n","aioseo_head_json":{"title":"Otro s\u00edntoma del estancamiento: sigue la ca\u00edda en la venta de combustible - LA VOZ DE LA GENTE","description":"La venta de combustibles al p\u00fablico en estaciones de servicio alcanz\u00f3 un total de 1.368.722 metros c\u00fabicos en julio, lo que representa un retroceso del 6,4% en comparaci\u00f3n con el mismo mes del a\u00f1o pasado. La contracci\u00f3n marca la sexta ca\u00edda consecutiva interanual del indicador, lo que evidencia la debilidad de la actividad comercial general","canonical_url":"https:\/\/lavozdelagente.com.ar\/index\/2026\/08\/26\/otro-sintoma-del-estancamiento-sigue-la-caida-en-la-venta-de-combustible\/","robots":"max-image-preview:large","keywords":"","webmasterTools":{"google-site-verification":"dJHDh1fUzR1o-UwpFfn1JyiF-0R1LCNFZReSb-gbgcE","miscellaneous":""},"schema":{"@context":"https:\/\/schema.org","@graph":[{"@type":"BlogPosting","@id":"https:\/\/lavozdelagente.com.ar\/index\/2026\/08\/26\/otro-sintoma-del-estancamiento-sigue-la-caida-en-la-venta-de-combustible\/#blogposting","name":"Otro s\u00edntoma del estancamiento: sigue la ca\u00edda en la venta de combustible - LA VOZ DE LA GENTE","headline":"Otro s\u00edntoma del estancamiento: sigue la ca\u00edda en la venta de combustible","author":{"@id":"https:\/\/lavozdelagente.com.ar\/index\/author\/rober\/#author"},"publisher":{"@id":"https:\/\/lavozdelagente.com.ar\/index\/#person"},"image":{"@type":"ImageObject","url":"https:\/\/lavozdelagente.com.ar\/wp-content\/uploads\/2026\/08\/estancamiento.avif","width":959,"height":540},"datePublished":"2026-08-26T13:49:01+00:00","dateModified":"2026-08-26T13:49:01+00:00","inLanguage":"es-ES","mainEntityOfPage":{"@id":"https:\/\/lavozdelagente.com.ar\/index\/2026\/08\/26\/otro-sintoma-del-estancamiento-sigue-la-caida-en-la-venta-de-combustible\/#webpage"},"isPartOf":{"@id":"https:\/\/lavozdelagente.com.ar\/index\/2026\/08\/26\/otro-sintoma-del-estancamiento-sigue-la-caida-en-la-venta-de-combustible\/#webpage"},"articleSection":"Pol\u00edtica"},{"@type":"BreadcrumbList","@id":"https:\/\/lavozdelagente.com.ar\/index\/2026\/08\/26\/otro-sintoma-del-estancamiento-sigue-la-caida-en-la-venta-de-combustible\/#breadcrumblist","itemListElement":[{"@type":"ListItem","@id":"https:\/\/lavozdelagente.com.ar\/index#listItem","position":1,"name":"Home","item":"https:\/\/lavozdelagente.com.ar\/index","nextItem":{"@type":"ListItem","@id":"https:\/\/lavozdelagente.com.ar\/index\/category\/politica\/#listItem","name":"Pol\u00edtica"}},{"@type":"ListItem","@id":"https:\/\/lavozdelagente.com.ar\/index\/category\/politica\/#listItem","position":2,"name":"Pol\u00edtica","item":"https:\/\/lavozdelagente.com.ar\/index\/category\/politica\/","nextItem":{"@type":"ListItem","@id":"https:\/\/lavozdelagente.com.ar\/index\/2026\/08\/26\/otro-sintoma-del-estancamiento-sigue-la-caida-en-la-venta-de-combustible\/#listItem","name":"Otro s\u00edntoma del estancamiento: sigue la ca\u00edda en la venta de combustible"},"previousItem":{"@type":"ListItem","@id":"https:\/\/lavozdelagente.com.ar\/index#listItem","name":"Home"}},{"@type":"ListItem","@id":"https:\/\/lavozdelagente.com.ar\/index\/2026\/08\/26\/otro-sintoma-del-estancamiento-sigue-la-caida-en-la-venta-de-combustible\/#listItem","position":3,"name":"Otro s\u00edntoma del estancamiento: sigue la ca\u00edda en la venta de combustible","previousItem":{"@type":"ListItem","@id":"https:\/\/lavozdelagente.com.ar\/index\/category\/politica\/#listItem","name":"Pol\u00edtica"}}]},{"@type":"Person","@id":"https:\/\/lavozdelagente.com.ar\/index\/author\/rober\/#author","url":"https:\/\/lavozdelagente.com.ar\/index\/author\/rober\/","name":"rober","image":{"@type":"ImageObject","@id":"https:\/\/lavozdelagente.com.ar\/index\/2026\/08\/26\/otro-sintoma-del-estancamiento-sigue-la-caida-en-la-venta-de-combustible\/#authorImage","url":"https:\/\/secure.gravatar.com\/avatar\/901a62cd098b11a08c5fe38d2de0f8ad6b745f5d4f6413ad71e1630ac07766e0?s=96&d=mm&r=g","width":96,"height":96,"caption":"rober"}},{"@type":"WebPage","@id":"https:\/\/lavozdelagente.com.ar\/index\/2026\/08\/26\/otro-sintoma-del-estancamiento-sigue-la-caida-en-la-venta-de-combustible\/#webpage","url":"https:\/\/lavozdelagente.com.ar\/index\/2026\/08\/26\/otro-sintoma-del-estancamiento-sigue-la-caida-en-la-venta-de-combustible\/","name":"Otro s\u00edntoma del estancamiento: sigue la ca\u00edda en la venta de combustible - LA VOZ DE LA GENTE","description":"La venta de combustibles al p\u00fablico en estaciones de servicio alcanz\u00f3 un total de 1.368.722 metros c\u00fabicos en julio, lo que representa un retroceso del 6,4% en comparaci\u00f3n con el mismo mes del a\u00f1o pasado. La contracci\u00f3n marca la sexta ca\u00edda consecutiva interanual del indicador, lo que evidencia la debilidad de la actividad comercial general","inLanguage":"es-ES","isPartOf":{"@id":"https:\/\/lavozdelagente.com.ar\/index\/#website"},"breadcrumb":{"@id":"https:\/\/lavozdelagente.com.ar\/index\/2026\/08\/26\/otro-sintoma-del-estancamiento-sigue-la-caida-en-la-venta-de-combustible\/#breadcrumblist"},"author":{"@id":"https:\/\/lavozdelagente.com.ar\/index\/author\/rober\/#author"},"creator":{"@id":"https:\/\/lavozdelagente.com.ar\/index\/author\/rober\/#author"},"image":{"@type":"ImageObject","url":"https:\/\/lavozdelagente.com.ar\/wp-content\/uploads\/2026\/08\/estancamiento.avif","@id":"https:\/\/lavozdelagente.com.ar\/index\/2026\/08\/26\/otro-sintoma-del-estancamiento-sigue-la-caida-en-la-venta-de-combustible\/#mainImage","width":959,"height":540},"primaryImageOfPage":{"@id":"https:\/\/lavozdelagente.com.ar\/index\/2026\/08\/26\/otro-sintoma-del-estancamiento-sigue-la-caida-en-la-venta-de-combustible\/#mainImage"},"datePublished":"2026-08-26T13:49:01+00:00","dateModified":"2026-08-26T13:49:01+00:00"},{"@type":"WebSite","@id":"https:\/\/lavozdelagente.com.ar\/index\/#website","url":"https:\/\/lavozdelagente.com.ar\/index\/","name":"LA VOZ DE LA GENTE","description":"SDE","inLanguage":"es-ES","publisher":{"@id":"https:\/\/lavozdelagente.com.ar\/index\/#person"}}]},"og:locale":"es_ES","og:site_name":"LA VOZ DE LA GENTE - SDE","og:type":"article","og:title":"Otro s\u00edntoma del estancamiento: sigue la ca\u00edda en la venta de combustible - LA VOZ DE LA GENTE","og:description":"La venta de combustibles al p\u00fablico en estaciones de servicio alcanz\u00f3 un total de 1.368.722 metros c\u00fabicos en julio, lo que representa un retroceso del 6,4% en comparaci\u00f3n con el mismo mes del a\u00f1o pasado. La contracci\u00f3n marca la sexta ca\u00edda consecutiva interanual del indicador, lo que evidencia la debilidad de la actividad comercial general","og:url":"https:\/\/lavozdelagente.com.ar\/index\/2026\/08\/26\/otro-sintoma-del-estancamiento-sigue-la-caida-en-la-venta-de-combustible\/","article:published_time":"2026-08-26T13:49:01+00:00","article:modified_time":"2026-08-26T13:49:01+00:00","twitter:card":"summary_large_image","twitter:title":"Otro s\u00edntoma del estancamiento: sigue la ca\u00edda en la venta de combustible - LA VOZ DE LA GENTE","twitter:description":"La venta de combustibles al p\u00fablico en estaciones de servicio alcanz\u00f3 un total de 1.368.722 metros c\u00fabicos en julio, lo que representa un retroceso del 6,4% en comparaci\u00f3n con el mismo mes del a\u00f1o pasado. La contracci\u00f3n marca la sexta ca\u00edda consecutiva interanual del indicador, lo que evidencia la debilidad de la actividad comercial general"},"aioseo_meta_data":{"post_id":"3548","title":null,"description":null,"keywords":null,"keyphrases":{"focus":{"keyphrase":"","score":0,"analysis":{"keyphraseInTitle":{"score":0,"maxScore":9,"error":1}}},"additional":[]},"primary_term":null,"canonical_url":null,"og_title":null,"og_description":null,"og_object_type":"default","og_image_type":"default","og_image_url":null,"og_image_width":null,"og_image_height":null,"og_image_custom_url":null,"og_image_custom_fields":null,"og_video":"","og_custom_url":null,"og_article_section":null,"og_article_tags":null,"twitter_use_og":false,"twitter_card":"default","twitter_image_type":"default","twitter_image_url":null,"twitter_image_custom_url":null,"twitter_image_custom_fields":null,"twitter_title":null,"twitter_description":null,"schema":{"blockGraphs":[],"customGraphs":[],"default":{"data":{"Article":[],"Course":[],"Dataset":[],"FAQPage":[],"Movie":[],"Person":[],"Product":[],"ProductReview":[],"Car":[],"Recipe":[],"Service":[],"SoftwareApplication":[],"WebPage":[]},"graphName":"BlogPosting","isEnabled":true},"graphs":[]},"schema_type":"default","schema_type_options":null,"pillar_content":false,"robots_default":true,"robots_noindex":false,"robots_noarchive":false,"robots_nosnippet":false,"robots_nofollow":false,"robots_noimageindex":false,"robots_noodp":false,"robots_notranslate":false,"robots_max_snippet":"-1","robots_max_videopreview":"-1","robots_max_imagepreview":"large","priority":null,"frequency":"default","local_seo":null,"breadcrumb_settings":null,"limit_modified_date":false,"ai":{"faqs":[],"keyPoints":[],"schemas":[],"titles":[],"descriptions":[],"socialPosts":{"email":{"subject":"","preview":"","content":""},"linkedin":[],"twitter":[],"facebook":[],"instagram":[]}},"created":"2026-08-26 13:49:01","updated":"2026-08-26 17:14:27","seo_analyzer_scan_date":null,"focus_keyword":null,"additional_keywords":null,"truseo_locale":null},"aioseo_breadcrumb":"<div class=\"aioseo-breadcrumbs\"><span class=\"aioseo-breadcrumb\">\n\t\t\t<a href=\"https:\/\/lavozdelagente.com.ar\/index\" title=\"Home\">Home<\/a>\n\t\t<\/span><span class=\"aioseo-breadcrumb-separator\">&raquo;<\/span><span class=\"aioseo-breadcrumb\">\n\t\t\t<a href=\"https:\/\/lavozdelagente.com.ar\/index\/category\/politica\/\" title=\"Pol\u00edtica\">Pol\u00edtica<\/a>\n\t\t<\/span><span class=\"aioseo-breadcrumb-separator\">&raquo;<\/span><span class=\"aioseo-breadcrumb\">\n\t\t\tOtro s\u00edntoma del estancamiento: sigue la ca\u00edda en la venta de combustible\n\t\t<\/span><\/div>","aioseo_breadcrumb_json":[{"label":"Home","link":"https:\/\/lavozdelagente.com.ar\/index"},{"label":"Pol\u00edtica","link":"https:\/\/lavozdelagente.com.ar\/index\/category\/politica\/"},{"label":"Otro s\u00edntoma del estancamiento: sigue la ca\u00edda en la venta de combustible","link":"https:\/\/lavozdelagente.com.ar\/index\/2026\/08\/26\/otro-sintoma-del-estancamiento-sigue-la-caida-en-la-venta-de-combustible\/"}],"rttpg_featured_image_url":{"full":["https:\/\/lavozdelagente.com.ar\/wp-content\/uploads\/2026\/08\/estancamiento.avif",959,540,false],"landscape":["https:\/\/lavozdelagente.com.ar\/wp-content\/uploads\/2026\/08\/estancamiento.avif",959,540,false],"portraits":["https:\/\/lavozdelagente.com.ar\/wp-content\/uploads\/2026\/08\/estancamiento.avif",959,540,false],"thumbnail":["https:\/\/lavozdelagente.com.ar\/wp-content\/uploads\/2026\/08\/estancamiento-150x150.avif",150,150,true],"medium":["https:\/\/lavozdelagente.com.ar\/wp-content\/uploads\/2026\/08\/estancamiento-300x169.avif",300,169,true],"large":["https:\/\/lavozdelagente.com.ar\/wp-content\/uploads\/2026\/08\/estancamiento.avif",800,450,false],"1536x1536":["https:\/\/lavozdelagente.com.ar\/wp-content\/uploads\/2026\/08\/estancamiento.avif",959,540,false],"2048x2048":["https:\/\/lavozdelagente.com.ar\/wp-content\/uploads\/2026\/08\/estancamiento.avif",959,540,false],"colormag-highlighted-post":["https:\/\/lavozdelagente.com.ar\/wp-content\/uploads\/2026\/08\/estancamiento-392x272.avif",392,272,true],"colormag-featured-post-medium":["https:\/\/lavozdelagente.com.ar\/wp-content\/uploads\/2026\/08\/estancamiento-390x205.avif",390,205,true],"colormag-featured-post-small":["https:\/\/lavozdelagente.com.ar\/wp-content\/uploads\/2026\/08\/estancamiento-130x90.avif",130,90,true],"colormag-featured-image":["https:\/\/lavozdelagente.com.ar\/wp-content\/uploads\/2026\/08\/estancamiento-800x445.avif",800,445,true],"colormag-default-news":["https:\/\/lavozdelagente.com.ar\/wp-content\/uploads\/2026\/08\/estancamiento-150x150.avif",150,150,true],"colormag-featured-image-large":["https:\/\/lavozdelagente.com.ar\/wp-content\/uploads\/2026\/08\/estancamiento.avif",959,540,false]},"rttpg_author":{"display_name":"rober","author_link":"https:\/\/lavozdelagente.com.ar\/index\/author\/rober\/"},"rttpg_comment":0,"rttpg_category":"<a href=\"https:\/\/lavozdelagente.com.ar\/index\/category\/politica\/\" rel=\"category tag\">Pol\u00edtica<\/a>","rttpg_excerpt":"La venta de combustibles al p\u00fablico en estaciones de servicio alcanz\u00f3 un total de 1.368.722 metros c\u00fabicos en julio, lo","_links":{"self":[{"href":"https:\/\/lavozdelagente.com.ar\/index\/wp-json\/wp\/v2\/posts\/3548","targetHints":{"allow":["GET"]}}],"collection":[{"href":"https:\/\/lavozdelagente.com.ar\/index\/wp-json\/wp\/v2\/posts"}],"about":[{"href":"https:\/\/lavozdelagente.com.ar\/index\/wp-json\/wp\/v2\/types\/post"}],"author":[{"embeddable":true,"href":"https:\/\/lavozdelagente.com.ar\/index\/wp-json\/wp\/v2\/users\/2"}],"replies":[{"embeddable":true,"href":"https:\/\/lavozdelagente.com.ar\/index\/wp-json\/wp\/v2\/comments?post=3548"}],"version-history":[{"count":1,"href":"https:\/\/lavozdelagente.com.ar\/index\/wp-json\/wp\/v2\/posts\/3548\/revisions"}],"predecessor-version":[{"id":3550,"href":"https:\/\/lavozdelagente.com.ar\/index\/wp-json\/wp\/v2\/posts\/3548\/revisions\/3550"}],"wp:featuredmedia":[{"embeddable":true,"href":"https:\/\/lavozdelagente.com.ar\/index\/wp-json\/wp\/v2\/media\/3549"}],"wp:attachment":[{"href":"https:\/\/lavozdelagente.com.ar\/index\/wp-json\/wp\/v2\/media?parent=3548"}],"wp:term":[{"taxonomy":"category","embeddable":true,"href":"https:\/\/lavozdelagente.com.ar\/index\/wp-json\/wp\/v2\/categories?post=3548"},{"taxonomy":"post_tag","embeddable":true,"href":"https:\/\/lavozdelagente.com.ar\/index\/wp-json\/wp\/v2\/tags?post=3548"}],"curies":[{"name":"wp","href":"https:\/\/api.w.org\/{rel}","templated":true}]}}