{"id":3560,"date":"2026-08-26T21:27:20","date_gmt":"2026-08-26T21:27:20","guid":{"rendered":"https:\/\/lavozdelagente.com.ar\/index\/?p=3560"},"modified":"2026-08-26T21:27:20","modified_gmt":"2026-08-26T21:27:20","slug":"la-provincia-y-el-colegio-de-profesionales-de-trabajo-social-firmaron-un-convenio","status":"publish","type":"post","link":"https:\/\/lavozdelagente.com.ar\/index\/2026\/08\/26\/la-provincia-y-el-colegio-de-profesionales-de-trabajo-social-firmaron-un-convenio\/","title":{"rendered":"La provincia y el colegio de profesionales de trabajo social firmaron un convenio"},"content":{"rendered":"<p>El Gobierno de la provincia firm\u00f3 un convenio marco con el Colegio de Profesionales de Trabajo Social con el objetivo de fortalecer las acciones articuladas y generar herramientas t\u00e9cnicas para la prevenci\u00f3n y abordaje de situaciones vinculadas al riesgo h\u00eddrico.<br \/>\nEn principio, el prop\u00f3sito es identificar vulnerabilidades, capacidades comunitarias, actores claves y prioridades de acci\u00f3n frente a posibles eventos asociados al fen\u00f3meno de El Ni\u00f1o durante el per\u00edodo 2026-2027.<br \/>\nEl acuerdo contempla las comunidades de La Paliza, El Candelario, Chilca Juliana, y Sabagasta del departamento Salavina. Tambi\u00e9n Punta Pozo, Dpto. Avellaneda; Juanillo Dpto. Atamisqui; Santos Lugares, Dpto. Alberdi y Villa Motoque, Copo.<br \/>\nEn representaci\u00f3n del gobernador El\u00edas Su\u00e1rez, el convenio fue suscripto por el jefe de Gabinete, V\u00edctor Araujo; el ministro de Desarrollo Social, \u00c1ngel Niccolai y el secretario ejecutivo del Consejo Econ\u00f3mico Social, Miguel \u00c1ngel Mandrille. Mientras que por el Colegio de Profesionales de Trabajo Social respald\u00f3 el documento su presidente, Mar\u00eda Bel\u00e9n Vittar.<br \/>\nDel acto tambi\u00e9n participaron el subsecretario de Desarrollo Social, Ramiro Banco; el subsecretario de Promoci\u00f3n Humana y Relaciones Institucionales con la Comunidad, Ernesto Fern\u00e1ndez; el subsecretario de Defensa Civil, Mario Guzm\u00e1n; el subsecretario de Asuntos jur\u00eddicos, Ra\u00fal Sambade; entre otras autoridades.<br \/>\nEn este marco, se prev\u00e9 realizar un relevamiento de las familias afectadas y un registro estad\u00edstico y social que permita conocer de manera precisa las condiciones de cada zona, sus principales necesidades y las capacidades existentes para dar respuesta ante eventuales sucesos.<br \/>\nA trav\u00e9s de este trabajo conjunto se realizar\u00e1 un mapeo y diagn\u00f3stico participativo del riesgo h\u00eddrico en ocho comunidades del interior provincial, identificando zonas y poblaciones vulnerables, puntos de acceso y circulaci\u00f3n, recursos disponibles y las principales problem\u00e1ticas de cada territorio. La informaci\u00f3n obtenida permitir\u00e1 establecer herramientas y protocolos de actuaci\u00f3n fortaleciendo las capacidades de prevenci\u00f3n y respuesta del Estado provincial.<br \/>\nTras la firma, Vittar dijo: \u201cEsperamos poder llevar a cabo exitosamente esta etapa y poder brindar herramientas que sirvan para la prevenci\u00f3n de situaciones ante esta nueva venida del fen\u00f3meno de El Ni\u00f1o\u201d.<br \/>\nSobre este trabajo Niccolai expres\u00f3:\u201d Sabemos que est\u00e1 previsto para este a\u00f1o, y quiz\u00e1s para otros tambi\u00e9n, inundaciones y situaciones meteorol\u00f3gicas que nos pueden complicar; sobre todo porque hay zonas que ya no tienen capacidad de absorci\u00f3n y el desplazamiento de las aguas que vengan de los r\u00edos o por la lluvia. Para nosotros es muy importante porque se complementa el trabajo que se ha hecho con much\u00edsima actividad desde Defensa Civil, la Subsecretar\u00eda de Desarrollo y tambi\u00e9n la Subsecretar\u00eda de Promoci\u00f3n Humana, trabajando en terreno ante las situaciones de emergencia que hemos vivido y que se ha articulado con otras dependencias del Gobierno que tambi\u00e9n han trabajado, como la polic\u00eda, las comisiones municipales, los intendentes, el \u00e1rea de Obras P\u00fablicas, Vialidad, Recursos H\u00eddricos, etc.\u201d.<br \/>\nFinalmente, Araujo, remarc\u00f3: \u201cEspec\u00edficamente va a permitir realizar un mapeo y un diagn\u00f3stico del riesgo h\u00eddrico en ocho localidades del interior de la provincia, establecer zonas m\u00e1s vulnerables, poblaci\u00f3n m\u00e1s vulnerable, puntos de acceso, fijar un protocolo para trabajar y actuar ante la posibilidad del fen\u00f3meno de El Ni\u00f1o, que sabemos que viene transitando ya desde fines del a\u00f1o pasado en gran parte no solamente de la provincia y del pa\u00eds, sino de Latinoam\u00e9rica, y que est\u00e1 previsto que siga impactando en territorios como el nuestro en este pr\u00f3ximo verano\u201d.<br \/>\n\u201cEs importante trabajar y tener informaci\u00f3n espec\u00edfica para reaccionar de manera inteligente y profesional, que ha sido el mandato del gobernador El\u00edas Su\u00e1rez para que podamos vincularnos con los profesionales de las distintas de las \u00e1reas de los consejos y colegios profesionales de Santiago del Estero\u201d.<\/p>\n<p>&nbsp;<\/p>\n","protected":false},"excerpt":{"rendered":"<p>El Gobierno de la provincia firm\u00f3 un convenio marco con el Colegio de Profesionales de Trabajo Social con el objetivo<\/p>\n","protected":false},"author":2,"featured_media":3561,"comment_status":"open","ping_status":"open","sticky":false,"template":"","format":"standard","meta":{"colormag_page_container_layout":"default_layout","colormag_page_sidebar_layout":"default_layout","om_disable_all_campaigns":false,"_monsterinsights_skip_tracking":false,"footnotes":""},"categories":[2],"tags":[],"class_list":["post-3560","post","type-post","status-publish","format-standard","has-post-thumbnail","hentry","category-santiago"],"aioseo_notices":[],"aioseo_head":"\n\t\t<!-- All in One SEO 5.0.1.1 - aioseo.com -->\n\t<meta name=\"description\" content=\"El Gobierno de la provincia firm\u00f3 un convenio marco con el Colegio de Profesionales de Trabajo Social con el objetivo de fortalecer las acciones articuladas y generar herramientas t\u00e9cnicas para la prevenci\u00f3n y abordaje de situaciones vinculadas al riesgo h\u00eddrico. En principio, el prop\u00f3sito es identificar vulnerabilidades, capacidades comunitarias, actores claves y prioridades de acci\u00f3n\" \/>\n\t<meta name=\"robots\" content=\"max-image-preview:large\" \/>\n\t<meta name=\"author\" content=\"rober\"\/>\n\t<meta name=\"google-site-verification\" content=\"dJHDh1fUzR1o-UwpFfn1JyiF-0R1LCNFZReSb-gbgcE\" \/>\n\t<link rel=\"canonical\" href=\"https:\/\/lavozdelagente.com.ar\/index\/2026\/08\/26\/la-provincia-y-el-colegio-de-profesionales-de-trabajo-social-firmaron-un-convenio\/\" \/>\n\t<meta name=\"generator\" content=\"All in One SEO (AIOSEO) 5.0.1.1\" \/>\n\t\t<meta property=\"og:locale\" content=\"es_ES\" \/>\n\t\t<meta property=\"og:site_name\" content=\"LA VOZ DE LA GENTE - SDE\" \/>\n\t\t<meta property=\"og:type\" content=\"article\" \/>\n\t\t<meta property=\"og:title\" content=\"La provincia y el colegio de profesionales de trabajo social firmaron un convenio - LA VOZ DE LA GENTE\" \/>\n\t\t<meta property=\"og:description\" content=\"El Gobierno de la provincia firm\u00f3 un convenio marco con el Colegio de Profesionales de Trabajo Social con el objetivo de fortalecer las acciones articuladas y generar herramientas t\u00e9cnicas para la prevenci\u00f3n y abordaje de situaciones vinculadas al riesgo h\u00eddrico. En principio, el prop\u00f3sito es identificar vulnerabilidades, capacidades comunitarias, actores claves y prioridades de acci\u00f3n\" \/>\n\t\t<meta property=\"og:url\" content=\"https:\/\/lavozdelagente.com.ar\/index\/2026\/08\/26\/la-provincia-y-el-colegio-de-profesionales-de-trabajo-social-firmaron-un-convenio\/\" \/>\n\t\t<meta property=\"article:published_time\" content=\"2026-08-26T21:27:20+00:00\" \/>\n\t\t<meta property=\"article:modified_time\" content=\"2026-08-26T21:27:20+00:00\" \/>\n\t\t<meta name=\"twitter:card\" content=\"summary_large_image\" \/>\n\t\t<meta name=\"twitter:title\" content=\"La provincia y el colegio de profesionales de trabajo social firmaron un convenio - LA VOZ DE LA GENTE\" \/>\n\t\t<meta name=\"twitter:description\" content=\"El Gobierno de la provincia firm\u00f3 un convenio marco con el Colegio de Profesionales de Trabajo Social con el objetivo de fortalecer las acciones articuladas y generar herramientas t\u00e9cnicas para la prevenci\u00f3n y abordaje de situaciones vinculadas al riesgo h\u00eddrico. En principio, el prop\u00f3sito es identificar vulnerabilidades, capacidades comunitarias, actores claves y prioridades de acci\u00f3n\" \/>\n\t\t<script type=\"application\/ld+json\" class=\"aioseo-schema\">\n\t\t\t{\"@context\":\"https:\\\/\\\/schema.org\",\"@graph\":[{\"@type\":\"BlogPosting\",\"@id\":\"https:\\\/\\\/lavozdelagente.com.ar\\\/index\\\/2026\\\/08\\\/26\\\/la-provincia-y-el-colegio-de-profesionales-de-trabajo-social-firmaron-un-convenio\\\/#blogposting\",\"name\":\"La provincia y el colegio de profesionales de trabajo social firmaron un convenio - LA VOZ DE LA GENTE\",\"headline\":\"La provincia y el colegio de profesionales de trabajo social firmaron un convenio\",\"author\":{\"@id\":\"https:\\\/\\\/lavozdelagente.com.ar\\\/index\\\/author\\\/rober\\\/#author\"},\"publisher\":{\"@id\":\"https:\\\/\\\/lavozdelagente.com.ar\\\/index\\\/#person\"},\"image\":{\"@type\":\"ImageObject\",\"url\":\"https:\\\/\\\/lavozdelagente.com.ar\\\/wp-content\\\/uploads\\\/2026\\\/08\\\/firmanconvenio.jpeg\",\"width\":1280,\"height\":854},\"datePublished\":\"2026-08-26T21:27:20+00:00\",\"dateModified\":\"2026-08-26T21:27:20+00:00\",\"inLanguage\":\"es-ES\",\"mainEntityOfPage\":{\"@id\":\"https:\\\/\\\/lavozdelagente.com.ar\\\/index\\\/2026\\\/08\\\/26\\\/la-provincia-y-el-colegio-de-profesionales-de-trabajo-social-firmaron-un-convenio\\\/#webpage\"},\"isPartOf\":{\"@id\":\"https:\\\/\\\/lavozdelagente.com.ar\\\/index\\\/2026\\\/08\\\/26\\\/la-provincia-y-el-colegio-de-profesionales-de-trabajo-social-firmaron-un-convenio\\\/#webpage\"},\"articleSection\":\"Santiago\"},{\"@type\":\"BreadcrumbList\",\"@id\":\"https:\\\/\\\/lavozdelagente.com.ar\\\/index\\\/2026\\\/08\\\/26\\\/la-provincia-y-el-colegio-de-profesionales-de-trabajo-social-firmaron-un-convenio\\\/#breadcrumblist\",\"itemListElement\":[{\"@type\":\"ListItem\",\"@id\":\"https:\\\/\\\/lavozdelagente.com.ar\\\/index#listItem\",\"position\":1,\"name\":\"Home\",\"item\":\"https:\\\/\\\/lavozdelagente.com.ar\\\/index\",\"nextItem\":{\"@type\":\"ListItem\",\"@id\":\"https:\\\/\\\/lavozdelagente.com.ar\\\/index\\\/category\\\/santiago\\\/#listItem\",\"name\":\"Santiago\"}},{\"@type\":\"ListItem\",\"@id\":\"https:\\\/\\\/lavozdelagente.com.ar\\\/index\\\/category\\\/santiago\\\/#listItem\",\"position\":2,\"name\":\"Santiago\",\"item\":\"https:\\\/\\\/lavozdelagente.com.ar\\\/index\\\/category\\\/santiago\\\/\",\"nextItem\":{\"@type\":\"ListItem\",\"@id\":\"https:\\\/\\\/lavozdelagente.com.ar\\\/index\\\/2026\\\/08\\\/26\\\/la-provincia-y-el-colegio-de-profesionales-de-trabajo-social-firmaron-un-convenio\\\/#listItem\",\"name\":\"La provincia y el colegio de profesionales de trabajo social firmaron un convenio\"},\"previousItem\":{\"@type\":\"ListItem\",\"@id\":\"https:\\\/\\\/lavozdelagente.com.ar\\\/index#listItem\",\"name\":\"Home\"}},{\"@type\":\"ListItem\",\"@id\":\"https:\\\/\\\/lavozdelagente.com.ar\\\/index\\\/2026\\\/08\\\/26\\\/la-provincia-y-el-colegio-de-profesionales-de-trabajo-social-firmaron-un-convenio\\\/#listItem\",\"position\":3,\"name\":\"La provincia y el colegio de profesionales de trabajo social firmaron un convenio\",\"previousItem\":{\"@type\":\"ListItem\",\"@id\":\"https:\\\/\\\/lavozdelagente.com.ar\\\/index\\\/category\\\/santiago\\\/#listItem\",\"name\":\"Santiago\"}}]},{\"@type\":\"Person\",\"@id\":\"https:\\\/\\\/lavozdelagente.com.ar\\\/index\\\/author\\\/rober\\\/#author\",\"url\":\"https:\\\/\\\/lavozdelagente.com.ar\\\/index\\\/author\\\/rober\\\/\",\"name\":\"rober\",\"image\":{\"@type\":\"ImageObject\",\"@id\":\"https:\\\/\\\/lavozdelagente.com.ar\\\/index\\\/2026\\\/08\\\/26\\\/la-provincia-y-el-colegio-de-profesionales-de-trabajo-social-firmaron-un-convenio\\\/#authorImage\",\"url\":\"https:\\\/\\\/secure.gravatar.com\\\/avatar\\\/901a62cd098b11a08c5fe38d2de0f8ad6b745f5d4f6413ad71e1630ac07766e0?s=96&d=mm&r=g\",\"width\":96,\"height\":96,\"caption\":\"rober\"}},{\"@type\":\"WebPage\",\"@id\":\"https:\\\/\\\/lavozdelagente.com.ar\\\/index\\\/2026\\\/08\\\/26\\\/la-provincia-y-el-colegio-de-profesionales-de-trabajo-social-firmaron-un-convenio\\\/#webpage\",\"url\":\"https:\\\/\\\/lavozdelagente.com.ar\\\/index\\\/2026\\\/08\\\/26\\\/la-provincia-y-el-colegio-de-profesionales-de-trabajo-social-firmaron-un-convenio\\\/\",\"name\":\"La provincia y el colegio de profesionales de trabajo social firmaron un convenio - LA VOZ DE LA GENTE\",\"description\":\"El Gobierno de la provincia firm\\u00f3 un convenio marco con el Colegio de Profesionales de Trabajo Social con el objetivo de fortalecer las acciones articuladas y generar herramientas t\\u00e9cnicas para la prevenci\\u00f3n y abordaje de situaciones vinculadas al riesgo h\\u00eddrico. En principio, el prop\\u00f3sito es identificar vulnerabilidades, capacidades comunitarias, actores claves y prioridades de acci\\u00f3n\",\"inLanguage\":\"es-ES\",\"isPartOf\":{\"@id\":\"https:\\\/\\\/lavozdelagente.com.ar\\\/index\\\/#website\"},\"breadcrumb\":{\"@id\":\"https:\\\/\\\/lavozdelagente.com.ar\\\/index\\\/2026\\\/08\\\/26\\\/la-provincia-y-el-colegio-de-profesionales-de-trabajo-social-firmaron-un-convenio\\\/#breadcrumblist\"},\"author\":{\"@id\":\"https:\\\/\\\/lavozdelagente.com.ar\\\/index\\\/author\\\/rober\\\/#author\"},\"creator\":{\"@id\":\"https:\\\/\\\/lavozdelagente.com.ar\\\/index\\\/author\\\/rober\\\/#author\"},\"image\":{\"@type\":\"ImageObject\",\"url\":\"https:\\\/\\\/lavozdelagente.com.ar\\\/wp-content\\\/uploads\\\/2026\\\/08\\\/firmanconvenio.jpeg\",\"@id\":\"https:\\\/\\\/lavozdelagente.com.ar\\\/index\\\/2026\\\/08\\\/26\\\/la-provincia-y-el-colegio-de-profesionales-de-trabajo-social-firmaron-un-convenio\\\/#mainImage\",\"width\":1280,\"height\":854},\"primaryImageOfPage\":{\"@id\":\"https:\\\/\\\/lavozdelagente.com.ar\\\/index\\\/2026\\\/08\\\/26\\\/la-provincia-y-el-colegio-de-profesionales-de-trabajo-social-firmaron-un-convenio\\\/#mainImage\"},\"datePublished\":\"2026-08-26T21:27:20+00:00\",\"dateModified\":\"2026-08-26T21:27:20+00:00\"},{\"@type\":\"WebSite\",\"@id\":\"https:\\\/\\\/lavozdelagente.com.ar\\\/index\\\/#website\",\"url\":\"https:\\\/\\\/lavozdelagente.com.ar\\\/index\\\/\",\"name\":\"LA VOZ DE LA GENTE\",\"description\":\"SDE\",\"inLanguage\":\"es-ES\",\"publisher\":{\"@id\":\"https:\\\/\\\/lavozdelagente.com.ar\\\/index\\\/#person\"}}]}\n\t\t<\/script>\n\t\t<!-- All in One SEO -->\n\n","aioseo_head_json":{"title":"La provincia y el colegio de profesionales de trabajo social firmaron un convenio - LA VOZ DE LA GENTE","description":"El Gobierno de la provincia firm\u00f3 un convenio marco con el Colegio de Profesionales de Trabajo Social con el objetivo de fortalecer las acciones articuladas y generar herramientas t\u00e9cnicas para la prevenci\u00f3n y abordaje de situaciones vinculadas al riesgo h\u00eddrico. En principio, el prop\u00f3sito es identificar vulnerabilidades, capacidades comunitarias, actores claves y prioridades de acci\u00f3n","canonical_url":"https:\/\/lavozdelagente.com.ar\/index\/2026\/08\/26\/la-provincia-y-el-colegio-de-profesionales-de-trabajo-social-firmaron-un-convenio\/","robots":"max-image-preview:large","keywords":"","webmasterTools":{"google-site-verification":"dJHDh1fUzR1o-UwpFfn1JyiF-0R1LCNFZReSb-gbgcE","miscellaneous":""},"schema":{"@context":"https:\/\/schema.org","@graph":[{"@type":"BlogPosting","@id":"https:\/\/lavozdelagente.com.ar\/index\/2026\/08\/26\/la-provincia-y-el-colegio-de-profesionales-de-trabajo-social-firmaron-un-convenio\/#blogposting","name":"La provincia y el colegio de profesionales de trabajo social firmaron un convenio - LA VOZ DE LA GENTE","headline":"La provincia y el colegio de profesionales de trabajo social firmaron un convenio","author":{"@id":"https:\/\/lavozdelagente.com.ar\/index\/author\/rober\/#author"},"publisher":{"@id":"https:\/\/lavozdelagente.com.ar\/index\/#person"},"image":{"@type":"ImageObject","url":"https:\/\/lavozdelagente.com.ar\/wp-content\/uploads\/2026\/08\/firmanconvenio.jpeg","width":1280,"height":854},"datePublished":"2026-08-26T21:27:20+00:00","dateModified":"2026-08-26T21:27:20+00:00","inLanguage":"es-ES","mainEntityOfPage":{"@id":"https:\/\/lavozdelagente.com.ar\/index\/2026\/08\/26\/la-provincia-y-el-colegio-de-profesionales-de-trabajo-social-firmaron-un-convenio\/#webpage"},"isPartOf":{"@id":"https:\/\/lavozdelagente.com.ar\/index\/2026\/08\/26\/la-provincia-y-el-colegio-de-profesionales-de-trabajo-social-firmaron-un-convenio\/#webpage"},"articleSection":"Santiago"},{"@type":"BreadcrumbList","@id":"https:\/\/lavozdelagente.com.ar\/index\/2026\/08\/26\/la-provincia-y-el-colegio-de-profesionales-de-trabajo-social-firmaron-un-convenio\/#breadcrumblist","itemListElement":[{"@type":"ListItem","@id":"https:\/\/lavozdelagente.com.ar\/index#listItem","position":1,"name":"Home","item":"https:\/\/lavozdelagente.com.ar\/index","nextItem":{"@type":"ListItem","@id":"https:\/\/lavozdelagente.com.ar\/index\/category\/santiago\/#listItem","name":"Santiago"}},{"@type":"ListItem","@id":"https:\/\/lavozdelagente.com.ar\/index\/category\/santiago\/#listItem","position":2,"name":"Santiago","item":"https:\/\/lavozdelagente.com.ar\/index\/category\/santiago\/","nextItem":{"@type":"ListItem","@id":"https:\/\/lavozdelagente.com.ar\/index\/2026\/08\/26\/la-provincia-y-el-colegio-de-profesionales-de-trabajo-social-firmaron-un-convenio\/#listItem","name":"La provincia y el colegio de profesionales de trabajo social firmaron un convenio"},"previousItem":{"@type":"ListItem","@id":"https:\/\/lavozdelagente.com.ar\/index#listItem","name":"Home"}},{"@type":"ListItem","@id":"https:\/\/lavozdelagente.com.ar\/index\/2026\/08\/26\/la-provincia-y-el-colegio-de-profesionales-de-trabajo-social-firmaron-un-convenio\/#listItem","position":3,"name":"La provincia y el colegio de profesionales de trabajo social firmaron un convenio","previousItem":{"@type":"ListItem","@id":"https:\/\/lavozdelagente.com.ar\/index\/category\/santiago\/#listItem","name":"Santiago"}}]},{"@type":"Person","@id":"https:\/\/lavozdelagente.com.ar\/index\/author\/rober\/#author","url":"https:\/\/lavozdelagente.com.ar\/index\/author\/rober\/","name":"rober","image":{"@type":"ImageObject","@id":"https:\/\/lavozdelagente.com.ar\/index\/2026\/08\/26\/la-provincia-y-el-colegio-de-profesionales-de-trabajo-social-firmaron-un-convenio\/#authorImage","url":"https:\/\/secure.gravatar.com\/avatar\/901a62cd098b11a08c5fe38d2de0f8ad6b745f5d4f6413ad71e1630ac07766e0?s=96&d=mm&r=g","width":96,"height":96,"caption":"rober"}},{"@type":"WebPage","@id":"https:\/\/lavozdelagente.com.ar\/index\/2026\/08\/26\/la-provincia-y-el-colegio-de-profesionales-de-trabajo-social-firmaron-un-convenio\/#webpage","url":"https:\/\/lavozdelagente.com.ar\/index\/2026\/08\/26\/la-provincia-y-el-colegio-de-profesionales-de-trabajo-social-firmaron-un-convenio\/","name":"La provincia y el colegio de profesionales de trabajo social firmaron un convenio - LA VOZ DE LA GENTE","description":"El Gobierno de la provincia firm\u00f3 un convenio marco con el Colegio de Profesionales de Trabajo Social con el objetivo de fortalecer las acciones articuladas y generar herramientas t\u00e9cnicas para la prevenci\u00f3n y abordaje de situaciones vinculadas al riesgo h\u00eddrico. En principio, el prop\u00f3sito es identificar vulnerabilidades, capacidades comunitarias, actores claves y prioridades de acci\u00f3n","inLanguage":"es-ES","isPartOf":{"@id":"https:\/\/lavozdelagente.com.ar\/index\/#website"},"breadcrumb":{"@id":"https:\/\/lavozdelagente.com.ar\/index\/2026\/08\/26\/la-provincia-y-el-colegio-de-profesionales-de-trabajo-social-firmaron-un-convenio\/#breadcrumblist"},"author":{"@id":"https:\/\/lavozdelagente.com.ar\/index\/author\/rober\/#author"},"creator":{"@id":"https:\/\/lavozdelagente.com.ar\/index\/author\/rober\/#author"},"image":{"@type":"ImageObject","url":"https:\/\/lavozdelagente.com.ar\/wp-content\/uploads\/2026\/08\/firmanconvenio.jpeg","@id":"https:\/\/lavozdelagente.com.ar\/index\/2026\/08\/26\/la-provincia-y-el-colegio-de-profesionales-de-trabajo-social-firmaron-un-convenio\/#mainImage","width":1280,"height":854},"primaryImageOfPage":{"@id":"https:\/\/lavozdelagente.com.ar\/index\/2026\/08\/26\/la-provincia-y-el-colegio-de-profesionales-de-trabajo-social-firmaron-un-convenio\/#mainImage"},"datePublished":"2026-08-26T21:27:20+00:00","dateModified":"2026-08-26T21:27:20+00:00"},{"@type":"WebSite","@id":"https:\/\/lavozdelagente.com.ar\/index\/#website","url":"https:\/\/lavozdelagente.com.ar\/index\/","name":"LA VOZ DE LA GENTE","description":"SDE","inLanguage":"es-ES","publisher":{"@id":"https:\/\/lavozdelagente.com.ar\/index\/#person"}}]},"og:locale":"es_ES","og:site_name":"LA VOZ DE LA GENTE - SDE","og:type":"article","og:title":"La provincia y el colegio de profesionales de trabajo social firmaron un convenio - LA VOZ DE LA GENTE","og:description":"El Gobierno de la provincia firm\u00f3 un convenio marco con el Colegio de Profesionales de Trabajo Social con el objetivo de fortalecer las acciones articuladas y generar herramientas t\u00e9cnicas para la prevenci\u00f3n y abordaje de situaciones vinculadas al riesgo h\u00eddrico. En principio, el prop\u00f3sito es identificar vulnerabilidades, capacidades comunitarias, actores claves y prioridades de acci\u00f3n","og:url":"https:\/\/lavozdelagente.com.ar\/index\/2026\/08\/26\/la-provincia-y-el-colegio-de-profesionales-de-trabajo-social-firmaron-un-convenio\/","article:published_time":"2026-08-26T21:27:20+00:00","article:modified_time":"2026-08-26T21:27:20+00:00","twitter:card":"summary_large_image","twitter:title":"La provincia y el colegio de profesionales de trabajo social firmaron un convenio - LA VOZ DE LA GENTE","twitter:description":"El Gobierno de la provincia firm\u00f3 un convenio marco con el Colegio de Profesionales de Trabajo Social con el objetivo de fortalecer las acciones articuladas y generar herramientas t\u00e9cnicas para la prevenci\u00f3n y abordaje de situaciones vinculadas al riesgo h\u00eddrico. En principio, el prop\u00f3sito es identificar vulnerabilidades, capacidades comunitarias, actores claves y prioridades de acci\u00f3n"},"aioseo_meta_data":{"post_id":"3560","title":null,"description":null,"keywords":null,"keyphrases":{"focus":{"keyphrase":"","score":0,"analysis":{"keyphraseInTitle":{"score":0,"maxScore":9,"error":1}}},"additional":[]},"primary_term":null,"canonical_url":null,"og_title":null,"og_description":null,"og_object_type":"default","og_image_type":"default","og_image_url":null,"og_image_width":null,"og_image_height":null,"og_image_custom_url":null,"og_image_custom_fields":null,"og_video":"","og_custom_url":null,"og_article_section":null,"og_article_tags":null,"twitter_use_og":false,"twitter_card":"default","twitter_image_type":"default","twitter_image_url":null,"twitter_image_custom_url":null,"twitter_image_custom_fields":null,"twitter_title":null,"twitter_description":null,"schema":{"blockGraphs":[],"customGraphs":[],"default":{"data":{"Article":[],"Course":[],"Dataset":[],"FAQPage":[],"Movie":[],"Person":[],"Product":[],"ProductReview":[],"Car":[],"Recipe":[],"Service":[],"SoftwareApplication":[],"WebPage":[]},"graphName":"BlogPosting","isEnabled":true},"graphs":[]},"schema_type":"default","schema_type_options":null,"pillar_content":false,"robots_default":true,"robots_noindex":false,"robots_noarchive":false,"robots_nosnippet":false,"robots_nofollow":false,"robots_noimageindex":false,"robots_noodp":false,"robots_notranslate":false,"robots_max_snippet":"-1","robots_max_videopreview":"-1","robots_max_imagepreview":"large","priority":null,"frequency":"default","local_seo":null,"breadcrumb_settings":null,"limit_modified_date":false,"ai":{"faqs":[],"keyPoints":[],"schemas":[],"titles":[],"descriptions":[],"socialPosts":{"email":{"subject":"","preview":"","content":""},"linkedin":[],"twitter":[],"facebook":[],"instagram":[]}},"created":"2026-08-26 21:27:20","updated":"2026-08-27 03:59:29","seo_analyzer_scan_date":null,"focus_keyword":null,"additional_keywords":null,"truseo_locale":null},"aioseo_breadcrumb":"<div class=\"aioseo-breadcrumbs\"><span class=\"aioseo-breadcrumb\">\n\t\t\t<a href=\"https:\/\/lavozdelagente.com.ar\/index\" title=\"Home\">Home<\/a>\n\t\t<\/span><span class=\"aioseo-breadcrumb-separator\">&raquo;<\/span><span class=\"aioseo-breadcrumb\">\n\t\t\t<a href=\"https:\/\/lavozdelagente.com.ar\/index\/category\/santiago\/\" title=\"Santiago\">Santiago<\/a>\n\t\t<\/span><span class=\"aioseo-breadcrumb-separator\">&raquo;<\/span><span class=\"aioseo-breadcrumb\">\n\t\t\tLa provincia y el colegio de profesionales de trabajo social firmaron un convenio\n\t\t<\/span><\/div>","aioseo_breadcrumb_json":[{"label":"Home","link":"https:\/\/lavozdelagente.com.ar\/index"},{"label":"Santiago","link":"https:\/\/lavozdelagente.com.ar\/index\/category\/santiago\/"},{"label":"La provincia y el colegio de profesionales de trabajo social firmaron un convenio","link":"https:\/\/lavozdelagente.com.ar\/index\/2026\/08\/26\/la-provincia-y-el-colegio-de-profesionales-de-trabajo-social-firmaron-un-convenio\/"}],"rttpg_featured_image_url":{"full":["https:\/\/lavozdelagente.com.ar\/wp-content\/uploads\/2026\/08\/firmanconvenio.jpeg",1280,854,false],"landscape":["https:\/\/lavozdelagente.com.ar\/wp-content\/uploads\/2026\/08\/firmanconvenio.jpeg",1280,854,false],"portraits":["https:\/\/lavozdelagente.com.ar\/wp-content\/uploads\/2026\/08\/firmanconvenio.jpeg",1280,854,false],"thumbnail":["https:\/\/lavozdelagente.com.ar\/wp-content\/uploads\/2026\/08\/firmanconvenio-150x150.jpeg",150,150,true],"medium":["https:\/\/lavozdelagente.com.ar\/wp-content\/uploads\/2026\/08\/firmanconvenio-300x200.jpeg",300,200,true],"large":["https:\/\/lavozdelagente.com.ar\/wp-content\/uploads\/2026\/08\/firmanconvenio-1024x683.jpeg",800,534,true],"1536x1536":["https:\/\/lavozdelagente.com.ar\/wp-content\/uploads\/2026\/08\/firmanconvenio.jpeg",1280,854,false],"2048x2048":["https:\/\/lavozdelagente.com.ar\/wp-content\/uploads\/2026\/08\/firmanconvenio.jpeg",1280,854,false],"colormag-highlighted-post":["https:\/\/lavozdelagente.com.ar\/wp-content\/uploads\/2026\/08\/firmanconvenio-392x272.jpeg",392,272,true],"colormag-featured-post-medium":["https:\/\/lavozdelagente.com.ar\/wp-content\/uploads\/2026\/08\/firmanconvenio-390x205.jpeg",390,205,true],"colormag-featured-post-small":["https:\/\/lavozdelagente.com.ar\/wp-content\/uploads\/2026\/08\/firmanconvenio-130x90.jpeg",130,90,true],"colormag-featured-image":["https:\/\/lavozdelagente.com.ar\/wp-content\/uploads\/2026\/08\/firmanconvenio-800x445.jpeg",800,445,true],"colormag-default-news":["https:\/\/lavozdelagente.com.ar\/wp-content\/uploads\/2026\/08\/firmanconvenio-150x150.jpeg",150,150,true],"colormag-featured-image-large":["https:\/\/lavozdelagente.com.ar\/wp-content\/uploads\/2026\/08\/firmanconvenio-1280x600.jpeg",1280,600,true]},"rttpg_author":{"display_name":"rober","author_link":"https:\/\/lavozdelagente.com.ar\/index\/author\/rober\/"},"rttpg_comment":0,"rttpg_category":"<a href=\"https:\/\/lavozdelagente.com.ar\/index\/category\/santiago\/\" rel=\"category tag\">Santiago<\/a>","rttpg_excerpt":"El Gobierno de la provincia firm\u00f3 un convenio marco con el Colegio de Profesionales de Trabajo Social con el objetivo","_links":{"self":[{"href":"https:\/\/lavozdelagente.com.ar\/index\/wp-json\/wp\/v2\/posts\/3560","targetHints":{"allow":["GET"]}}],"collection":[{"href":"https:\/\/lavozdelagente.com.ar\/index\/wp-json\/wp\/v2\/posts"}],"about":[{"href":"https:\/\/lavozdelagente.com.ar\/index\/wp-json\/wp\/v2\/types\/post"}],"author":[{"embeddable":true,"href":"https:\/\/lavozdelagente.com.ar\/index\/wp-json\/wp\/v2\/users\/2"}],"replies":[{"embeddable":true,"href":"https:\/\/lavozdelagente.com.ar\/index\/wp-json\/wp\/v2\/comments?post=3560"}],"version-history":[{"count":2,"href":"https:\/\/lavozdelagente.com.ar\/index\/wp-json\/wp\/v2\/posts\/3560\/revisions"}],"predecessor-version":[{"id":3563,"href":"https:\/\/lavozdelagente.com.ar\/index\/wp-json\/wp\/v2\/posts\/3560\/revisions\/3563"}],"wp:featuredmedia":[{"embeddable":true,"href":"https:\/\/lavozdelagente.com.ar\/index\/wp-json\/wp\/v2\/media\/3561"}],"wp:attachment":[{"href":"https:\/\/lavozdelagente.com.ar\/index\/wp-json\/wp\/v2\/media?parent=3560"}],"wp:term":[{"taxonomy":"category","embeddable":true,"href":"https:\/\/lavozdelagente.com.ar\/index\/wp-json\/wp\/v2\/categories?post=3560"},{"taxonomy":"post_tag","embeddable":true,"href":"https:\/\/lavozdelagente.com.ar\/index\/wp-json\/wp\/v2\/tags?post=3560"}],"curies":[{"name":"wp","href":"https:\/\/api.w.org\/{rel}","templated":true}]}}