{"id":3564,"date":"2026-08-26T21:28:16","date_gmt":"2026-08-26T21:28:16","guid":{"rendered":"https:\/\/lavozdelagente.com.ar\/index\/?p=3564"},"modified":"2026-08-26T21:28:16","modified_gmt":"2026-08-26T21:28:16","slug":"con-un-gran-marco-de-publico-se-realizo-el-acto-central-por-el-142-aniversario-de-la-ciudad-de-villa-ojo-de-agua","status":"publish","type":"post","link":"https:\/\/lavozdelagente.com.ar\/index\/2026\/08\/26\/con-un-gran-marco-de-publico-se-realizo-el-acto-central-por-el-142-aniversario-de-la-ciudad-de-villa-ojo-de-agua\/","title":{"rendered":"Con un gran marco de p\u00fablico se realiz\u00f3 el acto central por el 142\u00b0 aniversario de la ciudad de Villa Ojo de Agua"},"content":{"rendered":"<p>En representaci\u00f3n del gobernador El\u00edas Su\u00e1rez, los ministros, de Desarrollo Social, \u00c1ngel Niccolai y de Producci\u00f3n, N\u00e9stor Machado participaron este martes por la noche, del acto central por el 142\u00b0 aniversario de la ciudad de Villa Ojo de Agua.<br \/>\nLa ceremonia se desarroll\u00f3 en Plaza Manuel Belgrano y cont\u00f3 con la presencia de legisladores provinciales, concejales, autoridades municipales, intendentes y comisionados de la zona que fueron recibidos por la jefa comunal, Monica Bustamante. Adem\u00e1s, estuvieron delegaciones de instituciones educativas y deportivas, como tambi\u00e9n de representantes de fuerzas de seguridad.<br \/>\nDurante el encuentro, el Gobierno provincial otorg\u00f3 una plaqueta recordatoria por el aniversario de la ciudad y seguidamente, Pablo Lescano, alumno del Instituto de Formaci\u00f3n Docente de la ciudad brind\u00f3 una rese\u00f1a hist\u00f3rica donde destac\u00f3 que Villa Ojo de Agua creci\u00f3 \u00abpreservando sus ra\u00edces y construyendo su identidad con el esfuerzo de toda la comunidad\u00bb y en el cierre inst\u00f3 a los vecinos a honrar el legado de los pioneros y a trabajar unidos por un futuro con m\u00e1s oportunidades, uni\u00f3n y esperanza\u00bb.<br \/>\nEn este marco, a trav\u00e9s de un video, el senador nacional, Gerardo Zamora salud\u00f3 a la comunidad de Villa Ojo de Agua.<br \/>\nAl hacer uso de la palabra, Bustamante dio la bienvenida a las autoridades y a los vecinos presentes y expres\u00f3: \u00abHoy celebramos un nuevo aniversario orgullosos de los logros que no son solo obras y edificios, sino el esfuerzo diario, la solidaridad y el trabajo en conjunto de todos los vecinos\u201d.<br \/>\nAl finalizar reafirm\u00f3 rindi\u00f3 homenaje a quienes fundaron la ciudad y llam\u00f3 a renovar el compromiso de seguir trabajando unidos con honestidad y orden. \u00abVilla Ojo de Agua es nuestra casa y solo unidos se lograr\u00e1n los grandes proyectos\u00bb, dijo.<br \/>\nA su turno, Nicolai hizo un repaso hist\u00f3rico de la ciudad y se\u00f1al\u00f3: \u00abSe cumplen 142 a\u00f1os desde que un grupo de pioneros eligi\u00f3 Ojo de Agua para vivir, un lugar con una belleza paisaj\u00edstica que enorgullece a los santiague\u00f1os, que adem\u00e1s se ha desarrollado con obras y emprendimientos, en sinton\u00eda con el crecimiento de la provincia\u00bb.<br \/>\nPara cerrar, sostuvo: \u00abEs un d\u00eda de festejo leg\u00edtimo, porque los pueblos celebran su sentido de pertenencia e identidad, y homenajean a quienes vinieron antes y dejaron la posta. Deseo que puedan seguir construyendo un ciudad con progreso, a partir del di\u00e1logo, la tolerancia y la puesta de objetivos comunes por sobre los particulares, que es la forma en que los pueblos construyen su destino\u00bb.<br \/>\nLas actividades protocolares finalizaron cantando el feliz cumplea\u00f1os.<\/p>\n<p>&nbsp;<\/p>\n","protected":false},"excerpt":{"rendered":"<p>En representaci\u00f3n del gobernador El\u00edas Su\u00e1rez, los ministros, de Desarrollo Social, \u00c1ngel Niccolai y de Producci\u00f3n, N\u00e9stor Machado participaron este<\/p>\n","protected":false},"author":2,"featured_media":3565,"comment_status":"open","ping_status":"open","sticky":false,"template":"","format":"standard","meta":{"colormag_page_container_layout":"default_layout","colormag_page_sidebar_layout":"default_layout","om_disable_all_campaigns":false,"_monsterinsights_skip_tracking":false,"footnotes":""},"categories":[2],"tags":[],"class_list":["post-3564","post","type-post","status-publish","format-standard","has-post-thumbnail","hentry","category-santiago"],"aioseo_notices":[],"aioseo_head":"\n\t\t<!-- All in One SEO 5.0.1.1 - aioseo.com -->\n\t<meta name=\"description\" content=\"En representaci\u00f3n del gobernador El\u00edas Su\u00e1rez, los ministros, de Desarrollo Social, \u00c1ngel Niccolai y de Producci\u00f3n, N\u00e9stor Machado participaron este martes por la noche, del acto central por el 142\u00b0 aniversario de la ciudad de Villa Ojo de Agua. La ceremonia se desarroll\u00f3 en Plaza Manuel Belgrano y cont\u00f3 con la presencia de legisladores provinciales,\" \/>\n\t<meta name=\"robots\" content=\"max-image-preview:large\" \/>\n\t<meta name=\"author\" content=\"rober\"\/>\n\t<meta name=\"google-site-verification\" content=\"dJHDh1fUzR1o-UwpFfn1JyiF-0R1LCNFZReSb-gbgcE\" \/>\n\t<link rel=\"canonical\" href=\"https:\/\/lavozdelagente.com.ar\/index\/2026\/08\/26\/con-un-gran-marco-de-publico-se-realizo-el-acto-central-por-el-142-aniversario-de-la-ciudad-de-villa-ojo-de-agua\/\" \/>\n\t<meta name=\"generator\" content=\"All in One SEO (AIOSEO) 5.0.1.1\" \/>\n\t\t<meta property=\"og:locale\" content=\"es_ES\" \/>\n\t\t<meta property=\"og:site_name\" content=\"LA VOZ DE LA GENTE - SDE\" \/>\n\t\t<meta property=\"og:type\" content=\"article\" \/>\n\t\t<meta property=\"og:title\" content=\"Con un gran marco de p\u00fablico se realiz\u00f3 el acto central por el 142\u00b0 aniversario de la ciudad de Villa Ojo de Agua - LA VOZ DE LA GENTE\" \/>\n\t\t<meta property=\"og:description\" content=\"En representaci\u00f3n del gobernador El\u00edas Su\u00e1rez, los ministros, de Desarrollo Social, \u00c1ngel Niccolai y de Producci\u00f3n, N\u00e9stor Machado participaron este martes por la noche, del acto central por el 142\u00b0 aniversario de la ciudad de Villa Ojo de Agua. La ceremonia se desarroll\u00f3 en Plaza Manuel Belgrano y cont\u00f3 con la presencia de legisladores provinciales,\" \/>\n\t\t<meta property=\"og:url\" content=\"https:\/\/lavozdelagente.com.ar\/index\/2026\/08\/26\/con-un-gran-marco-de-publico-se-realizo-el-acto-central-por-el-142-aniversario-de-la-ciudad-de-villa-ojo-de-agua\/\" \/>\n\t\t<meta property=\"article:published_time\" content=\"2026-08-26T21:28:16+00:00\" \/>\n\t\t<meta property=\"article:modified_time\" content=\"2026-08-26T21:28:16+00:00\" \/>\n\t\t<meta name=\"twitter:card\" content=\"summary_large_image\" \/>\n\t\t<meta name=\"twitter:title\" content=\"Con un gran marco de p\u00fablico se realiz\u00f3 el acto central por el 142\u00b0 aniversario de la ciudad de Villa Ojo de Agua - LA VOZ DE LA GENTE\" \/>\n\t\t<meta name=\"twitter:description\" content=\"En representaci\u00f3n del gobernador El\u00edas Su\u00e1rez, los ministros, de Desarrollo Social, \u00c1ngel Niccolai y de Producci\u00f3n, N\u00e9stor Machado participaron este martes por la noche, del acto central por el 142\u00b0 aniversario de la ciudad de Villa Ojo de Agua. La ceremonia se desarroll\u00f3 en Plaza Manuel Belgrano y cont\u00f3 con la presencia de legisladores provinciales,\" \/>\n\t\t<script type=\"application\/ld+json\" class=\"aioseo-schema\">\n\t\t\t{\"@context\":\"https:\\\/\\\/schema.org\",\"@graph\":[{\"@type\":\"BlogPosting\",\"@id\":\"https:\\\/\\\/lavozdelagente.com.ar\\\/index\\\/2026\\\/08\\\/26\\\/con-un-gran-marco-de-publico-se-realizo-el-acto-central-por-el-142-aniversario-de-la-ciudad-de-villa-ojo-de-agua\\\/#blogposting\",\"name\":\"Con un gran marco de p\\u00fablico se realiz\\u00f3 el acto central por el 142\\u00b0 aniversario de la ciudad de Villa Ojo de Agua - LA VOZ DE LA GENTE\",\"headline\":\"Con un gran marco de p\\u00fablico se realiz\\u00f3 el acto central por el 142\\u00b0 aniversario de la ciudad de Villa Ojo de Agua\",\"author\":{\"@id\":\"https:\\\/\\\/lavozdelagente.com.ar\\\/index\\\/author\\\/rober\\\/#author\"},\"publisher\":{\"@id\":\"https:\\\/\\\/lavozdelagente.com.ar\\\/index\\\/#person\"},\"image\":{\"@type\":\"ImageObject\",\"url\":\"https:\\\/\\\/lavozdelagente.com.ar\\\/wp-content\\\/uploads\\\/2026\\\/08\\\/aniv.jpeg\",\"width\":1280,\"height\":853},\"datePublished\":\"2026-08-26T21:28:16+00:00\",\"dateModified\":\"2026-08-26T21:28:16+00:00\",\"inLanguage\":\"es-ES\",\"mainEntityOfPage\":{\"@id\":\"https:\\\/\\\/lavozdelagente.com.ar\\\/index\\\/2026\\\/08\\\/26\\\/con-un-gran-marco-de-publico-se-realizo-el-acto-central-por-el-142-aniversario-de-la-ciudad-de-villa-ojo-de-agua\\\/#webpage\"},\"isPartOf\":{\"@id\":\"https:\\\/\\\/lavozdelagente.com.ar\\\/index\\\/2026\\\/08\\\/26\\\/con-un-gran-marco-de-publico-se-realizo-el-acto-central-por-el-142-aniversario-de-la-ciudad-de-villa-ojo-de-agua\\\/#webpage\"},\"articleSection\":\"Santiago\"},{\"@type\":\"BreadcrumbList\",\"@id\":\"https:\\\/\\\/lavozdelagente.com.ar\\\/index\\\/2026\\\/08\\\/26\\\/con-un-gran-marco-de-publico-se-realizo-el-acto-central-por-el-142-aniversario-de-la-ciudad-de-villa-ojo-de-agua\\\/#breadcrumblist\",\"itemListElement\":[{\"@type\":\"ListItem\",\"@id\":\"https:\\\/\\\/lavozdelagente.com.ar\\\/index#listItem\",\"position\":1,\"name\":\"Home\",\"item\":\"https:\\\/\\\/lavozdelagente.com.ar\\\/index\",\"nextItem\":{\"@type\":\"ListItem\",\"@id\":\"https:\\\/\\\/lavozdelagente.com.ar\\\/index\\\/category\\\/santiago\\\/#listItem\",\"name\":\"Santiago\"}},{\"@type\":\"ListItem\",\"@id\":\"https:\\\/\\\/lavozdelagente.com.ar\\\/index\\\/category\\\/santiago\\\/#listItem\",\"position\":2,\"name\":\"Santiago\",\"item\":\"https:\\\/\\\/lavozdelagente.com.ar\\\/index\\\/category\\\/santiago\\\/\",\"nextItem\":{\"@type\":\"ListItem\",\"@id\":\"https:\\\/\\\/lavozdelagente.com.ar\\\/index\\\/2026\\\/08\\\/26\\\/con-un-gran-marco-de-publico-se-realizo-el-acto-central-por-el-142-aniversario-de-la-ciudad-de-villa-ojo-de-agua\\\/#listItem\",\"name\":\"Con un gran marco de p\\u00fablico se realiz\\u00f3 el acto central por el 142\\u00b0 aniversario de la ciudad de Villa Ojo de Agua\"},\"previousItem\":{\"@type\":\"ListItem\",\"@id\":\"https:\\\/\\\/lavozdelagente.com.ar\\\/index#listItem\",\"name\":\"Home\"}},{\"@type\":\"ListItem\",\"@id\":\"https:\\\/\\\/lavozdelagente.com.ar\\\/index\\\/2026\\\/08\\\/26\\\/con-un-gran-marco-de-publico-se-realizo-el-acto-central-por-el-142-aniversario-de-la-ciudad-de-villa-ojo-de-agua\\\/#listItem\",\"position\":3,\"name\":\"Con un gran marco de p\\u00fablico se realiz\\u00f3 el acto central por el 142\\u00b0 aniversario de la ciudad de Villa Ojo de Agua\",\"previousItem\":{\"@type\":\"ListItem\",\"@id\":\"https:\\\/\\\/lavozdelagente.com.ar\\\/index\\\/category\\\/santiago\\\/#listItem\",\"name\":\"Santiago\"}}]},{\"@type\":\"Person\",\"@id\":\"https:\\\/\\\/lavozdelagente.com.ar\\\/index\\\/author\\\/rober\\\/#author\",\"url\":\"https:\\\/\\\/lavozdelagente.com.ar\\\/index\\\/author\\\/rober\\\/\",\"name\":\"rober\",\"image\":{\"@type\":\"ImageObject\",\"@id\":\"https:\\\/\\\/lavozdelagente.com.ar\\\/index\\\/2026\\\/08\\\/26\\\/con-un-gran-marco-de-publico-se-realizo-el-acto-central-por-el-142-aniversario-de-la-ciudad-de-villa-ojo-de-agua\\\/#authorImage\",\"url\":\"https:\\\/\\\/secure.gravatar.com\\\/avatar\\\/901a62cd098b11a08c5fe38d2de0f8ad6b745f5d4f6413ad71e1630ac07766e0?s=96&d=mm&r=g\",\"width\":96,\"height\":96,\"caption\":\"rober\"}},{\"@type\":\"WebPage\",\"@id\":\"https:\\\/\\\/lavozdelagente.com.ar\\\/index\\\/2026\\\/08\\\/26\\\/con-un-gran-marco-de-publico-se-realizo-el-acto-central-por-el-142-aniversario-de-la-ciudad-de-villa-ojo-de-agua\\\/#webpage\",\"url\":\"https:\\\/\\\/lavozdelagente.com.ar\\\/index\\\/2026\\\/08\\\/26\\\/con-un-gran-marco-de-publico-se-realizo-el-acto-central-por-el-142-aniversario-de-la-ciudad-de-villa-ojo-de-agua\\\/\",\"name\":\"Con un gran marco de p\\u00fablico se realiz\\u00f3 el acto central por el 142\\u00b0 aniversario de la ciudad de Villa Ojo de Agua - LA VOZ DE LA GENTE\",\"description\":\"En representaci\\u00f3n del gobernador El\\u00edas Su\\u00e1rez, los ministros, de Desarrollo Social, \\u00c1ngel Niccolai y de Producci\\u00f3n, N\\u00e9stor Machado participaron este martes por la noche, del acto central por el 142\\u00b0 aniversario de la ciudad de Villa Ojo de Agua. La ceremonia se desarroll\\u00f3 en Plaza Manuel Belgrano y cont\\u00f3 con la presencia de legisladores provinciales,\",\"inLanguage\":\"es-ES\",\"isPartOf\":{\"@id\":\"https:\\\/\\\/lavozdelagente.com.ar\\\/index\\\/#website\"},\"breadcrumb\":{\"@id\":\"https:\\\/\\\/lavozdelagente.com.ar\\\/index\\\/2026\\\/08\\\/26\\\/con-un-gran-marco-de-publico-se-realizo-el-acto-central-por-el-142-aniversario-de-la-ciudad-de-villa-ojo-de-agua\\\/#breadcrumblist\"},\"author\":{\"@id\":\"https:\\\/\\\/lavozdelagente.com.ar\\\/index\\\/author\\\/rober\\\/#author\"},\"creator\":{\"@id\":\"https:\\\/\\\/lavozdelagente.com.ar\\\/index\\\/author\\\/rober\\\/#author\"},\"image\":{\"@type\":\"ImageObject\",\"url\":\"https:\\\/\\\/lavozdelagente.com.ar\\\/wp-content\\\/uploads\\\/2026\\\/08\\\/aniv.jpeg\",\"@id\":\"https:\\\/\\\/lavozdelagente.com.ar\\\/index\\\/2026\\\/08\\\/26\\\/con-un-gran-marco-de-publico-se-realizo-el-acto-central-por-el-142-aniversario-de-la-ciudad-de-villa-ojo-de-agua\\\/#mainImage\",\"width\":1280,\"height\":853},\"primaryImageOfPage\":{\"@id\":\"https:\\\/\\\/lavozdelagente.com.ar\\\/index\\\/2026\\\/08\\\/26\\\/con-un-gran-marco-de-publico-se-realizo-el-acto-central-por-el-142-aniversario-de-la-ciudad-de-villa-ojo-de-agua\\\/#mainImage\"},\"datePublished\":\"2026-08-26T21:28:16+00:00\",\"dateModified\":\"2026-08-26T21:28:16+00:00\"},{\"@type\":\"WebSite\",\"@id\":\"https:\\\/\\\/lavozdelagente.com.ar\\\/index\\\/#website\",\"url\":\"https:\\\/\\\/lavozdelagente.com.ar\\\/index\\\/\",\"name\":\"LA VOZ DE LA GENTE\",\"description\":\"SDE\",\"inLanguage\":\"es-ES\",\"publisher\":{\"@id\":\"https:\\\/\\\/lavozdelagente.com.ar\\\/index\\\/#person\"}}]}\n\t\t<\/script>\n\t\t<!-- All in One SEO -->\n\n","aioseo_head_json":{"title":"Con un gran marco de p\u00fablico se realiz\u00f3 el acto central por el 142\u00b0 aniversario de la ciudad de Villa Ojo de Agua - LA VOZ DE LA GENTE","description":"En representaci\u00f3n del gobernador El\u00edas Su\u00e1rez, los ministros, de Desarrollo Social, \u00c1ngel Niccolai y de Producci\u00f3n, N\u00e9stor Machado participaron este martes por la noche, del acto central por el 142\u00b0 aniversario de la ciudad de Villa Ojo de Agua. La ceremonia se desarroll\u00f3 en Plaza Manuel Belgrano y cont\u00f3 con la presencia de legisladores provinciales,","canonical_url":"https:\/\/lavozdelagente.com.ar\/index\/2026\/08\/26\/con-un-gran-marco-de-publico-se-realizo-el-acto-central-por-el-142-aniversario-de-la-ciudad-de-villa-ojo-de-agua\/","robots":"max-image-preview:large","keywords":"","webmasterTools":{"google-site-verification":"dJHDh1fUzR1o-UwpFfn1JyiF-0R1LCNFZReSb-gbgcE","miscellaneous":""},"schema":{"@context":"https:\/\/schema.org","@graph":[{"@type":"BlogPosting","@id":"https:\/\/lavozdelagente.com.ar\/index\/2026\/08\/26\/con-un-gran-marco-de-publico-se-realizo-el-acto-central-por-el-142-aniversario-de-la-ciudad-de-villa-ojo-de-agua\/#blogposting","name":"Con un gran marco de p\u00fablico se realiz\u00f3 el acto central por el 142\u00b0 aniversario de la ciudad de Villa Ojo de Agua - LA VOZ DE LA GENTE","headline":"Con un gran marco de p\u00fablico se realiz\u00f3 el acto central por el 142\u00b0 aniversario de la ciudad de Villa Ojo de Agua","author":{"@id":"https:\/\/lavozdelagente.com.ar\/index\/author\/rober\/#author"},"publisher":{"@id":"https:\/\/lavozdelagente.com.ar\/index\/#person"},"image":{"@type":"ImageObject","url":"https:\/\/lavozdelagente.com.ar\/wp-content\/uploads\/2026\/08\/aniv.jpeg","width":1280,"height":853},"datePublished":"2026-08-26T21:28:16+00:00","dateModified":"2026-08-26T21:28:16+00:00","inLanguage":"es-ES","mainEntityOfPage":{"@id":"https:\/\/lavozdelagente.com.ar\/index\/2026\/08\/26\/con-un-gran-marco-de-publico-se-realizo-el-acto-central-por-el-142-aniversario-de-la-ciudad-de-villa-ojo-de-agua\/#webpage"},"isPartOf":{"@id":"https:\/\/lavozdelagente.com.ar\/index\/2026\/08\/26\/con-un-gran-marco-de-publico-se-realizo-el-acto-central-por-el-142-aniversario-de-la-ciudad-de-villa-ojo-de-agua\/#webpage"},"articleSection":"Santiago"},{"@type":"BreadcrumbList","@id":"https:\/\/lavozdelagente.com.ar\/index\/2026\/08\/26\/con-un-gran-marco-de-publico-se-realizo-el-acto-central-por-el-142-aniversario-de-la-ciudad-de-villa-ojo-de-agua\/#breadcrumblist","itemListElement":[{"@type":"ListItem","@id":"https:\/\/lavozdelagente.com.ar\/index#listItem","position":1,"name":"Home","item":"https:\/\/lavozdelagente.com.ar\/index","nextItem":{"@type":"ListItem","@id":"https:\/\/lavozdelagente.com.ar\/index\/category\/santiago\/#listItem","name":"Santiago"}},{"@type":"ListItem","@id":"https:\/\/lavozdelagente.com.ar\/index\/category\/santiago\/#listItem","position":2,"name":"Santiago","item":"https:\/\/lavozdelagente.com.ar\/index\/category\/santiago\/","nextItem":{"@type":"ListItem","@id":"https:\/\/lavozdelagente.com.ar\/index\/2026\/08\/26\/con-un-gran-marco-de-publico-se-realizo-el-acto-central-por-el-142-aniversario-de-la-ciudad-de-villa-ojo-de-agua\/#listItem","name":"Con un gran marco de p\u00fablico se realiz\u00f3 el acto central por el 142\u00b0 aniversario de la ciudad de Villa Ojo de Agua"},"previousItem":{"@type":"ListItem","@id":"https:\/\/lavozdelagente.com.ar\/index#listItem","name":"Home"}},{"@type":"ListItem","@id":"https:\/\/lavozdelagente.com.ar\/index\/2026\/08\/26\/con-un-gran-marco-de-publico-se-realizo-el-acto-central-por-el-142-aniversario-de-la-ciudad-de-villa-ojo-de-agua\/#listItem","position":3,"name":"Con un gran marco de p\u00fablico se realiz\u00f3 el acto central por el 142\u00b0 aniversario de la ciudad de Villa Ojo de Agua","previousItem":{"@type":"ListItem","@id":"https:\/\/lavozdelagente.com.ar\/index\/category\/santiago\/#listItem","name":"Santiago"}}]},{"@type":"Person","@id":"https:\/\/lavozdelagente.com.ar\/index\/author\/rober\/#author","url":"https:\/\/lavozdelagente.com.ar\/index\/author\/rober\/","name":"rober","image":{"@type":"ImageObject","@id":"https:\/\/lavozdelagente.com.ar\/index\/2026\/08\/26\/con-un-gran-marco-de-publico-se-realizo-el-acto-central-por-el-142-aniversario-de-la-ciudad-de-villa-ojo-de-agua\/#authorImage","url":"https:\/\/secure.gravatar.com\/avatar\/901a62cd098b11a08c5fe38d2de0f8ad6b745f5d4f6413ad71e1630ac07766e0?s=96&d=mm&r=g","width":96,"height":96,"caption":"rober"}},{"@type":"WebPage","@id":"https:\/\/lavozdelagente.com.ar\/index\/2026\/08\/26\/con-un-gran-marco-de-publico-se-realizo-el-acto-central-por-el-142-aniversario-de-la-ciudad-de-villa-ojo-de-agua\/#webpage","url":"https:\/\/lavozdelagente.com.ar\/index\/2026\/08\/26\/con-un-gran-marco-de-publico-se-realizo-el-acto-central-por-el-142-aniversario-de-la-ciudad-de-villa-ojo-de-agua\/","name":"Con un gran marco de p\u00fablico se realiz\u00f3 el acto central por el 142\u00b0 aniversario de la ciudad de Villa Ojo de Agua - LA VOZ DE LA GENTE","description":"En representaci\u00f3n del gobernador El\u00edas Su\u00e1rez, los ministros, de Desarrollo Social, \u00c1ngel Niccolai y de Producci\u00f3n, N\u00e9stor Machado participaron este martes por la noche, del acto central por el 142\u00b0 aniversario de la ciudad de Villa Ojo de Agua. La ceremonia se desarroll\u00f3 en Plaza Manuel Belgrano y cont\u00f3 con la presencia de legisladores provinciales,","inLanguage":"es-ES","isPartOf":{"@id":"https:\/\/lavozdelagente.com.ar\/index\/#website"},"breadcrumb":{"@id":"https:\/\/lavozdelagente.com.ar\/index\/2026\/08\/26\/con-un-gran-marco-de-publico-se-realizo-el-acto-central-por-el-142-aniversario-de-la-ciudad-de-villa-ojo-de-agua\/#breadcrumblist"},"author":{"@id":"https:\/\/lavozdelagente.com.ar\/index\/author\/rober\/#author"},"creator":{"@id":"https:\/\/lavozdelagente.com.ar\/index\/author\/rober\/#author"},"image":{"@type":"ImageObject","url":"https:\/\/lavozdelagente.com.ar\/wp-content\/uploads\/2026\/08\/aniv.jpeg","@id":"https:\/\/lavozdelagente.com.ar\/index\/2026\/08\/26\/con-un-gran-marco-de-publico-se-realizo-el-acto-central-por-el-142-aniversario-de-la-ciudad-de-villa-ojo-de-agua\/#mainImage","width":1280,"height":853},"primaryImageOfPage":{"@id":"https:\/\/lavozdelagente.com.ar\/index\/2026\/08\/26\/con-un-gran-marco-de-publico-se-realizo-el-acto-central-por-el-142-aniversario-de-la-ciudad-de-villa-ojo-de-agua\/#mainImage"},"datePublished":"2026-08-26T21:28:16+00:00","dateModified":"2026-08-26T21:28:16+00:00"},{"@type":"WebSite","@id":"https:\/\/lavozdelagente.com.ar\/index\/#website","url":"https:\/\/lavozdelagente.com.ar\/index\/","name":"LA VOZ DE LA GENTE","description":"SDE","inLanguage":"es-ES","publisher":{"@id":"https:\/\/lavozdelagente.com.ar\/index\/#person"}}]},"og:locale":"es_ES","og:site_name":"LA VOZ DE LA GENTE - SDE","og:type":"article","og:title":"Con un gran marco de p\u00fablico se realiz\u00f3 el acto central por el 142\u00b0 aniversario de la ciudad de Villa Ojo de Agua - LA VOZ DE LA GENTE","og:description":"En representaci\u00f3n del gobernador El\u00edas Su\u00e1rez, los ministros, de Desarrollo Social, \u00c1ngel Niccolai y de Producci\u00f3n, N\u00e9stor Machado participaron este martes por la noche, del acto central por el 142\u00b0 aniversario de la ciudad de Villa Ojo de Agua. La ceremonia se desarroll\u00f3 en Plaza Manuel Belgrano y cont\u00f3 con la presencia de legisladores provinciales,","og:url":"https:\/\/lavozdelagente.com.ar\/index\/2026\/08\/26\/con-un-gran-marco-de-publico-se-realizo-el-acto-central-por-el-142-aniversario-de-la-ciudad-de-villa-ojo-de-agua\/","article:published_time":"2026-08-26T21:28:16+00:00","article:modified_time":"2026-08-26T21:28:16+00:00","twitter:card":"summary_large_image","twitter:title":"Con un gran marco de p\u00fablico se realiz\u00f3 el acto central por el 142\u00b0 aniversario de la ciudad de Villa Ojo de Agua - LA VOZ DE LA GENTE","twitter:description":"En representaci\u00f3n del gobernador El\u00edas Su\u00e1rez, los ministros, de Desarrollo Social, \u00c1ngel Niccolai y de Producci\u00f3n, N\u00e9stor Machado participaron este martes por la noche, del acto central por el 142\u00b0 aniversario de la ciudad de Villa Ojo de Agua. La ceremonia se desarroll\u00f3 en Plaza Manuel Belgrano y cont\u00f3 con la presencia de legisladores provinciales,"},"aioseo_meta_data":{"post_id":"3564","title":null,"description":null,"keywords":null,"keyphrases":{"focus":{"keyphrase":"","score":0,"analysis":{"keyphraseInTitle":{"score":0,"maxScore":9,"error":1}}},"additional":[]},"primary_term":null,"canonical_url":null,"og_title":null,"og_description":null,"og_object_type":"default","og_image_type":"default","og_image_url":null,"og_image_width":null,"og_image_height":null,"og_image_custom_url":null,"og_image_custom_fields":null,"og_video":"","og_custom_url":null,"og_article_section":null,"og_article_tags":null,"twitter_use_og":false,"twitter_card":"default","twitter_image_type":"default","twitter_image_url":null,"twitter_image_custom_url":null,"twitter_image_custom_fields":null,"twitter_title":null,"twitter_description":null,"schema":{"blockGraphs":[],"customGraphs":[],"default":{"data":{"Article":[],"Course":[],"Dataset":[],"FAQPage":[],"Movie":[],"Person":[],"Product":[],"ProductReview":[],"Car":[],"Recipe":[],"Service":[],"SoftwareApplication":[],"WebPage":[]},"graphName":"BlogPosting","isEnabled":true},"graphs":[]},"schema_type":"default","schema_type_options":null,"pillar_content":false,"robots_default":true,"robots_noindex":false,"robots_noarchive":false,"robots_nosnippet":false,"robots_nofollow":false,"robots_noimageindex":false,"robots_noodp":false,"robots_notranslate":false,"robots_max_snippet":"-1","robots_max_videopreview":"-1","robots_max_imagepreview":"large","priority":null,"frequency":"default","local_seo":null,"breadcrumb_settings":null,"limit_modified_date":false,"ai":{"faqs":[],"keyPoints":[],"schemas":[],"titles":[],"descriptions":[],"socialPosts":{"email":{"subject":"","preview":"","content":""},"linkedin":[],"twitter":[],"facebook":[],"instagram":[]}},"created":"2026-08-26 21:28:16","updated":"2026-08-27 03:59:29","seo_analyzer_scan_date":null,"focus_keyword":null,"additional_keywords":null,"truseo_locale":null},"aioseo_breadcrumb":"<div class=\"aioseo-breadcrumbs\"><span class=\"aioseo-breadcrumb\">\n\t\t\t<a href=\"https:\/\/lavozdelagente.com.ar\/index\" title=\"Home\">Home<\/a>\n\t\t<\/span><span class=\"aioseo-breadcrumb-separator\">&raquo;<\/span><span class=\"aioseo-breadcrumb\">\n\t\t\t<a href=\"https:\/\/lavozdelagente.com.ar\/index\/category\/santiago\/\" title=\"Santiago\">Santiago<\/a>\n\t\t<\/span><span class=\"aioseo-breadcrumb-separator\">&raquo;<\/span><span class=\"aioseo-breadcrumb\">\n\t\t\tCon un gran marco de p\u00fablico se realiz\u00f3 el acto central por el 142\u00b0 aniversario de la ciudad de Villa Ojo de Agua\n\t\t<\/span><\/div>","aioseo_breadcrumb_json":[{"label":"Home","link":"https:\/\/lavozdelagente.com.ar\/index"},{"label":"Santiago","link":"https:\/\/lavozdelagente.com.ar\/index\/category\/santiago\/"},{"label":"Con un gran marco de p\u00fablico se realiz\u00f3 el acto central por el 142\u00b0 aniversario de la ciudad de Villa Ojo de Agua","link":"https:\/\/lavozdelagente.com.ar\/index\/2026\/08\/26\/con-un-gran-marco-de-publico-se-realizo-el-acto-central-por-el-142-aniversario-de-la-ciudad-de-villa-ojo-de-agua\/"}],"rttpg_featured_image_url":{"full":["https:\/\/lavozdelagente.com.ar\/wp-content\/uploads\/2026\/08\/aniv.jpeg",1280,853,false],"landscape":["https:\/\/lavozdelagente.com.ar\/wp-content\/uploads\/2026\/08\/aniv.jpeg",1280,853,false],"portraits":["https:\/\/lavozdelagente.com.ar\/wp-content\/uploads\/2026\/08\/aniv.jpeg",1280,853,false],"thumbnail":["https:\/\/lavozdelagente.com.ar\/wp-content\/uploads\/2026\/08\/aniv-150x150.jpeg",150,150,true],"medium":["https:\/\/lavozdelagente.com.ar\/wp-content\/uploads\/2026\/08\/aniv-300x200.jpeg",300,200,true],"large":["https:\/\/lavozdelagente.com.ar\/wp-content\/uploads\/2026\/08\/aniv-1024x682.jpeg",800,533,true],"1536x1536":["https:\/\/lavozdelagente.com.ar\/wp-content\/uploads\/2026\/08\/aniv.jpeg",1280,853,false],"2048x2048":["https:\/\/lavozdelagente.com.ar\/wp-content\/uploads\/2026\/08\/aniv.jpeg",1280,853,false],"colormag-highlighted-post":["https:\/\/lavozdelagente.com.ar\/wp-content\/uploads\/2026\/08\/aniv-392x272.jpeg",392,272,true],"colormag-featured-post-medium":["https:\/\/lavozdelagente.com.ar\/wp-content\/uploads\/2026\/08\/aniv-390x205.jpeg",390,205,true],"colormag-featured-post-small":["https:\/\/lavozdelagente.com.ar\/wp-content\/uploads\/2026\/08\/aniv-130x90.jpeg",130,90,true],"colormag-featured-image":["https:\/\/lavozdelagente.com.ar\/wp-content\/uploads\/2026\/08\/aniv-800x445.jpeg",800,445,true],"colormag-default-news":["https:\/\/lavozdelagente.com.ar\/wp-content\/uploads\/2026\/08\/aniv-150x150.jpeg",150,150,true],"colormag-featured-image-large":["https:\/\/lavozdelagente.com.ar\/wp-content\/uploads\/2026\/08\/aniv-1280x600.jpeg",1280,600,true]},"rttpg_author":{"display_name":"rober","author_link":"https:\/\/lavozdelagente.com.ar\/index\/author\/rober\/"},"rttpg_comment":0,"rttpg_category":"<a href=\"https:\/\/lavozdelagente.com.ar\/index\/category\/santiago\/\" rel=\"category tag\">Santiago<\/a>","rttpg_excerpt":"En representaci\u00f3n del gobernador El\u00edas Su\u00e1rez, los ministros, de Desarrollo Social, \u00c1ngel Niccolai y de Producci\u00f3n, N\u00e9stor Machado participaron este","_links":{"self":[{"href":"https:\/\/lavozdelagente.com.ar\/index\/wp-json\/wp\/v2\/posts\/3564","targetHints":{"allow":["GET"]}}],"collection":[{"href":"https:\/\/lavozdelagente.com.ar\/index\/wp-json\/wp\/v2\/posts"}],"about":[{"href":"https:\/\/lavozdelagente.com.ar\/index\/wp-json\/wp\/v2\/types\/post"}],"author":[{"embeddable":true,"href":"https:\/\/lavozdelagente.com.ar\/index\/wp-json\/wp\/v2\/users\/2"}],"replies":[{"embeddable":true,"href":"https:\/\/lavozdelagente.com.ar\/index\/wp-json\/wp\/v2\/comments?post=3564"}],"version-history":[{"count":1,"href":"https:\/\/lavozdelagente.com.ar\/index\/wp-json\/wp\/v2\/posts\/3564\/revisions"}],"predecessor-version":[{"id":3566,"href":"https:\/\/lavozdelagente.com.ar\/index\/wp-json\/wp\/v2\/posts\/3564\/revisions\/3566"}],"wp:featuredmedia":[{"embeddable":true,"href":"https:\/\/lavozdelagente.com.ar\/index\/wp-json\/wp\/v2\/media\/3565"}],"wp:attachment":[{"href":"https:\/\/lavozdelagente.com.ar\/index\/wp-json\/wp\/v2\/media?parent=3564"}],"wp:term":[{"taxonomy":"category","embeddable":true,"href":"https:\/\/lavozdelagente.com.ar\/index\/wp-json\/wp\/v2\/categories?post=3564"},{"taxonomy":"post_tag","embeddable":true,"href":"https:\/\/lavozdelagente.com.ar\/index\/wp-json\/wp\/v2\/tags?post=3564"}],"curies":[{"name":"wp","href":"https:\/\/api.w.org\/{rel}","templated":true}]}}