{"id":3567,"date":"2026-08-27T04:03:27","date_gmt":"2026-08-27T04:03:27","guid":{"rendered":"https:\/\/lavozdelagente.com.ar\/index\/?p=3567"},"modified":"2026-08-27T04:03:27","modified_gmt":"2026-08-27T04:03:27","slug":"el-consejo-medico-presento-un-proyecto-de-simulacion-quirurgica-que-busca-fortalecer-la-formacion-medica","status":"publish","type":"post","link":"https:\/\/lavozdelagente.com.ar\/index\/2026\/08\/27\/el-consejo-medico-presento-un-proyecto-de-simulacion-quirurgica-que-busca-fortalecer-la-formacion-medica\/","title":{"rendered":"El Consejo M\u00e9dico present\u00f3 un proyecto de simulaci\u00f3n quir\u00fargica que busca fortalecer la formaci\u00f3n m\u00e9dica"},"content":{"rendered":"<p>La ministra de Salud, Lic. Natividad Nassif, recibi\u00f3 este mi\u00e9rcoles a directivos del Consejo M\u00e9dico de Santiago del Estero, Dr. David Juli\u00e1n Jarma, Dra. M\u00f3nica Nader, Dr. Roberto \u00c1vila, Dr. Diego Pav\u00f3n, Dr. Pedro Moltini y Dra. In\u00e9s Mercedes \u00c1vila, quienes presentaron un proyecto para la creaci\u00f3n de un Centro Provincial de Simulaci\u00f3n Quir\u00fargica.<\/p>\n<p>La iniciativa est\u00e1 orientada principalmente a fortalecer la capacitaci\u00f3n de m\u00e9dicos j\u00f3venes y residentes de especialidades quir\u00fargicas, a trav\u00e9s de pr\u00e1cticas de simulaci\u00f3n que permitan desarrollar y perfeccionar habilidades t\u00e9cnicas en entornos de entrenamiento.<\/p>\n<p>El Dr. Jarma, presidente del Consejo, destac\u00f3 que el proyecto busca elevar los est\u00e1ndares de formaci\u00f3n, fortalecer la seguridad en las pr\u00e1cticas y jerarquizar las residencias m\u00e9dicas de la provincia.<\/p>\n<p>\u201cLa simulaci\u00f3n quir\u00fargica constituye una herramienta fundamental para mejorar la formaci\u00f3n de los profesionales y fortalecer progresivamente sus habilidades t\u00e9cnicas durante la residencia\u201d, se\u00f1al\u00f3.<\/p>\n<p>Asimismo, sostuvo que contar con un centro de estas caracter\u00edsticas podr\u00eda convertirse en un diferencial para la formaci\u00f3n m\u00e9dica en Santiago del Estero. \u201cCreemos que puede jerarquizar a\u00fan m\u00e1s nuestras residencias y generar mejores condiciones para que j\u00f3venes profesionales elijan la provincia para continuar su formaci\u00f3n\u201d, expres\u00f3.<\/p>\n<p>Jarma calific\u00f3 la reuni\u00f3n con la ministra como \u201cmuy positiva y productiva\u201d, valorando la posibilidad de continuar trabajando de manera articulada en iniciativas que fortalezcan la formaci\u00f3n m\u00e9dica en la provincia.<\/p>\n","protected":false},"excerpt":{"rendered":"<p>La ministra de Salud, Lic. Natividad Nassif, recibi\u00f3 este mi\u00e9rcoles a directivos del Consejo M\u00e9dico de Santiago del Estero, Dr.<\/p>\n","protected":false},"author":2,"featured_media":3568,"comment_status":"open","ping_status":"open","sticky":false,"template":"","format":"standard","meta":{"colormag_page_container_layout":"default_layout","colormag_page_sidebar_layout":"default_layout","om_disable_all_campaigns":false,"_monsterinsights_skip_tracking":false,"footnotes":""},"categories":[2],"tags":[],"class_list":["post-3567","post","type-post","status-publish","format-standard","has-post-thumbnail","hentry","category-santiago"],"aioseo_notices":[],"aioseo_head":"\n\t\t<!-- All in One SEO 5.0.1.1 - aioseo.com -->\n\t<meta name=\"description\" content=\"La ministra de Salud, Lic. Natividad Nassif, recibi\u00f3 este mi\u00e9rcoles a directivos del Consejo M\u00e9dico de Santiago del Estero, Dr. David Juli\u00e1n Jarma, Dra. M\u00f3nica Nader, Dr. Roberto \u00c1vila, Dr. Diego Pav\u00f3n, Dr. Pedro Moltini y Dra. In\u00e9s Mercedes \u00c1vila, quienes presentaron un proyecto para la creaci\u00f3n de un Centro Provincial de Simulaci\u00f3n Quir\u00fargica. La\" \/>\n\t<meta name=\"robots\" content=\"max-image-preview:large\" \/>\n\t<meta name=\"author\" content=\"rober\"\/>\n\t<meta name=\"google-site-verification\" content=\"dJHDh1fUzR1o-UwpFfn1JyiF-0R1LCNFZReSb-gbgcE\" \/>\n\t<link rel=\"canonical\" href=\"https:\/\/lavozdelagente.com.ar\/index\/2026\/08\/27\/el-consejo-medico-presento-un-proyecto-de-simulacion-quirurgica-que-busca-fortalecer-la-formacion-medica\/\" \/>\n\t<meta name=\"generator\" content=\"All in One SEO (AIOSEO) 5.0.1.1\" \/>\n\t\t<meta property=\"og:locale\" content=\"es_ES\" \/>\n\t\t<meta property=\"og:site_name\" content=\"LA VOZ DE LA GENTE - SDE\" \/>\n\t\t<meta property=\"og:type\" content=\"article\" \/>\n\t\t<meta property=\"og:title\" content=\"El Consejo M\u00e9dico present\u00f3 un proyecto de simulaci\u00f3n quir\u00fargica que busca fortalecer la formaci\u00f3n m\u00e9dica - LA VOZ DE LA GENTE\" \/>\n\t\t<meta property=\"og:description\" content=\"La ministra de Salud, Lic. Natividad Nassif, recibi\u00f3 este mi\u00e9rcoles a directivos del Consejo M\u00e9dico de Santiago del Estero, Dr. David Juli\u00e1n Jarma, Dra. M\u00f3nica Nader, Dr. Roberto \u00c1vila, Dr. Diego Pav\u00f3n, Dr. Pedro Moltini y Dra. In\u00e9s Mercedes \u00c1vila, quienes presentaron un proyecto para la creaci\u00f3n de un Centro Provincial de Simulaci\u00f3n Quir\u00fargica. La\" \/>\n\t\t<meta property=\"og:url\" content=\"https:\/\/lavozdelagente.com.ar\/index\/2026\/08\/27\/el-consejo-medico-presento-un-proyecto-de-simulacion-quirurgica-que-busca-fortalecer-la-formacion-medica\/\" \/>\n\t\t<meta property=\"article:published_time\" content=\"2026-08-27T04:03:27+00:00\" \/>\n\t\t<meta property=\"article:modified_time\" content=\"2026-08-27T04:03:27+00:00\" \/>\n\t\t<meta name=\"twitter:card\" content=\"summary_large_image\" \/>\n\t\t<meta name=\"twitter:title\" content=\"El Consejo M\u00e9dico present\u00f3 un proyecto de simulaci\u00f3n quir\u00fargica que busca fortalecer la formaci\u00f3n m\u00e9dica - LA VOZ DE LA GENTE\" \/>\n\t\t<meta name=\"twitter:description\" content=\"La ministra de Salud, Lic. Natividad Nassif, recibi\u00f3 este mi\u00e9rcoles a directivos del Consejo M\u00e9dico de Santiago del Estero, Dr. David Juli\u00e1n Jarma, Dra. M\u00f3nica Nader, Dr. Roberto \u00c1vila, Dr. Diego Pav\u00f3n, Dr. Pedro Moltini y Dra. In\u00e9s Mercedes \u00c1vila, quienes presentaron un proyecto para la creaci\u00f3n de un Centro Provincial de Simulaci\u00f3n Quir\u00fargica. La\" \/>\n\t\t<script type=\"application\/ld+json\" class=\"aioseo-schema\">\n\t\t\t{\"@context\":\"https:\\\/\\\/schema.org\",\"@graph\":[{\"@type\":\"BlogPosting\",\"@id\":\"https:\\\/\\\/lavozdelagente.com.ar\\\/index\\\/2026\\\/08\\\/27\\\/el-consejo-medico-presento-un-proyecto-de-simulacion-quirurgica-que-busca-fortalecer-la-formacion-medica\\\/#blogposting\",\"name\":\"El Consejo M\\u00e9dico present\\u00f3 un proyecto de simulaci\\u00f3n quir\\u00fargica que busca fortalecer la formaci\\u00f3n m\\u00e9dica - LA VOZ DE LA GENTE\",\"headline\":\"El Consejo M\\u00e9dico present\\u00f3 un proyecto de simulaci\\u00f3n quir\\u00fargica que busca fortalecer la formaci\\u00f3n m\\u00e9dica\",\"author\":{\"@id\":\"https:\\\/\\\/lavozdelagente.com.ar\\\/index\\\/author\\\/rober\\\/#author\"},\"publisher\":{\"@id\":\"https:\\\/\\\/lavozdelagente.com.ar\\\/index\\\/#person\"},\"image\":{\"@type\":\"ImageObject\",\"url\":\"https:\\\/\\\/lavozdelagente.com.ar\\\/wp-content\\\/uploads\\\/2026\\\/08\\\/consejomedico-768x512-1.jpg\",\"width\":768,\"height\":512},\"datePublished\":\"2026-08-27T04:03:27+00:00\",\"dateModified\":\"2026-08-27T04:03:27+00:00\",\"inLanguage\":\"es-ES\",\"mainEntityOfPage\":{\"@id\":\"https:\\\/\\\/lavozdelagente.com.ar\\\/index\\\/2026\\\/08\\\/27\\\/el-consejo-medico-presento-un-proyecto-de-simulacion-quirurgica-que-busca-fortalecer-la-formacion-medica\\\/#webpage\"},\"isPartOf\":{\"@id\":\"https:\\\/\\\/lavozdelagente.com.ar\\\/index\\\/2026\\\/08\\\/27\\\/el-consejo-medico-presento-un-proyecto-de-simulacion-quirurgica-que-busca-fortalecer-la-formacion-medica\\\/#webpage\"},\"articleSection\":\"Santiago\"},{\"@type\":\"BreadcrumbList\",\"@id\":\"https:\\\/\\\/lavozdelagente.com.ar\\\/index\\\/2026\\\/08\\\/27\\\/el-consejo-medico-presento-un-proyecto-de-simulacion-quirurgica-que-busca-fortalecer-la-formacion-medica\\\/#breadcrumblist\",\"itemListElement\":[{\"@type\":\"ListItem\",\"@id\":\"https:\\\/\\\/lavozdelagente.com.ar\\\/index#listItem\",\"position\":1,\"name\":\"Home\",\"item\":\"https:\\\/\\\/lavozdelagente.com.ar\\\/index\",\"nextItem\":{\"@type\":\"ListItem\",\"@id\":\"https:\\\/\\\/lavozdelagente.com.ar\\\/index\\\/category\\\/santiago\\\/#listItem\",\"name\":\"Santiago\"}},{\"@type\":\"ListItem\",\"@id\":\"https:\\\/\\\/lavozdelagente.com.ar\\\/index\\\/category\\\/santiago\\\/#listItem\",\"position\":2,\"name\":\"Santiago\",\"item\":\"https:\\\/\\\/lavozdelagente.com.ar\\\/index\\\/category\\\/santiago\\\/\",\"nextItem\":{\"@type\":\"ListItem\",\"@id\":\"https:\\\/\\\/lavozdelagente.com.ar\\\/index\\\/2026\\\/08\\\/27\\\/el-consejo-medico-presento-un-proyecto-de-simulacion-quirurgica-que-busca-fortalecer-la-formacion-medica\\\/#listItem\",\"name\":\"El Consejo M\\u00e9dico present\\u00f3 un proyecto de simulaci\\u00f3n quir\\u00fargica que busca fortalecer la formaci\\u00f3n m\\u00e9dica\"},\"previousItem\":{\"@type\":\"ListItem\",\"@id\":\"https:\\\/\\\/lavozdelagente.com.ar\\\/index#listItem\",\"name\":\"Home\"}},{\"@type\":\"ListItem\",\"@id\":\"https:\\\/\\\/lavozdelagente.com.ar\\\/index\\\/2026\\\/08\\\/27\\\/el-consejo-medico-presento-un-proyecto-de-simulacion-quirurgica-que-busca-fortalecer-la-formacion-medica\\\/#listItem\",\"position\":3,\"name\":\"El Consejo M\\u00e9dico present\\u00f3 un proyecto de simulaci\\u00f3n quir\\u00fargica que busca fortalecer la formaci\\u00f3n m\\u00e9dica\",\"previousItem\":{\"@type\":\"ListItem\",\"@id\":\"https:\\\/\\\/lavozdelagente.com.ar\\\/index\\\/category\\\/santiago\\\/#listItem\",\"name\":\"Santiago\"}}]},{\"@type\":\"Person\",\"@id\":\"https:\\\/\\\/lavozdelagente.com.ar\\\/index\\\/author\\\/rober\\\/#author\",\"url\":\"https:\\\/\\\/lavozdelagente.com.ar\\\/index\\\/author\\\/rober\\\/\",\"name\":\"rober\",\"image\":{\"@type\":\"ImageObject\",\"@id\":\"https:\\\/\\\/lavozdelagente.com.ar\\\/index\\\/2026\\\/08\\\/27\\\/el-consejo-medico-presento-un-proyecto-de-simulacion-quirurgica-que-busca-fortalecer-la-formacion-medica\\\/#authorImage\",\"url\":\"https:\\\/\\\/secure.gravatar.com\\\/avatar\\\/901a62cd098b11a08c5fe38d2de0f8ad6b745f5d4f6413ad71e1630ac07766e0?s=96&d=mm&r=g\",\"width\":96,\"height\":96,\"caption\":\"rober\"}},{\"@type\":\"WebPage\",\"@id\":\"https:\\\/\\\/lavozdelagente.com.ar\\\/index\\\/2026\\\/08\\\/27\\\/el-consejo-medico-presento-un-proyecto-de-simulacion-quirurgica-que-busca-fortalecer-la-formacion-medica\\\/#webpage\",\"url\":\"https:\\\/\\\/lavozdelagente.com.ar\\\/index\\\/2026\\\/08\\\/27\\\/el-consejo-medico-presento-un-proyecto-de-simulacion-quirurgica-que-busca-fortalecer-la-formacion-medica\\\/\",\"name\":\"El Consejo M\\u00e9dico present\\u00f3 un proyecto de simulaci\\u00f3n quir\\u00fargica que busca fortalecer la formaci\\u00f3n m\\u00e9dica - LA VOZ DE LA GENTE\",\"description\":\"La ministra de Salud, Lic. Natividad Nassif, recibi\\u00f3 este mi\\u00e9rcoles a directivos del Consejo M\\u00e9dico de Santiago del Estero, Dr. David Juli\\u00e1n Jarma, Dra. M\\u00f3nica Nader, Dr. Roberto \\u00c1vila, Dr. Diego Pav\\u00f3n, Dr. Pedro Moltini y Dra. In\\u00e9s Mercedes \\u00c1vila, quienes presentaron un proyecto para la creaci\\u00f3n de un Centro Provincial de Simulaci\\u00f3n Quir\\u00fargica. La\",\"inLanguage\":\"es-ES\",\"isPartOf\":{\"@id\":\"https:\\\/\\\/lavozdelagente.com.ar\\\/index\\\/#website\"},\"breadcrumb\":{\"@id\":\"https:\\\/\\\/lavozdelagente.com.ar\\\/index\\\/2026\\\/08\\\/27\\\/el-consejo-medico-presento-un-proyecto-de-simulacion-quirurgica-que-busca-fortalecer-la-formacion-medica\\\/#breadcrumblist\"},\"author\":{\"@id\":\"https:\\\/\\\/lavozdelagente.com.ar\\\/index\\\/author\\\/rober\\\/#author\"},\"creator\":{\"@id\":\"https:\\\/\\\/lavozdelagente.com.ar\\\/index\\\/author\\\/rober\\\/#author\"},\"image\":{\"@type\":\"ImageObject\",\"url\":\"https:\\\/\\\/lavozdelagente.com.ar\\\/wp-content\\\/uploads\\\/2026\\\/08\\\/consejomedico-768x512-1.jpg\",\"@id\":\"https:\\\/\\\/lavozdelagente.com.ar\\\/index\\\/2026\\\/08\\\/27\\\/el-consejo-medico-presento-un-proyecto-de-simulacion-quirurgica-que-busca-fortalecer-la-formacion-medica\\\/#mainImage\",\"width\":768,\"height\":512},\"primaryImageOfPage\":{\"@id\":\"https:\\\/\\\/lavozdelagente.com.ar\\\/index\\\/2026\\\/08\\\/27\\\/el-consejo-medico-presento-un-proyecto-de-simulacion-quirurgica-que-busca-fortalecer-la-formacion-medica\\\/#mainImage\"},\"datePublished\":\"2026-08-27T04:03:27+00:00\",\"dateModified\":\"2026-08-27T04:03:27+00:00\"},{\"@type\":\"WebSite\",\"@id\":\"https:\\\/\\\/lavozdelagente.com.ar\\\/index\\\/#website\",\"url\":\"https:\\\/\\\/lavozdelagente.com.ar\\\/index\\\/\",\"name\":\"LA VOZ DE LA GENTE\",\"description\":\"SDE\",\"inLanguage\":\"es-ES\",\"publisher\":{\"@id\":\"https:\\\/\\\/lavozdelagente.com.ar\\\/index\\\/#person\"}}]}\n\t\t<\/script>\n\t\t<!-- All in One SEO -->\n\n","aioseo_head_json":{"title":"El Consejo M\u00e9dico present\u00f3 un proyecto de simulaci\u00f3n quir\u00fargica que busca fortalecer la formaci\u00f3n m\u00e9dica - LA VOZ DE LA GENTE","description":"La ministra de Salud, Lic. Natividad Nassif, recibi\u00f3 este mi\u00e9rcoles a directivos del Consejo M\u00e9dico de Santiago del Estero, Dr. David Juli\u00e1n Jarma, Dra. M\u00f3nica Nader, Dr. Roberto \u00c1vila, Dr. Diego Pav\u00f3n, Dr. Pedro Moltini y Dra. In\u00e9s Mercedes \u00c1vila, quienes presentaron un proyecto para la creaci\u00f3n de un Centro Provincial de Simulaci\u00f3n Quir\u00fargica. La","canonical_url":"https:\/\/lavozdelagente.com.ar\/index\/2026\/08\/27\/el-consejo-medico-presento-un-proyecto-de-simulacion-quirurgica-que-busca-fortalecer-la-formacion-medica\/","robots":"max-image-preview:large","keywords":"","webmasterTools":{"google-site-verification":"dJHDh1fUzR1o-UwpFfn1JyiF-0R1LCNFZReSb-gbgcE","miscellaneous":""},"schema":{"@context":"https:\/\/schema.org","@graph":[{"@type":"BlogPosting","@id":"https:\/\/lavozdelagente.com.ar\/index\/2026\/08\/27\/el-consejo-medico-presento-un-proyecto-de-simulacion-quirurgica-que-busca-fortalecer-la-formacion-medica\/#blogposting","name":"El Consejo M\u00e9dico present\u00f3 un proyecto de simulaci\u00f3n quir\u00fargica que busca fortalecer la formaci\u00f3n m\u00e9dica - LA VOZ DE LA GENTE","headline":"El Consejo M\u00e9dico present\u00f3 un proyecto de simulaci\u00f3n quir\u00fargica que busca fortalecer la formaci\u00f3n m\u00e9dica","author":{"@id":"https:\/\/lavozdelagente.com.ar\/index\/author\/rober\/#author"},"publisher":{"@id":"https:\/\/lavozdelagente.com.ar\/index\/#person"},"image":{"@type":"ImageObject","url":"https:\/\/lavozdelagente.com.ar\/wp-content\/uploads\/2026\/08\/consejomedico-768x512-1.jpg","width":768,"height":512},"datePublished":"2026-08-27T04:03:27+00:00","dateModified":"2026-08-27T04:03:27+00:00","inLanguage":"es-ES","mainEntityOfPage":{"@id":"https:\/\/lavozdelagente.com.ar\/index\/2026\/08\/27\/el-consejo-medico-presento-un-proyecto-de-simulacion-quirurgica-que-busca-fortalecer-la-formacion-medica\/#webpage"},"isPartOf":{"@id":"https:\/\/lavozdelagente.com.ar\/index\/2026\/08\/27\/el-consejo-medico-presento-un-proyecto-de-simulacion-quirurgica-que-busca-fortalecer-la-formacion-medica\/#webpage"},"articleSection":"Santiago"},{"@type":"BreadcrumbList","@id":"https:\/\/lavozdelagente.com.ar\/index\/2026\/08\/27\/el-consejo-medico-presento-un-proyecto-de-simulacion-quirurgica-que-busca-fortalecer-la-formacion-medica\/#breadcrumblist","itemListElement":[{"@type":"ListItem","@id":"https:\/\/lavozdelagente.com.ar\/index#listItem","position":1,"name":"Home","item":"https:\/\/lavozdelagente.com.ar\/index","nextItem":{"@type":"ListItem","@id":"https:\/\/lavozdelagente.com.ar\/index\/category\/santiago\/#listItem","name":"Santiago"}},{"@type":"ListItem","@id":"https:\/\/lavozdelagente.com.ar\/index\/category\/santiago\/#listItem","position":2,"name":"Santiago","item":"https:\/\/lavozdelagente.com.ar\/index\/category\/santiago\/","nextItem":{"@type":"ListItem","@id":"https:\/\/lavozdelagente.com.ar\/index\/2026\/08\/27\/el-consejo-medico-presento-un-proyecto-de-simulacion-quirurgica-que-busca-fortalecer-la-formacion-medica\/#listItem","name":"El Consejo M\u00e9dico present\u00f3 un proyecto de simulaci\u00f3n quir\u00fargica que busca fortalecer la formaci\u00f3n m\u00e9dica"},"previousItem":{"@type":"ListItem","@id":"https:\/\/lavozdelagente.com.ar\/index#listItem","name":"Home"}},{"@type":"ListItem","@id":"https:\/\/lavozdelagente.com.ar\/index\/2026\/08\/27\/el-consejo-medico-presento-un-proyecto-de-simulacion-quirurgica-que-busca-fortalecer-la-formacion-medica\/#listItem","position":3,"name":"El Consejo M\u00e9dico present\u00f3 un proyecto de simulaci\u00f3n quir\u00fargica que busca fortalecer la formaci\u00f3n m\u00e9dica","previousItem":{"@type":"ListItem","@id":"https:\/\/lavozdelagente.com.ar\/index\/category\/santiago\/#listItem","name":"Santiago"}}]},{"@type":"Person","@id":"https:\/\/lavozdelagente.com.ar\/index\/author\/rober\/#author","url":"https:\/\/lavozdelagente.com.ar\/index\/author\/rober\/","name":"rober","image":{"@type":"ImageObject","@id":"https:\/\/lavozdelagente.com.ar\/index\/2026\/08\/27\/el-consejo-medico-presento-un-proyecto-de-simulacion-quirurgica-que-busca-fortalecer-la-formacion-medica\/#authorImage","url":"https:\/\/secure.gravatar.com\/avatar\/901a62cd098b11a08c5fe38d2de0f8ad6b745f5d4f6413ad71e1630ac07766e0?s=96&d=mm&r=g","width":96,"height":96,"caption":"rober"}},{"@type":"WebPage","@id":"https:\/\/lavozdelagente.com.ar\/index\/2026\/08\/27\/el-consejo-medico-presento-un-proyecto-de-simulacion-quirurgica-que-busca-fortalecer-la-formacion-medica\/#webpage","url":"https:\/\/lavozdelagente.com.ar\/index\/2026\/08\/27\/el-consejo-medico-presento-un-proyecto-de-simulacion-quirurgica-que-busca-fortalecer-la-formacion-medica\/","name":"El Consejo M\u00e9dico present\u00f3 un proyecto de simulaci\u00f3n quir\u00fargica que busca fortalecer la formaci\u00f3n m\u00e9dica - LA VOZ DE LA GENTE","description":"La ministra de Salud, Lic. Natividad Nassif, recibi\u00f3 este mi\u00e9rcoles a directivos del Consejo M\u00e9dico de Santiago del Estero, Dr. David Juli\u00e1n Jarma, Dra. M\u00f3nica Nader, Dr. Roberto \u00c1vila, Dr. Diego Pav\u00f3n, Dr. Pedro Moltini y Dra. In\u00e9s Mercedes \u00c1vila, quienes presentaron un proyecto para la creaci\u00f3n de un Centro Provincial de Simulaci\u00f3n Quir\u00fargica. La","inLanguage":"es-ES","isPartOf":{"@id":"https:\/\/lavozdelagente.com.ar\/index\/#website"},"breadcrumb":{"@id":"https:\/\/lavozdelagente.com.ar\/index\/2026\/08\/27\/el-consejo-medico-presento-un-proyecto-de-simulacion-quirurgica-que-busca-fortalecer-la-formacion-medica\/#breadcrumblist"},"author":{"@id":"https:\/\/lavozdelagente.com.ar\/index\/author\/rober\/#author"},"creator":{"@id":"https:\/\/lavozdelagente.com.ar\/index\/author\/rober\/#author"},"image":{"@type":"ImageObject","url":"https:\/\/lavozdelagente.com.ar\/wp-content\/uploads\/2026\/08\/consejomedico-768x512-1.jpg","@id":"https:\/\/lavozdelagente.com.ar\/index\/2026\/08\/27\/el-consejo-medico-presento-un-proyecto-de-simulacion-quirurgica-que-busca-fortalecer-la-formacion-medica\/#mainImage","width":768,"height":512},"primaryImageOfPage":{"@id":"https:\/\/lavozdelagente.com.ar\/index\/2026\/08\/27\/el-consejo-medico-presento-un-proyecto-de-simulacion-quirurgica-que-busca-fortalecer-la-formacion-medica\/#mainImage"},"datePublished":"2026-08-27T04:03:27+00:00","dateModified":"2026-08-27T04:03:27+00:00"},{"@type":"WebSite","@id":"https:\/\/lavozdelagente.com.ar\/index\/#website","url":"https:\/\/lavozdelagente.com.ar\/index\/","name":"LA VOZ DE LA GENTE","description":"SDE","inLanguage":"es-ES","publisher":{"@id":"https:\/\/lavozdelagente.com.ar\/index\/#person"}}]},"og:locale":"es_ES","og:site_name":"LA VOZ DE LA GENTE - SDE","og:type":"article","og:title":"El Consejo M\u00e9dico present\u00f3 un proyecto de simulaci\u00f3n quir\u00fargica que busca fortalecer la formaci\u00f3n m\u00e9dica - LA VOZ DE LA GENTE","og:description":"La ministra de Salud, Lic. Natividad Nassif, recibi\u00f3 este mi\u00e9rcoles a directivos del Consejo M\u00e9dico de Santiago del Estero, Dr. David Juli\u00e1n Jarma, Dra. M\u00f3nica Nader, Dr. Roberto \u00c1vila, Dr. Diego Pav\u00f3n, Dr. Pedro Moltini y Dra. In\u00e9s Mercedes \u00c1vila, quienes presentaron un proyecto para la creaci\u00f3n de un Centro Provincial de Simulaci\u00f3n Quir\u00fargica. La","og:url":"https:\/\/lavozdelagente.com.ar\/index\/2026\/08\/27\/el-consejo-medico-presento-un-proyecto-de-simulacion-quirurgica-que-busca-fortalecer-la-formacion-medica\/","article:published_time":"2026-08-27T04:03:27+00:00","article:modified_time":"2026-08-27T04:03:27+00:00","twitter:card":"summary_large_image","twitter:title":"El Consejo M\u00e9dico present\u00f3 un proyecto de simulaci\u00f3n quir\u00fargica que busca fortalecer la formaci\u00f3n m\u00e9dica - LA VOZ DE LA GENTE","twitter:description":"La ministra de Salud, Lic. Natividad Nassif, recibi\u00f3 este mi\u00e9rcoles a directivos del Consejo M\u00e9dico de Santiago del Estero, Dr. David Juli\u00e1n Jarma, Dra. M\u00f3nica Nader, Dr. Roberto \u00c1vila, Dr. Diego Pav\u00f3n, Dr. Pedro Moltini y Dra. In\u00e9s Mercedes \u00c1vila, quienes presentaron un proyecto para la creaci\u00f3n de un Centro Provincial de Simulaci\u00f3n Quir\u00fargica. La"},"aioseo_meta_data":{"post_id":"3567","title":null,"description":null,"keywords":null,"keyphrases":{"focus":{"keyphrase":"","score":0,"analysis":{"keyphraseInTitle":{"score":0,"maxScore":9,"error":1}}},"additional":[]},"primary_term":null,"canonical_url":null,"og_title":null,"og_description":null,"og_object_type":"default","og_image_type":"default","og_image_url":null,"og_image_width":null,"og_image_height":null,"og_image_custom_url":null,"og_image_custom_fields":null,"og_video":"","og_custom_url":null,"og_article_section":null,"og_article_tags":null,"twitter_use_og":false,"twitter_card":"default","twitter_image_type":"default","twitter_image_url":null,"twitter_image_custom_url":null,"twitter_image_custom_fields":null,"twitter_title":null,"twitter_description":null,"schema":{"blockGraphs":[],"customGraphs":[],"default":{"data":{"Article":[],"Course":[],"Dataset":[],"FAQPage":[],"Movie":[],"Person":[],"Product":[],"ProductReview":[],"Car":[],"Recipe":[],"Service":[],"SoftwareApplication":[],"WebPage":[]},"graphName":"BlogPosting","isEnabled":true},"graphs":[]},"schema_type":"default","schema_type_options":null,"pillar_content":false,"robots_default":true,"robots_noindex":false,"robots_noarchive":false,"robots_nosnippet":false,"robots_nofollow":false,"robots_noimageindex":false,"robots_noodp":false,"robots_notranslate":false,"robots_max_snippet":"-1","robots_max_videopreview":"-1","robots_max_imagepreview":"large","priority":null,"frequency":"default","local_seo":null,"breadcrumb_settings":null,"limit_modified_date":false,"ai":{"faqs":[],"keyPoints":[],"schemas":[],"titles":[],"descriptions":[],"socialPosts":{"email":{"subject":"","preview":"","content":""},"linkedin":[],"twitter":[],"facebook":[],"instagram":[]}},"created":"2026-08-27 04:03:27","updated":"2026-08-27 13:45:29","seo_analyzer_scan_date":null,"focus_keyword":null,"additional_keywords":null,"truseo_locale":null},"aioseo_breadcrumb":"<div class=\"aioseo-breadcrumbs\"><span class=\"aioseo-breadcrumb\">\n\t\t\t<a href=\"https:\/\/lavozdelagente.com.ar\/index\" title=\"Home\">Home<\/a>\n\t\t<\/span><span class=\"aioseo-breadcrumb-separator\">&raquo;<\/span><span class=\"aioseo-breadcrumb\">\n\t\t\t<a href=\"https:\/\/lavozdelagente.com.ar\/index\/category\/santiago\/\" title=\"Santiago\">Santiago<\/a>\n\t\t<\/span><span class=\"aioseo-breadcrumb-separator\">&raquo;<\/span><span class=\"aioseo-breadcrumb\">\n\t\t\tEl Consejo M\u00e9dico present\u00f3 un proyecto de simulaci\u00f3n quir\u00fargica que busca fortalecer la formaci\u00f3n m\u00e9dica\n\t\t<\/span><\/div>","aioseo_breadcrumb_json":[{"label":"Home","link":"https:\/\/lavozdelagente.com.ar\/index"},{"label":"Santiago","link":"https:\/\/lavozdelagente.com.ar\/index\/category\/santiago\/"},{"label":"El Consejo M\u00e9dico present\u00f3 un proyecto de simulaci\u00f3n quir\u00fargica que busca fortalecer la formaci\u00f3n m\u00e9dica","link":"https:\/\/lavozdelagente.com.ar\/index\/2026\/08\/27\/el-consejo-medico-presento-un-proyecto-de-simulacion-quirurgica-que-busca-fortalecer-la-formacion-medica\/"}],"rttpg_featured_image_url":{"full":["https:\/\/lavozdelagente.com.ar\/wp-content\/uploads\/2026\/08\/consejomedico-768x512-1.jpg",768,512,false],"landscape":["https:\/\/lavozdelagente.com.ar\/wp-content\/uploads\/2026\/08\/consejomedico-768x512-1.jpg",768,512,false],"portraits":["https:\/\/lavozdelagente.com.ar\/wp-content\/uploads\/2026\/08\/consejomedico-768x512-1.jpg",768,512,false],"thumbnail":["https:\/\/lavozdelagente.com.ar\/wp-content\/uploads\/2026\/08\/consejomedico-768x512-1-150x150.jpg",150,150,true],"medium":["https:\/\/lavozdelagente.com.ar\/wp-content\/uploads\/2026\/08\/consejomedico-768x512-1-300x200.jpg",300,200,true],"large":["https:\/\/lavozdelagente.com.ar\/wp-content\/uploads\/2026\/08\/consejomedico-768x512-1.jpg",768,512,false],"1536x1536":["https:\/\/lavozdelagente.com.ar\/wp-content\/uploads\/2026\/08\/consejomedico-768x512-1.jpg",768,512,false],"2048x2048":["https:\/\/lavozdelagente.com.ar\/wp-content\/uploads\/2026\/08\/consejomedico-768x512-1.jpg",768,512,false],"colormag-highlighted-post":["https:\/\/lavozdelagente.com.ar\/wp-content\/uploads\/2026\/08\/consejomedico-768x512-1-392x272.jpg",392,272,true],"colormag-featured-post-medium":["https:\/\/lavozdelagente.com.ar\/wp-content\/uploads\/2026\/08\/consejomedico-768x512-1-390x205.jpg",390,205,true],"colormag-featured-post-small":["https:\/\/lavozdelagente.com.ar\/wp-content\/uploads\/2026\/08\/consejomedico-768x512-1-130x90.jpg",130,90,true],"colormag-featured-image":["https:\/\/lavozdelagente.com.ar\/wp-content\/uploads\/2026\/08\/consejomedico-768x512-1-768x445.jpg",768,445,true],"colormag-default-news":["https:\/\/lavozdelagente.com.ar\/wp-content\/uploads\/2026\/08\/consejomedico-768x512-1-150x150.jpg",150,150,true],"colormag-featured-image-large":["https:\/\/lavozdelagente.com.ar\/wp-content\/uploads\/2026\/08\/consejomedico-768x512-1.jpg",768,512,false]},"rttpg_author":{"display_name":"rober","author_link":"https:\/\/lavozdelagente.com.ar\/index\/author\/rober\/"},"rttpg_comment":0,"rttpg_category":"<a href=\"https:\/\/lavozdelagente.com.ar\/index\/category\/santiago\/\" rel=\"category tag\">Santiago<\/a>","rttpg_excerpt":"La ministra de Salud, Lic. Natividad Nassif, recibi\u00f3 este mi\u00e9rcoles a directivos del Consejo M\u00e9dico de Santiago del Estero, Dr.","_links":{"self":[{"href":"https:\/\/lavozdelagente.com.ar\/index\/wp-json\/wp\/v2\/posts\/3567","targetHints":{"allow":["GET"]}}],"collection":[{"href":"https:\/\/lavozdelagente.com.ar\/index\/wp-json\/wp\/v2\/posts"}],"about":[{"href":"https:\/\/lavozdelagente.com.ar\/index\/wp-json\/wp\/v2\/types\/post"}],"author":[{"embeddable":true,"href":"https:\/\/lavozdelagente.com.ar\/index\/wp-json\/wp\/v2\/users\/2"}],"replies":[{"embeddable":true,"href":"https:\/\/lavozdelagente.com.ar\/index\/wp-json\/wp\/v2\/comments?post=3567"}],"version-history":[{"count":1,"href":"https:\/\/lavozdelagente.com.ar\/index\/wp-json\/wp\/v2\/posts\/3567\/revisions"}],"predecessor-version":[{"id":3569,"href":"https:\/\/lavozdelagente.com.ar\/index\/wp-json\/wp\/v2\/posts\/3567\/revisions\/3569"}],"wp:featuredmedia":[{"embeddable":true,"href":"https:\/\/lavozdelagente.com.ar\/index\/wp-json\/wp\/v2\/media\/3568"}],"wp:attachment":[{"href":"https:\/\/lavozdelagente.com.ar\/index\/wp-json\/wp\/v2\/media?parent=3567"}],"wp:term":[{"taxonomy":"category","embeddable":true,"href":"https:\/\/lavozdelagente.com.ar\/index\/wp-json\/wp\/v2\/categories?post=3567"},{"taxonomy":"post_tag","embeddable":true,"href":"https:\/\/lavozdelagente.com.ar\/index\/wp-json\/wp\/v2\/tags?post=3567"}],"curies":[{"name":"wp","href":"https:\/\/api.w.org\/{rel}","templated":true}]}}