{"id":3570,"date":"2026-08-27T04:06:01","date_gmt":"2026-08-27T04:06:01","guid":{"rendered":"https:\/\/lavozdelagente.com.ar\/index\/?p=3570"},"modified":"2026-08-27T04:06:01","modified_gmt":"2026-08-27T04:06:01","slug":"el-senador-gerardo-zamora-encabeza-la-mayor-suba-de-imagen-positiva-en-el-senado-de-la-nacion","status":"publish","type":"post","link":"https:\/\/lavozdelagente.com.ar\/index\/2026\/08\/27\/el-senador-gerardo-zamora-encabeza-la-mayor-suba-de-imagen-positiva-en-el-senado-de-la-nacion\/","title":{"rendered":"El Senador Gerardo Zamora encabeza la mayor suba de imagen positiva en el Senado de la Naci\u00f3n"},"content":{"rendered":"<p>Un informe de la consultora CB Consultora Opini\u00f3n P\u00fablica destacado por medios nacionales ubica al legislador santiague\u00f1o como el dirigente con mayor crecimiento en su diferencial de imagen a nivel federal, tras registrar un incremento de +8,3 puntos porcentuales respecto al mes anterior.<\/p>\n<p>Seg\u00fan el \u00faltimo relevamiento de opini\u00f3n p\u00fablica de alcance nacional correspondiente a agosto de 2026, el senador por Santiago del Estero, Dr. Gerardo Zamora, se posicion\u00f3 como el legislador nacional con mayor alza en su percepci\u00f3n p\u00fablica dentro de la C\u00e1mara Alta.<\/p>\n<p>El estudio de CB Consultora analiz\u00f3 la valoraci\u00f3n p\u00fablica de los 72 integrantes del Senado de la Naci\u00f3n en todo el territorio argentino. En el apartado de variaciones mensuales, el Dr. Gerardo Zamora registr\u00f3 un marcado salto de +8,3 puntos porcentuales en su diferencial de imagen, liderando holgadamente el crecimiento entre todas las figuras del recinto.<\/p>\n<p>Este incremento refleja un amplio reconocimiento al acompa\u00f1amiento institucional y a la defensa activa de los intereses de Santiago del Estero y el Norte Grande en la agenda legislativa nacional. Mientras el escenario general de la C\u00e1mara Alta exhibe una tendencia al desgaste o la polarizaci\u00f3n en las principales figuras de alta exposici\u00f3n, la figura del exgobernador santiague\u00f1o consolida su proyecci\u00f3n federal sosteniendo una din\u00e1mica de constante ascenso en el electorado.<\/p>\n","protected":false},"excerpt":{"rendered":"<p>Un informe de la consultora CB Consultora Opini\u00f3n P\u00fablica destacado por medios nacionales ubica al legislador santiague\u00f1o como el dirigente<\/p>\n","protected":false},"author":2,"featured_media":3571,"comment_status":"open","ping_status":"open","sticky":false,"template":"","format":"standard","meta":{"colormag_page_container_layout":"default_layout","colormag_page_sidebar_layout":"default_layout","om_disable_all_campaigns":false,"_monsterinsights_skip_tracking":false,"footnotes":""},"categories":[2],"tags":[],"class_list":["post-3570","post","type-post","status-publish","format-standard","has-post-thumbnail","hentry","category-santiago"],"aioseo_notices":[],"aioseo_head":"\n\t\t<!-- All in One SEO 5.0.1.1 - aioseo.com -->\n\t<meta name=\"description\" content=\"Un informe de la consultora CB Consultora Opini\u00f3n P\u00fablica destacado por medios nacionales ubica al legislador santiague\u00f1o como el dirigente con mayor crecimiento en su diferencial de imagen a nivel federal, tras registrar un incremento de +8,3 puntos porcentuales respecto al mes anterior. Seg\u00fan el \u00faltimo relevamiento de opini\u00f3n p\u00fablica de alcance nacional correspondiente a\" \/>\n\t<meta name=\"robots\" content=\"max-image-preview:large\" \/>\n\t<meta name=\"author\" content=\"rober\"\/>\n\t<meta name=\"google-site-verification\" content=\"dJHDh1fUzR1o-UwpFfn1JyiF-0R1LCNFZReSb-gbgcE\" \/>\n\t<link rel=\"canonical\" href=\"https:\/\/lavozdelagente.com.ar\/index\/2026\/08\/27\/el-senador-gerardo-zamora-encabeza-la-mayor-suba-de-imagen-positiva-en-el-senado-de-la-nacion\/\" \/>\n\t<meta name=\"generator\" content=\"All in One SEO (AIOSEO) 5.0.1.1\" \/>\n\t\t<meta property=\"og:locale\" content=\"es_ES\" \/>\n\t\t<meta property=\"og:site_name\" content=\"LA VOZ DE LA GENTE - SDE\" \/>\n\t\t<meta property=\"og:type\" content=\"article\" \/>\n\t\t<meta property=\"og:title\" content=\"El Senador Gerardo Zamora encabeza la mayor suba de imagen positiva en el Senado de la Naci\u00f3n - LA VOZ DE LA GENTE\" \/>\n\t\t<meta property=\"og:description\" content=\"Un informe de la consultora CB Consultora Opini\u00f3n P\u00fablica destacado por medios nacionales ubica al legislador santiague\u00f1o como el dirigente con mayor crecimiento en su diferencial de imagen a nivel federal, tras registrar un incremento de +8,3 puntos porcentuales respecto al mes anterior. Seg\u00fan el \u00faltimo relevamiento de opini\u00f3n p\u00fablica de alcance nacional correspondiente a\" \/>\n\t\t<meta property=\"og:url\" content=\"https:\/\/lavozdelagente.com.ar\/index\/2026\/08\/27\/el-senador-gerardo-zamora-encabeza-la-mayor-suba-de-imagen-positiva-en-el-senado-de-la-nacion\/\" \/>\n\t\t<meta property=\"article:published_time\" content=\"2026-08-27T04:06:01+00:00\" \/>\n\t\t<meta property=\"article:modified_time\" content=\"2026-08-27T04:06:01+00:00\" \/>\n\t\t<meta name=\"twitter:card\" content=\"summary_large_image\" \/>\n\t\t<meta name=\"twitter:title\" content=\"El Senador Gerardo Zamora encabeza la mayor suba de imagen positiva en el Senado de la Naci\u00f3n - LA VOZ DE LA GENTE\" \/>\n\t\t<meta name=\"twitter:description\" content=\"Un informe de la consultora CB Consultora Opini\u00f3n P\u00fablica destacado por medios nacionales ubica al legislador santiague\u00f1o como el dirigente con mayor crecimiento en su diferencial de imagen a nivel federal, tras registrar un incremento de +8,3 puntos porcentuales respecto al mes anterior. Seg\u00fan el \u00faltimo relevamiento de opini\u00f3n p\u00fablica de alcance nacional correspondiente a\" \/>\n\t\t<script type=\"application\/ld+json\" class=\"aioseo-schema\">\n\t\t\t{\"@context\":\"https:\\\/\\\/schema.org\",\"@graph\":[{\"@type\":\"BlogPosting\",\"@id\":\"https:\\\/\\\/lavozdelagente.com.ar\\\/index\\\/2026\\\/08\\\/27\\\/el-senador-gerardo-zamora-encabeza-la-mayor-suba-de-imagen-positiva-en-el-senado-de-la-nacion\\\/#blogposting\",\"name\":\"El Senador Gerardo Zamora encabeza la mayor suba de imagen positiva en el Senado de la Naci\\u00f3n - LA VOZ DE LA GENTE\",\"headline\":\"El Senador Gerardo Zamora encabeza la mayor suba de imagen positiva en el Senado de la Naci\\u00f3n\",\"author\":{\"@id\":\"https:\\\/\\\/lavozdelagente.com.ar\\\/index\\\/author\\\/rober\\\/#author\"},\"publisher\":{\"@id\":\"https:\\\/\\\/lavozdelagente.com.ar\\\/index\\\/#person\"},\"image\":{\"@type\":\"ImageObject\",\"url\":\"https:\\\/\\\/lavozdelagente.com.ar\\\/wp-content\\\/uploads\\\/2026\\\/08\\\/zamorasenado1-768x432-1.jpg\",\"width\":768,\"height\":432},\"datePublished\":\"2026-08-27T04:06:01+00:00\",\"dateModified\":\"2026-08-27T04:06:01+00:00\",\"inLanguage\":\"es-ES\",\"mainEntityOfPage\":{\"@id\":\"https:\\\/\\\/lavozdelagente.com.ar\\\/index\\\/2026\\\/08\\\/27\\\/el-senador-gerardo-zamora-encabeza-la-mayor-suba-de-imagen-positiva-en-el-senado-de-la-nacion\\\/#webpage\"},\"isPartOf\":{\"@id\":\"https:\\\/\\\/lavozdelagente.com.ar\\\/index\\\/2026\\\/08\\\/27\\\/el-senador-gerardo-zamora-encabeza-la-mayor-suba-de-imagen-positiva-en-el-senado-de-la-nacion\\\/#webpage\"},\"articleSection\":\"Santiago\"},{\"@type\":\"BreadcrumbList\",\"@id\":\"https:\\\/\\\/lavozdelagente.com.ar\\\/index\\\/2026\\\/08\\\/27\\\/el-senador-gerardo-zamora-encabeza-la-mayor-suba-de-imagen-positiva-en-el-senado-de-la-nacion\\\/#breadcrumblist\",\"itemListElement\":[{\"@type\":\"ListItem\",\"@id\":\"https:\\\/\\\/lavozdelagente.com.ar\\\/index#listItem\",\"position\":1,\"name\":\"Home\",\"item\":\"https:\\\/\\\/lavozdelagente.com.ar\\\/index\",\"nextItem\":{\"@type\":\"ListItem\",\"@id\":\"https:\\\/\\\/lavozdelagente.com.ar\\\/index\\\/category\\\/santiago\\\/#listItem\",\"name\":\"Santiago\"}},{\"@type\":\"ListItem\",\"@id\":\"https:\\\/\\\/lavozdelagente.com.ar\\\/index\\\/category\\\/santiago\\\/#listItem\",\"position\":2,\"name\":\"Santiago\",\"item\":\"https:\\\/\\\/lavozdelagente.com.ar\\\/index\\\/category\\\/santiago\\\/\",\"nextItem\":{\"@type\":\"ListItem\",\"@id\":\"https:\\\/\\\/lavozdelagente.com.ar\\\/index\\\/2026\\\/08\\\/27\\\/el-senador-gerardo-zamora-encabeza-la-mayor-suba-de-imagen-positiva-en-el-senado-de-la-nacion\\\/#listItem\",\"name\":\"El Senador Gerardo Zamora encabeza la mayor suba de imagen positiva en el Senado de la Naci\\u00f3n\"},\"previousItem\":{\"@type\":\"ListItem\",\"@id\":\"https:\\\/\\\/lavozdelagente.com.ar\\\/index#listItem\",\"name\":\"Home\"}},{\"@type\":\"ListItem\",\"@id\":\"https:\\\/\\\/lavozdelagente.com.ar\\\/index\\\/2026\\\/08\\\/27\\\/el-senador-gerardo-zamora-encabeza-la-mayor-suba-de-imagen-positiva-en-el-senado-de-la-nacion\\\/#listItem\",\"position\":3,\"name\":\"El Senador Gerardo Zamora encabeza la mayor suba de imagen positiva en el Senado de la Naci\\u00f3n\",\"previousItem\":{\"@type\":\"ListItem\",\"@id\":\"https:\\\/\\\/lavozdelagente.com.ar\\\/index\\\/category\\\/santiago\\\/#listItem\",\"name\":\"Santiago\"}}]},{\"@type\":\"Person\",\"@id\":\"https:\\\/\\\/lavozdelagente.com.ar\\\/index\\\/author\\\/rober\\\/#author\",\"url\":\"https:\\\/\\\/lavozdelagente.com.ar\\\/index\\\/author\\\/rober\\\/\",\"name\":\"rober\",\"image\":{\"@type\":\"ImageObject\",\"@id\":\"https:\\\/\\\/lavozdelagente.com.ar\\\/index\\\/2026\\\/08\\\/27\\\/el-senador-gerardo-zamora-encabeza-la-mayor-suba-de-imagen-positiva-en-el-senado-de-la-nacion\\\/#authorImage\",\"url\":\"https:\\\/\\\/secure.gravatar.com\\\/avatar\\\/901a62cd098b11a08c5fe38d2de0f8ad6b745f5d4f6413ad71e1630ac07766e0?s=96&d=mm&r=g\",\"width\":96,\"height\":96,\"caption\":\"rober\"}},{\"@type\":\"WebPage\",\"@id\":\"https:\\\/\\\/lavozdelagente.com.ar\\\/index\\\/2026\\\/08\\\/27\\\/el-senador-gerardo-zamora-encabeza-la-mayor-suba-de-imagen-positiva-en-el-senado-de-la-nacion\\\/#webpage\",\"url\":\"https:\\\/\\\/lavozdelagente.com.ar\\\/index\\\/2026\\\/08\\\/27\\\/el-senador-gerardo-zamora-encabeza-la-mayor-suba-de-imagen-positiva-en-el-senado-de-la-nacion\\\/\",\"name\":\"El Senador Gerardo Zamora encabeza la mayor suba de imagen positiva en el Senado de la Naci\\u00f3n - LA VOZ DE LA GENTE\",\"description\":\"Un informe de la consultora CB Consultora Opini\\u00f3n P\\u00fablica destacado por medios nacionales ubica al legislador santiague\\u00f1o como el dirigente con mayor crecimiento en su diferencial de imagen a nivel federal, tras registrar un incremento de +8,3 puntos porcentuales respecto al mes anterior. Seg\\u00fan el \\u00faltimo relevamiento de opini\\u00f3n p\\u00fablica de alcance nacional correspondiente a\",\"inLanguage\":\"es-ES\",\"isPartOf\":{\"@id\":\"https:\\\/\\\/lavozdelagente.com.ar\\\/index\\\/#website\"},\"breadcrumb\":{\"@id\":\"https:\\\/\\\/lavozdelagente.com.ar\\\/index\\\/2026\\\/08\\\/27\\\/el-senador-gerardo-zamora-encabeza-la-mayor-suba-de-imagen-positiva-en-el-senado-de-la-nacion\\\/#breadcrumblist\"},\"author\":{\"@id\":\"https:\\\/\\\/lavozdelagente.com.ar\\\/index\\\/author\\\/rober\\\/#author\"},\"creator\":{\"@id\":\"https:\\\/\\\/lavozdelagente.com.ar\\\/index\\\/author\\\/rober\\\/#author\"},\"image\":{\"@type\":\"ImageObject\",\"url\":\"https:\\\/\\\/lavozdelagente.com.ar\\\/wp-content\\\/uploads\\\/2026\\\/08\\\/zamorasenado1-768x432-1.jpg\",\"@id\":\"https:\\\/\\\/lavozdelagente.com.ar\\\/index\\\/2026\\\/08\\\/27\\\/el-senador-gerardo-zamora-encabeza-la-mayor-suba-de-imagen-positiva-en-el-senado-de-la-nacion\\\/#mainImage\",\"width\":768,\"height\":432},\"primaryImageOfPage\":{\"@id\":\"https:\\\/\\\/lavozdelagente.com.ar\\\/index\\\/2026\\\/08\\\/27\\\/el-senador-gerardo-zamora-encabeza-la-mayor-suba-de-imagen-positiva-en-el-senado-de-la-nacion\\\/#mainImage\"},\"datePublished\":\"2026-08-27T04:06:01+00:00\",\"dateModified\":\"2026-08-27T04:06:01+00:00\"},{\"@type\":\"WebSite\",\"@id\":\"https:\\\/\\\/lavozdelagente.com.ar\\\/index\\\/#website\",\"url\":\"https:\\\/\\\/lavozdelagente.com.ar\\\/index\\\/\",\"name\":\"LA VOZ DE LA GENTE\",\"description\":\"SDE\",\"inLanguage\":\"es-ES\",\"publisher\":{\"@id\":\"https:\\\/\\\/lavozdelagente.com.ar\\\/index\\\/#person\"}}]}\n\t\t<\/script>\n\t\t<!-- All in One SEO -->\n\n","aioseo_head_json":{"title":"El Senador Gerardo Zamora encabeza la mayor suba de imagen positiva en el Senado de la Naci\u00f3n - LA VOZ DE LA GENTE","description":"Un informe de la consultora CB Consultora Opini\u00f3n P\u00fablica destacado por medios nacionales ubica al legislador santiague\u00f1o como el dirigente con mayor crecimiento en su diferencial de imagen a nivel federal, tras registrar un incremento de +8,3 puntos porcentuales respecto al mes anterior. Seg\u00fan el \u00faltimo relevamiento de opini\u00f3n p\u00fablica de alcance nacional correspondiente a","canonical_url":"https:\/\/lavozdelagente.com.ar\/index\/2026\/08\/27\/el-senador-gerardo-zamora-encabeza-la-mayor-suba-de-imagen-positiva-en-el-senado-de-la-nacion\/","robots":"max-image-preview:large","keywords":"","webmasterTools":{"google-site-verification":"dJHDh1fUzR1o-UwpFfn1JyiF-0R1LCNFZReSb-gbgcE","miscellaneous":""},"schema":{"@context":"https:\/\/schema.org","@graph":[{"@type":"BlogPosting","@id":"https:\/\/lavozdelagente.com.ar\/index\/2026\/08\/27\/el-senador-gerardo-zamora-encabeza-la-mayor-suba-de-imagen-positiva-en-el-senado-de-la-nacion\/#blogposting","name":"El Senador Gerardo Zamora encabeza la mayor suba de imagen positiva en el Senado de la Naci\u00f3n - LA VOZ DE LA GENTE","headline":"El Senador Gerardo Zamora encabeza la mayor suba de imagen positiva en el Senado de la Naci\u00f3n","author":{"@id":"https:\/\/lavozdelagente.com.ar\/index\/author\/rober\/#author"},"publisher":{"@id":"https:\/\/lavozdelagente.com.ar\/index\/#person"},"image":{"@type":"ImageObject","url":"https:\/\/lavozdelagente.com.ar\/wp-content\/uploads\/2026\/08\/zamorasenado1-768x432-1.jpg","width":768,"height":432},"datePublished":"2026-08-27T04:06:01+00:00","dateModified":"2026-08-27T04:06:01+00:00","inLanguage":"es-ES","mainEntityOfPage":{"@id":"https:\/\/lavozdelagente.com.ar\/index\/2026\/08\/27\/el-senador-gerardo-zamora-encabeza-la-mayor-suba-de-imagen-positiva-en-el-senado-de-la-nacion\/#webpage"},"isPartOf":{"@id":"https:\/\/lavozdelagente.com.ar\/index\/2026\/08\/27\/el-senador-gerardo-zamora-encabeza-la-mayor-suba-de-imagen-positiva-en-el-senado-de-la-nacion\/#webpage"},"articleSection":"Santiago"},{"@type":"BreadcrumbList","@id":"https:\/\/lavozdelagente.com.ar\/index\/2026\/08\/27\/el-senador-gerardo-zamora-encabeza-la-mayor-suba-de-imagen-positiva-en-el-senado-de-la-nacion\/#breadcrumblist","itemListElement":[{"@type":"ListItem","@id":"https:\/\/lavozdelagente.com.ar\/index#listItem","position":1,"name":"Home","item":"https:\/\/lavozdelagente.com.ar\/index","nextItem":{"@type":"ListItem","@id":"https:\/\/lavozdelagente.com.ar\/index\/category\/santiago\/#listItem","name":"Santiago"}},{"@type":"ListItem","@id":"https:\/\/lavozdelagente.com.ar\/index\/category\/santiago\/#listItem","position":2,"name":"Santiago","item":"https:\/\/lavozdelagente.com.ar\/index\/category\/santiago\/","nextItem":{"@type":"ListItem","@id":"https:\/\/lavozdelagente.com.ar\/index\/2026\/08\/27\/el-senador-gerardo-zamora-encabeza-la-mayor-suba-de-imagen-positiva-en-el-senado-de-la-nacion\/#listItem","name":"El Senador Gerardo Zamora encabeza la mayor suba de imagen positiva en el Senado de la Naci\u00f3n"},"previousItem":{"@type":"ListItem","@id":"https:\/\/lavozdelagente.com.ar\/index#listItem","name":"Home"}},{"@type":"ListItem","@id":"https:\/\/lavozdelagente.com.ar\/index\/2026\/08\/27\/el-senador-gerardo-zamora-encabeza-la-mayor-suba-de-imagen-positiva-en-el-senado-de-la-nacion\/#listItem","position":3,"name":"El Senador Gerardo Zamora encabeza la mayor suba de imagen positiva en el Senado de la Naci\u00f3n","previousItem":{"@type":"ListItem","@id":"https:\/\/lavozdelagente.com.ar\/index\/category\/santiago\/#listItem","name":"Santiago"}}]},{"@type":"Person","@id":"https:\/\/lavozdelagente.com.ar\/index\/author\/rober\/#author","url":"https:\/\/lavozdelagente.com.ar\/index\/author\/rober\/","name":"rober","image":{"@type":"ImageObject","@id":"https:\/\/lavozdelagente.com.ar\/index\/2026\/08\/27\/el-senador-gerardo-zamora-encabeza-la-mayor-suba-de-imagen-positiva-en-el-senado-de-la-nacion\/#authorImage","url":"https:\/\/secure.gravatar.com\/avatar\/901a62cd098b11a08c5fe38d2de0f8ad6b745f5d4f6413ad71e1630ac07766e0?s=96&d=mm&r=g","width":96,"height":96,"caption":"rober"}},{"@type":"WebPage","@id":"https:\/\/lavozdelagente.com.ar\/index\/2026\/08\/27\/el-senador-gerardo-zamora-encabeza-la-mayor-suba-de-imagen-positiva-en-el-senado-de-la-nacion\/#webpage","url":"https:\/\/lavozdelagente.com.ar\/index\/2026\/08\/27\/el-senador-gerardo-zamora-encabeza-la-mayor-suba-de-imagen-positiva-en-el-senado-de-la-nacion\/","name":"El Senador Gerardo Zamora encabeza la mayor suba de imagen positiva en el Senado de la Naci\u00f3n - LA VOZ DE LA GENTE","description":"Un informe de la consultora CB Consultora Opini\u00f3n P\u00fablica destacado por medios nacionales ubica al legislador santiague\u00f1o como el dirigente con mayor crecimiento en su diferencial de imagen a nivel federal, tras registrar un incremento de +8,3 puntos porcentuales respecto al mes anterior. Seg\u00fan el \u00faltimo relevamiento de opini\u00f3n p\u00fablica de alcance nacional correspondiente a","inLanguage":"es-ES","isPartOf":{"@id":"https:\/\/lavozdelagente.com.ar\/index\/#website"},"breadcrumb":{"@id":"https:\/\/lavozdelagente.com.ar\/index\/2026\/08\/27\/el-senador-gerardo-zamora-encabeza-la-mayor-suba-de-imagen-positiva-en-el-senado-de-la-nacion\/#breadcrumblist"},"author":{"@id":"https:\/\/lavozdelagente.com.ar\/index\/author\/rober\/#author"},"creator":{"@id":"https:\/\/lavozdelagente.com.ar\/index\/author\/rober\/#author"},"image":{"@type":"ImageObject","url":"https:\/\/lavozdelagente.com.ar\/wp-content\/uploads\/2026\/08\/zamorasenado1-768x432-1.jpg","@id":"https:\/\/lavozdelagente.com.ar\/index\/2026\/08\/27\/el-senador-gerardo-zamora-encabeza-la-mayor-suba-de-imagen-positiva-en-el-senado-de-la-nacion\/#mainImage","width":768,"height":432},"primaryImageOfPage":{"@id":"https:\/\/lavozdelagente.com.ar\/index\/2026\/08\/27\/el-senador-gerardo-zamora-encabeza-la-mayor-suba-de-imagen-positiva-en-el-senado-de-la-nacion\/#mainImage"},"datePublished":"2026-08-27T04:06:01+00:00","dateModified":"2026-08-27T04:06:01+00:00"},{"@type":"WebSite","@id":"https:\/\/lavozdelagente.com.ar\/index\/#website","url":"https:\/\/lavozdelagente.com.ar\/index\/","name":"LA VOZ DE LA GENTE","description":"SDE","inLanguage":"es-ES","publisher":{"@id":"https:\/\/lavozdelagente.com.ar\/index\/#person"}}]},"og:locale":"es_ES","og:site_name":"LA VOZ DE LA GENTE - SDE","og:type":"article","og:title":"El Senador Gerardo Zamora encabeza la mayor suba de imagen positiva en el Senado de la Naci\u00f3n - LA VOZ DE LA GENTE","og:description":"Un informe de la consultora CB Consultora Opini\u00f3n P\u00fablica destacado por medios nacionales ubica al legislador santiague\u00f1o como el dirigente con mayor crecimiento en su diferencial de imagen a nivel federal, tras registrar un incremento de +8,3 puntos porcentuales respecto al mes anterior. Seg\u00fan el \u00faltimo relevamiento de opini\u00f3n p\u00fablica de alcance nacional correspondiente a","og:url":"https:\/\/lavozdelagente.com.ar\/index\/2026\/08\/27\/el-senador-gerardo-zamora-encabeza-la-mayor-suba-de-imagen-positiva-en-el-senado-de-la-nacion\/","article:published_time":"2026-08-27T04:06:01+00:00","article:modified_time":"2026-08-27T04:06:01+00:00","twitter:card":"summary_large_image","twitter:title":"El Senador Gerardo Zamora encabeza la mayor suba de imagen positiva en el Senado de la Naci\u00f3n - LA VOZ DE LA GENTE","twitter:description":"Un informe de la consultora CB Consultora Opini\u00f3n P\u00fablica destacado por medios nacionales ubica al legislador santiague\u00f1o como el dirigente con mayor crecimiento en su diferencial de imagen a nivel federal, tras registrar un incremento de +8,3 puntos porcentuales respecto al mes anterior. Seg\u00fan el \u00faltimo relevamiento de opini\u00f3n p\u00fablica de alcance nacional correspondiente a"},"aioseo_meta_data":{"post_id":"3570","title":null,"description":null,"keywords":null,"keyphrases":{"focus":{"keyphrase":"","score":0,"analysis":{"keyphraseInTitle":{"score":0,"maxScore":9,"error":1}}},"additional":[]},"primary_term":null,"canonical_url":null,"og_title":null,"og_description":null,"og_object_type":"default","og_image_type":"default","og_image_url":null,"og_image_width":null,"og_image_height":null,"og_image_custom_url":null,"og_image_custom_fields":null,"og_video":"","og_custom_url":null,"og_article_section":null,"og_article_tags":null,"twitter_use_og":false,"twitter_card":"default","twitter_image_type":"default","twitter_image_url":null,"twitter_image_custom_url":null,"twitter_image_custom_fields":null,"twitter_title":null,"twitter_description":null,"schema":{"blockGraphs":[],"customGraphs":[],"default":{"data":{"Article":[],"Course":[],"Dataset":[],"FAQPage":[],"Movie":[],"Person":[],"Product":[],"ProductReview":[],"Car":[],"Recipe":[],"Service":[],"SoftwareApplication":[],"WebPage":[]},"graphName":"BlogPosting","isEnabled":true},"graphs":[]},"schema_type":"default","schema_type_options":null,"pillar_content":false,"robots_default":true,"robots_noindex":false,"robots_noarchive":false,"robots_nosnippet":false,"robots_nofollow":false,"robots_noimageindex":false,"robots_noodp":false,"robots_notranslate":false,"robots_max_snippet":"-1","robots_max_videopreview":"-1","robots_max_imagepreview":"large","priority":null,"frequency":"default","local_seo":null,"breadcrumb_settings":null,"limit_modified_date":false,"ai":{"faqs":[],"keyPoints":[],"schemas":[],"titles":[],"descriptions":[],"socialPosts":{"email":{"subject":"","preview":"","content":""},"linkedin":[],"twitter":[],"facebook":[],"instagram":[]}},"created":"2026-08-27 04:06:01","updated":"2026-08-27 13:45:29","seo_analyzer_scan_date":null,"focus_keyword":null,"additional_keywords":null,"truseo_locale":null},"aioseo_breadcrumb":"<div class=\"aioseo-breadcrumbs\"><span class=\"aioseo-breadcrumb\">\n\t\t\t<a href=\"https:\/\/lavozdelagente.com.ar\/index\" title=\"Home\">Home<\/a>\n\t\t<\/span><span class=\"aioseo-breadcrumb-separator\">&raquo;<\/span><span class=\"aioseo-breadcrumb\">\n\t\t\t<a href=\"https:\/\/lavozdelagente.com.ar\/index\/category\/santiago\/\" title=\"Santiago\">Santiago<\/a>\n\t\t<\/span><span class=\"aioseo-breadcrumb-separator\">&raquo;<\/span><span class=\"aioseo-breadcrumb\">\n\t\t\tEl Senador Gerardo Zamora encabeza la mayor suba de imagen positiva en el Senado de la Naci\u00f3n\n\t\t<\/span><\/div>","aioseo_breadcrumb_json":[{"label":"Home","link":"https:\/\/lavozdelagente.com.ar\/index"},{"label":"Santiago","link":"https:\/\/lavozdelagente.com.ar\/index\/category\/santiago\/"},{"label":"El Senador Gerardo Zamora encabeza la mayor suba de imagen positiva en el Senado de la Naci\u00f3n","link":"https:\/\/lavozdelagente.com.ar\/index\/2026\/08\/27\/el-senador-gerardo-zamora-encabeza-la-mayor-suba-de-imagen-positiva-en-el-senado-de-la-nacion\/"}],"rttpg_featured_image_url":{"full":["https:\/\/lavozdelagente.com.ar\/wp-content\/uploads\/2026\/08\/zamorasenado1-768x432-1.jpg",768,432,false],"landscape":["https:\/\/lavozdelagente.com.ar\/wp-content\/uploads\/2026\/08\/zamorasenado1-768x432-1.jpg",768,432,false],"portraits":["https:\/\/lavozdelagente.com.ar\/wp-content\/uploads\/2026\/08\/zamorasenado1-768x432-1.jpg",768,432,false],"thumbnail":["https:\/\/lavozdelagente.com.ar\/wp-content\/uploads\/2026\/08\/zamorasenado1-768x432-1-150x150.jpg",150,150,true],"medium":["https:\/\/lavozdelagente.com.ar\/wp-content\/uploads\/2026\/08\/zamorasenado1-768x432-1-300x169.jpg",300,169,true],"large":["https:\/\/lavozdelagente.com.ar\/wp-content\/uploads\/2026\/08\/zamorasenado1-768x432-1.jpg",768,432,false],"1536x1536":["https:\/\/lavozdelagente.com.ar\/wp-content\/uploads\/2026\/08\/zamorasenado1-768x432-1.jpg",768,432,false],"2048x2048":["https:\/\/lavozdelagente.com.ar\/wp-content\/uploads\/2026\/08\/zamorasenado1-768x432-1.jpg",768,432,false],"colormag-highlighted-post":["https:\/\/lavozdelagente.com.ar\/wp-content\/uploads\/2026\/08\/zamorasenado1-768x432-1-392x272.jpg",392,272,true],"colormag-featured-post-medium":["https:\/\/lavozdelagente.com.ar\/wp-content\/uploads\/2026\/08\/zamorasenado1-768x432-1-390x205.jpg",390,205,true],"colormag-featured-post-small":["https:\/\/lavozdelagente.com.ar\/wp-content\/uploads\/2026\/08\/zamorasenado1-768x432-1-130x90.jpg",130,90,true],"colormag-featured-image":["https:\/\/lavozdelagente.com.ar\/wp-content\/uploads\/2026\/08\/zamorasenado1-768x432-1.jpg",768,432,false],"colormag-default-news":["https:\/\/lavozdelagente.com.ar\/wp-content\/uploads\/2026\/08\/zamorasenado1-768x432-1-150x150.jpg",150,150,true],"colormag-featured-image-large":["https:\/\/lavozdelagente.com.ar\/wp-content\/uploads\/2026\/08\/zamorasenado1-768x432-1.jpg",768,432,false]},"rttpg_author":{"display_name":"rober","author_link":"https:\/\/lavozdelagente.com.ar\/index\/author\/rober\/"},"rttpg_comment":0,"rttpg_category":"<a href=\"https:\/\/lavozdelagente.com.ar\/index\/category\/santiago\/\" rel=\"category tag\">Santiago<\/a>","rttpg_excerpt":"Un informe de la consultora CB Consultora Opini\u00f3n P\u00fablica destacado por medios nacionales ubica al legislador santiague\u00f1o como el dirigente","_links":{"self":[{"href":"https:\/\/lavozdelagente.com.ar\/index\/wp-json\/wp\/v2\/posts\/3570","targetHints":{"allow":["GET"]}}],"collection":[{"href":"https:\/\/lavozdelagente.com.ar\/index\/wp-json\/wp\/v2\/posts"}],"about":[{"href":"https:\/\/lavozdelagente.com.ar\/index\/wp-json\/wp\/v2\/types\/post"}],"author":[{"embeddable":true,"href":"https:\/\/lavozdelagente.com.ar\/index\/wp-json\/wp\/v2\/users\/2"}],"replies":[{"embeddable":true,"href":"https:\/\/lavozdelagente.com.ar\/index\/wp-json\/wp\/v2\/comments?post=3570"}],"version-history":[{"count":1,"href":"https:\/\/lavozdelagente.com.ar\/index\/wp-json\/wp\/v2\/posts\/3570\/revisions"}],"predecessor-version":[{"id":3572,"href":"https:\/\/lavozdelagente.com.ar\/index\/wp-json\/wp\/v2\/posts\/3570\/revisions\/3572"}],"wp:featuredmedia":[{"embeddable":true,"href":"https:\/\/lavozdelagente.com.ar\/index\/wp-json\/wp\/v2\/media\/3571"}],"wp:attachment":[{"href":"https:\/\/lavozdelagente.com.ar\/index\/wp-json\/wp\/v2\/media?parent=3570"}],"wp:term":[{"taxonomy":"category","embeddable":true,"href":"https:\/\/lavozdelagente.com.ar\/index\/wp-json\/wp\/v2\/categories?post=3570"},{"taxonomy":"post_tag","embeddable":true,"href":"https:\/\/lavozdelagente.com.ar\/index\/wp-json\/wp\/v2\/tags?post=3570"}],"curies":[{"name":"wp","href":"https:\/\/api.w.org\/{rel}","templated":true}]}}