{"id":3591,"date":"2026-08-27T18:10:32","date_gmt":"2026-08-27T18:10:32","guid":{"rendered":"https:\/\/lavozdelagente.com.ar\/index\/?p=3591"},"modified":"2026-08-27T18:10:32","modified_gmt":"2026-08-27T18:10:32","slug":"el-gobernador-elias-suarez-inauguro-obras-en-cuatro-establecimientos-educativos-de-loreto-y-atamisqui-y-entrego-viviendas-sociales","status":"publish","type":"post","link":"https:\/\/lavozdelagente.com.ar\/index\/2026\/08\/27\/el-gobernador-elias-suarez-inauguro-obras-en-cuatro-establecimientos-educativos-de-loreto-y-atamisqui-y-entrego-viviendas-sociales\/","title":{"rendered":"El gobernador El\u00edas Su\u00e1rez inaugur\u00f3 obras en cuatro establecimientos educativos de Loreto y Atamisqui y entreg\u00f3 viviendas sociales"},"content":{"rendered":"<p>&nbsp;<\/p>\n<p>El gobernador El\u00edas Su\u00e1rez desarroll\u00f3 este jueves una intensa jornada de inauguraciones simult\u00e1neas en cuatro establecimientos educativos ubicados en los departamentos Loreto y Atamisqui, que reflejan el compromiso del Gobierno de la provincia con la educaci\u00f3n p\u00fablica, la igualdad de oportunidades y la presencia del Estado en todo el territorio.<br \/>\nTambi\u00e9n como parte de esta actividad oficial se realiz\u00f3 la entrega formal de viviendas sociales que fueron ejecutadas a trav\u00e9s del Ministerio de Desarrollo Social con la colaboraci\u00f3n de la Municipalidad de Loreto en un trabajo conjunto con las asociaciones civiles \u201cLoreto Acci\u00f3n Urgente\u201d; \u201cSinergia en Acci\u00f3n por la Inclusi\u00f3n\u201d y las asociaciones de fomento \u201cBarrio Industria Sector Oeste\u201d y \u201cTierra Nuestra\u201d.<br \/>\nEl mandatario hizo la entrega simb\u00f3lica en el domicilio de Miguel \u00c1ngel Ruiz en el barrio Remanso de Loreto.<br \/>\nLuego se traslad\u00f3 al Jard\u00edn de Infantes N\u00b0 145 \u201cNuestra Se\u00f1ora de Loreto\u201d, acompa\u00f1ado por los ministros de Obras P\u00fablicas, Aldo Hid, y de Desarrollo Social, \u00c1ngel Niccolai; el subsecretario de Educaci\u00f3n, Alejandro P\u00edccoli; la presidenta del Consejo General de Educaci\u00f3n, Mar\u00eda Elena Herrera, y el intendente loretano, Ram\u00f3n Gonz\u00e1lez.<br \/>\nJunto con la directora del establecimiento, Silvia Magali Ortiz, las autoridades hicieron un recorrido por las renovadas instalaciones.<br \/>\nDurante el acto central, el gobernador mantuvo una conexi\u00f3n v\u00eda internet con los directores de la Escuela N\u00b0 258 \u201cPedro Jos\u00e9 Fr\u00edas\u201d del paraje Kil\u00f3metro 83, Loreto, y de la Escuela N\u00b0 1.075 \u201cCruzada Femenina\u201d y su nuevo jard\u00edn anexo N\u00b0 561 ubicado en la localidad de Guanaco Sombriana, Atamisqui.<\/p>\n<p>Discurso<\/p>\n<p>Al dirigirse a los vecinos de las comunidades beneficiadas, el gobernador ratific\u00f3 su compromiso con la educaci\u00f3n como base fundamental para afianzar el desarrollo de Santiago del Estero, a trav\u00e9s de la jerarquizaci\u00f3n de la carrera docente, la provisi\u00f3n de herramientas necesarias, conectividad de internet en cada rinc\u00f3n de la provincia e infraestructura que garanticen el acceso a una formaci\u00f3n de calidad y con las mismas oportunidades, tanto para los chicos de zonas rurales como para aquellos que viven en los principales centros urbanos.<br \/>\nLuego de establecer conexi\u00f3n v\u00eda internet con los directivos de las escuelas de Guanaco Sombriana y del paraje Kil\u00f3metro 83, Su\u00e1rez expres\u00f3: \u201cNos pone muy contentos escuchar las experiencias y vivencias de los docentes y alumnos en cada lugar que inauguramos, como en este caso en los departamentos Loreto y Atamisqui. Pero no se trata solamente de obras de infraestructura; se trata de generar \u00e1mbitos educativos que deben tener las mejores comodidades, herramientas b\u00e1sicas, conectividad de internet y fundamentalmente el compromiso del educador y de su comunidad. Todo eso genera igualdad de oportunidades para nuestros alumnos\u201d.<br \/>\nEn ese sentido, resalt\u00f3 la decisi\u00f3n de darle en este a\u00f1o un mayor protagonismo a los docentes, no solo a trav\u00e9s de la capacitaci\u00f3n permanente, sino tambi\u00e9n mediante la cobertura de cargos de base dando prioridad al v\u00ednculo de los educadores con sus comunidades, tomando como referencia la cercan\u00eda territorial para las designaciones.<br \/>\nActualmente son 818 los aspirantes a cubrir 337 cargos en los niveles Inicial, Primario y Secundario en toda la provincia. En ese marco, cit\u00f3 como ejemplo a tres docentes oriundos de Loreto que fueron designados bajo este mecanismo para trabajar en instituciones del mismo departamento.<br \/>\nSu\u00e1rez resalt\u00f3 tambi\u00e9n el trabajo que se realiza a diario para llevar adelante una gesti\u00f3n ordenada y con equilibrio presupuestario. \u201cEso significa \u2013enfatiz\u00f3- destinar los recursos a donde la gente espera que sean asignados: en la educaci\u00f3n, la salud, en la seguridad, en las obras que son necesarias para el crecimiento y el desarrollo de nuestra provincia\u201d.<br \/>\nTambi\u00e9n como parte del fortalecimiento del sistema educativo celebr\u00f3 la cobertura de cargos directivos por concurso, \u201cque permitir\u00e1 a nuestros docentes estar a la vanguardia y que lleven a nuestros j\u00f3venes por el camino del aprendizaje\u201d.<br \/>\n\u201cLa escuela es un \u00e1mbito en donde la comunidad educativa es fundamental, con el aporte de cada sector, de los docentes y los estudiantes con toda su energ\u00eda que aspiran a encontrar un camino para educarse, y tambi\u00e9n de los padres. Toda la comunidad debe empujar a nuestra educaci\u00f3n, porque ese es el camino que tenemos los santiague\u00f1os y los argentinos: seguir educ\u00e1ndonos, capacit\u00e1ndonos y form\u00e1ndonos para construir un mejor futuro\u201d, expres\u00f3 el mandatario.<\/p>\n<p>Actos en KM 83 y Guanaco Sombriana<\/p>\n<p>En la Escuela N\u00b0 258 de Km 83, el acto estuvo encabezado por el jefe de Gabinete, V\u00edctor Araujo, acompa\u00f1ado por el ministro de Gobierno Seguridad y Culto, Bernardo Herrera; la secretaria de Coordinaci\u00f3n Econ\u00f3mica del Ministerio de Educaci\u00f3n, Elena Salom\u00f3n de Cheein, y el director de Arquitectura, Daniel Montes, que fueron recibidos por la directora anfitriona, Vanesa D\u00edaz.<br \/>\nEn referencia a esta jornada la docente hizo hincapi\u00e9 en que la educaci\u00f3n p\u00fablica constituye el pilar fundamental para garantizar la igualdad de oportunidades y el espacio donde se construyen una sociedad m\u00e1s justa y libre, al tiempo que manifest\u00f3 su profundo agradecimiento por la entrega de un establecimiento moderno, equipado con conectividad y los recursos necesarios para el dictado de clases, remarcando la alegr\u00eda y gratitud reflejada en el rostro de los alumnos.<br \/>\nEn Guanaco Sombriana, el acto fue presidido por el vicegobernador Carlos Silva Neder, quien realiz\u00f3 el corte de cintas de la obra de refacci\u00f3n y ampliaci\u00f3n de la Escuela N\u00b0 1075 \u201cCruzada Femenina\u201d y el nuevo edificio del jard\u00edn anexo.<br \/>\nTambi\u00e9n estuvieron el ministro de la Producci\u00f3n, N\u00e9stor Machado; el secretario de Obras P\u00fablicas, Jorge Zua\u00edn; el intendente de Villa Atamisqui, V\u00edctor Rosales; y el director de la instituci\u00f3n, Carlos Ariel Serrano.<br \/>\nEn esta ocasi\u00f3n, el vicegobernador destac\u00f3 el compromiso del Gobierno provincial con la educaci\u00f3n p\u00fablica, especialmente en las comunidades rurales. Adem\u00e1s, puso en valor la tarea de los docentes rurales, no solo como transmisores de conocimiento, sino tambi\u00e9n como protagonistas del desarrollo de cada comunidad.<br \/>\nPor su parte el director del establecimiento remarc\u00f3: \u201cLa educaci\u00f3n constituye un pilar fundamental para el crecimiento y desarrollo de los ni\u00f1os y j\u00f3venes\u201d.<\/p>\n","protected":false},"excerpt":{"rendered":"<p>&nbsp; El gobernador El\u00edas Su\u00e1rez desarroll\u00f3 este jueves una intensa jornada de inauguraciones simult\u00e1neas en cuatro establecimientos educativos ubicados en<\/p>\n","protected":false},"author":2,"featured_media":3592,"comment_status":"open","ping_status":"open","sticky":false,"template":"","format":"standard","meta":{"colormag_page_container_layout":"default_layout","colormag_page_sidebar_layout":"default_layout","om_disable_all_campaigns":false,"_monsterinsights_skip_tracking":false,"footnotes":""},"categories":[2],"tags":[],"class_list":["post-3591","post","type-post","status-publish","format-standard","has-post-thumbnail","hentry","category-santiago"],"aioseo_notices":[],"aioseo_head":"\n\t\t<!-- All in One SEO 5.0.1.1 - aioseo.com -->\n\t<meta name=\"description\" content=\"El gobernador El\u00edas Su\u00e1rez desarroll\u00f3 este jueves una intensa jornada de inauguraciones simult\u00e1neas en cuatro establecimientos educativos ubicados en los departamentos Loreto y Atamisqui, que reflejan el compromiso del Gobierno de la provincia con la educaci\u00f3n p\u00fablica, la igualdad de oportunidades y la presencia del Estado en todo el territorio. Tambi\u00e9n como parte de\" \/>\n\t<meta name=\"robots\" content=\"max-image-preview:large\" \/>\n\t<meta name=\"author\" content=\"rober\"\/>\n\t<meta name=\"google-site-verification\" content=\"dJHDh1fUzR1o-UwpFfn1JyiF-0R1LCNFZReSb-gbgcE\" \/>\n\t<link rel=\"canonical\" href=\"https:\/\/lavozdelagente.com.ar\/index\/2026\/08\/27\/el-gobernador-elias-suarez-inauguro-obras-en-cuatro-establecimientos-educativos-de-loreto-y-atamisqui-y-entrego-viviendas-sociales\/\" \/>\n\t<meta name=\"generator\" content=\"All in One SEO (AIOSEO) 5.0.1.1\" \/>\n\t\t<meta property=\"og:locale\" content=\"es_ES\" \/>\n\t\t<meta property=\"og:site_name\" content=\"LA VOZ DE LA GENTE - SDE\" \/>\n\t\t<meta property=\"og:type\" content=\"article\" \/>\n\t\t<meta property=\"og:title\" content=\"El gobernador El\u00edas Su\u00e1rez inaugur\u00f3 obras en cuatro establecimientos educativos de Loreto y Atamisqui y entreg\u00f3 viviendas sociales - LA VOZ DE LA GENTE\" \/>\n\t\t<meta property=\"og:description\" content=\"El gobernador El\u00edas Su\u00e1rez desarroll\u00f3 este jueves una intensa jornada de inauguraciones simult\u00e1neas en cuatro establecimientos educativos ubicados en los departamentos Loreto y Atamisqui, que reflejan el compromiso del Gobierno de la provincia con la educaci\u00f3n p\u00fablica, la igualdad de oportunidades y la presencia del Estado en todo el territorio. Tambi\u00e9n como parte de\" \/>\n\t\t<meta property=\"og:url\" content=\"https:\/\/lavozdelagente.com.ar\/index\/2026\/08\/27\/el-gobernador-elias-suarez-inauguro-obras-en-cuatro-establecimientos-educativos-de-loreto-y-atamisqui-y-entrego-viviendas-sociales\/\" \/>\n\t\t<meta property=\"article:published_time\" content=\"2026-08-27T18:10:32+00:00\" \/>\n\t\t<meta property=\"article:modified_time\" content=\"2026-08-27T18:10:32+00:00\" \/>\n\t\t<meta name=\"twitter:card\" content=\"summary_large_image\" \/>\n\t\t<meta name=\"twitter:title\" content=\"El gobernador El\u00edas Su\u00e1rez inaugur\u00f3 obras en cuatro establecimientos educativos de Loreto y Atamisqui y entreg\u00f3 viviendas sociales - LA VOZ DE LA GENTE\" \/>\n\t\t<meta name=\"twitter:description\" content=\"El gobernador El\u00edas Su\u00e1rez desarroll\u00f3 este jueves una intensa jornada de inauguraciones simult\u00e1neas en cuatro establecimientos educativos ubicados en los departamentos Loreto y Atamisqui, que reflejan el compromiso del Gobierno de la provincia con la educaci\u00f3n p\u00fablica, la igualdad de oportunidades y la presencia del Estado en todo el territorio. Tambi\u00e9n como parte de\" \/>\n\t\t<script type=\"application\/ld+json\" class=\"aioseo-schema\">\n\t\t\t{\"@context\":\"https:\\\/\\\/schema.org\",\"@graph\":[{\"@type\":\"BlogPosting\",\"@id\":\"https:\\\/\\\/lavozdelagente.com.ar\\\/index\\\/2026\\\/08\\\/27\\\/el-gobernador-elias-suarez-inauguro-obras-en-cuatro-establecimientos-educativos-de-loreto-y-atamisqui-y-entrego-viviendas-sociales\\\/#blogposting\",\"name\":\"El gobernador El\\u00edas Su\\u00e1rez inaugur\\u00f3 obras en cuatro establecimientos educativos de Loreto y Atamisqui y entreg\\u00f3 viviendas sociales - LA VOZ DE LA GENTE\",\"headline\":\"El gobernador El\\u00edas Su\\u00e1rez inaugur\\u00f3 obras en cuatro establecimientos educativos de Loreto y Atamisqui y entreg\\u00f3 viviendas sociales\",\"author\":{\"@id\":\"https:\\\/\\\/lavozdelagente.com.ar\\\/index\\\/author\\\/rober\\\/#author\"},\"publisher\":{\"@id\":\"https:\\\/\\\/lavozdelagente.com.ar\\\/index\\\/#person\"},\"image\":{\"@type\":\"ImageObject\",\"url\":\"https:\\\/\\\/lavozdelagente.com.ar\\\/wp-content\\\/uploads\\\/2026\\\/08\\\/suaresobras.jpeg\",\"width\":1600,\"height\":1066},\"datePublished\":\"2026-08-27T18:10:32+00:00\",\"dateModified\":\"2026-08-27T18:10:32+00:00\",\"inLanguage\":\"es-ES\",\"mainEntityOfPage\":{\"@id\":\"https:\\\/\\\/lavozdelagente.com.ar\\\/index\\\/2026\\\/08\\\/27\\\/el-gobernador-elias-suarez-inauguro-obras-en-cuatro-establecimientos-educativos-de-loreto-y-atamisqui-y-entrego-viviendas-sociales\\\/#webpage\"},\"isPartOf\":{\"@id\":\"https:\\\/\\\/lavozdelagente.com.ar\\\/index\\\/2026\\\/08\\\/27\\\/el-gobernador-elias-suarez-inauguro-obras-en-cuatro-establecimientos-educativos-de-loreto-y-atamisqui-y-entrego-viviendas-sociales\\\/#webpage\"},\"articleSection\":\"Santiago\"},{\"@type\":\"BreadcrumbList\",\"@id\":\"https:\\\/\\\/lavozdelagente.com.ar\\\/index\\\/2026\\\/08\\\/27\\\/el-gobernador-elias-suarez-inauguro-obras-en-cuatro-establecimientos-educativos-de-loreto-y-atamisqui-y-entrego-viviendas-sociales\\\/#breadcrumblist\",\"itemListElement\":[{\"@type\":\"ListItem\",\"@id\":\"https:\\\/\\\/lavozdelagente.com.ar\\\/index#listItem\",\"position\":1,\"name\":\"Home\",\"item\":\"https:\\\/\\\/lavozdelagente.com.ar\\\/index\",\"nextItem\":{\"@type\":\"ListItem\",\"@id\":\"https:\\\/\\\/lavozdelagente.com.ar\\\/index\\\/category\\\/santiago\\\/#listItem\",\"name\":\"Santiago\"}},{\"@type\":\"ListItem\",\"@id\":\"https:\\\/\\\/lavozdelagente.com.ar\\\/index\\\/category\\\/santiago\\\/#listItem\",\"position\":2,\"name\":\"Santiago\",\"item\":\"https:\\\/\\\/lavozdelagente.com.ar\\\/index\\\/category\\\/santiago\\\/\",\"nextItem\":{\"@type\":\"ListItem\",\"@id\":\"https:\\\/\\\/lavozdelagente.com.ar\\\/index\\\/2026\\\/08\\\/27\\\/el-gobernador-elias-suarez-inauguro-obras-en-cuatro-establecimientos-educativos-de-loreto-y-atamisqui-y-entrego-viviendas-sociales\\\/#listItem\",\"name\":\"El gobernador El\\u00edas Su\\u00e1rez inaugur\\u00f3 obras en cuatro establecimientos educativos de Loreto y Atamisqui y entreg\\u00f3 viviendas sociales\"},\"previousItem\":{\"@type\":\"ListItem\",\"@id\":\"https:\\\/\\\/lavozdelagente.com.ar\\\/index#listItem\",\"name\":\"Home\"}},{\"@type\":\"ListItem\",\"@id\":\"https:\\\/\\\/lavozdelagente.com.ar\\\/index\\\/2026\\\/08\\\/27\\\/el-gobernador-elias-suarez-inauguro-obras-en-cuatro-establecimientos-educativos-de-loreto-y-atamisqui-y-entrego-viviendas-sociales\\\/#listItem\",\"position\":3,\"name\":\"El gobernador El\\u00edas Su\\u00e1rez inaugur\\u00f3 obras en cuatro establecimientos educativos de Loreto y Atamisqui y entreg\\u00f3 viviendas sociales\",\"previousItem\":{\"@type\":\"ListItem\",\"@id\":\"https:\\\/\\\/lavozdelagente.com.ar\\\/index\\\/category\\\/santiago\\\/#listItem\",\"name\":\"Santiago\"}}]},{\"@type\":\"Person\",\"@id\":\"https:\\\/\\\/lavozdelagente.com.ar\\\/index\\\/author\\\/rober\\\/#author\",\"url\":\"https:\\\/\\\/lavozdelagente.com.ar\\\/index\\\/author\\\/rober\\\/\",\"name\":\"rober\",\"image\":{\"@type\":\"ImageObject\",\"@id\":\"https:\\\/\\\/lavozdelagente.com.ar\\\/index\\\/2026\\\/08\\\/27\\\/el-gobernador-elias-suarez-inauguro-obras-en-cuatro-establecimientos-educativos-de-loreto-y-atamisqui-y-entrego-viviendas-sociales\\\/#authorImage\",\"url\":\"https:\\\/\\\/secure.gravatar.com\\\/avatar\\\/901a62cd098b11a08c5fe38d2de0f8ad6b745f5d4f6413ad71e1630ac07766e0?s=96&d=mm&r=g\",\"width\":96,\"height\":96,\"caption\":\"rober\"}},{\"@type\":\"WebPage\",\"@id\":\"https:\\\/\\\/lavozdelagente.com.ar\\\/index\\\/2026\\\/08\\\/27\\\/el-gobernador-elias-suarez-inauguro-obras-en-cuatro-establecimientos-educativos-de-loreto-y-atamisqui-y-entrego-viviendas-sociales\\\/#webpage\",\"url\":\"https:\\\/\\\/lavozdelagente.com.ar\\\/index\\\/2026\\\/08\\\/27\\\/el-gobernador-elias-suarez-inauguro-obras-en-cuatro-establecimientos-educativos-de-loreto-y-atamisqui-y-entrego-viviendas-sociales\\\/\",\"name\":\"El gobernador El\\u00edas Su\\u00e1rez inaugur\\u00f3 obras en cuatro establecimientos educativos de Loreto y Atamisqui y entreg\\u00f3 viviendas sociales - LA VOZ DE LA GENTE\",\"description\":\"El gobernador El\\u00edas Su\\u00e1rez desarroll\\u00f3 este jueves una intensa jornada de inauguraciones simult\\u00e1neas en cuatro establecimientos educativos ubicados en los departamentos Loreto y Atamisqui, que reflejan el compromiso del Gobierno de la provincia con la educaci\\u00f3n p\\u00fablica, la igualdad de oportunidades y la presencia del Estado en todo el territorio. Tambi\\u00e9n como parte de\",\"inLanguage\":\"es-ES\",\"isPartOf\":{\"@id\":\"https:\\\/\\\/lavozdelagente.com.ar\\\/index\\\/#website\"},\"breadcrumb\":{\"@id\":\"https:\\\/\\\/lavozdelagente.com.ar\\\/index\\\/2026\\\/08\\\/27\\\/el-gobernador-elias-suarez-inauguro-obras-en-cuatro-establecimientos-educativos-de-loreto-y-atamisqui-y-entrego-viviendas-sociales\\\/#breadcrumblist\"},\"author\":{\"@id\":\"https:\\\/\\\/lavozdelagente.com.ar\\\/index\\\/author\\\/rober\\\/#author\"},\"creator\":{\"@id\":\"https:\\\/\\\/lavozdelagente.com.ar\\\/index\\\/author\\\/rober\\\/#author\"},\"image\":{\"@type\":\"ImageObject\",\"url\":\"https:\\\/\\\/lavozdelagente.com.ar\\\/wp-content\\\/uploads\\\/2026\\\/08\\\/suaresobras.jpeg\",\"@id\":\"https:\\\/\\\/lavozdelagente.com.ar\\\/index\\\/2026\\\/08\\\/27\\\/el-gobernador-elias-suarez-inauguro-obras-en-cuatro-establecimientos-educativos-de-loreto-y-atamisqui-y-entrego-viviendas-sociales\\\/#mainImage\",\"width\":1600,\"height\":1066},\"primaryImageOfPage\":{\"@id\":\"https:\\\/\\\/lavozdelagente.com.ar\\\/index\\\/2026\\\/08\\\/27\\\/el-gobernador-elias-suarez-inauguro-obras-en-cuatro-establecimientos-educativos-de-loreto-y-atamisqui-y-entrego-viviendas-sociales\\\/#mainImage\"},\"datePublished\":\"2026-08-27T18:10:32+00:00\",\"dateModified\":\"2026-08-27T18:10:32+00:00\"},{\"@type\":\"WebSite\",\"@id\":\"https:\\\/\\\/lavozdelagente.com.ar\\\/index\\\/#website\",\"url\":\"https:\\\/\\\/lavozdelagente.com.ar\\\/index\\\/\",\"name\":\"LA VOZ DE LA GENTE\",\"description\":\"SDE\",\"inLanguage\":\"es-ES\",\"publisher\":{\"@id\":\"https:\\\/\\\/lavozdelagente.com.ar\\\/index\\\/#person\"}}]}\n\t\t<\/script>\n\t\t<!-- All in One SEO -->\n\n","aioseo_head_json":{"title":"El gobernador El\u00edas Su\u00e1rez inaugur\u00f3 obras en cuatro establecimientos educativos de Loreto y Atamisqui y entreg\u00f3 viviendas sociales - LA VOZ DE LA GENTE","description":"El gobernador El\u00edas Su\u00e1rez desarroll\u00f3 este jueves una intensa jornada de inauguraciones simult\u00e1neas en cuatro establecimientos educativos ubicados en los departamentos Loreto y Atamisqui, que reflejan el compromiso del Gobierno de la provincia con la educaci\u00f3n p\u00fablica, la igualdad de oportunidades y la presencia del Estado en todo el territorio. Tambi\u00e9n como parte de","canonical_url":"https:\/\/lavozdelagente.com.ar\/index\/2026\/08\/27\/el-gobernador-elias-suarez-inauguro-obras-en-cuatro-establecimientos-educativos-de-loreto-y-atamisqui-y-entrego-viviendas-sociales\/","robots":"max-image-preview:large","keywords":"","webmasterTools":{"google-site-verification":"dJHDh1fUzR1o-UwpFfn1JyiF-0R1LCNFZReSb-gbgcE","miscellaneous":""},"schema":{"@context":"https:\/\/schema.org","@graph":[{"@type":"BlogPosting","@id":"https:\/\/lavozdelagente.com.ar\/index\/2026\/08\/27\/el-gobernador-elias-suarez-inauguro-obras-en-cuatro-establecimientos-educativos-de-loreto-y-atamisqui-y-entrego-viviendas-sociales\/#blogposting","name":"El gobernador El\u00edas Su\u00e1rez inaugur\u00f3 obras en cuatro establecimientos educativos de Loreto y Atamisqui y entreg\u00f3 viviendas sociales - LA VOZ DE LA GENTE","headline":"El gobernador El\u00edas Su\u00e1rez inaugur\u00f3 obras en cuatro establecimientos educativos de Loreto y Atamisqui y entreg\u00f3 viviendas sociales","author":{"@id":"https:\/\/lavozdelagente.com.ar\/index\/author\/rober\/#author"},"publisher":{"@id":"https:\/\/lavozdelagente.com.ar\/index\/#person"},"image":{"@type":"ImageObject","url":"https:\/\/lavozdelagente.com.ar\/wp-content\/uploads\/2026\/08\/suaresobras.jpeg","width":1600,"height":1066},"datePublished":"2026-08-27T18:10:32+00:00","dateModified":"2026-08-27T18:10:32+00:00","inLanguage":"es-ES","mainEntityOfPage":{"@id":"https:\/\/lavozdelagente.com.ar\/index\/2026\/08\/27\/el-gobernador-elias-suarez-inauguro-obras-en-cuatro-establecimientos-educativos-de-loreto-y-atamisqui-y-entrego-viviendas-sociales\/#webpage"},"isPartOf":{"@id":"https:\/\/lavozdelagente.com.ar\/index\/2026\/08\/27\/el-gobernador-elias-suarez-inauguro-obras-en-cuatro-establecimientos-educativos-de-loreto-y-atamisqui-y-entrego-viviendas-sociales\/#webpage"},"articleSection":"Santiago"},{"@type":"BreadcrumbList","@id":"https:\/\/lavozdelagente.com.ar\/index\/2026\/08\/27\/el-gobernador-elias-suarez-inauguro-obras-en-cuatro-establecimientos-educativos-de-loreto-y-atamisqui-y-entrego-viviendas-sociales\/#breadcrumblist","itemListElement":[{"@type":"ListItem","@id":"https:\/\/lavozdelagente.com.ar\/index#listItem","position":1,"name":"Home","item":"https:\/\/lavozdelagente.com.ar\/index","nextItem":{"@type":"ListItem","@id":"https:\/\/lavozdelagente.com.ar\/index\/category\/santiago\/#listItem","name":"Santiago"}},{"@type":"ListItem","@id":"https:\/\/lavozdelagente.com.ar\/index\/category\/santiago\/#listItem","position":2,"name":"Santiago","item":"https:\/\/lavozdelagente.com.ar\/index\/category\/santiago\/","nextItem":{"@type":"ListItem","@id":"https:\/\/lavozdelagente.com.ar\/index\/2026\/08\/27\/el-gobernador-elias-suarez-inauguro-obras-en-cuatro-establecimientos-educativos-de-loreto-y-atamisqui-y-entrego-viviendas-sociales\/#listItem","name":"El gobernador El\u00edas Su\u00e1rez inaugur\u00f3 obras en cuatro establecimientos educativos de Loreto y Atamisqui y entreg\u00f3 viviendas sociales"},"previousItem":{"@type":"ListItem","@id":"https:\/\/lavozdelagente.com.ar\/index#listItem","name":"Home"}},{"@type":"ListItem","@id":"https:\/\/lavozdelagente.com.ar\/index\/2026\/08\/27\/el-gobernador-elias-suarez-inauguro-obras-en-cuatro-establecimientos-educativos-de-loreto-y-atamisqui-y-entrego-viviendas-sociales\/#listItem","position":3,"name":"El gobernador El\u00edas Su\u00e1rez inaugur\u00f3 obras en cuatro establecimientos educativos de Loreto y Atamisqui y entreg\u00f3 viviendas sociales","previousItem":{"@type":"ListItem","@id":"https:\/\/lavozdelagente.com.ar\/index\/category\/santiago\/#listItem","name":"Santiago"}}]},{"@type":"Person","@id":"https:\/\/lavozdelagente.com.ar\/index\/author\/rober\/#author","url":"https:\/\/lavozdelagente.com.ar\/index\/author\/rober\/","name":"rober","image":{"@type":"ImageObject","@id":"https:\/\/lavozdelagente.com.ar\/index\/2026\/08\/27\/el-gobernador-elias-suarez-inauguro-obras-en-cuatro-establecimientos-educativos-de-loreto-y-atamisqui-y-entrego-viviendas-sociales\/#authorImage","url":"https:\/\/secure.gravatar.com\/avatar\/901a62cd098b11a08c5fe38d2de0f8ad6b745f5d4f6413ad71e1630ac07766e0?s=96&d=mm&r=g","width":96,"height":96,"caption":"rober"}},{"@type":"WebPage","@id":"https:\/\/lavozdelagente.com.ar\/index\/2026\/08\/27\/el-gobernador-elias-suarez-inauguro-obras-en-cuatro-establecimientos-educativos-de-loreto-y-atamisqui-y-entrego-viviendas-sociales\/#webpage","url":"https:\/\/lavozdelagente.com.ar\/index\/2026\/08\/27\/el-gobernador-elias-suarez-inauguro-obras-en-cuatro-establecimientos-educativos-de-loreto-y-atamisqui-y-entrego-viviendas-sociales\/","name":"El gobernador El\u00edas Su\u00e1rez inaugur\u00f3 obras en cuatro establecimientos educativos de Loreto y Atamisqui y entreg\u00f3 viviendas sociales - LA VOZ DE LA GENTE","description":"El gobernador El\u00edas Su\u00e1rez desarroll\u00f3 este jueves una intensa jornada de inauguraciones simult\u00e1neas en cuatro establecimientos educativos ubicados en los departamentos Loreto y Atamisqui, que reflejan el compromiso del Gobierno de la provincia con la educaci\u00f3n p\u00fablica, la igualdad de oportunidades y la presencia del Estado en todo el territorio. Tambi\u00e9n como parte de","inLanguage":"es-ES","isPartOf":{"@id":"https:\/\/lavozdelagente.com.ar\/index\/#website"},"breadcrumb":{"@id":"https:\/\/lavozdelagente.com.ar\/index\/2026\/08\/27\/el-gobernador-elias-suarez-inauguro-obras-en-cuatro-establecimientos-educativos-de-loreto-y-atamisqui-y-entrego-viviendas-sociales\/#breadcrumblist"},"author":{"@id":"https:\/\/lavozdelagente.com.ar\/index\/author\/rober\/#author"},"creator":{"@id":"https:\/\/lavozdelagente.com.ar\/index\/author\/rober\/#author"},"image":{"@type":"ImageObject","url":"https:\/\/lavozdelagente.com.ar\/wp-content\/uploads\/2026\/08\/suaresobras.jpeg","@id":"https:\/\/lavozdelagente.com.ar\/index\/2026\/08\/27\/el-gobernador-elias-suarez-inauguro-obras-en-cuatro-establecimientos-educativos-de-loreto-y-atamisqui-y-entrego-viviendas-sociales\/#mainImage","width":1600,"height":1066},"primaryImageOfPage":{"@id":"https:\/\/lavozdelagente.com.ar\/index\/2026\/08\/27\/el-gobernador-elias-suarez-inauguro-obras-en-cuatro-establecimientos-educativos-de-loreto-y-atamisqui-y-entrego-viviendas-sociales\/#mainImage"},"datePublished":"2026-08-27T18:10:32+00:00","dateModified":"2026-08-27T18:10:32+00:00"},{"@type":"WebSite","@id":"https:\/\/lavozdelagente.com.ar\/index\/#website","url":"https:\/\/lavozdelagente.com.ar\/index\/","name":"LA VOZ DE LA GENTE","description":"SDE","inLanguage":"es-ES","publisher":{"@id":"https:\/\/lavozdelagente.com.ar\/index\/#person"}}]},"og:locale":"es_ES","og:site_name":"LA VOZ DE LA GENTE - SDE","og:type":"article","og:title":"El gobernador El\u00edas Su\u00e1rez inaugur\u00f3 obras en cuatro establecimientos educativos de Loreto y Atamisqui y entreg\u00f3 viviendas sociales - LA VOZ DE LA GENTE","og:description":"El gobernador El\u00edas Su\u00e1rez desarroll\u00f3 este jueves una intensa jornada de inauguraciones simult\u00e1neas en cuatro establecimientos educativos ubicados en los departamentos Loreto y Atamisqui, que reflejan el compromiso del Gobierno de la provincia con la educaci\u00f3n p\u00fablica, la igualdad de oportunidades y la presencia del Estado en todo el territorio. Tambi\u00e9n como parte de","og:url":"https:\/\/lavozdelagente.com.ar\/index\/2026\/08\/27\/el-gobernador-elias-suarez-inauguro-obras-en-cuatro-establecimientos-educativos-de-loreto-y-atamisqui-y-entrego-viviendas-sociales\/","article:published_time":"2026-08-27T18:10:32+00:00","article:modified_time":"2026-08-27T18:10:32+00:00","twitter:card":"summary_large_image","twitter:title":"El gobernador El\u00edas Su\u00e1rez inaugur\u00f3 obras en cuatro establecimientos educativos de Loreto y Atamisqui y entreg\u00f3 viviendas sociales - LA VOZ DE LA GENTE","twitter:description":"El gobernador El\u00edas Su\u00e1rez desarroll\u00f3 este jueves una intensa jornada de inauguraciones simult\u00e1neas en cuatro establecimientos educativos ubicados en los departamentos Loreto y Atamisqui, que reflejan el compromiso del Gobierno de la provincia con la educaci\u00f3n p\u00fablica, la igualdad de oportunidades y la presencia del Estado en todo el territorio. Tambi\u00e9n como parte de"},"aioseo_meta_data":{"post_id":"3591","title":null,"description":null,"keywords":null,"keyphrases":{"focus":{"keyphrase":"","score":0,"analysis":{"keyphraseInTitle":{"score":0,"maxScore":9,"error":1}}},"additional":[]},"primary_term":null,"canonical_url":null,"og_title":null,"og_description":null,"og_object_type":"default","og_image_type":"default","og_image_url":null,"og_image_width":null,"og_image_height":null,"og_image_custom_url":null,"og_image_custom_fields":null,"og_video":"","og_custom_url":null,"og_article_section":null,"og_article_tags":null,"twitter_use_og":false,"twitter_card":"default","twitter_image_type":"default","twitter_image_url":null,"twitter_image_custom_url":null,"twitter_image_custom_fields":null,"twitter_title":null,"twitter_description":null,"schema":{"blockGraphs":[],"customGraphs":[],"default":{"data":{"Article":[],"Course":[],"Dataset":[],"FAQPage":[],"Movie":[],"Person":[],"Product":[],"ProductReview":[],"Car":[],"Recipe":[],"Service":[],"SoftwareApplication":[],"WebPage":[]},"graphName":"BlogPosting","isEnabled":true},"graphs":[]},"schema_type":"default","schema_type_options":null,"pillar_content":false,"robots_default":true,"robots_noindex":false,"robots_noarchive":false,"robots_nosnippet":false,"robots_nofollow":false,"robots_noimageindex":false,"robots_noodp":false,"robots_notranslate":false,"robots_max_snippet":"-1","robots_max_videopreview":"-1","robots_max_imagepreview":"large","priority":null,"frequency":"default","local_seo":null,"breadcrumb_settings":null,"limit_modified_date":false,"ai":{"faqs":[],"keyPoints":[],"schemas":[],"titles":[],"descriptions":[],"socialPosts":{"email":{"subject":"","preview":"","content":""},"linkedin":[],"twitter":[],"facebook":[],"instagram":[]}},"created":"2026-08-27 18:10:32","updated":"2026-08-27 18:10:39","seo_analyzer_scan_date":null,"focus_keyword":null,"additional_keywords":null,"truseo_locale":null},"aioseo_breadcrumb":"<div class=\"aioseo-breadcrumbs\"><span class=\"aioseo-breadcrumb\">\n\t\t\t<a href=\"https:\/\/lavozdelagente.com.ar\/index\" title=\"Home\">Home<\/a>\n\t\t<\/span><span class=\"aioseo-breadcrumb-separator\">&raquo;<\/span><span class=\"aioseo-breadcrumb\">\n\t\t\t<a href=\"https:\/\/lavozdelagente.com.ar\/index\/category\/santiago\/\" title=\"Santiago\">Santiago<\/a>\n\t\t<\/span><span class=\"aioseo-breadcrumb-separator\">&raquo;<\/span><span class=\"aioseo-breadcrumb\">\n\t\t\tEl gobernador El\u00edas Su\u00e1rez inaugur\u00f3 obras en cuatro establecimientos educativos de Loreto y Atamisqui y entreg\u00f3 viviendas sociales\n\t\t<\/span><\/div>","aioseo_breadcrumb_json":[{"label":"Home","link":"https:\/\/lavozdelagente.com.ar\/index"},{"label":"Santiago","link":"https:\/\/lavozdelagente.com.ar\/index\/category\/santiago\/"},{"label":"El gobernador El\u00edas Su\u00e1rez inaugur\u00f3 obras en cuatro establecimientos educativos de Loreto y Atamisqui y entreg\u00f3 viviendas sociales","link":"https:\/\/lavozdelagente.com.ar\/index\/2026\/08\/27\/el-gobernador-elias-suarez-inauguro-obras-en-cuatro-establecimientos-educativos-de-loreto-y-atamisqui-y-entrego-viviendas-sociales\/"}],"rttpg_featured_image_url":{"full":["https:\/\/lavozdelagente.com.ar\/wp-content\/uploads\/2026\/08\/suaresobras.jpeg",1600,1066,false],"landscape":["https:\/\/lavozdelagente.com.ar\/wp-content\/uploads\/2026\/08\/suaresobras.jpeg",1600,1066,false],"portraits":["https:\/\/lavozdelagente.com.ar\/wp-content\/uploads\/2026\/08\/suaresobras.jpeg",1600,1066,false],"thumbnail":["https:\/\/lavozdelagente.com.ar\/wp-content\/uploads\/2026\/08\/suaresobras-150x150.jpeg",150,150,true],"medium":["https:\/\/lavozdelagente.com.ar\/wp-content\/uploads\/2026\/08\/suaresobras-300x200.jpeg",300,200,true],"large":["https:\/\/lavozdelagente.com.ar\/wp-content\/uploads\/2026\/08\/suaresobras-1024x682.jpeg",800,533,true],"1536x1536":["https:\/\/lavozdelagente.com.ar\/wp-content\/uploads\/2026\/08\/suaresobras-1536x1023.jpeg",1536,1023,true],"2048x2048":["https:\/\/lavozdelagente.com.ar\/wp-content\/uploads\/2026\/08\/suaresobras.jpeg",1600,1066,false],"colormag-highlighted-post":["https:\/\/lavozdelagente.com.ar\/wp-content\/uploads\/2026\/08\/suaresobras-392x272.jpeg",392,272,true],"colormag-featured-post-medium":["https:\/\/lavozdelagente.com.ar\/wp-content\/uploads\/2026\/08\/suaresobras-390x205.jpeg",390,205,true],"colormag-featured-post-small":["https:\/\/lavozdelagente.com.ar\/wp-content\/uploads\/2026\/08\/suaresobras-130x90.jpeg",130,90,true],"colormag-featured-image":["https:\/\/lavozdelagente.com.ar\/wp-content\/uploads\/2026\/08\/suaresobras-800x445.jpeg",800,445,true],"colormag-default-news":["https:\/\/lavozdelagente.com.ar\/wp-content\/uploads\/2026\/08\/suaresobras-150x150.jpeg",150,150,true],"colormag-featured-image-large":["https:\/\/lavozdelagente.com.ar\/wp-content\/uploads\/2026\/08\/suaresobras-1400x600.jpeg",1400,600,true]},"rttpg_author":{"display_name":"rober","author_link":"https:\/\/lavozdelagente.com.ar\/index\/author\/rober\/"},"rttpg_comment":0,"rttpg_category":"<a href=\"https:\/\/lavozdelagente.com.ar\/index\/category\/santiago\/\" rel=\"category tag\">Santiago<\/a>","rttpg_excerpt":"&nbsp; El gobernador El\u00edas Su\u00e1rez desarroll\u00f3 este jueves una intensa jornada de inauguraciones simult\u00e1neas en cuatro establecimientos educativos ubicados en","_links":{"self":[{"href":"https:\/\/lavozdelagente.com.ar\/index\/wp-json\/wp\/v2\/posts\/3591","targetHints":{"allow":["GET"]}}],"collection":[{"href":"https:\/\/lavozdelagente.com.ar\/index\/wp-json\/wp\/v2\/posts"}],"about":[{"href":"https:\/\/lavozdelagente.com.ar\/index\/wp-json\/wp\/v2\/types\/post"}],"author":[{"embeddable":true,"href":"https:\/\/lavozdelagente.com.ar\/index\/wp-json\/wp\/v2\/users\/2"}],"replies":[{"embeddable":true,"href":"https:\/\/lavozdelagente.com.ar\/index\/wp-json\/wp\/v2\/comments?post=3591"}],"version-history":[{"count":1,"href":"https:\/\/lavozdelagente.com.ar\/index\/wp-json\/wp\/v2\/posts\/3591\/revisions"}],"predecessor-version":[{"id":3593,"href":"https:\/\/lavozdelagente.com.ar\/index\/wp-json\/wp\/v2\/posts\/3591\/revisions\/3593"}],"wp:featuredmedia":[{"embeddable":true,"href":"https:\/\/lavozdelagente.com.ar\/index\/wp-json\/wp\/v2\/media\/3592"}],"wp:attachment":[{"href":"https:\/\/lavozdelagente.com.ar\/index\/wp-json\/wp\/v2\/media?parent=3591"}],"wp:term":[{"taxonomy":"category","embeddable":true,"href":"https:\/\/lavozdelagente.com.ar\/index\/wp-json\/wp\/v2\/categories?post=3591"},{"taxonomy":"post_tag","embeddable":true,"href":"https:\/\/lavozdelagente.com.ar\/index\/wp-json\/wp\/v2\/tags?post=3591"}],"curies":[{"name":"wp","href":"https:\/\/api.w.org\/{rel}","templated":true}]}}