{"id":3597,"date":"2026-08-28T15:04:23","date_gmt":"2026-08-28T15:04:23","guid":{"rendered":"https:\/\/lavozdelagente.com.ar\/index\/?p=3597"},"modified":"2026-08-28T15:04:23","modified_gmt":"2026-08-28T15:04:23","slug":"comenzo-la-decima-edicion-del-rally-de-innovacion-santiago-te-desafia","status":"publish","type":"post","link":"https:\/\/lavozdelagente.com.ar\/index\/2026\/08\/28\/comenzo-la-decima-edicion-del-rally-de-innovacion-santiago-te-desafia\/","title":{"rendered":"Comenz\u00f3 la d\u00e9cima edici\u00f3n del rally de innovaci\u00f3n \u201cSantiago te desaf\u00eda\u201d"},"content":{"rendered":"<p>Con la participaci\u00f3n de autoridades provinciales, representantes de las universidades y organismos cient\u00edficos y tecnol\u00f3gicos, se realiz\u00f3 este viernes en la sede del Nodo Tecnol\u00f3gico la apertura del 10\u00b0 Rally de Innovaci\u00f3n \u201cSantiago te desaf\u00eda\u201d, una propuesta que busca fortalecer las capacidades de los j\u00f3venes para abordar problem\u00e1ticas locales mediante el trabajo interdisciplinario y la innovaci\u00f3n.<br \/>\nFueron parte del acto el secretario de Ciencia y Tecnolog\u00eda, Adri\u00e1n Su\u00e1rez; la vicerrectora de la Universidad Nacional de Santiago del Estero (Unse), Fernanda Mellano, y el rector de la Universidad Cat\u00f3lica (Ucse), Luis Lucena. Tambi\u00e9n el subgerente operativo de la Regi\u00f3n NOA del INTI Santiago del Estero, Ramiro Cas\u00f3liba; el director de la Estaci\u00f3n Experimental Santiago del Estero del INTA, Gabriel Angella; el director ejecutivo del Instituto de Tecnolog\u00edas de Santiago del Estero, Mario Benavente, y el diputado provincial Hugo N\u00e9stor Padilla.<br \/>\nAl dar la bienvenida, Adri\u00e1n Suarez resalt\u00f3 este evento que constituye adem\u00e1s un entrenamiento intensivo para el Rally Latinoamericano de Innovaci\u00f3n 2026, que se desarrolla en el marco del d\u00e9cimo aniversario de la creaci\u00f3n del Nodo Tecnol\u00f3gico.<br \/>\n\u201cDeseo lo mejor a todos los participantes y agradezco a los profesionales y t\u00e9cnicos que acompa\u00f1an, pero en particular a los m\u00e1s j\u00f3venes, decirles que nuestro plan estrat\u00e9gico tiene como misi\u00f3n crear territorios sostenibles con ciudades inteligentes\u201d, expres\u00f3.<br \/>\nPor su parte, Luis Lucena remarc\u00f3 a los estudiantes su deseo de que \u201c\u00e9ste sea un d\u00eda de crecimiento, que lo tomen desde ese punto de vista a partir del despliegue de sus capacidades, de sus elementos de innovaci\u00f3n, de sus decisiones disruptivas, de su fuerte escucha, de animarse a tomar algunos caminos alternativos, a construir alguna soluci\u00f3n que pueda ser innovadora, que aprovechen esta jornada para un crecimiento personal y grupal, y que seguramente este aprendizaje va a servir para un aprendizaje de vida\u201d.<\/p>\n<p>&nbsp;<\/p>\n","protected":false},"excerpt":{"rendered":"<p>Con la participaci\u00f3n de autoridades provinciales, representantes de las universidades y organismos cient\u00edficos y tecnol\u00f3gicos, se realiz\u00f3 este viernes en<\/p>\n","protected":false},"author":2,"featured_media":3598,"comment_status":"open","ping_status":"open","sticky":false,"template":"","format":"standard","meta":{"colormag_page_container_layout":"default_layout","colormag_page_sidebar_layout":"default_layout","om_disable_all_campaigns":false,"_monsterinsights_skip_tracking":false,"footnotes":""},"categories":[2],"tags":[],"class_list":["post-3597","post","type-post","status-publish","format-standard","has-post-thumbnail","hentry","category-santiago"],"aioseo_notices":[],"aioseo_head":"\n\t\t<!-- All in One SEO 5.0.1.1 - aioseo.com -->\n\t<meta name=\"description\" content=\"Con la participaci\u00f3n de autoridades provinciales, representantes de las universidades y organismos cient\u00edficos y tecnol\u00f3gicos, se realiz\u00f3 este viernes en la sede del Nodo Tecnol\u00f3gico la apertura del 10\u00b0 Rally de Innovaci\u00f3n \u201cSantiago te desaf\u00eda\u201d, una propuesta que busca fortalecer las capacidades de los j\u00f3venes para abordar problem\u00e1ticas locales mediante el trabajo interdisciplinario y la\" \/>\n\t<meta name=\"robots\" content=\"max-image-preview:large\" \/>\n\t<meta name=\"author\" content=\"rober\"\/>\n\t<meta name=\"google-site-verification\" content=\"dJHDh1fUzR1o-UwpFfn1JyiF-0R1LCNFZReSb-gbgcE\" \/>\n\t<link rel=\"canonical\" href=\"https:\/\/lavozdelagente.com.ar\/index\/2026\/08\/28\/comenzo-la-decima-edicion-del-rally-de-innovacion-santiago-te-desafia\/\" \/>\n\t<meta name=\"generator\" content=\"All in One SEO (AIOSEO) 5.0.1.1\" \/>\n\t\t<meta property=\"og:locale\" content=\"es_ES\" \/>\n\t\t<meta property=\"og:site_name\" content=\"LA VOZ DE LA GENTE - SDE\" \/>\n\t\t<meta property=\"og:type\" content=\"article\" \/>\n\t\t<meta property=\"og:title\" content=\"Comenz\u00f3 la d\u00e9cima edici\u00f3n del rally de innovaci\u00f3n \u201cSantiago te desaf\u00eda\u201d - LA VOZ DE LA GENTE\" \/>\n\t\t<meta property=\"og:description\" content=\"Con la participaci\u00f3n de autoridades provinciales, representantes de las universidades y organismos cient\u00edficos y tecnol\u00f3gicos, se realiz\u00f3 este viernes en la sede del Nodo Tecnol\u00f3gico la apertura del 10\u00b0 Rally de Innovaci\u00f3n \u201cSantiago te desaf\u00eda\u201d, una propuesta que busca fortalecer las capacidades de los j\u00f3venes para abordar problem\u00e1ticas locales mediante el trabajo interdisciplinario y la\" \/>\n\t\t<meta property=\"og:url\" content=\"https:\/\/lavozdelagente.com.ar\/index\/2026\/08\/28\/comenzo-la-decima-edicion-del-rally-de-innovacion-santiago-te-desafia\/\" \/>\n\t\t<meta property=\"article:published_time\" content=\"2026-08-28T15:04:23+00:00\" \/>\n\t\t<meta property=\"article:modified_time\" content=\"2026-08-28T15:04:23+00:00\" \/>\n\t\t<meta name=\"twitter:card\" content=\"summary_large_image\" \/>\n\t\t<meta name=\"twitter:title\" content=\"Comenz\u00f3 la d\u00e9cima edici\u00f3n del rally de innovaci\u00f3n \u201cSantiago te desaf\u00eda\u201d - LA VOZ DE LA GENTE\" \/>\n\t\t<meta name=\"twitter:description\" content=\"Con la participaci\u00f3n de autoridades provinciales, representantes de las universidades y organismos cient\u00edficos y tecnol\u00f3gicos, se realiz\u00f3 este viernes en la sede del Nodo Tecnol\u00f3gico la apertura del 10\u00b0 Rally de Innovaci\u00f3n \u201cSantiago te desaf\u00eda\u201d, una propuesta que busca fortalecer las capacidades de los j\u00f3venes para abordar problem\u00e1ticas locales mediante el trabajo interdisciplinario y la\" \/>\n\t\t<script type=\"application\/ld+json\" class=\"aioseo-schema\">\n\t\t\t{\"@context\":\"https:\\\/\\\/schema.org\",\"@graph\":[{\"@type\":\"BlogPosting\",\"@id\":\"https:\\\/\\\/lavozdelagente.com.ar\\\/index\\\/2026\\\/08\\\/28\\\/comenzo-la-decima-edicion-del-rally-de-innovacion-santiago-te-desafia\\\/#blogposting\",\"name\":\"Comenz\\u00f3 la d\\u00e9cima edici\\u00f3n del rally de innovaci\\u00f3n \\u201cSantiago te desaf\\u00eda\\u201d - LA VOZ DE LA GENTE\",\"headline\":\"Comenz\\u00f3 la d\\u00e9cima edici\\u00f3n del rally de innovaci\\u00f3n \\u201cSantiago te desaf\\u00eda\\u201d\",\"author\":{\"@id\":\"https:\\\/\\\/lavozdelagente.com.ar\\\/index\\\/author\\\/rober\\\/#author\"},\"publisher\":{\"@id\":\"https:\\\/\\\/lavozdelagente.com.ar\\\/index\\\/#person\"},\"image\":{\"@type\":\"ImageObject\",\"url\":\"https:\\\/\\\/lavozdelagente.com.ar\\\/wp-content\\\/uploads\\\/2026\\\/08\\\/rally.jpeg\",\"width\":1200,\"height\":800},\"datePublished\":\"2026-08-28T15:04:23+00:00\",\"dateModified\":\"2026-08-28T15:04:23+00:00\",\"inLanguage\":\"es-ES\",\"mainEntityOfPage\":{\"@id\":\"https:\\\/\\\/lavozdelagente.com.ar\\\/index\\\/2026\\\/08\\\/28\\\/comenzo-la-decima-edicion-del-rally-de-innovacion-santiago-te-desafia\\\/#webpage\"},\"isPartOf\":{\"@id\":\"https:\\\/\\\/lavozdelagente.com.ar\\\/index\\\/2026\\\/08\\\/28\\\/comenzo-la-decima-edicion-del-rally-de-innovacion-santiago-te-desafia\\\/#webpage\"},\"articleSection\":\"Santiago\"},{\"@type\":\"BreadcrumbList\",\"@id\":\"https:\\\/\\\/lavozdelagente.com.ar\\\/index\\\/2026\\\/08\\\/28\\\/comenzo-la-decima-edicion-del-rally-de-innovacion-santiago-te-desafia\\\/#breadcrumblist\",\"itemListElement\":[{\"@type\":\"ListItem\",\"@id\":\"https:\\\/\\\/lavozdelagente.com.ar\\\/index#listItem\",\"position\":1,\"name\":\"Home\",\"item\":\"https:\\\/\\\/lavozdelagente.com.ar\\\/index\",\"nextItem\":{\"@type\":\"ListItem\",\"@id\":\"https:\\\/\\\/lavozdelagente.com.ar\\\/index\\\/category\\\/santiago\\\/#listItem\",\"name\":\"Santiago\"}},{\"@type\":\"ListItem\",\"@id\":\"https:\\\/\\\/lavozdelagente.com.ar\\\/index\\\/category\\\/santiago\\\/#listItem\",\"position\":2,\"name\":\"Santiago\",\"item\":\"https:\\\/\\\/lavozdelagente.com.ar\\\/index\\\/category\\\/santiago\\\/\",\"nextItem\":{\"@type\":\"ListItem\",\"@id\":\"https:\\\/\\\/lavozdelagente.com.ar\\\/index\\\/2026\\\/08\\\/28\\\/comenzo-la-decima-edicion-del-rally-de-innovacion-santiago-te-desafia\\\/#listItem\",\"name\":\"Comenz\\u00f3 la d\\u00e9cima edici\\u00f3n del rally de innovaci\\u00f3n \\u201cSantiago te desaf\\u00eda\\u201d\"},\"previousItem\":{\"@type\":\"ListItem\",\"@id\":\"https:\\\/\\\/lavozdelagente.com.ar\\\/index#listItem\",\"name\":\"Home\"}},{\"@type\":\"ListItem\",\"@id\":\"https:\\\/\\\/lavozdelagente.com.ar\\\/index\\\/2026\\\/08\\\/28\\\/comenzo-la-decima-edicion-del-rally-de-innovacion-santiago-te-desafia\\\/#listItem\",\"position\":3,\"name\":\"Comenz\\u00f3 la d\\u00e9cima edici\\u00f3n del rally de innovaci\\u00f3n \\u201cSantiago te desaf\\u00eda\\u201d\",\"previousItem\":{\"@type\":\"ListItem\",\"@id\":\"https:\\\/\\\/lavozdelagente.com.ar\\\/index\\\/category\\\/santiago\\\/#listItem\",\"name\":\"Santiago\"}}]},{\"@type\":\"Person\",\"@id\":\"https:\\\/\\\/lavozdelagente.com.ar\\\/index\\\/author\\\/rober\\\/#author\",\"url\":\"https:\\\/\\\/lavozdelagente.com.ar\\\/index\\\/author\\\/rober\\\/\",\"name\":\"rober\",\"image\":{\"@type\":\"ImageObject\",\"@id\":\"https:\\\/\\\/lavozdelagente.com.ar\\\/index\\\/2026\\\/08\\\/28\\\/comenzo-la-decima-edicion-del-rally-de-innovacion-santiago-te-desafia\\\/#authorImage\",\"url\":\"https:\\\/\\\/secure.gravatar.com\\\/avatar\\\/901a62cd098b11a08c5fe38d2de0f8ad6b745f5d4f6413ad71e1630ac07766e0?s=96&d=mm&r=g\",\"width\":96,\"height\":96,\"caption\":\"rober\"}},{\"@type\":\"WebPage\",\"@id\":\"https:\\\/\\\/lavozdelagente.com.ar\\\/index\\\/2026\\\/08\\\/28\\\/comenzo-la-decima-edicion-del-rally-de-innovacion-santiago-te-desafia\\\/#webpage\",\"url\":\"https:\\\/\\\/lavozdelagente.com.ar\\\/index\\\/2026\\\/08\\\/28\\\/comenzo-la-decima-edicion-del-rally-de-innovacion-santiago-te-desafia\\\/\",\"name\":\"Comenz\\u00f3 la d\\u00e9cima edici\\u00f3n del rally de innovaci\\u00f3n \\u201cSantiago te desaf\\u00eda\\u201d - LA VOZ DE LA GENTE\",\"description\":\"Con la participaci\\u00f3n de autoridades provinciales, representantes de las universidades y organismos cient\\u00edficos y tecnol\\u00f3gicos, se realiz\\u00f3 este viernes en la sede del Nodo Tecnol\\u00f3gico la apertura del 10\\u00b0 Rally de Innovaci\\u00f3n \\u201cSantiago te desaf\\u00eda\\u201d, una propuesta que busca fortalecer las capacidades de los j\\u00f3venes para abordar problem\\u00e1ticas locales mediante el trabajo interdisciplinario y la\",\"inLanguage\":\"es-ES\",\"isPartOf\":{\"@id\":\"https:\\\/\\\/lavozdelagente.com.ar\\\/index\\\/#website\"},\"breadcrumb\":{\"@id\":\"https:\\\/\\\/lavozdelagente.com.ar\\\/index\\\/2026\\\/08\\\/28\\\/comenzo-la-decima-edicion-del-rally-de-innovacion-santiago-te-desafia\\\/#breadcrumblist\"},\"author\":{\"@id\":\"https:\\\/\\\/lavozdelagente.com.ar\\\/index\\\/author\\\/rober\\\/#author\"},\"creator\":{\"@id\":\"https:\\\/\\\/lavozdelagente.com.ar\\\/index\\\/author\\\/rober\\\/#author\"},\"image\":{\"@type\":\"ImageObject\",\"url\":\"https:\\\/\\\/lavozdelagente.com.ar\\\/wp-content\\\/uploads\\\/2026\\\/08\\\/rally.jpeg\",\"@id\":\"https:\\\/\\\/lavozdelagente.com.ar\\\/index\\\/2026\\\/08\\\/28\\\/comenzo-la-decima-edicion-del-rally-de-innovacion-santiago-te-desafia\\\/#mainImage\",\"width\":1200,\"height\":800},\"primaryImageOfPage\":{\"@id\":\"https:\\\/\\\/lavozdelagente.com.ar\\\/index\\\/2026\\\/08\\\/28\\\/comenzo-la-decima-edicion-del-rally-de-innovacion-santiago-te-desafia\\\/#mainImage\"},\"datePublished\":\"2026-08-28T15:04:23+00:00\",\"dateModified\":\"2026-08-28T15:04:23+00:00\"},{\"@type\":\"WebSite\",\"@id\":\"https:\\\/\\\/lavozdelagente.com.ar\\\/index\\\/#website\",\"url\":\"https:\\\/\\\/lavozdelagente.com.ar\\\/index\\\/\",\"name\":\"LA VOZ DE LA GENTE\",\"description\":\"SDE\",\"inLanguage\":\"es-ES\",\"publisher\":{\"@id\":\"https:\\\/\\\/lavozdelagente.com.ar\\\/index\\\/#person\"}}]}\n\t\t<\/script>\n\t\t<!-- All in One SEO -->\n\n","aioseo_head_json":{"title":"Comenz\u00f3 la d\u00e9cima edici\u00f3n del rally de innovaci\u00f3n \u201cSantiago te desaf\u00eda\u201d - LA VOZ DE LA GENTE","description":"Con la participaci\u00f3n de autoridades provinciales, representantes de las universidades y organismos cient\u00edficos y tecnol\u00f3gicos, se realiz\u00f3 este viernes en la sede del Nodo Tecnol\u00f3gico la apertura del 10\u00b0 Rally de Innovaci\u00f3n \u201cSantiago te desaf\u00eda\u201d, una propuesta que busca fortalecer las capacidades de los j\u00f3venes para abordar problem\u00e1ticas locales mediante el trabajo interdisciplinario y la","canonical_url":"https:\/\/lavozdelagente.com.ar\/index\/2026\/08\/28\/comenzo-la-decima-edicion-del-rally-de-innovacion-santiago-te-desafia\/","robots":"max-image-preview:large","keywords":"","webmasterTools":{"google-site-verification":"dJHDh1fUzR1o-UwpFfn1JyiF-0R1LCNFZReSb-gbgcE","miscellaneous":""},"schema":{"@context":"https:\/\/schema.org","@graph":[{"@type":"BlogPosting","@id":"https:\/\/lavozdelagente.com.ar\/index\/2026\/08\/28\/comenzo-la-decima-edicion-del-rally-de-innovacion-santiago-te-desafia\/#blogposting","name":"Comenz\u00f3 la d\u00e9cima edici\u00f3n del rally de innovaci\u00f3n \u201cSantiago te desaf\u00eda\u201d - LA VOZ DE LA GENTE","headline":"Comenz\u00f3 la d\u00e9cima edici\u00f3n del rally de innovaci\u00f3n \u201cSantiago te desaf\u00eda\u201d","author":{"@id":"https:\/\/lavozdelagente.com.ar\/index\/author\/rober\/#author"},"publisher":{"@id":"https:\/\/lavozdelagente.com.ar\/index\/#person"},"image":{"@type":"ImageObject","url":"https:\/\/lavozdelagente.com.ar\/wp-content\/uploads\/2026\/08\/rally.jpeg","width":1200,"height":800},"datePublished":"2026-08-28T15:04:23+00:00","dateModified":"2026-08-28T15:04:23+00:00","inLanguage":"es-ES","mainEntityOfPage":{"@id":"https:\/\/lavozdelagente.com.ar\/index\/2026\/08\/28\/comenzo-la-decima-edicion-del-rally-de-innovacion-santiago-te-desafia\/#webpage"},"isPartOf":{"@id":"https:\/\/lavozdelagente.com.ar\/index\/2026\/08\/28\/comenzo-la-decima-edicion-del-rally-de-innovacion-santiago-te-desafia\/#webpage"},"articleSection":"Santiago"},{"@type":"BreadcrumbList","@id":"https:\/\/lavozdelagente.com.ar\/index\/2026\/08\/28\/comenzo-la-decima-edicion-del-rally-de-innovacion-santiago-te-desafia\/#breadcrumblist","itemListElement":[{"@type":"ListItem","@id":"https:\/\/lavozdelagente.com.ar\/index#listItem","position":1,"name":"Home","item":"https:\/\/lavozdelagente.com.ar\/index","nextItem":{"@type":"ListItem","@id":"https:\/\/lavozdelagente.com.ar\/index\/category\/santiago\/#listItem","name":"Santiago"}},{"@type":"ListItem","@id":"https:\/\/lavozdelagente.com.ar\/index\/category\/santiago\/#listItem","position":2,"name":"Santiago","item":"https:\/\/lavozdelagente.com.ar\/index\/category\/santiago\/","nextItem":{"@type":"ListItem","@id":"https:\/\/lavozdelagente.com.ar\/index\/2026\/08\/28\/comenzo-la-decima-edicion-del-rally-de-innovacion-santiago-te-desafia\/#listItem","name":"Comenz\u00f3 la d\u00e9cima edici\u00f3n del rally de innovaci\u00f3n \u201cSantiago te desaf\u00eda\u201d"},"previousItem":{"@type":"ListItem","@id":"https:\/\/lavozdelagente.com.ar\/index#listItem","name":"Home"}},{"@type":"ListItem","@id":"https:\/\/lavozdelagente.com.ar\/index\/2026\/08\/28\/comenzo-la-decima-edicion-del-rally-de-innovacion-santiago-te-desafia\/#listItem","position":3,"name":"Comenz\u00f3 la d\u00e9cima edici\u00f3n del rally de innovaci\u00f3n \u201cSantiago te desaf\u00eda\u201d","previousItem":{"@type":"ListItem","@id":"https:\/\/lavozdelagente.com.ar\/index\/category\/santiago\/#listItem","name":"Santiago"}}]},{"@type":"Person","@id":"https:\/\/lavozdelagente.com.ar\/index\/author\/rober\/#author","url":"https:\/\/lavozdelagente.com.ar\/index\/author\/rober\/","name":"rober","image":{"@type":"ImageObject","@id":"https:\/\/lavozdelagente.com.ar\/index\/2026\/08\/28\/comenzo-la-decima-edicion-del-rally-de-innovacion-santiago-te-desafia\/#authorImage","url":"https:\/\/secure.gravatar.com\/avatar\/901a62cd098b11a08c5fe38d2de0f8ad6b745f5d4f6413ad71e1630ac07766e0?s=96&d=mm&r=g","width":96,"height":96,"caption":"rober"}},{"@type":"WebPage","@id":"https:\/\/lavozdelagente.com.ar\/index\/2026\/08\/28\/comenzo-la-decima-edicion-del-rally-de-innovacion-santiago-te-desafia\/#webpage","url":"https:\/\/lavozdelagente.com.ar\/index\/2026\/08\/28\/comenzo-la-decima-edicion-del-rally-de-innovacion-santiago-te-desafia\/","name":"Comenz\u00f3 la d\u00e9cima edici\u00f3n del rally de innovaci\u00f3n \u201cSantiago te desaf\u00eda\u201d - LA VOZ DE LA GENTE","description":"Con la participaci\u00f3n de autoridades provinciales, representantes de las universidades y organismos cient\u00edficos y tecnol\u00f3gicos, se realiz\u00f3 este viernes en la sede del Nodo Tecnol\u00f3gico la apertura del 10\u00b0 Rally de Innovaci\u00f3n \u201cSantiago te desaf\u00eda\u201d, una propuesta que busca fortalecer las capacidades de los j\u00f3venes para abordar problem\u00e1ticas locales mediante el trabajo interdisciplinario y la","inLanguage":"es-ES","isPartOf":{"@id":"https:\/\/lavozdelagente.com.ar\/index\/#website"},"breadcrumb":{"@id":"https:\/\/lavozdelagente.com.ar\/index\/2026\/08\/28\/comenzo-la-decima-edicion-del-rally-de-innovacion-santiago-te-desafia\/#breadcrumblist"},"author":{"@id":"https:\/\/lavozdelagente.com.ar\/index\/author\/rober\/#author"},"creator":{"@id":"https:\/\/lavozdelagente.com.ar\/index\/author\/rober\/#author"},"image":{"@type":"ImageObject","url":"https:\/\/lavozdelagente.com.ar\/wp-content\/uploads\/2026\/08\/rally.jpeg","@id":"https:\/\/lavozdelagente.com.ar\/index\/2026\/08\/28\/comenzo-la-decima-edicion-del-rally-de-innovacion-santiago-te-desafia\/#mainImage","width":1200,"height":800},"primaryImageOfPage":{"@id":"https:\/\/lavozdelagente.com.ar\/index\/2026\/08\/28\/comenzo-la-decima-edicion-del-rally-de-innovacion-santiago-te-desafia\/#mainImage"},"datePublished":"2026-08-28T15:04:23+00:00","dateModified":"2026-08-28T15:04:23+00:00"},{"@type":"WebSite","@id":"https:\/\/lavozdelagente.com.ar\/index\/#website","url":"https:\/\/lavozdelagente.com.ar\/index\/","name":"LA VOZ DE LA GENTE","description":"SDE","inLanguage":"es-ES","publisher":{"@id":"https:\/\/lavozdelagente.com.ar\/index\/#person"}}]},"og:locale":"es_ES","og:site_name":"LA VOZ DE LA GENTE - SDE","og:type":"article","og:title":"Comenz\u00f3 la d\u00e9cima edici\u00f3n del rally de innovaci\u00f3n \u201cSantiago te desaf\u00eda\u201d - LA VOZ DE LA GENTE","og:description":"Con la participaci\u00f3n de autoridades provinciales, representantes de las universidades y organismos cient\u00edficos y tecnol\u00f3gicos, se realiz\u00f3 este viernes en la sede del Nodo Tecnol\u00f3gico la apertura del 10\u00b0 Rally de Innovaci\u00f3n \u201cSantiago te desaf\u00eda\u201d, una propuesta que busca fortalecer las capacidades de los j\u00f3venes para abordar problem\u00e1ticas locales mediante el trabajo interdisciplinario y la","og:url":"https:\/\/lavozdelagente.com.ar\/index\/2026\/08\/28\/comenzo-la-decima-edicion-del-rally-de-innovacion-santiago-te-desafia\/","article:published_time":"2026-08-28T15:04:23+00:00","article:modified_time":"2026-08-28T15:04:23+00:00","twitter:card":"summary_large_image","twitter:title":"Comenz\u00f3 la d\u00e9cima edici\u00f3n del rally de innovaci\u00f3n \u201cSantiago te desaf\u00eda\u201d - LA VOZ DE LA GENTE","twitter:description":"Con la participaci\u00f3n de autoridades provinciales, representantes de las universidades y organismos cient\u00edficos y tecnol\u00f3gicos, se realiz\u00f3 este viernes en la sede del Nodo Tecnol\u00f3gico la apertura del 10\u00b0 Rally de Innovaci\u00f3n \u201cSantiago te desaf\u00eda\u201d, una propuesta que busca fortalecer las capacidades de los j\u00f3venes para abordar problem\u00e1ticas locales mediante el trabajo interdisciplinario y la"},"aioseo_meta_data":{"post_id":"3597","title":null,"description":null,"keywords":null,"keyphrases":{"focus":{"keyphrase":"","score":0,"analysis":{"keyphraseInTitle":{"score":0,"maxScore":9,"error":1}}},"additional":[]},"primary_term":null,"canonical_url":null,"og_title":null,"og_description":null,"og_object_type":"default","og_image_type":"default","og_image_url":null,"og_image_width":null,"og_image_height":null,"og_image_custom_url":null,"og_image_custom_fields":null,"og_video":"","og_custom_url":null,"og_article_section":null,"og_article_tags":null,"twitter_use_og":false,"twitter_card":"default","twitter_image_type":"default","twitter_image_url":null,"twitter_image_custom_url":null,"twitter_image_custom_fields":null,"twitter_title":null,"twitter_description":null,"schema":{"blockGraphs":[],"customGraphs":[],"default":{"data":{"Article":[],"Course":[],"Dataset":[],"FAQPage":[],"Movie":[],"Person":[],"Product":[],"ProductReview":[],"Car":[],"Recipe":[],"Service":[],"SoftwareApplication":[],"WebPage":[]},"graphName":"BlogPosting","isEnabled":true},"graphs":[]},"schema_type":"default","schema_type_options":null,"pillar_content":false,"robots_default":true,"robots_noindex":false,"robots_noarchive":false,"robots_nosnippet":false,"robots_nofollow":false,"robots_noimageindex":false,"robots_noodp":false,"robots_notranslate":false,"robots_max_snippet":"-1","robots_max_videopreview":"-1","robots_max_imagepreview":"large","priority":null,"frequency":"default","local_seo":null,"breadcrumb_settings":null,"limit_modified_date":false,"ai":{"faqs":[],"keyPoints":[],"schemas":[],"titles":[],"descriptions":[],"socialPosts":{"email":{"subject":"","preview":"","content":""},"linkedin":[],"twitter":[],"facebook":[],"instagram":[]}},"created":"2026-08-28 15:04:23","updated":"2026-08-28 15:04:28","seo_analyzer_scan_date":null,"focus_keyword":null,"additional_keywords":null,"truseo_locale":null},"aioseo_breadcrumb":"<div class=\"aioseo-breadcrumbs\"><span class=\"aioseo-breadcrumb\">\n\t\t\t<a href=\"https:\/\/lavozdelagente.com.ar\/index\" title=\"Home\">Home<\/a>\n\t\t<\/span><span class=\"aioseo-breadcrumb-separator\">&raquo;<\/span><span class=\"aioseo-breadcrumb\">\n\t\t\t<a href=\"https:\/\/lavozdelagente.com.ar\/index\/category\/santiago\/\" title=\"Santiago\">Santiago<\/a>\n\t\t<\/span><span class=\"aioseo-breadcrumb-separator\">&raquo;<\/span><span class=\"aioseo-breadcrumb\">\n\t\t\tComenz\u00f3 la d\u00e9cima edici\u00f3n del rally de innovaci\u00f3n \u201cSantiago te desaf\u00eda\u201d\n\t\t<\/span><\/div>","aioseo_breadcrumb_json":[{"label":"Home","link":"https:\/\/lavozdelagente.com.ar\/index"},{"label":"Santiago","link":"https:\/\/lavozdelagente.com.ar\/index\/category\/santiago\/"},{"label":"Comenz\u00f3 la d\u00e9cima edici\u00f3n del rally de innovaci\u00f3n \u201cSantiago te desaf\u00eda\u201d","link":"https:\/\/lavozdelagente.com.ar\/index\/2026\/08\/28\/comenzo-la-decima-edicion-del-rally-de-innovacion-santiago-te-desafia\/"}],"rttpg_featured_image_url":{"full":["https:\/\/lavozdelagente.com.ar\/wp-content\/uploads\/2026\/08\/rally.jpeg",1200,800,false],"landscape":["https:\/\/lavozdelagente.com.ar\/wp-content\/uploads\/2026\/08\/rally.jpeg",1200,800,false],"portraits":["https:\/\/lavozdelagente.com.ar\/wp-content\/uploads\/2026\/08\/rally.jpeg",1200,800,false],"thumbnail":["https:\/\/lavozdelagente.com.ar\/wp-content\/uploads\/2026\/08\/rally-150x150.jpeg",150,150,true],"medium":["https:\/\/lavozdelagente.com.ar\/wp-content\/uploads\/2026\/08\/rally-300x200.jpeg",300,200,true],"large":["https:\/\/lavozdelagente.com.ar\/wp-content\/uploads\/2026\/08\/rally-1024x683.jpeg",800,534,true],"1536x1536":["https:\/\/lavozdelagente.com.ar\/wp-content\/uploads\/2026\/08\/rally.jpeg",1200,800,false],"2048x2048":["https:\/\/lavozdelagente.com.ar\/wp-content\/uploads\/2026\/08\/rally.jpeg",1200,800,false],"colormag-highlighted-post":["https:\/\/lavozdelagente.com.ar\/wp-content\/uploads\/2026\/08\/rally-392x272.jpeg",392,272,true],"colormag-featured-post-medium":["https:\/\/lavozdelagente.com.ar\/wp-content\/uploads\/2026\/08\/rally-390x205.jpeg",390,205,true],"colormag-featured-post-small":["https:\/\/lavozdelagente.com.ar\/wp-content\/uploads\/2026\/08\/rally-130x90.jpeg",130,90,true],"colormag-featured-image":["https:\/\/lavozdelagente.com.ar\/wp-content\/uploads\/2026\/08\/rally-800x445.jpeg",800,445,true],"colormag-default-news":["https:\/\/lavozdelagente.com.ar\/wp-content\/uploads\/2026\/08\/rally-150x150.jpeg",150,150,true],"colormag-featured-image-large":["https:\/\/lavozdelagente.com.ar\/wp-content\/uploads\/2026\/08\/rally-1200x600.jpeg",1200,600,true]},"rttpg_author":{"display_name":"rober","author_link":"https:\/\/lavozdelagente.com.ar\/index\/author\/rober\/"},"rttpg_comment":0,"rttpg_category":"<a href=\"https:\/\/lavozdelagente.com.ar\/index\/category\/santiago\/\" rel=\"category tag\">Santiago<\/a>","rttpg_excerpt":"Con la participaci\u00f3n de autoridades provinciales, representantes de las universidades y organismos cient\u00edficos y tecnol\u00f3gicos, se realiz\u00f3 este viernes en","_links":{"self":[{"href":"https:\/\/lavozdelagente.com.ar\/index\/wp-json\/wp\/v2\/posts\/3597","targetHints":{"allow":["GET"]}}],"collection":[{"href":"https:\/\/lavozdelagente.com.ar\/index\/wp-json\/wp\/v2\/posts"}],"about":[{"href":"https:\/\/lavozdelagente.com.ar\/index\/wp-json\/wp\/v2\/types\/post"}],"author":[{"embeddable":true,"href":"https:\/\/lavozdelagente.com.ar\/index\/wp-json\/wp\/v2\/users\/2"}],"replies":[{"embeddable":true,"href":"https:\/\/lavozdelagente.com.ar\/index\/wp-json\/wp\/v2\/comments?post=3597"}],"version-history":[{"count":1,"href":"https:\/\/lavozdelagente.com.ar\/index\/wp-json\/wp\/v2\/posts\/3597\/revisions"}],"predecessor-version":[{"id":3599,"href":"https:\/\/lavozdelagente.com.ar\/index\/wp-json\/wp\/v2\/posts\/3597\/revisions\/3599"}],"wp:featuredmedia":[{"embeddable":true,"href":"https:\/\/lavozdelagente.com.ar\/index\/wp-json\/wp\/v2\/media\/3598"}],"wp:attachment":[{"href":"https:\/\/lavozdelagente.com.ar\/index\/wp-json\/wp\/v2\/media?parent=3597"}],"wp:term":[{"taxonomy":"category","embeddable":true,"href":"https:\/\/lavozdelagente.com.ar\/index\/wp-json\/wp\/v2\/categories?post=3597"},{"taxonomy":"post_tag","embeddable":true,"href":"https:\/\/lavozdelagente.com.ar\/index\/wp-json\/wp\/v2\/tags?post=3597"}],"curies":[{"name":"wp","href":"https:\/\/api.w.org\/{rel}","templated":true}]}}