{"id":3603,"date":"2026-08-29T05:57:55","date_gmt":"2026-08-29T05:57:55","guid":{"rendered":"https:\/\/lavozdelagente.com.ar\/index\/?p=3603"},"modified":"2026-08-29T05:57:55","modified_gmt":"2026-08-29T05:57:55","slug":"la-feria-provincial-de-ciencia-y-tecnologia-se-realizara-el-2-y-3-de-septiembre","status":"publish","type":"post","link":"https:\/\/lavozdelagente.com.ar\/index\/2026\/08\/29\/la-feria-provincial-de-ciencia-y-tecnologia-se-realizara-el-2-y-3-de-septiembre\/","title":{"rendered":"La Feria Provincial de Ciencia y Tecnolog\u00eda se realizar\u00e1 el 2 y 3 de septiembre"},"content":{"rendered":"<p>Con gran expectativa se realiz\u00f3 el anuncio de la XXIII Feria Provincial de Ciencia y Tecnolog\u00eda, que se desarrollar\u00e1 los d\u00edas 2 y 3 de septiembre en el Nodo Tecnol\u00f3gico, con la participaci\u00f3n de 250 proyectos de todos los niveles y modalidades del sistema educativo provincial.<\/p>\n<p>El anuncio fue realizado por el secretario de Ciencia y Tecnolog\u00eda, Adri\u00e1n Su\u00e1rez, junto a la coordinadora jurisdiccional de Ferias de Ciencia y Tecnolog\u00eda y directora de Administraci\u00f3n, Mar\u00eda Dell\u2019Aringa; la referente provincial de Ferias, Karina Salvatierra; la referente de Evaluaci\u00f3n, Micaela Ibarra; y la asesora pedag\u00f3gica de Feria de Ciencias, Ileana Villavicencio.<\/p>\n<p>El evento ser\u00e1 con entrada libre y gratuita y se desarrollar\u00e1 bajo la modalidad Steam. La propuesta es organizada por el Programa Ferias de Ciencia y Tecnolog\u00eda, en articulaci\u00f3n con la Organizaci\u00f3n Nacional de Ferias de Ciencias y Tecnolog\u00eda. Busca promover la democratizaci\u00f3n del conocimiento y la alfabetizaci\u00f3n cient\u00edfica, fortaleciendo una cultura innovadora y ciudadana y despertando vocaciones cient\u00edficas.<\/p>\n<p>En esta edici\u00f3n participar\u00e1n 250 proyectos que fueron seleccionados durante las instancias zonales desarrolladas en diferentes puntos de la provincia. Los trabajos reflejan la diversidad de propuestas y problem\u00e1ticas abordadas por estudiantes y docentes a lo largo del a\u00f1o, con investigaciones vinculadas a Ciencias Sociales, Ciencias Naturales, Matem\u00e1tica, Historia, Arte, Tecnolog\u00eda y Cultura de Santiago del Estero, entre otras \u00e1reas.<\/p>\n<p>Para acompa\u00f1ar esta instancia fueron convocados 130 docentes y especialistas que se desempe\u00f1ar\u00e1n como evaluadores de los proyectos de indagaci\u00f3n escolar, quienes recibieron capacitaci\u00f3n espec\u00edfica para desarrollar esta tarea.<\/p>\n<p>Las Ferias de Ciencia y Tecnolog\u00eda se consolidaron en Santiago del Estero como un evento insignia de la comunidad educativa, con identidad propia y una participaci\u00f3n que a\u00f1o tras a\u00f1o pone en valor el trabajo realizado en las instituciones de toda la provincia.<\/p>\n<p>La comunidad educativa y el p\u00fablico en general podr\u00e1n acercarse al predio ferial del Nodo Tecnol\u00f3gico para conocer los proyectos y experiencias desarrollados por estudiantes y docentes de toda la provincia durante los d\u00edas mi\u00e9rcoles 2 de septiembre de 14 a 16 y jueves 3 de 9 a 12. Se podr\u00e1 obtener m\u00e1s informaci\u00f3n a trav\u00e9s de la direcci\u00f3n de correo digital escuelasenferiasde@gmail.com.<\/p>\n","protected":false},"excerpt":{"rendered":"<p>Con gran expectativa se realiz\u00f3 el anuncio de la XXIII Feria Provincial de Ciencia y Tecnolog\u00eda, que se desarrollar\u00e1 los<\/p>\n","protected":false},"author":2,"featured_media":3604,"comment_status":"open","ping_status":"open","sticky":false,"template":"","format":"standard","meta":{"colormag_page_container_layout":"default_layout","colormag_page_sidebar_layout":"default_layout","om_disable_all_campaigns":false,"_monsterinsights_skip_tracking":false,"footnotes":""},"categories":[2],"tags":[],"class_list":["post-3603","post","type-post","status-publish","format-standard","has-post-thumbnail","hentry","category-santiago"],"aioseo_notices":[],"aioseo_head":"\n\t\t<!-- All in One SEO 5.0.1.1 - aioseo.com -->\n\t<meta name=\"description\" content=\"Con gran expectativa se realiz\u00f3 el anuncio de la XXIII Feria Provincial de Ciencia y Tecnolog\u00eda, que se desarrollar\u00e1 los d\u00edas 2 y 3 de septiembre en el Nodo Tecnol\u00f3gico, con la participaci\u00f3n de 250 proyectos de todos los niveles y modalidades del sistema educativo provincial. El anuncio fue realizado por el secretario de Ciencia\" \/>\n\t<meta name=\"robots\" content=\"max-image-preview:large\" \/>\n\t<meta name=\"author\" content=\"rober\"\/>\n\t<meta name=\"google-site-verification\" content=\"dJHDh1fUzR1o-UwpFfn1JyiF-0R1LCNFZReSb-gbgcE\" \/>\n\t<link rel=\"canonical\" href=\"https:\/\/lavozdelagente.com.ar\/index\/2026\/08\/29\/la-feria-provincial-de-ciencia-y-tecnologia-se-realizara-el-2-y-3-de-septiembre\/\" \/>\n\t<meta name=\"generator\" content=\"All in One SEO (AIOSEO) 5.0.1.1\" \/>\n\t\t<meta property=\"og:locale\" content=\"es_ES\" \/>\n\t\t<meta property=\"og:site_name\" content=\"LA VOZ DE LA GENTE - SDE\" \/>\n\t\t<meta property=\"og:type\" content=\"article\" \/>\n\t\t<meta property=\"og:title\" content=\"La Feria Provincial de Ciencia y Tecnolog\u00eda se realizar\u00e1 el 2 y 3 de septiembre - LA VOZ DE LA GENTE\" \/>\n\t\t<meta property=\"og:description\" content=\"Con gran expectativa se realiz\u00f3 el anuncio de la XXIII Feria Provincial de Ciencia y Tecnolog\u00eda, que se desarrollar\u00e1 los d\u00edas 2 y 3 de septiembre en el Nodo Tecnol\u00f3gico, con la participaci\u00f3n de 250 proyectos de todos los niveles y modalidades del sistema educativo provincial. El anuncio fue realizado por el secretario de Ciencia\" \/>\n\t\t<meta property=\"og:url\" content=\"https:\/\/lavozdelagente.com.ar\/index\/2026\/08\/29\/la-feria-provincial-de-ciencia-y-tecnologia-se-realizara-el-2-y-3-de-septiembre\/\" \/>\n\t\t<meta property=\"article:published_time\" content=\"2026-08-29T05:57:55+00:00\" \/>\n\t\t<meta property=\"article:modified_time\" content=\"2026-08-29T05:57:55+00:00\" \/>\n\t\t<meta name=\"twitter:card\" content=\"summary_large_image\" \/>\n\t\t<meta name=\"twitter:title\" content=\"La Feria Provincial de Ciencia y Tecnolog\u00eda se realizar\u00e1 el 2 y 3 de septiembre - LA VOZ DE LA GENTE\" \/>\n\t\t<meta name=\"twitter:description\" content=\"Con gran expectativa se realiz\u00f3 el anuncio de la XXIII Feria Provincial de Ciencia y Tecnolog\u00eda, que se desarrollar\u00e1 los d\u00edas 2 y 3 de septiembre en el Nodo Tecnol\u00f3gico, con la participaci\u00f3n de 250 proyectos de todos los niveles y modalidades del sistema educativo provincial. El anuncio fue realizado por el secretario de Ciencia\" \/>\n\t\t<script type=\"application\/ld+json\" class=\"aioseo-schema\">\n\t\t\t{\"@context\":\"https:\\\/\\\/schema.org\",\"@graph\":[{\"@type\":\"BlogPosting\",\"@id\":\"https:\\\/\\\/lavozdelagente.com.ar\\\/index\\\/2026\\\/08\\\/29\\\/la-feria-provincial-de-ciencia-y-tecnologia-se-realizara-el-2-y-3-de-septiembre\\\/#blogposting\",\"name\":\"La Feria Provincial de Ciencia y Tecnolog\\u00eda se realizar\\u00e1 el 2 y 3 de septiembre - LA VOZ DE LA GENTE\",\"headline\":\"La Feria Provincial de Ciencia y Tecnolog\\u00eda se realizar\\u00e1 el 2 y 3 de septiembre\",\"author\":{\"@id\":\"https:\\\/\\\/lavozdelagente.com.ar\\\/index\\\/author\\\/rober\\\/#author\"},\"publisher\":{\"@id\":\"https:\\\/\\\/lavozdelagente.com.ar\\\/index\\\/#person\"},\"image\":{\"@type\":\"ImageObject\",\"url\":\"https:\\\/\\\/lavozdelagente.com.ar\\\/wp-content\\\/uploads\\\/2026\\\/08\\\/feriaciencia-768x525-1.jpeg\",\"width\":768,\"height\":525},\"datePublished\":\"2026-08-29T05:57:55+00:00\",\"dateModified\":\"2026-08-29T05:57:55+00:00\",\"inLanguage\":\"es-ES\",\"mainEntityOfPage\":{\"@id\":\"https:\\\/\\\/lavozdelagente.com.ar\\\/index\\\/2026\\\/08\\\/29\\\/la-feria-provincial-de-ciencia-y-tecnologia-se-realizara-el-2-y-3-de-septiembre\\\/#webpage\"},\"isPartOf\":{\"@id\":\"https:\\\/\\\/lavozdelagente.com.ar\\\/index\\\/2026\\\/08\\\/29\\\/la-feria-provincial-de-ciencia-y-tecnologia-se-realizara-el-2-y-3-de-septiembre\\\/#webpage\"},\"articleSection\":\"Santiago\"},{\"@type\":\"BreadcrumbList\",\"@id\":\"https:\\\/\\\/lavozdelagente.com.ar\\\/index\\\/2026\\\/08\\\/29\\\/la-feria-provincial-de-ciencia-y-tecnologia-se-realizara-el-2-y-3-de-septiembre\\\/#breadcrumblist\",\"itemListElement\":[{\"@type\":\"ListItem\",\"@id\":\"https:\\\/\\\/lavozdelagente.com.ar\\\/index#listItem\",\"position\":1,\"name\":\"Home\",\"item\":\"https:\\\/\\\/lavozdelagente.com.ar\\\/index\",\"nextItem\":{\"@type\":\"ListItem\",\"@id\":\"https:\\\/\\\/lavozdelagente.com.ar\\\/index\\\/category\\\/santiago\\\/#listItem\",\"name\":\"Santiago\"}},{\"@type\":\"ListItem\",\"@id\":\"https:\\\/\\\/lavozdelagente.com.ar\\\/index\\\/category\\\/santiago\\\/#listItem\",\"position\":2,\"name\":\"Santiago\",\"item\":\"https:\\\/\\\/lavozdelagente.com.ar\\\/index\\\/category\\\/santiago\\\/\",\"nextItem\":{\"@type\":\"ListItem\",\"@id\":\"https:\\\/\\\/lavozdelagente.com.ar\\\/index\\\/2026\\\/08\\\/29\\\/la-feria-provincial-de-ciencia-y-tecnologia-se-realizara-el-2-y-3-de-septiembre\\\/#listItem\",\"name\":\"La Feria Provincial de Ciencia y Tecnolog\\u00eda se realizar\\u00e1 el 2 y 3 de septiembre\"},\"previousItem\":{\"@type\":\"ListItem\",\"@id\":\"https:\\\/\\\/lavozdelagente.com.ar\\\/index#listItem\",\"name\":\"Home\"}},{\"@type\":\"ListItem\",\"@id\":\"https:\\\/\\\/lavozdelagente.com.ar\\\/index\\\/2026\\\/08\\\/29\\\/la-feria-provincial-de-ciencia-y-tecnologia-se-realizara-el-2-y-3-de-septiembre\\\/#listItem\",\"position\":3,\"name\":\"La Feria Provincial de Ciencia y Tecnolog\\u00eda se realizar\\u00e1 el 2 y 3 de septiembre\",\"previousItem\":{\"@type\":\"ListItem\",\"@id\":\"https:\\\/\\\/lavozdelagente.com.ar\\\/index\\\/category\\\/santiago\\\/#listItem\",\"name\":\"Santiago\"}}]},{\"@type\":\"Person\",\"@id\":\"https:\\\/\\\/lavozdelagente.com.ar\\\/index\\\/author\\\/rober\\\/#author\",\"url\":\"https:\\\/\\\/lavozdelagente.com.ar\\\/index\\\/author\\\/rober\\\/\",\"name\":\"rober\",\"image\":{\"@type\":\"ImageObject\",\"@id\":\"https:\\\/\\\/lavozdelagente.com.ar\\\/index\\\/2026\\\/08\\\/29\\\/la-feria-provincial-de-ciencia-y-tecnologia-se-realizara-el-2-y-3-de-septiembre\\\/#authorImage\",\"url\":\"https:\\\/\\\/secure.gravatar.com\\\/avatar\\\/901a62cd098b11a08c5fe38d2de0f8ad6b745f5d4f6413ad71e1630ac07766e0?s=96&d=mm&r=g\",\"width\":96,\"height\":96,\"caption\":\"rober\"}},{\"@type\":\"WebPage\",\"@id\":\"https:\\\/\\\/lavozdelagente.com.ar\\\/index\\\/2026\\\/08\\\/29\\\/la-feria-provincial-de-ciencia-y-tecnologia-se-realizara-el-2-y-3-de-septiembre\\\/#webpage\",\"url\":\"https:\\\/\\\/lavozdelagente.com.ar\\\/index\\\/2026\\\/08\\\/29\\\/la-feria-provincial-de-ciencia-y-tecnologia-se-realizara-el-2-y-3-de-septiembre\\\/\",\"name\":\"La Feria Provincial de Ciencia y Tecnolog\\u00eda se realizar\\u00e1 el 2 y 3 de septiembre - LA VOZ DE LA GENTE\",\"description\":\"Con gran expectativa se realiz\\u00f3 el anuncio de la XXIII Feria Provincial de Ciencia y Tecnolog\\u00eda, que se desarrollar\\u00e1 los d\\u00edas 2 y 3 de septiembre en el Nodo Tecnol\\u00f3gico, con la participaci\\u00f3n de 250 proyectos de todos los niveles y modalidades del sistema educativo provincial. El anuncio fue realizado por el secretario de Ciencia\",\"inLanguage\":\"es-ES\",\"isPartOf\":{\"@id\":\"https:\\\/\\\/lavozdelagente.com.ar\\\/index\\\/#website\"},\"breadcrumb\":{\"@id\":\"https:\\\/\\\/lavozdelagente.com.ar\\\/index\\\/2026\\\/08\\\/29\\\/la-feria-provincial-de-ciencia-y-tecnologia-se-realizara-el-2-y-3-de-septiembre\\\/#breadcrumblist\"},\"author\":{\"@id\":\"https:\\\/\\\/lavozdelagente.com.ar\\\/index\\\/author\\\/rober\\\/#author\"},\"creator\":{\"@id\":\"https:\\\/\\\/lavozdelagente.com.ar\\\/index\\\/author\\\/rober\\\/#author\"},\"image\":{\"@type\":\"ImageObject\",\"url\":\"https:\\\/\\\/lavozdelagente.com.ar\\\/wp-content\\\/uploads\\\/2026\\\/08\\\/feriaciencia-768x525-1.jpeg\",\"@id\":\"https:\\\/\\\/lavozdelagente.com.ar\\\/index\\\/2026\\\/08\\\/29\\\/la-feria-provincial-de-ciencia-y-tecnologia-se-realizara-el-2-y-3-de-septiembre\\\/#mainImage\",\"width\":768,\"height\":525},\"primaryImageOfPage\":{\"@id\":\"https:\\\/\\\/lavozdelagente.com.ar\\\/index\\\/2026\\\/08\\\/29\\\/la-feria-provincial-de-ciencia-y-tecnologia-se-realizara-el-2-y-3-de-septiembre\\\/#mainImage\"},\"datePublished\":\"2026-08-29T05:57:55+00:00\",\"dateModified\":\"2026-08-29T05:57:55+00:00\"},{\"@type\":\"WebSite\",\"@id\":\"https:\\\/\\\/lavozdelagente.com.ar\\\/index\\\/#website\",\"url\":\"https:\\\/\\\/lavozdelagente.com.ar\\\/index\\\/\",\"name\":\"LA VOZ DE LA GENTE\",\"description\":\"SDE\",\"inLanguage\":\"es-ES\",\"publisher\":{\"@id\":\"https:\\\/\\\/lavozdelagente.com.ar\\\/index\\\/#person\"}}]}\n\t\t<\/script>\n\t\t<!-- All in One SEO -->\n\n","aioseo_head_json":{"title":"La Feria Provincial de Ciencia y Tecnolog\u00eda se realizar\u00e1 el 2 y 3 de septiembre - LA VOZ DE LA GENTE","description":"Con gran expectativa se realiz\u00f3 el anuncio de la XXIII Feria Provincial de Ciencia y Tecnolog\u00eda, que se desarrollar\u00e1 los d\u00edas 2 y 3 de septiembre en el Nodo Tecnol\u00f3gico, con la participaci\u00f3n de 250 proyectos de todos los niveles y modalidades del sistema educativo provincial. El anuncio fue realizado por el secretario de Ciencia","canonical_url":"https:\/\/lavozdelagente.com.ar\/index\/2026\/08\/29\/la-feria-provincial-de-ciencia-y-tecnologia-se-realizara-el-2-y-3-de-septiembre\/","robots":"max-image-preview:large","keywords":"","webmasterTools":{"google-site-verification":"dJHDh1fUzR1o-UwpFfn1JyiF-0R1LCNFZReSb-gbgcE","miscellaneous":""},"schema":{"@context":"https:\/\/schema.org","@graph":[{"@type":"BlogPosting","@id":"https:\/\/lavozdelagente.com.ar\/index\/2026\/08\/29\/la-feria-provincial-de-ciencia-y-tecnologia-se-realizara-el-2-y-3-de-septiembre\/#blogposting","name":"La Feria Provincial de Ciencia y Tecnolog\u00eda se realizar\u00e1 el 2 y 3 de septiembre - LA VOZ DE LA GENTE","headline":"La Feria Provincial de Ciencia y Tecnolog\u00eda se realizar\u00e1 el 2 y 3 de septiembre","author":{"@id":"https:\/\/lavozdelagente.com.ar\/index\/author\/rober\/#author"},"publisher":{"@id":"https:\/\/lavozdelagente.com.ar\/index\/#person"},"image":{"@type":"ImageObject","url":"https:\/\/lavozdelagente.com.ar\/wp-content\/uploads\/2026\/08\/feriaciencia-768x525-1.jpeg","width":768,"height":525},"datePublished":"2026-08-29T05:57:55+00:00","dateModified":"2026-08-29T05:57:55+00:00","inLanguage":"es-ES","mainEntityOfPage":{"@id":"https:\/\/lavozdelagente.com.ar\/index\/2026\/08\/29\/la-feria-provincial-de-ciencia-y-tecnologia-se-realizara-el-2-y-3-de-septiembre\/#webpage"},"isPartOf":{"@id":"https:\/\/lavozdelagente.com.ar\/index\/2026\/08\/29\/la-feria-provincial-de-ciencia-y-tecnologia-se-realizara-el-2-y-3-de-septiembre\/#webpage"},"articleSection":"Santiago"},{"@type":"BreadcrumbList","@id":"https:\/\/lavozdelagente.com.ar\/index\/2026\/08\/29\/la-feria-provincial-de-ciencia-y-tecnologia-se-realizara-el-2-y-3-de-septiembre\/#breadcrumblist","itemListElement":[{"@type":"ListItem","@id":"https:\/\/lavozdelagente.com.ar\/index#listItem","position":1,"name":"Home","item":"https:\/\/lavozdelagente.com.ar\/index","nextItem":{"@type":"ListItem","@id":"https:\/\/lavozdelagente.com.ar\/index\/category\/santiago\/#listItem","name":"Santiago"}},{"@type":"ListItem","@id":"https:\/\/lavozdelagente.com.ar\/index\/category\/santiago\/#listItem","position":2,"name":"Santiago","item":"https:\/\/lavozdelagente.com.ar\/index\/category\/santiago\/","nextItem":{"@type":"ListItem","@id":"https:\/\/lavozdelagente.com.ar\/index\/2026\/08\/29\/la-feria-provincial-de-ciencia-y-tecnologia-se-realizara-el-2-y-3-de-septiembre\/#listItem","name":"La Feria Provincial de Ciencia y Tecnolog\u00eda se realizar\u00e1 el 2 y 3 de septiembre"},"previousItem":{"@type":"ListItem","@id":"https:\/\/lavozdelagente.com.ar\/index#listItem","name":"Home"}},{"@type":"ListItem","@id":"https:\/\/lavozdelagente.com.ar\/index\/2026\/08\/29\/la-feria-provincial-de-ciencia-y-tecnologia-se-realizara-el-2-y-3-de-septiembre\/#listItem","position":3,"name":"La Feria Provincial de Ciencia y Tecnolog\u00eda se realizar\u00e1 el 2 y 3 de septiembre","previousItem":{"@type":"ListItem","@id":"https:\/\/lavozdelagente.com.ar\/index\/category\/santiago\/#listItem","name":"Santiago"}}]},{"@type":"Person","@id":"https:\/\/lavozdelagente.com.ar\/index\/author\/rober\/#author","url":"https:\/\/lavozdelagente.com.ar\/index\/author\/rober\/","name":"rober","image":{"@type":"ImageObject","@id":"https:\/\/lavozdelagente.com.ar\/index\/2026\/08\/29\/la-feria-provincial-de-ciencia-y-tecnologia-se-realizara-el-2-y-3-de-septiembre\/#authorImage","url":"https:\/\/secure.gravatar.com\/avatar\/901a62cd098b11a08c5fe38d2de0f8ad6b745f5d4f6413ad71e1630ac07766e0?s=96&d=mm&r=g","width":96,"height":96,"caption":"rober"}},{"@type":"WebPage","@id":"https:\/\/lavozdelagente.com.ar\/index\/2026\/08\/29\/la-feria-provincial-de-ciencia-y-tecnologia-se-realizara-el-2-y-3-de-septiembre\/#webpage","url":"https:\/\/lavozdelagente.com.ar\/index\/2026\/08\/29\/la-feria-provincial-de-ciencia-y-tecnologia-se-realizara-el-2-y-3-de-septiembre\/","name":"La Feria Provincial de Ciencia y Tecnolog\u00eda se realizar\u00e1 el 2 y 3 de septiembre - LA VOZ DE LA GENTE","description":"Con gran expectativa se realiz\u00f3 el anuncio de la XXIII Feria Provincial de Ciencia y Tecnolog\u00eda, que se desarrollar\u00e1 los d\u00edas 2 y 3 de septiembre en el Nodo Tecnol\u00f3gico, con la participaci\u00f3n de 250 proyectos de todos los niveles y modalidades del sistema educativo provincial. El anuncio fue realizado por el secretario de Ciencia","inLanguage":"es-ES","isPartOf":{"@id":"https:\/\/lavozdelagente.com.ar\/index\/#website"},"breadcrumb":{"@id":"https:\/\/lavozdelagente.com.ar\/index\/2026\/08\/29\/la-feria-provincial-de-ciencia-y-tecnologia-se-realizara-el-2-y-3-de-septiembre\/#breadcrumblist"},"author":{"@id":"https:\/\/lavozdelagente.com.ar\/index\/author\/rober\/#author"},"creator":{"@id":"https:\/\/lavozdelagente.com.ar\/index\/author\/rober\/#author"},"image":{"@type":"ImageObject","url":"https:\/\/lavozdelagente.com.ar\/wp-content\/uploads\/2026\/08\/feriaciencia-768x525-1.jpeg","@id":"https:\/\/lavozdelagente.com.ar\/index\/2026\/08\/29\/la-feria-provincial-de-ciencia-y-tecnologia-se-realizara-el-2-y-3-de-septiembre\/#mainImage","width":768,"height":525},"primaryImageOfPage":{"@id":"https:\/\/lavozdelagente.com.ar\/index\/2026\/08\/29\/la-feria-provincial-de-ciencia-y-tecnologia-se-realizara-el-2-y-3-de-septiembre\/#mainImage"},"datePublished":"2026-08-29T05:57:55+00:00","dateModified":"2026-08-29T05:57:55+00:00"},{"@type":"WebSite","@id":"https:\/\/lavozdelagente.com.ar\/index\/#website","url":"https:\/\/lavozdelagente.com.ar\/index\/","name":"LA VOZ DE LA GENTE","description":"SDE","inLanguage":"es-ES","publisher":{"@id":"https:\/\/lavozdelagente.com.ar\/index\/#person"}}]},"og:locale":"es_ES","og:site_name":"LA VOZ DE LA GENTE - SDE","og:type":"article","og:title":"La Feria Provincial de Ciencia y Tecnolog\u00eda se realizar\u00e1 el 2 y 3 de septiembre - LA VOZ DE LA GENTE","og:description":"Con gran expectativa se realiz\u00f3 el anuncio de la XXIII Feria Provincial de Ciencia y Tecnolog\u00eda, que se desarrollar\u00e1 los d\u00edas 2 y 3 de septiembre en el Nodo Tecnol\u00f3gico, con la participaci\u00f3n de 250 proyectos de todos los niveles y modalidades del sistema educativo provincial. El anuncio fue realizado por el secretario de Ciencia","og:url":"https:\/\/lavozdelagente.com.ar\/index\/2026\/08\/29\/la-feria-provincial-de-ciencia-y-tecnologia-se-realizara-el-2-y-3-de-septiembre\/","article:published_time":"2026-08-29T05:57:55+00:00","article:modified_time":"2026-08-29T05:57:55+00:00","twitter:card":"summary_large_image","twitter:title":"La Feria Provincial de Ciencia y Tecnolog\u00eda se realizar\u00e1 el 2 y 3 de septiembre - LA VOZ DE LA GENTE","twitter:description":"Con gran expectativa se realiz\u00f3 el anuncio de la XXIII Feria Provincial de Ciencia y Tecnolog\u00eda, que se desarrollar\u00e1 los d\u00edas 2 y 3 de septiembre en el Nodo Tecnol\u00f3gico, con la participaci\u00f3n de 250 proyectos de todos los niveles y modalidades del sistema educativo provincial. El anuncio fue realizado por el secretario de Ciencia"},"aioseo_meta_data":{"post_id":"3603","title":null,"description":null,"keywords":null,"keyphrases":{"focus":{"keyphrase":"","score":0,"analysis":{"keyphraseInTitle":{"score":0,"maxScore":9,"error":1}}},"additional":[]},"primary_term":null,"canonical_url":null,"og_title":null,"og_description":null,"og_object_type":"default","og_image_type":"default","og_image_url":null,"og_image_width":null,"og_image_height":null,"og_image_custom_url":null,"og_image_custom_fields":null,"og_video":"","og_custom_url":null,"og_article_section":null,"og_article_tags":null,"twitter_use_og":false,"twitter_card":"default","twitter_image_type":"default","twitter_image_url":null,"twitter_image_custom_url":null,"twitter_image_custom_fields":null,"twitter_title":null,"twitter_description":null,"schema":{"blockGraphs":[],"customGraphs":[],"default":{"data":{"Article":[],"Course":[],"Dataset":[],"FAQPage":[],"Movie":[],"Person":[],"Product":[],"ProductReview":[],"Car":[],"Recipe":[],"Service":[],"SoftwareApplication":[],"WebPage":[]},"graphName":"BlogPosting","isEnabled":true},"graphs":[]},"schema_type":"default","schema_type_options":null,"pillar_content":false,"robots_default":true,"robots_noindex":false,"robots_noarchive":false,"robots_nosnippet":false,"robots_nofollow":false,"robots_noimageindex":false,"robots_noodp":false,"robots_notranslate":false,"robots_max_snippet":"-1","robots_max_videopreview":"-1","robots_max_imagepreview":"large","priority":null,"frequency":"default","local_seo":null,"breadcrumb_settings":null,"limit_modified_date":false,"ai":{"faqs":[],"keyPoints":[],"schemas":[],"titles":[],"descriptions":[],"socialPosts":{"email":{"subject":"","preview":"","content":""},"linkedin":[],"twitter":[],"facebook":[],"instagram":[]}},"created":"2026-08-29 05:57:55","updated":"2026-08-31 14:05:27","seo_analyzer_scan_date":null,"focus_keyword":null,"additional_keywords":null,"truseo_locale":null},"aioseo_breadcrumb":"<div class=\"aioseo-breadcrumbs\"><span class=\"aioseo-breadcrumb\">\n\t\t\t<a href=\"https:\/\/lavozdelagente.com.ar\/index\" title=\"Home\">Home<\/a>\n\t\t<\/span><span class=\"aioseo-breadcrumb-separator\">&raquo;<\/span><span class=\"aioseo-breadcrumb\">\n\t\t\t<a href=\"https:\/\/lavozdelagente.com.ar\/index\/category\/santiago\/\" title=\"Santiago\">Santiago<\/a>\n\t\t<\/span><span class=\"aioseo-breadcrumb-separator\">&raquo;<\/span><span class=\"aioseo-breadcrumb\">\n\t\t\tLa Feria Provincial de Ciencia y Tecnolog\u00eda se realizar\u00e1 el 2 y 3 de septiembre\n\t\t<\/span><\/div>","aioseo_breadcrumb_json":[{"label":"Home","link":"https:\/\/lavozdelagente.com.ar\/index"},{"label":"Santiago","link":"https:\/\/lavozdelagente.com.ar\/index\/category\/santiago\/"},{"label":"La Feria Provincial de Ciencia y Tecnolog\u00eda se realizar\u00e1 el 2 y 3 de septiembre","link":"https:\/\/lavozdelagente.com.ar\/index\/2026\/08\/29\/la-feria-provincial-de-ciencia-y-tecnologia-se-realizara-el-2-y-3-de-septiembre\/"}],"rttpg_featured_image_url":{"full":["https:\/\/lavozdelagente.com.ar\/wp-content\/uploads\/2026\/08\/feriaciencia-768x525-1.jpeg",768,525,false],"landscape":["https:\/\/lavozdelagente.com.ar\/wp-content\/uploads\/2026\/08\/feriaciencia-768x525-1.jpeg",768,525,false],"portraits":["https:\/\/lavozdelagente.com.ar\/wp-content\/uploads\/2026\/08\/feriaciencia-768x525-1.jpeg",768,525,false],"thumbnail":["https:\/\/lavozdelagente.com.ar\/wp-content\/uploads\/2026\/08\/feriaciencia-768x525-1-150x150.jpeg",150,150,true],"medium":["https:\/\/lavozdelagente.com.ar\/wp-content\/uploads\/2026\/08\/feriaciencia-768x525-1-300x205.jpeg",300,205,true],"large":["https:\/\/lavozdelagente.com.ar\/wp-content\/uploads\/2026\/08\/feriaciencia-768x525-1.jpeg",768,525,false],"1536x1536":["https:\/\/lavozdelagente.com.ar\/wp-content\/uploads\/2026\/08\/feriaciencia-768x525-1.jpeg",768,525,false],"2048x2048":["https:\/\/lavozdelagente.com.ar\/wp-content\/uploads\/2026\/08\/feriaciencia-768x525-1.jpeg",768,525,false],"colormag-highlighted-post":["https:\/\/lavozdelagente.com.ar\/wp-content\/uploads\/2026\/08\/feriaciencia-768x525-1-392x272.jpeg",392,272,true],"colormag-featured-post-medium":["https:\/\/lavozdelagente.com.ar\/wp-content\/uploads\/2026\/08\/feriaciencia-768x525-1-390x205.jpeg",390,205,true],"colormag-featured-post-small":["https:\/\/lavozdelagente.com.ar\/wp-content\/uploads\/2026\/08\/feriaciencia-768x525-1-130x90.jpeg",130,90,true],"colormag-featured-image":["https:\/\/lavozdelagente.com.ar\/wp-content\/uploads\/2026\/08\/feriaciencia-768x525-1-768x445.jpeg",768,445,true],"colormag-default-news":["https:\/\/lavozdelagente.com.ar\/wp-content\/uploads\/2026\/08\/feriaciencia-768x525-1-150x150.jpeg",150,150,true],"colormag-featured-image-large":["https:\/\/lavozdelagente.com.ar\/wp-content\/uploads\/2026\/08\/feriaciencia-768x525-1.jpeg",768,525,false]},"rttpg_author":{"display_name":"rober","author_link":"https:\/\/lavozdelagente.com.ar\/index\/author\/rober\/"},"rttpg_comment":0,"rttpg_category":"<a href=\"https:\/\/lavozdelagente.com.ar\/index\/category\/santiago\/\" rel=\"category tag\">Santiago<\/a>","rttpg_excerpt":"Con gran expectativa se realiz\u00f3 el anuncio de la XXIII Feria Provincial de Ciencia y Tecnolog\u00eda, que se desarrollar\u00e1 los","_links":{"self":[{"href":"https:\/\/lavozdelagente.com.ar\/index\/wp-json\/wp\/v2\/posts\/3603","targetHints":{"allow":["GET"]}}],"collection":[{"href":"https:\/\/lavozdelagente.com.ar\/index\/wp-json\/wp\/v2\/posts"}],"about":[{"href":"https:\/\/lavozdelagente.com.ar\/index\/wp-json\/wp\/v2\/types\/post"}],"author":[{"embeddable":true,"href":"https:\/\/lavozdelagente.com.ar\/index\/wp-json\/wp\/v2\/users\/2"}],"replies":[{"embeddable":true,"href":"https:\/\/lavozdelagente.com.ar\/index\/wp-json\/wp\/v2\/comments?post=3603"}],"version-history":[{"count":1,"href":"https:\/\/lavozdelagente.com.ar\/index\/wp-json\/wp\/v2\/posts\/3603\/revisions"}],"predecessor-version":[{"id":3605,"href":"https:\/\/lavozdelagente.com.ar\/index\/wp-json\/wp\/v2\/posts\/3603\/revisions\/3605"}],"wp:featuredmedia":[{"embeddable":true,"href":"https:\/\/lavozdelagente.com.ar\/index\/wp-json\/wp\/v2\/media\/3604"}],"wp:attachment":[{"href":"https:\/\/lavozdelagente.com.ar\/index\/wp-json\/wp\/v2\/media?parent=3603"}],"wp:term":[{"taxonomy":"category","embeddable":true,"href":"https:\/\/lavozdelagente.com.ar\/index\/wp-json\/wp\/v2\/categories?post=3603"},{"taxonomy":"post_tag","embeddable":true,"href":"https:\/\/lavozdelagente.com.ar\/index\/wp-json\/wp\/v2\/tags?post=3603"}],"curies":[{"name":"wp","href":"https:\/\/api.w.org\/{rel}","templated":true}]}}