{"id":3607,"date":"2026-08-31T14:06:24","date_gmt":"2026-08-31T14:06:24","guid":{"rendered":"https:\/\/lavozdelagente.com.ar\/index\/?p=3607"},"modified":"2026-08-31T14:06:24","modified_gmt":"2026-08-31T14:06:24","slug":"tras-los-cuestionamientos-milei-se-mantiene-en-escena-retoma-la-agenda-local-e-internacional","status":"publish","type":"post","link":"https:\/\/lavozdelagente.com.ar\/index\/2026\/08\/31\/tras-los-cuestionamientos-milei-se-mantiene-en-escena-retoma-la-agenda-local-e-internacional\/","title":{"rendered":"Tras los cuestionamientos, Milei se mantiene en escena: retoma la agenda local e internacional"},"content":{"rendered":"<p>El presidente Javier Milei protagoniza a partir de este lunes una intensa agenda de actividades, luego de algunos d\u00edas recluido en la Quinta de Olivos, con audiencias privadas.<\/p>\n<p>Seg\u00fan supo la Agencia Noticias Argentinas, se trata de una determinaci\u00f3n pol\u00edtica para contrastar los cuestionamientos de la prensa a ra\u00edz de la pasividad que marcaron las jornadas tras su regreso de Colombia.<\/p>\n<p>Sin embargo, algunos interlocutores de la Casa Rosada le quitaron dramatismo a la situaci\u00f3n y aseguraron que se trat\u00f3 de una sola semana con actividad reducida. \u00abLe meten IVA a todo\u00bb, sentenci\u00f3 un alfil violeta.<\/p>\n<p>Milei viajar\u00e1 a Chile este jueves para reunirse con Kast<br \/>\nEn estricta reserva, otros aseguran que el libertario recept\u00f3 la l\u00ednea de los medios de comunicaci\u00f3n, a los que apunta con intensidad desde sus redes sociales, y actu\u00f3 en consecuencia.<\/p>\n<p>Este lunes, el mandatario inaugurar\u00e1 el Congreso Americano de la Federaci\u00f3n Internacional del Autom\u00f3vil (FIA), que se celebra en la sede del Autom\u00f3vil Club Argentino (ACA) y que se da en medio de las negociaciones del oficialismo por la vuelta de la F\u00f3rmula 1 al pa\u00eds.<\/p>\n<p>Asimismo, el martes volver\u00e1 a reunir al Gabinete, casi una semana despu\u00e9s del \u00faltimo intercambio en que defendi\u00f3 el programa econ\u00f3mico, y luego har\u00e1 lo propio la mesa pol\u00edtica que deber\u00e1 discutir el futuro de la reforma electoral. Si bien la senadora Patricia Bullrich sostuvo que la iniciativa se retomar\u00e1 en los pr\u00f3ximos d\u00edas, en el reducido c\u00edrculo a\u00fan hay dudas respecto a los tiempos.<\/p>\n<p>Los motivos detr\u00e1s de la confrontaci\u00f3n de Milei, la ca\u00edda en redes y el malestar de la militancia digital<br \/>\n\u00abTodav\u00eda no lo discutimos. Habr\u00e1 que ver\u00bb, expres\u00f3 un integrante de la mesa, con dudas respecto a los apoyos.<\/p>\n<p>Para el mi\u00e9rcoles, el mandatario tiene en agenda la asistencia al encuentro \u201cVientos de Cambio: Avanza la Libertad en Argentina y las Am\u00e9ricas\u201d, que organiza la Fundaci\u00f3n Libertad y Progreso en el Hotel Sheraton del barrio porte\u00f1o de Retiro.<\/p>\n<p>Sobre el cierre de la semana, el libertario retomar\u00e1 el frente internacional y viajar\u00e1 de manera expr\u00e9s a Santiago de Chile. Lo har\u00e1 con motivo del Foro Madrid, organizado por la Fundaci\u00f3n Disenso, en el Centro de Eventos San Carlos de Apoquindo.<\/p>\n<p>No obstante, aprovechar\u00e1 la visita para reunirse a las 10.15 con la subsecretaria de Estado para la Diplomacia P\u00fablica de Estados Unidos, Sarah Rogers, y luego con su par de Chile, Jos\u00e9 Antonio Kast, en el Palacio de La Moneda.<\/p>\n<p>Detr\u00e1s de estos movimientos est\u00e1 el deseo de Milei de transformarse en el referente de la derecha en la regi\u00f3n y el principal interlocutor con Donald Trump.<\/p>\n<p>Ya de regreso al pa\u00eds, el presidente visitar\u00e1 la provincia de Misiones, donde estar\u00e1 en Puerto Iguaz\u00fa para dar asistencia a la Convenci\u00f3n Anual del Instituto Argentino de Ejecutivos de Finanzas (IAEF).<\/p>\n<p>El armado de La Libertad Avanza a\u00fan no defini\u00f3 los acuerdos que cerrar\u00e1 rumbo a 2027, pero se muestra dispuesto a fortalecer el sello local. A trav\u00e9s de su cuenta de X, el titular del espacio misionero, Adri\u00e1n N\u00fa\u00f1ez, anunci\u00f3 una aplicaci\u00f3n para monitorear el presupuesto provincial. \u00abSon tus impuestos, ten\u00e9s derecho a saber a d\u00f3nde van\u00bb, fustig\u00f3.<\/p>\n<p>Agencia NA<\/p>\n","protected":false},"excerpt":{"rendered":"<p>El presidente Javier Milei protagoniza a partir de este lunes una intensa agenda de actividades, luego de algunos d\u00edas recluido<\/p>\n","protected":false},"author":2,"featured_media":3608,"comment_status":"open","ping_status":"open","sticky":false,"template":"","format":"standard","meta":{"colormag_page_container_layout":"default_layout","colormag_page_sidebar_layout":"default_layout","om_disable_all_campaigns":false,"_monsterinsights_skip_tracking":false,"footnotes":""},"categories":[4],"tags":[],"class_list":["post-3607","post","type-post","status-publish","format-standard","has-post-thumbnail","hentry","category-politica"],"aioseo_notices":[],"aioseo_head":"\n\t\t<!-- All in One SEO 5.0.1.1 - aioseo.com -->\n\t<meta name=\"description\" content=\"El presidente Javier Milei protagoniza a partir de este lunes una intensa agenda de actividades, luego de algunos d\u00edas recluido en la Quinta de Olivos, con audiencias privadas. Seg\u00fan supo la Agencia Noticias Argentinas, se trata de una determinaci\u00f3n pol\u00edtica para contrastar los cuestionamientos de la prensa a ra\u00edz de la pasividad que marcaron las\" \/>\n\t<meta name=\"robots\" content=\"max-image-preview:large\" \/>\n\t<meta name=\"author\" content=\"rober\"\/>\n\t<meta name=\"google-site-verification\" content=\"dJHDh1fUzR1o-UwpFfn1JyiF-0R1LCNFZReSb-gbgcE\" \/>\n\t<link rel=\"canonical\" href=\"https:\/\/lavozdelagente.com.ar\/index\/2026\/08\/31\/tras-los-cuestionamientos-milei-se-mantiene-en-escena-retoma-la-agenda-local-e-internacional\/\" \/>\n\t<meta name=\"generator\" content=\"All in One SEO (AIOSEO) 5.0.1.1\" \/>\n\t\t<meta property=\"og:locale\" content=\"es_ES\" \/>\n\t\t<meta property=\"og:site_name\" content=\"LA VOZ DE LA GENTE - SDE\" \/>\n\t\t<meta property=\"og:type\" content=\"article\" \/>\n\t\t<meta property=\"og:title\" content=\"Tras los cuestionamientos, Milei se mantiene en escena: retoma la agenda local e internacional - LA VOZ DE LA GENTE\" \/>\n\t\t<meta property=\"og:description\" content=\"El presidente Javier Milei protagoniza a partir de este lunes una intensa agenda de actividades, luego de algunos d\u00edas recluido en la Quinta de Olivos, con audiencias privadas. Seg\u00fan supo la Agencia Noticias Argentinas, se trata de una determinaci\u00f3n pol\u00edtica para contrastar los cuestionamientos de la prensa a ra\u00edz de la pasividad que marcaron las\" \/>\n\t\t<meta property=\"og:url\" content=\"https:\/\/lavozdelagente.com.ar\/index\/2026\/08\/31\/tras-los-cuestionamientos-milei-se-mantiene-en-escena-retoma-la-agenda-local-e-internacional\/\" \/>\n\t\t<meta property=\"article:published_time\" content=\"2026-08-31T14:06:24+00:00\" \/>\n\t\t<meta property=\"article:modified_time\" content=\"2026-08-31T14:06:24+00:00\" \/>\n\t\t<meta name=\"twitter:card\" content=\"summary_large_image\" \/>\n\t\t<meta name=\"twitter:title\" content=\"Tras los cuestionamientos, Milei se mantiene en escena: retoma la agenda local e internacional - LA VOZ DE LA GENTE\" \/>\n\t\t<meta name=\"twitter:description\" content=\"El presidente Javier Milei protagoniza a partir de este lunes una intensa agenda de actividades, luego de algunos d\u00edas recluido en la Quinta de Olivos, con audiencias privadas. Seg\u00fan supo la Agencia Noticias Argentinas, se trata de una determinaci\u00f3n pol\u00edtica para contrastar los cuestionamientos de la prensa a ra\u00edz de la pasividad que marcaron las\" \/>\n\t\t<script type=\"application\/ld+json\" class=\"aioseo-schema\">\n\t\t\t{\"@context\":\"https:\\\/\\\/schema.org\",\"@graph\":[{\"@type\":\"BlogPosting\",\"@id\":\"https:\\\/\\\/lavozdelagente.com.ar\\\/index\\\/2026\\\/08\\\/31\\\/tras-los-cuestionamientos-milei-se-mantiene-en-escena-retoma-la-agenda-local-e-internacional\\\/#blogposting\",\"name\":\"Tras los cuestionamientos, Milei se mantiene en escena: retoma la agenda local e internacional - LA VOZ DE LA GENTE\",\"headline\":\"Tras los cuestionamientos, Milei se mantiene en escena: retoma la agenda local e internacional\",\"author\":{\"@id\":\"https:\\\/\\\/lavozdelagente.com.ar\\\/index\\\/author\\\/rober\\\/#author\"},\"publisher\":{\"@id\":\"https:\\\/\\\/lavozdelagente.com.ar\\\/index\\\/#person\"},\"image\":{\"@type\":\"ImageObject\",\"url\":\"https:\\\/\\\/lavozdelagente.com.ar\\\/wp-content\\\/uploads\\\/2026\\\/08\\\/escena.avif\",\"width\":855,\"height\":540},\"datePublished\":\"2026-08-31T14:06:24+00:00\",\"dateModified\":\"2026-08-31T14:06:24+00:00\",\"inLanguage\":\"es-ES\",\"mainEntityOfPage\":{\"@id\":\"https:\\\/\\\/lavozdelagente.com.ar\\\/index\\\/2026\\\/08\\\/31\\\/tras-los-cuestionamientos-milei-se-mantiene-en-escena-retoma-la-agenda-local-e-internacional\\\/#webpage\"},\"isPartOf\":{\"@id\":\"https:\\\/\\\/lavozdelagente.com.ar\\\/index\\\/2026\\\/08\\\/31\\\/tras-los-cuestionamientos-milei-se-mantiene-en-escena-retoma-la-agenda-local-e-internacional\\\/#webpage\"},\"articleSection\":\"Pol\\u00edtica\"},{\"@type\":\"BreadcrumbList\",\"@id\":\"https:\\\/\\\/lavozdelagente.com.ar\\\/index\\\/2026\\\/08\\\/31\\\/tras-los-cuestionamientos-milei-se-mantiene-en-escena-retoma-la-agenda-local-e-internacional\\\/#breadcrumblist\",\"itemListElement\":[{\"@type\":\"ListItem\",\"@id\":\"https:\\\/\\\/lavozdelagente.com.ar\\\/index#listItem\",\"position\":1,\"name\":\"Home\",\"item\":\"https:\\\/\\\/lavozdelagente.com.ar\\\/index\",\"nextItem\":{\"@type\":\"ListItem\",\"@id\":\"https:\\\/\\\/lavozdelagente.com.ar\\\/index\\\/category\\\/politica\\\/#listItem\",\"name\":\"Pol\\u00edtica\"}},{\"@type\":\"ListItem\",\"@id\":\"https:\\\/\\\/lavozdelagente.com.ar\\\/index\\\/category\\\/politica\\\/#listItem\",\"position\":2,\"name\":\"Pol\\u00edtica\",\"item\":\"https:\\\/\\\/lavozdelagente.com.ar\\\/index\\\/category\\\/politica\\\/\",\"nextItem\":{\"@type\":\"ListItem\",\"@id\":\"https:\\\/\\\/lavozdelagente.com.ar\\\/index\\\/2026\\\/08\\\/31\\\/tras-los-cuestionamientos-milei-se-mantiene-en-escena-retoma-la-agenda-local-e-internacional\\\/#listItem\",\"name\":\"Tras los cuestionamientos, Milei se mantiene en escena: retoma la agenda local e internacional\"},\"previousItem\":{\"@type\":\"ListItem\",\"@id\":\"https:\\\/\\\/lavozdelagente.com.ar\\\/index#listItem\",\"name\":\"Home\"}},{\"@type\":\"ListItem\",\"@id\":\"https:\\\/\\\/lavozdelagente.com.ar\\\/index\\\/2026\\\/08\\\/31\\\/tras-los-cuestionamientos-milei-se-mantiene-en-escena-retoma-la-agenda-local-e-internacional\\\/#listItem\",\"position\":3,\"name\":\"Tras los cuestionamientos, Milei se mantiene en escena: retoma la agenda local e internacional\",\"previousItem\":{\"@type\":\"ListItem\",\"@id\":\"https:\\\/\\\/lavozdelagente.com.ar\\\/index\\\/category\\\/politica\\\/#listItem\",\"name\":\"Pol\\u00edtica\"}}]},{\"@type\":\"Person\",\"@id\":\"https:\\\/\\\/lavozdelagente.com.ar\\\/index\\\/author\\\/rober\\\/#author\",\"url\":\"https:\\\/\\\/lavozdelagente.com.ar\\\/index\\\/author\\\/rober\\\/\",\"name\":\"rober\",\"image\":{\"@type\":\"ImageObject\",\"@id\":\"https:\\\/\\\/lavozdelagente.com.ar\\\/index\\\/2026\\\/08\\\/31\\\/tras-los-cuestionamientos-milei-se-mantiene-en-escena-retoma-la-agenda-local-e-internacional\\\/#authorImage\",\"url\":\"https:\\\/\\\/secure.gravatar.com\\\/avatar\\\/901a62cd098b11a08c5fe38d2de0f8ad6b745f5d4f6413ad71e1630ac07766e0?s=96&d=mm&r=g\",\"width\":96,\"height\":96,\"caption\":\"rober\"}},{\"@type\":\"WebPage\",\"@id\":\"https:\\\/\\\/lavozdelagente.com.ar\\\/index\\\/2026\\\/08\\\/31\\\/tras-los-cuestionamientos-milei-se-mantiene-en-escena-retoma-la-agenda-local-e-internacional\\\/#webpage\",\"url\":\"https:\\\/\\\/lavozdelagente.com.ar\\\/index\\\/2026\\\/08\\\/31\\\/tras-los-cuestionamientos-milei-se-mantiene-en-escena-retoma-la-agenda-local-e-internacional\\\/\",\"name\":\"Tras los cuestionamientos, Milei se mantiene en escena: retoma la agenda local e internacional - LA VOZ DE LA GENTE\",\"description\":\"El presidente Javier Milei protagoniza a partir de este lunes una intensa agenda de actividades, luego de algunos d\\u00edas recluido en la Quinta de Olivos, con audiencias privadas. Seg\\u00fan supo la Agencia Noticias Argentinas, se trata de una determinaci\\u00f3n pol\\u00edtica para contrastar los cuestionamientos de la prensa a ra\\u00edz de la pasividad que marcaron las\",\"inLanguage\":\"es-ES\",\"isPartOf\":{\"@id\":\"https:\\\/\\\/lavozdelagente.com.ar\\\/index\\\/#website\"},\"breadcrumb\":{\"@id\":\"https:\\\/\\\/lavozdelagente.com.ar\\\/index\\\/2026\\\/08\\\/31\\\/tras-los-cuestionamientos-milei-se-mantiene-en-escena-retoma-la-agenda-local-e-internacional\\\/#breadcrumblist\"},\"author\":{\"@id\":\"https:\\\/\\\/lavozdelagente.com.ar\\\/index\\\/author\\\/rober\\\/#author\"},\"creator\":{\"@id\":\"https:\\\/\\\/lavozdelagente.com.ar\\\/index\\\/author\\\/rober\\\/#author\"},\"image\":{\"@type\":\"ImageObject\",\"url\":\"https:\\\/\\\/lavozdelagente.com.ar\\\/wp-content\\\/uploads\\\/2026\\\/08\\\/escena.avif\",\"@id\":\"https:\\\/\\\/lavozdelagente.com.ar\\\/index\\\/2026\\\/08\\\/31\\\/tras-los-cuestionamientos-milei-se-mantiene-en-escena-retoma-la-agenda-local-e-internacional\\\/#mainImage\",\"width\":855,\"height\":540},\"primaryImageOfPage\":{\"@id\":\"https:\\\/\\\/lavozdelagente.com.ar\\\/index\\\/2026\\\/08\\\/31\\\/tras-los-cuestionamientos-milei-se-mantiene-en-escena-retoma-la-agenda-local-e-internacional\\\/#mainImage\"},\"datePublished\":\"2026-08-31T14:06:24+00:00\",\"dateModified\":\"2026-08-31T14:06:24+00:00\"},{\"@type\":\"WebSite\",\"@id\":\"https:\\\/\\\/lavozdelagente.com.ar\\\/index\\\/#website\",\"url\":\"https:\\\/\\\/lavozdelagente.com.ar\\\/index\\\/\",\"name\":\"LA VOZ DE LA GENTE\",\"description\":\"SDE\",\"inLanguage\":\"es-ES\",\"publisher\":{\"@id\":\"https:\\\/\\\/lavozdelagente.com.ar\\\/index\\\/#person\"}}]}\n\t\t<\/script>\n\t\t<!-- All in One SEO -->\n\n","aioseo_head_json":{"title":"Tras los cuestionamientos, Milei se mantiene en escena: retoma la agenda local e internacional - LA VOZ DE LA GENTE","description":"El presidente Javier Milei protagoniza a partir de este lunes una intensa agenda de actividades, luego de algunos d\u00edas recluido en la Quinta de Olivos, con audiencias privadas. Seg\u00fan supo la Agencia Noticias Argentinas, se trata de una determinaci\u00f3n pol\u00edtica para contrastar los cuestionamientos de la prensa a ra\u00edz de la pasividad que marcaron las","canonical_url":"https:\/\/lavozdelagente.com.ar\/index\/2026\/08\/31\/tras-los-cuestionamientos-milei-se-mantiene-en-escena-retoma-la-agenda-local-e-internacional\/","robots":"max-image-preview:large","keywords":"","webmasterTools":{"google-site-verification":"dJHDh1fUzR1o-UwpFfn1JyiF-0R1LCNFZReSb-gbgcE","miscellaneous":""},"schema":{"@context":"https:\/\/schema.org","@graph":[{"@type":"BlogPosting","@id":"https:\/\/lavozdelagente.com.ar\/index\/2026\/08\/31\/tras-los-cuestionamientos-milei-se-mantiene-en-escena-retoma-la-agenda-local-e-internacional\/#blogposting","name":"Tras los cuestionamientos, Milei se mantiene en escena: retoma la agenda local e internacional - LA VOZ DE LA GENTE","headline":"Tras los cuestionamientos, Milei se mantiene en escena: retoma la agenda local e internacional","author":{"@id":"https:\/\/lavozdelagente.com.ar\/index\/author\/rober\/#author"},"publisher":{"@id":"https:\/\/lavozdelagente.com.ar\/index\/#person"},"image":{"@type":"ImageObject","url":"https:\/\/lavozdelagente.com.ar\/wp-content\/uploads\/2026\/08\/escena.avif","width":855,"height":540},"datePublished":"2026-08-31T14:06:24+00:00","dateModified":"2026-08-31T14:06:24+00:00","inLanguage":"es-ES","mainEntityOfPage":{"@id":"https:\/\/lavozdelagente.com.ar\/index\/2026\/08\/31\/tras-los-cuestionamientos-milei-se-mantiene-en-escena-retoma-la-agenda-local-e-internacional\/#webpage"},"isPartOf":{"@id":"https:\/\/lavozdelagente.com.ar\/index\/2026\/08\/31\/tras-los-cuestionamientos-milei-se-mantiene-en-escena-retoma-la-agenda-local-e-internacional\/#webpage"},"articleSection":"Pol\u00edtica"},{"@type":"BreadcrumbList","@id":"https:\/\/lavozdelagente.com.ar\/index\/2026\/08\/31\/tras-los-cuestionamientos-milei-se-mantiene-en-escena-retoma-la-agenda-local-e-internacional\/#breadcrumblist","itemListElement":[{"@type":"ListItem","@id":"https:\/\/lavozdelagente.com.ar\/index#listItem","position":1,"name":"Home","item":"https:\/\/lavozdelagente.com.ar\/index","nextItem":{"@type":"ListItem","@id":"https:\/\/lavozdelagente.com.ar\/index\/category\/politica\/#listItem","name":"Pol\u00edtica"}},{"@type":"ListItem","@id":"https:\/\/lavozdelagente.com.ar\/index\/category\/politica\/#listItem","position":2,"name":"Pol\u00edtica","item":"https:\/\/lavozdelagente.com.ar\/index\/category\/politica\/","nextItem":{"@type":"ListItem","@id":"https:\/\/lavozdelagente.com.ar\/index\/2026\/08\/31\/tras-los-cuestionamientos-milei-se-mantiene-en-escena-retoma-la-agenda-local-e-internacional\/#listItem","name":"Tras los cuestionamientos, Milei se mantiene en escena: retoma la agenda local e internacional"},"previousItem":{"@type":"ListItem","@id":"https:\/\/lavozdelagente.com.ar\/index#listItem","name":"Home"}},{"@type":"ListItem","@id":"https:\/\/lavozdelagente.com.ar\/index\/2026\/08\/31\/tras-los-cuestionamientos-milei-se-mantiene-en-escena-retoma-la-agenda-local-e-internacional\/#listItem","position":3,"name":"Tras los cuestionamientos, Milei se mantiene en escena: retoma la agenda local e internacional","previousItem":{"@type":"ListItem","@id":"https:\/\/lavozdelagente.com.ar\/index\/category\/politica\/#listItem","name":"Pol\u00edtica"}}]},{"@type":"Person","@id":"https:\/\/lavozdelagente.com.ar\/index\/author\/rober\/#author","url":"https:\/\/lavozdelagente.com.ar\/index\/author\/rober\/","name":"rober","image":{"@type":"ImageObject","@id":"https:\/\/lavozdelagente.com.ar\/index\/2026\/08\/31\/tras-los-cuestionamientos-milei-se-mantiene-en-escena-retoma-la-agenda-local-e-internacional\/#authorImage","url":"https:\/\/secure.gravatar.com\/avatar\/901a62cd098b11a08c5fe38d2de0f8ad6b745f5d4f6413ad71e1630ac07766e0?s=96&d=mm&r=g","width":96,"height":96,"caption":"rober"}},{"@type":"WebPage","@id":"https:\/\/lavozdelagente.com.ar\/index\/2026\/08\/31\/tras-los-cuestionamientos-milei-se-mantiene-en-escena-retoma-la-agenda-local-e-internacional\/#webpage","url":"https:\/\/lavozdelagente.com.ar\/index\/2026\/08\/31\/tras-los-cuestionamientos-milei-se-mantiene-en-escena-retoma-la-agenda-local-e-internacional\/","name":"Tras los cuestionamientos, Milei se mantiene en escena: retoma la agenda local e internacional - LA VOZ DE LA GENTE","description":"El presidente Javier Milei protagoniza a partir de este lunes una intensa agenda de actividades, luego de algunos d\u00edas recluido en la Quinta de Olivos, con audiencias privadas. Seg\u00fan supo la Agencia Noticias Argentinas, se trata de una determinaci\u00f3n pol\u00edtica para contrastar los cuestionamientos de la prensa a ra\u00edz de la pasividad que marcaron las","inLanguage":"es-ES","isPartOf":{"@id":"https:\/\/lavozdelagente.com.ar\/index\/#website"},"breadcrumb":{"@id":"https:\/\/lavozdelagente.com.ar\/index\/2026\/08\/31\/tras-los-cuestionamientos-milei-se-mantiene-en-escena-retoma-la-agenda-local-e-internacional\/#breadcrumblist"},"author":{"@id":"https:\/\/lavozdelagente.com.ar\/index\/author\/rober\/#author"},"creator":{"@id":"https:\/\/lavozdelagente.com.ar\/index\/author\/rober\/#author"},"image":{"@type":"ImageObject","url":"https:\/\/lavozdelagente.com.ar\/wp-content\/uploads\/2026\/08\/escena.avif","@id":"https:\/\/lavozdelagente.com.ar\/index\/2026\/08\/31\/tras-los-cuestionamientos-milei-se-mantiene-en-escena-retoma-la-agenda-local-e-internacional\/#mainImage","width":855,"height":540},"primaryImageOfPage":{"@id":"https:\/\/lavozdelagente.com.ar\/index\/2026\/08\/31\/tras-los-cuestionamientos-milei-se-mantiene-en-escena-retoma-la-agenda-local-e-internacional\/#mainImage"},"datePublished":"2026-08-31T14:06:24+00:00","dateModified":"2026-08-31T14:06:24+00:00"},{"@type":"WebSite","@id":"https:\/\/lavozdelagente.com.ar\/index\/#website","url":"https:\/\/lavozdelagente.com.ar\/index\/","name":"LA VOZ DE LA GENTE","description":"SDE","inLanguage":"es-ES","publisher":{"@id":"https:\/\/lavozdelagente.com.ar\/index\/#person"}}]},"og:locale":"es_ES","og:site_name":"LA VOZ DE LA GENTE - SDE","og:type":"article","og:title":"Tras los cuestionamientos, Milei se mantiene en escena: retoma la agenda local e internacional - LA VOZ DE LA GENTE","og:description":"El presidente Javier Milei protagoniza a partir de este lunes una intensa agenda de actividades, luego de algunos d\u00edas recluido en la Quinta de Olivos, con audiencias privadas. Seg\u00fan supo la Agencia Noticias Argentinas, se trata de una determinaci\u00f3n pol\u00edtica para contrastar los cuestionamientos de la prensa a ra\u00edz de la pasividad que marcaron las","og:url":"https:\/\/lavozdelagente.com.ar\/index\/2026\/08\/31\/tras-los-cuestionamientos-milei-se-mantiene-en-escena-retoma-la-agenda-local-e-internacional\/","article:published_time":"2026-08-31T14:06:24+00:00","article:modified_time":"2026-08-31T14:06:24+00:00","twitter:card":"summary_large_image","twitter:title":"Tras los cuestionamientos, Milei se mantiene en escena: retoma la agenda local e internacional - LA VOZ DE LA GENTE","twitter:description":"El presidente Javier Milei protagoniza a partir de este lunes una intensa agenda de actividades, luego de algunos d\u00edas recluido en la Quinta de Olivos, con audiencias privadas. Seg\u00fan supo la Agencia Noticias Argentinas, se trata de una determinaci\u00f3n pol\u00edtica para contrastar los cuestionamientos de la prensa a ra\u00edz de la pasividad que marcaron las"},"aioseo_meta_data":{"post_id":"3607","title":null,"description":null,"keywords":null,"keyphrases":{"focus":{"keyphrase":"","score":0,"analysis":{"keyphraseInTitle":{"score":0,"maxScore":9,"error":1}}},"additional":[]},"primary_term":null,"canonical_url":null,"og_title":null,"og_description":null,"og_object_type":"default","og_image_type":"default","og_image_url":null,"og_image_width":null,"og_image_height":null,"og_image_custom_url":null,"og_image_custom_fields":null,"og_video":"","og_custom_url":null,"og_article_section":null,"og_article_tags":null,"twitter_use_og":false,"twitter_card":"default","twitter_image_type":"default","twitter_image_url":null,"twitter_image_custom_url":null,"twitter_image_custom_fields":null,"twitter_title":null,"twitter_description":null,"schema":{"blockGraphs":[],"customGraphs":[],"default":{"data":{"Article":[],"Course":[],"Dataset":[],"FAQPage":[],"Movie":[],"Person":[],"Product":[],"ProductReview":[],"Car":[],"Recipe":[],"Service":[],"SoftwareApplication":[],"WebPage":[]},"graphName":"BlogPosting","isEnabled":true},"graphs":[]},"schema_type":"default","schema_type_options":null,"pillar_content":false,"robots_default":true,"robots_noindex":false,"robots_noarchive":false,"robots_nosnippet":false,"robots_nofollow":false,"robots_noimageindex":false,"robots_noodp":false,"robots_notranslate":false,"robots_max_snippet":"-1","robots_max_videopreview":"-1","robots_max_imagepreview":"large","priority":null,"frequency":"default","local_seo":null,"breadcrumb_settings":null,"limit_modified_date":false,"ai":{"faqs":[],"keyPoints":[],"schemas":[],"titles":[],"descriptions":[],"socialPosts":{"email":{"subject":"","preview":"","content":""},"linkedin":[],"twitter":[],"facebook":[],"instagram":[]}},"created":"2026-08-31 14:06:24","updated":"2026-08-31 14:06:35","seo_analyzer_scan_date":null,"focus_keyword":null,"additional_keywords":null,"truseo_locale":null},"aioseo_breadcrumb":"<div class=\"aioseo-breadcrumbs\"><span class=\"aioseo-breadcrumb\">\n\t\t\t<a href=\"https:\/\/lavozdelagente.com.ar\/index\" title=\"Home\">Home<\/a>\n\t\t<\/span><span class=\"aioseo-breadcrumb-separator\">&raquo;<\/span><span class=\"aioseo-breadcrumb\">\n\t\t\t<a href=\"https:\/\/lavozdelagente.com.ar\/index\/category\/politica\/\" title=\"Pol\u00edtica\">Pol\u00edtica<\/a>\n\t\t<\/span><span class=\"aioseo-breadcrumb-separator\">&raquo;<\/span><span class=\"aioseo-breadcrumb\">\n\t\t\tTras los cuestionamientos, Milei se mantiene en escena: retoma la agenda local e internacional\n\t\t<\/span><\/div>","aioseo_breadcrumb_json":[{"label":"Home","link":"https:\/\/lavozdelagente.com.ar\/index"},{"label":"Pol\u00edtica","link":"https:\/\/lavozdelagente.com.ar\/index\/category\/politica\/"},{"label":"Tras los cuestionamientos, Milei se mantiene en escena: retoma la agenda local e internacional","link":"https:\/\/lavozdelagente.com.ar\/index\/2026\/08\/31\/tras-los-cuestionamientos-milei-se-mantiene-en-escena-retoma-la-agenda-local-e-internacional\/"}],"rttpg_featured_image_url":{"full":["https:\/\/lavozdelagente.com.ar\/wp-content\/uploads\/2026\/08\/escena.avif",855,540,false],"landscape":["https:\/\/lavozdelagente.com.ar\/wp-content\/uploads\/2026\/08\/escena.avif",855,540,false],"portraits":["https:\/\/lavozdelagente.com.ar\/wp-content\/uploads\/2026\/08\/escena.avif",855,540,false],"thumbnail":["https:\/\/lavozdelagente.com.ar\/wp-content\/uploads\/2026\/08\/escena-150x150.avif",150,150,true],"medium":["https:\/\/lavozdelagente.com.ar\/wp-content\/uploads\/2026\/08\/escena-300x189.avif",300,189,true],"large":["https:\/\/lavozdelagente.com.ar\/wp-content\/uploads\/2026\/08\/escena.avif",800,505,false],"1536x1536":["https:\/\/lavozdelagente.com.ar\/wp-content\/uploads\/2026\/08\/escena.avif",855,540,false],"2048x2048":["https:\/\/lavozdelagente.com.ar\/wp-content\/uploads\/2026\/08\/escena.avif",855,540,false],"colormag-highlighted-post":["https:\/\/lavozdelagente.com.ar\/wp-content\/uploads\/2026\/08\/escena-392x272.avif",392,272,true],"colormag-featured-post-medium":["https:\/\/lavozdelagente.com.ar\/wp-content\/uploads\/2026\/08\/escena-390x205.avif",390,205,true],"colormag-featured-post-small":["https:\/\/lavozdelagente.com.ar\/wp-content\/uploads\/2026\/08\/escena-130x90.avif",130,90,true],"colormag-featured-image":["https:\/\/lavozdelagente.com.ar\/wp-content\/uploads\/2026\/08\/escena-800x445.avif",800,445,true],"colormag-default-news":["https:\/\/lavozdelagente.com.ar\/wp-content\/uploads\/2026\/08\/escena-150x150.avif",150,150,true],"colormag-featured-image-large":["https:\/\/lavozdelagente.com.ar\/wp-content\/uploads\/2026\/08\/escena.avif",855,540,false]},"rttpg_author":{"display_name":"rober","author_link":"https:\/\/lavozdelagente.com.ar\/index\/author\/rober\/"},"rttpg_comment":0,"rttpg_category":"<a href=\"https:\/\/lavozdelagente.com.ar\/index\/category\/politica\/\" rel=\"category tag\">Pol\u00edtica<\/a>","rttpg_excerpt":"El presidente Javier Milei protagoniza a partir de este lunes una intensa agenda de actividades, luego de algunos d\u00edas recluido","_links":{"self":[{"href":"https:\/\/lavozdelagente.com.ar\/index\/wp-json\/wp\/v2\/posts\/3607","targetHints":{"allow":["GET"]}}],"collection":[{"href":"https:\/\/lavozdelagente.com.ar\/index\/wp-json\/wp\/v2\/posts"}],"about":[{"href":"https:\/\/lavozdelagente.com.ar\/index\/wp-json\/wp\/v2\/types\/post"}],"author":[{"embeddable":true,"href":"https:\/\/lavozdelagente.com.ar\/index\/wp-json\/wp\/v2\/users\/2"}],"replies":[{"embeddable":true,"href":"https:\/\/lavozdelagente.com.ar\/index\/wp-json\/wp\/v2\/comments?post=3607"}],"version-history":[{"count":1,"href":"https:\/\/lavozdelagente.com.ar\/index\/wp-json\/wp\/v2\/posts\/3607\/revisions"}],"predecessor-version":[{"id":3609,"href":"https:\/\/lavozdelagente.com.ar\/index\/wp-json\/wp\/v2\/posts\/3607\/revisions\/3609"}],"wp:featuredmedia":[{"embeddable":true,"href":"https:\/\/lavozdelagente.com.ar\/index\/wp-json\/wp\/v2\/media\/3608"}],"wp:attachment":[{"href":"https:\/\/lavozdelagente.com.ar\/index\/wp-json\/wp\/v2\/media?parent=3607"}],"wp:term":[{"taxonomy":"category","embeddable":true,"href":"https:\/\/lavozdelagente.com.ar\/index\/wp-json\/wp\/v2\/categories?post=3607"},{"taxonomy":"post_tag","embeddable":true,"href":"https:\/\/lavozdelagente.com.ar\/index\/wp-json\/wp\/v2\/tags?post=3607"}],"curies":[{"name":"wp","href":"https:\/\/api.w.org\/{rel}","templated":true}]}}