{"id":3613,"date":"2026-08-31T14:09:16","date_gmt":"2026-08-31T14:09:16","guid":{"rendered":"https:\/\/lavozdelagente.com.ar\/index\/?p=3613"},"modified":"2026-08-31T14:09:16","modified_gmt":"2026-08-31T14:09:16","slug":"iran-afirma-que-respondio-ataques-de-estados-unidos-contra-sus-bases-en-jordania","status":"publish","type":"post","link":"https:\/\/lavozdelagente.com.ar\/index\/2026\/08\/31\/iran-afirma-que-respondio-ataques-de-estados-unidos-contra-sus-bases-en-jordania\/","title":{"rendered":"Ir\u00e1n afirma que respondi\u00f3 ataques de Estados Unidos contra sus bases en Jordania"},"content":{"rendered":"<p>El Cuerpo de los Guardianes de la Revoluci\u00f3n Isl\u00e1mica (CGRI) inform\u00f3 este lunes que lanz\u00f3 un ataque combinado con misiles y drones contra bases a\u00e9reas estadounidenses en Jordania, en represalia por los ataques a\u00e9reos lanzados anoche por Estados Unidos e Israel contra la isla iran\u00ed de Larak.<\/p>\n<p>El Ej\u00e9rcito iran\u00ed atac\u00f3 \u201cinfraestructura t\u00e9cnica y de mantenimiento\u201d, as\u00ed como zonas en las que se encontraban \u201ccazas enemigos\u201d en las bases estadounidenses Rey Hussein y Al-Azraq en Jordania, lo que caus\u00f3 grave da\u00f1o.<\/p>\n<p>As\u00ed se indica en una declaraci\u00f3n del CGRI citada por la agencia de noticias iran\u00ed Fars, que capt\u00f3 la Agencia Noticias Argentinas.<\/p>\n<p>Detalles<br \/>\nEl CGRI abund\u00f3 en m\u00e1s detalles del ataque a trav\u00e9s de su portal oficial de noticias Sepah News, que detalla el informe de Xinhua.<\/p>\n<p>Identific\u00f3 las bases a\u00e9reas atacadas como Rey Hussein y Al-Azraq, precisando que golpearon infraestructura t\u00e9cnica y de mantenimiento, as\u00ed como hangares de cazas estadounidenses, provocando fuertes da\u00f1os.<\/p>\n<p>El CGRI se\u00f1al\u00f3 que los ataques fueron un \u00abcastigo al agresor\u00bb, afirmando que \u00abla agresi\u00f3n y el crimen no solucionar\u00e1n la desesperaci\u00f3n del enemigo por debilitar el control de Ir\u00e1n del estrecho de Ormuz\u00bb.<\/p>\n<p>Agreg\u00f3 que cualquier acci\u00f3n militar del \u00abenemigo\u00bb ser\u00e1 respondida con acciones m\u00e1s \u00abdevastadoras\u00bb.<\/p>\n<p>El CGRI hab\u00eda revelado anteriormente mediante un comunicado que numerosos militares y civiles iran\u00edes hab\u00edan resultado muertos o heridos en el ataque contra la isla de Larak.<\/p>\n<p>Ir\u00e1n no busca la guerra, pero responder\u00e1 a los agresores, afirm\u00f3 Pezeshkian<br \/>\nEl presidente de Ir\u00e1n, Masoud Pezeshkian, afirm\u00f3 este lunes que su pa\u00eds no busca la guerra, pero responder\u00e1 con firmeza y determinaci\u00f3n a cualquier agresi\u00f3n, seg\u00fan un comunicado de su oficina.<\/p>\n<p>\u201cNo buscamos la guerra, y este es un mensaje claro que hasta ahora hemos transmitido al mundo. Sin embargo, nunca permaneceremos de brazos cruzados ante las agresiones y daremos una respuesta decisiva a los agresores\u201d, asegur\u00f3.<\/p>\n<p>Pezeshkian se\u00f1al\u00f3 que la inestabilidad y los disturbios en la regi\u00f3n no benefician a ning\u00fan pa\u00eds y supondr\u00e1n un desaf\u00edo para todos, por lo que las naciones de la regi\u00f3n deben unir esfuerzos para garantizar su seguridad y desarrollo.<\/p>\n<p>Las declaraciones de Pezeshkian se produjeron despu\u00e9s de que el portavoz del Comando Central de Estados Unidos, Tim Hawkins, afirmara en un comunicado que las fuerzas estadounidenses atacaron el domingo dos lanzadores en la isla meridional iran\u00ed de Larak, luego de que miembros del Cuerpo de la Guardia Revolucionaria Isl\u00e1mica (CGRI) de Ir\u00e1n \u201cfueran observados prepar\u00e1ndose para lanzar cohetes con minas navales hacia el estrecho de Ormuz\u201d.<\/p>\n<p>Tras el ataque, el CGRI indic\u00f3 en un comunicado que varios militares y civiles murieron o resultaron heridos, y prometi\u00f3 que la ofensiva recibir\u00eda una respuesta que supondr\u00eda \u201cun castigo para el agresor\u201d.<\/p>\n<p>Agencia NA<\/p>\n","protected":false},"excerpt":{"rendered":"<p>El Cuerpo de los Guardianes de la Revoluci\u00f3n Isl\u00e1mica (CGRI) inform\u00f3 este lunes que lanz\u00f3 un ataque combinado con misiles<\/p>\n","protected":false},"author":2,"featured_media":3614,"comment_status":"open","ping_status":"open","sticky":false,"template":"","format":"standard","meta":{"colormag_page_container_layout":"default_layout","colormag_page_sidebar_layout":"default_layout","om_disable_all_campaigns":false,"_monsterinsights_skip_tracking":false,"footnotes":""},"categories":[6],"tags":[],"class_list":["post-3613","post","type-post","status-publish","format-standard","has-post-thumbnail","hentry","category-varios"],"aioseo_notices":[],"aioseo_head":"\n\t\t<!-- All in One SEO 5.0.1.1 - aioseo.com -->\n\t<meta name=\"description\" content=\"El Cuerpo de los Guardianes de la Revoluci\u00f3n Isl\u00e1mica (CGRI) inform\u00f3 este lunes que lanz\u00f3 un ataque combinado con misiles y drones contra bases a\u00e9reas estadounidenses en Jordania, en represalia por los ataques a\u00e9reos lanzados anoche por Estados Unidos e Israel contra la isla iran\u00ed de Larak. El Ej\u00e9rcito iran\u00ed atac\u00f3 \u201cinfraestructura t\u00e9cnica y de\" \/>\n\t<meta name=\"robots\" content=\"max-image-preview:large\" \/>\n\t<meta name=\"author\" content=\"rober\"\/>\n\t<meta name=\"google-site-verification\" content=\"dJHDh1fUzR1o-UwpFfn1JyiF-0R1LCNFZReSb-gbgcE\" \/>\n\t<link rel=\"canonical\" href=\"https:\/\/lavozdelagente.com.ar\/index\/2026\/08\/31\/iran-afirma-que-respondio-ataques-de-estados-unidos-contra-sus-bases-en-jordania\/\" \/>\n\t<meta name=\"generator\" content=\"All in One SEO (AIOSEO) 5.0.1.1\" \/>\n\t\t<meta property=\"og:locale\" content=\"es_ES\" \/>\n\t\t<meta property=\"og:site_name\" content=\"LA VOZ DE LA GENTE - SDE\" \/>\n\t\t<meta property=\"og:type\" content=\"article\" \/>\n\t\t<meta property=\"og:title\" content=\"Ir\u00e1n afirma que respondi\u00f3 ataques de Estados Unidos contra sus bases en Jordania - LA VOZ DE LA GENTE\" \/>\n\t\t<meta property=\"og:description\" content=\"El Cuerpo de los Guardianes de la Revoluci\u00f3n Isl\u00e1mica (CGRI) inform\u00f3 este lunes que lanz\u00f3 un ataque combinado con misiles y drones contra bases a\u00e9reas estadounidenses en Jordania, en represalia por los ataques a\u00e9reos lanzados anoche por Estados Unidos e Israel contra la isla iran\u00ed de Larak. El Ej\u00e9rcito iran\u00ed atac\u00f3 \u201cinfraestructura t\u00e9cnica y de\" \/>\n\t\t<meta property=\"og:url\" content=\"https:\/\/lavozdelagente.com.ar\/index\/2026\/08\/31\/iran-afirma-que-respondio-ataques-de-estados-unidos-contra-sus-bases-en-jordania\/\" \/>\n\t\t<meta property=\"article:published_time\" content=\"2026-08-31T14:09:16+00:00\" \/>\n\t\t<meta property=\"article:modified_time\" content=\"2026-08-31T14:09:16+00:00\" \/>\n\t\t<meta name=\"twitter:card\" content=\"summary_large_image\" \/>\n\t\t<meta name=\"twitter:title\" content=\"Ir\u00e1n afirma que respondi\u00f3 ataques de Estados Unidos contra sus bases en Jordania - LA VOZ DE LA GENTE\" \/>\n\t\t<meta name=\"twitter:description\" content=\"El Cuerpo de los Guardianes de la Revoluci\u00f3n Isl\u00e1mica (CGRI) inform\u00f3 este lunes que lanz\u00f3 un ataque combinado con misiles y drones contra bases a\u00e9reas estadounidenses en Jordania, en represalia por los ataques a\u00e9reos lanzados anoche por Estados Unidos e Israel contra la isla iran\u00ed de Larak. El Ej\u00e9rcito iran\u00ed atac\u00f3 \u201cinfraestructura t\u00e9cnica y de\" \/>\n\t\t<script type=\"application\/ld+json\" class=\"aioseo-schema\">\n\t\t\t{\"@context\":\"https:\\\/\\\/schema.org\",\"@graph\":[{\"@type\":\"BlogPosting\",\"@id\":\"https:\\\/\\\/lavozdelagente.com.ar\\\/index\\\/2026\\\/08\\\/31\\\/iran-afirma-que-respondio-ataques-de-estados-unidos-contra-sus-bases-en-jordania\\\/#blogposting\",\"name\":\"Ir\\u00e1n afirma que respondi\\u00f3 ataques de Estados Unidos contra sus bases en Jordania - LA VOZ DE LA GENTE\",\"headline\":\"Ir\\u00e1n afirma que respondi\\u00f3 ataques de Estados Unidos contra sus bases en Jordania\",\"author\":{\"@id\":\"https:\\\/\\\/lavozdelagente.com.ar\\\/index\\\/author\\\/rober\\\/#author\"},\"publisher\":{\"@id\":\"https:\\\/\\\/lavozdelagente.com.ar\\\/index\\\/#person\"},\"image\":{\"@type\":\"ImageObject\",\"url\":\"https:\\\/\\\/lavozdelagente.com.ar\\\/wp-content\\\/uploads\\\/2026\\\/08\\\/Jordania.avif\",\"width\":960,\"height\":539},\"datePublished\":\"2026-08-31T14:09:16+00:00\",\"dateModified\":\"2026-08-31T14:09:16+00:00\",\"inLanguage\":\"es-ES\",\"mainEntityOfPage\":{\"@id\":\"https:\\\/\\\/lavozdelagente.com.ar\\\/index\\\/2026\\\/08\\\/31\\\/iran-afirma-que-respondio-ataques-de-estados-unidos-contra-sus-bases-en-jordania\\\/#webpage\"},\"isPartOf\":{\"@id\":\"https:\\\/\\\/lavozdelagente.com.ar\\\/index\\\/2026\\\/08\\\/31\\\/iran-afirma-que-respondio-ataques-de-estados-unidos-contra-sus-bases-en-jordania\\\/#webpage\"},\"articleSection\":\"Varios\"},{\"@type\":\"BreadcrumbList\",\"@id\":\"https:\\\/\\\/lavozdelagente.com.ar\\\/index\\\/2026\\\/08\\\/31\\\/iran-afirma-que-respondio-ataques-de-estados-unidos-contra-sus-bases-en-jordania\\\/#breadcrumblist\",\"itemListElement\":[{\"@type\":\"ListItem\",\"@id\":\"https:\\\/\\\/lavozdelagente.com.ar\\\/index#listItem\",\"position\":1,\"name\":\"Home\",\"item\":\"https:\\\/\\\/lavozdelagente.com.ar\\\/index\",\"nextItem\":{\"@type\":\"ListItem\",\"@id\":\"https:\\\/\\\/lavozdelagente.com.ar\\\/index\\\/category\\\/varios\\\/#listItem\",\"name\":\"Varios\"}},{\"@type\":\"ListItem\",\"@id\":\"https:\\\/\\\/lavozdelagente.com.ar\\\/index\\\/category\\\/varios\\\/#listItem\",\"position\":2,\"name\":\"Varios\",\"item\":\"https:\\\/\\\/lavozdelagente.com.ar\\\/index\\\/category\\\/varios\\\/\",\"nextItem\":{\"@type\":\"ListItem\",\"@id\":\"https:\\\/\\\/lavozdelagente.com.ar\\\/index\\\/2026\\\/08\\\/31\\\/iran-afirma-que-respondio-ataques-de-estados-unidos-contra-sus-bases-en-jordania\\\/#listItem\",\"name\":\"Ir\\u00e1n afirma que respondi\\u00f3 ataques de Estados Unidos contra sus bases en Jordania\"},\"previousItem\":{\"@type\":\"ListItem\",\"@id\":\"https:\\\/\\\/lavozdelagente.com.ar\\\/index#listItem\",\"name\":\"Home\"}},{\"@type\":\"ListItem\",\"@id\":\"https:\\\/\\\/lavozdelagente.com.ar\\\/index\\\/2026\\\/08\\\/31\\\/iran-afirma-que-respondio-ataques-de-estados-unidos-contra-sus-bases-en-jordania\\\/#listItem\",\"position\":3,\"name\":\"Ir\\u00e1n afirma que respondi\\u00f3 ataques de Estados Unidos contra sus bases en Jordania\",\"previousItem\":{\"@type\":\"ListItem\",\"@id\":\"https:\\\/\\\/lavozdelagente.com.ar\\\/index\\\/category\\\/varios\\\/#listItem\",\"name\":\"Varios\"}}]},{\"@type\":\"Person\",\"@id\":\"https:\\\/\\\/lavozdelagente.com.ar\\\/index\\\/author\\\/rober\\\/#author\",\"url\":\"https:\\\/\\\/lavozdelagente.com.ar\\\/index\\\/author\\\/rober\\\/\",\"name\":\"rober\",\"image\":{\"@type\":\"ImageObject\",\"@id\":\"https:\\\/\\\/lavozdelagente.com.ar\\\/index\\\/2026\\\/08\\\/31\\\/iran-afirma-que-respondio-ataques-de-estados-unidos-contra-sus-bases-en-jordania\\\/#authorImage\",\"url\":\"https:\\\/\\\/secure.gravatar.com\\\/avatar\\\/901a62cd098b11a08c5fe38d2de0f8ad6b745f5d4f6413ad71e1630ac07766e0?s=96&d=mm&r=g\",\"width\":96,\"height\":96,\"caption\":\"rober\"}},{\"@type\":\"WebPage\",\"@id\":\"https:\\\/\\\/lavozdelagente.com.ar\\\/index\\\/2026\\\/08\\\/31\\\/iran-afirma-que-respondio-ataques-de-estados-unidos-contra-sus-bases-en-jordania\\\/#webpage\",\"url\":\"https:\\\/\\\/lavozdelagente.com.ar\\\/index\\\/2026\\\/08\\\/31\\\/iran-afirma-que-respondio-ataques-de-estados-unidos-contra-sus-bases-en-jordania\\\/\",\"name\":\"Ir\\u00e1n afirma que respondi\\u00f3 ataques de Estados Unidos contra sus bases en Jordania - LA VOZ DE LA GENTE\",\"description\":\"El Cuerpo de los Guardianes de la Revoluci\\u00f3n Isl\\u00e1mica (CGRI) inform\\u00f3 este lunes que lanz\\u00f3 un ataque combinado con misiles y drones contra bases a\\u00e9reas estadounidenses en Jordania, en represalia por los ataques a\\u00e9reos lanzados anoche por Estados Unidos e Israel contra la isla iran\\u00ed de Larak. El Ej\\u00e9rcito iran\\u00ed atac\\u00f3 \\u201cinfraestructura t\\u00e9cnica y de\",\"inLanguage\":\"es-ES\",\"isPartOf\":{\"@id\":\"https:\\\/\\\/lavozdelagente.com.ar\\\/index\\\/#website\"},\"breadcrumb\":{\"@id\":\"https:\\\/\\\/lavozdelagente.com.ar\\\/index\\\/2026\\\/08\\\/31\\\/iran-afirma-que-respondio-ataques-de-estados-unidos-contra-sus-bases-en-jordania\\\/#breadcrumblist\"},\"author\":{\"@id\":\"https:\\\/\\\/lavozdelagente.com.ar\\\/index\\\/author\\\/rober\\\/#author\"},\"creator\":{\"@id\":\"https:\\\/\\\/lavozdelagente.com.ar\\\/index\\\/author\\\/rober\\\/#author\"},\"image\":{\"@type\":\"ImageObject\",\"url\":\"https:\\\/\\\/lavozdelagente.com.ar\\\/wp-content\\\/uploads\\\/2026\\\/08\\\/Jordania.avif\",\"@id\":\"https:\\\/\\\/lavozdelagente.com.ar\\\/index\\\/2026\\\/08\\\/31\\\/iran-afirma-que-respondio-ataques-de-estados-unidos-contra-sus-bases-en-jordania\\\/#mainImage\",\"width\":960,\"height\":539},\"primaryImageOfPage\":{\"@id\":\"https:\\\/\\\/lavozdelagente.com.ar\\\/index\\\/2026\\\/08\\\/31\\\/iran-afirma-que-respondio-ataques-de-estados-unidos-contra-sus-bases-en-jordania\\\/#mainImage\"},\"datePublished\":\"2026-08-31T14:09:16+00:00\",\"dateModified\":\"2026-08-31T14:09:16+00:00\"},{\"@type\":\"WebSite\",\"@id\":\"https:\\\/\\\/lavozdelagente.com.ar\\\/index\\\/#website\",\"url\":\"https:\\\/\\\/lavozdelagente.com.ar\\\/index\\\/\",\"name\":\"LA VOZ DE LA GENTE\",\"description\":\"SDE\",\"inLanguage\":\"es-ES\",\"publisher\":{\"@id\":\"https:\\\/\\\/lavozdelagente.com.ar\\\/index\\\/#person\"}}]}\n\t\t<\/script>\n\t\t<!-- All in One SEO -->\n\n","aioseo_head_json":{"title":"Ir\u00e1n afirma que respondi\u00f3 ataques de Estados Unidos contra sus bases en Jordania - LA VOZ DE LA GENTE","description":"El Cuerpo de los Guardianes de la Revoluci\u00f3n Isl\u00e1mica (CGRI) inform\u00f3 este lunes que lanz\u00f3 un ataque combinado con misiles y drones contra bases a\u00e9reas estadounidenses en Jordania, en represalia por los ataques a\u00e9reos lanzados anoche por Estados Unidos e Israel contra la isla iran\u00ed de Larak. El Ej\u00e9rcito iran\u00ed atac\u00f3 \u201cinfraestructura t\u00e9cnica y de","canonical_url":"https:\/\/lavozdelagente.com.ar\/index\/2026\/08\/31\/iran-afirma-que-respondio-ataques-de-estados-unidos-contra-sus-bases-en-jordania\/","robots":"max-image-preview:large","keywords":"","webmasterTools":{"google-site-verification":"dJHDh1fUzR1o-UwpFfn1JyiF-0R1LCNFZReSb-gbgcE","miscellaneous":""},"schema":{"@context":"https:\/\/schema.org","@graph":[{"@type":"BlogPosting","@id":"https:\/\/lavozdelagente.com.ar\/index\/2026\/08\/31\/iran-afirma-que-respondio-ataques-de-estados-unidos-contra-sus-bases-en-jordania\/#blogposting","name":"Ir\u00e1n afirma que respondi\u00f3 ataques de Estados Unidos contra sus bases en Jordania - LA VOZ DE LA GENTE","headline":"Ir\u00e1n afirma que respondi\u00f3 ataques de Estados Unidos contra sus bases en Jordania","author":{"@id":"https:\/\/lavozdelagente.com.ar\/index\/author\/rober\/#author"},"publisher":{"@id":"https:\/\/lavozdelagente.com.ar\/index\/#person"},"image":{"@type":"ImageObject","url":"https:\/\/lavozdelagente.com.ar\/wp-content\/uploads\/2026\/08\/Jordania.avif","width":960,"height":539},"datePublished":"2026-08-31T14:09:16+00:00","dateModified":"2026-08-31T14:09:16+00:00","inLanguage":"es-ES","mainEntityOfPage":{"@id":"https:\/\/lavozdelagente.com.ar\/index\/2026\/08\/31\/iran-afirma-que-respondio-ataques-de-estados-unidos-contra-sus-bases-en-jordania\/#webpage"},"isPartOf":{"@id":"https:\/\/lavozdelagente.com.ar\/index\/2026\/08\/31\/iran-afirma-que-respondio-ataques-de-estados-unidos-contra-sus-bases-en-jordania\/#webpage"},"articleSection":"Varios"},{"@type":"BreadcrumbList","@id":"https:\/\/lavozdelagente.com.ar\/index\/2026\/08\/31\/iran-afirma-que-respondio-ataques-de-estados-unidos-contra-sus-bases-en-jordania\/#breadcrumblist","itemListElement":[{"@type":"ListItem","@id":"https:\/\/lavozdelagente.com.ar\/index#listItem","position":1,"name":"Home","item":"https:\/\/lavozdelagente.com.ar\/index","nextItem":{"@type":"ListItem","@id":"https:\/\/lavozdelagente.com.ar\/index\/category\/varios\/#listItem","name":"Varios"}},{"@type":"ListItem","@id":"https:\/\/lavozdelagente.com.ar\/index\/category\/varios\/#listItem","position":2,"name":"Varios","item":"https:\/\/lavozdelagente.com.ar\/index\/category\/varios\/","nextItem":{"@type":"ListItem","@id":"https:\/\/lavozdelagente.com.ar\/index\/2026\/08\/31\/iran-afirma-que-respondio-ataques-de-estados-unidos-contra-sus-bases-en-jordania\/#listItem","name":"Ir\u00e1n afirma que respondi\u00f3 ataques de Estados Unidos contra sus bases en Jordania"},"previousItem":{"@type":"ListItem","@id":"https:\/\/lavozdelagente.com.ar\/index#listItem","name":"Home"}},{"@type":"ListItem","@id":"https:\/\/lavozdelagente.com.ar\/index\/2026\/08\/31\/iran-afirma-que-respondio-ataques-de-estados-unidos-contra-sus-bases-en-jordania\/#listItem","position":3,"name":"Ir\u00e1n afirma que respondi\u00f3 ataques de Estados Unidos contra sus bases en Jordania","previousItem":{"@type":"ListItem","@id":"https:\/\/lavozdelagente.com.ar\/index\/category\/varios\/#listItem","name":"Varios"}}]},{"@type":"Person","@id":"https:\/\/lavozdelagente.com.ar\/index\/author\/rober\/#author","url":"https:\/\/lavozdelagente.com.ar\/index\/author\/rober\/","name":"rober","image":{"@type":"ImageObject","@id":"https:\/\/lavozdelagente.com.ar\/index\/2026\/08\/31\/iran-afirma-que-respondio-ataques-de-estados-unidos-contra-sus-bases-en-jordania\/#authorImage","url":"https:\/\/secure.gravatar.com\/avatar\/901a62cd098b11a08c5fe38d2de0f8ad6b745f5d4f6413ad71e1630ac07766e0?s=96&d=mm&r=g","width":96,"height":96,"caption":"rober"}},{"@type":"WebPage","@id":"https:\/\/lavozdelagente.com.ar\/index\/2026\/08\/31\/iran-afirma-que-respondio-ataques-de-estados-unidos-contra-sus-bases-en-jordania\/#webpage","url":"https:\/\/lavozdelagente.com.ar\/index\/2026\/08\/31\/iran-afirma-que-respondio-ataques-de-estados-unidos-contra-sus-bases-en-jordania\/","name":"Ir\u00e1n afirma que respondi\u00f3 ataques de Estados Unidos contra sus bases en Jordania - LA VOZ DE LA GENTE","description":"El Cuerpo de los Guardianes de la Revoluci\u00f3n Isl\u00e1mica (CGRI) inform\u00f3 este lunes que lanz\u00f3 un ataque combinado con misiles y drones contra bases a\u00e9reas estadounidenses en Jordania, en represalia por los ataques a\u00e9reos lanzados anoche por Estados Unidos e Israel contra la isla iran\u00ed de Larak. El Ej\u00e9rcito iran\u00ed atac\u00f3 \u201cinfraestructura t\u00e9cnica y de","inLanguage":"es-ES","isPartOf":{"@id":"https:\/\/lavozdelagente.com.ar\/index\/#website"},"breadcrumb":{"@id":"https:\/\/lavozdelagente.com.ar\/index\/2026\/08\/31\/iran-afirma-que-respondio-ataques-de-estados-unidos-contra-sus-bases-en-jordania\/#breadcrumblist"},"author":{"@id":"https:\/\/lavozdelagente.com.ar\/index\/author\/rober\/#author"},"creator":{"@id":"https:\/\/lavozdelagente.com.ar\/index\/author\/rober\/#author"},"image":{"@type":"ImageObject","url":"https:\/\/lavozdelagente.com.ar\/wp-content\/uploads\/2026\/08\/Jordania.avif","@id":"https:\/\/lavozdelagente.com.ar\/index\/2026\/08\/31\/iran-afirma-que-respondio-ataques-de-estados-unidos-contra-sus-bases-en-jordania\/#mainImage","width":960,"height":539},"primaryImageOfPage":{"@id":"https:\/\/lavozdelagente.com.ar\/index\/2026\/08\/31\/iran-afirma-que-respondio-ataques-de-estados-unidos-contra-sus-bases-en-jordania\/#mainImage"},"datePublished":"2026-08-31T14:09:16+00:00","dateModified":"2026-08-31T14:09:16+00:00"},{"@type":"WebSite","@id":"https:\/\/lavozdelagente.com.ar\/index\/#website","url":"https:\/\/lavozdelagente.com.ar\/index\/","name":"LA VOZ DE LA GENTE","description":"SDE","inLanguage":"es-ES","publisher":{"@id":"https:\/\/lavozdelagente.com.ar\/index\/#person"}}]},"og:locale":"es_ES","og:site_name":"LA VOZ DE LA GENTE - SDE","og:type":"article","og:title":"Ir\u00e1n afirma que respondi\u00f3 ataques de Estados Unidos contra sus bases en Jordania - LA VOZ DE LA GENTE","og:description":"El Cuerpo de los Guardianes de la Revoluci\u00f3n Isl\u00e1mica (CGRI) inform\u00f3 este lunes que lanz\u00f3 un ataque combinado con misiles y drones contra bases a\u00e9reas estadounidenses en Jordania, en represalia por los ataques a\u00e9reos lanzados anoche por Estados Unidos e Israel contra la isla iran\u00ed de Larak. El Ej\u00e9rcito iran\u00ed atac\u00f3 \u201cinfraestructura t\u00e9cnica y de","og:url":"https:\/\/lavozdelagente.com.ar\/index\/2026\/08\/31\/iran-afirma-que-respondio-ataques-de-estados-unidos-contra-sus-bases-en-jordania\/","article:published_time":"2026-08-31T14:09:16+00:00","article:modified_time":"2026-08-31T14:09:16+00:00","twitter:card":"summary_large_image","twitter:title":"Ir\u00e1n afirma que respondi\u00f3 ataques de Estados Unidos contra sus bases en Jordania - LA VOZ DE LA GENTE","twitter:description":"El Cuerpo de los Guardianes de la Revoluci\u00f3n Isl\u00e1mica (CGRI) inform\u00f3 este lunes que lanz\u00f3 un ataque combinado con misiles y drones contra bases a\u00e9reas estadounidenses en Jordania, en represalia por los ataques a\u00e9reos lanzados anoche por Estados Unidos e Israel contra la isla iran\u00ed de Larak. El Ej\u00e9rcito iran\u00ed atac\u00f3 \u201cinfraestructura t\u00e9cnica y de"},"aioseo_meta_data":{"post_id":"3613","title":null,"description":null,"keywords":null,"keyphrases":{"focus":{"keyphrase":"","score":0,"analysis":{"keyphraseInTitle":{"score":0,"maxScore":9,"error":1}}},"additional":[]},"primary_term":null,"canonical_url":null,"og_title":null,"og_description":null,"og_object_type":"default","og_image_type":"default","og_image_url":null,"og_image_width":null,"og_image_height":null,"og_image_custom_url":null,"og_image_custom_fields":null,"og_video":"","og_custom_url":null,"og_article_section":null,"og_article_tags":null,"twitter_use_og":false,"twitter_card":"default","twitter_image_type":"default","twitter_image_url":null,"twitter_image_custom_url":null,"twitter_image_custom_fields":null,"twitter_title":null,"twitter_description":null,"schema":{"blockGraphs":[],"customGraphs":[],"default":{"data":{"Article":[],"Course":[],"Dataset":[],"FAQPage":[],"Movie":[],"Person":[],"Product":[],"ProductReview":[],"Car":[],"Recipe":[],"Service":[],"SoftwareApplication":[],"WebPage":[]},"graphName":"BlogPosting","isEnabled":true},"graphs":[]},"schema_type":"default","schema_type_options":null,"pillar_content":false,"robots_default":true,"robots_noindex":false,"robots_noarchive":false,"robots_nosnippet":false,"robots_nofollow":false,"robots_noimageindex":false,"robots_noodp":false,"robots_notranslate":false,"robots_max_snippet":"-1","robots_max_videopreview":"-1","robots_max_imagepreview":"large","priority":null,"frequency":"default","local_seo":null,"breadcrumb_settings":null,"limit_modified_date":false,"ai":{"faqs":[],"keyPoints":[],"schemas":[],"titles":[],"descriptions":[],"socialPosts":{"email":{"subject":"","preview":"","content":""},"linkedin":[],"twitter":[],"facebook":[],"instagram":[]}},"created":"2026-08-31 14:09:16","updated":"2026-08-31 14:10:29","seo_analyzer_scan_date":null,"focus_keyword":null,"additional_keywords":null,"truseo_locale":null},"aioseo_breadcrumb":"<div class=\"aioseo-breadcrumbs\"><span class=\"aioseo-breadcrumb\">\n\t\t\t<a href=\"https:\/\/lavozdelagente.com.ar\/index\" title=\"Home\">Home<\/a>\n\t\t<\/span><span class=\"aioseo-breadcrumb-separator\">&raquo;<\/span><span class=\"aioseo-breadcrumb\">\n\t\t\t<a href=\"https:\/\/lavozdelagente.com.ar\/index\/category\/varios\/\" title=\"Varios\">Varios<\/a>\n\t\t<\/span><span class=\"aioseo-breadcrumb-separator\">&raquo;<\/span><span class=\"aioseo-breadcrumb\">\n\t\t\tIr\u00e1n afirma que respondi\u00f3 ataques de Estados Unidos contra sus bases en Jordania\n\t\t<\/span><\/div>","aioseo_breadcrumb_json":[{"label":"Home","link":"https:\/\/lavozdelagente.com.ar\/index"},{"label":"Varios","link":"https:\/\/lavozdelagente.com.ar\/index\/category\/varios\/"},{"label":"Ir\u00e1n afirma que respondi\u00f3 ataques de Estados Unidos contra sus bases en Jordania","link":"https:\/\/lavozdelagente.com.ar\/index\/2026\/08\/31\/iran-afirma-que-respondio-ataques-de-estados-unidos-contra-sus-bases-en-jordania\/"}],"rttpg_featured_image_url":{"full":["https:\/\/lavozdelagente.com.ar\/wp-content\/uploads\/2026\/08\/Jordania.avif",960,539,false],"landscape":["https:\/\/lavozdelagente.com.ar\/wp-content\/uploads\/2026\/08\/Jordania.avif",960,539,false],"portraits":["https:\/\/lavozdelagente.com.ar\/wp-content\/uploads\/2026\/08\/Jordania.avif",960,539,false],"thumbnail":["https:\/\/lavozdelagente.com.ar\/wp-content\/uploads\/2026\/08\/Jordania-150x150.avif",150,150,true],"medium":["https:\/\/lavozdelagente.com.ar\/wp-content\/uploads\/2026\/08\/Jordania-300x168.avif",300,168,true],"large":["https:\/\/lavozdelagente.com.ar\/wp-content\/uploads\/2026\/08\/Jordania.avif",800,449,false],"1536x1536":["https:\/\/lavozdelagente.com.ar\/wp-content\/uploads\/2026\/08\/Jordania.avif",960,539,false],"2048x2048":["https:\/\/lavozdelagente.com.ar\/wp-content\/uploads\/2026\/08\/Jordania.avif",960,539,false],"colormag-highlighted-post":["https:\/\/lavozdelagente.com.ar\/wp-content\/uploads\/2026\/08\/Jordania-392x272.avif",392,272,true],"colormag-featured-post-medium":["https:\/\/lavozdelagente.com.ar\/wp-content\/uploads\/2026\/08\/Jordania-390x205.avif",390,205,true],"colormag-featured-post-small":["https:\/\/lavozdelagente.com.ar\/wp-content\/uploads\/2026\/08\/Jordania-130x90.avif",130,90,true],"colormag-featured-image":["https:\/\/lavozdelagente.com.ar\/wp-content\/uploads\/2026\/08\/Jordania-800x445.avif",800,445,true],"colormag-default-news":["https:\/\/lavozdelagente.com.ar\/wp-content\/uploads\/2026\/08\/Jordania-150x150.avif",150,150,true],"colormag-featured-image-large":["https:\/\/lavozdelagente.com.ar\/wp-content\/uploads\/2026\/08\/Jordania.avif",960,539,false]},"rttpg_author":{"display_name":"rober","author_link":"https:\/\/lavozdelagente.com.ar\/index\/author\/rober\/"},"rttpg_comment":0,"rttpg_category":"<a href=\"https:\/\/lavozdelagente.com.ar\/index\/category\/varios\/\" rel=\"category tag\">Varios<\/a>","rttpg_excerpt":"El Cuerpo de los Guardianes de la Revoluci\u00f3n Isl\u00e1mica (CGRI) inform\u00f3 este lunes que lanz\u00f3 un ataque combinado con misiles","_links":{"self":[{"href":"https:\/\/lavozdelagente.com.ar\/index\/wp-json\/wp\/v2\/posts\/3613","targetHints":{"allow":["GET"]}}],"collection":[{"href":"https:\/\/lavozdelagente.com.ar\/index\/wp-json\/wp\/v2\/posts"}],"about":[{"href":"https:\/\/lavozdelagente.com.ar\/index\/wp-json\/wp\/v2\/types\/post"}],"author":[{"embeddable":true,"href":"https:\/\/lavozdelagente.com.ar\/index\/wp-json\/wp\/v2\/users\/2"}],"replies":[{"embeddable":true,"href":"https:\/\/lavozdelagente.com.ar\/index\/wp-json\/wp\/v2\/comments?post=3613"}],"version-history":[{"count":1,"href":"https:\/\/lavozdelagente.com.ar\/index\/wp-json\/wp\/v2\/posts\/3613\/revisions"}],"predecessor-version":[{"id":3615,"href":"https:\/\/lavozdelagente.com.ar\/index\/wp-json\/wp\/v2\/posts\/3613\/revisions\/3615"}],"wp:featuredmedia":[{"embeddable":true,"href":"https:\/\/lavozdelagente.com.ar\/index\/wp-json\/wp\/v2\/media\/3614"}],"wp:attachment":[{"href":"https:\/\/lavozdelagente.com.ar\/index\/wp-json\/wp\/v2\/media?parent=3613"}],"wp:term":[{"taxonomy":"category","embeddable":true,"href":"https:\/\/lavozdelagente.com.ar\/index\/wp-json\/wp\/v2\/categories?post=3613"},{"taxonomy":"post_tag","embeddable":true,"href":"https:\/\/lavozdelagente.com.ar\/index\/wp-json\/wp\/v2\/tags?post=3613"}],"curies":[{"name":"wp","href":"https:\/\/api.w.org\/{rel}","templated":true}]}}