{"id":3619,"date":"2026-08-31T14:16:17","date_gmt":"2026-08-31T14:16:17","guid":{"rendered":"https:\/\/lavozdelagente.com.ar\/index\/?p=3619"},"modified":"2026-08-31T14:16:17","modified_gmt":"2026-08-31T14:16:17","slug":"nepal-la-cifra-de-muertos-asciende-a-mas-de-900-tras-el-colapso-glaciar","status":"publish","type":"post","link":"https:\/\/lavozdelagente.com.ar\/index\/2026\/08\/31\/nepal-la-cifra-de-muertos-asciende-a-mas-de-900-tras-el-colapso-glaciar\/","title":{"rendered":"Nepal: la cifra de muertos asciende a m\u00e1s de 900 tras el colapso glaciar"},"content":{"rendered":"<p>El n\u00famero de muertos por el devastador alud de lodo ocurrido en Nepal el pasado mi\u00e9rcoles ascendi\u00f3 a 903, seg\u00fan la \u00faltima informaci\u00f3n brindada por la Autoridad Nacional de Reducci\u00f3n y Gesti\u00f3n del Riesgo de Desastres, mientras que 4.247 personas a\u00fan permanecen desaparecidas.<\/p>\n<p>En las operaciones de b\u00fasqueda, rescate y asistencia trabajan 20.819 efectivos de seguridad, inform\u00f3 dicha autoridad sobre el desastre que adem\u00e1s dej\u00f3 un total de 267 heridos.<\/p>\n<p>Alerta amarilla en la frontera con China<br \/>\nEn ese contexto, mientras se aceleran los esfuerzos de rescate y alivio luego de que el colapso glaciar tambi\u00e9n afectara al puerto de Gyirong, en la frontera China-Nepal, el Ministerio de Recursos Naturales y la Administraci\u00f3n Meteorol\u00f3gica de China emitieron de manera conjunta una alerta amarilla por riesgo de desastres geol\u00f3gicos, el tercero de los cuatro niveles en el sistema de alerta de China.<\/p>\n<p>Esta alerta advierte sobre riesgos relativamente altos en partes del sur de Xizang, que incluye a la zona de Gyirong, hasta las 20 (hora local) del lunes.<\/p>\n<p>En ese sentido, en las zonas que permanecen incomunicadas, los da\u00f1os en las redes de distribuci\u00f3n y la posible contaminaci\u00f3n de las fuentes de agua generan preocupaci\u00f3n por la aparici\u00f3n de enfermedades, report\u00f3 la agencia ANSA.<\/p>\n<p>La magnitud de la cat\u00e1strofe dej\u00f3 comunidades sin acceso regular a agua limpia para beber y para las necesidades b\u00e1sicas de higiene, mientras los equipos de emergencia intentan restablecer las comunicaciones y el suministro de servicios esenciales.<\/p>\n<p>Un colapso glaciar<br \/>\nEn un primer momento, los cient\u00edficos creyeron que la causa del desastre en Nepal hab\u00eda sido un terremoto, aunque luego descubrieron que los temblores registrados en realidad estaban relacionados con un \u00abcolapso glaciar\u00bb, una consecuencia de un gran deslizamiento de hielo y escombros, seg\u00fan pudo saber la Agencia Noticias Argentinas.<\/p>\n<p>Agencia NA<\/p>\n","protected":false},"excerpt":{"rendered":"<p>El n\u00famero de muertos por el devastador alud de lodo ocurrido en Nepal el pasado mi\u00e9rcoles ascendi\u00f3 a 903, seg\u00fan<\/p>\n","protected":false},"author":2,"featured_media":3620,"comment_status":"open","ping_status":"open","sticky":false,"template":"","format":"standard","meta":{"colormag_page_container_layout":"default_layout","colormag_page_sidebar_layout":"default_layout","om_disable_all_campaigns":false,"_monsterinsights_skip_tracking":false,"footnotes":""},"categories":[6],"tags":[],"class_list":["post-3619","post","type-post","status-publish","format-standard","has-post-thumbnail","hentry","category-varios"],"aioseo_notices":[],"aioseo_head":"\n\t\t<!-- All in One SEO 5.0.1.1 - aioseo.com -->\n\t<meta name=\"description\" content=\"El n\u00famero de muertos por el devastador alud de lodo ocurrido en Nepal el pasado mi\u00e9rcoles ascendi\u00f3 a 903, seg\u00fan la \u00faltima informaci\u00f3n brindada por la Autoridad Nacional de Reducci\u00f3n y Gesti\u00f3n del Riesgo de Desastres, mientras que 4.247 personas a\u00fan permanecen desaparecidas. En las operaciones de b\u00fasqueda, rescate y asistencia trabajan 20.819 efectivos de\" \/>\n\t<meta name=\"robots\" content=\"max-image-preview:large\" \/>\n\t<meta name=\"author\" content=\"rober\"\/>\n\t<meta name=\"google-site-verification\" content=\"dJHDh1fUzR1o-UwpFfn1JyiF-0R1LCNFZReSb-gbgcE\" \/>\n\t<link rel=\"canonical\" href=\"https:\/\/lavozdelagente.com.ar\/index\/2026\/08\/31\/nepal-la-cifra-de-muertos-asciende-a-mas-de-900-tras-el-colapso-glaciar\/\" \/>\n\t<meta name=\"generator\" content=\"All in One SEO (AIOSEO) 5.0.1.1\" \/>\n\t\t<meta property=\"og:locale\" content=\"es_ES\" \/>\n\t\t<meta property=\"og:site_name\" content=\"LA VOZ DE LA GENTE - SDE\" \/>\n\t\t<meta property=\"og:type\" content=\"article\" \/>\n\t\t<meta property=\"og:title\" content=\"Nepal: la cifra de muertos asciende a m\u00e1s de 900 tras el colapso glaciar - LA VOZ DE LA GENTE\" \/>\n\t\t<meta property=\"og:description\" content=\"El n\u00famero de muertos por el devastador alud de lodo ocurrido en Nepal el pasado mi\u00e9rcoles ascendi\u00f3 a 903, seg\u00fan la \u00faltima informaci\u00f3n brindada por la Autoridad Nacional de Reducci\u00f3n y Gesti\u00f3n del Riesgo de Desastres, mientras que 4.247 personas a\u00fan permanecen desaparecidas. En las operaciones de b\u00fasqueda, rescate y asistencia trabajan 20.819 efectivos de\" \/>\n\t\t<meta property=\"og:url\" content=\"https:\/\/lavozdelagente.com.ar\/index\/2026\/08\/31\/nepal-la-cifra-de-muertos-asciende-a-mas-de-900-tras-el-colapso-glaciar\/\" \/>\n\t\t<meta property=\"article:published_time\" content=\"2026-08-31T14:16:17+00:00\" \/>\n\t\t<meta property=\"article:modified_time\" content=\"2026-08-31T14:16:17+00:00\" \/>\n\t\t<meta name=\"twitter:card\" content=\"summary_large_image\" \/>\n\t\t<meta name=\"twitter:title\" content=\"Nepal: la cifra de muertos asciende a m\u00e1s de 900 tras el colapso glaciar - LA VOZ DE LA GENTE\" \/>\n\t\t<meta name=\"twitter:description\" content=\"El n\u00famero de muertos por el devastador alud de lodo ocurrido en Nepal el pasado mi\u00e9rcoles ascendi\u00f3 a 903, seg\u00fan la \u00faltima informaci\u00f3n brindada por la Autoridad Nacional de Reducci\u00f3n y Gesti\u00f3n del Riesgo de Desastres, mientras que 4.247 personas a\u00fan permanecen desaparecidas. En las operaciones de b\u00fasqueda, rescate y asistencia trabajan 20.819 efectivos de\" \/>\n\t\t<script type=\"application\/ld+json\" class=\"aioseo-schema\">\n\t\t\t{\"@context\":\"https:\\\/\\\/schema.org\",\"@graph\":[{\"@type\":\"BlogPosting\",\"@id\":\"https:\\\/\\\/lavozdelagente.com.ar\\\/index\\\/2026\\\/08\\\/31\\\/nepal-la-cifra-de-muertos-asciende-a-mas-de-900-tras-el-colapso-glaciar\\\/#blogposting\",\"name\":\"Nepal: la cifra de muertos asciende a m\\u00e1s de 900 tras el colapso glaciar - LA VOZ DE LA GENTE\",\"headline\":\"Nepal: la cifra de muertos asciende a m\\u00e1s de 900 tras el colapso glaciar\",\"author\":{\"@id\":\"https:\\\/\\\/lavozdelagente.com.ar\\\/index\\\/author\\\/rober\\\/#author\"},\"publisher\":{\"@id\":\"https:\\\/\\\/lavozdelagente.com.ar\\\/index\\\/#person\"},\"image\":{\"@type\":\"ImageObject\",\"url\":\"https:\\\/\\\/lavozdelagente.com.ar\\\/wp-content\\\/uploads\\\/2026\\\/08\\\/Nepal.avif\",\"width\":810,\"height\":540},\"datePublished\":\"2026-08-31T14:16:17+00:00\",\"dateModified\":\"2026-08-31T14:16:17+00:00\",\"inLanguage\":\"es-ES\",\"mainEntityOfPage\":{\"@id\":\"https:\\\/\\\/lavozdelagente.com.ar\\\/index\\\/2026\\\/08\\\/31\\\/nepal-la-cifra-de-muertos-asciende-a-mas-de-900-tras-el-colapso-glaciar\\\/#webpage\"},\"isPartOf\":{\"@id\":\"https:\\\/\\\/lavozdelagente.com.ar\\\/index\\\/2026\\\/08\\\/31\\\/nepal-la-cifra-de-muertos-asciende-a-mas-de-900-tras-el-colapso-glaciar\\\/#webpage\"},\"articleSection\":\"Varios\"},{\"@type\":\"BreadcrumbList\",\"@id\":\"https:\\\/\\\/lavozdelagente.com.ar\\\/index\\\/2026\\\/08\\\/31\\\/nepal-la-cifra-de-muertos-asciende-a-mas-de-900-tras-el-colapso-glaciar\\\/#breadcrumblist\",\"itemListElement\":[{\"@type\":\"ListItem\",\"@id\":\"https:\\\/\\\/lavozdelagente.com.ar\\\/index#listItem\",\"position\":1,\"name\":\"Home\",\"item\":\"https:\\\/\\\/lavozdelagente.com.ar\\\/index\",\"nextItem\":{\"@type\":\"ListItem\",\"@id\":\"https:\\\/\\\/lavozdelagente.com.ar\\\/index\\\/category\\\/varios\\\/#listItem\",\"name\":\"Varios\"}},{\"@type\":\"ListItem\",\"@id\":\"https:\\\/\\\/lavozdelagente.com.ar\\\/index\\\/category\\\/varios\\\/#listItem\",\"position\":2,\"name\":\"Varios\",\"item\":\"https:\\\/\\\/lavozdelagente.com.ar\\\/index\\\/category\\\/varios\\\/\",\"nextItem\":{\"@type\":\"ListItem\",\"@id\":\"https:\\\/\\\/lavozdelagente.com.ar\\\/index\\\/2026\\\/08\\\/31\\\/nepal-la-cifra-de-muertos-asciende-a-mas-de-900-tras-el-colapso-glaciar\\\/#listItem\",\"name\":\"Nepal: la cifra de muertos asciende a m\\u00e1s de 900 tras el colapso glaciar\"},\"previousItem\":{\"@type\":\"ListItem\",\"@id\":\"https:\\\/\\\/lavozdelagente.com.ar\\\/index#listItem\",\"name\":\"Home\"}},{\"@type\":\"ListItem\",\"@id\":\"https:\\\/\\\/lavozdelagente.com.ar\\\/index\\\/2026\\\/08\\\/31\\\/nepal-la-cifra-de-muertos-asciende-a-mas-de-900-tras-el-colapso-glaciar\\\/#listItem\",\"position\":3,\"name\":\"Nepal: la cifra de muertos asciende a m\\u00e1s de 900 tras el colapso glaciar\",\"previousItem\":{\"@type\":\"ListItem\",\"@id\":\"https:\\\/\\\/lavozdelagente.com.ar\\\/index\\\/category\\\/varios\\\/#listItem\",\"name\":\"Varios\"}}]},{\"@type\":\"Person\",\"@id\":\"https:\\\/\\\/lavozdelagente.com.ar\\\/index\\\/author\\\/rober\\\/#author\",\"url\":\"https:\\\/\\\/lavozdelagente.com.ar\\\/index\\\/author\\\/rober\\\/\",\"name\":\"rober\",\"image\":{\"@type\":\"ImageObject\",\"@id\":\"https:\\\/\\\/lavozdelagente.com.ar\\\/index\\\/2026\\\/08\\\/31\\\/nepal-la-cifra-de-muertos-asciende-a-mas-de-900-tras-el-colapso-glaciar\\\/#authorImage\",\"url\":\"https:\\\/\\\/secure.gravatar.com\\\/avatar\\\/901a62cd098b11a08c5fe38d2de0f8ad6b745f5d4f6413ad71e1630ac07766e0?s=96&d=mm&r=g\",\"width\":96,\"height\":96,\"caption\":\"rober\"}},{\"@type\":\"WebPage\",\"@id\":\"https:\\\/\\\/lavozdelagente.com.ar\\\/index\\\/2026\\\/08\\\/31\\\/nepal-la-cifra-de-muertos-asciende-a-mas-de-900-tras-el-colapso-glaciar\\\/#webpage\",\"url\":\"https:\\\/\\\/lavozdelagente.com.ar\\\/index\\\/2026\\\/08\\\/31\\\/nepal-la-cifra-de-muertos-asciende-a-mas-de-900-tras-el-colapso-glaciar\\\/\",\"name\":\"Nepal: la cifra de muertos asciende a m\\u00e1s de 900 tras el colapso glaciar - LA VOZ DE LA GENTE\",\"description\":\"El n\\u00famero de muertos por el devastador alud de lodo ocurrido en Nepal el pasado mi\\u00e9rcoles ascendi\\u00f3 a 903, seg\\u00fan la \\u00faltima informaci\\u00f3n brindada por la Autoridad Nacional de Reducci\\u00f3n y Gesti\\u00f3n del Riesgo de Desastres, mientras que 4.247 personas a\\u00fan permanecen desaparecidas. En las operaciones de b\\u00fasqueda, rescate y asistencia trabajan 20.819 efectivos de\",\"inLanguage\":\"es-ES\",\"isPartOf\":{\"@id\":\"https:\\\/\\\/lavozdelagente.com.ar\\\/index\\\/#website\"},\"breadcrumb\":{\"@id\":\"https:\\\/\\\/lavozdelagente.com.ar\\\/index\\\/2026\\\/08\\\/31\\\/nepal-la-cifra-de-muertos-asciende-a-mas-de-900-tras-el-colapso-glaciar\\\/#breadcrumblist\"},\"author\":{\"@id\":\"https:\\\/\\\/lavozdelagente.com.ar\\\/index\\\/author\\\/rober\\\/#author\"},\"creator\":{\"@id\":\"https:\\\/\\\/lavozdelagente.com.ar\\\/index\\\/author\\\/rober\\\/#author\"},\"image\":{\"@type\":\"ImageObject\",\"url\":\"https:\\\/\\\/lavozdelagente.com.ar\\\/wp-content\\\/uploads\\\/2026\\\/08\\\/Nepal.avif\",\"@id\":\"https:\\\/\\\/lavozdelagente.com.ar\\\/index\\\/2026\\\/08\\\/31\\\/nepal-la-cifra-de-muertos-asciende-a-mas-de-900-tras-el-colapso-glaciar\\\/#mainImage\",\"width\":810,\"height\":540},\"primaryImageOfPage\":{\"@id\":\"https:\\\/\\\/lavozdelagente.com.ar\\\/index\\\/2026\\\/08\\\/31\\\/nepal-la-cifra-de-muertos-asciende-a-mas-de-900-tras-el-colapso-glaciar\\\/#mainImage\"},\"datePublished\":\"2026-08-31T14:16:17+00:00\",\"dateModified\":\"2026-08-31T14:16:17+00:00\"},{\"@type\":\"WebSite\",\"@id\":\"https:\\\/\\\/lavozdelagente.com.ar\\\/index\\\/#website\",\"url\":\"https:\\\/\\\/lavozdelagente.com.ar\\\/index\\\/\",\"name\":\"LA VOZ DE LA GENTE\",\"description\":\"SDE\",\"inLanguage\":\"es-ES\",\"publisher\":{\"@id\":\"https:\\\/\\\/lavozdelagente.com.ar\\\/index\\\/#person\"}}]}\n\t\t<\/script>\n\t\t<!-- All in One SEO -->\n\n","aioseo_head_json":{"title":"Nepal: la cifra de muertos asciende a m\u00e1s de 900 tras el colapso glaciar - LA VOZ DE LA GENTE","description":"El n\u00famero de muertos por el devastador alud de lodo ocurrido en Nepal el pasado mi\u00e9rcoles ascendi\u00f3 a 903, seg\u00fan la \u00faltima informaci\u00f3n brindada por la Autoridad Nacional de Reducci\u00f3n y Gesti\u00f3n del Riesgo de Desastres, mientras que 4.247 personas a\u00fan permanecen desaparecidas. En las operaciones de b\u00fasqueda, rescate y asistencia trabajan 20.819 efectivos de","canonical_url":"https:\/\/lavozdelagente.com.ar\/index\/2026\/08\/31\/nepal-la-cifra-de-muertos-asciende-a-mas-de-900-tras-el-colapso-glaciar\/","robots":"max-image-preview:large","keywords":"","webmasterTools":{"google-site-verification":"dJHDh1fUzR1o-UwpFfn1JyiF-0R1LCNFZReSb-gbgcE","miscellaneous":""},"schema":{"@context":"https:\/\/schema.org","@graph":[{"@type":"BlogPosting","@id":"https:\/\/lavozdelagente.com.ar\/index\/2026\/08\/31\/nepal-la-cifra-de-muertos-asciende-a-mas-de-900-tras-el-colapso-glaciar\/#blogposting","name":"Nepal: la cifra de muertos asciende a m\u00e1s de 900 tras el colapso glaciar - LA VOZ DE LA GENTE","headline":"Nepal: la cifra de muertos asciende a m\u00e1s de 900 tras el colapso glaciar","author":{"@id":"https:\/\/lavozdelagente.com.ar\/index\/author\/rober\/#author"},"publisher":{"@id":"https:\/\/lavozdelagente.com.ar\/index\/#person"},"image":{"@type":"ImageObject","url":"https:\/\/lavozdelagente.com.ar\/wp-content\/uploads\/2026\/08\/Nepal.avif","width":810,"height":540},"datePublished":"2026-08-31T14:16:17+00:00","dateModified":"2026-08-31T14:16:17+00:00","inLanguage":"es-ES","mainEntityOfPage":{"@id":"https:\/\/lavozdelagente.com.ar\/index\/2026\/08\/31\/nepal-la-cifra-de-muertos-asciende-a-mas-de-900-tras-el-colapso-glaciar\/#webpage"},"isPartOf":{"@id":"https:\/\/lavozdelagente.com.ar\/index\/2026\/08\/31\/nepal-la-cifra-de-muertos-asciende-a-mas-de-900-tras-el-colapso-glaciar\/#webpage"},"articleSection":"Varios"},{"@type":"BreadcrumbList","@id":"https:\/\/lavozdelagente.com.ar\/index\/2026\/08\/31\/nepal-la-cifra-de-muertos-asciende-a-mas-de-900-tras-el-colapso-glaciar\/#breadcrumblist","itemListElement":[{"@type":"ListItem","@id":"https:\/\/lavozdelagente.com.ar\/index#listItem","position":1,"name":"Home","item":"https:\/\/lavozdelagente.com.ar\/index","nextItem":{"@type":"ListItem","@id":"https:\/\/lavozdelagente.com.ar\/index\/category\/varios\/#listItem","name":"Varios"}},{"@type":"ListItem","@id":"https:\/\/lavozdelagente.com.ar\/index\/category\/varios\/#listItem","position":2,"name":"Varios","item":"https:\/\/lavozdelagente.com.ar\/index\/category\/varios\/","nextItem":{"@type":"ListItem","@id":"https:\/\/lavozdelagente.com.ar\/index\/2026\/08\/31\/nepal-la-cifra-de-muertos-asciende-a-mas-de-900-tras-el-colapso-glaciar\/#listItem","name":"Nepal: la cifra de muertos asciende a m\u00e1s de 900 tras el colapso glaciar"},"previousItem":{"@type":"ListItem","@id":"https:\/\/lavozdelagente.com.ar\/index#listItem","name":"Home"}},{"@type":"ListItem","@id":"https:\/\/lavozdelagente.com.ar\/index\/2026\/08\/31\/nepal-la-cifra-de-muertos-asciende-a-mas-de-900-tras-el-colapso-glaciar\/#listItem","position":3,"name":"Nepal: la cifra de muertos asciende a m\u00e1s de 900 tras el colapso glaciar","previousItem":{"@type":"ListItem","@id":"https:\/\/lavozdelagente.com.ar\/index\/category\/varios\/#listItem","name":"Varios"}}]},{"@type":"Person","@id":"https:\/\/lavozdelagente.com.ar\/index\/author\/rober\/#author","url":"https:\/\/lavozdelagente.com.ar\/index\/author\/rober\/","name":"rober","image":{"@type":"ImageObject","@id":"https:\/\/lavozdelagente.com.ar\/index\/2026\/08\/31\/nepal-la-cifra-de-muertos-asciende-a-mas-de-900-tras-el-colapso-glaciar\/#authorImage","url":"https:\/\/secure.gravatar.com\/avatar\/901a62cd098b11a08c5fe38d2de0f8ad6b745f5d4f6413ad71e1630ac07766e0?s=96&d=mm&r=g","width":96,"height":96,"caption":"rober"}},{"@type":"WebPage","@id":"https:\/\/lavozdelagente.com.ar\/index\/2026\/08\/31\/nepal-la-cifra-de-muertos-asciende-a-mas-de-900-tras-el-colapso-glaciar\/#webpage","url":"https:\/\/lavozdelagente.com.ar\/index\/2026\/08\/31\/nepal-la-cifra-de-muertos-asciende-a-mas-de-900-tras-el-colapso-glaciar\/","name":"Nepal: la cifra de muertos asciende a m\u00e1s de 900 tras el colapso glaciar - LA VOZ DE LA GENTE","description":"El n\u00famero de muertos por el devastador alud de lodo ocurrido en Nepal el pasado mi\u00e9rcoles ascendi\u00f3 a 903, seg\u00fan la \u00faltima informaci\u00f3n brindada por la Autoridad Nacional de Reducci\u00f3n y Gesti\u00f3n del Riesgo de Desastres, mientras que 4.247 personas a\u00fan permanecen desaparecidas. En las operaciones de b\u00fasqueda, rescate y asistencia trabajan 20.819 efectivos de","inLanguage":"es-ES","isPartOf":{"@id":"https:\/\/lavozdelagente.com.ar\/index\/#website"},"breadcrumb":{"@id":"https:\/\/lavozdelagente.com.ar\/index\/2026\/08\/31\/nepal-la-cifra-de-muertos-asciende-a-mas-de-900-tras-el-colapso-glaciar\/#breadcrumblist"},"author":{"@id":"https:\/\/lavozdelagente.com.ar\/index\/author\/rober\/#author"},"creator":{"@id":"https:\/\/lavozdelagente.com.ar\/index\/author\/rober\/#author"},"image":{"@type":"ImageObject","url":"https:\/\/lavozdelagente.com.ar\/wp-content\/uploads\/2026\/08\/Nepal.avif","@id":"https:\/\/lavozdelagente.com.ar\/index\/2026\/08\/31\/nepal-la-cifra-de-muertos-asciende-a-mas-de-900-tras-el-colapso-glaciar\/#mainImage","width":810,"height":540},"primaryImageOfPage":{"@id":"https:\/\/lavozdelagente.com.ar\/index\/2026\/08\/31\/nepal-la-cifra-de-muertos-asciende-a-mas-de-900-tras-el-colapso-glaciar\/#mainImage"},"datePublished":"2026-08-31T14:16:17+00:00","dateModified":"2026-08-31T14:16:17+00:00"},{"@type":"WebSite","@id":"https:\/\/lavozdelagente.com.ar\/index\/#website","url":"https:\/\/lavozdelagente.com.ar\/index\/","name":"LA VOZ DE LA GENTE","description":"SDE","inLanguage":"es-ES","publisher":{"@id":"https:\/\/lavozdelagente.com.ar\/index\/#person"}}]},"og:locale":"es_ES","og:site_name":"LA VOZ DE LA GENTE - SDE","og:type":"article","og:title":"Nepal: la cifra de muertos asciende a m\u00e1s de 900 tras el colapso glaciar - LA VOZ DE LA GENTE","og:description":"El n\u00famero de muertos por el devastador alud de lodo ocurrido en Nepal el pasado mi\u00e9rcoles ascendi\u00f3 a 903, seg\u00fan la \u00faltima informaci\u00f3n brindada por la Autoridad Nacional de Reducci\u00f3n y Gesti\u00f3n del Riesgo de Desastres, mientras que 4.247 personas a\u00fan permanecen desaparecidas. En las operaciones de b\u00fasqueda, rescate y asistencia trabajan 20.819 efectivos de","og:url":"https:\/\/lavozdelagente.com.ar\/index\/2026\/08\/31\/nepal-la-cifra-de-muertos-asciende-a-mas-de-900-tras-el-colapso-glaciar\/","article:published_time":"2026-08-31T14:16:17+00:00","article:modified_time":"2026-08-31T14:16:17+00:00","twitter:card":"summary_large_image","twitter:title":"Nepal: la cifra de muertos asciende a m\u00e1s de 900 tras el colapso glaciar - LA VOZ DE LA GENTE","twitter:description":"El n\u00famero de muertos por el devastador alud de lodo ocurrido en Nepal el pasado mi\u00e9rcoles ascendi\u00f3 a 903, seg\u00fan la \u00faltima informaci\u00f3n brindada por la Autoridad Nacional de Reducci\u00f3n y Gesti\u00f3n del Riesgo de Desastres, mientras que 4.247 personas a\u00fan permanecen desaparecidas. En las operaciones de b\u00fasqueda, rescate y asistencia trabajan 20.819 efectivos de"},"aioseo_meta_data":{"post_id":"3619","title":null,"description":null,"keywords":null,"keyphrases":{"focus":{"keyphrase":"","score":0,"analysis":{"keyphraseInTitle":{"score":0,"maxScore":9,"error":1}}},"additional":[]},"primary_term":null,"canonical_url":null,"og_title":null,"og_description":null,"og_object_type":"default","og_image_type":"default","og_image_url":null,"og_image_width":null,"og_image_height":null,"og_image_custom_url":null,"og_image_custom_fields":null,"og_video":"","og_custom_url":null,"og_article_section":null,"og_article_tags":null,"twitter_use_og":false,"twitter_card":"default","twitter_image_type":"default","twitter_image_url":null,"twitter_image_custom_url":null,"twitter_image_custom_fields":null,"twitter_title":null,"twitter_description":null,"schema":{"blockGraphs":[],"customGraphs":[],"default":{"data":{"Article":[],"Course":[],"Dataset":[],"FAQPage":[],"Movie":[],"Person":[],"Product":[],"ProductReview":[],"Car":[],"Recipe":[],"Service":[],"SoftwareApplication":[],"WebPage":[]},"graphName":"BlogPosting","isEnabled":true},"graphs":[]},"schema_type":"default","schema_type_options":null,"pillar_content":false,"robots_default":true,"robots_noindex":false,"robots_noarchive":false,"robots_nosnippet":false,"robots_nofollow":false,"robots_noimageindex":false,"robots_noodp":false,"robots_notranslate":false,"robots_max_snippet":"-1","robots_max_videopreview":"-1","robots_max_imagepreview":"large","priority":null,"frequency":"default","local_seo":null,"breadcrumb_settings":null,"limit_modified_date":false,"ai":{"faqs":[],"keyPoints":[],"schemas":[],"titles":[],"descriptions":[],"socialPosts":{"email":{"subject":"","preview":"","content":""},"linkedin":[],"twitter":[],"facebook":[],"instagram":[]}},"created":"2026-08-31 14:16:17","updated":"2026-09-01 06:49:40","seo_analyzer_scan_date":null,"focus_keyword":null,"additional_keywords":null,"truseo_locale":null},"aioseo_breadcrumb":"<div class=\"aioseo-breadcrumbs\"><span class=\"aioseo-breadcrumb\">\n\t\t\t<a href=\"https:\/\/lavozdelagente.com.ar\/index\" title=\"Home\">Home<\/a>\n\t\t<\/span><span class=\"aioseo-breadcrumb-separator\">&raquo;<\/span><span class=\"aioseo-breadcrumb\">\n\t\t\t<a href=\"https:\/\/lavozdelagente.com.ar\/index\/category\/varios\/\" title=\"Varios\">Varios<\/a>\n\t\t<\/span><span class=\"aioseo-breadcrumb-separator\">&raquo;<\/span><span class=\"aioseo-breadcrumb\">\n\t\t\tNepal: la cifra de muertos asciende a m\u00e1s de 900 tras el colapso glaciar\n\t\t<\/span><\/div>","aioseo_breadcrumb_json":[{"label":"Home","link":"https:\/\/lavozdelagente.com.ar\/index"},{"label":"Varios","link":"https:\/\/lavozdelagente.com.ar\/index\/category\/varios\/"},{"label":"Nepal: la cifra de muertos asciende a m\u00e1s de 900 tras el colapso glaciar","link":"https:\/\/lavozdelagente.com.ar\/index\/2026\/08\/31\/nepal-la-cifra-de-muertos-asciende-a-mas-de-900-tras-el-colapso-glaciar\/"}],"rttpg_featured_image_url":{"full":["https:\/\/lavozdelagente.com.ar\/wp-content\/uploads\/2026\/08\/Nepal.avif",810,540,false],"landscape":["https:\/\/lavozdelagente.com.ar\/wp-content\/uploads\/2026\/08\/Nepal.avif",810,540,false],"portraits":["https:\/\/lavozdelagente.com.ar\/wp-content\/uploads\/2026\/08\/Nepal.avif",810,540,false],"thumbnail":["https:\/\/lavozdelagente.com.ar\/wp-content\/uploads\/2026\/08\/Nepal-150x150.avif",150,150,true],"medium":["https:\/\/lavozdelagente.com.ar\/wp-content\/uploads\/2026\/08\/Nepal-300x200.avif",300,200,true],"large":["https:\/\/lavozdelagente.com.ar\/wp-content\/uploads\/2026\/08\/Nepal.avif",800,533,false],"1536x1536":["https:\/\/lavozdelagente.com.ar\/wp-content\/uploads\/2026\/08\/Nepal.avif",810,540,false],"2048x2048":["https:\/\/lavozdelagente.com.ar\/wp-content\/uploads\/2026\/08\/Nepal.avif",810,540,false],"colormag-highlighted-post":["https:\/\/lavozdelagente.com.ar\/wp-content\/uploads\/2026\/08\/Nepal-392x272.avif",392,272,true],"colormag-featured-post-medium":["https:\/\/lavozdelagente.com.ar\/wp-content\/uploads\/2026\/08\/Nepal-390x205.avif",390,205,true],"colormag-featured-post-small":["https:\/\/lavozdelagente.com.ar\/wp-content\/uploads\/2026\/08\/Nepal-130x90.avif",130,90,true],"colormag-featured-image":["https:\/\/lavozdelagente.com.ar\/wp-content\/uploads\/2026\/08\/Nepal-800x445.avif",800,445,true],"colormag-default-news":["https:\/\/lavozdelagente.com.ar\/wp-content\/uploads\/2026\/08\/Nepal-150x150.avif",150,150,true],"colormag-featured-image-large":["https:\/\/lavozdelagente.com.ar\/wp-content\/uploads\/2026\/08\/Nepal.avif",810,540,false]},"rttpg_author":{"display_name":"rober","author_link":"https:\/\/lavozdelagente.com.ar\/index\/author\/rober\/"},"rttpg_comment":0,"rttpg_category":"<a href=\"https:\/\/lavozdelagente.com.ar\/index\/category\/varios\/\" rel=\"category tag\">Varios<\/a>","rttpg_excerpt":"El n\u00famero de muertos por el devastador alud de lodo ocurrido en Nepal el pasado mi\u00e9rcoles ascendi\u00f3 a 903, seg\u00fan","_links":{"self":[{"href":"https:\/\/lavozdelagente.com.ar\/index\/wp-json\/wp\/v2\/posts\/3619","targetHints":{"allow":["GET"]}}],"collection":[{"href":"https:\/\/lavozdelagente.com.ar\/index\/wp-json\/wp\/v2\/posts"}],"about":[{"href":"https:\/\/lavozdelagente.com.ar\/index\/wp-json\/wp\/v2\/types\/post"}],"author":[{"embeddable":true,"href":"https:\/\/lavozdelagente.com.ar\/index\/wp-json\/wp\/v2\/users\/2"}],"replies":[{"embeddable":true,"href":"https:\/\/lavozdelagente.com.ar\/index\/wp-json\/wp\/v2\/comments?post=3619"}],"version-history":[{"count":1,"href":"https:\/\/lavozdelagente.com.ar\/index\/wp-json\/wp\/v2\/posts\/3619\/revisions"}],"predecessor-version":[{"id":3621,"href":"https:\/\/lavozdelagente.com.ar\/index\/wp-json\/wp\/v2\/posts\/3619\/revisions\/3621"}],"wp:featuredmedia":[{"embeddable":true,"href":"https:\/\/lavozdelagente.com.ar\/index\/wp-json\/wp\/v2\/media\/3620"}],"wp:attachment":[{"href":"https:\/\/lavozdelagente.com.ar\/index\/wp-json\/wp\/v2\/media?parent=3619"}],"wp:term":[{"taxonomy":"category","embeddable":true,"href":"https:\/\/lavozdelagente.com.ar\/index\/wp-json\/wp\/v2\/categories?post=3619"},{"taxonomy":"post_tag","embeddable":true,"href":"https:\/\/lavozdelagente.com.ar\/index\/wp-json\/wp\/v2\/tags?post=3619"}],"curies":[{"name":"wp","href":"https:\/\/api.w.org\/{rel}","templated":true}]}}