{"id":3625,"date":"2026-09-02T21:42:29","date_gmt":"2026-09-02T21:42:29","guid":{"rendered":"https:\/\/lavozdelagente.com.ar\/index\/?p=3625"},"modified":"2026-09-02T21:42:29","modified_gmt":"2026-09-02T21:42:29","slug":"el-gobernador-elias-suarez-participo-de-la-apertura-de-la-xxiii-feria-provincial-de-ciencia-y-tecnologia","status":"publish","type":"post","link":"https:\/\/lavozdelagente.com.ar\/index\/2026\/09\/02\/el-gobernador-elias-suarez-participo-de-la-apertura-de-la-xxiii-feria-provincial-de-ciencia-y-tecnologia\/","title":{"rendered":"El gobernador El\u00edas Su\u00e1rez particip\u00f3 de la apertura de la XXIII Feria Provincial de Ciencia y Tecnolog\u00eda"},"content":{"rendered":"<p>Con la presencia de cientos de alumnos y docentes de toda la provincia, el gobernador El\u00edas Su\u00e1rez particip\u00f3 este mi\u00e9rcoles la apertura oficial de la XXIII Feria Provincial de Ciencia y Tecnolog\u00eda, que se desarroll\u00f3 en las instalaciones del Nodo Tecnol\u00f3gico.<\/p>\n<p>&nbsp;<\/p>\n<p>El mandatario estuvo acompa\u00f1ado por el vicegobernador Carlos Silva Neder; el jefe de Gabinete, V\u00edctor Araujo; la ministra de Educaci\u00f3n, Mariela Nassif; la presidenta del Consejo de Educaci\u00f3n, Mar\u00eda Elena Herrera; el subsecretario de Educaci\u00f3n, Alejandro P\u00edccoli, y el secretario de Ciencia y Tecnolog\u00eda, Adri\u00e1n Su\u00e1rez. Tambi\u00e9n fueron parte de la ceremonia otros miembros del gabinete provincial y autoridades de las universidades Nacional y Cat\u00f3lica de Santiago del Estero.<\/p>\n<p>&nbsp;<\/p>\n<p>En este edici\u00f3n fueron presentados m\u00e1s de 250 trabajos de indagaci\u00f3n escolar, con el acompa\u00f1amiento de m\u00e1s de 130 profesores y referentes pedag\u00f3gicos a los m\u00e1s de 800 estudiantes que participan. Los proyectos se desarrollan bajo la innovadora modalidad con enfoque STEAM (Ciencia, Tecnolog\u00eda, Ingenier\u00eda, Arte y Matem\u00e1ticas), promoviendo una educaci\u00f3n integral y transversal para resolver problem\u00e1ticas reales del entorno.<br \/>\nEn su mensaje de apertura, el gobernador valor\u00f3 el rol de las nuevas generaciones al se\u00f1alar: \u201cYo vengo hoy a aprender de los m\u00e1s chicos, de los m\u00e1s j\u00f3venes, porque ellos son nuestro presente y en ellos est\u00e1 puesta nuestras esperanzas de futuro\u201d.<\/p>\n<p>&nbsp;<\/p>\n<p>Asimismo, ratific\u00f3 el rumbo de la gesti\u00f3n en materia educativa. \u201cSantiago del Estero tiene un rol fundamental en nuestra historia y en nuestro futuro como pa\u00eds. Por eso pensamos que la educaci\u00f3n debe ser la base del crecimiento y el desarrollo de nuestra provincia\u201d, remarc\u00f3.<br \/>\nDestac\u00f3 tambi\u00e9n el acompa\u00f1amiento docente y la vocaci\u00f3n de los ni\u00f1os y j\u00f3venes. \u201cEllos son el objetivo de esta muestra, porque bien lo dicen ellos: \u2018todos los d\u00edas venimos a aprender y estudiar\u2019. Hoy es un ejemplo de ello\u201d.<\/p>\n<p>&nbsp;<\/p>\n<p>Tambi\u00e9n destac\u00f3 el trabajo articulado de todo el sistema educativo, que pudo apreciar en un recorrido por los stands. \u201cLos m\u00e1s chiquitos nos dec\u00edan que vienen a compartir, que no vienen a competir, sino a aprender lo que en las escuelas podemos transmitirles; y ese es un esfuerzo colectivo de todo el sistema educativo\u201d, expres\u00f3.<\/p>\n<p>&nbsp;<\/p>\n<p>En este sentido, asumi\u00f3 el compromiso de \u201cseguir trabajando con el mismo esfuerzo de los \u00faltimos 20 a\u00f1os, generando mejor infraestructura, equipamiento, conectividad, pensando en que el docente debe ser protagonista de la ense\u00f1anza de nuestros j\u00f3venes y nuestros ni\u00f1os\u201d.<br \/>\nPor tal motivo celebr\u00f3 los testimonios de profesores del interior que hoy cumplen el sue\u00f1o de ense\u00f1ar en sus propias comunidades. Record\u00f3 adem\u00e1s que los cargos directivos en los establecimientos escolares se sustentan en concursos que garantizan igualdad de oportunidades para todos.<\/p>\n<p>&nbsp;<\/p>\n<p>Agreg\u00f3: \u201cEs imposible lograr una educaci\u00f3n de calidad sin el compromiso de la familia, de los docentes, de los \u00e1mbitos educativos, del Estado y, por supuesto, de la vocaci\u00f3n de nuestros j\u00f3venes. De otra forma no es posible encontrar ese camino que nos va a llevar a un verdadero crecimiento y desarrollo\u201d.<\/p>\n<p>Tras el acto formal, las autoridades recorrieron los diferentes stands y compartieron las presentaciones de los proyectos elaborados por estudiantes de distintos niveles educativos, reflejando el esfuerzo pedag\u00f3gico, la creatividad y el talento de la juventud santiague\u00f1a.<\/p>\n<p>&nbsp;<\/p>\n","protected":false},"excerpt":{"rendered":"<p>Con la presencia de cientos de alumnos y docentes de toda la provincia, el gobernador El\u00edas Su\u00e1rez particip\u00f3 este mi\u00e9rcoles<\/p>\n","protected":false},"author":2,"featured_media":3626,"comment_status":"open","ping_status":"open","sticky":false,"template":"","format":"standard","meta":{"colormag_page_container_layout":"default_layout","colormag_page_sidebar_layout":"default_layout","om_disable_all_campaigns":false,"_monsterinsights_skip_tracking":false,"footnotes":""},"categories":[2],"tags":[],"class_list":["post-3625","post","type-post","status-publish","format-standard","has-post-thumbnail","hentry","category-santiago"],"aioseo_notices":[],"aioseo_head":"\n\t\t<!-- All in One SEO 5.0.1.1 - aioseo.com -->\n\t<meta name=\"description\" content=\"Con la presencia de cientos de alumnos y docentes de toda la provincia, el gobernador El\u00edas Su\u00e1rez particip\u00f3 este mi\u00e9rcoles la apertura oficial de la XXIII Feria Provincial de Ciencia y Tecnolog\u00eda, que se desarroll\u00f3 en las instalaciones del Nodo Tecnol\u00f3gico. El mandatario estuvo acompa\u00f1ado por el vicegobernador Carlos Silva Neder; el jefe de\" \/>\n\t<meta name=\"robots\" content=\"max-image-preview:large\" \/>\n\t<meta name=\"author\" content=\"rober\"\/>\n\t<meta name=\"google-site-verification\" content=\"dJHDh1fUzR1o-UwpFfn1JyiF-0R1LCNFZReSb-gbgcE\" \/>\n\t<link rel=\"canonical\" href=\"https:\/\/lavozdelagente.com.ar\/index\/2026\/09\/02\/el-gobernador-elias-suarez-participo-de-la-apertura-de-la-xxiii-feria-provincial-de-ciencia-y-tecnologia\/\" \/>\n\t<meta name=\"generator\" content=\"All in One SEO (AIOSEO) 5.0.1.1\" \/>\n\t\t<meta property=\"og:locale\" content=\"es_ES\" \/>\n\t\t<meta property=\"og:site_name\" content=\"LA VOZ DE LA GENTE - SDE\" \/>\n\t\t<meta property=\"og:type\" content=\"article\" \/>\n\t\t<meta property=\"og:title\" content=\"El gobernador El\u00edas Su\u00e1rez particip\u00f3 de la apertura de la XXIII Feria Provincial de Ciencia y Tecnolog\u00eda - LA VOZ DE LA GENTE\" \/>\n\t\t<meta property=\"og:description\" content=\"Con la presencia de cientos de alumnos y docentes de toda la provincia, el gobernador El\u00edas Su\u00e1rez particip\u00f3 este mi\u00e9rcoles la apertura oficial de la XXIII Feria Provincial de Ciencia y Tecnolog\u00eda, que se desarroll\u00f3 en las instalaciones del Nodo Tecnol\u00f3gico. El mandatario estuvo acompa\u00f1ado por el vicegobernador Carlos Silva Neder; el jefe de\" \/>\n\t\t<meta property=\"og:url\" content=\"https:\/\/lavozdelagente.com.ar\/index\/2026\/09\/02\/el-gobernador-elias-suarez-participo-de-la-apertura-de-la-xxiii-feria-provincial-de-ciencia-y-tecnologia\/\" \/>\n\t\t<meta property=\"article:published_time\" content=\"2026-09-02T21:42:29+00:00\" \/>\n\t\t<meta property=\"article:modified_time\" content=\"2026-09-02T21:42:29+00:00\" \/>\n\t\t<meta name=\"twitter:card\" content=\"summary_large_image\" \/>\n\t\t<meta name=\"twitter:title\" content=\"El gobernador El\u00edas Su\u00e1rez particip\u00f3 de la apertura de la XXIII Feria Provincial de Ciencia y Tecnolog\u00eda - LA VOZ DE LA GENTE\" \/>\n\t\t<meta name=\"twitter:description\" content=\"Con la presencia de cientos de alumnos y docentes de toda la provincia, el gobernador El\u00edas Su\u00e1rez particip\u00f3 este mi\u00e9rcoles la apertura oficial de la XXIII Feria Provincial de Ciencia y Tecnolog\u00eda, que se desarroll\u00f3 en las instalaciones del Nodo Tecnol\u00f3gico. El mandatario estuvo acompa\u00f1ado por el vicegobernador Carlos Silva Neder; el jefe de\" \/>\n\t\t<script type=\"application\/ld+json\" class=\"aioseo-schema\">\n\t\t\t{\"@context\":\"https:\\\/\\\/schema.org\",\"@graph\":[{\"@type\":\"BlogPosting\",\"@id\":\"https:\\\/\\\/lavozdelagente.com.ar\\\/index\\\/2026\\\/09\\\/02\\\/el-gobernador-elias-suarez-participo-de-la-apertura-de-la-xxiii-feria-provincial-de-ciencia-y-tecnologia\\\/#blogposting\",\"name\":\"El gobernador El\\u00edas Su\\u00e1rez particip\\u00f3 de la apertura de la XXIII Feria Provincial de Ciencia y Tecnolog\\u00eda - LA VOZ DE LA GENTE\",\"headline\":\"El gobernador El\\u00edas Su\\u00e1rez particip\\u00f3 de la apertura de la XXIII Feria Provincial de Ciencia y Tecnolog\\u00eda\",\"author\":{\"@id\":\"https:\\\/\\\/lavozdelagente.com.ar\\\/index\\\/author\\\/rober\\\/#author\"},\"publisher\":{\"@id\":\"https:\\\/\\\/lavozdelagente.com.ar\\\/index\\\/#person\"},\"image\":{\"@type\":\"ImageObject\",\"url\":\"https:\\\/\\\/lavozdelagente.com.ar\\\/wp-content\\\/uploads\\\/2026\\\/09\\\/WhatsApp-Image-2026-09-02-at-13.47.33-1-768x432-1.jpeg\",\"width\":768,\"height\":432},\"datePublished\":\"2026-09-02T21:42:29+00:00\",\"dateModified\":\"2026-09-02T21:42:29+00:00\",\"inLanguage\":\"es-ES\",\"mainEntityOfPage\":{\"@id\":\"https:\\\/\\\/lavozdelagente.com.ar\\\/index\\\/2026\\\/09\\\/02\\\/el-gobernador-elias-suarez-participo-de-la-apertura-de-la-xxiii-feria-provincial-de-ciencia-y-tecnologia\\\/#webpage\"},\"isPartOf\":{\"@id\":\"https:\\\/\\\/lavozdelagente.com.ar\\\/index\\\/2026\\\/09\\\/02\\\/el-gobernador-elias-suarez-participo-de-la-apertura-de-la-xxiii-feria-provincial-de-ciencia-y-tecnologia\\\/#webpage\"},\"articleSection\":\"Santiago\"},{\"@type\":\"BreadcrumbList\",\"@id\":\"https:\\\/\\\/lavozdelagente.com.ar\\\/index\\\/2026\\\/09\\\/02\\\/el-gobernador-elias-suarez-participo-de-la-apertura-de-la-xxiii-feria-provincial-de-ciencia-y-tecnologia\\\/#breadcrumblist\",\"itemListElement\":[{\"@type\":\"ListItem\",\"@id\":\"https:\\\/\\\/lavozdelagente.com.ar\\\/index#listItem\",\"position\":1,\"name\":\"Home\",\"item\":\"https:\\\/\\\/lavozdelagente.com.ar\\\/index\",\"nextItem\":{\"@type\":\"ListItem\",\"@id\":\"https:\\\/\\\/lavozdelagente.com.ar\\\/index\\\/category\\\/santiago\\\/#listItem\",\"name\":\"Santiago\"}},{\"@type\":\"ListItem\",\"@id\":\"https:\\\/\\\/lavozdelagente.com.ar\\\/index\\\/category\\\/santiago\\\/#listItem\",\"position\":2,\"name\":\"Santiago\",\"item\":\"https:\\\/\\\/lavozdelagente.com.ar\\\/index\\\/category\\\/santiago\\\/\",\"nextItem\":{\"@type\":\"ListItem\",\"@id\":\"https:\\\/\\\/lavozdelagente.com.ar\\\/index\\\/2026\\\/09\\\/02\\\/el-gobernador-elias-suarez-participo-de-la-apertura-de-la-xxiii-feria-provincial-de-ciencia-y-tecnologia\\\/#listItem\",\"name\":\"El gobernador El\\u00edas Su\\u00e1rez particip\\u00f3 de la apertura de la XXIII Feria Provincial de Ciencia y Tecnolog\\u00eda\"},\"previousItem\":{\"@type\":\"ListItem\",\"@id\":\"https:\\\/\\\/lavozdelagente.com.ar\\\/index#listItem\",\"name\":\"Home\"}},{\"@type\":\"ListItem\",\"@id\":\"https:\\\/\\\/lavozdelagente.com.ar\\\/index\\\/2026\\\/09\\\/02\\\/el-gobernador-elias-suarez-participo-de-la-apertura-de-la-xxiii-feria-provincial-de-ciencia-y-tecnologia\\\/#listItem\",\"position\":3,\"name\":\"El gobernador El\\u00edas Su\\u00e1rez particip\\u00f3 de la apertura de la XXIII Feria Provincial de Ciencia y Tecnolog\\u00eda\",\"previousItem\":{\"@type\":\"ListItem\",\"@id\":\"https:\\\/\\\/lavozdelagente.com.ar\\\/index\\\/category\\\/santiago\\\/#listItem\",\"name\":\"Santiago\"}}]},{\"@type\":\"Person\",\"@id\":\"https:\\\/\\\/lavozdelagente.com.ar\\\/index\\\/author\\\/rober\\\/#author\",\"url\":\"https:\\\/\\\/lavozdelagente.com.ar\\\/index\\\/author\\\/rober\\\/\",\"name\":\"rober\",\"image\":{\"@type\":\"ImageObject\",\"@id\":\"https:\\\/\\\/lavozdelagente.com.ar\\\/index\\\/2026\\\/09\\\/02\\\/el-gobernador-elias-suarez-participo-de-la-apertura-de-la-xxiii-feria-provincial-de-ciencia-y-tecnologia\\\/#authorImage\",\"url\":\"https:\\\/\\\/secure.gravatar.com\\\/avatar\\\/901a62cd098b11a08c5fe38d2de0f8ad6b745f5d4f6413ad71e1630ac07766e0?s=96&d=mm&r=g\",\"width\":96,\"height\":96,\"caption\":\"rober\"}},{\"@type\":\"WebPage\",\"@id\":\"https:\\\/\\\/lavozdelagente.com.ar\\\/index\\\/2026\\\/09\\\/02\\\/el-gobernador-elias-suarez-participo-de-la-apertura-de-la-xxiii-feria-provincial-de-ciencia-y-tecnologia\\\/#webpage\",\"url\":\"https:\\\/\\\/lavozdelagente.com.ar\\\/index\\\/2026\\\/09\\\/02\\\/el-gobernador-elias-suarez-participo-de-la-apertura-de-la-xxiii-feria-provincial-de-ciencia-y-tecnologia\\\/\",\"name\":\"El gobernador El\\u00edas Su\\u00e1rez particip\\u00f3 de la apertura de la XXIII Feria Provincial de Ciencia y Tecnolog\\u00eda - LA VOZ DE LA GENTE\",\"description\":\"Con la presencia de cientos de alumnos y docentes de toda la provincia, el gobernador El\\u00edas Su\\u00e1rez particip\\u00f3 este mi\\u00e9rcoles la apertura oficial de la XXIII Feria Provincial de Ciencia y Tecnolog\\u00eda, que se desarroll\\u00f3 en las instalaciones del Nodo Tecnol\\u00f3gico. El mandatario estuvo acompa\\u00f1ado por el vicegobernador Carlos Silva Neder; el jefe de\",\"inLanguage\":\"es-ES\",\"isPartOf\":{\"@id\":\"https:\\\/\\\/lavozdelagente.com.ar\\\/index\\\/#website\"},\"breadcrumb\":{\"@id\":\"https:\\\/\\\/lavozdelagente.com.ar\\\/index\\\/2026\\\/09\\\/02\\\/el-gobernador-elias-suarez-participo-de-la-apertura-de-la-xxiii-feria-provincial-de-ciencia-y-tecnologia\\\/#breadcrumblist\"},\"author\":{\"@id\":\"https:\\\/\\\/lavozdelagente.com.ar\\\/index\\\/author\\\/rober\\\/#author\"},\"creator\":{\"@id\":\"https:\\\/\\\/lavozdelagente.com.ar\\\/index\\\/author\\\/rober\\\/#author\"},\"image\":{\"@type\":\"ImageObject\",\"url\":\"https:\\\/\\\/lavozdelagente.com.ar\\\/wp-content\\\/uploads\\\/2026\\\/09\\\/WhatsApp-Image-2026-09-02-at-13.47.33-1-768x432-1.jpeg\",\"@id\":\"https:\\\/\\\/lavozdelagente.com.ar\\\/index\\\/2026\\\/09\\\/02\\\/el-gobernador-elias-suarez-participo-de-la-apertura-de-la-xxiii-feria-provincial-de-ciencia-y-tecnologia\\\/#mainImage\",\"width\":768,\"height\":432},\"primaryImageOfPage\":{\"@id\":\"https:\\\/\\\/lavozdelagente.com.ar\\\/index\\\/2026\\\/09\\\/02\\\/el-gobernador-elias-suarez-participo-de-la-apertura-de-la-xxiii-feria-provincial-de-ciencia-y-tecnologia\\\/#mainImage\"},\"datePublished\":\"2026-09-02T21:42:29+00:00\",\"dateModified\":\"2026-09-02T21:42:29+00:00\"},{\"@type\":\"WebSite\",\"@id\":\"https:\\\/\\\/lavozdelagente.com.ar\\\/index\\\/#website\",\"url\":\"https:\\\/\\\/lavozdelagente.com.ar\\\/index\\\/\",\"name\":\"LA VOZ DE LA GENTE\",\"description\":\"SDE\",\"inLanguage\":\"es-ES\",\"publisher\":{\"@id\":\"https:\\\/\\\/lavozdelagente.com.ar\\\/index\\\/#person\"}}]}\n\t\t<\/script>\n\t\t<!-- All in One SEO -->\n\n","aioseo_head_json":{"title":"El gobernador El\u00edas Su\u00e1rez particip\u00f3 de la apertura de la XXIII Feria Provincial de Ciencia y Tecnolog\u00eda - LA VOZ DE LA GENTE","description":"Con la presencia de cientos de alumnos y docentes de toda la provincia, el gobernador El\u00edas Su\u00e1rez particip\u00f3 este mi\u00e9rcoles la apertura oficial de la XXIII Feria Provincial de Ciencia y Tecnolog\u00eda, que se desarroll\u00f3 en las instalaciones del Nodo Tecnol\u00f3gico. El mandatario estuvo acompa\u00f1ado por el vicegobernador Carlos Silva Neder; el jefe de","canonical_url":"https:\/\/lavozdelagente.com.ar\/index\/2026\/09\/02\/el-gobernador-elias-suarez-participo-de-la-apertura-de-la-xxiii-feria-provincial-de-ciencia-y-tecnologia\/","robots":"max-image-preview:large","keywords":"","webmasterTools":{"google-site-verification":"dJHDh1fUzR1o-UwpFfn1JyiF-0R1LCNFZReSb-gbgcE","miscellaneous":""},"schema":{"@context":"https:\/\/schema.org","@graph":[{"@type":"BlogPosting","@id":"https:\/\/lavozdelagente.com.ar\/index\/2026\/09\/02\/el-gobernador-elias-suarez-participo-de-la-apertura-de-la-xxiii-feria-provincial-de-ciencia-y-tecnologia\/#blogposting","name":"El gobernador El\u00edas Su\u00e1rez particip\u00f3 de la apertura de la XXIII Feria Provincial de Ciencia y Tecnolog\u00eda - LA VOZ DE LA GENTE","headline":"El gobernador El\u00edas Su\u00e1rez particip\u00f3 de la apertura de la XXIII Feria Provincial de Ciencia y Tecnolog\u00eda","author":{"@id":"https:\/\/lavozdelagente.com.ar\/index\/author\/rober\/#author"},"publisher":{"@id":"https:\/\/lavozdelagente.com.ar\/index\/#person"},"image":{"@type":"ImageObject","url":"https:\/\/lavozdelagente.com.ar\/wp-content\/uploads\/2026\/09\/WhatsApp-Image-2026-09-02-at-13.47.33-1-768x432-1.jpeg","width":768,"height":432},"datePublished":"2026-09-02T21:42:29+00:00","dateModified":"2026-09-02T21:42:29+00:00","inLanguage":"es-ES","mainEntityOfPage":{"@id":"https:\/\/lavozdelagente.com.ar\/index\/2026\/09\/02\/el-gobernador-elias-suarez-participo-de-la-apertura-de-la-xxiii-feria-provincial-de-ciencia-y-tecnologia\/#webpage"},"isPartOf":{"@id":"https:\/\/lavozdelagente.com.ar\/index\/2026\/09\/02\/el-gobernador-elias-suarez-participo-de-la-apertura-de-la-xxiii-feria-provincial-de-ciencia-y-tecnologia\/#webpage"},"articleSection":"Santiago"},{"@type":"BreadcrumbList","@id":"https:\/\/lavozdelagente.com.ar\/index\/2026\/09\/02\/el-gobernador-elias-suarez-participo-de-la-apertura-de-la-xxiii-feria-provincial-de-ciencia-y-tecnologia\/#breadcrumblist","itemListElement":[{"@type":"ListItem","@id":"https:\/\/lavozdelagente.com.ar\/index#listItem","position":1,"name":"Home","item":"https:\/\/lavozdelagente.com.ar\/index","nextItem":{"@type":"ListItem","@id":"https:\/\/lavozdelagente.com.ar\/index\/category\/santiago\/#listItem","name":"Santiago"}},{"@type":"ListItem","@id":"https:\/\/lavozdelagente.com.ar\/index\/category\/santiago\/#listItem","position":2,"name":"Santiago","item":"https:\/\/lavozdelagente.com.ar\/index\/category\/santiago\/","nextItem":{"@type":"ListItem","@id":"https:\/\/lavozdelagente.com.ar\/index\/2026\/09\/02\/el-gobernador-elias-suarez-participo-de-la-apertura-de-la-xxiii-feria-provincial-de-ciencia-y-tecnologia\/#listItem","name":"El gobernador El\u00edas Su\u00e1rez particip\u00f3 de la apertura de la XXIII Feria Provincial de Ciencia y Tecnolog\u00eda"},"previousItem":{"@type":"ListItem","@id":"https:\/\/lavozdelagente.com.ar\/index#listItem","name":"Home"}},{"@type":"ListItem","@id":"https:\/\/lavozdelagente.com.ar\/index\/2026\/09\/02\/el-gobernador-elias-suarez-participo-de-la-apertura-de-la-xxiii-feria-provincial-de-ciencia-y-tecnologia\/#listItem","position":3,"name":"El gobernador El\u00edas Su\u00e1rez particip\u00f3 de la apertura de la XXIII Feria Provincial de Ciencia y Tecnolog\u00eda","previousItem":{"@type":"ListItem","@id":"https:\/\/lavozdelagente.com.ar\/index\/category\/santiago\/#listItem","name":"Santiago"}}]},{"@type":"Person","@id":"https:\/\/lavozdelagente.com.ar\/index\/author\/rober\/#author","url":"https:\/\/lavozdelagente.com.ar\/index\/author\/rober\/","name":"rober","image":{"@type":"ImageObject","@id":"https:\/\/lavozdelagente.com.ar\/index\/2026\/09\/02\/el-gobernador-elias-suarez-participo-de-la-apertura-de-la-xxiii-feria-provincial-de-ciencia-y-tecnologia\/#authorImage","url":"https:\/\/secure.gravatar.com\/avatar\/901a62cd098b11a08c5fe38d2de0f8ad6b745f5d4f6413ad71e1630ac07766e0?s=96&d=mm&r=g","width":96,"height":96,"caption":"rober"}},{"@type":"WebPage","@id":"https:\/\/lavozdelagente.com.ar\/index\/2026\/09\/02\/el-gobernador-elias-suarez-participo-de-la-apertura-de-la-xxiii-feria-provincial-de-ciencia-y-tecnologia\/#webpage","url":"https:\/\/lavozdelagente.com.ar\/index\/2026\/09\/02\/el-gobernador-elias-suarez-participo-de-la-apertura-de-la-xxiii-feria-provincial-de-ciencia-y-tecnologia\/","name":"El gobernador El\u00edas Su\u00e1rez particip\u00f3 de la apertura de la XXIII Feria Provincial de Ciencia y Tecnolog\u00eda - LA VOZ DE LA GENTE","description":"Con la presencia de cientos de alumnos y docentes de toda la provincia, el gobernador El\u00edas Su\u00e1rez particip\u00f3 este mi\u00e9rcoles la apertura oficial de la XXIII Feria Provincial de Ciencia y Tecnolog\u00eda, que se desarroll\u00f3 en las instalaciones del Nodo Tecnol\u00f3gico. El mandatario estuvo acompa\u00f1ado por el vicegobernador Carlos Silva Neder; el jefe de","inLanguage":"es-ES","isPartOf":{"@id":"https:\/\/lavozdelagente.com.ar\/index\/#website"},"breadcrumb":{"@id":"https:\/\/lavozdelagente.com.ar\/index\/2026\/09\/02\/el-gobernador-elias-suarez-participo-de-la-apertura-de-la-xxiii-feria-provincial-de-ciencia-y-tecnologia\/#breadcrumblist"},"author":{"@id":"https:\/\/lavozdelagente.com.ar\/index\/author\/rober\/#author"},"creator":{"@id":"https:\/\/lavozdelagente.com.ar\/index\/author\/rober\/#author"},"image":{"@type":"ImageObject","url":"https:\/\/lavozdelagente.com.ar\/wp-content\/uploads\/2026\/09\/WhatsApp-Image-2026-09-02-at-13.47.33-1-768x432-1.jpeg","@id":"https:\/\/lavozdelagente.com.ar\/index\/2026\/09\/02\/el-gobernador-elias-suarez-participo-de-la-apertura-de-la-xxiii-feria-provincial-de-ciencia-y-tecnologia\/#mainImage","width":768,"height":432},"primaryImageOfPage":{"@id":"https:\/\/lavozdelagente.com.ar\/index\/2026\/09\/02\/el-gobernador-elias-suarez-participo-de-la-apertura-de-la-xxiii-feria-provincial-de-ciencia-y-tecnologia\/#mainImage"},"datePublished":"2026-09-02T21:42:29+00:00","dateModified":"2026-09-02T21:42:29+00:00"},{"@type":"WebSite","@id":"https:\/\/lavozdelagente.com.ar\/index\/#website","url":"https:\/\/lavozdelagente.com.ar\/index\/","name":"LA VOZ DE LA GENTE","description":"SDE","inLanguage":"es-ES","publisher":{"@id":"https:\/\/lavozdelagente.com.ar\/index\/#person"}}]},"og:locale":"es_ES","og:site_name":"LA VOZ DE LA GENTE - SDE","og:type":"article","og:title":"El gobernador El\u00edas Su\u00e1rez particip\u00f3 de la apertura de la XXIII Feria Provincial de Ciencia y Tecnolog\u00eda - LA VOZ DE LA GENTE","og:description":"Con la presencia de cientos de alumnos y docentes de toda la provincia, el gobernador El\u00edas Su\u00e1rez particip\u00f3 este mi\u00e9rcoles la apertura oficial de la XXIII Feria Provincial de Ciencia y Tecnolog\u00eda, que se desarroll\u00f3 en las instalaciones del Nodo Tecnol\u00f3gico. El mandatario estuvo acompa\u00f1ado por el vicegobernador Carlos Silva Neder; el jefe de","og:url":"https:\/\/lavozdelagente.com.ar\/index\/2026\/09\/02\/el-gobernador-elias-suarez-participo-de-la-apertura-de-la-xxiii-feria-provincial-de-ciencia-y-tecnologia\/","article:published_time":"2026-09-02T21:42:29+00:00","article:modified_time":"2026-09-02T21:42:29+00:00","twitter:card":"summary_large_image","twitter:title":"El gobernador El\u00edas Su\u00e1rez particip\u00f3 de la apertura de la XXIII Feria Provincial de Ciencia y Tecnolog\u00eda - LA VOZ DE LA GENTE","twitter:description":"Con la presencia de cientos de alumnos y docentes de toda la provincia, el gobernador El\u00edas Su\u00e1rez particip\u00f3 este mi\u00e9rcoles la apertura oficial de la XXIII Feria Provincial de Ciencia y Tecnolog\u00eda, que se desarroll\u00f3 en las instalaciones del Nodo Tecnol\u00f3gico. El mandatario estuvo acompa\u00f1ado por el vicegobernador Carlos Silva Neder; el jefe de"},"aioseo_meta_data":{"post_id":"3625","title":null,"description":null,"keywords":null,"keyphrases":{"focus":{"keyphrase":"","score":0,"analysis":{"keyphraseInTitle":{"score":0,"maxScore":9,"error":1}}},"additional":[]},"primary_term":null,"canonical_url":null,"og_title":null,"og_description":null,"og_object_type":"default","og_image_type":"default","og_image_url":null,"og_image_width":null,"og_image_height":null,"og_image_custom_url":null,"og_image_custom_fields":null,"og_video":"","og_custom_url":null,"og_article_section":null,"og_article_tags":null,"twitter_use_og":false,"twitter_card":"default","twitter_image_type":"default","twitter_image_url":null,"twitter_image_custom_url":null,"twitter_image_custom_fields":null,"twitter_title":null,"twitter_description":null,"schema":{"blockGraphs":[],"customGraphs":[],"default":{"data":{"Article":[],"Course":[],"Dataset":[],"FAQPage":[],"Movie":[],"Person":[],"Product":[],"ProductReview":[],"Car":[],"Recipe":[],"Service":[],"SoftwareApplication":[],"WebPage":[]},"graphName":"BlogPosting","isEnabled":true},"graphs":[]},"schema_type":"default","schema_type_options":null,"pillar_content":false,"robots_default":true,"robots_noindex":false,"robots_noarchive":false,"robots_nosnippet":false,"robots_nofollow":false,"robots_noimageindex":false,"robots_noodp":false,"robots_notranslate":false,"robots_max_snippet":"-1","robots_max_videopreview":"-1","robots_max_imagepreview":"large","priority":null,"frequency":"default","local_seo":null,"breadcrumb_settings":null,"limit_modified_date":false,"ai":{"faqs":[],"keyPoints":[],"schemas":[],"titles":[],"descriptions":[],"socialPosts":{"email":{"subject":"","preview":"","content":""},"linkedin":[],"twitter":[],"facebook":[],"instagram":[]}},"created":"2026-09-02 21:42:29","updated":"2026-09-02 21:42:29","seo_analyzer_scan_date":null,"focus_keyword":null,"additional_keywords":null,"truseo_locale":null},"aioseo_breadcrumb":"<div class=\"aioseo-breadcrumbs\"><span class=\"aioseo-breadcrumb\">\n\t\t\t<a href=\"https:\/\/lavozdelagente.com.ar\/index\" title=\"Home\">Home<\/a>\n\t\t<\/span><span class=\"aioseo-breadcrumb-separator\">&raquo;<\/span><span class=\"aioseo-breadcrumb\">\n\t\t\t<a href=\"https:\/\/lavozdelagente.com.ar\/index\/category\/santiago\/\" title=\"Santiago\">Santiago<\/a>\n\t\t<\/span><span class=\"aioseo-breadcrumb-separator\">&raquo;<\/span><span class=\"aioseo-breadcrumb\">\n\t\t\tEl gobernador El\u00edas Su\u00e1rez particip\u00f3 de la apertura de la XXIII Feria Provincial de Ciencia y Tecnolog\u00eda\n\t\t<\/span><\/div>","aioseo_breadcrumb_json":[{"label":"Home","link":"https:\/\/lavozdelagente.com.ar\/index"},{"label":"Santiago","link":"https:\/\/lavozdelagente.com.ar\/index\/category\/santiago\/"},{"label":"El gobernador El\u00edas Su\u00e1rez particip\u00f3 de la apertura de la XXIII Feria Provincial de Ciencia y Tecnolog\u00eda","link":"https:\/\/lavozdelagente.com.ar\/index\/2026\/09\/02\/el-gobernador-elias-suarez-participo-de-la-apertura-de-la-xxiii-feria-provincial-de-ciencia-y-tecnologia\/"}],"rttpg_featured_image_url":{"full":["https:\/\/lavozdelagente.com.ar\/wp-content\/uploads\/2026\/09\/WhatsApp-Image-2026-09-02-at-13.47.33-1-768x432-1.jpeg",768,432,false],"landscape":["https:\/\/lavozdelagente.com.ar\/wp-content\/uploads\/2026\/09\/WhatsApp-Image-2026-09-02-at-13.47.33-1-768x432-1.jpeg",768,432,false],"portraits":["https:\/\/lavozdelagente.com.ar\/wp-content\/uploads\/2026\/09\/WhatsApp-Image-2026-09-02-at-13.47.33-1-768x432-1.jpeg",768,432,false],"thumbnail":["https:\/\/lavozdelagente.com.ar\/wp-content\/uploads\/2026\/09\/WhatsApp-Image-2026-09-02-at-13.47.33-1-768x432-1-150x150.jpeg",150,150,true],"medium":["https:\/\/lavozdelagente.com.ar\/wp-content\/uploads\/2026\/09\/WhatsApp-Image-2026-09-02-at-13.47.33-1-768x432-1-300x169.jpeg",300,169,true],"large":["https:\/\/lavozdelagente.com.ar\/wp-content\/uploads\/2026\/09\/WhatsApp-Image-2026-09-02-at-13.47.33-1-768x432-1.jpeg",768,432,false],"1536x1536":["https:\/\/lavozdelagente.com.ar\/wp-content\/uploads\/2026\/09\/WhatsApp-Image-2026-09-02-at-13.47.33-1-768x432-1.jpeg",768,432,false],"2048x2048":["https:\/\/lavozdelagente.com.ar\/wp-content\/uploads\/2026\/09\/WhatsApp-Image-2026-09-02-at-13.47.33-1-768x432-1.jpeg",768,432,false],"colormag-highlighted-post":["https:\/\/lavozdelagente.com.ar\/wp-content\/uploads\/2026\/09\/WhatsApp-Image-2026-09-02-at-13.47.33-1-768x432-1-392x272.jpeg",392,272,true],"colormag-featured-post-medium":["https:\/\/lavozdelagente.com.ar\/wp-content\/uploads\/2026\/09\/WhatsApp-Image-2026-09-02-at-13.47.33-1-768x432-1-390x205.jpeg",390,205,true],"colormag-featured-post-small":["https:\/\/lavozdelagente.com.ar\/wp-content\/uploads\/2026\/09\/WhatsApp-Image-2026-09-02-at-13.47.33-1-768x432-1-130x90.jpeg",130,90,true],"colormag-featured-image":["https:\/\/lavozdelagente.com.ar\/wp-content\/uploads\/2026\/09\/WhatsApp-Image-2026-09-02-at-13.47.33-1-768x432-1.jpeg",768,432,false],"colormag-default-news":["https:\/\/lavozdelagente.com.ar\/wp-content\/uploads\/2026\/09\/WhatsApp-Image-2026-09-02-at-13.47.33-1-768x432-1-150x150.jpeg",150,150,true],"colormag-featured-image-large":["https:\/\/lavozdelagente.com.ar\/wp-content\/uploads\/2026\/09\/WhatsApp-Image-2026-09-02-at-13.47.33-1-768x432-1.jpeg",768,432,false]},"rttpg_author":{"display_name":"rober","author_link":"https:\/\/lavozdelagente.com.ar\/index\/author\/rober\/"},"rttpg_comment":0,"rttpg_category":"<a href=\"https:\/\/lavozdelagente.com.ar\/index\/category\/santiago\/\" rel=\"category tag\">Santiago<\/a>","rttpg_excerpt":"Con la presencia de cientos de alumnos y docentes de toda la provincia, el gobernador El\u00edas Su\u00e1rez particip\u00f3 este mi\u00e9rcoles","_links":{"self":[{"href":"https:\/\/lavozdelagente.com.ar\/index\/wp-json\/wp\/v2\/posts\/3625","targetHints":{"allow":["GET"]}}],"collection":[{"href":"https:\/\/lavozdelagente.com.ar\/index\/wp-json\/wp\/v2\/posts"}],"about":[{"href":"https:\/\/lavozdelagente.com.ar\/index\/wp-json\/wp\/v2\/types\/post"}],"author":[{"embeddable":true,"href":"https:\/\/lavozdelagente.com.ar\/index\/wp-json\/wp\/v2\/users\/2"}],"replies":[{"embeddable":true,"href":"https:\/\/lavozdelagente.com.ar\/index\/wp-json\/wp\/v2\/comments?post=3625"}],"version-history":[{"count":1,"href":"https:\/\/lavozdelagente.com.ar\/index\/wp-json\/wp\/v2\/posts\/3625\/revisions"}],"predecessor-version":[{"id":3627,"href":"https:\/\/lavozdelagente.com.ar\/index\/wp-json\/wp\/v2\/posts\/3625\/revisions\/3627"}],"wp:featuredmedia":[{"embeddable":true,"href":"https:\/\/lavozdelagente.com.ar\/index\/wp-json\/wp\/v2\/media\/3626"}],"wp:attachment":[{"href":"https:\/\/lavozdelagente.com.ar\/index\/wp-json\/wp\/v2\/media?parent=3625"}],"wp:term":[{"taxonomy":"category","embeddable":true,"href":"https:\/\/lavozdelagente.com.ar\/index\/wp-json\/wp\/v2\/categories?post=3625"},{"taxonomy":"post_tag","embeddable":true,"href":"https:\/\/lavozdelagente.com.ar\/index\/wp-json\/wp\/v2\/tags?post=3625"}],"curies":[{"name":"wp","href":"https:\/\/api.w.org\/{rel}","templated":true}]}}