{"id":3629,"date":"2026-09-02T21:45:49","date_gmt":"2026-09-02T21:45:49","guid":{"rendered":"https:\/\/lavozdelagente.com.ar\/index\/?p=3629"},"modified":"2026-09-02T21:45:49","modified_gmt":"2026-09-02T21:45:49","slug":"la-provincia-y-el-colegio-de-psicopedagogos-buscan-fortalecer-el-acompanamiento-a-las-escuelas","status":"publish","type":"post","link":"https:\/\/lavozdelagente.com.ar\/index\/2026\/09\/02\/la-provincia-y-el-colegio-de-psicopedagogos-buscan-fortalecer-el-acompanamiento-a-las-escuelas\/","title":{"rendered":"La Provincia y el Colegio de Psicopedagogos buscan fortalecer el acompa\u00f1amiento a las escuelas"},"content":{"rendered":"<p>El Gobierno de la provincia, a trav\u00e9s del Ministerio de Educaci\u00f3n, Ciencia y Tecnolog\u00eda, firm\u00f3 este mi\u00e9rcoles un protocolo espec\u00edfico de asistencia t\u00e9cnica especializada con el Consejo Econ\u00f3mico Social y el Colegio Profesional de Psicopedagogos de Santiago del Estero.<\/p>\n<p>El acuerdo permitir\u00e1 implementar un dispositivo psicopedag\u00f3gico de car\u00e1cter institucional y territorial para identificar y disminuir barreras para el aprendizaje, fortalecer las capacidades de docentes y equipos directivos y acompa\u00f1ar las trayectorias educativas.<\/p>\n<p>La iniciativa se enmarca en el Convenio Marco de Cooperaci\u00f3n y Fortalecimiento de Capacidades T\u00e9cnicas para la Gesti\u00f3n P\u00fablica, firmado el pasado 6 de julio, mediante el cual se busca articular el conocimiento especializado de los distintos colegios y consejos profesionales con las pol\u00edticas p\u00fablicas provinciales<\/p>\n<p>El acto se desarroll\u00f3 en la sede de la cartera educativa y fue suscripto por el jefe de Gabinete, V\u00edctor Araujo; la ministra de Educaci\u00f3n, Mariela Nassif; el secretario del Consejo Econ\u00f3mico Social, Miguel Mandrille, y el presidente del Colegio Profesional de Psicopedagogos de Santiago del Estero, Gustavo Ledesma Vallejo.<\/p>\n<p>Las acciones estar\u00e1n destinadas a instituciones educativas de gesti\u00f3n estatal de los niveles Primario y Secundario, que ser\u00e1n seleccionadas por la autoridad educativa provincial de acuerdo con criterios de prioridad, matr\u00edcula, complejidad institucional y localizaci\u00f3n territorial, entre otras variables. Asimismo, se contempla la detecci\u00f3n temprana de dificultades vinculadas con la alfabetizaci\u00f3n, lectura, escritura y razonamiento matem\u00e1tico, promoviendo respuestas educativas oportunas y evitando mecanismos de etiquetamiento o derivaciones autom\u00e1ticas.<\/p>\n<p>\u201cPara nosotros \u2013dijo la ministra Nassif- es una enorme alegr\u00eda poder generar este v\u00ednculo de confianza y de trabajo para llegar a nuestras instituciones, empezar a visibilizar a veces problem\u00e1ticas que son trascendentales y obstaculizan muchas veces este proceso en los ni\u00f1os y en los j\u00f3venes\u201d.<\/p>\n<p>Por su parte, el jefe de Gabinete resalt\u00f3 que este convenio \u201cpermitir\u00e1 la formaci\u00f3n y el dise\u00f1o de un dispositivo psicopedag\u00f3gico para un trabajo institucional y territorial en los distintos establecimientos del nivel Primario y Secundario de la provincia, y que permita tambi\u00e9n generar capacitaciones en los docentes y fortalecer las capacidades t\u00e9cnicas\u201d.<\/p>\n<p>Tambi\u00e9n remarc\u00f3 el mandato del gobernador El\u00edas Su\u00e1rez para seguir trabajando en conjunto con las instituciones civiles que representan a distintos sectores de la sociedad con la premisa de promover el di\u00e1logo y la participaci\u00f3n activa para llevar adelante acciones en beneficio de todos los santiague\u00f1os.<\/p>\n<p>&nbsp;<\/p>\n","protected":false},"excerpt":{"rendered":"<p>El Gobierno de la provincia, a trav\u00e9s del Ministerio de Educaci\u00f3n, Ciencia y Tecnolog\u00eda, firm\u00f3 este mi\u00e9rcoles un protocolo espec\u00edfico<\/p>\n","protected":false},"author":2,"featured_media":3630,"comment_status":"open","ping_status":"open","sticky":false,"template":"","format":"standard","meta":{"colormag_page_container_layout":"default_layout","colormag_page_sidebar_layout":"default_layout","om_disable_all_campaigns":false,"_monsterinsights_skip_tracking":false,"footnotes":""},"categories":[2],"tags":[],"class_list":["post-3629","post","type-post","status-publish","format-standard","has-post-thumbnail","hentry","category-santiago"],"aioseo_notices":[],"aioseo_head":"\n\t\t<!-- All in One SEO 5.0.1.1 - aioseo.com -->\n\t<meta name=\"description\" content=\"El Gobierno de la provincia, a trav\u00e9s del Ministerio de Educaci\u00f3n, Ciencia y Tecnolog\u00eda, firm\u00f3 este mi\u00e9rcoles un protocolo espec\u00edfico de asistencia t\u00e9cnica especializada con el Consejo Econ\u00f3mico Social y el Colegio Profesional de Psicopedagogos de Santiago del Estero. El acuerdo permitir\u00e1 implementar un dispositivo psicopedag\u00f3gico de car\u00e1cter institucional y territorial para identificar y disminuir\" \/>\n\t<meta name=\"robots\" content=\"max-image-preview:large\" \/>\n\t<meta name=\"author\" content=\"rober\"\/>\n\t<meta name=\"google-site-verification\" content=\"dJHDh1fUzR1o-UwpFfn1JyiF-0R1LCNFZReSb-gbgcE\" \/>\n\t<link rel=\"canonical\" href=\"https:\/\/lavozdelagente.com.ar\/index\/2026\/09\/02\/la-provincia-y-el-colegio-de-psicopedagogos-buscan-fortalecer-el-acompanamiento-a-las-escuelas\/\" \/>\n\t<meta name=\"generator\" content=\"All in One SEO (AIOSEO) 5.0.1.1\" \/>\n\t\t<meta property=\"og:locale\" content=\"es_ES\" \/>\n\t\t<meta property=\"og:site_name\" content=\"LA VOZ DE LA GENTE - SDE\" \/>\n\t\t<meta property=\"og:type\" content=\"article\" \/>\n\t\t<meta property=\"og:title\" content=\"La Provincia y el Colegio de Psicopedagogos buscan fortalecer el acompa\u00f1amiento a las escuelas - LA VOZ DE LA GENTE\" \/>\n\t\t<meta property=\"og:description\" content=\"El Gobierno de la provincia, a trav\u00e9s del Ministerio de Educaci\u00f3n, Ciencia y Tecnolog\u00eda, firm\u00f3 este mi\u00e9rcoles un protocolo espec\u00edfico de asistencia t\u00e9cnica especializada con el Consejo Econ\u00f3mico Social y el Colegio Profesional de Psicopedagogos de Santiago del Estero. El acuerdo permitir\u00e1 implementar un dispositivo psicopedag\u00f3gico de car\u00e1cter institucional y territorial para identificar y disminuir\" \/>\n\t\t<meta property=\"og:url\" content=\"https:\/\/lavozdelagente.com.ar\/index\/2026\/09\/02\/la-provincia-y-el-colegio-de-psicopedagogos-buscan-fortalecer-el-acompanamiento-a-las-escuelas\/\" \/>\n\t\t<meta property=\"article:published_time\" content=\"2026-09-02T21:45:49+00:00\" \/>\n\t\t<meta property=\"article:modified_time\" content=\"2026-09-02T21:45:49+00:00\" \/>\n\t\t<meta name=\"twitter:card\" content=\"summary_large_image\" \/>\n\t\t<meta name=\"twitter:title\" content=\"La Provincia y el Colegio de Psicopedagogos buscan fortalecer el acompa\u00f1amiento a las escuelas - LA VOZ DE LA GENTE\" \/>\n\t\t<meta name=\"twitter:description\" content=\"El Gobierno de la provincia, a trav\u00e9s del Ministerio de Educaci\u00f3n, Ciencia y Tecnolog\u00eda, firm\u00f3 este mi\u00e9rcoles un protocolo espec\u00edfico de asistencia t\u00e9cnica especializada con el Consejo Econ\u00f3mico Social y el Colegio Profesional de Psicopedagogos de Santiago del Estero. El acuerdo permitir\u00e1 implementar un dispositivo psicopedag\u00f3gico de car\u00e1cter institucional y territorial para identificar y disminuir\" \/>\n\t\t<script type=\"application\/ld+json\" class=\"aioseo-schema\">\n\t\t\t{\"@context\":\"https:\\\/\\\/schema.org\",\"@graph\":[{\"@type\":\"BlogPosting\",\"@id\":\"https:\\\/\\\/lavozdelagente.com.ar\\\/index\\\/2026\\\/09\\\/02\\\/la-provincia-y-el-colegio-de-psicopedagogos-buscan-fortalecer-el-acompanamiento-a-las-escuelas\\\/#blogposting\",\"name\":\"La Provincia y el Colegio de Psicopedagogos buscan fortalecer el acompa\\u00f1amiento a las escuelas - LA VOZ DE LA GENTE\",\"headline\":\"La Provincia y el Colegio de Psicopedagogos buscan fortalecer el acompa\\u00f1amiento a las escuelas\",\"author\":{\"@id\":\"https:\\\/\\\/lavozdelagente.com.ar\\\/index\\\/author\\\/rober\\\/#author\"},\"publisher\":{\"@id\":\"https:\\\/\\\/lavozdelagente.com.ar\\\/index\\\/#person\"},\"image\":{\"@type\":\"ImageObject\",\"url\":\"https:\\\/\\\/lavozdelagente.com.ar\\\/wp-content\\\/uploads\\\/2026\\\/09\\\/WhatsApp-Image-2026-09-02-at-12.40.03-PM-768x512-1.jpeg\",\"width\":768,\"height\":512},\"datePublished\":\"2026-09-02T21:45:49+00:00\",\"dateModified\":\"2026-09-02T21:45:49+00:00\",\"inLanguage\":\"es-ES\",\"mainEntityOfPage\":{\"@id\":\"https:\\\/\\\/lavozdelagente.com.ar\\\/index\\\/2026\\\/09\\\/02\\\/la-provincia-y-el-colegio-de-psicopedagogos-buscan-fortalecer-el-acompanamiento-a-las-escuelas\\\/#webpage\"},\"isPartOf\":{\"@id\":\"https:\\\/\\\/lavozdelagente.com.ar\\\/index\\\/2026\\\/09\\\/02\\\/la-provincia-y-el-colegio-de-psicopedagogos-buscan-fortalecer-el-acompanamiento-a-las-escuelas\\\/#webpage\"},\"articleSection\":\"Santiago\"},{\"@type\":\"BreadcrumbList\",\"@id\":\"https:\\\/\\\/lavozdelagente.com.ar\\\/index\\\/2026\\\/09\\\/02\\\/la-provincia-y-el-colegio-de-psicopedagogos-buscan-fortalecer-el-acompanamiento-a-las-escuelas\\\/#breadcrumblist\",\"itemListElement\":[{\"@type\":\"ListItem\",\"@id\":\"https:\\\/\\\/lavozdelagente.com.ar\\\/index#listItem\",\"position\":1,\"name\":\"Home\",\"item\":\"https:\\\/\\\/lavozdelagente.com.ar\\\/index\",\"nextItem\":{\"@type\":\"ListItem\",\"@id\":\"https:\\\/\\\/lavozdelagente.com.ar\\\/index\\\/category\\\/santiago\\\/#listItem\",\"name\":\"Santiago\"}},{\"@type\":\"ListItem\",\"@id\":\"https:\\\/\\\/lavozdelagente.com.ar\\\/index\\\/category\\\/santiago\\\/#listItem\",\"position\":2,\"name\":\"Santiago\",\"item\":\"https:\\\/\\\/lavozdelagente.com.ar\\\/index\\\/category\\\/santiago\\\/\",\"nextItem\":{\"@type\":\"ListItem\",\"@id\":\"https:\\\/\\\/lavozdelagente.com.ar\\\/index\\\/2026\\\/09\\\/02\\\/la-provincia-y-el-colegio-de-psicopedagogos-buscan-fortalecer-el-acompanamiento-a-las-escuelas\\\/#listItem\",\"name\":\"La Provincia y el Colegio de Psicopedagogos buscan fortalecer el acompa\\u00f1amiento a las escuelas\"},\"previousItem\":{\"@type\":\"ListItem\",\"@id\":\"https:\\\/\\\/lavozdelagente.com.ar\\\/index#listItem\",\"name\":\"Home\"}},{\"@type\":\"ListItem\",\"@id\":\"https:\\\/\\\/lavozdelagente.com.ar\\\/index\\\/2026\\\/09\\\/02\\\/la-provincia-y-el-colegio-de-psicopedagogos-buscan-fortalecer-el-acompanamiento-a-las-escuelas\\\/#listItem\",\"position\":3,\"name\":\"La Provincia y el Colegio de Psicopedagogos buscan fortalecer el acompa\\u00f1amiento a las escuelas\",\"previousItem\":{\"@type\":\"ListItem\",\"@id\":\"https:\\\/\\\/lavozdelagente.com.ar\\\/index\\\/category\\\/santiago\\\/#listItem\",\"name\":\"Santiago\"}}]},{\"@type\":\"Person\",\"@id\":\"https:\\\/\\\/lavozdelagente.com.ar\\\/index\\\/author\\\/rober\\\/#author\",\"url\":\"https:\\\/\\\/lavozdelagente.com.ar\\\/index\\\/author\\\/rober\\\/\",\"name\":\"rober\",\"image\":{\"@type\":\"ImageObject\",\"@id\":\"https:\\\/\\\/lavozdelagente.com.ar\\\/index\\\/2026\\\/09\\\/02\\\/la-provincia-y-el-colegio-de-psicopedagogos-buscan-fortalecer-el-acompanamiento-a-las-escuelas\\\/#authorImage\",\"url\":\"https:\\\/\\\/secure.gravatar.com\\\/avatar\\\/901a62cd098b11a08c5fe38d2de0f8ad6b745f5d4f6413ad71e1630ac07766e0?s=96&d=mm&r=g\",\"width\":96,\"height\":96,\"caption\":\"rober\"}},{\"@type\":\"WebPage\",\"@id\":\"https:\\\/\\\/lavozdelagente.com.ar\\\/index\\\/2026\\\/09\\\/02\\\/la-provincia-y-el-colegio-de-psicopedagogos-buscan-fortalecer-el-acompanamiento-a-las-escuelas\\\/#webpage\",\"url\":\"https:\\\/\\\/lavozdelagente.com.ar\\\/index\\\/2026\\\/09\\\/02\\\/la-provincia-y-el-colegio-de-psicopedagogos-buscan-fortalecer-el-acompanamiento-a-las-escuelas\\\/\",\"name\":\"La Provincia y el Colegio de Psicopedagogos buscan fortalecer el acompa\\u00f1amiento a las escuelas - LA VOZ DE LA GENTE\",\"description\":\"El Gobierno de la provincia, a trav\\u00e9s del Ministerio de Educaci\\u00f3n, Ciencia y Tecnolog\\u00eda, firm\\u00f3 este mi\\u00e9rcoles un protocolo espec\\u00edfico de asistencia t\\u00e9cnica especializada con el Consejo Econ\\u00f3mico Social y el Colegio Profesional de Psicopedagogos de Santiago del Estero. El acuerdo permitir\\u00e1 implementar un dispositivo psicopedag\\u00f3gico de car\\u00e1cter institucional y territorial para identificar y disminuir\",\"inLanguage\":\"es-ES\",\"isPartOf\":{\"@id\":\"https:\\\/\\\/lavozdelagente.com.ar\\\/index\\\/#website\"},\"breadcrumb\":{\"@id\":\"https:\\\/\\\/lavozdelagente.com.ar\\\/index\\\/2026\\\/09\\\/02\\\/la-provincia-y-el-colegio-de-psicopedagogos-buscan-fortalecer-el-acompanamiento-a-las-escuelas\\\/#breadcrumblist\"},\"author\":{\"@id\":\"https:\\\/\\\/lavozdelagente.com.ar\\\/index\\\/author\\\/rober\\\/#author\"},\"creator\":{\"@id\":\"https:\\\/\\\/lavozdelagente.com.ar\\\/index\\\/author\\\/rober\\\/#author\"},\"image\":{\"@type\":\"ImageObject\",\"url\":\"https:\\\/\\\/lavozdelagente.com.ar\\\/wp-content\\\/uploads\\\/2026\\\/09\\\/WhatsApp-Image-2026-09-02-at-12.40.03-PM-768x512-1.jpeg\",\"@id\":\"https:\\\/\\\/lavozdelagente.com.ar\\\/index\\\/2026\\\/09\\\/02\\\/la-provincia-y-el-colegio-de-psicopedagogos-buscan-fortalecer-el-acompanamiento-a-las-escuelas\\\/#mainImage\",\"width\":768,\"height\":512},\"primaryImageOfPage\":{\"@id\":\"https:\\\/\\\/lavozdelagente.com.ar\\\/index\\\/2026\\\/09\\\/02\\\/la-provincia-y-el-colegio-de-psicopedagogos-buscan-fortalecer-el-acompanamiento-a-las-escuelas\\\/#mainImage\"},\"datePublished\":\"2026-09-02T21:45:49+00:00\",\"dateModified\":\"2026-09-02T21:45:49+00:00\"},{\"@type\":\"WebSite\",\"@id\":\"https:\\\/\\\/lavozdelagente.com.ar\\\/index\\\/#website\",\"url\":\"https:\\\/\\\/lavozdelagente.com.ar\\\/index\\\/\",\"name\":\"LA VOZ DE LA GENTE\",\"description\":\"SDE\",\"inLanguage\":\"es-ES\",\"publisher\":{\"@id\":\"https:\\\/\\\/lavozdelagente.com.ar\\\/index\\\/#person\"}}]}\n\t\t<\/script>\n\t\t<!-- All in One SEO -->\n\n","aioseo_head_json":{"title":"La Provincia y el Colegio de Psicopedagogos buscan fortalecer el acompa\u00f1amiento a las escuelas - LA VOZ DE LA GENTE","description":"El Gobierno de la provincia, a trav\u00e9s del Ministerio de Educaci\u00f3n, Ciencia y Tecnolog\u00eda, firm\u00f3 este mi\u00e9rcoles un protocolo espec\u00edfico de asistencia t\u00e9cnica especializada con el Consejo Econ\u00f3mico Social y el Colegio Profesional de Psicopedagogos de Santiago del Estero. El acuerdo permitir\u00e1 implementar un dispositivo psicopedag\u00f3gico de car\u00e1cter institucional y territorial para identificar y disminuir","canonical_url":"https:\/\/lavozdelagente.com.ar\/index\/2026\/09\/02\/la-provincia-y-el-colegio-de-psicopedagogos-buscan-fortalecer-el-acompanamiento-a-las-escuelas\/","robots":"max-image-preview:large","keywords":"","webmasterTools":{"google-site-verification":"dJHDh1fUzR1o-UwpFfn1JyiF-0R1LCNFZReSb-gbgcE","miscellaneous":""},"schema":{"@context":"https:\/\/schema.org","@graph":[{"@type":"BlogPosting","@id":"https:\/\/lavozdelagente.com.ar\/index\/2026\/09\/02\/la-provincia-y-el-colegio-de-psicopedagogos-buscan-fortalecer-el-acompanamiento-a-las-escuelas\/#blogposting","name":"La Provincia y el Colegio de Psicopedagogos buscan fortalecer el acompa\u00f1amiento a las escuelas - LA VOZ DE LA GENTE","headline":"La Provincia y el Colegio de Psicopedagogos buscan fortalecer el acompa\u00f1amiento a las escuelas","author":{"@id":"https:\/\/lavozdelagente.com.ar\/index\/author\/rober\/#author"},"publisher":{"@id":"https:\/\/lavozdelagente.com.ar\/index\/#person"},"image":{"@type":"ImageObject","url":"https:\/\/lavozdelagente.com.ar\/wp-content\/uploads\/2026\/09\/WhatsApp-Image-2026-09-02-at-12.40.03-PM-768x512-1.jpeg","width":768,"height":512},"datePublished":"2026-09-02T21:45:49+00:00","dateModified":"2026-09-02T21:45:49+00:00","inLanguage":"es-ES","mainEntityOfPage":{"@id":"https:\/\/lavozdelagente.com.ar\/index\/2026\/09\/02\/la-provincia-y-el-colegio-de-psicopedagogos-buscan-fortalecer-el-acompanamiento-a-las-escuelas\/#webpage"},"isPartOf":{"@id":"https:\/\/lavozdelagente.com.ar\/index\/2026\/09\/02\/la-provincia-y-el-colegio-de-psicopedagogos-buscan-fortalecer-el-acompanamiento-a-las-escuelas\/#webpage"},"articleSection":"Santiago"},{"@type":"BreadcrumbList","@id":"https:\/\/lavozdelagente.com.ar\/index\/2026\/09\/02\/la-provincia-y-el-colegio-de-psicopedagogos-buscan-fortalecer-el-acompanamiento-a-las-escuelas\/#breadcrumblist","itemListElement":[{"@type":"ListItem","@id":"https:\/\/lavozdelagente.com.ar\/index#listItem","position":1,"name":"Home","item":"https:\/\/lavozdelagente.com.ar\/index","nextItem":{"@type":"ListItem","@id":"https:\/\/lavozdelagente.com.ar\/index\/category\/santiago\/#listItem","name":"Santiago"}},{"@type":"ListItem","@id":"https:\/\/lavozdelagente.com.ar\/index\/category\/santiago\/#listItem","position":2,"name":"Santiago","item":"https:\/\/lavozdelagente.com.ar\/index\/category\/santiago\/","nextItem":{"@type":"ListItem","@id":"https:\/\/lavozdelagente.com.ar\/index\/2026\/09\/02\/la-provincia-y-el-colegio-de-psicopedagogos-buscan-fortalecer-el-acompanamiento-a-las-escuelas\/#listItem","name":"La Provincia y el Colegio de Psicopedagogos buscan fortalecer el acompa\u00f1amiento a las escuelas"},"previousItem":{"@type":"ListItem","@id":"https:\/\/lavozdelagente.com.ar\/index#listItem","name":"Home"}},{"@type":"ListItem","@id":"https:\/\/lavozdelagente.com.ar\/index\/2026\/09\/02\/la-provincia-y-el-colegio-de-psicopedagogos-buscan-fortalecer-el-acompanamiento-a-las-escuelas\/#listItem","position":3,"name":"La Provincia y el Colegio de Psicopedagogos buscan fortalecer el acompa\u00f1amiento a las escuelas","previousItem":{"@type":"ListItem","@id":"https:\/\/lavozdelagente.com.ar\/index\/category\/santiago\/#listItem","name":"Santiago"}}]},{"@type":"Person","@id":"https:\/\/lavozdelagente.com.ar\/index\/author\/rober\/#author","url":"https:\/\/lavozdelagente.com.ar\/index\/author\/rober\/","name":"rober","image":{"@type":"ImageObject","@id":"https:\/\/lavozdelagente.com.ar\/index\/2026\/09\/02\/la-provincia-y-el-colegio-de-psicopedagogos-buscan-fortalecer-el-acompanamiento-a-las-escuelas\/#authorImage","url":"https:\/\/secure.gravatar.com\/avatar\/901a62cd098b11a08c5fe38d2de0f8ad6b745f5d4f6413ad71e1630ac07766e0?s=96&d=mm&r=g","width":96,"height":96,"caption":"rober"}},{"@type":"WebPage","@id":"https:\/\/lavozdelagente.com.ar\/index\/2026\/09\/02\/la-provincia-y-el-colegio-de-psicopedagogos-buscan-fortalecer-el-acompanamiento-a-las-escuelas\/#webpage","url":"https:\/\/lavozdelagente.com.ar\/index\/2026\/09\/02\/la-provincia-y-el-colegio-de-psicopedagogos-buscan-fortalecer-el-acompanamiento-a-las-escuelas\/","name":"La Provincia y el Colegio de Psicopedagogos buscan fortalecer el acompa\u00f1amiento a las escuelas - LA VOZ DE LA GENTE","description":"El Gobierno de la provincia, a trav\u00e9s del Ministerio de Educaci\u00f3n, Ciencia y Tecnolog\u00eda, firm\u00f3 este mi\u00e9rcoles un protocolo espec\u00edfico de asistencia t\u00e9cnica especializada con el Consejo Econ\u00f3mico Social y el Colegio Profesional de Psicopedagogos de Santiago del Estero. El acuerdo permitir\u00e1 implementar un dispositivo psicopedag\u00f3gico de car\u00e1cter institucional y territorial para identificar y disminuir","inLanguage":"es-ES","isPartOf":{"@id":"https:\/\/lavozdelagente.com.ar\/index\/#website"},"breadcrumb":{"@id":"https:\/\/lavozdelagente.com.ar\/index\/2026\/09\/02\/la-provincia-y-el-colegio-de-psicopedagogos-buscan-fortalecer-el-acompanamiento-a-las-escuelas\/#breadcrumblist"},"author":{"@id":"https:\/\/lavozdelagente.com.ar\/index\/author\/rober\/#author"},"creator":{"@id":"https:\/\/lavozdelagente.com.ar\/index\/author\/rober\/#author"},"image":{"@type":"ImageObject","url":"https:\/\/lavozdelagente.com.ar\/wp-content\/uploads\/2026\/09\/WhatsApp-Image-2026-09-02-at-12.40.03-PM-768x512-1.jpeg","@id":"https:\/\/lavozdelagente.com.ar\/index\/2026\/09\/02\/la-provincia-y-el-colegio-de-psicopedagogos-buscan-fortalecer-el-acompanamiento-a-las-escuelas\/#mainImage","width":768,"height":512},"primaryImageOfPage":{"@id":"https:\/\/lavozdelagente.com.ar\/index\/2026\/09\/02\/la-provincia-y-el-colegio-de-psicopedagogos-buscan-fortalecer-el-acompanamiento-a-las-escuelas\/#mainImage"},"datePublished":"2026-09-02T21:45:49+00:00","dateModified":"2026-09-02T21:45:49+00:00"},{"@type":"WebSite","@id":"https:\/\/lavozdelagente.com.ar\/index\/#website","url":"https:\/\/lavozdelagente.com.ar\/index\/","name":"LA VOZ DE LA GENTE","description":"SDE","inLanguage":"es-ES","publisher":{"@id":"https:\/\/lavozdelagente.com.ar\/index\/#person"}}]},"og:locale":"es_ES","og:site_name":"LA VOZ DE LA GENTE - SDE","og:type":"article","og:title":"La Provincia y el Colegio de Psicopedagogos buscan fortalecer el acompa\u00f1amiento a las escuelas - LA VOZ DE LA GENTE","og:description":"El Gobierno de la provincia, a trav\u00e9s del Ministerio de Educaci\u00f3n, Ciencia y Tecnolog\u00eda, firm\u00f3 este mi\u00e9rcoles un protocolo espec\u00edfico de asistencia t\u00e9cnica especializada con el Consejo Econ\u00f3mico Social y el Colegio Profesional de Psicopedagogos de Santiago del Estero. El acuerdo permitir\u00e1 implementar un dispositivo psicopedag\u00f3gico de car\u00e1cter institucional y territorial para identificar y disminuir","og:url":"https:\/\/lavozdelagente.com.ar\/index\/2026\/09\/02\/la-provincia-y-el-colegio-de-psicopedagogos-buscan-fortalecer-el-acompanamiento-a-las-escuelas\/","article:published_time":"2026-09-02T21:45:49+00:00","article:modified_time":"2026-09-02T21:45:49+00:00","twitter:card":"summary_large_image","twitter:title":"La Provincia y el Colegio de Psicopedagogos buscan fortalecer el acompa\u00f1amiento a las escuelas - LA VOZ DE LA GENTE","twitter:description":"El Gobierno de la provincia, a trav\u00e9s del Ministerio de Educaci\u00f3n, Ciencia y Tecnolog\u00eda, firm\u00f3 este mi\u00e9rcoles un protocolo espec\u00edfico de asistencia t\u00e9cnica especializada con el Consejo Econ\u00f3mico Social y el Colegio Profesional de Psicopedagogos de Santiago del Estero. El acuerdo permitir\u00e1 implementar un dispositivo psicopedag\u00f3gico de car\u00e1cter institucional y territorial para identificar y disminuir"},"aioseo_meta_data":{"post_id":"3629","title":null,"description":null,"keywords":null,"keyphrases":{"focus":{"keyphrase":"","score":0,"analysis":{"keyphraseInTitle":{"score":0,"maxScore":9,"error":1}}},"additional":[]},"primary_term":null,"canonical_url":null,"og_title":null,"og_description":null,"og_object_type":"default","og_image_type":"default","og_image_url":null,"og_image_width":null,"og_image_height":null,"og_image_custom_url":null,"og_image_custom_fields":null,"og_video":"","og_custom_url":null,"og_article_section":null,"og_article_tags":null,"twitter_use_og":false,"twitter_card":"default","twitter_image_type":"default","twitter_image_url":null,"twitter_image_custom_url":null,"twitter_image_custom_fields":null,"twitter_title":null,"twitter_description":null,"schema":{"blockGraphs":[],"customGraphs":[],"default":{"data":{"Article":[],"Course":[],"Dataset":[],"FAQPage":[],"Movie":[],"Person":[],"Product":[],"ProductReview":[],"Car":[],"Recipe":[],"Service":[],"SoftwareApplication":[],"WebPage":[]},"graphName":"BlogPosting","isEnabled":true},"graphs":[]},"schema_type":"default","schema_type_options":null,"pillar_content":false,"robots_default":true,"robots_noindex":false,"robots_noarchive":false,"robots_nosnippet":false,"robots_nofollow":false,"robots_noimageindex":false,"robots_noodp":false,"robots_notranslate":false,"robots_max_snippet":"-1","robots_max_videopreview":"-1","robots_max_imagepreview":"large","priority":null,"frequency":"default","local_seo":null,"breadcrumb_settings":null,"limit_modified_date":false,"ai":{"faqs":[],"keyPoints":[],"schemas":[],"titles":[],"descriptions":[],"socialPosts":{"email":{"subject":"","preview":"","content":""},"linkedin":[],"twitter":[],"facebook":[],"instagram":[]}},"created":"2026-09-02 21:45:49","updated":"2026-09-02 21:45:49","seo_analyzer_scan_date":null,"focus_keyword":null,"additional_keywords":null,"truseo_locale":null},"aioseo_breadcrumb":"<div class=\"aioseo-breadcrumbs\"><span class=\"aioseo-breadcrumb\">\n\t\t\t<a href=\"https:\/\/lavozdelagente.com.ar\/index\" title=\"Home\">Home<\/a>\n\t\t<\/span><span class=\"aioseo-breadcrumb-separator\">&raquo;<\/span><span class=\"aioseo-breadcrumb\">\n\t\t\t<a href=\"https:\/\/lavozdelagente.com.ar\/index\/category\/santiago\/\" title=\"Santiago\">Santiago<\/a>\n\t\t<\/span><span class=\"aioseo-breadcrumb-separator\">&raquo;<\/span><span class=\"aioseo-breadcrumb\">\n\t\t\tLa Provincia y el Colegio de Psicopedagogos buscan fortalecer el acompa\u00f1amiento a las escuelas\n\t\t<\/span><\/div>","aioseo_breadcrumb_json":[{"label":"Home","link":"https:\/\/lavozdelagente.com.ar\/index"},{"label":"Santiago","link":"https:\/\/lavozdelagente.com.ar\/index\/category\/santiago\/"},{"label":"La Provincia y el Colegio de Psicopedagogos buscan fortalecer el acompa\u00f1amiento a las escuelas","link":"https:\/\/lavozdelagente.com.ar\/index\/2026\/09\/02\/la-provincia-y-el-colegio-de-psicopedagogos-buscan-fortalecer-el-acompanamiento-a-las-escuelas\/"}],"rttpg_featured_image_url":{"full":["https:\/\/lavozdelagente.com.ar\/wp-content\/uploads\/2026\/09\/WhatsApp-Image-2026-09-02-at-12.40.03-PM-768x512-1.jpeg",768,512,false],"landscape":["https:\/\/lavozdelagente.com.ar\/wp-content\/uploads\/2026\/09\/WhatsApp-Image-2026-09-02-at-12.40.03-PM-768x512-1.jpeg",768,512,false],"portraits":["https:\/\/lavozdelagente.com.ar\/wp-content\/uploads\/2026\/09\/WhatsApp-Image-2026-09-02-at-12.40.03-PM-768x512-1.jpeg",768,512,false],"thumbnail":["https:\/\/lavozdelagente.com.ar\/wp-content\/uploads\/2026\/09\/WhatsApp-Image-2026-09-02-at-12.40.03-PM-768x512-1-150x150.jpeg",150,150,true],"medium":["https:\/\/lavozdelagente.com.ar\/wp-content\/uploads\/2026\/09\/WhatsApp-Image-2026-09-02-at-12.40.03-PM-768x512-1-300x200.jpeg",300,200,true],"large":["https:\/\/lavozdelagente.com.ar\/wp-content\/uploads\/2026\/09\/WhatsApp-Image-2026-09-02-at-12.40.03-PM-768x512-1.jpeg",768,512,false],"1536x1536":["https:\/\/lavozdelagente.com.ar\/wp-content\/uploads\/2026\/09\/WhatsApp-Image-2026-09-02-at-12.40.03-PM-768x512-1.jpeg",768,512,false],"2048x2048":["https:\/\/lavozdelagente.com.ar\/wp-content\/uploads\/2026\/09\/WhatsApp-Image-2026-09-02-at-12.40.03-PM-768x512-1.jpeg",768,512,false],"colormag-highlighted-post":["https:\/\/lavozdelagente.com.ar\/wp-content\/uploads\/2026\/09\/WhatsApp-Image-2026-09-02-at-12.40.03-PM-768x512-1-392x272.jpeg",392,272,true],"colormag-featured-post-medium":["https:\/\/lavozdelagente.com.ar\/wp-content\/uploads\/2026\/09\/WhatsApp-Image-2026-09-02-at-12.40.03-PM-768x512-1-390x205.jpeg",390,205,true],"colormag-featured-post-small":["https:\/\/lavozdelagente.com.ar\/wp-content\/uploads\/2026\/09\/WhatsApp-Image-2026-09-02-at-12.40.03-PM-768x512-1-130x90.jpeg",130,90,true],"colormag-featured-image":["https:\/\/lavozdelagente.com.ar\/wp-content\/uploads\/2026\/09\/WhatsApp-Image-2026-09-02-at-12.40.03-PM-768x512-1-768x445.jpeg",768,445,true],"colormag-default-news":["https:\/\/lavozdelagente.com.ar\/wp-content\/uploads\/2026\/09\/WhatsApp-Image-2026-09-02-at-12.40.03-PM-768x512-1-150x150.jpeg",150,150,true],"colormag-featured-image-large":["https:\/\/lavozdelagente.com.ar\/wp-content\/uploads\/2026\/09\/WhatsApp-Image-2026-09-02-at-12.40.03-PM-768x512-1.jpeg",768,512,false]},"rttpg_author":{"display_name":"rober","author_link":"https:\/\/lavozdelagente.com.ar\/index\/author\/rober\/"},"rttpg_comment":0,"rttpg_category":"<a href=\"https:\/\/lavozdelagente.com.ar\/index\/category\/santiago\/\" rel=\"category tag\">Santiago<\/a>","rttpg_excerpt":"El Gobierno de la provincia, a trav\u00e9s del Ministerio de Educaci\u00f3n, Ciencia y Tecnolog\u00eda, firm\u00f3 este mi\u00e9rcoles un protocolo espec\u00edfico","_links":{"self":[{"href":"https:\/\/lavozdelagente.com.ar\/index\/wp-json\/wp\/v2\/posts\/3629","targetHints":{"allow":["GET"]}}],"collection":[{"href":"https:\/\/lavozdelagente.com.ar\/index\/wp-json\/wp\/v2\/posts"}],"about":[{"href":"https:\/\/lavozdelagente.com.ar\/index\/wp-json\/wp\/v2\/types\/post"}],"author":[{"embeddable":true,"href":"https:\/\/lavozdelagente.com.ar\/index\/wp-json\/wp\/v2\/users\/2"}],"replies":[{"embeddable":true,"href":"https:\/\/lavozdelagente.com.ar\/index\/wp-json\/wp\/v2\/comments?post=3629"}],"version-history":[{"count":1,"href":"https:\/\/lavozdelagente.com.ar\/index\/wp-json\/wp\/v2\/posts\/3629\/revisions"}],"predecessor-version":[{"id":3631,"href":"https:\/\/lavozdelagente.com.ar\/index\/wp-json\/wp\/v2\/posts\/3629\/revisions\/3631"}],"wp:featuredmedia":[{"embeddable":true,"href":"https:\/\/lavozdelagente.com.ar\/index\/wp-json\/wp\/v2\/media\/3630"}],"wp:attachment":[{"href":"https:\/\/lavozdelagente.com.ar\/index\/wp-json\/wp\/v2\/media?parent=3629"}],"wp:term":[{"taxonomy":"category","embeddable":true,"href":"https:\/\/lavozdelagente.com.ar\/index\/wp-json\/wp\/v2\/categories?post=3629"},{"taxonomy":"post_tag","embeddable":true,"href":"https:\/\/lavozdelagente.com.ar\/index\/wp-json\/wp\/v2\/tags?post=3629"}],"curies":[{"name":"wp","href":"https:\/\/api.w.org\/{rel}","templated":true}]}}