{"id":3642,"date":"2026-09-04T21:47:42","date_gmt":"2026-09-04T21:47:42","guid":{"rendered":"https:\/\/lavozdelagente.com.ar\/index\/?p=3642"},"modified":"2026-09-04T21:47:42","modified_gmt":"2026-09-04T21:47:42","slug":"alumnos-de-cinco-instituciones-educativas-del-interior-visitaron-casa-de-gobierno","status":"publish","type":"post","link":"https:\/\/lavozdelagente.com.ar\/index\/2026\/09\/04\/alumnos-de-cinco-instituciones-educativas-del-interior-visitaron-casa-de-gobierno\/","title":{"rendered":"ALUMNOS DE CINCO INSTITUCIONES EDUCATIVAS DEL INTERIOR VISITARON CASA DE GOBIERNO"},"content":{"rendered":"<p>&nbsp;<\/p>\n<p>En el marco de proyectos que buscan ampliar conocimientos sobre los poderes del Estado, alumnos y docentes de cinco establecimientos educativos del interior santiague\u00f1o visitaron este viernes la sede principal del Gobierno de la provincia, en el marco de actividades pedag\u00f3gicas que forman parte del calendario educativo.<br \/>\nEn primera instancia, una delegaci\u00f3n del Centro Experimental N\u00ba 4 \u00abMaximio S. Victoria\u00bb de la ciudad de Fern\u00e1ndez, cabecera del departamento Robles, fue recibida en el Sal\u00f3n de Acuerdos por el jefe de Gabinete de Ministros, V\u00edctor Araujo, quien les dio la bienvenida y transmiti\u00f3 los saludos del gobernador El\u00edas Su\u00e1rez.<br \/>\nTambi\u00e9n durante esta jornada la Casa de Gobierno recibi\u00f3 la visita de alumnos de las escuelas N\u00b0 770 \u201cDante Franzzini\u201d de El Moj\u00f3n, departamento Pellegrini; N\u00b0 833 \u201cMiguel y B\u00e1rbara Mukdise\u201d de Puesto del Retiro, Dpto. R\u00edo Hondo; N\u00b0 751 \u201cTeniente General Juan Carlos S\u00e1nchez\u201d de la ciudad de Bandera, y de la N\u00b0 545 \u201cFuerza del Destino\u201d, de Pozo Dulce. Estas dos \u00faltimas instituciones est\u00e1n ubicadas en el departamento Belgrano.<br \/>\nEn este marco, el jefe de Gabinete expres\u00f3 su satisfacci\u00f3n por la posibilidad de recibir en sede del Poder Ejecutivo a estudiantes de distintos puntos de la provincia. Tambi\u00e9n destac\u00f3 el trabajo de los docentes que buscan ampliar los conocimientos de los ni\u00f1os y adolescentes sobre el funcionamiento de las instituciones p\u00fablicas de Santiago del Estero.<br \/>\nEn esta oportunidad, m\u00e1s de 150 estudiantes de las cinco instituciones pudieron hacer un recorrido por el edificio ubicado en Av. Rivadavia, en el marco de actividades previstas en proyectos institucionales que incluyen visitas a espacios culturales, deportivos y sitios tur\u00edsticos de la Capital.<\/p>\n","protected":false},"excerpt":{"rendered":"<p>&nbsp; En el marco de proyectos que buscan ampliar conocimientos sobre los poderes del Estado, alumnos y docentes de cinco<\/p>\n","protected":false},"author":2,"featured_media":3643,"comment_status":"open","ping_status":"open","sticky":false,"template":"","format":"standard","meta":{"colormag_page_container_layout":"default_layout","colormag_page_sidebar_layout":"default_layout","om_disable_all_campaigns":false,"_monsterinsights_skip_tracking":false,"footnotes":""},"categories":[2],"tags":[],"class_list":["post-3642","post","type-post","status-publish","format-standard","has-post-thumbnail","hentry","category-santiago"],"aioseo_notices":[],"aioseo_head":"\n\t\t<!-- All in One SEO 5.0.1.1 - aioseo.com -->\n\t<meta name=\"description\" content=\"En el marco de proyectos que buscan ampliar conocimientos sobre los poderes del Estado, alumnos y docentes de cinco establecimientos educativos del interior santiague\u00f1o visitaron este viernes la sede principal del Gobierno de la provincia, en el marco de actividades pedag\u00f3gicas que forman parte del calendario educativo. En primera instancia, una delegaci\u00f3n del Centro\" \/>\n\t<meta name=\"robots\" content=\"max-image-preview:large\" \/>\n\t<meta name=\"author\" content=\"rober\"\/>\n\t<meta name=\"google-site-verification\" content=\"dJHDh1fUzR1o-UwpFfn1JyiF-0R1LCNFZReSb-gbgcE\" \/>\n\t<link rel=\"canonical\" href=\"https:\/\/lavozdelagente.com.ar\/index\/2026\/09\/04\/alumnos-de-cinco-instituciones-educativas-del-interior-visitaron-casa-de-gobierno\/\" \/>\n\t<meta name=\"generator\" content=\"All in One SEO (AIOSEO) 5.0.1.1\" \/>\n\t\t<meta property=\"og:locale\" content=\"es_ES\" \/>\n\t\t<meta property=\"og:site_name\" content=\"LA VOZ DE LA GENTE - SDE\" \/>\n\t\t<meta property=\"og:type\" content=\"article\" \/>\n\t\t<meta property=\"og:title\" content=\"ALUMNOS DE CINCO INSTITUCIONES EDUCATIVAS DEL INTERIOR VISITARON CASA DE GOBIERNO - LA VOZ DE LA GENTE\" \/>\n\t\t<meta property=\"og:description\" content=\"En el marco de proyectos que buscan ampliar conocimientos sobre los poderes del Estado, alumnos y docentes de cinco establecimientos educativos del interior santiague\u00f1o visitaron este viernes la sede principal del Gobierno de la provincia, en el marco de actividades pedag\u00f3gicas que forman parte del calendario educativo. En primera instancia, una delegaci\u00f3n del Centro\" \/>\n\t\t<meta property=\"og:url\" content=\"https:\/\/lavozdelagente.com.ar\/index\/2026\/09\/04\/alumnos-de-cinco-instituciones-educativas-del-interior-visitaron-casa-de-gobierno\/\" \/>\n\t\t<meta property=\"article:published_time\" content=\"2026-09-04T21:47:42+00:00\" \/>\n\t\t<meta property=\"article:modified_time\" content=\"2026-09-04T21:47:42+00:00\" \/>\n\t\t<meta name=\"twitter:card\" content=\"summary_large_image\" \/>\n\t\t<meta name=\"twitter:title\" content=\"ALUMNOS DE CINCO INSTITUCIONES EDUCATIVAS DEL INTERIOR VISITARON CASA DE GOBIERNO - LA VOZ DE LA GENTE\" \/>\n\t\t<meta name=\"twitter:description\" content=\"En el marco de proyectos que buscan ampliar conocimientos sobre los poderes del Estado, alumnos y docentes de cinco establecimientos educativos del interior santiague\u00f1o visitaron este viernes la sede principal del Gobierno de la provincia, en el marco de actividades pedag\u00f3gicas que forman parte del calendario educativo. En primera instancia, una delegaci\u00f3n del Centro\" \/>\n\t\t<script type=\"application\/ld+json\" class=\"aioseo-schema\">\n\t\t\t{\"@context\":\"https:\\\/\\\/schema.org\",\"@graph\":[{\"@type\":\"BlogPosting\",\"@id\":\"https:\\\/\\\/lavozdelagente.com.ar\\\/index\\\/2026\\\/09\\\/04\\\/alumnos-de-cinco-instituciones-educativas-del-interior-visitaron-casa-de-gobierno\\\/#blogposting\",\"name\":\"ALUMNOS DE CINCO INSTITUCIONES EDUCATIVAS DEL INTERIOR VISITARON CASA DE GOBIERNO - LA VOZ DE LA GENTE\",\"headline\":\"ALUMNOS DE CINCO INSTITUCIONES EDUCATIVAS DEL INTERIOR VISITARON CASA DE GOBIERNO\",\"author\":{\"@id\":\"https:\\\/\\\/lavozdelagente.com.ar\\\/index\\\/author\\\/rober\\\/#author\"},\"publisher\":{\"@id\":\"https:\\\/\\\/lavozdelagente.com.ar\\\/index\\\/#person\"},\"image\":{\"@type\":\"ImageObject\",\"url\":\"https:\\\/\\\/lavozdelagente.com.ar\\\/wp-content\\\/uploads\\\/2026\\\/09\\\/WhatsApp-Image-2026-09-04-at-5.49.23-PM.jpeg\",\"width\":1600,\"height\":1066},\"datePublished\":\"2026-09-04T21:47:42+00:00\",\"dateModified\":\"2026-09-04T21:47:42+00:00\",\"inLanguage\":\"es-ES\",\"mainEntityOfPage\":{\"@id\":\"https:\\\/\\\/lavozdelagente.com.ar\\\/index\\\/2026\\\/09\\\/04\\\/alumnos-de-cinco-instituciones-educativas-del-interior-visitaron-casa-de-gobierno\\\/#webpage\"},\"isPartOf\":{\"@id\":\"https:\\\/\\\/lavozdelagente.com.ar\\\/index\\\/2026\\\/09\\\/04\\\/alumnos-de-cinco-instituciones-educativas-del-interior-visitaron-casa-de-gobierno\\\/#webpage\"},\"articleSection\":\"Santiago\"},{\"@type\":\"BreadcrumbList\",\"@id\":\"https:\\\/\\\/lavozdelagente.com.ar\\\/index\\\/2026\\\/09\\\/04\\\/alumnos-de-cinco-instituciones-educativas-del-interior-visitaron-casa-de-gobierno\\\/#breadcrumblist\",\"itemListElement\":[{\"@type\":\"ListItem\",\"@id\":\"https:\\\/\\\/lavozdelagente.com.ar\\\/index#listItem\",\"position\":1,\"name\":\"Home\",\"item\":\"https:\\\/\\\/lavozdelagente.com.ar\\\/index\",\"nextItem\":{\"@type\":\"ListItem\",\"@id\":\"https:\\\/\\\/lavozdelagente.com.ar\\\/index\\\/category\\\/santiago\\\/#listItem\",\"name\":\"Santiago\"}},{\"@type\":\"ListItem\",\"@id\":\"https:\\\/\\\/lavozdelagente.com.ar\\\/index\\\/category\\\/santiago\\\/#listItem\",\"position\":2,\"name\":\"Santiago\",\"item\":\"https:\\\/\\\/lavozdelagente.com.ar\\\/index\\\/category\\\/santiago\\\/\",\"nextItem\":{\"@type\":\"ListItem\",\"@id\":\"https:\\\/\\\/lavozdelagente.com.ar\\\/index\\\/2026\\\/09\\\/04\\\/alumnos-de-cinco-instituciones-educativas-del-interior-visitaron-casa-de-gobierno\\\/#listItem\",\"name\":\"ALUMNOS DE CINCO INSTITUCIONES EDUCATIVAS DEL INTERIOR VISITARON CASA DE GOBIERNO\"},\"previousItem\":{\"@type\":\"ListItem\",\"@id\":\"https:\\\/\\\/lavozdelagente.com.ar\\\/index#listItem\",\"name\":\"Home\"}},{\"@type\":\"ListItem\",\"@id\":\"https:\\\/\\\/lavozdelagente.com.ar\\\/index\\\/2026\\\/09\\\/04\\\/alumnos-de-cinco-instituciones-educativas-del-interior-visitaron-casa-de-gobierno\\\/#listItem\",\"position\":3,\"name\":\"ALUMNOS DE CINCO INSTITUCIONES EDUCATIVAS DEL INTERIOR VISITARON CASA DE GOBIERNO\",\"previousItem\":{\"@type\":\"ListItem\",\"@id\":\"https:\\\/\\\/lavozdelagente.com.ar\\\/index\\\/category\\\/santiago\\\/#listItem\",\"name\":\"Santiago\"}}]},{\"@type\":\"Person\",\"@id\":\"https:\\\/\\\/lavozdelagente.com.ar\\\/index\\\/author\\\/rober\\\/#author\",\"url\":\"https:\\\/\\\/lavozdelagente.com.ar\\\/index\\\/author\\\/rober\\\/\",\"name\":\"rober\",\"image\":{\"@type\":\"ImageObject\",\"@id\":\"https:\\\/\\\/lavozdelagente.com.ar\\\/index\\\/2026\\\/09\\\/04\\\/alumnos-de-cinco-instituciones-educativas-del-interior-visitaron-casa-de-gobierno\\\/#authorImage\",\"url\":\"https:\\\/\\\/secure.gravatar.com\\\/avatar\\\/901a62cd098b11a08c5fe38d2de0f8ad6b745f5d4f6413ad71e1630ac07766e0?s=96&d=mm&r=g\",\"width\":96,\"height\":96,\"caption\":\"rober\"}},{\"@type\":\"WebPage\",\"@id\":\"https:\\\/\\\/lavozdelagente.com.ar\\\/index\\\/2026\\\/09\\\/04\\\/alumnos-de-cinco-instituciones-educativas-del-interior-visitaron-casa-de-gobierno\\\/#webpage\",\"url\":\"https:\\\/\\\/lavozdelagente.com.ar\\\/index\\\/2026\\\/09\\\/04\\\/alumnos-de-cinco-instituciones-educativas-del-interior-visitaron-casa-de-gobierno\\\/\",\"name\":\"ALUMNOS DE CINCO INSTITUCIONES EDUCATIVAS DEL INTERIOR VISITARON CASA DE GOBIERNO - LA VOZ DE LA GENTE\",\"description\":\"En el marco de proyectos que buscan ampliar conocimientos sobre los poderes del Estado, alumnos y docentes de cinco establecimientos educativos del interior santiague\\u00f1o visitaron este viernes la sede principal del Gobierno de la provincia, en el marco de actividades pedag\\u00f3gicas que forman parte del calendario educativo. En primera instancia, una delegaci\\u00f3n del Centro\",\"inLanguage\":\"es-ES\",\"isPartOf\":{\"@id\":\"https:\\\/\\\/lavozdelagente.com.ar\\\/index\\\/#website\"},\"breadcrumb\":{\"@id\":\"https:\\\/\\\/lavozdelagente.com.ar\\\/index\\\/2026\\\/09\\\/04\\\/alumnos-de-cinco-instituciones-educativas-del-interior-visitaron-casa-de-gobierno\\\/#breadcrumblist\"},\"author\":{\"@id\":\"https:\\\/\\\/lavozdelagente.com.ar\\\/index\\\/author\\\/rober\\\/#author\"},\"creator\":{\"@id\":\"https:\\\/\\\/lavozdelagente.com.ar\\\/index\\\/author\\\/rober\\\/#author\"},\"image\":{\"@type\":\"ImageObject\",\"url\":\"https:\\\/\\\/lavozdelagente.com.ar\\\/wp-content\\\/uploads\\\/2026\\\/09\\\/WhatsApp-Image-2026-09-04-at-5.49.23-PM.jpeg\",\"@id\":\"https:\\\/\\\/lavozdelagente.com.ar\\\/index\\\/2026\\\/09\\\/04\\\/alumnos-de-cinco-instituciones-educativas-del-interior-visitaron-casa-de-gobierno\\\/#mainImage\",\"width\":1600,\"height\":1066},\"primaryImageOfPage\":{\"@id\":\"https:\\\/\\\/lavozdelagente.com.ar\\\/index\\\/2026\\\/09\\\/04\\\/alumnos-de-cinco-instituciones-educativas-del-interior-visitaron-casa-de-gobierno\\\/#mainImage\"},\"datePublished\":\"2026-09-04T21:47:42+00:00\",\"dateModified\":\"2026-09-04T21:47:42+00:00\"},{\"@type\":\"WebSite\",\"@id\":\"https:\\\/\\\/lavozdelagente.com.ar\\\/index\\\/#website\",\"url\":\"https:\\\/\\\/lavozdelagente.com.ar\\\/index\\\/\",\"name\":\"LA VOZ DE LA GENTE\",\"description\":\"SDE\",\"inLanguage\":\"es-ES\",\"publisher\":{\"@id\":\"https:\\\/\\\/lavozdelagente.com.ar\\\/index\\\/#person\"}}]}\n\t\t<\/script>\n\t\t<!-- All in One SEO -->\n\n","aioseo_head_json":{"title":"ALUMNOS DE CINCO INSTITUCIONES EDUCATIVAS DEL INTERIOR VISITARON CASA DE GOBIERNO - LA VOZ DE LA GENTE","description":"En el marco de proyectos que buscan ampliar conocimientos sobre los poderes del Estado, alumnos y docentes de cinco establecimientos educativos del interior santiague\u00f1o visitaron este viernes la sede principal del Gobierno de la provincia, en el marco de actividades pedag\u00f3gicas que forman parte del calendario educativo. En primera instancia, una delegaci\u00f3n del Centro","canonical_url":"https:\/\/lavozdelagente.com.ar\/index\/2026\/09\/04\/alumnos-de-cinco-instituciones-educativas-del-interior-visitaron-casa-de-gobierno\/","robots":"max-image-preview:large","keywords":"","webmasterTools":{"google-site-verification":"dJHDh1fUzR1o-UwpFfn1JyiF-0R1LCNFZReSb-gbgcE","miscellaneous":""},"schema":{"@context":"https:\/\/schema.org","@graph":[{"@type":"BlogPosting","@id":"https:\/\/lavozdelagente.com.ar\/index\/2026\/09\/04\/alumnos-de-cinco-instituciones-educativas-del-interior-visitaron-casa-de-gobierno\/#blogposting","name":"ALUMNOS DE CINCO INSTITUCIONES EDUCATIVAS DEL INTERIOR VISITARON CASA DE GOBIERNO - LA VOZ DE LA GENTE","headline":"ALUMNOS DE CINCO INSTITUCIONES EDUCATIVAS DEL INTERIOR VISITARON CASA DE GOBIERNO","author":{"@id":"https:\/\/lavozdelagente.com.ar\/index\/author\/rober\/#author"},"publisher":{"@id":"https:\/\/lavozdelagente.com.ar\/index\/#person"},"image":{"@type":"ImageObject","url":"https:\/\/lavozdelagente.com.ar\/wp-content\/uploads\/2026\/09\/WhatsApp-Image-2026-09-04-at-5.49.23-PM.jpeg","width":1600,"height":1066},"datePublished":"2026-09-04T21:47:42+00:00","dateModified":"2026-09-04T21:47:42+00:00","inLanguage":"es-ES","mainEntityOfPage":{"@id":"https:\/\/lavozdelagente.com.ar\/index\/2026\/09\/04\/alumnos-de-cinco-instituciones-educativas-del-interior-visitaron-casa-de-gobierno\/#webpage"},"isPartOf":{"@id":"https:\/\/lavozdelagente.com.ar\/index\/2026\/09\/04\/alumnos-de-cinco-instituciones-educativas-del-interior-visitaron-casa-de-gobierno\/#webpage"},"articleSection":"Santiago"},{"@type":"BreadcrumbList","@id":"https:\/\/lavozdelagente.com.ar\/index\/2026\/09\/04\/alumnos-de-cinco-instituciones-educativas-del-interior-visitaron-casa-de-gobierno\/#breadcrumblist","itemListElement":[{"@type":"ListItem","@id":"https:\/\/lavozdelagente.com.ar\/index#listItem","position":1,"name":"Home","item":"https:\/\/lavozdelagente.com.ar\/index","nextItem":{"@type":"ListItem","@id":"https:\/\/lavozdelagente.com.ar\/index\/category\/santiago\/#listItem","name":"Santiago"}},{"@type":"ListItem","@id":"https:\/\/lavozdelagente.com.ar\/index\/category\/santiago\/#listItem","position":2,"name":"Santiago","item":"https:\/\/lavozdelagente.com.ar\/index\/category\/santiago\/","nextItem":{"@type":"ListItem","@id":"https:\/\/lavozdelagente.com.ar\/index\/2026\/09\/04\/alumnos-de-cinco-instituciones-educativas-del-interior-visitaron-casa-de-gobierno\/#listItem","name":"ALUMNOS DE CINCO INSTITUCIONES EDUCATIVAS DEL INTERIOR VISITARON CASA DE GOBIERNO"},"previousItem":{"@type":"ListItem","@id":"https:\/\/lavozdelagente.com.ar\/index#listItem","name":"Home"}},{"@type":"ListItem","@id":"https:\/\/lavozdelagente.com.ar\/index\/2026\/09\/04\/alumnos-de-cinco-instituciones-educativas-del-interior-visitaron-casa-de-gobierno\/#listItem","position":3,"name":"ALUMNOS DE CINCO INSTITUCIONES EDUCATIVAS DEL INTERIOR VISITARON CASA DE GOBIERNO","previousItem":{"@type":"ListItem","@id":"https:\/\/lavozdelagente.com.ar\/index\/category\/santiago\/#listItem","name":"Santiago"}}]},{"@type":"Person","@id":"https:\/\/lavozdelagente.com.ar\/index\/author\/rober\/#author","url":"https:\/\/lavozdelagente.com.ar\/index\/author\/rober\/","name":"rober","image":{"@type":"ImageObject","@id":"https:\/\/lavozdelagente.com.ar\/index\/2026\/09\/04\/alumnos-de-cinco-instituciones-educativas-del-interior-visitaron-casa-de-gobierno\/#authorImage","url":"https:\/\/secure.gravatar.com\/avatar\/901a62cd098b11a08c5fe38d2de0f8ad6b745f5d4f6413ad71e1630ac07766e0?s=96&d=mm&r=g","width":96,"height":96,"caption":"rober"}},{"@type":"WebPage","@id":"https:\/\/lavozdelagente.com.ar\/index\/2026\/09\/04\/alumnos-de-cinco-instituciones-educativas-del-interior-visitaron-casa-de-gobierno\/#webpage","url":"https:\/\/lavozdelagente.com.ar\/index\/2026\/09\/04\/alumnos-de-cinco-instituciones-educativas-del-interior-visitaron-casa-de-gobierno\/","name":"ALUMNOS DE CINCO INSTITUCIONES EDUCATIVAS DEL INTERIOR VISITARON CASA DE GOBIERNO - LA VOZ DE LA GENTE","description":"En el marco de proyectos que buscan ampliar conocimientos sobre los poderes del Estado, alumnos y docentes de cinco establecimientos educativos del interior santiague\u00f1o visitaron este viernes la sede principal del Gobierno de la provincia, en el marco de actividades pedag\u00f3gicas que forman parte del calendario educativo. En primera instancia, una delegaci\u00f3n del Centro","inLanguage":"es-ES","isPartOf":{"@id":"https:\/\/lavozdelagente.com.ar\/index\/#website"},"breadcrumb":{"@id":"https:\/\/lavozdelagente.com.ar\/index\/2026\/09\/04\/alumnos-de-cinco-instituciones-educativas-del-interior-visitaron-casa-de-gobierno\/#breadcrumblist"},"author":{"@id":"https:\/\/lavozdelagente.com.ar\/index\/author\/rober\/#author"},"creator":{"@id":"https:\/\/lavozdelagente.com.ar\/index\/author\/rober\/#author"},"image":{"@type":"ImageObject","url":"https:\/\/lavozdelagente.com.ar\/wp-content\/uploads\/2026\/09\/WhatsApp-Image-2026-09-04-at-5.49.23-PM.jpeg","@id":"https:\/\/lavozdelagente.com.ar\/index\/2026\/09\/04\/alumnos-de-cinco-instituciones-educativas-del-interior-visitaron-casa-de-gobierno\/#mainImage","width":1600,"height":1066},"primaryImageOfPage":{"@id":"https:\/\/lavozdelagente.com.ar\/index\/2026\/09\/04\/alumnos-de-cinco-instituciones-educativas-del-interior-visitaron-casa-de-gobierno\/#mainImage"},"datePublished":"2026-09-04T21:47:42+00:00","dateModified":"2026-09-04T21:47:42+00:00"},{"@type":"WebSite","@id":"https:\/\/lavozdelagente.com.ar\/index\/#website","url":"https:\/\/lavozdelagente.com.ar\/index\/","name":"LA VOZ DE LA GENTE","description":"SDE","inLanguage":"es-ES","publisher":{"@id":"https:\/\/lavozdelagente.com.ar\/index\/#person"}}]},"og:locale":"es_ES","og:site_name":"LA VOZ DE LA GENTE - SDE","og:type":"article","og:title":"ALUMNOS DE CINCO INSTITUCIONES EDUCATIVAS DEL INTERIOR VISITARON CASA DE GOBIERNO - LA VOZ DE LA GENTE","og:description":"En el marco de proyectos que buscan ampliar conocimientos sobre los poderes del Estado, alumnos y docentes de cinco establecimientos educativos del interior santiague\u00f1o visitaron este viernes la sede principal del Gobierno de la provincia, en el marco de actividades pedag\u00f3gicas que forman parte del calendario educativo. En primera instancia, una delegaci\u00f3n del Centro","og:url":"https:\/\/lavozdelagente.com.ar\/index\/2026\/09\/04\/alumnos-de-cinco-instituciones-educativas-del-interior-visitaron-casa-de-gobierno\/","article:published_time":"2026-09-04T21:47:42+00:00","article:modified_time":"2026-09-04T21:47:42+00:00","twitter:card":"summary_large_image","twitter:title":"ALUMNOS DE CINCO INSTITUCIONES EDUCATIVAS DEL INTERIOR VISITARON CASA DE GOBIERNO - LA VOZ DE LA GENTE","twitter:description":"En el marco de proyectos que buscan ampliar conocimientos sobre los poderes del Estado, alumnos y docentes de cinco establecimientos educativos del interior santiague\u00f1o visitaron este viernes la sede principal del Gobierno de la provincia, en el marco de actividades pedag\u00f3gicas que forman parte del calendario educativo. En primera instancia, una delegaci\u00f3n del Centro"},"aioseo_meta_data":{"post_id":"3642","title":null,"description":null,"keywords":null,"keyphrases":{"focus":{"keyphrase":"","score":0,"analysis":{"keyphraseInTitle":{"score":0,"maxScore":9,"error":1}}},"additional":[]},"primary_term":null,"canonical_url":null,"og_title":null,"og_description":null,"og_object_type":"default","og_image_type":"default","og_image_url":null,"og_image_width":null,"og_image_height":null,"og_image_custom_url":null,"og_image_custom_fields":null,"og_video":"","og_custom_url":null,"og_article_section":null,"og_article_tags":null,"twitter_use_og":false,"twitter_card":"default","twitter_image_type":"default","twitter_image_url":null,"twitter_image_custom_url":null,"twitter_image_custom_fields":null,"twitter_title":null,"twitter_description":null,"schema":{"blockGraphs":[],"customGraphs":[],"default":{"data":{"Article":[],"Course":[],"Dataset":[],"FAQPage":[],"Movie":[],"Person":[],"Product":[],"ProductReview":[],"Car":[],"Recipe":[],"Service":[],"SoftwareApplication":[],"WebPage":[]},"graphName":"BlogPosting","isEnabled":true},"graphs":[]},"schema_type":"default","schema_type_options":null,"pillar_content":false,"robots_default":true,"robots_noindex":false,"robots_noarchive":false,"robots_nosnippet":false,"robots_nofollow":false,"robots_noimageindex":false,"robots_noodp":false,"robots_notranslate":false,"robots_max_snippet":"-1","robots_max_videopreview":"-1","robots_max_imagepreview":"large","priority":null,"frequency":"default","local_seo":null,"breadcrumb_settings":null,"limit_modified_date":false,"ai":{"faqs":[],"keyPoints":[],"schemas":[],"titles":[],"descriptions":[],"socialPosts":{"email":{"subject":"","preview":"","content":""},"linkedin":[],"twitter":[],"facebook":[],"instagram":[]}},"created":"2026-09-04 21:47:42","updated":"2026-09-05 20:21:40","seo_analyzer_scan_date":null,"focus_keyword":null,"additional_keywords":null,"truseo_locale":null},"aioseo_breadcrumb":"<div class=\"aioseo-breadcrumbs\"><span class=\"aioseo-breadcrumb\">\n\t\t\t<a href=\"https:\/\/lavozdelagente.com.ar\/index\" title=\"Home\">Home<\/a>\n\t\t<\/span><span class=\"aioseo-breadcrumb-separator\">&raquo;<\/span><span class=\"aioseo-breadcrumb\">\n\t\t\t<a href=\"https:\/\/lavozdelagente.com.ar\/index\/category\/santiago\/\" title=\"Santiago\">Santiago<\/a>\n\t\t<\/span><span class=\"aioseo-breadcrumb-separator\">&raquo;<\/span><span class=\"aioseo-breadcrumb\">\n\t\t\tALUMNOS DE CINCO INSTITUCIONES EDUCATIVAS DEL INTERIOR VISITARON CASA DE GOBIERNO\n\t\t<\/span><\/div>","aioseo_breadcrumb_json":[{"label":"Home","link":"https:\/\/lavozdelagente.com.ar\/index"},{"label":"Santiago","link":"https:\/\/lavozdelagente.com.ar\/index\/category\/santiago\/"},{"label":"ALUMNOS DE CINCO INSTITUCIONES EDUCATIVAS DEL INTERIOR VISITARON CASA DE GOBIERNO","link":"https:\/\/lavozdelagente.com.ar\/index\/2026\/09\/04\/alumnos-de-cinco-instituciones-educativas-del-interior-visitaron-casa-de-gobierno\/"}],"rttpg_featured_image_url":{"full":["https:\/\/lavozdelagente.com.ar\/wp-content\/uploads\/2026\/09\/WhatsApp-Image-2026-09-04-at-5.49.23-PM.jpeg",1600,1066,false],"landscape":["https:\/\/lavozdelagente.com.ar\/wp-content\/uploads\/2026\/09\/WhatsApp-Image-2026-09-04-at-5.49.23-PM.jpeg",1600,1066,false],"portraits":["https:\/\/lavozdelagente.com.ar\/wp-content\/uploads\/2026\/09\/WhatsApp-Image-2026-09-04-at-5.49.23-PM.jpeg",1600,1066,false],"thumbnail":["https:\/\/lavozdelagente.com.ar\/wp-content\/uploads\/2026\/09\/WhatsApp-Image-2026-09-04-at-5.49.23-PM-150x150.jpeg",150,150,true],"medium":["https:\/\/lavozdelagente.com.ar\/wp-content\/uploads\/2026\/09\/WhatsApp-Image-2026-09-04-at-5.49.23-PM-300x200.jpeg",300,200,true],"large":["https:\/\/lavozdelagente.com.ar\/wp-content\/uploads\/2026\/09\/WhatsApp-Image-2026-09-04-at-5.49.23-PM-1024x682.jpeg",800,533,true],"1536x1536":["https:\/\/lavozdelagente.com.ar\/wp-content\/uploads\/2026\/09\/WhatsApp-Image-2026-09-04-at-5.49.23-PM-1536x1023.jpeg",1536,1023,true],"2048x2048":["https:\/\/lavozdelagente.com.ar\/wp-content\/uploads\/2026\/09\/WhatsApp-Image-2026-09-04-at-5.49.23-PM.jpeg",1600,1066,false],"colormag-highlighted-post":["https:\/\/lavozdelagente.com.ar\/wp-content\/uploads\/2026\/09\/WhatsApp-Image-2026-09-04-at-5.49.23-PM-392x272.jpeg",392,272,true],"colormag-featured-post-medium":["https:\/\/lavozdelagente.com.ar\/wp-content\/uploads\/2026\/09\/WhatsApp-Image-2026-09-04-at-5.49.23-PM-390x205.jpeg",390,205,true],"colormag-featured-post-small":["https:\/\/lavozdelagente.com.ar\/wp-content\/uploads\/2026\/09\/WhatsApp-Image-2026-09-04-at-5.49.23-PM-130x90.jpeg",130,90,true],"colormag-featured-image":["https:\/\/lavozdelagente.com.ar\/wp-content\/uploads\/2026\/09\/WhatsApp-Image-2026-09-04-at-5.49.23-PM-800x445.jpeg",800,445,true],"colormag-default-news":["https:\/\/lavozdelagente.com.ar\/wp-content\/uploads\/2026\/09\/WhatsApp-Image-2026-09-04-at-5.49.23-PM-150x150.jpeg",150,150,true],"colormag-featured-image-large":["https:\/\/lavozdelagente.com.ar\/wp-content\/uploads\/2026\/09\/WhatsApp-Image-2026-09-04-at-5.49.23-PM-1400x600.jpeg",1400,600,true]},"rttpg_author":{"display_name":"rober","author_link":"https:\/\/lavozdelagente.com.ar\/index\/author\/rober\/"},"rttpg_comment":0,"rttpg_category":"<a href=\"https:\/\/lavozdelagente.com.ar\/index\/category\/santiago\/\" rel=\"category tag\">Santiago<\/a>","rttpg_excerpt":"&nbsp; En el marco de proyectos que buscan ampliar conocimientos sobre los poderes del Estado, alumnos y docentes de cinco","_links":{"self":[{"href":"https:\/\/lavozdelagente.com.ar\/index\/wp-json\/wp\/v2\/posts\/3642","targetHints":{"allow":["GET"]}}],"collection":[{"href":"https:\/\/lavozdelagente.com.ar\/index\/wp-json\/wp\/v2\/posts"}],"about":[{"href":"https:\/\/lavozdelagente.com.ar\/index\/wp-json\/wp\/v2\/types\/post"}],"author":[{"embeddable":true,"href":"https:\/\/lavozdelagente.com.ar\/index\/wp-json\/wp\/v2\/users\/2"}],"replies":[{"embeddable":true,"href":"https:\/\/lavozdelagente.com.ar\/index\/wp-json\/wp\/v2\/comments?post=3642"}],"version-history":[{"count":1,"href":"https:\/\/lavozdelagente.com.ar\/index\/wp-json\/wp\/v2\/posts\/3642\/revisions"}],"predecessor-version":[{"id":3644,"href":"https:\/\/lavozdelagente.com.ar\/index\/wp-json\/wp\/v2\/posts\/3642\/revisions\/3644"}],"wp:featuredmedia":[{"embeddable":true,"href":"https:\/\/lavozdelagente.com.ar\/index\/wp-json\/wp\/v2\/media\/3643"}],"wp:attachment":[{"href":"https:\/\/lavozdelagente.com.ar\/index\/wp-json\/wp\/v2\/media?parent=3642"}],"wp:term":[{"taxonomy":"category","embeddable":true,"href":"https:\/\/lavozdelagente.com.ar\/index\/wp-json\/wp\/v2\/categories?post=3642"},{"taxonomy":"post_tag","embeddable":true,"href":"https:\/\/lavozdelagente.com.ar\/index\/wp-json\/wp\/v2\/tags?post=3642"}],"curies":[{"name":"wp","href":"https:\/\/api.w.org\/{rel}","templated":true}]}}