{"id":3645,"date":"2026-09-04T21:51:16","date_gmt":"2026-09-04T21:51:16","guid":{"rendered":"https:\/\/lavozdelagente.com.ar\/index\/?p=3645"},"modified":"2026-09-04T21:51:16","modified_gmt":"2026-09-04T21:51:16","slug":"milei-profundizo-el-ajuste-en-las-provincias-en-agosto-es-el-peor-registro-desde-el-2005","status":"publish","type":"post","link":"https:\/\/lavozdelagente.com.ar\/index\/2026\/09\/04\/milei-profundizo-el-ajuste-en-las-provincias-en-agosto-es-el-peor-registro-desde-el-2005\/","title":{"rendered":"Milei profundiz\u00f3 el ajuste en las provincias en agosto: es el peor registro desde el 2005"},"content":{"rendered":"<p>Los env\u00edos discrecionales de fondos nacionales a las provincias sumaron $ 68.288 millones en agosto, el peor registro para este mes desde el a\u00f1o 2005 con una reducci\u00f3n de 66,4% en t\u00e9rminos reales.<\/p>\n<p>Este volumen se contrajo de manera significativa frente a los registros del a\u00f1o previo y afect\u00f3 las partidas destinadas a programas educativos, obras de infraestructura y previsi\u00f3n social.<\/p>\n<p>Seg\u00fan un informe de la consultora Politik\u00f3n Chaco, a ra\u00edz de esta contracci\u00f3n, el flujo financiero \u00abse convierte en el peor agosto desde, por lo menos, el a\u00f1o 2005\u00bb. El trabajo remarc\u00f3 que \u00ablos env\u00edos por Universalizaci\u00f3n de la Jornada Extendida ($ 30.455 millones) explicaron el 45% del total pagado\u00bb.<\/p>\n<p>En un segundo escal\u00f3n de prioridades se posicionaron los fondos de asistencia jubilatoria, con \u00abTransferencias a Cajas Previsionales Provinciales ($ 15.000 millones) concentrando el 22% del total provincial\u00bb. De este modo, esas dos actividades en conjunto explicaron el 67% del total del mes.<\/p>\n<p>La distribuci\u00f3n territorial de las partidas del mes evidenci\u00f3 una marcada concentraci\u00f3n en un n\u00famero reducido de distritos provinciales. De acuerdo con el desglose de los env\u00edos, las jurisdicciones m\u00e1s favorecidas en el reparto fueron: Buenos Aires con el 23,7% del total, Entre R\u00edos con el 12,9%, y Santa Fe con el 10,4%.<\/p>\n<p>En contraposici\u00f3n, el reporte t\u00e9cnico evidenci\u00f3 que en el fondo de la tabla quedaron Tierra del Fuego, R\u00edo Negro, Formosa y Santa Cruz, cuyos niveles de participaci\u00f3n fueron inferiores al 0,3% del mes.<\/p>\n<p>Asimismo, el informe destac\u00f3 que en agosto no hubo reparto de Adelanto Transitorios Nacionales (ATN). Las estad\u00edsticas oficiales de los primeros ocho meses reflejan que los recursos discrecionales \u00abtotalizaron $ 806.489 millones\u00bb, registrando de este modo \u00abuna baja real interanual del 63,1% contra igual per\u00edodo del 2025\u00bb.<\/p>\n<p>Jurisdicci\u00f3n Env\u00edos (MM de $) Var. Real i.a. (%) Participaci\u00f3n (%)<br \/>\nBuenos Aires $ 16.190 -72,5% 23,7%<br \/>\nEntre R\u00edos $ 8.778 22,3% 12,9%<br \/>\nSanta Fe $ 7.124 96,2% 10,4%<br \/>\nLa Pampa $ 5.232 3308,6% 7,7%<br \/>\nMisiones $ 4.582 388,5% 6,7%<br \/>\nSan Luis $ 4.261 4638,1% 6,2%<br \/>\nNeuqu\u00e9n $ 4.244 -1,8% 6,2%<br \/>\nChaco $ 3.745 -39,3% 5,5%<br \/>\nCorrientes $ 3.458 21,6% 5,1%<br \/>\nC\u00f3rdoba $ 2.370 -71,4% 3,5%<br \/>\nSalta $ 1.725 54,1% 2,5%<br \/>\nMendoza $ 1.298 27,5% 1,9%<br \/>\nCatamarca $ 1.159 -10,7% 1,7%<br \/>\nTucum\u00e1n $ 963 s\/d 1,4%<br \/>\nCABA $ 804 -99,1% 1,2%<br \/>\nSan Juan $ 711 660,2% 1,0%<br \/>\nSantiago del Estero $ 673 -80,7% 1,0%<br \/>\nJujuy $ 393 -59,4% 0,6%<br \/>\nLa Rioja $ 178 1,3% 0,3%<br \/>\nChubut $ 177 -50,2% 0,3%<br \/>\nTierra del Fuego $ 94 -81,6% 0,1%<br \/>\nR\u00edo Negro $ 63 -77,1% 0,1%<br \/>\nFormosa $ 40 22,3% 0,1%<br \/>\nSanta Cruz $ 24 -99,7% 0,0%<br \/>\nTOTAL $ 68.288 -66,4% 100,0%<br \/>\nAgencia NA<\/p>\n","protected":false},"excerpt":{"rendered":"<p>Los env\u00edos discrecionales de fondos nacionales a las provincias sumaron $ 68.288 millones en agosto, el peor registro para este<\/p>\n","protected":false},"author":2,"featured_media":3646,"comment_status":"open","ping_status":"open","sticky":false,"template":"","format":"standard","meta":{"colormag_page_container_layout":"default_layout","colormag_page_sidebar_layout":"default_layout","om_disable_all_campaigns":false,"_monsterinsights_skip_tracking":false,"footnotes":""},"categories":[4],"tags":[],"class_list":["post-3645","post","type-post","status-publish","format-standard","has-post-thumbnail","hentry","category-politica"],"aioseo_notices":[],"aioseo_head":"\n\t\t<!-- All in One SEO 5.0.1.1 - aioseo.com -->\n\t<meta name=\"description\" content=\"Los env\u00edos discrecionales de fondos nacionales a las provincias sumaron $ 68.288 millones en agosto, el peor registro para este mes desde el a\u00f1o 2005 con una reducci\u00f3n de 66,4% en t\u00e9rminos reales. Este volumen se contrajo de manera significativa frente a los registros del a\u00f1o previo y afect\u00f3 las partidas destinadas a programas educativos,\" \/>\n\t<meta name=\"robots\" content=\"max-image-preview:large\" \/>\n\t<meta name=\"author\" content=\"rober\"\/>\n\t<meta name=\"google-site-verification\" content=\"dJHDh1fUzR1o-UwpFfn1JyiF-0R1LCNFZReSb-gbgcE\" \/>\n\t<link rel=\"canonical\" href=\"https:\/\/lavozdelagente.com.ar\/index\/2026\/09\/04\/milei-profundizo-el-ajuste-en-las-provincias-en-agosto-es-el-peor-registro-desde-el-2005\/\" \/>\n\t<meta name=\"generator\" content=\"All in One SEO (AIOSEO) 5.0.1.1\" \/>\n\t\t<meta property=\"og:locale\" content=\"es_ES\" \/>\n\t\t<meta property=\"og:site_name\" content=\"LA VOZ DE LA GENTE - SDE\" \/>\n\t\t<meta property=\"og:type\" content=\"article\" \/>\n\t\t<meta property=\"og:title\" content=\"Milei profundiz\u00f3 el ajuste en las provincias en agosto: es el peor registro desde el 2005 - LA VOZ DE LA GENTE\" \/>\n\t\t<meta property=\"og:description\" content=\"Los env\u00edos discrecionales de fondos nacionales a las provincias sumaron $ 68.288 millones en agosto, el peor registro para este mes desde el a\u00f1o 2005 con una reducci\u00f3n de 66,4% en t\u00e9rminos reales. Este volumen se contrajo de manera significativa frente a los registros del a\u00f1o previo y afect\u00f3 las partidas destinadas a programas educativos,\" \/>\n\t\t<meta property=\"og:url\" content=\"https:\/\/lavozdelagente.com.ar\/index\/2026\/09\/04\/milei-profundizo-el-ajuste-en-las-provincias-en-agosto-es-el-peor-registro-desde-el-2005\/\" \/>\n\t\t<meta property=\"article:published_time\" content=\"2026-09-04T21:51:16+00:00\" \/>\n\t\t<meta property=\"article:modified_time\" content=\"2026-09-04T21:51:16+00:00\" \/>\n\t\t<meta name=\"twitter:card\" content=\"summary_large_image\" \/>\n\t\t<meta name=\"twitter:title\" content=\"Milei profundiz\u00f3 el ajuste en las provincias en agosto: es el peor registro desde el 2005 - LA VOZ DE LA GENTE\" \/>\n\t\t<meta name=\"twitter:description\" content=\"Los env\u00edos discrecionales de fondos nacionales a las provincias sumaron $ 68.288 millones en agosto, el peor registro para este mes desde el a\u00f1o 2005 con una reducci\u00f3n de 66,4% en t\u00e9rminos reales. Este volumen se contrajo de manera significativa frente a los registros del a\u00f1o previo y afect\u00f3 las partidas destinadas a programas educativos,\" \/>\n\t\t<script type=\"application\/ld+json\" class=\"aioseo-schema\">\n\t\t\t{\"@context\":\"https:\\\/\\\/schema.org\",\"@graph\":[{\"@type\":\"BlogPosting\",\"@id\":\"https:\\\/\\\/lavozdelagente.com.ar\\\/index\\\/2026\\\/09\\\/04\\\/milei-profundizo-el-ajuste-en-las-provincias-en-agosto-es-el-peor-registro-desde-el-2005\\\/#blogposting\",\"name\":\"Milei profundiz\\u00f3 el ajuste en las provincias en agosto: es el peor registro desde el 2005 - LA VOZ DE LA GENTE\",\"headline\":\"Milei profundiz\\u00f3 el ajuste en las provincias en agosto: es el peor registro desde el 2005\",\"author\":{\"@id\":\"https:\\\/\\\/lavozdelagente.com.ar\\\/index\\\/author\\\/rober\\\/#author\"},\"publisher\":{\"@id\":\"https:\\\/\\\/lavozdelagente.com.ar\\\/index\\\/#person\"},\"image\":{\"@type\":\"ImageObject\",\"url\":\"https:\\\/\\\/lavozdelagente.com.ar\\\/wp-content\\\/uploads\\\/2026\\\/09\\\/ajuste.avif\",\"width\":855,\"height\":540},\"datePublished\":\"2026-09-04T21:51:16+00:00\",\"dateModified\":\"2026-09-04T21:51:16+00:00\",\"inLanguage\":\"es-ES\",\"mainEntityOfPage\":{\"@id\":\"https:\\\/\\\/lavozdelagente.com.ar\\\/index\\\/2026\\\/09\\\/04\\\/milei-profundizo-el-ajuste-en-las-provincias-en-agosto-es-el-peor-registro-desde-el-2005\\\/#webpage\"},\"isPartOf\":{\"@id\":\"https:\\\/\\\/lavozdelagente.com.ar\\\/index\\\/2026\\\/09\\\/04\\\/milei-profundizo-el-ajuste-en-las-provincias-en-agosto-es-el-peor-registro-desde-el-2005\\\/#webpage\"},\"articleSection\":\"Pol\\u00edtica\"},{\"@type\":\"BreadcrumbList\",\"@id\":\"https:\\\/\\\/lavozdelagente.com.ar\\\/index\\\/2026\\\/09\\\/04\\\/milei-profundizo-el-ajuste-en-las-provincias-en-agosto-es-el-peor-registro-desde-el-2005\\\/#breadcrumblist\",\"itemListElement\":[{\"@type\":\"ListItem\",\"@id\":\"https:\\\/\\\/lavozdelagente.com.ar\\\/index#listItem\",\"position\":1,\"name\":\"Home\",\"item\":\"https:\\\/\\\/lavozdelagente.com.ar\\\/index\",\"nextItem\":{\"@type\":\"ListItem\",\"@id\":\"https:\\\/\\\/lavozdelagente.com.ar\\\/index\\\/category\\\/politica\\\/#listItem\",\"name\":\"Pol\\u00edtica\"}},{\"@type\":\"ListItem\",\"@id\":\"https:\\\/\\\/lavozdelagente.com.ar\\\/index\\\/category\\\/politica\\\/#listItem\",\"position\":2,\"name\":\"Pol\\u00edtica\",\"item\":\"https:\\\/\\\/lavozdelagente.com.ar\\\/index\\\/category\\\/politica\\\/\",\"nextItem\":{\"@type\":\"ListItem\",\"@id\":\"https:\\\/\\\/lavozdelagente.com.ar\\\/index\\\/2026\\\/09\\\/04\\\/milei-profundizo-el-ajuste-en-las-provincias-en-agosto-es-el-peor-registro-desde-el-2005\\\/#listItem\",\"name\":\"Milei profundiz\\u00f3 el ajuste en las provincias en agosto: es el peor registro desde el 2005\"},\"previousItem\":{\"@type\":\"ListItem\",\"@id\":\"https:\\\/\\\/lavozdelagente.com.ar\\\/index#listItem\",\"name\":\"Home\"}},{\"@type\":\"ListItem\",\"@id\":\"https:\\\/\\\/lavozdelagente.com.ar\\\/index\\\/2026\\\/09\\\/04\\\/milei-profundizo-el-ajuste-en-las-provincias-en-agosto-es-el-peor-registro-desde-el-2005\\\/#listItem\",\"position\":3,\"name\":\"Milei profundiz\\u00f3 el ajuste en las provincias en agosto: es el peor registro desde el 2005\",\"previousItem\":{\"@type\":\"ListItem\",\"@id\":\"https:\\\/\\\/lavozdelagente.com.ar\\\/index\\\/category\\\/politica\\\/#listItem\",\"name\":\"Pol\\u00edtica\"}}]},{\"@type\":\"Person\",\"@id\":\"https:\\\/\\\/lavozdelagente.com.ar\\\/index\\\/author\\\/rober\\\/#author\",\"url\":\"https:\\\/\\\/lavozdelagente.com.ar\\\/index\\\/author\\\/rober\\\/\",\"name\":\"rober\",\"image\":{\"@type\":\"ImageObject\",\"@id\":\"https:\\\/\\\/lavozdelagente.com.ar\\\/index\\\/2026\\\/09\\\/04\\\/milei-profundizo-el-ajuste-en-las-provincias-en-agosto-es-el-peor-registro-desde-el-2005\\\/#authorImage\",\"url\":\"https:\\\/\\\/secure.gravatar.com\\\/avatar\\\/901a62cd098b11a08c5fe38d2de0f8ad6b745f5d4f6413ad71e1630ac07766e0?s=96&d=mm&r=g\",\"width\":96,\"height\":96,\"caption\":\"rober\"}},{\"@type\":\"WebPage\",\"@id\":\"https:\\\/\\\/lavozdelagente.com.ar\\\/index\\\/2026\\\/09\\\/04\\\/milei-profundizo-el-ajuste-en-las-provincias-en-agosto-es-el-peor-registro-desde-el-2005\\\/#webpage\",\"url\":\"https:\\\/\\\/lavozdelagente.com.ar\\\/index\\\/2026\\\/09\\\/04\\\/milei-profundizo-el-ajuste-en-las-provincias-en-agosto-es-el-peor-registro-desde-el-2005\\\/\",\"name\":\"Milei profundiz\\u00f3 el ajuste en las provincias en agosto: es el peor registro desde el 2005 - LA VOZ DE LA GENTE\",\"description\":\"Los env\\u00edos discrecionales de fondos nacionales a las provincias sumaron $ 68.288 millones en agosto, el peor registro para este mes desde el a\\u00f1o 2005 con una reducci\\u00f3n de 66,4% en t\\u00e9rminos reales. Este volumen se contrajo de manera significativa frente a los registros del a\\u00f1o previo y afect\\u00f3 las partidas destinadas a programas educativos,\",\"inLanguage\":\"es-ES\",\"isPartOf\":{\"@id\":\"https:\\\/\\\/lavozdelagente.com.ar\\\/index\\\/#website\"},\"breadcrumb\":{\"@id\":\"https:\\\/\\\/lavozdelagente.com.ar\\\/index\\\/2026\\\/09\\\/04\\\/milei-profundizo-el-ajuste-en-las-provincias-en-agosto-es-el-peor-registro-desde-el-2005\\\/#breadcrumblist\"},\"author\":{\"@id\":\"https:\\\/\\\/lavozdelagente.com.ar\\\/index\\\/author\\\/rober\\\/#author\"},\"creator\":{\"@id\":\"https:\\\/\\\/lavozdelagente.com.ar\\\/index\\\/author\\\/rober\\\/#author\"},\"image\":{\"@type\":\"ImageObject\",\"url\":\"https:\\\/\\\/lavozdelagente.com.ar\\\/wp-content\\\/uploads\\\/2026\\\/09\\\/ajuste.avif\",\"@id\":\"https:\\\/\\\/lavozdelagente.com.ar\\\/index\\\/2026\\\/09\\\/04\\\/milei-profundizo-el-ajuste-en-las-provincias-en-agosto-es-el-peor-registro-desde-el-2005\\\/#mainImage\",\"width\":855,\"height\":540},\"primaryImageOfPage\":{\"@id\":\"https:\\\/\\\/lavozdelagente.com.ar\\\/index\\\/2026\\\/09\\\/04\\\/milei-profundizo-el-ajuste-en-las-provincias-en-agosto-es-el-peor-registro-desde-el-2005\\\/#mainImage\"},\"datePublished\":\"2026-09-04T21:51:16+00:00\",\"dateModified\":\"2026-09-04T21:51:16+00:00\"},{\"@type\":\"WebSite\",\"@id\":\"https:\\\/\\\/lavozdelagente.com.ar\\\/index\\\/#website\",\"url\":\"https:\\\/\\\/lavozdelagente.com.ar\\\/index\\\/\",\"name\":\"LA VOZ DE LA GENTE\",\"description\":\"SDE\",\"inLanguage\":\"es-ES\",\"publisher\":{\"@id\":\"https:\\\/\\\/lavozdelagente.com.ar\\\/index\\\/#person\"}}]}\n\t\t<\/script>\n\t\t<!-- All in One SEO -->\n\n","aioseo_head_json":{"title":"Milei profundiz\u00f3 el ajuste en las provincias en agosto: es el peor registro desde el 2005 - LA VOZ DE LA GENTE","description":"Los env\u00edos discrecionales de fondos nacionales a las provincias sumaron $ 68.288 millones en agosto, el peor registro para este mes desde el a\u00f1o 2005 con una reducci\u00f3n de 66,4% en t\u00e9rminos reales. Este volumen se contrajo de manera significativa frente a los registros del a\u00f1o previo y afect\u00f3 las partidas destinadas a programas educativos,","canonical_url":"https:\/\/lavozdelagente.com.ar\/index\/2026\/09\/04\/milei-profundizo-el-ajuste-en-las-provincias-en-agosto-es-el-peor-registro-desde-el-2005\/","robots":"max-image-preview:large","keywords":"","webmasterTools":{"google-site-verification":"dJHDh1fUzR1o-UwpFfn1JyiF-0R1LCNFZReSb-gbgcE","miscellaneous":""},"schema":{"@context":"https:\/\/schema.org","@graph":[{"@type":"BlogPosting","@id":"https:\/\/lavozdelagente.com.ar\/index\/2026\/09\/04\/milei-profundizo-el-ajuste-en-las-provincias-en-agosto-es-el-peor-registro-desde-el-2005\/#blogposting","name":"Milei profundiz\u00f3 el ajuste en las provincias en agosto: es el peor registro desde el 2005 - LA VOZ DE LA GENTE","headline":"Milei profundiz\u00f3 el ajuste en las provincias en agosto: es el peor registro desde el 2005","author":{"@id":"https:\/\/lavozdelagente.com.ar\/index\/author\/rober\/#author"},"publisher":{"@id":"https:\/\/lavozdelagente.com.ar\/index\/#person"},"image":{"@type":"ImageObject","url":"https:\/\/lavozdelagente.com.ar\/wp-content\/uploads\/2026\/09\/ajuste.avif","width":855,"height":540},"datePublished":"2026-09-04T21:51:16+00:00","dateModified":"2026-09-04T21:51:16+00:00","inLanguage":"es-ES","mainEntityOfPage":{"@id":"https:\/\/lavozdelagente.com.ar\/index\/2026\/09\/04\/milei-profundizo-el-ajuste-en-las-provincias-en-agosto-es-el-peor-registro-desde-el-2005\/#webpage"},"isPartOf":{"@id":"https:\/\/lavozdelagente.com.ar\/index\/2026\/09\/04\/milei-profundizo-el-ajuste-en-las-provincias-en-agosto-es-el-peor-registro-desde-el-2005\/#webpage"},"articleSection":"Pol\u00edtica"},{"@type":"BreadcrumbList","@id":"https:\/\/lavozdelagente.com.ar\/index\/2026\/09\/04\/milei-profundizo-el-ajuste-en-las-provincias-en-agosto-es-el-peor-registro-desde-el-2005\/#breadcrumblist","itemListElement":[{"@type":"ListItem","@id":"https:\/\/lavozdelagente.com.ar\/index#listItem","position":1,"name":"Home","item":"https:\/\/lavozdelagente.com.ar\/index","nextItem":{"@type":"ListItem","@id":"https:\/\/lavozdelagente.com.ar\/index\/category\/politica\/#listItem","name":"Pol\u00edtica"}},{"@type":"ListItem","@id":"https:\/\/lavozdelagente.com.ar\/index\/category\/politica\/#listItem","position":2,"name":"Pol\u00edtica","item":"https:\/\/lavozdelagente.com.ar\/index\/category\/politica\/","nextItem":{"@type":"ListItem","@id":"https:\/\/lavozdelagente.com.ar\/index\/2026\/09\/04\/milei-profundizo-el-ajuste-en-las-provincias-en-agosto-es-el-peor-registro-desde-el-2005\/#listItem","name":"Milei profundiz\u00f3 el ajuste en las provincias en agosto: es el peor registro desde el 2005"},"previousItem":{"@type":"ListItem","@id":"https:\/\/lavozdelagente.com.ar\/index#listItem","name":"Home"}},{"@type":"ListItem","@id":"https:\/\/lavozdelagente.com.ar\/index\/2026\/09\/04\/milei-profundizo-el-ajuste-en-las-provincias-en-agosto-es-el-peor-registro-desde-el-2005\/#listItem","position":3,"name":"Milei profundiz\u00f3 el ajuste en las provincias en agosto: es el peor registro desde el 2005","previousItem":{"@type":"ListItem","@id":"https:\/\/lavozdelagente.com.ar\/index\/category\/politica\/#listItem","name":"Pol\u00edtica"}}]},{"@type":"Person","@id":"https:\/\/lavozdelagente.com.ar\/index\/author\/rober\/#author","url":"https:\/\/lavozdelagente.com.ar\/index\/author\/rober\/","name":"rober","image":{"@type":"ImageObject","@id":"https:\/\/lavozdelagente.com.ar\/index\/2026\/09\/04\/milei-profundizo-el-ajuste-en-las-provincias-en-agosto-es-el-peor-registro-desde-el-2005\/#authorImage","url":"https:\/\/secure.gravatar.com\/avatar\/901a62cd098b11a08c5fe38d2de0f8ad6b745f5d4f6413ad71e1630ac07766e0?s=96&d=mm&r=g","width":96,"height":96,"caption":"rober"}},{"@type":"WebPage","@id":"https:\/\/lavozdelagente.com.ar\/index\/2026\/09\/04\/milei-profundizo-el-ajuste-en-las-provincias-en-agosto-es-el-peor-registro-desde-el-2005\/#webpage","url":"https:\/\/lavozdelagente.com.ar\/index\/2026\/09\/04\/milei-profundizo-el-ajuste-en-las-provincias-en-agosto-es-el-peor-registro-desde-el-2005\/","name":"Milei profundiz\u00f3 el ajuste en las provincias en agosto: es el peor registro desde el 2005 - LA VOZ DE LA GENTE","description":"Los env\u00edos discrecionales de fondos nacionales a las provincias sumaron $ 68.288 millones en agosto, el peor registro para este mes desde el a\u00f1o 2005 con una reducci\u00f3n de 66,4% en t\u00e9rminos reales. Este volumen se contrajo de manera significativa frente a los registros del a\u00f1o previo y afect\u00f3 las partidas destinadas a programas educativos,","inLanguage":"es-ES","isPartOf":{"@id":"https:\/\/lavozdelagente.com.ar\/index\/#website"},"breadcrumb":{"@id":"https:\/\/lavozdelagente.com.ar\/index\/2026\/09\/04\/milei-profundizo-el-ajuste-en-las-provincias-en-agosto-es-el-peor-registro-desde-el-2005\/#breadcrumblist"},"author":{"@id":"https:\/\/lavozdelagente.com.ar\/index\/author\/rober\/#author"},"creator":{"@id":"https:\/\/lavozdelagente.com.ar\/index\/author\/rober\/#author"},"image":{"@type":"ImageObject","url":"https:\/\/lavozdelagente.com.ar\/wp-content\/uploads\/2026\/09\/ajuste.avif","@id":"https:\/\/lavozdelagente.com.ar\/index\/2026\/09\/04\/milei-profundizo-el-ajuste-en-las-provincias-en-agosto-es-el-peor-registro-desde-el-2005\/#mainImage","width":855,"height":540},"primaryImageOfPage":{"@id":"https:\/\/lavozdelagente.com.ar\/index\/2026\/09\/04\/milei-profundizo-el-ajuste-en-las-provincias-en-agosto-es-el-peor-registro-desde-el-2005\/#mainImage"},"datePublished":"2026-09-04T21:51:16+00:00","dateModified":"2026-09-04T21:51:16+00:00"},{"@type":"WebSite","@id":"https:\/\/lavozdelagente.com.ar\/index\/#website","url":"https:\/\/lavozdelagente.com.ar\/index\/","name":"LA VOZ DE LA GENTE","description":"SDE","inLanguage":"es-ES","publisher":{"@id":"https:\/\/lavozdelagente.com.ar\/index\/#person"}}]},"og:locale":"es_ES","og:site_name":"LA VOZ DE LA GENTE - SDE","og:type":"article","og:title":"Milei profundiz\u00f3 el ajuste en las provincias en agosto: es el peor registro desde el 2005 - LA VOZ DE LA GENTE","og:description":"Los env\u00edos discrecionales de fondos nacionales a las provincias sumaron $ 68.288 millones en agosto, el peor registro para este mes desde el a\u00f1o 2005 con una reducci\u00f3n de 66,4% en t\u00e9rminos reales. Este volumen se contrajo de manera significativa frente a los registros del a\u00f1o previo y afect\u00f3 las partidas destinadas a programas educativos,","og:url":"https:\/\/lavozdelagente.com.ar\/index\/2026\/09\/04\/milei-profundizo-el-ajuste-en-las-provincias-en-agosto-es-el-peor-registro-desde-el-2005\/","article:published_time":"2026-09-04T21:51:16+00:00","article:modified_time":"2026-09-04T21:51:16+00:00","twitter:card":"summary_large_image","twitter:title":"Milei profundiz\u00f3 el ajuste en las provincias en agosto: es el peor registro desde el 2005 - LA VOZ DE LA GENTE","twitter:description":"Los env\u00edos discrecionales de fondos nacionales a las provincias sumaron $ 68.288 millones en agosto, el peor registro para este mes desde el a\u00f1o 2005 con una reducci\u00f3n de 66,4% en t\u00e9rminos reales. Este volumen se contrajo de manera significativa frente a los registros del a\u00f1o previo y afect\u00f3 las partidas destinadas a programas educativos,"},"aioseo_meta_data":{"post_id":"3645","title":null,"description":null,"keywords":null,"keyphrases":{"focus":{"keyphrase":"","score":0,"analysis":{"keyphraseInTitle":{"score":0,"maxScore":9,"error":1}}},"additional":[]},"primary_term":null,"canonical_url":null,"og_title":null,"og_description":null,"og_object_type":"default","og_image_type":"default","og_image_url":null,"og_image_width":null,"og_image_height":null,"og_image_custom_url":null,"og_image_custom_fields":null,"og_video":"","og_custom_url":null,"og_article_section":null,"og_article_tags":null,"twitter_use_og":false,"twitter_card":"default","twitter_image_type":"default","twitter_image_url":null,"twitter_image_custom_url":null,"twitter_image_custom_fields":null,"twitter_title":null,"twitter_description":null,"schema":{"blockGraphs":[],"customGraphs":[],"default":{"data":{"Article":[],"Course":[],"Dataset":[],"FAQPage":[],"Movie":[],"Person":[],"Product":[],"ProductReview":[],"Car":[],"Recipe":[],"Service":[],"SoftwareApplication":[],"WebPage":[]},"graphName":"BlogPosting","isEnabled":true},"graphs":[]},"schema_type":"default","schema_type_options":null,"pillar_content":false,"robots_default":true,"robots_noindex":false,"robots_noarchive":false,"robots_nosnippet":false,"robots_nofollow":false,"robots_noimageindex":false,"robots_noodp":false,"robots_notranslate":false,"robots_max_snippet":"-1","robots_max_videopreview":"-1","robots_max_imagepreview":"large","priority":null,"frequency":"default","local_seo":null,"breadcrumb_settings":null,"limit_modified_date":false,"ai":{"faqs":[],"keyPoints":[],"schemas":[],"titles":[],"descriptions":[],"socialPosts":{"email":{"subject":"","preview":"","content":""},"linkedin":[],"twitter":[],"facebook":[],"instagram":[]}},"created":"2026-09-04 21:51:16","updated":"2026-09-05 20:21:40","seo_analyzer_scan_date":null,"focus_keyword":null,"additional_keywords":null,"truseo_locale":null},"aioseo_breadcrumb":"<div class=\"aioseo-breadcrumbs\"><span class=\"aioseo-breadcrumb\">\n\t\t\t<a href=\"https:\/\/lavozdelagente.com.ar\/index\" title=\"Home\">Home<\/a>\n\t\t<\/span><span class=\"aioseo-breadcrumb-separator\">&raquo;<\/span><span class=\"aioseo-breadcrumb\">\n\t\t\t<a href=\"https:\/\/lavozdelagente.com.ar\/index\/category\/politica\/\" title=\"Pol\u00edtica\">Pol\u00edtica<\/a>\n\t\t<\/span><span class=\"aioseo-breadcrumb-separator\">&raquo;<\/span><span class=\"aioseo-breadcrumb\">\n\t\t\tMilei profundiz\u00f3 el ajuste en las provincias en agosto: es el peor registro desde el 2005\n\t\t<\/span><\/div>","aioseo_breadcrumb_json":[{"label":"Home","link":"https:\/\/lavozdelagente.com.ar\/index"},{"label":"Pol\u00edtica","link":"https:\/\/lavozdelagente.com.ar\/index\/category\/politica\/"},{"label":"Milei profundiz\u00f3 el ajuste en las provincias en agosto: es el peor registro desde el 2005","link":"https:\/\/lavozdelagente.com.ar\/index\/2026\/09\/04\/milei-profundizo-el-ajuste-en-las-provincias-en-agosto-es-el-peor-registro-desde-el-2005\/"}],"rttpg_featured_image_url":{"full":["https:\/\/lavozdelagente.com.ar\/wp-content\/uploads\/2026\/09\/ajuste.avif",855,540,false],"landscape":["https:\/\/lavozdelagente.com.ar\/wp-content\/uploads\/2026\/09\/ajuste.avif",855,540,false],"portraits":["https:\/\/lavozdelagente.com.ar\/wp-content\/uploads\/2026\/09\/ajuste.avif",855,540,false],"thumbnail":["https:\/\/lavozdelagente.com.ar\/wp-content\/uploads\/2026\/09\/ajuste-150x150.avif",150,150,true],"medium":["https:\/\/lavozdelagente.com.ar\/wp-content\/uploads\/2026\/09\/ajuste-300x189.avif",300,189,true],"large":["https:\/\/lavozdelagente.com.ar\/wp-content\/uploads\/2026\/09\/ajuste.avif",800,505,false],"1536x1536":["https:\/\/lavozdelagente.com.ar\/wp-content\/uploads\/2026\/09\/ajuste.avif",855,540,false],"2048x2048":["https:\/\/lavozdelagente.com.ar\/wp-content\/uploads\/2026\/09\/ajuste.avif",855,540,false],"colormag-highlighted-post":["https:\/\/lavozdelagente.com.ar\/wp-content\/uploads\/2026\/09\/ajuste-392x272.avif",392,272,true],"colormag-featured-post-medium":["https:\/\/lavozdelagente.com.ar\/wp-content\/uploads\/2026\/09\/ajuste-390x205.avif",390,205,true],"colormag-featured-post-small":["https:\/\/lavozdelagente.com.ar\/wp-content\/uploads\/2026\/09\/ajuste-130x90.avif",130,90,true],"colormag-featured-image":["https:\/\/lavozdelagente.com.ar\/wp-content\/uploads\/2026\/09\/ajuste-800x445.avif",800,445,true],"colormag-default-news":["https:\/\/lavozdelagente.com.ar\/wp-content\/uploads\/2026\/09\/ajuste-150x150.avif",150,150,true],"colormag-featured-image-large":["https:\/\/lavozdelagente.com.ar\/wp-content\/uploads\/2026\/09\/ajuste.avif",855,540,false]},"rttpg_author":{"display_name":"rober","author_link":"https:\/\/lavozdelagente.com.ar\/index\/author\/rober\/"},"rttpg_comment":0,"rttpg_category":"<a href=\"https:\/\/lavozdelagente.com.ar\/index\/category\/politica\/\" rel=\"category tag\">Pol\u00edtica<\/a>","rttpg_excerpt":"Los env\u00edos discrecionales de fondos nacionales a las provincias sumaron $ 68.288 millones en agosto, el peor registro para este","_links":{"self":[{"href":"https:\/\/lavozdelagente.com.ar\/index\/wp-json\/wp\/v2\/posts\/3645","targetHints":{"allow":["GET"]}}],"collection":[{"href":"https:\/\/lavozdelagente.com.ar\/index\/wp-json\/wp\/v2\/posts"}],"about":[{"href":"https:\/\/lavozdelagente.com.ar\/index\/wp-json\/wp\/v2\/types\/post"}],"author":[{"embeddable":true,"href":"https:\/\/lavozdelagente.com.ar\/index\/wp-json\/wp\/v2\/users\/2"}],"replies":[{"embeddable":true,"href":"https:\/\/lavozdelagente.com.ar\/index\/wp-json\/wp\/v2\/comments?post=3645"}],"version-history":[{"count":2,"href":"https:\/\/lavozdelagente.com.ar\/index\/wp-json\/wp\/v2\/posts\/3645\/revisions"}],"predecessor-version":[{"id":3648,"href":"https:\/\/lavozdelagente.com.ar\/index\/wp-json\/wp\/v2\/posts\/3645\/revisions\/3648"}],"wp:featuredmedia":[{"embeddable":true,"href":"https:\/\/lavozdelagente.com.ar\/index\/wp-json\/wp\/v2\/media\/3646"}],"wp:attachment":[{"href":"https:\/\/lavozdelagente.com.ar\/index\/wp-json\/wp\/v2\/media?parent=3645"}],"wp:term":[{"taxonomy":"category","embeddable":true,"href":"https:\/\/lavozdelagente.com.ar\/index\/wp-json\/wp\/v2\/categories?post=3645"},{"taxonomy":"post_tag","embeddable":true,"href":"https:\/\/lavozdelagente.com.ar\/index\/wp-json\/wp\/v2\/tags?post=3645"}],"curies":[{"name":"wp","href":"https:\/\/api.w.org\/{rel}","templated":true}]}}