{"id":3652,"date":"2026-09-04T21:54:45","date_gmt":"2026-09-04T21:54:45","guid":{"rendered":"https:\/\/lavozdelagente.com.ar\/index\/?p=3652"},"modified":"2026-09-04T21:54:45","modified_gmt":"2026-09-04T21:54:45","slug":"el-gobierno-britanico-advierte-a-milei-nuestras-fuerzas-armadas-estan-en-alerta-las-24-horas","status":"publish","type":"post","link":"https:\/\/lavozdelagente.com.ar\/index\/2026\/09\/04\/el-gobierno-britanico-advierte-a-milei-nuestras-fuerzas-armadas-estan-en-alerta-las-24-horas\/","title":{"rendered":"El Gobierno brit\u00e1nico advierte a Milei: \u201cNuestras fuerzas armadas est\u00e1n en alerta las 24 horas\u201d"},"content":{"rendered":"<p>Un vocero del primer ministro brit\u00e1nico, Andy Burnham, dej\u00f3 o\u00edr este viernes tambores de guerra por las Islas Malvinas cuando advirti\u00f3 que las fuerzas armadas del Reino Unido \u201cest\u00e1n en alerta las 24 horas del d\u00eda los siete d\u00edas de la semana\u201d, seg\u00fan un informe de la cadena BBC que capt\u00f3 la Agencia Noticias Argentinas.<\/p>\n<p>\u201cNuestras fuerzas armadas est\u00e1n en alerta las 24 horas del d\u00eda, los siete d\u00edas de la semana para proteger al Reino Unido y nuestros intereses\u201d, es la expresi\u00f3n textual de un portavoz del primer ministro brit\u00e1nico Andy Burnham, que as\u00ed se hizo eco de la cadena nacional del presidente argentino, Javier Milei.<\/p>\n<p>En 2013 se llev\u00f3 a cabo un referendum y los residentes de las islas dejaron en claro en esa votaci\u00f3n, si deseo de que el territorio en el que viven contin\u00fae siendo brit\u00e1nico: el 99,8% vot\u00f3 a favor y \u00fanicamente el 3% se expres\u00f3 en contra.<\/p>\n<p>Con este antecedente, el portavoz del primer ministro brit\u00e1nico, sostuvo: \u00abPermanecer\u00e1n all\u00ed mientras los isle\u00f1os as\u00ed lo deseen\u00bb y a\u00f1adi\u00f3 que Burnham \u201capoya plenamente el deseo de los isle\u00f1os de seguir siendo un territorio brit\u00e1nico de ultramar\u201d.<\/p>\n<p>Luego, intent\u00f3 suavizar la cuesti\u00f3n cuando expres\u00f3: \u201cEn t\u00e9rminos generales, mantenemos una relaci\u00f3n diplom\u00e1tica con la Argentina y, desde nuestra perspectiva, queremos seguir fortaleci\u00e9ndola\u201d.<\/p>\n<p>\u201cYa son nuestro tercer socio comercial m\u00e1s importante en la regi\u00f3n y as\u00ed seguir\u00e1 siendo\u201d, hab\u00eda se\u00f1alado antes una funcionaria del primer ministro Burnham, seg\u00fan citan otros informes.<\/p>\n<p>El primero que se manifest\u00f3 p\u00fablicamente fue el ministro de Defensa brit\u00e1nico, Wes Streeting, quien en su cuenta de la red social X sostuvo que las palabras de Milei \u201chablan m\u00e1s de pol\u00edtica interna argentina que de las Malvinas\u201d.<\/p>\n<p>Y recalc\u00f3: \u201cLas Malvinas son brit\u00e1nicas porque los isle\u00f1os all\u00ed eligieron ser brit\u00e1nicos. Nuestro compromiso con las Malvinas es absoluto e inamovible\u201d.<\/p>\n<p>El canciller brit\u00e1nico, Ed Miliband, tambi\u00e9n se expres\u00f3 en redes sociales: \u201cLas islas son brit\u00e1nicas y seguir\u00e1n si\u00e9ndolo, porque es la voluntad abrumadora de sus habitantes\u201d.<\/p>\n","protected":false},"excerpt":{"rendered":"<p>Un vocero del primer ministro brit\u00e1nico, Andy Burnham, dej\u00f3 o\u00edr este viernes tambores de guerra por las Islas Malvinas cuando<\/p>\n","protected":false},"author":2,"featured_media":3653,"comment_status":"open","ping_status":"open","sticky":false,"template":"","format":"standard","meta":{"colormag_page_container_layout":"default_layout","colormag_page_sidebar_layout":"default_layout","om_disable_all_campaigns":false,"_monsterinsights_skip_tracking":false,"footnotes":""},"categories":[6],"tags":[],"class_list":["post-3652","post","type-post","status-publish","format-standard","has-post-thumbnail","hentry","category-varios"],"aioseo_notices":[],"aioseo_head":"\n\t\t<!-- All in One SEO 5.0.1.1 - aioseo.com -->\n\t<meta name=\"description\" content=\"Un vocero del primer ministro brit\u00e1nico, Andy Burnham, dej\u00f3 o\u00edr este viernes tambores de guerra por las Islas Malvinas cuando advirti\u00f3 que las fuerzas armadas del Reino Unido \u201cest\u00e1n en alerta las 24 horas del d\u00eda los siete d\u00edas de la semana\u201d, seg\u00fan un informe de la cadena BBC que capt\u00f3 la Agencia Noticias Argentinas.\" \/>\n\t<meta name=\"robots\" content=\"max-image-preview:large\" \/>\n\t<meta name=\"author\" content=\"rober\"\/>\n\t<meta name=\"google-site-verification\" content=\"dJHDh1fUzR1o-UwpFfn1JyiF-0R1LCNFZReSb-gbgcE\" \/>\n\t<link rel=\"canonical\" href=\"https:\/\/lavozdelagente.com.ar\/index\/2026\/09\/04\/el-gobierno-britanico-advierte-a-milei-nuestras-fuerzas-armadas-estan-en-alerta-las-24-horas\/\" \/>\n\t<meta name=\"generator\" content=\"All in One SEO (AIOSEO) 5.0.1.1\" \/>\n\t\t<meta property=\"og:locale\" content=\"es_ES\" \/>\n\t\t<meta property=\"og:site_name\" content=\"LA VOZ DE LA GENTE - SDE\" \/>\n\t\t<meta property=\"og:type\" content=\"article\" \/>\n\t\t<meta property=\"og:title\" content=\"El Gobierno brit\u00e1nico advierte a Milei: \u201cNuestras fuerzas armadas est\u00e1n en alerta las 24 horas\u201d - LA VOZ DE LA GENTE\" \/>\n\t\t<meta property=\"og:description\" content=\"Un vocero del primer ministro brit\u00e1nico, Andy Burnham, dej\u00f3 o\u00edr este viernes tambores de guerra por las Islas Malvinas cuando advirti\u00f3 que las fuerzas armadas del Reino Unido \u201cest\u00e1n en alerta las 24 horas del d\u00eda los siete d\u00edas de la semana\u201d, seg\u00fan un informe de la cadena BBC que capt\u00f3 la Agencia Noticias Argentinas.\" \/>\n\t\t<meta property=\"og:url\" content=\"https:\/\/lavozdelagente.com.ar\/index\/2026\/09\/04\/el-gobierno-britanico-advierte-a-milei-nuestras-fuerzas-armadas-estan-en-alerta-las-24-horas\/\" \/>\n\t\t<meta property=\"article:published_time\" content=\"2026-09-04T21:54:45+00:00\" \/>\n\t\t<meta property=\"article:modified_time\" content=\"2026-09-04T21:54:45+00:00\" \/>\n\t\t<meta name=\"twitter:card\" content=\"summary_large_image\" \/>\n\t\t<meta name=\"twitter:title\" content=\"El Gobierno brit\u00e1nico advierte a Milei: \u201cNuestras fuerzas armadas est\u00e1n en alerta las 24 horas\u201d - LA VOZ DE LA GENTE\" \/>\n\t\t<meta name=\"twitter:description\" content=\"Un vocero del primer ministro brit\u00e1nico, Andy Burnham, dej\u00f3 o\u00edr este viernes tambores de guerra por las Islas Malvinas cuando advirti\u00f3 que las fuerzas armadas del Reino Unido \u201cest\u00e1n en alerta las 24 horas del d\u00eda los siete d\u00edas de la semana\u201d, seg\u00fan un informe de la cadena BBC que capt\u00f3 la Agencia Noticias Argentinas.\" \/>\n\t\t<script type=\"application\/ld+json\" class=\"aioseo-schema\">\n\t\t\t{\"@context\":\"https:\\\/\\\/schema.org\",\"@graph\":[{\"@type\":\"BlogPosting\",\"@id\":\"https:\\\/\\\/lavozdelagente.com.ar\\\/index\\\/2026\\\/09\\\/04\\\/el-gobierno-britanico-advierte-a-milei-nuestras-fuerzas-armadas-estan-en-alerta-las-24-horas\\\/#blogposting\",\"name\":\"El Gobierno brit\\u00e1nico advierte a Milei: \\u201cNuestras fuerzas armadas est\\u00e1n en alerta las 24 horas\\u201d - LA VOZ DE LA GENTE\",\"headline\":\"El Gobierno brit\\u00e1nico advierte a Milei: \\u201cNuestras fuerzas armadas est\\u00e1n en alerta las 24 horas\\u201d\",\"author\":{\"@id\":\"https:\\\/\\\/lavozdelagente.com.ar\\\/index\\\/author\\\/rober\\\/#author\"},\"publisher\":{\"@id\":\"https:\\\/\\\/lavozdelagente.com.ar\\\/index\\\/#person\"},\"image\":{\"@type\":\"ImageObject\",\"url\":\"https:\\\/\\\/lavozdelagente.com.ar\\\/wp-content\\\/uploads\\\/2026\\\/09\\\/britanc.avif\",\"width\":811,\"height\":540},\"datePublished\":\"2026-09-04T21:54:45+00:00\",\"dateModified\":\"2026-09-04T21:54:45+00:00\",\"inLanguage\":\"es-ES\",\"mainEntityOfPage\":{\"@id\":\"https:\\\/\\\/lavozdelagente.com.ar\\\/index\\\/2026\\\/09\\\/04\\\/el-gobierno-britanico-advierte-a-milei-nuestras-fuerzas-armadas-estan-en-alerta-las-24-horas\\\/#webpage\"},\"isPartOf\":{\"@id\":\"https:\\\/\\\/lavozdelagente.com.ar\\\/index\\\/2026\\\/09\\\/04\\\/el-gobierno-britanico-advierte-a-milei-nuestras-fuerzas-armadas-estan-en-alerta-las-24-horas\\\/#webpage\"},\"articleSection\":\"Varios\"},{\"@type\":\"BreadcrumbList\",\"@id\":\"https:\\\/\\\/lavozdelagente.com.ar\\\/index\\\/2026\\\/09\\\/04\\\/el-gobierno-britanico-advierte-a-milei-nuestras-fuerzas-armadas-estan-en-alerta-las-24-horas\\\/#breadcrumblist\",\"itemListElement\":[{\"@type\":\"ListItem\",\"@id\":\"https:\\\/\\\/lavozdelagente.com.ar\\\/index#listItem\",\"position\":1,\"name\":\"Home\",\"item\":\"https:\\\/\\\/lavozdelagente.com.ar\\\/index\",\"nextItem\":{\"@type\":\"ListItem\",\"@id\":\"https:\\\/\\\/lavozdelagente.com.ar\\\/index\\\/category\\\/varios\\\/#listItem\",\"name\":\"Varios\"}},{\"@type\":\"ListItem\",\"@id\":\"https:\\\/\\\/lavozdelagente.com.ar\\\/index\\\/category\\\/varios\\\/#listItem\",\"position\":2,\"name\":\"Varios\",\"item\":\"https:\\\/\\\/lavozdelagente.com.ar\\\/index\\\/category\\\/varios\\\/\",\"nextItem\":{\"@type\":\"ListItem\",\"@id\":\"https:\\\/\\\/lavozdelagente.com.ar\\\/index\\\/2026\\\/09\\\/04\\\/el-gobierno-britanico-advierte-a-milei-nuestras-fuerzas-armadas-estan-en-alerta-las-24-horas\\\/#listItem\",\"name\":\"El Gobierno brit\\u00e1nico advierte a Milei: \\u201cNuestras fuerzas armadas est\\u00e1n en alerta las 24 horas\\u201d\"},\"previousItem\":{\"@type\":\"ListItem\",\"@id\":\"https:\\\/\\\/lavozdelagente.com.ar\\\/index#listItem\",\"name\":\"Home\"}},{\"@type\":\"ListItem\",\"@id\":\"https:\\\/\\\/lavozdelagente.com.ar\\\/index\\\/2026\\\/09\\\/04\\\/el-gobierno-britanico-advierte-a-milei-nuestras-fuerzas-armadas-estan-en-alerta-las-24-horas\\\/#listItem\",\"position\":3,\"name\":\"El Gobierno brit\\u00e1nico advierte a Milei: \\u201cNuestras fuerzas armadas est\\u00e1n en alerta las 24 horas\\u201d\",\"previousItem\":{\"@type\":\"ListItem\",\"@id\":\"https:\\\/\\\/lavozdelagente.com.ar\\\/index\\\/category\\\/varios\\\/#listItem\",\"name\":\"Varios\"}}]},{\"@type\":\"Person\",\"@id\":\"https:\\\/\\\/lavozdelagente.com.ar\\\/index\\\/author\\\/rober\\\/#author\",\"url\":\"https:\\\/\\\/lavozdelagente.com.ar\\\/index\\\/author\\\/rober\\\/\",\"name\":\"rober\",\"image\":{\"@type\":\"ImageObject\",\"@id\":\"https:\\\/\\\/lavozdelagente.com.ar\\\/index\\\/2026\\\/09\\\/04\\\/el-gobierno-britanico-advierte-a-milei-nuestras-fuerzas-armadas-estan-en-alerta-las-24-horas\\\/#authorImage\",\"url\":\"https:\\\/\\\/secure.gravatar.com\\\/avatar\\\/901a62cd098b11a08c5fe38d2de0f8ad6b745f5d4f6413ad71e1630ac07766e0?s=96&d=mm&r=g\",\"width\":96,\"height\":96,\"caption\":\"rober\"}},{\"@type\":\"WebPage\",\"@id\":\"https:\\\/\\\/lavozdelagente.com.ar\\\/index\\\/2026\\\/09\\\/04\\\/el-gobierno-britanico-advierte-a-milei-nuestras-fuerzas-armadas-estan-en-alerta-las-24-horas\\\/#webpage\",\"url\":\"https:\\\/\\\/lavozdelagente.com.ar\\\/index\\\/2026\\\/09\\\/04\\\/el-gobierno-britanico-advierte-a-milei-nuestras-fuerzas-armadas-estan-en-alerta-las-24-horas\\\/\",\"name\":\"El Gobierno brit\\u00e1nico advierte a Milei: \\u201cNuestras fuerzas armadas est\\u00e1n en alerta las 24 horas\\u201d - LA VOZ DE LA GENTE\",\"description\":\"Un vocero del primer ministro brit\\u00e1nico, Andy Burnham, dej\\u00f3 o\\u00edr este viernes tambores de guerra por las Islas Malvinas cuando advirti\\u00f3 que las fuerzas armadas del Reino Unido \\u201cest\\u00e1n en alerta las 24 horas del d\\u00eda los siete d\\u00edas de la semana\\u201d, seg\\u00fan un informe de la cadena BBC que capt\\u00f3 la Agencia Noticias Argentinas.\",\"inLanguage\":\"es-ES\",\"isPartOf\":{\"@id\":\"https:\\\/\\\/lavozdelagente.com.ar\\\/index\\\/#website\"},\"breadcrumb\":{\"@id\":\"https:\\\/\\\/lavozdelagente.com.ar\\\/index\\\/2026\\\/09\\\/04\\\/el-gobierno-britanico-advierte-a-milei-nuestras-fuerzas-armadas-estan-en-alerta-las-24-horas\\\/#breadcrumblist\"},\"author\":{\"@id\":\"https:\\\/\\\/lavozdelagente.com.ar\\\/index\\\/author\\\/rober\\\/#author\"},\"creator\":{\"@id\":\"https:\\\/\\\/lavozdelagente.com.ar\\\/index\\\/author\\\/rober\\\/#author\"},\"image\":{\"@type\":\"ImageObject\",\"url\":\"https:\\\/\\\/lavozdelagente.com.ar\\\/wp-content\\\/uploads\\\/2026\\\/09\\\/britanc.avif\",\"@id\":\"https:\\\/\\\/lavozdelagente.com.ar\\\/index\\\/2026\\\/09\\\/04\\\/el-gobierno-britanico-advierte-a-milei-nuestras-fuerzas-armadas-estan-en-alerta-las-24-horas\\\/#mainImage\",\"width\":811,\"height\":540},\"primaryImageOfPage\":{\"@id\":\"https:\\\/\\\/lavozdelagente.com.ar\\\/index\\\/2026\\\/09\\\/04\\\/el-gobierno-britanico-advierte-a-milei-nuestras-fuerzas-armadas-estan-en-alerta-las-24-horas\\\/#mainImage\"},\"datePublished\":\"2026-09-04T21:54:45+00:00\",\"dateModified\":\"2026-09-04T21:54:45+00:00\"},{\"@type\":\"WebSite\",\"@id\":\"https:\\\/\\\/lavozdelagente.com.ar\\\/index\\\/#website\",\"url\":\"https:\\\/\\\/lavozdelagente.com.ar\\\/index\\\/\",\"name\":\"LA VOZ DE LA GENTE\",\"description\":\"SDE\",\"inLanguage\":\"es-ES\",\"publisher\":{\"@id\":\"https:\\\/\\\/lavozdelagente.com.ar\\\/index\\\/#person\"}}]}\n\t\t<\/script>\n\t\t<!-- All in One SEO -->\n\n","aioseo_head_json":{"title":"El Gobierno brit\u00e1nico advierte a Milei: \u201cNuestras fuerzas armadas est\u00e1n en alerta las 24 horas\u201d - LA VOZ DE LA GENTE","description":"Un vocero del primer ministro brit\u00e1nico, Andy Burnham, dej\u00f3 o\u00edr este viernes tambores de guerra por las Islas Malvinas cuando advirti\u00f3 que las fuerzas armadas del Reino Unido \u201cest\u00e1n en alerta las 24 horas del d\u00eda los siete d\u00edas de la semana\u201d, seg\u00fan un informe de la cadena BBC que capt\u00f3 la Agencia Noticias Argentinas.","canonical_url":"https:\/\/lavozdelagente.com.ar\/index\/2026\/09\/04\/el-gobierno-britanico-advierte-a-milei-nuestras-fuerzas-armadas-estan-en-alerta-las-24-horas\/","robots":"max-image-preview:large","keywords":"","webmasterTools":{"google-site-verification":"dJHDh1fUzR1o-UwpFfn1JyiF-0R1LCNFZReSb-gbgcE","miscellaneous":""},"schema":{"@context":"https:\/\/schema.org","@graph":[{"@type":"BlogPosting","@id":"https:\/\/lavozdelagente.com.ar\/index\/2026\/09\/04\/el-gobierno-britanico-advierte-a-milei-nuestras-fuerzas-armadas-estan-en-alerta-las-24-horas\/#blogposting","name":"El Gobierno brit\u00e1nico advierte a Milei: \u201cNuestras fuerzas armadas est\u00e1n en alerta las 24 horas\u201d - LA VOZ DE LA GENTE","headline":"El Gobierno brit\u00e1nico advierte a Milei: \u201cNuestras fuerzas armadas est\u00e1n en alerta las 24 horas\u201d","author":{"@id":"https:\/\/lavozdelagente.com.ar\/index\/author\/rober\/#author"},"publisher":{"@id":"https:\/\/lavozdelagente.com.ar\/index\/#person"},"image":{"@type":"ImageObject","url":"https:\/\/lavozdelagente.com.ar\/wp-content\/uploads\/2026\/09\/britanc.avif","width":811,"height":540},"datePublished":"2026-09-04T21:54:45+00:00","dateModified":"2026-09-04T21:54:45+00:00","inLanguage":"es-ES","mainEntityOfPage":{"@id":"https:\/\/lavozdelagente.com.ar\/index\/2026\/09\/04\/el-gobierno-britanico-advierte-a-milei-nuestras-fuerzas-armadas-estan-en-alerta-las-24-horas\/#webpage"},"isPartOf":{"@id":"https:\/\/lavozdelagente.com.ar\/index\/2026\/09\/04\/el-gobierno-britanico-advierte-a-milei-nuestras-fuerzas-armadas-estan-en-alerta-las-24-horas\/#webpage"},"articleSection":"Varios"},{"@type":"BreadcrumbList","@id":"https:\/\/lavozdelagente.com.ar\/index\/2026\/09\/04\/el-gobierno-britanico-advierte-a-milei-nuestras-fuerzas-armadas-estan-en-alerta-las-24-horas\/#breadcrumblist","itemListElement":[{"@type":"ListItem","@id":"https:\/\/lavozdelagente.com.ar\/index#listItem","position":1,"name":"Home","item":"https:\/\/lavozdelagente.com.ar\/index","nextItem":{"@type":"ListItem","@id":"https:\/\/lavozdelagente.com.ar\/index\/category\/varios\/#listItem","name":"Varios"}},{"@type":"ListItem","@id":"https:\/\/lavozdelagente.com.ar\/index\/category\/varios\/#listItem","position":2,"name":"Varios","item":"https:\/\/lavozdelagente.com.ar\/index\/category\/varios\/","nextItem":{"@type":"ListItem","@id":"https:\/\/lavozdelagente.com.ar\/index\/2026\/09\/04\/el-gobierno-britanico-advierte-a-milei-nuestras-fuerzas-armadas-estan-en-alerta-las-24-horas\/#listItem","name":"El Gobierno brit\u00e1nico advierte a Milei: \u201cNuestras fuerzas armadas est\u00e1n en alerta las 24 horas\u201d"},"previousItem":{"@type":"ListItem","@id":"https:\/\/lavozdelagente.com.ar\/index#listItem","name":"Home"}},{"@type":"ListItem","@id":"https:\/\/lavozdelagente.com.ar\/index\/2026\/09\/04\/el-gobierno-britanico-advierte-a-milei-nuestras-fuerzas-armadas-estan-en-alerta-las-24-horas\/#listItem","position":3,"name":"El Gobierno brit\u00e1nico advierte a Milei: \u201cNuestras fuerzas armadas est\u00e1n en alerta las 24 horas\u201d","previousItem":{"@type":"ListItem","@id":"https:\/\/lavozdelagente.com.ar\/index\/category\/varios\/#listItem","name":"Varios"}}]},{"@type":"Person","@id":"https:\/\/lavozdelagente.com.ar\/index\/author\/rober\/#author","url":"https:\/\/lavozdelagente.com.ar\/index\/author\/rober\/","name":"rober","image":{"@type":"ImageObject","@id":"https:\/\/lavozdelagente.com.ar\/index\/2026\/09\/04\/el-gobierno-britanico-advierte-a-milei-nuestras-fuerzas-armadas-estan-en-alerta-las-24-horas\/#authorImage","url":"https:\/\/secure.gravatar.com\/avatar\/901a62cd098b11a08c5fe38d2de0f8ad6b745f5d4f6413ad71e1630ac07766e0?s=96&d=mm&r=g","width":96,"height":96,"caption":"rober"}},{"@type":"WebPage","@id":"https:\/\/lavozdelagente.com.ar\/index\/2026\/09\/04\/el-gobierno-britanico-advierte-a-milei-nuestras-fuerzas-armadas-estan-en-alerta-las-24-horas\/#webpage","url":"https:\/\/lavozdelagente.com.ar\/index\/2026\/09\/04\/el-gobierno-britanico-advierte-a-milei-nuestras-fuerzas-armadas-estan-en-alerta-las-24-horas\/","name":"El Gobierno brit\u00e1nico advierte a Milei: \u201cNuestras fuerzas armadas est\u00e1n en alerta las 24 horas\u201d - LA VOZ DE LA GENTE","description":"Un vocero del primer ministro brit\u00e1nico, Andy Burnham, dej\u00f3 o\u00edr este viernes tambores de guerra por las Islas Malvinas cuando advirti\u00f3 que las fuerzas armadas del Reino Unido \u201cest\u00e1n en alerta las 24 horas del d\u00eda los siete d\u00edas de la semana\u201d, seg\u00fan un informe de la cadena BBC que capt\u00f3 la Agencia Noticias Argentinas.","inLanguage":"es-ES","isPartOf":{"@id":"https:\/\/lavozdelagente.com.ar\/index\/#website"},"breadcrumb":{"@id":"https:\/\/lavozdelagente.com.ar\/index\/2026\/09\/04\/el-gobierno-britanico-advierte-a-milei-nuestras-fuerzas-armadas-estan-en-alerta-las-24-horas\/#breadcrumblist"},"author":{"@id":"https:\/\/lavozdelagente.com.ar\/index\/author\/rober\/#author"},"creator":{"@id":"https:\/\/lavozdelagente.com.ar\/index\/author\/rober\/#author"},"image":{"@type":"ImageObject","url":"https:\/\/lavozdelagente.com.ar\/wp-content\/uploads\/2026\/09\/britanc.avif","@id":"https:\/\/lavozdelagente.com.ar\/index\/2026\/09\/04\/el-gobierno-britanico-advierte-a-milei-nuestras-fuerzas-armadas-estan-en-alerta-las-24-horas\/#mainImage","width":811,"height":540},"primaryImageOfPage":{"@id":"https:\/\/lavozdelagente.com.ar\/index\/2026\/09\/04\/el-gobierno-britanico-advierte-a-milei-nuestras-fuerzas-armadas-estan-en-alerta-las-24-horas\/#mainImage"},"datePublished":"2026-09-04T21:54:45+00:00","dateModified":"2026-09-04T21:54:45+00:00"},{"@type":"WebSite","@id":"https:\/\/lavozdelagente.com.ar\/index\/#website","url":"https:\/\/lavozdelagente.com.ar\/index\/","name":"LA VOZ DE LA GENTE","description":"SDE","inLanguage":"es-ES","publisher":{"@id":"https:\/\/lavozdelagente.com.ar\/index\/#person"}}]},"og:locale":"es_ES","og:site_name":"LA VOZ DE LA GENTE - SDE","og:type":"article","og:title":"El Gobierno brit\u00e1nico advierte a Milei: \u201cNuestras fuerzas armadas est\u00e1n en alerta las 24 horas\u201d - LA VOZ DE LA GENTE","og:description":"Un vocero del primer ministro brit\u00e1nico, Andy Burnham, dej\u00f3 o\u00edr este viernes tambores de guerra por las Islas Malvinas cuando advirti\u00f3 que las fuerzas armadas del Reino Unido \u201cest\u00e1n en alerta las 24 horas del d\u00eda los siete d\u00edas de la semana\u201d, seg\u00fan un informe de la cadena BBC que capt\u00f3 la Agencia Noticias Argentinas.","og:url":"https:\/\/lavozdelagente.com.ar\/index\/2026\/09\/04\/el-gobierno-britanico-advierte-a-milei-nuestras-fuerzas-armadas-estan-en-alerta-las-24-horas\/","article:published_time":"2026-09-04T21:54:45+00:00","article:modified_time":"2026-09-04T21:54:45+00:00","twitter:card":"summary_large_image","twitter:title":"El Gobierno brit\u00e1nico advierte a Milei: \u201cNuestras fuerzas armadas est\u00e1n en alerta las 24 horas\u201d - LA VOZ DE LA GENTE","twitter:description":"Un vocero del primer ministro brit\u00e1nico, Andy Burnham, dej\u00f3 o\u00edr este viernes tambores de guerra por las Islas Malvinas cuando advirti\u00f3 que las fuerzas armadas del Reino Unido \u201cest\u00e1n en alerta las 24 horas del d\u00eda los siete d\u00edas de la semana\u201d, seg\u00fan un informe de la cadena BBC que capt\u00f3 la Agencia Noticias Argentinas."},"aioseo_meta_data":{"post_id":"3652","title":null,"description":null,"keywords":null,"keyphrases":{"focus":{"keyphrase":"","score":0,"analysis":{"keyphraseInTitle":{"score":0,"maxScore":9,"error":1}}},"additional":[]},"primary_term":null,"canonical_url":null,"og_title":null,"og_description":null,"og_object_type":"default","og_image_type":"default","og_image_url":null,"og_image_width":null,"og_image_height":null,"og_image_custom_url":null,"og_image_custom_fields":null,"og_video":"","og_custom_url":null,"og_article_section":null,"og_article_tags":null,"twitter_use_og":false,"twitter_card":"default","twitter_image_type":"default","twitter_image_url":null,"twitter_image_custom_url":null,"twitter_image_custom_fields":null,"twitter_title":null,"twitter_description":null,"schema":{"blockGraphs":[],"customGraphs":[],"default":{"data":{"Article":[],"Course":[],"Dataset":[],"FAQPage":[],"Movie":[],"Person":[],"Product":[],"ProductReview":[],"Car":[],"Recipe":[],"Service":[],"SoftwareApplication":[],"WebPage":[]},"graphName":"BlogPosting","isEnabled":true},"graphs":[]},"schema_type":"default","schema_type_options":null,"pillar_content":false,"robots_default":true,"robots_noindex":false,"robots_noarchive":false,"robots_nosnippet":false,"robots_nofollow":false,"robots_noimageindex":false,"robots_noodp":false,"robots_notranslate":false,"robots_max_snippet":"-1","robots_max_videopreview":"-1","robots_max_imagepreview":"large","priority":null,"frequency":"default","local_seo":null,"breadcrumb_settings":null,"limit_modified_date":false,"ai":{"faqs":[],"keyPoints":[],"schemas":[],"titles":[],"descriptions":[],"socialPosts":{"email":{"subject":"","preview":"","content":""},"linkedin":[],"twitter":[],"facebook":[],"instagram":[]}},"created":"2026-09-04 21:54:45","updated":"2026-09-05 20:23:24","seo_analyzer_scan_date":null,"focus_keyword":null,"additional_keywords":null,"truseo_locale":null},"aioseo_breadcrumb":"<div class=\"aioseo-breadcrumbs\"><span class=\"aioseo-breadcrumb\">\n\t\t\t<a href=\"https:\/\/lavozdelagente.com.ar\/index\" title=\"Home\">Home<\/a>\n\t\t<\/span><span class=\"aioseo-breadcrumb-separator\">&raquo;<\/span><span class=\"aioseo-breadcrumb\">\n\t\t\t<a href=\"https:\/\/lavozdelagente.com.ar\/index\/category\/varios\/\" title=\"Varios\">Varios<\/a>\n\t\t<\/span><span class=\"aioseo-breadcrumb-separator\">&raquo;<\/span><span class=\"aioseo-breadcrumb\">\n\t\t\tEl Gobierno brit\u00e1nico advierte a Milei: \u201cNuestras fuerzas armadas est\u00e1n en alerta las 24 horas\u201d\n\t\t<\/span><\/div>","aioseo_breadcrumb_json":[{"label":"Home","link":"https:\/\/lavozdelagente.com.ar\/index"},{"label":"Varios","link":"https:\/\/lavozdelagente.com.ar\/index\/category\/varios\/"},{"label":"El Gobierno brit\u00e1nico advierte a Milei: \u201cNuestras fuerzas armadas est\u00e1n en alerta las 24 horas\u201d","link":"https:\/\/lavozdelagente.com.ar\/index\/2026\/09\/04\/el-gobierno-britanico-advierte-a-milei-nuestras-fuerzas-armadas-estan-en-alerta-las-24-horas\/"}],"rttpg_featured_image_url":{"full":["https:\/\/lavozdelagente.com.ar\/wp-content\/uploads\/2026\/09\/britanc.avif",811,540,false],"landscape":["https:\/\/lavozdelagente.com.ar\/wp-content\/uploads\/2026\/09\/britanc.avif",811,540,false],"portraits":["https:\/\/lavozdelagente.com.ar\/wp-content\/uploads\/2026\/09\/britanc.avif",811,540,false],"thumbnail":["https:\/\/lavozdelagente.com.ar\/wp-content\/uploads\/2026\/09\/britanc-150x150.avif",150,150,true],"medium":["https:\/\/lavozdelagente.com.ar\/wp-content\/uploads\/2026\/09\/britanc-300x200.avif",300,200,true],"large":["https:\/\/lavozdelagente.com.ar\/wp-content\/uploads\/2026\/09\/britanc.avif",800,533,false],"1536x1536":["https:\/\/lavozdelagente.com.ar\/wp-content\/uploads\/2026\/09\/britanc.avif",811,540,false],"2048x2048":["https:\/\/lavozdelagente.com.ar\/wp-content\/uploads\/2026\/09\/britanc.avif",811,540,false],"colormag-highlighted-post":["https:\/\/lavozdelagente.com.ar\/wp-content\/uploads\/2026\/09\/britanc-392x272.avif",392,272,true],"colormag-featured-post-medium":["https:\/\/lavozdelagente.com.ar\/wp-content\/uploads\/2026\/09\/britanc-390x205.avif",390,205,true],"colormag-featured-post-small":["https:\/\/lavozdelagente.com.ar\/wp-content\/uploads\/2026\/09\/britanc-130x90.avif",130,90,true],"colormag-featured-image":["https:\/\/lavozdelagente.com.ar\/wp-content\/uploads\/2026\/09\/britanc-800x445.avif",800,445,true],"colormag-default-news":["https:\/\/lavozdelagente.com.ar\/wp-content\/uploads\/2026\/09\/britanc-150x150.avif",150,150,true],"colormag-featured-image-large":["https:\/\/lavozdelagente.com.ar\/wp-content\/uploads\/2026\/09\/britanc.avif",811,540,false]},"rttpg_author":{"display_name":"rober","author_link":"https:\/\/lavozdelagente.com.ar\/index\/author\/rober\/"},"rttpg_comment":0,"rttpg_category":"<a href=\"https:\/\/lavozdelagente.com.ar\/index\/category\/varios\/\" rel=\"category tag\">Varios<\/a>","rttpg_excerpt":"Un vocero del primer ministro brit\u00e1nico, Andy Burnham, dej\u00f3 o\u00edr este viernes tambores de guerra por las Islas Malvinas cuando","_links":{"self":[{"href":"https:\/\/lavozdelagente.com.ar\/index\/wp-json\/wp\/v2\/posts\/3652","targetHints":{"allow":["GET"]}}],"collection":[{"href":"https:\/\/lavozdelagente.com.ar\/index\/wp-json\/wp\/v2\/posts"}],"about":[{"href":"https:\/\/lavozdelagente.com.ar\/index\/wp-json\/wp\/v2\/types\/post"}],"author":[{"embeddable":true,"href":"https:\/\/lavozdelagente.com.ar\/index\/wp-json\/wp\/v2\/users\/2"}],"replies":[{"embeddable":true,"href":"https:\/\/lavozdelagente.com.ar\/index\/wp-json\/wp\/v2\/comments?post=3652"}],"version-history":[{"count":2,"href":"https:\/\/lavozdelagente.com.ar\/index\/wp-json\/wp\/v2\/posts\/3652\/revisions"}],"predecessor-version":[{"id":3655,"href":"https:\/\/lavozdelagente.com.ar\/index\/wp-json\/wp\/v2\/posts\/3652\/revisions\/3655"}],"wp:featuredmedia":[{"embeddable":true,"href":"https:\/\/lavozdelagente.com.ar\/index\/wp-json\/wp\/v2\/media\/3653"}],"wp:attachment":[{"href":"https:\/\/lavozdelagente.com.ar\/index\/wp-json\/wp\/v2\/media?parent=3652"}],"wp:term":[{"taxonomy":"category","embeddable":true,"href":"https:\/\/lavozdelagente.com.ar\/index\/wp-json\/wp\/v2\/categories?post=3652"},{"taxonomy":"post_tag","embeddable":true,"href":"https:\/\/lavozdelagente.com.ar\/index\/wp-json\/wp\/v2\/tags?post=3652"}],"curies":[{"name":"wp","href":"https:\/\/api.w.org\/{rel}","templated":true}]}}