{"id":3658,"date":"2026-09-04T21:59:24","date_gmt":"2026-09-04T21:59:24","guid":{"rendered":"https:\/\/lavozdelagente.com.ar\/index\/?p=3658"},"modified":"2026-09-04T21:59:24","modified_gmt":"2026-09-04T21:59:24","slug":"entra-en-vigencia-el-nuevo-regimen-penal-juvenil-que-cambios-establece-la-baja-de-imputabilidad-desde-los-14-anos","status":"publish","type":"post","link":"https:\/\/lavozdelagente.com.ar\/index\/2026\/09\/04\/entra-en-vigencia-el-nuevo-regimen-penal-juvenil-que-cambios-establece-la-baja-de-imputabilidad-desde-los-14-anos\/","title":{"rendered":"Entra en vigencia el nuevo r\u00e9gimen penal juvenil: qu\u00e9 cambios establece la baja de imputabilidad desde los 14 a\u00f1os"},"content":{"rendered":"<p>El nuevo r\u00e9gimen penal juvenil, que establece la baja de la imputabilidad para menores a partir de los 14 a\u00f1os y nuevas penas, entrar\u00e1 en vigencia este s\u00e1bado.<\/p>\n<p>La Ley 27.801, que fue aprobada por el Congreso en febrero de este a\u00f1o, modifica la normativa de la Ley 22.278 que reg\u00eda desde la d\u00e9cada del 80, brindando nuevos lineamientos sobre los delitos cometidos por menores de edad.<\/p>\n<p>Seg\u00fan el texto, este nuevo r\u00e9gimen busca \u201cfomentar en el adolescente imputado el sentido de la responsabilidad legal por sus actos y lograr su educaci\u00f3n, resocializaci\u00f3n e integraci\u00f3n social\u201d.<\/p>\n<p>Hotesur-Los Sauces: el tribunal defini\u00f3 los detalles para el juicio oral contra Cristina y M\u00e1ximo Kirchner<br \/>\nPor un lado, ahora los menores podr\u00e1n ser juzgados por delitos a partir de los 14 a\u00f1os, a diferencia de los 16 a\u00f1os de la ley anterior, con penas que van hasta los 15 a\u00f1os. Adem\u00e1s, los progenitores ser\u00e1n civilmente responsables por los il\u00edcitos cometidos por sus hijos.<\/p>\n<p>Al igual que la normativa actual, queda prohibido difundir nombres, sobrenombres, filiaci\u00f3n, parentesco o residencia del adolescente imputado, como tambi\u00e9n fotos o datos de identificaci\u00f3n.<\/p>\n<p>Los adolescentes que cometan delitos y sean juzgados podr\u00e1n ser detenidos en dependencias acondicionadas especialmente para menores, sin compartir alojamiento con personas mayores de edad.<\/p>\n<p>Seg\u00fan el r\u00e9gimen, los j\u00f3venes tendr\u00e1n derecho a acceder a programas educativos para concluir sus estudios obligatorios, como tambi\u00e9n a programas de formaci\u00f3n ciudadana para su inserci\u00f3n social, de capacitaci\u00f3n laboral y deportivos.<\/p>\n<p>Las penas que establece la nueva ley<br \/>\nSeg\u00fan el texto, los adolescentes podr\u00e1n recibir las siguientes penas:<\/p>\n<p>Amonestaciones<br \/>\nProhibici\u00f3n de contacto o de aproximarse a la v\u00edctima, su familia u otras personas<br \/>\nProhibici\u00f3n de conducci\u00f3n de veh\u00edculos<br \/>\nProhibici\u00f3n de concurrir a establecimientos o espect\u00e1culos, inclusive deportivos, musicales o culturales<br \/>\nProhibici\u00f3n de salir del pa\u00eds o del lugar en el cual reside<br \/>\nPrestaci\u00f3n de servicios a la comunidad<br \/>\nMonitoreo electr\u00f3nico con rastreador<br \/>\nReparaci\u00f3n integral del da\u00f1o a la v\u00edctima<br \/>\nPenas privativas de libertad en su domicilio, un instituto abierto o un instituto especializado de detenci\u00f3n<br \/>\nLa ley remarca adem\u00e1s que se puede evitar la pena de prisi\u00f3n en dos ocasiones: si la pena no supera los 3 a\u00f1os; y si va de entre 3 a 10 a\u00f1os, pero solo en el caso que el delito no implique la muerte de la v\u00edctima, una grave violencia f\u00edsica o ps\u00edquica sobre las personas o si no tuviese otras condenas o procesos en curso.<\/p>\n<p>\u201cEn todos los casos, se deber\u00e1n imponer al adolescente, conjuntamente, medidas espec\u00edficas tendientes a desarrollar su educaci\u00f3n, el trabajo y la conciencia de la gravedad del hecho cometido, con vistas a lograr su resocializaci\u00f3n y desarrollo de su vida\u201d, resalta.<\/p>\n<p>Por otro lado, cuando el joven haya cumplido dos tercios de la pena en detenci\u00f3n y se dieran las circunstancias previstas en el C\u00f3digo Penal para recibir la libertad condicional, podr\u00e1 continuar cumpliendo su sentencia con otra pena a las establecidas.<\/p>\n<p>Sin embargo, ante el incumplimiento injustificado de una pena alternativa a la que recibi\u00f3 como condena, el juez deber\u00e1 modificarla por otra pena m\u00e1s severa.<\/p>\n<p>Agencia NA<\/p>\n","protected":false},"excerpt":{"rendered":"<p>El nuevo r\u00e9gimen penal juvenil, que establece la baja de la imputabilidad para menores a partir de los 14 a\u00f1os<\/p>\n","protected":false},"author":2,"featured_media":3659,"comment_status":"open","ping_status":"open","sticky":false,"template":"","format":"standard","meta":{"colormag_page_container_layout":"default_layout","colormag_page_sidebar_layout":"default_layout","om_disable_all_campaigns":false,"_monsterinsights_skip_tracking":false,"footnotes":""},"categories":[6],"tags":[],"class_list":["post-3658","post","type-post","status-publish","format-standard","has-post-thumbnail","hentry","category-varios"],"aioseo_notices":[],"aioseo_head":"\n\t\t<!-- All in One SEO 5.0.1.1 - aioseo.com -->\n\t<meta name=\"description\" content=\"El nuevo r\u00e9gimen penal juvenil, que establece la baja de la imputabilidad para menores a partir de los 14 a\u00f1os y nuevas penas, entrar\u00e1 en vigencia este s\u00e1bado. La Ley 27.801, que fue aprobada por el Congreso en febrero de este a\u00f1o, modifica la normativa de la Ley 22.278 que reg\u00eda desde la d\u00e9cada del\" \/>\n\t<meta name=\"robots\" content=\"max-image-preview:large\" \/>\n\t<meta name=\"author\" content=\"rober\"\/>\n\t<meta name=\"google-site-verification\" content=\"dJHDh1fUzR1o-UwpFfn1JyiF-0R1LCNFZReSb-gbgcE\" \/>\n\t<link rel=\"canonical\" href=\"https:\/\/lavozdelagente.com.ar\/index\/2026\/09\/04\/entra-en-vigencia-el-nuevo-regimen-penal-juvenil-que-cambios-establece-la-baja-de-imputabilidad-desde-los-14-anos\/\" \/>\n\t<meta name=\"generator\" content=\"All in One SEO (AIOSEO) 5.0.1.1\" \/>\n\t\t<meta property=\"og:locale\" content=\"es_ES\" \/>\n\t\t<meta property=\"og:site_name\" content=\"LA VOZ DE LA GENTE - SDE\" \/>\n\t\t<meta property=\"og:type\" content=\"article\" \/>\n\t\t<meta property=\"og:title\" content=\"Entra en vigencia el nuevo r\u00e9gimen penal juvenil: qu\u00e9 cambios establece la baja de imputabilidad desde los 14 a\u00f1os - LA VOZ DE LA GENTE\" \/>\n\t\t<meta property=\"og:description\" content=\"El nuevo r\u00e9gimen penal juvenil, que establece la baja de la imputabilidad para menores a partir de los 14 a\u00f1os y nuevas penas, entrar\u00e1 en vigencia este s\u00e1bado. La Ley 27.801, que fue aprobada por el Congreso en febrero de este a\u00f1o, modifica la normativa de la Ley 22.278 que reg\u00eda desde la d\u00e9cada del\" \/>\n\t\t<meta property=\"og:url\" content=\"https:\/\/lavozdelagente.com.ar\/index\/2026\/09\/04\/entra-en-vigencia-el-nuevo-regimen-penal-juvenil-que-cambios-establece-la-baja-de-imputabilidad-desde-los-14-anos\/\" \/>\n\t\t<meta property=\"article:published_time\" content=\"2026-09-04T21:59:24+00:00\" \/>\n\t\t<meta property=\"article:modified_time\" content=\"2026-09-04T21:59:24+00:00\" \/>\n\t\t<meta name=\"twitter:card\" content=\"summary_large_image\" \/>\n\t\t<meta name=\"twitter:title\" content=\"Entra en vigencia el nuevo r\u00e9gimen penal juvenil: qu\u00e9 cambios establece la baja de imputabilidad desde los 14 a\u00f1os - LA VOZ DE LA GENTE\" \/>\n\t\t<meta name=\"twitter:description\" content=\"El nuevo r\u00e9gimen penal juvenil, que establece la baja de la imputabilidad para menores a partir de los 14 a\u00f1os y nuevas penas, entrar\u00e1 en vigencia este s\u00e1bado. La Ley 27.801, que fue aprobada por el Congreso en febrero de este a\u00f1o, modifica la normativa de la Ley 22.278 que reg\u00eda desde la d\u00e9cada del\" \/>\n\t\t<script type=\"application\/ld+json\" class=\"aioseo-schema\">\n\t\t\t{\"@context\":\"https:\\\/\\\/schema.org\",\"@graph\":[{\"@type\":\"BlogPosting\",\"@id\":\"https:\\\/\\\/lavozdelagente.com.ar\\\/index\\\/2026\\\/09\\\/04\\\/entra-en-vigencia-el-nuevo-regimen-penal-juvenil-que-cambios-establece-la-baja-de-imputabilidad-desde-los-14-anos\\\/#blogposting\",\"name\":\"Entra en vigencia el nuevo r\\u00e9gimen penal juvenil: qu\\u00e9 cambios establece la baja de imputabilidad desde los 14 a\\u00f1os - LA VOZ DE LA GENTE\",\"headline\":\"Entra en vigencia el nuevo r\\u00e9gimen penal juvenil: qu\\u00e9 cambios establece la baja de imputabilidad desde los 14 a\\u00f1os\",\"author\":{\"@id\":\"https:\\\/\\\/lavozdelagente.com.ar\\\/index\\\/author\\\/rober\\\/#author\"},\"publisher\":{\"@id\":\"https:\\\/\\\/lavozdelagente.com.ar\\\/index\\\/#person\"},\"image\":{\"@type\":\"ImageObject\",\"url\":\"https:\\\/\\\/lavozdelagente.com.ar\\\/wp-content\\\/uploads\\\/2026\\\/09\\\/detenc.jpg\",\"width\":1024,\"height\":576},\"datePublished\":\"2026-09-04T21:59:24+00:00\",\"dateModified\":\"2026-09-04T21:59:24+00:00\",\"inLanguage\":\"es-ES\",\"mainEntityOfPage\":{\"@id\":\"https:\\\/\\\/lavozdelagente.com.ar\\\/index\\\/2026\\\/09\\\/04\\\/entra-en-vigencia-el-nuevo-regimen-penal-juvenil-que-cambios-establece-la-baja-de-imputabilidad-desde-los-14-anos\\\/#webpage\"},\"isPartOf\":{\"@id\":\"https:\\\/\\\/lavozdelagente.com.ar\\\/index\\\/2026\\\/09\\\/04\\\/entra-en-vigencia-el-nuevo-regimen-penal-juvenil-que-cambios-establece-la-baja-de-imputabilidad-desde-los-14-anos\\\/#webpage\"},\"articleSection\":\"Varios\"},{\"@type\":\"BreadcrumbList\",\"@id\":\"https:\\\/\\\/lavozdelagente.com.ar\\\/index\\\/2026\\\/09\\\/04\\\/entra-en-vigencia-el-nuevo-regimen-penal-juvenil-que-cambios-establece-la-baja-de-imputabilidad-desde-los-14-anos\\\/#breadcrumblist\",\"itemListElement\":[{\"@type\":\"ListItem\",\"@id\":\"https:\\\/\\\/lavozdelagente.com.ar\\\/index#listItem\",\"position\":1,\"name\":\"Home\",\"item\":\"https:\\\/\\\/lavozdelagente.com.ar\\\/index\",\"nextItem\":{\"@type\":\"ListItem\",\"@id\":\"https:\\\/\\\/lavozdelagente.com.ar\\\/index\\\/category\\\/varios\\\/#listItem\",\"name\":\"Varios\"}},{\"@type\":\"ListItem\",\"@id\":\"https:\\\/\\\/lavozdelagente.com.ar\\\/index\\\/category\\\/varios\\\/#listItem\",\"position\":2,\"name\":\"Varios\",\"item\":\"https:\\\/\\\/lavozdelagente.com.ar\\\/index\\\/category\\\/varios\\\/\",\"nextItem\":{\"@type\":\"ListItem\",\"@id\":\"https:\\\/\\\/lavozdelagente.com.ar\\\/index\\\/2026\\\/09\\\/04\\\/entra-en-vigencia-el-nuevo-regimen-penal-juvenil-que-cambios-establece-la-baja-de-imputabilidad-desde-los-14-anos\\\/#listItem\",\"name\":\"Entra en vigencia el nuevo r\\u00e9gimen penal juvenil: qu\\u00e9 cambios establece la baja de imputabilidad desde los 14 a\\u00f1os\"},\"previousItem\":{\"@type\":\"ListItem\",\"@id\":\"https:\\\/\\\/lavozdelagente.com.ar\\\/index#listItem\",\"name\":\"Home\"}},{\"@type\":\"ListItem\",\"@id\":\"https:\\\/\\\/lavozdelagente.com.ar\\\/index\\\/2026\\\/09\\\/04\\\/entra-en-vigencia-el-nuevo-regimen-penal-juvenil-que-cambios-establece-la-baja-de-imputabilidad-desde-los-14-anos\\\/#listItem\",\"position\":3,\"name\":\"Entra en vigencia el nuevo r\\u00e9gimen penal juvenil: qu\\u00e9 cambios establece la baja de imputabilidad desde los 14 a\\u00f1os\",\"previousItem\":{\"@type\":\"ListItem\",\"@id\":\"https:\\\/\\\/lavozdelagente.com.ar\\\/index\\\/category\\\/varios\\\/#listItem\",\"name\":\"Varios\"}}]},{\"@type\":\"Person\",\"@id\":\"https:\\\/\\\/lavozdelagente.com.ar\\\/index\\\/author\\\/rober\\\/#author\",\"url\":\"https:\\\/\\\/lavozdelagente.com.ar\\\/index\\\/author\\\/rober\\\/\",\"name\":\"rober\",\"image\":{\"@type\":\"ImageObject\",\"@id\":\"https:\\\/\\\/lavozdelagente.com.ar\\\/index\\\/2026\\\/09\\\/04\\\/entra-en-vigencia-el-nuevo-regimen-penal-juvenil-que-cambios-establece-la-baja-de-imputabilidad-desde-los-14-anos\\\/#authorImage\",\"url\":\"https:\\\/\\\/secure.gravatar.com\\\/avatar\\\/901a62cd098b11a08c5fe38d2de0f8ad6b745f5d4f6413ad71e1630ac07766e0?s=96&d=mm&r=g\",\"width\":96,\"height\":96,\"caption\":\"rober\"}},{\"@type\":\"WebPage\",\"@id\":\"https:\\\/\\\/lavozdelagente.com.ar\\\/index\\\/2026\\\/09\\\/04\\\/entra-en-vigencia-el-nuevo-regimen-penal-juvenil-que-cambios-establece-la-baja-de-imputabilidad-desde-los-14-anos\\\/#webpage\",\"url\":\"https:\\\/\\\/lavozdelagente.com.ar\\\/index\\\/2026\\\/09\\\/04\\\/entra-en-vigencia-el-nuevo-regimen-penal-juvenil-que-cambios-establece-la-baja-de-imputabilidad-desde-los-14-anos\\\/\",\"name\":\"Entra en vigencia el nuevo r\\u00e9gimen penal juvenil: qu\\u00e9 cambios establece la baja de imputabilidad desde los 14 a\\u00f1os - LA VOZ DE LA GENTE\",\"description\":\"El nuevo r\\u00e9gimen penal juvenil, que establece la baja de la imputabilidad para menores a partir de los 14 a\\u00f1os y nuevas penas, entrar\\u00e1 en vigencia este s\\u00e1bado. La Ley 27.801, que fue aprobada por el Congreso en febrero de este a\\u00f1o, modifica la normativa de la Ley 22.278 que reg\\u00eda desde la d\\u00e9cada del\",\"inLanguage\":\"es-ES\",\"isPartOf\":{\"@id\":\"https:\\\/\\\/lavozdelagente.com.ar\\\/index\\\/#website\"},\"breadcrumb\":{\"@id\":\"https:\\\/\\\/lavozdelagente.com.ar\\\/index\\\/2026\\\/09\\\/04\\\/entra-en-vigencia-el-nuevo-regimen-penal-juvenil-que-cambios-establece-la-baja-de-imputabilidad-desde-los-14-anos\\\/#breadcrumblist\"},\"author\":{\"@id\":\"https:\\\/\\\/lavozdelagente.com.ar\\\/index\\\/author\\\/rober\\\/#author\"},\"creator\":{\"@id\":\"https:\\\/\\\/lavozdelagente.com.ar\\\/index\\\/author\\\/rober\\\/#author\"},\"image\":{\"@type\":\"ImageObject\",\"url\":\"https:\\\/\\\/lavozdelagente.com.ar\\\/wp-content\\\/uploads\\\/2026\\\/09\\\/detenc.jpg\",\"@id\":\"https:\\\/\\\/lavozdelagente.com.ar\\\/index\\\/2026\\\/09\\\/04\\\/entra-en-vigencia-el-nuevo-regimen-penal-juvenil-que-cambios-establece-la-baja-de-imputabilidad-desde-los-14-anos\\\/#mainImage\",\"width\":1024,\"height\":576},\"primaryImageOfPage\":{\"@id\":\"https:\\\/\\\/lavozdelagente.com.ar\\\/index\\\/2026\\\/09\\\/04\\\/entra-en-vigencia-el-nuevo-regimen-penal-juvenil-que-cambios-establece-la-baja-de-imputabilidad-desde-los-14-anos\\\/#mainImage\"},\"datePublished\":\"2026-09-04T21:59:24+00:00\",\"dateModified\":\"2026-09-04T21:59:24+00:00\"},{\"@type\":\"WebSite\",\"@id\":\"https:\\\/\\\/lavozdelagente.com.ar\\\/index\\\/#website\",\"url\":\"https:\\\/\\\/lavozdelagente.com.ar\\\/index\\\/\",\"name\":\"LA VOZ DE LA GENTE\",\"description\":\"SDE\",\"inLanguage\":\"es-ES\",\"publisher\":{\"@id\":\"https:\\\/\\\/lavozdelagente.com.ar\\\/index\\\/#person\"}}]}\n\t\t<\/script>\n\t\t<!-- All in One SEO -->\n\n","aioseo_head_json":{"title":"Entra en vigencia el nuevo r\u00e9gimen penal juvenil: qu\u00e9 cambios establece la baja de imputabilidad desde los 14 a\u00f1os - LA VOZ DE LA GENTE","description":"El nuevo r\u00e9gimen penal juvenil, que establece la baja de la imputabilidad para menores a partir de los 14 a\u00f1os y nuevas penas, entrar\u00e1 en vigencia este s\u00e1bado. La Ley 27.801, que fue aprobada por el Congreso en febrero de este a\u00f1o, modifica la normativa de la Ley 22.278 que reg\u00eda desde la d\u00e9cada del","canonical_url":"https:\/\/lavozdelagente.com.ar\/index\/2026\/09\/04\/entra-en-vigencia-el-nuevo-regimen-penal-juvenil-que-cambios-establece-la-baja-de-imputabilidad-desde-los-14-anos\/","robots":"max-image-preview:large","keywords":"","webmasterTools":{"google-site-verification":"dJHDh1fUzR1o-UwpFfn1JyiF-0R1LCNFZReSb-gbgcE","miscellaneous":""},"schema":{"@context":"https:\/\/schema.org","@graph":[{"@type":"BlogPosting","@id":"https:\/\/lavozdelagente.com.ar\/index\/2026\/09\/04\/entra-en-vigencia-el-nuevo-regimen-penal-juvenil-que-cambios-establece-la-baja-de-imputabilidad-desde-los-14-anos\/#blogposting","name":"Entra en vigencia el nuevo r\u00e9gimen penal juvenil: qu\u00e9 cambios establece la baja de imputabilidad desde los 14 a\u00f1os - LA VOZ DE LA GENTE","headline":"Entra en vigencia el nuevo r\u00e9gimen penal juvenil: qu\u00e9 cambios establece la baja de imputabilidad desde los 14 a\u00f1os","author":{"@id":"https:\/\/lavozdelagente.com.ar\/index\/author\/rober\/#author"},"publisher":{"@id":"https:\/\/lavozdelagente.com.ar\/index\/#person"},"image":{"@type":"ImageObject","url":"https:\/\/lavozdelagente.com.ar\/wp-content\/uploads\/2026\/09\/detenc.jpg","width":1024,"height":576},"datePublished":"2026-09-04T21:59:24+00:00","dateModified":"2026-09-04T21:59:24+00:00","inLanguage":"es-ES","mainEntityOfPage":{"@id":"https:\/\/lavozdelagente.com.ar\/index\/2026\/09\/04\/entra-en-vigencia-el-nuevo-regimen-penal-juvenil-que-cambios-establece-la-baja-de-imputabilidad-desde-los-14-anos\/#webpage"},"isPartOf":{"@id":"https:\/\/lavozdelagente.com.ar\/index\/2026\/09\/04\/entra-en-vigencia-el-nuevo-regimen-penal-juvenil-que-cambios-establece-la-baja-de-imputabilidad-desde-los-14-anos\/#webpage"},"articleSection":"Varios"},{"@type":"BreadcrumbList","@id":"https:\/\/lavozdelagente.com.ar\/index\/2026\/09\/04\/entra-en-vigencia-el-nuevo-regimen-penal-juvenil-que-cambios-establece-la-baja-de-imputabilidad-desde-los-14-anos\/#breadcrumblist","itemListElement":[{"@type":"ListItem","@id":"https:\/\/lavozdelagente.com.ar\/index#listItem","position":1,"name":"Home","item":"https:\/\/lavozdelagente.com.ar\/index","nextItem":{"@type":"ListItem","@id":"https:\/\/lavozdelagente.com.ar\/index\/category\/varios\/#listItem","name":"Varios"}},{"@type":"ListItem","@id":"https:\/\/lavozdelagente.com.ar\/index\/category\/varios\/#listItem","position":2,"name":"Varios","item":"https:\/\/lavozdelagente.com.ar\/index\/category\/varios\/","nextItem":{"@type":"ListItem","@id":"https:\/\/lavozdelagente.com.ar\/index\/2026\/09\/04\/entra-en-vigencia-el-nuevo-regimen-penal-juvenil-que-cambios-establece-la-baja-de-imputabilidad-desde-los-14-anos\/#listItem","name":"Entra en vigencia el nuevo r\u00e9gimen penal juvenil: qu\u00e9 cambios establece la baja de imputabilidad desde los 14 a\u00f1os"},"previousItem":{"@type":"ListItem","@id":"https:\/\/lavozdelagente.com.ar\/index#listItem","name":"Home"}},{"@type":"ListItem","@id":"https:\/\/lavozdelagente.com.ar\/index\/2026\/09\/04\/entra-en-vigencia-el-nuevo-regimen-penal-juvenil-que-cambios-establece-la-baja-de-imputabilidad-desde-los-14-anos\/#listItem","position":3,"name":"Entra en vigencia el nuevo r\u00e9gimen penal juvenil: qu\u00e9 cambios establece la baja de imputabilidad desde los 14 a\u00f1os","previousItem":{"@type":"ListItem","@id":"https:\/\/lavozdelagente.com.ar\/index\/category\/varios\/#listItem","name":"Varios"}}]},{"@type":"Person","@id":"https:\/\/lavozdelagente.com.ar\/index\/author\/rober\/#author","url":"https:\/\/lavozdelagente.com.ar\/index\/author\/rober\/","name":"rober","image":{"@type":"ImageObject","@id":"https:\/\/lavozdelagente.com.ar\/index\/2026\/09\/04\/entra-en-vigencia-el-nuevo-regimen-penal-juvenil-que-cambios-establece-la-baja-de-imputabilidad-desde-los-14-anos\/#authorImage","url":"https:\/\/secure.gravatar.com\/avatar\/901a62cd098b11a08c5fe38d2de0f8ad6b745f5d4f6413ad71e1630ac07766e0?s=96&d=mm&r=g","width":96,"height":96,"caption":"rober"}},{"@type":"WebPage","@id":"https:\/\/lavozdelagente.com.ar\/index\/2026\/09\/04\/entra-en-vigencia-el-nuevo-regimen-penal-juvenil-que-cambios-establece-la-baja-de-imputabilidad-desde-los-14-anos\/#webpage","url":"https:\/\/lavozdelagente.com.ar\/index\/2026\/09\/04\/entra-en-vigencia-el-nuevo-regimen-penal-juvenil-que-cambios-establece-la-baja-de-imputabilidad-desde-los-14-anos\/","name":"Entra en vigencia el nuevo r\u00e9gimen penal juvenil: qu\u00e9 cambios establece la baja de imputabilidad desde los 14 a\u00f1os - LA VOZ DE LA GENTE","description":"El nuevo r\u00e9gimen penal juvenil, que establece la baja de la imputabilidad para menores a partir de los 14 a\u00f1os y nuevas penas, entrar\u00e1 en vigencia este s\u00e1bado. La Ley 27.801, que fue aprobada por el Congreso en febrero de este a\u00f1o, modifica la normativa de la Ley 22.278 que reg\u00eda desde la d\u00e9cada del","inLanguage":"es-ES","isPartOf":{"@id":"https:\/\/lavozdelagente.com.ar\/index\/#website"},"breadcrumb":{"@id":"https:\/\/lavozdelagente.com.ar\/index\/2026\/09\/04\/entra-en-vigencia-el-nuevo-regimen-penal-juvenil-que-cambios-establece-la-baja-de-imputabilidad-desde-los-14-anos\/#breadcrumblist"},"author":{"@id":"https:\/\/lavozdelagente.com.ar\/index\/author\/rober\/#author"},"creator":{"@id":"https:\/\/lavozdelagente.com.ar\/index\/author\/rober\/#author"},"image":{"@type":"ImageObject","url":"https:\/\/lavozdelagente.com.ar\/wp-content\/uploads\/2026\/09\/detenc.jpg","@id":"https:\/\/lavozdelagente.com.ar\/index\/2026\/09\/04\/entra-en-vigencia-el-nuevo-regimen-penal-juvenil-que-cambios-establece-la-baja-de-imputabilidad-desde-los-14-anos\/#mainImage","width":1024,"height":576},"primaryImageOfPage":{"@id":"https:\/\/lavozdelagente.com.ar\/index\/2026\/09\/04\/entra-en-vigencia-el-nuevo-regimen-penal-juvenil-que-cambios-establece-la-baja-de-imputabilidad-desde-los-14-anos\/#mainImage"},"datePublished":"2026-09-04T21:59:24+00:00","dateModified":"2026-09-04T21:59:24+00:00"},{"@type":"WebSite","@id":"https:\/\/lavozdelagente.com.ar\/index\/#website","url":"https:\/\/lavozdelagente.com.ar\/index\/","name":"LA VOZ DE LA GENTE","description":"SDE","inLanguage":"es-ES","publisher":{"@id":"https:\/\/lavozdelagente.com.ar\/index\/#person"}}]},"og:locale":"es_ES","og:site_name":"LA VOZ DE LA GENTE - SDE","og:type":"article","og:title":"Entra en vigencia el nuevo r\u00e9gimen penal juvenil: qu\u00e9 cambios establece la baja de imputabilidad desde los 14 a\u00f1os - LA VOZ DE LA GENTE","og:description":"El nuevo r\u00e9gimen penal juvenil, que establece la baja de la imputabilidad para menores a partir de los 14 a\u00f1os y nuevas penas, entrar\u00e1 en vigencia este s\u00e1bado. La Ley 27.801, que fue aprobada por el Congreso en febrero de este a\u00f1o, modifica la normativa de la Ley 22.278 que reg\u00eda desde la d\u00e9cada del","og:url":"https:\/\/lavozdelagente.com.ar\/index\/2026\/09\/04\/entra-en-vigencia-el-nuevo-regimen-penal-juvenil-que-cambios-establece-la-baja-de-imputabilidad-desde-los-14-anos\/","article:published_time":"2026-09-04T21:59:24+00:00","article:modified_time":"2026-09-04T21:59:24+00:00","twitter:card":"summary_large_image","twitter:title":"Entra en vigencia el nuevo r\u00e9gimen penal juvenil: qu\u00e9 cambios establece la baja de imputabilidad desde los 14 a\u00f1os - LA VOZ DE LA GENTE","twitter:description":"El nuevo r\u00e9gimen penal juvenil, que establece la baja de la imputabilidad para menores a partir de los 14 a\u00f1os y nuevas penas, entrar\u00e1 en vigencia este s\u00e1bado. La Ley 27.801, que fue aprobada por el Congreso en febrero de este a\u00f1o, modifica la normativa de la Ley 22.278 que reg\u00eda desde la d\u00e9cada del"},"aioseo_meta_data":{"post_id":"3658","title":null,"description":null,"keywords":null,"keyphrases":{"focus":{"keyphrase":"","score":0,"analysis":{"keyphraseInTitle":{"score":0,"maxScore":9,"error":1}}},"additional":[]},"primary_term":null,"canonical_url":null,"og_title":null,"og_description":null,"og_object_type":"default","og_image_type":"default","og_image_url":null,"og_image_width":null,"og_image_height":null,"og_image_custom_url":null,"og_image_custom_fields":null,"og_video":"","og_custom_url":null,"og_article_section":null,"og_article_tags":null,"twitter_use_og":false,"twitter_card":"default","twitter_image_type":"default","twitter_image_url":null,"twitter_image_custom_url":null,"twitter_image_custom_fields":null,"twitter_title":null,"twitter_description":null,"schema":{"blockGraphs":[],"customGraphs":[],"default":{"data":{"Article":[],"Course":[],"Dataset":[],"FAQPage":[],"Movie":[],"Person":[],"Product":[],"ProductReview":[],"Car":[],"Recipe":[],"Service":[],"SoftwareApplication":[],"WebPage":[]},"graphName":"BlogPosting","isEnabled":true},"graphs":[]},"schema_type":"default","schema_type_options":null,"pillar_content":false,"robots_default":true,"robots_noindex":false,"robots_noarchive":false,"robots_nosnippet":false,"robots_nofollow":false,"robots_noimageindex":false,"robots_noodp":false,"robots_notranslate":false,"robots_max_snippet":"-1","robots_max_videopreview":"-1","robots_max_imagepreview":"large","priority":null,"frequency":"default","local_seo":null,"breadcrumb_settings":null,"limit_modified_date":false,"ai":{"faqs":[],"keyPoints":[],"schemas":[],"titles":[],"descriptions":[],"socialPosts":{"email":{"subject":"","preview":"","content":""},"linkedin":[],"twitter":[],"facebook":[],"instagram":[]}},"created":"2026-09-04 21:59:24","updated":"2026-09-05 20:23:24","seo_analyzer_scan_date":null,"focus_keyword":null,"additional_keywords":null,"truseo_locale":null},"aioseo_breadcrumb":"<div class=\"aioseo-breadcrumbs\"><span class=\"aioseo-breadcrumb\">\n\t\t\t<a href=\"https:\/\/lavozdelagente.com.ar\/index\" title=\"Home\">Home<\/a>\n\t\t<\/span><span class=\"aioseo-breadcrumb-separator\">&raquo;<\/span><span class=\"aioseo-breadcrumb\">\n\t\t\t<a href=\"https:\/\/lavozdelagente.com.ar\/index\/category\/varios\/\" title=\"Varios\">Varios<\/a>\n\t\t<\/span><span class=\"aioseo-breadcrumb-separator\">&raquo;<\/span><span class=\"aioseo-breadcrumb\">\n\t\t\tEntra en vigencia el nuevo r\u00e9gimen penal juvenil: qu\u00e9 cambios establece la baja de imputabilidad desde los 14 a\u00f1os\n\t\t<\/span><\/div>","aioseo_breadcrumb_json":[{"label":"Home","link":"https:\/\/lavozdelagente.com.ar\/index"},{"label":"Varios","link":"https:\/\/lavozdelagente.com.ar\/index\/category\/varios\/"},{"label":"Entra en vigencia el nuevo r\u00e9gimen penal juvenil: qu\u00e9 cambios establece la baja de imputabilidad desde los 14 a\u00f1os","link":"https:\/\/lavozdelagente.com.ar\/index\/2026\/09\/04\/entra-en-vigencia-el-nuevo-regimen-penal-juvenil-que-cambios-establece-la-baja-de-imputabilidad-desde-los-14-anos\/"}],"rttpg_featured_image_url":{"full":["https:\/\/lavozdelagente.com.ar\/wp-content\/uploads\/2026\/09\/detenc.jpg",1024,576,false],"landscape":["https:\/\/lavozdelagente.com.ar\/wp-content\/uploads\/2026\/09\/detenc.jpg",1024,576,false],"portraits":["https:\/\/lavozdelagente.com.ar\/wp-content\/uploads\/2026\/09\/detenc.jpg",1024,576,false],"thumbnail":["https:\/\/lavozdelagente.com.ar\/wp-content\/uploads\/2026\/09\/detenc-150x150.jpg",150,150,true],"medium":["https:\/\/lavozdelagente.com.ar\/wp-content\/uploads\/2026\/09\/detenc-300x169.jpg",300,169,true],"large":["https:\/\/lavozdelagente.com.ar\/wp-content\/uploads\/2026\/09\/detenc.jpg",800,450,false],"1536x1536":["https:\/\/lavozdelagente.com.ar\/wp-content\/uploads\/2026\/09\/detenc.jpg",1024,576,false],"2048x2048":["https:\/\/lavozdelagente.com.ar\/wp-content\/uploads\/2026\/09\/detenc.jpg",1024,576,false],"colormag-highlighted-post":["https:\/\/lavozdelagente.com.ar\/wp-content\/uploads\/2026\/09\/detenc-392x272.jpg",392,272,true],"colormag-featured-post-medium":["https:\/\/lavozdelagente.com.ar\/wp-content\/uploads\/2026\/09\/detenc-390x205.jpg",390,205,true],"colormag-featured-post-small":["https:\/\/lavozdelagente.com.ar\/wp-content\/uploads\/2026\/09\/detenc-130x90.jpg",130,90,true],"colormag-featured-image":["https:\/\/lavozdelagente.com.ar\/wp-content\/uploads\/2026\/09\/detenc-800x445.jpg",800,445,true],"colormag-default-news":["https:\/\/lavozdelagente.com.ar\/wp-content\/uploads\/2026\/09\/detenc-150x150.jpg",150,150,true],"colormag-featured-image-large":["https:\/\/lavozdelagente.com.ar\/wp-content\/uploads\/2026\/09\/detenc.jpg",1024,576,false]},"rttpg_author":{"display_name":"rober","author_link":"https:\/\/lavozdelagente.com.ar\/index\/author\/rober\/"},"rttpg_comment":0,"rttpg_category":"<a href=\"https:\/\/lavozdelagente.com.ar\/index\/category\/varios\/\" rel=\"category tag\">Varios<\/a>","rttpg_excerpt":"El nuevo r\u00e9gimen penal juvenil, que establece la baja de la imputabilidad para menores a partir de los 14 a\u00f1os","_links":{"self":[{"href":"https:\/\/lavozdelagente.com.ar\/index\/wp-json\/wp\/v2\/posts\/3658","targetHints":{"allow":["GET"]}}],"collection":[{"href":"https:\/\/lavozdelagente.com.ar\/index\/wp-json\/wp\/v2\/posts"}],"about":[{"href":"https:\/\/lavozdelagente.com.ar\/index\/wp-json\/wp\/v2\/types\/post"}],"author":[{"embeddable":true,"href":"https:\/\/lavozdelagente.com.ar\/index\/wp-json\/wp\/v2\/users\/2"}],"replies":[{"embeddable":true,"href":"https:\/\/lavozdelagente.com.ar\/index\/wp-json\/wp\/v2\/comments?post=3658"}],"version-history":[{"count":1,"href":"https:\/\/lavozdelagente.com.ar\/index\/wp-json\/wp\/v2\/posts\/3658\/revisions"}],"predecessor-version":[{"id":3660,"href":"https:\/\/lavozdelagente.com.ar\/index\/wp-json\/wp\/v2\/posts\/3658\/revisions\/3660"}],"wp:featuredmedia":[{"embeddable":true,"href":"https:\/\/lavozdelagente.com.ar\/index\/wp-json\/wp\/v2\/media\/3659"}],"wp:attachment":[{"href":"https:\/\/lavozdelagente.com.ar\/index\/wp-json\/wp\/v2\/media?parent=3658"}],"wp:term":[{"taxonomy":"category","embeddable":true,"href":"https:\/\/lavozdelagente.com.ar\/index\/wp-json\/wp\/v2\/categories?post=3658"},{"taxonomy":"post_tag","embeddable":true,"href":"https:\/\/lavozdelagente.com.ar\/index\/wp-json\/wp\/v2\/tags?post=3658"}],"curies":[{"name":"wp","href":"https:\/\/api.w.org\/{rel}","templated":true}]}}