{"id":3661,"date":"2026-09-04T22:01:09","date_gmt":"2026-09-04T22:01:09","guid":{"rendered":"https:\/\/lavozdelagente.com.ar\/index\/?p=3661"},"modified":"2026-09-04T22:01:09","modified_gmt":"2026-09-04T22:01:09","slug":"mieloma-multiple-pacientes-senalan-que-vivir-mejor-debe-ser-una-prioridad","status":"publish","type":"post","link":"https:\/\/lavozdelagente.com.ar\/index\/2026\/09\/04\/mieloma-multiple-pacientes-senalan-que-vivir-mejor-debe-ser-una-prioridad\/","title":{"rendered":"Mieloma m\u00faltiple: pacientes se\u00f1alan que vivir mejor debe ser una prioridad"},"content":{"rendered":"<p>El mieloma afecta a las c\u00e9lulas plasm\u00e1ticas (un tipo de gl\u00f3bulo blanco) en la m\u00e9dula \u00f3sea, es el segundo c\u00e1ncer de la sangre m\u00e1s frecuente a nivel mundial, por lo general marcado por complicaciones \u00f3seas, anemia, insuficiencia renal y un impacto sostenido en la calidad de vida y suele diagnosticarse en mayores de 65 a\u00f1os.<\/p>\n<p>As\u00ed se indic\u00f3 en un informe al que accedi\u00f3 la Agencia Noticias Argentinas en el cual se detall\u00f3 tambi\u00e9n que, al presentar s\u00edntomas inespec\u00edficos -como dolores \u00f3seos, fatiga o anemia-, su diagn\u00f3stico suele ser tard\u00edo, lo que complica el inicio del tratamiento adecuado.<\/p>\n<p>Desde la Fundaci\u00f3n Argentina de Mieloma (FAM) afirman que los grandes avances registrados en el manejo del mieloma m\u00faltiple en los \u00faltimos a\u00f1os est\u00e1n poniendo en primer plano una dimensi\u00f3n cada vez m\u00e1s relevante: qu\u00e9 esperan los pacientes de sus tratamientos y cu\u00e1nto interfieren estos en su vida cotidiana.<\/p>\n<p>Sobre este aspecto indag\u00f3 un nuevo estudio publicado en el British Journal of Haematology, que compar\u00f3 las prioridades de 117 pacientes con mieloma m\u00faltiple y 105 profesionales de la salud y mostr\u00f3 que la calidad de vida fue considerada el resultado m\u00e1s importante por ambos grupos.<\/p>\n<p>Sin embargo, al profundizar en las respuestas surgieron diferencias: mientras los profesionales otorgaron comparativamente mayor importancia a variables cl\u00ednicas como la sobrevida global y la sobrevida libre de progresi\u00f3n, los pacientes priorizaron, entre otros aspectos, la reducci\u00f3n del dolor.<\/p>\n<p>Evaluar la eficacia de los tratamientos<br \/>\nAdem\u00e1s, se analizaron los criterios para evaluar eficacia de los tratamientos en los ensayos cl\u00ednicos y se encontr\u00f3 que, mientras se tiende a poner el foco en par\u00e1metros como la respuesta parcial o completa y la sobrevida libre de progresi\u00f3n, para los pacientes adquieren especial importancia resultados relacionados con c\u00f3mo se sienten y c\u00f3mo pueden desarrollar su vida.<\/p>\n<p>\u201cDurante mucho tiempo, al hablar de los avances en mieloma, la conversaci\u00f3n se concentraba en cu\u00e1nto se lograba controlar la enfermedad. Por supuesto que eso sigue siendo esencial, pero para quien convive durante a\u00f1os con un c\u00e1ncer tambi\u00e9n importa much\u00edsimo c\u00f3mo son esos a\u00f1os\u201d, se\u00f1al\u00f3 Mariana Auad, vicepresidenta y coordinadora general de la Fundaci\u00f3n Argentina de Mieloma (FAM).<\/p>\n<p>Asimismo, a\u00f1adi\u00f3: \u201cPoder levantarse sin dolor, mantener autonom\u00eda, trabajar si lo desea, compartir tiempo con su familia o poder organizar su d\u00eda -sin que todo gire alrededor de la enfermedad- son aspectos enormemente valiosos para un paciente. En ese contexto, se encuentra tambi\u00e9n que la carga administrativa de la gesti\u00f3n de los tratamientos no agrave la enfermedad\u201d.<\/p>\n<p>\u201cAunque el mieloma m\u00faltiple todav\u00eda no se considera una enfermedad curable en la mayor\u00eda de los casos, hoy contamos con un n\u00famero creciente de tratamientos que nos permiten controlar la enfermedad durante per\u00edodos cada vez m\u00e1s prolongados y lograr respuestas m\u00e1s profundas\u201d, explic\u00f3 la Dra. Dorotea Fantl, m\u00e9dica hemat\u00f3loga del Hospital Italiano de Buenos Aires e integrante del Consejo Asesor de FAM.<\/p>\n<p>La especialista agreg\u00f3: \u201cMuchos pacientes recibir\u00e1n diferentes tratamientos a lo largo de su enfermedad, por lo que ya no debemos pensar \u00fanicamente en controlar el mieloma, sino tambi\u00e9n en preservar la calidad de vida y elegir, en cada momento, la estrategia m\u00e1s adecuada para cada persona, teniendo en cuenta sus caracter\u00edsticas, sus necesidades y su tolerancia al tratamiento\u00bb.<\/p>\n<p>Cuando el tratamiento condiciona la vida cotidiana<br \/>\n\u201cLa decisi\u00f3n terap\u00e9utica debe considerar la eficacia y la seguridad del tratamiento, las caracter\u00edsticas de la enfermedad, los tratamientos previos y las comorbilidades, pero tambi\u00e9n las preferencias y las posibilidades concretas de cada paciente. El impacto del tratamiento en la vida cotidiana es un aspecto fundamental: debemos buscar no solo controlar la enfermedad, sino tambi\u00e9n preservar la calidad de vida y permitir que la persona pueda mantener, en la medida de lo posible, sus actividades, su autonom\u00eda y sus proyectos\u201d, explic\u00f3 la Dra. Fantl.<\/p>\n<p>Por su lado, Mariana Auad dijo: \u201cLos traslados hasta un centro de salud, el tiempo de espera, la frecuencia de los controles y la necesidad de reorganizar compromisos pueden representar una carga adicional que no siempre se ve reflejada al evaluar solo la respuesta cl\u00ednica a un tratamiento, y -en este sentido- se debe resaltar que un auditor no puede pretender cambiar la indicaci\u00f3n del m\u00e9dico tratante, que es quien justamente eval\u00faa las caracter\u00edsticas del paciente en su totalidad\u201d.<\/p>\n<p>A diferencia de algunos tumores para los que puede existir un \u00fanico per\u00edodo de tratamiento, muchos pacientes con mieloma atraviesan diferentes etapas de la enfermedad y pueden requerir distintas l\u00edneas terap\u00e9uticas -inclusive combinaciones de distintas familias de drogas- a lo largo de los a\u00f1os.<\/p>\n<p>El notable desarrollo registrado en las \u00faltimas d\u00e9cadas ampli\u00f3 las posibilidades de tratamiento, lo que permite individualizar el abordaje, volviendo m\u00e1s espec\u00edfico el an\u00e1lisis de cu\u00e1l es la alternativa m\u00e1s conveniente para cada paciente y c\u00f3mo ser\u00e1 su recorrido terap\u00e9utico. \u201cEl desaf\u00edo es combinar la m\u00e1xima eficacia posible con un tratamiento que sea tolerable y pueda sostenerse en el tiempo\u201d, agreg\u00f3 la Dra. Fantl.<\/p>\n<p>Desde la Fundaci\u00f3n Argentina de Mieloma remarcaron, adem\u00e1s, la importancia de que el paciente tenga informaci\u00f3n suficiente para participar de esas conversaciones y pueda plantear al equipo tratante sus prioridades, preocupaciones y dificultades: \u00abPreguntar c\u00f3mo impactar\u00e1 un tratamiento en su vida, cu\u00e1nto tiempo demandar\u00e1, qu\u00e9 efectos puede generar o si existen otras alternativas. Esto no significa cuestionar al m\u00e9dico, sino participar de las decisiones sobre la propia salud\u201d.<\/p>\n<p>Agencia NA<\/p>\n","protected":false},"excerpt":{"rendered":"<p>El mieloma afecta a las c\u00e9lulas plasm\u00e1ticas (un tipo de gl\u00f3bulo blanco) en la m\u00e9dula \u00f3sea, es el segundo c\u00e1ncer<\/p>\n","protected":false},"author":2,"featured_media":3662,"comment_status":"open","ping_status":"open","sticky":false,"template":"","format":"standard","meta":{"colormag_page_container_layout":"default_layout","colormag_page_sidebar_layout":"default_layout","om_disable_all_campaigns":false,"_monsterinsights_skip_tracking":false,"footnotes":""},"categories":[6],"tags":[],"class_list":["post-3661","post","type-post","status-publish","format-standard","has-post-thumbnail","hentry","category-varios"],"aioseo_notices":[],"aioseo_head":"\n\t\t<!-- All in One SEO 5.0.1.1 - aioseo.com -->\n\t<meta name=\"description\" content=\"El mieloma afecta a las c\u00e9lulas plasm\u00e1ticas (un tipo de gl\u00f3bulo blanco) en la m\u00e9dula \u00f3sea, es el segundo c\u00e1ncer de la sangre m\u00e1s frecuente a nivel mundial, por lo general marcado por complicaciones \u00f3seas, anemia, insuficiencia renal y un impacto sostenido en la calidad de vida y suele diagnosticarse en mayores de 65 a\u00f1os.\" \/>\n\t<meta name=\"robots\" content=\"max-image-preview:large\" \/>\n\t<meta name=\"author\" content=\"rober\"\/>\n\t<meta name=\"google-site-verification\" content=\"dJHDh1fUzR1o-UwpFfn1JyiF-0R1LCNFZReSb-gbgcE\" \/>\n\t<link rel=\"canonical\" href=\"https:\/\/lavozdelagente.com.ar\/index\/2026\/09\/04\/mieloma-multiple-pacientes-senalan-que-vivir-mejor-debe-ser-una-prioridad\/\" \/>\n\t<meta name=\"generator\" content=\"All in One SEO (AIOSEO) 5.0.1.1\" \/>\n\t\t<meta property=\"og:locale\" content=\"es_ES\" \/>\n\t\t<meta property=\"og:site_name\" content=\"LA VOZ DE LA GENTE - SDE\" \/>\n\t\t<meta property=\"og:type\" content=\"article\" \/>\n\t\t<meta property=\"og:title\" content=\"Mieloma m\u00faltiple: pacientes se\u00f1alan que vivir mejor debe ser una prioridad - LA VOZ DE LA GENTE\" \/>\n\t\t<meta property=\"og:description\" content=\"El mieloma afecta a las c\u00e9lulas plasm\u00e1ticas (un tipo de gl\u00f3bulo blanco) en la m\u00e9dula \u00f3sea, es el segundo c\u00e1ncer de la sangre m\u00e1s frecuente a nivel mundial, por lo general marcado por complicaciones \u00f3seas, anemia, insuficiencia renal y un impacto sostenido en la calidad de vida y suele diagnosticarse en mayores de 65 a\u00f1os.\" \/>\n\t\t<meta property=\"og:url\" content=\"https:\/\/lavozdelagente.com.ar\/index\/2026\/09\/04\/mieloma-multiple-pacientes-senalan-que-vivir-mejor-debe-ser-una-prioridad\/\" \/>\n\t\t<meta property=\"article:published_time\" content=\"2026-09-04T22:01:09+00:00\" \/>\n\t\t<meta property=\"article:modified_time\" content=\"2026-09-04T22:01:09+00:00\" \/>\n\t\t<meta name=\"twitter:card\" content=\"summary_large_image\" \/>\n\t\t<meta name=\"twitter:title\" content=\"Mieloma m\u00faltiple: pacientes se\u00f1alan que vivir mejor debe ser una prioridad - LA VOZ DE LA GENTE\" \/>\n\t\t<meta name=\"twitter:description\" content=\"El mieloma afecta a las c\u00e9lulas plasm\u00e1ticas (un tipo de gl\u00f3bulo blanco) en la m\u00e9dula \u00f3sea, es el segundo c\u00e1ncer de la sangre m\u00e1s frecuente a nivel mundial, por lo general marcado por complicaciones \u00f3seas, anemia, insuficiencia renal y un impacto sostenido en la calidad de vida y suele diagnosticarse en mayores de 65 a\u00f1os.\" \/>\n\t\t<script type=\"application\/ld+json\" class=\"aioseo-schema\">\n\t\t\t{\"@context\":\"https:\\\/\\\/schema.org\",\"@graph\":[{\"@type\":\"BlogPosting\",\"@id\":\"https:\\\/\\\/lavozdelagente.com.ar\\\/index\\\/2026\\\/09\\\/04\\\/mieloma-multiple-pacientes-senalan-que-vivir-mejor-debe-ser-una-prioridad\\\/#blogposting\",\"name\":\"Mieloma m\\u00faltiple: pacientes se\\u00f1alan que vivir mejor debe ser una prioridad - LA VOZ DE LA GENTE\",\"headline\":\"Mieloma m\\u00faltiple: pacientes se\\u00f1alan que vivir mejor debe ser una prioridad\",\"author\":{\"@id\":\"https:\\\/\\\/lavozdelagente.com.ar\\\/index\\\/author\\\/rober\\\/#author\"},\"publisher\":{\"@id\":\"https:\\\/\\\/lavozdelagente.com.ar\\\/index\\\/#person\"},\"image\":{\"@type\":\"ImageObject\",\"url\":\"https:\\\/\\\/lavozdelagente.com.ar\\\/wp-content\\\/uploads\\\/2026\\\/09\\\/Mieloma.webp\",\"width\":640,\"height\":360},\"datePublished\":\"2026-09-04T22:01:09+00:00\",\"dateModified\":\"2026-09-04T22:01:09+00:00\",\"inLanguage\":\"es-ES\",\"mainEntityOfPage\":{\"@id\":\"https:\\\/\\\/lavozdelagente.com.ar\\\/index\\\/2026\\\/09\\\/04\\\/mieloma-multiple-pacientes-senalan-que-vivir-mejor-debe-ser-una-prioridad\\\/#webpage\"},\"isPartOf\":{\"@id\":\"https:\\\/\\\/lavozdelagente.com.ar\\\/index\\\/2026\\\/09\\\/04\\\/mieloma-multiple-pacientes-senalan-que-vivir-mejor-debe-ser-una-prioridad\\\/#webpage\"},\"articleSection\":\"Varios\"},{\"@type\":\"BreadcrumbList\",\"@id\":\"https:\\\/\\\/lavozdelagente.com.ar\\\/index\\\/2026\\\/09\\\/04\\\/mieloma-multiple-pacientes-senalan-que-vivir-mejor-debe-ser-una-prioridad\\\/#breadcrumblist\",\"itemListElement\":[{\"@type\":\"ListItem\",\"@id\":\"https:\\\/\\\/lavozdelagente.com.ar\\\/index#listItem\",\"position\":1,\"name\":\"Home\",\"item\":\"https:\\\/\\\/lavozdelagente.com.ar\\\/index\",\"nextItem\":{\"@type\":\"ListItem\",\"@id\":\"https:\\\/\\\/lavozdelagente.com.ar\\\/index\\\/category\\\/varios\\\/#listItem\",\"name\":\"Varios\"}},{\"@type\":\"ListItem\",\"@id\":\"https:\\\/\\\/lavozdelagente.com.ar\\\/index\\\/category\\\/varios\\\/#listItem\",\"position\":2,\"name\":\"Varios\",\"item\":\"https:\\\/\\\/lavozdelagente.com.ar\\\/index\\\/category\\\/varios\\\/\",\"nextItem\":{\"@type\":\"ListItem\",\"@id\":\"https:\\\/\\\/lavozdelagente.com.ar\\\/index\\\/2026\\\/09\\\/04\\\/mieloma-multiple-pacientes-senalan-que-vivir-mejor-debe-ser-una-prioridad\\\/#listItem\",\"name\":\"Mieloma m\\u00faltiple: pacientes se\\u00f1alan que vivir mejor debe ser una prioridad\"},\"previousItem\":{\"@type\":\"ListItem\",\"@id\":\"https:\\\/\\\/lavozdelagente.com.ar\\\/index#listItem\",\"name\":\"Home\"}},{\"@type\":\"ListItem\",\"@id\":\"https:\\\/\\\/lavozdelagente.com.ar\\\/index\\\/2026\\\/09\\\/04\\\/mieloma-multiple-pacientes-senalan-que-vivir-mejor-debe-ser-una-prioridad\\\/#listItem\",\"position\":3,\"name\":\"Mieloma m\\u00faltiple: pacientes se\\u00f1alan que vivir mejor debe ser una prioridad\",\"previousItem\":{\"@type\":\"ListItem\",\"@id\":\"https:\\\/\\\/lavozdelagente.com.ar\\\/index\\\/category\\\/varios\\\/#listItem\",\"name\":\"Varios\"}}]},{\"@type\":\"Person\",\"@id\":\"https:\\\/\\\/lavozdelagente.com.ar\\\/index\\\/author\\\/rober\\\/#author\",\"url\":\"https:\\\/\\\/lavozdelagente.com.ar\\\/index\\\/author\\\/rober\\\/\",\"name\":\"rober\",\"image\":{\"@type\":\"ImageObject\",\"@id\":\"https:\\\/\\\/lavozdelagente.com.ar\\\/index\\\/2026\\\/09\\\/04\\\/mieloma-multiple-pacientes-senalan-que-vivir-mejor-debe-ser-una-prioridad\\\/#authorImage\",\"url\":\"https:\\\/\\\/secure.gravatar.com\\\/avatar\\\/901a62cd098b11a08c5fe38d2de0f8ad6b745f5d4f6413ad71e1630ac07766e0?s=96&d=mm&r=g\",\"width\":96,\"height\":96,\"caption\":\"rober\"}},{\"@type\":\"WebPage\",\"@id\":\"https:\\\/\\\/lavozdelagente.com.ar\\\/index\\\/2026\\\/09\\\/04\\\/mieloma-multiple-pacientes-senalan-que-vivir-mejor-debe-ser-una-prioridad\\\/#webpage\",\"url\":\"https:\\\/\\\/lavozdelagente.com.ar\\\/index\\\/2026\\\/09\\\/04\\\/mieloma-multiple-pacientes-senalan-que-vivir-mejor-debe-ser-una-prioridad\\\/\",\"name\":\"Mieloma m\\u00faltiple: pacientes se\\u00f1alan que vivir mejor debe ser una prioridad - LA VOZ DE LA GENTE\",\"description\":\"El mieloma afecta a las c\\u00e9lulas plasm\\u00e1ticas (un tipo de gl\\u00f3bulo blanco) en la m\\u00e9dula \\u00f3sea, es el segundo c\\u00e1ncer de la sangre m\\u00e1s frecuente a nivel mundial, por lo general marcado por complicaciones \\u00f3seas, anemia, insuficiencia renal y un impacto sostenido en la calidad de vida y suele diagnosticarse en mayores de 65 a\\u00f1os.\",\"inLanguage\":\"es-ES\",\"isPartOf\":{\"@id\":\"https:\\\/\\\/lavozdelagente.com.ar\\\/index\\\/#website\"},\"breadcrumb\":{\"@id\":\"https:\\\/\\\/lavozdelagente.com.ar\\\/index\\\/2026\\\/09\\\/04\\\/mieloma-multiple-pacientes-senalan-que-vivir-mejor-debe-ser-una-prioridad\\\/#breadcrumblist\"},\"author\":{\"@id\":\"https:\\\/\\\/lavozdelagente.com.ar\\\/index\\\/author\\\/rober\\\/#author\"},\"creator\":{\"@id\":\"https:\\\/\\\/lavozdelagente.com.ar\\\/index\\\/author\\\/rober\\\/#author\"},\"image\":{\"@type\":\"ImageObject\",\"url\":\"https:\\\/\\\/lavozdelagente.com.ar\\\/wp-content\\\/uploads\\\/2026\\\/09\\\/Mieloma.webp\",\"@id\":\"https:\\\/\\\/lavozdelagente.com.ar\\\/index\\\/2026\\\/09\\\/04\\\/mieloma-multiple-pacientes-senalan-que-vivir-mejor-debe-ser-una-prioridad\\\/#mainImage\",\"width\":640,\"height\":360},\"primaryImageOfPage\":{\"@id\":\"https:\\\/\\\/lavozdelagente.com.ar\\\/index\\\/2026\\\/09\\\/04\\\/mieloma-multiple-pacientes-senalan-que-vivir-mejor-debe-ser-una-prioridad\\\/#mainImage\"},\"datePublished\":\"2026-09-04T22:01:09+00:00\",\"dateModified\":\"2026-09-04T22:01:09+00:00\"},{\"@type\":\"WebSite\",\"@id\":\"https:\\\/\\\/lavozdelagente.com.ar\\\/index\\\/#website\",\"url\":\"https:\\\/\\\/lavozdelagente.com.ar\\\/index\\\/\",\"name\":\"LA VOZ DE LA GENTE\",\"description\":\"SDE\",\"inLanguage\":\"es-ES\",\"publisher\":{\"@id\":\"https:\\\/\\\/lavozdelagente.com.ar\\\/index\\\/#person\"}}]}\n\t\t<\/script>\n\t\t<!-- All in One SEO -->\n\n","aioseo_head_json":{"title":"Mieloma m\u00faltiple: pacientes se\u00f1alan que vivir mejor debe ser una prioridad - LA VOZ DE LA GENTE","description":"El mieloma afecta a las c\u00e9lulas plasm\u00e1ticas (un tipo de gl\u00f3bulo blanco) en la m\u00e9dula \u00f3sea, es el segundo c\u00e1ncer de la sangre m\u00e1s frecuente a nivel mundial, por lo general marcado por complicaciones \u00f3seas, anemia, insuficiencia renal y un impacto sostenido en la calidad de vida y suele diagnosticarse en mayores de 65 a\u00f1os.","canonical_url":"https:\/\/lavozdelagente.com.ar\/index\/2026\/09\/04\/mieloma-multiple-pacientes-senalan-que-vivir-mejor-debe-ser-una-prioridad\/","robots":"max-image-preview:large","keywords":"","webmasterTools":{"google-site-verification":"dJHDh1fUzR1o-UwpFfn1JyiF-0R1LCNFZReSb-gbgcE","miscellaneous":""},"schema":{"@context":"https:\/\/schema.org","@graph":[{"@type":"BlogPosting","@id":"https:\/\/lavozdelagente.com.ar\/index\/2026\/09\/04\/mieloma-multiple-pacientes-senalan-que-vivir-mejor-debe-ser-una-prioridad\/#blogposting","name":"Mieloma m\u00faltiple: pacientes se\u00f1alan que vivir mejor debe ser una prioridad - LA VOZ DE LA GENTE","headline":"Mieloma m\u00faltiple: pacientes se\u00f1alan que vivir mejor debe ser una prioridad","author":{"@id":"https:\/\/lavozdelagente.com.ar\/index\/author\/rober\/#author"},"publisher":{"@id":"https:\/\/lavozdelagente.com.ar\/index\/#person"},"image":{"@type":"ImageObject","url":"https:\/\/lavozdelagente.com.ar\/wp-content\/uploads\/2026\/09\/Mieloma.webp","width":640,"height":360},"datePublished":"2026-09-04T22:01:09+00:00","dateModified":"2026-09-04T22:01:09+00:00","inLanguage":"es-ES","mainEntityOfPage":{"@id":"https:\/\/lavozdelagente.com.ar\/index\/2026\/09\/04\/mieloma-multiple-pacientes-senalan-que-vivir-mejor-debe-ser-una-prioridad\/#webpage"},"isPartOf":{"@id":"https:\/\/lavozdelagente.com.ar\/index\/2026\/09\/04\/mieloma-multiple-pacientes-senalan-que-vivir-mejor-debe-ser-una-prioridad\/#webpage"},"articleSection":"Varios"},{"@type":"BreadcrumbList","@id":"https:\/\/lavozdelagente.com.ar\/index\/2026\/09\/04\/mieloma-multiple-pacientes-senalan-que-vivir-mejor-debe-ser-una-prioridad\/#breadcrumblist","itemListElement":[{"@type":"ListItem","@id":"https:\/\/lavozdelagente.com.ar\/index#listItem","position":1,"name":"Home","item":"https:\/\/lavozdelagente.com.ar\/index","nextItem":{"@type":"ListItem","@id":"https:\/\/lavozdelagente.com.ar\/index\/category\/varios\/#listItem","name":"Varios"}},{"@type":"ListItem","@id":"https:\/\/lavozdelagente.com.ar\/index\/category\/varios\/#listItem","position":2,"name":"Varios","item":"https:\/\/lavozdelagente.com.ar\/index\/category\/varios\/","nextItem":{"@type":"ListItem","@id":"https:\/\/lavozdelagente.com.ar\/index\/2026\/09\/04\/mieloma-multiple-pacientes-senalan-que-vivir-mejor-debe-ser-una-prioridad\/#listItem","name":"Mieloma m\u00faltiple: pacientes se\u00f1alan que vivir mejor debe ser una prioridad"},"previousItem":{"@type":"ListItem","@id":"https:\/\/lavozdelagente.com.ar\/index#listItem","name":"Home"}},{"@type":"ListItem","@id":"https:\/\/lavozdelagente.com.ar\/index\/2026\/09\/04\/mieloma-multiple-pacientes-senalan-que-vivir-mejor-debe-ser-una-prioridad\/#listItem","position":3,"name":"Mieloma m\u00faltiple: pacientes se\u00f1alan que vivir mejor debe ser una prioridad","previousItem":{"@type":"ListItem","@id":"https:\/\/lavozdelagente.com.ar\/index\/category\/varios\/#listItem","name":"Varios"}}]},{"@type":"Person","@id":"https:\/\/lavozdelagente.com.ar\/index\/author\/rober\/#author","url":"https:\/\/lavozdelagente.com.ar\/index\/author\/rober\/","name":"rober","image":{"@type":"ImageObject","@id":"https:\/\/lavozdelagente.com.ar\/index\/2026\/09\/04\/mieloma-multiple-pacientes-senalan-que-vivir-mejor-debe-ser-una-prioridad\/#authorImage","url":"https:\/\/secure.gravatar.com\/avatar\/901a62cd098b11a08c5fe38d2de0f8ad6b745f5d4f6413ad71e1630ac07766e0?s=96&d=mm&r=g","width":96,"height":96,"caption":"rober"}},{"@type":"WebPage","@id":"https:\/\/lavozdelagente.com.ar\/index\/2026\/09\/04\/mieloma-multiple-pacientes-senalan-que-vivir-mejor-debe-ser-una-prioridad\/#webpage","url":"https:\/\/lavozdelagente.com.ar\/index\/2026\/09\/04\/mieloma-multiple-pacientes-senalan-que-vivir-mejor-debe-ser-una-prioridad\/","name":"Mieloma m\u00faltiple: pacientes se\u00f1alan que vivir mejor debe ser una prioridad - LA VOZ DE LA GENTE","description":"El mieloma afecta a las c\u00e9lulas plasm\u00e1ticas (un tipo de gl\u00f3bulo blanco) en la m\u00e9dula \u00f3sea, es el segundo c\u00e1ncer de la sangre m\u00e1s frecuente a nivel mundial, por lo general marcado por complicaciones \u00f3seas, anemia, insuficiencia renal y un impacto sostenido en la calidad de vida y suele diagnosticarse en mayores de 65 a\u00f1os.","inLanguage":"es-ES","isPartOf":{"@id":"https:\/\/lavozdelagente.com.ar\/index\/#website"},"breadcrumb":{"@id":"https:\/\/lavozdelagente.com.ar\/index\/2026\/09\/04\/mieloma-multiple-pacientes-senalan-que-vivir-mejor-debe-ser-una-prioridad\/#breadcrumblist"},"author":{"@id":"https:\/\/lavozdelagente.com.ar\/index\/author\/rober\/#author"},"creator":{"@id":"https:\/\/lavozdelagente.com.ar\/index\/author\/rober\/#author"},"image":{"@type":"ImageObject","url":"https:\/\/lavozdelagente.com.ar\/wp-content\/uploads\/2026\/09\/Mieloma.webp","@id":"https:\/\/lavozdelagente.com.ar\/index\/2026\/09\/04\/mieloma-multiple-pacientes-senalan-que-vivir-mejor-debe-ser-una-prioridad\/#mainImage","width":640,"height":360},"primaryImageOfPage":{"@id":"https:\/\/lavozdelagente.com.ar\/index\/2026\/09\/04\/mieloma-multiple-pacientes-senalan-que-vivir-mejor-debe-ser-una-prioridad\/#mainImage"},"datePublished":"2026-09-04T22:01:09+00:00","dateModified":"2026-09-04T22:01:09+00:00"},{"@type":"WebSite","@id":"https:\/\/lavozdelagente.com.ar\/index\/#website","url":"https:\/\/lavozdelagente.com.ar\/index\/","name":"LA VOZ DE LA GENTE","description":"SDE","inLanguage":"es-ES","publisher":{"@id":"https:\/\/lavozdelagente.com.ar\/index\/#person"}}]},"og:locale":"es_ES","og:site_name":"LA VOZ DE LA GENTE - SDE","og:type":"article","og:title":"Mieloma m\u00faltiple: pacientes se\u00f1alan que vivir mejor debe ser una prioridad - LA VOZ DE LA GENTE","og:description":"El mieloma afecta a las c\u00e9lulas plasm\u00e1ticas (un tipo de gl\u00f3bulo blanco) en la m\u00e9dula \u00f3sea, es el segundo c\u00e1ncer de la sangre m\u00e1s frecuente a nivel mundial, por lo general marcado por complicaciones \u00f3seas, anemia, insuficiencia renal y un impacto sostenido en la calidad de vida y suele diagnosticarse en mayores de 65 a\u00f1os.","og:url":"https:\/\/lavozdelagente.com.ar\/index\/2026\/09\/04\/mieloma-multiple-pacientes-senalan-que-vivir-mejor-debe-ser-una-prioridad\/","article:published_time":"2026-09-04T22:01:09+00:00","article:modified_time":"2026-09-04T22:01:09+00:00","twitter:card":"summary_large_image","twitter:title":"Mieloma m\u00faltiple: pacientes se\u00f1alan que vivir mejor debe ser una prioridad - LA VOZ DE LA GENTE","twitter:description":"El mieloma afecta a las c\u00e9lulas plasm\u00e1ticas (un tipo de gl\u00f3bulo blanco) en la m\u00e9dula \u00f3sea, es el segundo c\u00e1ncer de la sangre m\u00e1s frecuente a nivel mundial, por lo general marcado por complicaciones \u00f3seas, anemia, insuficiencia renal y un impacto sostenido en la calidad de vida y suele diagnosticarse en mayores de 65 a\u00f1os."},"aioseo_meta_data":{"post_id":"3661","title":null,"description":null,"keywords":null,"keyphrases":{"focus":{"keyphrase":"","score":0,"analysis":{"keyphraseInTitle":{"score":0,"maxScore":9,"error":1}}},"additional":[]},"primary_term":null,"canonical_url":null,"og_title":null,"og_description":null,"og_object_type":"default","og_image_type":"default","og_image_url":null,"og_image_width":null,"og_image_height":null,"og_image_custom_url":null,"og_image_custom_fields":null,"og_video":"","og_custom_url":null,"og_article_section":null,"og_article_tags":null,"twitter_use_og":false,"twitter_card":"default","twitter_image_type":"default","twitter_image_url":null,"twitter_image_custom_url":null,"twitter_image_custom_fields":null,"twitter_title":null,"twitter_description":null,"schema":{"blockGraphs":[],"customGraphs":[],"default":{"data":{"Article":[],"Course":[],"Dataset":[],"FAQPage":[],"Movie":[],"Person":[],"Product":[],"ProductReview":[],"Car":[],"Recipe":[],"Service":[],"SoftwareApplication":[],"WebPage":[]},"graphName":"BlogPosting","isEnabled":true},"graphs":[]},"schema_type":"default","schema_type_options":null,"pillar_content":false,"robots_default":true,"robots_noindex":false,"robots_noarchive":false,"robots_nosnippet":false,"robots_nofollow":false,"robots_noimageindex":false,"robots_noodp":false,"robots_notranslate":false,"robots_max_snippet":"-1","robots_max_videopreview":"-1","robots_max_imagepreview":"large","priority":null,"frequency":"default","local_seo":null,"breadcrumb_settings":null,"limit_modified_date":false,"ai":{"faqs":[],"keyPoints":[],"schemas":[],"titles":[],"descriptions":[],"socialPosts":{"email":{"subject":"","preview":"","content":""},"linkedin":[],"twitter":[],"facebook":[],"instagram":[]}},"created":"2026-09-04 22:01:09","updated":"2026-09-05 20:23:24","seo_analyzer_scan_date":null,"focus_keyword":null,"additional_keywords":null,"truseo_locale":null},"aioseo_breadcrumb":"<div class=\"aioseo-breadcrumbs\"><span class=\"aioseo-breadcrumb\">\n\t\t\t<a href=\"https:\/\/lavozdelagente.com.ar\/index\" title=\"Home\">Home<\/a>\n\t\t<\/span><span class=\"aioseo-breadcrumb-separator\">&raquo;<\/span><span class=\"aioseo-breadcrumb\">\n\t\t\t<a href=\"https:\/\/lavozdelagente.com.ar\/index\/category\/varios\/\" title=\"Varios\">Varios<\/a>\n\t\t<\/span><span class=\"aioseo-breadcrumb-separator\">&raquo;<\/span><span class=\"aioseo-breadcrumb\">\n\t\t\tMieloma m\u00faltiple: pacientes se\u00f1alan que vivir mejor debe ser una prioridad\n\t\t<\/span><\/div>","aioseo_breadcrumb_json":[{"label":"Home","link":"https:\/\/lavozdelagente.com.ar\/index"},{"label":"Varios","link":"https:\/\/lavozdelagente.com.ar\/index\/category\/varios\/"},{"label":"Mieloma m\u00faltiple: pacientes se\u00f1alan que vivir mejor debe ser una prioridad","link":"https:\/\/lavozdelagente.com.ar\/index\/2026\/09\/04\/mieloma-multiple-pacientes-senalan-que-vivir-mejor-debe-ser-una-prioridad\/"}],"rttpg_featured_image_url":{"full":["https:\/\/lavozdelagente.com.ar\/wp-content\/uploads\/2026\/09\/Mieloma.webp",640,360,false],"landscape":["https:\/\/lavozdelagente.com.ar\/wp-content\/uploads\/2026\/09\/Mieloma.webp",640,360,false],"portraits":["https:\/\/lavozdelagente.com.ar\/wp-content\/uploads\/2026\/09\/Mieloma.webp",640,360,false],"thumbnail":["https:\/\/lavozdelagente.com.ar\/wp-content\/uploads\/2026\/09\/Mieloma-150x150.webp",150,150,true],"medium":["https:\/\/lavozdelagente.com.ar\/wp-content\/uploads\/2026\/09\/Mieloma-300x169.webp",300,169,true],"large":["https:\/\/lavozdelagente.com.ar\/wp-content\/uploads\/2026\/09\/Mieloma.webp",640,360,false],"1536x1536":["https:\/\/lavozdelagente.com.ar\/wp-content\/uploads\/2026\/09\/Mieloma.webp",640,360,false],"2048x2048":["https:\/\/lavozdelagente.com.ar\/wp-content\/uploads\/2026\/09\/Mieloma.webp",640,360,false],"colormag-highlighted-post":["https:\/\/lavozdelagente.com.ar\/wp-content\/uploads\/2026\/09\/Mieloma-392x272.webp",392,272,true],"colormag-featured-post-medium":["https:\/\/lavozdelagente.com.ar\/wp-content\/uploads\/2026\/09\/Mieloma-390x205.webp",390,205,true],"colormag-featured-post-small":["https:\/\/lavozdelagente.com.ar\/wp-content\/uploads\/2026\/09\/Mieloma-130x90.webp",130,90,true],"colormag-featured-image":["https:\/\/lavozdelagente.com.ar\/wp-content\/uploads\/2026\/09\/Mieloma.webp",640,360,false],"colormag-default-news":["https:\/\/lavozdelagente.com.ar\/wp-content\/uploads\/2026\/09\/Mieloma-150x150.webp",150,150,true],"colormag-featured-image-large":["https:\/\/lavozdelagente.com.ar\/wp-content\/uploads\/2026\/09\/Mieloma.webp",640,360,false]},"rttpg_author":{"display_name":"rober","author_link":"https:\/\/lavozdelagente.com.ar\/index\/author\/rober\/"},"rttpg_comment":0,"rttpg_category":"<a href=\"https:\/\/lavozdelagente.com.ar\/index\/category\/varios\/\" rel=\"category tag\">Varios<\/a>","rttpg_excerpt":"El mieloma afecta a las c\u00e9lulas plasm\u00e1ticas (un tipo de gl\u00f3bulo blanco) en la m\u00e9dula \u00f3sea, es el segundo c\u00e1ncer","_links":{"self":[{"href":"https:\/\/lavozdelagente.com.ar\/index\/wp-json\/wp\/v2\/posts\/3661","targetHints":{"allow":["GET"]}}],"collection":[{"href":"https:\/\/lavozdelagente.com.ar\/index\/wp-json\/wp\/v2\/posts"}],"about":[{"href":"https:\/\/lavozdelagente.com.ar\/index\/wp-json\/wp\/v2\/types\/post"}],"author":[{"embeddable":true,"href":"https:\/\/lavozdelagente.com.ar\/index\/wp-json\/wp\/v2\/users\/2"}],"replies":[{"embeddable":true,"href":"https:\/\/lavozdelagente.com.ar\/index\/wp-json\/wp\/v2\/comments?post=3661"}],"version-history":[{"count":1,"href":"https:\/\/lavozdelagente.com.ar\/index\/wp-json\/wp\/v2\/posts\/3661\/revisions"}],"predecessor-version":[{"id":3663,"href":"https:\/\/lavozdelagente.com.ar\/index\/wp-json\/wp\/v2\/posts\/3661\/revisions\/3663"}],"wp:featuredmedia":[{"embeddable":true,"href":"https:\/\/lavozdelagente.com.ar\/index\/wp-json\/wp\/v2\/media\/3662"}],"wp:attachment":[{"href":"https:\/\/lavozdelagente.com.ar\/index\/wp-json\/wp\/v2\/media?parent=3661"}],"wp:term":[{"taxonomy":"category","embeddable":true,"href":"https:\/\/lavozdelagente.com.ar\/index\/wp-json\/wp\/v2\/categories?post=3661"},{"taxonomy":"post_tag","embeddable":true,"href":"https:\/\/lavozdelagente.com.ar\/index\/wp-json\/wp\/v2\/tags?post=3661"}],"curies":[{"name":"wp","href":"https:\/\/api.w.org\/{rel}","templated":true}]}}